{"id":8479,"date":"2018-12-11T18:18:38","date_gmt":"2018-12-11T20:18:38","guid":{"rendered":"https:\/\/www.suno.com.br\/noticias\/?p=8479"},"modified":"2021-02-18T17:55:59","modified_gmt":"2021-02-18T20:55:59","slug":"dolar-alta-cotado-39207","status":"publish","type":"post","link":"https:\/\/www.suno.com.br\/noticias\/dolar-alta-cotado-39207\/","title":{"rendered":"D\u00f3lar tem mais uma alta e \u00e9 cotado a R$ 3,9207"},"content":{"rendered":"<p>O d\u00f3lar fechou est\u00e1 ter\u00e7a-feira (11) com alta de 0,05%, sendo cotado a R$ 3,9207 na venda.<\/p>\t<div class=\"wrapper-featured-image\">\n\t\t<figure class=\"spotlightImg\">\n\n\t\t\t<picture>\n\t\t\t\t<source media=\"(max-width: 768px)\" srcset=\"https:\/\/files.sunoresearch.com.br\/n\/uploads\/2018\/12\/795fcc03-d\u00f3lar-400x200.webp\">\n\t\t\t\t<img loading=\"lazy\" decoding=\"async\" class=\"newsContent__article__imgCapa lazyloadDisabled newsContent__article__imgCapa--noCaption\" src=\"https:\/\/files.sunoresearch.com.br\/n\/uploads\/2018\/12\/795fcc03-d\u00f3lar-jpg.webp\" width=\"800\" height=\"450\" alt=\"D\u00f3lar tem mais uma alta e \u00e9 cotado a R$ 3,9207\" fetchpriority=high \/>\n\t\t\t<\/picture>\n\n\t\t\t<figcaption class=\"wp-caption-text wp-caption-text--hide\">D\u00f3lar cai para menor valor em 4 meses com otimismo sobre a Previd\u00eancia<\/figcaption>\n\t\t<\/figure>\n\t<\/div>\n\n\n<p>Com isso a moeda norte-americana chega ao seu sexto avan\u00e7o consecutivo. Entretanto, esse \u00e9 o maior fechamento do <strong>d\u00f3lar<\/strong> desde o dia 2 de outubro (R$ 3,953).<\/p>\n<p>O <strong>Banco Central<\/strong> (BC), realizou dois leil\u00f5es buscando conter as seguidas altas da moeda.<\/p>\n<p>Uma das medidas foi o leil\u00e3o de linha (compromisso de recompra do BC), onde o Banco Central<\/p>\n<p>A outra foi a venda de 13,839 mil contratos de <a href=\"https:\/\/www.suno.com.br\/artigos\/fundo-cambial\/\">swap cambial tradicional<\/a>. O swap equivale a venda futura de d\u00f3lares.<\/p>\n<p>Com isso, foram rolados US$ 4,84 bilh\u00f5es de um total de US$ 10,373, com vencimento em janeiro.<\/p>\n<h2>Cen\u00e1rio Interno<\/h2>\n<p><strong>Lava Jato<\/strong>: A\u00e9cio Neves, eleito deputado federal, \u00e9 alvo de investiga\u00e7\u00e3o da Opera\u00e7\u00e3o Ross, desdobramento da Lava Jato. A Pol\u00edcia Federal cumpriu mandados de busca e apreens\u00e3o em im\u00f3veis de <strong>A\u00e9cio Neves<\/strong> (PSDB-MG) e da irm\u00e3 dele, a jornalista Andrea Neves.\u00a0Atualmente, A\u00e9cio \u00e9 senador e termina o mandato neste ano. Em 2019, assume uma vaga na C\u00e2mara dos Deputados.<\/p>\n<p><a href=\"https:\/\/www.suno.com.br\/noticias\/aecio-neves-operacoes-policia-federal-desnecessarias\/\">Saiba mais:\u00a0A\u00e9cio Neves diz que opera\u00e7\u00f5es da Pol\u00edcia Federal foram desnecess\u00e1rias<\/a><\/p>\n<p><strong>Cess\u00e3o onerosa<\/strong>: Acordo entre <strong>Petrobras<\/strong> e governo, sobre cess\u00e3o onerosa do pr\u00e9-sal, ser\u00e1 revisado nesta quarta-feira (13) pelo Tribunal de Contas da uni\u00e3o (TCU).<\/p>\n<h2>Cen\u00e1rio Externo<\/h2>\n<div class=\"mc-column content-text active-extra-styles \" data-block-type=\"unstyled\" data-block-weight=\"57\" data-block-id=\"21\">\n<p class=\"content-text__container \" data-track-category=\"Link no Texto\" data-track-links=\"\"><strong>Brexit:<\/strong>\u00a0Porta-voz da primeira-ministra brit\u00e2nica Theresa May, declarou na manh\u00e3 desta ter\u00e7a-feira (11), que o governo tentar\u00e1 votar o acordo fechado com a Uni\u00e3o Europeia sobre o Brexit, antes de 21 de janeiro. A vota\u00e7\u00e3o do acordo estava prevista para esta ter\u00e7a, mas foi adiado. O Reino Unido deve deixar o bloco econ\u00f4mico em 29 de mar\u00e7o.<\/p>\n<\/div>\n<div class=\"mc-column content-text active-extra-styles \" data-block-type=\"unstyled\" data-block-weight=\"52\" data-block-id=\"22\">\n<p class=\"content-text__container \" data-track-category=\"Link no Texto\" data-track-links=\"\"><strong>Guerra comercial<\/strong>: <strong>China<\/strong> e <strong>Estados Unidos<\/strong> falaram sobre os pr\u00f3ximos passos de suas negocia\u00e7\u00f5es comerciais, nesta ter\u00e7a-feira (11). A conversa entre o vice-primeiro-ministro chin\u00eas Liu He, o secret\u00e1rio do Tesouro estadunidense, Steven Mnuchin, e o representante de Com\u00e9rcio norte-americano, Robert Lighthizer, aliviou o mercado.<\/p>\n<\/div>\n<p>Na \u00faltima segunda-feira (10), o <strong>d\u00f3lar<\/strong> subiu 0,73% e foi cotado a R$ 3,919. No acumulado do ano, s\u00e3o 18% de crescimento em rela\u00e7\u00e3o ao real.<\/p>\n","protected":false},"excerpt":{"rendered":"<p>O d\u00f3lar fechou est\u00e1 ter\u00e7a-feira (11) com alta de 0,05%, sendo cotado a R$ 3,9207 na venda. D\u00f3lar cai para menor valor em 4 meses com otimismo sobre a Previd\u00eancia Com isso a moeda norte-americana chega ao seu sexto avan\u00e7o consecutivo. Entretanto, esse \u00e9 o maior fechamento do d\u00f3lar desde o dia 2 de outubro [&hellip;]<\/p>\n","protected":false},"author":11,"featured_media":8489,"comment_status":"closed","ping_status":"closed","sticky":false,"template":"","format":"standard","meta":[],"categories":[60],"tags":[753,711,326,793,1914,818],"suno_strategy":[],"class_list":["post-8479","post","type-post","status-publish","format-standard","has-post-thumbnail","hentry","category-mercado","tag-brexit","tag-china","tag-dolar","tag-estados-unidos-eua","tag-operacao-lava-jato","tag-pre-sal"],"yoast_head":"<!-- This site is optimized with the Yoast SEO plugin v24.4 - https:\/\/yoast.com\/wordpress\/plugins\/seo\/ -->\n<title>D\u00f3lar tem mais uma alta e \u00e9 cotado a R$ 3,9207 nesta ter\u00e7a-feira<\/title>\n<meta name=\"description\" content=\"D\u00f3lar alcan\u00e7a sexta alta consecutiva (0,05%); Fechamento \u00e9 o maior desde 2 de outubro (R$ 3,953). Clique para saber mais.\" \/>\n<meta name=\"robots\" content=\"index, follow, max-snippet:-1, max-image-preview:large, max-video-preview:-1\" \/>\n<link rel=\"canonical\" href=\"https:\/\/www.suno.com.br\/noticias\/dolar-alta-cotado-39207\/\" \/>\n<meta property=\"og:locale\" content=\"pt_BR\" \/>\n<meta property=\"og:type\" content=\"article\" \/>\n<meta property=\"og:title\" content=\"D\u00f3lar tem mais uma alta e \u00e9 cotado a R$ 3,9207 nesta ter\u00e7a-feira\" \/>\n<meta property=\"og:description\" content=\"D\u00f3lar alcan\u00e7a sexta alta consecutiva (0,05%); Fechamento \u00e9 o maior desde 2 de outubro (R$ 3,953). Clique para saber mais.\" \/>\n<meta property=\"og:url\" content=\"https:\/\/www.suno.com.br\/noticias\/dolar-alta-cotado-39207\/\" \/>\n<meta property=\"og:site_name\" content=\"Suno Not\u00edcias\" \/>\n<meta property=\"article:publisher\" content=\"https:\/\/facebook.com\/sunoresearch\" \/>\n<meta property=\"og:image\" content=\"https:\/\/files.sunoresearch.com.br\/n\/uploads\/2018\/12\/795fcc03-d\u00f3lar.jpg\" \/>\n\t<meta property=\"og:image:width\" content=\"712\" \/>\n\t<meta property=\"og:image:height\" content=\"475\" \/>\n\t<meta property=\"og:image:type\" content=\"image\/jpeg\" \/>\n<meta name=\"author\" content=\"Renan Bandeira\" \/>\n<meta name=\"twitter:card\" content=\"summary_large_image\" \/>\n<meta name=\"twitter:creator\" content=\"@sunoresearch\" \/>\n<meta name=\"twitter:site\" content=\"@sunoresearch\" \/>\n<meta name=\"twitter:label1\" content=\"Escrito por\" \/>\n\t<meta name=\"twitter:data1\" content=\"Renan Bandeira\" \/>\n\t<meta name=\"twitter:label2\" content=\"Est. tempo de leitura\" \/>\n\t<meta name=\"twitter:data2\" content=\"2 minutos\" \/>\n<script type=\"application\/ld+json\" class=\"yoast-schema-graph\">{\"@context\":\"https:\/\/schema.org\",\"@graph\":[{\"@type\":\"NewsArticle\",\"@id\":\"https:\/\/www.suno.com.br\/noticias\/dolar-alta-cotado-39207\/#article\",\"isPartOf\":{\"@id\":\"https:\/\/www.suno.com.br\/noticias\/dolar-alta-cotado-39207\/\"},\"author\":{\"name\":\"Renan Bandeira\",\"@id\":\"https:\/\/www.suno.com.br\/noticias\/#\/schema\/person\/fc144a1c6108bd1dcd43784e88a3c138\"},\"headline\":\"D\u00f3lar tem mais uma alta e \u00e9 cotado a R$ 3,9207\",\"datePublished\":\"2018-12-11T20:18:38+00:00\",\"dateModified\":\"2021-02-18T20:55:59+00:00\",\"mainEntityOfPage\":{\"@id\":\"https:\/\/www.suno.com.br\/noticias\/dolar-alta-cotado-39207\/\"},\"wordCount\":372,\"publisher\":{\"@id\":\"https:\/\/www.suno.com.br\/noticias\/#organization\"},\"image\":{\"@id\":\"https:\/\/www.suno.com.br\/noticias\/dolar-alta-cotado-39207\/#primaryimage\"},\"thumbnailUrl\":\"https:\/\/files.sunoresearch.com.br\/n\/uploads\/2018\/12\/795fcc03-d\u00f3lar-jpg.webp\",\"keywords\":[\"Brexit\",\"China\",\"d\u00f3lar\",\"Estados Unidos (EUA)\",\"Opera\u00e7\u00e3o Lava Jato\",\"pr\u00e9-sal\"],\"articleSection\":[\"Mercado\"],\"inLanguage\":\"pt-BR\"},{\"@type\":\"WebPage\",\"@id\":\"https:\/\/www.suno.com.br\/noticias\/dolar-alta-cotado-39207\/\",\"url\":\"https:\/\/www.suno.com.br\/noticias\/dolar-alta-cotado-39207\/\",\"name\":\"D\u00f3lar tem mais uma alta e \u00e9 cotado a R$ 3,9207 nesta ter\u00e7a-feira\",\"isPartOf\":{\"@id\":\"https:\/\/www.suno.com.br\/noticias\/#website\"},\"primaryImageOfPage\":{\"@id\":\"https:\/\/www.suno.com.br\/noticias\/dolar-alta-cotado-39207\/#primaryimage\"},\"image\":{\"@id\":\"https:\/\/www.suno.com.br\/noticias\/dolar-alta-cotado-39207\/#primaryimage\"},\"thumbnailUrl\":\"https:\/\/files.sunoresearch.com.br\/n\/uploads\/2018\/12\/795fcc03-d\u00f3lar-jpg.webp\",\"datePublished\":\"2018-12-11T20:18:38+00:00\",\"dateModified\":\"2021-02-18T20:55:59+00:00\",\"description\":\"D\u00f3lar alcan\u00e7a sexta alta consecutiva (0,05%); Fechamento \u00e9 o maior desde 2 de outubro (R$ 3,953). Clique para saber mais.\",\"breadcrumb\":{\"@id\":\"https:\/\/www.suno.com.br\/noticias\/dolar-alta-cotado-39207\/#breadcrumb\"},\"inLanguage\":\"pt-BR\",\"potentialAction\":[{\"@type\":\"ReadAction\",\"target\":[\"https:\/\/www.suno.com.br\/noticias\/dolar-alta-cotado-39207\/\"]}]},{\"@type\":\"ImageObject\",\"inLanguage\":\"pt-BR\",\"@id\":\"https:\/\/www.suno.com.br\/noticias\/dolar-alta-cotado-39207\/#primaryimage\",\"url\":\"https:\/\/files.sunoresearch.com.br\/n\/uploads\/2018\/12\/795fcc03-d\u00f3lar-jpg.webp\",\"contentUrl\":\"https:\/\/files.sunoresearch.com.br\/n\/uploads\/2018\/12\/795fcc03-d\u00f3lar-jpg.webp\",\"width\":712,\"height\":475,\"caption\":\"D\u00f3lar cai para menor valor em 4 meses com otimismo sobre a Previd\u00eancia\"},{\"@type\":\"BreadcrumbList\",\"@id\":\"https:\/\/www.suno.com.br\/noticias\/dolar-alta-cotado-39207\/#breadcrumb\",\"itemListElement\":[{\"@type\":\"ListItem\",\"position\":1,\"name\":\"Not\u00edcias\",\"item\":\"https:\/\/www.suno.com.br\/noticias\/\"},{\"@type\":\"ListItem\",\"position\":2,\"name\":\"Mercado\",\"item\":\"https:\/\/www.suno.com.br\/noticias\/mercado\/\"},{\"@type\":\"ListItem\",\"position\":3,\"name\":\"D\u00f3lar tem mais uma alta e \u00e9 cotado a R$ 3,9207\"}]},{\"@type\":\"WebSite\",\"@id\":\"https:\/\/www.suno.com.br\/noticias\/#website\",\"url\":\"https:\/\/www.suno.com.br\/noticias\/\",\"name\":\"Suno Not\u00edcias\",\"description\":\"Seu portal de informa\u00e7\u00e3o sobre o mundo dos investimentos\",\"publisher\":{\"@id\":\"https:\/\/www.suno.com.br\/noticias\/#organization\"},\"potentialAction\":[{\"@type\":\"SearchAction\",\"target\":{\"@type\":\"EntryPoint\",\"urlTemplate\":\"https:\/\/www.suno.com.br\/noticias\/?s={search_term_string}\"},\"query-input\":{\"@type\":\"PropertyValueSpecification\",\"valueRequired\":true,\"valueName\":\"search_term_string\"}}],\"inLanguage\":\"pt-BR\"},{\"@type\":\"Organization\",\"@id\":\"https:\/\/www.suno.com.br\/noticias\/#organization\",\"name\":\"Suno Not\u00edcias\",\"url\":\"https:\/\/www.suno.com.br\/noticias\/\",\"logo\":{\"@type\":\"ImageObject\",\"inLanguage\":\"pt-BR\",\"@id\":\"https:\/\/www.suno.com.br\/noticias\/#\/schema\/logo\/image\/\",\"url\":\"https:\/\/files.sunoresearch.com.br\/n\/uploads\/2021\/09\/suno-logo.png\",\"contentUrl\":\"https:\/\/files.sunoresearch.com.br\/n\/uploads\/2021\/09\/suno-logo.png\",\"width\":180,\"height\":180,\"caption\":\"Suno Not\u00edcias\"},\"image\":{\"@id\":\"https:\/\/www.suno.com.br\/noticias\/#\/schema\/logo\/image\/\"},\"sameAs\":[\"https:\/\/facebook.com\/sunoresearch\",\"https:\/\/x.com\/sunoresearch\",\"https:\/\/www.instagram.com\/suno\",\"https:\/\/www.linkedin.com\/company\/suno-research\/\",\"https:\/\/www.youtube.com\/c\/sunoresearch\"]},{\"@type\":\"Person\",\"@id\":\"https:\/\/www.suno.com.br\/noticias\/#\/schema\/person\/fc144a1c6108bd1dcd43784e88a3c138\",\"name\":\"Renan Bandeira\",\"image\":{\"@type\":\"ImageObject\",\"inLanguage\":\"pt-BR\",\"@id\":\"https:\/\/www.suno.com.br\/noticias\/#\/schema\/person\/image\/\",\"url\":\"https:\/\/secure.gravatar.com\/avatar\/68359cdb608f14f11bbefcb78f3fc747?s=96&r=g\",\"contentUrl\":\"https:\/\/secure.gravatar.com\/avatar\/68359cdb608f14f11bbefcb78f3fc747?s=96&r=g\",\"caption\":\"Renan Bandeira\"},\"description\":\"Renan Bandeira escreve sobre pol\u00edtica e economia para o portal da Suno Research. Antes da Suno, trabalhou em uma rede de televis\u00e3o, onde fazia reportagens sobre os mesmos temas. Estuda na Universidade Metodista de S\u00e3o Paulo.\",\"url\":\"https:\/\/www.suno.com.br\/noticias\/author\/renan-bandeira\/\"}]}<\/script>\n<!-- \/ Yoast SEO plugin. -->","yoast_head_json":{"title":"D\u00f3lar tem mais uma alta e \u00e9 cotado a R$ 3,9207 nesta ter\u00e7a-feira","description":"D\u00f3lar alcan\u00e7a sexta alta consecutiva (0,05%); Fechamento \u00e9 o maior desde 2 de outubro (R$ 3,953). Clique para saber mais.","robots":{"index":"index","follow":"follow","max-snippet":"max-snippet:-1","max-image-preview":"max-image-preview:large","max-video-preview":"max-video-preview:-1"},"canonical":"https:\/\/www.suno.com.br\/noticias\/dolar-alta-cotado-39207\/","og_locale":"pt_BR","og_type":"article","og_title":"D\u00f3lar tem mais uma alta e \u00e9 cotado a R$ 3,9207 nesta ter\u00e7a-feira","og_description":"D\u00f3lar alcan\u00e7a sexta alta consecutiva (0,05%); Fechamento \u00e9 o maior desde 2 de outubro (R$ 3,953). Clique para saber mais.","og_url":"https:\/\/www.suno.com.br\/noticias\/dolar-alta-cotado-39207\/","og_site_name":"Suno Not\u00edcias","article_publisher":"https:\/\/facebook.com\/sunoresearch","og_image":[{"width":712,"height":475,"url":"https:\/\/files.sunoresearch.com.br\/n\/uploads\/2018\/12\/795fcc03-d\u00f3lar.jpg","type":"image\/jpeg"}],"author":"Renan Bandeira","twitter_card":"summary_large_image","twitter_creator":"@sunoresearch","twitter_site":"@sunoresearch","twitter_misc":{"Escrito por":"Renan Bandeira","Est. tempo de leitura":"2 minutos"},"schema":{"@context":"https:\/\/schema.org","@graph":[{"@type":"NewsArticle","@id":"https:\/\/www.suno.com.br\/noticias\/dolar-alta-cotado-39207\/#article","isPartOf":{"@id":"https:\/\/www.suno.com.br\/noticias\/dolar-alta-cotado-39207\/"},"author":{"name":"Renan Bandeira","@id":"https:\/\/www.suno.com.br\/noticias\/#\/schema\/person\/fc144a1c6108bd1dcd43784e88a3c138"},"headline":"D\u00f3lar tem mais uma alta e \u00e9 cotado a R$ 3,9207","datePublished":"2018-12-11T20:18:38+00:00","dateModified":"2021-02-18T20:55:59+00:00","mainEntityOfPage":{"@id":"https:\/\/www.suno.com.br\/noticias\/dolar-alta-cotado-39207\/"},"wordCount":372,"publisher":{"@id":"https:\/\/www.suno.com.br\/noticias\/#organization"},"image":{"@id":"https:\/\/www.suno.com.br\/noticias\/dolar-alta-cotado-39207\/#primaryimage"},"thumbnailUrl":"https:\/\/files.sunoresearch.com.br\/n\/uploads\/2018\/12\/795fcc03-d\u00f3lar-jpg.webp","keywords":["Brexit","China","d\u00f3lar","Estados Unidos (EUA)","Opera\u00e7\u00e3o Lava Jato","pr\u00e9-sal"],"articleSection":["Mercado"],"inLanguage":"pt-BR"},{"@type":"WebPage","@id":"https:\/\/www.suno.com.br\/noticias\/dolar-alta-cotado-39207\/","url":"https:\/\/www.suno.com.br\/noticias\/dolar-alta-cotado-39207\/","name":"D\u00f3lar tem mais uma alta e \u00e9 cotado a R$ 3,9207 nesta ter\u00e7a-feira","isPartOf":{"@id":"https:\/\/www.suno.com.br\/noticias\/#website"},"primaryImageOfPage":{"@id":"https:\/\/www.suno.com.br\/noticias\/dolar-alta-cotado-39207\/#primaryimage"},"image":{"@id":"https:\/\/www.suno.com.br\/noticias\/dolar-alta-cotado-39207\/#primaryimage"},"thumbnailUrl":"https:\/\/files.sunoresearch.com.br\/n\/uploads\/2018\/12\/795fcc03-d\u00f3lar-jpg.webp","datePublished":"2018-12-11T20:18:38+00:00","dateModified":"2021-02-18T20:55:59+00:00","description":"D\u00f3lar alcan\u00e7a sexta alta consecutiva (0,05%); Fechamento \u00e9 o maior desde 2 de outubro (R$ 3,953). Clique para saber mais.","breadcrumb":{"@id":"https:\/\/www.suno.com.br\/noticias\/dolar-alta-cotado-39207\/#breadcrumb"},"inLanguage":"pt-BR","potentialAction":[{"@type":"ReadAction","target":["https:\/\/www.suno.com.br\/noticias\/dolar-alta-cotado-39207\/"]}]},{"@type":"ImageObject","inLanguage":"pt-BR","@id":"https:\/\/www.suno.com.br\/noticias\/dolar-alta-cotado-39207\/#primaryimage","url":"https:\/\/files.sunoresearch.com.br\/n\/uploads\/2018\/12\/795fcc03-d\u00f3lar-jpg.webp","contentUrl":"https:\/\/files.sunoresearch.com.br\/n\/uploads\/2018\/12\/795fcc03-d\u00f3lar-jpg.webp","width":712,"height":475,"caption":"D\u00f3lar cai para menor valor em 4 meses com otimismo sobre a Previd\u00eancia"},{"@type":"BreadcrumbList","@id":"https:\/\/www.suno.com.br\/noticias\/dolar-alta-cotado-39207\/#breadcrumb","itemListElement":[{"@type":"ListItem","position":1,"name":"Not\u00edcias","item":"https:\/\/www.suno.com.br\/noticias\/"},{"@type":"ListItem","position":2,"name":"Mercado","item":"https:\/\/www.suno.com.br\/noticias\/mercado\/"},{"@type":"ListItem","position":3,"name":"D\u00f3lar tem mais uma alta e \u00e9 cotado a R$ 3,9207"}]},{"@type":"WebSite","@id":"https:\/\/www.suno.com.br\/noticias\/#website","url":"https:\/\/www.suno.com.br\/noticias\/","name":"Suno Not\u00edcias","description":"Seu portal de informa\u00e7\u00e3o sobre o mundo dos investimentos","publisher":{"@id":"https:\/\/www.suno.com.br\/noticias\/#organization"},"potentialAction":[{"@type":"SearchAction","target":{"@type":"EntryPoint","urlTemplate":"https:\/\/www.suno.com.br\/noticias\/?s={search_term_string}"},"query-input":{"@type":"PropertyValueSpecification","valueRequired":true,"valueName":"search_term_string"}}],"inLanguage":"pt-BR"},{"@type":"Organization","@id":"https:\/\/www.suno.com.br\/noticias\/#organization","name":"Suno Not\u00edcias","url":"https:\/\/www.suno.com.br\/noticias\/","logo":{"@type":"ImageObject","inLanguage":"pt-BR","@id":"https:\/\/www.suno.com.br\/noticias\/#\/schema\/logo\/image\/","url":"https:\/\/files.sunoresearch.com.br\/n\/uploads\/2021\/09\/suno-logo.png","contentUrl":"https:\/\/files.sunoresearch.com.br\/n\/uploads\/2021\/09\/suno-logo.png","width":180,"height":180,"caption":"Suno Not\u00edcias"},"image":{"@id":"https:\/\/www.suno.com.br\/noticias\/#\/schema\/logo\/image\/"},"sameAs":["https:\/\/facebook.com\/sunoresearch","https:\/\/x.com\/sunoresearch","https:\/\/www.instagram.com\/suno","https:\/\/www.linkedin.com\/company\/suno-research\/","https:\/\/www.youtube.com\/c\/sunoresearch"]},{"@type":"Person","@id":"https:\/\/www.suno.com.br\/noticias\/#\/schema\/person\/fc144a1c6108bd1dcd43784e88a3c138","name":"Renan Bandeira","image":{"@type":"ImageObject","inLanguage":"pt-BR","@id":"https:\/\/www.suno.com.br\/noticias\/#\/schema\/person\/image\/","url":"https:\/\/secure.gravatar.com\/avatar\/68359cdb608f14f11bbefcb78f3fc747?s=96&r=g","contentUrl":"https:\/\/secure.gravatar.com\/avatar\/68359cdb608f14f11bbefcb78f3fc747?s=96&r=g","caption":"Renan Bandeira"},"description":"Renan Bandeira escreve sobre pol\u00edtica e economia para o portal da Suno Research. Antes da Suno, trabalhou em uma rede de televis\u00e3o, onde fazia reportagens sobre os mesmos temas. Estuda na Universidade Metodista de S\u00e3o Paulo.","url":"https:\/\/www.suno.com.br\/noticias\/author\/renan-bandeira\/"}]}},"default_loop_html":"<div class=\"cardsPage__listCard__boxs\"><div class=\"cardsPage__listCard__boxs__img\"><a href=\"https:\/\/www.suno.com.br\/noticias\/dolar-alta-cotado-39207\/\"><img class=\"mask\" src=\"https:\/\/www.suno.com.br\/noticias\/wp-content\/themes\/suno\/resources\/images\/spotlight\/spotlight1img\/bg-mask.png\" alt=\"Image Mask\"\/><img src=\"https:\/\/files.sunoresearch.com.br\/n\/uploads\/2018\/12\/795fcc03-d\u00f3lar-400x200.webp\" alt=\"D\u00f3lar tem mais uma alta e \u00e9 cotado a R$ 3,9207\"\/><\/a><span class=\"spotlightCategory\"><a href=\"https:\/\/www.suno.com.br\/noticias\/mercado\/\">Mercado<\/a><\/span><\/div><div class=\"cardsPage__listCard__boxs__content\"><a href=\"https:\/\/www.suno.com.br\/noticias\/dolar-alta-cotado-39207\/\"><h2 class=\"content__title\">D\u00f3lar tem mais uma alta e \u00e9 cotado a R$ 3,9207<\/h2><\/a><div class=\"newsContent__article__meta\"><div class=\"newsContent__article__meta__authorBox\"><a href=\"https:\/\/www.suno.com.br\/noticias\/author\/renan-bandeira\/\" class=\"authorBox__avatar noMobi\"><img src=\"https:\/\/secure.gravatar.com\/avatar\/68359cdb608f14f11bbefcb78f3fc747?s=96&#038;r=g\" alt=\"Renan Bandeira\"><\/a><div class=\"authorBox__name\"><span>por\n\t\t\t<a href=\"https:\/\/www.suno.com.br\/noticias\/author\/renan-bandeira\/\"><span itemprop=\"author\">Renan Bandeira<\/span><\/a><\/span><time datetime=\"2018-12-11T18:18:38-02:00\" itemprop=\"datePublished\">11\/12\/2018 18:18<\/time><\/div><\/div><\/div><\/div><\/div>","single_layout":"posts","amp_enabled":true,"_links":{"self":[{"href":"https:\/\/www.suno.com.br\/noticias\/wp-json\/wp\/v2\/posts\/8479"}],"collection":[{"href":"https:\/\/www.suno.com.br\/noticias\/wp-json\/wp\/v2\/posts"}],"about":[{"href":"https:\/\/www.suno.com.br\/noticias\/wp-json\/wp\/v2\/types\/post"}],"author":[{"embeddable":true,"href":"https:\/\/www.suno.com.br\/noticias\/wp-json\/wp\/v2\/users\/11"}],"replies":[{"embeddable":true,"href":"https:\/\/www.suno.com.br\/noticias\/wp-json\/wp\/v2\/comments?post=8479"}],"version-history":[{"count":0,"href":"https:\/\/www.suno.com.br\/noticias\/wp-json\/wp\/v2\/posts\/8479\/revisions"}],"wp:featuredmedia":[{"embeddable":true,"href":"https:\/\/www.suno.com.br\/noticias\/wp-json\/wp\/v2\/media\/8489"}],"wp:attachment":[{"href":"https:\/\/www.suno.com.br\/noticias\/wp-json\/wp\/v2\/media?parent=8479"}],"wp:term":[{"taxonomy":"category","embeddable":true,"href":"https:\/\/www.suno.com.br\/noticias\/wp-json\/wp\/v2\/categories?post=8479"},{"taxonomy":"post_tag","embeddable":true,"href":"https:\/\/www.suno.com.br\/noticias\/wp-json\/wp\/v2\/tags?post=8479"},{"taxonomy":"suno_strategy","embeddable":true,"href":"https:\/\/www.suno.com.br\/noticias\/wp-json\/wp\/v2\/suno_strategy?post=8479"}],"curies":[{"name":"wp","href":"https:\/\/api.w.org\/{rel}","templated":true}]}}