{"id":84518,"date":"2020-09-14T14:42:53","date_gmt":"2020-09-14T17:42:53","guid":{"rendered":"https:\/\/www.suno.com.br\/noticias\/?p=84518"},"modified":"2021-06-24T16:45:16","modified_gmt":"2021-06-24T19:45:16","slug":"mirae-troca-duas-acoes-em-carteira-recomendada-semanal","status":"publish","type":"post","link":"https:\/\/www.suno.com.br\/noticias\/mirae-troca-duas-acoes-em-carteira-recomendada-semanal\/","title":{"rendered":"Mirae troca duas a\u00e7\u00f5es em carteira recomendada semanal"},"content":{"rendered":"<p>A <strong>Mirae <\/strong>Asset informou nesta segunda-feira (14) que fez duas altera\u00e7\u00f5es na carteira recomendada semanal de a\u00e7\u00f5es do Ibovespa, o principal \u00edndice acion\u00e1rio da <a href=\"https:\/\/www.suno.com.br\/artigos\/b3\/\">bolsa de valores de S\u00e3o Paulo (B3)<\/a>. A gestora trocou as a\u00e7\u00f5es de B3 (<a href=\"https:\/\/www.suno.com.br\/acoes\/b3sa3\/\">B3SA3<\/a>) e Ultrapar (<a href=\"https:\/\/www.suno.com.br\/acoes\/ugpa3\/\">UGPA3<\/a>) por Cosan (<a href=\"https:\/\/www.suno.com.br\/acoes\/csan3\/\">CSAN3<\/a>) e Ind\u00fastrias Romi (<a href=\"https:\/\/www.suno.com.br\/acoes\/romi3\/\">ROMI3<\/a>).<\/p>\t<div class=\"wrapper-featured-image\">\n\t\t<figure class=\"spotlightImg\">\n\n\t\t\t<picture>\n\t\t\t\t<source media=\"(max-width: 768px)\" srcset=\"https:\/\/files.sunoresearch.com.br\/n\/uploads\/2020\/08\/2900bf2a-acoes-julho-400x200.webp\">\n\t\t\t\t<img loading=\"lazy\" decoding=\"async\" class=\"newsContent__article__imgCapa lazyloadDisabled \" src=\"https:\/\/files.sunoresearch.com.br\/n\/uploads\/2020\/08\/2900bf2a-acoes-julho-jpg.webp\" width=\"800\" height=\"450\" alt=\"Mirae troca duas a\u00e7\u00f5es em carteira recomendada semanal\" fetchpriority=high \/>\n\t\t\t<\/picture>\n\n\t\t\t<figcaption class=\"wp-caption-text wp-caption-text--show\">Mirae troca duas a\u00e7\u00f5es em carteira recomendada semanal<\/figcaption>\n\t\t<\/figure>\n\t<\/div>\n\n\n<div class=\"hubspot-form-wrapper\">\n\t<div id=\"single-form-target\"><\/div>\n<\/div>\n\n<p>Assim como na \u00faltima semana, segundo a Mirae, o per\u00edodo continua com grandes incertezas, dado que a retomada da economia mundial ainda passa pelo novo<a href=\"https:\/\/www.suno.com.br\/noticias\/tags\/coronavirus\/\"> coronav\u00edrus (covid-19)<\/a> e como ele ainda pode afetar o mundo.<\/p>\n<p>&#8220;Temos que ficar de olho no avan\u00e7o do covid-19 no mundo, que se mostra um fator de grande preocupa\u00e7\u00e3o para a retomada da economia mundial e eventual informa\u00e7\u00e3o sobre o avan\u00e7o da vacina para cura da doen\u00e7a. Qualquer informe sobre estes temas ter\u00e1 for\u00e7a para influenciar o mercado financeiro global&#8221;, afirmou, em nota, Pedro Galdi, analista respons\u00e1vel pela carteira.<\/p>\n<p><a href=\"https:\/\/lp.suno.com.br\/suno-one\/\">No Suno One voc\u00ea aprende a fazer seu dinheiro trabalhar para voc\u00ea. Cadastre-se gratuitamente agora!<\/a><\/p>\n<p>Al\u00e9m disso, a pol\u00edtica nos EUA tamb\u00e9m entra no radar, com a possibilidade de um novo pacote de est\u00edmulos.\u00a0&#8220;A expectativa de entendimento entre republicanos e democratas para o novo pacote de est\u00edmulo tamb\u00e9m ficar\u00e1 no<br \/>\nradar&#8221;, disse Galdi.<\/p>\n<p>Al\u00e9m disso, alguns indicadores poder\u00e3o dar a dimens\u00e3o da recupera\u00e7\u00e3o da economia brasileira.<\/p>\n<p>&#8220;Na pr\u00f3xima semana a agenda econ\u00f4mica estar\u00e1 voltada para a divulga\u00e7\u00e3o de indicadores de infla\u00e7\u00e3o e vendas no varejo em diferentes regi\u00f5es do planeta, sendo que aqui tamb\u00e9m teremos o IBC-Br de julho\/20 e a decis\u00e3o sobre a taxa Selic, pelo Banco Central&#8221;, disse, em nota.<\/p>\n<h2>Mirae opta por Cosan e Ind\u00fastrias Romi<\/h2>\n<p>A Mirae optou por trocar apenas dois ativos nesta semana. De acordo com a corretora, a Cosan reportou resultados ruins no segundo trimestre, dado os impactos do coronav\u00edrus, mas deve se recuperar em breve.<\/p>\n<p>&#8220;A surpresa positiva foi na venda e nos pre\u00e7os praticados na Ra\u00edzen Energia, principalmente no a\u00e7\u00facar. Para os pr\u00f3ximos meses esperamos recupera\u00e7\u00e3o gradual da economia global e consequente recupera\u00e7\u00e3o na Ra\u00edzen Combust\u00edveis e nos demais neg\u00f3cios (Comg\u00e1s e Moove). Acreditamos que o forte impacto ocorrido no 2T20, decorrente do Covid-19, n\u00e3o se repita nos pr\u00f3ximos trimestres&#8221;, disse a gestora, em nota.<\/p>\n<p>Sobre as Ind\u00fastrias Romi, a Mirae informou que os resultados do per\u00edodo vieram acima das expectativas.<\/p>\n<p>&#8220;A Romi divulgou um s\u00f3lido resultado e acima da nossa expectativa, em parte em virtude da carteira de pedidos<br \/>\nfinalizada no 1T20. A carteira de pedidos mostrou ligeiro aumento, mas esperamos recupera\u00e7\u00e3o mais significativa ao longo do 2S20 e com mais \u00eanfase a partir do 4T20, impactado em melhora de resultados nos trimestres seguintes&#8221;, informou a <strong>Mirae<\/strong>, em nota.<\/p>\n\t<p>\n\t\t<a href=\"https:\/\/lp.suno.com.br\/planilha-de-controle-de-investimentos\/\" target=\"_blank\" data-element=\"shortcode-suno-banner\" title=\"Banner SUNO, clique e saiba mais\">\n\t\t\t<picture>\n\t\t\t\t<source media=\"(max-width: 500px)\" srcset=\"https:\/\/files.sunoresearch.com.br\/n\/uploads\/2023\/03\/400x300-Controle-de-Investimentos.png\">\n\t\t\t\t<img class=\"newsContent__article__imgCapa newsContent__article__imgCapa--banner\"\n\t\t\t\t\tsrc=\"https:\/\/files.sunoresearch.com.br\/n\/uploads\/2023\/03\/1420x240-Controle-de-Investimentos.png\"\n\t\t\t\t\tdata-promo-id=\"75934\"\t\t\t\t\t\t\t\t\t\twidth='1420' height='240'\t\t\t\t\talt=\"https:\/\/files.sunoresearch.com.br\/n\/uploads\/2023\/03\/1420x240-Controle-de-Investimentos.png\"\n\t\t\t\t>\n\t\t\t<\/picture>\n\t\t<\/a>\n\t<\/p>\n\n\n","protected":false},"excerpt":{"rendered":"<p>A Mirae Asset informou nesta segunda-feira (14) que fez duas altera\u00e7\u00f5es na carteira recomendada semanal de a\u00e7\u00f5es do Ibovespa, o principal \u00edndice acion\u00e1rio da bolsa de valores de S\u00e3o Paulo (B3). A gestora trocou as a\u00e7\u00f5es de B3 (B3SA3) e Ultrapar (UGPA3) por Cosan (CSAN3) e Ind\u00fastrias Romi (ROMI3). Mirae troca duas a\u00e7\u00f5es em carteira [&hellip;]<\/p>\n","protected":false},"author":27,"featured_media":77005,"comment_status":"closed","ping_status":"closed","sticky":false,"template":"","format":"standard","meta":[],"categories":[60],"tags":[2465,2487,5255,2396],"suno_strategy":[],"class_list":["post-84518","post","type-post","status-publish","format-standard","has-post-thumbnail","hentry","category-mercado","tag-carteiras-recomendadas","tag-coronavirus","tag-covid-19","tag-mirae"],"yoast_head":"<!-- This site is optimized with the Yoast SEO plugin v24.4 - https:\/\/yoast.com\/wordpress\/plugins\/seo\/ -->\n<title>Mirae troca duas a\u00e7\u00f5es em carteira recomendada semanal<\/title>\n<meta name=\"description\" content=\"Mirae informou que alterou apenas dois ativos da carteira recomendada semanal da empresa. Clique aqui para ler mais sobre.\" \/>\n<meta name=\"robots\" content=\"index, follow, max-snippet:-1, max-image-preview:large, max-video-preview:-1\" \/>\n<link rel=\"canonical\" href=\"https:\/\/www.suno.com.br\/noticias\/mirae-troca-duas-acoes-em-carteira-recomendada-semanal\/\" \/>\n<meta property=\"og:locale\" content=\"pt_BR\" \/>\n<meta property=\"og:type\" content=\"article\" \/>\n<meta property=\"og:title\" content=\"Mirae troca duas a\u00e7\u00f5es em carteira recomendada semanal\" \/>\n<meta property=\"og:description\" content=\"Mirae informou que alterou apenas dois ativos da carteira recomendada semanal da empresa. Clique aqui para ler mais sobre.\" \/>\n<meta property=\"og:url\" content=\"https:\/\/www.suno.com.br\/noticias\/mirae-troca-duas-acoes-em-carteira-recomendada-semanal\/\" \/>\n<meta property=\"og:site_name\" content=\"Suno Not\u00edcias\" \/>\n<meta property=\"article:publisher\" content=\"https:\/\/facebook.com\/sunoresearch\" \/>\n<meta property=\"og:image\" content=\"https:\/\/files.sunoresearch.com.br\/n\/uploads\/2020\/08\/2900bf2a-acoes-julho.jpg\" \/>\n\t<meta property=\"og:image:width\" content=\"601\" \/>\n\t<meta property=\"og:image:height\" content=\"421\" \/>\n\t<meta property=\"og:image:type\" content=\"image\/jpeg\" \/>\n<meta name=\"author\" content=\"Vinicius Pereira\" \/>\n<meta name=\"twitter:card\" content=\"summary_large_image\" \/>\n<meta name=\"twitter:creator\" content=\"@https:\/\/twitter.com\/viniciuspjornal\" \/>\n<meta name=\"twitter:site\" content=\"@sunoresearch\" \/>\n<meta name=\"twitter:label1\" content=\"Escrito por\" \/>\n\t<meta name=\"twitter:data1\" content=\"Vinicius Pereira\" \/>\n\t<meta name=\"twitter:label2\" content=\"Est. tempo de leitura\" \/>\n\t<meta name=\"twitter:data2\" content=\"2 minutos\" \/>\n<script type=\"application\/ld+json\" class=\"yoast-schema-graph\">{\"@context\":\"https:\/\/schema.org\",\"@graph\":[{\"@type\":\"NewsArticle\",\"@id\":\"https:\/\/www.suno.com.br\/noticias\/mirae-troca-duas-acoes-em-carteira-recomendada-semanal\/#article\",\"isPartOf\":{\"@id\":\"https:\/\/www.suno.com.br\/noticias\/mirae-troca-duas-acoes-em-carteira-recomendada-semanal\/\"},\"author\":{\"name\":\"Vinicius Pereira\",\"@id\":\"https:\/\/www.suno.com.br\/noticias\/#\/schema\/person\/a20761b96e4df7eb57f1f9e41be1dbf3\"},\"headline\":\"Mirae troca duas a\u00e7\u00f5es em carteira recomendada semanal\",\"datePublished\":\"2020-09-14T17:42:53+00:00\",\"dateModified\":\"2021-06-24T19:45:16+00:00\",\"mainEntityOfPage\":{\"@id\":\"https:\/\/www.suno.com.br\/noticias\/mirae-troca-duas-acoes-em-carteira-recomendada-semanal\/\"},\"wordCount\":508,\"publisher\":{\"@id\":\"https:\/\/www.suno.com.br\/noticias\/#organization\"},\"image\":{\"@id\":\"https:\/\/www.suno.com.br\/noticias\/mirae-troca-duas-acoes-em-carteira-recomendada-semanal\/#primaryimage\"},\"thumbnailUrl\":\"https:\/\/files.sunoresearch.com.br\/n\/uploads\/2020\/08\/2900bf2a-acoes-julho-jpg.webp\",\"keywords\":[\"Carteiras recomendadas\",\"coronav\u00edrus\",\"covid-19\",\"Mirae\"],\"articleSection\":[\"Mercado\"],\"inLanguage\":\"pt-BR\"},{\"@type\":\"WebPage\",\"@id\":\"https:\/\/www.suno.com.br\/noticias\/mirae-troca-duas-acoes-em-carteira-recomendada-semanal\/\",\"url\":\"https:\/\/www.suno.com.br\/noticias\/mirae-troca-duas-acoes-em-carteira-recomendada-semanal\/\",\"name\":\"Mirae troca duas a\u00e7\u00f5es em carteira recomendada semanal\",\"isPartOf\":{\"@id\":\"https:\/\/www.suno.com.br\/noticias\/#website\"},\"primaryImageOfPage\":{\"@id\":\"https:\/\/www.suno.com.br\/noticias\/mirae-troca-duas-acoes-em-carteira-recomendada-semanal\/#primaryimage\"},\"image\":{\"@id\":\"https:\/\/www.suno.com.br\/noticias\/mirae-troca-duas-acoes-em-carteira-recomendada-semanal\/#primaryimage\"},\"thumbnailUrl\":\"https:\/\/files.sunoresearch.com.br\/n\/uploads\/2020\/08\/2900bf2a-acoes-julho-jpg.webp\",\"datePublished\":\"2020-09-14T17:42:53+00:00\",\"dateModified\":\"2021-06-24T19:45:16+00:00\",\"description\":\"Mirae informou que alterou apenas dois ativos da carteira recomendada semanal da empresa. Clique aqui para ler mais sobre.\",\"breadcrumb\":{\"@id\":\"https:\/\/www.suno.com.br\/noticias\/mirae-troca-duas-acoes-em-carteira-recomendada-semanal\/#breadcrumb\"},\"inLanguage\":\"pt-BR\",\"potentialAction\":[{\"@type\":\"ReadAction\",\"target\":[\"https:\/\/www.suno.com.br\/noticias\/mirae-troca-duas-acoes-em-carteira-recomendada-semanal\/\"]}]},{\"@type\":\"ImageObject\",\"inLanguage\":\"pt-BR\",\"@id\":\"https:\/\/www.suno.com.br\/noticias\/mirae-troca-duas-acoes-em-carteira-recomendada-semanal\/#primaryimage\",\"url\":\"https:\/\/files.sunoresearch.com.br\/n\/uploads\/2020\/08\/2900bf2a-acoes-julho-jpg.webp\",\"contentUrl\":\"https:\/\/files.sunoresearch.com.br\/n\/uploads\/2020\/08\/2900bf2a-acoes-julho-jpg.webp\",\"width\":601,\"height\":421,\"caption\":\"Mirae troca duas a\u00e7\u00f5es em carteira recomendada semanal\"},{\"@type\":\"BreadcrumbList\",\"@id\":\"https:\/\/www.suno.com.br\/noticias\/mirae-troca-duas-acoes-em-carteira-recomendada-semanal\/#breadcrumb\",\"itemListElement\":[{\"@type\":\"ListItem\",\"position\":1,\"name\":\"Not\u00edcias\",\"item\":\"https:\/\/www.suno.com.br\/noticias\/\"},{\"@type\":\"ListItem\",\"position\":2,\"name\":\"Mercado\",\"item\":\"https:\/\/www.suno.com.br\/noticias\/mercado\/\"},{\"@type\":\"ListItem\",\"position\":3,\"name\":\"Mirae troca duas a\u00e7\u00f5es em carteira recomendada semanal\"}]},{\"@type\":\"WebSite\",\"@id\":\"https:\/\/www.suno.com.br\/noticias\/#website\",\"url\":\"https:\/\/www.suno.com.br\/noticias\/\",\"name\":\"Suno Not\u00edcias\",\"description\":\"Seu portal de informa\u00e7\u00e3o sobre o mundo dos investimentos\",\"publisher\":{\"@id\":\"https:\/\/www.suno.com.br\/noticias\/#organization\"},\"potentialAction\":[{\"@type\":\"SearchAction\",\"target\":{\"@type\":\"EntryPoint\",\"urlTemplate\":\"https:\/\/www.suno.com.br\/noticias\/?s={search_term_string}\"},\"query-input\":{\"@type\":\"PropertyValueSpecification\",\"valueRequired\":true,\"valueName\":\"search_term_string\"}}],\"inLanguage\":\"pt-BR\"},{\"@type\":\"Organization\",\"@id\":\"https:\/\/www.suno.com.br\/noticias\/#organization\",\"name\":\"Suno Not\u00edcias\",\"url\":\"https:\/\/www.suno.com.br\/noticias\/\",\"logo\":{\"@type\":\"ImageObject\",\"inLanguage\":\"pt-BR\",\"@id\":\"https:\/\/www.suno.com.br\/noticias\/#\/schema\/logo\/image\/\",\"url\":\"https:\/\/files.sunoresearch.com.br\/n\/uploads\/2021\/09\/suno-logo.png\",\"contentUrl\":\"https:\/\/files.sunoresearch.com.br\/n\/uploads\/2021\/09\/suno-logo.png\",\"width\":180,\"height\":180,\"caption\":\"Suno Not\u00edcias\"},\"image\":{\"@id\":\"https:\/\/www.suno.com.br\/noticias\/#\/schema\/logo\/image\/\"},\"sameAs\":[\"https:\/\/facebook.com\/sunoresearch\",\"https:\/\/x.com\/sunoresearch\",\"https:\/\/www.instagram.com\/suno\",\"https:\/\/www.linkedin.com\/company\/suno-research\/\",\"https:\/\/www.youtube.com\/c\/sunoresearch\"]},{\"@type\":\"Person\",\"@id\":\"https:\/\/www.suno.com.br\/noticias\/#\/schema\/person\/a20761b96e4df7eb57f1f9e41be1dbf3\",\"name\":\"Vinicius Pereira\",\"image\":{\"@type\":\"ImageObject\",\"inLanguage\":\"pt-BR\",\"@id\":\"https:\/\/www.suno.com.br\/noticias\/#\/schema\/person\/image\/\",\"url\":\"https:\/\/secure.gravatar.com\/avatar\/783866b933198f5cc4c5d03fcc8b1301?s=96&r=g\",\"contentUrl\":\"https:\/\/secure.gravatar.com\/avatar\/783866b933198f5cc4c5d03fcc8b1301?s=96&r=g\",\"caption\":\"Vinicius Pereira\"},\"description\":\"Vinicius Pereira foi rep\u00f3rter de economia da Folha de S.Paulo, stringer do jornal no Canad\u00e1 e colaborador de VEJA. J\u00e1 escreveu tamb\u00e9m para BBC Brasil, The Intercept Brasil e UOL. Tem MBA em Informa\u00e7\u00f5es Econ\u00f4mico-Financeiras e Mercado de Capitais pela FIA\/B3.\",\"sameAs\":[\"https:\/\/x.com\/https:\/\/twitter.com\/viniciuspjornal\"],\"url\":\"https:\/\/www.suno.com.br\/noticias\/author\/vinicius-pereira\/\"}]}<\/script>\n<!-- \/ Yoast SEO plugin. -->","yoast_head_json":{"title":"Mirae troca duas a\u00e7\u00f5es em carteira recomendada semanal","description":"Mirae informou que alterou apenas dois ativos da carteira recomendada semanal da empresa. Clique aqui para ler mais sobre.","robots":{"index":"index","follow":"follow","max-snippet":"max-snippet:-1","max-image-preview":"max-image-preview:large","max-video-preview":"max-video-preview:-1"},"canonical":"https:\/\/www.suno.com.br\/noticias\/mirae-troca-duas-acoes-em-carteira-recomendada-semanal\/","og_locale":"pt_BR","og_type":"article","og_title":"Mirae troca duas a\u00e7\u00f5es em carteira recomendada semanal","og_description":"Mirae informou que alterou apenas dois ativos da carteira recomendada semanal da empresa. Clique aqui para ler mais sobre.","og_url":"https:\/\/www.suno.com.br\/noticias\/mirae-troca-duas-acoes-em-carteira-recomendada-semanal\/","og_site_name":"Suno Not\u00edcias","article_publisher":"https:\/\/facebook.com\/sunoresearch","og_image":[{"width":601,"height":421,"url":"https:\/\/files.sunoresearch.com.br\/n\/uploads\/2020\/08\/2900bf2a-acoes-julho.jpg","type":"image\/jpeg"}],"author":"Vinicius Pereira","twitter_card":"summary_large_image","twitter_creator":"@https:\/\/twitter.com\/viniciuspjornal","twitter_site":"@sunoresearch","twitter_misc":{"Escrito por":"Vinicius Pereira","Est. tempo de leitura":"2 minutos"},"schema":{"@context":"https:\/\/schema.org","@graph":[{"@type":"NewsArticle","@id":"https:\/\/www.suno.com.br\/noticias\/mirae-troca-duas-acoes-em-carteira-recomendada-semanal\/#article","isPartOf":{"@id":"https:\/\/www.suno.com.br\/noticias\/mirae-troca-duas-acoes-em-carteira-recomendada-semanal\/"},"author":{"name":"Vinicius Pereira","@id":"https:\/\/www.suno.com.br\/noticias\/#\/schema\/person\/a20761b96e4df7eb57f1f9e41be1dbf3"},"headline":"Mirae troca duas a\u00e7\u00f5es em carteira recomendada semanal","datePublished":"2020-09-14T17:42:53+00:00","dateModified":"2021-06-24T19:45:16+00:00","mainEntityOfPage":{"@id":"https:\/\/www.suno.com.br\/noticias\/mirae-troca-duas-acoes-em-carteira-recomendada-semanal\/"},"wordCount":508,"publisher":{"@id":"https:\/\/www.suno.com.br\/noticias\/#organization"},"image":{"@id":"https:\/\/www.suno.com.br\/noticias\/mirae-troca-duas-acoes-em-carteira-recomendada-semanal\/#primaryimage"},"thumbnailUrl":"https:\/\/files.sunoresearch.com.br\/n\/uploads\/2020\/08\/2900bf2a-acoes-julho-jpg.webp","keywords":["Carteiras recomendadas","coronav\u00edrus","covid-19","Mirae"],"articleSection":["Mercado"],"inLanguage":"pt-BR"},{"@type":"WebPage","@id":"https:\/\/www.suno.com.br\/noticias\/mirae-troca-duas-acoes-em-carteira-recomendada-semanal\/","url":"https:\/\/www.suno.com.br\/noticias\/mirae-troca-duas-acoes-em-carteira-recomendada-semanal\/","name":"Mirae troca duas a\u00e7\u00f5es em carteira recomendada semanal","isPartOf":{"@id":"https:\/\/www.suno.com.br\/noticias\/#website"},"primaryImageOfPage":{"@id":"https:\/\/www.suno.com.br\/noticias\/mirae-troca-duas-acoes-em-carteira-recomendada-semanal\/#primaryimage"},"image":{"@id":"https:\/\/www.suno.com.br\/noticias\/mirae-troca-duas-acoes-em-carteira-recomendada-semanal\/#primaryimage"},"thumbnailUrl":"https:\/\/files.sunoresearch.com.br\/n\/uploads\/2020\/08\/2900bf2a-acoes-julho-jpg.webp","datePublished":"2020-09-14T17:42:53+00:00","dateModified":"2021-06-24T19:45:16+00:00","description":"Mirae informou que alterou apenas dois ativos da carteira recomendada semanal da empresa. Clique aqui para ler mais sobre.","breadcrumb":{"@id":"https:\/\/www.suno.com.br\/noticias\/mirae-troca-duas-acoes-em-carteira-recomendada-semanal\/#breadcrumb"},"inLanguage":"pt-BR","potentialAction":[{"@type":"ReadAction","target":["https:\/\/www.suno.com.br\/noticias\/mirae-troca-duas-acoes-em-carteira-recomendada-semanal\/"]}]},{"@type":"ImageObject","inLanguage":"pt-BR","@id":"https:\/\/www.suno.com.br\/noticias\/mirae-troca-duas-acoes-em-carteira-recomendada-semanal\/#primaryimage","url":"https:\/\/files.sunoresearch.com.br\/n\/uploads\/2020\/08\/2900bf2a-acoes-julho-jpg.webp","contentUrl":"https:\/\/files.sunoresearch.com.br\/n\/uploads\/2020\/08\/2900bf2a-acoes-julho-jpg.webp","width":601,"height":421,"caption":"Mirae troca duas a\u00e7\u00f5es em carteira recomendada semanal"},{"@type":"BreadcrumbList","@id":"https:\/\/www.suno.com.br\/noticias\/mirae-troca-duas-acoes-em-carteira-recomendada-semanal\/#breadcrumb","itemListElement":[{"@type":"ListItem","position":1,"name":"Not\u00edcias","item":"https:\/\/www.suno.com.br\/noticias\/"},{"@type":"ListItem","position":2,"name":"Mercado","item":"https:\/\/www.suno.com.br\/noticias\/mercado\/"},{"@type":"ListItem","position":3,"name":"Mirae troca duas a\u00e7\u00f5es em carteira recomendada semanal"}]},{"@type":"WebSite","@id":"https:\/\/www.suno.com.br\/noticias\/#website","url":"https:\/\/www.suno.com.br\/noticias\/","name":"Suno Not\u00edcias","description":"Seu portal de informa\u00e7\u00e3o sobre o mundo dos investimentos","publisher":{"@id":"https:\/\/www.suno.com.br\/noticias\/#organization"},"potentialAction":[{"@type":"SearchAction","target":{"@type":"EntryPoint","urlTemplate":"https:\/\/www.suno.com.br\/noticias\/?s={search_term_string}"},"query-input":{"@type":"PropertyValueSpecification","valueRequired":true,"valueName":"search_term_string"}}],"inLanguage":"pt-BR"},{"@type":"Organization","@id":"https:\/\/www.suno.com.br\/noticias\/#organization","name":"Suno Not\u00edcias","url":"https:\/\/www.suno.com.br\/noticias\/","logo":{"@type":"ImageObject","inLanguage":"pt-BR","@id":"https:\/\/www.suno.com.br\/noticias\/#\/schema\/logo\/image\/","url":"https:\/\/files.sunoresearch.com.br\/n\/uploads\/2021\/09\/suno-logo.png","contentUrl":"https:\/\/files.sunoresearch.com.br\/n\/uploads\/2021\/09\/suno-logo.png","width":180,"height":180,"caption":"Suno Not\u00edcias"},"image":{"@id":"https:\/\/www.suno.com.br\/noticias\/#\/schema\/logo\/image\/"},"sameAs":["https:\/\/facebook.com\/sunoresearch","https:\/\/x.com\/sunoresearch","https:\/\/www.instagram.com\/suno","https:\/\/www.linkedin.com\/company\/suno-research\/","https:\/\/www.youtube.com\/c\/sunoresearch"]},{"@type":"Person","@id":"https:\/\/www.suno.com.br\/noticias\/#\/schema\/person\/a20761b96e4df7eb57f1f9e41be1dbf3","name":"Vinicius Pereira","image":{"@type":"ImageObject","inLanguage":"pt-BR","@id":"https:\/\/www.suno.com.br\/noticias\/#\/schema\/person\/image\/","url":"https:\/\/secure.gravatar.com\/avatar\/783866b933198f5cc4c5d03fcc8b1301?s=96&r=g","contentUrl":"https:\/\/secure.gravatar.com\/avatar\/783866b933198f5cc4c5d03fcc8b1301?s=96&r=g","caption":"Vinicius Pereira"},"description":"Vinicius Pereira foi rep\u00f3rter de economia da Folha de S.Paulo, stringer do jornal no Canad\u00e1 e colaborador de VEJA. J\u00e1 escreveu tamb\u00e9m para BBC Brasil, The Intercept Brasil e UOL. Tem MBA em Informa\u00e7\u00f5es Econ\u00f4mico-Financeiras e Mercado de Capitais pela FIA\/B3.","sameAs":["https:\/\/x.com\/https:\/\/twitter.com\/viniciuspjornal"],"url":"https:\/\/www.suno.com.br\/noticias\/author\/vinicius-pereira\/"}]}},"default_loop_html":"<div class=\"cardsPage__listCard__boxs\"><div class=\"cardsPage__listCard__boxs__img\"><a href=\"https:\/\/www.suno.com.br\/noticias\/mirae-troca-duas-acoes-em-carteira-recomendada-semanal\/\"><img class=\"mask\" src=\"https:\/\/www.suno.com.br\/noticias\/wp-content\/themes\/suno\/resources\/images\/spotlight\/spotlight1img\/bg-mask.png\" alt=\"Image Mask\"\/><img src=\"https:\/\/files.sunoresearch.com.br\/n\/uploads\/2020\/08\/2900bf2a-acoes-julho-400x200.webp\" alt=\"Mirae troca duas a\u00e7\u00f5es em carteira recomendada semanal\"\/><\/a><span class=\"spotlightCategory\"><a href=\"https:\/\/www.suno.com.br\/noticias\/mercado\/\">Mercado<\/a><\/span><\/div><div class=\"cardsPage__listCard__boxs__content\"><a href=\"https:\/\/www.suno.com.br\/noticias\/mirae-troca-duas-acoes-em-carteira-recomendada-semanal\/\"><h2 class=\"content__title\">Mirae troca duas a\u00e7\u00f5es em carteira recomendada semanal<\/h2><\/a><div class=\"newsContent__article__meta\"><div class=\"newsContent__article__meta__authorBox\"><a href=\"https:\/\/www.suno.com.br\/noticias\/author\/vinicius-pereira\/\" class=\"authorBox__avatar noMobi\"><img src=\"https:\/\/files.sunoresearch.com.br\/n\/uploads\/2020\/08\/77510613-whatsapp-image-2020-08-03-at-13.40.40-150x150.webp\" alt=\"Vinicius Pereira\"><\/a><div class=\"authorBox__name\"><span>por\n\t\t\t<a href=\"https:\/\/www.suno.com.br\/noticias\/author\/vinicius-pereira\/\"><span itemprop=\"author\">Vinicius Pereira<\/span><\/a><\/span><time datetime=\"2020-09-14T14:42:53-03:00\" itemprop=\"datePublished\">14\/09\/2020 14:42<\/time><\/div><\/div><\/div><\/div><\/div>","single_layout":"posts","amp_enabled":true,"_links":{"self":[{"href":"https:\/\/www.suno.com.br\/noticias\/wp-json\/wp\/v2\/posts\/84518"}],"collection":[{"href":"https:\/\/www.suno.com.br\/noticias\/wp-json\/wp\/v2\/posts"}],"about":[{"href":"https:\/\/www.suno.com.br\/noticias\/wp-json\/wp\/v2\/types\/post"}],"author":[{"embeddable":true,"href":"https:\/\/www.suno.com.br\/noticias\/wp-json\/wp\/v2\/users\/27"}],"replies":[{"embeddable":true,"href":"https:\/\/www.suno.com.br\/noticias\/wp-json\/wp\/v2\/comments?post=84518"}],"version-history":[{"count":1,"href":"https:\/\/www.suno.com.br\/noticias\/wp-json\/wp\/v2\/posts\/84518\/revisions"}],"predecessor-version":[{"id":161081,"href":"https:\/\/www.suno.com.br\/noticias\/wp-json\/wp\/v2\/posts\/84518\/revisions\/161081"}],"wp:featuredmedia":[{"embeddable":true,"href":"https:\/\/www.suno.com.br\/noticias\/wp-json\/wp\/v2\/media\/77005"}],"wp:attachment":[{"href":"https:\/\/www.suno.com.br\/noticias\/wp-json\/wp\/v2\/media?parent=84518"}],"wp:term":[{"taxonomy":"category","embeddable":true,"href":"https:\/\/www.suno.com.br\/noticias\/wp-json\/wp\/v2\/categories?post=84518"},{"taxonomy":"post_tag","embeddable":true,"href":"https:\/\/www.suno.com.br\/noticias\/wp-json\/wp\/v2\/tags?post=84518"},{"taxonomy":"suno_strategy","embeddable":true,"href":"https:\/\/www.suno.com.br\/noticias\/wp-json\/wp\/v2\/suno_strategy?post=84518"}],"curies":[{"name":"wp","href":"https:\/\/api.w.org\/{rel}","templated":true}]}}