{"id":84396,"date":"2020-09-14T10:40:23","date_gmt":"2020-09-14T13:40:23","guid":{"rendered":"https:\/\/www.suno.com.br\/noticias\/?p=84396"},"modified":"2020-09-14T10:54:01","modified_gmt":"2020-09-14T13:54:01","slug":"ser-educacional-compra-laureate","status":"publish","type":"post","link":"https:\/\/www.suno.com.br\/noticias\/ser-educacional-compra-laureate\/","title":{"rendered":"Ser Educacional (SEER3): presen\u00e7a nacional e sa\u00fade motivam compra da Laureate"},"content":{"rendered":"<p>A aquisi\u00e7\u00e3o da <a href=\"https:\/\/www.suno.com.br\/noticias\/ser-educacional-seer3-pagara-bilhoes-ativos-laureate-brasil\/\">Laureate Brasil por cerca de R$ 4 bilh\u00f5es<\/a> pela <strong>Ser Educacional<\/strong> (<a href=\"https:\/\/www.suno.com.br\/acoes\/seer3\/\">SEER3<\/a>) deve aumentar a presen\u00e7a nacional do grupo, abrir mais vagas em cursos de sa\u00fade, considerados com melhor margem, al\u00e9m de transformar o grupo no quarto maior player do setor no Brasil, segundo avalia\u00e7\u00e3o dos diretores da companhia durante reuni\u00e3o com investidores nesta segunda-feira (14).<\/p>\t<div class=\"wrapper-featured-image\">\n\t\t<figure class=\"spotlightImg\">\n\n\t\t\t<picture>\n\t\t\t\t<source media=\"(max-width: 768px)\" srcset=\"https:\/\/files.sunoresearch.com.br\/n\/uploads\/2020\/09\/dc9085fb-ser-educacional-400x200.webp\">\n\t\t\t\t<img loading=\"lazy\" decoding=\"async\" class=\"newsContent__article__imgCapa lazyloadDisabled \" src=\"https:\/\/files.sunoresearch.com.br\/n\/uploads\/2020\/09\/dc9085fb-ser-educacional-jpg.webp\" width=\"800\" height=\"450\" alt=\"Ser Educacional (SEER3): presen\u00e7a nacional e sa\u00fade motivam compra da Laureate\" fetchpriority=high \/>\n\t\t\t<\/picture>\n\n\t\t\t<figcaption class=\"wp-caption-text wp-caption-text--show\">A Ser Educacional (SEER3) optou por receber pagamento rescis\u00f3rio em dinheiro<\/figcaption>\n\t\t<\/figure>\n\t<\/div>\n\n\n<div class=\"hubspot-form-wrapper\">\n\t<div id=\"single-form-target\"><\/div>\n<\/div>\n\n<p>A Ser Educacional, que possu\u00eda forte presen\u00e7a no Nordeste do Brasil, agora ter\u00e1 uma crescimento para o Sudeste e Sul do Pa\u00eds, onde a Laureate Brasil tem marcas fortes, como a Anhembi Morumbi e a FMU, ambas em S\u00e3o Paulo, por exemplo.<\/p>\n<p>&#8220;A adi\u00e7\u00e3o de marcas fortes, com presen\u00e7a regional, abrir\u00e1 caminho para o crescimento e fortalecimento da companhia&#8221;, disse Rodrigo de Macedo Alves, diretor de Rela\u00e7\u00f5es com Investidores da Ser Educacional. A Laureate Brasil estava em 7 Estados, enquanto a Ser tinha presen\u00e7a em 19.<\/p>\n<p><a href=\"https:\/\/lp.suno.com.br\/suno-one\/\">No Suno One voc\u00ea aprende a fazer seu dinheiro para trabalhar para voc\u00ea. Cadastre-se gratuitamente agora!<\/a><\/p>\n<p>Ao todo, a Laureate Brasil possui cerca de 267 mil estudantes que, somados aos 188 mil da Ser, deve transformar a companhia em um player com cerca de 455 mil alunos e 108 campi -o quarto maior do Pa\u00eds. Outras empresas listadas na <a href=\"https:\/\/www.suno.com.br\/artigos\/b3\/\">Bolsa de Valores de S\u00e3o Paulo (B3)<\/a>, possuem:<\/p>\n<ul>\n<li>Yduqs\u00a0 &#8211; 633 mil<\/li>\n<li>Cogna &#8211; 921 mil<\/li>\n<\/ul>\n<p>Al\u00e9m disso, a Ser Educacional visa tamb\u00e9m a presen\u00e7a da Laureate em cursos de sa\u00fade -considerados com maior potencial e margem. Segundo a empresa, com a aquisi\u00e7\u00e3o, haver\u00e1 um aumento no n\u00famero de vagas em Medicina em mercados premium. A Laureate possui cerca de 800 dessas vagas atualmente, ante 343 vagas da Ser.<\/p>\n<p>&#8220;A companhia dever\u00e1 aproveitar a base para ofertar cursos de medicina em locais premium&#8221;, disse Rodrigo de Macedo Alves.<\/p>\n<p>A escala da plataforma de educa\u00e7\u00e3o EAD tamb\u00e9m pesou na conta para a aquisi\u00e7\u00e3o. De acordo com a Ser, a empresa ter\u00e1 uma &#8220;r\u00e1pida integra\u00e7\u00e3o se beneficiando do uso por ambas as companhias do mesmo LMS (sistema de gest\u00e3o de ensino), al\u00e9m de &#8220;aproveitar o recente investimento da Ser na moderniza\u00e7\u00e3o de sua plataforma EAD para a Laureate\u00a0 e na amplia\u00e7\u00e3o da oferta de programas aproveitando-se da alta complementaridade de cursos&#8221;.<\/p>\n<h2>Ser Educacional ter\u00e1 listagem nos EUA e mudan\u00e7a na governan\u00e7a<\/h2>\n<p>O neg\u00f3cio entre Ser e Laureate ter\u00e1 mudan\u00e7as na listagem da na <a href=\"https:\/\/www.suno.com.br\/artigos\/governanca-corporativa\/\">governan\u00e7a das empresas<\/a>. Segundo a Ser Educacional, antes do fechamento do neg\u00f3cio, a Ser criar\u00e1 um programa de ADR n\u00edvel III e entregar\u00e1 ADSs \u00e0 Laureate.<\/p>\n<p>A aquisi\u00e7\u00e3o foi fechada de duas formas de pagamento: a primeira, de cerca de R$ 1,7 bilh\u00e3o, a ser pago com o aux\u00edlio da Caixa, al\u00e9m de 101.138.369 ADSs a serem emitidas pela Ser.<\/p>\n\t<div data-element=\"shortcode-read-more\" class=\"knowMore\">\n\t\t\t\t<span class=\"knowMore__title\">Saiba mais<\/span>\n\t\t\t\t<a class=\"knowMore__link\" href=\"https:\/\/www.suno.com.br\/noticias\/ser-educacional-seer3-pagara-bilhoes-ativos-laureate-brasil\/\">\n\t\t\tSer Educacional (SEER3) pagar\u00e1 R$ 4 bilh\u00f5es pelos ativos do Grupo Laureate no Brasil\t\t<\/a>\n\t<\/div>\n\n\n<p>H\u00e1 ainda o chamado &#8220;Go shop&#8221;, um per\u00edodo de &#8220;30 dias durante o qual a Laureate e seus assessores podem solicitar, encorajar e entrar em negocia\u00e7\u00f5es que possam gerar propostas de aquisi\u00e7\u00e3o alternativas. A Ser tem o direito de igualar uma proposta superior e de receber uma multa rescis\u00f3ria de R$180 mm se a Laureate rescindir o<br \/>\ncontrato para aceitar uma proposta superior&#8221;.<\/p>\n<p>Al\u00e9m dissom o neg\u00f3cio ainda precisa passar pela aprova\u00e7\u00e3o dos acionistas em Assembleia e pela aprova\u00e7\u00e3o do <a href=\"https:\/\/www.suno.com.br\/artigos\/cade\/\">Conselho Administrativo de Defesa Econ\u00f4mica (Cade)<\/a>. A expectativa \u00e9 que o neg\u00f3cio seja fechado entre 8 e 14 meses.<\/p>\n<p>Outra mudan\u00e7a ser\u00e1 no Conselho da corpora\u00e7\u00e3o. Ao todo, ser\u00e3o nove membros, sendo dois indicados pela Laureate, dois independentes e o restante da Ser, todos com mandatos de dois anos.<\/p>\n<h2>Neg\u00f3cio de R$ 4 bilh\u00f5es<\/h2>\n<p>O neg\u00f3cio entre as duas companhias deve ficar em cerca de R$ 4 bilh\u00f5es. A transa\u00e7\u00e3o consiste na aquisi\u00e7\u00e3o da totalidade da participa\u00e7\u00e3o societ\u00e1ria da Rede pela Ser, atrav\u00e9s da compra e venda de certo percentual de quotas da Rede com pagamento em caixa, seguida da incorpora\u00e7\u00e3o da Rede pela Ser, com entrega \u00e0 Laureate de novas a\u00e7\u00f5es de emiss\u00e3o da Ser.<\/p>\n<p>Como resultado da transa\u00e7\u00e3o, 100% das quotas da Rede passar\u00e3o a ser detidas pela Ser.<\/p>\n\t<div data-element=\"shortcode-read-more\" class=\"knowMore\">\n\t\t\t\t<span class=\"knowMore__title\">Saiba mais<\/span>\n\t\t\t\t<a class=\"knowMore__link\" href=\"https:\/\/www.suno.com.br\/noticias\/ser-educacional-seer3-lucro-liquido-2t20\/\">\n\t\t\tSer Educacional (SEER3) tem lucro de R$ 54,7 milh\u00f5es no 2T20; queda de 7,3%\t\t<\/a>\n\t<\/div>\n\n\n<p>&#8220;Nos termos do contrato, a parcela em caixa foi fixada em R$ 1,7 bilh\u00e3o e a parcela em a\u00e7\u00f5es foi estabelecida de forma que, no fechamento da transa\u00e7\u00e3o, a <strong>Laureate<\/strong> receba 44% das a\u00e7\u00f5es ordin\u00e1rias, nominativas da Ser&#8221;, informou a companhia.<\/p>\n<p>A Ser Educacional informou que, na \u00faltima sexta-feira (11), a SER, seu acionista controlador, Sr. Jos\u00e9 Jangui\u00ea Bezerra Diniz, a Laureate e sua subsidi\u00e1ria brasileira<strong> Rede Internacional de Universidades Laureate Ltda<\/strong>., celebraram um acordo.<\/p>\n<p>Neste acordo, foram estabelecidos os termos e condi\u00e7\u00f5es da opera\u00e7\u00e3o, cujo fechamento est\u00e1 sujeito ao cumprimento de condi\u00e7\u00f5es precedentes, o que tamb\u00e9m inclui a aprova\u00e7\u00e3o da transa\u00e7\u00e3o pelas autoridades concorrenciais competentes.<\/p>\n<p>A <strong>Ser<\/strong> <strong>Educacional<\/strong> teve assessoria exclusiva do Bank of America Merrill Lynch para os aspectos financeiros nesta opera\u00e7\u00e3o e do Milbank LLP e Pinheiro Neto Advogados para aspectos jur\u00eddicos. J\u00e1 a Laureate contou com a assessoria do Goldman Sachs e do Veirano Advogados, Demarest Advogados, Campos Mello Advogados, Simpson Thacher &amp; Bartlett LLP e Jones Day para aspectos jur\u00eddicos.<\/p>\n\t<p>\n\t\t<a href=\"https:\/\/lp.suno.com.br\/planilha-de-controle-de-investimentos\/\" target=\"_blank\" data-element=\"shortcode-suno-banner\" title=\"Banner SUNO, clique e saiba mais\">\n\t\t\t<picture>\n\t\t\t\t<source media=\"(max-width: 500px)\" srcset=\"https:\/\/files.sunoresearch.com.br\/n\/uploads\/2023\/03\/400x300-Controle-de-Investimentos.png\">\n\t\t\t\t<img class=\"newsContent__article__imgCapa newsContent__article__imgCapa--banner\"\n\t\t\t\t\tsrc=\"https:\/\/files.sunoresearch.com.br\/n\/uploads\/2023\/03\/1420x240-Controle-de-Investimentos.png\"\n\t\t\t\t\tdata-promo-id=\"75934\"\t\t\t\t\t\t\t\t\t\twidth='1420' height='240'\t\t\t\t\talt=\"https:\/\/files.sunoresearch.com.br\/n\/uploads\/2023\/03\/1420x240-Controle-de-Investimentos.png\"\n\t\t\t\t>\n\t\t\t<\/picture>\n\t\t<\/a>\n\t<\/p>\n\n\n","protected":false},"excerpt":{"rendered":"<p>A aquisi\u00e7\u00e3o da Laureate Brasil por cerca de R$ 4 bilh\u00f5es pela Ser Educacional (SEER3) deve aumentar a presen\u00e7a nacional do grupo, abrir mais vagas em cursos de sa\u00fade, considerados com melhor margem, al\u00e9m de transformar o grupo no quarto maior player do setor no Brasil, segundo avalia\u00e7\u00e3o dos diretores da companhia durante reuni\u00e3o com [&hellip;]<\/p>\n","protected":false},"author":27,"featured_media":84347,"comment_status":"closed","ping_status":"closed","sticky":false,"template":"","format":"standard","meta":[],"categories":[64],"tags":[75599,632],"suno_strategy":[],"class_list":["post-84396","post","type-post","status-publish","format-standard","has-post-thumbnail","hentry","category-negocios","tag-laureate","tag-ser-educacional-seer3"],"yoast_head":"<!-- This site is optimized with the Yoast SEO plugin v24.4 - https:\/\/yoast.com\/wordpress\/plugins\/seo\/ -->\n<title>Ser Educacional (SEER3): presen\u00e7a e sa\u00fade motivam compra da Laureate<\/title>\n<meta name=\"description\" content=\"A Ser Educacional (SEER3) estava de olho na presne\u00e7a nacional e na atua\u00e7\u00e3o na \u00e1rea da Sa\u00fade da Laureate. Clique para ler mais.\" \/>\n<meta name=\"robots\" content=\"index, follow, max-snippet:-1, max-image-preview:large, max-video-preview:-1\" \/>\n<link rel=\"canonical\" href=\"https:\/\/www.suno.com.br\/noticias\/ser-educacional-compra-laureate\/\" \/>\n<meta property=\"og:locale\" content=\"pt_BR\" \/>\n<meta property=\"og:type\" content=\"article\" \/>\n<meta property=\"og:title\" content=\"Ser Educacional (SEER3): presen\u00e7a e sa\u00fade motivam compra da Laureate\" \/>\n<meta property=\"og:description\" content=\"A Ser Educacional (SEER3) estava de olho na presne\u00e7a nacional e na atua\u00e7\u00e3o na \u00e1rea da Sa\u00fade da Laureate. Clique para ler mais.\" \/>\n<meta property=\"og:url\" content=\"https:\/\/www.suno.com.br\/noticias\/ser-educacional-compra-laureate\/\" \/>\n<meta property=\"og:site_name\" content=\"Suno Not\u00edcias\" \/>\n<meta property=\"article:publisher\" content=\"https:\/\/facebook.com\/sunoresearch\" \/>\n<meta property=\"og:image\" content=\"https:\/\/files.sunoresearch.com.br\/n\/uploads\/2020\/09\/dc9085fb-ser-educacional.jpg\" \/>\n\t<meta property=\"og:image:width\" content=\"957\" \/>\n\t<meta property=\"og:image:height\" content=\"436\" \/>\n\t<meta property=\"og:image:type\" content=\"image\/jpeg\" \/>\n<meta name=\"author\" content=\"Vinicius Pereira\" \/>\n<meta name=\"twitter:card\" content=\"summary_large_image\" \/>\n<meta name=\"twitter:creator\" content=\"@https:\/\/twitter.com\/viniciuspjornal\" \/>\n<meta name=\"twitter:site\" content=\"@sunoresearch\" \/>\n<meta name=\"twitter:label1\" content=\"Escrito por\" \/>\n\t<meta name=\"twitter:data1\" content=\"Vinicius Pereira\" \/>\n\t<meta name=\"twitter:label2\" content=\"Est. tempo de leitura\" \/>\n\t<meta name=\"twitter:data2\" content=\"5 minutos\" \/>\n<script type=\"application\/ld+json\" class=\"yoast-schema-graph\">{\"@context\":\"https:\/\/schema.org\",\"@graph\":[{\"@type\":\"NewsArticle\",\"@id\":\"https:\/\/www.suno.com.br\/noticias\/ser-educacional-compra-laureate\/#article\",\"isPartOf\":{\"@id\":\"https:\/\/www.suno.com.br\/noticias\/ser-educacional-compra-laureate\/\"},\"author\":{\"name\":\"Vinicius Pereira\",\"@id\":\"https:\/\/www.suno.com.br\/noticias\/#\/schema\/person\/a20761b96e4df7eb57f1f9e41be1dbf3\"},\"headline\":\"Ser Educacional (SEER3): presen\u00e7a nacional e sa\u00fade motivam compra da Laureate\",\"datePublished\":\"2020-09-14T13:40:23+00:00\",\"dateModified\":\"2020-09-14T13:54:01+00:00\",\"mainEntityOfPage\":{\"@id\":\"https:\/\/www.suno.com.br\/noticias\/ser-educacional-compra-laureate\/\"},\"wordCount\":923,\"publisher\":{\"@id\":\"https:\/\/www.suno.com.br\/noticias\/#organization\"},\"image\":{\"@id\":\"https:\/\/www.suno.com.br\/noticias\/ser-educacional-compra-laureate\/#primaryimage\"},\"thumbnailUrl\":\"https:\/\/files.sunoresearch.com.br\/n\/uploads\/2020\/09\/dc9085fb-ser-educacional-jpg.webp\",\"keywords\":[\"Laureate\",\"Ser Educacional (SEER3)\"],\"articleSection\":[\"Neg\u00f3cios\"],\"inLanguage\":\"pt-BR\"},{\"@type\":\"WebPage\",\"@id\":\"https:\/\/www.suno.com.br\/noticias\/ser-educacional-compra-laureate\/\",\"url\":\"https:\/\/www.suno.com.br\/noticias\/ser-educacional-compra-laureate\/\",\"name\":\"Ser Educacional (SEER3): presen\u00e7a e sa\u00fade motivam compra da Laureate\",\"isPartOf\":{\"@id\":\"https:\/\/www.suno.com.br\/noticias\/#website\"},\"primaryImageOfPage\":{\"@id\":\"https:\/\/www.suno.com.br\/noticias\/ser-educacional-compra-laureate\/#primaryimage\"},\"image\":{\"@id\":\"https:\/\/www.suno.com.br\/noticias\/ser-educacional-compra-laureate\/#primaryimage\"},\"thumbnailUrl\":\"https:\/\/files.sunoresearch.com.br\/n\/uploads\/2020\/09\/dc9085fb-ser-educacional-jpg.webp\",\"datePublished\":\"2020-09-14T13:40:23+00:00\",\"dateModified\":\"2020-09-14T13:54:01+00:00\",\"description\":\"A Ser Educacional (SEER3) estava de olho na presne\u00e7a nacional e na atua\u00e7\u00e3o na \u00e1rea da Sa\u00fade da Laureate. Clique para ler mais.\",\"breadcrumb\":{\"@id\":\"https:\/\/www.suno.com.br\/noticias\/ser-educacional-compra-laureate\/#breadcrumb\"},\"inLanguage\":\"pt-BR\",\"potentialAction\":[{\"@type\":\"ReadAction\",\"target\":[\"https:\/\/www.suno.com.br\/noticias\/ser-educacional-compra-laureate\/\"]}]},{\"@type\":\"ImageObject\",\"inLanguage\":\"pt-BR\",\"@id\":\"https:\/\/www.suno.com.br\/noticias\/ser-educacional-compra-laureate\/#primaryimage\",\"url\":\"https:\/\/files.sunoresearch.com.br\/n\/uploads\/2020\/09\/dc9085fb-ser-educacional-jpg.webp\",\"contentUrl\":\"https:\/\/files.sunoresearch.com.br\/n\/uploads\/2020\/09\/dc9085fb-ser-educacional-jpg.webp\",\"width\":957,\"height\":436,\"caption\":\"A Ser Educacional (SEER3) optou por receber pagamento rescis\u00f3rio em dinheiro\"},{\"@type\":\"BreadcrumbList\",\"@id\":\"https:\/\/www.suno.com.br\/noticias\/ser-educacional-compra-laureate\/#breadcrumb\",\"itemListElement\":[{\"@type\":\"ListItem\",\"position\":1,\"name\":\"Not\u00edcias\",\"item\":\"https:\/\/www.suno.com.br\/noticias\/\"},{\"@type\":\"ListItem\",\"position\":2,\"name\":\"Neg\u00f3cios\",\"item\":\"https:\/\/www.suno.com.br\/noticias\/negocios\/\"},{\"@type\":\"ListItem\",\"position\":3,\"name\":\"Ser Educacional (SEER3): presen\u00e7a nacional e sa\u00fade motivam compra da Laureate\"}]},{\"@type\":\"WebSite\",\"@id\":\"https:\/\/www.suno.com.br\/noticias\/#website\",\"url\":\"https:\/\/www.suno.com.br\/noticias\/\",\"name\":\"Suno Not\u00edcias\",\"description\":\"Seu portal de informa\u00e7\u00e3o sobre o mundo dos investimentos\",\"publisher\":{\"@id\":\"https:\/\/www.suno.com.br\/noticias\/#organization\"},\"potentialAction\":[{\"@type\":\"SearchAction\",\"target\":{\"@type\":\"EntryPoint\",\"urlTemplate\":\"https:\/\/www.suno.com.br\/noticias\/?s={search_term_string}\"},\"query-input\":{\"@type\":\"PropertyValueSpecification\",\"valueRequired\":true,\"valueName\":\"search_term_string\"}}],\"inLanguage\":\"pt-BR\"},{\"@type\":\"Organization\",\"@id\":\"https:\/\/www.suno.com.br\/noticias\/#organization\",\"name\":\"Suno Not\u00edcias\",\"url\":\"https:\/\/www.suno.com.br\/noticias\/\",\"logo\":{\"@type\":\"ImageObject\",\"inLanguage\":\"pt-BR\",\"@id\":\"https:\/\/www.suno.com.br\/noticias\/#\/schema\/logo\/image\/\",\"url\":\"https:\/\/files.sunoresearch.com.br\/n\/uploads\/2021\/09\/suno-logo.png\",\"contentUrl\":\"https:\/\/files.sunoresearch.com.br\/n\/uploads\/2021\/09\/suno-logo.png\",\"width\":180,\"height\":180,\"caption\":\"Suno Not\u00edcias\"},\"image\":{\"@id\":\"https:\/\/www.suno.com.br\/noticias\/#\/schema\/logo\/image\/\"},\"sameAs\":[\"https:\/\/facebook.com\/sunoresearch\",\"https:\/\/x.com\/sunoresearch\",\"https:\/\/www.instagram.com\/suno\",\"https:\/\/www.linkedin.com\/company\/suno-research\/\",\"https:\/\/www.youtube.com\/c\/sunoresearch\"]},{\"@type\":\"Person\",\"@id\":\"https:\/\/www.suno.com.br\/noticias\/#\/schema\/person\/a20761b96e4df7eb57f1f9e41be1dbf3\",\"name\":\"Vinicius Pereira\",\"image\":{\"@type\":\"ImageObject\",\"inLanguage\":\"pt-BR\",\"@id\":\"https:\/\/www.suno.com.br\/noticias\/#\/schema\/person\/image\/\",\"url\":\"https:\/\/secure.gravatar.com\/avatar\/783866b933198f5cc4c5d03fcc8b1301?s=96&r=g\",\"contentUrl\":\"https:\/\/secure.gravatar.com\/avatar\/783866b933198f5cc4c5d03fcc8b1301?s=96&r=g\",\"caption\":\"Vinicius Pereira\"},\"description\":\"Vinicius Pereira foi rep\u00f3rter de economia da Folha de S.Paulo, stringer do jornal no Canad\u00e1 e colaborador de VEJA. J\u00e1 escreveu tamb\u00e9m para BBC Brasil, The Intercept Brasil e UOL. Tem MBA em Informa\u00e7\u00f5es Econ\u00f4mico-Financeiras e Mercado de Capitais pela FIA\/B3.\",\"sameAs\":[\"https:\/\/x.com\/https:\/\/twitter.com\/viniciuspjornal\"],\"url\":\"https:\/\/www.suno.com.br\/noticias\/author\/vinicius-pereira\/\"}]}<\/script>\n<!-- \/ Yoast SEO plugin. -->","yoast_head_json":{"title":"Ser Educacional (SEER3): presen\u00e7a e sa\u00fade motivam compra da Laureate","description":"A Ser Educacional (SEER3) estava de olho na presne\u00e7a nacional e na atua\u00e7\u00e3o na \u00e1rea da Sa\u00fade da Laureate. Clique para ler mais.","robots":{"index":"index","follow":"follow","max-snippet":"max-snippet:-1","max-image-preview":"max-image-preview:large","max-video-preview":"max-video-preview:-1"},"canonical":"https:\/\/www.suno.com.br\/noticias\/ser-educacional-compra-laureate\/","og_locale":"pt_BR","og_type":"article","og_title":"Ser Educacional (SEER3): presen\u00e7a e sa\u00fade motivam compra da Laureate","og_description":"A Ser Educacional (SEER3) estava de olho na presne\u00e7a nacional e na atua\u00e7\u00e3o na \u00e1rea da Sa\u00fade da Laureate. Clique para ler mais.","og_url":"https:\/\/www.suno.com.br\/noticias\/ser-educacional-compra-laureate\/","og_site_name":"Suno Not\u00edcias","article_publisher":"https:\/\/facebook.com\/sunoresearch","og_image":[{"width":957,"height":436,"url":"https:\/\/files.sunoresearch.com.br\/n\/uploads\/2020\/09\/dc9085fb-ser-educacional.jpg","type":"image\/jpeg"}],"author":"Vinicius Pereira","twitter_card":"summary_large_image","twitter_creator":"@https:\/\/twitter.com\/viniciuspjornal","twitter_site":"@sunoresearch","twitter_misc":{"Escrito por":"Vinicius Pereira","Est. tempo de leitura":"5 minutos"},"schema":{"@context":"https:\/\/schema.org","@graph":[{"@type":"NewsArticle","@id":"https:\/\/www.suno.com.br\/noticias\/ser-educacional-compra-laureate\/#article","isPartOf":{"@id":"https:\/\/www.suno.com.br\/noticias\/ser-educacional-compra-laureate\/"},"author":{"name":"Vinicius Pereira","@id":"https:\/\/www.suno.com.br\/noticias\/#\/schema\/person\/a20761b96e4df7eb57f1f9e41be1dbf3"},"headline":"Ser Educacional (SEER3): presen\u00e7a nacional e sa\u00fade motivam compra da Laureate","datePublished":"2020-09-14T13:40:23+00:00","dateModified":"2020-09-14T13:54:01+00:00","mainEntityOfPage":{"@id":"https:\/\/www.suno.com.br\/noticias\/ser-educacional-compra-laureate\/"},"wordCount":923,"publisher":{"@id":"https:\/\/www.suno.com.br\/noticias\/#organization"},"image":{"@id":"https:\/\/www.suno.com.br\/noticias\/ser-educacional-compra-laureate\/#primaryimage"},"thumbnailUrl":"https:\/\/files.sunoresearch.com.br\/n\/uploads\/2020\/09\/dc9085fb-ser-educacional-jpg.webp","keywords":["Laureate","Ser Educacional (SEER3)"],"articleSection":["Neg\u00f3cios"],"inLanguage":"pt-BR"},{"@type":"WebPage","@id":"https:\/\/www.suno.com.br\/noticias\/ser-educacional-compra-laureate\/","url":"https:\/\/www.suno.com.br\/noticias\/ser-educacional-compra-laureate\/","name":"Ser Educacional (SEER3): presen\u00e7a e sa\u00fade motivam compra da Laureate","isPartOf":{"@id":"https:\/\/www.suno.com.br\/noticias\/#website"},"primaryImageOfPage":{"@id":"https:\/\/www.suno.com.br\/noticias\/ser-educacional-compra-laureate\/#primaryimage"},"image":{"@id":"https:\/\/www.suno.com.br\/noticias\/ser-educacional-compra-laureate\/#primaryimage"},"thumbnailUrl":"https:\/\/files.sunoresearch.com.br\/n\/uploads\/2020\/09\/dc9085fb-ser-educacional-jpg.webp","datePublished":"2020-09-14T13:40:23+00:00","dateModified":"2020-09-14T13:54:01+00:00","description":"A Ser Educacional (SEER3) estava de olho na presne\u00e7a nacional e na atua\u00e7\u00e3o na \u00e1rea da Sa\u00fade da Laureate. Clique para ler mais.","breadcrumb":{"@id":"https:\/\/www.suno.com.br\/noticias\/ser-educacional-compra-laureate\/#breadcrumb"},"inLanguage":"pt-BR","potentialAction":[{"@type":"ReadAction","target":["https:\/\/www.suno.com.br\/noticias\/ser-educacional-compra-laureate\/"]}]},{"@type":"ImageObject","inLanguage":"pt-BR","@id":"https:\/\/www.suno.com.br\/noticias\/ser-educacional-compra-laureate\/#primaryimage","url":"https:\/\/files.sunoresearch.com.br\/n\/uploads\/2020\/09\/dc9085fb-ser-educacional-jpg.webp","contentUrl":"https:\/\/files.sunoresearch.com.br\/n\/uploads\/2020\/09\/dc9085fb-ser-educacional-jpg.webp","width":957,"height":436,"caption":"A Ser Educacional (SEER3) optou por receber pagamento rescis\u00f3rio em dinheiro"},{"@type":"BreadcrumbList","@id":"https:\/\/www.suno.com.br\/noticias\/ser-educacional-compra-laureate\/#breadcrumb","itemListElement":[{"@type":"ListItem","position":1,"name":"Not\u00edcias","item":"https:\/\/www.suno.com.br\/noticias\/"},{"@type":"ListItem","position":2,"name":"Neg\u00f3cios","item":"https:\/\/www.suno.com.br\/noticias\/negocios\/"},{"@type":"ListItem","position":3,"name":"Ser Educacional (SEER3): presen\u00e7a nacional e sa\u00fade motivam compra da Laureate"}]},{"@type":"WebSite","@id":"https:\/\/www.suno.com.br\/noticias\/#website","url":"https:\/\/www.suno.com.br\/noticias\/","name":"Suno Not\u00edcias","description":"Seu portal de informa\u00e7\u00e3o sobre o mundo dos investimentos","publisher":{"@id":"https:\/\/www.suno.com.br\/noticias\/#organization"},"potentialAction":[{"@type":"SearchAction","target":{"@type":"EntryPoint","urlTemplate":"https:\/\/www.suno.com.br\/noticias\/?s={search_term_string}"},"query-input":{"@type":"PropertyValueSpecification","valueRequired":true,"valueName":"search_term_string"}}],"inLanguage":"pt-BR"},{"@type":"Organization","@id":"https:\/\/www.suno.com.br\/noticias\/#organization","name":"Suno Not\u00edcias","url":"https:\/\/www.suno.com.br\/noticias\/","logo":{"@type":"ImageObject","inLanguage":"pt-BR","@id":"https:\/\/www.suno.com.br\/noticias\/#\/schema\/logo\/image\/","url":"https:\/\/files.sunoresearch.com.br\/n\/uploads\/2021\/09\/suno-logo.png","contentUrl":"https:\/\/files.sunoresearch.com.br\/n\/uploads\/2021\/09\/suno-logo.png","width":180,"height":180,"caption":"Suno Not\u00edcias"},"image":{"@id":"https:\/\/www.suno.com.br\/noticias\/#\/schema\/logo\/image\/"},"sameAs":["https:\/\/facebook.com\/sunoresearch","https:\/\/x.com\/sunoresearch","https:\/\/www.instagram.com\/suno","https:\/\/www.linkedin.com\/company\/suno-research\/","https:\/\/www.youtube.com\/c\/sunoresearch"]},{"@type":"Person","@id":"https:\/\/www.suno.com.br\/noticias\/#\/schema\/person\/a20761b96e4df7eb57f1f9e41be1dbf3","name":"Vinicius Pereira","image":{"@type":"ImageObject","inLanguage":"pt-BR","@id":"https:\/\/www.suno.com.br\/noticias\/#\/schema\/person\/image\/","url":"https:\/\/secure.gravatar.com\/avatar\/783866b933198f5cc4c5d03fcc8b1301?s=96&r=g","contentUrl":"https:\/\/secure.gravatar.com\/avatar\/783866b933198f5cc4c5d03fcc8b1301?s=96&r=g","caption":"Vinicius Pereira"},"description":"Vinicius Pereira foi rep\u00f3rter de economia da Folha de S.Paulo, stringer do jornal no Canad\u00e1 e colaborador de VEJA. J\u00e1 escreveu tamb\u00e9m para BBC Brasil, The Intercept Brasil e UOL. Tem MBA em Informa\u00e7\u00f5es Econ\u00f4mico-Financeiras e Mercado de Capitais pela FIA\/B3.","sameAs":["https:\/\/x.com\/https:\/\/twitter.com\/viniciuspjornal"],"url":"https:\/\/www.suno.com.br\/noticias\/author\/vinicius-pereira\/"}]}},"default_loop_html":"<div class=\"cardsPage__listCard__boxs\"><div class=\"cardsPage__listCard__boxs__img\"><a href=\"https:\/\/www.suno.com.br\/noticias\/ser-educacional-compra-laureate\/\"><img class=\"mask\" src=\"https:\/\/www.suno.com.br\/noticias\/wp-content\/themes\/suno\/resources\/images\/spotlight\/spotlight1img\/bg-mask.png\" alt=\"Image Mask\"\/><img src=\"https:\/\/files.sunoresearch.com.br\/n\/uploads\/2020\/09\/dc9085fb-ser-educacional-400x200.webp\" alt=\"Ser Educacional (SEER3): presen\u00e7a nacional e sa\u00fade motivam compra da Laureate\"\/><\/a><span class=\"spotlightCategory\"><a href=\"https:\/\/www.suno.com.br\/noticias\/negocios\/\">Neg\u00f3cios<\/a><\/span><\/div><div class=\"cardsPage__listCard__boxs__content\"><a href=\"https:\/\/www.suno.com.br\/noticias\/ser-educacional-compra-laureate\/\"><h2 class=\"content__title\">Ser Educacional (SEER3): presen\u00e7a nacional e sa\u00fade motivam compra da Laureate<\/h2><\/a><div class=\"newsContent__article__meta\"><div class=\"newsContent__article__meta__authorBox\"><a href=\"https:\/\/www.suno.com.br\/noticias\/author\/vinicius-pereira\/\" class=\"authorBox__avatar noMobi\"><img src=\"https:\/\/files.sunoresearch.com.br\/n\/uploads\/2020\/08\/77510613-whatsapp-image-2020-08-03-at-13.40.40-150x150.webp\" alt=\"Vinicius Pereira\"><\/a><div class=\"authorBox__name\"><span>por\n\t\t\t<a href=\"https:\/\/www.suno.com.br\/noticias\/author\/vinicius-pereira\/\"><span itemprop=\"author\">Vinicius Pereira<\/span><\/a><\/span><time datetime=\"2020-09-14T10:40:23-03:00\" itemprop=\"datePublished\">14\/09\/2020 10:40<\/time><\/div><\/div><\/div><\/div><\/div>","single_layout":"posts","amp_enabled":true,"_links":{"self":[{"href":"https:\/\/www.suno.com.br\/noticias\/wp-json\/wp\/v2\/posts\/84396"}],"collection":[{"href":"https:\/\/www.suno.com.br\/noticias\/wp-json\/wp\/v2\/posts"}],"about":[{"href":"https:\/\/www.suno.com.br\/noticias\/wp-json\/wp\/v2\/types\/post"}],"author":[{"embeddable":true,"href":"https:\/\/www.suno.com.br\/noticias\/wp-json\/wp\/v2\/users\/27"}],"replies":[{"embeddable":true,"href":"https:\/\/www.suno.com.br\/noticias\/wp-json\/wp\/v2\/comments?post=84396"}],"version-history":[{"count":0,"href":"https:\/\/www.suno.com.br\/noticias\/wp-json\/wp\/v2\/posts\/84396\/revisions"}],"wp:featuredmedia":[{"embeddable":true,"href":"https:\/\/www.suno.com.br\/noticias\/wp-json\/wp\/v2\/media\/84347"}],"wp:attachment":[{"href":"https:\/\/www.suno.com.br\/noticias\/wp-json\/wp\/v2\/media?parent=84396"}],"wp:term":[{"taxonomy":"category","embeddable":true,"href":"https:\/\/www.suno.com.br\/noticias\/wp-json\/wp\/v2\/categories?post=84396"},{"taxonomy":"post_tag","embeddable":true,"href":"https:\/\/www.suno.com.br\/noticias\/wp-json\/wp\/v2\/tags?post=84396"},{"taxonomy":"suno_strategy","embeddable":true,"href":"https:\/\/www.suno.com.br\/noticias\/wp-json\/wp\/v2\/suno_strategy?post=84396"}],"curies":[{"name":"wp","href":"https:\/\/api.w.org\/{rel}","templated":true}]}}