{"id":84369,"date":"2020-09-14T09:31:27","date_gmt":"2020-09-14T12:31:27","guid":{"rendered":"https:\/\/www.suno.com.br\/noticias\/?p=84369"},"modified":"2020-09-14T09:31:27","modified_gmt":"2020-09-14T12:31:27","slug":"conselho-do-ubs-estuda-fusao-credit-suisse","status":"publish","type":"post","link":"https:\/\/www.suno.com.br\/noticias\/conselho-do-ubs-estuda-fusao-credit-suisse\/","title":{"rendered":"Conselho do UBS estuda fus\u00e3o com Credit Suisse"},"content":{"rendered":"<p>O presidente conselho do <strong>UBS<\/strong>, Axel Weber, tem estudado, junto a executivos do Credit Suisse, uma <a href=\"https:\/\/www.suno.com.br\/artigos\/fusoes-aquisicoes\/\">fus\u00e3o entre os dois bancos<\/a>, o que poderia criar uma das maiores institui\u00e7\u00f5es financeiras da Europa. As informa\u00e7\u00f5es s\u00e3o do blog financeiro su\u00ed\u00e7o &#8220;Inside Paradeplatz&#8221;, que salientou que o neg\u00f3cio pode sair at\u00e9 o come\u00e7o de 2021.<\/p>\t<div class=\"wrapper-featured-image\">\n\t\t<figure class=\"spotlightImg\">\n\n\t\t\t<picture>\n\t\t\t\t<source media=\"(max-width: 768px)\" srcset=\"https:\/\/files.sunoresearch.com.br\/n\/uploads\/2020\/09\/a6733e9e-874209-credit-suisse-ubs-zurich-reuters-400x200.webp\">\n\t\t\t\t<img loading=\"lazy\" decoding=\"async\" class=\"newsContent__article__imgCapa lazyloadDisabled \" src=\"https:\/\/files.sunoresearch.com.br\/n\/uploads\/2020\/09\/a6733e9e-874209-credit-suisse-ubs-zurich-reuters-800x450.webp\" width=\"800\" height=\"450\" alt=\"Conselho do UBS estuda fus\u00e3o com Credit Suisse\" fetchpriority=high \/>\n\t\t\t<\/picture>\n\n\t\t\t<figcaption class=\"wp-caption-text wp-caption-text--show\">Credit Suisse j\u00e1 havia se envolvido em imbr\u00f3glio da Archegos Capital anteriormente<\/figcaption>\n\t\t<\/figure>\n\t<\/div>\n\n\n<div class=\"hubspot-form-wrapper\">\n\t<div id=\"single-form-target\"><\/div>\n<\/div>\n\n<p>O projeto de fus\u00e3o entre os bancos, que \u00e9 chamado de <em>Signal<\/em>, est\u00e1 sendo liderado por Weber, que tem discutido com o presidente do <strong>Credit Suisse<\/strong>, Urs Rohner, sobre a possibilidade de concretizar o neg\u00f3cio. Weber tamb\u00e9m discutiu a ideia com o ministro das finan\u00e7as da Su\u00ed\u00e7a, Ueli Maurer.<\/p>\n<p>O setor banc\u00e1rio da Europa, em meio \u00e0s <a href=\"https:\/\/www.suno.com.br\/artigos\/juros-negativos\/\"><strong>taxas de juros<\/strong> negativas<\/a> para estimular o crescimento econ\u00f4mico, est\u00e1 sob forte press\u00e3o para buscar uma consolida\u00e7\u00e3o. No in\u00edcio deste m\u00eas, o CaixaBank S.A. e o Bankia S.A., ambos da Espanha, informaram que est\u00e3o explorando uma fus\u00e3o para formar o maior credor do pa\u00eds.<\/p>\n<p><a href=\"https:\/\/lp.suno.com.br\/suno-one\/\">No Suno One voc\u00ea aprende a fazer seu dinheiro trabalhar para voc\u00ea. Cadastre-se gratuitamente agora!<\/a><\/p>\n<p>Por mais que a <strong>fus\u00e3o<\/strong> entre as duas institui\u00e7\u00f5es financeiras su\u00ed\u00e7as possa eliminar a sobreposi\u00e7\u00e3o da participa\u00e7\u00e3o das mesmas no mercado, a conclus\u00e3o da transa\u00e7\u00e3o pode ser dif\u00edcil. Segundo Andreas Venditti, analista da Vontobel, em entrevista ao jornal norte-americano &#8220;The Wall Street Journal&#8221;, &#8220;a <strong>regulamenta\u00e7\u00e3o<\/strong> seria o maior obst\u00e1culo aos meus olhos\u201d.<\/p>\n<p>Isso ocorre devido aos requisitos regulat\u00f3rios, que s\u00e3o mais r\u00edgidos quanto maior for uma institui\u00e7\u00e3o, afirmou Venditti, salientando que n\u00e3o acredita que um acordo seja prov\u00e1vel.<\/p>\n<p>O UBS est\u00e1 em um per\u00edodo de transi\u00e7\u00e3o de dire\u00e7\u00e3o, com o ex-chefe do ING Group NV, Ralph Hamers, previsto para assumir o cargo de <a href=\"https:\/\/www.suno.com.br\/artigos\/ceo\/\">CEO<\/a> da institui\u00e7\u00e3o em 1\u00ba de novembro deste ano, substituindo o atual diretor-executivo, Sergio Ermotti. Weber permaneceria como presidente do conselho ap\u00f3s a finaliza\u00e7\u00e3o do neg\u00f3cio, tornando prov\u00e1vel que o CEO viesse do Credit Suisse.<\/p>\n\t<div data-element=\"shortcode-read-more\" class=\"knowMore\">\n\t\t\t\t<span class=\"knowMore__title\">Veja tamb\u00e9m<\/span>\n\t\t\t\t<a class=\"knowMore__link\" href=\"https:\/\/www.suno.com.br\/noticias\/credit-suisse-investigado-belgica-contas-ocultas\/\">\n\t\t\tCredit Suisse \u00e9 investigado na B\u00e9lgica por contas ocultas\t\t<\/a>\n\t<\/div>\n\n\n<p>Segundo informa\u00e7\u00f5es do blog, uma fus\u00e3o entre <strong>UBS<\/strong> e Credit Suisse poderia resultar em cortes de 10% a 20% dos postos de trabalho em todo o mundo, ou cerca de 15 mil funcion\u00e1rios.<\/p>\n\t<p>\n\t\t<a href=\"https:\/\/lp.suno.com.br\/planilha-de-controle-de-investimentos\/\" target=\"_blank\" data-element=\"shortcode-suno-banner\" title=\"Banner SUNO, clique e saiba mais\">\n\t\t\t<picture>\n\t\t\t\t<source media=\"(max-width: 500px)\" srcset=\"https:\/\/files.sunoresearch.com.br\/n\/uploads\/2023\/03\/400x300-Controle-de-Investimentos.png\">\n\t\t\t\t<img class=\"newsContent__article__imgCapa newsContent__article__imgCapa--banner\"\n\t\t\t\t\tsrc=\"https:\/\/files.sunoresearch.com.br\/n\/uploads\/2023\/03\/1420x240-Controle-de-Investimentos.png\"\n\t\t\t\t\tdata-promo-id=\"75934\"\t\t\t\t\t\t\t\t\t\twidth='1420' height='240'\t\t\t\t\talt=\"https:\/\/files.sunoresearch.com.br\/n\/uploads\/2023\/03\/1420x240-Controle-de-Investimentos.png\"\n\t\t\t\t>\n\t\t\t<\/picture>\n\t\t<\/a>\n\t<\/p>\n\n\n","protected":false},"excerpt":{"rendered":"<p>O presidente conselho do UBS, Axel Weber, tem estudado, junto a executivos do Credit Suisse, uma fus\u00e3o entre os dois bancos, o que poderia criar uma das maiores institui\u00e7\u00f5es financeiras da Europa. As informa\u00e7\u00f5es s\u00e3o do blog financeiro su\u00ed\u00e7o &#8220;Inside Paradeplatz&#8221;, que salientou que o neg\u00f3cio pode sair at\u00e9 o come\u00e7o de 2021. Credit Suisse [&hellip;]<\/p>\n","protected":false},"author":24,"featured_media":84400,"comment_status":"closed","ping_status":"closed","sticky":false,"template":"","format":"standard","meta":[],"categories":[64],"tags":[1788,62812,747],"suno_strategy":[],"class_list":["post-84369","post","type-post","status-publish","format-standard","has-post-thumbnail","hentry","category-negocios","tag-credit-suisse-c1su34","tag-fusoes-e-aquisicoes","tag-ubs-ubsg34"],"yoast_head":"<!-- This site is optimized with the Yoast SEO plugin v24.4 - https:\/\/yoast.com\/wordpress\/plugins\/seo\/ -->\n<title>Conselho do UBS estuda fus\u00e3o com Credit Suisse<\/title>\n<meta name=\"description\" content=\"O conselho do UBS tem estudado uma fus\u00e3o com o Credit Suisse, segundo um blog financeiro su\u00ed\u00e7o. Clique aqui e saiba mais.\" \/>\n<meta name=\"robots\" content=\"index, follow, max-snippet:-1, max-image-preview:large, max-video-preview:-1\" \/>\n<link rel=\"canonical\" href=\"https:\/\/www.suno.com.br\/noticias\/conselho-do-ubs-estuda-fusao-credit-suisse\/\" \/>\n<meta property=\"og:locale\" content=\"pt_BR\" \/>\n<meta property=\"og:type\" content=\"article\" \/>\n<meta property=\"og:title\" content=\"Conselho do UBS estuda fus\u00e3o com Credit Suisse\" \/>\n<meta property=\"og:description\" content=\"O conselho do UBS tem estudado uma fus\u00e3o com o Credit Suisse, segundo um blog financeiro su\u00ed\u00e7o. Clique aqui e saiba mais.\" \/>\n<meta property=\"og:url\" content=\"https:\/\/www.suno.com.br\/noticias\/conselho-do-ubs-estuda-fusao-credit-suisse\/\" \/>\n<meta property=\"og:site_name\" content=\"Suno Not\u00edcias\" \/>\n<meta property=\"article:publisher\" content=\"https:\/\/facebook.com\/sunoresearch\" \/>\n<meta property=\"og:image\" content=\"https:\/\/files.sunoresearch.com.br\/n\/uploads\/2020\/09\/a6733e9e-874209-credit-suisse-ubs-zurich-reuters.jpg\" \/>\n\t<meta property=\"og:image:width\" content=\"1280\" \/>\n\t<meta property=\"og:image:height\" content=\"720\" \/>\n\t<meta property=\"og:image:type\" content=\"image\/jpeg\" \/>\n<meta name=\"author\" content=\"Jader Lazarini\" \/>\n<meta name=\"twitter:card\" content=\"summary_large_image\" \/>\n<meta name=\"twitter:creator\" content=\"@sunoresearch\" \/>\n<meta name=\"twitter:site\" content=\"@sunoresearch\" \/>\n<meta name=\"twitter:label1\" content=\"Escrito por\" \/>\n\t<meta name=\"twitter:data1\" content=\"Jader Lazarini\" \/>\n\t<meta name=\"twitter:label2\" content=\"Est. tempo de leitura\" \/>\n\t<meta name=\"twitter:data2\" content=\"2 minutos\" \/>\n<script type=\"application\/ld+json\" class=\"yoast-schema-graph\">{\"@context\":\"https:\/\/schema.org\",\"@graph\":[{\"@type\":\"NewsArticle\",\"@id\":\"https:\/\/www.suno.com.br\/noticias\/conselho-do-ubs-estuda-fusao-credit-suisse\/#article\",\"isPartOf\":{\"@id\":\"https:\/\/www.suno.com.br\/noticias\/conselho-do-ubs-estuda-fusao-credit-suisse\/\"},\"author\":{\"name\":\"Jader Lazarini\",\"@id\":\"https:\/\/www.suno.com.br\/noticias\/#\/schema\/person\/918d79de1f0281f01599b93f9ea6e23f\"},\"headline\":\"Conselho do UBS estuda fus\u00e3o com Credit Suisse\",\"datePublished\":\"2020-09-14T12:31:27+00:00\",\"mainEntityOfPage\":{\"@id\":\"https:\/\/www.suno.com.br\/noticias\/conselho-do-ubs-estuda-fusao-credit-suisse\/\"},\"wordCount\":417,\"publisher\":{\"@id\":\"https:\/\/www.suno.com.br\/noticias\/#organization\"},\"image\":{\"@id\":\"https:\/\/www.suno.com.br\/noticias\/conselho-do-ubs-estuda-fusao-credit-suisse\/#primaryimage\"},\"thumbnailUrl\":\"https:\/\/files.sunoresearch.com.br\/n\/uploads\/2020\/09\/a6733e9e-874209-credit-suisse-ubs-zurich-reuters.jpg\",\"keywords\":[\"Credit Suisse (C1SU34)\",\"fus\u00f5es e aquisi\u00e7\u00f5es\",\"UBS (UBSG34)\"],\"articleSection\":[\"Neg\u00f3cios\"],\"inLanguage\":\"pt-BR\"},{\"@type\":\"WebPage\",\"@id\":\"https:\/\/www.suno.com.br\/noticias\/conselho-do-ubs-estuda-fusao-credit-suisse\/\",\"url\":\"https:\/\/www.suno.com.br\/noticias\/conselho-do-ubs-estuda-fusao-credit-suisse\/\",\"name\":\"Conselho do UBS estuda fus\u00e3o com Credit Suisse\",\"isPartOf\":{\"@id\":\"https:\/\/www.suno.com.br\/noticias\/#website\"},\"primaryImageOfPage\":{\"@id\":\"https:\/\/www.suno.com.br\/noticias\/conselho-do-ubs-estuda-fusao-credit-suisse\/#primaryimage\"},\"image\":{\"@id\":\"https:\/\/www.suno.com.br\/noticias\/conselho-do-ubs-estuda-fusao-credit-suisse\/#primaryimage\"},\"thumbnailUrl\":\"https:\/\/files.sunoresearch.com.br\/n\/uploads\/2020\/09\/a6733e9e-874209-credit-suisse-ubs-zurich-reuters.jpg\",\"datePublished\":\"2020-09-14T12:31:27+00:00\",\"description\":\"O conselho do UBS tem estudado uma fus\u00e3o com o Credit Suisse, segundo um blog financeiro su\u00ed\u00e7o. Clique aqui e saiba mais.\",\"breadcrumb\":{\"@id\":\"https:\/\/www.suno.com.br\/noticias\/conselho-do-ubs-estuda-fusao-credit-suisse\/#breadcrumb\"},\"inLanguage\":\"pt-BR\",\"potentialAction\":[{\"@type\":\"ReadAction\",\"target\":[\"https:\/\/www.suno.com.br\/noticias\/conselho-do-ubs-estuda-fusao-credit-suisse\/\"]}]},{\"@type\":\"ImageObject\",\"inLanguage\":\"pt-BR\",\"@id\":\"https:\/\/www.suno.com.br\/noticias\/conselho-do-ubs-estuda-fusao-credit-suisse\/#primaryimage\",\"url\":\"https:\/\/files.sunoresearch.com.br\/n\/uploads\/2020\/09\/a6733e9e-874209-credit-suisse-ubs-zurich-reuters.jpg\",\"contentUrl\":\"https:\/\/files.sunoresearch.com.br\/n\/uploads\/2020\/09\/a6733e9e-874209-credit-suisse-ubs-zurich-reuters.jpg\",\"width\":1280,\"height\":720,\"caption\":\"Credit Suisse j\u00e1 havia se envolvido em imbr\u00f3glio da Archegos Capital anteriormente\"},{\"@type\":\"BreadcrumbList\",\"@id\":\"https:\/\/www.suno.com.br\/noticias\/conselho-do-ubs-estuda-fusao-credit-suisse\/#breadcrumb\",\"itemListElement\":[{\"@type\":\"ListItem\",\"position\":1,\"name\":\"Not\u00edcias\",\"item\":\"https:\/\/www.suno.com.br\/noticias\/\"},{\"@type\":\"ListItem\",\"position\":2,\"name\":\"Neg\u00f3cios\",\"item\":\"https:\/\/www.suno.com.br\/noticias\/negocios\/\"},{\"@type\":\"ListItem\",\"position\":3,\"name\":\"Conselho do UBS estuda fus\u00e3o com Credit Suisse\"}]},{\"@type\":\"WebSite\",\"@id\":\"https:\/\/www.suno.com.br\/noticias\/#website\",\"url\":\"https:\/\/www.suno.com.br\/noticias\/\",\"name\":\"Suno Not\u00edcias\",\"description\":\"Seu portal de informa\u00e7\u00e3o sobre o mundo dos investimentos\",\"publisher\":{\"@id\":\"https:\/\/www.suno.com.br\/noticias\/#organization\"},\"potentialAction\":[{\"@type\":\"SearchAction\",\"target\":{\"@type\":\"EntryPoint\",\"urlTemplate\":\"https:\/\/www.suno.com.br\/noticias\/?s={search_term_string}\"},\"query-input\":{\"@type\":\"PropertyValueSpecification\",\"valueRequired\":true,\"valueName\":\"search_term_string\"}}],\"inLanguage\":\"pt-BR\"},{\"@type\":\"Organization\",\"@id\":\"https:\/\/www.suno.com.br\/noticias\/#organization\",\"name\":\"Suno Not\u00edcias\",\"url\":\"https:\/\/www.suno.com.br\/noticias\/\",\"logo\":{\"@type\":\"ImageObject\",\"inLanguage\":\"pt-BR\",\"@id\":\"https:\/\/www.suno.com.br\/noticias\/#\/schema\/logo\/image\/\",\"url\":\"https:\/\/files.sunoresearch.com.br\/n\/uploads\/2021\/09\/suno-logo.png\",\"contentUrl\":\"https:\/\/files.sunoresearch.com.br\/n\/uploads\/2021\/09\/suno-logo.png\",\"width\":180,\"height\":180,\"caption\":\"Suno Not\u00edcias\"},\"image\":{\"@id\":\"https:\/\/www.suno.com.br\/noticias\/#\/schema\/logo\/image\/\"},\"sameAs\":[\"https:\/\/facebook.com\/sunoresearch\",\"https:\/\/x.com\/sunoresearch\",\"https:\/\/www.instagram.com\/suno\",\"https:\/\/www.linkedin.com\/company\/suno-research\/\",\"https:\/\/www.youtube.com\/c\/sunoresearch\"]},{\"@type\":\"Person\",\"@id\":\"https:\/\/www.suno.com.br\/noticias\/#\/schema\/person\/918d79de1f0281f01599b93f9ea6e23f\",\"name\":\"Jader Lazarini\",\"image\":{\"@type\":\"ImageObject\",\"inLanguage\":\"pt-BR\",\"@id\":\"https:\/\/www.suno.com.br\/noticias\/#\/schema\/person\/image\/\",\"url\":\"https:\/\/secure.gravatar.com\/avatar\/3c1ad8caa51589841baeb923fcddea97?s=96&r=g\",\"contentUrl\":\"https:\/\/secure.gravatar.com\/avatar\/3c1ad8caa51589841baeb923fcddea97?s=96&r=g\",\"caption\":\"Jader Lazarini\"},\"description\":\"Jader Lazarini escreve sobre investimentos, finan\u00e7as, economia e neg\u00f3cios. \u00c9 bacharel em Rela\u00e7\u00f5es Internacionais e analista CNPI (2619).\",\"url\":\"https:\/\/www.suno.com.br\/noticias\/author\/jader-lazarini\/\"}]}<\/script>\n<!-- \/ Yoast SEO plugin. -->","yoast_head_json":{"title":"Conselho do UBS estuda fus\u00e3o com Credit Suisse","description":"O conselho do UBS tem estudado uma fus\u00e3o com o Credit Suisse, segundo um blog financeiro su\u00ed\u00e7o. Clique aqui e saiba mais.","robots":{"index":"index","follow":"follow","max-snippet":"max-snippet:-1","max-image-preview":"max-image-preview:large","max-video-preview":"max-video-preview:-1"},"canonical":"https:\/\/www.suno.com.br\/noticias\/conselho-do-ubs-estuda-fusao-credit-suisse\/","og_locale":"pt_BR","og_type":"article","og_title":"Conselho do UBS estuda fus\u00e3o com Credit Suisse","og_description":"O conselho do UBS tem estudado uma fus\u00e3o com o Credit Suisse, segundo um blog financeiro su\u00ed\u00e7o. Clique aqui e saiba mais.","og_url":"https:\/\/www.suno.com.br\/noticias\/conselho-do-ubs-estuda-fusao-credit-suisse\/","og_site_name":"Suno Not\u00edcias","article_publisher":"https:\/\/facebook.com\/sunoresearch","og_image":[{"width":1280,"height":720,"url":"https:\/\/files.sunoresearch.com.br\/n\/uploads\/2020\/09\/a6733e9e-874209-credit-suisse-ubs-zurich-reuters.jpg","type":"image\/jpeg"}],"author":"Jader Lazarini","twitter_card":"summary_large_image","twitter_creator":"@sunoresearch","twitter_site":"@sunoresearch","twitter_misc":{"Escrito por":"Jader Lazarini","Est. tempo de leitura":"2 minutos"},"schema":{"@context":"https:\/\/schema.org","@graph":[{"@type":"NewsArticle","@id":"https:\/\/www.suno.com.br\/noticias\/conselho-do-ubs-estuda-fusao-credit-suisse\/#article","isPartOf":{"@id":"https:\/\/www.suno.com.br\/noticias\/conselho-do-ubs-estuda-fusao-credit-suisse\/"},"author":{"name":"Jader Lazarini","@id":"https:\/\/www.suno.com.br\/noticias\/#\/schema\/person\/918d79de1f0281f01599b93f9ea6e23f"},"headline":"Conselho do UBS estuda fus\u00e3o com Credit Suisse","datePublished":"2020-09-14T12:31:27+00:00","mainEntityOfPage":{"@id":"https:\/\/www.suno.com.br\/noticias\/conselho-do-ubs-estuda-fusao-credit-suisse\/"},"wordCount":417,"publisher":{"@id":"https:\/\/www.suno.com.br\/noticias\/#organization"},"image":{"@id":"https:\/\/www.suno.com.br\/noticias\/conselho-do-ubs-estuda-fusao-credit-suisse\/#primaryimage"},"thumbnailUrl":"https:\/\/files.sunoresearch.com.br\/n\/uploads\/2020\/09\/a6733e9e-874209-credit-suisse-ubs-zurich-reuters.jpg","keywords":["Credit Suisse (C1SU34)","fus\u00f5es e aquisi\u00e7\u00f5es","UBS (UBSG34)"],"articleSection":["Neg\u00f3cios"],"inLanguage":"pt-BR"},{"@type":"WebPage","@id":"https:\/\/www.suno.com.br\/noticias\/conselho-do-ubs-estuda-fusao-credit-suisse\/","url":"https:\/\/www.suno.com.br\/noticias\/conselho-do-ubs-estuda-fusao-credit-suisse\/","name":"Conselho do UBS estuda fus\u00e3o com Credit Suisse","isPartOf":{"@id":"https:\/\/www.suno.com.br\/noticias\/#website"},"primaryImageOfPage":{"@id":"https:\/\/www.suno.com.br\/noticias\/conselho-do-ubs-estuda-fusao-credit-suisse\/#primaryimage"},"image":{"@id":"https:\/\/www.suno.com.br\/noticias\/conselho-do-ubs-estuda-fusao-credit-suisse\/#primaryimage"},"thumbnailUrl":"https:\/\/files.sunoresearch.com.br\/n\/uploads\/2020\/09\/a6733e9e-874209-credit-suisse-ubs-zurich-reuters.jpg","datePublished":"2020-09-14T12:31:27+00:00","description":"O conselho do UBS tem estudado uma fus\u00e3o com o Credit Suisse, segundo um blog financeiro su\u00ed\u00e7o. Clique aqui e saiba mais.","breadcrumb":{"@id":"https:\/\/www.suno.com.br\/noticias\/conselho-do-ubs-estuda-fusao-credit-suisse\/#breadcrumb"},"inLanguage":"pt-BR","potentialAction":[{"@type":"ReadAction","target":["https:\/\/www.suno.com.br\/noticias\/conselho-do-ubs-estuda-fusao-credit-suisse\/"]}]},{"@type":"ImageObject","inLanguage":"pt-BR","@id":"https:\/\/www.suno.com.br\/noticias\/conselho-do-ubs-estuda-fusao-credit-suisse\/#primaryimage","url":"https:\/\/files.sunoresearch.com.br\/n\/uploads\/2020\/09\/a6733e9e-874209-credit-suisse-ubs-zurich-reuters.jpg","contentUrl":"https:\/\/files.sunoresearch.com.br\/n\/uploads\/2020\/09\/a6733e9e-874209-credit-suisse-ubs-zurich-reuters.jpg","width":1280,"height":720,"caption":"Credit Suisse j\u00e1 havia se envolvido em imbr\u00f3glio da Archegos Capital anteriormente"},{"@type":"BreadcrumbList","@id":"https:\/\/www.suno.com.br\/noticias\/conselho-do-ubs-estuda-fusao-credit-suisse\/#breadcrumb","itemListElement":[{"@type":"ListItem","position":1,"name":"Not\u00edcias","item":"https:\/\/www.suno.com.br\/noticias\/"},{"@type":"ListItem","position":2,"name":"Neg\u00f3cios","item":"https:\/\/www.suno.com.br\/noticias\/negocios\/"},{"@type":"ListItem","position":3,"name":"Conselho do UBS estuda fus\u00e3o com Credit Suisse"}]},{"@type":"WebSite","@id":"https:\/\/www.suno.com.br\/noticias\/#website","url":"https:\/\/www.suno.com.br\/noticias\/","name":"Suno Not\u00edcias","description":"Seu portal de informa\u00e7\u00e3o sobre o mundo dos investimentos","publisher":{"@id":"https:\/\/www.suno.com.br\/noticias\/#organization"},"potentialAction":[{"@type":"SearchAction","target":{"@type":"EntryPoint","urlTemplate":"https:\/\/www.suno.com.br\/noticias\/?s={search_term_string}"},"query-input":{"@type":"PropertyValueSpecification","valueRequired":true,"valueName":"search_term_string"}}],"inLanguage":"pt-BR"},{"@type":"Organization","@id":"https:\/\/www.suno.com.br\/noticias\/#organization","name":"Suno Not\u00edcias","url":"https:\/\/www.suno.com.br\/noticias\/","logo":{"@type":"ImageObject","inLanguage":"pt-BR","@id":"https:\/\/www.suno.com.br\/noticias\/#\/schema\/logo\/image\/","url":"https:\/\/files.sunoresearch.com.br\/n\/uploads\/2021\/09\/suno-logo.png","contentUrl":"https:\/\/files.sunoresearch.com.br\/n\/uploads\/2021\/09\/suno-logo.png","width":180,"height":180,"caption":"Suno Not\u00edcias"},"image":{"@id":"https:\/\/www.suno.com.br\/noticias\/#\/schema\/logo\/image\/"},"sameAs":["https:\/\/facebook.com\/sunoresearch","https:\/\/x.com\/sunoresearch","https:\/\/www.instagram.com\/suno","https:\/\/www.linkedin.com\/company\/suno-research\/","https:\/\/www.youtube.com\/c\/sunoresearch"]},{"@type":"Person","@id":"https:\/\/www.suno.com.br\/noticias\/#\/schema\/person\/918d79de1f0281f01599b93f9ea6e23f","name":"Jader Lazarini","image":{"@type":"ImageObject","inLanguage":"pt-BR","@id":"https:\/\/www.suno.com.br\/noticias\/#\/schema\/person\/image\/","url":"https:\/\/secure.gravatar.com\/avatar\/3c1ad8caa51589841baeb923fcddea97?s=96&r=g","contentUrl":"https:\/\/secure.gravatar.com\/avatar\/3c1ad8caa51589841baeb923fcddea97?s=96&r=g","caption":"Jader Lazarini"},"description":"Jader Lazarini escreve sobre investimentos, finan\u00e7as, economia e neg\u00f3cios. \u00c9 bacharel em Rela\u00e7\u00f5es Internacionais e analista CNPI (2619).","url":"https:\/\/www.suno.com.br\/noticias\/author\/jader-lazarini\/"}]}},"default_loop_html":"<div class=\"cardsPage__listCard__boxs\"><div class=\"cardsPage__listCard__boxs__img\"><a href=\"https:\/\/www.suno.com.br\/noticias\/conselho-do-ubs-estuda-fusao-credit-suisse\/\"><img class=\"mask\" src=\"https:\/\/www.suno.com.br\/noticias\/wp-content\/themes\/suno\/resources\/images\/spotlight\/spotlight1img\/bg-mask.png\" alt=\"Image Mask\"\/><img src=\"https:\/\/files.sunoresearch.com.br\/n\/uploads\/2020\/09\/a6733e9e-874209-credit-suisse-ubs-zurich-reuters-400x200.webp\" alt=\"Conselho do UBS estuda fus\u00e3o com Credit Suisse\"\/><\/a><span class=\"spotlightCategory\"><a href=\"https:\/\/www.suno.com.br\/noticias\/negocios\/\">Neg\u00f3cios<\/a><\/span><\/div><div class=\"cardsPage__listCard__boxs__content\"><a href=\"https:\/\/www.suno.com.br\/noticias\/conselho-do-ubs-estuda-fusao-credit-suisse\/\"><h2 class=\"content__title\">Conselho do UBS estuda fus\u00e3o com Credit Suisse<\/h2><\/a><div class=\"newsContent__article__meta\"><div class=\"newsContent__article__meta__authorBox\"><a href=\"https:\/\/www.suno.com.br\/noticias\/author\/jader-lazarini\/\" class=\"authorBox__avatar noMobi\"><img src=\"https:\/\/files.sunoresearch.com.br\/n\/uploads\/2021\/01\/178e6598-foto-perfil-2-150x150.jpg\" alt=\"Jader Lazarini\"><\/a><div class=\"authorBox__name\"><span>por\n\t\t\t<a href=\"https:\/\/www.suno.com.br\/noticias\/author\/jader-lazarini\/\"><span itemprop=\"author\">Jader Lazarini<\/span><\/a><\/span><time datetime=\"2020-09-14T09:31:27-03:00\" itemprop=\"datePublished\">14\/09\/2020 09:31<\/time><\/div><\/div><\/div><\/div><\/div>","single_layout":"posts","amp_enabled":true,"_links":{"self":[{"href":"https:\/\/www.suno.com.br\/noticias\/wp-json\/wp\/v2\/posts\/84369"}],"collection":[{"href":"https:\/\/www.suno.com.br\/noticias\/wp-json\/wp\/v2\/posts"}],"about":[{"href":"https:\/\/www.suno.com.br\/noticias\/wp-json\/wp\/v2\/types\/post"}],"author":[{"embeddable":true,"href":"https:\/\/www.suno.com.br\/noticias\/wp-json\/wp\/v2\/users\/24"}],"replies":[{"embeddable":true,"href":"https:\/\/www.suno.com.br\/noticias\/wp-json\/wp\/v2\/comments?post=84369"}],"version-history":[{"count":0,"href":"https:\/\/www.suno.com.br\/noticias\/wp-json\/wp\/v2\/posts\/84369\/revisions"}],"wp:featuredmedia":[{"embeddable":true,"href":"https:\/\/www.suno.com.br\/noticias\/wp-json\/wp\/v2\/media\/84400"}],"wp:attachment":[{"href":"https:\/\/www.suno.com.br\/noticias\/wp-json\/wp\/v2\/media?parent=84369"}],"wp:term":[{"taxonomy":"category","embeddable":true,"href":"https:\/\/www.suno.com.br\/noticias\/wp-json\/wp\/v2\/categories?post=84369"},{"taxonomy":"post_tag","embeddable":true,"href":"https:\/\/www.suno.com.br\/noticias\/wp-json\/wp\/v2\/tags?post=84369"},{"taxonomy":"suno_strategy","embeddable":true,"href":"https:\/\/www.suno.com.br\/noticias\/wp-json\/wp\/v2\/suno_strategy?post=84369"}],"curies":[{"name":"wp","href":"https:\/\/api.w.org\/{rel}","templated":true}]}}