{"id":8431,"date":"2018-12-11T16:30:57","date_gmt":"2018-12-11T18:30:57","guid":{"rendered":"https:\/\/www.suno.com.br\/noticias\/?p=8431"},"modified":"2021-06-21T05:22:14","modified_gmt":"2021-06-21T08:22:14","slug":"safra-de-grao-tera-queda-de-55-este-ano-segundo-ibge","status":"publish","type":"post","link":"https:\/\/www.suno.com.br\/noticias\/safra-de-grao-tera-queda-de-55-este-ano-segundo-ibge\/","title":{"rendered":"Safra de gr\u00e3o ter\u00e1 queda de 5,5% este ano, segundo IBGE"},"content":{"rendered":"<p>A safra de cereais, leguminosas e oleaginosas deve fechar com uma queda de 5,5%, em 2018.<\/p>\t<div class=\"wrapper-featured-image\">\n\t\t<figure class=\"spotlightImg\">\n\n\t\t\t<picture>\n\t\t\t\t<source media=\"(max-width: 768px)\" srcset=\"https:\/\/files.sunoresearch.com.br\/n\/uploads\/2018\/12\/cead9abe-safra-ibge2-400x200.webp\">\n\t\t\t\t<img loading=\"lazy\" decoding=\"async\" class=\"newsContent__article__imgCapa lazyloadDisabled newsContent__article__imgCapa--noCaption\" src=\"https:\/\/files.sunoresearch.com.br\/n\/uploads\/2018\/12\/cead9abe-safra-ibge2-jpg.webp\" width=\"800\" height=\"450\" alt=\"Safra de gr\u00e3o ter\u00e1 queda de 5,5% este ano, segundo IBGE\" fetchpriority=high \/>\n\t\t\t<\/picture>\n\n\t\t\t<figcaption class=\"wp-caption-text wp-caption-text--hide\">SLC Agr\u00edcola emite CRA<\/figcaption>\n\t\t<\/figure>\n\t<\/div>\n\n\n<p>A estimativa feita pelo Instituto Brasileiro de Geografia e Estat\u00edstica (<strong>IBGE<\/strong>), compara a <strong>safra<\/strong> deste ano com a de 2017, onde foram produzidas 240,6 milh\u00f5es de toneladas. No ano passado a safra foi recorde.<\/p>\n<p>De acordo com a previs\u00e3o, a produ\u00e7\u00e3o deste ano deve ficar em 227,3 milh\u00f5es de toneladas.<\/p>\n<p>A nova estimativa \u00e9 0,1% maior que a feita em outubro pelo IBGE. Os principais respons\u00e1veis pela queda de produ\u00e7\u00e3o entre 2017 e 2018 s\u00e3o:<\/p>\n<ol>\n<li>Milho (-17,8%);<\/li>\n<li>Feij\u00e3o (-9,8%);<\/li>\n<li>Arroz (-5,6%);<\/li>\n<li>Sorgo (-5,4%).<\/li>\n<\/ol>\n<p>Com 2,6% de alta, a soja deve evitar uma queda mais intensa, junto com o algod\u00e3o herb\u00e1ceo (28,6%) e o trigo (34%).<\/p>\n<p><a href=\"https:\/\/www.suno.com.br\/noticias\/porto-santos-movimenta-milhoes\/\">Saiba mais: Porto de Santos movimenta 110 mi de toneladas de carga em 2018<\/a><\/p>\n<h2>Demais produtos<\/h2>\n<p>Al\u00e9m da <strong>safra<\/strong> de gr\u00e3os, outros produtos importantes da agricultura nacional s\u00e3o analisados pelo <strong>IBGE<\/strong>, como:<\/p>\n<ol>\n<li>Cana-de-a\u00e7\u00facar (queda de 1,8%);<\/li>\n<li>Laranja (queda de 8,3%);<\/li>\n<li>Mandioca (queda de 3,5%);<\/li>\n<li>Banana (queda de 5,2%);<\/li>\n<li>Batata-inglesa (queda de 8,4%);<\/li>\n<li>Uva (queda de 13,6%);<\/li>\n<li>Caf\u00e9 (alta de 28,7%);<\/li>\n<li>Tomate (alta de 1,2%).<\/li>\n<\/ol>\n","protected":false},"excerpt":{"rendered":"<p>A safra de cereais, leguminosas e oleaginosas deve fechar com uma queda de 5,5%, em 2018. SLC Agr\u00edcola emite CRA A estimativa feita pelo Instituto Brasileiro de Geografia e Estat\u00edstica (IBGE), compara a safra deste ano com a de 2017, onde foram produzidas 240,6 milh\u00f5es de toneladas. No ano passado a safra foi recorde. De [&hellip;]<\/p>\n","protected":false},"author":11,"featured_media":8441,"comment_status":"closed","ping_status":"closed","sticky":false,"template":"","format":"standard","meta":[],"categories":[64],"tags":[1518,821],"suno_strategy":[],"class_list":["post-8431","post","type-post","status-publish","format-standard","has-post-thumbnail","hentry","category-negocios","tag-banco-safra","tag-ibge"],"yoast_head":"<!-- This site is optimized with the Yoast SEO plugin v24.4 - https:\/\/yoast.com\/wordpress\/plugins\/seo\/ -->\n<title>Safra de gr\u00e3o ter\u00e1 queda de 5,5% este ano, segundo IBGE<\/title>\n<meta name=\"description\" content=\"Para o IBGE, a safra de cereais, leguminosas e oleaginosas deve fechar com uma queda de 5,5%, em 2018. Clique aqui para saber mais.\" \/>\n<meta name=\"robots\" content=\"index, follow, max-snippet:-1, max-image-preview:large, max-video-preview:-1\" \/>\n<link rel=\"canonical\" href=\"https:\/\/www.suno.com.br\/noticias\/safra-de-grao-tera-queda-de-55-este-ano-segundo-ibge\/\" \/>\n<meta property=\"og:locale\" content=\"pt_BR\" \/>\n<meta property=\"og:type\" content=\"article\" \/>\n<meta property=\"og:title\" content=\"Safra de gr\u00e3o ter\u00e1 queda de 5,5% este ano, segundo IBGE\" \/>\n<meta property=\"og:description\" content=\"Para o IBGE, a safra de cereais, leguminosas e oleaginosas deve fechar com uma queda de 5,5%, em 2018. Clique aqui para saber mais.\" \/>\n<meta property=\"og:url\" content=\"https:\/\/www.suno.com.br\/noticias\/safra-de-grao-tera-queda-de-55-este-ano-segundo-ibge\/\" \/>\n<meta property=\"og:site_name\" content=\"Suno Not\u00edcias\" \/>\n<meta property=\"article:publisher\" content=\"https:\/\/facebook.com\/sunoresearch\" \/>\n<meta property=\"og:image\" content=\"https:\/\/files.sunoresearch.com.br\/n\/uploads\/2018\/12\/cead9abe-safra-ibge2.jpg\" \/>\n\t<meta property=\"og:image:width\" content=\"780\" \/>\n\t<meta property=\"og:image:height\" content=\"440\" \/>\n\t<meta property=\"og:image:type\" content=\"image\/jpeg\" \/>\n<meta name=\"author\" content=\"Renan Bandeira\" \/>\n<meta name=\"twitter:card\" content=\"summary_large_image\" \/>\n<meta name=\"twitter:creator\" content=\"@sunoresearch\" \/>\n<meta name=\"twitter:site\" content=\"@sunoresearch\" \/>\n<meta name=\"twitter:label1\" content=\"Escrito por\" \/>\n\t<meta name=\"twitter:data1\" content=\"Renan Bandeira\" \/>\n\t<meta name=\"twitter:label2\" content=\"Est. tempo de leitura\" \/>\n\t<meta name=\"twitter:data2\" content=\"1 minuto\" \/>\n<script type=\"application\/ld+json\" class=\"yoast-schema-graph\">{\"@context\":\"https:\/\/schema.org\",\"@graph\":[{\"@type\":\"NewsArticle\",\"@id\":\"https:\/\/www.suno.com.br\/noticias\/safra-de-grao-tera-queda-de-55-este-ano-segundo-ibge\/#article\",\"isPartOf\":{\"@id\":\"https:\/\/www.suno.com.br\/noticias\/safra-de-grao-tera-queda-de-55-este-ano-segundo-ibge\/\"},\"author\":{\"name\":\"Renan Bandeira\",\"@id\":\"https:\/\/www.suno.com.br\/noticias\/#\/schema\/person\/fc144a1c6108bd1dcd43784e88a3c138\"},\"headline\":\"Safra de gr\u00e3o ter\u00e1 queda de 5,5% este ano, segundo IBGE\",\"datePublished\":\"2018-12-11T18:30:57+00:00\",\"dateModified\":\"2021-06-21T08:22:14+00:00\",\"mainEntityOfPage\":{\"@id\":\"https:\/\/www.suno.com.br\/noticias\/safra-de-grao-tera-queda-de-55-este-ano-segundo-ibge\/\"},\"wordCount\":189,\"publisher\":{\"@id\":\"https:\/\/www.suno.com.br\/noticias\/#organization\"},\"image\":{\"@id\":\"https:\/\/www.suno.com.br\/noticias\/safra-de-grao-tera-queda-de-55-este-ano-segundo-ibge\/#primaryimage\"},\"thumbnailUrl\":\"https:\/\/files.sunoresearch.com.br\/n\/uploads\/2018\/12\/cead9abe-safra-ibge2-jpg.webp\",\"keywords\":[\"Banco Safra\",\"IBGE\"],\"articleSection\":[\"Neg\u00f3cios\"],\"inLanguage\":\"pt-BR\"},{\"@type\":\"WebPage\",\"@id\":\"https:\/\/www.suno.com.br\/noticias\/safra-de-grao-tera-queda-de-55-este-ano-segundo-ibge\/\",\"url\":\"https:\/\/www.suno.com.br\/noticias\/safra-de-grao-tera-queda-de-55-este-ano-segundo-ibge\/\",\"name\":\"Safra de gr\u00e3o ter\u00e1 queda de 5,5% este ano, segundo IBGE\",\"isPartOf\":{\"@id\":\"https:\/\/www.suno.com.br\/noticias\/#website\"},\"primaryImageOfPage\":{\"@id\":\"https:\/\/www.suno.com.br\/noticias\/safra-de-grao-tera-queda-de-55-este-ano-segundo-ibge\/#primaryimage\"},\"image\":{\"@id\":\"https:\/\/www.suno.com.br\/noticias\/safra-de-grao-tera-queda-de-55-este-ano-segundo-ibge\/#primaryimage\"},\"thumbnailUrl\":\"https:\/\/files.sunoresearch.com.br\/n\/uploads\/2018\/12\/cead9abe-safra-ibge2-jpg.webp\",\"datePublished\":\"2018-12-11T18:30:57+00:00\",\"dateModified\":\"2021-06-21T08:22:14+00:00\",\"description\":\"Para o IBGE, a safra de cereais, leguminosas e oleaginosas deve fechar com uma queda de 5,5%, em 2018. Clique aqui para saber mais.\",\"breadcrumb\":{\"@id\":\"https:\/\/www.suno.com.br\/noticias\/safra-de-grao-tera-queda-de-55-este-ano-segundo-ibge\/#breadcrumb\"},\"inLanguage\":\"pt-BR\",\"potentialAction\":[{\"@type\":\"ReadAction\",\"target\":[\"https:\/\/www.suno.com.br\/noticias\/safra-de-grao-tera-queda-de-55-este-ano-segundo-ibge\/\"]}]},{\"@type\":\"ImageObject\",\"inLanguage\":\"pt-BR\",\"@id\":\"https:\/\/www.suno.com.br\/noticias\/safra-de-grao-tera-queda-de-55-este-ano-segundo-ibge\/#primaryimage\",\"url\":\"https:\/\/files.sunoresearch.com.br\/n\/uploads\/2018\/12\/cead9abe-safra-ibge2-jpg.webp\",\"contentUrl\":\"https:\/\/files.sunoresearch.com.br\/n\/uploads\/2018\/12\/cead9abe-safra-ibge2-jpg.webp\",\"width\":780,\"height\":440,\"caption\":\"SLC Agr\u00edcola emite CRA\"},{\"@type\":\"BreadcrumbList\",\"@id\":\"https:\/\/www.suno.com.br\/noticias\/safra-de-grao-tera-queda-de-55-este-ano-segundo-ibge\/#breadcrumb\",\"itemListElement\":[{\"@type\":\"ListItem\",\"position\":1,\"name\":\"Not\u00edcias\",\"item\":\"https:\/\/www.suno.com.br\/noticias\/\"},{\"@type\":\"ListItem\",\"position\":2,\"name\":\"Neg\u00f3cios\",\"item\":\"https:\/\/www.suno.com.br\/noticias\/negocios\/\"},{\"@type\":\"ListItem\",\"position\":3,\"name\":\"Safra de gr\u00e3o ter\u00e1 queda de 5,5% este ano, segundo IBGE\"}]},{\"@type\":\"WebSite\",\"@id\":\"https:\/\/www.suno.com.br\/noticias\/#website\",\"url\":\"https:\/\/www.suno.com.br\/noticias\/\",\"name\":\"Suno Not\u00edcias\",\"description\":\"Seu portal de informa\u00e7\u00e3o sobre o mundo dos investimentos\",\"publisher\":{\"@id\":\"https:\/\/www.suno.com.br\/noticias\/#organization\"},\"potentialAction\":[{\"@type\":\"SearchAction\",\"target\":{\"@type\":\"EntryPoint\",\"urlTemplate\":\"https:\/\/www.suno.com.br\/noticias\/?s={search_term_string}\"},\"query-input\":{\"@type\":\"PropertyValueSpecification\",\"valueRequired\":true,\"valueName\":\"search_term_string\"}}],\"inLanguage\":\"pt-BR\"},{\"@type\":\"Organization\",\"@id\":\"https:\/\/www.suno.com.br\/noticias\/#organization\",\"name\":\"Suno Not\u00edcias\",\"url\":\"https:\/\/www.suno.com.br\/noticias\/\",\"logo\":{\"@type\":\"ImageObject\",\"inLanguage\":\"pt-BR\",\"@id\":\"https:\/\/www.suno.com.br\/noticias\/#\/schema\/logo\/image\/\",\"url\":\"https:\/\/files.sunoresearch.com.br\/n\/uploads\/2021\/09\/suno-logo.png\",\"contentUrl\":\"https:\/\/files.sunoresearch.com.br\/n\/uploads\/2021\/09\/suno-logo.png\",\"width\":180,\"height\":180,\"caption\":\"Suno Not\u00edcias\"},\"image\":{\"@id\":\"https:\/\/www.suno.com.br\/noticias\/#\/schema\/logo\/image\/\"},\"sameAs\":[\"https:\/\/facebook.com\/sunoresearch\",\"https:\/\/x.com\/sunoresearch\",\"https:\/\/www.instagram.com\/suno\",\"https:\/\/www.linkedin.com\/company\/suno-research\/\",\"https:\/\/www.youtube.com\/c\/sunoresearch\"]},{\"@type\":\"Person\",\"@id\":\"https:\/\/www.suno.com.br\/noticias\/#\/schema\/person\/fc144a1c6108bd1dcd43784e88a3c138\",\"name\":\"Renan Bandeira\",\"image\":{\"@type\":\"ImageObject\",\"inLanguage\":\"pt-BR\",\"@id\":\"https:\/\/www.suno.com.br\/noticias\/#\/schema\/person\/image\/\",\"url\":\"https:\/\/secure.gravatar.com\/avatar\/68359cdb608f14f11bbefcb78f3fc747?s=96&r=g\",\"contentUrl\":\"https:\/\/secure.gravatar.com\/avatar\/68359cdb608f14f11bbefcb78f3fc747?s=96&r=g\",\"caption\":\"Renan Bandeira\"},\"description\":\"Renan Bandeira escreve sobre pol\u00edtica e economia para o portal da Suno Research. Antes da Suno, trabalhou em uma rede de televis\u00e3o, onde fazia reportagens sobre os mesmos temas. Estuda na Universidade Metodista de S\u00e3o Paulo.\",\"url\":\"https:\/\/www.suno.com.br\/noticias\/author\/renan-bandeira\/\"}]}<\/script>\n<!-- \/ Yoast SEO plugin. -->","yoast_head_json":{"title":"Safra de gr\u00e3o ter\u00e1 queda de 5,5% este ano, segundo IBGE","description":"Para o IBGE, a safra de cereais, leguminosas e oleaginosas deve fechar com uma queda de 5,5%, em 2018. Clique aqui para saber mais.","robots":{"index":"index","follow":"follow","max-snippet":"max-snippet:-1","max-image-preview":"max-image-preview:large","max-video-preview":"max-video-preview:-1"},"canonical":"https:\/\/www.suno.com.br\/noticias\/safra-de-grao-tera-queda-de-55-este-ano-segundo-ibge\/","og_locale":"pt_BR","og_type":"article","og_title":"Safra de gr\u00e3o ter\u00e1 queda de 5,5% este ano, segundo IBGE","og_description":"Para o IBGE, a safra de cereais, leguminosas e oleaginosas deve fechar com uma queda de 5,5%, em 2018. Clique aqui para saber mais.","og_url":"https:\/\/www.suno.com.br\/noticias\/safra-de-grao-tera-queda-de-55-este-ano-segundo-ibge\/","og_site_name":"Suno Not\u00edcias","article_publisher":"https:\/\/facebook.com\/sunoresearch","og_image":[{"width":780,"height":440,"url":"https:\/\/files.sunoresearch.com.br\/n\/uploads\/2018\/12\/cead9abe-safra-ibge2.jpg","type":"image\/jpeg"}],"author":"Renan Bandeira","twitter_card":"summary_large_image","twitter_creator":"@sunoresearch","twitter_site":"@sunoresearch","twitter_misc":{"Escrito por":"Renan Bandeira","Est. tempo de leitura":"1 minuto"},"schema":{"@context":"https:\/\/schema.org","@graph":[{"@type":"NewsArticle","@id":"https:\/\/www.suno.com.br\/noticias\/safra-de-grao-tera-queda-de-55-este-ano-segundo-ibge\/#article","isPartOf":{"@id":"https:\/\/www.suno.com.br\/noticias\/safra-de-grao-tera-queda-de-55-este-ano-segundo-ibge\/"},"author":{"name":"Renan Bandeira","@id":"https:\/\/www.suno.com.br\/noticias\/#\/schema\/person\/fc144a1c6108bd1dcd43784e88a3c138"},"headline":"Safra de gr\u00e3o ter\u00e1 queda de 5,5% este ano, segundo IBGE","datePublished":"2018-12-11T18:30:57+00:00","dateModified":"2021-06-21T08:22:14+00:00","mainEntityOfPage":{"@id":"https:\/\/www.suno.com.br\/noticias\/safra-de-grao-tera-queda-de-55-este-ano-segundo-ibge\/"},"wordCount":189,"publisher":{"@id":"https:\/\/www.suno.com.br\/noticias\/#organization"},"image":{"@id":"https:\/\/www.suno.com.br\/noticias\/safra-de-grao-tera-queda-de-55-este-ano-segundo-ibge\/#primaryimage"},"thumbnailUrl":"https:\/\/files.sunoresearch.com.br\/n\/uploads\/2018\/12\/cead9abe-safra-ibge2-jpg.webp","keywords":["Banco Safra","IBGE"],"articleSection":["Neg\u00f3cios"],"inLanguage":"pt-BR"},{"@type":"WebPage","@id":"https:\/\/www.suno.com.br\/noticias\/safra-de-grao-tera-queda-de-55-este-ano-segundo-ibge\/","url":"https:\/\/www.suno.com.br\/noticias\/safra-de-grao-tera-queda-de-55-este-ano-segundo-ibge\/","name":"Safra de gr\u00e3o ter\u00e1 queda de 5,5% este ano, segundo IBGE","isPartOf":{"@id":"https:\/\/www.suno.com.br\/noticias\/#website"},"primaryImageOfPage":{"@id":"https:\/\/www.suno.com.br\/noticias\/safra-de-grao-tera-queda-de-55-este-ano-segundo-ibge\/#primaryimage"},"image":{"@id":"https:\/\/www.suno.com.br\/noticias\/safra-de-grao-tera-queda-de-55-este-ano-segundo-ibge\/#primaryimage"},"thumbnailUrl":"https:\/\/files.sunoresearch.com.br\/n\/uploads\/2018\/12\/cead9abe-safra-ibge2-jpg.webp","datePublished":"2018-12-11T18:30:57+00:00","dateModified":"2021-06-21T08:22:14+00:00","description":"Para o IBGE, a safra de cereais, leguminosas e oleaginosas deve fechar com uma queda de 5,5%, em 2018. Clique aqui para saber mais.","breadcrumb":{"@id":"https:\/\/www.suno.com.br\/noticias\/safra-de-grao-tera-queda-de-55-este-ano-segundo-ibge\/#breadcrumb"},"inLanguage":"pt-BR","potentialAction":[{"@type":"ReadAction","target":["https:\/\/www.suno.com.br\/noticias\/safra-de-grao-tera-queda-de-55-este-ano-segundo-ibge\/"]}]},{"@type":"ImageObject","inLanguage":"pt-BR","@id":"https:\/\/www.suno.com.br\/noticias\/safra-de-grao-tera-queda-de-55-este-ano-segundo-ibge\/#primaryimage","url":"https:\/\/files.sunoresearch.com.br\/n\/uploads\/2018\/12\/cead9abe-safra-ibge2-jpg.webp","contentUrl":"https:\/\/files.sunoresearch.com.br\/n\/uploads\/2018\/12\/cead9abe-safra-ibge2-jpg.webp","width":780,"height":440,"caption":"SLC Agr\u00edcola emite CRA"},{"@type":"BreadcrumbList","@id":"https:\/\/www.suno.com.br\/noticias\/safra-de-grao-tera-queda-de-55-este-ano-segundo-ibge\/#breadcrumb","itemListElement":[{"@type":"ListItem","position":1,"name":"Not\u00edcias","item":"https:\/\/www.suno.com.br\/noticias\/"},{"@type":"ListItem","position":2,"name":"Neg\u00f3cios","item":"https:\/\/www.suno.com.br\/noticias\/negocios\/"},{"@type":"ListItem","position":3,"name":"Safra de gr\u00e3o ter\u00e1 queda de 5,5% este ano, segundo IBGE"}]},{"@type":"WebSite","@id":"https:\/\/www.suno.com.br\/noticias\/#website","url":"https:\/\/www.suno.com.br\/noticias\/","name":"Suno Not\u00edcias","description":"Seu portal de informa\u00e7\u00e3o sobre o mundo dos investimentos","publisher":{"@id":"https:\/\/www.suno.com.br\/noticias\/#organization"},"potentialAction":[{"@type":"SearchAction","target":{"@type":"EntryPoint","urlTemplate":"https:\/\/www.suno.com.br\/noticias\/?s={search_term_string}"},"query-input":{"@type":"PropertyValueSpecification","valueRequired":true,"valueName":"search_term_string"}}],"inLanguage":"pt-BR"},{"@type":"Organization","@id":"https:\/\/www.suno.com.br\/noticias\/#organization","name":"Suno Not\u00edcias","url":"https:\/\/www.suno.com.br\/noticias\/","logo":{"@type":"ImageObject","inLanguage":"pt-BR","@id":"https:\/\/www.suno.com.br\/noticias\/#\/schema\/logo\/image\/","url":"https:\/\/files.sunoresearch.com.br\/n\/uploads\/2021\/09\/suno-logo.png","contentUrl":"https:\/\/files.sunoresearch.com.br\/n\/uploads\/2021\/09\/suno-logo.png","width":180,"height":180,"caption":"Suno Not\u00edcias"},"image":{"@id":"https:\/\/www.suno.com.br\/noticias\/#\/schema\/logo\/image\/"},"sameAs":["https:\/\/facebook.com\/sunoresearch","https:\/\/x.com\/sunoresearch","https:\/\/www.instagram.com\/suno","https:\/\/www.linkedin.com\/company\/suno-research\/","https:\/\/www.youtube.com\/c\/sunoresearch"]},{"@type":"Person","@id":"https:\/\/www.suno.com.br\/noticias\/#\/schema\/person\/fc144a1c6108bd1dcd43784e88a3c138","name":"Renan Bandeira","image":{"@type":"ImageObject","inLanguage":"pt-BR","@id":"https:\/\/www.suno.com.br\/noticias\/#\/schema\/person\/image\/","url":"https:\/\/secure.gravatar.com\/avatar\/68359cdb608f14f11bbefcb78f3fc747?s=96&r=g","contentUrl":"https:\/\/secure.gravatar.com\/avatar\/68359cdb608f14f11bbefcb78f3fc747?s=96&r=g","caption":"Renan Bandeira"},"description":"Renan Bandeira escreve sobre pol\u00edtica e economia para o portal da Suno Research. Antes da Suno, trabalhou em uma rede de televis\u00e3o, onde fazia reportagens sobre os mesmos temas. Estuda na Universidade Metodista de S\u00e3o Paulo.","url":"https:\/\/www.suno.com.br\/noticias\/author\/renan-bandeira\/"}]}},"default_loop_html":"<div class=\"cardsPage__listCard__boxs\"><div class=\"cardsPage__listCard__boxs__img\"><a href=\"https:\/\/www.suno.com.br\/noticias\/safra-de-grao-tera-queda-de-55-este-ano-segundo-ibge\/\"><img class=\"mask\" src=\"https:\/\/www.suno.com.br\/noticias\/wp-content\/themes\/suno\/resources\/images\/spotlight\/spotlight1img\/bg-mask.png\" alt=\"Image Mask\"\/><img src=\"https:\/\/files.sunoresearch.com.br\/n\/uploads\/2018\/12\/cead9abe-safra-ibge2-400x200.webp\" alt=\"Safra de gr\u00e3o ter\u00e1 queda de 5,5% este ano, segundo IBGE\"\/><\/a><span class=\"spotlightCategory\"><a href=\"https:\/\/www.suno.com.br\/noticias\/negocios\/\">Neg\u00f3cios<\/a><\/span><\/div><div class=\"cardsPage__listCard__boxs__content\"><a href=\"https:\/\/www.suno.com.br\/noticias\/safra-de-grao-tera-queda-de-55-este-ano-segundo-ibge\/\"><h2 class=\"content__title\">Safra de gr\u00e3o ter\u00e1 queda de 5,5% este ano, segundo IBGE<\/h2><\/a><div class=\"newsContent__article__meta\"><div class=\"newsContent__article__meta__authorBox\"><a href=\"https:\/\/www.suno.com.br\/noticias\/author\/renan-bandeira\/\" class=\"authorBox__avatar noMobi\"><img src=\"https:\/\/secure.gravatar.com\/avatar\/68359cdb608f14f11bbefcb78f3fc747?s=96&#038;r=g\" alt=\"Renan Bandeira\"><\/a><div class=\"authorBox__name\"><span>por\n\t\t\t<a href=\"https:\/\/www.suno.com.br\/noticias\/author\/renan-bandeira\/\"><span itemprop=\"author\">Renan Bandeira<\/span><\/a><\/span><time datetime=\"2018-12-11T16:30:57-02:00\" itemprop=\"datePublished\">11\/12\/2018 16:30<\/time><\/div><\/div><\/div><\/div><\/div>","single_layout":"posts","amp_enabled":true,"_links":{"self":[{"href":"https:\/\/www.suno.com.br\/noticias\/wp-json\/wp\/v2\/posts\/8431"}],"collection":[{"href":"https:\/\/www.suno.com.br\/noticias\/wp-json\/wp\/v2\/posts"}],"about":[{"href":"https:\/\/www.suno.com.br\/noticias\/wp-json\/wp\/v2\/types\/post"}],"author":[{"embeddable":true,"href":"https:\/\/www.suno.com.br\/noticias\/wp-json\/wp\/v2\/users\/11"}],"replies":[{"embeddable":true,"href":"https:\/\/www.suno.com.br\/noticias\/wp-json\/wp\/v2\/comments?post=8431"}],"version-history":[{"count":1,"href":"https:\/\/www.suno.com.br\/noticias\/wp-json\/wp\/v2\/posts\/8431\/revisions"}],"predecessor-version":[{"id":159520,"href":"https:\/\/www.suno.com.br\/noticias\/wp-json\/wp\/v2\/posts\/8431\/revisions\/159520"}],"wp:featuredmedia":[{"embeddable":true,"href":"https:\/\/www.suno.com.br\/noticias\/wp-json\/wp\/v2\/media\/8441"}],"wp:attachment":[{"href":"https:\/\/www.suno.com.br\/noticias\/wp-json\/wp\/v2\/media?parent=8431"}],"wp:term":[{"taxonomy":"category","embeddable":true,"href":"https:\/\/www.suno.com.br\/noticias\/wp-json\/wp\/v2\/categories?post=8431"},{"taxonomy":"post_tag","embeddable":true,"href":"https:\/\/www.suno.com.br\/noticias\/wp-json\/wp\/v2\/tags?post=8431"},{"taxonomy":"suno_strategy","embeddable":true,"href":"https:\/\/www.suno.com.br\/noticias\/wp-json\/wp\/v2\/suno_strategy?post=8431"}],"curies":[{"name":"wp","href":"https:\/\/api.w.org\/{rel}","templated":true}]}}