{"id":84305,"date":"2020-09-13T08:31:50","date_gmt":"2020-09-13T11:31:50","guid":{"rendered":"https:\/\/www.suno.com.br\/noticias\/?p=84305"},"modified":"2020-09-13T08:32:41","modified_gmt":"2020-09-13T11:32:41","slug":"governo-estuda-renda-brasil-na-constituicao","status":"publish","type":"post","link":"https:\/\/www.suno.com.br\/noticias\/governo-estuda-renda-brasil-na-constituicao\/","title":{"rendered":"Governo estuda incluir Renda Brasil na Constitui\u00e7\u00e3o"},"content":{"rendered":"<p>O governo estuda a inclus\u00e3o dos principais conceitos do <strong>Renda Brasil<\/strong>, programa assistencial que ir\u00e1 substituir o Bolsa Fam\u00edlia, no texto da Constitui\u00e7\u00e3o. Segundo Fernando Bezerra (MDB-PE), l\u00edder do governo no Senado, em entrevista ao jornal &#8220;O Estado de S.Paulo&#8221;, o objetivo com isso \u00e9 garantir uma renda m\u00ednima a todo cidad\u00e3o brasileiro.<\/p>\t<div class=\"wrapper-featured-image\">\n\t\t<figure class=\"spotlightImg\">\n\n\t\t\t<picture>\n\t\t\t\t<source media=\"(max-width: 768px)\" srcset=\"https:\/\/files.sunoresearch.com.br\/n\/uploads\/2020\/09\/e0625333-congresso_nacional_0-400x200.webp\">\n\t\t\t\t<img loading=\"lazy\" decoding=\"async\" class=\"newsContent__article__imgCapa lazyloadDisabled \" src=\"https:\/\/files.sunoresearch.com.br\/n\/uploads\/2020\/09\/e0625333-congresso_nacional_0-800x450.webp\" width=\"800\" height=\"450\" alt=\"Governo estuda incluir Renda Brasil na Constitui\u00e7\u00e3o\" fetchpriority=high \/>\n\t\t\t<\/picture>\n\n\t\t\t<figcaption class=\"wp-caption-text wp-caption-text--show\">Governo estuda ampliar aux\u00edlio emergencial caso PEC dos precat\u00f3rios n\u00e3o seja aprovada<\/figcaption>\n\t\t<\/figure>\n\t<\/div>\n\n\n<div class=\"hubspot-form-wrapper\">\n\t<div id=\"single-form-target\"><\/div>\n<\/div>\n\n<p>O Senador afirmou que o intuito \u00e9 incluir os conceitos do Renda Brasil no parecer do senador Marcio Bittar (MDB-AC) acerca da <strong>Proposta de Emenda Constitucional (PEC)<\/strong> do pacto federativo. A proposta traz medidas para diminuir despesas e abrir espa\u00e7o no teto de gastos &#8212; processo criado em 2016 que atrela o aumento de gastos \u00e0 infla\u00e7\u00e3o apurada no ano anterior.<\/p>\n<p>De acordo com Bezerra, as medidas de desvincula\u00e7\u00e3o (retirada dos &#8220;carimbos&#8221; das despesas), desindexa\u00e7\u00e3o (retirada de corre\u00e7\u00f5es autom\u00e1ticas de gastos) e desobriga\u00e7\u00e3o &#8211; denominado &#8220;<strong>DDD<\/strong>&#8221; &#8211; podem abrir um espa\u00e7o fiscal de aproximadamente R$ 20 bilh\u00f5es ano que vem. Esse valor pode atingir R$ 40 bilh\u00f5es no segundo ano de implementa\u00e7\u00e3o.<\/p>\n<p><a href=\"https:\/\/lp.suno.com.br\/suno-one\/\">No Suno One voc\u00ea aprende a fazer seu dinheiro trabalhar para voc\u00ea. Cadastre-se gratuitamente agora!<\/a><\/p>\n<p>O l\u00edder do governo no Senado pontua que o cen\u00e1rio de <a href=\"https:\/\/www.suno.com.br\/artigos\/inflacao\/\"><strong>infla\u00e7\u00e3o<\/strong> <\/a>baixa d\u00e1 oportunidade \u00e0 aprova\u00e7\u00e3o de uma desvincula\u00e7\u00e3o do sal\u00e1rio m\u00ednimo, que n\u00e3o seria mais corrigido automaticamente pelo <a href=\"https:\/\/www.suno.com.br\/artigos\/inpc\/\">\u00cdndice Nacional de Pre\u00e7os ao Consumidor (<strong>INPC<\/strong>)<\/a> para viabilizar o Renda Brasil. &#8220;Assim como n\u00f3s colocamos na Constituinte de 88 o SUS (Sistema \u00danico de Sa\u00fade), vamos assegurar a renda m\u00ednima&#8221;, disse ao jornal.<\/p>\n<p>Bezerra adiantou que um dos princ\u00edpios do Renda Brasil que ser\u00e3o inclu\u00eddos \u00e9 o conceito de que os brasileiros ser\u00e3o cuidados pelo programa desde a inf\u00e2ncia at\u00e9 seu primeiro emprego.<\/p>\n<p>O senador passou os \u00faltimos dias em negocia\u00e7\u00f5es para a estipula\u00e7\u00e3o do cronograma de vota\u00e7\u00e3o dos principais pontos da agenda econ\u00f4mica. De acordo com ele, a estimativa \u00e9 que no dia 16 de novembro seja definido o espa\u00e7o fiscal para o financiamento do programa no ano que vem, com o volume de recursos dispon\u00edveis e o tamanho do p\u00fablico beneficiado.<\/p>\n<p>At\u00e9 que seja definido, a estrat\u00e9gia \u00e9 aprovar as medidas que v\u00e3o abrir espa\u00e7o para bancar o programa atrav\u00e9s da PEC do pacto federativo. &#8220;\u00c9 um programa muito inovador, que estimula a formaliza\u00e7\u00e3o do emprego, mas com compromisso com a solidariedade social&#8221;, afirmou ele, salientando que a pandemia do <a href=\"https:\/\/www.suno.com.br\/noticias\/?s=coronav%C3%ADrus\">novo <strong>coronav\u00edrus<\/strong> (Covid-19)<\/a> agravou a desigualdade em todo o mundo.<\/p>\n<p>Na vis\u00e3o do parlamentar, o programa vai assegurar o direito \u00e0 renda m\u00ednima para que uma fatia expressiva de brasileiros n\u00e3o fique abaixo da linha da mis\u00e9ria.<\/p>\n<h2>Fontes de financiamento da Renda Brasil<\/h2>\n<p>O espa\u00e7o fiscal \u00e9 uma das grandes entraves do Renda Brasil. O presidente <strong>Jair Bolsonaro<\/strong> recentemente manifestou o desejo por um benef\u00edcio de cerca de R$ 300 mensais. Para isso, o <strong>Minist\u00e9rio da Economia<\/strong> sugeriu acabar com benef\u00edcios como abono salarial (14\u00ba sal\u00e1rio pago a trabalhadores com carteira que ganham at\u00e9 dois sal\u00e1rios m\u00ednimos) e seguro-defeso (pago a pescadores no per\u00edodo de proibi\u00e7\u00e3o da atividade).<\/p>\n\t<div data-element=\"shortcode-read-more\" class=\"knowMore\">\n\t\t\t\t<span class=\"knowMore__title\">Veja mais<\/span>\n\t\t\t\t<a class=\"knowMore__link\" href=\"https:\/\/www.suno.com.br\/noticias\/renda-brasil-tirar-dinheiro-andar-cima-diz-guedes\/\">\n\t\t\tRenda Brasil pode tirar dinheiro do &quot;andar de cima&quot;, segundo Guedes\t\t<\/a>\n\t<\/div>\n\n\n<p>Com a recusa do presidente para a proposta da pasta liderada por <a href=\"https:\/\/www.suno.com.br\/tudo-sobre\/paulo-guedes\/\">Paulo Guedes<\/a>, a \u00e1rea econ\u00f4mica focou sua estrat\u00e9gia na cria\u00e7\u00e3o em si do programa, mesmo que de forma mais t\u00edmida no in\u00edcio.<\/p>\n<p>De acordo com &#8220;O Estado de S.Paulo&#8221;, a ideia \u00e9 criar a &#8220;caixinha&#8221; do <strong>Renda Brasil<\/strong> e ir, paulatinamente, direcionando os recursos para l\u00e1. A avalia\u00e7\u00e3o \u00e9 que, com os resultados do programa, o pr\u00f3prio Congresso ter\u00e1 o desejo de turbinar o aux\u00edlio e encampar\u00e1 as revis\u00f5es de benef\u00edcios existentes sugeridas pela equipe econ\u00f4mica.<\/p>\n<p>Com informa\u00e7\u00f5es do Estad\u00e3o Conte\u00fado.<\/p>\n\t<p>\n\t\t<a href=\"https:\/\/lp.suno.com.br\/planilha-de-controle-de-investimentos\/\" target=\"_blank\" data-element=\"shortcode-suno-banner\" title=\"Banner SUNO, clique e saiba mais\">\n\t\t\t<picture>\n\t\t\t\t<source media=\"(max-width: 500px)\" srcset=\"https:\/\/files.sunoresearch.com.br\/n\/uploads\/2023\/03\/400x300-Controle-de-Investimentos.png\">\n\t\t\t\t<img class=\"newsContent__article__imgCapa newsContent__article__imgCapa--banner\"\n\t\t\t\t\tsrc=\"https:\/\/files.sunoresearch.com.br\/n\/uploads\/2023\/03\/1420x240-Controle-de-Investimentos.png\"\n\t\t\t\t\tdata-promo-id=\"75934\"\t\t\t\t\t\t\t\t\t\twidth='1420' height='240'\t\t\t\t\talt=\"https:\/\/files.sunoresearch.com.br\/n\/uploads\/2023\/03\/1420x240-Controle-de-Investimentos.png\"\n\t\t\t\t>\n\t\t\t<\/picture>\n\t\t<\/a>\n\t<\/p>\n\n\n","protected":false},"excerpt":{"rendered":"<p>O governo estuda a inclus\u00e3o dos principais conceitos do Renda Brasil, programa assistencial que ir\u00e1 substituir o Bolsa Fam\u00edlia, no texto da Constitui\u00e7\u00e3o. Segundo Fernando Bezerra (MDB-PE), l\u00edder do governo no Senado, em entrevista ao jornal &#8220;O Estado de S.Paulo&#8221;, o objetivo com isso \u00e9 garantir uma renda m\u00ednima a todo cidad\u00e3o brasileiro. Governo estuda [&hellip;]<\/p>\n","protected":false},"author":24,"featured_media":84310,"comment_status":"closed","ping_status":"closed","sticky":false,"template":"","format":"standard","meta":[],"categories":[61],"tags":[909,94616],"suno_strategy":[],"class_list":["post-84305","post","type-post","status-publish","format-standard","has-post-thumbnail","hentry","category-politica","tag-ministerio-da-economia","tag-renda-brasil"],"yoast_head":"<!-- This site is optimized with the Yoast SEO plugin v24.4 - https:\/\/yoast.com\/wordpress\/plugins\/seo\/ -->\n<title>Governo estuda incluir Renda Brasil na Constitui\u00e7\u00e3o<\/title>\n<meta name=\"description\" content=\"O governo estuda a inclus\u00e3o dos principais conceitos do Renda Brasil no texto da Constitui\u00e7\u00e3o por meio de uma PEC. Clique aqui e saiba mais.\" \/>\n<meta name=\"robots\" content=\"index, follow, max-snippet:-1, max-image-preview:large, max-video-preview:-1\" \/>\n<link rel=\"canonical\" href=\"https:\/\/www.suno.com.br\/noticias\/governo-estuda-renda-brasil-na-constituicao\/\" \/>\n<meta property=\"og:locale\" content=\"pt_BR\" \/>\n<meta property=\"og:type\" content=\"article\" \/>\n<meta property=\"og:title\" content=\"Governo estuda incluir Renda Brasil na Constitui\u00e7\u00e3o\" \/>\n<meta property=\"og:description\" content=\"O governo estuda a inclus\u00e3o dos principais conceitos do Renda Brasil no texto da Constitui\u00e7\u00e3o por meio de uma PEC. Clique aqui e saiba mais.\" \/>\n<meta property=\"og:url\" content=\"https:\/\/www.suno.com.br\/noticias\/governo-estuda-renda-brasil-na-constituicao\/\" \/>\n<meta property=\"og:site_name\" content=\"Suno Not\u00edcias\" \/>\n<meta property=\"article:publisher\" content=\"https:\/\/facebook.com\/sunoresearch\" \/>\n<meta property=\"og:image\" content=\"https:\/\/files.sunoresearch.com.br\/n\/uploads\/2020\/09\/e0625333-congresso_nacional_0.jpg\" \/>\n\t<meta property=\"og:image:width\" content=\"1170\" \/>\n\t<meta property=\"og:image:height\" content=\"700\" \/>\n\t<meta property=\"og:image:type\" content=\"image\/jpeg\" \/>\n<meta name=\"author\" content=\"Jader Lazarini\" \/>\n<meta name=\"twitter:card\" content=\"summary_large_image\" \/>\n<meta name=\"twitter:creator\" content=\"@sunoresearch\" \/>\n<meta name=\"twitter:site\" content=\"@sunoresearch\" \/>\n<meta name=\"twitter:label1\" content=\"Escrito por\" \/>\n\t<meta name=\"twitter:data1\" content=\"Jader Lazarini\" \/>\n\t<meta name=\"twitter:label2\" content=\"Est. tempo de leitura\" \/>\n\t<meta name=\"twitter:data2\" content=\"3 minutos\" \/>\n<script type=\"application\/ld+json\" class=\"yoast-schema-graph\">{\"@context\":\"https:\/\/schema.org\",\"@graph\":[{\"@type\":\"NewsArticle\",\"@id\":\"https:\/\/www.suno.com.br\/noticias\/governo-estuda-renda-brasil-na-constituicao\/#article\",\"isPartOf\":{\"@id\":\"https:\/\/www.suno.com.br\/noticias\/governo-estuda-renda-brasil-na-constituicao\/\"},\"author\":{\"name\":\"Jader Lazarini\",\"@id\":\"https:\/\/www.suno.com.br\/noticias\/#\/schema\/person\/918d79de1f0281f01599b93f9ea6e23f\"},\"headline\":\"Governo estuda incluir Renda Brasil na Constitui\u00e7\u00e3o\",\"datePublished\":\"2020-09-13T11:31:50+00:00\",\"dateModified\":\"2020-09-13T11:32:41+00:00\",\"mainEntityOfPage\":{\"@id\":\"https:\/\/www.suno.com.br\/noticias\/governo-estuda-renda-brasil-na-constituicao\/\"},\"wordCount\":672,\"publisher\":{\"@id\":\"https:\/\/www.suno.com.br\/noticias\/#organization\"},\"image\":{\"@id\":\"https:\/\/www.suno.com.br\/noticias\/governo-estuda-renda-brasil-na-constituicao\/#primaryimage\"},\"thumbnailUrl\":\"https:\/\/files.sunoresearch.com.br\/n\/uploads\/2020\/09\/e0625333-congresso_nacional_0-jpg.webp\",\"keywords\":[\"Minist\u00e9rio da Economia\",\"Renda Brasil\"],\"articleSection\":[\"Pol\u00edtica\"],\"inLanguage\":\"pt-BR\"},{\"@type\":\"WebPage\",\"@id\":\"https:\/\/www.suno.com.br\/noticias\/governo-estuda-renda-brasil-na-constituicao\/\",\"url\":\"https:\/\/www.suno.com.br\/noticias\/governo-estuda-renda-brasil-na-constituicao\/\",\"name\":\"Governo estuda incluir Renda Brasil na Constitui\u00e7\u00e3o\",\"isPartOf\":{\"@id\":\"https:\/\/www.suno.com.br\/noticias\/#website\"},\"primaryImageOfPage\":{\"@id\":\"https:\/\/www.suno.com.br\/noticias\/governo-estuda-renda-brasil-na-constituicao\/#primaryimage\"},\"image\":{\"@id\":\"https:\/\/www.suno.com.br\/noticias\/governo-estuda-renda-brasil-na-constituicao\/#primaryimage\"},\"thumbnailUrl\":\"https:\/\/files.sunoresearch.com.br\/n\/uploads\/2020\/09\/e0625333-congresso_nacional_0-jpg.webp\",\"datePublished\":\"2020-09-13T11:31:50+00:00\",\"dateModified\":\"2020-09-13T11:32:41+00:00\",\"description\":\"O governo estuda a inclus\u00e3o dos principais conceitos do Renda Brasil no texto da Constitui\u00e7\u00e3o por meio de uma PEC. Clique aqui e saiba mais.\",\"breadcrumb\":{\"@id\":\"https:\/\/www.suno.com.br\/noticias\/governo-estuda-renda-brasil-na-constituicao\/#breadcrumb\"},\"inLanguage\":\"pt-BR\",\"potentialAction\":[{\"@type\":\"ReadAction\",\"target\":[\"https:\/\/www.suno.com.br\/noticias\/governo-estuda-renda-brasil-na-constituicao\/\"]}]},{\"@type\":\"ImageObject\",\"inLanguage\":\"pt-BR\",\"@id\":\"https:\/\/www.suno.com.br\/noticias\/governo-estuda-renda-brasil-na-constituicao\/#primaryimage\",\"url\":\"https:\/\/files.sunoresearch.com.br\/n\/uploads\/2020\/09\/e0625333-congresso_nacional_0-jpg.webp\",\"contentUrl\":\"https:\/\/files.sunoresearch.com.br\/n\/uploads\/2020\/09\/e0625333-congresso_nacional_0-jpg.webp\",\"width\":1170,\"height\":700,\"caption\":\"Governo estuda ampliar aux\u00edlio emergencial caso PEC dos precat\u00f3rios n\u00e3o seja aprovada\"},{\"@type\":\"BreadcrumbList\",\"@id\":\"https:\/\/www.suno.com.br\/noticias\/governo-estuda-renda-brasil-na-constituicao\/#breadcrumb\",\"itemListElement\":[{\"@type\":\"ListItem\",\"position\":1,\"name\":\"Not\u00edcias\",\"item\":\"https:\/\/www.suno.com.br\/noticias\/\"},{\"@type\":\"ListItem\",\"position\":2,\"name\":\"Pol\u00edtica\",\"item\":\"https:\/\/www.suno.com.br\/noticias\/politica\/\"},{\"@type\":\"ListItem\",\"position\":3,\"name\":\"Governo estuda incluir Renda Brasil na Constitui\u00e7\u00e3o\"}]},{\"@type\":\"WebSite\",\"@id\":\"https:\/\/www.suno.com.br\/noticias\/#website\",\"url\":\"https:\/\/www.suno.com.br\/noticias\/\",\"name\":\"Suno Not\u00edcias\",\"description\":\"Seu portal de informa\u00e7\u00e3o sobre o mundo dos investimentos\",\"publisher\":{\"@id\":\"https:\/\/www.suno.com.br\/noticias\/#organization\"},\"potentialAction\":[{\"@type\":\"SearchAction\",\"target\":{\"@type\":\"EntryPoint\",\"urlTemplate\":\"https:\/\/www.suno.com.br\/noticias\/?s={search_term_string}\"},\"query-input\":{\"@type\":\"PropertyValueSpecification\",\"valueRequired\":true,\"valueName\":\"search_term_string\"}}],\"inLanguage\":\"pt-BR\"},{\"@type\":\"Organization\",\"@id\":\"https:\/\/www.suno.com.br\/noticias\/#organization\",\"name\":\"Suno Not\u00edcias\",\"url\":\"https:\/\/www.suno.com.br\/noticias\/\",\"logo\":{\"@type\":\"ImageObject\",\"inLanguage\":\"pt-BR\",\"@id\":\"https:\/\/www.suno.com.br\/noticias\/#\/schema\/logo\/image\/\",\"url\":\"https:\/\/files.sunoresearch.com.br\/n\/uploads\/2021\/09\/suno-logo.png\",\"contentUrl\":\"https:\/\/files.sunoresearch.com.br\/n\/uploads\/2021\/09\/suno-logo.png\",\"width\":180,\"height\":180,\"caption\":\"Suno Not\u00edcias\"},\"image\":{\"@id\":\"https:\/\/www.suno.com.br\/noticias\/#\/schema\/logo\/image\/\"},\"sameAs\":[\"https:\/\/facebook.com\/sunoresearch\",\"https:\/\/x.com\/sunoresearch\",\"https:\/\/www.instagram.com\/suno\",\"https:\/\/www.linkedin.com\/company\/suno-research\/\",\"https:\/\/www.youtube.com\/c\/sunoresearch\"]},{\"@type\":\"Person\",\"@id\":\"https:\/\/www.suno.com.br\/noticias\/#\/schema\/person\/918d79de1f0281f01599b93f9ea6e23f\",\"name\":\"Jader Lazarini\",\"image\":{\"@type\":\"ImageObject\",\"inLanguage\":\"pt-BR\",\"@id\":\"https:\/\/www.suno.com.br\/noticias\/#\/schema\/person\/image\/\",\"url\":\"https:\/\/secure.gravatar.com\/avatar\/3c1ad8caa51589841baeb923fcddea97?s=96&r=g\",\"contentUrl\":\"https:\/\/secure.gravatar.com\/avatar\/3c1ad8caa51589841baeb923fcddea97?s=96&r=g\",\"caption\":\"Jader Lazarini\"},\"description\":\"Jader Lazarini escreve sobre investimentos, finan\u00e7as, economia e neg\u00f3cios. \u00c9 bacharel em Rela\u00e7\u00f5es Internacionais e analista CNPI (2619).\",\"url\":\"https:\/\/www.suno.com.br\/noticias\/author\/jader-lazarini\/\"}]}<\/script>\n<!-- \/ Yoast SEO plugin. -->","yoast_head_json":{"title":"Governo estuda incluir Renda Brasil na Constitui\u00e7\u00e3o","description":"O governo estuda a inclus\u00e3o dos principais conceitos do Renda Brasil no texto da Constitui\u00e7\u00e3o por meio de uma PEC. Clique aqui e saiba mais.","robots":{"index":"index","follow":"follow","max-snippet":"max-snippet:-1","max-image-preview":"max-image-preview:large","max-video-preview":"max-video-preview:-1"},"canonical":"https:\/\/www.suno.com.br\/noticias\/governo-estuda-renda-brasil-na-constituicao\/","og_locale":"pt_BR","og_type":"article","og_title":"Governo estuda incluir Renda Brasil na Constitui\u00e7\u00e3o","og_description":"O governo estuda a inclus\u00e3o dos principais conceitos do Renda Brasil no texto da Constitui\u00e7\u00e3o por meio de uma PEC. Clique aqui e saiba mais.","og_url":"https:\/\/www.suno.com.br\/noticias\/governo-estuda-renda-brasil-na-constituicao\/","og_site_name":"Suno Not\u00edcias","article_publisher":"https:\/\/facebook.com\/sunoresearch","og_image":[{"width":1170,"height":700,"url":"https:\/\/files.sunoresearch.com.br\/n\/uploads\/2020\/09\/e0625333-congresso_nacional_0.jpg","type":"image\/jpeg"}],"author":"Jader Lazarini","twitter_card":"summary_large_image","twitter_creator":"@sunoresearch","twitter_site":"@sunoresearch","twitter_misc":{"Escrito por":"Jader Lazarini","Est. tempo de leitura":"3 minutos"},"schema":{"@context":"https:\/\/schema.org","@graph":[{"@type":"NewsArticle","@id":"https:\/\/www.suno.com.br\/noticias\/governo-estuda-renda-brasil-na-constituicao\/#article","isPartOf":{"@id":"https:\/\/www.suno.com.br\/noticias\/governo-estuda-renda-brasil-na-constituicao\/"},"author":{"name":"Jader Lazarini","@id":"https:\/\/www.suno.com.br\/noticias\/#\/schema\/person\/918d79de1f0281f01599b93f9ea6e23f"},"headline":"Governo estuda incluir Renda Brasil na Constitui\u00e7\u00e3o","datePublished":"2020-09-13T11:31:50+00:00","dateModified":"2020-09-13T11:32:41+00:00","mainEntityOfPage":{"@id":"https:\/\/www.suno.com.br\/noticias\/governo-estuda-renda-brasil-na-constituicao\/"},"wordCount":672,"publisher":{"@id":"https:\/\/www.suno.com.br\/noticias\/#organization"},"image":{"@id":"https:\/\/www.suno.com.br\/noticias\/governo-estuda-renda-brasil-na-constituicao\/#primaryimage"},"thumbnailUrl":"https:\/\/files.sunoresearch.com.br\/n\/uploads\/2020\/09\/e0625333-congresso_nacional_0-jpg.webp","keywords":["Minist\u00e9rio da Economia","Renda Brasil"],"articleSection":["Pol\u00edtica"],"inLanguage":"pt-BR"},{"@type":"WebPage","@id":"https:\/\/www.suno.com.br\/noticias\/governo-estuda-renda-brasil-na-constituicao\/","url":"https:\/\/www.suno.com.br\/noticias\/governo-estuda-renda-brasil-na-constituicao\/","name":"Governo estuda incluir Renda Brasil na Constitui\u00e7\u00e3o","isPartOf":{"@id":"https:\/\/www.suno.com.br\/noticias\/#website"},"primaryImageOfPage":{"@id":"https:\/\/www.suno.com.br\/noticias\/governo-estuda-renda-brasil-na-constituicao\/#primaryimage"},"image":{"@id":"https:\/\/www.suno.com.br\/noticias\/governo-estuda-renda-brasil-na-constituicao\/#primaryimage"},"thumbnailUrl":"https:\/\/files.sunoresearch.com.br\/n\/uploads\/2020\/09\/e0625333-congresso_nacional_0-jpg.webp","datePublished":"2020-09-13T11:31:50+00:00","dateModified":"2020-09-13T11:32:41+00:00","description":"O governo estuda a inclus\u00e3o dos principais conceitos do Renda Brasil no texto da Constitui\u00e7\u00e3o por meio de uma PEC. Clique aqui e saiba mais.","breadcrumb":{"@id":"https:\/\/www.suno.com.br\/noticias\/governo-estuda-renda-brasil-na-constituicao\/#breadcrumb"},"inLanguage":"pt-BR","potentialAction":[{"@type":"ReadAction","target":["https:\/\/www.suno.com.br\/noticias\/governo-estuda-renda-brasil-na-constituicao\/"]}]},{"@type":"ImageObject","inLanguage":"pt-BR","@id":"https:\/\/www.suno.com.br\/noticias\/governo-estuda-renda-brasil-na-constituicao\/#primaryimage","url":"https:\/\/files.sunoresearch.com.br\/n\/uploads\/2020\/09\/e0625333-congresso_nacional_0-jpg.webp","contentUrl":"https:\/\/files.sunoresearch.com.br\/n\/uploads\/2020\/09\/e0625333-congresso_nacional_0-jpg.webp","width":1170,"height":700,"caption":"Governo estuda ampliar aux\u00edlio emergencial caso PEC dos precat\u00f3rios n\u00e3o seja aprovada"},{"@type":"BreadcrumbList","@id":"https:\/\/www.suno.com.br\/noticias\/governo-estuda-renda-brasil-na-constituicao\/#breadcrumb","itemListElement":[{"@type":"ListItem","position":1,"name":"Not\u00edcias","item":"https:\/\/www.suno.com.br\/noticias\/"},{"@type":"ListItem","position":2,"name":"Pol\u00edtica","item":"https:\/\/www.suno.com.br\/noticias\/politica\/"},{"@type":"ListItem","position":3,"name":"Governo estuda incluir Renda Brasil na Constitui\u00e7\u00e3o"}]},{"@type":"WebSite","@id":"https:\/\/www.suno.com.br\/noticias\/#website","url":"https:\/\/www.suno.com.br\/noticias\/","name":"Suno Not\u00edcias","description":"Seu portal de informa\u00e7\u00e3o sobre o mundo dos investimentos","publisher":{"@id":"https:\/\/www.suno.com.br\/noticias\/#organization"},"potentialAction":[{"@type":"SearchAction","target":{"@type":"EntryPoint","urlTemplate":"https:\/\/www.suno.com.br\/noticias\/?s={search_term_string}"},"query-input":{"@type":"PropertyValueSpecification","valueRequired":true,"valueName":"search_term_string"}}],"inLanguage":"pt-BR"},{"@type":"Organization","@id":"https:\/\/www.suno.com.br\/noticias\/#organization","name":"Suno Not\u00edcias","url":"https:\/\/www.suno.com.br\/noticias\/","logo":{"@type":"ImageObject","inLanguage":"pt-BR","@id":"https:\/\/www.suno.com.br\/noticias\/#\/schema\/logo\/image\/","url":"https:\/\/files.sunoresearch.com.br\/n\/uploads\/2021\/09\/suno-logo.png","contentUrl":"https:\/\/files.sunoresearch.com.br\/n\/uploads\/2021\/09\/suno-logo.png","width":180,"height":180,"caption":"Suno Not\u00edcias"},"image":{"@id":"https:\/\/www.suno.com.br\/noticias\/#\/schema\/logo\/image\/"},"sameAs":["https:\/\/facebook.com\/sunoresearch","https:\/\/x.com\/sunoresearch","https:\/\/www.instagram.com\/suno","https:\/\/www.linkedin.com\/company\/suno-research\/","https:\/\/www.youtube.com\/c\/sunoresearch"]},{"@type":"Person","@id":"https:\/\/www.suno.com.br\/noticias\/#\/schema\/person\/918d79de1f0281f01599b93f9ea6e23f","name":"Jader Lazarini","image":{"@type":"ImageObject","inLanguage":"pt-BR","@id":"https:\/\/www.suno.com.br\/noticias\/#\/schema\/person\/image\/","url":"https:\/\/secure.gravatar.com\/avatar\/3c1ad8caa51589841baeb923fcddea97?s=96&r=g","contentUrl":"https:\/\/secure.gravatar.com\/avatar\/3c1ad8caa51589841baeb923fcddea97?s=96&r=g","caption":"Jader Lazarini"},"description":"Jader Lazarini escreve sobre investimentos, finan\u00e7as, economia e neg\u00f3cios. \u00c9 bacharel em Rela\u00e7\u00f5es Internacionais e analista CNPI (2619).","url":"https:\/\/www.suno.com.br\/noticias\/author\/jader-lazarini\/"}]}},"default_loop_html":"<div class=\"cardsPage__listCard__boxs\"><div class=\"cardsPage__listCard__boxs__img\"><a href=\"https:\/\/www.suno.com.br\/noticias\/governo-estuda-renda-brasil-na-constituicao\/\"><img class=\"mask\" src=\"https:\/\/www.suno.com.br\/noticias\/wp-content\/themes\/suno\/resources\/images\/spotlight\/spotlight1img\/bg-mask.png\" alt=\"Image Mask\"\/><img src=\"https:\/\/files.sunoresearch.com.br\/n\/uploads\/2020\/09\/e0625333-congresso_nacional_0-400x200.webp\" alt=\"Governo estuda incluir Renda Brasil na Constitui\u00e7\u00e3o\"\/><\/a><span class=\"spotlightCategory\"><a href=\"https:\/\/www.suno.com.br\/noticias\/politica\/\">Pol\u00edtica<\/a><\/span><\/div><div class=\"cardsPage__listCard__boxs__content\"><a href=\"https:\/\/www.suno.com.br\/noticias\/governo-estuda-renda-brasil-na-constituicao\/\"><h2 class=\"content__title\">Governo estuda incluir Renda Brasil na Constitui\u00e7\u00e3o<\/h2><\/a><div class=\"newsContent__article__meta\"><div class=\"newsContent__article__meta__authorBox\"><a href=\"https:\/\/www.suno.com.br\/noticias\/author\/jader-lazarini\/\" class=\"authorBox__avatar noMobi\"><img src=\"https:\/\/files.sunoresearch.com.br\/n\/uploads\/2021\/01\/178e6598-foto-perfil-2-150x150.jpg\" alt=\"Jader Lazarini\"><\/a><div class=\"authorBox__name\"><span>por\n\t\t\t<a href=\"https:\/\/www.suno.com.br\/noticias\/author\/jader-lazarini\/\"><span itemprop=\"author\">Jader Lazarini<\/span><\/a><\/span><time datetime=\"2020-09-13T08:31:50-03:00\" itemprop=\"datePublished\">13\/09\/2020 08:31<\/time><\/div><\/div><\/div><\/div><\/div>","single_layout":"posts","amp_enabled":true,"_links":{"self":[{"href":"https:\/\/www.suno.com.br\/noticias\/wp-json\/wp\/v2\/posts\/84305"}],"collection":[{"href":"https:\/\/www.suno.com.br\/noticias\/wp-json\/wp\/v2\/posts"}],"about":[{"href":"https:\/\/www.suno.com.br\/noticias\/wp-json\/wp\/v2\/types\/post"}],"author":[{"embeddable":true,"href":"https:\/\/www.suno.com.br\/noticias\/wp-json\/wp\/v2\/users\/24"}],"replies":[{"embeddable":true,"href":"https:\/\/www.suno.com.br\/noticias\/wp-json\/wp\/v2\/comments?post=84305"}],"version-history":[{"count":0,"href":"https:\/\/www.suno.com.br\/noticias\/wp-json\/wp\/v2\/posts\/84305\/revisions"}],"wp:featuredmedia":[{"embeddable":true,"href":"https:\/\/www.suno.com.br\/noticias\/wp-json\/wp\/v2\/media\/84310"}],"wp:attachment":[{"href":"https:\/\/www.suno.com.br\/noticias\/wp-json\/wp\/v2\/media?parent=84305"}],"wp:term":[{"taxonomy":"category","embeddable":true,"href":"https:\/\/www.suno.com.br\/noticias\/wp-json\/wp\/v2\/categories?post=84305"},{"taxonomy":"post_tag","embeddable":true,"href":"https:\/\/www.suno.com.br\/noticias\/wp-json\/wp\/v2\/tags?post=84305"},{"taxonomy":"suno_strategy","embeddable":true,"href":"https:\/\/www.suno.com.br\/noticias\/wp-json\/wp\/v2\/suno_strategy?post=84305"}],"curies":[{"name":"wp","href":"https:\/\/api.w.org\/{rel}","templated":true}]}}