{"id":84265,"date":"2020-09-12T13:02:33","date_gmt":"2020-09-12T16:02:33","guid":{"rendered":"https:\/\/www.suno.com.br\/noticias\/?p=84265"},"modified":"2020-09-12T13:02:33","modified_gmt":"2020-09-12T16:02:33","slug":"greve-dos-correios-permanece-sem-acordo-e-julgamento-sera-dia-21-de-setembro","status":"publish","type":"post","link":"https:\/\/www.suno.com.br\/noticias\/greve-dos-correios-permanece-sem-acordo-e-julgamento-sera-dia-21-de-setembro\/","title":{"rendered":"Greve dos Correios permanece sem acordo e julgamento ser\u00e1 dia 21 de setembro"},"content":{"rendered":"<p>A <strong>reuni\u00e3o conciliadora<\/strong> realizada na \u00faltima sexta-feira (11) entre os <strong>Correios<\/strong> e os representantes sindicais da estatal terminou sem acordo. Com isso, o<strong> Tribunal Superior do Trabalho<\/strong> (TST) marcou o julgamento da a\u00e7\u00e3o para o pr\u00f3ximo dia 21.<\/p>\t<div class=\"wrapper-featured-image\">\n\t\t<figure class=\"spotlightImg\">\n\n\t\t\t<picture>\n\t\t\t\t<source media=\"(max-width: 768px)\" srcset=\"https:\/\/files.sunoresearch.com.br\/n\/uploads\/2019\/04\/bb2033a5-privatizacorreios-min-400x200.webp\">\n\t\t\t\t<img loading=\"lazy\" decoding=\"async\" class=\"newsContent__article__imgCapa lazyloadDisabled \" src=\"https:\/\/files.sunoresearch.com.br\/n\/uploads\/2019\/04\/bb2033a5-privatizacorreios-min-800x450.webp\" width=\"800\" height=\"450\" alt=\"Greve dos Correios permanece sem acordo e julgamento ser\u00e1 dia 21 de setembro\" fetchpriority=high \/>\n\t\t\t<\/picture>\n\n\t\t\t<figcaption class=\"wp-caption-text wp-caption-text--show\">Governo deve enviar a proposta de desestatiza\u00e7\u00e3o dos Correios ao Congresso nos pr\u00f3ximos dias<\/figcaption>\n\t\t<\/figure>\n\t<\/div>\n\n\n<div class=\"hubspot-form-wrapper\">\n\t<div id=\"single-form-target\"><\/div>\n<\/div>\n\n<p>Os funcion\u00e1rios dos Correios em todo o Brasil entraram em greve em 17 de agosto. A paralisa\u00e7\u00e3o \u00e9 um protesto contra a privatiza\u00e7\u00e3o da empresa,\u00a0 a &#8220;neglig\u00eancia com a sa\u00fade dos trabalhadores&#8221; na pandemia e solicitam que os direitos trabalhistas sejam garantidos.<\/p>\n<p>No julgamento do pr\u00f3ximo dia 21, os ministros do TST podem decidir o valor do reajuste salarial e outras cl\u00e1usulas que ir\u00e3o vigorar no novo acordo coletivo de trabalho. No \u00faltimo julgamento, o Tribunal decidiu pela exclus\u00e3o de pais e m\u00e3es do plano de sa\u00fade da estatal.<\/p>\n<p><a href=\"https:\/\/lp.suno.com.br\/suno-one\/\">Suno One: acesse gratuitamente eBooks, Minicursos, Artigos e Video Aulas sobre investimentos com um \u00fanico cadastro. Clique para saber mais!<\/a><\/p>\n<p>Em nota, os Correios informaram que seguem trabalhando para minimizar as consequ\u00eancias da paralisa\u00e7\u00e3o. &#8220;Os Correios seguem trabalhando para reduzir os efeitos da paralisa\u00e7\u00e3o parcial dos empregados. Durante o \u00faltimo fim de semana e feriado de Dia da Independ\u00eancia, os empregados das \u00e1reas administrativas e operacional estiveram mais uma vez unidos em prol da manuten\u00e7\u00e3o dos servi\u00e7os da estatal&#8221;.<\/p>\n<h2>Funcion\u00e1rios dos Correios v\u00e3o intensificar a greve, diz FENTECT<\/h2>\n<p>Os sindicatos que representam os trabalhadores dos <strong>Correios<\/strong> afirmaram que pretendem intensificar a greve e ampliar os protestos pelo pa\u00eds. A declara\u00e7\u00e3o aconteceu ap\u00f3s os funcion\u00e1rios recusarem a proposta do<b> <\/b>TST, no dia 28 de agosto.<\/p>\n<p>O vice-presidente do TST, ministro Luiz Philippe Vieira de Mello Filho, prop\u00f4s aos funcion\u00e1rios dos Correios estender por mais um ano o Acordo Coletivo de Trabalho (ACT) do ano passado, mantendo os atuais benef\u00edcios, mas sem o reajuste de 5%.<\/p>\n<p>&#8220;A greve vai continuar. Vamos intensificar os piquete e as mobiliza\u00e7\u00f5es&#8221; disse o secret\u00e1rio da Federa\u00e7\u00e3o Nacional dos Trabalhadores em Empresas de Correios e Tel\u00e9grafos e Similares (FENTECT), Emerson Marinho, ao portal UOL.<\/p>\n\t<div data-element=\"shortcode-read-more\" class=\"knowMore\">\n\t\t\t\t<span class=\"knowMore__title\">Veja Tamb\u00e9m<\/span>\n\t\t\t\t<a class=\"knowMore__link\" href=\"https:\/\/www.suno.com.br\/noticias\/bndes-seleciona-grupo-para-estudar-privatizacao-dos-correios\/\">\n\t\t\tBNDES seleciona grupo para estudar privatiza\u00e7\u00e3o dos Correios\t\t<\/a>\n\t<\/div>\n\n\n<p>O trabalhadores queriam debater em Assembleias, desde que a proposta foi aceita. No entanto, os Correios afirmaram ser incab\u00edvel manter os termos atuais do ACT por causa do impacto da pandemia do novo coronav\u00edrus na empresa.<\/p>\n<p>&#8220;N\u00e3o vamos permitir nenhuma retirada de direitos como a empresa quer porque isso coloca os trabalhadores em uma situa\u00e7\u00e3o dif\u00edcil economicamente&#8221;, disso o representante dos trabalhadores dos <strong>Correios<\/strong>.<\/p>\n\t<p>\n\t\t<a href=\"https:\/\/lp.suno.com.br\/planilha-de-controle-de-investimentos\/\" target=\"_blank\" data-element=\"shortcode-suno-banner\" title=\"Banner SUNO, clique e saiba mais\">\n\t\t\t<picture>\n\t\t\t\t<source media=\"(max-width: 500px)\" srcset=\"https:\/\/files.sunoresearch.com.br\/n\/uploads\/2023\/03\/400x300-Controle-de-Investimentos.png\">\n\t\t\t\t<img class=\"newsContent__article__imgCapa newsContent__article__imgCapa--banner\"\n\t\t\t\t\tsrc=\"https:\/\/files.sunoresearch.com.br\/n\/uploads\/2023\/03\/1420x240-Controle-de-Investimentos.png\"\n\t\t\t\t\tdata-promo-id=\"75934\"\t\t\t\t\t\t\t\t\t\twidth='1420' height='240'\t\t\t\t\talt=\"https:\/\/files.sunoresearch.com.br\/n\/uploads\/2023\/03\/1420x240-Controle-de-Investimentos.png\"\n\t\t\t\t>\n\t\t\t<\/picture>\n\t\t<\/a>\n\t<\/p>\n\n\n","protected":false},"excerpt":{"rendered":"<p>A reuni\u00e3o conciliadora realizada na \u00faltima sexta-feira (11) entre os Correios e os representantes sindicais da estatal terminou sem acordo. Com isso, o Tribunal Superior do Trabalho (TST) marcou o julgamento da a\u00e7\u00e3o para o pr\u00f3ximo dia 21. Governo deve enviar a proposta de desestatiza\u00e7\u00e3o dos Correios ao Congresso nos pr\u00f3ximos dias Os funcion\u00e1rios dos [&hellip;]<\/p>\n","protected":false},"author":15,"featured_media":21725,"comment_status":"closed","ping_status":"closed","sticky":false,"template":"","format":"standard","meta":[],"categories":[64],"tags":[700,2462,1480],"suno_strategy":[],"class_list":["post-84265","post","type-post","status-publish","format-standard","has-post-thumbnail","hentry","category-negocios","tag-correios","tag-greves","tag-tst"],"yoast_head":"<!-- This site is optimized with the Yoast SEO plugin v24.4 - https:\/\/yoast.com\/wordpress\/plugins\/seo\/ -->\n<title>Greve dos Correios permanece sem acordo e julgamento ser\u00e1 dia 21<\/title>\n<meta name=\"description\" content=\"A reuni\u00e3o realizada na \u00faltima sexta (11) entre os Correios e os representantes sindicais da estatal terminou sem acordo. Clique aqui\" \/>\n<meta name=\"robots\" content=\"index, follow, max-snippet:-1, max-image-preview:large, max-video-preview:-1\" \/>\n<link rel=\"canonical\" href=\"https:\/\/www.suno.com.br\/noticias\/greve-dos-correios-permanece-sem-acordo-e-julgamento-sera-dia-21-de-setembro\/\" \/>\n<meta property=\"og:locale\" content=\"pt_BR\" \/>\n<meta property=\"og:type\" content=\"article\" \/>\n<meta property=\"og:title\" content=\"Greve dos Correios permanece sem acordo e julgamento ser\u00e1 dia 21\" \/>\n<meta property=\"og:description\" content=\"A reuni\u00e3o realizada na \u00faltima sexta (11) entre os Correios e os representantes sindicais da estatal terminou sem acordo. Clique aqui\" \/>\n<meta property=\"og:url\" content=\"https:\/\/www.suno.com.br\/noticias\/greve-dos-correios-permanece-sem-acordo-e-julgamento-sera-dia-21-de-setembro\/\" \/>\n<meta property=\"og:site_name\" content=\"Suno Not\u00edcias\" \/>\n<meta property=\"article:publisher\" content=\"https:\/\/facebook.com\/sunoresearch\" \/>\n<meta property=\"og:image\" content=\"https:\/\/files.sunoresearch.com.br\/n\/uploads\/2019\/04\/bb2033a5-privatizacorreios-min.png\" \/>\n\t<meta property=\"og:image:width\" content=\"1080\" \/>\n\t<meta property=\"og:image:height\" content=\"1920\" \/>\n\t<meta property=\"og:image:type\" content=\"image\/png\" \/>\n<meta name=\"author\" content=\"Poliana Santos\" \/>\n<meta name=\"twitter:card\" content=\"summary_large_image\" \/>\n<meta name=\"twitter:creator\" content=\"@sunoresearch\" \/>\n<meta name=\"twitter:site\" content=\"@sunoresearch\" \/>\n<meta name=\"twitter:label1\" content=\"Escrito por\" \/>\n\t<meta name=\"twitter:data1\" content=\"Poliana Santos\" \/>\n\t<meta name=\"twitter:label2\" content=\"Est. tempo de leitura\" \/>\n\t<meta name=\"twitter:data2\" content=\"2 minutos\" \/>\n<script type=\"application\/ld+json\" class=\"yoast-schema-graph\">{\"@context\":\"https:\/\/schema.org\",\"@graph\":[{\"@type\":\"NewsArticle\",\"@id\":\"https:\/\/www.suno.com.br\/noticias\/greve-dos-correios-permanece-sem-acordo-e-julgamento-sera-dia-21-de-setembro\/#article\",\"isPartOf\":{\"@id\":\"https:\/\/www.suno.com.br\/noticias\/greve-dos-correios-permanece-sem-acordo-e-julgamento-sera-dia-21-de-setembro\/\"},\"author\":{\"name\":\"Poliana Santos\",\"@id\":\"https:\/\/www.suno.com.br\/noticias\/#\/schema\/person\/02ec1f752758247878a2bf4abee1aeda\"},\"headline\":\"Greve dos Correios permanece sem acordo e julgamento ser\u00e1 dia 21 de setembro\",\"datePublished\":\"2020-09-12T16:02:33+00:00\",\"mainEntityOfPage\":{\"@id\":\"https:\/\/www.suno.com.br\/noticias\/greve-dos-correios-permanece-sem-acordo-e-julgamento-sera-dia-21-de-setembro\/\"},\"wordCount\":455,\"publisher\":{\"@id\":\"https:\/\/www.suno.com.br\/noticias\/#organization\"},\"image\":{\"@id\":\"https:\/\/www.suno.com.br\/noticias\/greve-dos-correios-permanece-sem-acordo-e-julgamento-sera-dia-21-de-setembro\/#primaryimage\"},\"thumbnailUrl\":\"https:\/\/files.sunoresearch.com.br\/n\/uploads\/2019\/04\/bb2033a5-privatizacorreios-min-png.webp\",\"keywords\":[\"Correios\",\"greves\",\"TST\"],\"articleSection\":[\"Neg\u00f3cios\"],\"inLanguage\":\"pt-BR\"},{\"@type\":\"WebPage\",\"@id\":\"https:\/\/www.suno.com.br\/noticias\/greve-dos-correios-permanece-sem-acordo-e-julgamento-sera-dia-21-de-setembro\/\",\"url\":\"https:\/\/www.suno.com.br\/noticias\/greve-dos-correios-permanece-sem-acordo-e-julgamento-sera-dia-21-de-setembro\/\",\"name\":\"Greve dos Correios permanece sem acordo e julgamento ser\u00e1 dia 21\",\"isPartOf\":{\"@id\":\"https:\/\/www.suno.com.br\/noticias\/#website\"},\"primaryImageOfPage\":{\"@id\":\"https:\/\/www.suno.com.br\/noticias\/greve-dos-correios-permanece-sem-acordo-e-julgamento-sera-dia-21-de-setembro\/#primaryimage\"},\"image\":{\"@id\":\"https:\/\/www.suno.com.br\/noticias\/greve-dos-correios-permanece-sem-acordo-e-julgamento-sera-dia-21-de-setembro\/#primaryimage\"},\"thumbnailUrl\":\"https:\/\/files.sunoresearch.com.br\/n\/uploads\/2019\/04\/bb2033a5-privatizacorreios-min-png.webp\",\"datePublished\":\"2020-09-12T16:02:33+00:00\",\"description\":\"A reuni\u00e3o realizada na \u00faltima sexta (11) entre os Correios e os representantes sindicais da estatal terminou sem acordo. Clique aqui\",\"breadcrumb\":{\"@id\":\"https:\/\/www.suno.com.br\/noticias\/greve-dos-correios-permanece-sem-acordo-e-julgamento-sera-dia-21-de-setembro\/#breadcrumb\"},\"inLanguage\":\"pt-BR\",\"potentialAction\":[{\"@type\":\"ReadAction\",\"target\":[\"https:\/\/www.suno.com.br\/noticias\/greve-dos-correios-permanece-sem-acordo-e-julgamento-sera-dia-21-de-setembro\/\"]}]},{\"@type\":\"ImageObject\",\"inLanguage\":\"pt-BR\",\"@id\":\"https:\/\/www.suno.com.br\/noticias\/greve-dos-correios-permanece-sem-acordo-e-julgamento-sera-dia-21-de-setembro\/#primaryimage\",\"url\":\"https:\/\/files.sunoresearch.com.br\/n\/uploads\/2019\/04\/bb2033a5-privatizacorreios-min-png.webp\",\"contentUrl\":\"https:\/\/files.sunoresearch.com.br\/n\/uploads\/2019\/04\/bb2033a5-privatizacorreios-min-png.webp\",\"width\":1080,\"height\":1920,\"caption\":\"Governo deve enviar a proposta de desestatiza\u00e7\u00e3o dos Correios ao Congresso nos pr\u00f3ximos dias\"},{\"@type\":\"BreadcrumbList\",\"@id\":\"https:\/\/www.suno.com.br\/noticias\/greve-dos-correios-permanece-sem-acordo-e-julgamento-sera-dia-21-de-setembro\/#breadcrumb\",\"itemListElement\":[{\"@type\":\"ListItem\",\"position\":1,\"name\":\"Not\u00edcias\",\"item\":\"https:\/\/www.suno.com.br\/noticias\/\"},{\"@type\":\"ListItem\",\"position\":2,\"name\":\"Neg\u00f3cios\",\"item\":\"https:\/\/www.suno.com.br\/noticias\/negocios\/\"},{\"@type\":\"ListItem\",\"position\":3,\"name\":\"Greve dos Correios permanece sem acordo e julgamento ser\u00e1 dia 21 de setembro\"}]},{\"@type\":\"WebSite\",\"@id\":\"https:\/\/www.suno.com.br\/noticias\/#website\",\"url\":\"https:\/\/www.suno.com.br\/noticias\/\",\"name\":\"Suno Not\u00edcias\",\"description\":\"Seu portal de informa\u00e7\u00e3o sobre o mundo dos investimentos\",\"publisher\":{\"@id\":\"https:\/\/www.suno.com.br\/noticias\/#organization\"},\"potentialAction\":[{\"@type\":\"SearchAction\",\"target\":{\"@type\":\"EntryPoint\",\"urlTemplate\":\"https:\/\/www.suno.com.br\/noticias\/?s={search_term_string}\"},\"query-input\":{\"@type\":\"PropertyValueSpecification\",\"valueRequired\":true,\"valueName\":\"search_term_string\"}}],\"inLanguage\":\"pt-BR\"},{\"@type\":\"Organization\",\"@id\":\"https:\/\/www.suno.com.br\/noticias\/#organization\",\"name\":\"Suno Not\u00edcias\",\"url\":\"https:\/\/www.suno.com.br\/noticias\/\",\"logo\":{\"@type\":\"ImageObject\",\"inLanguage\":\"pt-BR\",\"@id\":\"https:\/\/www.suno.com.br\/noticias\/#\/schema\/logo\/image\/\",\"url\":\"https:\/\/files.sunoresearch.com.br\/n\/uploads\/2021\/09\/suno-logo.png\",\"contentUrl\":\"https:\/\/files.sunoresearch.com.br\/n\/uploads\/2021\/09\/suno-logo.png\",\"width\":180,\"height\":180,\"caption\":\"Suno Not\u00edcias\"},\"image\":{\"@id\":\"https:\/\/www.suno.com.br\/noticias\/#\/schema\/logo\/image\/\"},\"sameAs\":[\"https:\/\/facebook.com\/sunoresearch\",\"https:\/\/x.com\/sunoresearch\",\"https:\/\/www.instagram.com\/suno\",\"https:\/\/www.linkedin.com\/company\/suno-research\/\",\"https:\/\/www.youtube.com\/c\/sunoresearch\"]},{\"@type\":\"Person\",\"@id\":\"https:\/\/www.suno.com.br\/noticias\/#\/schema\/person\/02ec1f752758247878a2bf4abee1aeda\",\"name\":\"Poliana Santos\",\"image\":{\"@type\":\"ImageObject\",\"inLanguage\":\"pt-BR\",\"@id\":\"https:\/\/www.suno.com.br\/noticias\/#\/schema\/person\/image\/\",\"url\":\"https:\/\/secure.gravatar.com\/avatar\/0645bd32f23d87b2130f2b2dff1d3f8d?s=96&r=g\",\"contentUrl\":\"https:\/\/secure.gravatar.com\/avatar\/0645bd32f23d87b2130f2b2dff1d3f8d?s=96&r=g\",\"caption\":\"Poliana Santos\"},\"description\":\"Rep\u00f3rter no Suno Not\u00edcias, com cobertura em mercado financeiro, economia, finan\u00e7as pessoais, renda fixa e varejo. Jornalista formada pela Faculdade C\u00e1sper L\u00edbero e possui passagem na R\u00e1dio Gazeta AM com a produ\u00e7\u00e3o de conte\u00fado sobre economia, pol\u00edtica, sa\u00fade, moda e m\u00fasica. Possui certificado de conclus\u00e3o do curso de An\u00e1lise de Balan\u00e7os pela Funda\u00e7\u00e3o Bradesco, Agenda Brasil pela FAAP, Educa\u00e7\u00e3o Pol\u00edtica por Alexandre Garcia e do Tesouro Direto e Mercado de A\u00e7\u00f5es pela B3.\",\"url\":\"https:\/\/www.suno.com.br\/noticias\/author\/poliana-santos\/\"}]}<\/script>\n<!-- \/ Yoast SEO plugin. -->","yoast_head_json":{"title":"Greve dos Correios permanece sem acordo e julgamento ser\u00e1 dia 21","description":"A reuni\u00e3o realizada na \u00faltima sexta (11) entre os Correios e os representantes sindicais da estatal terminou sem acordo. Clique aqui","robots":{"index":"index","follow":"follow","max-snippet":"max-snippet:-1","max-image-preview":"max-image-preview:large","max-video-preview":"max-video-preview:-1"},"canonical":"https:\/\/www.suno.com.br\/noticias\/greve-dos-correios-permanece-sem-acordo-e-julgamento-sera-dia-21-de-setembro\/","og_locale":"pt_BR","og_type":"article","og_title":"Greve dos Correios permanece sem acordo e julgamento ser\u00e1 dia 21","og_description":"A reuni\u00e3o realizada na \u00faltima sexta (11) entre os Correios e os representantes sindicais da estatal terminou sem acordo. Clique aqui","og_url":"https:\/\/www.suno.com.br\/noticias\/greve-dos-correios-permanece-sem-acordo-e-julgamento-sera-dia-21-de-setembro\/","og_site_name":"Suno Not\u00edcias","article_publisher":"https:\/\/facebook.com\/sunoresearch","og_image":[{"width":1080,"height":1920,"url":"https:\/\/files.sunoresearch.com.br\/n\/uploads\/2019\/04\/bb2033a5-privatizacorreios-min.png","type":"image\/png"}],"author":"Poliana Santos","twitter_card":"summary_large_image","twitter_creator":"@sunoresearch","twitter_site":"@sunoresearch","twitter_misc":{"Escrito por":"Poliana Santos","Est. tempo de leitura":"2 minutos"},"schema":{"@context":"https:\/\/schema.org","@graph":[{"@type":"NewsArticle","@id":"https:\/\/www.suno.com.br\/noticias\/greve-dos-correios-permanece-sem-acordo-e-julgamento-sera-dia-21-de-setembro\/#article","isPartOf":{"@id":"https:\/\/www.suno.com.br\/noticias\/greve-dos-correios-permanece-sem-acordo-e-julgamento-sera-dia-21-de-setembro\/"},"author":{"name":"Poliana Santos","@id":"https:\/\/www.suno.com.br\/noticias\/#\/schema\/person\/02ec1f752758247878a2bf4abee1aeda"},"headline":"Greve dos Correios permanece sem acordo e julgamento ser\u00e1 dia 21 de setembro","datePublished":"2020-09-12T16:02:33+00:00","mainEntityOfPage":{"@id":"https:\/\/www.suno.com.br\/noticias\/greve-dos-correios-permanece-sem-acordo-e-julgamento-sera-dia-21-de-setembro\/"},"wordCount":455,"publisher":{"@id":"https:\/\/www.suno.com.br\/noticias\/#organization"},"image":{"@id":"https:\/\/www.suno.com.br\/noticias\/greve-dos-correios-permanece-sem-acordo-e-julgamento-sera-dia-21-de-setembro\/#primaryimage"},"thumbnailUrl":"https:\/\/files.sunoresearch.com.br\/n\/uploads\/2019\/04\/bb2033a5-privatizacorreios-min-png.webp","keywords":["Correios","greves","TST"],"articleSection":["Neg\u00f3cios"],"inLanguage":"pt-BR"},{"@type":"WebPage","@id":"https:\/\/www.suno.com.br\/noticias\/greve-dos-correios-permanece-sem-acordo-e-julgamento-sera-dia-21-de-setembro\/","url":"https:\/\/www.suno.com.br\/noticias\/greve-dos-correios-permanece-sem-acordo-e-julgamento-sera-dia-21-de-setembro\/","name":"Greve dos Correios permanece sem acordo e julgamento ser\u00e1 dia 21","isPartOf":{"@id":"https:\/\/www.suno.com.br\/noticias\/#website"},"primaryImageOfPage":{"@id":"https:\/\/www.suno.com.br\/noticias\/greve-dos-correios-permanece-sem-acordo-e-julgamento-sera-dia-21-de-setembro\/#primaryimage"},"image":{"@id":"https:\/\/www.suno.com.br\/noticias\/greve-dos-correios-permanece-sem-acordo-e-julgamento-sera-dia-21-de-setembro\/#primaryimage"},"thumbnailUrl":"https:\/\/files.sunoresearch.com.br\/n\/uploads\/2019\/04\/bb2033a5-privatizacorreios-min-png.webp","datePublished":"2020-09-12T16:02:33+00:00","description":"A reuni\u00e3o realizada na \u00faltima sexta (11) entre os Correios e os representantes sindicais da estatal terminou sem acordo. Clique aqui","breadcrumb":{"@id":"https:\/\/www.suno.com.br\/noticias\/greve-dos-correios-permanece-sem-acordo-e-julgamento-sera-dia-21-de-setembro\/#breadcrumb"},"inLanguage":"pt-BR","potentialAction":[{"@type":"ReadAction","target":["https:\/\/www.suno.com.br\/noticias\/greve-dos-correios-permanece-sem-acordo-e-julgamento-sera-dia-21-de-setembro\/"]}]},{"@type":"ImageObject","inLanguage":"pt-BR","@id":"https:\/\/www.suno.com.br\/noticias\/greve-dos-correios-permanece-sem-acordo-e-julgamento-sera-dia-21-de-setembro\/#primaryimage","url":"https:\/\/files.sunoresearch.com.br\/n\/uploads\/2019\/04\/bb2033a5-privatizacorreios-min-png.webp","contentUrl":"https:\/\/files.sunoresearch.com.br\/n\/uploads\/2019\/04\/bb2033a5-privatizacorreios-min-png.webp","width":1080,"height":1920,"caption":"Governo deve enviar a proposta de desestatiza\u00e7\u00e3o dos Correios ao Congresso nos pr\u00f3ximos dias"},{"@type":"BreadcrumbList","@id":"https:\/\/www.suno.com.br\/noticias\/greve-dos-correios-permanece-sem-acordo-e-julgamento-sera-dia-21-de-setembro\/#breadcrumb","itemListElement":[{"@type":"ListItem","position":1,"name":"Not\u00edcias","item":"https:\/\/www.suno.com.br\/noticias\/"},{"@type":"ListItem","position":2,"name":"Neg\u00f3cios","item":"https:\/\/www.suno.com.br\/noticias\/negocios\/"},{"@type":"ListItem","position":3,"name":"Greve dos Correios permanece sem acordo e julgamento ser\u00e1 dia 21 de setembro"}]},{"@type":"WebSite","@id":"https:\/\/www.suno.com.br\/noticias\/#website","url":"https:\/\/www.suno.com.br\/noticias\/","name":"Suno Not\u00edcias","description":"Seu portal de informa\u00e7\u00e3o sobre o mundo dos investimentos","publisher":{"@id":"https:\/\/www.suno.com.br\/noticias\/#organization"},"potentialAction":[{"@type":"SearchAction","target":{"@type":"EntryPoint","urlTemplate":"https:\/\/www.suno.com.br\/noticias\/?s={search_term_string}"},"query-input":{"@type":"PropertyValueSpecification","valueRequired":true,"valueName":"search_term_string"}}],"inLanguage":"pt-BR"},{"@type":"Organization","@id":"https:\/\/www.suno.com.br\/noticias\/#organization","name":"Suno Not\u00edcias","url":"https:\/\/www.suno.com.br\/noticias\/","logo":{"@type":"ImageObject","inLanguage":"pt-BR","@id":"https:\/\/www.suno.com.br\/noticias\/#\/schema\/logo\/image\/","url":"https:\/\/files.sunoresearch.com.br\/n\/uploads\/2021\/09\/suno-logo.png","contentUrl":"https:\/\/files.sunoresearch.com.br\/n\/uploads\/2021\/09\/suno-logo.png","width":180,"height":180,"caption":"Suno Not\u00edcias"},"image":{"@id":"https:\/\/www.suno.com.br\/noticias\/#\/schema\/logo\/image\/"},"sameAs":["https:\/\/facebook.com\/sunoresearch","https:\/\/x.com\/sunoresearch","https:\/\/www.instagram.com\/suno","https:\/\/www.linkedin.com\/company\/suno-research\/","https:\/\/www.youtube.com\/c\/sunoresearch"]},{"@type":"Person","@id":"https:\/\/www.suno.com.br\/noticias\/#\/schema\/person\/02ec1f752758247878a2bf4abee1aeda","name":"Poliana Santos","image":{"@type":"ImageObject","inLanguage":"pt-BR","@id":"https:\/\/www.suno.com.br\/noticias\/#\/schema\/person\/image\/","url":"https:\/\/secure.gravatar.com\/avatar\/0645bd32f23d87b2130f2b2dff1d3f8d?s=96&r=g","contentUrl":"https:\/\/secure.gravatar.com\/avatar\/0645bd32f23d87b2130f2b2dff1d3f8d?s=96&r=g","caption":"Poliana Santos"},"description":"Rep\u00f3rter no Suno Not\u00edcias, com cobertura em mercado financeiro, economia, finan\u00e7as pessoais, renda fixa e varejo. Jornalista formada pela Faculdade C\u00e1sper L\u00edbero e possui passagem na R\u00e1dio Gazeta AM com a produ\u00e7\u00e3o de conte\u00fado sobre economia, pol\u00edtica, sa\u00fade, moda e m\u00fasica. Possui certificado de conclus\u00e3o do curso de An\u00e1lise de Balan\u00e7os pela Funda\u00e7\u00e3o Bradesco, Agenda Brasil pela FAAP, Educa\u00e7\u00e3o Pol\u00edtica por Alexandre Garcia e do Tesouro Direto e Mercado de A\u00e7\u00f5es pela B3.","url":"https:\/\/www.suno.com.br\/noticias\/author\/poliana-santos\/"}]}},"default_loop_html":"<div class=\"cardsPage__listCard__boxs\"><div class=\"cardsPage__listCard__boxs__img\"><a href=\"https:\/\/www.suno.com.br\/noticias\/greve-dos-correios-permanece-sem-acordo-e-julgamento-sera-dia-21-de-setembro\/\"><img class=\"mask\" src=\"https:\/\/www.suno.com.br\/noticias\/wp-content\/themes\/suno\/resources\/images\/spotlight\/spotlight1img\/bg-mask.png\" alt=\"Image Mask\"\/><img src=\"https:\/\/files.sunoresearch.com.br\/n\/uploads\/2019\/04\/bb2033a5-privatizacorreios-min-400x200.webp\" alt=\"Greve dos Correios permanece sem acordo e julgamento ser\u00e1 dia 21 de setembro\"\/><\/a><span class=\"spotlightCategory\"><a href=\"https:\/\/www.suno.com.br\/noticias\/negocios\/\">Neg\u00f3cios<\/a><\/span><\/div><div class=\"cardsPage__listCard__boxs__content\"><a href=\"https:\/\/www.suno.com.br\/noticias\/greve-dos-correios-permanece-sem-acordo-e-julgamento-sera-dia-21-de-setembro\/\"><h2 class=\"content__title\">Greve dos Correios permanece sem acordo e julgamento ser\u00e1 dia 21 de setembro<\/h2><\/a><div class=\"newsContent__article__meta\"><div class=\"newsContent__article__meta__authorBox\"><a href=\"https:\/\/www.suno.com.br\/noticias\/author\/poliana-santos\/\" class=\"authorBox__avatar noMobi\"><img src=\"https:\/\/files.sunoresearch.com.br\/n\/uploads\/2020\/08\/7ef34026-whatsapp-image-2020-08-03-at-12.37.57-150x150.webp\" alt=\"Poliana Santos\"><\/a><div class=\"authorBox__name\"><span>por\n\t\t\t<a href=\"https:\/\/www.suno.com.br\/noticias\/author\/poliana-santos\/\"><span itemprop=\"author\">Poliana Santos<\/span><\/a><\/span><time datetime=\"2020-09-12T13:02:33-03:00\" itemprop=\"datePublished\">12\/09\/2020 13:02<\/time><\/div><\/div><\/div><\/div><\/div>","single_layout":"posts","amp_enabled":true,"_links":{"self":[{"href":"https:\/\/www.suno.com.br\/noticias\/wp-json\/wp\/v2\/posts\/84265"}],"collection":[{"href":"https:\/\/www.suno.com.br\/noticias\/wp-json\/wp\/v2\/posts"}],"about":[{"href":"https:\/\/www.suno.com.br\/noticias\/wp-json\/wp\/v2\/types\/post"}],"author":[{"embeddable":true,"href":"https:\/\/www.suno.com.br\/noticias\/wp-json\/wp\/v2\/users\/15"}],"replies":[{"embeddable":true,"href":"https:\/\/www.suno.com.br\/noticias\/wp-json\/wp\/v2\/comments?post=84265"}],"version-history":[{"count":0,"href":"https:\/\/www.suno.com.br\/noticias\/wp-json\/wp\/v2\/posts\/84265\/revisions"}],"wp:featuredmedia":[{"embeddable":true,"href":"https:\/\/www.suno.com.br\/noticias\/wp-json\/wp\/v2\/media\/21725"}],"wp:attachment":[{"href":"https:\/\/www.suno.com.br\/noticias\/wp-json\/wp\/v2\/media?parent=84265"}],"wp:term":[{"taxonomy":"category","embeddable":true,"href":"https:\/\/www.suno.com.br\/noticias\/wp-json\/wp\/v2\/categories?post=84265"},{"taxonomy":"post_tag","embeddable":true,"href":"https:\/\/www.suno.com.br\/noticias\/wp-json\/wp\/v2\/tags?post=84265"},{"taxonomy":"suno_strategy","embeddable":true,"href":"https:\/\/www.suno.com.br\/noticias\/wp-json\/wp\/v2\/suno_strategy?post=84265"}],"curies":[{"name":"wp","href":"https:\/\/api.w.org\/{rel}","templated":true}]}}