{"id":84211,"date":"2020-09-11T21:16:10","date_gmt":"2020-09-12T00:16:10","guid":{"rendered":"https:\/\/www.suno.com.br\/noticias\/?p=84211"},"modified":"2020-09-11T21:16:10","modified_gmt":"2020-09-12T00:16:10","slug":"credit-suisse-lanca-divisao-praticas-esg","status":"publish","type":"post","link":"https:\/\/www.suno.com.br\/noticias\/credit-suisse-lanca-divisao-praticas-esg\/","title":{"rendered":"Credit Suisse lan\u00e7a nova divis\u00e3o global voltada para pr\u00e1ticas ESG"},"content":{"rendered":"<p>O banco su\u00ed\u00e7o de investimentos Credit Suisse lan\u00e7ou nesta semana um novo segmento destinado ao tema de <a href=\"https:\/\/www.suno.com.br\/artigos\/esg\/\">Environmental, Social and Corporate Governance (<strong>ESG<\/strong>)<\/a>, o Sustainability, Research &amp; Investment Solutions (SRI).<\/p>\t<div class=\"wrapper-featured-image\">\n\t\t<figure class=\"spotlightImg\">\n\n\t\t\t<picture>\n\t\t\t\t<source media=\"(max-width: 768px)\" srcset=\"https:\/\/files.sunoresearch.com.br\/n\/uploads\/2020\/09\/9c867585-credit-suisse-400x200.webp\">\n\t\t\t\t<img loading=\"lazy\" decoding=\"async\" class=\"newsContent__article__imgCapa lazyloadDisabled \" src=\"https:\/\/files.sunoresearch.com.br\/n\/uploads\/2020\/09\/9c867585-credit-suisse-800x450.webp\" width=\"800\" height=\"450\" alt=\"Credit Suisse lan\u00e7a nova divis\u00e3o global voltada para pr\u00e1ticas ESG\" fetchpriority=high \/>\n\t\t\t<\/picture>\n\n\t\t\t<figcaption class=\"wp-caption-text wp-caption-text--show\">Credit Suisse lan\u00e7ou uma nova divis\u00e3o dedidaca \u00e0 pr\u00e1ticas Environmental, Social and Corporate Governance (ESG)<\/figcaption>\n\t\t<\/figure>\n\t<\/div>\n\n\n<div class=\"hubspot-form-wrapper\">\n\t<div id=\"single-form-target\"><\/div>\n<\/div>\n\n<p>Em um aceno ao aumento da demanda global por produtos financeiros e empresas que seguem pr\u00e1ticas ESG, a nova divis\u00e3o ir\u00e1 apresentar uma \u00e1rea de an\u00e1lise, de produtos e solu\u00e7\u00f5es financeiras e de marketing.<\/p>\n<p>Em relat\u00f3rio, o Credit Suisse ressaltou que houve uma explos\u00e3o\u201d de discuss\u00f5es sobre sustentabilidade na comunidade de investimentos neste ano, com a cria\u00e7\u00e3o de 23 novos fundos ESG apenas nos primeiros seis meses de 2020 e com a expectativa de um n\u00famero recorde at\u00e9 o fim do ano, conforme dados da plataforma Morningstar<\/p>\n<p><a href=\"https:\/\/lp.suno.com.br\/suno-one\/\">Suno One: acesse gratuitamente eBooks, Minicursos, Artigos e Video Aulas sobre investimentos com um \u00fanico cadastro. Clique para saber mais!<\/a><\/p>\n<p>A institui\u00e7\u00e3o financeira salientou, entre os motivos para o destaque do tema, o F\u00f3rum Econ\u00f4mico Mundial, ocorrida em janeiro, que ressaltou as preocupa\u00e7\u00f5es vinculados ao meio ambiente e a carta do presidente da <a href=\"https:\/\/www.suno.com.br\/artigos\/blackrock\/\">gestora BlackRock<\/a>, Larry Fink, que abordou os problemas das mudan\u00e7as clim\u00e1ticas como fatores definidores nas perspectivas de longo prazo das empresas.<\/p>\n<h3>Credit cita pandemia como ponto de alta das conversas sobre ESG<\/h3>\n<p>Ainda segundo o relat\u00f3rio do Credit Suisse, a institui\u00e7\u00e3o financeira atribui o aumento das conversas sobre ESG \u00e0 pandemia de covid-19, assim como o crescimento do n\u00famero de desastres naturais ao redor do mundo, esfor\u00e7o de governos em todo o globo para apoiar o financiamento verde, e a expans\u00e3o do ativismo social, como o caso da Greta Thunberg.<\/p>\n\t<div data-element=\"shortcode-read-more\" class=\"knowMore\">\n\t\t\t\t<span class=\"knowMore__title\">Saiba mais<\/span>\n\t\t\t\t<a class=\"knowMore__link\" href=\"https:\/\/www.suno.com.br\/noticias\/b3-sp-indice-esg-brasil\/\">\n\t\t\tB3 e S&amp;P lan\u00e7am \u00edndice ESG para empresas brasileiras\t\t<\/a>\n\t<\/div>\n\n\n<p>O banco tamb\u00e9m justificou que as companhias com fortes credenciais de sustentabilidade e <strong>ESG <\/strong>apresentaram desempenho superior em termos gerais nos mercados em meio \u00e0 pandemia. O \u00edndice MSCI ESG Focus superou em 2,4 ponto percentual nos Estados Unidos e em 3 p.p. na Europa.<\/p>\n\t<p>\n\t\t<a href=\"https:\/\/lp.suno.com.br\/planilha-de-controle-de-investimentos\/\" target=\"_blank\" data-element=\"shortcode-suno-banner\" title=\"Banner SUNO, clique e saiba mais\">\n\t\t\t<picture>\n\t\t\t\t<source media=\"(max-width: 500px)\" srcset=\"https:\/\/files.sunoresearch.com.br\/n\/uploads\/2023\/03\/400x300-Controle-de-Investimentos.png\">\n\t\t\t\t<img class=\"newsContent__article__imgCapa newsContent__article__imgCapa--banner\"\n\t\t\t\t\tsrc=\"https:\/\/files.sunoresearch.com.br\/n\/uploads\/2023\/03\/1420x240-Controle-de-Investimentos.png\"\n\t\t\t\t\tdata-promo-id=\"75934\"\t\t\t\t\t\t\t\t\t\twidth='1420' height='240'\t\t\t\t\talt=\"https:\/\/files.sunoresearch.com.br\/n\/uploads\/2023\/03\/1420x240-Controle-de-Investimentos.png\"\n\t\t\t\t>\n\t\t\t<\/picture>\n\t\t<\/a>\n\t<\/p>\n\n\n","protected":false},"excerpt":{"rendered":"<p>O banco su\u00ed\u00e7o de investimentos Credit Suisse lan\u00e7ou nesta semana um novo segmento destinado ao tema de Environmental, Social and Corporate Governance (ESG), o Sustainability, Research &amp; Investment Solutions (SRI). Credit Suisse lan\u00e7ou uma nova divis\u00e3o dedidaca \u00e0 pr\u00e1ticas Environmental, Social and Corporate Governance (ESG) Em um aceno ao aumento da demanda global por produtos [&hellip;]<\/p>\n","protected":false},"author":35,"featured_media":84217,"comment_status":"closed","ping_status":"closed","sticky":false,"template":"","format":"standard","meta":[],"categories":[64],"tags":[1788,75364],"suno_strategy":[],"class_list":["post-84211","post","type-post","status-publish","format-standard","has-post-thumbnail","hentry","category-negocios","tag-credit-suisse-c1su34","tag-esg"],"yoast_head":"<!-- This site is optimized with the Yoast SEO plugin v24.4 - https:\/\/yoast.com\/wordpress\/plugins\/seo\/ -->\n<title>Credit Suisse lan\u00e7a nova divis\u00e3o global voltada para pr\u00e1ticas ESG<\/title>\n<meta name=\"description\" content=\"O banco Credit Suisse lan\u00e7ou uma divis\u00e3o destinado ao tema de Environmental, Social and Corporate Governance (ESG). Clique para saber mais\" \/>\n<meta name=\"robots\" content=\"index, follow, max-snippet:-1, max-image-preview:large, max-video-preview:-1\" \/>\n<link rel=\"canonical\" href=\"https:\/\/www.suno.com.br\/noticias\/credit-suisse-lanca-divisao-praticas-esg\/\" \/>\n<meta property=\"og:locale\" content=\"pt_BR\" \/>\n<meta property=\"og:type\" content=\"article\" \/>\n<meta property=\"og:title\" content=\"Credit Suisse lan\u00e7a nova divis\u00e3o global voltada para pr\u00e1ticas ESG\" \/>\n<meta property=\"og:description\" content=\"O banco Credit Suisse lan\u00e7ou uma divis\u00e3o destinado ao tema de Environmental, Social and Corporate Governance (ESG). Clique para saber mais\" \/>\n<meta property=\"og:url\" content=\"https:\/\/www.suno.com.br\/noticias\/credit-suisse-lanca-divisao-praticas-esg\/\" \/>\n<meta property=\"og:site_name\" content=\"Suno Not\u00edcias\" \/>\n<meta property=\"article:publisher\" content=\"https:\/\/facebook.com\/sunoresearch\" \/>\n<meta property=\"og:image\" content=\"https:\/\/files.sunoresearch.com.br\/n\/uploads\/2020\/09\/9c867585-credit-suisse.jpg\" \/>\n\t<meta property=\"og:image:width\" content=\"980\" \/>\n\t<meta property=\"og:image:height\" content=\"551\" \/>\n\t<meta property=\"og:image:type\" content=\"image\/jpeg\" \/>\n<meta name=\"author\" content=\"Arthur Guimar\u00e3es\" \/>\n<meta name=\"twitter:card\" content=\"summary_large_image\" \/>\n<meta name=\"twitter:creator\" content=\"@sunoresearch\" \/>\n<meta name=\"twitter:site\" content=\"@sunoresearch\" \/>\n<meta name=\"twitter:label1\" content=\"Escrito por\" \/>\n\t<meta name=\"twitter:data1\" content=\"Arthur Guimar\u00e3es\" \/>\n\t<meta name=\"twitter:label2\" content=\"Est. tempo de leitura\" \/>\n\t<meta name=\"twitter:data2\" content=\"2 minutos\" \/>\n<script type=\"application\/ld+json\" class=\"yoast-schema-graph\">{\"@context\":\"https:\/\/schema.org\",\"@graph\":[{\"@type\":\"NewsArticle\",\"@id\":\"https:\/\/www.suno.com.br\/noticias\/credit-suisse-lanca-divisao-praticas-esg\/#article\",\"isPartOf\":{\"@id\":\"https:\/\/www.suno.com.br\/noticias\/credit-suisse-lanca-divisao-praticas-esg\/\"},\"author\":{\"name\":\"Arthur Guimar\u00e3es\",\"@id\":\"https:\/\/www.suno.com.br\/noticias\/#\/schema\/person\/053a750a709a263919a20f976caae91c\"},\"headline\":\"Credit Suisse lan\u00e7a nova divis\u00e3o global voltada para pr\u00e1ticas ESG\",\"datePublished\":\"2020-09-12T00:16:10+00:00\",\"mainEntityOfPage\":{\"@id\":\"https:\/\/www.suno.com.br\/noticias\/credit-suisse-lanca-divisao-praticas-esg\/\"},\"wordCount\":359,\"publisher\":{\"@id\":\"https:\/\/www.suno.com.br\/noticias\/#organization\"},\"image\":{\"@id\":\"https:\/\/www.suno.com.br\/noticias\/credit-suisse-lanca-divisao-praticas-esg\/#primaryimage\"},\"thumbnailUrl\":\"https:\/\/files.sunoresearch.com.br\/n\/uploads\/2020\/09\/9c867585-credit-suisse-jpg.webp\",\"keywords\":[\"Credit Suisse (C1SU34)\",\"ESG\"],\"articleSection\":[\"Neg\u00f3cios\"],\"inLanguage\":\"pt-BR\"},{\"@type\":\"WebPage\",\"@id\":\"https:\/\/www.suno.com.br\/noticias\/credit-suisse-lanca-divisao-praticas-esg\/\",\"url\":\"https:\/\/www.suno.com.br\/noticias\/credit-suisse-lanca-divisao-praticas-esg\/\",\"name\":\"Credit Suisse lan\u00e7a nova divis\u00e3o global voltada para pr\u00e1ticas ESG\",\"isPartOf\":{\"@id\":\"https:\/\/www.suno.com.br\/noticias\/#website\"},\"primaryImageOfPage\":{\"@id\":\"https:\/\/www.suno.com.br\/noticias\/credit-suisse-lanca-divisao-praticas-esg\/#primaryimage\"},\"image\":{\"@id\":\"https:\/\/www.suno.com.br\/noticias\/credit-suisse-lanca-divisao-praticas-esg\/#primaryimage\"},\"thumbnailUrl\":\"https:\/\/files.sunoresearch.com.br\/n\/uploads\/2020\/09\/9c867585-credit-suisse-jpg.webp\",\"datePublished\":\"2020-09-12T00:16:10+00:00\",\"description\":\"O banco Credit Suisse lan\u00e7ou uma divis\u00e3o destinado ao tema de Environmental, Social and Corporate Governance (ESG). Clique para saber mais\",\"breadcrumb\":{\"@id\":\"https:\/\/www.suno.com.br\/noticias\/credit-suisse-lanca-divisao-praticas-esg\/#breadcrumb\"},\"inLanguage\":\"pt-BR\",\"potentialAction\":[{\"@type\":\"ReadAction\",\"target\":[\"https:\/\/www.suno.com.br\/noticias\/credit-suisse-lanca-divisao-praticas-esg\/\"]}]},{\"@type\":\"ImageObject\",\"inLanguage\":\"pt-BR\",\"@id\":\"https:\/\/www.suno.com.br\/noticias\/credit-suisse-lanca-divisao-praticas-esg\/#primaryimage\",\"url\":\"https:\/\/files.sunoresearch.com.br\/n\/uploads\/2020\/09\/9c867585-credit-suisse-jpg.webp\",\"contentUrl\":\"https:\/\/files.sunoresearch.com.br\/n\/uploads\/2020\/09\/9c867585-credit-suisse-jpg.webp\",\"width\":980,\"height\":551,\"caption\":\"Credit Suisse lan\u00e7ou uma nova divis\u00e3o dedidaca \u00e0 pr\u00e1ticas Environmental, Social and Corporate Governance (ESG)\"},{\"@type\":\"BreadcrumbList\",\"@id\":\"https:\/\/www.suno.com.br\/noticias\/credit-suisse-lanca-divisao-praticas-esg\/#breadcrumb\",\"itemListElement\":[{\"@type\":\"ListItem\",\"position\":1,\"name\":\"Not\u00edcias\",\"item\":\"https:\/\/www.suno.com.br\/noticias\/\"},{\"@type\":\"ListItem\",\"position\":2,\"name\":\"Neg\u00f3cios\",\"item\":\"https:\/\/www.suno.com.br\/noticias\/negocios\/\"},{\"@type\":\"ListItem\",\"position\":3,\"name\":\"Credit Suisse lan\u00e7a nova divis\u00e3o global voltada para pr\u00e1ticas ESG\"}]},{\"@type\":\"WebSite\",\"@id\":\"https:\/\/www.suno.com.br\/noticias\/#website\",\"url\":\"https:\/\/www.suno.com.br\/noticias\/\",\"name\":\"Suno Not\u00edcias\",\"description\":\"Seu portal de informa\u00e7\u00e3o sobre o mundo dos investimentos\",\"publisher\":{\"@id\":\"https:\/\/www.suno.com.br\/noticias\/#organization\"},\"potentialAction\":[{\"@type\":\"SearchAction\",\"target\":{\"@type\":\"EntryPoint\",\"urlTemplate\":\"https:\/\/www.suno.com.br\/noticias\/?s={search_term_string}\"},\"query-input\":{\"@type\":\"PropertyValueSpecification\",\"valueRequired\":true,\"valueName\":\"search_term_string\"}}],\"inLanguage\":\"pt-BR\"},{\"@type\":\"Organization\",\"@id\":\"https:\/\/www.suno.com.br\/noticias\/#organization\",\"name\":\"Suno Not\u00edcias\",\"url\":\"https:\/\/www.suno.com.br\/noticias\/\",\"logo\":{\"@type\":\"ImageObject\",\"inLanguage\":\"pt-BR\",\"@id\":\"https:\/\/www.suno.com.br\/noticias\/#\/schema\/logo\/image\/\",\"url\":\"https:\/\/files.sunoresearch.com.br\/n\/uploads\/2021\/09\/suno-logo.png\",\"contentUrl\":\"https:\/\/files.sunoresearch.com.br\/n\/uploads\/2021\/09\/suno-logo.png\",\"width\":180,\"height\":180,\"caption\":\"Suno Not\u00edcias\"},\"image\":{\"@id\":\"https:\/\/www.suno.com.br\/noticias\/#\/schema\/logo\/image\/\"},\"sameAs\":[\"https:\/\/facebook.com\/sunoresearch\",\"https:\/\/x.com\/sunoresearch\",\"https:\/\/www.instagram.com\/suno\",\"https:\/\/www.linkedin.com\/company\/suno-research\/\",\"https:\/\/www.youtube.com\/c\/sunoresearch\"]},{\"@type\":\"Person\",\"@id\":\"https:\/\/www.suno.com.br\/noticias\/#\/schema\/person\/053a750a709a263919a20f976caae91c\",\"name\":\"Arthur Guimar\u00e3es\",\"image\":{\"@type\":\"ImageObject\",\"inLanguage\":\"pt-BR\",\"@id\":\"https:\/\/www.suno.com.br\/noticias\/#\/schema\/person\/image\/\",\"url\":\"https:\/\/secure.gravatar.com\/avatar\/1affd86a11209ae09eb6dd3bcad3e96c?s=96&r=g\",\"contentUrl\":\"https:\/\/secure.gravatar.com\/avatar\/1affd86a11209ae09eb6dd3bcad3e96c?s=96&r=g\",\"caption\":\"Arthur Guimar\u00e3es\"},\"description\":\"Arthur Guimar\u00e3es escreve sobre pol\u00edtica, economia e neg\u00f3cios para o portal de not\u00edcias da Suno Research. Atualmente, \u00e9 estudante de jornalismo pela Faculdade C\u00e1sper L\u00edbero.\",\"url\":\"https:\/\/www.suno.com.br\/noticias\/author\/arthur-guimaraes\/\"}]}<\/script>\n<!-- \/ Yoast SEO plugin. -->","yoast_head_json":{"title":"Credit Suisse lan\u00e7a nova divis\u00e3o global voltada para pr\u00e1ticas ESG","description":"O banco Credit Suisse lan\u00e7ou uma divis\u00e3o destinado ao tema de Environmental, Social and Corporate Governance (ESG). Clique para saber mais","robots":{"index":"index","follow":"follow","max-snippet":"max-snippet:-1","max-image-preview":"max-image-preview:large","max-video-preview":"max-video-preview:-1"},"canonical":"https:\/\/www.suno.com.br\/noticias\/credit-suisse-lanca-divisao-praticas-esg\/","og_locale":"pt_BR","og_type":"article","og_title":"Credit Suisse lan\u00e7a nova divis\u00e3o global voltada para pr\u00e1ticas ESG","og_description":"O banco Credit Suisse lan\u00e7ou uma divis\u00e3o destinado ao tema de Environmental, Social and Corporate Governance (ESG). Clique para saber mais","og_url":"https:\/\/www.suno.com.br\/noticias\/credit-suisse-lanca-divisao-praticas-esg\/","og_site_name":"Suno Not\u00edcias","article_publisher":"https:\/\/facebook.com\/sunoresearch","og_image":[{"width":980,"height":551,"url":"https:\/\/files.sunoresearch.com.br\/n\/uploads\/2020\/09\/9c867585-credit-suisse.jpg","type":"image\/jpeg"}],"author":"Arthur Guimar\u00e3es","twitter_card":"summary_large_image","twitter_creator":"@sunoresearch","twitter_site":"@sunoresearch","twitter_misc":{"Escrito por":"Arthur Guimar\u00e3es","Est. tempo de leitura":"2 minutos"},"schema":{"@context":"https:\/\/schema.org","@graph":[{"@type":"NewsArticle","@id":"https:\/\/www.suno.com.br\/noticias\/credit-suisse-lanca-divisao-praticas-esg\/#article","isPartOf":{"@id":"https:\/\/www.suno.com.br\/noticias\/credit-suisse-lanca-divisao-praticas-esg\/"},"author":{"name":"Arthur Guimar\u00e3es","@id":"https:\/\/www.suno.com.br\/noticias\/#\/schema\/person\/053a750a709a263919a20f976caae91c"},"headline":"Credit Suisse lan\u00e7a nova divis\u00e3o global voltada para pr\u00e1ticas ESG","datePublished":"2020-09-12T00:16:10+00:00","mainEntityOfPage":{"@id":"https:\/\/www.suno.com.br\/noticias\/credit-suisse-lanca-divisao-praticas-esg\/"},"wordCount":359,"publisher":{"@id":"https:\/\/www.suno.com.br\/noticias\/#organization"},"image":{"@id":"https:\/\/www.suno.com.br\/noticias\/credit-suisse-lanca-divisao-praticas-esg\/#primaryimage"},"thumbnailUrl":"https:\/\/files.sunoresearch.com.br\/n\/uploads\/2020\/09\/9c867585-credit-suisse-jpg.webp","keywords":["Credit Suisse (C1SU34)","ESG"],"articleSection":["Neg\u00f3cios"],"inLanguage":"pt-BR"},{"@type":"WebPage","@id":"https:\/\/www.suno.com.br\/noticias\/credit-suisse-lanca-divisao-praticas-esg\/","url":"https:\/\/www.suno.com.br\/noticias\/credit-suisse-lanca-divisao-praticas-esg\/","name":"Credit Suisse lan\u00e7a nova divis\u00e3o global voltada para pr\u00e1ticas ESG","isPartOf":{"@id":"https:\/\/www.suno.com.br\/noticias\/#website"},"primaryImageOfPage":{"@id":"https:\/\/www.suno.com.br\/noticias\/credit-suisse-lanca-divisao-praticas-esg\/#primaryimage"},"image":{"@id":"https:\/\/www.suno.com.br\/noticias\/credit-suisse-lanca-divisao-praticas-esg\/#primaryimage"},"thumbnailUrl":"https:\/\/files.sunoresearch.com.br\/n\/uploads\/2020\/09\/9c867585-credit-suisse-jpg.webp","datePublished":"2020-09-12T00:16:10+00:00","description":"O banco Credit Suisse lan\u00e7ou uma divis\u00e3o destinado ao tema de Environmental, Social and Corporate Governance (ESG). Clique para saber mais","breadcrumb":{"@id":"https:\/\/www.suno.com.br\/noticias\/credit-suisse-lanca-divisao-praticas-esg\/#breadcrumb"},"inLanguage":"pt-BR","potentialAction":[{"@type":"ReadAction","target":["https:\/\/www.suno.com.br\/noticias\/credit-suisse-lanca-divisao-praticas-esg\/"]}]},{"@type":"ImageObject","inLanguage":"pt-BR","@id":"https:\/\/www.suno.com.br\/noticias\/credit-suisse-lanca-divisao-praticas-esg\/#primaryimage","url":"https:\/\/files.sunoresearch.com.br\/n\/uploads\/2020\/09\/9c867585-credit-suisse-jpg.webp","contentUrl":"https:\/\/files.sunoresearch.com.br\/n\/uploads\/2020\/09\/9c867585-credit-suisse-jpg.webp","width":980,"height":551,"caption":"Credit Suisse lan\u00e7ou uma nova divis\u00e3o dedidaca \u00e0 pr\u00e1ticas Environmental, Social and Corporate Governance (ESG)"},{"@type":"BreadcrumbList","@id":"https:\/\/www.suno.com.br\/noticias\/credit-suisse-lanca-divisao-praticas-esg\/#breadcrumb","itemListElement":[{"@type":"ListItem","position":1,"name":"Not\u00edcias","item":"https:\/\/www.suno.com.br\/noticias\/"},{"@type":"ListItem","position":2,"name":"Neg\u00f3cios","item":"https:\/\/www.suno.com.br\/noticias\/negocios\/"},{"@type":"ListItem","position":3,"name":"Credit Suisse lan\u00e7a nova divis\u00e3o global voltada para pr\u00e1ticas ESG"}]},{"@type":"WebSite","@id":"https:\/\/www.suno.com.br\/noticias\/#website","url":"https:\/\/www.suno.com.br\/noticias\/","name":"Suno Not\u00edcias","description":"Seu portal de informa\u00e7\u00e3o sobre o mundo dos investimentos","publisher":{"@id":"https:\/\/www.suno.com.br\/noticias\/#organization"},"potentialAction":[{"@type":"SearchAction","target":{"@type":"EntryPoint","urlTemplate":"https:\/\/www.suno.com.br\/noticias\/?s={search_term_string}"},"query-input":{"@type":"PropertyValueSpecification","valueRequired":true,"valueName":"search_term_string"}}],"inLanguage":"pt-BR"},{"@type":"Organization","@id":"https:\/\/www.suno.com.br\/noticias\/#organization","name":"Suno Not\u00edcias","url":"https:\/\/www.suno.com.br\/noticias\/","logo":{"@type":"ImageObject","inLanguage":"pt-BR","@id":"https:\/\/www.suno.com.br\/noticias\/#\/schema\/logo\/image\/","url":"https:\/\/files.sunoresearch.com.br\/n\/uploads\/2021\/09\/suno-logo.png","contentUrl":"https:\/\/files.sunoresearch.com.br\/n\/uploads\/2021\/09\/suno-logo.png","width":180,"height":180,"caption":"Suno Not\u00edcias"},"image":{"@id":"https:\/\/www.suno.com.br\/noticias\/#\/schema\/logo\/image\/"},"sameAs":["https:\/\/facebook.com\/sunoresearch","https:\/\/x.com\/sunoresearch","https:\/\/www.instagram.com\/suno","https:\/\/www.linkedin.com\/company\/suno-research\/","https:\/\/www.youtube.com\/c\/sunoresearch"]},{"@type":"Person","@id":"https:\/\/www.suno.com.br\/noticias\/#\/schema\/person\/053a750a709a263919a20f976caae91c","name":"Arthur Guimar\u00e3es","image":{"@type":"ImageObject","inLanguage":"pt-BR","@id":"https:\/\/www.suno.com.br\/noticias\/#\/schema\/person\/image\/","url":"https:\/\/secure.gravatar.com\/avatar\/1affd86a11209ae09eb6dd3bcad3e96c?s=96&r=g","contentUrl":"https:\/\/secure.gravatar.com\/avatar\/1affd86a11209ae09eb6dd3bcad3e96c?s=96&r=g","caption":"Arthur Guimar\u00e3es"},"description":"Arthur Guimar\u00e3es escreve sobre pol\u00edtica, economia e neg\u00f3cios para o portal de not\u00edcias da Suno Research. Atualmente, \u00e9 estudante de jornalismo pela Faculdade C\u00e1sper L\u00edbero.","url":"https:\/\/www.suno.com.br\/noticias\/author\/arthur-guimaraes\/"}]}},"default_loop_html":"<div class=\"cardsPage__listCard__boxs\"><div class=\"cardsPage__listCard__boxs__img\"><a href=\"https:\/\/www.suno.com.br\/noticias\/credit-suisse-lanca-divisao-praticas-esg\/\"><img class=\"mask\" src=\"https:\/\/www.suno.com.br\/noticias\/wp-content\/themes\/suno\/resources\/images\/spotlight\/spotlight1img\/bg-mask.png\" alt=\"Image Mask\"\/><img src=\"https:\/\/files.sunoresearch.com.br\/n\/uploads\/2020\/09\/9c867585-credit-suisse-400x200.webp\" alt=\"Credit Suisse lan\u00e7a nova divis\u00e3o global voltada para pr\u00e1ticas ESG\"\/><\/a><span class=\"spotlightCategory\"><a href=\"https:\/\/www.suno.com.br\/noticias\/negocios\/\">Neg\u00f3cios<\/a><\/span><\/div><div class=\"cardsPage__listCard__boxs__content\"><a href=\"https:\/\/www.suno.com.br\/noticias\/credit-suisse-lanca-divisao-praticas-esg\/\"><h2 class=\"content__title\">Credit Suisse lan\u00e7a nova divis\u00e3o global voltada para pr\u00e1ticas ESG<\/h2><\/a><div class=\"newsContent__article__meta\"><div class=\"newsContent__article__meta__authorBox\"><a href=\"https:\/\/www.suno.com.br\/noticias\/author\/arthur-guimaraes\/\" class=\"authorBox__avatar noMobi\"><img src=\"https:\/\/files.sunoresearch.com.br\/n\/uploads\/2020\/02\/dfb40897-eu-150x150.webp\" alt=\"Arthur Guimar\u00e3es\"><\/a><div class=\"authorBox__name\"><span>por\n\t\t\t<a href=\"https:\/\/www.suno.com.br\/noticias\/author\/arthur-guimaraes\/\"><span itemprop=\"author\">Arthur Guimar\u00e3es<\/span><\/a><\/span><time datetime=\"2020-09-11T21:16:10-03:00\" itemprop=\"datePublished\">11\/09\/2020 21:16<\/time><\/div><\/div><\/div><\/div><\/div>","single_layout":"posts","amp_enabled":true,"_links":{"self":[{"href":"https:\/\/www.suno.com.br\/noticias\/wp-json\/wp\/v2\/posts\/84211"}],"collection":[{"href":"https:\/\/www.suno.com.br\/noticias\/wp-json\/wp\/v2\/posts"}],"about":[{"href":"https:\/\/www.suno.com.br\/noticias\/wp-json\/wp\/v2\/types\/post"}],"author":[{"embeddable":true,"href":"https:\/\/www.suno.com.br\/noticias\/wp-json\/wp\/v2\/users\/35"}],"replies":[{"embeddable":true,"href":"https:\/\/www.suno.com.br\/noticias\/wp-json\/wp\/v2\/comments?post=84211"}],"version-history":[{"count":0,"href":"https:\/\/www.suno.com.br\/noticias\/wp-json\/wp\/v2\/posts\/84211\/revisions"}],"wp:featuredmedia":[{"embeddable":true,"href":"https:\/\/www.suno.com.br\/noticias\/wp-json\/wp\/v2\/media\/84217"}],"wp:attachment":[{"href":"https:\/\/www.suno.com.br\/noticias\/wp-json\/wp\/v2\/media?parent=84211"}],"wp:term":[{"taxonomy":"category","embeddable":true,"href":"https:\/\/www.suno.com.br\/noticias\/wp-json\/wp\/v2\/categories?post=84211"},{"taxonomy":"post_tag","embeddable":true,"href":"https:\/\/www.suno.com.br\/noticias\/wp-json\/wp\/v2\/tags?post=84211"},{"taxonomy":"suno_strategy","embeddable":true,"href":"https:\/\/www.suno.com.br\/noticias\/wp-json\/wp\/v2\/suno_strategy?post=84211"}],"curies":[{"name":"wp","href":"https:\/\/api.w.org\/{rel}","templated":true}]}}