{"id":84113,"date":"2020-09-11T18:38:52","date_gmt":"2020-09-11T21:38:52","guid":{"rendered":"https:\/\/www.suno.com.br\/noticias\/?p=84113"},"modified":"2020-09-11T18:42:13","modified_gmt":"2020-09-11T21:42:13","slug":"acoes-da-petz-petz3-dia-positivo-estreia-b3","status":"publish","type":"post","link":"https:\/\/www.suno.com.br\/noticias\/acoes-da-petz-petz3-dia-positivo-estreia-b3\/","title":{"rendered":"A\u00e7\u00f5es da Petz (PETZ3) tem dia positivo em estreia na B3 com alta de 21,82%"},"content":{"rendered":"<p>A rede de petshops <strong>Petz<\/strong> (PETZ3) estreou nesta sexta-feira (11) na <a href=\"https:\/\/www.suno.com.br\/artigos\/b3\/\">bolsa de valores brasileira, B3<\/a>, com uma disparada de 21,82% e viu suas a\u00e7\u00f5es fecharem cotadas a R$ 16,75.<\/p>\t<div class=\"wrapper-featured-image\">\n\t\t<figure class=\"spotlightImg\">\n\n\t\t\t<picture>\n\t\t\t\t<source media=\"(max-width: 768px)\" srcset=\"https:\/\/files.sunoresearch.com.br\/n\/uploads\/2020\/08\/74b7ba95-petz-ricardo-jafet-fachada2-2-400x200.webp\">\n\t\t\t\t<img loading=\"lazy\" decoding=\"async\" class=\"newsContent__article__imgCapa lazyloadDisabled \" src=\"https:\/\/files.sunoresearch.com.br\/n\/uploads\/2020\/08\/74b7ba95-petz-ricardo-jafet-fachada2-2-800x450.webp\" width=\"800\" height=\"450\" alt=\"A\u00e7\u00f5es da Petz (PETZ3) tem dia positivo em estreia na B3 com alta de 21,82%\" fetchpriority=high \/>\n\t\t\t<\/picture>\n\n\t\t\t<figcaption class=\"wp-caption-text wp-caption-text--show\">A Petz (PETZ3) apresentou, na manh\u00e3 desta ter\u00e7a-feira (27), seu primeiro balan\u00e7o de resultados ap\u00f3s o IPO. <\/figcaption>\n\t\t<\/figure>\n\t<\/div>\n\n\n<div class=\"hubspot-form-wrapper\">\n\t<div id=\"single-form-target\"><\/div>\n<\/div>\n\n<p>No in\u00edcio do preg\u00e3o, a empresa j\u00e1 come\u00e7ou em forte de quase 10%; ao passo que, por volta das 11h30, as a\u00e7\u00f5es da Petz recuaram para R$ 14,71, com uma alta de 7,13%. Mas as a\u00e7\u00f5es da companhia realmente disparam no final do preg\u00e3o, acelerando os ganhos e encerrando o seu primeiro dia na bolsa a R$ 16,75. O volume total negociado foi de R$ 939,8 milh\u00f5es.<\/p>\n<p>A empresa definiu o pre\u00e7o de R$ 13,75 em sua<a href=\"https:\/\/www.suno.com.br\/artigos\/ipo\/\"> oferta p\u00fablica inicial (IPO)<\/a>, na mediana da faixa indicativa de pre\u00e7os das a\u00e7\u00f5es, que estava entre R$ 12,25 e R$ 15,25. A companhia levantou R$ 3,03 bilh\u00f5es na abertura de capital, o maior valor movimentado na bolsa de S\u00e3o Paulo neste ano, at\u00e9 o momento.<\/p>\n<p><a href=\"https:\/\/lp.suno.com.br\/suno-one\/\">Suno One: acesse gratuitamente eBooks, Minicursos, Artigos e Video Aulas sobre investimentos com um \u00fanico cadastro. Clique para saber mais!<\/a><\/p>\n<p>A Petz \u00e9 uma das uma das maiores redes do segmento de petshop do Brasil e foi fundada no ano de 2002, pelo empres\u00e1rio Sergio Zimerman. Atualmente, a empresa atua em 13 estados e no Distrito Federal com 110 unidades.<\/p>\n<h2>Saiba mais sobre a abertura de capital da Petz<\/h2>\n<p>A varejista de produtos para animais de estima\u00e7\u00e3o havia pedido o registro para a abertura de capital no dia 19 de fevereiro, por\u00e9m acabou postergando a opera\u00e7\u00e3o por conta dos efeitos econ\u00f4micos da pandemia do novo coronav\u00edrus.<\/p>\n<p>Com os recursos da opera\u00e7\u00e3o, a companhia informou que dar\u00e1 prosseguimento \u00e0 expans\u00e3o de suas atividades, a partir de uma\u00a0 de \u201cmais lojas padr\u00e3o em pra\u00e7as onde operamos al\u00e9m de novas pra\u00e7as, que tamb\u00e9m promovem o aumento das vendas digitais na regi\u00e3o\u201d.<\/p>\n\t<div data-element=\"shortcode-read-more\" class=\"knowMore\">\n\t\t\t\t<span class=\"knowMore__title\">Saiba mais<\/span>\n\t\t\t\t<a class=\"knowMore__link\" href=\"https:\/\/www.suno.com.br\/noticias\/ipo-petz-petz3-abertura-b3\/\">\n\t\t\tIPO da Petz (PETZ3): saiba tudo sobre a abertura de capital na B3\t\t<\/a>\n\t<\/div>\n\n\n<p>A <strong>Petz<\/strong> ainda planeja investir em sua estrat\u00e9gia digital, voltada para o aprofundamento da omnicanalidade; o aprimoramento da experi\u00eancia do cliente e os ganhos de produtividade. A empresa tamb\u00e9m visa ampliar a oferta de produtos exclusivos da marca e investir na Seres, com expans\u00e3o dos servi\u00e7os prestados pelos centros veterin\u00e1rios.<\/p>\n\t<p>\n\t\t<a href=\"https:\/\/lp.suno.com.br\/planilha-de-controle-de-investimentos\/\" target=\"_blank\" data-element=\"shortcode-suno-banner\" title=\"Banner SUNO, clique e saiba mais\">\n\t\t\t<picture>\n\t\t\t\t<source media=\"(max-width: 500px)\" srcset=\"https:\/\/files.sunoresearch.com.br\/n\/uploads\/2023\/03\/400x300-Controle-de-Investimentos.png\">\n\t\t\t\t<img class=\"newsContent__article__imgCapa newsContent__article__imgCapa--banner\"\n\t\t\t\t\tsrc=\"https:\/\/files.sunoresearch.com.br\/n\/uploads\/2023\/03\/1420x240-Controle-de-Investimentos.png\"\n\t\t\t\t\tdata-promo-id=\"75934\"\t\t\t\t\t\t\t\t\t\twidth='1420' height='240'\t\t\t\t\talt=\"https:\/\/files.sunoresearch.com.br\/n\/uploads\/2023\/03\/1420x240-Controle-de-Investimentos.png\"\n\t\t\t\t>\n\t\t\t<\/picture>\n\t\t<\/a>\n\t<\/p>\n\n\n","protected":false},"excerpt":{"rendered":"<p>A rede de petshops Petz (PETZ3) estreou nesta sexta-feira (11) na bolsa de valores brasileira, B3, com uma disparada de 21,82% e viu suas a\u00e7\u00f5es fecharem cotadas a R$ 16,75. A Petz (PETZ3) apresentou, na manh\u00e3 desta ter\u00e7a-feira (27), seu primeiro balan\u00e7o de resultados ap\u00f3s o IPO. No in\u00edcio do preg\u00e3o, a empresa j\u00e1 come\u00e7ou [&hellip;]<\/p>\n","protected":false},"author":35,"featured_media":80160,"comment_status":"closed","ping_status":"closed","sticky":false,"template":"","format":"standard","meta":[],"categories":[64],"tags":[286,367,97380],"suno_strategy":[],"class_list":["post-84113","post","type-post","status-publish","format-standard","has-post-thumbnail","hentry","category-negocios","tag-acoes","tag-b3-b3sa3","tag-petz-petz3"],"yoast_head":"<!-- This site is optimized with the Yoast SEO plugin v24.4 - https:\/\/yoast.com\/wordpress\/plugins\/seo\/ -->\n<title>A\u00e7\u00f5es da Petz (PETZ3) tem dia positivo em estreia com alta de 21,82%<\/title>\n<meta name=\"description\" content=\"A rede de petshops Petz (PETZ3) estreou na B3, com uma alta de 21,82% e viu suas a\u00e7\u00f5es fecharem cotadas a R$ 16,75. Clique para saber mais\" \/>\n<meta name=\"robots\" content=\"index, follow, max-snippet:-1, max-image-preview:large, max-video-preview:-1\" \/>\n<link rel=\"canonical\" href=\"https:\/\/www.suno.com.br\/noticias\/acoes-da-petz-petz3-dia-positivo-estreia-b3\/\" \/>\n<meta property=\"og:locale\" content=\"pt_BR\" \/>\n<meta property=\"og:type\" content=\"article\" \/>\n<meta property=\"og:title\" content=\"A\u00e7\u00f5es da Petz (PETZ3) tem dia positivo em estreia com alta de 21,82%\" \/>\n<meta property=\"og:description\" content=\"A rede de petshops Petz (PETZ3) estreou na B3, com uma alta de 21,82% e viu suas a\u00e7\u00f5es fecharem cotadas a R$ 16,75. Clique para saber mais\" \/>\n<meta property=\"og:url\" content=\"https:\/\/www.suno.com.br\/noticias\/acoes-da-petz-petz3-dia-positivo-estreia-b3\/\" \/>\n<meta property=\"og:site_name\" content=\"Suno Not\u00edcias\" \/>\n<meta property=\"article:publisher\" content=\"https:\/\/facebook.com\/sunoresearch\" \/>\n<meta property=\"og:image\" content=\"https:\/\/files.sunoresearch.com.br\/n\/uploads\/2020\/08\/74b7ba95-petz-ricardo-jafet-fachada2-2.jpg\" \/>\n\t<meta property=\"og:image:width\" content=\"1350\" \/>\n\t<meta property=\"og:image:height\" content=\"900\" \/>\n\t<meta property=\"og:image:type\" content=\"image\/jpeg\" \/>\n<meta name=\"author\" content=\"Arthur Guimar\u00e3es\" \/>\n<meta name=\"twitter:card\" content=\"summary_large_image\" \/>\n<meta name=\"twitter:creator\" content=\"@sunoresearch\" \/>\n<meta name=\"twitter:site\" content=\"@sunoresearch\" \/>\n<meta name=\"twitter:label1\" content=\"Escrito por\" \/>\n\t<meta name=\"twitter:data1\" content=\"Arthur Guimar\u00e3es\" \/>\n\t<meta name=\"twitter:label2\" content=\"Est. tempo de leitura\" \/>\n\t<meta name=\"twitter:data2\" content=\"2 minutos\" \/>\n<script type=\"application\/ld+json\" class=\"yoast-schema-graph\">{\"@context\":\"https:\/\/schema.org\",\"@graph\":[{\"@type\":\"NewsArticle\",\"@id\":\"https:\/\/www.suno.com.br\/noticias\/acoes-da-petz-petz3-dia-positivo-estreia-b3\/#article\",\"isPartOf\":{\"@id\":\"https:\/\/www.suno.com.br\/noticias\/acoes-da-petz-petz3-dia-positivo-estreia-b3\/\"},\"author\":{\"name\":\"Arthur Guimar\u00e3es\",\"@id\":\"https:\/\/www.suno.com.br\/noticias\/#\/schema\/person\/053a750a709a263919a20f976caae91c\"},\"headline\":\"A\u00e7\u00f5es da Petz (PETZ3) tem dia positivo em estreia na B3 com alta de 21,82%\",\"datePublished\":\"2020-09-11T21:38:52+00:00\",\"dateModified\":\"2020-09-11T21:42:13+00:00\",\"mainEntityOfPage\":{\"@id\":\"https:\/\/www.suno.com.br\/noticias\/acoes-da-petz-petz3-dia-positivo-estreia-b3\/\"},\"wordCount\":404,\"publisher\":{\"@id\":\"https:\/\/www.suno.com.br\/noticias\/#organization\"},\"image\":{\"@id\":\"https:\/\/www.suno.com.br\/noticias\/acoes-da-petz-petz3-dia-positivo-estreia-b3\/#primaryimage\"},\"thumbnailUrl\":\"https:\/\/files.sunoresearch.com.br\/n\/uploads\/2020\/08\/74b7ba95-petz-ricardo-jafet-fachada2-2.jpg\",\"keywords\":[\"A\u00e7\u00f5es\",\"B3 (B3SA3)\",\"Petz (PETZ3)\"],\"articleSection\":[\"Neg\u00f3cios\"],\"inLanguage\":\"pt-BR\"},{\"@type\":\"WebPage\",\"@id\":\"https:\/\/www.suno.com.br\/noticias\/acoes-da-petz-petz3-dia-positivo-estreia-b3\/\",\"url\":\"https:\/\/www.suno.com.br\/noticias\/acoes-da-petz-petz3-dia-positivo-estreia-b3\/\",\"name\":\"A\u00e7\u00f5es da Petz (PETZ3) tem dia positivo em estreia com alta de 21,82%\",\"isPartOf\":{\"@id\":\"https:\/\/www.suno.com.br\/noticias\/#website\"},\"primaryImageOfPage\":{\"@id\":\"https:\/\/www.suno.com.br\/noticias\/acoes-da-petz-petz3-dia-positivo-estreia-b3\/#primaryimage\"},\"image\":{\"@id\":\"https:\/\/www.suno.com.br\/noticias\/acoes-da-petz-petz3-dia-positivo-estreia-b3\/#primaryimage\"},\"thumbnailUrl\":\"https:\/\/files.sunoresearch.com.br\/n\/uploads\/2020\/08\/74b7ba95-petz-ricardo-jafet-fachada2-2.jpg\",\"datePublished\":\"2020-09-11T21:38:52+00:00\",\"dateModified\":\"2020-09-11T21:42:13+00:00\",\"description\":\"A rede de petshops Petz (PETZ3) estreou na B3, com uma alta de 21,82% e viu suas a\u00e7\u00f5es fecharem cotadas a R$ 16,75. Clique para saber mais\",\"breadcrumb\":{\"@id\":\"https:\/\/www.suno.com.br\/noticias\/acoes-da-petz-petz3-dia-positivo-estreia-b3\/#breadcrumb\"},\"inLanguage\":\"pt-BR\",\"potentialAction\":[{\"@type\":\"ReadAction\",\"target\":[\"https:\/\/www.suno.com.br\/noticias\/acoes-da-petz-petz3-dia-positivo-estreia-b3\/\"]}]},{\"@type\":\"ImageObject\",\"inLanguage\":\"pt-BR\",\"@id\":\"https:\/\/www.suno.com.br\/noticias\/acoes-da-petz-petz3-dia-positivo-estreia-b3\/#primaryimage\",\"url\":\"https:\/\/files.sunoresearch.com.br\/n\/uploads\/2020\/08\/74b7ba95-petz-ricardo-jafet-fachada2-2.jpg\",\"contentUrl\":\"https:\/\/files.sunoresearch.com.br\/n\/uploads\/2020\/08\/74b7ba95-petz-ricardo-jafet-fachada2-2.jpg\",\"width\":1350,\"height\":900,\"caption\":\"A Petz (PETZ3) apresentou, na manh\u00e3 desta ter\u00e7a-feira (27), seu primeiro balan\u00e7o de resultados ap\u00f3s o IPO.\"},{\"@type\":\"BreadcrumbList\",\"@id\":\"https:\/\/www.suno.com.br\/noticias\/acoes-da-petz-petz3-dia-positivo-estreia-b3\/#breadcrumb\",\"itemListElement\":[{\"@type\":\"ListItem\",\"position\":1,\"name\":\"Not\u00edcias\",\"item\":\"https:\/\/www.suno.com.br\/noticias\/\"},{\"@type\":\"ListItem\",\"position\":2,\"name\":\"Neg\u00f3cios\",\"item\":\"https:\/\/www.suno.com.br\/noticias\/negocios\/\"},{\"@type\":\"ListItem\",\"position\":3,\"name\":\"A\u00e7\u00f5es da Petz (PETZ3) tem dia positivo em estreia na B3 com alta de 21,82%\"}]},{\"@type\":\"WebSite\",\"@id\":\"https:\/\/www.suno.com.br\/noticias\/#website\",\"url\":\"https:\/\/www.suno.com.br\/noticias\/\",\"name\":\"Suno Not\u00edcias\",\"description\":\"Seu portal de informa\u00e7\u00e3o sobre o mundo dos investimentos\",\"publisher\":{\"@id\":\"https:\/\/www.suno.com.br\/noticias\/#organization\"},\"potentialAction\":[{\"@type\":\"SearchAction\",\"target\":{\"@type\":\"EntryPoint\",\"urlTemplate\":\"https:\/\/www.suno.com.br\/noticias\/?s={search_term_string}\"},\"query-input\":{\"@type\":\"PropertyValueSpecification\",\"valueRequired\":true,\"valueName\":\"search_term_string\"}}],\"inLanguage\":\"pt-BR\"},{\"@type\":\"Organization\",\"@id\":\"https:\/\/www.suno.com.br\/noticias\/#organization\",\"name\":\"Suno Not\u00edcias\",\"url\":\"https:\/\/www.suno.com.br\/noticias\/\",\"logo\":{\"@type\":\"ImageObject\",\"inLanguage\":\"pt-BR\",\"@id\":\"https:\/\/www.suno.com.br\/noticias\/#\/schema\/logo\/image\/\",\"url\":\"https:\/\/files.sunoresearch.com.br\/n\/uploads\/2021\/09\/suno-logo.png\",\"contentUrl\":\"https:\/\/files.sunoresearch.com.br\/n\/uploads\/2021\/09\/suno-logo.png\",\"width\":180,\"height\":180,\"caption\":\"Suno Not\u00edcias\"},\"image\":{\"@id\":\"https:\/\/www.suno.com.br\/noticias\/#\/schema\/logo\/image\/\"},\"sameAs\":[\"https:\/\/facebook.com\/sunoresearch\",\"https:\/\/x.com\/sunoresearch\",\"https:\/\/www.instagram.com\/suno\",\"https:\/\/www.linkedin.com\/company\/suno-research\/\",\"https:\/\/www.youtube.com\/c\/sunoresearch\"]},{\"@type\":\"Person\",\"@id\":\"https:\/\/www.suno.com.br\/noticias\/#\/schema\/person\/053a750a709a263919a20f976caae91c\",\"name\":\"Arthur Guimar\u00e3es\",\"image\":{\"@type\":\"ImageObject\",\"inLanguage\":\"pt-BR\",\"@id\":\"https:\/\/www.suno.com.br\/noticias\/#\/schema\/person\/image\/\",\"url\":\"https:\/\/secure.gravatar.com\/avatar\/1affd86a11209ae09eb6dd3bcad3e96c?s=96&r=g\",\"contentUrl\":\"https:\/\/secure.gravatar.com\/avatar\/1affd86a11209ae09eb6dd3bcad3e96c?s=96&r=g\",\"caption\":\"Arthur Guimar\u00e3es\"},\"description\":\"Arthur Guimar\u00e3es escreve sobre pol\u00edtica, economia e neg\u00f3cios para o portal de not\u00edcias da Suno Research. Atualmente, \u00e9 estudante de jornalismo pela Faculdade C\u00e1sper L\u00edbero.\",\"url\":\"https:\/\/www.suno.com.br\/noticias\/author\/arthur-guimaraes\/\"}]}<\/script>\n<!-- \/ Yoast SEO plugin. -->","yoast_head_json":{"title":"A\u00e7\u00f5es da Petz (PETZ3) tem dia positivo em estreia com alta de 21,82%","description":"A rede de petshops Petz (PETZ3) estreou na B3, com uma alta de 21,82% e viu suas a\u00e7\u00f5es fecharem cotadas a R$ 16,75. Clique para saber mais","robots":{"index":"index","follow":"follow","max-snippet":"max-snippet:-1","max-image-preview":"max-image-preview:large","max-video-preview":"max-video-preview:-1"},"canonical":"https:\/\/www.suno.com.br\/noticias\/acoes-da-petz-petz3-dia-positivo-estreia-b3\/","og_locale":"pt_BR","og_type":"article","og_title":"A\u00e7\u00f5es da Petz (PETZ3) tem dia positivo em estreia com alta de 21,82%","og_description":"A rede de petshops Petz (PETZ3) estreou na B3, com uma alta de 21,82% e viu suas a\u00e7\u00f5es fecharem cotadas a R$ 16,75. Clique para saber mais","og_url":"https:\/\/www.suno.com.br\/noticias\/acoes-da-petz-petz3-dia-positivo-estreia-b3\/","og_site_name":"Suno Not\u00edcias","article_publisher":"https:\/\/facebook.com\/sunoresearch","og_image":[{"width":1350,"height":900,"url":"https:\/\/files.sunoresearch.com.br\/n\/uploads\/2020\/08\/74b7ba95-petz-ricardo-jafet-fachada2-2.jpg","type":"image\/jpeg"}],"author":"Arthur Guimar\u00e3es","twitter_card":"summary_large_image","twitter_creator":"@sunoresearch","twitter_site":"@sunoresearch","twitter_misc":{"Escrito por":"Arthur Guimar\u00e3es","Est. tempo de leitura":"2 minutos"},"schema":{"@context":"https:\/\/schema.org","@graph":[{"@type":"NewsArticle","@id":"https:\/\/www.suno.com.br\/noticias\/acoes-da-petz-petz3-dia-positivo-estreia-b3\/#article","isPartOf":{"@id":"https:\/\/www.suno.com.br\/noticias\/acoes-da-petz-petz3-dia-positivo-estreia-b3\/"},"author":{"name":"Arthur Guimar\u00e3es","@id":"https:\/\/www.suno.com.br\/noticias\/#\/schema\/person\/053a750a709a263919a20f976caae91c"},"headline":"A\u00e7\u00f5es da Petz (PETZ3) tem dia positivo em estreia na B3 com alta de 21,82%","datePublished":"2020-09-11T21:38:52+00:00","dateModified":"2020-09-11T21:42:13+00:00","mainEntityOfPage":{"@id":"https:\/\/www.suno.com.br\/noticias\/acoes-da-petz-petz3-dia-positivo-estreia-b3\/"},"wordCount":404,"publisher":{"@id":"https:\/\/www.suno.com.br\/noticias\/#organization"},"image":{"@id":"https:\/\/www.suno.com.br\/noticias\/acoes-da-petz-petz3-dia-positivo-estreia-b3\/#primaryimage"},"thumbnailUrl":"https:\/\/files.sunoresearch.com.br\/n\/uploads\/2020\/08\/74b7ba95-petz-ricardo-jafet-fachada2-2.jpg","keywords":["A\u00e7\u00f5es","B3 (B3SA3)","Petz (PETZ3)"],"articleSection":["Neg\u00f3cios"],"inLanguage":"pt-BR"},{"@type":"WebPage","@id":"https:\/\/www.suno.com.br\/noticias\/acoes-da-petz-petz3-dia-positivo-estreia-b3\/","url":"https:\/\/www.suno.com.br\/noticias\/acoes-da-petz-petz3-dia-positivo-estreia-b3\/","name":"A\u00e7\u00f5es da Petz (PETZ3) tem dia positivo em estreia com alta de 21,82%","isPartOf":{"@id":"https:\/\/www.suno.com.br\/noticias\/#website"},"primaryImageOfPage":{"@id":"https:\/\/www.suno.com.br\/noticias\/acoes-da-petz-petz3-dia-positivo-estreia-b3\/#primaryimage"},"image":{"@id":"https:\/\/www.suno.com.br\/noticias\/acoes-da-petz-petz3-dia-positivo-estreia-b3\/#primaryimage"},"thumbnailUrl":"https:\/\/files.sunoresearch.com.br\/n\/uploads\/2020\/08\/74b7ba95-petz-ricardo-jafet-fachada2-2.jpg","datePublished":"2020-09-11T21:38:52+00:00","dateModified":"2020-09-11T21:42:13+00:00","description":"A rede de petshops Petz (PETZ3) estreou na B3, com uma alta de 21,82% e viu suas a\u00e7\u00f5es fecharem cotadas a R$ 16,75. Clique para saber mais","breadcrumb":{"@id":"https:\/\/www.suno.com.br\/noticias\/acoes-da-petz-petz3-dia-positivo-estreia-b3\/#breadcrumb"},"inLanguage":"pt-BR","potentialAction":[{"@type":"ReadAction","target":["https:\/\/www.suno.com.br\/noticias\/acoes-da-petz-petz3-dia-positivo-estreia-b3\/"]}]},{"@type":"ImageObject","inLanguage":"pt-BR","@id":"https:\/\/www.suno.com.br\/noticias\/acoes-da-petz-petz3-dia-positivo-estreia-b3\/#primaryimage","url":"https:\/\/files.sunoresearch.com.br\/n\/uploads\/2020\/08\/74b7ba95-petz-ricardo-jafet-fachada2-2.jpg","contentUrl":"https:\/\/files.sunoresearch.com.br\/n\/uploads\/2020\/08\/74b7ba95-petz-ricardo-jafet-fachada2-2.jpg","width":1350,"height":900,"caption":"A Petz (PETZ3) apresentou, na manh\u00e3 desta ter\u00e7a-feira (27), seu primeiro balan\u00e7o de resultados ap\u00f3s o IPO."},{"@type":"BreadcrumbList","@id":"https:\/\/www.suno.com.br\/noticias\/acoes-da-petz-petz3-dia-positivo-estreia-b3\/#breadcrumb","itemListElement":[{"@type":"ListItem","position":1,"name":"Not\u00edcias","item":"https:\/\/www.suno.com.br\/noticias\/"},{"@type":"ListItem","position":2,"name":"Neg\u00f3cios","item":"https:\/\/www.suno.com.br\/noticias\/negocios\/"},{"@type":"ListItem","position":3,"name":"A\u00e7\u00f5es da Petz (PETZ3) tem dia positivo em estreia na B3 com alta de 21,82%"}]},{"@type":"WebSite","@id":"https:\/\/www.suno.com.br\/noticias\/#website","url":"https:\/\/www.suno.com.br\/noticias\/","name":"Suno Not\u00edcias","description":"Seu portal de informa\u00e7\u00e3o sobre o mundo dos investimentos","publisher":{"@id":"https:\/\/www.suno.com.br\/noticias\/#organization"},"potentialAction":[{"@type":"SearchAction","target":{"@type":"EntryPoint","urlTemplate":"https:\/\/www.suno.com.br\/noticias\/?s={search_term_string}"},"query-input":{"@type":"PropertyValueSpecification","valueRequired":true,"valueName":"search_term_string"}}],"inLanguage":"pt-BR"},{"@type":"Organization","@id":"https:\/\/www.suno.com.br\/noticias\/#organization","name":"Suno Not\u00edcias","url":"https:\/\/www.suno.com.br\/noticias\/","logo":{"@type":"ImageObject","inLanguage":"pt-BR","@id":"https:\/\/www.suno.com.br\/noticias\/#\/schema\/logo\/image\/","url":"https:\/\/files.sunoresearch.com.br\/n\/uploads\/2021\/09\/suno-logo.png","contentUrl":"https:\/\/files.sunoresearch.com.br\/n\/uploads\/2021\/09\/suno-logo.png","width":180,"height":180,"caption":"Suno Not\u00edcias"},"image":{"@id":"https:\/\/www.suno.com.br\/noticias\/#\/schema\/logo\/image\/"},"sameAs":["https:\/\/facebook.com\/sunoresearch","https:\/\/x.com\/sunoresearch","https:\/\/www.instagram.com\/suno","https:\/\/www.linkedin.com\/company\/suno-research\/","https:\/\/www.youtube.com\/c\/sunoresearch"]},{"@type":"Person","@id":"https:\/\/www.suno.com.br\/noticias\/#\/schema\/person\/053a750a709a263919a20f976caae91c","name":"Arthur Guimar\u00e3es","image":{"@type":"ImageObject","inLanguage":"pt-BR","@id":"https:\/\/www.suno.com.br\/noticias\/#\/schema\/person\/image\/","url":"https:\/\/secure.gravatar.com\/avatar\/1affd86a11209ae09eb6dd3bcad3e96c?s=96&r=g","contentUrl":"https:\/\/secure.gravatar.com\/avatar\/1affd86a11209ae09eb6dd3bcad3e96c?s=96&r=g","caption":"Arthur Guimar\u00e3es"},"description":"Arthur Guimar\u00e3es escreve sobre pol\u00edtica, economia e neg\u00f3cios para o portal de not\u00edcias da Suno Research. Atualmente, \u00e9 estudante de jornalismo pela Faculdade C\u00e1sper L\u00edbero.","url":"https:\/\/www.suno.com.br\/noticias\/author\/arthur-guimaraes\/"}]}},"default_loop_html":"<div class=\"cardsPage__listCard__boxs\"><div class=\"cardsPage__listCard__boxs__img\"><a href=\"https:\/\/www.suno.com.br\/noticias\/acoes-da-petz-petz3-dia-positivo-estreia-b3\/\"><img class=\"mask\" src=\"https:\/\/www.suno.com.br\/noticias\/wp-content\/themes\/suno\/resources\/images\/spotlight\/spotlight1img\/bg-mask.png\" alt=\"Image Mask\"\/><img src=\"https:\/\/files.sunoresearch.com.br\/n\/uploads\/2020\/08\/74b7ba95-petz-ricardo-jafet-fachada2-2-400x200.webp\" alt=\"A\u00e7\u00f5es da Petz (PETZ3) tem dia positivo em estreia na B3 com alta de 21,82%\"\/><\/a><span class=\"spotlightCategory\"><a href=\"https:\/\/www.suno.com.br\/noticias\/negocios\/\">Neg\u00f3cios<\/a><\/span><\/div><div class=\"cardsPage__listCard__boxs__content\"><a href=\"https:\/\/www.suno.com.br\/noticias\/acoes-da-petz-petz3-dia-positivo-estreia-b3\/\"><h2 class=\"content__title\">A\u00e7\u00f5es da Petz (PETZ3) tem dia positivo em estreia na B3 com alta de 21,82%<\/h2><\/a><div class=\"newsContent__article__meta\"><div class=\"newsContent__article__meta__authorBox\"><a href=\"https:\/\/www.suno.com.br\/noticias\/author\/arthur-guimaraes\/\" class=\"authorBox__avatar noMobi\"><img src=\"https:\/\/files.sunoresearch.com.br\/n\/uploads\/2020\/02\/dfb40897-eu-150x150.webp\" alt=\"Arthur Guimar\u00e3es\"><\/a><div class=\"authorBox__name\"><span>por\n\t\t\t<a href=\"https:\/\/www.suno.com.br\/noticias\/author\/arthur-guimaraes\/\"><span itemprop=\"author\">Arthur Guimar\u00e3es<\/span><\/a><\/span><time datetime=\"2020-09-11T18:38:52-03:00\" itemprop=\"datePublished\">11\/09\/2020 18:38<\/time><\/div><\/div><\/div><\/div><\/div>","single_layout":"posts","amp_enabled":true,"_links":{"self":[{"href":"https:\/\/www.suno.com.br\/noticias\/wp-json\/wp\/v2\/posts\/84113"}],"collection":[{"href":"https:\/\/www.suno.com.br\/noticias\/wp-json\/wp\/v2\/posts"}],"about":[{"href":"https:\/\/www.suno.com.br\/noticias\/wp-json\/wp\/v2\/types\/post"}],"author":[{"embeddable":true,"href":"https:\/\/www.suno.com.br\/noticias\/wp-json\/wp\/v2\/users\/35"}],"replies":[{"embeddable":true,"href":"https:\/\/www.suno.com.br\/noticias\/wp-json\/wp\/v2\/comments?post=84113"}],"version-history":[{"count":0,"href":"https:\/\/www.suno.com.br\/noticias\/wp-json\/wp\/v2\/posts\/84113\/revisions"}],"wp:featuredmedia":[{"embeddable":true,"href":"https:\/\/www.suno.com.br\/noticias\/wp-json\/wp\/v2\/media\/80160"}],"wp:attachment":[{"href":"https:\/\/www.suno.com.br\/noticias\/wp-json\/wp\/v2\/media?parent=84113"}],"wp:term":[{"taxonomy":"category","embeddable":true,"href":"https:\/\/www.suno.com.br\/noticias\/wp-json\/wp\/v2\/categories?post=84113"},{"taxonomy":"post_tag","embeddable":true,"href":"https:\/\/www.suno.com.br\/noticias\/wp-json\/wp\/v2\/tags?post=84113"},{"taxonomy":"suno_strategy","embeddable":true,"href":"https:\/\/www.suno.com.br\/noticias\/wp-json\/wp\/v2\/suno_strategy?post=84113"}],"curies":[{"name":"wp","href":"https:\/\/api.w.org\/{rel}","templated":true}]}}