{"id":83939,"date":"2020-09-11T09:09:52","date_gmt":"2020-09-11T12:09:52","guid":{"rendered":"https:\/\/www.suno.com.br\/noticias\/?p=83939"},"modified":"2021-06-14T00:27:22","modified_gmt":"2021-06-14T03:27:22","slug":"agenda-do-dia-vale-braskem-azul-sulamerica-embraer","status":"publish","type":"post","link":"https:\/\/www.suno.com.br\/noticias\/agenda-do-dia-vale-braskem-azul-sulamerica-embraer\/","title":{"rendered":"Agenda do Dia: Vale; Braskem; Azul; SulAm\u00e9rica; Embraer"},"content":{"rendered":"<p>Os assuntos da <strong>Agenda<\/strong> <strong>do<\/strong> <strong>Dia<\/strong> desta sexta-feira (11) prometem agitar o mercado.<\/p>\t<div class=\"wrapper-featured-image\">\n\t\t<figure class=\"spotlightImg\">\n\n\t\t\t<picture>\n\t\t\t\t<source media=\"(max-width: 768px)\" srcset=\"https:\/\/files.sunoresearch.com.br\/n\/uploads\/2019\/09\/c0100329-vale-400x200.webp\">\n\t\t\t\t<img loading=\"lazy\" decoding=\"async\" class=\"newsContent__article__imgCapa lazyloadDisabled \" src=\"https:\/\/files.sunoresearch.com.br\/n\/uploads\/2019\/09\/c0100329-vale-800x450.webp\" width=\"800\" height=\"450\" alt=\"Agenda do Dia: Vale; Braskem; Azul; SulAm\u00e9rica; Embraer\" fetchpriority=high \/>\n\t\t\t<\/picture>\n\n\t\t\t<figcaption class=\"wp-caption-text wp-caption-text--show\">Vale (VALE3): produ\u00e7\u00e3o de min\u00e9rio de ferro tem alta de 1,1% no 3T22. Foto: divulga\u00e7\u00e3o<\/figcaption>\n\t\t<\/figure>\n\t<\/div>\n\n\n<div class=\"hubspot-form-wrapper\">\n\t<div id=\"single-form-target\"><\/div>\n<\/div>\n\n<p>A Agenda do Dia come\u00e7a com a not\u00edcia sobre a <strong>Vale,<\/strong> que foi notificada pela justi\u00e7a, que determinou que a mineradora ter\u00e1 de indenizar as fam\u00edlias que habitavam pr\u00f3ximo a sua barrragem em Ouro Preto. Al\u00e9m disso, h\u00e1 tamb\u00e9m novas informa\u00e7\u00f5es sobre a <strong>Braskem<\/strong><b>, <\/b>que iniciou a produ\u00e7\u00e3o comercial de polipropileno (PP) em sua nova planta nos Estados Unidos<\/p>\n<p>Ademais, a Agenda do Dia tamb\u00e9m conta com informa\u00e7\u00f5es sobre a <b>Azul<\/b>,<strong>\u00a0<\/strong>que informou que a demanda por voos aumentou 26,4% em agosto frente ao m\u00eas imediatamente anterior.<\/p>\n<p><a href=\"https:\/\/lp.suno.com.br\/suno-one\/\">Suno One: acesse gratuitamente eBooks, Minicursos, Artigos e Video Aulas sobre investimentos com um \u00fanico cadastro. Clique para saber mais!<\/a><\/p>\n<h2>Vale<\/h2>\n<p>O Tribunal de Justi\u00e7a de Minas Gerais (TJMG) determinou, na \u00faltima quinta-feira (10), que a <a href=\"https:\/\/www.suno.com.br\/acoes\/vale3\/\"><strong>Vale<\/strong> (VALE3)<\/a> dever\u00e1 indenizar as fam\u00edlias removidas no distrito de Ant\u00f4nio Pereira, em Ouro Preto (MG), pr\u00f3ximo a sua barragem Doutor. Cerca de 150 fam\u00edlias est\u00e3o fora de suas casas por causa dos riscos de rompimento da barragem na Mina de Timbopeba. As informa\u00e7\u00f5es s\u00e3o da &#8220;Ag\u00eancia Brasil&#8221;.<\/p>\n\t<div data-element=\"shortcode-read-more\" class=\"knowMore\">\n\t\t\t\t<span class=\"knowMore__title\">Saiba mais<\/span>\n\t\t\t\t<a class=\"knowMore__link\" href=\"https:\/\/www.suno.com.br\/noticias\/vale-vale3-justica-determina-indenizar-familias-ouro-preto\/\">\n\t\t\tVale (VALE3) dever\u00e1 indenizar fam\u00edlias removidas em Ouro Preto, determina TJMG\t\t<\/a>\n\t<\/div>\n\n\n<p>Al\u00e9m disso, o <a href=\"https:\/\/www.suno.com.br\/artigos\/bndespar\/\">BNDESPar<\/a> confirmou, na manh\u00e3 desta sexta-feira (11), que seu controlador integral, o <a href=\"https:\/\/www.suno.com.br\/artigos\/bndes\/\">Banco Nacional de Desenvolvimento Econ\u00f4mico e Social (BNDES)<\/a>, planeja vender deb\u00eantures da <a href=\"https:\/\/www.suno.com.br\/acoes\/vale3\/\"><strong>Vale<\/strong> (VALE3)<\/a> no mercado secund\u00e1rio, realizando um desinvetimento na empresa.<\/p>\n<h2>Braskem<\/h2>\n<p>A <a href=\"https:\/\/www.suno.com.br\/acoes\/brkm3\/\"><strong>Braskem<\/strong> (BRKM3)<\/a> informou, na noite da \u00faltima quinta-feira (10), que iniciou a produ\u00e7\u00e3o comercial de polipropileno (PP) em sua nova planta nos Estados Unidos. A opera\u00e7\u00e3o foi instaurada ap\u00f3s a conclus\u00e3o do processo de comissionamento. O novo empreendimento fica localizado em La Porte, no estado do <strong>Texas<\/strong>, nos EUA e, de acordo com a companhia, possui capacidade de produzir 450 mil toneladas de <strong>polipropileno<\/strong> por ano.<\/p>\n<p>De acordo com a Braskem, a constru\u00e7\u00e3o da nova unidade est\u00e1 em linha com a estrat\u00e9gia de diversifica\u00e7\u00e3o da matriz de <strong>mat\u00e9ria-prima<\/strong> da companhia. Um dos objetivos da Braskem com a opera\u00e7\u00e3o tamb\u00e9m \u00e9 expandir suas opera\u00e7\u00f5es nas Am\u00e9ricas com a opera\u00e7\u00e3o.<\/p>\n<h2><strong>SulAm\u00e9rica<\/strong><\/h2>\n<p>A <a href=\"https:\/\/www.suno.com.br\/acoes\/sula11\/\"><strong>SulAm\u00e9rica<\/strong> (SULA11)<\/a> concluiu, na \u00faltima quinta-feira (10), a aquisi\u00e7\u00e3o da Paran\u00e1 Cl\u00ednicas Planos de Sa\u00fade. Segundo informou a companhia, a empresa comprada \u00e9 a 5\u00aa maior operadora de planos de sa\u00fade do Paran\u00e1, com cerca de 90 mil benefici\u00e1rios. A empresa teve uma receita de R$ 103 milh\u00f5es no primeiro semestre deste ano.<\/p>\n<p>A SulAm\u00e9rica fechou a transa\u00e7\u00e3o pelo valor total de R$ 396 milh\u00f5es, que incluem os resultados desde a assinatura do contrato, anunciada em junho, e R$ 9 milh\u00f5es referentes a um novo centro m\u00e9dico em constru\u00e7\u00e3o em S\u00e3o Jos\u00e9 dos Pinhais.<\/p>\n<h2>Setor a\u00e9reo na Agenda do Dia<\/h2>\n<h2>Azul<\/h2>\n<p>A <a href=\"https:\/\/www.suno.com.br\/acoes\/azul4\/\"><strong>Azul<\/strong> (AZUL4)<\/a> divulgou na \u00faltima quinta-feira (10) seus resultados de tr\u00e1fego de passageiros referentes a agosto deste ano. A companhia a\u00e9rea registrou uma queda de 68,7% na <a href=\"https:\/\/www.suno.com.br\/artigos\/oferta-demanda\/\">demanda<\/a> (RPK) em compara\u00e7\u00e3o com agosto de 2019. Por outro lado, o indicador cresceu 26,4% ante julho deste ano.<\/p>\n<p>Em rela\u00e7\u00e3o a oferta de assentos (ASK), a Azul informou que houve uma queda de 65,6% na compara\u00e7\u00e3o ano a ano, ao passo que na compara\u00e7\u00e3o com o m\u00eas anterior o indicador avan\u00e7ou 33,3%. J\u00e1 a taxa de ocupa\u00e7\u00e3o passou de 83% no oitavo m\u00eas do ano passado para 75,5% no mesmo per\u00edodo deste ano.<\/p>\n<h2>Embraer<\/h2>\n<p>A <a href=\"https:\/\/www.suno.com.br\/acoes\/embr3\/\"><strong>Embraer<\/strong> (EMBR3)<\/a> assinou, tamb\u00e9m na \u00faltima quinta, um acordo coletivo com o Sindicato dos Engenheiros no Estado de S\u00e3o Paulo, estendendo os benef\u00edcios aos profissionais desligados da companhia em 3 de setembro. De acordo com a companhia, o acordo assinado nesta quinta-feira prev\u00ea a manuten\u00e7\u00e3o do patamar atual de engenheiros, no n\u00edvel de tr\u00eas mil trabalhadores, at\u00e9 o m\u00eas de abril de 2021.<\/p>\n<p><em>Com informa\u00e7\u00f5es do Estad\u00e3o Conte\u00fado<\/em><\/p>\n<p>A <strong>Agenda<\/strong> <strong style=\"font-size: 1.21429rem;\">do<\/strong> <strong style=\"font-size: 1.21429rem;\">Dia<\/strong> do <a href=\"https:\/\/www.youtube.com\/channel\/UCWDeEIDAIi_oYKDiqwfGyRg\">Suno Not\u00edcias<\/a> mostra os principais acontecimentos que prometem movimentar o mercado durante o dia.<\/p>\n\t<p>\n\t\t<a href=\"https:\/\/lp.suno.com.br\/planilha-de-controle-de-investimentos\/\" target=\"_blank\" data-element=\"shortcode-suno-banner\" title=\"Banner SUNO, clique e saiba mais\">\n\t\t\t<picture>\n\t\t\t\t<source media=\"(max-width: 500px)\" srcset=\"https:\/\/files.sunoresearch.com.br\/n\/uploads\/2023\/03\/400x300-Controle-de-Investimentos.png\">\n\t\t\t\t<img class=\"newsContent__article__imgCapa newsContent__article__imgCapa--banner\"\n\t\t\t\t\tsrc=\"https:\/\/files.sunoresearch.com.br\/n\/uploads\/2023\/03\/1420x240-Controle-de-Investimentos.png\"\n\t\t\t\t\tdata-promo-id=\"75934\"\t\t\t\t\t\t\t\t\t\twidth='1420' height='240'\t\t\t\t\talt=\"https:\/\/files.sunoresearch.com.br\/n\/uploads\/2023\/03\/1420x240-Controle-de-Investimentos.png\"\n\t\t\t\t>\n\t\t\t<\/picture>\n\t\t<\/a>\n\t<\/p>\n\n\n","protected":false},"excerpt":{"rendered":"<p>Os assuntos da Agenda do Dia desta sexta-feira (11) prometem agitar o mercado. Vale (VALE3): produ\u00e7\u00e3o de min\u00e9rio de ferro tem alta de 1,1% no 3T22. Foto: divulga\u00e7\u00e3o A Agenda do Dia come\u00e7a com a not\u00edcia sobre a Vale, que foi notificada pela justi\u00e7a, que determinou que a mineradora ter\u00e1 de indenizar as fam\u00edlias que [&hellip;]<\/p>\n","protected":false},"author":19,"featured_media":39309,"comment_status":"closed","ping_status":"closed","sticky":false,"template":"","format":"standard","meta":[],"categories":[64],"tags":[1980,106932,395,647,676],"suno_strategy":[],"class_list":["post-83939","post","type-post","status-publish","format-standard","has-post-thumbnail","hentry","category-negocios","tag-agenda-do-dia","tag-azul-azul4","tag-braskem-brkm3-brkm5-brkm6","tag-sulamerica-sula11-sula3-sula4","tag-vale-vale3"],"yoast_head":"<!-- This site is optimized with the Yoast SEO plugin v24.4 - https:\/\/yoast.com\/wordpress\/plugins\/seo\/ -->\n<title>Agenda do Dia: Vale; Braskem; Azul; SulAm\u00e9rica; Embraer<\/title>\n<meta name=\"description\" content=\"Agenda do Dia: determina\u00e7\u00e3o da justi\u00e7a contra a Vale; Braskem; resultado da Azul em agosto; SulAm\u00e9rica; Embraer. Saiba mais.\" \/>\n<meta name=\"robots\" content=\"index, follow, max-snippet:-1, max-image-preview:large, max-video-preview:-1\" \/>\n<link rel=\"canonical\" href=\"https:\/\/www.suno.com.br\/noticias\/agenda-do-dia-vale-braskem-azul-sulamerica-embraer\/\" \/>\n<meta property=\"og:locale\" content=\"pt_BR\" \/>\n<meta property=\"og:type\" content=\"article\" \/>\n<meta property=\"og:title\" content=\"Agenda do Dia: Vale; Braskem; Azul; SulAm\u00e9rica; Embraer\" \/>\n<meta property=\"og:description\" content=\"Agenda do Dia: determina\u00e7\u00e3o da justi\u00e7a contra a Vale; Braskem; resultado da Azul em agosto; SulAm\u00e9rica; Embraer. Saiba mais.\" \/>\n<meta property=\"og:url\" content=\"https:\/\/www.suno.com.br\/noticias\/agenda-do-dia-vale-braskem-azul-sulamerica-embraer\/\" \/>\n<meta property=\"og:site_name\" content=\"Suno Not\u00edcias\" \/>\n<meta property=\"article:publisher\" content=\"https:\/\/facebook.com\/sunoresearch\" \/>\n<meta property=\"og:image\" content=\"https:\/\/files.sunoresearch.com.br\/n\/uploads\/2019\/09\/c0100329-vale.jpg\" \/>\n\t<meta property=\"og:image:width\" content=\"1380\" \/>\n\t<meta property=\"og:image:height\" content=\"937\" \/>\n\t<meta property=\"og:image:type\" content=\"image\/jpeg\" \/>\n<meta name=\"author\" content=\"Juliano Passaro\" \/>\n<meta name=\"twitter:card\" content=\"summary_large_image\" \/>\n<meta name=\"twitter:creator\" content=\"@sunoresearch\" \/>\n<meta name=\"twitter:site\" content=\"@sunoresearch\" \/>\n<meta name=\"twitter:label1\" content=\"Escrito por\" \/>\n\t<meta name=\"twitter:data1\" content=\"Juliano Passaro\" \/>\n\t<meta name=\"twitter:label2\" content=\"Est. tempo de leitura\" \/>\n\t<meta name=\"twitter:data2\" content=\"3 minutos\" \/>\n<script type=\"application\/ld+json\" class=\"yoast-schema-graph\">{\"@context\":\"https:\/\/schema.org\",\"@graph\":[{\"@type\":\"NewsArticle\",\"@id\":\"https:\/\/www.suno.com.br\/noticias\/agenda-do-dia-vale-braskem-azul-sulamerica-embraer\/#article\",\"isPartOf\":{\"@id\":\"https:\/\/www.suno.com.br\/noticias\/agenda-do-dia-vale-braskem-azul-sulamerica-embraer\/\"},\"author\":{\"name\":\"Juliano Passaro\",\"@id\":\"https:\/\/www.suno.com.br\/noticias\/#\/schema\/person\/1db762f78ffd8919a648a63e425953e3\"},\"headline\":\"Agenda do Dia: Vale; Braskem; Azul; SulAm\u00e9rica; Embraer\",\"datePublished\":\"2020-09-11T12:09:52+00:00\",\"dateModified\":\"2021-06-14T03:27:22+00:00\",\"mainEntityOfPage\":{\"@id\":\"https:\/\/www.suno.com.br\/noticias\/agenda-do-dia-vale-braskem-azul-sulamerica-embraer\/\"},\"wordCount\":708,\"publisher\":{\"@id\":\"https:\/\/www.suno.com.br\/noticias\/#organization\"},\"image\":{\"@id\":\"https:\/\/www.suno.com.br\/noticias\/agenda-do-dia-vale-braskem-azul-sulamerica-embraer\/#primaryimage\"},\"thumbnailUrl\":\"https:\/\/files.sunoresearch.com.br\/n\/uploads\/2019\/09\/c0100329-vale-jpg.webp\",\"keywords\":[\"agenda do dia\",\"Azul (AZUL4)\",\"Braskem (BRKM3\/BRKM5\/BRKM6)\",\"SulAm\u00e9rica (SULA11\/SULA3\/SULA4)\",\"Vale (VALE3)\"],\"articleSection\":[\"Neg\u00f3cios\"],\"inLanguage\":\"pt-BR\"},{\"@type\":\"WebPage\",\"@id\":\"https:\/\/www.suno.com.br\/noticias\/agenda-do-dia-vale-braskem-azul-sulamerica-embraer\/\",\"url\":\"https:\/\/www.suno.com.br\/noticias\/agenda-do-dia-vale-braskem-azul-sulamerica-embraer\/\",\"name\":\"Agenda do Dia: Vale; Braskem; Azul; SulAm\u00e9rica; Embraer\",\"isPartOf\":{\"@id\":\"https:\/\/www.suno.com.br\/noticias\/#website\"},\"primaryImageOfPage\":{\"@id\":\"https:\/\/www.suno.com.br\/noticias\/agenda-do-dia-vale-braskem-azul-sulamerica-embraer\/#primaryimage\"},\"image\":{\"@id\":\"https:\/\/www.suno.com.br\/noticias\/agenda-do-dia-vale-braskem-azul-sulamerica-embraer\/#primaryimage\"},\"thumbnailUrl\":\"https:\/\/files.sunoresearch.com.br\/n\/uploads\/2019\/09\/c0100329-vale-jpg.webp\",\"datePublished\":\"2020-09-11T12:09:52+00:00\",\"dateModified\":\"2021-06-14T03:27:22+00:00\",\"description\":\"Agenda do Dia: determina\u00e7\u00e3o da justi\u00e7a contra a Vale; Braskem; resultado da Azul em agosto; SulAm\u00e9rica; Embraer. Saiba mais.\",\"breadcrumb\":{\"@id\":\"https:\/\/www.suno.com.br\/noticias\/agenda-do-dia-vale-braskem-azul-sulamerica-embraer\/#breadcrumb\"},\"inLanguage\":\"pt-BR\",\"potentialAction\":[{\"@type\":\"ReadAction\",\"target\":[\"https:\/\/www.suno.com.br\/noticias\/agenda-do-dia-vale-braskem-azul-sulamerica-embraer\/\"]}]},{\"@type\":\"ImageObject\",\"inLanguage\":\"pt-BR\",\"@id\":\"https:\/\/www.suno.com.br\/noticias\/agenda-do-dia-vale-braskem-azul-sulamerica-embraer\/#primaryimage\",\"url\":\"https:\/\/files.sunoresearch.com.br\/n\/uploads\/2019\/09\/c0100329-vale-jpg.webp\",\"contentUrl\":\"https:\/\/files.sunoresearch.com.br\/n\/uploads\/2019\/09\/c0100329-vale-jpg.webp\",\"width\":1380,\"height\":937,\"caption\":\"Vale (VALE3): produ\u00e7\u00e3o de min\u00e9rio de ferro tem alta de 1,1% no 3T22. Foto: divulga\u00e7\u00e3o\"},{\"@type\":\"BreadcrumbList\",\"@id\":\"https:\/\/www.suno.com.br\/noticias\/agenda-do-dia-vale-braskem-azul-sulamerica-embraer\/#breadcrumb\",\"itemListElement\":[{\"@type\":\"ListItem\",\"position\":1,\"name\":\"Not\u00edcias\",\"item\":\"https:\/\/www.suno.com.br\/noticias\/\"},{\"@type\":\"ListItem\",\"position\":2,\"name\":\"Neg\u00f3cios\",\"item\":\"https:\/\/www.suno.com.br\/noticias\/negocios\/\"},{\"@type\":\"ListItem\",\"position\":3,\"name\":\"Agenda do Dia: Vale; Braskem; Azul; SulAm\u00e9rica; Embraer\"}]},{\"@type\":\"WebSite\",\"@id\":\"https:\/\/www.suno.com.br\/noticias\/#website\",\"url\":\"https:\/\/www.suno.com.br\/noticias\/\",\"name\":\"Suno Not\u00edcias\",\"description\":\"Seu portal de informa\u00e7\u00e3o sobre o mundo dos investimentos\",\"publisher\":{\"@id\":\"https:\/\/www.suno.com.br\/noticias\/#organization\"},\"potentialAction\":[{\"@type\":\"SearchAction\",\"target\":{\"@type\":\"EntryPoint\",\"urlTemplate\":\"https:\/\/www.suno.com.br\/noticias\/?s={search_term_string}\"},\"query-input\":{\"@type\":\"PropertyValueSpecification\",\"valueRequired\":true,\"valueName\":\"search_term_string\"}}],\"inLanguage\":\"pt-BR\"},{\"@type\":\"Organization\",\"@id\":\"https:\/\/www.suno.com.br\/noticias\/#organization\",\"name\":\"Suno Not\u00edcias\",\"url\":\"https:\/\/www.suno.com.br\/noticias\/\",\"logo\":{\"@type\":\"ImageObject\",\"inLanguage\":\"pt-BR\",\"@id\":\"https:\/\/www.suno.com.br\/noticias\/#\/schema\/logo\/image\/\",\"url\":\"https:\/\/files.sunoresearch.com.br\/n\/uploads\/2021\/09\/suno-logo.png\",\"contentUrl\":\"https:\/\/files.sunoresearch.com.br\/n\/uploads\/2021\/09\/suno-logo.png\",\"width\":180,\"height\":180,\"caption\":\"Suno Not\u00edcias\"},\"image\":{\"@id\":\"https:\/\/www.suno.com.br\/noticias\/#\/schema\/logo\/image\/\"},\"sameAs\":[\"https:\/\/facebook.com\/sunoresearch\",\"https:\/\/x.com\/sunoresearch\",\"https:\/\/www.instagram.com\/suno\",\"https:\/\/www.linkedin.com\/company\/suno-research\/\",\"https:\/\/www.youtube.com\/c\/sunoresearch\"]},{\"@type\":\"Person\",\"@id\":\"https:\/\/www.suno.com.br\/noticias\/#\/schema\/person\/1db762f78ffd8919a648a63e425953e3\",\"name\":\"Juliano Passaro\",\"image\":{\"@type\":\"ImageObject\",\"inLanguage\":\"pt-BR\",\"@id\":\"https:\/\/www.suno.com.br\/noticias\/#\/schema\/person\/image\/\",\"url\":\"https:\/\/secure.gravatar.com\/avatar\/743d4df28eebf6dcc46b4ad03c319e92?s=96&r=g\",\"contentUrl\":\"https:\/\/secure.gravatar.com\/avatar\/743d4df28eebf6dcc46b4ad03c319e92?s=96&r=g\",\"caption\":\"Juliano Passaro\"},\"description\":\"Juliano Passaro escreve sobre pol\u00edtica, economia e neg\u00f3cios para o portal da Suno Research. Antes da Suno, trabalhou no Portal da Band. \u00c9 formado em jornalismo pela Universidade Presbiteriana Mackenzie.\",\"url\":\"https:\/\/www.suno.com.br\/noticias\/author\/juliano\/\"}]}<\/script>\n<!-- \/ Yoast SEO plugin. -->","yoast_head_json":{"title":"Agenda do Dia: Vale; Braskem; Azul; SulAm\u00e9rica; Embraer","description":"Agenda do Dia: determina\u00e7\u00e3o da justi\u00e7a contra a Vale; Braskem; resultado da Azul em agosto; SulAm\u00e9rica; Embraer. Saiba mais.","robots":{"index":"index","follow":"follow","max-snippet":"max-snippet:-1","max-image-preview":"max-image-preview:large","max-video-preview":"max-video-preview:-1"},"canonical":"https:\/\/www.suno.com.br\/noticias\/agenda-do-dia-vale-braskem-azul-sulamerica-embraer\/","og_locale":"pt_BR","og_type":"article","og_title":"Agenda do Dia: Vale; Braskem; Azul; SulAm\u00e9rica; Embraer","og_description":"Agenda do Dia: determina\u00e7\u00e3o da justi\u00e7a contra a Vale; Braskem; resultado da Azul em agosto; SulAm\u00e9rica; Embraer. Saiba mais.","og_url":"https:\/\/www.suno.com.br\/noticias\/agenda-do-dia-vale-braskem-azul-sulamerica-embraer\/","og_site_name":"Suno Not\u00edcias","article_publisher":"https:\/\/facebook.com\/sunoresearch","og_image":[{"width":1380,"height":937,"url":"https:\/\/files.sunoresearch.com.br\/n\/uploads\/2019\/09\/c0100329-vale.jpg","type":"image\/jpeg"}],"author":"Juliano Passaro","twitter_card":"summary_large_image","twitter_creator":"@sunoresearch","twitter_site":"@sunoresearch","twitter_misc":{"Escrito por":"Juliano Passaro","Est. tempo de leitura":"3 minutos"},"schema":{"@context":"https:\/\/schema.org","@graph":[{"@type":"NewsArticle","@id":"https:\/\/www.suno.com.br\/noticias\/agenda-do-dia-vale-braskem-azul-sulamerica-embraer\/#article","isPartOf":{"@id":"https:\/\/www.suno.com.br\/noticias\/agenda-do-dia-vale-braskem-azul-sulamerica-embraer\/"},"author":{"name":"Juliano Passaro","@id":"https:\/\/www.suno.com.br\/noticias\/#\/schema\/person\/1db762f78ffd8919a648a63e425953e3"},"headline":"Agenda do Dia: Vale; Braskem; Azul; SulAm\u00e9rica; Embraer","datePublished":"2020-09-11T12:09:52+00:00","dateModified":"2021-06-14T03:27:22+00:00","mainEntityOfPage":{"@id":"https:\/\/www.suno.com.br\/noticias\/agenda-do-dia-vale-braskem-azul-sulamerica-embraer\/"},"wordCount":708,"publisher":{"@id":"https:\/\/www.suno.com.br\/noticias\/#organization"},"image":{"@id":"https:\/\/www.suno.com.br\/noticias\/agenda-do-dia-vale-braskem-azul-sulamerica-embraer\/#primaryimage"},"thumbnailUrl":"https:\/\/files.sunoresearch.com.br\/n\/uploads\/2019\/09\/c0100329-vale-jpg.webp","keywords":["agenda do dia","Azul (AZUL4)","Braskem (BRKM3\/BRKM5\/BRKM6)","SulAm\u00e9rica (SULA11\/SULA3\/SULA4)","Vale (VALE3)"],"articleSection":["Neg\u00f3cios"],"inLanguage":"pt-BR"},{"@type":"WebPage","@id":"https:\/\/www.suno.com.br\/noticias\/agenda-do-dia-vale-braskem-azul-sulamerica-embraer\/","url":"https:\/\/www.suno.com.br\/noticias\/agenda-do-dia-vale-braskem-azul-sulamerica-embraer\/","name":"Agenda do Dia: Vale; Braskem; Azul; SulAm\u00e9rica; Embraer","isPartOf":{"@id":"https:\/\/www.suno.com.br\/noticias\/#website"},"primaryImageOfPage":{"@id":"https:\/\/www.suno.com.br\/noticias\/agenda-do-dia-vale-braskem-azul-sulamerica-embraer\/#primaryimage"},"image":{"@id":"https:\/\/www.suno.com.br\/noticias\/agenda-do-dia-vale-braskem-azul-sulamerica-embraer\/#primaryimage"},"thumbnailUrl":"https:\/\/files.sunoresearch.com.br\/n\/uploads\/2019\/09\/c0100329-vale-jpg.webp","datePublished":"2020-09-11T12:09:52+00:00","dateModified":"2021-06-14T03:27:22+00:00","description":"Agenda do Dia: determina\u00e7\u00e3o da justi\u00e7a contra a Vale; Braskem; resultado da Azul em agosto; SulAm\u00e9rica; Embraer. Saiba mais.","breadcrumb":{"@id":"https:\/\/www.suno.com.br\/noticias\/agenda-do-dia-vale-braskem-azul-sulamerica-embraer\/#breadcrumb"},"inLanguage":"pt-BR","potentialAction":[{"@type":"ReadAction","target":["https:\/\/www.suno.com.br\/noticias\/agenda-do-dia-vale-braskem-azul-sulamerica-embraer\/"]}]},{"@type":"ImageObject","inLanguage":"pt-BR","@id":"https:\/\/www.suno.com.br\/noticias\/agenda-do-dia-vale-braskem-azul-sulamerica-embraer\/#primaryimage","url":"https:\/\/files.sunoresearch.com.br\/n\/uploads\/2019\/09\/c0100329-vale-jpg.webp","contentUrl":"https:\/\/files.sunoresearch.com.br\/n\/uploads\/2019\/09\/c0100329-vale-jpg.webp","width":1380,"height":937,"caption":"Vale (VALE3): produ\u00e7\u00e3o de min\u00e9rio de ferro tem alta de 1,1% no 3T22. Foto: divulga\u00e7\u00e3o"},{"@type":"BreadcrumbList","@id":"https:\/\/www.suno.com.br\/noticias\/agenda-do-dia-vale-braskem-azul-sulamerica-embraer\/#breadcrumb","itemListElement":[{"@type":"ListItem","position":1,"name":"Not\u00edcias","item":"https:\/\/www.suno.com.br\/noticias\/"},{"@type":"ListItem","position":2,"name":"Neg\u00f3cios","item":"https:\/\/www.suno.com.br\/noticias\/negocios\/"},{"@type":"ListItem","position":3,"name":"Agenda do Dia: Vale; Braskem; Azul; SulAm\u00e9rica; Embraer"}]},{"@type":"WebSite","@id":"https:\/\/www.suno.com.br\/noticias\/#website","url":"https:\/\/www.suno.com.br\/noticias\/","name":"Suno Not\u00edcias","description":"Seu portal de informa\u00e7\u00e3o sobre o mundo dos investimentos","publisher":{"@id":"https:\/\/www.suno.com.br\/noticias\/#organization"},"potentialAction":[{"@type":"SearchAction","target":{"@type":"EntryPoint","urlTemplate":"https:\/\/www.suno.com.br\/noticias\/?s={search_term_string}"},"query-input":{"@type":"PropertyValueSpecification","valueRequired":true,"valueName":"search_term_string"}}],"inLanguage":"pt-BR"},{"@type":"Organization","@id":"https:\/\/www.suno.com.br\/noticias\/#organization","name":"Suno Not\u00edcias","url":"https:\/\/www.suno.com.br\/noticias\/","logo":{"@type":"ImageObject","inLanguage":"pt-BR","@id":"https:\/\/www.suno.com.br\/noticias\/#\/schema\/logo\/image\/","url":"https:\/\/files.sunoresearch.com.br\/n\/uploads\/2021\/09\/suno-logo.png","contentUrl":"https:\/\/files.sunoresearch.com.br\/n\/uploads\/2021\/09\/suno-logo.png","width":180,"height":180,"caption":"Suno Not\u00edcias"},"image":{"@id":"https:\/\/www.suno.com.br\/noticias\/#\/schema\/logo\/image\/"},"sameAs":["https:\/\/facebook.com\/sunoresearch","https:\/\/x.com\/sunoresearch","https:\/\/www.instagram.com\/suno","https:\/\/www.linkedin.com\/company\/suno-research\/","https:\/\/www.youtube.com\/c\/sunoresearch"]},{"@type":"Person","@id":"https:\/\/www.suno.com.br\/noticias\/#\/schema\/person\/1db762f78ffd8919a648a63e425953e3","name":"Juliano Passaro","image":{"@type":"ImageObject","inLanguage":"pt-BR","@id":"https:\/\/www.suno.com.br\/noticias\/#\/schema\/person\/image\/","url":"https:\/\/secure.gravatar.com\/avatar\/743d4df28eebf6dcc46b4ad03c319e92?s=96&r=g","contentUrl":"https:\/\/secure.gravatar.com\/avatar\/743d4df28eebf6dcc46b4ad03c319e92?s=96&r=g","caption":"Juliano Passaro"},"description":"Juliano Passaro escreve sobre pol\u00edtica, economia e neg\u00f3cios para o portal da Suno Research. Antes da Suno, trabalhou no Portal da Band. \u00c9 formado em jornalismo pela Universidade Presbiteriana Mackenzie.","url":"https:\/\/www.suno.com.br\/noticias\/author\/juliano\/"}]}},"default_loop_html":"<div class=\"cardsPage__listCard__boxs\"><div class=\"cardsPage__listCard__boxs__img\"><a href=\"https:\/\/www.suno.com.br\/noticias\/agenda-do-dia-vale-braskem-azul-sulamerica-embraer\/\"><img class=\"mask\" src=\"https:\/\/www.suno.com.br\/noticias\/wp-content\/themes\/suno\/resources\/images\/spotlight\/spotlight1img\/bg-mask.png\" alt=\"Image Mask\"\/><img src=\"https:\/\/files.sunoresearch.com.br\/n\/uploads\/2019\/09\/c0100329-vale-400x200.webp\" alt=\"Agenda do Dia: Vale; Braskem; Azul; SulAm\u00e9rica; Embraer\"\/><\/a><span class=\"spotlightCategory\"><a href=\"https:\/\/www.suno.com.br\/noticias\/negocios\/\">Neg\u00f3cios<\/a><\/span><\/div><div class=\"cardsPage__listCard__boxs__content\"><a href=\"https:\/\/www.suno.com.br\/noticias\/agenda-do-dia-vale-braskem-azul-sulamerica-embraer\/\"><h2 class=\"content__title\">Agenda do Dia: Vale; Braskem; Azul; SulAm\u00e9rica; Embraer<\/h2><\/a><div class=\"newsContent__article__meta\"><div class=\"newsContent__article__meta__authorBox\"><a href=\"https:\/\/www.suno.com.br\/noticias\/author\/juliano\/\" class=\"authorBox__avatar noMobi\"><img src=\"https:\/\/files.sunoresearch.com.br\/n\/uploads\/2019\/06\/7cc3efea-whatsapp-image-2019-07-18-at-21.59.33-e1563499821209-150x150.webp\" alt=\"Juliano Passaro\"><\/a><div class=\"authorBox__name\"><span>por\n\t\t\t<a href=\"https:\/\/www.suno.com.br\/noticias\/author\/juliano\/\"><span itemprop=\"author\">Juliano Passaro<\/span><\/a><\/span><time datetime=\"2020-09-11T09:09:52-03:00\" itemprop=\"datePublished\">11\/09\/2020 09:09<\/time><\/div><\/div><\/div><\/div><\/div>","single_layout":"posts","amp_enabled":true,"_links":{"self":[{"href":"https:\/\/www.suno.com.br\/noticias\/wp-json\/wp\/v2\/posts\/83939"}],"collection":[{"href":"https:\/\/www.suno.com.br\/noticias\/wp-json\/wp\/v2\/posts"}],"about":[{"href":"https:\/\/www.suno.com.br\/noticias\/wp-json\/wp\/v2\/types\/post"}],"author":[{"embeddable":true,"href":"https:\/\/www.suno.com.br\/noticias\/wp-json\/wp\/v2\/users\/19"}],"replies":[{"embeddable":true,"href":"https:\/\/www.suno.com.br\/noticias\/wp-json\/wp\/v2\/comments?post=83939"}],"version-history":[{"count":1,"href":"https:\/\/www.suno.com.br\/noticias\/wp-json\/wp\/v2\/posts\/83939\/revisions"}],"predecessor-version":[{"id":157522,"href":"https:\/\/www.suno.com.br\/noticias\/wp-json\/wp\/v2\/posts\/83939\/revisions\/157522"}],"wp:featuredmedia":[{"embeddable":true,"href":"https:\/\/www.suno.com.br\/noticias\/wp-json\/wp\/v2\/media\/39309"}],"wp:attachment":[{"href":"https:\/\/www.suno.com.br\/noticias\/wp-json\/wp\/v2\/media?parent=83939"}],"wp:term":[{"taxonomy":"category","embeddable":true,"href":"https:\/\/www.suno.com.br\/noticias\/wp-json\/wp\/v2\/categories?post=83939"},{"taxonomy":"post_tag","embeddable":true,"href":"https:\/\/www.suno.com.br\/noticias\/wp-json\/wp\/v2\/tags?post=83939"},{"taxonomy":"suno_strategy","embeddable":true,"href":"https:\/\/www.suno.com.br\/noticias\/wp-json\/wp\/v2\/suno_strategy?post=83939"}],"curies":[{"name":"wp","href":"https:\/\/api.w.org\/{rel}","templated":true}]}}