{"id":83936,"date":"2020-09-11T08:36:40","date_gmt":"2020-09-11T11:36:40","guid":{"rendered":"https:\/\/www.suno.com.br\/noticias\/?p=83936"},"modified":"2020-09-11T08:36:40","modified_gmt":"2020-09-11T11:36:40","slug":"brasil-programa-internacional-acesso-vacina","status":"publish","type":"post","link":"https:\/\/www.suno.com.br\/noticias\/brasil-programa-internacional-acesso-vacina\/","title":{"rendered":"Brasil pode aderir a programa internacional de acesso \u00e0 vacina contra o coronav\u00edrus"},"content":{"rendered":"<p>O Minist\u00e9rio da Sa\u00fade informou, na \u00faltima quinta-feira (10), que o Brasil estuda participar do programa Covax Facility, da Organiza\u00e7\u00e3o Mundial da Sa\u00fade (OMS), que prev\u00ea o acesso \u00e0 <strong>vacina<\/strong> que combata o <a href=\"https:\/\/www.suno.com.br\/noticias\/?s=coronavirus\">novo coronav\u00edrus (Covid-19)<\/a>. A informa\u00e7\u00e3o foi revelada pelo ministro interino da pasta, Eduardo Pazuello.<\/p>\t<div class=\"wrapper-featured-image\">\n\t\t<figure class=\"spotlightImg\">\n\n\t\t\t<picture>\n\t\t\t\t<source media=\"(max-width: 768px)\" srcset=\"https:\/\/files.sunoresearch.com.br\/n\/uploads\/2020\/06\/750e21e8-recess\u00e3o-400x200.webp\">\n\t\t\t\t<img loading=\"lazy\" decoding=\"async\" class=\"newsContent__article__imgCapa lazyloadDisabled \" src=\"https:\/\/files.sunoresearch.com.br\/n\/uploads\/2020\/06\/750e21e8-recess\u00e3o-800x450.webp\" width=\"800\" height=\"450\" alt=\"Brasil pode aderir a programa internacional de acesso \u00e0 vacina contra o coronav\u00edrus\" fetchpriority=high \/>\n\t\t\t<\/picture>\n\n\t\t\t<figcaption class=\"wp-caption-text wp-caption-text--show\">O Minist\u00e9rio da Sa\u00fade informou que o Brasil estuda participar do programa Covax Facility, que prev\u00ea o acesso \u00e0 vacina. <\/figcaption>\n\t\t<\/figure>\n\t<\/div>\n\n\n<div class=\"hubspot-form-wrapper\">\n\t<div id=\"single-form-target\"><\/div>\n<\/div>\n\n<p>\u201cCaso optemos pela ades\u00e3o, o Brasil poder\u00e1 ser o maior contribuinte. Gostaria de concluir colocando \u00e0 disposi\u00e7\u00e3o de todos a robusta capacidade de produ\u00e7\u00e3o de vacina e experi\u00eancia do Brasil em oferecer acesso universal a servi\u00e7os de sa\u00fade, incluindo vacina\u00e7\u00e3o a toda a popula\u00e7\u00e3o brasileira\u201d, afirmou Pazuello, em videoconfer\u00eancia do Conselho de Governan\u00e7a do <strong><em>Access to Covid-19 Tools<\/em><\/strong> (ACT).<\/p>\n<p>O ACT \u00e9 um grupo que re\u00fane diversos pa\u00edses com o objetivo de acelerar o fim da pandemia. Isso \u00e9 estimulado atrav\u00e9s do desenvolvimento de testes, tratamentos e vacinas. O evento da \u00faltima quinta-feira (10) foi a primeira reuni\u00e3o do Conselho, composto de 28 pa\u00edses, liderado pela <strong>OMS<\/strong> e pela Comiss\u00e3o Europeia.<\/p>\n<p><a href=\"https:\/\/lp.suno.com.br\/suno-one\/\">Suno One: acesse gratuitamente eBooks, Minicursos, Artigos e Video Aulas sobre investimentos com um \u00fanico cadastro. Clique para saber mais!<\/a><\/p>\n<p>O Brasil foi aceito no programa em junho e est\u00e1 entre os pa\u00edses com relevante tamanho de mercado no cen\u00e1rio global. O Pa\u00eds est\u00e1 incluso na mesma categoria de M\u00e9xico, Estados Unidos, China, R\u00fassia, Coreia do Sul, \u00cdndia e \u00cdndon\u00e9sia. \u201cAderimos \u00e0 iniciativa com o objetivo de apoiar esse esfor\u00e7o internacional em resposta ao desafio global imposto pela pandemia de covid-19\u201d, disse o ministro interino.<\/p>\n<p>Pazuello tamb\u00e9m afirmou que o <strong>Minist\u00e9rio da Sa\u00fade<\/strong> seguir\u00e1 apoiando iniciativas voltadas para garantir o desenvolvimento e o acesso equ\u00e2nime de diagn\u00f3sticos, tratamentos e vacinas para o <strong>coronav\u00edrus<\/strong>. \u201cPosso dizer com seguran\u00e7a que o Brasil sempre estar\u00e1 ao lado de qualquer iniciativa que promova o acesso justo e equitativo a diagn\u00f3sticos, vacinas e tratamentos e o fortalecimento de sistemas de sa\u00fade\u201d, completou.<\/p>\n<h2>AstraZeneca e Oxford veem poss\u00edvel vacina at\u00e9 o fim do ano<\/h2>\n<p>Embora tenha interrompido os testes na \u00faltima ter\u00e7a-feira (8), a AstraZeneca (<a href=\"https:\/\/www.suno.com.br\/artigos\/nyse\/\">NYSE<\/a>: AZN), junto \u00e0 Universidade de Oxford, enxerga a possibilidade da vacina ser finalizada at\u00e9 o fim do ano. O CEO da farmac\u00eautica, Pascal Soriot, afirmou, na \u00faltima quinta-feira, que o progresso da revis\u00e3o de seguran\u00e7a do medicamento determinar\u00e1 o cronograma da vacina.<\/p>\n\t<div data-element=\"shortcode-read-more\" class=\"knowMore\">\n\t\t\t\t<span class=\"knowMore__title\">Veja tamb\u00e9m<\/span>\n\t\t\t\t<a class=\"knowMore__link\" href=\"https:\/\/www.suno.com.br\/noticias\/interrupcao-testes-vacina-nao-altera-acordo-diz-ministerio\/\">\n\t\t\tSa\u00fade diz que interrup\u00e7\u00e3o de testes de vacina n\u00e3o altera acordo do Brasil\t\t<\/a>\n\t<\/div>\n\n\n<p>Um comit\u00ea independente est\u00e1 analisando poss\u00edveis preocupa\u00e7\u00f5es de seguran\u00e7a relacionadas ao volunt\u00e1rio que acabou contraindo uma rara doen\u00e7a inflamat\u00f3ria chamada <strong>mielite transversa<\/strong> em um dos testes da vacina. O medicamento, que a AstraZeneca licenciou de Oxford, \u00e9 um dos processos mais avan\u00e7ados em todo o Ocidente. Antes da paralisa\u00e7\u00e3o, a empresa havia dito que poderia ter dados suficientes para a aprova\u00e7\u00e3o dos reguladores j\u00e1 em outubro.<\/p>\n<p>Na entrevista virtual a jornalistas, o executivo disse que a fabrica\u00e7\u00e3o para a distribui\u00e7\u00e3o global da <strong>vacina<\/strong> deve estar conclu\u00edda no come\u00e7o de 2021, com a possibilidade de distribuir o medicamento para todas as regi\u00f5es do mundo ao mesmo tempo.<\/p>\n\t<p>\n\t\t<a href=\"https:\/\/lp.suno.com.br\/planilha-de-controle-de-investimentos\/\" target=\"_blank\" data-element=\"shortcode-suno-banner\" title=\"Banner SUNO, clique e saiba mais\">\n\t\t\t<picture>\n\t\t\t\t<source media=\"(max-width: 500px)\" srcset=\"https:\/\/files.sunoresearch.com.br\/n\/uploads\/2023\/03\/400x300-Controle-de-Investimentos.png\">\n\t\t\t\t<img class=\"newsContent__article__imgCapa newsContent__article__imgCapa--banner\"\n\t\t\t\t\tsrc=\"https:\/\/files.sunoresearch.com.br\/n\/uploads\/2023\/03\/1420x240-Controle-de-Investimentos.png\"\n\t\t\t\t\tdata-promo-id=\"75934\"\t\t\t\t\t\t\t\t\t\twidth='1420' height='240'\t\t\t\t\talt=\"https:\/\/files.sunoresearch.com.br\/n\/uploads\/2023\/03\/1420x240-Controle-de-Investimentos.png\"\n\t\t\t\t>\n\t\t\t<\/picture>\n\t\t<\/a>\n\t<\/p>\n\n\n","protected":false},"excerpt":{"rendered":"<p>O Minist\u00e9rio da Sa\u00fade informou, na \u00faltima quinta-feira (10), que o Brasil estuda participar do programa Covax Facility, da Organiza\u00e7\u00e3o Mundial da Sa\u00fade (OMS), que prev\u00ea o acesso \u00e0 vacina que combata o novo coronav\u00edrus (Covid-19). A informa\u00e7\u00e3o foi revelada pelo ministro interino da pasta, Eduardo Pazuello. O Minist\u00e9rio da Sa\u00fade informou que o Brasil [&hellip;]<\/p>\n","protected":false},"author":24,"featured_media":70206,"comment_status":"closed","ping_status":"closed","sticky":false,"template":"","format":"standard","meta":[],"categories":[63],"tags":[2487,2735,25002],"suno_strategy":[],"class_list":["post-83936","post","type-post","status-publish","format-standard","has-post-thumbnail","hentry","category-internacional","tag-coronavirus","tag-ministerio-da-saude","tag-vacina"],"yoast_head":"<!-- This site is optimized with the Yoast SEO plugin v24.4 - https:\/\/yoast.com\/wordpress\/plugins\/seo\/ -->\n<title>Brasil pode aderir a programa internacional de acesso \u00e0 vacina<\/title>\n<meta name=\"description\" content=\"O Minist\u00e9rio da Sa\u00fade informou que o Brasil estuda participar do programa Covax Facility, que prev\u00ea o acesso \u00e0 vacina. Saiba mais.\" \/>\n<meta name=\"robots\" content=\"index, follow, max-snippet:-1, max-image-preview:large, max-video-preview:-1\" \/>\n<link rel=\"canonical\" href=\"https:\/\/www.suno.com.br\/noticias\/brasil-programa-internacional-acesso-vacina\/\" \/>\n<meta property=\"og:locale\" content=\"pt_BR\" \/>\n<meta property=\"og:type\" content=\"article\" \/>\n<meta property=\"og:title\" content=\"Brasil pode aderir a programa internacional de acesso \u00e0 vacina\" \/>\n<meta property=\"og:description\" content=\"O Minist\u00e9rio da Sa\u00fade informou que o Brasil estuda participar do programa Covax Facility, que prev\u00ea o acesso \u00e0 vacina. Saiba mais.\" \/>\n<meta property=\"og:url\" content=\"https:\/\/www.suno.com.br\/noticias\/brasil-programa-internacional-acesso-vacina\/\" \/>\n<meta property=\"og:site_name\" content=\"Suno Not\u00edcias\" \/>\n<meta property=\"article:publisher\" content=\"https:\/\/facebook.com\/sunoresearch\" \/>\n<meta property=\"og:image\" content=\"https:\/\/files.sunoresearch.com.br\/n\/uploads\/2020\/06\/750e21e8-recess\u00e3o.jpg\" \/>\n\t<meta property=\"og:image:width\" content=\"1920\" \/>\n\t<meta property=\"og:image:height\" content=\"1279\" \/>\n\t<meta property=\"og:image:type\" content=\"image\/jpeg\" \/>\n<meta name=\"author\" content=\"Jader Lazarini\" \/>\n<meta name=\"twitter:card\" content=\"summary_large_image\" \/>\n<meta name=\"twitter:creator\" content=\"@sunoresearch\" \/>\n<meta name=\"twitter:site\" content=\"@sunoresearch\" \/>\n<meta name=\"twitter:label1\" content=\"Escrito por\" \/>\n\t<meta name=\"twitter:data1\" content=\"Jader Lazarini\" \/>\n\t<meta name=\"twitter:label2\" content=\"Est. tempo de leitura\" \/>\n\t<meta name=\"twitter:data2\" content=\"3 minutos\" \/>\n<script type=\"application\/ld+json\" class=\"yoast-schema-graph\">{\"@context\":\"https:\/\/schema.org\",\"@graph\":[{\"@type\":\"NewsArticle\",\"@id\":\"https:\/\/www.suno.com.br\/noticias\/brasil-programa-internacional-acesso-vacina\/#article\",\"isPartOf\":{\"@id\":\"https:\/\/www.suno.com.br\/noticias\/brasil-programa-internacional-acesso-vacina\/\"},\"author\":{\"name\":\"Jader Lazarini\",\"@id\":\"https:\/\/www.suno.com.br\/noticias\/#\/schema\/person\/918d79de1f0281f01599b93f9ea6e23f\"},\"headline\":\"Brasil pode aderir a programa internacional de acesso \u00e0 vacina contra o coronav\u00edrus\",\"datePublished\":\"2020-09-11T11:36:40+00:00\",\"mainEntityOfPage\":{\"@id\":\"https:\/\/www.suno.com.br\/noticias\/brasil-programa-internacional-acesso-vacina\/\"},\"wordCount\":558,\"publisher\":{\"@id\":\"https:\/\/www.suno.com.br\/noticias\/#organization\"},\"image\":{\"@id\":\"https:\/\/www.suno.com.br\/noticias\/brasil-programa-internacional-acesso-vacina\/#primaryimage\"},\"thumbnailUrl\":\"https:\/\/files.sunoresearch.com.br\/n\/uploads\/2020\/06\/750e21e8-recess\u00e3o.jpg\",\"keywords\":[\"coronav\u00edrus\",\"Minist\u00e9rio da Sa\u00fade\",\"vacina\"],\"articleSection\":[\"Internacional\"],\"inLanguage\":\"pt-BR\"},{\"@type\":\"WebPage\",\"@id\":\"https:\/\/www.suno.com.br\/noticias\/brasil-programa-internacional-acesso-vacina\/\",\"url\":\"https:\/\/www.suno.com.br\/noticias\/brasil-programa-internacional-acesso-vacina\/\",\"name\":\"Brasil pode aderir a programa internacional de acesso \u00e0 vacina\",\"isPartOf\":{\"@id\":\"https:\/\/www.suno.com.br\/noticias\/#website\"},\"primaryImageOfPage\":{\"@id\":\"https:\/\/www.suno.com.br\/noticias\/brasil-programa-internacional-acesso-vacina\/#primaryimage\"},\"image\":{\"@id\":\"https:\/\/www.suno.com.br\/noticias\/brasil-programa-internacional-acesso-vacina\/#primaryimage\"},\"thumbnailUrl\":\"https:\/\/files.sunoresearch.com.br\/n\/uploads\/2020\/06\/750e21e8-recess\u00e3o.jpg\",\"datePublished\":\"2020-09-11T11:36:40+00:00\",\"description\":\"O Minist\u00e9rio da Sa\u00fade informou que o Brasil estuda participar do programa Covax Facility, que prev\u00ea o acesso \u00e0 vacina. Saiba mais.\",\"breadcrumb\":{\"@id\":\"https:\/\/www.suno.com.br\/noticias\/brasil-programa-internacional-acesso-vacina\/#breadcrumb\"},\"inLanguage\":\"pt-BR\",\"potentialAction\":[{\"@type\":\"ReadAction\",\"target\":[\"https:\/\/www.suno.com.br\/noticias\/brasil-programa-internacional-acesso-vacina\/\"]}]},{\"@type\":\"ImageObject\",\"inLanguage\":\"pt-BR\",\"@id\":\"https:\/\/www.suno.com.br\/noticias\/brasil-programa-internacional-acesso-vacina\/#primaryimage\",\"url\":\"https:\/\/files.sunoresearch.com.br\/n\/uploads\/2020\/06\/750e21e8-recess\u00e3o.jpg\",\"contentUrl\":\"https:\/\/files.sunoresearch.com.br\/n\/uploads\/2020\/06\/750e21e8-recess\u00e3o.jpg\",\"width\":1920,\"height\":1279,\"caption\":\"O Minist\u00e9rio da Sa\u00fade informou que o Brasil estuda participar do programa Covax Facility, que prev\u00ea o acesso \u00e0 vacina.\"},{\"@type\":\"BreadcrumbList\",\"@id\":\"https:\/\/www.suno.com.br\/noticias\/brasil-programa-internacional-acesso-vacina\/#breadcrumb\",\"itemListElement\":[{\"@type\":\"ListItem\",\"position\":1,\"name\":\"Not\u00edcias\",\"item\":\"https:\/\/www.suno.com.br\/noticias\/\"},{\"@type\":\"ListItem\",\"position\":2,\"name\":\"Internacional\",\"item\":\"https:\/\/www.suno.com.br\/noticias\/internacional\/\"},{\"@type\":\"ListItem\",\"position\":3,\"name\":\"Brasil pode aderir a programa internacional de acesso \u00e0 vacina contra o coronav\u00edrus\"}]},{\"@type\":\"WebSite\",\"@id\":\"https:\/\/www.suno.com.br\/noticias\/#website\",\"url\":\"https:\/\/www.suno.com.br\/noticias\/\",\"name\":\"Suno Not\u00edcias\",\"description\":\"Seu portal de informa\u00e7\u00e3o sobre o mundo dos investimentos\",\"publisher\":{\"@id\":\"https:\/\/www.suno.com.br\/noticias\/#organization\"},\"potentialAction\":[{\"@type\":\"SearchAction\",\"target\":{\"@type\":\"EntryPoint\",\"urlTemplate\":\"https:\/\/www.suno.com.br\/noticias\/?s={search_term_string}\"},\"query-input\":{\"@type\":\"PropertyValueSpecification\",\"valueRequired\":true,\"valueName\":\"search_term_string\"}}],\"inLanguage\":\"pt-BR\"},{\"@type\":\"Organization\",\"@id\":\"https:\/\/www.suno.com.br\/noticias\/#organization\",\"name\":\"Suno Not\u00edcias\",\"url\":\"https:\/\/www.suno.com.br\/noticias\/\",\"logo\":{\"@type\":\"ImageObject\",\"inLanguage\":\"pt-BR\",\"@id\":\"https:\/\/www.suno.com.br\/noticias\/#\/schema\/logo\/image\/\",\"url\":\"https:\/\/files.sunoresearch.com.br\/n\/uploads\/2021\/09\/suno-logo.png\",\"contentUrl\":\"https:\/\/files.sunoresearch.com.br\/n\/uploads\/2021\/09\/suno-logo.png\",\"width\":180,\"height\":180,\"caption\":\"Suno Not\u00edcias\"},\"image\":{\"@id\":\"https:\/\/www.suno.com.br\/noticias\/#\/schema\/logo\/image\/\"},\"sameAs\":[\"https:\/\/facebook.com\/sunoresearch\",\"https:\/\/x.com\/sunoresearch\",\"https:\/\/www.instagram.com\/suno\",\"https:\/\/www.linkedin.com\/company\/suno-research\/\",\"https:\/\/www.youtube.com\/c\/sunoresearch\"]},{\"@type\":\"Person\",\"@id\":\"https:\/\/www.suno.com.br\/noticias\/#\/schema\/person\/918d79de1f0281f01599b93f9ea6e23f\",\"name\":\"Jader Lazarini\",\"image\":{\"@type\":\"ImageObject\",\"inLanguage\":\"pt-BR\",\"@id\":\"https:\/\/www.suno.com.br\/noticias\/#\/schema\/person\/image\/\",\"url\":\"https:\/\/secure.gravatar.com\/avatar\/3c1ad8caa51589841baeb923fcddea97?s=96&r=g\",\"contentUrl\":\"https:\/\/secure.gravatar.com\/avatar\/3c1ad8caa51589841baeb923fcddea97?s=96&r=g\",\"caption\":\"Jader Lazarini\"},\"description\":\"Jader Lazarini escreve sobre investimentos, finan\u00e7as, economia e neg\u00f3cios. \u00c9 bacharel em Rela\u00e7\u00f5es Internacionais e analista CNPI (2619).\",\"url\":\"https:\/\/www.suno.com.br\/noticias\/author\/jader-lazarini\/\"}]}<\/script>\n<!-- \/ Yoast SEO plugin. -->","yoast_head_json":{"title":"Brasil pode aderir a programa internacional de acesso \u00e0 vacina","description":"O Minist\u00e9rio da Sa\u00fade informou que o Brasil estuda participar do programa Covax Facility, que prev\u00ea o acesso \u00e0 vacina. Saiba mais.","robots":{"index":"index","follow":"follow","max-snippet":"max-snippet:-1","max-image-preview":"max-image-preview:large","max-video-preview":"max-video-preview:-1"},"canonical":"https:\/\/www.suno.com.br\/noticias\/brasil-programa-internacional-acesso-vacina\/","og_locale":"pt_BR","og_type":"article","og_title":"Brasil pode aderir a programa internacional de acesso \u00e0 vacina","og_description":"O Minist\u00e9rio da Sa\u00fade informou que o Brasil estuda participar do programa Covax Facility, que prev\u00ea o acesso \u00e0 vacina. Saiba mais.","og_url":"https:\/\/www.suno.com.br\/noticias\/brasil-programa-internacional-acesso-vacina\/","og_site_name":"Suno Not\u00edcias","article_publisher":"https:\/\/facebook.com\/sunoresearch","og_image":[{"width":1920,"height":1279,"url":"https:\/\/files.sunoresearch.com.br\/n\/uploads\/2020\/06\/750e21e8-recess\u00e3o.jpg","type":"image\/jpeg"}],"author":"Jader Lazarini","twitter_card":"summary_large_image","twitter_creator":"@sunoresearch","twitter_site":"@sunoresearch","twitter_misc":{"Escrito por":"Jader Lazarini","Est. tempo de leitura":"3 minutos"},"schema":{"@context":"https:\/\/schema.org","@graph":[{"@type":"NewsArticle","@id":"https:\/\/www.suno.com.br\/noticias\/brasil-programa-internacional-acesso-vacina\/#article","isPartOf":{"@id":"https:\/\/www.suno.com.br\/noticias\/brasil-programa-internacional-acesso-vacina\/"},"author":{"name":"Jader Lazarini","@id":"https:\/\/www.suno.com.br\/noticias\/#\/schema\/person\/918d79de1f0281f01599b93f9ea6e23f"},"headline":"Brasil pode aderir a programa internacional de acesso \u00e0 vacina contra o coronav\u00edrus","datePublished":"2020-09-11T11:36:40+00:00","mainEntityOfPage":{"@id":"https:\/\/www.suno.com.br\/noticias\/brasil-programa-internacional-acesso-vacina\/"},"wordCount":558,"publisher":{"@id":"https:\/\/www.suno.com.br\/noticias\/#organization"},"image":{"@id":"https:\/\/www.suno.com.br\/noticias\/brasil-programa-internacional-acesso-vacina\/#primaryimage"},"thumbnailUrl":"https:\/\/files.sunoresearch.com.br\/n\/uploads\/2020\/06\/750e21e8-recess\u00e3o.jpg","keywords":["coronav\u00edrus","Minist\u00e9rio da Sa\u00fade","vacina"],"articleSection":["Internacional"],"inLanguage":"pt-BR"},{"@type":"WebPage","@id":"https:\/\/www.suno.com.br\/noticias\/brasil-programa-internacional-acesso-vacina\/","url":"https:\/\/www.suno.com.br\/noticias\/brasil-programa-internacional-acesso-vacina\/","name":"Brasil pode aderir a programa internacional de acesso \u00e0 vacina","isPartOf":{"@id":"https:\/\/www.suno.com.br\/noticias\/#website"},"primaryImageOfPage":{"@id":"https:\/\/www.suno.com.br\/noticias\/brasil-programa-internacional-acesso-vacina\/#primaryimage"},"image":{"@id":"https:\/\/www.suno.com.br\/noticias\/brasil-programa-internacional-acesso-vacina\/#primaryimage"},"thumbnailUrl":"https:\/\/files.sunoresearch.com.br\/n\/uploads\/2020\/06\/750e21e8-recess\u00e3o.jpg","datePublished":"2020-09-11T11:36:40+00:00","description":"O Minist\u00e9rio da Sa\u00fade informou que o Brasil estuda participar do programa Covax Facility, que prev\u00ea o acesso \u00e0 vacina. Saiba mais.","breadcrumb":{"@id":"https:\/\/www.suno.com.br\/noticias\/brasil-programa-internacional-acesso-vacina\/#breadcrumb"},"inLanguage":"pt-BR","potentialAction":[{"@type":"ReadAction","target":["https:\/\/www.suno.com.br\/noticias\/brasil-programa-internacional-acesso-vacina\/"]}]},{"@type":"ImageObject","inLanguage":"pt-BR","@id":"https:\/\/www.suno.com.br\/noticias\/brasil-programa-internacional-acesso-vacina\/#primaryimage","url":"https:\/\/files.sunoresearch.com.br\/n\/uploads\/2020\/06\/750e21e8-recess\u00e3o.jpg","contentUrl":"https:\/\/files.sunoresearch.com.br\/n\/uploads\/2020\/06\/750e21e8-recess\u00e3o.jpg","width":1920,"height":1279,"caption":"O Minist\u00e9rio da Sa\u00fade informou que o Brasil estuda participar do programa Covax Facility, que prev\u00ea o acesso \u00e0 vacina."},{"@type":"BreadcrumbList","@id":"https:\/\/www.suno.com.br\/noticias\/brasil-programa-internacional-acesso-vacina\/#breadcrumb","itemListElement":[{"@type":"ListItem","position":1,"name":"Not\u00edcias","item":"https:\/\/www.suno.com.br\/noticias\/"},{"@type":"ListItem","position":2,"name":"Internacional","item":"https:\/\/www.suno.com.br\/noticias\/internacional\/"},{"@type":"ListItem","position":3,"name":"Brasil pode aderir a programa internacional de acesso \u00e0 vacina contra o coronav\u00edrus"}]},{"@type":"WebSite","@id":"https:\/\/www.suno.com.br\/noticias\/#website","url":"https:\/\/www.suno.com.br\/noticias\/","name":"Suno Not\u00edcias","description":"Seu portal de informa\u00e7\u00e3o sobre o mundo dos investimentos","publisher":{"@id":"https:\/\/www.suno.com.br\/noticias\/#organization"},"potentialAction":[{"@type":"SearchAction","target":{"@type":"EntryPoint","urlTemplate":"https:\/\/www.suno.com.br\/noticias\/?s={search_term_string}"},"query-input":{"@type":"PropertyValueSpecification","valueRequired":true,"valueName":"search_term_string"}}],"inLanguage":"pt-BR"},{"@type":"Organization","@id":"https:\/\/www.suno.com.br\/noticias\/#organization","name":"Suno Not\u00edcias","url":"https:\/\/www.suno.com.br\/noticias\/","logo":{"@type":"ImageObject","inLanguage":"pt-BR","@id":"https:\/\/www.suno.com.br\/noticias\/#\/schema\/logo\/image\/","url":"https:\/\/files.sunoresearch.com.br\/n\/uploads\/2021\/09\/suno-logo.png","contentUrl":"https:\/\/files.sunoresearch.com.br\/n\/uploads\/2021\/09\/suno-logo.png","width":180,"height":180,"caption":"Suno Not\u00edcias"},"image":{"@id":"https:\/\/www.suno.com.br\/noticias\/#\/schema\/logo\/image\/"},"sameAs":["https:\/\/facebook.com\/sunoresearch","https:\/\/x.com\/sunoresearch","https:\/\/www.instagram.com\/suno","https:\/\/www.linkedin.com\/company\/suno-research\/","https:\/\/www.youtube.com\/c\/sunoresearch"]},{"@type":"Person","@id":"https:\/\/www.suno.com.br\/noticias\/#\/schema\/person\/918d79de1f0281f01599b93f9ea6e23f","name":"Jader Lazarini","image":{"@type":"ImageObject","inLanguage":"pt-BR","@id":"https:\/\/www.suno.com.br\/noticias\/#\/schema\/person\/image\/","url":"https:\/\/secure.gravatar.com\/avatar\/3c1ad8caa51589841baeb923fcddea97?s=96&r=g","contentUrl":"https:\/\/secure.gravatar.com\/avatar\/3c1ad8caa51589841baeb923fcddea97?s=96&r=g","caption":"Jader Lazarini"},"description":"Jader Lazarini escreve sobre investimentos, finan\u00e7as, economia e neg\u00f3cios. \u00c9 bacharel em Rela\u00e7\u00f5es Internacionais e analista CNPI (2619).","url":"https:\/\/www.suno.com.br\/noticias\/author\/jader-lazarini\/"}]}},"default_loop_html":"<div class=\"cardsPage__listCard__boxs\"><div class=\"cardsPage__listCard__boxs__img\"><a href=\"https:\/\/www.suno.com.br\/noticias\/brasil-programa-internacional-acesso-vacina\/\"><img class=\"mask\" src=\"https:\/\/www.suno.com.br\/noticias\/wp-content\/themes\/suno\/resources\/images\/spotlight\/spotlight1img\/bg-mask.png\" alt=\"Image Mask\"\/><img src=\"https:\/\/files.sunoresearch.com.br\/n\/uploads\/2020\/06\/750e21e8-recess\u00e3o-400x200.webp\" alt=\"Brasil pode aderir a programa internacional de acesso \u00e0 vacina contra o coronav\u00edrus\"\/><\/a><span class=\"spotlightCategory\"><a href=\"https:\/\/www.suno.com.br\/noticias\/internacional\/\">Internacional<\/a><\/span><\/div><div class=\"cardsPage__listCard__boxs__content\"><a href=\"https:\/\/www.suno.com.br\/noticias\/brasil-programa-internacional-acesso-vacina\/\"><h2 class=\"content__title\">Brasil pode aderir a programa internacional de acesso \u00e0 vacina contra o coronav\u00edrus<\/h2><\/a><div class=\"newsContent__article__meta\"><div class=\"newsContent__article__meta__authorBox\"><a href=\"https:\/\/www.suno.com.br\/noticias\/author\/jader-lazarini\/\" class=\"authorBox__avatar noMobi\"><img src=\"https:\/\/files.sunoresearch.com.br\/n\/uploads\/2021\/01\/178e6598-foto-perfil-2-150x150.jpg\" alt=\"Jader Lazarini\"><\/a><div class=\"authorBox__name\"><span>por\n\t\t\t<a href=\"https:\/\/www.suno.com.br\/noticias\/author\/jader-lazarini\/\"><span itemprop=\"author\">Jader Lazarini<\/span><\/a><\/span><time datetime=\"2020-09-11T08:36:40-03:00\" itemprop=\"datePublished\">11\/09\/2020 08:36<\/time><\/div><\/div><\/div><\/div><\/div>","single_layout":"posts","amp_enabled":true,"_links":{"self":[{"href":"https:\/\/www.suno.com.br\/noticias\/wp-json\/wp\/v2\/posts\/83936"}],"collection":[{"href":"https:\/\/www.suno.com.br\/noticias\/wp-json\/wp\/v2\/posts"}],"about":[{"href":"https:\/\/www.suno.com.br\/noticias\/wp-json\/wp\/v2\/types\/post"}],"author":[{"embeddable":true,"href":"https:\/\/www.suno.com.br\/noticias\/wp-json\/wp\/v2\/users\/24"}],"replies":[{"embeddable":true,"href":"https:\/\/www.suno.com.br\/noticias\/wp-json\/wp\/v2\/comments?post=83936"}],"version-history":[{"count":0,"href":"https:\/\/www.suno.com.br\/noticias\/wp-json\/wp\/v2\/posts\/83936\/revisions"}],"wp:featuredmedia":[{"embeddable":true,"href":"https:\/\/www.suno.com.br\/noticias\/wp-json\/wp\/v2\/media\/70206"}],"wp:attachment":[{"href":"https:\/\/www.suno.com.br\/noticias\/wp-json\/wp\/v2\/media?parent=83936"}],"wp:term":[{"taxonomy":"category","embeddable":true,"href":"https:\/\/www.suno.com.br\/noticias\/wp-json\/wp\/v2\/categories?post=83936"},{"taxonomy":"post_tag","embeddable":true,"href":"https:\/\/www.suno.com.br\/noticias\/wp-json\/wp\/v2\/tags?post=83936"},{"taxonomy":"suno_strategy","embeddable":true,"href":"https:\/\/www.suno.com.br\/noticias\/wp-json\/wp\/v2\/suno_strategy?post=83936"}],"curies":[{"name":"wp","href":"https:\/\/api.w.org\/{rel}","templated":true}]}}