{"id":83903,"date":"2020-09-11T07:49:25","date_gmt":"2020-09-11T10:49:25","guid":{"rendered":"https:\/\/www.suno.com.br\/noticias\/?p=83903"},"modified":"2020-09-11T10:24:16","modified_gmt":"2020-09-11T13:24:16","slug":"sulamerica-sula11-conclui-aquisicao-da-parana-clinicas-por-r-396-milhoes","status":"publish","type":"post","link":"https:\/\/www.suno.com.br\/noticias\/sulamerica-sula11-conclui-aquisicao-da-parana-clinicas-por-r-396-milhoes\/","title":{"rendered":"SulAm\u00e9rica (SULA11) conclui aquisi\u00e7\u00e3o da Paran\u00e1 Cl\u00ednicas por R$ 396 milh\u00f5es"},"content":{"rendered":"<p>A <a href=\"https:\/\/www.suno.com.br\/acoes\/sula11\/\"><strong>SulAm\u00e9rica<\/strong> (SULA11)<\/a> concluiu, na \u00faltima quinta-feira (10), a aquisi\u00e7\u00e3o da Paran\u00e1 Cl\u00ednicas Planos de Sa\u00fade. Segundo informou a companhia, a empresa comprada \u00e9 a 5\u00aa maior operadora do Paran\u00e1, com aproximadamente 90 mil benefici\u00e1rios e receitas de R$ 103 milh\u00f5es no primeiro semestre.<\/p>\t<div class=\"wrapper-featured-image\">\n\t\t<figure class=\"spotlightImg\">\n\n\t\t\t<picture>\n\t\t\t\t<source media=\"(max-width: 768px)\" srcset=\"https:\/\/files.sunoresearch.com.br\/n\/uploads\/2019\/09\/a6a58101-sulamerica-400x200.webp\">\n\t\t\t\t<img loading=\"lazy\" decoding=\"async\" class=\"newsContent__article__imgCapa lazyloadDisabled \" src=\"https:\/\/files.sunoresearch.com.br\/n\/uploads\/2019\/09\/a6a58101-sulamerica-800x450.webp\" width=\"800\" height=\"450\" alt=\"SulAm\u00e9rica (SULA11) conclui aquisi\u00e7\u00e3o da Paran\u00e1 Cl\u00ednicas por R$ 396 milh\u00f5es\" fetchpriority=high \/>\n\t\t\t<\/picture>\n\n\t\t\t<figcaption class=\"wp-caption-text wp-caption-text--show\">SulAm\u00e9rica conclui aquisi\u00e7\u00e3o de 25% da \u00d3rama por R$ 100 milh\u00f5es<\/figcaption>\n\t\t<\/figure>\n\t<\/div>\n\n\n<div class=\"hubspot-form-wrapper\">\n\t<div id=\"single-form-target\"><\/div>\n<\/div>\n\n<p>A SulAm\u00e9rica fechou a transa\u00e7\u00e3o por R$ 396 milh\u00f5es, que incluem os resultados desde a assinatura do contrato, anunciada em junho, e R$ 9 milh\u00f5es referentes a um novo centro m\u00e9dico em constru\u00e7\u00e3o em S\u00e3o Jos\u00e9 dos Pinhais.<\/p>\n<h2>SulAm\u00e9rica quase dobra lucro no 2T20 para R$ 498,3 mi<\/h2>\n<p>A seguradora e gestora de recursos <strong>SulAm\u00e9rica<\/strong> reportou um <a href=\"https:\/\/www.suno.com.br\/artigos\/lucro-liquido\/\">lucro l\u00edquido<\/a> ap\u00f3s participa\u00e7\u00e3o de n\u00e3o controladores de R$ 498,3 milh\u00f5es no segundo trimestre de 2020, equivalente a uma alta de 91% ante mesmo per\u00edodo do ano anterior.<\/p>\n<p><a href=\"https:\/\/lp.suno.com.br\/suno-one\/\">No Suno One voc\u00ea aprende a fazer seu dinheiro para trabalhar para voc\u00ea. Cadastre-se gratuitamente agora!<\/a><\/p>\n<p>O lucro das opera\u00e7\u00f5es continuadas da companhia, por sua vez, totalizou R$ 398,7 milh\u00f5es, um crescimento de 83,4%. &#8220;Com as medidas de quarentena e distanciamento social, observou-se uma redu\u00e7\u00e3o relevante na frequ\u00eancia de sinistros nos segmentos de sa\u00fade e autom\u00f3veis, de maneira tempor\u00e1ria e pontual, com impacto nos \u00edndices de sinistralidade&#8221;, destacou a SulAm\u00e9rica.<\/p>\n<p>Dessa forma, o \u00edndice que mede a <a href=\"https:\/\/www.suno.com.br\/artigos\/sinistralidade\/\">sinistralidade<\/a> registrou uma queda de 11,7 pontos percentuais, para 69,1%. O indicador que equivale \u00e0 rela\u00e7\u00e3o entre as despesas com a utiliza\u00e7\u00e3o dos servi\u00e7os m\u00e9dicos e a receita que a operadora recebeu pelo contrato ficou em 75,4% no acumulado anual.<\/p>\n<p>A <a href=\"https:\/\/www.suno.com.br\/artigos\/receita-operacional\/\">receita operacional<\/a> da companhia tamb\u00e9m mostrou aumento entre os meses de abril e junho, de 5%, para R$ 4,79 bilh\u00f5es. A empresa apresentou uma crescimento de 6,2% em sua principal linha de neg\u00f3cios ,sa\u00fade e odontol\u00f3gico, ao passo que registrou uma baixa em segmentos de gest\u00e3o de recursos, previd\u00eancia, e de vida e acidentes pessoais.<\/p>\n<p>O <a href=\"https:\/\/www.suno.com.br\/artigos\/resultado-financeiro\/\">resultado financeiro<\/a> da <strong>SulAm\u00e9rica<\/strong>, todavia, ficou em R$ 69,9 milh\u00f5es no segundo trimestre deste ano, uma queda de 39%, em fun\u00e7\u00e3o do menor resultado de investimentos aliado \u00e0 queda da <a href=\"https:\/\/www.suno.com.br\/artigos\/taxa-selic\/\">taxa Selic<\/a>.<\/p>\n<p>Com informa\u00e7\u00f5es do Estad\u00e3o Conte\u00fado<\/p>\n\t<p>\n\t\t<a href=\"https:\/\/lp.suno.com.br\/planilha-de-controle-de-investimentos\/\" target=\"_blank\" data-element=\"shortcode-suno-banner\" title=\"Banner SUNO, clique e saiba mais\">\n\t\t\t<picture>\n\t\t\t\t<source media=\"(max-width: 500px)\" srcset=\"https:\/\/files.sunoresearch.com.br\/n\/uploads\/2023\/03\/400x300-Controle-de-Investimentos.png\">\n\t\t\t\t<img class=\"newsContent__article__imgCapa newsContent__article__imgCapa--banner\"\n\t\t\t\t\tsrc=\"https:\/\/files.sunoresearch.com.br\/n\/uploads\/2023\/03\/1420x240-Controle-de-Investimentos.png\"\n\t\t\t\t\tdata-promo-id=\"75934\"\t\t\t\t\t\t\t\t\t\twidth='1420' height='240'\t\t\t\t\talt=\"https:\/\/files.sunoresearch.com.br\/n\/uploads\/2023\/03\/1420x240-Controle-de-Investimentos.png\"\n\t\t\t\t>\n\t\t\t<\/picture>\n\t\t<\/a>\n\t<\/p>\n\n\n","protected":false},"excerpt":{"rendered":"<p>A SulAm\u00e9rica (SULA11) concluiu, na \u00faltima quinta-feira (10), a aquisi\u00e7\u00e3o da Paran\u00e1 Cl\u00ednicas Planos de Sa\u00fade. Segundo informou a companhia, a empresa comprada \u00e9 a 5\u00aa maior operadora do Paran\u00e1, com aproximadamente 90 mil benefici\u00e1rios e receitas de R$ 103 milh\u00f5es no primeiro semestre. SulAm\u00e9rica conclui aquisi\u00e7\u00e3o de 25% da \u00d3rama por R$ 100 milh\u00f5es [&hellip;]<\/p>\n","protected":false},"author":15,"featured_media":36417,"comment_status":"closed","ping_status":"closed","sticky":false,"template":"","format":"standard","meta":[],"categories":[64],"tags":[647],"suno_strategy":[],"class_list":["post-83903","post","type-post","status-publish","format-standard","has-post-thumbnail","hentry","category-negocios","tag-sulamerica-sula11-sula3-sula4"],"yoast_head":"<!-- This site is optimized with the Yoast SEO plugin v24.4 - https:\/\/yoast.com\/wordpress\/plugins\/seo\/ -->\n<title>SulAm\u00e9rica (SULA11) conclui aquisi\u00e7\u00e3o da Paran\u00e1 Cl\u00ednicas por R$ 396 mi<\/title>\n<meta name=\"description\" content=\"A SulAm\u00e9rica (SULA11) concluiu, na \u00faltima quinta-feira (10), a aquisi\u00e7\u00e3o da Paran\u00e1 Cl\u00ednicas Planos de Sa\u00fade. Clique aqui e saiba mais\" \/>\n<meta name=\"robots\" content=\"index, follow, max-snippet:-1, max-image-preview:large, max-video-preview:-1\" \/>\n<link rel=\"canonical\" href=\"https:\/\/www.suno.com.br\/noticias\/sulamerica-sula11-conclui-aquisicao-da-parana-clinicas-por-r-396-milhoes\/\" \/>\n<meta property=\"og:locale\" content=\"pt_BR\" \/>\n<meta property=\"og:type\" content=\"article\" \/>\n<meta property=\"og:title\" content=\"SulAm\u00e9rica (SULA11) conclui aquisi\u00e7\u00e3o da Paran\u00e1 Cl\u00ednicas por R$ 396 mi\" \/>\n<meta property=\"og:description\" content=\"A SulAm\u00e9rica (SULA11) concluiu, na \u00faltima quinta-feira (10), a aquisi\u00e7\u00e3o da Paran\u00e1 Cl\u00ednicas Planos de Sa\u00fade. Clique aqui e saiba mais\" \/>\n<meta property=\"og:url\" content=\"https:\/\/www.suno.com.br\/noticias\/sulamerica-sula11-conclui-aquisicao-da-parana-clinicas-por-r-396-milhoes\/\" \/>\n<meta property=\"og:site_name\" content=\"Suno Not\u00edcias\" \/>\n<meta property=\"article:publisher\" content=\"https:\/\/facebook.com\/sunoresearch\" \/>\n<meta property=\"og:image\" content=\"https:\/\/files.sunoresearch.com.br\/n\/uploads\/2019\/09\/a6a58101-sulamerica.jpg\" \/>\n\t<meta property=\"og:image:width\" content=\"1280\" \/>\n\t<meta property=\"og:image:height\" content=\"720\" \/>\n\t<meta property=\"og:image:type\" content=\"image\/jpeg\" \/>\n<meta name=\"author\" content=\"Poliana Santos\" \/>\n<meta name=\"twitter:card\" content=\"summary_large_image\" \/>\n<meta name=\"twitter:creator\" content=\"@sunoresearch\" \/>\n<meta name=\"twitter:site\" content=\"@sunoresearch\" \/>\n<meta name=\"twitter:label1\" content=\"Escrito por\" \/>\n\t<meta name=\"twitter:data1\" content=\"Poliana Santos\" \/>\n\t<meta name=\"twitter:label2\" content=\"Est. tempo de leitura\" \/>\n\t<meta name=\"twitter:data2\" content=\"2 minutos\" \/>\n<script type=\"application\/ld+json\" class=\"yoast-schema-graph\">{\"@context\":\"https:\/\/schema.org\",\"@graph\":[{\"@type\":\"NewsArticle\",\"@id\":\"https:\/\/www.suno.com.br\/noticias\/sulamerica-sula11-conclui-aquisicao-da-parana-clinicas-por-r-396-milhoes\/#article\",\"isPartOf\":{\"@id\":\"https:\/\/www.suno.com.br\/noticias\/sulamerica-sula11-conclui-aquisicao-da-parana-clinicas-por-r-396-milhoes\/\"},\"author\":{\"name\":\"Poliana Santos\",\"@id\":\"https:\/\/www.suno.com.br\/noticias\/#\/schema\/person\/02ec1f752758247878a2bf4abee1aeda\"},\"headline\":\"SulAm\u00e9rica (SULA11) conclui aquisi\u00e7\u00e3o da Paran\u00e1 Cl\u00ednicas por R$ 396 milh\u00f5es\",\"datePublished\":\"2020-09-11T10:49:25+00:00\",\"dateModified\":\"2020-09-11T13:24:16+00:00\",\"mainEntityOfPage\":{\"@id\":\"https:\/\/www.suno.com.br\/noticias\/sulamerica-sula11-conclui-aquisicao-da-parana-clinicas-por-r-396-milhoes\/\"},\"wordCount\":393,\"publisher\":{\"@id\":\"https:\/\/www.suno.com.br\/noticias\/#organization\"},\"image\":{\"@id\":\"https:\/\/www.suno.com.br\/noticias\/sulamerica-sula11-conclui-aquisicao-da-parana-clinicas-por-r-396-milhoes\/#primaryimage\"},\"thumbnailUrl\":\"https:\/\/files.sunoresearch.com.br\/n\/uploads\/2019\/09\/a6a58101-sulamerica-jpg.webp\",\"keywords\":[\"SulAm\u00e9rica (SULA11\/SULA3\/SULA4)\"],\"articleSection\":[\"Neg\u00f3cios\"],\"inLanguage\":\"pt-BR\"},{\"@type\":\"WebPage\",\"@id\":\"https:\/\/www.suno.com.br\/noticias\/sulamerica-sula11-conclui-aquisicao-da-parana-clinicas-por-r-396-milhoes\/\",\"url\":\"https:\/\/www.suno.com.br\/noticias\/sulamerica-sula11-conclui-aquisicao-da-parana-clinicas-por-r-396-milhoes\/\",\"name\":\"SulAm\u00e9rica (SULA11) conclui aquisi\u00e7\u00e3o da Paran\u00e1 Cl\u00ednicas por R$ 396 mi\",\"isPartOf\":{\"@id\":\"https:\/\/www.suno.com.br\/noticias\/#website\"},\"primaryImageOfPage\":{\"@id\":\"https:\/\/www.suno.com.br\/noticias\/sulamerica-sula11-conclui-aquisicao-da-parana-clinicas-por-r-396-milhoes\/#primaryimage\"},\"image\":{\"@id\":\"https:\/\/www.suno.com.br\/noticias\/sulamerica-sula11-conclui-aquisicao-da-parana-clinicas-por-r-396-milhoes\/#primaryimage\"},\"thumbnailUrl\":\"https:\/\/files.sunoresearch.com.br\/n\/uploads\/2019\/09\/a6a58101-sulamerica-jpg.webp\",\"datePublished\":\"2020-09-11T10:49:25+00:00\",\"dateModified\":\"2020-09-11T13:24:16+00:00\",\"description\":\"A SulAm\u00e9rica (SULA11) concluiu, na \u00faltima quinta-feira (10), a aquisi\u00e7\u00e3o da Paran\u00e1 Cl\u00ednicas Planos de Sa\u00fade. Clique aqui e saiba mais\",\"breadcrumb\":{\"@id\":\"https:\/\/www.suno.com.br\/noticias\/sulamerica-sula11-conclui-aquisicao-da-parana-clinicas-por-r-396-milhoes\/#breadcrumb\"},\"inLanguage\":\"pt-BR\",\"potentialAction\":[{\"@type\":\"ReadAction\",\"target\":[\"https:\/\/www.suno.com.br\/noticias\/sulamerica-sula11-conclui-aquisicao-da-parana-clinicas-por-r-396-milhoes\/\"]}]},{\"@type\":\"ImageObject\",\"inLanguage\":\"pt-BR\",\"@id\":\"https:\/\/www.suno.com.br\/noticias\/sulamerica-sula11-conclui-aquisicao-da-parana-clinicas-por-r-396-milhoes\/#primaryimage\",\"url\":\"https:\/\/files.sunoresearch.com.br\/n\/uploads\/2019\/09\/a6a58101-sulamerica-jpg.webp\",\"contentUrl\":\"https:\/\/files.sunoresearch.com.br\/n\/uploads\/2019\/09\/a6a58101-sulamerica-jpg.webp\",\"width\":1280,\"height\":720,\"caption\":\"SulAm\u00e9rica conclui aquisi\u00e7\u00e3o de 25% da \u00d3rama por R$ 100 milh\u00f5es\"},{\"@type\":\"BreadcrumbList\",\"@id\":\"https:\/\/www.suno.com.br\/noticias\/sulamerica-sula11-conclui-aquisicao-da-parana-clinicas-por-r-396-milhoes\/#breadcrumb\",\"itemListElement\":[{\"@type\":\"ListItem\",\"position\":1,\"name\":\"Not\u00edcias\",\"item\":\"https:\/\/www.suno.com.br\/noticias\/\"},{\"@type\":\"ListItem\",\"position\":2,\"name\":\"Neg\u00f3cios\",\"item\":\"https:\/\/www.suno.com.br\/noticias\/negocios\/\"},{\"@type\":\"ListItem\",\"position\":3,\"name\":\"SulAm\u00e9rica (SULA11) conclui aquisi\u00e7\u00e3o da Paran\u00e1 Cl\u00ednicas por R$ 396 milh\u00f5es\"}]},{\"@type\":\"WebSite\",\"@id\":\"https:\/\/www.suno.com.br\/noticias\/#website\",\"url\":\"https:\/\/www.suno.com.br\/noticias\/\",\"name\":\"Suno Not\u00edcias\",\"description\":\"Seu portal de informa\u00e7\u00e3o sobre o mundo dos investimentos\",\"publisher\":{\"@id\":\"https:\/\/www.suno.com.br\/noticias\/#organization\"},\"potentialAction\":[{\"@type\":\"SearchAction\",\"target\":{\"@type\":\"EntryPoint\",\"urlTemplate\":\"https:\/\/www.suno.com.br\/noticias\/?s={search_term_string}\"},\"query-input\":{\"@type\":\"PropertyValueSpecification\",\"valueRequired\":true,\"valueName\":\"search_term_string\"}}],\"inLanguage\":\"pt-BR\"},{\"@type\":\"Organization\",\"@id\":\"https:\/\/www.suno.com.br\/noticias\/#organization\",\"name\":\"Suno Not\u00edcias\",\"url\":\"https:\/\/www.suno.com.br\/noticias\/\",\"logo\":{\"@type\":\"ImageObject\",\"inLanguage\":\"pt-BR\",\"@id\":\"https:\/\/www.suno.com.br\/noticias\/#\/schema\/logo\/image\/\",\"url\":\"https:\/\/files.sunoresearch.com.br\/n\/uploads\/2021\/09\/suno-logo.png\",\"contentUrl\":\"https:\/\/files.sunoresearch.com.br\/n\/uploads\/2021\/09\/suno-logo.png\",\"width\":180,\"height\":180,\"caption\":\"Suno Not\u00edcias\"},\"image\":{\"@id\":\"https:\/\/www.suno.com.br\/noticias\/#\/schema\/logo\/image\/\"},\"sameAs\":[\"https:\/\/facebook.com\/sunoresearch\",\"https:\/\/x.com\/sunoresearch\",\"https:\/\/www.instagram.com\/suno\",\"https:\/\/www.linkedin.com\/company\/suno-research\/\",\"https:\/\/www.youtube.com\/c\/sunoresearch\"]},{\"@type\":\"Person\",\"@id\":\"https:\/\/www.suno.com.br\/noticias\/#\/schema\/person\/02ec1f752758247878a2bf4abee1aeda\",\"name\":\"Poliana Santos\",\"image\":{\"@type\":\"ImageObject\",\"inLanguage\":\"pt-BR\",\"@id\":\"https:\/\/www.suno.com.br\/noticias\/#\/schema\/person\/image\/\",\"url\":\"https:\/\/secure.gravatar.com\/avatar\/0645bd32f23d87b2130f2b2dff1d3f8d?s=96&r=g\",\"contentUrl\":\"https:\/\/secure.gravatar.com\/avatar\/0645bd32f23d87b2130f2b2dff1d3f8d?s=96&r=g\",\"caption\":\"Poliana Santos\"},\"description\":\"Rep\u00f3rter no Suno Not\u00edcias, com cobertura em mercado financeiro, economia, finan\u00e7as pessoais, renda fixa e varejo. Jornalista formada pela Faculdade C\u00e1sper L\u00edbero e possui passagem na R\u00e1dio Gazeta AM com a produ\u00e7\u00e3o de conte\u00fado sobre economia, pol\u00edtica, sa\u00fade, moda e m\u00fasica. Possui certificado de conclus\u00e3o do curso de An\u00e1lise de Balan\u00e7os pela Funda\u00e7\u00e3o Bradesco, Agenda Brasil pela FAAP, Educa\u00e7\u00e3o Pol\u00edtica por Alexandre Garcia e do Tesouro Direto e Mercado de A\u00e7\u00f5es pela B3.\",\"url\":\"https:\/\/www.suno.com.br\/noticias\/author\/poliana-santos\/\"}]}<\/script>\n<!-- \/ Yoast SEO plugin. -->","yoast_head_json":{"title":"SulAm\u00e9rica (SULA11) conclui aquisi\u00e7\u00e3o da Paran\u00e1 Cl\u00ednicas por R$ 396 mi","description":"A SulAm\u00e9rica (SULA11) concluiu, na \u00faltima quinta-feira (10), a aquisi\u00e7\u00e3o da Paran\u00e1 Cl\u00ednicas Planos de Sa\u00fade. Clique aqui e saiba mais","robots":{"index":"index","follow":"follow","max-snippet":"max-snippet:-1","max-image-preview":"max-image-preview:large","max-video-preview":"max-video-preview:-1"},"canonical":"https:\/\/www.suno.com.br\/noticias\/sulamerica-sula11-conclui-aquisicao-da-parana-clinicas-por-r-396-milhoes\/","og_locale":"pt_BR","og_type":"article","og_title":"SulAm\u00e9rica (SULA11) conclui aquisi\u00e7\u00e3o da Paran\u00e1 Cl\u00ednicas por R$ 396 mi","og_description":"A SulAm\u00e9rica (SULA11) concluiu, na \u00faltima quinta-feira (10), a aquisi\u00e7\u00e3o da Paran\u00e1 Cl\u00ednicas Planos de Sa\u00fade. Clique aqui e saiba mais","og_url":"https:\/\/www.suno.com.br\/noticias\/sulamerica-sula11-conclui-aquisicao-da-parana-clinicas-por-r-396-milhoes\/","og_site_name":"Suno Not\u00edcias","article_publisher":"https:\/\/facebook.com\/sunoresearch","og_image":[{"width":1280,"height":720,"url":"https:\/\/files.sunoresearch.com.br\/n\/uploads\/2019\/09\/a6a58101-sulamerica.jpg","type":"image\/jpeg"}],"author":"Poliana Santos","twitter_card":"summary_large_image","twitter_creator":"@sunoresearch","twitter_site":"@sunoresearch","twitter_misc":{"Escrito por":"Poliana Santos","Est. tempo de leitura":"2 minutos"},"schema":{"@context":"https:\/\/schema.org","@graph":[{"@type":"NewsArticle","@id":"https:\/\/www.suno.com.br\/noticias\/sulamerica-sula11-conclui-aquisicao-da-parana-clinicas-por-r-396-milhoes\/#article","isPartOf":{"@id":"https:\/\/www.suno.com.br\/noticias\/sulamerica-sula11-conclui-aquisicao-da-parana-clinicas-por-r-396-milhoes\/"},"author":{"name":"Poliana Santos","@id":"https:\/\/www.suno.com.br\/noticias\/#\/schema\/person\/02ec1f752758247878a2bf4abee1aeda"},"headline":"SulAm\u00e9rica (SULA11) conclui aquisi\u00e7\u00e3o da Paran\u00e1 Cl\u00ednicas por R$ 396 milh\u00f5es","datePublished":"2020-09-11T10:49:25+00:00","dateModified":"2020-09-11T13:24:16+00:00","mainEntityOfPage":{"@id":"https:\/\/www.suno.com.br\/noticias\/sulamerica-sula11-conclui-aquisicao-da-parana-clinicas-por-r-396-milhoes\/"},"wordCount":393,"publisher":{"@id":"https:\/\/www.suno.com.br\/noticias\/#organization"},"image":{"@id":"https:\/\/www.suno.com.br\/noticias\/sulamerica-sula11-conclui-aquisicao-da-parana-clinicas-por-r-396-milhoes\/#primaryimage"},"thumbnailUrl":"https:\/\/files.sunoresearch.com.br\/n\/uploads\/2019\/09\/a6a58101-sulamerica-jpg.webp","keywords":["SulAm\u00e9rica (SULA11\/SULA3\/SULA4)"],"articleSection":["Neg\u00f3cios"],"inLanguage":"pt-BR"},{"@type":"WebPage","@id":"https:\/\/www.suno.com.br\/noticias\/sulamerica-sula11-conclui-aquisicao-da-parana-clinicas-por-r-396-milhoes\/","url":"https:\/\/www.suno.com.br\/noticias\/sulamerica-sula11-conclui-aquisicao-da-parana-clinicas-por-r-396-milhoes\/","name":"SulAm\u00e9rica (SULA11) conclui aquisi\u00e7\u00e3o da Paran\u00e1 Cl\u00ednicas por R$ 396 mi","isPartOf":{"@id":"https:\/\/www.suno.com.br\/noticias\/#website"},"primaryImageOfPage":{"@id":"https:\/\/www.suno.com.br\/noticias\/sulamerica-sula11-conclui-aquisicao-da-parana-clinicas-por-r-396-milhoes\/#primaryimage"},"image":{"@id":"https:\/\/www.suno.com.br\/noticias\/sulamerica-sula11-conclui-aquisicao-da-parana-clinicas-por-r-396-milhoes\/#primaryimage"},"thumbnailUrl":"https:\/\/files.sunoresearch.com.br\/n\/uploads\/2019\/09\/a6a58101-sulamerica-jpg.webp","datePublished":"2020-09-11T10:49:25+00:00","dateModified":"2020-09-11T13:24:16+00:00","description":"A SulAm\u00e9rica (SULA11) concluiu, na \u00faltima quinta-feira (10), a aquisi\u00e7\u00e3o da Paran\u00e1 Cl\u00ednicas Planos de Sa\u00fade. Clique aqui e saiba mais","breadcrumb":{"@id":"https:\/\/www.suno.com.br\/noticias\/sulamerica-sula11-conclui-aquisicao-da-parana-clinicas-por-r-396-milhoes\/#breadcrumb"},"inLanguage":"pt-BR","potentialAction":[{"@type":"ReadAction","target":["https:\/\/www.suno.com.br\/noticias\/sulamerica-sula11-conclui-aquisicao-da-parana-clinicas-por-r-396-milhoes\/"]}]},{"@type":"ImageObject","inLanguage":"pt-BR","@id":"https:\/\/www.suno.com.br\/noticias\/sulamerica-sula11-conclui-aquisicao-da-parana-clinicas-por-r-396-milhoes\/#primaryimage","url":"https:\/\/files.sunoresearch.com.br\/n\/uploads\/2019\/09\/a6a58101-sulamerica-jpg.webp","contentUrl":"https:\/\/files.sunoresearch.com.br\/n\/uploads\/2019\/09\/a6a58101-sulamerica-jpg.webp","width":1280,"height":720,"caption":"SulAm\u00e9rica conclui aquisi\u00e7\u00e3o de 25% da \u00d3rama por R$ 100 milh\u00f5es"},{"@type":"BreadcrumbList","@id":"https:\/\/www.suno.com.br\/noticias\/sulamerica-sula11-conclui-aquisicao-da-parana-clinicas-por-r-396-milhoes\/#breadcrumb","itemListElement":[{"@type":"ListItem","position":1,"name":"Not\u00edcias","item":"https:\/\/www.suno.com.br\/noticias\/"},{"@type":"ListItem","position":2,"name":"Neg\u00f3cios","item":"https:\/\/www.suno.com.br\/noticias\/negocios\/"},{"@type":"ListItem","position":3,"name":"SulAm\u00e9rica (SULA11) conclui aquisi\u00e7\u00e3o da Paran\u00e1 Cl\u00ednicas por R$ 396 milh\u00f5es"}]},{"@type":"WebSite","@id":"https:\/\/www.suno.com.br\/noticias\/#website","url":"https:\/\/www.suno.com.br\/noticias\/","name":"Suno Not\u00edcias","description":"Seu portal de informa\u00e7\u00e3o sobre o mundo dos investimentos","publisher":{"@id":"https:\/\/www.suno.com.br\/noticias\/#organization"},"potentialAction":[{"@type":"SearchAction","target":{"@type":"EntryPoint","urlTemplate":"https:\/\/www.suno.com.br\/noticias\/?s={search_term_string}"},"query-input":{"@type":"PropertyValueSpecification","valueRequired":true,"valueName":"search_term_string"}}],"inLanguage":"pt-BR"},{"@type":"Organization","@id":"https:\/\/www.suno.com.br\/noticias\/#organization","name":"Suno Not\u00edcias","url":"https:\/\/www.suno.com.br\/noticias\/","logo":{"@type":"ImageObject","inLanguage":"pt-BR","@id":"https:\/\/www.suno.com.br\/noticias\/#\/schema\/logo\/image\/","url":"https:\/\/files.sunoresearch.com.br\/n\/uploads\/2021\/09\/suno-logo.png","contentUrl":"https:\/\/files.sunoresearch.com.br\/n\/uploads\/2021\/09\/suno-logo.png","width":180,"height":180,"caption":"Suno Not\u00edcias"},"image":{"@id":"https:\/\/www.suno.com.br\/noticias\/#\/schema\/logo\/image\/"},"sameAs":["https:\/\/facebook.com\/sunoresearch","https:\/\/x.com\/sunoresearch","https:\/\/www.instagram.com\/suno","https:\/\/www.linkedin.com\/company\/suno-research\/","https:\/\/www.youtube.com\/c\/sunoresearch"]},{"@type":"Person","@id":"https:\/\/www.suno.com.br\/noticias\/#\/schema\/person\/02ec1f752758247878a2bf4abee1aeda","name":"Poliana Santos","image":{"@type":"ImageObject","inLanguage":"pt-BR","@id":"https:\/\/www.suno.com.br\/noticias\/#\/schema\/person\/image\/","url":"https:\/\/secure.gravatar.com\/avatar\/0645bd32f23d87b2130f2b2dff1d3f8d?s=96&r=g","contentUrl":"https:\/\/secure.gravatar.com\/avatar\/0645bd32f23d87b2130f2b2dff1d3f8d?s=96&r=g","caption":"Poliana Santos"},"description":"Rep\u00f3rter no Suno Not\u00edcias, com cobertura em mercado financeiro, economia, finan\u00e7as pessoais, renda fixa e varejo. Jornalista formada pela Faculdade C\u00e1sper L\u00edbero e possui passagem na R\u00e1dio Gazeta AM com a produ\u00e7\u00e3o de conte\u00fado sobre economia, pol\u00edtica, sa\u00fade, moda e m\u00fasica. Possui certificado de conclus\u00e3o do curso de An\u00e1lise de Balan\u00e7os pela Funda\u00e7\u00e3o Bradesco, Agenda Brasil pela FAAP, Educa\u00e7\u00e3o Pol\u00edtica por Alexandre Garcia e do Tesouro Direto e Mercado de A\u00e7\u00f5es pela B3.","url":"https:\/\/www.suno.com.br\/noticias\/author\/poliana-santos\/"}]}},"default_loop_html":"<div class=\"cardsPage__listCard__boxs\"><div class=\"cardsPage__listCard__boxs__img\"><a href=\"https:\/\/www.suno.com.br\/noticias\/sulamerica-sula11-conclui-aquisicao-da-parana-clinicas-por-r-396-milhoes\/\"><img class=\"mask\" src=\"https:\/\/www.suno.com.br\/noticias\/wp-content\/themes\/suno\/resources\/images\/spotlight\/spotlight1img\/bg-mask.png\" alt=\"Image Mask\"\/><img src=\"https:\/\/files.sunoresearch.com.br\/n\/uploads\/2019\/09\/a6a58101-sulamerica-400x200.webp\" alt=\"SulAm\u00e9rica (SULA11) conclui aquisi\u00e7\u00e3o da Paran\u00e1 Cl\u00ednicas por R$ 396 milh\u00f5es\"\/><\/a><span class=\"spotlightCategory\"><a href=\"https:\/\/www.suno.com.br\/noticias\/negocios\/\">Neg\u00f3cios<\/a><\/span><\/div><div class=\"cardsPage__listCard__boxs__content\"><a href=\"https:\/\/www.suno.com.br\/noticias\/sulamerica-sula11-conclui-aquisicao-da-parana-clinicas-por-r-396-milhoes\/\"><h2 class=\"content__title\">SulAm\u00e9rica (SULA11) conclui aquisi\u00e7\u00e3o da Paran\u00e1 Cl\u00ednicas por R$ 396 milh\u00f5es<\/h2><\/a><div class=\"newsContent__article__meta\"><div class=\"newsContent__article__meta__authorBox\"><a href=\"https:\/\/www.suno.com.br\/noticias\/author\/poliana-santos\/\" class=\"authorBox__avatar noMobi\"><img src=\"https:\/\/files.sunoresearch.com.br\/n\/uploads\/2020\/08\/7ef34026-whatsapp-image-2020-08-03-at-12.37.57-150x150.webp\" alt=\"Poliana Santos\"><\/a><div class=\"authorBox__name\"><span>por\n\t\t\t<a href=\"https:\/\/www.suno.com.br\/noticias\/author\/poliana-santos\/\"><span itemprop=\"author\">Poliana Santos<\/span><\/a><\/span><time datetime=\"2020-09-11T07:49:25-03:00\" itemprop=\"datePublished\">11\/09\/2020 07:49<\/time><\/div><\/div><\/div><\/div><\/div>","single_layout":"posts","amp_enabled":true,"_links":{"self":[{"href":"https:\/\/www.suno.com.br\/noticias\/wp-json\/wp\/v2\/posts\/83903"}],"collection":[{"href":"https:\/\/www.suno.com.br\/noticias\/wp-json\/wp\/v2\/posts"}],"about":[{"href":"https:\/\/www.suno.com.br\/noticias\/wp-json\/wp\/v2\/types\/post"}],"author":[{"embeddable":true,"href":"https:\/\/www.suno.com.br\/noticias\/wp-json\/wp\/v2\/users\/15"}],"replies":[{"embeddable":true,"href":"https:\/\/www.suno.com.br\/noticias\/wp-json\/wp\/v2\/comments?post=83903"}],"version-history":[{"count":0,"href":"https:\/\/www.suno.com.br\/noticias\/wp-json\/wp\/v2\/posts\/83903\/revisions"}],"wp:featuredmedia":[{"embeddable":true,"href":"https:\/\/www.suno.com.br\/noticias\/wp-json\/wp\/v2\/media\/36417"}],"wp:attachment":[{"href":"https:\/\/www.suno.com.br\/noticias\/wp-json\/wp\/v2\/media?parent=83903"}],"wp:term":[{"taxonomy":"category","embeddable":true,"href":"https:\/\/www.suno.com.br\/noticias\/wp-json\/wp\/v2\/categories?post=83903"},{"taxonomy":"post_tag","embeddable":true,"href":"https:\/\/www.suno.com.br\/noticias\/wp-json\/wp\/v2\/tags?post=83903"},{"taxonomy":"suno_strategy","embeddable":true,"href":"https:\/\/www.suno.com.br\/noticias\/wp-json\/wp\/v2\/suno_strategy?post=83903"}],"curies":[{"name":"wp","href":"https:\/\/api.w.org\/{rel}","templated":true}]}}