{"id":83822,"date":"2020-09-10T17:14:19","date_gmt":"2020-09-10T20:14:19","guid":{"rendered":"https:\/\/www.suno.com.br\/noticias\/?p=83822"},"modified":"2021-02-17T22:43:21","modified_gmt":"2021-02-18T01:43:21","slug":"bce-diz-explorar-beneficios-e-riscos-de-adocao-de-euro-digital","status":"publish","type":"post","link":"https:\/\/www.suno.com.br\/noticias\/bce-diz-explorar-beneficios-e-riscos-de-adocao-de-euro-digital\/","title":{"rendered":"BCE diz explorar benef\u00edcios e riscos de ado\u00e7\u00e3o de euro digital"},"content":{"rendered":"<p>A presidente do <strong><a href=\"https:\/\/www.suno.com.br\/artigos\/bce\/\">Banco Central Europeu (BCE)<\/a><\/strong>, Christine Lagarde, afirmou que a institui\u00e7\u00e3o estuda inova\u00e7\u00f5es no sistema de pagamentos do bloco e a possibilidade da ado\u00e7\u00e3o do euro digital. O an\u00fancio foi feito nesta quinta-feira (10) durante a confer\u00eancia do Bundesbank.<\/p>\t<div class=\"wrapper-featured-image\">\n\t\t<figure class=\"spotlightImg\">\n\n\t\t\t<picture>\n\t\t\t\t<source media=\"(max-width: 768px)\" srcset=\"https:\/\/files.sunoresearch.com.br\/n\/uploads\/2020\/09\/2cdd41df-blue-and-yellow-euro-symbol-billboard-near-white-high-rise-building-low-angle-photography-thumbnail.jpg\">\n\t\t\t\t<img loading=\"lazy\" decoding=\"async\" class=\"newsContent__article__imgCapa lazyloadDisabled \" src=\"https:\/\/files.sunoresearch.com.br\/n\/uploads\/2020\/09\/2cdd41df-blue-and-yellow-euro-symbol-billboard-near-white-high-rise-building-low-angle-photography-thumbnail.jpg\" width=\"800\" height=\"450\" alt=\"BCE diz explorar benef\u00edcios e riscos de ado\u00e7\u00e3o de euro digital\" fetchpriority=high \/>\n\t\t\t<\/picture>\n\n\t\t\t<figcaption class=\"wp-caption-text wp-caption-text--show\">O BCE tamb\u00e9m informou que passar\u00e1 a realizar teste de estresses, a partir de 2022, para avaliar a exposi\u00e7\u00e3o de seus balan\u00e7os de ativos a esses riscos - Foto: Reprodu\u00e7\u00e3o BCE<\/figcaption>\n\t\t<\/figure>\n\t<\/div>\n\n\n<div class=\"hubspot-form-wrapper\">\n\t<div id=\"single-form-target\"><\/div>\n<\/div>\n\n<p>&#8220;Estamos explorando benef\u00edcios e riscos de ado\u00e7\u00e3o de euro digital&#8221;, declarou a presidente do BCE ao falar sobre servi\u00e7os banc\u00e1rios e pagamentos.<\/p>\n<p>Segundo Lagarde, o Eurossistema deve apresentar conclus\u00f5es sobre o tema &#8220;nas pr\u00f3ximas semanas&#8221;.<\/p>\n<p><a href=\"https:\/\/lp.suno.com.br\/suno-one\/\">Suno One: acesse gratuitamente eBooks, Minicursos, Artigos e Video Aulas sobre investimentos com um \u00fanico cadastro. Clique para saber mais!<\/a><\/p>\n<p>A diretora ainda destacou as duas grandes tend\u00eancias do sistema de pagamentos do mundo, se referindo a mudan\u00e7a das prefer\u00eancias do consumidor e a competi\u00e7\u00e3o entre os pa\u00edses para dominar essas informa\u00e7\u00f5es.<\/p>\n<p>&#8220;A Europa ficou para tr\u00e1s nesta competi\u00e7\u00e3o. A falta de integra\u00e7\u00e3o de pagamentos na Europa significa que os fornecedores estrangeiros assumiram a lideran\u00e7a&#8221;, disse Lagarde ressaltando os riscos em torno de quest\u00f5es de soberania. &#8220;O apoio do Estado \u00e9 essencial para que haja confian\u00e7a nos pagamentos e no dinheiro&#8221;, concluiu.<\/p>\n<h2>BCE aumenta proje\u00e7\u00e3o de infla\u00e7\u00e3o para a zona do euro em 2021<\/h2>\n<p>O Banco Central Europeu (BCE) divulgou, nesta quinta-feira (10), novas proje\u00e7\u00f5es para a economia da <a href=\"https:\/\/www.suno.com.br\/artigos\/zona-do-euro\/\"><strong>zona<\/strong> <strong>do<\/strong> <strong>euro<\/strong><\/a>. A autoridade monet\u00e1ria revisou para cima a expectativa de infla\u00e7\u00e3o no ano que vem. Apesar disso, o BCE manteve as proje\u00e7\u00f5es para 2020 e 2022 no mesmo n\u00edvel das pr\u00e9vias anteriores.<\/p>\n<p>Segundo informa\u00e7\u00f5es do relat\u00f3rio do BCE, a <a href=\"https:\/\/www.suno.com.br\/artigos\/inflacao\/\">infla\u00e7\u00e3o<\/a> (medida pelo HICP, \u00edndice de infla\u00e7\u00e3o que o BCE utiliza no c\u00e1lculo) ficar\u00e1 em 0,3% neste ano e subir\u00e1 para 1,0% em 2021 e para 1,3% em 2022. A presidente do Banco Central Europeu, Christine Lagarde, afirmou que este dado est\u00e1vel de 2022 esconde um aumento da expectativa para o n\u00facleo dos pre\u00e7os (que n\u00e3o consideram alimentos e energia), compensando uma diminui\u00e7\u00e3o da expectativa para os pre\u00e7os de energia.<\/p>\n<p>As proje\u00e7\u00f5es para os pre\u00e7os de energia tamb\u00e9m foram elevadas para o ano que vem, mas diminu\u00edram para 2022. O BCE estima que haver\u00e1 um achatamento dos pre\u00e7os no longo prazo. O relat\u00f3rio da autoridade monet\u00e1ria da zona do euro informa que os dados de alta frequ\u00eancia mostram que h\u00e1 uma recupera\u00e7\u00e3o da economia, por\u00e9m para voltar aos n\u00edveis pr\u00e9-crise, em decorr\u00eancia da pandemia do coronav\u00edrus (Covid-19), ainda ir\u00e1 demorar anos.<\/p>\n<p><a href=\"https:\/\/www.suno.com.br\/noticias\/zona-do-euro-projecao-inflacao-2021\/\">Saiba Mais: Zona do euro: BCE aumenta proje\u00e7\u00e3o de infla\u00e7\u00e3o para 2021<\/a><\/p>\n<p>O Banco Central Europeu comunicou que suas estimativas s\u00e3o baseadas na expectativa de que o impacto das medidas de conten\u00e7\u00e3o da pandemia ir\u00e1 diminuir aos poucos. Assim, as incertezas ser\u00e3o reduzidas gradualmente e a demanda externa se recuperar\u00e1. Al\u00e9m disso, a autoridade monet\u00e1ria da zona do euro destacou que as proje\u00e7\u00f5es tamb\u00e9m consideram que as pol\u00edticas fiscais ter\u00e3o continuidade, para dar suporte \u00e0 economia. O <strong>BCE<\/strong> reiterou, entretanto, que o principal ponto para a recupera\u00e7\u00e3o \u00e9 o sucesso na conten\u00e7\u00e3o da pandemia.<\/p>\n<p>Com informa\u00e7\u00f5es do Estad\u00e3o Conte\u00fado.<\/p>\n\t<p>\n\t\t<a href=\"https:\/\/lp.suno.com.br\/planilha-de-controle-de-investimentos\/\" target=\"_blank\" data-element=\"shortcode-suno-banner\" title=\"Banner SUNO, clique e saiba mais\">\n\t\t\t<picture>\n\t\t\t\t<source media=\"(max-width: 500px)\" srcset=\"https:\/\/files.sunoresearch.com.br\/n\/uploads\/2023\/03\/400x300-Controle-de-Investimentos.png\">\n\t\t\t\t<img class=\"newsContent__article__imgCapa newsContent__article__imgCapa--banner\"\n\t\t\t\t\tsrc=\"https:\/\/files.sunoresearch.com.br\/n\/uploads\/2023\/03\/1420x240-Controle-de-Investimentos.png\"\n\t\t\t\t\tdata-promo-id=\"75934\"\t\t\t\t\t\t\t\t\t\twidth='1420' height='240'\t\t\t\t\talt=\"https:\/\/files.sunoresearch.com.br\/n\/uploads\/2023\/03\/1420x240-Controle-de-Investimentos.png\"\n\t\t\t\t>\n\t\t\t<\/picture>\n\t\t<\/a>\n\t<\/p>\n\n\n<p>&nbsp;<\/p>\n","protected":false},"excerpt":{"rendered":"<p>A presidente do Banco Central Europeu (BCE), Christine Lagarde, afirmou que a institui\u00e7\u00e3o estuda inova\u00e7\u00f5es no sistema de pagamentos do bloco e a possibilidade da ado\u00e7\u00e3o do euro digital. O an\u00fancio foi feito nesta quinta-feira (10) durante a confer\u00eancia do Bundesbank. O BCE tamb\u00e9m informou que passar\u00e1 a realizar teste de estresses, a partir de [&hellip;]<\/p>\n","protected":false},"author":56,"featured_media":83834,"comment_status":"closed","ping_status":"closed","sticky":false,"template":"","format":"standard","meta":[],"categories":[63],"tags":[863,1528,958,710],"suno_strategy":[],"class_list":["post-83822","post","type-post","status-publish","format-standard","has-post-thumbnail","hentry","category-internacional","tag-banco-central-europeu-bce","tag-christine-lagarde","tag-euro","tag-europa"],"yoast_head":"<!-- This site is optimized with the Yoast SEO plugin v24.4 - https:\/\/yoast.com\/wordpress\/plugins\/seo\/ -->\n<title>BCE diz explorar benef\u00edcios e riscos de ado\u00e7\u00e3o de euro digital<\/title>\n<meta name=\"description\" content=\"&quot;Estamos explorando benef\u00edcios e riscos de ado\u00e7\u00e3o de euro digital&quot;, declarou a presidente do BCE. Clique aqui para saber mais.\" \/>\n<meta name=\"robots\" content=\"index, follow, max-snippet:-1, max-image-preview:large, max-video-preview:-1\" \/>\n<link rel=\"canonical\" href=\"https:\/\/www.suno.com.br\/noticias\/bce-diz-explorar-beneficios-e-riscos-de-adocao-de-euro-digital\/\" \/>\n<meta property=\"og:locale\" content=\"pt_BR\" \/>\n<meta property=\"og:type\" content=\"article\" \/>\n<meta property=\"og:title\" content=\"BCE diz explorar benef\u00edcios e riscos de ado\u00e7\u00e3o de euro digital\" \/>\n<meta property=\"og:description\" content=\"&quot;Estamos explorando benef\u00edcios e riscos de ado\u00e7\u00e3o de euro digital&quot;, declarou a presidente do BCE. Clique aqui para saber mais.\" \/>\n<meta property=\"og:url\" content=\"https:\/\/www.suno.com.br\/noticias\/bce-diz-explorar-beneficios-e-riscos-de-adocao-de-euro-digital\/\" \/>\n<meta property=\"og:site_name\" content=\"Suno Not\u00edcias\" \/>\n<meta property=\"article:publisher\" content=\"https:\/\/facebook.com\/sunoresearch\" \/>\n<meta property=\"og:image\" content=\"https:\/\/files.sunoresearch.com.br\/n\/uploads\/2020\/09\/2cdd41df-blue-and-yellow-euro-symbol-billboard-near-white-high-rise-building-low-angle-photography-thumbnail.jpg\" \/>\n\t<meta property=\"og:image:width\" content=\"338\" \/>\n\t<meta property=\"og:image:height\" content=\"254\" \/>\n\t<meta property=\"og:image:type\" content=\"image\/jpeg\" \/>\n<meta name=\"author\" content=\"Rafaela La Regina\" \/>\n<meta name=\"twitter:card\" content=\"summary_large_image\" \/>\n<meta name=\"twitter:creator\" content=\"@sunoresearch\" \/>\n<meta name=\"twitter:site\" content=\"@sunoresearch\" \/>\n<meta name=\"twitter:label1\" content=\"Escrito por\" \/>\n\t<meta name=\"twitter:data1\" content=\"Rafaela La Regina\" \/>\n\t<meta name=\"twitter:label2\" content=\"Est. tempo de leitura\" \/>\n\t<meta name=\"twitter:data2\" content=\"3 minutos\" \/>\n<script type=\"application\/ld+json\" class=\"yoast-schema-graph\">{\"@context\":\"https:\/\/schema.org\",\"@graph\":[{\"@type\":\"NewsArticle\",\"@id\":\"https:\/\/www.suno.com.br\/noticias\/bce-diz-explorar-beneficios-e-riscos-de-adocao-de-euro-digital\/#article\",\"isPartOf\":{\"@id\":\"https:\/\/www.suno.com.br\/noticias\/bce-diz-explorar-beneficios-e-riscos-de-adocao-de-euro-digital\/\"},\"author\":{\"name\":\"Rafaela La Regina\",\"@id\":\"https:\/\/www.suno.com.br\/noticias\/#\/schema\/person\/e672ca8cea627fe715fa29bca7da95e0\"},\"headline\":\"BCE diz explorar benef\u00edcios e riscos de ado\u00e7\u00e3o de euro digital\",\"datePublished\":\"2020-09-10T20:14:19+00:00\",\"dateModified\":\"2021-02-18T01:43:21+00:00\",\"mainEntityOfPage\":{\"@id\":\"https:\/\/www.suno.com.br\/noticias\/bce-diz-explorar-beneficios-e-riscos-de-adocao-de-euro-digital\/\"},\"wordCount\":572,\"publisher\":{\"@id\":\"https:\/\/www.suno.com.br\/noticias\/#organization\"},\"image\":{\"@id\":\"https:\/\/www.suno.com.br\/noticias\/bce-diz-explorar-beneficios-e-riscos-de-adocao-de-euro-digital\/#primaryimage\"},\"thumbnailUrl\":\"https:\/\/files.sunoresearch.com.br\/n\/uploads\/2020\/09\/2cdd41df-blue-and-yellow-euro-symbol-billboard-near-white-high-rise-building-low-angle-photography-thumbnail.jpg\",\"keywords\":[\"Banco Central Europeu (BCE)\",\"Christine Lagarde\",\"Euro\",\"Europa\"],\"articleSection\":[\"Internacional\"],\"inLanguage\":\"pt-BR\"},{\"@type\":\"WebPage\",\"@id\":\"https:\/\/www.suno.com.br\/noticias\/bce-diz-explorar-beneficios-e-riscos-de-adocao-de-euro-digital\/\",\"url\":\"https:\/\/www.suno.com.br\/noticias\/bce-diz-explorar-beneficios-e-riscos-de-adocao-de-euro-digital\/\",\"name\":\"BCE diz explorar benef\u00edcios e riscos de ado\u00e7\u00e3o de euro digital\",\"isPartOf\":{\"@id\":\"https:\/\/www.suno.com.br\/noticias\/#website\"},\"primaryImageOfPage\":{\"@id\":\"https:\/\/www.suno.com.br\/noticias\/bce-diz-explorar-beneficios-e-riscos-de-adocao-de-euro-digital\/#primaryimage\"},\"image\":{\"@id\":\"https:\/\/www.suno.com.br\/noticias\/bce-diz-explorar-beneficios-e-riscos-de-adocao-de-euro-digital\/#primaryimage\"},\"thumbnailUrl\":\"https:\/\/files.sunoresearch.com.br\/n\/uploads\/2020\/09\/2cdd41df-blue-and-yellow-euro-symbol-billboard-near-white-high-rise-building-low-angle-photography-thumbnail.jpg\",\"datePublished\":\"2020-09-10T20:14:19+00:00\",\"dateModified\":\"2021-02-18T01:43:21+00:00\",\"description\":\"\\\"Estamos explorando benef\u00edcios e riscos de ado\u00e7\u00e3o de euro digital\\\", declarou a presidente do BCE. Clique aqui para saber mais.\",\"breadcrumb\":{\"@id\":\"https:\/\/www.suno.com.br\/noticias\/bce-diz-explorar-beneficios-e-riscos-de-adocao-de-euro-digital\/#breadcrumb\"},\"inLanguage\":\"pt-BR\",\"potentialAction\":[{\"@type\":\"ReadAction\",\"target\":[\"https:\/\/www.suno.com.br\/noticias\/bce-diz-explorar-beneficios-e-riscos-de-adocao-de-euro-digital\/\"]}]},{\"@type\":\"ImageObject\",\"inLanguage\":\"pt-BR\",\"@id\":\"https:\/\/www.suno.com.br\/noticias\/bce-diz-explorar-beneficios-e-riscos-de-adocao-de-euro-digital\/#primaryimage\",\"url\":\"https:\/\/files.sunoresearch.com.br\/n\/uploads\/2020\/09\/2cdd41df-blue-and-yellow-euro-symbol-billboard-near-white-high-rise-building-low-angle-photography-thumbnail.jpg\",\"contentUrl\":\"https:\/\/files.sunoresearch.com.br\/n\/uploads\/2020\/09\/2cdd41df-blue-and-yellow-euro-symbol-billboard-near-white-high-rise-building-low-angle-photography-thumbnail.jpg\",\"width\":338,\"height\":254,\"caption\":\"O BCE tamb\u00e9m informou que passar\u00e1 a realizar teste de estresses, a partir de 2022, para avaliar a exposi\u00e7\u00e3o de seus balan\u00e7os de ativos a esses riscos - Foto: Reprodu\u00e7\u00e3o BCE\"},{\"@type\":\"BreadcrumbList\",\"@id\":\"https:\/\/www.suno.com.br\/noticias\/bce-diz-explorar-beneficios-e-riscos-de-adocao-de-euro-digital\/#breadcrumb\",\"itemListElement\":[{\"@type\":\"ListItem\",\"position\":1,\"name\":\"Not\u00edcias\",\"item\":\"https:\/\/www.suno.com.br\/noticias\/\"},{\"@type\":\"ListItem\",\"position\":2,\"name\":\"Internacional\",\"item\":\"https:\/\/www.suno.com.br\/noticias\/internacional\/\"},{\"@type\":\"ListItem\",\"position\":3,\"name\":\"BCE diz explorar benef\u00edcios e riscos de ado\u00e7\u00e3o de euro digital\"}]},{\"@type\":\"WebSite\",\"@id\":\"https:\/\/www.suno.com.br\/noticias\/#website\",\"url\":\"https:\/\/www.suno.com.br\/noticias\/\",\"name\":\"Suno Not\u00edcias\",\"description\":\"Seu portal de informa\u00e7\u00e3o sobre o mundo dos investimentos\",\"publisher\":{\"@id\":\"https:\/\/www.suno.com.br\/noticias\/#organization\"},\"potentialAction\":[{\"@type\":\"SearchAction\",\"target\":{\"@type\":\"EntryPoint\",\"urlTemplate\":\"https:\/\/www.suno.com.br\/noticias\/?s={search_term_string}\"},\"query-input\":{\"@type\":\"PropertyValueSpecification\",\"valueRequired\":true,\"valueName\":\"search_term_string\"}}],\"inLanguage\":\"pt-BR\"},{\"@type\":\"Organization\",\"@id\":\"https:\/\/www.suno.com.br\/noticias\/#organization\",\"name\":\"Suno Not\u00edcias\",\"url\":\"https:\/\/www.suno.com.br\/noticias\/\",\"logo\":{\"@type\":\"ImageObject\",\"inLanguage\":\"pt-BR\",\"@id\":\"https:\/\/www.suno.com.br\/noticias\/#\/schema\/logo\/image\/\",\"url\":\"https:\/\/files.sunoresearch.com.br\/n\/uploads\/2021\/09\/suno-logo.png\",\"contentUrl\":\"https:\/\/files.sunoresearch.com.br\/n\/uploads\/2021\/09\/suno-logo.png\",\"width\":180,\"height\":180,\"caption\":\"Suno Not\u00edcias\"},\"image\":{\"@id\":\"https:\/\/www.suno.com.br\/noticias\/#\/schema\/logo\/image\/\"},\"sameAs\":[\"https:\/\/facebook.com\/sunoresearch\",\"https:\/\/x.com\/sunoresearch\",\"https:\/\/www.instagram.com\/suno\",\"https:\/\/www.linkedin.com\/company\/suno-research\/\",\"https:\/\/www.youtube.com\/c\/sunoresearch\"]},{\"@type\":\"Person\",\"@id\":\"https:\/\/www.suno.com.br\/noticias\/#\/schema\/person\/e672ca8cea627fe715fa29bca7da95e0\",\"name\":\"Rafaela La Regina\",\"image\":{\"@type\":\"ImageObject\",\"inLanguage\":\"pt-BR\",\"@id\":\"https:\/\/www.suno.com.br\/noticias\/#\/schema\/person\/image\/\",\"url\":\"https:\/\/secure.gravatar.com\/avatar\/d2c75a52d243deb93d0465fdcb21bd37?s=96&r=g\",\"contentUrl\":\"https:\/\/secure.gravatar.com\/avatar\/d2c75a52d243deb93d0465fdcb21bd37?s=96&r=g\",\"caption\":\"Rafaela La Regina\"},\"description\":\"Estagi\u00e1ria no Suno Not\u00edcias. Escreve sobre economia, pol\u00edtica e neg\u00f3cios. Estuda Rela\u00e7\u00f5es Internacionais no IBMEC-SP.\",\"url\":\"https:\/\/www.suno.com.br\/noticias\/author\/rafaela-la-regina\/\"}]}<\/script>\n<!-- \/ Yoast SEO plugin. -->","yoast_head_json":{"title":"BCE diz explorar benef\u00edcios e riscos de ado\u00e7\u00e3o de euro digital","description":"\"Estamos explorando benef\u00edcios e riscos de ado\u00e7\u00e3o de euro digital\", declarou a presidente do BCE. Clique aqui para saber mais.","robots":{"index":"index","follow":"follow","max-snippet":"max-snippet:-1","max-image-preview":"max-image-preview:large","max-video-preview":"max-video-preview:-1"},"canonical":"https:\/\/www.suno.com.br\/noticias\/bce-diz-explorar-beneficios-e-riscos-de-adocao-de-euro-digital\/","og_locale":"pt_BR","og_type":"article","og_title":"BCE diz explorar benef\u00edcios e riscos de ado\u00e7\u00e3o de euro digital","og_description":"\"Estamos explorando benef\u00edcios e riscos de ado\u00e7\u00e3o de euro digital\", declarou a presidente do BCE. Clique aqui para saber mais.","og_url":"https:\/\/www.suno.com.br\/noticias\/bce-diz-explorar-beneficios-e-riscos-de-adocao-de-euro-digital\/","og_site_name":"Suno Not\u00edcias","article_publisher":"https:\/\/facebook.com\/sunoresearch","og_image":[{"width":338,"height":254,"url":"https:\/\/files.sunoresearch.com.br\/n\/uploads\/2020\/09\/2cdd41df-blue-and-yellow-euro-symbol-billboard-near-white-high-rise-building-low-angle-photography-thumbnail.jpg","type":"image\/jpeg"}],"author":"Rafaela La Regina","twitter_card":"summary_large_image","twitter_creator":"@sunoresearch","twitter_site":"@sunoresearch","twitter_misc":{"Escrito por":"Rafaela La Regina","Est. tempo de leitura":"3 minutos"},"schema":{"@context":"https:\/\/schema.org","@graph":[{"@type":"NewsArticle","@id":"https:\/\/www.suno.com.br\/noticias\/bce-diz-explorar-beneficios-e-riscos-de-adocao-de-euro-digital\/#article","isPartOf":{"@id":"https:\/\/www.suno.com.br\/noticias\/bce-diz-explorar-beneficios-e-riscos-de-adocao-de-euro-digital\/"},"author":{"name":"Rafaela La Regina","@id":"https:\/\/www.suno.com.br\/noticias\/#\/schema\/person\/e672ca8cea627fe715fa29bca7da95e0"},"headline":"BCE diz explorar benef\u00edcios e riscos de ado\u00e7\u00e3o de euro digital","datePublished":"2020-09-10T20:14:19+00:00","dateModified":"2021-02-18T01:43:21+00:00","mainEntityOfPage":{"@id":"https:\/\/www.suno.com.br\/noticias\/bce-diz-explorar-beneficios-e-riscos-de-adocao-de-euro-digital\/"},"wordCount":572,"publisher":{"@id":"https:\/\/www.suno.com.br\/noticias\/#organization"},"image":{"@id":"https:\/\/www.suno.com.br\/noticias\/bce-diz-explorar-beneficios-e-riscos-de-adocao-de-euro-digital\/#primaryimage"},"thumbnailUrl":"https:\/\/files.sunoresearch.com.br\/n\/uploads\/2020\/09\/2cdd41df-blue-and-yellow-euro-symbol-billboard-near-white-high-rise-building-low-angle-photography-thumbnail.jpg","keywords":["Banco Central Europeu (BCE)","Christine Lagarde","Euro","Europa"],"articleSection":["Internacional"],"inLanguage":"pt-BR"},{"@type":"WebPage","@id":"https:\/\/www.suno.com.br\/noticias\/bce-diz-explorar-beneficios-e-riscos-de-adocao-de-euro-digital\/","url":"https:\/\/www.suno.com.br\/noticias\/bce-diz-explorar-beneficios-e-riscos-de-adocao-de-euro-digital\/","name":"BCE diz explorar benef\u00edcios e riscos de ado\u00e7\u00e3o de euro digital","isPartOf":{"@id":"https:\/\/www.suno.com.br\/noticias\/#website"},"primaryImageOfPage":{"@id":"https:\/\/www.suno.com.br\/noticias\/bce-diz-explorar-beneficios-e-riscos-de-adocao-de-euro-digital\/#primaryimage"},"image":{"@id":"https:\/\/www.suno.com.br\/noticias\/bce-diz-explorar-beneficios-e-riscos-de-adocao-de-euro-digital\/#primaryimage"},"thumbnailUrl":"https:\/\/files.sunoresearch.com.br\/n\/uploads\/2020\/09\/2cdd41df-blue-and-yellow-euro-symbol-billboard-near-white-high-rise-building-low-angle-photography-thumbnail.jpg","datePublished":"2020-09-10T20:14:19+00:00","dateModified":"2021-02-18T01:43:21+00:00","description":"\"Estamos explorando benef\u00edcios e riscos de ado\u00e7\u00e3o de euro digital\", declarou a presidente do BCE. Clique aqui para saber mais.","breadcrumb":{"@id":"https:\/\/www.suno.com.br\/noticias\/bce-diz-explorar-beneficios-e-riscos-de-adocao-de-euro-digital\/#breadcrumb"},"inLanguage":"pt-BR","potentialAction":[{"@type":"ReadAction","target":["https:\/\/www.suno.com.br\/noticias\/bce-diz-explorar-beneficios-e-riscos-de-adocao-de-euro-digital\/"]}]},{"@type":"ImageObject","inLanguage":"pt-BR","@id":"https:\/\/www.suno.com.br\/noticias\/bce-diz-explorar-beneficios-e-riscos-de-adocao-de-euro-digital\/#primaryimage","url":"https:\/\/files.sunoresearch.com.br\/n\/uploads\/2020\/09\/2cdd41df-blue-and-yellow-euro-symbol-billboard-near-white-high-rise-building-low-angle-photography-thumbnail.jpg","contentUrl":"https:\/\/files.sunoresearch.com.br\/n\/uploads\/2020\/09\/2cdd41df-blue-and-yellow-euro-symbol-billboard-near-white-high-rise-building-low-angle-photography-thumbnail.jpg","width":338,"height":254,"caption":"O BCE tamb\u00e9m informou que passar\u00e1 a realizar teste de estresses, a partir de 2022, para avaliar a exposi\u00e7\u00e3o de seus balan\u00e7os de ativos a esses riscos - Foto: Reprodu\u00e7\u00e3o BCE"},{"@type":"BreadcrumbList","@id":"https:\/\/www.suno.com.br\/noticias\/bce-diz-explorar-beneficios-e-riscos-de-adocao-de-euro-digital\/#breadcrumb","itemListElement":[{"@type":"ListItem","position":1,"name":"Not\u00edcias","item":"https:\/\/www.suno.com.br\/noticias\/"},{"@type":"ListItem","position":2,"name":"Internacional","item":"https:\/\/www.suno.com.br\/noticias\/internacional\/"},{"@type":"ListItem","position":3,"name":"BCE diz explorar benef\u00edcios e riscos de ado\u00e7\u00e3o de euro digital"}]},{"@type":"WebSite","@id":"https:\/\/www.suno.com.br\/noticias\/#website","url":"https:\/\/www.suno.com.br\/noticias\/","name":"Suno Not\u00edcias","description":"Seu portal de informa\u00e7\u00e3o sobre o mundo dos investimentos","publisher":{"@id":"https:\/\/www.suno.com.br\/noticias\/#organization"},"potentialAction":[{"@type":"SearchAction","target":{"@type":"EntryPoint","urlTemplate":"https:\/\/www.suno.com.br\/noticias\/?s={search_term_string}"},"query-input":{"@type":"PropertyValueSpecification","valueRequired":true,"valueName":"search_term_string"}}],"inLanguage":"pt-BR"},{"@type":"Organization","@id":"https:\/\/www.suno.com.br\/noticias\/#organization","name":"Suno Not\u00edcias","url":"https:\/\/www.suno.com.br\/noticias\/","logo":{"@type":"ImageObject","inLanguage":"pt-BR","@id":"https:\/\/www.suno.com.br\/noticias\/#\/schema\/logo\/image\/","url":"https:\/\/files.sunoresearch.com.br\/n\/uploads\/2021\/09\/suno-logo.png","contentUrl":"https:\/\/files.sunoresearch.com.br\/n\/uploads\/2021\/09\/suno-logo.png","width":180,"height":180,"caption":"Suno Not\u00edcias"},"image":{"@id":"https:\/\/www.suno.com.br\/noticias\/#\/schema\/logo\/image\/"},"sameAs":["https:\/\/facebook.com\/sunoresearch","https:\/\/x.com\/sunoresearch","https:\/\/www.instagram.com\/suno","https:\/\/www.linkedin.com\/company\/suno-research\/","https:\/\/www.youtube.com\/c\/sunoresearch"]},{"@type":"Person","@id":"https:\/\/www.suno.com.br\/noticias\/#\/schema\/person\/e672ca8cea627fe715fa29bca7da95e0","name":"Rafaela La Regina","image":{"@type":"ImageObject","inLanguage":"pt-BR","@id":"https:\/\/www.suno.com.br\/noticias\/#\/schema\/person\/image\/","url":"https:\/\/secure.gravatar.com\/avatar\/d2c75a52d243deb93d0465fdcb21bd37?s=96&r=g","contentUrl":"https:\/\/secure.gravatar.com\/avatar\/d2c75a52d243deb93d0465fdcb21bd37?s=96&r=g","caption":"Rafaela La Regina"},"description":"Estagi\u00e1ria no Suno Not\u00edcias. Escreve sobre economia, pol\u00edtica e neg\u00f3cios. Estuda Rela\u00e7\u00f5es Internacionais no IBMEC-SP.","url":"https:\/\/www.suno.com.br\/noticias\/author\/rafaela-la-regina\/"}]}},"default_loop_html":"<div class=\"cardsPage__listCard__boxs\"><div class=\"cardsPage__listCard__boxs__img\"><a href=\"https:\/\/www.suno.com.br\/noticias\/bce-diz-explorar-beneficios-e-riscos-de-adocao-de-euro-digital\/\"><img class=\"mask\" src=\"https:\/\/www.suno.com.br\/noticias\/wp-content\/themes\/suno\/resources\/images\/spotlight\/spotlight1img\/bg-mask.png\" alt=\"Image Mask\"\/><img src=\"https:\/\/files.sunoresearch.com.br\/n\/uploads\/2020\/09\/2cdd41df-blue-and-yellow-euro-symbol-billboard-near-white-high-rise-building-low-angle-photography-thumbnail.jpg\" alt=\"BCE diz explorar benef\u00edcios e riscos de ado\u00e7\u00e3o de euro digital\"\/><\/a><span class=\"spotlightCategory\"><a href=\"https:\/\/www.suno.com.br\/noticias\/internacional\/\">Internacional<\/a><\/span><\/div><div class=\"cardsPage__listCard__boxs__content\"><a href=\"https:\/\/www.suno.com.br\/noticias\/bce-diz-explorar-beneficios-e-riscos-de-adocao-de-euro-digital\/\"><h2 class=\"content__title\">BCE diz explorar benef\u00edcios e riscos de ado\u00e7\u00e3o de euro digital<\/h2><\/a><div class=\"newsContent__article__meta\"><div class=\"newsContent__article__meta__authorBox\"><a href=\"https:\/\/www.suno.com.br\/noticias\/author\/rafaela-la-regina\/\" class=\"authorBox__avatar noMobi\"><img src=\"https:\/\/secure.gravatar.com\/avatar\/d2c75a52d243deb93d0465fdcb21bd37?s=96&#038;r=g\" alt=\"Rafaela La Regina\"><\/a><div class=\"authorBox__name\"><span>por\n\t\t\t<a href=\"https:\/\/www.suno.com.br\/noticias\/author\/rafaela-la-regina\/\"><span itemprop=\"author\">Rafaela La Regina<\/span><\/a><\/span><time datetime=\"2020-09-10T17:14:19-03:00\" itemprop=\"datePublished\">10\/09\/2020 17:14<\/time><\/div><\/div><\/div><\/div><\/div>","single_layout":"posts","amp_enabled":true,"_links":{"self":[{"href":"https:\/\/www.suno.com.br\/noticias\/wp-json\/wp\/v2\/posts\/83822"}],"collection":[{"href":"https:\/\/www.suno.com.br\/noticias\/wp-json\/wp\/v2\/posts"}],"about":[{"href":"https:\/\/www.suno.com.br\/noticias\/wp-json\/wp\/v2\/types\/post"}],"author":[{"embeddable":true,"href":"https:\/\/www.suno.com.br\/noticias\/wp-json\/wp\/v2\/users\/56"}],"replies":[{"embeddable":true,"href":"https:\/\/www.suno.com.br\/noticias\/wp-json\/wp\/v2\/comments?post=83822"}],"version-history":[{"count":0,"href":"https:\/\/www.suno.com.br\/noticias\/wp-json\/wp\/v2\/posts\/83822\/revisions"}],"wp:featuredmedia":[{"embeddable":true,"href":"https:\/\/www.suno.com.br\/noticias\/wp-json\/wp\/v2\/media\/83834"}],"wp:attachment":[{"href":"https:\/\/www.suno.com.br\/noticias\/wp-json\/wp\/v2\/media?parent=83822"}],"wp:term":[{"taxonomy":"category","embeddable":true,"href":"https:\/\/www.suno.com.br\/noticias\/wp-json\/wp\/v2\/categories?post=83822"},{"taxonomy":"post_tag","embeddable":true,"href":"https:\/\/www.suno.com.br\/noticias\/wp-json\/wp\/v2\/tags?post=83822"},{"taxonomy":"suno_strategy","embeddable":true,"href":"https:\/\/www.suno.com.br\/noticias\/wp-json\/wp\/v2\/suno_strategy?post=83822"}],"curies":[{"name":"wp","href":"https:\/\/api.w.org\/{rel}","templated":true}]}}