{"id":83811,"date":"2020-09-10T16:34:31","date_gmt":"2020-09-10T19:34:31","guid":{"rendered":"https:\/\/www.suno.com.br\/noticias\/?p=83811"},"modified":"2020-09-10T16:34:31","modified_gmt":"2020-09-10T19:34:31","slug":"pedidos-seguro-desemprego-tem-queda-de-18-em-agosto","status":"publish","type":"post","link":"https:\/\/www.suno.com.br\/noticias\/pedidos-seguro-desemprego-tem-queda-de-18-em-agosto\/","title":{"rendered":"Pedidos de seguro-desemprego tem queda de 18% em agosto"},"content":{"rendered":"<p>O\u00a0 Minist\u00e9rio da Economia informou nessa quinta-feira (9) que os pedidos de <a href=\"https:\/\/www.suno.com.br\/noticias\/tags\/seguro-desemprego\/\"><strong>seguro-desemprego<\/strong><\/a> no Brasil somaram 463.835 no m\u00eas de agosto desse ano, representando uma queda de 18,7% sobre o m\u00eas anterior que registrou 570.602 pedidos .<\/p>\t<div class=\"wrapper-featured-image\">\n\t\t<figure class=\"spotlightImg\">\n\n\t\t\t<picture>\n\t\t\t\t<source media=\"(max-width: 768px)\" srcset=\"https:\/\/files.sunoresearch.com.br\/n\/uploads\/2020\/09\/cf0fd1b8-desemprego-800x450-1-400x200.webp\">\n\t\t\t\t<img loading=\"lazy\" decoding=\"async\" class=\"newsContent__article__imgCapa lazyloadDisabled \" src=\"https:\/\/files.sunoresearch.com.br\/n\/uploads\/2020\/09\/cf0fd1b8-desemprego-800x450-1-jpg.webp\" width=\"800\" height=\"450\" alt=\"Pedidos de seguro-desemprego tem queda de 18% em agosto\" fetchpriority=high \/>\n\t\t\t<\/picture>\n\n\t\t\t<figcaption class=\"wp-caption-text wp-caption-text--show\">Agenda do Dia <\/figcaption>\n\t\t<\/figure>\n\t<\/div>\n\n\n\n<p>Houve uma redu\u00e7\u00e3o de 18,2% em compara\u00e7\u00e3o com agosto do ano passado, que teve 567.069 solicita\u00e7\u00f5es de seguro-desemprego naquele m\u00eas.<\/p>\n<p>Embora agosto tenha registrado queda, os requerimentos feitos de janeiro a agosto desse ano chegaram a 4,985 milh\u00f5es, o que representa um aumento de 7,5% em compara\u00e7\u00e3o com o mesmo per\u00edodo do ano passado, de 4,635 milh\u00f5es de pedidos.<\/p>\n<p><a href=\"https:\/\/lp.suno.com.br\/suno-one\/\">No Suno One voc\u00ea aprende a fazer seu dinheiro para trabalhar para voc\u00ea. Cadastre-se gratuitamente agora!<\/a><\/p>\n<h2>Estados com maiores n\u00fameros de requerimentos:<\/h2>\n<ul>\n<li>S\u00e3o Paulo: 138.397 solicita\u00e7\u00f5es<\/li>\n<li>Minas Gerais: 51.200 solicita\u00e7\u00f5es<\/li>\n<li>Rio de Janeiro: 37.348 solicita\u00e7\u00f5es<\/li>\n<\/ul>\n<p>Entre os setores, a maior concentra\u00e7\u00e3o de solicita\u00e7\u00f5es ocorreu em servi\u00e7os (43,2%), seguido pelo com\u00e9rcio (26,4%), ind\u00fastria (14,7%), constru\u00e7\u00e3o (9,7%) e agropecu\u00e1ria (4,8%).<\/p>\n<p>O seguro-desemprego \u00e9 pago ao trabalhador com carteira assinada demitido sem justa causa. O trabalhador tem at\u00e9 120 dias ap\u00f3s a demiss\u00e3o para pedir o benef\u00edcio, que pode ser solicitado via internet por meio do portal de servi\u00e7os do governo e pelo aplicativo da Carteira de Trabalho Digital.<\/p>\n<p>\u00c9 necess\u00e1rio cumprir algumas regras, como ter recebido sal\u00e1rios em pelo menos 12 meses nos \u00faltimos 18 meses na primeira solicita\u00e7\u00e3o e n\u00e3o estar recebendo benef\u00edcio de presta\u00e7\u00e3o continuada da Previd\u00eancia Social.<\/p>\n<h2>Seguro-desemprego: Brasil contabiliza 4,2 milh\u00f5es de solicita\u00e7\u00f5es no ano<\/h2>\n<p>O Minist\u00e9rio da Economia informou no dia 22 de julho desse ano que o n\u00famero de solicita\u00e7\u00f5es de seguro-desemprego no Brasil na primeira metade do m\u00eas chegou a 288.845, o que representa uma queda de 1,9% em compara\u00e7\u00e3o com o mesmo per\u00edodo no ano passado e um resumo de 4,3% ante a quinzena anterior.<\/p>\n<p>J\u00e1 no acumulado do ano at\u00e9 a primeira quinzena desse m\u00eas, a pasta destacou que o total de pedidos no pa\u00eds somou 4,239 milh\u00f5es. O total \u00e9 13,4% maior quando comparado ao mesmo per\u00edodo do ano passado.<\/p>\n<p>Em 2019, o total de requerimentos do benef\u00edcio foi de 6,6 milh\u00f5es.<\/p>\n<p><a href=\"https:\/\/www.suno.com.br\/noticias\/seguro-desemprego-brasil-solicitacoes-no-ano-julho\/\">Saiba Mais: Seguro-desemprego: Brasil contabiliza 4,2 milh\u00f5es de solicita\u00e7\u00f5es no ano<\/a><\/p>\n<p>A pasta ainda indicou que os estados que registraram o maior n\u00famero de solicita\u00e7\u00f5es foram:<\/p>\n<ul>\n<li>S\u00e3o Paulo (cerca de 1,2 milh\u00e3o de pedidos);<\/li>\n<li>Minas Gerais (cerca de 473 mil solicita\u00e7\u00f5es);<\/li>\n<li>Rio de Janeiro (cerca de 330 mil requerimentos).<\/li>\n<\/ul>\n<p>Segundo dados da pasta, 54,1 % dos requerimentos do <strong>seguro-desemprego<\/strong> nesse ano foram feitos atrav\u00e9s da internet. No m\u00eas de abril, 86,9% dos pedidos foi feito online, j\u00e1 que a por causa da pandemia do novo coronav\u00edrus (Covid-19), grande parte dos postos do Sine estavam de portas fechadas.<\/p>\n<p>Com informa\u00e7\u00f5es do Estad\u00e3o Conte\u00fado.<\/p>\n\n<p>&nbsp;<\/p>\n","protected":false},"excerpt":{"rendered":"<p>O\u00a0 Minist\u00e9rio da Economia informou nessa quinta-feira (9) que os pedidos de seguro-desemprego no Brasil somaram 463.835 no m\u00eas de agosto desse ano, representando uma queda de 18,7% sobre o m\u00eas anterior que registrou 570.602 pedidos . Agenda do Dia Houve uma redu\u00e7\u00e3o de 18,2% em compara\u00e7\u00e3o com agosto do ano passado, que teve 567.069 [&hellip;]<\/p>\n","protected":false},"author":56,"featured_media":83819,"comment_status":"closed","ping_status":"closed","sticky":false,"template":"","format":"standard","meta":[],"categories":[62],"tags":[5255,909,2274],"suno_strategy":[],"class_list":["post-83811","post","type-post","status-publish","format-standard","has-post-thumbnail","hentry","category-economia","tag-covid-19","tag-ministerio-da-economia","tag-seguro-desemprego"],"yoast_head":"<!-- This site is optimized with the Yoast SEO plugin v24.4 - https:\/\/yoast.com\/wordpress\/plugins\/seo\/ -->\n<title>Pedidos de seguro-desemprego tem queda de 18% em agosto<\/title>\n<meta name=\"description\" content=\"As solicita\u00e7\u00f5es do seguro-desemprego sofreram redu\u00e7\u00e3o de 18,2% em compara\u00e7\u00e3o com agosto do ano passado. Clique aqui para saber mais.\" \/>\n<meta name=\"robots\" content=\"index, follow, max-snippet:-1, max-image-preview:large, max-video-preview:-1\" \/>\n<link rel=\"canonical\" href=\"https:\/\/www.suno.com.br\/noticias\/pedidos-seguro-desemprego-tem-queda-de-18-em-agosto\/\" \/>\n<meta property=\"og:locale\" content=\"pt_BR\" \/>\n<meta property=\"og:type\" content=\"article\" \/>\n<meta property=\"og:title\" content=\"Pedidos de seguro-desemprego tem queda de 18% em agosto\" \/>\n<meta property=\"og:description\" content=\"As solicita\u00e7\u00f5es do seguro-desemprego sofreram redu\u00e7\u00e3o de 18,2% em compara\u00e7\u00e3o com agosto do ano passado. Clique aqui para saber mais.\" \/>\n<meta property=\"og:url\" content=\"https:\/\/www.suno.com.br\/noticias\/pedidos-seguro-desemprego-tem-queda-de-18-em-agosto\/\" \/>\n<meta property=\"og:site_name\" content=\"Suno Not\u00edcias\" \/>\n<meta property=\"article:publisher\" content=\"https:\/\/facebook.com\/sunoresearch\" \/>\n<meta property=\"og:image\" content=\"https:\/\/files.sunoresearch.com.br\/n\/uploads\/2020\/09\/cf0fd1b8-desemprego-800x450-1.jpg\" \/>\n\t<meta property=\"og:image:width\" content=\"800\" \/>\n\t<meta property=\"og:image:height\" content=\"450\" \/>\n\t<meta property=\"og:image:type\" content=\"image\/jpeg\" \/>\n<meta name=\"author\" content=\"Rafaela La Regina\" \/>\n<meta name=\"twitter:card\" content=\"summary_large_image\" \/>\n<meta name=\"twitter:creator\" content=\"@sunoresearch\" \/>\n<meta name=\"twitter:site\" content=\"@sunoresearch\" \/>\n<meta name=\"twitter:label1\" content=\"Escrito por\" \/>\n\t<meta name=\"twitter:data1\" content=\"Rafaela La Regina\" \/>\n\t<meta name=\"twitter:label2\" content=\"Est. tempo de leitura\" \/>\n\t<meta name=\"twitter:data2\" content=\"2 minutos\" \/>\n<script type=\"application\/ld+json\" class=\"yoast-schema-graph\">{\"@context\":\"https:\/\/schema.org\",\"@graph\":[{\"@type\":\"NewsArticle\",\"@id\":\"https:\/\/www.suno.com.br\/noticias\/pedidos-seguro-desemprego-tem-queda-de-18-em-agosto\/#article\",\"isPartOf\":{\"@id\":\"https:\/\/www.suno.com.br\/noticias\/pedidos-seguro-desemprego-tem-queda-de-18-em-agosto\/\"},\"author\":{\"name\":\"Rafaela La Regina\",\"@id\":\"https:\/\/www.suno.com.br\/noticias\/#\/schema\/person\/e672ca8cea627fe715fa29bca7da95e0\"},\"headline\":\"Pedidos de seguro-desemprego tem queda de 18% em agosto\",\"datePublished\":\"2020-09-10T19:34:31+00:00\",\"mainEntityOfPage\":{\"@id\":\"https:\/\/www.suno.com.br\/noticias\/pedidos-seguro-desemprego-tem-queda-de-18-em-agosto\/\"},\"wordCount\":486,\"publisher\":{\"@id\":\"https:\/\/www.suno.com.br\/noticias\/#organization\"},\"image\":{\"@id\":\"https:\/\/www.suno.com.br\/noticias\/pedidos-seguro-desemprego-tem-queda-de-18-em-agosto\/#primaryimage\"},\"thumbnailUrl\":\"https:\/\/files.sunoresearch.com.br\/n\/uploads\/2020\/09\/cf0fd1b8-desemprego-800x450-1-jpg.webp\",\"keywords\":[\"covid-19\",\"Minist\u00e9rio da Economia\",\"seguro desemprego\"],\"articleSection\":[\"Economia\"],\"inLanguage\":\"pt-BR\"},{\"@type\":\"WebPage\",\"@id\":\"https:\/\/www.suno.com.br\/noticias\/pedidos-seguro-desemprego-tem-queda-de-18-em-agosto\/\",\"url\":\"https:\/\/www.suno.com.br\/noticias\/pedidos-seguro-desemprego-tem-queda-de-18-em-agosto\/\",\"name\":\"Pedidos de seguro-desemprego tem queda de 18% em agosto\",\"isPartOf\":{\"@id\":\"https:\/\/www.suno.com.br\/noticias\/#website\"},\"primaryImageOfPage\":{\"@id\":\"https:\/\/www.suno.com.br\/noticias\/pedidos-seguro-desemprego-tem-queda-de-18-em-agosto\/#primaryimage\"},\"image\":{\"@id\":\"https:\/\/www.suno.com.br\/noticias\/pedidos-seguro-desemprego-tem-queda-de-18-em-agosto\/#primaryimage\"},\"thumbnailUrl\":\"https:\/\/files.sunoresearch.com.br\/n\/uploads\/2020\/09\/cf0fd1b8-desemprego-800x450-1-jpg.webp\",\"datePublished\":\"2020-09-10T19:34:31+00:00\",\"description\":\"As solicita\u00e7\u00f5es do seguro-desemprego sofreram redu\u00e7\u00e3o de 18,2% em compara\u00e7\u00e3o com agosto do ano passado. Clique aqui para saber mais.\",\"breadcrumb\":{\"@id\":\"https:\/\/www.suno.com.br\/noticias\/pedidos-seguro-desemprego-tem-queda-de-18-em-agosto\/#breadcrumb\"},\"inLanguage\":\"pt-BR\",\"potentialAction\":[{\"@type\":\"ReadAction\",\"target\":[\"https:\/\/www.suno.com.br\/noticias\/pedidos-seguro-desemprego-tem-queda-de-18-em-agosto\/\"]}]},{\"@type\":\"ImageObject\",\"inLanguage\":\"pt-BR\",\"@id\":\"https:\/\/www.suno.com.br\/noticias\/pedidos-seguro-desemprego-tem-queda-de-18-em-agosto\/#primaryimage\",\"url\":\"https:\/\/files.sunoresearch.com.br\/n\/uploads\/2020\/09\/cf0fd1b8-desemprego-800x450-1-jpg.webp\",\"contentUrl\":\"https:\/\/files.sunoresearch.com.br\/n\/uploads\/2020\/09\/cf0fd1b8-desemprego-800x450-1-jpg.webp\",\"width\":800,\"height\":450,\"caption\":\"Agenda do Dia\"},{\"@type\":\"BreadcrumbList\",\"@id\":\"https:\/\/www.suno.com.br\/noticias\/pedidos-seguro-desemprego-tem-queda-de-18-em-agosto\/#breadcrumb\",\"itemListElement\":[{\"@type\":\"ListItem\",\"position\":1,\"name\":\"Not\u00edcias\",\"item\":\"https:\/\/www.suno.com.br\/noticias\/\"},{\"@type\":\"ListItem\",\"position\":2,\"name\":\"Economia\",\"item\":\"https:\/\/www.suno.com.br\/noticias\/economia\/\"},{\"@type\":\"ListItem\",\"position\":3,\"name\":\"Pedidos de seguro-desemprego tem queda de 18% em agosto\"}]},{\"@type\":\"WebSite\",\"@id\":\"https:\/\/www.suno.com.br\/noticias\/#website\",\"url\":\"https:\/\/www.suno.com.br\/noticias\/\",\"name\":\"Suno Not\u00edcias\",\"description\":\"Seu portal de informa\u00e7\u00e3o sobre o mundo dos investimentos\",\"publisher\":{\"@id\":\"https:\/\/www.suno.com.br\/noticias\/#organization\"},\"potentialAction\":[{\"@type\":\"SearchAction\",\"target\":{\"@type\":\"EntryPoint\",\"urlTemplate\":\"https:\/\/www.suno.com.br\/noticias\/?s={search_term_string}\"},\"query-input\":{\"@type\":\"PropertyValueSpecification\",\"valueRequired\":true,\"valueName\":\"search_term_string\"}}],\"inLanguage\":\"pt-BR\"},{\"@type\":\"Organization\",\"@id\":\"https:\/\/www.suno.com.br\/noticias\/#organization\",\"name\":\"Suno Not\u00edcias\",\"url\":\"https:\/\/www.suno.com.br\/noticias\/\",\"logo\":{\"@type\":\"ImageObject\",\"inLanguage\":\"pt-BR\",\"@id\":\"https:\/\/www.suno.com.br\/noticias\/#\/schema\/logo\/image\/\",\"url\":\"https:\/\/files.sunoresearch.com.br\/n\/uploads\/2021\/09\/suno-logo.png\",\"contentUrl\":\"https:\/\/files.sunoresearch.com.br\/n\/uploads\/2021\/09\/suno-logo.png\",\"width\":180,\"height\":180,\"caption\":\"Suno Not\u00edcias\"},\"image\":{\"@id\":\"https:\/\/www.suno.com.br\/noticias\/#\/schema\/logo\/image\/\"},\"sameAs\":[\"https:\/\/facebook.com\/sunoresearch\",\"https:\/\/x.com\/sunoresearch\",\"https:\/\/www.instagram.com\/suno\",\"https:\/\/www.linkedin.com\/company\/suno-research\/\",\"https:\/\/www.youtube.com\/c\/sunoresearch\"]},{\"@type\":\"Person\",\"@id\":\"https:\/\/www.suno.com.br\/noticias\/#\/schema\/person\/e672ca8cea627fe715fa29bca7da95e0\",\"name\":\"Rafaela La Regina\",\"image\":{\"@type\":\"ImageObject\",\"inLanguage\":\"pt-BR\",\"@id\":\"https:\/\/www.suno.com.br\/noticias\/#\/schema\/person\/image\/\",\"url\":\"https:\/\/secure.gravatar.com\/avatar\/d2c75a52d243deb93d0465fdcb21bd37?s=96&r=g\",\"contentUrl\":\"https:\/\/secure.gravatar.com\/avatar\/d2c75a52d243deb93d0465fdcb21bd37?s=96&r=g\",\"caption\":\"Rafaela La Regina\"},\"description\":\"Estagi\u00e1ria no Suno Not\u00edcias. Escreve sobre economia, pol\u00edtica e neg\u00f3cios. Estuda Rela\u00e7\u00f5es Internacionais no IBMEC-SP.\",\"url\":\"https:\/\/www.suno.com.br\/noticias\/author\/rafaela-la-regina\/\"}]}<\/script>\n<!-- \/ Yoast SEO plugin. -->","yoast_head_json":{"title":"Pedidos de seguro-desemprego tem queda de 18% em agosto","description":"As solicita\u00e7\u00f5es do seguro-desemprego sofreram redu\u00e7\u00e3o de 18,2% em compara\u00e7\u00e3o com agosto do ano passado. Clique aqui para saber mais.","robots":{"index":"index","follow":"follow","max-snippet":"max-snippet:-1","max-image-preview":"max-image-preview:large","max-video-preview":"max-video-preview:-1"},"canonical":"https:\/\/www.suno.com.br\/noticias\/pedidos-seguro-desemprego-tem-queda-de-18-em-agosto\/","og_locale":"pt_BR","og_type":"article","og_title":"Pedidos de seguro-desemprego tem queda de 18% em agosto","og_description":"As solicita\u00e7\u00f5es do seguro-desemprego sofreram redu\u00e7\u00e3o de 18,2% em compara\u00e7\u00e3o com agosto do ano passado. Clique aqui para saber mais.","og_url":"https:\/\/www.suno.com.br\/noticias\/pedidos-seguro-desemprego-tem-queda-de-18-em-agosto\/","og_site_name":"Suno Not\u00edcias","article_publisher":"https:\/\/facebook.com\/sunoresearch","og_image":[{"width":800,"height":450,"url":"https:\/\/files.sunoresearch.com.br\/n\/uploads\/2020\/09\/cf0fd1b8-desemprego-800x450-1.jpg","type":"image\/jpeg"}],"author":"Rafaela La Regina","twitter_card":"summary_large_image","twitter_creator":"@sunoresearch","twitter_site":"@sunoresearch","twitter_misc":{"Escrito por":"Rafaela La Regina","Est. tempo de leitura":"2 minutos"},"schema":{"@context":"https:\/\/schema.org","@graph":[{"@type":"NewsArticle","@id":"https:\/\/www.suno.com.br\/noticias\/pedidos-seguro-desemprego-tem-queda-de-18-em-agosto\/#article","isPartOf":{"@id":"https:\/\/www.suno.com.br\/noticias\/pedidos-seguro-desemprego-tem-queda-de-18-em-agosto\/"},"author":{"name":"Rafaela La Regina","@id":"https:\/\/www.suno.com.br\/noticias\/#\/schema\/person\/e672ca8cea627fe715fa29bca7da95e0"},"headline":"Pedidos de seguro-desemprego tem queda de 18% em agosto","datePublished":"2020-09-10T19:34:31+00:00","mainEntityOfPage":{"@id":"https:\/\/www.suno.com.br\/noticias\/pedidos-seguro-desemprego-tem-queda-de-18-em-agosto\/"},"wordCount":486,"publisher":{"@id":"https:\/\/www.suno.com.br\/noticias\/#organization"},"image":{"@id":"https:\/\/www.suno.com.br\/noticias\/pedidos-seguro-desemprego-tem-queda-de-18-em-agosto\/#primaryimage"},"thumbnailUrl":"https:\/\/files.sunoresearch.com.br\/n\/uploads\/2020\/09\/cf0fd1b8-desemprego-800x450-1-jpg.webp","keywords":["covid-19","Minist\u00e9rio da Economia","seguro desemprego"],"articleSection":["Economia"],"inLanguage":"pt-BR"},{"@type":"WebPage","@id":"https:\/\/www.suno.com.br\/noticias\/pedidos-seguro-desemprego-tem-queda-de-18-em-agosto\/","url":"https:\/\/www.suno.com.br\/noticias\/pedidos-seguro-desemprego-tem-queda-de-18-em-agosto\/","name":"Pedidos de seguro-desemprego tem queda de 18% em agosto","isPartOf":{"@id":"https:\/\/www.suno.com.br\/noticias\/#website"},"primaryImageOfPage":{"@id":"https:\/\/www.suno.com.br\/noticias\/pedidos-seguro-desemprego-tem-queda-de-18-em-agosto\/#primaryimage"},"image":{"@id":"https:\/\/www.suno.com.br\/noticias\/pedidos-seguro-desemprego-tem-queda-de-18-em-agosto\/#primaryimage"},"thumbnailUrl":"https:\/\/files.sunoresearch.com.br\/n\/uploads\/2020\/09\/cf0fd1b8-desemprego-800x450-1-jpg.webp","datePublished":"2020-09-10T19:34:31+00:00","description":"As solicita\u00e7\u00f5es do seguro-desemprego sofreram redu\u00e7\u00e3o de 18,2% em compara\u00e7\u00e3o com agosto do ano passado. Clique aqui para saber mais.","breadcrumb":{"@id":"https:\/\/www.suno.com.br\/noticias\/pedidos-seguro-desemprego-tem-queda-de-18-em-agosto\/#breadcrumb"},"inLanguage":"pt-BR","potentialAction":[{"@type":"ReadAction","target":["https:\/\/www.suno.com.br\/noticias\/pedidos-seguro-desemprego-tem-queda-de-18-em-agosto\/"]}]},{"@type":"ImageObject","inLanguage":"pt-BR","@id":"https:\/\/www.suno.com.br\/noticias\/pedidos-seguro-desemprego-tem-queda-de-18-em-agosto\/#primaryimage","url":"https:\/\/files.sunoresearch.com.br\/n\/uploads\/2020\/09\/cf0fd1b8-desemprego-800x450-1-jpg.webp","contentUrl":"https:\/\/files.sunoresearch.com.br\/n\/uploads\/2020\/09\/cf0fd1b8-desemprego-800x450-1-jpg.webp","width":800,"height":450,"caption":"Agenda do Dia"},{"@type":"BreadcrumbList","@id":"https:\/\/www.suno.com.br\/noticias\/pedidos-seguro-desemprego-tem-queda-de-18-em-agosto\/#breadcrumb","itemListElement":[{"@type":"ListItem","position":1,"name":"Not\u00edcias","item":"https:\/\/www.suno.com.br\/noticias\/"},{"@type":"ListItem","position":2,"name":"Economia","item":"https:\/\/www.suno.com.br\/noticias\/economia\/"},{"@type":"ListItem","position":3,"name":"Pedidos de seguro-desemprego tem queda de 18% em agosto"}]},{"@type":"WebSite","@id":"https:\/\/www.suno.com.br\/noticias\/#website","url":"https:\/\/www.suno.com.br\/noticias\/","name":"Suno Not\u00edcias","description":"Seu portal de informa\u00e7\u00e3o sobre o mundo dos investimentos","publisher":{"@id":"https:\/\/www.suno.com.br\/noticias\/#organization"},"potentialAction":[{"@type":"SearchAction","target":{"@type":"EntryPoint","urlTemplate":"https:\/\/www.suno.com.br\/noticias\/?s={search_term_string}"},"query-input":{"@type":"PropertyValueSpecification","valueRequired":true,"valueName":"search_term_string"}}],"inLanguage":"pt-BR"},{"@type":"Organization","@id":"https:\/\/www.suno.com.br\/noticias\/#organization","name":"Suno Not\u00edcias","url":"https:\/\/www.suno.com.br\/noticias\/","logo":{"@type":"ImageObject","inLanguage":"pt-BR","@id":"https:\/\/www.suno.com.br\/noticias\/#\/schema\/logo\/image\/","url":"https:\/\/files.sunoresearch.com.br\/n\/uploads\/2021\/09\/suno-logo.png","contentUrl":"https:\/\/files.sunoresearch.com.br\/n\/uploads\/2021\/09\/suno-logo.png","width":180,"height":180,"caption":"Suno Not\u00edcias"},"image":{"@id":"https:\/\/www.suno.com.br\/noticias\/#\/schema\/logo\/image\/"},"sameAs":["https:\/\/facebook.com\/sunoresearch","https:\/\/x.com\/sunoresearch","https:\/\/www.instagram.com\/suno","https:\/\/www.linkedin.com\/company\/suno-research\/","https:\/\/www.youtube.com\/c\/sunoresearch"]},{"@type":"Person","@id":"https:\/\/www.suno.com.br\/noticias\/#\/schema\/person\/e672ca8cea627fe715fa29bca7da95e0","name":"Rafaela La Regina","image":{"@type":"ImageObject","inLanguage":"pt-BR","@id":"https:\/\/www.suno.com.br\/noticias\/#\/schema\/person\/image\/","url":"https:\/\/secure.gravatar.com\/avatar\/d2c75a52d243deb93d0465fdcb21bd37?s=96&r=g","contentUrl":"https:\/\/secure.gravatar.com\/avatar\/d2c75a52d243deb93d0465fdcb21bd37?s=96&r=g","caption":"Rafaela La Regina"},"description":"Estagi\u00e1ria no Suno Not\u00edcias. Escreve sobre economia, pol\u00edtica e neg\u00f3cios. Estuda Rela\u00e7\u00f5es Internacionais no IBMEC-SP.","url":"https:\/\/www.suno.com.br\/noticias\/author\/rafaela-la-regina\/"}]}},"default_loop_html":"<div class=\"cardsPage__listCard__boxs\"><div class=\"cardsPage__listCard__boxs__img\"><a href=\"https:\/\/www.suno.com.br\/noticias\/pedidos-seguro-desemprego-tem-queda-de-18-em-agosto\/\"><img class=\"mask\" src=\"https:\/\/www.suno.com.br\/noticias\/wp-content\/themes\/suno\/resources\/images\/spotlight\/spotlight1img\/bg-mask.png\" alt=\"Image Mask\"\/><img src=\"https:\/\/files.sunoresearch.com.br\/n\/uploads\/2020\/09\/cf0fd1b8-desemprego-800x450-1-400x200.webp\" alt=\"Pedidos de seguro-desemprego tem queda de 18% em agosto\"\/><\/a><span class=\"spotlightCategory\"><a href=\"https:\/\/www.suno.com.br\/noticias\/economia\/\">Economia<\/a><\/span><\/div><div class=\"cardsPage__listCard__boxs__content\"><a href=\"https:\/\/www.suno.com.br\/noticias\/pedidos-seguro-desemprego-tem-queda-de-18-em-agosto\/\"><h2 class=\"content__title\">Pedidos de seguro-desemprego tem queda de 18% em agosto<\/h2><\/a><div class=\"newsContent__article__meta\"><div class=\"newsContent__article__meta__authorBox\"><a href=\"https:\/\/www.suno.com.br\/noticias\/author\/rafaela-la-regina\/\" class=\"authorBox__avatar noMobi\"><img src=\"https:\/\/secure.gravatar.com\/avatar\/d2c75a52d243deb93d0465fdcb21bd37?s=96&#038;r=g\" alt=\"Rafaela La Regina\"><\/a><div class=\"authorBox__name\"><span>por\n\t\t\t<a href=\"https:\/\/www.suno.com.br\/noticias\/author\/rafaela-la-regina\/\"><span itemprop=\"author\">Rafaela La Regina<\/span><\/a><\/span><time datetime=\"2020-09-10T16:34:31-03:00\" itemprop=\"datePublished\">10\/09\/2020 16:34<\/time><\/div><\/div><\/div><\/div><\/div>","single_layout":"posts","amp_enabled":true,"_links":{"self":[{"href":"https:\/\/www.suno.com.br\/noticias\/wp-json\/wp\/v2\/posts\/83811"}],"collection":[{"href":"https:\/\/www.suno.com.br\/noticias\/wp-json\/wp\/v2\/posts"}],"about":[{"href":"https:\/\/www.suno.com.br\/noticias\/wp-json\/wp\/v2\/types\/post"}],"author":[{"embeddable":true,"href":"https:\/\/www.suno.com.br\/noticias\/wp-json\/wp\/v2\/users\/56"}],"replies":[{"embeddable":true,"href":"https:\/\/www.suno.com.br\/noticias\/wp-json\/wp\/v2\/comments?post=83811"}],"version-history":[{"count":0,"href":"https:\/\/www.suno.com.br\/noticias\/wp-json\/wp\/v2\/posts\/83811\/revisions"}],"wp:featuredmedia":[{"embeddable":true,"href":"https:\/\/www.suno.com.br\/noticias\/wp-json\/wp\/v2\/media\/83819"}],"wp:attachment":[{"href":"https:\/\/www.suno.com.br\/noticias\/wp-json\/wp\/v2\/media?parent=83811"}],"wp:term":[{"taxonomy":"category","embeddable":true,"href":"https:\/\/www.suno.com.br\/noticias\/wp-json\/wp\/v2\/categories?post=83811"},{"taxonomy":"post_tag","embeddable":true,"href":"https:\/\/www.suno.com.br\/noticias\/wp-json\/wp\/v2\/tags?post=83811"},{"taxonomy":"suno_strategy","embeddable":true,"href":"https:\/\/www.suno.com.br\/noticias\/wp-json\/wp\/v2\/suno_strategy?post=83811"}],"curies":[{"name":"wp","href":"https:\/\/api.w.org\/{rel}","templated":true}]}}