{"id":83760,"date":"2020-09-10T13:49:28","date_gmt":"2020-09-10T16:49:28","guid":{"rendered":"https:\/\/www.suno.com.br\/noticias\/?p=83760"},"modified":"2021-02-17T22:43:21","modified_gmt":"2021-02-18T01:43:21","slug":"zona-do-euro-projecao-inflacao-2021","status":"publish","type":"post","link":"https:\/\/www.suno.com.br\/noticias\/zona-do-euro-projecao-inflacao-2021\/","title":{"rendered":"Zona do euro: BCE aumenta proje\u00e7\u00e3o de infla\u00e7\u00e3o para 2021"},"content":{"rendered":"<p>O <a href=\"https:\/\/www.suno.com.br\/artigos\/bce\/\">Banco Central Europeu (BCE)<\/a> divulgou, nesta quinta-feira (10), novas proje\u00e7\u00f5es para a economia da <strong>zona<\/strong> <strong>do<\/strong> <strong>euro<\/strong>. A autoridade monet\u00e1ria revisou para cima a expectativa de infla\u00e7\u00e3o no ano que vem. Apesar disso, o BCE manteve as proje\u00e7\u00f5es para 2020 e 2022 no mesmo n\u00edvel das pr\u00e9vias anteriores.<\/p>\t<div class=\"wrapper-featured-image\">\n\t\t<figure class=\"spotlightImg\">\n\n\t\t\t<picture>\n\t\t\t\t<source media=\"(max-width: 768px)\" srcset=\"https:\/\/files.sunoresearch.com.br\/n\/uploads\/2020\/09\/c1bead0d-bce-400x200.webp\">\n\t\t\t\t<img loading=\"lazy\" decoding=\"async\" class=\"newsContent__article__imgCapa lazyloadDisabled \" src=\"https:\/\/files.sunoresearch.com.br\/n\/uploads\/2020\/09\/c1bead0d-bce-jpg.webp\" width=\"800\" height=\"450\" alt=\"Zona do euro: BCE aumenta proje\u00e7\u00e3o de infla\u00e7\u00e3o para 2021\" fetchpriority=high \/>\n\t\t\t<\/picture>\n\n\t\t\t<figcaption class=\"wp-caption-text wp-caption-text--show\">Fachada do Banco Central Europeu.<\/figcaption>\n\t\t<\/figure>\n\t<\/div>\n\n\n<div class=\"hubspot-form-wrapper\">\n\t<div id=\"single-form-target\"><\/div>\n<\/div>\n\n<p>Segundo informa\u00e7\u00f5es do relat\u00f3rio do BCE, a <a href=\"https:\/\/www.suno.com.br\/artigos\/inflacao\/\">infla\u00e7\u00e3o<\/a> (medida pelo HICP, \u00edndice de infla\u00e7\u00e3o que o BCE utiliza no c\u00e1lculo) ficar\u00e1 em 0,3% neste ano e subir\u00e1 para 1,0% em 2021 e para 1,3% em 2022. A presidente do Banco Central Europeu, Christine Lagarde, afirmou que este dado est\u00e1vel de 2022 esconde um aumento da expectativa para o n\u00facleo dos pre\u00e7os (que n\u00e3o consideram alimentos e energia), compensando uma diminui\u00e7\u00e3o da expectativa para os pre\u00e7os de energia.<\/p>\n<p><a href=\"https:\/\/lp.suno.com.br\/suno-one\/\">Suno One: acesse gratuitamente eBooks, Minicursos, Artigos e Video Aulas sobre investimentos com um \u00fanico cadastro. Clique para saber mais!<\/a><\/p>\n<p>As proje\u00e7\u00f5es para os pre\u00e7os de energia tamb\u00e9m foram elevadas para o ano que vem, mas diminu\u00edram para 2022. O BCE estima que haver\u00e1 um achatamento dos pre\u00e7os no longo prazo. O relat\u00f3rio da autoridade monet\u00e1ria da zona do euro informa que os dados de alta frequ\u00eancia mostram que h\u00e1 uma recupera\u00e7\u00e3o da economia, por\u00e9m para voltar aos n\u00edveis pr\u00e9-crise, em decorr\u00eancia da pandemia de coronav\u00edrus (Covid-19), ainda ir\u00e1 demorar anos.<\/p>\n\t<div data-element=\"shortcode-read-more\" class=\"knowMore\">\n\t\t\t\t<span class=\"knowMore__title\">Veja tamb\u00e9m<\/span>\n\t\t\t\t<a class=\"knowMore__link\" href=\"https:\/\/www.suno.com.br\/noticias\/petrobras-lava-jato-alvo-operacao-fraudes-operacoes-cambio\/\">\n\t\t\tLava Jato: Petrobras \u00e9 alvo da PF por supostas fraudes em opera\u00e7\u00f5es de c\u00e2mbio\t\t<\/a>\n\t<\/div>\n\n\n<p>O BCE comunicou que suas estimativas s\u00e3o baseadas na expectativa de que o impacto das medidas de conten\u00e7\u00e3o da pandemia ir\u00e1 diminuir aos poucos. Assim, as incertezas ser\u00e3o reduzidas gradualmente e a demanda externa se recuperar\u00e1. Al\u00e9m disso, a autoridade monet\u00e1ria da <strong>zona<\/strong> <strong>do<\/strong> <strong>euro<\/strong> destacou que as proje\u00e7\u00f5es tamb\u00e9m consideram que as pol\u00edticas fiscais ter\u00e3o continuidade, para dar suporte \u00e0 economia. O BCE reiterou, entretanto, que o principal ponto para a recupera\u00e7\u00e3o \u00e9 o sucesso na conten\u00e7\u00e3o da pandemia.<\/p>\n\t<p>\n\t\t<a href=\"https:\/\/lp.suno.com.br\/planilha-de-controle-de-investimentos\/\" target=\"_blank\" data-element=\"shortcode-suno-banner\" title=\"Banner SUNO, clique e saiba mais\">\n\t\t\t<picture>\n\t\t\t\t<source media=\"(max-width: 500px)\" srcset=\"https:\/\/files.sunoresearch.com.br\/n\/uploads\/2023\/03\/400x300-Controle-de-Investimentos.png\">\n\t\t\t\t<img class=\"newsContent__article__imgCapa newsContent__article__imgCapa--banner\"\n\t\t\t\t\tsrc=\"https:\/\/files.sunoresearch.com.br\/n\/uploads\/2023\/03\/1420x240-Controle-de-Investimentos.png\"\n\t\t\t\t\tdata-promo-id=\"75934\"\t\t\t\t\t\t\t\t\t\twidth='1420' height='240'\t\t\t\t\talt=\"https:\/\/files.sunoresearch.com.br\/n\/uploads\/2023\/03\/1420x240-Controle-de-Investimentos.png\"\n\t\t\t\t>\n\t\t\t<\/picture>\n\t\t<\/a>\n\t<\/p>\n\n\n","protected":false},"excerpt":{"rendered":"<p>O Banco Central Europeu (BCE) divulgou, nesta quinta-feira (10), novas proje\u00e7\u00f5es para a economia da zona do euro. A autoridade monet\u00e1ria revisou para cima a expectativa de infla\u00e7\u00e3o no ano que vem. Apesar disso, o BCE manteve as proje\u00e7\u00f5es para 2020 e 2022 no mesmo n\u00edvel das pr\u00e9vias anteriores. Fachada do Banco Central Europeu. Segundo [&hellip;]<\/p>\n","protected":false},"author":19,"featured_media":83767,"comment_status":"closed","ping_status":"closed","sticky":false,"template":"","format":"standard","meta":[],"categories":[63],"tags":[863,991],"suno_strategy":[],"class_list":["post-83760","post","type-post","status-publish","format-standard","has-post-thumbnail","hentry","category-internacional","tag-banco-central-europeu-bce","tag-zona-do-euro"],"yoast_head":"<!-- This site is optimized with the Yoast SEO plugin v24.4 - https:\/\/yoast.com\/wordpress\/plugins\/seo\/ -->\n<title>Zona do Euro: BCE aumenta proje\u00e7\u00e3o de infla\u00e7\u00e3o para 2021<\/title>\n<meta name=\"description\" content=\"O Banco Central Europeu (BCE) divulgou, nesta quinta-feira (10) novas proje\u00e7\u00f5es para a economia da zona do euro. Saiba mais.\" \/>\n<meta name=\"robots\" content=\"index, follow, max-snippet:-1, max-image-preview:large, max-video-preview:-1\" \/>\n<link rel=\"canonical\" href=\"https:\/\/www.suno.com.br\/noticias\/zona-do-euro-projecao-inflacao-2021\/\" \/>\n<meta property=\"og:locale\" content=\"pt_BR\" \/>\n<meta property=\"og:type\" content=\"article\" \/>\n<meta property=\"og:title\" content=\"Zona do Euro: BCE aumenta proje\u00e7\u00e3o de infla\u00e7\u00e3o para 2021\" \/>\n<meta property=\"og:description\" content=\"O Banco Central Europeu (BCE) divulgou, nesta quinta-feira (10) novas proje\u00e7\u00f5es para a economia da zona do euro. Saiba mais.\" \/>\n<meta property=\"og:url\" content=\"https:\/\/www.suno.com.br\/noticias\/zona-do-euro-projecao-inflacao-2021\/\" \/>\n<meta property=\"og:site_name\" content=\"Suno Not\u00edcias\" \/>\n<meta property=\"article:publisher\" content=\"https:\/\/facebook.com\/sunoresearch\" \/>\n<meta property=\"og:image\" content=\"https:\/\/files.sunoresearch.com.br\/n\/uploads\/2020\/09\/c1bead0d-bce.jpg\" \/>\n\t<meta property=\"og:image:width\" content=\"770\" \/>\n\t<meta property=\"og:image:height\" content=\"433\" \/>\n\t<meta property=\"og:image:type\" content=\"image\/jpeg\" \/>\n<meta name=\"author\" content=\"Juliano Passaro\" \/>\n<meta name=\"twitter:card\" content=\"summary_large_image\" \/>\n<meta name=\"twitter:creator\" content=\"@sunoresearch\" \/>\n<meta name=\"twitter:site\" content=\"@sunoresearch\" \/>\n<meta name=\"twitter:label1\" content=\"Escrito por\" \/>\n\t<meta name=\"twitter:data1\" content=\"Juliano Passaro\" \/>\n\t<meta name=\"twitter:label2\" content=\"Est. tempo de leitura\" \/>\n\t<meta name=\"twitter:data2\" content=\"2 minutos\" \/>\n<script type=\"application\/ld+json\" class=\"yoast-schema-graph\">{\"@context\":\"https:\/\/schema.org\",\"@graph\":[{\"@type\":\"NewsArticle\",\"@id\":\"https:\/\/www.suno.com.br\/noticias\/zona-do-euro-projecao-inflacao-2021\/#article\",\"isPartOf\":{\"@id\":\"https:\/\/www.suno.com.br\/noticias\/zona-do-euro-projecao-inflacao-2021\/\"},\"author\":{\"name\":\"Juliano Passaro\",\"@id\":\"https:\/\/www.suno.com.br\/noticias\/#\/schema\/person\/1db762f78ffd8919a648a63e425953e3\"},\"headline\":\"Zona do euro: BCE aumenta proje\u00e7\u00e3o de infla\u00e7\u00e3o para 2021\",\"datePublished\":\"2020-09-10T16:49:28+00:00\",\"dateModified\":\"2021-02-18T01:43:21+00:00\",\"mainEntityOfPage\":{\"@id\":\"https:\/\/www.suno.com.br\/noticias\/zona-do-euro-projecao-inflacao-2021\/\"},\"wordCount\":362,\"publisher\":{\"@id\":\"https:\/\/www.suno.com.br\/noticias\/#organization\"},\"image\":{\"@id\":\"https:\/\/www.suno.com.br\/noticias\/zona-do-euro-projecao-inflacao-2021\/#primaryimage\"},\"thumbnailUrl\":\"https:\/\/files.sunoresearch.com.br\/n\/uploads\/2020\/09\/c1bead0d-bce-jpg.webp\",\"keywords\":[\"Banco Central Europeu (BCE)\",\"zona do euro\"],\"articleSection\":[\"Internacional\"],\"inLanguage\":\"pt-BR\"},{\"@type\":\"WebPage\",\"@id\":\"https:\/\/www.suno.com.br\/noticias\/zona-do-euro-projecao-inflacao-2021\/\",\"url\":\"https:\/\/www.suno.com.br\/noticias\/zona-do-euro-projecao-inflacao-2021\/\",\"name\":\"Zona do Euro: BCE aumenta proje\u00e7\u00e3o de infla\u00e7\u00e3o para 2021\",\"isPartOf\":{\"@id\":\"https:\/\/www.suno.com.br\/noticias\/#website\"},\"primaryImageOfPage\":{\"@id\":\"https:\/\/www.suno.com.br\/noticias\/zona-do-euro-projecao-inflacao-2021\/#primaryimage\"},\"image\":{\"@id\":\"https:\/\/www.suno.com.br\/noticias\/zona-do-euro-projecao-inflacao-2021\/#primaryimage\"},\"thumbnailUrl\":\"https:\/\/files.sunoresearch.com.br\/n\/uploads\/2020\/09\/c1bead0d-bce-jpg.webp\",\"datePublished\":\"2020-09-10T16:49:28+00:00\",\"dateModified\":\"2021-02-18T01:43:21+00:00\",\"description\":\"O Banco Central Europeu (BCE) divulgou, nesta quinta-feira (10) novas proje\u00e7\u00f5es para a economia da zona do euro. Saiba mais.\",\"breadcrumb\":{\"@id\":\"https:\/\/www.suno.com.br\/noticias\/zona-do-euro-projecao-inflacao-2021\/#breadcrumb\"},\"inLanguage\":\"pt-BR\",\"potentialAction\":[{\"@type\":\"ReadAction\",\"target\":[\"https:\/\/www.suno.com.br\/noticias\/zona-do-euro-projecao-inflacao-2021\/\"]}]},{\"@type\":\"ImageObject\",\"inLanguage\":\"pt-BR\",\"@id\":\"https:\/\/www.suno.com.br\/noticias\/zona-do-euro-projecao-inflacao-2021\/#primaryimage\",\"url\":\"https:\/\/files.sunoresearch.com.br\/n\/uploads\/2020\/09\/c1bead0d-bce-jpg.webp\",\"contentUrl\":\"https:\/\/files.sunoresearch.com.br\/n\/uploads\/2020\/09\/c1bead0d-bce-jpg.webp\",\"width\":770,\"height\":433,\"caption\":\"Fachada do Banco Central Europeu.\"},{\"@type\":\"BreadcrumbList\",\"@id\":\"https:\/\/www.suno.com.br\/noticias\/zona-do-euro-projecao-inflacao-2021\/#breadcrumb\",\"itemListElement\":[{\"@type\":\"ListItem\",\"position\":1,\"name\":\"Not\u00edcias\",\"item\":\"https:\/\/www.suno.com.br\/noticias\/\"},{\"@type\":\"ListItem\",\"position\":2,\"name\":\"Internacional\",\"item\":\"https:\/\/www.suno.com.br\/noticias\/internacional\/\"},{\"@type\":\"ListItem\",\"position\":3,\"name\":\"Zona do euro: BCE aumenta proje\u00e7\u00e3o de infla\u00e7\u00e3o para 2021\"}]},{\"@type\":\"WebSite\",\"@id\":\"https:\/\/www.suno.com.br\/noticias\/#website\",\"url\":\"https:\/\/www.suno.com.br\/noticias\/\",\"name\":\"Suno Not\u00edcias\",\"description\":\"Seu portal de informa\u00e7\u00e3o sobre o mundo dos investimentos\",\"publisher\":{\"@id\":\"https:\/\/www.suno.com.br\/noticias\/#organization\"},\"potentialAction\":[{\"@type\":\"SearchAction\",\"target\":{\"@type\":\"EntryPoint\",\"urlTemplate\":\"https:\/\/www.suno.com.br\/noticias\/?s={search_term_string}\"},\"query-input\":{\"@type\":\"PropertyValueSpecification\",\"valueRequired\":true,\"valueName\":\"search_term_string\"}}],\"inLanguage\":\"pt-BR\"},{\"@type\":\"Organization\",\"@id\":\"https:\/\/www.suno.com.br\/noticias\/#organization\",\"name\":\"Suno Not\u00edcias\",\"url\":\"https:\/\/www.suno.com.br\/noticias\/\",\"logo\":{\"@type\":\"ImageObject\",\"inLanguage\":\"pt-BR\",\"@id\":\"https:\/\/www.suno.com.br\/noticias\/#\/schema\/logo\/image\/\",\"url\":\"https:\/\/files.sunoresearch.com.br\/n\/uploads\/2021\/09\/suno-logo.png\",\"contentUrl\":\"https:\/\/files.sunoresearch.com.br\/n\/uploads\/2021\/09\/suno-logo.png\",\"width\":180,\"height\":180,\"caption\":\"Suno Not\u00edcias\"},\"image\":{\"@id\":\"https:\/\/www.suno.com.br\/noticias\/#\/schema\/logo\/image\/\"},\"sameAs\":[\"https:\/\/facebook.com\/sunoresearch\",\"https:\/\/x.com\/sunoresearch\",\"https:\/\/www.instagram.com\/suno\",\"https:\/\/www.linkedin.com\/company\/suno-research\/\",\"https:\/\/www.youtube.com\/c\/sunoresearch\"]},{\"@type\":\"Person\",\"@id\":\"https:\/\/www.suno.com.br\/noticias\/#\/schema\/person\/1db762f78ffd8919a648a63e425953e3\",\"name\":\"Juliano Passaro\",\"image\":{\"@type\":\"ImageObject\",\"inLanguage\":\"pt-BR\",\"@id\":\"https:\/\/www.suno.com.br\/noticias\/#\/schema\/person\/image\/\",\"url\":\"https:\/\/secure.gravatar.com\/avatar\/743d4df28eebf6dcc46b4ad03c319e92?s=96&r=g\",\"contentUrl\":\"https:\/\/secure.gravatar.com\/avatar\/743d4df28eebf6dcc46b4ad03c319e92?s=96&r=g\",\"caption\":\"Juliano Passaro\"},\"description\":\"Juliano Passaro escreve sobre pol\u00edtica, economia e neg\u00f3cios para o portal da Suno Research. Antes da Suno, trabalhou no Portal da Band. \u00c9 formado em jornalismo pela Universidade Presbiteriana Mackenzie.\",\"url\":\"https:\/\/www.suno.com.br\/noticias\/author\/juliano\/\"}]}<\/script>\n<!-- \/ Yoast SEO plugin. -->","yoast_head_json":{"title":"Zona do Euro: BCE aumenta proje\u00e7\u00e3o de infla\u00e7\u00e3o para 2021","description":"O Banco Central Europeu (BCE) divulgou, nesta quinta-feira (10) novas proje\u00e7\u00f5es para a economia da zona do euro. Saiba mais.","robots":{"index":"index","follow":"follow","max-snippet":"max-snippet:-1","max-image-preview":"max-image-preview:large","max-video-preview":"max-video-preview:-1"},"canonical":"https:\/\/www.suno.com.br\/noticias\/zona-do-euro-projecao-inflacao-2021\/","og_locale":"pt_BR","og_type":"article","og_title":"Zona do Euro: BCE aumenta proje\u00e7\u00e3o de infla\u00e7\u00e3o para 2021","og_description":"O Banco Central Europeu (BCE) divulgou, nesta quinta-feira (10) novas proje\u00e7\u00f5es para a economia da zona do euro. Saiba mais.","og_url":"https:\/\/www.suno.com.br\/noticias\/zona-do-euro-projecao-inflacao-2021\/","og_site_name":"Suno Not\u00edcias","article_publisher":"https:\/\/facebook.com\/sunoresearch","og_image":[{"width":770,"height":433,"url":"https:\/\/files.sunoresearch.com.br\/n\/uploads\/2020\/09\/c1bead0d-bce.jpg","type":"image\/jpeg"}],"author":"Juliano Passaro","twitter_card":"summary_large_image","twitter_creator":"@sunoresearch","twitter_site":"@sunoresearch","twitter_misc":{"Escrito por":"Juliano Passaro","Est. tempo de leitura":"2 minutos"},"schema":{"@context":"https:\/\/schema.org","@graph":[{"@type":"NewsArticle","@id":"https:\/\/www.suno.com.br\/noticias\/zona-do-euro-projecao-inflacao-2021\/#article","isPartOf":{"@id":"https:\/\/www.suno.com.br\/noticias\/zona-do-euro-projecao-inflacao-2021\/"},"author":{"name":"Juliano Passaro","@id":"https:\/\/www.suno.com.br\/noticias\/#\/schema\/person\/1db762f78ffd8919a648a63e425953e3"},"headline":"Zona do euro: BCE aumenta proje\u00e7\u00e3o de infla\u00e7\u00e3o para 2021","datePublished":"2020-09-10T16:49:28+00:00","dateModified":"2021-02-18T01:43:21+00:00","mainEntityOfPage":{"@id":"https:\/\/www.suno.com.br\/noticias\/zona-do-euro-projecao-inflacao-2021\/"},"wordCount":362,"publisher":{"@id":"https:\/\/www.suno.com.br\/noticias\/#organization"},"image":{"@id":"https:\/\/www.suno.com.br\/noticias\/zona-do-euro-projecao-inflacao-2021\/#primaryimage"},"thumbnailUrl":"https:\/\/files.sunoresearch.com.br\/n\/uploads\/2020\/09\/c1bead0d-bce-jpg.webp","keywords":["Banco Central Europeu (BCE)","zona do euro"],"articleSection":["Internacional"],"inLanguage":"pt-BR"},{"@type":"WebPage","@id":"https:\/\/www.suno.com.br\/noticias\/zona-do-euro-projecao-inflacao-2021\/","url":"https:\/\/www.suno.com.br\/noticias\/zona-do-euro-projecao-inflacao-2021\/","name":"Zona do Euro: BCE aumenta proje\u00e7\u00e3o de infla\u00e7\u00e3o para 2021","isPartOf":{"@id":"https:\/\/www.suno.com.br\/noticias\/#website"},"primaryImageOfPage":{"@id":"https:\/\/www.suno.com.br\/noticias\/zona-do-euro-projecao-inflacao-2021\/#primaryimage"},"image":{"@id":"https:\/\/www.suno.com.br\/noticias\/zona-do-euro-projecao-inflacao-2021\/#primaryimage"},"thumbnailUrl":"https:\/\/files.sunoresearch.com.br\/n\/uploads\/2020\/09\/c1bead0d-bce-jpg.webp","datePublished":"2020-09-10T16:49:28+00:00","dateModified":"2021-02-18T01:43:21+00:00","description":"O Banco Central Europeu (BCE) divulgou, nesta quinta-feira (10) novas proje\u00e7\u00f5es para a economia da zona do euro. Saiba mais.","breadcrumb":{"@id":"https:\/\/www.suno.com.br\/noticias\/zona-do-euro-projecao-inflacao-2021\/#breadcrumb"},"inLanguage":"pt-BR","potentialAction":[{"@type":"ReadAction","target":["https:\/\/www.suno.com.br\/noticias\/zona-do-euro-projecao-inflacao-2021\/"]}]},{"@type":"ImageObject","inLanguage":"pt-BR","@id":"https:\/\/www.suno.com.br\/noticias\/zona-do-euro-projecao-inflacao-2021\/#primaryimage","url":"https:\/\/files.sunoresearch.com.br\/n\/uploads\/2020\/09\/c1bead0d-bce-jpg.webp","contentUrl":"https:\/\/files.sunoresearch.com.br\/n\/uploads\/2020\/09\/c1bead0d-bce-jpg.webp","width":770,"height":433,"caption":"Fachada do Banco Central Europeu."},{"@type":"BreadcrumbList","@id":"https:\/\/www.suno.com.br\/noticias\/zona-do-euro-projecao-inflacao-2021\/#breadcrumb","itemListElement":[{"@type":"ListItem","position":1,"name":"Not\u00edcias","item":"https:\/\/www.suno.com.br\/noticias\/"},{"@type":"ListItem","position":2,"name":"Internacional","item":"https:\/\/www.suno.com.br\/noticias\/internacional\/"},{"@type":"ListItem","position":3,"name":"Zona do euro: BCE aumenta proje\u00e7\u00e3o de infla\u00e7\u00e3o para 2021"}]},{"@type":"WebSite","@id":"https:\/\/www.suno.com.br\/noticias\/#website","url":"https:\/\/www.suno.com.br\/noticias\/","name":"Suno Not\u00edcias","description":"Seu portal de informa\u00e7\u00e3o sobre o mundo dos investimentos","publisher":{"@id":"https:\/\/www.suno.com.br\/noticias\/#organization"},"potentialAction":[{"@type":"SearchAction","target":{"@type":"EntryPoint","urlTemplate":"https:\/\/www.suno.com.br\/noticias\/?s={search_term_string}"},"query-input":{"@type":"PropertyValueSpecification","valueRequired":true,"valueName":"search_term_string"}}],"inLanguage":"pt-BR"},{"@type":"Organization","@id":"https:\/\/www.suno.com.br\/noticias\/#organization","name":"Suno Not\u00edcias","url":"https:\/\/www.suno.com.br\/noticias\/","logo":{"@type":"ImageObject","inLanguage":"pt-BR","@id":"https:\/\/www.suno.com.br\/noticias\/#\/schema\/logo\/image\/","url":"https:\/\/files.sunoresearch.com.br\/n\/uploads\/2021\/09\/suno-logo.png","contentUrl":"https:\/\/files.sunoresearch.com.br\/n\/uploads\/2021\/09\/suno-logo.png","width":180,"height":180,"caption":"Suno Not\u00edcias"},"image":{"@id":"https:\/\/www.suno.com.br\/noticias\/#\/schema\/logo\/image\/"},"sameAs":["https:\/\/facebook.com\/sunoresearch","https:\/\/x.com\/sunoresearch","https:\/\/www.instagram.com\/suno","https:\/\/www.linkedin.com\/company\/suno-research\/","https:\/\/www.youtube.com\/c\/sunoresearch"]},{"@type":"Person","@id":"https:\/\/www.suno.com.br\/noticias\/#\/schema\/person\/1db762f78ffd8919a648a63e425953e3","name":"Juliano Passaro","image":{"@type":"ImageObject","inLanguage":"pt-BR","@id":"https:\/\/www.suno.com.br\/noticias\/#\/schema\/person\/image\/","url":"https:\/\/secure.gravatar.com\/avatar\/743d4df28eebf6dcc46b4ad03c319e92?s=96&r=g","contentUrl":"https:\/\/secure.gravatar.com\/avatar\/743d4df28eebf6dcc46b4ad03c319e92?s=96&r=g","caption":"Juliano Passaro"},"description":"Juliano Passaro escreve sobre pol\u00edtica, economia e neg\u00f3cios para o portal da Suno Research. Antes da Suno, trabalhou no Portal da Band. \u00c9 formado em jornalismo pela Universidade Presbiteriana Mackenzie.","url":"https:\/\/www.suno.com.br\/noticias\/author\/juliano\/"}]}},"default_loop_html":"<div class=\"cardsPage__listCard__boxs\"><div class=\"cardsPage__listCard__boxs__img\"><a href=\"https:\/\/www.suno.com.br\/noticias\/zona-do-euro-projecao-inflacao-2021\/\"><img class=\"mask\" src=\"https:\/\/www.suno.com.br\/noticias\/wp-content\/themes\/suno\/resources\/images\/spotlight\/spotlight1img\/bg-mask.png\" alt=\"Image Mask\"\/><img src=\"https:\/\/files.sunoresearch.com.br\/n\/uploads\/2020\/09\/c1bead0d-bce-400x200.webp\" alt=\"Zona do euro: BCE aumenta proje\u00e7\u00e3o de infla\u00e7\u00e3o para 2021\"\/><\/a><span class=\"spotlightCategory\"><a href=\"https:\/\/www.suno.com.br\/noticias\/internacional\/\">Internacional<\/a><\/span><\/div><div class=\"cardsPage__listCard__boxs__content\"><a href=\"https:\/\/www.suno.com.br\/noticias\/zona-do-euro-projecao-inflacao-2021\/\"><h2 class=\"content__title\">Zona do euro: BCE aumenta proje\u00e7\u00e3o de infla\u00e7\u00e3o para 2021<\/h2><\/a><div class=\"newsContent__article__meta\"><div class=\"newsContent__article__meta__authorBox\"><a href=\"https:\/\/www.suno.com.br\/noticias\/author\/juliano\/\" class=\"authorBox__avatar noMobi\"><img src=\"https:\/\/files.sunoresearch.com.br\/n\/uploads\/2019\/06\/7cc3efea-whatsapp-image-2019-07-18-at-21.59.33-e1563499821209-150x150.webp\" alt=\"Juliano Passaro\"><\/a><div class=\"authorBox__name\"><span>por\n\t\t\t<a href=\"https:\/\/www.suno.com.br\/noticias\/author\/juliano\/\"><span itemprop=\"author\">Juliano Passaro<\/span><\/a><\/span><time datetime=\"2020-09-10T13:49:28-03:00\" itemprop=\"datePublished\">10\/09\/2020 13:49<\/time><\/div><\/div><\/div><\/div><\/div>","single_layout":"posts","amp_enabled":true,"_links":{"self":[{"href":"https:\/\/www.suno.com.br\/noticias\/wp-json\/wp\/v2\/posts\/83760"}],"collection":[{"href":"https:\/\/www.suno.com.br\/noticias\/wp-json\/wp\/v2\/posts"}],"about":[{"href":"https:\/\/www.suno.com.br\/noticias\/wp-json\/wp\/v2\/types\/post"}],"author":[{"embeddable":true,"href":"https:\/\/www.suno.com.br\/noticias\/wp-json\/wp\/v2\/users\/19"}],"replies":[{"embeddable":true,"href":"https:\/\/www.suno.com.br\/noticias\/wp-json\/wp\/v2\/comments?post=83760"}],"version-history":[{"count":0,"href":"https:\/\/www.suno.com.br\/noticias\/wp-json\/wp\/v2\/posts\/83760\/revisions"}],"wp:featuredmedia":[{"embeddable":true,"href":"https:\/\/www.suno.com.br\/noticias\/wp-json\/wp\/v2\/media\/83767"}],"wp:attachment":[{"href":"https:\/\/www.suno.com.br\/noticias\/wp-json\/wp\/v2\/media?parent=83760"}],"wp:term":[{"taxonomy":"category","embeddable":true,"href":"https:\/\/www.suno.com.br\/noticias\/wp-json\/wp\/v2\/categories?post=83760"},{"taxonomy":"post_tag","embeddable":true,"href":"https:\/\/www.suno.com.br\/noticias\/wp-json\/wp\/v2\/tags?post=83760"},{"taxonomy":"suno_strategy","embeddable":true,"href":"https:\/\/www.suno.com.br\/noticias\/wp-json\/wp\/v2\/suno_strategy?post=83760"}],"curies":[{"name":"wp","href":"https:\/\/api.w.org\/{rel}","templated":true}]}}