{"id":83750,"date":"2020-09-10T15:53:35","date_gmt":"2020-09-10T18:53:35","guid":{"rendered":"https:\/\/www.suno.com.br\/noticias\/?p=83750"},"modified":"2020-09-10T16:35:22","modified_gmt":"2020-09-10T19:35:22","slug":"mundo-contracao-pib-china-india-iif","status":"publish","type":"post","link":"https:\/\/www.suno.com.br\/noticias\/mundo-contracao-pib-china-india-iif\/","title":{"rendered":"Mundo deve ter contra\u00e7\u00e3o de 3,8% do PIB, com piora em China e \u00cdndia"},"content":{"rendered":"<p>O Instituto Internacional de Finan\u00e7as (IIF, na sigla em ingl\u00eas) informou nessa quinta-feira (10) que sua previs\u00e3o para a <a href=\"https:\/\/www.suno.com.br\/artigos\/recessao-economica\/\">recess\u00e3o<\/a> mundial \u00e9 de 3,8% no <a href=\"https:\/\/www.suno.com.br\/artigos\/pib-produto-interno-bruto\/\">Produto Interno Bruto (<strong>PIB<\/strong>)<\/a> nesse ano, devido a <a href=\"https:\/\/www.suno.com.br\/noticias\/tags\/coronavirus\/\">pandemia do novo coronav\u00edrus (Covid-19).<\/a><\/p>\t<div class=\"wrapper-featured-image\">\n\t\t<figure class=\"spotlightImg\">\n\n\t\t\t<picture>\n\t\t\t\t<source media=\"(max-width: 768px)\" srcset=\"https:\/\/files.sunoresearch.com.br\/n\/uploads\/2019\/09\/4bda7f5e-pib-400x200.webp\">\n\t\t\t\t<img loading=\"lazy\" decoding=\"async\" class=\"newsContent__article__imgCapa lazyloadDisabled \" src=\"https:\/\/files.sunoresearch.com.br\/n\/uploads\/2019\/09\/4bda7f5e-pib-800x450.webp\" width=\"800\" height=\"450\" alt=\"Mundo deve ter contra\u00e7\u00e3o de 3,8% do PIB, com piora em China e \u00cdndia\" fetchpriority=high \/>\n\t\t\t<\/picture>\n\n\t\t\t<figcaption class=\"wp-caption-text wp-caption-text--show\">O IIF estimou nessa quinta que a recess\u00e3o mundial dever\u00e1 ser de 3,8% do Produto Interno Bruto (PIB) nesse ano.<\/figcaption>\n\t\t<\/figure>\n\t<\/div>\n\n\n<div class=\"hubspot-form-wrapper\">\n\t<div id=\"single-form-target\"><\/div>\n<\/div>\n\n<p>O <strong>IIF<\/strong> apontou a <strong>China<\/strong> e a <strong>\u00cdndia<\/strong> como respons\u00e1veis por grande parte na queda do crescimento global neste ano. Al\u00e9m disso, o instituto destacou que a previs\u00e3o para 2020 \u00e9 &#8220;substancialmente&#8221; pior que a redu\u00e7\u00e3o no PIB em 2009, de 0,4%, ap\u00f3s a<a href=\"https:\/\/www.suno.com.br\/artigos\/crise-financeira\/\"> crise financeira.<\/a> Contudo, salientou que nas economias avan\u00e7adas as experi\u00eancias s\u00e3o &#8220;compar\u00e1veis&#8221;.<\/p>\n<p>Ademais, o instituto sinalizou que a apesar da\u00a0 \u00cdndia sofrer uma grande contra\u00e7\u00e3o econ\u00f4mica, em 2009 havia registrado crescimento. Por outro lado, a China apresenta crescimento, entretanto este \u00e9 menor, na mesma compara\u00e7\u00e3o.<\/p>\n<p><a href=\"https:\/\/lp.suno.com.br\/suno-one\/\">Suno One: acesse gratuitamente eBooks, Minicursos, Artigos e Video Aulas sobre investimentos com um \u00fanico cadastro. Clique para saber mais!<\/a><\/p>\n<p>O instituto ainda lembrou que na crise de 2009 houve grande est\u00edmulo chin\u00eas em infraestrutura, o que impulsionou \u00e0s <a href=\"https:\/\/www.suno.com.br\/artigos\/o-que-commodities\/\">commodities<\/a> e o crescimento. Segundo a proje\u00e7\u00e3o, a aus\u00eancia desse fatores ser\u00e1 uma quest\u00e3o chave para os <a href=\"https:\/\/www.suno.com.br\/artigos\/paises-emergentes\/\">mercados emergentes<\/a> atualmente. Nesse sentido, as regi\u00f5es dependentes da <a href=\"https:\/\/www.suno.com.br\/artigos\/imposto-de-exportacao\/\">exporta\u00e7\u00e3o<\/a> de <strong>mat\u00e9rias primas<\/strong> ser\u00e3o mais afetadas.<\/p>\n<h2>PIB mundial desacelera enquanto o Brasil se fortalece<\/h2>\n<p><a href=\"https:\/\/www.suno.com.br\/artigos\/ocde\/\">A Organiza\u00e7\u00e3o para Coopera\u00e7\u00e3o e Desenvolvimento Econ\u00f4mico (<strong>OCDE<\/strong>)<\/a> anunciou que o <strong>PIB<\/strong>\u00a0brasileiro continuou se fortalecendo no m\u00eas de agosto enquanto outras grandes pot\u00eancias mundiais apresentam o ritmo oposto, de desacelera\u00e7\u00e3o. As informa\u00e7\u00f5es foram divulgadas na \u00faltima ter\u00e7a-feira (8) segundo Indicadores Compostos avan\u00e7ados (CLIs) feitos pela organiza\u00e7\u00e3o.<\/p>\n\t<div data-element=\"shortcode-read-more\" class=\"knowMore\">\n\t\t\t\t<span class=\"knowMore__title\">Veja tamb\u00e9m<\/span>\n\t\t\t\t<a class=\"knowMore__link\" href=\"https:\/\/www.suno.com.br\/noticias\/bnp-paribas-pib-fiscal\/\">\n\t\t\tBNP Paribas prev\u00ea queda de -5% no PIB e preocupa\u00e7\u00e3o com situa\u00e7\u00e3o fiscal\t\t<\/a>\n\t<\/div>\n\n\n<p>Dentre os dados obtidos de todas as principais economias da OCDE, o Brasil foi um dos \u00fanicos pa\u00edses a obter um resultado positivo para o m\u00eas de agosto, apontando para uma expans\u00e3o do <strong>PIB<\/strong>, representado por 100,4 pontos no \u00edndice. Vale ressaltar que o \u00edndice apresenta uma perspectiva do ciclo econ\u00f4mico dos pa\u00edses, ou seja, os valores indicados n\u00e3o medem o grau de crescimento da atividade econ\u00f4mica.<\/p>\n<p>Com Informa\u00e7\u00f5es do Estad\u00e3o Conte\u00fado.<\/p>\n\t<p>\n\t\t<a href=\"https:\/\/lp.suno.com.br\/planilha-de-controle-de-investimentos\/\" target=\"_blank\" data-element=\"shortcode-suno-banner\" title=\"Banner SUNO, clique e saiba mais\">\n\t\t\t<picture>\n\t\t\t\t<source media=\"(max-width: 500px)\" srcset=\"https:\/\/files.sunoresearch.com.br\/n\/uploads\/2023\/03\/400x300-Controle-de-Investimentos.png\">\n\t\t\t\t<img class=\"newsContent__article__imgCapa newsContent__article__imgCapa--banner\"\n\t\t\t\t\tsrc=\"https:\/\/files.sunoresearch.com.br\/n\/uploads\/2023\/03\/1420x240-Controle-de-Investimentos.png\"\n\t\t\t\t\tdata-promo-id=\"75934\"\t\t\t\t\t\t\t\t\t\twidth='1420' height='240'\t\t\t\t\talt=\"https:\/\/files.sunoresearch.com.br\/n\/uploads\/2023\/03\/1420x240-Controle-de-Investimentos.png\"\n\t\t\t\t>\n\t\t\t<\/picture>\n\t\t<\/a>\n\t<\/p>\n\n\n","protected":false},"excerpt":{"rendered":"<p>O Instituto Internacional de Finan\u00e7as (IIF, na sigla em ingl\u00eas) informou nessa quinta-feira (10) que sua previs\u00e3o para a recess\u00e3o mundial \u00e9 de 3,8% no Produto Interno Bruto (PIB) nesse ano, devido a pandemia do novo coronav\u00edrus (Covid-19). O IIF estimou nessa quinta que a recess\u00e3o mundial dever\u00e1 ser de 3,8% do Produto Interno Bruto [&hellip;]<\/p>\n","protected":false},"author":39,"featured_media":38992,"comment_status":"closed","ping_status":"closed","sticky":false,"template":"","format":"standard","meta":[],"categories":[62],"tags":[711,2487,2697,2748,807],"suno_strategy":[],"class_list":["post-83750","post","type-post","status-publish","format-standard","has-post-thumbnail","hentry","category-economia","tag-china","tag-coronavirus","tag-iif","tag-pandemia","tag-produto-interno-bruto-pib"],"yoast_head":"<!-- This site is optimized with the Yoast SEO plugin v24.4 - https:\/\/yoast.com\/wordpress\/plugins\/seo\/ -->\n<title>Mundo deve ter contra\u00e7\u00e3o de 3,8% do PIB, com piora em China e \u00cdndia<\/title>\n<meta name=\"description\" content=\"O IIF estimou nessa quinta que a recess\u00e3o mundial dever\u00e1 ser de 3,8% do Produto Interno Bruto (PIB) nesse ano. Clique aqui para saber mais.\" \/>\n<meta name=\"robots\" content=\"index, follow, max-snippet:-1, max-image-preview:large, max-video-preview:-1\" \/>\n<link rel=\"canonical\" href=\"https:\/\/www.suno.com.br\/noticias\/mundo-contracao-pib-china-india-iif\/\" \/>\n<meta property=\"og:locale\" content=\"pt_BR\" \/>\n<meta property=\"og:type\" content=\"article\" \/>\n<meta property=\"og:title\" content=\"Mundo deve ter contra\u00e7\u00e3o de 3,8% do PIB, com piora em China e \u00cdndia\" \/>\n<meta property=\"og:description\" content=\"O IIF estimou nessa quinta que a recess\u00e3o mundial dever\u00e1 ser de 3,8% do Produto Interno Bruto (PIB) nesse ano. Clique aqui para saber mais.\" \/>\n<meta property=\"og:url\" content=\"https:\/\/www.suno.com.br\/noticias\/mundo-contracao-pib-china-india-iif\/\" \/>\n<meta property=\"og:site_name\" content=\"Suno Not\u00edcias\" \/>\n<meta property=\"article:publisher\" content=\"https:\/\/facebook.com\/sunoresearch\" \/>\n<meta property=\"og:image\" content=\"https:\/\/files.sunoresearch.com.br\/n\/uploads\/2019\/09\/4bda7f5e-pib.jpg\" \/>\n\t<meta property=\"og:image:width\" content=\"1200\" \/>\n\t<meta property=\"og:image:height\" content=\"630\" \/>\n\t<meta property=\"og:image:type\" content=\"image\/jpeg\" \/>\n<meta name=\"author\" content=\"Laura Moutinho\" \/>\n<meta name=\"twitter:card\" content=\"summary_large_image\" \/>\n<meta name=\"twitter:creator\" content=\"@sunoresearch\" \/>\n<meta name=\"twitter:site\" content=\"@sunoresearch\" \/>\n<meta name=\"twitter:label1\" content=\"Escrito por\" \/>\n\t<meta name=\"twitter:data1\" content=\"Laura Moutinho\" \/>\n\t<meta name=\"twitter:label2\" content=\"Est. tempo de leitura\" \/>\n\t<meta name=\"twitter:data2\" content=\"2 minutos\" \/>\n<script type=\"application\/ld+json\" class=\"yoast-schema-graph\">{\"@context\":\"https:\/\/schema.org\",\"@graph\":[{\"@type\":\"NewsArticle\",\"@id\":\"https:\/\/www.suno.com.br\/noticias\/mundo-contracao-pib-china-india-iif\/#article\",\"isPartOf\":{\"@id\":\"https:\/\/www.suno.com.br\/noticias\/mundo-contracao-pib-china-india-iif\/\"},\"author\":{\"name\":\"Laura Moutinho\",\"@id\":\"https:\/\/www.suno.com.br\/noticias\/#\/schema\/person\/3df0d2808748b74496efe5dbeaef2c72\"},\"headline\":\"Mundo deve ter contra\u00e7\u00e3o de 3,8% do PIB, com piora em China e \u00cdndia\",\"datePublished\":\"2020-09-10T18:53:35+00:00\",\"dateModified\":\"2020-09-10T19:35:22+00:00\",\"mainEntityOfPage\":{\"@id\":\"https:\/\/www.suno.com.br\/noticias\/mundo-contracao-pib-china-india-iif\/\"},\"wordCount\":398,\"publisher\":{\"@id\":\"https:\/\/www.suno.com.br\/noticias\/#organization\"},\"image\":{\"@id\":\"https:\/\/www.suno.com.br\/noticias\/mundo-contracao-pib-china-india-iif\/#primaryimage\"},\"thumbnailUrl\":\"https:\/\/files.sunoresearch.com.br\/n\/uploads\/2019\/09\/4bda7f5e-pib-jpg.webp\",\"keywords\":[\"China\",\"coronav\u00edrus\",\"IIF\",\"pandemia\",\"Produto Interno Bruto (PIB)\"],\"articleSection\":[\"Economia\"],\"inLanguage\":\"pt-BR\"},{\"@type\":\"WebPage\",\"@id\":\"https:\/\/www.suno.com.br\/noticias\/mundo-contracao-pib-china-india-iif\/\",\"url\":\"https:\/\/www.suno.com.br\/noticias\/mundo-contracao-pib-china-india-iif\/\",\"name\":\"Mundo deve ter contra\u00e7\u00e3o de 3,8% do PIB, com piora em China e \u00cdndia\",\"isPartOf\":{\"@id\":\"https:\/\/www.suno.com.br\/noticias\/#website\"},\"primaryImageOfPage\":{\"@id\":\"https:\/\/www.suno.com.br\/noticias\/mundo-contracao-pib-china-india-iif\/#primaryimage\"},\"image\":{\"@id\":\"https:\/\/www.suno.com.br\/noticias\/mundo-contracao-pib-china-india-iif\/#primaryimage\"},\"thumbnailUrl\":\"https:\/\/files.sunoresearch.com.br\/n\/uploads\/2019\/09\/4bda7f5e-pib-jpg.webp\",\"datePublished\":\"2020-09-10T18:53:35+00:00\",\"dateModified\":\"2020-09-10T19:35:22+00:00\",\"description\":\"O IIF estimou nessa quinta que a recess\u00e3o mundial dever\u00e1 ser de 3,8% do Produto Interno Bruto (PIB) nesse ano. Clique aqui para saber mais.\",\"breadcrumb\":{\"@id\":\"https:\/\/www.suno.com.br\/noticias\/mundo-contracao-pib-china-india-iif\/#breadcrumb\"},\"inLanguage\":\"pt-BR\",\"potentialAction\":[{\"@type\":\"ReadAction\",\"target\":[\"https:\/\/www.suno.com.br\/noticias\/mundo-contracao-pib-china-india-iif\/\"]}]},{\"@type\":\"ImageObject\",\"inLanguage\":\"pt-BR\",\"@id\":\"https:\/\/www.suno.com.br\/noticias\/mundo-contracao-pib-china-india-iif\/#primaryimage\",\"url\":\"https:\/\/files.sunoresearch.com.br\/n\/uploads\/2019\/09\/4bda7f5e-pib-jpg.webp\",\"contentUrl\":\"https:\/\/files.sunoresearch.com.br\/n\/uploads\/2019\/09\/4bda7f5e-pib-jpg.webp\",\"width\":1200,\"height\":630,\"caption\":\"O IIF estimou nessa quinta que a recess\u00e3o mundial dever\u00e1 ser de 3,8% do Produto Interno Bruto (PIB) nesse ano.\"},{\"@type\":\"BreadcrumbList\",\"@id\":\"https:\/\/www.suno.com.br\/noticias\/mundo-contracao-pib-china-india-iif\/#breadcrumb\",\"itemListElement\":[{\"@type\":\"ListItem\",\"position\":1,\"name\":\"Not\u00edcias\",\"item\":\"https:\/\/www.suno.com.br\/noticias\/\"},{\"@type\":\"ListItem\",\"position\":2,\"name\":\"Economia\",\"item\":\"https:\/\/www.suno.com.br\/noticias\/economia\/\"},{\"@type\":\"ListItem\",\"position\":3,\"name\":\"Mundo deve ter contra\u00e7\u00e3o de 3,8% do PIB, com piora em China e \u00cdndia\"}]},{\"@type\":\"WebSite\",\"@id\":\"https:\/\/www.suno.com.br\/noticias\/#website\",\"url\":\"https:\/\/www.suno.com.br\/noticias\/\",\"name\":\"Suno Not\u00edcias\",\"description\":\"Seu portal de informa\u00e7\u00e3o sobre o mundo dos investimentos\",\"publisher\":{\"@id\":\"https:\/\/www.suno.com.br\/noticias\/#organization\"},\"potentialAction\":[{\"@type\":\"SearchAction\",\"target\":{\"@type\":\"EntryPoint\",\"urlTemplate\":\"https:\/\/www.suno.com.br\/noticias\/?s={search_term_string}\"},\"query-input\":{\"@type\":\"PropertyValueSpecification\",\"valueRequired\":true,\"valueName\":\"search_term_string\"}}],\"inLanguage\":\"pt-BR\"},{\"@type\":\"Organization\",\"@id\":\"https:\/\/www.suno.com.br\/noticias\/#organization\",\"name\":\"Suno Not\u00edcias\",\"url\":\"https:\/\/www.suno.com.br\/noticias\/\",\"logo\":{\"@type\":\"ImageObject\",\"inLanguage\":\"pt-BR\",\"@id\":\"https:\/\/www.suno.com.br\/noticias\/#\/schema\/logo\/image\/\",\"url\":\"https:\/\/files.sunoresearch.com.br\/n\/uploads\/2021\/09\/suno-logo.png\",\"contentUrl\":\"https:\/\/files.sunoresearch.com.br\/n\/uploads\/2021\/09\/suno-logo.png\",\"width\":180,\"height\":180,\"caption\":\"Suno Not\u00edcias\"},\"image\":{\"@id\":\"https:\/\/www.suno.com.br\/noticias\/#\/schema\/logo\/image\/\"},\"sameAs\":[\"https:\/\/facebook.com\/sunoresearch\",\"https:\/\/x.com\/sunoresearch\",\"https:\/\/www.instagram.com\/suno\",\"https:\/\/www.linkedin.com\/company\/suno-research\/\",\"https:\/\/www.youtube.com\/c\/sunoresearch\"]},{\"@type\":\"Person\",\"@id\":\"https:\/\/www.suno.com.br\/noticias\/#\/schema\/person\/3df0d2808748b74496efe5dbeaef2c72\",\"name\":\"Laura Moutinho\",\"image\":{\"@type\":\"ImageObject\",\"inLanguage\":\"pt-BR\",\"@id\":\"https:\/\/www.suno.com.br\/noticias\/#\/schema\/person\/image\/\",\"url\":\"https:\/\/secure.gravatar.com\/avatar\/7571c7c8ca3a6fca5e41384ece5557ff?s=96&r=g\",\"contentUrl\":\"https:\/\/secure.gravatar.com\/avatar\/7571c7c8ca3a6fca5e41384ece5557ff?s=96&r=g\",\"caption\":\"Laura Moutinho\"},\"description\":\"Estagi\u00e1ria na Suno Not\u00edcias, escreve not\u00edcias que afetam o mercado financeiro. Estuda administra\u00e7\u00e3o na Universidade Presbiteriana Mackenzie.\",\"url\":\"https:\/\/www.suno.com.br\/noticias\/author\/laura-moutinho\/\"}]}<\/script>\n<!-- \/ Yoast SEO plugin. -->","yoast_head_json":{"title":"Mundo deve ter contra\u00e7\u00e3o de 3,8% do PIB, com piora em China e \u00cdndia","description":"O IIF estimou nessa quinta que a recess\u00e3o mundial dever\u00e1 ser de 3,8% do Produto Interno Bruto (PIB) nesse ano. Clique aqui para saber mais.","robots":{"index":"index","follow":"follow","max-snippet":"max-snippet:-1","max-image-preview":"max-image-preview:large","max-video-preview":"max-video-preview:-1"},"canonical":"https:\/\/www.suno.com.br\/noticias\/mundo-contracao-pib-china-india-iif\/","og_locale":"pt_BR","og_type":"article","og_title":"Mundo deve ter contra\u00e7\u00e3o de 3,8% do PIB, com piora em China e \u00cdndia","og_description":"O IIF estimou nessa quinta que a recess\u00e3o mundial dever\u00e1 ser de 3,8% do Produto Interno Bruto (PIB) nesse ano. Clique aqui para saber mais.","og_url":"https:\/\/www.suno.com.br\/noticias\/mundo-contracao-pib-china-india-iif\/","og_site_name":"Suno Not\u00edcias","article_publisher":"https:\/\/facebook.com\/sunoresearch","og_image":[{"width":1200,"height":630,"url":"https:\/\/files.sunoresearch.com.br\/n\/uploads\/2019\/09\/4bda7f5e-pib.jpg","type":"image\/jpeg"}],"author":"Laura Moutinho","twitter_card":"summary_large_image","twitter_creator":"@sunoresearch","twitter_site":"@sunoresearch","twitter_misc":{"Escrito por":"Laura Moutinho","Est. tempo de leitura":"2 minutos"},"schema":{"@context":"https:\/\/schema.org","@graph":[{"@type":"NewsArticle","@id":"https:\/\/www.suno.com.br\/noticias\/mundo-contracao-pib-china-india-iif\/#article","isPartOf":{"@id":"https:\/\/www.suno.com.br\/noticias\/mundo-contracao-pib-china-india-iif\/"},"author":{"name":"Laura Moutinho","@id":"https:\/\/www.suno.com.br\/noticias\/#\/schema\/person\/3df0d2808748b74496efe5dbeaef2c72"},"headline":"Mundo deve ter contra\u00e7\u00e3o de 3,8% do PIB, com piora em China e \u00cdndia","datePublished":"2020-09-10T18:53:35+00:00","dateModified":"2020-09-10T19:35:22+00:00","mainEntityOfPage":{"@id":"https:\/\/www.suno.com.br\/noticias\/mundo-contracao-pib-china-india-iif\/"},"wordCount":398,"publisher":{"@id":"https:\/\/www.suno.com.br\/noticias\/#organization"},"image":{"@id":"https:\/\/www.suno.com.br\/noticias\/mundo-contracao-pib-china-india-iif\/#primaryimage"},"thumbnailUrl":"https:\/\/files.sunoresearch.com.br\/n\/uploads\/2019\/09\/4bda7f5e-pib-jpg.webp","keywords":["China","coronav\u00edrus","IIF","pandemia","Produto Interno Bruto (PIB)"],"articleSection":["Economia"],"inLanguage":"pt-BR"},{"@type":"WebPage","@id":"https:\/\/www.suno.com.br\/noticias\/mundo-contracao-pib-china-india-iif\/","url":"https:\/\/www.suno.com.br\/noticias\/mundo-contracao-pib-china-india-iif\/","name":"Mundo deve ter contra\u00e7\u00e3o de 3,8% do PIB, com piora em China e \u00cdndia","isPartOf":{"@id":"https:\/\/www.suno.com.br\/noticias\/#website"},"primaryImageOfPage":{"@id":"https:\/\/www.suno.com.br\/noticias\/mundo-contracao-pib-china-india-iif\/#primaryimage"},"image":{"@id":"https:\/\/www.suno.com.br\/noticias\/mundo-contracao-pib-china-india-iif\/#primaryimage"},"thumbnailUrl":"https:\/\/files.sunoresearch.com.br\/n\/uploads\/2019\/09\/4bda7f5e-pib-jpg.webp","datePublished":"2020-09-10T18:53:35+00:00","dateModified":"2020-09-10T19:35:22+00:00","description":"O IIF estimou nessa quinta que a recess\u00e3o mundial dever\u00e1 ser de 3,8% do Produto Interno Bruto (PIB) nesse ano. Clique aqui para saber mais.","breadcrumb":{"@id":"https:\/\/www.suno.com.br\/noticias\/mundo-contracao-pib-china-india-iif\/#breadcrumb"},"inLanguage":"pt-BR","potentialAction":[{"@type":"ReadAction","target":["https:\/\/www.suno.com.br\/noticias\/mundo-contracao-pib-china-india-iif\/"]}]},{"@type":"ImageObject","inLanguage":"pt-BR","@id":"https:\/\/www.suno.com.br\/noticias\/mundo-contracao-pib-china-india-iif\/#primaryimage","url":"https:\/\/files.sunoresearch.com.br\/n\/uploads\/2019\/09\/4bda7f5e-pib-jpg.webp","contentUrl":"https:\/\/files.sunoresearch.com.br\/n\/uploads\/2019\/09\/4bda7f5e-pib-jpg.webp","width":1200,"height":630,"caption":"O IIF estimou nessa quinta que a recess\u00e3o mundial dever\u00e1 ser de 3,8% do Produto Interno Bruto (PIB) nesse ano."},{"@type":"BreadcrumbList","@id":"https:\/\/www.suno.com.br\/noticias\/mundo-contracao-pib-china-india-iif\/#breadcrumb","itemListElement":[{"@type":"ListItem","position":1,"name":"Not\u00edcias","item":"https:\/\/www.suno.com.br\/noticias\/"},{"@type":"ListItem","position":2,"name":"Economia","item":"https:\/\/www.suno.com.br\/noticias\/economia\/"},{"@type":"ListItem","position":3,"name":"Mundo deve ter contra\u00e7\u00e3o de 3,8% do PIB, com piora em China e \u00cdndia"}]},{"@type":"WebSite","@id":"https:\/\/www.suno.com.br\/noticias\/#website","url":"https:\/\/www.suno.com.br\/noticias\/","name":"Suno Not\u00edcias","description":"Seu portal de informa\u00e7\u00e3o sobre o mundo dos investimentos","publisher":{"@id":"https:\/\/www.suno.com.br\/noticias\/#organization"},"potentialAction":[{"@type":"SearchAction","target":{"@type":"EntryPoint","urlTemplate":"https:\/\/www.suno.com.br\/noticias\/?s={search_term_string}"},"query-input":{"@type":"PropertyValueSpecification","valueRequired":true,"valueName":"search_term_string"}}],"inLanguage":"pt-BR"},{"@type":"Organization","@id":"https:\/\/www.suno.com.br\/noticias\/#organization","name":"Suno Not\u00edcias","url":"https:\/\/www.suno.com.br\/noticias\/","logo":{"@type":"ImageObject","inLanguage":"pt-BR","@id":"https:\/\/www.suno.com.br\/noticias\/#\/schema\/logo\/image\/","url":"https:\/\/files.sunoresearch.com.br\/n\/uploads\/2021\/09\/suno-logo.png","contentUrl":"https:\/\/files.sunoresearch.com.br\/n\/uploads\/2021\/09\/suno-logo.png","width":180,"height":180,"caption":"Suno Not\u00edcias"},"image":{"@id":"https:\/\/www.suno.com.br\/noticias\/#\/schema\/logo\/image\/"},"sameAs":["https:\/\/facebook.com\/sunoresearch","https:\/\/x.com\/sunoresearch","https:\/\/www.instagram.com\/suno","https:\/\/www.linkedin.com\/company\/suno-research\/","https:\/\/www.youtube.com\/c\/sunoresearch"]},{"@type":"Person","@id":"https:\/\/www.suno.com.br\/noticias\/#\/schema\/person\/3df0d2808748b74496efe5dbeaef2c72","name":"Laura Moutinho","image":{"@type":"ImageObject","inLanguage":"pt-BR","@id":"https:\/\/www.suno.com.br\/noticias\/#\/schema\/person\/image\/","url":"https:\/\/secure.gravatar.com\/avatar\/7571c7c8ca3a6fca5e41384ece5557ff?s=96&r=g","contentUrl":"https:\/\/secure.gravatar.com\/avatar\/7571c7c8ca3a6fca5e41384ece5557ff?s=96&r=g","caption":"Laura Moutinho"},"description":"Estagi\u00e1ria na Suno Not\u00edcias, escreve not\u00edcias que afetam o mercado financeiro. Estuda administra\u00e7\u00e3o na Universidade Presbiteriana Mackenzie.","url":"https:\/\/www.suno.com.br\/noticias\/author\/laura-moutinho\/"}]}},"default_loop_html":"<div class=\"cardsPage__listCard__boxs\"><div class=\"cardsPage__listCard__boxs__img\"><a href=\"https:\/\/www.suno.com.br\/noticias\/mundo-contracao-pib-china-india-iif\/\"><img class=\"mask\" src=\"https:\/\/www.suno.com.br\/noticias\/wp-content\/themes\/suno\/resources\/images\/spotlight\/spotlight1img\/bg-mask.png\" alt=\"Image Mask\"\/><img src=\"https:\/\/files.sunoresearch.com.br\/n\/uploads\/2019\/09\/4bda7f5e-pib-400x200.webp\" alt=\"Mundo deve ter contra\u00e7\u00e3o de 3,8% do PIB, com piora em China e \u00cdndia\"\/><\/a><span class=\"spotlightCategory\"><a href=\"https:\/\/www.suno.com.br\/noticias\/economia\/\">Economia<\/a><\/span><\/div><div class=\"cardsPage__listCard__boxs__content\"><a href=\"https:\/\/www.suno.com.br\/noticias\/mundo-contracao-pib-china-india-iif\/\"><h2 class=\"content__title\">Mundo deve ter contra\u00e7\u00e3o de 3,8% do PIB, com piora em China e \u00cdndia<\/h2><\/a><div class=\"newsContent__article__meta\"><div class=\"newsContent__article__meta__authorBox\"><a href=\"https:\/\/www.suno.com.br\/noticias\/author\/laura-moutinho\/\" class=\"authorBox__avatar noMobi\"><img src=\"https:\/\/files.sunoresearch.com.br\/n\/uploads\/2020\/08\/531ff69d-whatsapp-image-2020-08-03-at-14.54.38-150x150.webp\" alt=\"Laura Moutinho\"><\/a><div class=\"authorBox__name\"><span>por\n\t\t\t<a href=\"https:\/\/www.suno.com.br\/noticias\/author\/laura-moutinho\/\"><span itemprop=\"author\">Laura Moutinho<\/span><\/a><\/span><time datetime=\"2020-09-10T15:53:35-03:00\" itemprop=\"datePublished\">10\/09\/2020 15:53<\/time><\/div><\/div><\/div><\/div><\/div>","single_layout":"posts","amp_enabled":true,"_links":{"self":[{"href":"https:\/\/www.suno.com.br\/noticias\/wp-json\/wp\/v2\/posts\/83750"}],"collection":[{"href":"https:\/\/www.suno.com.br\/noticias\/wp-json\/wp\/v2\/posts"}],"about":[{"href":"https:\/\/www.suno.com.br\/noticias\/wp-json\/wp\/v2\/types\/post"}],"author":[{"embeddable":true,"href":"https:\/\/www.suno.com.br\/noticias\/wp-json\/wp\/v2\/users\/39"}],"replies":[{"embeddable":true,"href":"https:\/\/www.suno.com.br\/noticias\/wp-json\/wp\/v2\/comments?post=83750"}],"version-history":[{"count":0,"href":"https:\/\/www.suno.com.br\/noticias\/wp-json\/wp\/v2\/posts\/83750\/revisions"}],"wp:featuredmedia":[{"embeddable":true,"href":"https:\/\/www.suno.com.br\/noticias\/wp-json\/wp\/v2\/media\/38992"}],"wp:attachment":[{"href":"https:\/\/www.suno.com.br\/noticias\/wp-json\/wp\/v2\/media?parent=83750"}],"wp:term":[{"taxonomy":"category","embeddable":true,"href":"https:\/\/www.suno.com.br\/noticias\/wp-json\/wp\/v2\/categories?post=83750"},{"taxonomy":"post_tag","embeddable":true,"href":"https:\/\/www.suno.com.br\/noticias\/wp-json\/wp\/v2\/tags?post=83750"},{"taxonomy":"suno_strategy","embeddable":true,"href":"https:\/\/www.suno.com.br\/noticias\/wp-json\/wp\/v2\/suno_strategy?post=83750"}],"curies":[{"name":"wp","href":"https:\/\/api.w.org\/{rel}","templated":true}]}}