{"id":83695,"date":"2020-09-10T12:03:31","date_gmt":"2020-09-10T15:03:31","guid":{"rendered":"https:\/\/www.suno.com.br\/noticias\/?p=83695"},"modified":"2020-09-10T12:03:31","modified_gmt":"2020-09-10T15:03:31","slug":"bnp-paribas-pib-fiscal","status":"publish","type":"post","link":"https:\/\/www.suno.com.br\/noticias\/bnp-paribas-pib-fiscal\/","title":{"rendered":"BNP Paribas prev\u00ea queda de -5% no PIB e preocupa\u00e7\u00e3o com situa\u00e7\u00e3o fiscal"},"content":{"rendered":"<p>A crise causada pelo novo <a href=\"https:\/\/www.suno.com.br\/noticias\/tags\/coronavirus\/\">coronav\u00edrus (covid-19)<\/a> deve fazer com que o <a href=\"https:\/\/www.suno.com.br\/artigos\/pib-produto-interno-bruto\/\">Produto Interno Bruto (PIB)<\/a> brasileiro caia -5% em 2020, segundo avalia\u00e7\u00e3o do banco <strong>BNP Paribas<\/strong>. O resultado, por\u00e9m, \u00e9 melhor do que a \u00faltima previs\u00e3o da institui\u00e7\u00e3o financeira, que previa uma queda de -7% da economia brasileira.<\/p>\t<div class=\"wrapper-featured-image\">\n\t\t<figure class=\"spotlightImg\">\n\n\t\t\t<picture>\n\t\t\t\t<source media=\"(max-width: 768px)\" srcset=\"https:\/\/files.sunoresearch.com.br\/n\/uploads\/2019\/10\/cedec78a-bnp-paribas-400x200.webp\">\n\t\t\t\t<img loading=\"lazy\" decoding=\"async\" class=\"newsContent__article__imgCapa lazyloadDisabled \" src=\"https:\/\/files.sunoresearch.com.br\/n\/uploads\/2019\/10\/cedec78a-bnp-paribas-800x450.webp\" width=\"800\" height=\"450\" alt=\"BNP Paribas prev\u00ea queda de -5% no PIB e preocupa\u00e7\u00e3o com situa\u00e7\u00e3o fiscal\" fetchpriority=high \/>\n\t\t\t<\/picture>\n\n\t\t\t<figcaption class=\"wp-caption-text wp-caption-text--show\">BNP Paribas prev\u00ea queda de -5% no PIB e preocupa\u00e7\u00e3o com situa\u00e7\u00e3o fiscal<\/figcaption>\n\t\t<\/figure>\n\t<\/div>\n\n\n<div class=\"hubspot-form-wrapper\">\n\t<div id=\"single-form-target\"><\/div>\n<\/div>\n\n<p>&#8220;T\u00ednhamos uma queda de -7% e hoje est\u00e1 -5% para o PIB do Brasil neste ano. A principal diferen\u00e7a foi o segundo trimestre que, aos olhos de maio, parecia um cen\u00e1rio bastante negativo, com a economia fechada. Mas, o que observamos de l\u00e1 para c\u00e1 foi uma recupera\u00e7\u00e3o maior do que imagin\u00e1vamos&#8221;, disse\u00a0Gustavo Arruda, economista-chefe do BNP Paribas.<\/p>\n<p>Para Arruda, a expans\u00e3o da pol\u00edtica fiscal no Brasil, principalmente relacionada ao <a href=\"https:\/\/www.suno.com.br\/noticias\/tags\/coronavoucher\/\">coronavoucher<\/a>, ajudou o Pa\u00eds a ter uma queda menor que a esperada do PIB em 2020. &#8220;A explica\u00e7\u00e3o \u00e9 a pol\u00edtica fiscal que se olharmos a an\u00e1lise era baseada que o coronavoucher duraria tr\u00eas meses e o custo seria de 2,5% do PIB. Agora, vemos que vai custar 5% do PIB s\u00f3 ele. Ent\u00e3o isso surpreendeu e ajudou muito a suaviza\u00e7\u00e3o da crise&#8221;, disse o economista-chefe.<\/p>\n<p><a href=\"https:\/\/lp.suno.com.br\/suno-one\/\">Suno One: acesse gratuitamente eBooks, Minicursos, Artigos e Video Aulas sobre investimentos com um \u00fanico cadastro. Clique para saber mais!<\/a><\/p>\n<p>Mesmo com o melhor desempenho da economia no \u00faltimo trimestre, o quatro trimestre j\u00e1 deve mostrar uma desacelera\u00e7\u00e3o da recupera\u00e7\u00e3o no Brasil, dado que a pol\u00edtica fiscal expansionista deve ser diminu\u00edda.<\/p>\n<p>&#8220;No Brasil, assim como nos outros pa\u00edses, a economia esta incentivada por pol\u00edticas fiscais que devem acabar. Aqui, h\u00e1 o coronavoucher que passar\u00e1 a metade em setembro e no final do ano ir\u00e1 acabar&#8221;, concluiu.<\/p>\n<p>Por isso, os n\u00fameros do pr\u00f3ximo trimestre n\u00e3o devem surpreender positivamente como os do terceiro trimestre.<\/p>\n<p>&#8220;Esperamos uma desacelera\u00e7\u00e3o para o quarto trimestre. Os n\u00fameros, em especial nos pa\u00edses desenvolvidos, t\u00eam mostrado uma desacelera\u00e7\u00e3o e devemos perder um pouco de f\u00f4lego. N\u00e3o seria sustent\u00e1vel uma recupera\u00e7\u00e3o t\u00e3o forte quanto a do terceiro trimestre, mas temos que lembrar que com a recupera\u00e7\u00e3o mais lenta, demoramos mais para chegar ao mesmo patamar de antes da crise&#8221;, afirmou Arruda.<\/p>\n<h2>BNP Paribas v\u00ea situa\u00e7\u00e3o fiscal como preocupante<\/h2>\n<p>O executivo do BNP Paribas tamb\u00e9m se mostrou preocupado com a situa\u00e7\u00e3o fiscal no Brasil. Para Gustavo Arruda,<\/p>\n<p>&#8220;Para o caso do Brasil, o que chama a aten\u00e7\u00e3o \u00e9 o tamanho do incentivo fiscal, que explica boa parte da surpresa que estamos vendo nos n\u00fameros, mas \u00e9 fundamental observarmos a retirada dos est\u00edmulos para o ano que vem&#8221;, disse.<\/p>\n<p>Segundo o economista-chefe do BNP, o Brasil optou por utilizar toda a capacidade de est\u00edmulos neste ano e, dada a rela\u00e7\u00e3o d\u00edvida x PIB, n\u00e3o possui capacidade de manter o coronavoucher para o ano que vem.<\/p>\n\t<div data-element=\"shortcode-read-more\" class=\"knowMore\">\n\t\t\t\t<span class=\"knowMore__title\">Veja tamb\u00e9m<\/span>\n\t\t\t\t<a class=\"knowMore__link\" href=\"https:\/\/www.suno.com.br\/noticias\/bnp-paribas-taxa-selic-15\/\">\n\t\t\tBNP Paribas espera taxa Selic a 1,5% ao ano ainda em 2020\t\t<\/a>\n\t<\/div>\n\n\n<p>&#8220;O Brasil fez uma op\u00e7\u00e3o de fazer todo o incentivo fiscal de uma vez e para o ano que vem n\u00e3o tem espa\u00e7o. Se olharmos os gastos p\u00fablicos chegando pr\u00f3ximos a 100% do PIB,\u00a0 o custo de manuten\u00e7\u00e3o de uma d\u00edvida \u00e9 muito pequeno, portanto n\u00e3o h\u00e1 muita margem para erro&#8221;, disse.<\/p>\n<p>Por isso, o governo Bolsonaro precisa sinalizar ao mercado que a pol\u00edtica de incentivos deve acabar. A equipe econ\u00f4mica do governo vem sofrendo press\u00e3o pela manuten\u00e7\u00e3o do aux\u00edlio de forma a suportar o aumento de popularidade que prov\u00e9m da oferta do coronavoucher, principalmente em locais de menor renda.<\/p>\n<p>&#8220;O que foi feito foi necess\u00e1rio, mas \u00e9 importante sinalizar e finalizar as pol\u00edticas de incentivo&#8221;, concluiu o economista-chefe do <strong>BNP Paribas<\/strong>.<\/p>\n\t<p>\n\t\t<a href=\"https:\/\/lp.suno.com.br\/planilha-de-controle-de-investimentos\/\" target=\"_blank\" data-element=\"shortcode-suno-banner\" title=\"Banner SUNO, clique e saiba mais\">\n\t\t\t<picture>\n\t\t\t\t<source media=\"(max-width: 500px)\" srcset=\"https:\/\/files.sunoresearch.com.br\/n\/uploads\/2023\/03\/400x300-Controle-de-Investimentos.png\">\n\t\t\t\t<img class=\"newsContent__article__imgCapa newsContent__article__imgCapa--banner\"\n\t\t\t\t\tsrc=\"https:\/\/files.sunoresearch.com.br\/n\/uploads\/2023\/03\/1420x240-Controle-de-Investimentos.png\"\n\t\t\t\t\tdata-promo-id=\"75934\"\t\t\t\t\t\t\t\t\t\twidth='1420' height='240'\t\t\t\t\talt=\"https:\/\/files.sunoresearch.com.br\/n\/uploads\/2023\/03\/1420x240-Controle-de-Investimentos.png\"\n\t\t\t\t>\n\t\t\t<\/picture>\n\t\t<\/a>\n\t<\/p>\n\n\n","protected":false},"excerpt":{"rendered":"<p>A crise causada pelo novo coronav\u00edrus (covid-19) deve fazer com que o Produto Interno Bruto (PIB) brasileiro caia -5% em 2020, segundo avalia\u00e7\u00e3o do banco BNP Paribas. O resultado, por\u00e9m, \u00e9 melhor do que a \u00faltima previs\u00e3o da institui\u00e7\u00e3o financeira, que previa uma queda de -7% da economia brasileira. BNP Paribas prev\u00ea queda de -5% [&hellip;]<\/p>\n","protected":false},"author":27,"featured_media":43202,"comment_status":"closed","ping_status":"closed","sticky":false,"template":"","format":"standard","meta":[],"categories":[62],"tags":[1385,740,807],"suno_strategy":[],"class_list":["post-83695","post","type-post","status-publish","format-standard","has-post-thumbnail","hentry","category-economia","tag-bnp-paribas","tag-economia","tag-produto-interno-bruto-pib"],"yoast_head":"<!-- This site is optimized with the Yoast SEO plugin v24.4 - https:\/\/yoast.com\/wordpress\/plugins\/seo\/ -->\n<title>BNP Paribas prev\u00ea queda de -5% no PIB e preocupa\u00e7\u00e3o com fiscal<\/title>\n<meta name=\"description\" content=\"Para banco BNP Paribas, o PIB brasileiro deve cair menos que o esperad gra\u00e7as ao coronavoucher. Clique aqui para ler mais.\" \/>\n<meta name=\"robots\" content=\"index, follow, max-snippet:-1, max-image-preview:large, max-video-preview:-1\" \/>\n<link rel=\"canonical\" href=\"https:\/\/www.suno.com.br\/noticias\/bnp-paribas-pib-fiscal\/\" \/>\n<meta property=\"og:locale\" content=\"pt_BR\" \/>\n<meta property=\"og:type\" content=\"article\" \/>\n<meta property=\"og:title\" content=\"BNP Paribas prev\u00ea queda de -5% no PIB e preocupa\u00e7\u00e3o com fiscal\" \/>\n<meta property=\"og:description\" content=\"Para banco BNP Paribas, o PIB brasileiro deve cair menos que o esperad gra\u00e7as ao coronavoucher. Clique aqui para ler mais.\" \/>\n<meta property=\"og:url\" content=\"https:\/\/www.suno.com.br\/noticias\/bnp-paribas-pib-fiscal\/\" \/>\n<meta property=\"og:site_name\" content=\"Suno Not\u00edcias\" \/>\n<meta property=\"article:publisher\" content=\"https:\/\/facebook.com\/sunoresearch\" \/>\n<meta property=\"og:image\" content=\"https:\/\/files.sunoresearch.com.br\/n\/uploads\/2019\/10\/cedec78a-bnp-paribas.jpg\" \/>\n\t<meta property=\"og:image:width\" content=\"1920\" \/>\n\t<meta property=\"og:image:height\" content=\"1257\" \/>\n\t<meta property=\"og:image:type\" content=\"image\/jpeg\" \/>\n<meta name=\"author\" content=\"Vinicius Pereira\" \/>\n<meta name=\"twitter:card\" content=\"summary_large_image\" \/>\n<meta name=\"twitter:creator\" content=\"@https:\/\/twitter.com\/viniciuspjornal\" \/>\n<meta name=\"twitter:site\" content=\"@sunoresearch\" \/>\n<meta name=\"twitter:label1\" content=\"Escrito por\" \/>\n\t<meta name=\"twitter:data1\" content=\"Vinicius Pereira\" \/>\n\t<meta name=\"twitter:label2\" content=\"Est. tempo de leitura\" \/>\n\t<meta name=\"twitter:data2\" content=\"3 minutos\" \/>\n<script type=\"application\/ld+json\" class=\"yoast-schema-graph\">{\"@context\":\"https:\/\/schema.org\",\"@graph\":[{\"@type\":\"NewsArticle\",\"@id\":\"https:\/\/www.suno.com.br\/noticias\/bnp-paribas-pib-fiscal\/#article\",\"isPartOf\":{\"@id\":\"https:\/\/www.suno.com.br\/noticias\/bnp-paribas-pib-fiscal\/\"},\"author\":{\"name\":\"Vinicius Pereira\",\"@id\":\"https:\/\/www.suno.com.br\/noticias\/#\/schema\/person\/a20761b96e4df7eb57f1f9e41be1dbf3\"},\"headline\":\"BNP Paribas prev\u00ea queda de -5% no PIB e preocupa\u00e7\u00e3o com situa\u00e7\u00e3o fiscal\",\"datePublished\":\"2020-09-10T15:03:31+00:00\",\"mainEntityOfPage\":{\"@id\":\"https:\/\/www.suno.com.br\/noticias\/bnp-paribas-pib-fiscal\/\"},\"wordCount\":665,\"publisher\":{\"@id\":\"https:\/\/www.suno.com.br\/noticias\/#organization\"},\"image\":{\"@id\":\"https:\/\/www.suno.com.br\/noticias\/bnp-paribas-pib-fiscal\/#primaryimage\"},\"thumbnailUrl\":\"https:\/\/files.sunoresearch.com.br\/n\/uploads\/2019\/10\/cedec78a-bnp-paribas-jpg.webp\",\"keywords\":[\"BNP Paribas\",\"Economia\",\"Produto Interno Bruto (PIB)\"],\"articleSection\":[\"Economia\"],\"inLanguage\":\"pt-BR\"},{\"@type\":\"WebPage\",\"@id\":\"https:\/\/www.suno.com.br\/noticias\/bnp-paribas-pib-fiscal\/\",\"url\":\"https:\/\/www.suno.com.br\/noticias\/bnp-paribas-pib-fiscal\/\",\"name\":\"BNP Paribas prev\u00ea queda de -5% no PIB e preocupa\u00e7\u00e3o com fiscal\",\"isPartOf\":{\"@id\":\"https:\/\/www.suno.com.br\/noticias\/#website\"},\"primaryImageOfPage\":{\"@id\":\"https:\/\/www.suno.com.br\/noticias\/bnp-paribas-pib-fiscal\/#primaryimage\"},\"image\":{\"@id\":\"https:\/\/www.suno.com.br\/noticias\/bnp-paribas-pib-fiscal\/#primaryimage\"},\"thumbnailUrl\":\"https:\/\/files.sunoresearch.com.br\/n\/uploads\/2019\/10\/cedec78a-bnp-paribas-jpg.webp\",\"datePublished\":\"2020-09-10T15:03:31+00:00\",\"description\":\"Para banco BNP Paribas, o PIB brasileiro deve cair menos que o esperad gra\u00e7as ao coronavoucher. Clique aqui para ler mais.\",\"breadcrumb\":{\"@id\":\"https:\/\/www.suno.com.br\/noticias\/bnp-paribas-pib-fiscal\/#breadcrumb\"},\"inLanguage\":\"pt-BR\",\"potentialAction\":[{\"@type\":\"ReadAction\",\"target\":[\"https:\/\/www.suno.com.br\/noticias\/bnp-paribas-pib-fiscal\/\"]}]},{\"@type\":\"ImageObject\",\"inLanguage\":\"pt-BR\",\"@id\":\"https:\/\/www.suno.com.br\/noticias\/bnp-paribas-pib-fiscal\/#primaryimage\",\"url\":\"https:\/\/files.sunoresearch.com.br\/n\/uploads\/2019\/10\/cedec78a-bnp-paribas-jpg.webp\",\"contentUrl\":\"https:\/\/files.sunoresearch.com.br\/n\/uploads\/2019\/10\/cedec78a-bnp-paribas-jpg.webp\",\"width\":1920,\"height\":1257,\"caption\":\"BNP Paribas prev\u00ea queda de -5% no PIB e preocupa\u00e7\u00e3o com situa\u00e7\u00e3o fiscal\"},{\"@type\":\"BreadcrumbList\",\"@id\":\"https:\/\/www.suno.com.br\/noticias\/bnp-paribas-pib-fiscal\/#breadcrumb\",\"itemListElement\":[{\"@type\":\"ListItem\",\"position\":1,\"name\":\"Not\u00edcias\",\"item\":\"https:\/\/www.suno.com.br\/noticias\/\"},{\"@type\":\"ListItem\",\"position\":2,\"name\":\"Economia\",\"item\":\"https:\/\/www.suno.com.br\/noticias\/economia\/\"},{\"@type\":\"ListItem\",\"position\":3,\"name\":\"BNP Paribas prev\u00ea queda de -5% no PIB e preocupa\u00e7\u00e3o com situa\u00e7\u00e3o fiscal\"}]},{\"@type\":\"WebSite\",\"@id\":\"https:\/\/www.suno.com.br\/noticias\/#website\",\"url\":\"https:\/\/www.suno.com.br\/noticias\/\",\"name\":\"Suno Not\u00edcias\",\"description\":\"Seu portal de informa\u00e7\u00e3o sobre o mundo dos investimentos\",\"publisher\":{\"@id\":\"https:\/\/www.suno.com.br\/noticias\/#organization\"},\"potentialAction\":[{\"@type\":\"SearchAction\",\"target\":{\"@type\":\"EntryPoint\",\"urlTemplate\":\"https:\/\/www.suno.com.br\/noticias\/?s={search_term_string}\"},\"query-input\":{\"@type\":\"PropertyValueSpecification\",\"valueRequired\":true,\"valueName\":\"search_term_string\"}}],\"inLanguage\":\"pt-BR\"},{\"@type\":\"Organization\",\"@id\":\"https:\/\/www.suno.com.br\/noticias\/#organization\",\"name\":\"Suno Not\u00edcias\",\"url\":\"https:\/\/www.suno.com.br\/noticias\/\",\"logo\":{\"@type\":\"ImageObject\",\"inLanguage\":\"pt-BR\",\"@id\":\"https:\/\/www.suno.com.br\/noticias\/#\/schema\/logo\/image\/\",\"url\":\"https:\/\/files.sunoresearch.com.br\/n\/uploads\/2021\/09\/suno-logo.png\",\"contentUrl\":\"https:\/\/files.sunoresearch.com.br\/n\/uploads\/2021\/09\/suno-logo.png\",\"width\":180,\"height\":180,\"caption\":\"Suno Not\u00edcias\"},\"image\":{\"@id\":\"https:\/\/www.suno.com.br\/noticias\/#\/schema\/logo\/image\/\"},\"sameAs\":[\"https:\/\/facebook.com\/sunoresearch\",\"https:\/\/x.com\/sunoresearch\",\"https:\/\/www.instagram.com\/suno\",\"https:\/\/www.linkedin.com\/company\/suno-research\/\",\"https:\/\/www.youtube.com\/c\/sunoresearch\"]},{\"@type\":\"Person\",\"@id\":\"https:\/\/www.suno.com.br\/noticias\/#\/schema\/person\/a20761b96e4df7eb57f1f9e41be1dbf3\",\"name\":\"Vinicius Pereira\",\"image\":{\"@type\":\"ImageObject\",\"inLanguage\":\"pt-BR\",\"@id\":\"https:\/\/www.suno.com.br\/noticias\/#\/schema\/person\/image\/\",\"url\":\"https:\/\/secure.gravatar.com\/avatar\/783866b933198f5cc4c5d03fcc8b1301?s=96&r=g\",\"contentUrl\":\"https:\/\/secure.gravatar.com\/avatar\/783866b933198f5cc4c5d03fcc8b1301?s=96&r=g\",\"caption\":\"Vinicius Pereira\"},\"description\":\"Vinicius Pereira foi rep\u00f3rter de economia da Folha de S.Paulo, stringer do jornal no Canad\u00e1 e colaborador de VEJA. J\u00e1 escreveu tamb\u00e9m para BBC Brasil, The Intercept Brasil e UOL. Tem MBA em Informa\u00e7\u00f5es Econ\u00f4mico-Financeiras e Mercado de Capitais pela FIA\/B3.\",\"sameAs\":[\"https:\/\/x.com\/https:\/\/twitter.com\/viniciuspjornal\"],\"url\":\"https:\/\/www.suno.com.br\/noticias\/author\/vinicius-pereira\/\"}]}<\/script>\n<!-- \/ Yoast SEO plugin. -->","yoast_head_json":{"title":"BNP Paribas prev\u00ea queda de -5% no PIB e preocupa\u00e7\u00e3o com fiscal","description":"Para banco BNP Paribas, o PIB brasileiro deve cair menos que o esperad gra\u00e7as ao coronavoucher. Clique aqui para ler mais.","robots":{"index":"index","follow":"follow","max-snippet":"max-snippet:-1","max-image-preview":"max-image-preview:large","max-video-preview":"max-video-preview:-1"},"canonical":"https:\/\/www.suno.com.br\/noticias\/bnp-paribas-pib-fiscal\/","og_locale":"pt_BR","og_type":"article","og_title":"BNP Paribas prev\u00ea queda de -5% no PIB e preocupa\u00e7\u00e3o com fiscal","og_description":"Para banco BNP Paribas, o PIB brasileiro deve cair menos que o esperad gra\u00e7as ao coronavoucher. Clique aqui para ler mais.","og_url":"https:\/\/www.suno.com.br\/noticias\/bnp-paribas-pib-fiscal\/","og_site_name":"Suno Not\u00edcias","article_publisher":"https:\/\/facebook.com\/sunoresearch","og_image":[{"width":1920,"height":1257,"url":"https:\/\/files.sunoresearch.com.br\/n\/uploads\/2019\/10\/cedec78a-bnp-paribas.jpg","type":"image\/jpeg"}],"author":"Vinicius Pereira","twitter_card":"summary_large_image","twitter_creator":"@https:\/\/twitter.com\/viniciuspjornal","twitter_site":"@sunoresearch","twitter_misc":{"Escrito por":"Vinicius Pereira","Est. tempo de leitura":"3 minutos"},"schema":{"@context":"https:\/\/schema.org","@graph":[{"@type":"NewsArticle","@id":"https:\/\/www.suno.com.br\/noticias\/bnp-paribas-pib-fiscal\/#article","isPartOf":{"@id":"https:\/\/www.suno.com.br\/noticias\/bnp-paribas-pib-fiscal\/"},"author":{"name":"Vinicius Pereira","@id":"https:\/\/www.suno.com.br\/noticias\/#\/schema\/person\/a20761b96e4df7eb57f1f9e41be1dbf3"},"headline":"BNP Paribas prev\u00ea queda de -5% no PIB e preocupa\u00e7\u00e3o com situa\u00e7\u00e3o fiscal","datePublished":"2020-09-10T15:03:31+00:00","mainEntityOfPage":{"@id":"https:\/\/www.suno.com.br\/noticias\/bnp-paribas-pib-fiscal\/"},"wordCount":665,"publisher":{"@id":"https:\/\/www.suno.com.br\/noticias\/#organization"},"image":{"@id":"https:\/\/www.suno.com.br\/noticias\/bnp-paribas-pib-fiscal\/#primaryimage"},"thumbnailUrl":"https:\/\/files.sunoresearch.com.br\/n\/uploads\/2019\/10\/cedec78a-bnp-paribas-jpg.webp","keywords":["BNP Paribas","Economia","Produto Interno Bruto (PIB)"],"articleSection":["Economia"],"inLanguage":"pt-BR"},{"@type":"WebPage","@id":"https:\/\/www.suno.com.br\/noticias\/bnp-paribas-pib-fiscal\/","url":"https:\/\/www.suno.com.br\/noticias\/bnp-paribas-pib-fiscal\/","name":"BNP Paribas prev\u00ea queda de -5% no PIB e preocupa\u00e7\u00e3o com fiscal","isPartOf":{"@id":"https:\/\/www.suno.com.br\/noticias\/#website"},"primaryImageOfPage":{"@id":"https:\/\/www.suno.com.br\/noticias\/bnp-paribas-pib-fiscal\/#primaryimage"},"image":{"@id":"https:\/\/www.suno.com.br\/noticias\/bnp-paribas-pib-fiscal\/#primaryimage"},"thumbnailUrl":"https:\/\/files.sunoresearch.com.br\/n\/uploads\/2019\/10\/cedec78a-bnp-paribas-jpg.webp","datePublished":"2020-09-10T15:03:31+00:00","description":"Para banco BNP Paribas, o PIB brasileiro deve cair menos que o esperad gra\u00e7as ao coronavoucher. Clique aqui para ler mais.","breadcrumb":{"@id":"https:\/\/www.suno.com.br\/noticias\/bnp-paribas-pib-fiscal\/#breadcrumb"},"inLanguage":"pt-BR","potentialAction":[{"@type":"ReadAction","target":["https:\/\/www.suno.com.br\/noticias\/bnp-paribas-pib-fiscal\/"]}]},{"@type":"ImageObject","inLanguage":"pt-BR","@id":"https:\/\/www.suno.com.br\/noticias\/bnp-paribas-pib-fiscal\/#primaryimage","url":"https:\/\/files.sunoresearch.com.br\/n\/uploads\/2019\/10\/cedec78a-bnp-paribas-jpg.webp","contentUrl":"https:\/\/files.sunoresearch.com.br\/n\/uploads\/2019\/10\/cedec78a-bnp-paribas-jpg.webp","width":1920,"height":1257,"caption":"BNP Paribas prev\u00ea queda de -5% no PIB e preocupa\u00e7\u00e3o com situa\u00e7\u00e3o fiscal"},{"@type":"BreadcrumbList","@id":"https:\/\/www.suno.com.br\/noticias\/bnp-paribas-pib-fiscal\/#breadcrumb","itemListElement":[{"@type":"ListItem","position":1,"name":"Not\u00edcias","item":"https:\/\/www.suno.com.br\/noticias\/"},{"@type":"ListItem","position":2,"name":"Economia","item":"https:\/\/www.suno.com.br\/noticias\/economia\/"},{"@type":"ListItem","position":3,"name":"BNP Paribas prev\u00ea queda de -5% no PIB e preocupa\u00e7\u00e3o com situa\u00e7\u00e3o fiscal"}]},{"@type":"WebSite","@id":"https:\/\/www.suno.com.br\/noticias\/#website","url":"https:\/\/www.suno.com.br\/noticias\/","name":"Suno Not\u00edcias","description":"Seu portal de informa\u00e7\u00e3o sobre o mundo dos investimentos","publisher":{"@id":"https:\/\/www.suno.com.br\/noticias\/#organization"},"potentialAction":[{"@type":"SearchAction","target":{"@type":"EntryPoint","urlTemplate":"https:\/\/www.suno.com.br\/noticias\/?s={search_term_string}"},"query-input":{"@type":"PropertyValueSpecification","valueRequired":true,"valueName":"search_term_string"}}],"inLanguage":"pt-BR"},{"@type":"Organization","@id":"https:\/\/www.suno.com.br\/noticias\/#organization","name":"Suno Not\u00edcias","url":"https:\/\/www.suno.com.br\/noticias\/","logo":{"@type":"ImageObject","inLanguage":"pt-BR","@id":"https:\/\/www.suno.com.br\/noticias\/#\/schema\/logo\/image\/","url":"https:\/\/files.sunoresearch.com.br\/n\/uploads\/2021\/09\/suno-logo.png","contentUrl":"https:\/\/files.sunoresearch.com.br\/n\/uploads\/2021\/09\/suno-logo.png","width":180,"height":180,"caption":"Suno Not\u00edcias"},"image":{"@id":"https:\/\/www.suno.com.br\/noticias\/#\/schema\/logo\/image\/"},"sameAs":["https:\/\/facebook.com\/sunoresearch","https:\/\/x.com\/sunoresearch","https:\/\/www.instagram.com\/suno","https:\/\/www.linkedin.com\/company\/suno-research\/","https:\/\/www.youtube.com\/c\/sunoresearch"]},{"@type":"Person","@id":"https:\/\/www.suno.com.br\/noticias\/#\/schema\/person\/a20761b96e4df7eb57f1f9e41be1dbf3","name":"Vinicius Pereira","image":{"@type":"ImageObject","inLanguage":"pt-BR","@id":"https:\/\/www.suno.com.br\/noticias\/#\/schema\/person\/image\/","url":"https:\/\/secure.gravatar.com\/avatar\/783866b933198f5cc4c5d03fcc8b1301?s=96&r=g","contentUrl":"https:\/\/secure.gravatar.com\/avatar\/783866b933198f5cc4c5d03fcc8b1301?s=96&r=g","caption":"Vinicius Pereira"},"description":"Vinicius Pereira foi rep\u00f3rter de economia da Folha de S.Paulo, stringer do jornal no Canad\u00e1 e colaborador de VEJA. J\u00e1 escreveu tamb\u00e9m para BBC Brasil, The Intercept Brasil e UOL. Tem MBA em Informa\u00e7\u00f5es Econ\u00f4mico-Financeiras e Mercado de Capitais pela FIA\/B3.","sameAs":["https:\/\/x.com\/https:\/\/twitter.com\/viniciuspjornal"],"url":"https:\/\/www.suno.com.br\/noticias\/author\/vinicius-pereira\/"}]}},"default_loop_html":"<div class=\"cardsPage__listCard__boxs\"><div class=\"cardsPage__listCard__boxs__img\"><a href=\"https:\/\/www.suno.com.br\/noticias\/bnp-paribas-pib-fiscal\/\"><img class=\"mask\" src=\"https:\/\/www.suno.com.br\/noticias\/wp-content\/themes\/suno\/resources\/images\/spotlight\/spotlight1img\/bg-mask.png\" alt=\"Image Mask\"\/><img src=\"https:\/\/files.sunoresearch.com.br\/n\/uploads\/2019\/10\/cedec78a-bnp-paribas-400x200.webp\" alt=\"BNP Paribas prev\u00ea queda de -5% no PIB e preocupa\u00e7\u00e3o com situa\u00e7\u00e3o fiscal\"\/><\/a><span class=\"spotlightCategory\"><a href=\"https:\/\/www.suno.com.br\/noticias\/economia\/\">Economia<\/a><\/span><\/div><div class=\"cardsPage__listCard__boxs__content\"><a href=\"https:\/\/www.suno.com.br\/noticias\/bnp-paribas-pib-fiscal\/\"><h2 class=\"content__title\">BNP Paribas prev\u00ea queda de -5% no PIB e preocupa\u00e7\u00e3o com situa\u00e7\u00e3o fiscal<\/h2><\/a><div class=\"newsContent__article__meta\"><div class=\"newsContent__article__meta__authorBox\"><a href=\"https:\/\/www.suno.com.br\/noticias\/author\/vinicius-pereira\/\" class=\"authorBox__avatar noMobi\"><img src=\"https:\/\/files.sunoresearch.com.br\/n\/uploads\/2020\/08\/77510613-whatsapp-image-2020-08-03-at-13.40.40-150x150.webp\" alt=\"Vinicius Pereira\"><\/a><div class=\"authorBox__name\"><span>por\n\t\t\t<a href=\"https:\/\/www.suno.com.br\/noticias\/author\/vinicius-pereira\/\"><span itemprop=\"author\">Vinicius Pereira<\/span><\/a><\/span><time datetime=\"2020-09-10T12:03:31-03:00\" itemprop=\"datePublished\">10\/09\/2020 12:03<\/time><\/div><\/div><\/div><\/div><\/div>","single_layout":"posts","amp_enabled":true,"_links":{"self":[{"href":"https:\/\/www.suno.com.br\/noticias\/wp-json\/wp\/v2\/posts\/83695"}],"collection":[{"href":"https:\/\/www.suno.com.br\/noticias\/wp-json\/wp\/v2\/posts"}],"about":[{"href":"https:\/\/www.suno.com.br\/noticias\/wp-json\/wp\/v2\/types\/post"}],"author":[{"embeddable":true,"href":"https:\/\/www.suno.com.br\/noticias\/wp-json\/wp\/v2\/users\/27"}],"replies":[{"embeddable":true,"href":"https:\/\/www.suno.com.br\/noticias\/wp-json\/wp\/v2\/comments?post=83695"}],"version-history":[{"count":0,"href":"https:\/\/www.suno.com.br\/noticias\/wp-json\/wp\/v2\/posts\/83695\/revisions"}],"wp:featuredmedia":[{"embeddable":true,"href":"https:\/\/www.suno.com.br\/noticias\/wp-json\/wp\/v2\/media\/43202"}],"wp:attachment":[{"href":"https:\/\/www.suno.com.br\/noticias\/wp-json\/wp\/v2\/media?parent=83695"}],"wp:term":[{"taxonomy":"category","embeddable":true,"href":"https:\/\/www.suno.com.br\/noticias\/wp-json\/wp\/v2\/categories?post=83695"},{"taxonomy":"post_tag","embeddable":true,"href":"https:\/\/www.suno.com.br\/noticias\/wp-json\/wp\/v2\/tags?post=83695"},{"taxonomy":"suno_strategy","embeddable":true,"href":"https:\/\/www.suno.com.br\/noticias\/wp-json\/wp\/v2\/suno_strategy?post=83695"}],"curies":[{"name":"wp","href":"https:\/\/api.w.org\/{rel}","templated":true}]}}