{"id":83684,"date":"2020-09-10T10:27:23","date_gmt":"2020-09-10T13:27:23","guid":{"rendered":"https:\/\/www.suno.com.br\/noticias\/?p=83684"},"modified":"2021-02-17T22:43:21","modified_gmt":"2021-02-18T01:43:21","slug":"bce-deixa-politica-monetaria-inalterada-mas-fala-em-ajustar-seus-instrumentos","status":"publish","type":"post","link":"https:\/\/www.suno.com.br\/noticias\/bce-deixa-politica-monetaria-inalterada-mas-fala-em-ajustar-seus-instrumentos\/","title":{"rendered":"BCE deixa pol\u00edtica monet\u00e1ria inalterada, mas fala em &#8216;ajustar seus instrumentos&#8217;"},"content":{"rendered":"<p>O <a href=\"https:\/\/www.suno.com.br\/artigos\/bce\/\">Banco Central Europeu (BCE)<\/a> decidiu deixar sua pol\u00edtica monet\u00e1ria inalterada ap\u00f3s reuni\u00e3o conclu\u00edda nesta quinta-feira (10) mas reiterou que continua disposto a ajustar &#8220;todos os seus instrumentos&#8221;, conforme for apropriado. As principais taxas de juros do BCE, a de refinanciamento e a de dep\u00f3sitos, permaneceram em 0% e -0,50%, respectivamente.<\/p>\t<div class=\"wrapper-featured-image\">\n\t\t<figure class=\"spotlightImg\">\n\n\t\t\t<picture>\n\t\t\t\t<source media=\"(max-width: 768px)\" srcset=\"https:\/\/files.sunoresearch.com.br\/n\/uploads\/2019\/09\/22a9a642-bce-400x200.webp\">\n\t\t\t\t<img loading=\"lazy\" decoding=\"async\" class=\"newsContent__article__imgCapa lazyloadDisabled \" src=\"https:\/\/files.sunoresearch.com.br\/n\/uploads\/2019\/09\/22a9a642-bce-800x450.webp\" width=\"800\" height=\"450\" alt=\"BCE deixa pol\u00edtica monet\u00e1ria inalterada, mas fala em &#8216;ajustar seus instrumentos&#8217;\" fetchpriority=high \/>\n\t\t\t<\/picture>\n\n\t\t\t<figcaption class=\"wp-caption-text wp-caption-text--show\">BCE <\/figcaption>\n\t\t<\/figure>\n\t<\/div>\n\n\n<div class=\"hubspot-form-wrapper\">\n\t<div id=\"single-form-target\"><\/div>\n<\/div>\n\n<p>Al\u00e9m disso, o BCE manteve o volume de seu Programa de Compras de Emerg\u00eancia na Pandemia (PEPP, na sigla em ingl\u00eas) em 1,35 trilh\u00e3o de euros.<\/p>\n<p>O BCE tamb\u00e9m deixou inalterado o tamanho do Programa de Compras de Ativos (APP, na sigla em ingl\u00eas), em 120 bilh\u00f5es de euros, a um ritmo mensal de 20 bilh\u00f5es de euros. Segundo a institui\u00e7\u00e3o, as compras do APP ser\u00e3o realizadas &#8220;pelo tempo que for necess\u00e1rio&#8221;.<\/p>\n<p><a href=\"https:\/\/lp.suno.com.br\/suno-one\/\">Suno One: acesse gratuitamente eBooks, Minicursos, Artigos e Video Aulas sobre investimentos com um \u00fanico cadastro. Clique para saber mais!<\/a><\/p>\n<p>Em comunicado, o BCE reiterou ainda que o per\u00edodo de vig\u00eancia do PEPP ir\u00e1 &#8220;pelo menos&#8221; at\u00e9 o fim de junho de 2021 e que as compras do programa ser\u00e3o conduzidas de maneira flex\u00edvel. A institui\u00e7\u00e3o voltou a ressaltar, por\u00e9m, que as compras do PEPP continuar\u00e3o at\u00e9 que a crise da covid-19 seja superada.<\/p>\n<p>O BCE reafirmou tamb\u00e9m que os juros b\u00e1sicos v\u00e3o continuar nos n\u00edveis atuais ou menores &#8220;at\u00e9 que a perspectiva de infla\u00e7\u00e3o convirja de forma robusta&#8221; para sua meta, que \u00e9 de uma taxa ligeiramente inferior a 2%.<\/p>\n<h2>BCE indica que zona do euro pode receber mais est\u00edmulos em 2020<\/h2>\n<p>O <strong>Banco Central Europeu <\/strong>divulgou no m\u00eas passado o v\u00eddeo da reuni\u00e3o realizada pelos diretores em julho. A autoridade monet\u00e1ria europeia indicou que poderia implementar mais <a href=\"https:\/\/www.suno.com.br\/artigos\/politica-monetaria-expansionista\/\">medidas expansionistas <\/a>para ativar uma economia que sofre com desemprego e poss\u00edveis fal\u00eancias.<\/p>\n<p>A ata da reuni\u00e3o do BCE tamb\u00e9m mostrou certo al\u00edvio por parte dos diretores pelo fato da <strong>zona do euro<\/strong> ter sido capaz de evitar uma desacelera\u00e7\u00e3o ainda mais profunda. Entretanto, os diretores alertaram sobre uma poss\u00edvel turbul\u00eancia econ\u00f4mica, \u00e0 medida que os governos comecem a reduzir as pol\u00edticas destinadas a apoiar empresas e trabalhadores durante a pandemia do <strong>coronav\u00edrus.<\/strong><\/p>\n<p>Atualmente, as infec\u00e7\u00f5es est\u00e3o surgindo novamente em grande parte da Europa, e os governos est\u00e3o correndo para evitar uma segunda onda de pandemia.<\/p>\n<p>As autoridades se reunir\u00e3o para determinar a pol\u00edtica econ\u00f4mica do BCE nos dias 9 e 10 de setembro, quando ter\u00e3o novas previs\u00f5es para o crescimento da zona do euro e a infla\u00e7\u00e3o que podem ajudar a orientar suas decis\u00f5es pol\u00edticas. Analistas disseram que \u00e9 improv\u00e1vel que o BCE revele um novo est\u00edmulo monet\u00e1rio em setembro, mas pode faz\u00ea-lo ainda este ano se a economia n\u00e3o se recuperar.<\/p>\n\t<div data-element=\"shortcode-read-more\" class=\"knowMore\">\n\t\t\t\t<span class=\"knowMore__title\">Veja Tamb\u00e9m<\/span>\n\t\t\t\t<a class=\"knowMore__link\" href=\"https:\/\/www.suno.com.br\/noticias\/bce-estimulos-compromete-sustentar-economia-zona-euro\/\">\n\t\t\tBCE se compromete a dar est\u00edmulos para sustentar economia da zona do euro\t\t<\/a>\n\t<\/div>\n\n\n<p>Vale ressaltar que o mercado tem altas expectativas em rela\u00e7\u00e3o ao Programa de Compra de Emerg\u00eancia Pand\u00eamica (<strong>PEPP<\/strong>), de 1,35 trilh\u00e3o, implementada pelo BCE.<\/p>\n<p>O economista-chefe do BCE, <strong>Philip Lane<\/strong>, afirmou, no in\u00edcio do m\u00eas, que a institui\u00e7\u00e3o financeira est\u00e1 comprometida em sustentar a economia da zona do euro por causa da pandemia do novo coronav\u00edrus, que atingiu todos os pa\u00edses do bloco. Lane disse que o BCE utilizar\u00e1 as compras de t\u00edtulos para conseguir recursos.<\/p>\n<p>Com informa\u00e7\u00f5es do Estad\u00e3o Conte\u00fado<\/p>\n\t<p>\n\t\t<a href=\"https:\/\/lp.suno.com.br\/planilha-de-controle-de-investimentos\/\" target=\"_blank\" data-element=\"shortcode-suno-banner\" title=\"Banner SUNO, clique e saiba mais\">\n\t\t\t<picture>\n\t\t\t\t<source media=\"(max-width: 500px)\" srcset=\"https:\/\/files.sunoresearch.com.br\/n\/uploads\/2023\/03\/400x300-Controle-de-Investimentos.png\">\n\t\t\t\t<img class=\"newsContent__article__imgCapa newsContent__article__imgCapa--banner\"\n\t\t\t\t\tsrc=\"https:\/\/files.sunoresearch.com.br\/n\/uploads\/2023\/03\/1420x240-Controle-de-Investimentos.png\"\n\t\t\t\t\tdata-promo-id=\"75934\"\t\t\t\t\t\t\t\t\t\twidth='1420' height='240'\t\t\t\t\talt=\"https:\/\/files.sunoresearch.com.br\/n\/uploads\/2023\/03\/1420x240-Controle-de-Investimentos.png\"\n\t\t\t\t>\n\t\t\t<\/picture>\n\t\t<\/a>\n\t<\/p>\n\n\n","protected":false},"excerpt":{"rendered":"<p>O Banco Central Europeu (BCE) decidiu deixar sua pol\u00edtica monet\u00e1ria inalterada ap\u00f3s reuni\u00e3o conclu\u00edda nesta quinta-feira (10) mas reiterou que continua disposto a ajustar &#8220;todos os seus instrumentos&#8221;, conforme for apropriado. As principais taxas de juros do BCE, a de refinanciamento e a de dep\u00f3sitos, permaneceram em 0% e -0,50%, respectivamente. BCE Al\u00e9m disso, o [&hellip;]<\/p>\n","protected":false},"author":15,"featured_media":37310,"comment_status":"closed","ping_status":"closed","sticky":false,"template":"","format":"standard","meta":[],"categories":[63],"tags":[863,2448],"suno_strategy":[],"class_list":["post-83684","post","type-post","status-publish","format-standard","has-post-thumbnail","hentry","category-internacional","tag-banco-central-europeu-bce","tag-politica-monetaria"],"yoast_head":"<!-- This site is optimized with the Yoast SEO plugin v24.4 - https:\/\/yoast.com\/wordpress\/plugins\/seo\/ -->\n<title>BCE mant\u00e9m pol\u00edtica monet\u00e1ria, mas fala em &#039;ajustar seus instrumentos&#039;<\/title>\n<meta name=\"description\" content=\"O Banco Central Europeu (BCE) decidiu deixar sua pol\u00edtica monet\u00e1ria inalterada ap\u00f3s reuni\u00e3o conclu\u00edda nesta quinta-feira (10). Clique aqui\" \/>\n<meta name=\"robots\" content=\"index, follow, max-snippet:-1, max-image-preview:large, max-video-preview:-1\" \/>\n<link rel=\"canonical\" href=\"https:\/\/www.suno.com.br\/noticias\/bce-deixa-politica-monetaria-inalterada-mas-fala-em-ajustar-seus-instrumentos\/\" \/>\n<meta property=\"og:locale\" content=\"pt_BR\" \/>\n<meta property=\"og:type\" content=\"article\" \/>\n<meta property=\"og:title\" content=\"BCE mant\u00e9m pol\u00edtica monet\u00e1ria, mas fala em &#039;ajustar seus instrumentos&#039;\" \/>\n<meta property=\"og:description\" content=\"O Banco Central Europeu (BCE) decidiu deixar sua pol\u00edtica monet\u00e1ria inalterada ap\u00f3s reuni\u00e3o conclu\u00edda nesta quinta-feira (10). Clique aqui\" \/>\n<meta property=\"og:url\" content=\"https:\/\/www.suno.com.br\/noticias\/bce-deixa-politica-monetaria-inalterada-mas-fala-em-ajustar-seus-instrumentos\/\" \/>\n<meta property=\"og:site_name\" content=\"Suno Not\u00edcias\" \/>\n<meta property=\"article:publisher\" content=\"https:\/\/facebook.com\/sunoresearch\" \/>\n<meta property=\"og:image\" content=\"https:\/\/files.sunoresearch.com.br\/n\/uploads\/2019\/09\/22a9a642-bce-1024x614.jpg\" \/>\n\t<meta property=\"og:image:width\" content=\"1024\" \/>\n\t<meta property=\"og:image:height\" content=\"614\" \/>\n\t<meta property=\"og:image:type\" content=\"image\/jpeg\" \/>\n<meta name=\"author\" content=\"Poliana Santos\" \/>\n<meta name=\"twitter:card\" content=\"summary_large_image\" \/>\n<meta name=\"twitter:creator\" content=\"@sunoresearch\" \/>\n<meta name=\"twitter:site\" content=\"@sunoresearch\" \/>\n<meta name=\"twitter:label1\" content=\"Escrito por\" \/>\n\t<meta name=\"twitter:data1\" content=\"Poliana Santos\" \/>\n\t<meta name=\"twitter:label2\" content=\"Est. tempo de leitura\" \/>\n\t<meta name=\"twitter:data2\" content=\"3 minutos\" \/>\n<script type=\"application\/ld+json\" class=\"yoast-schema-graph\">{\"@context\":\"https:\/\/schema.org\",\"@graph\":[{\"@type\":\"NewsArticle\",\"@id\":\"https:\/\/www.suno.com.br\/noticias\/bce-deixa-politica-monetaria-inalterada-mas-fala-em-ajustar-seus-instrumentos\/#article\",\"isPartOf\":{\"@id\":\"https:\/\/www.suno.com.br\/noticias\/bce-deixa-politica-monetaria-inalterada-mas-fala-em-ajustar-seus-instrumentos\/\"},\"author\":{\"name\":\"Poliana Santos\",\"@id\":\"https:\/\/www.suno.com.br\/noticias\/#\/schema\/person\/02ec1f752758247878a2bf4abee1aeda\"},\"headline\":\"BCE deixa pol\u00edtica monet\u00e1ria inalterada, mas fala em &#8216;ajustar seus instrumentos&#8217;\",\"datePublished\":\"2020-09-10T13:27:23+00:00\",\"dateModified\":\"2021-02-18T01:43:21+00:00\",\"mainEntityOfPage\":{\"@id\":\"https:\/\/www.suno.com.br\/noticias\/bce-deixa-politica-monetaria-inalterada-mas-fala-em-ajustar-seus-instrumentos\/\"},\"wordCount\":613,\"publisher\":{\"@id\":\"https:\/\/www.suno.com.br\/noticias\/#organization\"},\"image\":{\"@id\":\"https:\/\/www.suno.com.br\/noticias\/bce-deixa-politica-monetaria-inalterada-mas-fala-em-ajustar-seus-instrumentos\/#primaryimage\"},\"thumbnailUrl\":\"https:\/\/files.sunoresearch.com.br\/n\/uploads\/2019\/09\/22a9a642-bce-jpg.webp\",\"keywords\":[\"Banco Central Europeu (BCE)\",\"pol\u00edtica monet\u00e1ria\"],\"articleSection\":[\"Internacional\"],\"inLanguage\":\"pt-BR\"},{\"@type\":\"WebPage\",\"@id\":\"https:\/\/www.suno.com.br\/noticias\/bce-deixa-politica-monetaria-inalterada-mas-fala-em-ajustar-seus-instrumentos\/\",\"url\":\"https:\/\/www.suno.com.br\/noticias\/bce-deixa-politica-monetaria-inalterada-mas-fala-em-ajustar-seus-instrumentos\/\",\"name\":\"BCE mant\u00e9m pol\u00edtica monet\u00e1ria, mas fala em 'ajustar seus instrumentos'\",\"isPartOf\":{\"@id\":\"https:\/\/www.suno.com.br\/noticias\/#website\"},\"primaryImageOfPage\":{\"@id\":\"https:\/\/www.suno.com.br\/noticias\/bce-deixa-politica-monetaria-inalterada-mas-fala-em-ajustar-seus-instrumentos\/#primaryimage\"},\"image\":{\"@id\":\"https:\/\/www.suno.com.br\/noticias\/bce-deixa-politica-monetaria-inalterada-mas-fala-em-ajustar-seus-instrumentos\/#primaryimage\"},\"thumbnailUrl\":\"https:\/\/files.sunoresearch.com.br\/n\/uploads\/2019\/09\/22a9a642-bce-jpg.webp\",\"datePublished\":\"2020-09-10T13:27:23+00:00\",\"dateModified\":\"2021-02-18T01:43:21+00:00\",\"description\":\"O Banco Central Europeu (BCE) decidiu deixar sua pol\u00edtica monet\u00e1ria inalterada ap\u00f3s reuni\u00e3o conclu\u00edda nesta quinta-feira (10). Clique aqui\",\"breadcrumb\":{\"@id\":\"https:\/\/www.suno.com.br\/noticias\/bce-deixa-politica-monetaria-inalterada-mas-fala-em-ajustar-seus-instrumentos\/#breadcrumb\"},\"inLanguage\":\"pt-BR\",\"potentialAction\":[{\"@type\":\"ReadAction\",\"target\":[\"https:\/\/www.suno.com.br\/noticias\/bce-deixa-politica-monetaria-inalterada-mas-fala-em-ajustar-seus-instrumentos\/\"]}]},{\"@type\":\"ImageObject\",\"inLanguage\":\"pt-BR\",\"@id\":\"https:\/\/www.suno.com.br\/noticias\/bce-deixa-politica-monetaria-inalterada-mas-fala-em-ajustar-seus-instrumentos\/#primaryimage\",\"url\":\"https:\/\/files.sunoresearch.com.br\/n\/uploads\/2019\/09\/22a9a642-bce-jpg.webp\",\"contentUrl\":\"https:\/\/files.sunoresearch.com.br\/n\/uploads\/2019\/09\/22a9a642-bce-jpg.webp\",\"width\":2560,\"height\":1536,\"caption\":\"BCE\"},{\"@type\":\"BreadcrumbList\",\"@id\":\"https:\/\/www.suno.com.br\/noticias\/bce-deixa-politica-monetaria-inalterada-mas-fala-em-ajustar-seus-instrumentos\/#breadcrumb\",\"itemListElement\":[{\"@type\":\"ListItem\",\"position\":1,\"name\":\"Not\u00edcias\",\"item\":\"https:\/\/www.suno.com.br\/noticias\/\"},{\"@type\":\"ListItem\",\"position\":2,\"name\":\"Internacional\",\"item\":\"https:\/\/www.suno.com.br\/noticias\/internacional\/\"},{\"@type\":\"ListItem\",\"position\":3,\"name\":\"BCE deixa pol\u00edtica monet\u00e1ria inalterada, mas fala em &#8216;ajustar seus instrumentos&#8217;\"}]},{\"@type\":\"WebSite\",\"@id\":\"https:\/\/www.suno.com.br\/noticias\/#website\",\"url\":\"https:\/\/www.suno.com.br\/noticias\/\",\"name\":\"Suno Not\u00edcias\",\"description\":\"Seu portal de informa\u00e7\u00e3o sobre o mundo dos investimentos\",\"publisher\":{\"@id\":\"https:\/\/www.suno.com.br\/noticias\/#organization\"},\"potentialAction\":[{\"@type\":\"SearchAction\",\"target\":{\"@type\":\"EntryPoint\",\"urlTemplate\":\"https:\/\/www.suno.com.br\/noticias\/?s={search_term_string}\"},\"query-input\":{\"@type\":\"PropertyValueSpecification\",\"valueRequired\":true,\"valueName\":\"search_term_string\"}}],\"inLanguage\":\"pt-BR\"},{\"@type\":\"Organization\",\"@id\":\"https:\/\/www.suno.com.br\/noticias\/#organization\",\"name\":\"Suno Not\u00edcias\",\"url\":\"https:\/\/www.suno.com.br\/noticias\/\",\"logo\":{\"@type\":\"ImageObject\",\"inLanguage\":\"pt-BR\",\"@id\":\"https:\/\/www.suno.com.br\/noticias\/#\/schema\/logo\/image\/\",\"url\":\"https:\/\/files.sunoresearch.com.br\/n\/uploads\/2021\/09\/suno-logo.png\",\"contentUrl\":\"https:\/\/files.sunoresearch.com.br\/n\/uploads\/2021\/09\/suno-logo.png\",\"width\":180,\"height\":180,\"caption\":\"Suno Not\u00edcias\"},\"image\":{\"@id\":\"https:\/\/www.suno.com.br\/noticias\/#\/schema\/logo\/image\/\"},\"sameAs\":[\"https:\/\/facebook.com\/sunoresearch\",\"https:\/\/x.com\/sunoresearch\",\"https:\/\/www.instagram.com\/suno\",\"https:\/\/www.linkedin.com\/company\/suno-research\/\",\"https:\/\/www.youtube.com\/c\/sunoresearch\"]},{\"@type\":\"Person\",\"@id\":\"https:\/\/www.suno.com.br\/noticias\/#\/schema\/person\/02ec1f752758247878a2bf4abee1aeda\",\"name\":\"Poliana Santos\",\"image\":{\"@type\":\"ImageObject\",\"inLanguage\":\"pt-BR\",\"@id\":\"https:\/\/www.suno.com.br\/noticias\/#\/schema\/person\/image\/\",\"url\":\"https:\/\/secure.gravatar.com\/avatar\/0645bd32f23d87b2130f2b2dff1d3f8d?s=96&r=g\",\"contentUrl\":\"https:\/\/secure.gravatar.com\/avatar\/0645bd32f23d87b2130f2b2dff1d3f8d?s=96&r=g\",\"caption\":\"Poliana Santos\"},\"description\":\"Rep\u00f3rter no Suno Not\u00edcias, com cobertura em mercado financeiro, economia, finan\u00e7as pessoais, renda fixa e varejo. Jornalista formada pela Faculdade C\u00e1sper L\u00edbero e possui passagem na R\u00e1dio Gazeta AM com a produ\u00e7\u00e3o de conte\u00fado sobre economia, pol\u00edtica, sa\u00fade, moda e m\u00fasica. Possui certificado de conclus\u00e3o do curso de An\u00e1lise de Balan\u00e7os pela Funda\u00e7\u00e3o Bradesco, Agenda Brasil pela FAAP, Educa\u00e7\u00e3o Pol\u00edtica por Alexandre Garcia e do Tesouro Direto e Mercado de A\u00e7\u00f5es pela B3.\",\"url\":\"https:\/\/www.suno.com.br\/noticias\/author\/poliana-santos\/\"}]}<\/script>\n<!-- \/ Yoast SEO plugin. -->","yoast_head_json":{"title":"BCE mant\u00e9m pol\u00edtica monet\u00e1ria, mas fala em 'ajustar seus instrumentos'","description":"O Banco Central Europeu (BCE) decidiu deixar sua pol\u00edtica monet\u00e1ria inalterada ap\u00f3s reuni\u00e3o conclu\u00edda nesta quinta-feira (10). Clique aqui","robots":{"index":"index","follow":"follow","max-snippet":"max-snippet:-1","max-image-preview":"max-image-preview:large","max-video-preview":"max-video-preview:-1"},"canonical":"https:\/\/www.suno.com.br\/noticias\/bce-deixa-politica-monetaria-inalterada-mas-fala-em-ajustar-seus-instrumentos\/","og_locale":"pt_BR","og_type":"article","og_title":"BCE mant\u00e9m pol\u00edtica monet\u00e1ria, mas fala em 'ajustar seus instrumentos'","og_description":"O Banco Central Europeu (BCE) decidiu deixar sua pol\u00edtica monet\u00e1ria inalterada ap\u00f3s reuni\u00e3o conclu\u00edda nesta quinta-feira (10). Clique aqui","og_url":"https:\/\/www.suno.com.br\/noticias\/bce-deixa-politica-monetaria-inalterada-mas-fala-em-ajustar-seus-instrumentos\/","og_site_name":"Suno Not\u00edcias","article_publisher":"https:\/\/facebook.com\/sunoresearch","og_image":[{"width":1024,"height":614,"url":"https:\/\/files.sunoresearch.com.br\/n\/uploads\/2019\/09\/22a9a642-bce-1024x614.jpg","type":"image\/jpeg"}],"author":"Poliana Santos","twitter_card":"summary_large_image","twitter_creator":"@sunoresearch","twitter_site":"@sunoresearch","twitter_misc":{"Escrito por":"Poliana Santos","Est. tempo de leitura":"3 minutos"},"schema":{"@context":"https:\/\/schema.org","@graph":[{"@type":"NewsArticle","@id":"https:\/\/www.suno.com.br\/noticias\/bce-deixa-politica-monetaria-inalterada-mas-fala-em-ajustar-seus-instrumentos\/#article","isPartOf":{"@id":"https:\/\/www.suno.com.br\/noticias\/bce-deixa-politica-monetaria-inalterada-mas-fala-em-ajustar-seus-instrumentos\/"},"author":{"name":"Poliana Santos","@id":"https:\/\/www.suno.com.br\/noticias\/#\/schema\/person\/02ec1f752758247878a2bf4abee1aeda"},"headline":"BCE deixa pol\u00edtica monet\u00e1ria inalterada, mas fala em &#8216;ajustar seus instrumentos&#8217;","datePublished":"2020-09-10T13:27:23+00:00","dateModified":"2021-02-18T01:43:21+00:00","mainEntityOfPage":{"@id":"https:\/\/www.suno.com.br\/noticias\/bce-deixa-politica-monetaria-inalterada-mas-fala-em-ajustar-seus-instrumentos\/"},"wordCount":613,"publisher":{"@id":"https:\/\/www.suno.com.br\/noticias\/#organization"},"image":{"@id":"https:\/\/www.suno.com.br\/noticias\/bce-deixa-politica-monetaria-inalterada-mas-fala-em-ajustar-seus-instrumentos\/#primaryimage"},"thumbnailUrl":"https:\/\/files.sunoresearch.com.br\/n\/uploads\/2019\/09\/22a9a642-bce-jpg.webp","keywords":["Banco Central Europeu (BCE)","pol\u00edtica monet\u00e1ria"],"articleSection":["Internacional"],"inLanguage":"pt-BR"},{"@type":"WebPage","@id":"https:\/\/www.suno.com.br\/noticias\/bce-deixa-politica-monetaria-inalterada-mas-fala-em-ajustar-seus-instrumentos\/","url":"https:\/\/www.suno.com.br\/noticias\/bce-deixa-politica-monetaria-inalterada-mas-fala-em-ajustar-seus-instrumentos\/","name":"BCE mant\u00e9m pol\u00edtica monet\u00e1ria, mas fala em 'ajustar seus instrumentos'","isPartOf":{"@id":"https:\/\/www.suno.com.br\/noticias\/#website"},"primaryImageOfPage":{"@id":"https:\/\/www.suno.com.br\/noticias\/bce-deixa-politica-monetaria-inalterada-mas-fala-em-ajustar-seus-instrumentos\/#primaryimage"},"image":{"@id":"https:\/\/www.suno.com.br\/noticias\/bce-deixa-politica-monetaria-inalterada-mas-fala-em-ajustar-seus-instrumentos\/#primaryimage"},"thumbnailUrl":"https:\/\/files.sunoresearch.com.br\/n\/uploads\/2019\/09\/22a9a642-bce-jpg.webp","datePublished":"2020-09-10T13:27:23+00:00","dateModified":"2021-02-18T01:43:21+00:00","description":"O Banco Central Europeu (BCE) decidiu deixar sua pol\u00edtica monet\u00e1ria inalterada ap\u00f3s reuni\u00e3o conclu\u00edda nesta quinta-feira (10). Clique aqui","breadcrumb":{"@id":"https:\/\/www.suno.com.br\/noticias\/bce-deixa-politica-monetaria-inalterada-mas-fala-em-ajustar-seus-instrumentos\/#breadcrumb"},"inLanguage":"pt-BR","potentialAction":[{"@type":"ReadAction","target":["https:\/\/www.suno.com.br\/noticias\/bce-deixa-politica-monetaria-inalterada-mas-fala-em-ajustar-seus-instrumentos\/"]}]},{"@type":"ImageObject","inLanguage":"pt-BR","@id":"https:\/\/www.suno.com.br\/noticias\/bce-deixa-politica-monetaria-inalterada-mas-fala-em-ajustar-seus-instrumentos\/#primaryimage","url":"https:\/\/files.sunoresearch.com.br\/n\/uploads\/2019\/09\/22a9a642-bce-jpg.webp","contentUrl":"https:\/\/files.sunoresearch.com.br\/n\/uploads\/2019\/09\/22a9a642-bce-jpg.webp","width":2560,"height":1536,"caption":"BCE"},{"@type":"BreadcrumbList","@id":"https:\/\/www.suno.com.br\/noticias\/bce-deixa-politica-monetaria-inalterada-mas-fala-em-ajustar-seus-instrumentos\/#breadcrumb","itemListElement":[{"@type":"ListItem","position":1,"name":"Not\u00edcias","item":"https:\/\/www.suno.com.br\/noticias\/"},{"@type":"ListItem","position":2,"name":"Internacional","item":"https:\/\/www.suno.com.br\/noticias\/internacional\/"},{"@type":"ListItem","position":3,"name":"BCE deixa pol\u00edtica monet\u00e1ria inalterada, mas fala em &#8216;ajustar seus instrumentos&#8217;"}]},{"@type":"WebSite","@id":"https:\/\/www.suno.com.br\/noticias\/#website","url":"https:\/\/www.suno.com.br\/noticias\/","name":"Suno Not\u00edcias","description":"Seu portal de informa\u00e7\u00e3o sobre o mundo dos investimentos","publisher":{"@id":"https:\/\/www.suno.com.br\/noticias\/#organization"},"potentialAction":[{"@type":"SearchAction","target":{"@type":"EntryPoint","urlTemplate":"https:\/\/www.suno.com.br\/noticias\/?s={search_term_string}"},"query-input":{"@type":"PropertyValueSpecification","valueRequired":true,"valueName":"search_term_string"}}],"inLanguage":"pt-BR"},{"@type":"Organization","@id":"https:\/\/www.suno.com.br\/noticias\/#organization","name":"Suno Not\u00edcias","url":"https:\/\/www.suno.com.br\/noticias\/","logo":{"@type":"ImageObject","inLanguage":"pt-BR","@id":"https:\/\/www.suno.com.br\/noticias\/#\/schema\/logo\/image\/","url":"https:\/\/files.sunoresearch.com.br\/n\/uploads\/2021\/09\/suno-logo.png","contentUrl":"https:\/\/files.sunoresearch.com.br\/n\/uploads\/2021\/09\/suno-logo.png","width":180,"height":180,"caption":"Suno Not\u00edcias"},"image":{"@id":"https:\/\/www.suno.com.br\/noticias\/#\/schema\/logo\/image\/"},"sameAs":["https:\/\/facebook.com\/sunoresearch","https:\/\/x.com\/sunoresearch","https:\/\/www.instagram.com\/suno","https:\/\/www.linkedin.com\/company\/suno-research\/","https:\/\/www.youtube.com\/c\/sunoresearch"]},{"@type":"Person","@id":"https:\/\/www.suno.com.br\/noticias\/#\/schema\/person\/02ec1f752758247878a2bf4abee1aeda","name":"Poliana Santos","image":{"@type":"ImageObject","inLanguage":"pt-BR","@id":"https:\/\/www.suno.com.br\/noticias\/#\/schema\/person\/image\/","url":"https:\/\/secure.gravatar.com\/avatar\/0645bd32f23d87b2130f2b2dff1d3f8d?s=96&r=g","contentUrl":"https:\/\/secure.gravatar.com\/avatar\/0645bd32f23d87b2130f2b2dff1d3f8d?s=96&r=g","caption":"Poliana Santos"},"description":"Rep\u00f3rter no Suno Not\u00edcias, com cobertura em mercado financeiro, economia, finan\u00e7as pessoais, renda fixa e varejo. Jornalista formada pela Faculdade C\u00e1sper L\u00edbero e possui passagem na R\u00e1dio Gazeta AM com a produ\u00e7\u00e3o de conte\u00fado sobre economia, pol\u00edtica, sa\u00fade, moda e m\u00fasica. Possui certificado de conclus\u00e3o do curso de An\u00e1lise de Balan\u00e7os pela Funda\u00e7\u00e3o Bradesco, Agenda Brasil pela FAAP, Educa\u00e7\u00e3o Pol\u00edtica por Alexandre Garcia e do Tesouro Direto e Mercado de A\u00e7\u00f5es pela B3.","url":"https:\/\/www.suno.com.br\/noticias\/author\/poliana-santos\/"}]}},"default_loop_html":"<div class=\"cardsPage__listCard__boxs\"><div class=\"cardsPage__listCard__boxs__img\"><a href=\"https:\/\/www.suno.com.br\/noticias\/bce-deixa-politica-monetaria-inalterada-mas-fala-em-ajustar-seus-instrumentos\/\"><img class=\"mask\" src=\"https:\/\/www.suno.com.br\/noticias\/wp-content\/themes\/suno\/resources\/images\/spotlight\/spotlight1img\/bg-mask.png\" alt=\"Image Mask\"\/><img src=\"https:\/\/files.sunoresearch.com.br\/n\/uploads\/2019\/09\/22a9a642-bce-400x200.webp\" alt=\"BCE deixa pol\u00edtica monet\u00e1ria inalterada, mas fala em &#8216;ajustar seus instrumentos&#8217;\"\/><\/a><span class=\"spotlightCategory\"><a href=\"https:\/\/www.suno.com.br\/noticias\/internacional\/\">Internacional<\/a><\/span><\/div><div class=\"cardsPage__listCard__boxs__content\"><a href=\"https:\/\/www.suno.com.br\/noticias\/bce-deixa-politica-monetaria-inalterada-mas-fala-em-ajustar-seus-instrumentos\/\"><h2 class=\"content__title\">BCE deixa pol\u00edtica monet\u00e1ria inalterada, mas fala em &#8216;ajustar seus instrumentos&#8217;<\/h2><\/a><div class=\"newsContent__article__meta\"><div class=\"newsContent__article__meta__authorBox\"><a href=\"https:\/\/www.suno.com.br\/noticias\/author\/poliana-santos\/\" class=\"authorBox__avatar noMobi\"><img src=\"https:\/\/files.sunoresearch.com.br\/n\/uploads\/2020\/08\/7ef34026-whatsapp-image-2020-08-03-at-12.37.57-150x150.webp\" alt=\"Poliana Santos\"><\/a><div class=\"authorBox__name\"><span>por\n\t\t\t<a href=\"https:\/\/www.suno.com.br\/noticias\/author\/poliana-santos\/\"><span itemprop=\"author\">Poliana Santos<\/span><\/a><\/span><time datetime=\"2020-09-10T10:27:23-03:00\" itemprop=\"datePublished\">10\/09\/2020 10:27<\/time><\/div><\/div><\/div><\/div><\/div>","single_layout":"posts","amp_enabled":true,"_links":{"self":[{"href":"https:\/\/www.suno.com.br\/noticias\/wp-json\/wp\/v2\/posts\/83684"}],"collection":[{"href":"https:\/\/www.suno.com.br\/noticias\/wp-json\/wp\/v2\/posts"}],"about":[{"href":"https:\/\/www.suno.com.br\/noticias\/wp-json\/wp\/v2\/types\/post"}],"author":[{"embeddable":true,"href":"https:\/\/www.suno.com.br\/noticias\/wp-json\/wp\/v2\/users\/15"}],"replies":[{"embeddable":true,"href":"https:\/\/www.suno.com.br\/noticias\/wp-json\/wp\/v2\/comments?post=83684"}],"version-history":[{"count":0,"href":"https:\/\/www.suno.com.br\/noticias\/wp-json\/wp\/v2\/posts\/83684\/revisions"}],"wp:featuredmedia":[{"embeddable":true,"href":"https:\/\/www.suno.com.br\/noticias\/wp-json\/wp\/v2\/media\/37310"}],"wp:attachment":[{"href":"https:\/\/www.suno.com.br\/noticias\/wp-json\/wp\/v2\/media?parent=83684"}],"wp:term":[{"taxonomy":"category","embeddable":true,"href":"https:\/\/www.suno.com.br\/noticias\/wp-json\/wp\/v2\/categories?post=83684"},{"taxonomy":"post_tag","embeddable":true,"href":"https:\/\/www.suno.com.br\/noticias\/wp-json\/wp\/v2\/tags?post=83684"},{"taxonomy":"suno_strategy","embeddable":true,"href":"https:\/\/www.suno.com.br\/noticias\/wp-json\/wp\/v2\/suno_strategy?post=83684"}],"curies":[{"name":"wp","href":"https:\/\/api.w.org\/{rel}","templated":true}]}}