{"id":83639,"date":"2020-09-10T08:52:01","date_gmt":"2020-09-10T11:52:01","guid":{"rendered":"https:\/\/www.suno.com.br\/noticias\/?p=83639"},"modified":"2020-09-10T08:52:01","modified_gmt":"2020-09-10T11:52:01","slug":"astrazeneca-oxford-veem-possivel-vacina","status":"publish","type":"post","link":"https:\/\/www.suno.com.br\/noticias\/astrazeneca-oxford-veem-possivel-vacina\/","title":{"rendered":"AstraZeneca e Oxford veem poss\u00edvel vacina at\u00e9 o fim do ano, apesar da paralisa\u00e7\u00e3o"},"content":{"rendered":"<p>Embora tenha interrompido os testes na \u00faltima ter\u00e7a-feira (8), em fun\u00e7\u00e3o da rea\u00e7\u00e3o adversa em um dos volunt\u00e1rios, a AstraZeneca (<a href=\"https:\/\/www.suno.com.br\/artigos\/nyse\/\">NYSE<\/a>: AZN), juntamente com a Universidade de Oxford, enxerga a possibilidade da <strong>vacina<\/strong> que combata o <a href=\"https:\/\/www.suno.com.br\/noticias\/?s=coronavirus\">novo coronav\u00edrus (Covid-19)<\/a> ser finalizada at\u00e9 o fim do ano. O CEO da farmac\u00eautica, Pascal Soriot, afirmou, nesta quinta-feira (10), que o progresso da revis\u00e3o de seguran\u00e7a do medicamento determinar\u00e1 o cronograma da vacina.<\/p>\t<div class=\"wrapper-featured-image\">\n\t\t<figure class=\"spotlightImg\">\n\n\t\t\t<picture>\n\t\t\t\t<source media=\"(max-width: 768px)\" srcset=\"https:\/\/files.sunoresearch.com.br\/n\/uploads\/2020\/09\/df5edd16-vacina-contra-covid-19-novo-coronavirus-ilustracao-1-400x200.webp\">\n\t\t\t\t<img loading=\"lazy\" decoding=\"async\" class=\"newsContent__article__imgCapa lazyloadDisabled \" src=\"https:\/\/files.sunoresearch.com.br\/n\/uploads\/2020\/09\/df5edd16-vacina-contra-covid-19-novo-coronavirus-ilustracao-1-800x450.webp\" width=\"800\" height=\"450\" alt=\"AstraZeneca e Oxford veem poss\u00edvel vacina at\u00e9 o fim do ano, apesar da paralisa\u00e7\u00e3o\" fetchpriority=high \/>\n\t\t\t<\/picture>\n\n\t\t\t<figcaption class=\"wp-caption-text wp-caption-text--show\">A farmac\u00eautica Novavax informou que os testes para sua vacina contra o coronav\u00edrus entraram na terceira e \u00faltima fase.<\/figcaption>\n\t\t<\/figure>\n\t<\/div>\n\n\n<div class=\"hubspot-form-wrapper\">\n\t<div id=\"single-form-target\"><\/div>\n<\/div>\n\n<p>Segundo ele, entretanto, a <strong>AstraZeneca<\/strong> ainda espera uma s\u00e9rie de informa\u00e7\u00f5es que podem ser levantadas pelos reguladores para a aprova\u00e7\u00e3o da vacina at\u00e9 o fim de 2020. \u201cAinda poder\u00edamos ter uma vacina at\u00e9 o final deste ano, no in\u00edcio do pr\u00f3ximo\u201d, afirmou Soriot.<\/p>\n<p>Na entrevista virtual a jornalistas, o executivo disse que a fabrica\u00e7\u00e3o para a distribui\u00e7\u00e3o global do medicamento deve estar conclu\u00edda no come\u00e7o de 2021, com a possibilidade de distribuir a vacina para todas as regi\u00f5es do mundo ao mesmo tempo. A parceria AstraZeneca-Oxford fechou acordos com v\u00e1rios pa\u00edses, fabricantes e outras institui\u00e7\u00f5es em todo o planeta para ajud\u00e1-la na fabrica\u00e7\u00e3o e distribui\u00e7\u00e3o do imunizante.<\/p>\n<p><a href=\"https:\/\/lp.suno.com.br\/suno-one\/\">Suno One: acesse gratuitamente eBooks, Minicursos, Artigos e Video Aulas sobre investimentos com um \u00fanico cadastro. Clique para saber mais!<\/a><\/p>\n<p>Um comit\u00ea independente est\u00e1 analisando poss\u00edveis preocupa\u00e7\u00f5es de seguran\u00e7a relacionadas ao volunt\u00e1rio que acabou contraindo uma rara doen\u00e7a inflamat\u00f3ria chamada <strong>mielite transversa<\/strong> em um dos testes da vacina. O medicamento, que a AstraZeneca licenciou de <strong>Oxford<\/strong>, \u00e9 um dos processos mais avan\u00e7ados em todo o Ocidente. Antes da paralisa\u00e7\u00e3o, a empresa havia dito que poderia ter dados suficientes para a aprova\u00e7\u00e3o dos reguladores j\u00e1 em outubro.<\/p>\n<p>O <a href=\"https:\/\/www.suno.com.br\/artigos\/ceo\/\">CEO<\/a> da farmac\u00eautica disse, por\u00e9m, que a companhia ainda n\u00e3o tem um diagn\u00f3stico para o volunt\u00e1rio que acabou adoecendo. &#8220;Est\u00e3o sendo feitos mais exames no paciente, na pessoa que desenvolveu os sintomas. (&#8230;) Voc\u00ea tem que fazer uma s\u00e9rie de testes, e voc\u00ea tem que ter tempo&#8221;, afirmou.<\/p>\n<h2>Paralisa\u00e7\u00e3o em testes da vacina \u00e9 comum<\/h2>\n<p>Ap\u00f3s a informa\u00e7\u00e3o da paralisa\u00e7\u00e3o dos testes vir \u00e0 tona, a farmac\u00eautica descreveu a pausa como \u201ca\u00e7\u00e3o de rotina que deve acontecer sempre que houver uma doen\u00e7a potencialmente inexplicada em um dos ensaios\u201d. \u201cEm grandes ensaios, as doen\u00e7as acontecem por acaso, mas devem ser revistas de forma independente para verificar isso cuidadosamente&#8221;, completou a AstraZeneca.<\/p>\n\t<div data-element=\"shortcode-read-more\" class=\"knowMore\">\n\t\t\t\t<span class=\"knowMore__title\">Veja tamb\u00e9m<\/span>\n\t\t\t\t<a class=\"knowMore__link\" href=\"https:\/\/www.suno.com.br\/noticias\/astrazeneca-retomar-testes-vacina-proxima-semana\/\">\n\t\t\tAstraZeneca pode retomar testes de vacina na pr\u00f3xima semana, diz jornal\t\t<\/a>\n\t<\/div>\n\n\n<p>A empresa salienta que \u00e9 comum que testes de vacinas sejam interrompidos. Inclusive, os trabalhos da parceria AstraZeneca-Oxford j\u00e1 haviam sido interrompidos anteriormente, em julho, e a empresa &#8220;espera mais pausas antes de terminar&#8221;.<\/p>\n<p>Na \u00faltima quarta-feira (9), o jornal brit\u00e2nico &#8220;Financial Times&#8221; disse que os testes j\u00e1 poderiam ser retomados na pr\u00f3xima semana. De acordo com informa\u00e7\u00f5es do jornal, o grupo envolvido nos ensaios cl\u00ednicos est\u00e1 acelerando a revis\u00e3o sobre o que pode ter causado a rea\u00e7\u00e3o adversa em um dos testes da <strong>vacina<\/strong>.<\/p>\n\t<p>\n\t\t<a href=\"https:\/\/lp.suno.com.br\/planilha-de-controle-de-investimentos\/\" target=\"_blank\" data-element=\"shortcode-suno-banner\" title=\"Banner SUNO, clique e saiba mais\">\n\t\t\t<picture>\n\t\t\t\t<source media=\"(max-width: 500px)\" srcset=\"https:\/\/files.sunoresearch.com.br\/n\/uploads\/2023\/03\/400x300-Controle-de-Investimentos.png\">\n\t\t\t\t<img class=\"newsContent__article__imgCapa newsContent__article__imgCapa--banner\"\n\t\t\t\t\tsrc=\"https:\/\/files.sunoresearch.com.br\/n\/uploads\/2023\/03\/1420x240-Controle-de-Investimentos.png\"\n\t\t\t\t\tdata-promo-id=\"75934\"\t\t\t\t\t\t\t\t\t\twidth='1420' height='240'\t\t\t\t\talt=\"https:\/\/files.sunoresearch.com.br\/n\/uploads\/2023\/03\/1420x240-Controle-de-Investimentos.png\"\n\t\t\t\t>\n\t\t\t<\/picture>\n\t\t<\/a>\n\t<\/p>\n\n\n","protected":false},"excerpt":{"rendered":"<p>Embora tenha interrompido os testes na \u00faltima ter\u00e7a-feira (8), em fun\u00e7\u00e3o da rea\u00e7\u00e3o adversa em um dos volunt\u00e1rios, a AstraZeneca (NYSE: AZN), juntamente com a Universidade de Oxford, enxerga a possibilidade da vacina que combata o novo coronav\u00edrus (Covid-19) ser finalizada at\u00e9 o fim do ano. O CEO da farmac\u00eautica, Pascal Soriot, afirmou, nesta quinta-feira [&hellip;]<\/p>\n","protected":false},"author":24,"featured_media":82531,"comment_status":"closed","ping_status":"closed","sticky":false,"template":"","format":"standard","meta":[],"categories":[63],"tags":[51185,2487,104495,25002],"suno_strategy":[],"class_list":["post-83639","post","type-post","status-publish","format-standard","has-post-thumbnail","hentry","category-internacional","tag-astrazeneca","tag-coronavirus","tag-universidade-de-oxford","tag-vacina"],"yoast_head":"<!-- This site is optimized with the Yoast SEO plugin v24.4 - https:\/\/yoast.com\/wordpress\/plugins\/seo\/ -->\n<title>AstraZeneca e Oxford veem poss\u00edvel vacina at\u00e9 o fim do ano<\/title>\n<meta name=\"description\" content=\"A AstraZeneca, juntamente com a Universidade de Oxford, enxerga a possibilidade da conclus\u00e3o da vacina at\u00e9 o fim do ano. Saiba mais.\" \/>\n<meta name=\"robots\" content=\"index, follow, max-snippet:-1, max-image-preview:large, max-video-preview:-1\" \/>\n<link rel=\"canonical\" href=\"https:\/\/www.suno.com.br\/noticias\/astrazeneca-oxford-veem-possivel-vacina\/\" \/>\n<meta property=\"og:locale\" content=\"pt_BR\" \/>\n<meta property=\"og:type\" content=\"article\" \/>\n<meta property=\"og:title\" content=\"AstraZeneca e Oxford veem poss\u00edvel vacina at\u00e9 o fim do ano\" \/>\n<meta property=\"og:description\" content=\"A AstraZeneca, juntamente com a Universidade de Oxford, enxerga a possibilidade da conclus\u00e3o da vacina at\u00e9 o fim do ano. Saiba mais.\" \/>\n<meta property=\"og:url\" content=\"https:\/\/www.suno.com.br\/noticias\/astrazeneca-oxford-veem-possivel-vacina\/\" \/>\n<meta property=\"og:site_name\" content=\"Suno Not\u00edcias\" \/>\n<meta property=\"article:publisher\" content=\"https:\/\/facebook.com\/sunoresearch\" \/>\n<meta property=\"og:image\" content=\"https:\/\/files.sunoresearch.com.br\/n\/uploads\/2020\/09\/df5edd16-vacina-contra-covid-19-novo-coronavirus-ilustracao-1.jpg\" \/>\n\t<meta property=\"og:image:width\" content=\"1200\" \/>\n\t<meta property=\"og:image:height\" content=\"800\" \/>\n\t<meta property=\"og:image:type\" content=\"image\/jpeg\" \/>\n<meta name=\"author\" content=\"Jader Lazarini\" \/>\n<meta name=\"twitter:card\" content=\"summary_large_image\" \/>\n<meta name=\"twitter:creator\" content=\"@sunoresearch\" \/>\n<meta name=\"twitter:site\" content=\"@sunoresearch\" \/>\n<meta name=\"twitter:label1\" content=\"Escrito por\" \/>\n\t<meta name=\"twitter:data1\" content=\"Jader Lazarini\" \/>\n\t<meta name=\"twitter:label2\" content=\"Est. tempo de leitura\" \/>\n\t<meta name=\"twitter:data2\" content=\"3 minutos\" \/>\n<script type=\"application\/ld+json\" class=\"yoast-schema-graph\">{\"@context\":\"https:\/\/schema.org\",\"@graph\":[{\"@type\":\"NewsArticle\",\"@id\":\"https:\/\/www.suno.com.br\/noticias\/astrazeneca-oxford-veem-possivel-vacina\/#article\",\"isPartOf\":{\"@id\":\"https:\/\/www.suno.com.br\/noticias\/astrazeneca-oxford-veem-possivel-vacina\/\"},\"author\":{\"name\":\"Jader Lazarini\",\"@id\":\"https:\/\/www.suno.com.br\/noticias\/#\/schema\/person\/918d79de1f0281f01599b93f9ea6e23f\"},\"headline\":\"AstraZeneca e Oxford veem poss\u00edvel vacina at\u00e9 o fim do ano, apesar da paralisa\u00e7\u00e3o\",\"datePublished\":\"2020-09-10T11:52:01+00:00\",\"mainEntityOfPage\":{\"@id\":\"https:\/\/www.suno.com.br\/noticias\/astrazeneca-oxford-veem-possivel-vacina\/\"},\"wordCount\":544,\"publisher\":{\"@id\":\"https:\/\/www.suno.com.br\/noticias\/#organization\"},\"image\":{\"@id\":\"https:\/\/www.suno.com.br\/noticias\/astrazeneca-oxford-veem-possivel-vacina\/#primaryimage\"},\"thumbnailUrl\":\"https:\/\/files.sunoresearch.com.br\/n\/uploads\/2020\/09\/df5edd16-vacina-contra-covid-19-novo-coronavirus-ilustracao-1-jpg.webp\",\"keywords\":[\"AstraZeneca\",\"coronav\u00edrus\",\"Universidade de Oxford\",\"vacina\"],\"articleSection\":[\"Internacional\"],\"inLanguage\":\"pt-BR\"},{\"@type\":\"WebPage\",\"@id\":\"https:\/\/www.suno.com.br\/noticias\/astrazeneca-oxford-veem-possivel-vacina\/\",\"url\":\"https:\/\/www.suno.com.br\/noticias\/astrazeneca-oxford-veem-possivel-vacina\/\",\"name\":\"AstraZeneca e Oxford veem poss\u00edvel vacina at\u00e9 o fim do ano\",\"isPartOf\":{\"@id\":\"https:\/\/www.suno.com.br\/noticias\/#website\"},\"primaryImageOfPage\":{\"@id\":\"https:\/\/www.suno.com.br\/noticias\/astrazeneca-oxford-veem-possivel-vacina\/#primaryimage\"},\"image\":{\"@id\":\"https:\/\/www.suno.com.br\/noticias\/astrazeneca-oxford-veem-possivel-vacina\/#primaryimage\"},\"thumbnailUrl\":\"https:\/\/files.sunoresearch.com.br\/n\/uploads\/2020\/09\/df5edd16-vacina-contra-covid-19-novo-coronavirus-ilustracao-1-jpg.webp\",\"datePublished\":\"2020-09-10T11:52:01+00:00\",\"description\":\"A AstraZeneca, juntamente com a Universidade de Oxford, enxerga a possibilidade da conclus\u00e3o da vacina at\u00e9 o fim do ano. Saiba mais.\",\"breadcrumb\":{\"@id\":\"https:\/\/www.suno.com.br\/noticias\/astrazeneca-oxford-veem-possivel-vacina\/#breadcrumb\"},\"inLanguage\":\"pt-BR\",\"potentialAction\":[{\"@type\":\"ReadAction\",\"target\":[\"https:\/\/www.suno.com.br\/noticias\/astrazeneca-oxford-veem-possivel-vacina\/\"]}]},{\"@type\":\"ImageObject\",\"inLanguage\":\"pt-BR\",\"@id\":\"https:\/\/www.suno.com.br\/noticias\/astrazeneca-oxford-veem-possivel-vacina\/#primaryimage\",\"url\":\"https:\/\/files.sunoresearch.com.br\/n\/uploads\/2020\/09\/df5edd16-vacina-contra-covid-19-novo-coronavirus-ilustracao-1-jpg.webp\",\"contentUrl\":\"https:\/\/files.sunoresearch.com.br\/n\/uploads\/2020\/09\/df5edd16-vacina-contra-covid-19-novo-coronavirus-ilustracao-1-jpg.webp\",\"width\":1200,\"height\":800,\"caption\":\"A farmac\u00eautica Novavax informou que os testes para sua vacina contra o coronav\u00edrus entraram na terceira e \u00faltima fase.\"},{\"@type\":\"BreadcrumbList\",\"@id\":\"https:\/\/www.suno.com.br\/noticias\/astrazeneca-oxford-veem-possivel-vacina\/#breadcrumb\",\"itemListElement\":[{\"@type\":\"ListItem\",\"position\":1,\"name\":\"Not\u00edcias\",\"item\":\"https:\/\/www.suno.com.br\/noticias\/\"},{\"@type\":\"ListItem\",\"position\":2,\"name\":\"Internacional\",\"item\":\"https:\/\/www.suno.com.br\/noticias\/internacional\/\"},{\"@type\":\"ListItem\",\"position\":3,\"name\":\"AstraZeneca e Oxford veem poss\u00edvel vacina at\u00e9 o fim do ano, apesar da paralisa\u00e7\u00e3o\"}]},{\"@type\":\"WebSite\",\"@id\":\"https:\/\/www.suno.com.br\/noticias\/#website\",\"url\":\"https:\/\/www.suno.com.br\/noticias\/\",\"name\":\"Suno Not\u00edcias\",\"description\":\"Seu portal de informa\u00e7\u00e3o sobre o mundo dos investimentos\",\"publisher\":{\"@id\":\"https:\/\/www.suno.com.br\/noticias\/#organization\"},\"potentialAction\":[{\"@type\":\"SearchAction\",\"target\":{\"@type\":\"EntryPoint\",\"urlTemplate\":\"https:\/\/www.suno.com.br\/noticias\/?s={search_term_string}\"},\"query-input\":{\"@type\":\"PropertyValueSpecification\",\"valueRequired\":true,\"valueName\":\"search_term_string\"}}],\"inLanguage\":\"pt-BR\"},{\"@type\":\"Organization\",\"@id\":\"https:\/\/www.suno.com.br\/noticias\/#organization\",\"name\":\"Suno Not\u00edcias\",\"url\":\"https:\/\/www.suno.com.br\/noticias\/\",\"logo\":{\"@type\":\"ImageObject\",\"inLanguage\":\"pt-BR\",\"@id\":\"https:\/\/www.suno.com.br\/noticias\/#\/schema\/logo\/image\/\",\"url\":\"https:\/\/files.sunoresearch.com.br\/n\/uploads\/2021\/09\/suno-logo.png\",\"contentUrl\":\"https:\/\/files.sunoresearch.com.br\/n\/uploads\/2021\/09\/suno-logo.png\",\"width\":180,\"height\":180,\"caption\":\"Suno Not\u00edcias\"},\"image\":{\"@id\":\"https:\/\/www.suno.com.br\/noticias\/#\/schema\/logo\/image\/\"},\"sameAs\":[\"https:\/\/facebook.com\/sunoresearch\",\"https:\/\/x.com\/sunoresearch\",\"https:\/\/www.instagram.com\/suno\",\"https:\/\/www.linkedin.com\/company\/suno-research\/\",\"https:\/\/www.youtube.com\/c\/sunoresearch\"]},{\"@type\":\"Person\",\"@id\":\"https:\/\/www.suno.com.br\/noticias\/#\/schema\/person\/918d79de1f0281f01599b93f9ea6e23f\",\"name\":\"Jader Lazarini\",\"image\":{\"@type\":\"ImageObject\",\"inLanguage\":\"pt-BR\",\"@id\":\"https:\/\/www.suno.com.br\/noticias\/#\/schema\/person\/image\/\",\"url\":\"https:\/\/secure.gravatar.com\/avatar\/3c1ad8caa51589841baeb923fcddea97?s=96&r=g\",\"contentUrl\":\"https:\/\/secure.gravatar.com\/avatar\/3c1ad8caa51589841baeb923fcddea97?s=96&r=g\",\"caption\":\"Jader Lazarini\"},\"description\":\"Jader Lazarini escreve sobre investimentos, finan\u00e7as, economia e neg\u00f3cios. \u00c9 bacharel em Rela\u00e7\u00f5es Internacionais e analista CNPI (2619).\",\"url\":\"https:\/\/www.suno.com.br\/noticias\/author\/jader-lazarini\/\"}]}<\/script>\n<!-- \/ Yoast SEO plugin. -->","yoast_head_json":{"title":"AstraZeneca e Oxford veem poss\u00edvel vacina at\u00e9 o fim do ano","description":"A AstraZeneca, juntamente com a Universidade de Oxford, enxerga a possibilidade da conclus\u00e3o da vacina at\u00e9 o fim do ano. Saiba mais.","robots":{"index":"index","follow":"follow","max-snippet":"max-snippet:-1","max-image-preview":"max-image-preview:large","max-video-preview":"max-video-preview:-1"},"canonical":"https:\/\/www.suno.com.br\/noticias\/astrazeneca-oxford-veem-possivel-vacina\/","og_locale":"pt_BR","og_type":"article","og_title":"AstraZeneca e Oxford veem poss\u00edvel vacina at\u00e9 o fim do ano","og_description":"A AstraZeneca, juntamente com a Universidade de Oxford, enxerga a possibilidade da conclus\u00e3o da vacina at\u00e9 o fim do ano. Saiba mais.","og_url":"https:\/\/www.suno.com.br\/noticias\/astrazeneca-oxford-veem-possivel-vacina\/","og_site_name":"Suno Not\u00edcias","article_publisher":"https:\/\/facebook.com\/sunoresearch","og_image":[{"width":1200,"height":800,"url":"https:\/\/files.sunoresearch.com.br\/n\/uploads\/2020\/09\/df5edd16-vacina-contra-covid-19-novo-coronavirus-ilustracao-1.jpg","type":"image\/jpeg"}],"author":"Jader Lazarini","twitter_card":"summary_large_image","twitter_creator":"@sunoresearch","twitter_site":"@sunoresearch","twitter_misc":{"Escrito por":"Jader Lazarini","Est. tempo de leitura":"3 minutos"},"schema":{"@context":"https:\/\/schema.org","@graph":[{"@type":"NewsArticle","@id":"https:\/\/www.suno.com.br\/noticias\/astrazeneca-oxford-veem-possivel-vacina\/#article","isPartOf":{"@id":"https:\/\/www.suno.com.br\/noticias\/astrazeneca-oxford-veem-possivel-vacina\/"},"author":{"name":"Jader Lazarini","@id":"https:\/\/www.suno.com.br\/noticias\/#\/schema\/person\/918d79de1f0281f01599b93f9ea6e23f"},"headline":"AstraZeneca e Oxford veem poss\u00edvel vacina at\u00e9 o fim do ano, apesar da paralisa\u00e7\u00e3o","datePublished":"2020-09-10T11:52:01+00:00","mainEntityOfPage":{"@id":"https:\/\/www.suno.com.br\/noticias\/astrazeneca-oxford-veem-possivel-vacina\/"},"wordCount":544,"publisher":{"@id":"https:\/\/www.suno.com.br\/noticias\/#organization"},"image":{"@id":"https:\/\/www.suno.com.br\/noticias\/astrazeneca-oxford-veem-possivel-vacina\/#primaryimage"},"thumbnailUrl":"https:\/\/files.sunoresearch.com.br\/n\/uploads\/2020\/09\/df5edd16-vacina-contra-covid-19-novo-coronavirus-ilustracao-1-jpg.webp","keywords":["AstraZeneca","coronav\u00edrus","Universidade de Oxford","vacina"],"articleSection":["Internacional"],"inLanguage":"pt-BR"},{"@type":"WebPage","@id":"https:\/\/www.suno.com.br\/noticias\/astrazeneca-oxford-veem-possivel-vacina\/","url":"https:\/\/www.suno.com.br\/noticias\/astrazeneca-oxford-veem-possivel-vacina\/","name":"AstraZeneca e Oxford veem poss\u00edvel vacina at\u00e9 o fim do ano","isPartOf":{"@id":"https:\/\/www.suno.com.br\/noticias\/#website"},"primaryImageOfPage":{"@id":"https:\/\/www.suno.com.br\/noticias\/astrazeneca-oxford-veem-possivel-vacina\/#primaryimage"},"image":{"@id":"https:\/\/www.suno.com.br\/noticias\/astrazeneca-oxford-veem-possivel-vacina\/#primaryimage"},"thumbnailUrl":"https:\/\/files.sunoresearch.com.br\/n\/uploads\/2020\/09\/df5edd16-vacina-contra-covid-19-novo-coronavirus-ilustracao-1-jpg.webp","datePublished":"2020-09-10T11:52:01+00:00","description":"A AstraZeneca, juntamente com a Universidade de Oxford, enxerga a possibilidade da conclus\u00e3o da vacina at\u00e9 o fim do ano. Saiba mais.","breadcrumb":{"@id":"https:\/\/www.suno.com.br\/noticias\/astrazeneca-oxford-veem-possivel-vacina\/#breadcrumb"},"inLanguage":"pt-BR","potentialAction":[{"@type":"ReadAction","target":["https:\/\/www.suno.com.br\/noticias\/astrazeneca-oxford-veem-possivel-vacina\/"]}]},{"@type":"ImageObject","inLanguage":"pt-BR","@id":"https:\/\/www.suno.com.br\/noticias\/astrazeneca-oxford-veem-possivel-vacina\/#primaryimage","url":"https:\/\/files.sunoresearch.com.br\/n\/uploads\/2020\/09\/df5edd16-vacina-contra-covid-19-novo-coronavirus-ilustracao-1-jpg.webp","contentUrl":"https:\/\/files.sunoresearch.com.br\/n\/uploads\/2020\/09\/df5edd16-vacina-contra-covid-19-novo-coronavirus-ilustracao-1-jpg.webp","width":1200,"height":800,"caption":"A farmac\u00eautica Novavax informou que os testes para sua vacina contra o coronav\u00edrus entraram na terceira e \u00faltima fase."},{"@type":"BreadcrumbList","@id":"https:\/\/www.suno.com.br\/noticias\/astrazeneca-oxford-veem-possivel-vacina\/#breadcrumb","itemListElement":[{"@type":"ListItem","position":1,"name":"Not\u00edcias","item":"https:\/\/www.suno.com.br\/noticias\/"},{"@type":"ListItem","position":2,"name":"Internacional","item":"https:\/\/www.suno.com.br\/noticias\/internacional\/"},{"@type":"ListItem","position":3,"name":"AstraZeneca e Oxford veem poss\u00edvel vacina at\u00e9 o fim do ano, apesar da paralisa\u00e7\u00e3o"}]},{"@type":"WebSite","@id":"https:\/\/www.suno.com.br\/noticias\/#website","url":"https:\/\/www.suno.com.br\/noticias\/","name":"Suno Not\u00edcias","description":"Seu portal de informa\u00e7\u00e3o sobre o mundo dos investimentos","publisher":{"@id":"https:\/\/www.suno.com.br\/noticias\/#organization"},"potentialAction":[{"@type":"SearchAction","target":{"@type":"EntryPoint","urlTemplate":"https:\/\/www.suno.com.br\/noticias\/?s={search_term_string}"},"query-input":{"@type":"PropertyValueSpecification","valueRequired":true,"valueName":"search_term_string"}}],"inLanguage":"pt-BR"},{"@type":"Organization","@id":"https:\/\/www.suno.com.br\/noticias\/#organization","name":"Suno Not\u00edcias","url":"https:\/\/www.suno.com.br\/noticias\/","logo":{"@type":"ImageObject","inLanguage":"pt-BR","@id":"https:\/\/www.suno.com.br\/noticias\/#\/schema\/logo\/image\/","url":"https:\/\/files.sunoresearch.com.br\/n\/uploads\/2021\/09\/suno-logo.png","contentUrl":"https:\/\/files.sunoresearch.com.br\/n\/uploads\/2021\/09\/suno-logo.png","width":180,"height":180,"caption":"Suno Not\u00edcias"},"image":{"@id":"https:\/\/www.suno.com.br\/noticias\/#\/schema\/logo\/image\/"},"sameAs":["https:\/\/facebook.com\/sunoresearch","https:\/\/x.com\/sunoresearch","https:\/\/www.instagram.com\/suno","https:\/\/www.linkedin.com\/company\/suno-research\/","https:\/\/www.youtube.com\/c\/sunoresearch"]},{"@type":"Person","@id":"https:\/\/www.suno.com.br\/noticias\/#\/schema\/person\/918d79de1f0281f01599b93f9ea6e23f","name":"Jader Lazarini","image":{"@type":"ImageObject","inLanguage":"pt-BR","@id":"https:\/\/www.suno.com.br\/noticias\/#\/schema\/person\/image\/","url":"https:\/\/secure.gravatar.com\/avatar\/3c1ad8caa51589841baeb923fcddea97?s=96&r=g","contentUrl":"https:\/\/secure.gravatar.com\/avatar\/3c1ad8caa51589841baeb923fcddea97?s=96&r=g","caption":"Jader Lazarini"},"description":"Jader Lazarini escreve sobre investimentos, finan\u00e7as, economia e neg\u00f3cios. \u00c9 bacharel em Rela\u00e7\u00f5es Internacionais e analista CNPI (2619).","url":"https:\/\/www.suno.com.br\/noticias\/author\/jader-lazarini\/"}]}},"default_loop_html":"<div class=\"cardsPage__listCard__boxs\"><div class=\"cardsPage__listCard__boxs__img\"><a href=\"https:\/\/www.suno.com.br\/noticias\/astrazeneca-oxford-veem-possivel-vacina\/\"><img class=\"mask\" src=\"https:\/\/www.suno.com.br\/noticias\/wp-content\/themes\/suno\/resources\/images\/spotlight\/spotlight1img\/bg-mask.png\" alt=\"Image Mask\"\/><img src=\"https:\/\/files.sunoresearch.com.br\/n\/uploads\/2020\/09\/df5edd16-vacina-contra-covid-19-novo-coronavirus-ilustracao-1-400x200.webp\" alt=\"AstraZeneca e Oxford veem poss\u00edvel vacina at\u00e9 o fim do ano, apesar da paralisa\u00e7\u00e3o\"\/><\/a><span class=\"spotlightCategory\"><a href=\"https:\/\/www.suno.com.br\/noticias\/internacional\/\">Internacional<\/a><\/span><\/div><div class=\"cardsPage__listCard__boxs__content\"><a href=\"https:\/\/www.suno.com.br\/noticias\/astrazeneca-oxford-veem-possivel-vacina\/\"><h2 class=\"content__title\">AstraZeneca e Oxford veem poss\u00edvel vacina at\u00e9 o fim do ano, apesar da paralisa\u00e7\u00e3o<\/h2><\/a><div class=\"newsContent__article__meta\"><div class=\"newsContent__article__meta__authorBox\"><a href=\"https:\/\/www.suno.com.br\/noticias\/author\/jader-lazarini\/\" class=\"authorBox__avatar noMobi\"><img src=\"https:\/\/files.sunoresearch.com.br\/n\/uploads\/2021\/01\/178e6598-foto-perfil-2-150x150.jpg\" alt=\"Jader Lazarini\"><\/a><div class=\"authorBox__name\"><span>por\n\t\t\t<a href=\"https:\/\/www.suno.com.br\/noticias\/author\/jader-lazarini\/\"><span itemprop=\"author\">Jader Lazarini<\/span><\/a><\/span><time datetime=\"2020-09-10T08:52:01-03:00\" itemprop=\"datePublished\">10\/09\/2020 08:52<\/time><\/div><\/div><\/div><\/div><\/div>","single_layout":"posts","amp_enabled":true,"_links":{"self":[{"href":"https:\/\/www.suno.com.br\/noticias\/wp-json\/wp\/v2\/posts\/83639"}],"collection":[{"href":"https:\/\/www.suno.com.br\/noticias\/wp-json\/wp\/v2\/posts"}],"about":[{"href":"https:\/\/www.suno.com.br\/noticias\/wp-json\/wp\/v2\/types\/post"}],"author":[{"embeddable":true,"href":"https:\/\/www.suno.com.br\/noticias\/wp-json\/wp\/v2\/users\/24"}],"replies":[{"embeddable":true,"href":"https:\/\/www.suno.com.br\/noticias\/wp-json\/wp\/v2\/comments?post=83639"}],"version-history":[{"count":0,"href":"https:\/\/www.suno.com.br\/noticias\/wp-json\/wp\/v2\/posts\/83639\/revisions"}],"wp:featuredmedia":[{"embeddable":true,"href":"https:\/\/www.suno.com.br\/noticias\/wp-json\/wp\/v2\/media\/82531"}],"wp:attachment":[{"href":"https:\/\/www.suno.com.br\/noticias\/wp-json\/wp\/v2\/media?parent=83639"}],"wp:term":[{"taxonomy":"category","embeddable":true,"href":"https:\/\/www.suno.com.br\/noticias\/wp-json\/wp\/v2\/categories?post=83639"},{"taxonomy":"post_tag","embeddable":true,"href":"https:\/\/www.suno.com.br\/noticias\/wp-json\/wp\/v2\/tags?post=83639"},{"taxonomy":"suno_strategy","embeddable":true,"href":"https:\/\/www.suno.com.br\/noticias\/wp-json\/wp\/v2\/suno_strategy?post=83639"}],"curies":[{"name":"wp","href":"https:\/\/api.w.org\/{rel}","templated":true}]}}