{"id":83578,"date":"2020-09-09T20:29:22","date_gmt":"2020-09-09T23:29:22","guid":{"rendered":"https:\/\/www.suno.com.br\/noticias\/?p=83578"},"modified":"2020-09-09T20:29:22","modified_gmt":"2020-09-09T23:29:22","slug":"interrupcao-testes-vacina-nao-altera-acordo-diz-ministerio","status":"publish","type":"post","link":"https:\/\/www.suno.com.br\/noticias\/interrupcao-testes-vacina-nao-altera-acordo-diz-ministerio\/","title":{"rendered":"Sa\u00fade diz que interrup\u00e7\u00e3o de testes de vacina n\u00e3o altera acordo do Brasil"},"content":{"rendered":"<p>O Minist\u00e9rio da Sa\u00fade comunicou nesta quarta-feira (9) que a suspens\u00e3o dos testes da fase 3 da <strong>vacina <\/strong>desenvolvida pelo laborat\u00f3rio brit\u00e2nico AstraZeneca em parceria com a Universidade de Oxford n\u00e3o causar\u00e1 qualquer altera\u00e7\u00e3o no acordo fechado pelo governo brasileiro.<\/p>\t<div class=\"wrapper-featured-image\">\n\t\t<figure class=\"spotlightImg\">\n\n\t\t\t<picture>\n\t\t\t\t<source media=\"(max-width: 768px)\" srcset=\"https:\/\/files.sunoresearch.com.br\/n\/uploads\/2020\/03\/a10df103-vacina-400x200.webp\">\n\t\t\t\t<img loading=\"lazy\" decoding=\"async\" class=\"newsContent__article__imgCapa lazyloadDisabled \" src=\"https:\/\/files.sunoresearch.com.br\/n\/uploads\/2020\/03\/a10df103-vacina-jpg.webp\" width=\"800\" height=\"450\" alt=\"Sa\u00fade diz que interrup\u00e7\u00e3o de testes de vacina n\u00e3o altera acordo do Brasil\" fetchpriority=high \/>\n\t\t\t<\/picture>\n\n\t\t\t<figcaption class=\"wp-caption-text wp-caption-text--show\">O Minist\u00e9rio da Sa\u00fade comunicou que ainda \u00e9 cedo para falar de falhas na vacina<\/figcaption>\n\t\t<\/figure>\n\t<\/div>\n\n\n<div class=\"hubspot-form-wrapper\">\n\t<div id=\"single-form-target\"><\/div>\n<\/div>\n\n<p>A farmac\u00eautica informou na \u00faltima ter\u00e7a-feira (8) ao site especializado em sa\u00fade &#8220;Stat News&#8221; a interrup\u00e7\u00e3o dos testes com a vacina por conta de rea\u00e7\u00e3o adversas s\u00e9rias registradas em um paciente integrante de estudos no Reino Unido.<\/p>\n<p>Com isso, o secret\u00e1rio-executivo do <strong>Minist\u00e9rio da Sa\u00fade<\/strong>, \u00c9lcio Franco, admitiu em entrevista coletiva que ainda n\u00e3o sabe o quanto o cronograma previsto para o imunizante ser\u00e1 afetado pela suspens\u00e3o da \u00faltima fase de testes. Em princ\u00edpio, a expectativa do Brasil era iniciar a vacina\u00e7\u00e3o a partir do come\u00e7o de 2021.<\/p>\n<p><a href=\"https:\/\/lp.suno.com.br\/suno-one\/\">Suno One: acesse gratuitamente eBooks, Minicursos, Artigos e Video Aulas sobre investimentos com um \u00fanico cadastro. Clique para saber mais!<\/a><\/p>\n<p>De acordo com o secret\u00e1rio, o risco de compra avan\u00e7ada da vacina \u00e9 &#8220;inerente \u00e0 conjuntura&#8221; e se faz necess\u00e1rio, em vista do risco de conseguir doses suficientes depois da aprova\u00e7\u00e3o por parte dos \u00f3rg\u00e3os de regula\u00e7\u00e3o. O acordo firmado entre a AstraZeneca e a Funda\u00e7\u00e3o Oswaldo Cruz, que ser\u00e1 respons\u00e1vel pelo imunizante no Pa\u00eds, j\u00e1 foi assinado virtualmente por ambas as partes, acrescentou Franco.<\/p>\n<h2>\u00c9 cedo para falar sobre falhas na vacina, diz Sa\u00fade<\/h2>\n<p>Ainda na entrevista coletiva, os t\u00e9cnicos da equipe do Minist\u00e9rio da Sa\u00fade afirmaram que ainda \u00e9 precoce para realizar afirma\u00e7\u00f5es sobre falhas do produto. \u201c\u00c9 muito cedo para fazer qualquer afirma\u00e7\u00e3o sobre falhas. A suspens\u00e3o dos testes \u00e9 um procedimento de seguran\u00e7a e um evento natural que precisa ser investigado\u201d, declarou o secret\u00e1rio-executivo.<\/p>\n\t<div data-element=\"shortcode-read-more\" class=\"knowMore\">\n\t\t\t\t<span class=\"knowMore__title\">Veja tamb\u00e9m<\/span>\n\t\t\t\t<a class=\"knowMore__link\" href=\"https:\/\/www.suno.com.br\/noticias\/astrazeneca-retomar-testes-vacina-proxima-semana\/\">\n\t\t\tAstraZeneca pode retomar testes de vacina na pr\u00f3xima semana, diz jornal\t\t<\/a>\n\t<\/div>\n\n\n<p>A <strong>vacina<\/strong> da AstraZeneca e da Universidade de Oxford \u00e9 uma das maiores apostas do governo federal no combate \u00e0 epidemia de covid-19 no Brasil. No in\u00edcio de agosto, o presidente da Rep\u00fablica, Jair Bolsonaro, assinou medida provis\u00f3ria que liberou um cr\u00e9dito de R$ 1,9 bilh\u00e3o para garantir a compra de 100 milh\u00f5es de doses e posterior produ\u00e7\u00e3o local do imunizante.<\/p>\n\t<p>\n\t\t<a href=\"https:\/\/lp.suno.com.br\/planilha-de-controle-de-investimentos\/\" target=\"_blank\" data-element=\"shortcode-suno-banner\" title=\"Banner SUNO, clique e saiba mais\">\n\t\t\t<picture>\n\t\t\t\t<source media=\"(max-width: 500px)\" srcset=\"https:\/\/files.sunoresearch.com.br\/n\/uploads\/2023\/03\/400x300-Controle-de-Investimentos.png\">\n\t\t\t\t<img class=\"newsContent__article__imgCapa newsContent__article__imgCapa--banner\"\n\t\t\t\t\tsrc=\"https:\/\/files.sunoresearch.com.br\/n\/uploads\/2023\/03\/1420x240-Controle-de-Investimentos.png\"\n\t\t\t\t\tdata-promo-id=\"75934\"\t\t\t\t\t\t\t\t\t\twidth='1420' height='240'\t\t\t\t\talt=\"https:\/\/files.sunoresearch.com.br\/n\/uploads\/2023\/03\/1420x240-Controle-de-Investimentos.png\"\n\t\t\t\t>\n\t\t\t<\/picture>\n\t\t<\/a>\n\t<\/p>\n\n\n","protected":false},"excerpt":{"rendered":"<p>O Minist\u00e9rio da Sa\u00fade comunicou nesta quarta-feira (9) que a suspens\u00e3o dos testes da fase 3 da vacina desenvolvida pelo laborat\u00f3rio brit\u00e2nico AstraZeneca em parceria com a Universidade de Oxford n\u00e3o causar\u00e1 qualquer altera\u00e7\u00e3o no acordo fechado pelo governo brasileiro. O Minist\u00e9rio da Sa\u00fade comunicou que ainda \u00e9 cedo para falar de falhas na vacina [&hellip;]<\/p>\n","protected":false},"author":35,"featured_media":59444,"comment_status":"closed","ping_status":"closed","sticky":false,"template":"","format":"standard","meta":[],"categories":[62],"tags":[51185,2487,2735,104495,25002],"suno_strategy":[],"class_list":["post-83578","post","type-post","status-publish","format-standard","has-post-thumbnail","hentry","category-economia","tag-astrazeneca","tag-coronavirus","tag-ministerio-da-saude","tag-universidade-de-oxford","tag-vacina"],"yoast_head":"<!-- This site is optimized with the Yoast SEO plugin v24.4 - https:\/\/yoast.com\/wordpress\/plugins\/seo\/ -->\n<title>Sa\u00fade diz que interrup\u00e7\u00e3o de testes de vacina n\u00e3o altera acordo do Brasil<\/title>\n<meta name=\"description\" content=\"O Minist\u00e9rio da Sa\u00fade comunicou que a suspens\u00e3o dos testes com a vacina da AstraZeneca n\u00e3o afeta acordo com Brasil. Clique para saber mais\" \/>\n<meta name=\"robots\" content=\"index, follow, max-snippet:-1, max-image-preview:large, max-video-preview:-1\" \/>\n<link rel=\"canonical\" href=\"https:\/\/www.suno.com.br\/noticias\/interrupcao-testes-vacina-nao-altera-acordo-diz-ministerio\/\" \/>\n<meta property=\"og:locale\" content=\"pt_BR\" \/>\n<meta property=\"og:type\" content=\"article\" \/>\n<meta property=\"og:title\" content=\"Sa\u00fade diz que interrup\u00e7\u00e3o de testes de vacina n\u00e3o altera acordo do Brasil\" \/>\n<meta property=\"og:description\" content=\"O Minist\u00e9rio da Sa\u00fade comunicou que a suspens\u00e3o dos testes com a vacina da AstraZeneca n\u00e3o afeta acordo com Brasil. Clique para saber mais\" \/>\n<meta property=\"og:url\" content=\"https:\/\/www.suno.com.br\/noticias\/interrupcao-testes-vacina-nao-altera-acordo-diz-ministerio\/\" \/>\n<meta property=\"og:site_name\" content=\"Suno Not\u00edcias\" \/>\n<meta property=\"article:publisher\" content=\"https:\/\/facebook.com\/sunoresearch\" \/>\n<meta property=\"og:image\" content=\"https:\/\/files.sunoresearch.com.br\/n\/uploads\/2020\/03\/a10df103-vacina.jpg\" \/>\n\t<meta property=\"og:image:width\" content=\"700\" \/>\n\t<meta property=\"og:image:height\" content=\"466\" \/>\n\t<meta property=\"og:image:type\" content=\"image\/jpeg\" \/>\n<meta name=\"author\" content=\"Arthur Guimar\u00e3es\" \/>\n<meta name=\"twitter:card\" content=\"summary_large_image\" \/>\n<meta name=\"twitter:creator\" content=\"@sunoresearch\" \/>\n<meta name=\"twitter:site\" content=\"@sunoresearch\" \/>\n<meta name=\"twitter:label1\" content=\"Escrito por\" \/>\n\t<meta name=\"twitter:data1\" content=\"Arthur Guimar\u00e3es\" \/>\n\t<meta name=\"twitter:label2\" content=\"Est. tempo de leitura\" \/>\n\t<meta name=\"twitter:data2\" content=\"2 minutos\" \/>\n<script type=\"application\/ld+json\" class=\"yoast-schema-graph\">{\"@context\":\"https:\/\/schema.org\",\"@graph\":[{\"@type\":\"NewsArticle\",\"@id\":\"https:\/\/www.suno.com.br\/noticias\/interrupcao-testes-vacina-nao-altera-acordo-diz-ministerio\/#article\",\"isPartOf\":{\"@id\":\"https:\/\/www.suno.com.br\/noticias\/interrupcao-testes-vacina-nao-altera-acordo-diz-ministerio\/\"},\"author\":{\"name\":\"Arthur Guimar\u00e3es\",\"@id\":\"https:\/\/www.suno.com.br\/noticias\/#\/schema\/person\/053a750a709a263919a20f976caae91c\"},\"headline\":\"Sa\u00fade diz que interrup\u00e7\u00e3o de testes de vacina n\u00e3o altera acordo do Brasil\",\"datePublished\":\"2020-09-09T23:29:22+00:00\",\"mainEntityOfPage\":{\"@id\":\"https:\/\/www.suno.com.br\/noticias\/interrupcao-testes-vacina-nao-altera-acordo-diz-ministerio\/\"},\"wordCount\":409,\"publisher\":{\"@id\":\"https:\/\/www.suno.com.br\/noticias\/#organization\"},\"image\":{\"@id\":\"https:\/\/www.suno.com.br\/noticias\/interrupcao-testes-vacina-nao-altera-acordo-diz-ministerio\/#primaryimage\"},\"thumbnailUrl\":\"https:\/\/files.sunoresearch.com.br\/n\/uploads\/2020\/03\/a10df103-vacina-jpg.webp\",\"keywords\":[\"AstraZeneca\",\"coronav\u00edrus\",\"Minist\u00e9rio da Sa\u00fade\",\"Universidade de Oxford\",\"vacina\"],\"articleSection\":[\"Economia\"],\"inLanguage\":\"pt-BR\"},{\"@type\":\"WebPage\",\"@id\":\"https:\/\/www.suno.com.br\/noticias\/interrupcao-testes-vacina-nao-altera-acordo-diz-ministerio\/\",\"url\":\"https:\/\/www.suno.com.br\/noticias\/interrupcao-testes-vacina-nao-altera-acordo-diz-ministerio\/\",\"name\":\"Sa\u00fade diz que interrup\u00e7\u00e3o de testes de vacina n\u00e3o altera acordo do Brasil\",\"isPartOf\":{\"@id\":\"https:\/\/www.suno.com.br\/noticias\/#website\"},\"primaryImageOfPage\":{\"@id\":\"https:\/\/www.suno.com.br\/noticias\/interrupcao-testes-vacina-nao-altera-acordo-diz-ministerio\/#primaryimage\"},\"image\":{\"@id\":\"https:\/\/www.suno.com.br\/noticias\/interrupcao-testes-vacina-nao-altera-acordo-diz-ministerio\/#primaryimage\"},\"thumbnailUrl\":\"https:\/\/files.sunoresearch.com.br\/n\/uploads\/2020\/03\/a10df103-vacina-jpg.webp\",\"datePublished\":\"2020-09-09T23:29:22+00:00\",\"description\":\"O Minist\u00e9rio da Sa\u00fade comunicou que a suspens\u00e3o dos testes com a vacina da AstraZeneca n\u00e3o afeta acordo com Brasil. Clique para saber mais\",\"breadcrumb\":{\"@id\":\"https:\/\/www.suno.com.br\/noticias\/interrupcao-testes-vacina-nao-altera-acordo-diz-ministerio\/#breadcrumb\"},\"inLanguage\":\"pt-BR\",\"potentialAction\":[{\"@type\":\"ReadAction\",\"target\":[\"https:\/\/www.suno.com.br\/noticias\/interrupcao-testes-vacina-nao-altera-acordo-diz-ministerio\/\"]}]},{\"@type\":\"ImageObject\",\"inLanguage\":\"pt-BR\",\"@id\":\"https:\/\/www.suno.com.br\/noticias\/interrupcao-testes-vacina-nao-altera-acordo-diz-ministerio\/#primaryimage\",\"url\":\"https:\/\/files.sunoresearch.com.br\/n\/uploads\/2020\/03\/a10df103-vacina-jpg.webp\",\"contentUrl\":\"https:\/\/files.sunoresearch.com.br\/n\/uploads\/2020\/03\/a10df103-vacina-jpg.webp\",\"width\":700,\"height\":466,\"caption\":\"O Minist\u00e9rio da Sa\u00fade comunicou que ainda \u00e9 cedo para falar de falhas na vacina\"},{\"@type\":\"BreadcrumbList\",\"@id\":\"https:\/\/www.suno.com.br\/noticias\/interrupcao-testes-vacina-nao-altera-acordo-diz-ministerio\/#breadcrumb\",\"itemListElement\":[{\"@type\":\"ListItem\",\"position\":1,\"name\":\"Not\u00edcias\",\"item\":\"https:\/\/www.suno.com.br\/noticias\/\"},{\"@type\":\"ListItem\",\"position\":2,\"name\":\"Economia\",\"item\":\"https:\/\/www.suno.com.br\/noticias\/economia\/\"},{\"@type\":\"ListItem\",\"position\":3,\"name\":\"Sa\u00fade diz que interrup\u00e7\u00e3o de testes de vacina n\u00e3o altera acordo do Brasil\"}]},{\"@type\":\"WebSite\",\"@id\":\"https:\/\/www.suno.com.br\/noticias\/#website\",\"url\":\"https:\/\/www.suno.com.br\/noticias\/\",\"name\":\"Suno Not\u00edcias\",\"description\":\"Seu portal de informa\u00e7\u00e3o sobre o mundo dos investimentos\",\"publisher\":{\"@id\":\"https:\/\/www.suno.com.br\/noticias\/#organization\"},\"potentialAction\":[{\"@type\":\"SearchAction\",\"target\":{\"@type\":\"EntryPoint\",\"urlTemplate\":\"https:\/\/www.suno.com.br\/noticias\/?s={search_term_string}\"},\"query-input\":{\"@type\":\"PropertyValueSpecification\",\"valueRequired\":true,\"valueName\":\"search_term_string\"}}],\"inLanguage\":\"pt-BR\"},{\"@type\":\"Organization\",\"@id\":\"https:\/\/www.suno.com.br\/noticias\/#organization\",\"name\":\"Suno Not\u00edcias\",\"url\":\"https:\/\/www.suno.com.br\/noticias\/\",\"logo\":{\"@type\":\"ImageObject\",\"inLanguage\":\"pt-BR\",\"@id\":\"https:\/\/www.suno.com.br\/noticias\/#\/schema\/logo\/image\/\",\"url\":\"https:\/\/files.sunoresearch.com.br\/n\/uploads\/2021\/09\/suno-logo.png\",\"contentUrl\":\"https:\/\/files.sunoresearch.com.br\/n\/uploads\/2021\/09\/suno-logo.png\",\"width\":180,\"height\":180,\"caption\":\"Suno Not\u00edcias\"},\"image\":{\"@id\":\"https:\/\/www.suno.com.br\/noticias\/#\/schema\/logo\/image\/\"},\"sameAs\":[\"https:\/\/facebook.com\/sunoresearch\",\"https:\/\/x.com\/sunoresearch\",\"https:\/\/www.instagram.com\/suno\",\"https:\/\/www.linkedin.com\/company\/suno-research\/\",\"https:\/\/www.youtube.com\/c\/sunoresearch\"]},{\"@type\":\"Person\",\"@id\":\"https:\/\/www.suno.com.br\/noticias\/#\/schema\/person\/053a750a709a263919a20f976caae91c\",\"name\":\"Arthur Guimar\u00e3es\",\"image\":{\"@type\":\"ImageObject\",\"inLanguage\":\"pt-BR\",\"@id\":\"https:\/\/www.suno.com.br\/noticias\/#\/schema\/person\/image\/\",\"url\":\"https:\/\/secure.gravatar.com\/avatar\/1affd86a11209ae09eb6dd3bcad3e96c?s=96&r=g\",\"contentUrl\":\"https:\/\/secure.gravatar.com\/avatar\/1affd86a11209ae09eb6dd3bcad3e96c?s=96&r=g\",\"caption\":\"Arthur Guimar\u00e3es\"},\"description\":\"Arthur Guimar\u00e3es escreve sobre pol\u00edtica, economia e neg\u00f3cios para o portal de not\u00edcias da Suno Research. Atualmente, \u00e9 estudante de jornalismo pela Faculdade C\u00e1sper L\u00edbero.\",\"url\":\"https:\/\/www.suno.com.br\/noticias\/author\/arthur-guimaraes\/\"}]}<\/script>\n<!-- \/ Yoast SEO plugin. -->","yoast_head_json":{"title":"Sa\u00fade diz que interrup\u00e7\u00e3o de testes de vacina n\u00e3o altera acordo do Brasil","description":"O Minist\u00e9rio da Sa\u00fade comunicou que a suspens\u00e3o dos testes com a vacina da AstraZeneca n\u00e3o afeta acordo com Brasil. Clique para saber mais","robots":{"index":"index","follow":"follow","max-snippet":"max-snippet:-1","max-image-preview":"max-image-preview:large","max-video-preview":"max-video-preview:-1"},"canonical":"https:\/\/www.suno.com.br\/noticias\/interrupcao-testes-vacina-nao-altera-acordo-diz-ministerio\/","og_locale":"pt_BR","og_type":"article","og_title":"Sa\u00fade diz que interrup\u00e7\u00e3o de testes de vacina n\u00e3o altera acordo do Brasil","og_description":"O Minist\u00e9rio da Sa\u00fade comunicou que a suspens\u00e3o dos testes com a vacina da AstraZeneca n\u00e3o afeta acordo com Brasil. Clique para saber mais","og_url":"https:\/\/www.suno.com.br\/noticias\/interrupcao-testes-vacina-nao-altera-acordo-diz-ministerio\/","og_site_name":"Suno Not\u00edcias","article_publisher":"https:\/\/facebook.com\/sunoresearch","og_image":[{"width":700,"height":466,"url":"https:\/\/files.sunoresearch.com.br\/n\/uploads\/2020\/03\/a10df103-vacina.jpg","type":"image\/jpeg"}],"author":"Arthur Guimar\u00e3es","twitter_card":"summary_large_image","twitter_creator":"@sunoresearch","twitter_site":"@sunoresearch","twitter_misc":{"Escrito por":"Arthur Guimar\u00e3es","Est. tempo de leitura":"2 minutos"},"schema":{"@context":"https:\/\/schema.org","@graph":[{"@type":"NewsArticle","@id":"https:\/\/www.suno.com.br\/noticias\/interrupcao-testes-vacina-nao-altera-acordo-diz-ministerio\/#article","isPartOf":{"@id":"https:\/\/www.suno.com.br\/noticias\/interrupcao-testes-vacina-nao-altera-acordo-diz-ministerio\/"},"author":{"name":"Arthur Guimar\u00e3es","@id":"https:\/\/www.suno.com.br\/noticias\/#\/schema\/person\/053a750a709a263919a20f976caae91c"},"headline":"Sa\u00fade diz que interrup\u00e7\u00e3o de testes de vacina n\u00e3o altera acordo do Brasil","datePublished":"2020-09-09T23:29:22+00:00","mainEntityOfPage":{"@id":"https:\/\/www.suno.com.br\/noticias\/interrupcao-testes-vacina-nao-altera-acordo-diz-ministerio\/"},"wordCount":409,"publisher":{"@id":"https:\/\/www.suno.com.br\/noticias\/#organization"},"image":{"@id":"https:\/\/www.suno.com.br\/noticias\/interrupcao-testes-vacina-nao-altera-acordo-diz-ministerio\/#primaryimage"},"thumbnailUrl":"https:\/\/files.sunoresearch.com.br\/n\/uploads\/2020\/03\/a10df103-vacina-jpg.webp","keywords":["AstraZeneca","coronav\u00edrus","Minist\u00e9rio da Sa\u00fade","Universidade de Oxford","vacina"],"articleSection":["Economia"],"inLanguage":"pt-BR"},{"@type":"WebPage","@id":"https:\/\/www.suno.com.br\/noticias\/interrupcao-testes-vacina-nao-altera-acordo-diz-ministerio\/","url":"https:\/\/www.suno.com.br\/noticias\/interrupcao-testes-vacina-nao-altera-acordo-diz-ministerio\/","name":"Sa\u00fade diz que interrup\u00e7\u00e3o de testes de vacina n\u00e3o altera acordo do Brasil","isPartOf":{"@id":"https:\/\/www.suno.com.br\/noticias\/#website"},"primaryImageOfPage":{"@id":"https:\/\/www.suno.com.br\/noticias\/interrupcao-testes-vacina-nao-altera-acordo-diz-ministerio\/#primaryimage"},"image":{"@id":"https:\/\/www.suno.com.br\/noticias\/interrupcao-testes-vacina-nao-altera-acordo-diz-ministerio\/#primaryimage"},"thumbnailUrl":"https:\/\/files.sunoresearch.com.br\/n\/uploads\/2020\/03\/a10df103-vacina-jpg.webp","datePublished":"2020-09-09T23:29:22+00:00","description":"O Minist\u00e9rio da Sa\u00fade comunicou que a suspens\u00e3o dos testes com a vacina da AstraZeneca n\u00e3o afeta acordo com Brasil. Clique para saber mais","breadcrumb":{"@id":"https:\/\/www.suno.com.br\/noticias\/interrupcao-testes-vacina-nao-altera-acordo-diz-ministerio\/#breadcrumb"},"inLanguage":"pt-BR","potentialAction":[{"@type":"ReadAction","target":["https:\/\/www.suno.com.br\/noticias\/interrupcao-testes-vacina-nao-altera-acordo-diz-ministerio\/"]}]},{"@type":"ImageObject","inLanguage":"pt-BR","@id":"https:\/\/www.suno.com.br\/noticias\/interrupcao-testes-vacina-nao-altera-acordo-diz-ministerio\/#primaryimage","url":"https:\/\/files.sunoresearch.com.br\/n\/uploads\/2020\/03\/a10df103-vacina-jpg.webp","contentUrl":"https:\/\/files.sunoresearch.com.br\/n\/uploads\/2020\/03\/a10df103-vacina-jpg.webp","width":700,"height":466,"caption":"O Minist\u00e9rio da Sa\u00fade comunicou que ainda \u00e9 cedo para falar de falhas na vacina"},{"@type":"BreadcrumbList","@id":"https:\/\/www.suno.com.br\/noticias\/interrupcao-testes-vacina-nao-altera-acordo-diz-ministerio\/#breadcrumb","itemListElement":[{"@type":"ListItem","position":1,"name":"Not\u00edcias","item":"https:\/\/www.suno.com.br\/noticias\/"},{"@type":"ListItem","position":2,"name":"Economia","item":"https:\/\/www.suno.com.br\/noticias\/economia\/"},{"@type":"ListItem","position":3,"name":"Sa\u00fade diz que interrup\u00e7\u00e3o de testes de vacina n\u00e3o altera acordo do Brasil"}]},{"@type":"WebSite","@id":"https:\/\/www.suno.com.br\/noticias\/#website","url":"https:\/\/www.suno.com.br\/noticias\/","name":"Suno Not\u00edcias","description":"Seu portal de informa\u00e7\u00e3o sobre o mundo dos investimentos","publisher":{"@id":"https:\/\/www.suno.com.br\/noticias\/#organization"},"potentialAction":[{"@type":"SearchAction","target":{"@type":"EntryPoint","urlTemplate":"https:\/\/www.suno.com.br\/noticias\/?s={search_term_string}"},"query-input":{"@type":"PropertyValueSpecification","valueRequired":true,"valueName":"search_term_string"}}],"inLanguage":"pt-BR"},{"@type":"Organization","@id":"https:\/\/www.suno.com.br\/noticias\/#organization","name":"Suno Not\u00edcias","url":"https:\/\/www.suno.com.br\/noticias\/","logo":{"@type":"ImageObject","inLanguage":"pt-BR","@id":"https:\/\/www.suno.com.br\/noticias\/#\/schema\/logo\/image\/","url":"https:\/\/files.sunoresearch.com.br\/n\/uploads\/2021\/09\/suno-logo.png","contentUrl":"https:\/\/files.sunoresearch.com.br\/n\/uploads\/2021\/09\/suno-logo.png","width":180,"height":180,"caption":"Suno Not\u00edcias"},"image":{"@id":"https:\/\/www.suno.com.br\/noticias\/#\/schema\/logo\/image\/"},"sameAs":["https:\/\/facebook.com\/sunoresearch","https:\/\/x.com\/sunoresearch","https:\/\/www.instagram.com\/suno","https:\/\/www.linkedin.com\/company\/suno-research\/","https:\/\/www.youtube.com\/c\/sunoresearch"]},{"@type":"Person","@id":"https:\/\/www.suno.com.br\/noticias\/#\/schema\/person\/053a750a709a263919a20f976caae91c","name":"Arthur Guimar\u00e3es","image":{"@type":"ImageObject","inLanguage":"pt-BR","@id":"https:\/\/www.suno.com.br\/noticias\/#\/schema\/person\/image\/","url":"https:\/\/secure.gravatar.com\/avatar\/1affd86a11209ae09eb6dd3bcad3e96c?s=96&r=g","contentUrl":"https:\/\/secure.gravatar.com\/avatar\/1affd86a11209ae09eb6dd3bcad3e96c?s=96&r=g","caption":"Arthur Guimar\u00e3es"},"description":"Arthur Guimar\u00e3es escreve sobre pol\u00edtica, economia e neg\u00f3cios para o portal de not\u00edcias da Suno Research. Atualmente, \u00e9 estudante de jornalismo pela Faculdade C\u00e1sper L\u00edbero.","url":"https:\/\/www.suno.com.br\/noticias\/author\/arthur-guimaraes\/"}]}},"default_loop_html":"<div class=\"cardsPage__listCard__boxs\"><div class=\"cardsPage__listCard__boxs__img\"><a href=\"https:\/\/www.suno.com.br\/noticias\/interrupcao-testes-vacina-nao-altera-acordo-diz-ministerio\/\"><img class=\"mask\" src=\"https:\/\/www.suno.com.br\/noticias\/wp-content\/themes\/suno\/resources\/images\/spotlight\/spotlight1img\/bg-mask.png\" alt=\"Image Mask\"\/><img src=\"https:\/\/files.sunoresearch.com.br\/n\/uploads\/2020\/03\/a10df103-vacina-400x200.webp\" alt=\"Sa\u00fade diz que interrup\u00e7\u00e3o de testes de vacina n\u00e3o altera acordo do Brasil\"\/><\/a><span class=\"spotlightCategory\"><a href=\"https:\/\/www.suno.com.br\/noticias\/economia\/\">Economia<\/a><\/span><\/div><div class=\"cardsPage__listCard__boxs__content\"><a href=\"https:\/\/www.suno.com.br\/noticias\/interrupcao-testes-vacina-nao-altera-acordo-diz-ministerio\/\"><h2 class=\"content__title\">Sa\u00fade diz que interrup\u00e7\u00e3o de testes de vacina n\u00e3o altera acordo do Brasil<\/h2><\/a><div class=\"newsContent__article__meta\"><div class=\"newsContent__article__meta__authorBox\"><a href=\"https:\/\/www.suno.com.br\/noticias\/author\/arthur-guimaraes\/\" class=\"authorBox__avatar noMobi\"><img src=\"https:\/\/files.sunoresearch.com.br\/n\/uploads\/2020\/02\/dfb40897-eu-150x150.webp\" alt=\"Arthur Guimar\u00e3es\"><\/a><div class=\"authorBox__name\"><span>por\n\t\t\t<a href=\"https:\/\/www.suno.com.br\/noticias\/author\/arthur-guimaraes\/\"><span itemprop=\"author\">Arthur Guimar\u00e3es<\/span><\/a><\/span><time datetime=\"2020-09-09T20:29:22-03:00\" itemprop=\"datePublished\">09\/09\/2020 20:29<\/time><\/div><\/div><\/div><\/div><\/div>","single_layout":"posts","amp_enabled":true,"_links":{"self":[{"href":"https:\/\/www.suno.com.br\/noticias\/wp-json\/wp\/v2\/posts\/83578"}],"collection":[{"href":"https:\/\/www.suno.com.br\/noticias\/wp-json\/wp\/v2\/posts"}],"about":[{"href":"https:\/\/www.suno.com.br\/noticias\/wp-json\/wp\/v2\/types\/post"}],"author":[{"embeddable":true,"href":"https:\/\/www.suno.com.br\/noticias\/wp-json\/wp\/v2\/users\/35"}],"replies":[{"embeddable":true,"href":"https:\/\/www.suno.com.br\/noticias\/wp-json\/wp\/v2\/comments?post=83578"}],"version-history":[{"count":0,"href":"https:\/\/www.suno.com.br\/noticias\/wp-json\/wp\/v2\/posts\/83578\/revisions"}],"wp:featuredmedia":[{"embeddable":true,"href":"https:\/\/www.suno.com.br\/noticias\/wp-json\/wp\/v2\/media\/59444"}],"wp:attachment":[{"href":"https:\/\/www.suno.com.br\/noticias\/wp-json\/wp\/v2\/media?parent=83578"}],"wp:term":[{"taxonomy":"category","embeddable":true,"href":"https:\/\/www.suno.com.br\/noticias\/wp-json\/wp\/v2\/categories?post=83578"},{"taxonomy":"post_tag","embeddable":true,"href":"https:\/\/www.suno.com.br\/noticias\/wp-json\/wp\/v2\/tags?post=83578"},{"taxonomy":"suno_strategy","embeddable":true,"href":"https:\/\/www.suno.com.br\/noticias\/wp-json\/wp\/v2\/suno_strategy?post=83578"}],"curies":[{"name":"wp","href":"https:\/\/api.w.org\/{rel}","templated":true}]}}