{"id":83551,"date":"2020-09-09T19:32:52","date_gmt":"2020-09-09T22:32:52","guid":{"rendered":"https:\/\/www.suno.com.br\/noticias\/?p=83551"},"modified":"2020-09-09T19:32:52","modified_gmt":"2020-09-09T22:32:52","slug":"gol-goll4-aumenta-operacao-feriado","status":"publish","type":"post","link":"https:\/\/www.suno.com.br\/noticias\/gol-goll4-aumenta-operacao-feriado\/","title":{"rendered":"Gol (GOLL4) aumenta opera\u00e7\u00e3o no feriado do Dia da Independ\u00eancia"},"content":{"rendered":"<p>A companhia \u00e1rea <a href=\"https:\/\/www.suno.com.br\/acoes\/goll4\/\"><strong>Gol<\/strong> (GOLL4)<\/a>\u00a0informou nessa quarta-feira (9) que aumentou sua opera\u00e7\u00e3o de voos durante o feriado do Dia da Independ\u00eancia, comemorado na \u00faltima segunda-feira (7).<\/p>\t<div class=\"wrapper-featured-image\">\n\t\t<figure class=\"spotlightImg\">\n\n\t\t\t<picture>\n\t\t\t\t<source media=\"(max-width: 768px)\" srcset=\"https:\/\/files.sunoresearch.com.br\/n\/uploads\/2020\/09\/c6c902e0-gol-300x300-1-jpg.webp\">\n\t\t\t\t<img loading=\"lazy\" decoding=\"async\" class=\"newsContent__article__imgCapa lazyloadDisabled \" src=\"https:\/\/files.sunoresearch.com.br\/n\/uploads\/2020\/09\/c6c902e0-gol-300x300-1-jpg.webp\" width=\"800\" height=\"450\" alt=\"Gol (GOLL4) aumenta opera\u00e7\u00e3o no feriado do Dia da Independ\u00eancia\" fetchpriority=high \/>\n\t\t\t<\/picture>\n\n\t\t\t<figcaption class=\"wp-caption-text wp-caption-text--show\">A Gol informou que &quot;a participa\u00e7\u00e3o acima mencionada era detida apenas para fins de investimento&quot;<\/figcaption>\n\t\t<\/figure>\n\t<\/div>\n\n\n<div class=\"hubspot-form-wrapper\">\n\t<div id=\"single-form-target\"><\/div>\n<\/div>\n\n<p>A Gol informou que foram operados 1.554 voos entre os dias 3 e 8 desse m\u00eas. Nesse sentido, a opera\u00e7\u00e3o desse feriado representa 44% da opera\u00e7\u00e3o registrada no mesmo per\u00edodo no ano passado.<\/p>\n<p>Por outro lado, o n\u00famero de voos supera em sete vezes o desempenho no feriado da P\u00e1scoa, que foi comemorada em abril esse ano.<\/p>\n<p>Em rela\u00e7\u00e3o as proje\u00e7\u00f5es para setembro, a <strong>a\u00e9rea<\/strong> espera realizar cerca de 300 voos, em m\u00e9dia, diariamente no m\u00eas. Nesse cen\u00e1rio, montante equivaleria a um avan\u00e7o de 49% nas opera\u00e7\u00f5es de voos ante agosto.<\/p>\n<p><a href=\"https:\/\/lp.suno.com.br\/suno-one\/\">Suno One: acesse gratuitamente eBooks, Minicursos, Artigos e Video Aulas sobre investimentos com um \u00fanico cadastro. Clique para saber mais!<\/a><\/p>\n<p>Apesar do aumento das opera\u00e7\u00f5es no feriado, a os <a href=\"https:\/\/www.suno.com.br\/artigos\/tipos-de-acoes\/\">pap\u00e9is<\/a> da companhia com sede no Rio de Janeiro, negociadas na <a href=\"https:\/\/www.suno.com.br\/artigos\/b3\/\"><strong>B3<\/strong> <\/a>sob o ticker &#8216;<strong>GOLL4<\/strong>&#8216; fecharam o <a href=\"https:\/\/www.suno.com.br\/artigos\/pregao\/\">preg\u00e3o<\/a> dessa quarta-feira anotando uma queda de 6,08%, em rela\u00e7\u00e3o ao valor de abertura, cotados a R$ 19,84.<\/p>\n<h2>Demanda por voos dom\u00e9sticos da Gol cresceu 19,8% em agosto<\/h2>\n<p>A <strong>Gol<\/strong>\u00a0apresentou, na \u00faltima segunda-feira (7), seus resultados pr\u00e9vios de tr\u00e1fego do m\u00eas de agosto. Segundo a empresa, a demanda (RPK) por voos dom\u00e9sticos cresceu 19,8% em compara\u00e7\u00e3o ao m\u00eas anterior, enquanto a oferta (ASK) avan\u00e7ou 17,8% na mesma base comparativa.<\/p>\n<p>A companhia tamb\u00e9m informou que a taxa de <strong>ocupa\u00e7\u00e3o<\/strong> nos voos foi de 79,4%. Al\u00e9m disso, foram operados 190 voos por dia &#8212; foram 5.800 decolagens no m\u00eas, contra 22.168 em agosto de 2019 &#8211;, sendo que nenhum deles foi internacional. A Gol adicionou 51 opera\u00e7\u00f5es di\u00e1rias nos principais hubs brasileiros nos aeroportos de Guarulhos, em S\u00e3o Paulo, e Gale\u00e3o, no Rio de Janeiro.<\/p>\n\t<div data-element=\"shortcode-read-more\" class=\"knowMore\">\n\t\t\t\t<span class=\"knowMore__title\">Veja tamb\u00e9m<\/span>\n\t\t\t\t<a class=\"knowMore__link\" href=\"https:\/\/www.suno.com.br\/noticias\/gol-goll4-paga-emprestimo-300-milhoes-delta\/\">\n\t\t\tGol (GOLL4) paga empr\u00e9stimo de US$ 300 milh\u00f5es junto \u00e0 Delta\t\t<\/a>\n\t<\/div>\n\n\n<p>Na compara\u00e7\u00e3o anualizada, no entanto, a <strong>demanda<\/strong> por voos dom\u00e9sticos caiu 67,3%, enquanto a <strong>oferta<\/strong> registrou um recuo de 65,6%. A taxa de ocupa\u00e7\u00e3o, por sua vez, caiu 3,9 pontos percentuais. Nos n\u00fameros totais, a demanda recuou 71,8% e a oferta caiu 70,7%, uma vez que a <strong>Gol<\/strong> n\u00e3o operou trajetos internacionais no m\u00eas.<\/p>\n\t<p>\n\t\t<a href=\"https:\/\/lp.suno.com.br\/planilha-de-controle-de-investimentos\/\" target=\"_blank\" data-element=\"shortcode-suno-banner\" title=\"Banner SUNO, clique e saiba mais\">\n\t\t\t<picture>\n\t\t\t\t<source media=\"(max-width: 500px)\" srcset=\"https:\/\/files.sunoresearch.com.br\/n\/uploads\/2023\/03\/400x300-Controle-de-Investimentos.png\">\n\t\t\t\t<img class=\"newsContent__article__imgCapa newsContent__article__imgCapa--banner\"\n\t\t\t\t\tsrc=\"https:\/\/files.sunoresearch.com.br\/n\/uploads\/2023\/03\/1420x240-Controle-de-Investimentos.png\"\n\t\t\t\t\tdata-promo-id=\"75934\"\t\t\t\t\t\t\t\t\t\twidth='1420' height='240'\t\t\t\t\talt=\"https:\/\/files.sunoresearch.com.br\/n\/uploads\/2023\/03\/1420x240-Controle-de-Investimentos.png\"\n\t\t\t\t>\n\t\t\t<\/picture>\n\t\t<\/a>\n\t<\/p>\n\n\n","protected":false},"excerpt":{"rendered":"<p>A companhia \u00e1rea Gol (GOLL4)\u00a0informou nessa quarta-feira (9) que aumentou sua opera\u00e7\u00e3o de voos durante o feriado do Dia da Independ\u00eancia, comemorado na \u00faltima segunda-feira (7). A Gol informou que &quot;a participa\u00e7\u00e3o acima mencionada era detida apenas para fins de investimento&quot; A Gol informou que foram operados 1.554 voos entre os dias 3 e 8 [&hellip;]<\/p>\n","protected":false},"author":39,"featured_media":83562,"comment_status":"closed","ping_status":"closed","sticky":false,"template":"","format":"standard","meta":[],"categories":[64],"tags":[489],"suno_strategy":[],"class_list":["post-83551","post","type-post","status-publish","format-standard","has-post-thumbnail","hentry","category-negocios","tag-gol-linhas-aereas-goll11-goll4"],"yoast_head":"<!-- This site is optimized with the Yoast SEO plugin v24.4 - https:\/\/yoast.com\/wordpress\/plugins\/seo\/ -->\n<title>Gol (GOLL4) aumenta opera\u00e7\u00e3o no feriado do Dia da Independ\u00eancia<\/title>\n<meta name=\"description\" content=\"A Gol (GOLL4)\u00a0 informou nessa quarta que aumentou sua opera\u00e7\u00e3o de voos durante o feriado do Dia da Independ\u00eancia. Clique aqui para saber mais.\" \/>\n<meta name=\"robots\" content=\"index, follow, max-snippet:-1, max-image-preview:large, max-video-preview:-1\" \/>\n<link rel=\"canonical\" href=\"https:\/\/www.suno.com.br\/noticias\/gol-goll4-aumenta-operacao-feriado\/\" \/>\n<meta property=\"og:locale\" content=\"pt_BR\" \/>\n<meta property=\"og:type\" content=\"article\" \/>\n<meta property=\"og:title\" content=\"Gol (GOLL4) aumenta opera\u00e7\u00e3o no feriado do Dia da Independ\u00eancia\" \/>\n<meta property=\"og:description\" content=\"A Gol (GOLL4)\u00a0 informou nessa quarta que aumentou sua opera\u00e7\u00e3o de voos durante o feriado do Dia da Independ\u00eancia. Clique aqui para saber mais.\" \/>\n<meta property=\"og:url\" content=\"https:\/\/www.suno.com.br\/noticias\/gol-goll4-aumenta-operacao-feriado\/\" \/>\n<meta property=\"og:site_name\" content=\"Suno Not\u00edcias\" \/>\n<meta property=\"article:publisher\" content=\"https:\/\/facebook.com\/sunoresearch\" \/>\n<meta property=\"og:image\" content=\"https:\/\/files.sunoresearch.com.br\/n\/uploads\/2020\/09\/c6c902e0-gol-300x300-1.jpg\" \/>\n\t<meta property=\"og:image:width\" content=\"300\" \/>\n\t<meta property=\"og:image:height\" content=\"300\" \/>\n\t<meta property=\"og:image:type\" content=\"image\/jpeg\" \/>\n<meta name=\"author\" content=\"Laura Moutinho\" \/>\n<meta name=\"twitter:card\" content=\"summary_large_image\" \/>\n<meta name=\"twitter:creator\" content=\"@sunoresearch\" \/>\n<meta name=\"twitter:site\" content=\"@sunoresearch\" \/>\n<meta name=\"twitter:label1\" content=\"Escrito por\" \/>\n\t<meta name=\"twitter:data1\" content=\"Laura Moutinho\" \/>\n\t<meta name=\"twitter:label2\" content=\"Est. tempo de leitura\" \/>\n\t<meta name=\"twitter:data2\" content=\"2 minutos\" \/>\n<script type=\"application\/ld+json\" class=\"yoast-schema-graph\">{\"@context\":\"https:\/\/schema.org\",\"@graph\":[{\"@type\":\"NewsArticle\",\"@id\":\"https:\/\/www.suno.com.br\/noticias\/gol-goll4-aumenta-operacao-feriado\/#article\",\"isPartOf\":{\"@id\":\"https:\/\/www.suno.com.br\/noticias\/gol-goll4-aumenta-operacao-feriado\/\"},\"author\":{\"name\":\"Laura Moutinho\",\"@id\":\"https:\/\/www.suno.com.br\/noticias\/#\/schema\/person\/3df0d2808748b74496efe5dbeaef2c72\"},\"headline\":\"Gol (GOLL4) aumenta opera\u00e7\u00e3o no feriado do Dia da Independ\u00eancia\",\"datePublished\":\"2020-09-09T22:32:52+00:00\",\"mainEntityOfPage\":{\"@id\":\"https:\/\/www.suno.com.br\/noticias\/gol-goll4-aumenta-operacao-feriado\/\"},\"wordCount\":406,\"publisher\":{\"@id\":\"https:\/\/www.suno.com.br\/noticias\/#organization\"},\"image\":{\"@id\":\"https:\/\/www.suno.com.br\/noticias\/gol-goll4-aumenta-operacao-feriado\/#primaryimage\"},\"thumbnailUrl\":\"https:\/\/files.sunoresearch.com.br\/n\/uploads\/2020\/09\/c6c902e0-gol-300x300-1-jpg.webp\",\"keywords\":[\"Gol Linhas A\u00e9reas (GOLL11\/GOLL4)\"],\"articleSection\":[\"Neg\u00f3cios\"],\"inLanguage\":\"pt-BR\"},{\"@type\":\"WebPage\",\"@id\":\"https:\/\/www.suno.com.br\/noticias\/gol-goll4-aumenta-operacao-feriado\/\",\"url\":\"https:\/\/www.suno.com.br\/noticias\/gol-goll4-aumenta-operacao-feriado\/\",\"name\":\"Gol (GOLL4) aumenta opera\u00e7\u00e3o no feriado do Dia da Independ\u00eancia\",\"isPartOf\":{\"@id\":\"https:\/\/www.suno.com.br\/noticias\/#website\"},\"primaryImageOfPage\":{\"@id\":\"https:\/\/www.suno.com.br\/noticias\/gol-goll4-aumenta-operacao-feriado\/#primaryimage\"},\"image\":{\"@id\":\"https:\/\/www.suno.com.br\/noticias\/gol-goll4-aumenta-operacao-feriado\/#primaryimage\"},\"thumbnailUrl\":\"https:\/\/files.sunoresearch.com.br\/n\/uploads\/2020\/09\/c6c902e0-gol-300x300-1-jpg.webp\",\"datePublished\":\"2020-09-09T22:32:52+00:00\",\"description\":\"A Gol (GOLL4)\u00a0 informou nessa quarta que aumentou sua opera\u00e7\u00e3o de voos durante o feriado do Dia da Independ\u00eancia. Clique aqui para saber mais.\",\"breadcrumb\":{\"@id\":\"https:\/\/www.suno.com.br\/noticias\/gol-goll4-aumenta-operacao-feriado\/#breadcrumb\"},\"inLanguage\":\"pt-BR\",\"potentialAction\":[{\"@type\":\"ReadAction\",\"target\":[\"https:\/\/www.suno.com.br\/noticias\/gol-goll4-aumenta-operacao-feriado\/\"]}]},{\"@type\":\"ImageObject\",\"inLanguage\":\"pt-BR\",\"@id\":\"https:\/\/www.suno.com.br\/noticias\/gol-goll4-aumenta-operacao-feriado\/#primaryimage\",\"url\":\"https:\/\/files.sunoresearch.com.br\/n\/uploads\/2020\/09\/c6c902e0-gol-300x300-1-jpg.webp\",\"contentUrl\":\"https:\/\/files.sunoresearch.com.br\/n\/uploads\/2020\/09\/c6c902e0-gol-300x300-1-jpg.webp\",\"width\":300,\"height\":300,\"caption\":\"A Gol informou que \\\"a participa\u00e7\u00e3o acima mencionada era detida apenas para fins de investimento\\\"\"},{\"@type\":\"BreadcrumbList\",\"@id\":\"https:\/\/www.suno.com.br\/noticias\/gol-goll4-aumenta-operacao-feriado\/#breadcrumb\",\"itemListElement\":[{\"@type\":\"ListItem\",\"position\":1,\"name\":\"Not\u00edcias\",\"item\":\"https:\/\/www.suno.com.br\/noticias\/\"},{\"@type\":\"ListItem\",\"position\":2,\"name\":\"Neg\u00f3cios\",\"item\":\"https:\/\/www.suno.com.br\/noticias\/negocios\/\"},{\"@type\":\"ListItem\",\"position\":3,\"name\":\"Gol (GOLL4) aumenta opera\u00e7\u00e3o no feriado do Dia da Independ\u00eancia\"}]},{\"@type\":\"WebSite\",\"@id\":\"https:\/\/www.suno.com.br\/noticias\/#website\",\"url\":\"https:\/\/www.suno.com.br\/noticias\/\",\"name\":\"Suno Not\u00edcias\",\"description\":\"Seu portal de informa\u00e7\u00e3o sobre o mundo dos investimentos\",\"publisher\":{\"@id\":\"https:\/\/www.suno.com.br\/noticias\/#organization\"},\"potentialAction\":[{\"@type\":\"SearchAction\",\"target\":{\"@type\":\"EntryPoint\",\"urlTemplate\":\"https:\/\/www.suno.com.br\/noticias\/?s={search_term_string}\"},\"query-input\":{\"@type\":\"PropertyValueSpecification\",\"valueRequired\":true,\"valueName\":\"search_term_string\"}}],\"inLanguage\":\"pt-BR\"},{\"@type\":\"Organization\",\"@id\":\"https:\/\/www.suno.com.br\/noticias\/#organization\",\"name\":\"Suno Not\u00edcias\",\"url\":\"https:\/\/www.suno.com.br\/noticias\/\",\"logo\":{\"@type\":\"ImageObject\",\"inLanguage\":\"pt-BR\",\"@id\":\"https:\/\/www.suno.com.br\/noticias\/#\/schema\/logo\/image\/\",\"url\":\"https:\/\/files.sunoresearch.com.br\/n\/uploads\/2021\/09\/suno-logo.png\",\"contentUrl\":\"https:\/\/files.sunoresearch.com.br\/n\/uploads\/2021\/09\/suno-logo.png\",\"width\":180,\"height\":180,\"caption\":\"Suno Not\u00edcias\"},\"image\":{\"@id\":\"https:\/\/www.suno.com.br\/noticias\/#\/schema\/logo\/image\/\"},\"sameAs\":[\"https:\/\/facebook.com\/sunoresearch\",\"https:\/\/x.com\/sunoresearch\",\"https:\/\/www.instagram.com\/suno\",\"https:\/\/www.linkedin.com\/company\/suno-research\/\",\"https:\/\/www.youtube.com\/c\/sunoresearch\"]},{\"@type\":\"Person\",\"@id\":\"https:\/\/www.suno.com.br\/noticias\/#\/schema\/person\/3df0d2808748b74496efe5dbeaef2c72\",\"name\":\"Laura Moutinho\",\"image\":{\"@type\":\"ImageObject\",\"inLanguage\":\"pt-BR\",\"@id\":\"https:\/\/www.suno.com.br\/noticias\/#\/schema\/person\/image\/\",\"url\":\"https:\/\/secure.gravatar.com\/avatar\/7571c7c8ca3a6fca5e41384ece5557ff?s=96&r=g\",\"contentUrl\":\"https:\/\/secure.gravatar.com\/avatar\/7571c7c8ca3a6fca5e41384ece5557ff?s=96&r=g\",\"caption\":\"Laura Moutinho\"},\"description\":\"Estagi\u00e1ria na Suno Not\u00edcias, escreve not\u00edcias que afetam o mercado financeiro. Estuda administra\u00e7\u00e3o na Universidade Presbiteriana Mackenzie.\",\"url\":\"https:\/\/www.suno.com.br\/noticias\/author\/laura-moutinho\/\"}]}<\/script>\n<!-- \/ Yoast SEO plugin. -->","yoast_head_json":{"title":"Gol (GOLL4) aumenta opera\u00e7\u00e3o no feriado do Dia da Independ\u00eancia","description":"A Gol (GOLL4)\u00a0 informou nessa quarta que aumentou sua opera\u00e7\u00e3o de voos durante o feriado do Dia da Independ\u00eancia. Clique aqui para saber mais.","robots":{"index":"index","follow":"follow","max-snippet":"max-snippet:-1","max-image-preview":"max-image-preview:large","max-video-preview":"max-video-preview:-1"},"canonical":"https:\/\/www.suno.com.br\/noticias\/gol-goll4-aumenta-operacao-feriado\/","og_locale":"pt_BR","og_type":"article","og_title":"Gol (GOLL4) aumenta opera\u00e7\u00e3o no feriado do Dia da Independ\u00eancia","og_description":"A Gol (GOLL4)\u00a0 informou nessa quarta que aumentou sua opera\u00e7\u00e3o de voos durante o feriado do Dia da Independ\u00eancia. Clique aqui para saber mais.","og_url":"https:\/\/www.suno.com.br\/noticias\/gol-goll4-aumenta-operacao-feriado\/","og_site_name":"Suno Not\u00edcias","article_publisher":"https:\/\/facebook.com\/sunoresearch","og_image":[{"width":300,"height":300,"url":"https:\/\/files.sunoresearch.com.br\/n\/uploads\/2020\/09\/c6c902e0-gol-300x300-1.jpg","type":"image\/jpeg"}],"author":"Laura Moutinho","twitter_card":"summary_large_image","twitter_creator":"@sunoresearch","twitter_site":"@sunoresearch","twitter_misc":{"Escrito por":"Laura Moutinho","Est. tempo de leitura":"2 minutos"},"schema":{"@context":"https:\/\/schema.org","@graph":[{"@type":"NewsArticle","@id":"https:\/\/www.suno.com.br\/noticias\/gol-goll4-aumenta-operacao-feriado\/#article","isPartOf":{"@id":"https:\/\/www.suno.com.br\/noticias\/gol-goll4-aumenta-operacao-feriado\/"},"author":{"name":"Laura Moutinho","@id":"https:\/\/www.suno.com.br\/noticias\/#\/schema\/person\/3df0d2808748b74496efe5dbeaef2c72"},"headline":"Gol (GOLL4) aumenta opera\u00e7\u00e3o no feriado do Dia da Independ\u00eancia","datePublished":"2020-09-09T22:32:52+00:00","mainEntityOfPage":{"@id":"https:\/\/www.suno.com.br\/noticias\/gol-goll4-aumenta-operacao-feriado\/"},"wordCount":406,"publisher":{"@id":"https:\/\/www.suno.com.br\/noticias\/#organization"},"image":{"@id":"https:\/\/www.suno.com.br\/noticias\/gol-goll4-aumenta-operacao-feriado\/#primaryimage"},"thumbnailUrl":"https:\/\/files.sunoresearch.com.br\/n\/uploads\/2020\/09\/c6c902e0-gol-300x300-1-jpg.webp","keywords":["Gol Linhas A\u00e9reas (GOLL11\/GOLL4)"],"articleSection":["Neg\u00f3cios"],"inLanguage":"pt-BR"},{"@type":"WebPage","@id":"https:\/\/www.suno.com.br\/noticias\/gol-goll4-aumenta-operacao-feriado\/","url":"https:\/\/www.suno.com.br\/noticias\/gol-goll4-aumenta-operacao-feriado\/","name":"Gol (GOLL4) aumenta opera\u00e7\u00e3o no feriado do Dia da Independ\u00eancia","isPartOf":{"@id":"https:\/\/www.suno.com.br\/noticias\/#website"},"primaryImageOfPage":{"@id":"https:\/\/www.suno.com.br\/noticias\/gol-goll4-aumenta-operacao-feriado\/#primaryimage"},"image":{"@id":"https:\/\/www.suno.com.br\/noticias\/gol-goll4-aumenta-operacao-feriado\/#primaryimage"},"thumbnailUrl":"https:\/\/files.sunoresearch.com.br\/n\/uploads\/2020\/09\/c6c902e0-gol-300x300-1-jpg.webp","datePublished":"2020-09-09T22:32:52+00:00","description":"A Gol (GOLL4)\u00a0 informou nessa quarta que aumentou sua opera\u00e7\u00e3o de voos durante o feriado do Dia da Independ\u00eancia. Clique aqui para saber mais.","breadcrumb":{"@id":"https:\/\/www.suno.com.br\/noticias\/gol-goll4-aumenta-operacao-feriado\/#breadcrumb"},"inLanguage":"pt-BR","potentialAction":[{"@type":"ReadAction","target":["https:\/\/www.suno.com.br\/noticias\/gol-goll4-aumenta-operacao-feriado\/"]}]},{"@type":"ImageObject","inLanguage":"pt-BR","@id":"https:\/\/www.suno.com.br\/noticias\/gol-goll4-aumenta-operacao-feriado\/#primaryimage","url":"https:\/\/files.sunoresearch.com.br\/n\/uploads\/2020\/09\/c6c902e0-gol-300x300-1-jpg.webp","contentUrl":"https:\/\/files.sunoresearch.com.br\/n\/uploads\/2020\/09\/c6c902e0-gol-300x300-1-jpg.webp","width":300,"height":300,"caption":"A Gol informou que \"a participa\u00e7\u00e3o acima mencionada era detida apenas para fins de investimento\""},{"@type":"BreadcrumbList","@id":"https:\/\/www.suno.com.br\/noticias\/gol-goll4-aumenta-operacao-feriado\/#breadcrumb","itemListElement":[{"@type":"ListItem","position":1,"name":"Not\u00edcias","item":"https:\/\/www.suno.com.br\/noticias\/"},{"@type":"ListItem","position":2,"name":"Neg\u00f3cios","item":"https:\/\/www.suno.com.br\/noticias\/negocios\/"},{"@type":"ListItem","position":3,"name":"Gol (GOLL4) aumenta opera\u00e7\u00e3o no feriado do Dia da Independ\u00eancia"}]},{"@type":"WebSite","@id":"https:\/\/www.suno.com.br\/noticias\/#website","url":"https:\/\/www.suno.com.br\/noticias\/","name":"Suno Not\u00edcias","description":"Seu portal de informa\u00e7\u00e3o sobre o mundo dos investimentos","publisher":{"@id":"https:\/\/www.suno.com.br\/noticias\/#organization"},"potentialAction":[{"@type":"SearchAction","target":{"@type":"EntryPoint","urlTemplate":"https:\/\/www.suno.com.br\/noticias\/?s={search_term_string}"},"query-input":{"@type":"PropertyValueSpecification","valueRequired":true,"valueName":"search_term_string"}}],"inLanguage":"pt-BR"},{"@type":"Organization","@id":"https:\/\/www.suno.com.br\/noticias\/#organization","name":"Suno Not\u00edcias","url":"https:\/\/www.suno.com.br\/noticias\/","logo":{"@type":"ImageObject","inLanguage":"pt-BR","@id":"https:\/\/www.suno.com.br\/noticias\/#\/schema\/logo\/image\/","url":"https:\/\/files.sunoresearch.com.br\/n\/uploads\/2021\/09\/suno-logo.png","contentUrl":"https:\/\/files.sunoresearch.com.br\/n\/uploads\/2021\/09\/suno-logo.png","width":180,"height":180,"caption":"Suno Not\u00edcias"},"image":{"@id":"https:\/\/www.suno.com.br\/noticias\/#\/schema\/logo\/image\/"},"sameAs":["https:\/\/facebook.com\/sunoresearch","https:\/\/x.com\/sunoresearch","https:\/\/www.instagram.com\/suno","https:\/\/www.linkedin.com\/company\/suno-research\/","https:\/\/www.youtube.com\/c\/sunoresearch"]},{"@type":"Person","@id":"https:\/\/www.suno.com.br\/noticias\/#\/schema\/person\/3df0d2808748b74496efe5dbeaef2c72","name":"Laura Moutinho","image":{"@type":"ImageObject","inLanguage":"pt-BR","@id":"https:\/\/www.suno.com.br\/noticias\/#\/schema\/person\/image\/","url":"https:\/\/secure.gravatar.com\/avatar\/7571c7c8ca3a6fca5e41384ece5557ff?s=96&r=g","contentUrl":"https:\/\/secure.gravatar.com\/avatar\/7571c7c8ca3a6fca5e41384ece5557ff?s=96&r=g","caption":"Laura Moutinho"},"description":"Estagi\u00e1ria na Suno Not\u00edcias, escreve not\u00edcias que afetam o mercado financeiro. Estuda administra\u00e7\u00e3o na Universidade Presbiteriana Mackenzie.","url":"https:\/\/www.suno.com.br\/noticias\/author\/laura-moutinho\/"}]}},"default_loop_html":"<div class=\"cardsPage__listCard__boxs\"><div class=\"cardsPage__listCard__boxs__img\"><a href=\"https:\/\/www.suno.com.br\/noticias\/gol-goll4-aumenta-operacao-feriado\/\"><img class=\"mask\" src=\"https:\/\/www.suno.com.br\/noticias\/wp-content\/themes\/suno\/resources\/images\/spotlight\/spotlight1img\/bg-mask.png\" alt=\"Image Mask\"\/><img src=\"https:\/\/files.sunoresearch.com.br\/n\/uploads\/2020\/09\/c6c902e0-gol-300x300-1-jpg.webp\" alt=\"Gol (GOLL4) aumenta opera\u00e7\u00e3o no feriado do Dia da Independ\u00eancia\"\/><\/a><span class=\"spotlightCategory\"><a href=\"https:\/\/www.suno.com.br\/noticias\/negocios\/\">Neg\u00f3cios<\/a><\/span><\/div><div class=\"cardsPage__listCard__boxs__content\"><a href=\"https:\/\/www.suno.com.br\/noticias\/gol-goll4-aumenta-operacao-feriado\/\"><h2 class=\"content__title\">Gol (GOLL4) aumenta opera\u00e7\u00e3o no feriado do Dia da Independ\u00eancia<\/h2><\/a><div class=\"newsContent__article__meta\"><div class=\"newsContent__article__meta__authorBox\"><a href=\"https:\/\/www.suno.com.br\/noticias\/author\/laura-moutinho\/\" class=\"authorBox__avatar noMobi\"><img src=\"https:\/\/files.sunoresearch.com.br\/n\/uploads\/2020\/08\/531ff69d-whatsapp-image-2020-08-03-at-14.54.38-150x150.webp\" alt=\"Laura Moutinho\"><\/a><div class=\"authorBox__name\"><span>por\n\t\t\t<a href=\"https:\/\/www.suno.com.br\/noticias\/author\/laura-moutinho\/\"><span itemprop=\"author\">Laura Moutinho<\/span><\/a><\/span><time datetime=\"2020-09-09T19:32:52-03:00\" itemprop=\"datePublished\">09\/09\/2020 19:32<\/time><\/div><\/div><\/div><\/div><\/div>","single_layout":"posts","amp_enabled":true,"_links":{"self":[{"href":"https:\/\/www.suno.com.br\/noticias\/wp-json\/wp\/v2\/posts\/83551"}],"collection":[{"href":"https:\/\/www.suno.com.br\/noticias\/wp-json\/wp\/v2\/posts"}],"about":[{"href":"https:\/\/www.suno.com.br\/noticias\/wp-json\/wp\/v2\/types\/post"}],"author":[{"embeddable":true,"href":"https:\/\/www.suno.com.br\/noticias\/wp-json\/wp\/v2\/users\/39"}],"replies":[{"embeddable":true,"href":"https:\/\/www.suno.com.br\/noticias\/wp-json\/wp\/v2\/comments?post=83551"}],"version-history":[{"count":0,"href":"https:\/\/www.suno.com.br\/noticias\/wp-json\/wp\/v2\/posts\/83551\/revisions"}],"wp:featuredmedia":[{"embeddable":true,"href":"https:\/\/www.suno.com.br\/noticias\/wp-json\/wp\/v2\/media\/83562"}],"wp:attachment":[{"href":"https:\/\/www.suno.com.br\/noticias\/wp-json\/wp\/v2\/media?parent=83551"}],"wp:term":[{"taxonomy":"category","embeddable":true,"href":"https:\/\/www.suno.com.br\/noticias\/wp-json\/wp\/v2\/categories?post=83551"},{"taxonomy":"post_tag","embeddable":true,"href":"https:\/\/www.suno.com.br\/noticias\/wp-json\/wp\/v2\/tags?post=83551"},{"taxonomy":"suno_strategy","embeddable":true,"href":"https:\/\/www.suno.com.br\/noticias\/wp-json\/wp\/v2\/suno_strategy?post=83551"}],"curies":[{"name":"wp","href":"https:\/\/api.w.org\/{rel}","templated":true}]}}