{"id":8353,"date":"2018-12-10T20:01:37","date_gmt":"2018-12-10T22:01:37","guid":{"rendered":"https:\/\/www.suno.com.br\/noticias\/?p=8353"},"modified":"2018-12-10T20:01:56","modified_gmt":"2018-12-10T22:01:56","slug":"amazonas-energia-arrematada-leilao","status":"publish","type":"post","link":"https:\/\/www.suno.com.br\/noticias\/amazonas-energia-arrematada-leilao\/","title":{"rendered":"Amazonas Energia \u00e9 arrematada em leil\u00e3o"},"content":{"rendered":"<p>A distribuidora da Eletrobras Amazonas Energia foi arrematada nesta segunda-feira (10) em leil\u00e3o.<\/p>\t<div class=\"wrapper-featured-image\">\n\t\t<figure class=\"spotlightImg\">\n\n\t\t\t<picture>\n\t\t\t\t<source media=\"(max-width: 768px)\" srcset=\"https:\/\/files.sunoresearch.com.br\/n\/uploads\/2018\/12\/6835da1e-amazonas-energia2-400x200.webp\">\n\t\t\t\t<img loading=\"lazy\" decoding=\"async\" class=\"newsContent__article__imgCapa lazyloadDisabled newsContent__article__imgCapa--noCaption\" src=\"https:\/\/files.sunoresearch.com.br\/n\/uploads\/2018\/12\/6835da1e-amazonas-energia2-jpg.webp\" width=\"800\" height=\"450\" alt=\"Amazonas Energia \u00e9 arrematada em leil\u00e3o\" fetchpriority=high \/>\n\t\t\t<\/picture>\n\n\t\t\t<figcaption class=\"wp-caption-text wp-caption-text--hide\">Amazonas Energia<\/figcaption>\n\t\t<\/figure>\n\t<\/div>\n\n\n<p>A <strong>Amazonas Energia<\/strong> foi arrematada pelo cons\u00f3rcio formado pela Oliveira Energia, empresa que opera nos Sistemas Isolados na Regi\u00e3o Norte, e a distribuidora de petr\u00f3leo Atem.<\/p>\n<p>A Amazonas Energia atende a quase 900 mil consumidores em 62 munic\u00edpios do estado.<\/p>\n<p><a href=\"https:\/\/www.suno.com.br\/noticias\/balanco-da-eletrobras-trimestre\/\">Saiba mais: Balan\u00e7o da Eletrobras no 3\u00b0 trimestre apronta preju\u00edzo de R$ 1,62 bilh\u00e3o\u00a0<\/a><\/p>\n<p>A proposta vencedora do leil\u00e3o foi aquela que ofereceu maior desconto no pre\u00e7o da tarifa de energia el\u00e9trica.<\/p>\n<p>A proposta do cons\u00f3rcio vencedor prop\u00f4s um \u00edndice combinado de flexibiliza\u00e7\u00e3o tarif\u00e1ria e outorga de zero, ou seja, sem des\u00e1gio na tarifa.<\/p>\n<p>O cons\u00f3rcio, \u00fanico a apresentar uma proposta, deve ainda fazer um aporte inicial de R$ 491,4 milh\u00f5es.<\/p>\n<p>Al\u00e9m disso, pagar\u00e1 os R$ 50 mil pelas a\u00e7\u00f5es definidas em edital pelo Banco Nacional de Desenvolvimento Econ\u00f4mico e Social (BNDES).<\/p>\n<p>A empresa assumir\u00e1 ainda a d\u00edvida de R$ 2,1 bilh\u00f5es da empresa.<\/p>\n<p>A data marcada inicialmente para o leil\u00e3o era o dia 26 de julho, mas foi adiada em raz\u00e3o de decis\u00f5es judiciais. Al\u00e9m disso, a data foi postergada por causa da expectativa de aprova\u00e7\u00e3o, no Congresso Nacional, de um projeto que facilitava a venda das distribuidoras. Todavia, o texto, que chegou a ser aprovado na C\u00e2mara dos Deputados, foi rejeitado no Senado.<\/p>\n<p>Os dias que antecederam o leil\u00e3o foram tamb\u00e9m marcados por uma disputa judicial. Na noite da \u00faltima sexta-feira (7), uma decis\u00e3o liminar da 3\u00aa Vara Federal Civil da Se\u00e7\u00e3o Judici\u00e1ria do Amazonas suspendeu o certame.<\/p>\n<p>A decis\u00e3o foi cassada na noite de domingo (9) pelo desembargador federal Kassio Marques, vice-presidente do Tribunal Regional Federal da 1\u00aa Regi\u00e3o.<\/p>\n<p>A Amazonas Energia \u00e9 a pen\u00faltima de seis distribuidoras da Eletrobras a ser privatizada. A \u00faltima, a Companhia Energ\u00e9tica de Alagoas (Ceal) tem leil\u00e3o marcado para o pr\u00f3ximo dia 19 de dezembro.<\/p>\n<p>A venda da distribuidora alagoana estava suspensa por uma liminar do Supremo Tribunal Federal (STF) concedida ap\u00f3s um pedido do governo de Alagoas. Entretanto, o ministro Ricardo Lewandowski, revogou a liminar no dia 29 de novembro.<\/p>\n<h2>Privatiza\u00e7\u00f5es da Eletrobras<\/h2>\n<p>O processo de venda de distribuidoras da Eletrobras foi longo e complexo.<\/p>\n<p>A decis\u00e3o de privatizar as distribuidoras foi tomada pela diretoria da estatal em fevereiro. Na ocasi\u00e3o tamb\u00e9m foi definido que a empresa ficaria com d\u00edvidas das distribuidoras que somam R$ 11,2 bilh\u00f5es.<\/p>\n<p>A primeira empresa a ser vendida foi a Companhia Energ\u00e9tica do Piau\u00ed (Cepisa), em julho, para a Equatorial Energia. Em agosto, foram privatizadas, em um \u00fanico leil\u00e3o, a Companhia de Eletricidade do Acre (Eletroacre) e a Centrais El\u00e9tricas de Rond\u00f4nia (Ceron), arrematadas pela Energisa, e a Boa Vista Energia, em Roraima, que ficou com o cons\u00f3rcio Oliveira Energia.<\/p>\n<p>Em 2016, a <strong>Eletrobras<\/strong> j\u00e1 havia decidido n\u00e3o renovar os contratos de concess\u00e3o das distribuidoras. Desde ent\u00e3o, as distribuidoras tem operados com contratos em car\u00e1ter provis\u00f3rio, que termina no dia 31 de dezembro. Com o encerramento dos contratos, as empresas n\u00e3o podem mais realizar o servi\u00e7o de distribui\u00e7\u00e3o de energia. Neste caso, cabe ao governo assegurar a continuidade do servi\u00e7o.<\/p>\n<p>&nbsp;<\/p>\n","protected":false},"excerpt":{"rendered":"<p>A distribuidora da Eletrobras Amazonas Energia foi arrematada nesta segunda-feira (10) em leil\u00e3o. Amazonas Energia A Amazonas Energia foi arrematada pelo cons\u00f3rcio formado pela Oliveira Energia, empresa que opera nos Sistemas Isolados na Regi\u00e3o Norte, e a distribuidora de petr\u00f3leo Atem. A Amazonas Energia atende a quase 900 mil consumidores em 62 munic\u00edpios do estado. [&hellip;]<\/p>\n","protected":false},"author":9,"featured_media":8358,"comment_status":"closed","ping_status":"closed","sticky":false,"template":"","format":"standard","meta":[],"categories":[60],"tags":[455],"suno_strategy":[],"class_list":["post-8353","post","type-post","status-publish","format-standard","has-post-thumbnail","hentry","category-mercado","tag-eletrobras-elet3-elet5-elet6"],"yoast_head":"<!-- This site is optimized with the Yoast SEO plugin v24.4 - https:\/\/yoast.com\/wordpress\/plugins\/seo\/ -->\n<title>Distribuidora da Eletrobras, Amazonas Energia \u00e9 arrematada em leil\u00e3o<\/title>\n<meta name=\"description\" content=\"Distribuidora da Eletrobras, Amazonas Energia foi arrematada pelo cons\u00f3rcio formado pela Oliveira Energia. Clique aqui para saber mais.\" \/>\n<meta name=\"robots\" content=\"index, follow, max-snippet:-1, max-image-preview:large, max-video-preview:-1\" \/>\n<link rel=\"canonical\" href=\"https:\/\/www.suno.com.br\/noticias\/amazonas-energia-arrematada-leilao\/\" \/>\n<meta property=\"og:locale\" content=\"pt_BR\" \/>\n<meta property=\"og:type\" content=\"article\" \/>\n<meta property=\"og:title\" content=\"Distribuidora da Eletrobras, Amazonas Energia \u00e9 arrematada em leil\u00e3o\" \/>\n<meta property=\"og:description\" content=\"Distribuidora da Eletrobras, Amazonas Energia foi arrematada pelo cons\u00f3rcio formado pela Oliveira Energia. Clique aqui para saber mais.\" \/>\n<meta property=\"og:url\" content=\"https:\/\/www.suno.com.br\/noticias\/amazonas-energia-arrematada-leilao\/\" \/>\n<meta property=\"og:site_name\" content=\"Suno Not\u00edcias\" \/>\n<meta property=\"article:publisher\" content=\"https:\/\/facebook.com\/sunoresearch\" \/>\n<meta property=\"og:image\" content=\"https:\/\/files.sunoresearch.com.br\/n\/uploads\/2018\/12\/6835da1e-amazonas-energia2.jpg\" \/>\n\t<meta property=\"og:image:width\" content=\"750\" \/>\n\t<meta property=\"og:image:height\" content=\"461\" \/>\n\t<meta property=\"og:image:type\" content=\"image\/jpeg\" \/>\n<meta name=\"author\" content=\"Carlo Cauti\" \/>\n<meta name=\"twitter:card\" content=\"summary_large_image\" \/>\n<meta name=\"twitter:creator\" content=\"@sunoresearch\" \/>\n<meta name=\"twitter:site\" content=\"@sunoresearch\" \/>\n<meta name=\"twitter:label1\" content=\"Escrito por\" \/>\n\t<meta name=\"twitter:data1\" content=\"Carlo Cauti\" \/>\n\t<meta name=\"twitter:label2\" content=\"Est. tempo de leitura\" \/>\n\t<meta name=\"twitter:data2\" content=\"3 minutos\" \/>\n<script type=\"application\/ld+json\" class=\"yoast-schema-graph\">{\"@context\":\"https:\/\/schema.org\",\"@graph\":[{\"@type\":\"NewsArticle\",\"@id\":\"https:\/\/www.suno.com.br\/noticias\/amazonas-energia-arrematada-leilao\/#article\",\"isPartOf\":{\"@id\":\"https:\/\/www.suno.com.br\/noticias\/amazonas-energia-arrematada-leilao\/\"},\"author\":{\"name\":\"Carlo Cauti\",\"@id\":\"https:\/\/www.suno.com.br\/noticias\/#\/schema\/person\/e6e0f723cc177805027f4566c1d5e0c8\"},\"headline\":\"Amazonas Energia \u00e9 arrematada em leil\u00e3o\",\"datePublished\":\"2018-12-10T22:01:37+00:00\",\"dateModified\":\"2018-12-10T22:01:56+00:00\",\"mainEntityOfPage\":{\"@id\":\"https:\/\/www.suno.com.br\/noticias\/amazonas-energia-arrematada-leilao\/\"},\"wordCount\":557,\"publisher\":{\"@id\":\"https:\/\/www.suno.com.br\/noticias\/#organization\"},\"image\":{\"@id\":\"https:\/\/www.suno.com.br\/noticias\/amazonas-energia-arrematada-leilao\/#primaryimage\"},\"thumbnailUrl\":\"https:\/\/files.sunoresearch.com.br\/n\/uploads\/2018\/12\/6835da1e-amazonas-energia2-jpg.webp\",\"keywords\":[\"Eletrobras (ELET3\/ELET5\/ELET6)\"],\"articleSection\":[\"Mercado\"],\"inLanguage\":\"pt-BR\"},{\"@type\":\"WebPage\",\"@id\":\"https:\/\/www.suno.com.br\/noticias\/amazonas-energia-arrematada-leilao\/\",\"url\":\"https:\/\/www.suno.com.br\/noticias\/amazonas-energia-arrematada-leilao\/\",\"name\":\"Distribuidora da Eletrobras, Amazonas Energia \u00e9 arrematada em leil\u00e3o\",\"isPartOf\":{\"@id\":\"https:\/\/www.suno.com.br\/noticias\/#website\"},\"primaryImageOfPage\":{\"@id\":\"https:\/\/www.suno.com.br\/noticias\/amazonas-energia-arrematada-leilao\/#primaryimage\"},\"image\":{\"@id\":\"https:\/\/www.suno.com.br\/noticias\/amazonas-energia-arrematada-leilao\/#primaryimage\"},\"thumbnailUrl\":\"https:\/\/files.sunoresearch.com.br\/n\/uploads\/2018\/12\/6835da1e-amazonas-energia2-jpg.webp\",\"datePublished\":\"2018-12-10T22:01:37+00:00\",\"dateModified\":\"2018-12-10T22:01:56+00:00\",\"description\":\"Distribuidora da Eletrobras, Amazonas Energia foi arrematada pelo cons\u00f3rcio formado pela Oliveira Energia. Clique aqui para saber mais.\",\"breadcrumb\":{\"@id\":\"https:\/\/www.suno.com.br\/noticias\/amazonas-energia-arrematada-leilao\/#breadcrumb\"},\"inLanguage\":\"pt-BR\",\"potentialAction\":[{\"@type\":\"ReadAction\",\"target\":[\"https:\/\/www.suno.com.br\/noticias\/amazonas-energia-arrematada-leilao\/\"]}]},{\"@type\":\"ImageObject\",\"inLanguage\":\"pt-BR\",\"@id\":\"https:\/\/www.suno.com.br\/noticias\/amazonas-energia-arrematada-leilao\/#primaryimage\",\"url\":\"https:\/\/files.sunoresearch.com.br\/n\/uploads\/2018\/12\/6835da1e-amazonas-energia2-jpg.webp\",\"contentUrl\":\"https:\/\/files.sunoresearch.com.br\/n\/uploads\/2018\/12\/6835da1e-amazonas-energia2-jpg.webp\",\"width\":750,\"height\":461,\"caption\":\"Amazonas Energia\"},{\"@type\":\"BreadcrumbList\",\"@id\":\"https:\/\/www.suno.com.br\/noticias\/amazonas-energia-arrematada-leilao\/#breadcrumb\",\"itemListElement\":[{\"@type\":\"ListItem\",\"position\":1,\"name\":\"Not\u00edcias\",\"item\":\"https:\/\/www.suno.com.br\/noticias\/\"},{\"@type\":\"ListItem\",\"position\":2,\"name\":\"Mercado\",\"item\":\"https:\/\/www.suno.com.br\/noticias\/mercado\/\"},{\"@type\":\"ListItem\",\"position\":3,\"name\":\"Amazonas Energia \u00e9 arrematada em leil\u00e3o\"}]},{\"@type\":\"WebSite\",\"@id\":\"https:\/\/www.suno.com.br\/noticias\/#website\",\"url\":\"https:\/\/www.suno.com.br\/noticias\/\",\"name\":\"Suno Not\u00edcias\",\"description\":\"Seu portal de informa\u00e7\u00e3o sobre o mundo dos investimentos\",\"publisher\":{\"@id\":\"https:\/\/www.suno.com.br\/noticias\/#organization\"},\"potentialAction\":[{\"@type\":\"SearchAction\",\"target\":{\"@type\":\"EntryPoint\",\"urlTemplate\":\"https:\/\/www.suno.com.br\/noticias\/?s={search_term_string}\"},\"query-input\":{\"@type\":\"PropertyValueSpecification\",\"valueRequired\":true,\"valueName\":\"search_term_string\"}}],\"inLanguage\":\"pt-BR\"},{\"@type\":\"Organization\",\"@id\":\"https:\/\/www.suno.com.br\/noticias\/#organization\",\"name\":\"Suno Not\u00edcias\",\"url\":\"https:\/\/www.suno.com.br\/noticias\/\",\"logo\":{\"@type\":\"ImageObject\",\"inLanguage\":\"pt-BR\",\"@id\":\"https:\/\/www.suno.com.br\/noticias\/#\/schema\/logo\/image\/\",\"url\":\"https:\/\/files.sunoresearch.com.br\/n\/uploads\/2021\/09\/suno-logo.png\",\"contentUrl\":\"https:\/\/files.sunoresearch.com.br\/n\/uploads\/2021\/09\/suno-logo.png\",\"width\":180,\"height\":180,\"caption\":\"Suno Not\u00edcias\"},\"image\":{\"@id\":\"https:\/\/www.suno.com.br\/noticias\/#\/schema\/logo\/image\/\"},\"sameAs\":[\"https:\/\/facebook.com\/sunoresearch\",\"https:\/\/x.com\/sunoresearch\",\"https:\/\/www.instagram.com\/suno\",\"https:\/\/www.linkedin.com\/company\/suno-research\/\",\"https:\/\/www.youtube.com\/c\/sunoresearch\"]},{\"@type\":\"Person\",\"@id\":\"https:\/\/www.suno.com.br\/noticias\/#\/schema\/person\/e6e0f723cc177805027f4566c1d5e0c8\",\"name\":\"Carlo Cauti\",\"image\":{\"@type\":\"ImageObject\",\"inLanguage\":\"pt-BR\",\"@id\":\"https:\/\/www.suno.com.br\/noticias\/#\/schema\/person\/image\/\",\"url\":\"https:\/\/secure.gravatar.com\/avatar\/3ada9e0bd164c23abd4792a9606d583c?s=96&r=g\",\"contentUrl\":\"https:\/\/secure.gravatar.com\/avatar\/3ada9e0bd164c23abd4792a9606d583c?s=96&r=g\",\"caption\":\"Carlo Cauti\"},\"description\":\"Editor multim\u00eddia do SUNO Not\u00edcias. Italiano, formado em Ci\u00eancias Pol\u00edticas pela universidade LUISS G. Carli de Roma e mestre cum laude em Rela\u00e7\u00f5es Internacionais, Jornalismo Internacional e de Guerra e em Economia Internacional. Concluiu tamb\u00e9m um MBA em Finan\u00e7as na B3. No Brasil, teve passagem por ve\u00edculos como Estad\u00e3o, Globo, Veja e EXAME. e nas ag\u00eancias de not\u00edcias italianas ANSA e NOVA.\",\"url\":\"https:\/\/www.suno.com.br\/noticias\/author\/carlo-cauti\/\"}]}<\/script>\n<!-- \/ Yoast SEO plugin. -->","yoast_head_json":{"title":"Distribuidora da Eletrobras, Amazonas Energia \u00e9 arrematada em leil\u00e3o","description":"Distribuidora da Eletrobras, Amazonas Energia foi arrematada pelo cons\u00f3rcio formado pela Oliveira Energia. Clique aqui para saber mais.","robots":{"index":"index","follow":"follow","max-snippet":"max-snippet:-1","max-image-preview":"max-image-preview:large","max-video-preview":"max-video-preview:-1"},"canonical":"https:\/\/www.suno.com.br\/noticias\/amazonas-energia-arrematada-leilao\/","og_locale":"pt_BR","og_type":"article","og_title":"Distribuidora da Eletrobras, Amazonas Energia \u00e9 arrematada em leil\u00e3o","og_description":"Distribuidora da Eletrobras, Amazonas Energia foi arrematada pelo cons\u00f3rcio formado pela Oliveira Energia. Clique aqui para saber mais.","og_url":"https:\/\/www.suno.com.br\/noticias\/amazonas-energia-arrematada-leilao\/","og_site_name":"Suno Not\u00edcias","article_publisher":"https:\/\/facebook.com\/sunoresearch","og_image":[{"width":750,"height":461,"url":"https:\/\/files.sunoresearch.com.br\/n\/uploads\/2018\/12\/6835da1e-amazonas-energia2.jpg","type":"image\/jpeg"}],"author":"Carlo Cauti","twitter_card":"summary_large_image","twitter_creator":"@sunoresearch","twitter_site":"@sunoresearch","twitter_misc":{"Escrito por":"Carlo Cauti","Est. tempo de leitura":"3 minutos"},"schema":{"@context":"https:\/\/schema.org","@graph":[{"@type":"NewsArticle","@id":"https:\/\/www.suno.com.br\/noticias\/amazonas-energia-arrematada-leilao\/#article","isPartOf":{"@id":"https:\/\/www.suno.com.br\/noticias\/amazonas-energia-arrematada-leilao\/"},"author":{"name":"Carlo Cauti","@id":"https:\/\/www.suno.com.br\/noticias\/#\/schema\/person\/e6e0f723cc177805027f4566c1d5e0c8"},"headline":"Amazonas Energia \u00e9 arrematada em leil\u00e3o","datePublished":"2018-12-10T22:01:37+00:00","dateModified":"2018-12-10T22:01:56+00:00","mainEntityOfPage":{"@id":"https:\/\/www.suno.com.br\/noticias\/amazonas-energia-arrematada-leilao\/"},"wordCount":557,"publisher":{"@id":"https:\/\/www.suno.com.br\/noticias\/#organization"},"image":{"@id":"https:\/\/www.suno.com.br\/noticias\/amazonas-energia-arrematada-leilao\/#primaryimage"},"thumbnailUrl":"https:\/\/files.sunoresearch.com.br\/n\/uploads\/2018\/12\/6835da1e-amazonas-energia2-jpg.webp","keywords":["Eletrobras (ELET3\/ELET5\/ELET6)"],"articleSection":["Mercado"],"inLanguage":"pt-BR"},{"@type":"WebPage","@id":"https:\/\/www.suno.com.br\/noticias\/amazonas-energia-arrematada-leilao\/","url":"https:\/\/www.suno.com.br\/noticias\/amazonas-energia-arrematada-leilao\/","name":"Distribuidora da Eletrobras, Amazonas Energia \u00e9 arrematada em leil\u00e3o","isPartOf":{"@id":"https:\/\/www.suno.com.br\/noticias\/#website"},"primaryImageOfPage":{"@id":"https:\/\/www.suno.com.br\/noticias\/amazonas-energia-arrematada-leilao\/#primaryimage"},"image":{"@id":"https:\/\/www.suno.com.br\/noticias\/amazonas-energia-arrematada-leilao\/#primaryimage"},"thumbnailUrl":"https:\/\/files.sunoresearch.com.br\/n\/uploads\/2018\/12\/6835da1e-amazonas-energia2-jpg.webp","datePublished":"2018-12-10T22:01:37+00:00","dateModified":"2018-12-10T22:01:56+00:00","description":"Distribuidora da Eletrobras, Amazonas Energia foi arrematada pelo cons\u00f3rcio formado pela Oliveira Energia. Clique aqui para saber mais.","breadcrumb":{"@id":"https:\/\/www.suno.com.br\/noticias\/amazonas-energia-arrematada-leilao\/#breadcrumb"},"inLanguage":"pt-BR","potentialAction":[{"@type":"ReadAction","target":["https:\/\/www.suno.com.br\/noticias\/amazonas-energia-arrematada-leilao\/"]}]},{"@type":"ImageObject","inLanguage":"pt-BR","@id":"https:\/\/www.suno.com.br\/noticias\/amazonas-energia-arrematada-leilao\/#primaryimage","url":"https:\/\/files.sunoresearch.com.br\/n\/uploads\/2018\/12\/6835da1e-amazonas-energia2-jpg.webp","contentUrl":"https:\/\/files.sunoresearch.com.br\/n\/uploads\/2018\/12\/6835da1e-amazonas-energia2-jpg.webp","width":750,"height":461,"caption":"Amazonas Energia"},{"@type":"BreadcrumbList","@id":"https:\/\/www.suno.com.br\/noticias\/amazonas-energia-arrematada-leilao\/#breadcrumb","itemListElement":[{"@type":"ListItem","position":1,"name":"Not\u00edcias","item":"https:\/\/www.suno.com.br\/noticias\/"},{"@type":"ListItem","position":2,"name":"Mercado","item":"https:\/\/www.suno.com.br\/noticias\/mercado\/"},{"@type":"ListItem","position":3,"name":"Amazonas Energia \u00e9 arrematada em leil\u00e3o"}]},{"@type":"WebSite","@id":"https:\/\/www.suno.com.br\/noticias\/#website","url":"https:\/\/www.suno.com.br\/noticias\/","name":"Suno Not\u00edcias","description":"Seu portal de informa\u00e7\u00e3o sobre o mundo dos investimentos","publisher":{"@id":"https:\/\/www.suno.com.br\/noticias\/#organization"},"potentialAction":[{"@type":"SearchAction","target":{"@type":"EntryPoint","urlTemplate":"https:\/\/www.suno.com.br\/noticias\/?s={search_term_string}"},"query-input":{"@type":"PropertyValueSpecification","valueRequired":true,"valueName":"search_term_string"}}],"inLanguage":"pt-BR"},{"@type":"Organization","@id":"https:\/\/www.suno.com.br\/noticias\/#organization","name":"Suno Not\u00edcias","url":"https:\/\/www.suno.com.br\/noticias\/","logo":{"@type":"ImageObject","inLanguage":"pt-BR","@id":"https:\/\/www.suno.com.br\/noticias\/#\/schema\/logo\/image\/","url":"https:\/\/files.sunoresearch.com.br\/n\/uploads\/2021\/09\/suno-logo.png","contentUrl":"https:\/\/files.sunoresearch.com.br\/n\/uploads\/2021\/09\/suno-logo.png","width":180,"height":180,"caption":"Suno Not\u00edcias"},"image":{"@id":"https:\/\/www.suno.com.br\/noticias\/#\/schema\/logo\/image\/"},"sameAs":["https:\/\/facebook.com\/sunoresearch","https:\/\/x.com\/sunoresearch","https:\/\/www.instagram.com\/suno","https:\/\/www.linkedin.com\/company\/suno-research\/","https:\/\/www.youtube.com\/c\/sunoresearch"]},{"@type":"Person","@id":"https:\/\/www.suno.com.br\/noticias\/#\/schema\/person\/e6e0f723cc177805027f4566c1d5e0c8","name":"Carlo Cauti","image":{"@type":"ImageObject","inLanguage":"pt-BR","@id":"https:\/\/www.suno.com.br\/noticias\/#\/schema\/person\/image\/","url":"https:\/\/secure.gravatar.com\/avatar\/3ada9e0bd164c23abd4792a9606d583c?s=96&r=g","contentUrl":"https:\/\/secure.gravatar.com\/avatar\/3ada9e0bd164c23abd4792a9606d583c?s=96&r=g","caption":"Carlo Cauti"},"description":"Editor multim\u00eddia do SUNO Not\u00edcias. Italiano, formado em Ci\u00eancias Pol\u00edticas pela universidade LUISS G. Carli de Roma e mestre cum laude em Rela\u00e7\u00f5es Internacionais, Jornalismo Internacional e de Guerra e em Economia Internacional. Concluiu tamb\u00e9m um MBA em Finan\u00e7as na B3. No Brasil, teve passagem por ve\u00edculos como Estad\u00e3o, Globo, Veja e EXAME. e nas ag\u00eancias de not\u00edcias italianas ANSA e NOVA.","url":"https:\/\/www.suno.com.br\/noticias\/author\/carlo-cauti\/"}]}},"default_loop_html":"<div class=\"cardsPage__listCard__boxs\"><div class=\"cardsPage__listCard__boxs__img\"><a href=\"https:\/\/www.suno.com.br\/noticias\/amazonas-energia-arrematada-leilao\/\"><img class=\"mask\" src=\"https:\/\/www.suno.com.br\/noticias\/wp-content\/themes\/suno\/resources\/images\/spotlight\/spotlight1img\/bg-mask.png\" alt=\"Image Mask\"\/><img src=\"https:\/\/files.sunoresearch.com.br\/n\/uploads\/2018\/12\/6835da1e-amazonas-energia2-400x200.webp\" alt=\"Amazonas Energia \u00e9 arrematada em leil\u00e3o\"\/><\/a><span class=\"spotlightCategory\"><a href=\"https:\/\/www.suno.com.br\/noticias\/mercado\/\">Mercado<\/a><\/span><\/div><div class=\"cardsPage__listCard__boxs__content\"><a href=\"https:\/\/www.suno.com.br\/noticias\/amazonas-energia-arrematada-leilao\/\"><h2 class=\"content__title\">Amazonas Energia \u00e9 arrematada em leil\u00e3o<\/h2><\/a><div class=\"newsContent__article__meta\"><div class=\"newsContent__article__meta__authorBox\"><a href=\"https:\/\/www.suno.com.br\/noticias\/author\/carlo-cauti\/\" class=\"authorBox__avatar noMobi\"><img src=\"https:\/\/files.sunoresearch.com.br\/n\/uploads\/2020\/08\/e3745f9a-perfil-carlo-cauti-150x150.webp\" alt=\"Carlo Cauti\"><\/a><div class=\"authorBox__name\"><span>por\n\t\t\t<a href=\"https:\/\/www.suno.com.br\/noticias\/author\/carlo-cauti\/\"><span itemprop=\"author\">Carlo Cauti<\/span><\/a><\/span><time datetime=\"2018-12-10T20:01:37-02:00\" itemprop=\"datePublished\">10\/12\/2018 20:01<\/time><\/div><\/div><\/div><\/div><\/div>","single_layout":"posts","amp_enabled":true,"_links":{"self":[{"href":"https:\/\/www.suno.com.br\/noticias\/wp-json\/wp\/v2\/posts\/8353"}],"collection":[{"href":"https:\/\/www.suno.com.br\/noticias\/wp-json\/wp\/v2\/posts"}],"about":[{"href":"https:\/\/www.suno.com.br\/noticias\/wp-json\/wp\/v2\/types\/post"}],"author":[{"embeddable":true,"href":"https:\/\/www.suno.com.br\/noticias\/wp-json\/wp\/v2\/users\/9"}],"replies":[{"embeddable":true,"href":"https:\/\/www.suno.com.br\/noticias\/wp-json\/wp\/v2\/comments?post=8353"}],"version-history":[{"count":0,"href":"https:\/\/www.suno.com.br\/noticias\/wp-json\/wp\/v2\/posts\/8353\/revisions"}],"wp:featuredmedia":[{"embeddable":true,"href":"https:\/\/www.suno.com.br\/noticias\/wp-json\/wp\/v2\/media\/8358"}],"wp:attachment":[{"href":"https:\/\/www.suno.com.br\/noticias\/wp-json\/wp\/v2\/media?parent=8353"}],"wp:term":[{"taxonomy":"category","embeddable":true,"href":"https:\/\/www.suno.com.br\/noticias\/wp-json\/wp\/v2\/categories?post=8353"},{"taxonomy":"post_tag","embeddable":true,"href":"https:\/\/www.suno.com.br\/noticias\/wp-json\/wp\/v2\/tags?post=8353"},{"taxonomy":"suno_strategy","embeddable":true,"href":"https:\/\/www.suno.com.br\/noticias\/wp-json\/wp\/v2\/suno_strategy?post=8353"}],"curies":[{"name":"wp","href":"https:\/\/api.w.org\/{rel}","templated":true}]}}