{"id":83515,"date":"2020-09-09T17:50:11","date_gmt":"2020-09-09T20:50:11","guid":{"rendered":"https:\/\/www.suno.com.br\/noticias\/?p=83515"},"modified":"2020-09-09T17:50:11","modified_gmt":"2020-09-09T20:50:11","slug":"biden-quer-elevar-impostos-sobre-lucros-de-empresas-dos-eua-no-exterior","status":"publish","type":"post","link":"https:\/\/www.suno.com.br\/noticias\/biden-quer-elevar-impostos-sobre-lucros-de-empresas-dos-eua-no-exterior\/","title":{"rendered":"Biden quer elevar impostos sobre lucros de empresas dos EUA no exterior"},"content":{"rendered":"<p>O candidato democrata \u00e0 Presid\u00eancia dos <strong>EUA, <\/strong>Joe Biden<strong>,<\/strong>\u00a0apresentou nesta quarta-feira (9) uma proposta que prev\u00ea o aumento dos <a href=\"https:\/\/www.suno.com.br\/artigos\/obrigacoes-tributarias\/\">impostos<\/a> sobre <a href=\"https:\/\/www.suno.com.br\/artigos\/lucro-tributavel\/\">lucros<\/a> das empresas norte-americanas no exterior e a atribui\u00e7\u00e3o de <a href=\"https:\/\/www.suno.com.br\/artigos\/incentivos-fiscais\/#:~:text=Os%20incentivos%20fiscais%2C%20tamb%C3%A9m%20conhecidos,certos%20impostos%20sobre%20as%20empresas.\">incetivos fiscais<\/a> para a ind\u00fastria do pa\u00eds.<\/p>\t<div class=\"wrapper-featured-image\">\n\t\t<figure class=\"spotlightImg\">\n\n\t\t\t<picture>\n\t\t\t\t<source media=\"(max-width: 768px)\" srcset=\"https:\/\/files.sunoresearch.com.br\/n\/uploads\/2020\/09\/8bad19bd-biden-800x450-1-400x200.webp\">\n\t\t\t\t<img loading=\"lazy\" decoding=\"async\" class=\"newsContent__article__imgCapa lazyloadDisabled \" src=\"https:\/\/files.sunoresearch.com.br\/n\/uploads\/2020\/09\/8bad19bd-biden-800x450-1-jpg.webp\" width=\"800\" height=\"450\" alt=\"Biden quer elevar impostos sobre lucros de empresas dos EUA no exterior\" fetchpriority=high \/>\n\t\t\t<\/picture>\n\n\t\t\t<figcaption class=\"wp-caption-text wp-caption-text--show\">O presidente dos Estados Unidos, Joe Biden<\/figcaption>\n\t\t<\/figure>\n\t<\/div>\n\n\n<div class=\"hubspot-form-wrapper\">\n\t<div id=\"single-form-target\"><\/div>\n<\/div>\n\n<p>O plano de Biden \u00e9 aumentar as taxas sobre os produtos que s\u00e3o fabricados no exterior e comerciados nos EUA e sobre os lucros obtidos fora do pa\u00eds. Enquanto o governo americano deve oferecer um incentivo fiscal de at\u00e9 10% para certos investimentos na produ\u00e7\u00e3o nacional.<\/p>\n<p>O plano de Biden ficou conhecido como \u201cMade in America\u201d e prev\u00ea a prioriza\u00e7\u00e3o da compra de produtos dos EUA em contratos com o governo do pa\u00eds.<\/p>\n<p><a href=\"https:\/\/lp.suno.com.br\/suno-one\/\">No Suno One voc\u00ea aprende a fazer seu dinheiro para trabalhar para voc\u00ea. Cadastre-se gratuitamente agora!<\/a><\/p>\n<p>Seu discurso inclui cr\u00edticas ao presidente Trump que incentivou as empresas americanas a operarem no exterior devido \u00e0s redu\u00e7\u00f5es tribut\u00e1rias concebidas durante seu governo, favorecendo apenas as empresas e n\u00e3o os trabalhadores do pa\u00eds, declarou.<\/p>\n<p>\u201cEle simplesmente n\u00e3o se importa. Ele acha que, se as bolsas estiverem subindo, est\u00e1 tudo bem. Se seus amigos ricos e doadores est\u00e3o indo bem, ent\u00e3o tudo est\u00e1 indo bem\u201d, finalizou.<\/p>\n<h2>EUA criam 1,3 milh\u00e3o de postos de trabalho em agosto<\/h2>\n<p>Os <strong>EUA<\/strong> criaram 1,371 milh\u00e3o de postos de trabalho em agosto, demonstrando que o mercado de trabalho da maior economia do mundo permanece em seu ritmo de recupera\u00e7\u00e3o em meio \u00e0 pandemia do <a href=\"https:\/\/www.suno.com.br\/noticias\/?s=coronav%C3%ADrus\">novo coronav\u00edrus (Covid-19)<\/a>. As informa\u00e7\u00f5es foram reveladas pelo Departamento do Trabalho na \u00faltima sexta-feira (4).<\/p>\n<p>Dessa forma, a <a href=\"https:\/\/www.suno.com.br\/artigos\/indice-de-desemprego\/\"><strong>taxa de desemprego<\/strong><\/a> nos EUA caiu de 10,2% em julho para 8,4% no m\u00eas passado. A estimativa era por uma queda da taxa menor do que realmente foi verificado, de 9,8%. Al\u00e9m disso, o Departamento tamb\u00e9m pontuou que os n\u00fameros do <a href=\"https:\/\/www.suno.com.br\/artigos\/mercado-de-trabalho\/\"><strong>mercado de trabalho<\/strong><\/a> norte-americano de julho e junho foram revisados, para 1,734 milh\u00e3o e 4,781 milh\u00f5es, respectivamente.<\/p>\n<p>Essa foi a quarta queda mensal seguida da taxa de desemprego, que atingiu sua m\u00e1xima de 14,7% em abril, per\u00edodo em que a economia foi mais impactada pela crise. O n\u00famero de desempregados caiu em 2,8 milh\u00f5es em agosto, para 13,6 milh\u00f5es de pessoas.<\/p>\n<p><a href=\"https:\/\/www.suno.com.br\/noticias\/eua-criam-1-milhao-postos-de-trabalho-agosto\/\">Saiba Mais: EUA criam 1,3 milh\u00e3o de postos de trabalho em agosto; desemprego cai para 8,4%<\/a><\/p>\n<p>O sal\u00e1rio m\u00e9dio por hora dos trabalhadores do pa\u00eds cresceu 0,37% em agosto ante o m\u00eas anterior, para US$ 29,47 por hora, ou US$ 0,11. Na rela\u00e7\u00e3o anualizada, houve um acr\u00e9scimo de 4,65%. Especialistas esperavam que os sal\u00e1rios ficassem est\u00e1veis na margem e avan\u00e7asse 4,4% na compara\u00e7\u00e3o com o mesmo per\u00edodo do ano passado.<\/p>\n<p>Enquanto isso, a propor\u00e7\u00e3o da popula\u00e7\u00e3o dos <strong>EUA<\/strong> que participa da for\u00e7a de trabalho cresceu de 61,4% em julho para 61,7% em agosto.<\/p>\n<p>Com informa\u00e7\u00f5es do Estad\u00e3o Conte\u00fado.<\/p>\n\t<p>\n\t\t<a href=\"https:\/\/lp.suno.com.br\/planilha-de-controle-de-investimentos\/\" target=\"_blank\" data-element=\"shortcode-suno-banner\" title=\"Banner SUNO, clique e saiba mais\">\n\t\t\t<picture>\n\t\t\t\t<source media=\"(max-width: 500px)\" srcset=\"https:\/\/files.sunoresearch.com.br\/n\/uploads\/2023\/03\/400x300-Controle-de-Investimentos.png\">\n\t\t\t\t<img class=\"newsContent__article__imgCapa newsContent__article__imgCapa--banner\"\n\t\t\t\t\tsrc=\"https:\/\/files.sunoresearch.com.br\/n\/uploads\/2023\/03\/1420x240-Controle-de-Investimentos.png\"\n\t\t\t\t\tdata-promo-id=\"75934\"\t\t\t\t\t\t\t\t\t\twidth='1420' height='240'\t\t\t\t\talt=\"https:\/\/files.sunoresearch.com.br\/n\/uploads\/2023\/03\/1420x240-Controle-de-Investimentos.png\"\n\t\t\t\t>\n\t\t\t<\/picture>\n\t\t<\/a>\n\t<\/p>\n\n\n","protected":false},"excerpt":{"rendered":"<p>O candidato democrata \u00e0 Presid\u00eancia dos EUA, Joe Biden,\u00a0apresentou nesta quarta-feira (9) uma proposta que prev\u00ea o aumento dos impostos sobre lucros das empresas norte-americanas no exterior e a atribui\u00e7\u00e3o de incetivos fiscais para a ind\u00fastria do pa\u00eds. O presidente dos Estados Unidos, Joe Biden O plano de Biden \u00e9 aumentar as taxas sobre os [&hellip;]<\/p>\n","protected":false},"author":56,"featured_media":83535,"comment_status":"closed","ping_status":"closed","sticky":false,"template":"","format":"standard","meta":[],"categories":[63],"tags":[724,793,73481],"suno_strategy":[],"class_list":["post-83515","post","type-post","status-publish","format-standard","has-post-thumbnail","hentry","category-internacional","tag-donald-trump","tag-estados-unidos-eua","tag-joe-biden"],"yoast_head":"<!-- This site is optimized with the Yoast SEO plugin v24.4 - https:\/\/yoast.com\/wordpress\/plugins\/seo\/ -->\n<title>Biden quer elevar impostos sobre lucros de empresas dos EUA no exterior<\/title>\n<meta name=\"description\" content=\"A proposta de Biden tem o intuito de priorizar a compra de produtos dos EUA em contratos com o governo do pa\u00eds. Clique aqui para saber mais.\" \/>\n<meta name=\"robots\" content=\"index, follow, max-snippet:-1, max-image-preview:large, max-video-preview:-1\" \/>\n<link rel=\"canonical\" href=\"https:\/\/www.suno.com.br\/noticias\/biden-quer-elevar-impostos-sobre-lucros-de-empresas-dos-eua-no-exterior\/\" \/>\n<meta property=\"og:locale\" content=\"pt_BR\" \/>\n<meta property=\"og:type\" content=\"article\" \/>\n<meta property=\"og:title\" content=\"Biden quer elevar impostos sobre lucros de empresas dos EUA no exterior\" \/>\n<meta property=\"og:description\" content=\"A proposta de Biden tem o intuito de priorizar a compra de produtos dos EUA em contratos com o governo do pa\u00eds. Clique aqui para saber mais.\" \/>\n<meta property=\"og:url\" content=\"https:\/\/www.suno.com.br\/noticias\/biden-quer-elevar-impostos-sobre-lucros-de-empresas-dos-eua-no-exterior\/\" \/>\n<meta property=\"og:site_name\" content=\"Suno Not\u00edcias\" \/>\n<meta property=\"article:publisher\" content=\"https:\/\/facebook.com\/sunoresearch\" \/>\n<meta property=\"og:image\" content=\"https:\/\/files.sunoresearch.com.br\/n\/uploads\/2020\/09\/8bad19bd-biden-800x450-1.jpg\" \/>\n\t<meta property=\"og:image:width\" content=\"800\" \/>\n\t<meta property=\"og:image:height\" content=\"450\" \/>\n\t<meta property=\"og:image:type\" content=\"image\/jpeg\" \/>\n<meta name=\"author\" content=\"Rafaela La Regina\" \/>\n<meta name=\"twitter:card\" content=\"summary_large_image\" \/>\n<meta name=\"twitter:creator\" content=\"@sunoresearch\" \/>\n<meta name=\"twitter:site\" content=\"@sunoresearch\" \/>\n<meta name=\"twitter:label1\" content=\"Escrito por\" \/>\n\t<meta name=\"twitter:data1\" content=\"Rafaela La Regina\" \/>\n\t<meta name=\"twitter:label2\" content=\"Est. tempo de leitura\" \/>\n\t<meta name=\"twitter:data2\" content=\"2 minutos\" \/>\n<script type=\"application\/ld+json\" class=\"yoast-schema-graph\">{\"@context\":\"https:\/\/schema.org\",\"@graph\":[{\"@type\":\"NewsArticle\",\"@id\":\"https:\/\/www.suno.com.br\/noticias\/biden-quer-elevar-impostos-sobre-lucros-de-empresas-dos-eua-no-exterior\/#article\",\"isPartOf\":{\"@id\":\"https:\/\/www.suno.com.br\/noticias\/biden-quer-elevar-impostos-sobre-lucros-de-empresas-dos-eua-no-exterior\/\"},\"author\":{\"name\":\"Rafaela La Regina\",\"@id\":\"https:\/\/www.suno.com.br\/noticias\/#\/schema\/person\/e672ca8cea627fe715fa29bca7da95e0\"},\"headline\":\"Biden quer elevar impostos sobre lucros de empresas dos EUA no exterior\",\"datePublished\":\"2020-09-09T20:50:11+00:00\",\"mainEntityOfPage\":{\"@id\":\"https:\/\/www.suno.com.br\/noticias\/biden-quer-elevar-impostos-sobre-lucros-de-empresas-dos-eua-no-exterior\/\"},\"wordCount\":509,\"publisher\":{\"@id\":\"https:\/\/www.suno.com.br\/noticias\/#organization\"},\"image\":{\"@id\":\"https:\/\/www.suno.com.br\/noticias\/biden-quer-elevar-impostos-sobre-lucros-de-empresas-dos-eua-no-exterior\/#primaryimage\"},\"thumbnailUrl\":\"https:\/\/files.sunoresearch.com.br\/n\/uploads\/2020\/09\/8bad19bd-biden-800x450-1-jpg.webp\",\"keywords\":[\"Donald Trump\",\"Estados Unidos (EUA)\",\"Joe Biden\"],\"articleSection\":[\"Internacional\"],\"inLanguage\":\"pt-BR\"},{\"@type\":\"WebPage\",\"@id\":\"https:\/\/www.suno.com.br\/noticias\/biden-quer-elevar-impostos-sobre-lucros-de-empresas-dos-eua-no-exterior\/\",\"url\":\"https:\/\/www.suno.com.br\/noticias\/biden-quer-elevar-impostos-sobre-lucros-de-empresas-dos-eua-no-exterior\/\",\"name\":\"Biden quer elevar impostos sobre lucros de empresas dos EUA no exterior\",\"isPartOf\":{\"@id\":\"https:\/\/www.suno.com.br\/noticias\/#website\"},\"primaryImageOfPage\":{\"@id\":\"https:\/\/www.suno.com.br\/noticias\/biden-quer-elevar-impostos-sobre-lucros-de-empresas-dos-eua-no-exterior\/#primaryimage\"},\"image\":{\"@id\":\"https:\/\/www.suno.com.br\/noticias\/biden-quer-elevar-impostos-sobre-lucros-de-empresas-dos-eua-no-exterior\/#primaryimage\"},\"thumbnailUrl\":\"https:\/\/files.sunoresearch.com.br\/n\/uploads\/2020\/09\/8bad19bd-biden-800x450-1-jpg.webp\",\"datePublished\":\"2020-09-09T20:50:11+00:00\",\"description\":\"A proposta de Biden tem o intuito de priorizar a compra de produtos dos EUA em contratos com o governo do pa\u00eds. Clique aqui para saber mais.\",\"breadcrumb\":{\"@id\":\"https:\/\/www.suno.com.br\/noticias\/biden-quer-elevar-impostos-sobre-lucros-de-empresas-dos-eua-no-exterior\/#breadcrumb\"},\"inLanguage\":\"pt-BR\",\"potentialAction\":[{\"@type\":\"ReadAction\",\"target\":[\"https:\/\/www.suno.com.br\/noticias\/biden-quer-elevar-impostos-sobre-lucros-de-empresas-dos-eua-no-exterior\/\"]}]},{\"@type\":\"ImageObject\",\"inLanguage\":\"pt-BR\",\"@id\":\"https:\/\/www.suno.com.br\/noticias\/biden-quer-elevar-impostos-sobre-lucros-de-empresas-dos-eua-no-exterior\/#primaryimage\",\"url\":\"https:\/\/files.sunoresearch.com.br\/n\/uploads\/2020\/09\/8bad19bd-biden-800x450-1-jpg.webp\",\"contentUrl\":\"https:\/\/files.sunoresearch.com.br\/n\/uploads\/2020\/09\/8bad19bd-biden-800x450-1-jpg.webp\",\"width\":800,\"height\":450,\"caption\":\"O presidente dos Estados Unidos, Joe Biden\"},{\"@type\":\"BreadcrumbList\",\"@id\":\"https:\/\/www.suno.com.br\/noticias\/biden-quer-elevar-impostos-sobre-lucros-de-empresas-dos-eua-no-exterior\/#breadcrumb\",\"itemListElement\":[{\"@type\":\"ListItem\",\"position\":1,\"name\":\"Not\u00edcias\",\"item\":\"https:\/\/www.suno.com.br\/noticias\/\"},{\"@type\":\"ListItem\",\"position\":2,\"name\":\"Internacional\",\"item\":\"https:\/\/www.suno.com.br\/noticias\/internacional\/\"},{\"@type\":\"ListItem\",\"position\":3,\"name\":\"Biden quer elevar impostos sobre lucros de empresas dos EUA no exterior\"}]},{\"@type\":\"WebSite\",\"@id\":\"https:\/\/www.suno.com.br\/noticias\/#website\",\"url\":\"https:\/\/www.suno.com.br\/noticias\/\",\"name\":\"Suno Not\u00edcias\",\"description\":\"Seu portal de informa\u00e7\u00e3o sobre o mundo dos investimentos\",\"publisher\":{\"@id\":\"https:\/\/www.suno.com.br\/noticias\/#organization\"},\"potentialAction\":[{\"@type\":\"SearchAction\",\"target\":{\"@type\":\"EntryPoint\",\"urlTemplate\":\"https:\/\/www.suno.com.br\/noticias\/?s={search_term_string}\"},\"query-input\":{\"@type\":\"PropertyValueSpecification\",\"valueRequired\":true,\"valueName\":\"search_term_string\"}}],\"inLanguage\":\"pt-BR\"},{\"@type\":\"Organization\",\"@id\":\"https:\/\/www.suno.com.br\/noticias\/#organization\",\"name\":\"Suno Not\u00edcias\",\"url\":\"https:\/\/www.suno.com.br\/noticias\/\",\"logo\":{\"@type\":\"ImageObject\",\"inLanguage\":\"pt-BR\",\"@id\":\"https:\/\/www.suno.com.br\/noticias\/#\/schema\/logo\/image\/\",\"url\":\"https:\/\/files.sunoresearch.com.br\/n\/uploads\/2021\/09\/suno-logo.png\",\"contentUrl\":\"https:\/\/files.sunoresearch.com.br\/n\/uploads\/2021\/09\/suno-logo.png\",\"width\":180,\"height\":180,\"caption\":\"Suno Not\u00edcias\"},\"image\":{\"@id\":\"https:\/\/www.suno.com.br\/noticias\/#\/schema\/logo\/image\/\"},\"sameAs\":[\"https:\/\/facebook.com\/sunoresearch\",\"https:\/\/x.com\/sunoresearch\",\"https:\/\/www.instagram.com\/suno\",\"https:\/\/www.linkedin.com\/company\/suno-research\/\",\"https:\/\/www.youtube.com\/c\/sunoresearch\"]},{\"@type\":\"Person\",\"@id\":\"https:\/\/www.suno.com.br\/noticias\/#\/schema\/person\/e672ca8cea627fe715fa29bca7da95e0\",\"name\":\"Rafaela La Regina\",\"image\":{\"@type\":\"ImageObject\",\"inLanguage\":\"pt-BR\",\"@id\":\"https:\/\/www.suno.com.br\/noticias\/#\/schema\/person\/image\/\",\"url\":\"https:\/\/secure.gravatar.com\/avatar\/d2c75a52d243deb93d0465fdcb21bd37?s=96&r=g\",\"contentUrl\":\"https:\/\/secure.gravatar.com\/avatar\/d2c75a52d243deb93d0465fdcb21bd37?s=96&r=g\",\"caption\":\"Rafaela La Regina\"},\"description\":\"Estagi\u00e1ria no Suno Not\u00edcias. Escreve sobre economia, pol\u00edtica e neg\u00f3cios. Estuda Rela\u00e7\u00f5es Internacionais no IBMEC-SP.\",\"url\":\"https:\/\/www.suno.com.br\/noticias\/author\/rafaela-la-regina\/\"}]}<\/script>\n<!-- \/ Yoast SEO plugin. -->","yoast_head_json":{"title":"Biden quer elevar impostos sobre lucros de empresas dos EUA no exterior","description":"A proposta de Biden tem o intuito de priorizar a compra de produtos dos EUA em contratos com o governo do pa\u00eds. Clique aqui para saber mais.","robots":{"index":"index","follow":"follow","max-snippet":"max-snippet:-1","max-image-preview":"max-image-preview:large","max-video-preview":"max-video-preview:-1"},"canonical":"https:\/\/www.suno.com.br\/noticias\/biden-quer-elevar-impostos-sobre-lucros-de-empresas-dos-eua-no-exterior\/","og_locale":"pt_BR","og_type":"article","og_title":"Biden quer elevar impostos sobre lucros de empresas dos EUA no exterior","og_description":"A proposta de Biden tem o intuito de priorizar a compra de produtos dos EUA em contratos com o governo do pa\u00eds. Clique aqui para saber mais.","og_url":"https:\/\/www.suno.com.br\/noticias\/biden-quer-elevar-impostos-sobre-lucros-de-empresas-dos-eua-no-exterior\/","og_site_name":"Suno Not\u00edcias","article_publisher":"https:\/\/facebook.com\/sunoresearch","og_image":[{"width":800,"height":450,"url":"https:\/\/files.sunoresearch.com.br\/n\/uploads\/2020\/09\/8bad19bd-biden-800x450-1.jpg","type":"image\/jpeg"}],"author":"Rafaela La Regina","twitter_card":"summary_large_image","twitter_creator":"@sunoresearch","twitter_site":"@sunoresearch","twitter_misc":{"Escrito por":"Rafaela La Regina","Est. tempo de leitura":"2 minutos"},"schema":{"@context":"https:\/\/schema.org","@graph":[{"@type":"NewsArticle","@id":"https:\/\/www.suno.com.br\/noticias\/biden-quer-elevar-impostos-sobre-lucros-de-empresas-dos-eua-no-exterior\/#article","isPartOf":{"@id":"https:\/\/www.suno.com.br\/noticias\/biden-quer-elevar-impostos-sobre-lucros-de-empresas-dos-eua-no-exterior\/"},"author":{"name":"Rafaela La Regina","@id":"https:\/\/www.suno.com.br\/noticias\/#\/schema\/person\/e672ca8cea627fe715fa29bca7da95e0"},"headline":"Biden quer elevar impostos sobre lucros de empresas dos EUA no exterior","datePublished":"2020-09-09T20:50:11+00:00","mainEntityOfPage":{"@id":"https:\/\/www.suno.com.br\/noticias\/biden-quer-elevar-impostos-sobre-lucros-de-empresas-dos-eua-no-exterior\/"},"wordCount":509,"publisher":{"@id":"https:\/\/www.suno.com.br\/noticias\/#organization"},"image":{"@id":"https:\/\/www.suno.com.br\/noticias\/biden-quer-elevar-impostos-sobre-lucros-de-empresas-dos-eua-no-exterior\/#primaryimage"},"thumbnailUrl":"https:\/\/files.sunoresearch.com.br\/n\/uploads\/2020\/09\/8bad19bd-biden-800x450-1-jpg.webp","keywords":["Donald Trump","Estados Unidos (EUA)","Joe Biden"],"articleSection":["Internacional"],"inLanguage":"pt-BR"},{"@type":"WebPage","@id":"https:\/\/www.suno.com.br\/noticias\/biden-quer-elevar-impostos-sobre-lucros-de-empresas-dos-eua-no-exterior\/","url":"https:\/\/www.suno.com.br\/noticias\/biden-quer-elevar-impostos-sobre-lucros-de-empresas-dos-eua-no-exterior\/","name":"Biden quer elevar impostos sobre lucros de empresas dos EUA no exterior","isPartOf":{"@id":"https:\/\/www.suno.com.br\/noticias\/#website"},"primaryImageOfPage":{"@id":"https:\/\/www.suno.com.br\/noticias\/biden-quer-elevar-impostos-sobre-lucros-de-empresas-dos-eua-no-exterior\/#primaryimage"},"image":{"@id":"https:\/\/www.suno.com.br\/noticias\/biden-quer-elevar-impostos-sobre-lucros-de-empresas-dos-eua-no-exterior\/#primaryimage"},"thumbnailUrl":"https:\/\/files.sunoresearch.com.br\/n\/uploads\/2020\/09\/8bad19bd-biden-800x450-1-jpg.webp","datePublished":"2020-09-09T20:50:11+00:00","description":"A proposta de Biden tem o intuito de priorizar a compra de produtos dos EUA em contratos com o governo do pa\u00eds. Clique aqui para saber mais.","breadcrumb":{"@id":"https:\/\/www.suno.com.br\/noticias\/biden-quer-elevar-impostos-sobre-lucros-de-empresas-dos-eua-no-exterior\/#breadcrumb"},"inLanguage":"pt-BR","potentialAction":[{"@type":"ReadAction","target":["https:\/\/www.suno.com.br\/noticias\/biden-quer-elevar-impostos-sobre-lucros-de-empresas-dos-eua-no-exterior\/"]}]},{"@type":"ImageObject","inLanguage":"pt-BR","@id":"https:\/\/www.suno.com.br\/noticias\/biden-quer-elevar-impostos-sobre-lucros-de-empresas-dos-eua-no-exterior\/#primaryimage","url":"https:\/\/files.sunoresearch.com.br\/n\/uploads\/2020\/09\/8bad19bd-biden-800x450-1-jpg.webp","contentUrl":"https:\/\/files.sunoresearch.com.br\/n\/uploads\/2020\/09\/8bad19bd-biden-800x450-1-jpg.webp","width":800,"height":450,"caption":"O presidente dos Estados Unidos, Joe Biden"},{"@type":"BreadcrumbList","@id":"https:\/\/www.suno.com.br\/noticias\/biden-quer-elevar-impostos-sobre-lucros-de-empresas-dos-eua-no-exterior\/#breadcrumb","itemListElement":[{"@type":"ListItem","position":1,"name":"Not\u00edcias","item":"https:\/\/www.suno.com.br\/noticias\/"},{"@type":"ListItem","position":2,"name":"Internacional","item":"https:\/\/www.suno.com.br\/noticias\/internacional\/"},{"@type":"ListItem","position":3,"name":"Biden quer elevar impostos sobre lucros de empresas dos EUA no exterior"}]},{"@type":"WebSite","@id":"https:\/\/www.suno.com.br\/noticias\/#website","url":"https:\/\/www.suno.com.br\/noticias\/","name":"Suno Not\u00edcias","description":"Seu portal de informa\u00e7\u00e3o sobre o mundo dos investimentos","publisher":{"@id":"https:\/\/www.suno.com.br\/noticias\/#organization"},"potentialAction":[{"@type":"SearchAction","target":{"@type":"EntryPoint","urlTemplate":"https:\/\/www.suno.com.br\/noticias\/?s={search_term_string}"},"query-input":{"@type":"PropertyValueSpecification","valueRequired":true,"valueName":"search_term_string"}}],"inLanguage":"pt-BR"},{"@type":"Organization","@id":"https:\/\/www.suno.com.br\/noticias\/#organization","name":"Suno Not\u00edcias","url":"https:\/\/www.suno.com.br\/noticias\/","logo":{"@type":"ImageObject","inLanguage":"pt-BR","@id":"https:\/\/www.suno.com.br\/noticias\/#\/schema\/logo\/image\/","url":"https:\/\/files.sunoresearch.com.br\/n\/uploads\/2021\/09\/suno-logo.png","contentUrl":"https:\/\/files.sunoresearch.com.br\/n\/uploads\/2021\/09\/suno-logo.png","width":180,"height":180,"caption":"Suno Not\u00edcias"},"image":{"@id":"https:\/\/www.suno.com.br\/noticias\/#\/schema\/logo\/image\/"},"sameAs":["https:\/\/facebook.com\/sunoresearch","https:\/\/x.com\/sunoresearch","https:\/\/www.instagram.com\/suno","https:\/\/www.linkedin.com\/company\/suno-research\/","https:\/\/www.youtube.com\/c\/sunoresearch"]},{"@type":"Person","@id":"https:\/\/www.suno.com.br\/noticias\/#\/schema\/person\/e672ca8cea627fe715fa29bca7da95e0","name":"Rafaela La Regina","image":{"@type":"ImageObject","inLanguage":"pt-BR","@id":"https:\/\/www.suno.com.br\/noticias\/#\/schema\/person\/image\/","url":"https:\/\/secure.gravatar.com\/avatar\/d2c75a52d243deb93d0465fdcb21bd37?s=96&r=g","contentUrl":"https:\/\/secure.gravatar.com\/avatar\/d2c75a52d243deb93d0465fdcb21bd37?s=96&r=g","caption":"Rafaela La Regina"},"description":"Estagi\u00e1ria no Suno Not\u00edcias. Escreve sobre economia, pol\u00edtica e neg\u00f3cios. Estuda Rela\u00e7\u00f5es Internacionais no IBMEC-SP.","url":"https:\/\/www.suno.com.br\/noticias\/author\/rafaela-la-regina\/"}]}},"default_loop_html":"<div class=\"cardsPage__listCard__boxs\"><div class=\"cardsPage__listCard__boxs__img\"><a href=\"https:\/\/www.suno.com.br\/noticias\/biden-quer-elevar-impostos-sobre-lucros-de-empresas-dos-eua-no-exterior\/\"><img class=\"mask\" src=\"https:\/\/www.suno.com.br\/noticias\/wp-content\/themes\/suno\/resources\/images\/spotlight\/spotlight1img\/bg-mask.png\" alt=\"Image Mask\"\/><img src=\"https:\/\/files.sunoresearch.com.br\/n\/uploads\/2020\/09\/8bad19bd-biden-800x450-1-400x200.webp\" alt=\"Biden quer elevar impostos sobre lucros de empresas dos EUA no exterior\"\/><\/a><span class=\"spotlightCategory\"><a href=\"https:\/\/www.suno.com.br\/noticias\/internacional\/\">Internacional<\/a><\/span><\/div><div class=\"cardsPage__listCard__boxs__content\"><a href=\"https:\/\/www.suno.com.br\/noticias\/biden-quer-elevar-impostos-sobre-lucros-de-empresas-dos-eua-no-exterior\/\"><h2 class=\"content__title\">Biden quer elevar impostos sobre lucros de empresas dos EUA no exterior<\/h2><\/a><div class=\"newsContent__article__meta\"><div class=\"newsContent__article__meta__authorBox\"><a href=\"https:\/\/www.suno.com.br\/noticias\/author\/rafaela-la-regina\/\" class=\"authorBox__avatar noMobi\"><img src=\"https:\/\/secure.gravatar.com\/avatar\/d2c75a52d243deb93d0465fdcb21bd37?s=96&#038;r=g\" alt=\"Rafaela La Regina\"><\/a><div class=\"authorBox__name\"><span>por\n\t\t\t<a href=\"https:\/\/www.suno.com.br\/noticias\/author\/rafaela-la-regina\/\"><span itemprop=\"author\">Rafaela La Regina<\/span><\/a><\/span><time datetime=\"2020-09-09T17:50:11-03:00\" itemprop=\"datePublished\">09\/09\/2020 17:50<\/time><\/div><\/div><\/div><\/div><\/div>","single_layout":"posts","amp_enabled":true,"_links":{"self":[{"href":"https:\/\/www.suno.com.br\/noticias\/wp-json\/wp\/v2\/posts\/83515"}],"collection":[{"href":"https:\/\/www.suno.com.br\/noticias\/wp-json\/wp\/v2\/posts"}],"about":[{"href":"https:\/\/www.suno.com.br\/noticias\/wp-json\/wp\/v2\/types\/post"}],"author":[{"embeddable":true,"href":"https:\/\/www.suno.com.br\/noticias\/wp-json\/wp\/v2\/users\/56"}],"replies":[{"embeddable":true,"href":"https:\/\/www.suno.com.br\/noticias\/wp-json\/wp\/v2\/comments?post=83515"}],"version-history":[{"count":0,"href":"https:\/\/www.suno.com.br\/noticias\/wp-json\/wp\/v2\/posts\/83515\/revisions"}],"wp:featuredmedia":[{"embeddable":true,"href":"https:\/\/www.suno.com.br\/noticias\/wp-json\/wp\/v2\/media\/83535"}],"wp:attachment":[{"href":"https:\/\/www.suno.com.br\/noticias\/wp-json\/wp\/v2\/media?parent=83515"}],"wp:term":[{"taxonomy":"category","embeddable":true,"href":"https:\/\/www.suno.com.br\/noticias\/wp-json\/wp\/v2\/categories?post=83515"},{"taxonomy":"post_tag","embeddable":true,"href":"https:\/\/www.suno.com.br\/noticias\/wp-json\/wp\/v2\/tags?post=83515"},{"taxonomy":"suno_strategy","embeddable":true,"href":"https:\/\/www.suno.com.br\/noticias\/wp-json\/wp\/v2\/suno_strategy?post=83515"}],"curies":[{"name":"wp","href":"https:\/\/api.w.org\/{rel}","templated":true}]}}