{"id":83507,"date":"2020-09-09T16:54:46","date_gmt":"2020-09-09T19:54:46","guid":{"rendered":"https:\/\/www.suno.com.br\/noticias\/?p=83507"},"modified":"2020-09-09T16:54:46","modified_gmt":"2020-09-09T19:54:46","slug":"cury-define-faixa-preco-ipo-levantar-r1bi","status":"publish","type":"post","link":"https:\/\/www.suno.com.br\/noticias\/cury-define-faixa-preco-ipo-levantar-r1bi\/","title":{"rendered":"Cury define faixa indicativa de pre\u00e7o para IPO e pode levantar R$ 1,15 bi"},"content":{"rendered":"<p>A <strong>Cury<\/strong> Construtora e Incorporadora divulgou nesta quarta-feira (9) a faixa indicativa de pre\u00e7os para sua <a href=\"https:\/\/www.suno.com.br\/artigos\/ipo\/\">oferta p\u00fablica inicial de a\u00e7\u00f5es (IPO<\/a>, na sigla em ingl\u00eas) entre R$ 11,00 e R$ 14,30.<\/p>\t<div class=\"wrapper-featured-image\">\n\t\t<figure class=\"spotlightImg\">\n\n\t\t\t<picture>\n\t\t\t\t<source media=\"(max-width: 768px)\" srcset=\"https:\/\/files.sunoresearch.com.br\/n\/uploads\/2020\/09\/3d8409bc-construtora-400x200.webp\">\n\t\t\t\t<img loading=\"lazy\" decoding=\"async\" class=\"newsContent__article__imgCapa lazyloadDisabled \" src=\"https:\/\/files.sunoresearch.com.br\/n\/uploads\/2020\/09\/3d8409bc-construtora-jpg.webp\" width=\"800\" height=\"450\" alt=\"Cury define faixa indicativa de pre\u00e7o para IPO e pode levantar R$ 1,15 bi\" fetchpriority=high \/>\n\t\t\t<\/picture>\n\n\t\t\t<figcaption class=\"wp-caption-text wp-caption-text--show\">&quot;A confian\u00e7a do setor da constru\u00e7\u00e3o retornou \u00e0 zona de pessimismo moderado em que se encontrava antes da pandemia&quot;, apontou FGV<\/figcaption>\n\t\t<\/figure>\n\t<\/div>\n\n\n<div class=\"hubspot-form-wrapper\">\n\t<div id=\"single-form-target\"><\/div>\n<\/div>\n\n<p>Considerando a mediana desse intervalo, de R$ 12,65, e a quantidade de a\u00e7\u00f5es da oferta base, de 90.909.091, o processo de abertura de capital na bolsa poderia levantar um montante de R$ 1,150 bilh\u00e3o. Ainda existe a possibilidade de negociar um lote adicional de at\u00e9 20%, com 18.181.818 a\u00e7\u00f5es, e suplementar de at\u00e9 15%, ou 13.636.363 ativos. Com isso, conforme o pre\u00e7o m\u00e9dio da faixa indicativa, o IPO da Cury pode movimentar um total de R$ 1,552 bilh\u00e3o.<\/p>\n<p>A precifica\u00e7\u00e3o do oferta est\u00e1 prevista para acontecer em 17 de setembro. Al\u00e9m disso, a construtora ser\u00e1 negociada no segmento de alta governan\u00e7a da <a href=\"https:\/\/www.suno.com.br\/artigos\/b3\/\">B3<\/a> , o <a href=\"https:\/\/www.suno.com.br\/artigos\/novo-mercado\/\">Novo Mercado<\/a>, sob o ticker &#8220;CURY3&#8221;.<\/p>\n<p><a href=\"https:\/\/lp.suno.com.br\/suno-one\/\">Suno One: acesse gratuitamente eBooks, Minicursos, Artigos e Video Aulas sobre investimentos com um \u00fanico cadastro. Clique para saber mais!<\/a><\/p>\n<p>O processo ser\u00e1 coordenado pelas institui\u00e7\u00f5es financeiras <a href=\"https:\/\/www.suno.com.br\/acoes\/bpac11\/\">BTG Pactual (BPAC11)<\/a>; Ita\u00fa BBA, Bank of America e Caixa Econ\u00f4mica Federal. A oferta ser\u00e1 prim\u00e1ria (18.181.818 a\u00e7\u00f5es), quando h\u00e1 a emiss\u00e3o de novas a\u00e7\u00f5es e os recursos captados v\u00e3o para o caixa da empresa e secund\u00e1ria (72.727.273 pap\u00e9is), que consiste na venda de parte das fatias detidas por acionistas.<\/p>\n<p>Os principais acionistas vendedores da opera\u00e7\u00e3o s\u00e3o a <a href=\"https:\/\/www.suno.com.br\/acoes\/cyre3\/\">Cyrela Brazil Realty (CYRE3)<\/a>, que det\u00e9m uma participa\u00e7\u00e3o de 48,25% e pode diminu\u00ed-la para at\u00e9 27,96%, na caso de venda dos lotes suplementar e adicional; F\u00e1bio Elias Cury, que possui uma fatia de 34,74% e pode reduzi-la para 15,29%; e a Cury Empreendimentos Imobili\u00e1rios, que tem uma posi\u00e7\u00e3o de 13,51% e pode cair a 12,67%.<\/p>\n<h2>Cury registra lucro l\u00edquido de R$ 56,428 mi no 2S20<\/h2>\n<p>No primeiro semestre deste ano, a empresa reportou um <a href=\"https:\/\/www.suno.com.br\/artigos\/lucro-liquido\/\">lucro l\u00edquido<\/a> de R$ 56,428 milh\u00f5es, equivalente a uma queda de 42% em rela\u00e7\u00e3o ao mesmo per\u00edodo do ano passado. Na mesma compara\u00e7\u00e3o, a construtora apresentou uma <a href=\"https:\/\/www.suno.com.br\/artigos\/o-que-receita-liquida\/\">receita l\u00edquida<\/a> de R$ 473,525 milh\u00f5es, com um aumento de 3,8%.<\/p>\n\t<div data-element=\"shortcode-read-more\" class=\"knowMore\">\n\t\t\t\t<span class=\"knowMore__title\">Veja mais<\/span>\n\t\t\t\t<a class=\"knowMore__link\" href=\"https:\/\/www.suno.com.br\/noticias\/ipo-cury-pressionado-lavvi-queda-estreia-bolsa\/\">\n\t\t\tIPO da Cury \u00e9 pressionado ap\u00f3s queda da Lavvi (LAVV3) em estreia na bolsa\t\t<\/a>\n\t<\/div>\n\n\n<p>A <strong>Cury<\/strong> foi fundada em 2007, como um resultado da <a href=\"https:\/\/www.suno.com.br\/artigos\/joint-venture\/\">joint venture<\/a> entre a Cury Empreendimentos e a Cyrela. As opera\u00e7\u00f5es da empresa est\u00e3o concentradas na incorpora\u00e7\u00e3o de empreendimentos voltados \u00e0 popula\u00e7\u00e3o de baixa renda, com foco nas regi\u00f5es de S\u00e3o Paulo e do Rio de Janeiro.<\/p>\n\t<p>\n\t\t<a href=\"https:\/\/lp.suno.com.br\/planilha-de-controle-de-investimentos\/\" target=\"_blank\" data-element=\"shortcode-suno-banner\" title=\"Banner SUNO, clique e saiba mais\">\n\t\t\t<picture>\n\t\t\t\t<source media=\"(max-width: 500px)\" srcset=\"https:\/\/files.sunoresearch.com.br\/n\/uploads\/2023\/03\/400x300-Controle-de-Investimentos.png\">\n\t\t\t\t<img class=\"newsContent__article__imgCapa newsContent__article__imgCapa--banner\"\n\t\t\t\t\tsrc=\"https:\/\/files.sunoresearch.com.br\/n\/uploads\/2023\/03\/1420x240-Controle-de-Investimentos.png\"\n\t\t\t\t\tdata-promo-id=\"75934\"\t\t\t\t\t\t\t\t\t\twidth='1420' height='240'\t\t\t\t\talt=\"https:\/\/files.sunoresearch.com.br\/n\/uploads\/2023\/03\/1420x240-Controle-de-Investimentos.png\"\n\t\t\t\t>\n\t\t\t<\/picture>\n\t\t<\/a>\n\t<\/p>\n\n\n","protected":false},"excerpt":{"rendered":"<p>A Cury Construtora e Incorporadora divulgou nesta quarta-feira (9) a faixa indicativa de pre\u00e7os para sua oferta p\u00fablica inicial de a\u00e7\u00f5es (IPO, na sigla em ingl\u00eas) entre R$ 11,00 e R$ 14,30. &quot;A confian\u00e7a do setor da constru\u00e7\u00e3o retornou \u00e0 zona de pessimismo moderado em que se encontrava antes da pandemia&quot;, apontou FGV Considerando a [&hellip;]<\/p>\n","protected":false},"author":35,"featured_media":82816,"comment_status":"closed","ping_status":"closed","sticky":false,"template":"","format":"standard","meta":[],"categories":[64],"tags":[1156,101431,319],"suno_strategy":[],"class_list":["post-83507","post","type-post","status-publish","format-standard","has-post-thumbnail","hentry","category-negocios","tag-construcao-civil","tag-cury-construtora-cury3","tag-ipo-oferta-inicial-de-acoes"],"yoast_head":"<!-- This site is optimized with the Yoast SEO plugin v24.4 - https:\/\/yoast.com\/wordpress\/plugins\/seo\/ -->\n<title>Cury define faixa indicativa de pre\u00e7o para IPO e pode levantar R$ 1,15 bi<\/title>\n<meta name=\"description\" content=\"A Cury definiu a faixa indicativa de pre\u00e7os para sua oferta p\u00fablica inicial de a\u00e7\u00f5es entre R$ 11,00 e R$ 14,30. Clique para saber mais\" \/>\n<meta name=\"robots\" content=\"index, follow, max-snippet:-1, max-image-preview:large, max-video-preview:-1\" \/>\n<link rel=\"canonical\" href=\"https:\/\/www.suno.com.br\/noticias\/cury-define-faixa-preco-ipo-levantar-r1bi\/\" \/>\n<meta property=\"og:locale\" content=\"pt_BR\" \/>\n<meta property=\"og:type\" content=\"article\" \/>\n<meta property=\"og:title\" content=\"Cury define faixa indicativa de pre\u00e7o para IPO e pode levantar R$ 1,15 bi\" \/>\n<meta property=\"og:description\" content=\"A Cury definiu a faixa indicativa de pre\u00e7os para sua oferta p\u00fablica inicial de a\u00e7\u00f5es entre R$ 11,00 e R$ 14,30. Clique para saber mais\" \/>\n<meta property=\"og:url\" content=\"https:\/\/www.suno.com.br\/noticias\/cury-define-faixa-preco-ipo-levantar-r1bi\/\" \/>\n<meta property=\"og:site_name\" content=\"Suno Not\u00edcias\" \/>\n<meta property=\"article:publisher\" content=\"https:\/\/facebook.com\/sunoresearch\" \/>\n<meta property=\"og:image\" content=\"https:\/\/files.sunoresearch.com.br\/n\/uploads\/2020\/09\/3d8409bc-construtora.jpg\" \/>\n\t<meta property=\"og:image:width\" content=\"510\" \/>\n\t<meta property=\"og:image:height\" content=\"340\" \/>\n\t<meta property=\"og:image:type\" content=\"image\/jpeg\" \/>\n<meta name=\"author\" content=\"Arthur Guimar\u00e3es\" \/>\n<meta name=\"twitter:card\" content=\"summary_large_image\" \/>\n<meta name=\"twitter:creator\" content=\"@sunoresearch\" \/>\n<meta name=\"twitter:site\" content=\"@sunoresearch\" \/>\n<meta name=\"twitter:label1\" content=\"Escrito por\" \/>\n\t<meta name=\"twitter:data1\" content=\"Arthur Guimar\u00e3es\" \/>\n\t<meta name=\"twitter:label2\" content=\"Est. tempo de leitura\" \/>\n\t<meta name=\"twitter:data2\" content=\"2 minutos\" \/>\n<script type=\"application\/ld+json\" class=\"yoast-schema-graph\">{\"@context\":\"https:\/\/schema.org\",\"@graph\":[{\"@type\":\"NewsArticle\",\"@id\":\"https:\/\/www.suno.com.br\/noticias\/cury-define-faixa-preco-ipo-levantar-r1bi\/#article\",\"isPartOf\":{\"@id\":\"https:\/\/www.suno.com.br\/noticias\/cury-define-faixa-preco-ipo-levantar-r1bi\/\"},\"author\":{\"name\":\"Arthur Guimar\u00e3es\",\"@id\":\"https:\/\/www.suno.com.br\/noticias\/#\/schema\/person\/053a750a709a263919a20f976caae91c\"},\"headline\":\"Cury define faixa indicativa de pre\u00e7o para IPO e pode levantar R$ 1,15 bi\",\"datePublished\":\"2020-09-09T19:54:46+00:00\",\"mainEntityOfPage\":{\"@id\":\"https:\/\/www.suno.com.br\/noticias\/cury-define-faixa-preco-ipo-levantar-r1bi\/\"},\"wordCount\":440,\"publisher\":{\"@id\":\"https:\/\/www.suno.com.br\/noticias\/#organization\"},\"image\":{\"@id\":\"https:\/\/www.suno.com.br\/noticias\/cury-define-faixa-preco-ipo-levantar-r1bi\/#primaryimage\"},\"thumbnailUrl\":\"https:\/\/files.sunoresearch.com.br\/n\/uploads\/2020\/09\/3d8409bc-construtora-jpg.webp\",\"keywords\":[\"constru\u00e7\u00e3o civil\",\"Cury Construtora (CURY3)\",\"IPO (Oferta Inicial de A\u00e7\u00f5es)\"],\"articleSection\":[\"Neg\u00f3cios\"],\"inLanguage\":\"pt-BR\"},{\"@type\":\"WebPage\",\"@id\":\"https:\/\/www.suno.com.br\/noticias\/cury-define-faixa-preco-ipo-levantar-r1bi\/\",\"url\":\"https:\/\/www.suno.com.br\/noticias\/cury-define-faixa-preco-ipo-levantar-r1bi\/\",\"name\":\"Cury define faixa indicativa de pre\u00e7o para IPO e pode levantar R$ 1,15 bi\",\"isPartOf\":{\"@id\":\"https:\/\/www.suno.com.br\/noticias\/#website\"},\"primaryImageOfPage\":{\"@id\":\"https:\/\/www.suno.com.br\/noticias\/cury-define-faixa-preco-ipo-levantar-r1bi\/#primaryimage\"},\"image\":{\"@id\":\"https:\/\/www.suno.com.br\/noticias\/cury-define-faixa-preco-ipo-levantar-r1bi\/#primaryimage\"},\"thumbnailUrl\":\"https:\/\/files.sunoresearch.com.br\/n\/uploads\/2020\/09\/3d8409bc-construtora-jpg.webp\",\"datePublished\":\"2020-09-09T19:54:46+00:00\",\"description\":\"A Cury definiu a faixa indicativa de pre\u00e7os para sua oferta p\u00fablica inicial de a\u00e7\u00f5es entre R$ 11,00 e R$ 14,30. Clique para saber mais\",\"breadcrumb\":{\"@id\":\"https:\/\/www.suno.com.br\/noticias\/cury-define-faixa-preco-ipo-levantar-r1bi\/#breadcrumb\"},\"inLanguage\":\"pt-BR\",\"potentialAction\":[{\"@type\":\"ReadAction\",\"target\":[\"https:\/\/www.suno.com.br\/noticias\/cury-define-faixa-preco-ipo-levantar-r1bi\/\"]}]},{\"@type\":\"ImageObject\",\"inLanguage\":\"pt-BR\",\"@id\":\"https:\/\/www.suno.com.br\/noticias\/cury-define-faixa-preco-ipo-levantar-r1bi\/#primaryimage\",\"url\":\"https:\/\/files.sunoresearch.com.br\/n\/uploads\/2020\/09\/3d8409bc-construtora-jpg.webp\",\"contentUrl\":\"https:\/\/files.sunoresearch.com.br\/n\/uploads\/2020\/09\/3d8409bc-construtora-jpg.webp\",\"width\":510,\"height\":340,\"caption\":\"\\\"A confian\u00e7a do setor da constru\u00e7\u00e3o retornou \u00e0 zona de pessimismo moderado em que se encontrava antes da pandemia\\\", apontou FGV\"},{\"@type\":\"BreadcrumbList\",\"@id\":\"https:\/\/www.suno.com.br\/noticias\/cury-define-faixa-preco-ipo-levantar-r1bi\/#breadcrumb\",\"itemListElement\":[{\"@type\":\"ListItem\",\"position\":1,\"name\":\"Not\u00edcias\",\"item\":\"https:\/\/www.suno.com.br\/noticias\/\"},{\"@type\":\"ListItem\",\"position\":2,\"name\":\"Neg\u00f3cios\",\"item\":\"https:\/\/www.suno.com.br\/noticias\/negocios\/\"},{\"@type\":\"ListItem\",\"position\":3,\"name\":\"Cury define faixa indicativa de pre\u00e7o para IPO e pode levantar R$ 1,15 bi\"}]},{\"@type\":\"WebSite\",\"@id\":\"https:\/\/www.suno.com.br\/noticias\/#website\",\"url\":\"https:\/\/www.suno.com.br\/noticias\/\",\"name\":\"Suno Not\u00edcias\",\"description\":\"Seu portal de informa\u00e7\u00e3o sobre o mundo dos investimentos\",\"publisher\":{\"@id\":\"https:\/\/www.suno.com.br\/noticias\/#organization\"},\"potentialAction\":[{\"@type\":\"SearchAction\",\"target\":{\"@type\":\"EntryPoint\",\"urlTemplate\":\"https:\/\/www.suno.com.br\/noticias\/?s={search_term_string}\"},\"query-input\":{\"@type\":\"PropertyValueSpecification\",\"valueRequired\":true,\"valueName\":\"search_term_string\"}}],\"inLanguage\":\"pt-BR\"},{\"@type\":\"Organization\",\"@id\":\"https:\/\/www.suno.com.br\/noticias\/#organization\",\"name\":\"Suno Not\u00edcias\",\"url\":\"https:\/\/www.suno.com.br\/noticias\/\",\"logo\":{\"@type\":\"ImageObject\",\"inLanguage\":\"pt-BR\",\"@id\":\"https:\/\/www.suno.com.br\/noticias\/#\/schema\/logo\/image\/\",\"url\":\"https:\/\/files.sunoresearch.com.br\/n\/uploads\/2021\/09\/suno-logo.png\",\"contentUrl\":\"https:\/\/files.sunoresearch.com.br\/n\/uploads\/2021\/09\/suno-logo.png\",\"width\":180,\"height\":180,\"caption\":\"Suno Not\u00edcias\"},\"image\":{\"@id\":\"https:\/\/www.suno.com.br\/noticias\/#\/schema\/logo\/image\/\"},\"sameAs\":[\"https:\/\/facebook.com\/sunoresearch\",\"https:\/\/x.com\/sunoresearch\",\"https:\/\/www.instagram.com\/suno\",\"https:\/\/www.linkedin.com\/company\/suno-research\/\",\"https:\/\/www.youtube.com\/c\/sunoresearch\"]},{\"@type\":\"Person\",\"@id\":\"https:\/\/www.suno.com.br\/noticias\/#\/schema\/person\/053a750a709a263919a20f976caae91c\",\"name\":\"Arthur Guimar\u00e3es\",\"image\":{\"@type\":\"ImageObject\",\"inLanguage\":\"pt-BR\",\"@id\":\"https:\/\/www.suno.com.br\/noticias\/#\/schema\/person\/image\/\",\"url\":\"https:\/\/secure.gravatar.com\/avatar\/1affd86a11209ae09eb6dd3bcad3e96c?s=96&r=g\",\"contentUrl\":\"https:\/\/secure.gravatar.com\/avatar\/1affd86a11209ae09eb6dd3bcad3e96c?s=96&r=g\",\"caption\":\"Arthur Guimar\u00e3es\"},\"description\":\"Arthur Guimar\u00e3es escreve sobre pol\u00edtica, economia e neg\u00f3cios para o portal de not\u00edcias da Suno Research. Atualmente, \u00e9 estudante de jornalismo pela Faculdade C\u00e1sper L\u00edbero.\",\"url\":\"https:\/\/www.suno.com.br\/noticias\/author\/arthur-guimaraes\/\"}]}<\/script>\n<!-- \/ Yoast SEO plugin. -->","yoast_head_json":{"title":"Cury define faixa indicativa de pre\u00e7o para IPO e pode levantar R$ 1,15 bi","description":"A Cury definiu a faixa indicativa de pre\u00e7os para sua oferta p\u00fablica inicial de a\u00e7\u00f5es entre R$ 11,00 e R$ 14,30. Clique para saber mais","robots":{"index":"index","follow":"follow","max-snippet":"max-snippet:-1","max-image-preview":"max-image-preview:large","max-video-preview":"max-video-preview:-1"},"canonical":"https:\/\/www.suno.com.br\/noticias\/cury-define-faixa-preco-ipo-levantar-r1bi\/","og_locale":"pt_BR","og_type":"article","og_title":"Cury define faixa indicativa de pre\u00e7o para IPO e pode levantar R$ 1,15 bi","og_description":"A Cury definiu a faixa indicativa de pre\u00e7os para sua oferta p\u00fablica inicial de a\u00e7\u00f5es entre R$ 11,00 e R$ 14,30. Clique para saber mais","og_url":"https:\/\/www.suno.com.br\/noticias\/cury-define-faixa-preco-ipo-levantar-r1bi\/","og_site_name":"Suno Not\u00edcias","article_publisher":"https:\/\/facebook.com\/sunoresearch","og_image":[{"width":510,"height":340,"url":"https:\/\/files.sunoresearch.com.br\/n\/uploads\/2020\/09\/3d8409bc-construtora.jpg","type":"image\/jpeg"}],"author":"Arthur Guimar\u00e3es","twitter_card":"summary_large_image","twitter_creator":"@sunoresearch","twitter_site":"@sunoresearch","twitter_misc":{"Escrito por":"Arthur Guimar\u00e3es","Est. tempo de leitura":"2 minutos"},"schema":{"@context":"https:\/\/schema.org","@graph":[{"@type":"NewsArticle","@id":"https:\/\/www.suno.com.br\/noticias\/cury-define-faixa-preco-ipo-levantar-r1bi\/#article","isPartOf":{"@id":"https:\/\/www.suno.com.br\/noticias\/cury-define-faixa-preco-ipo-levantar-r1bi\/"},"author":{"name":"Arthur Guimar\u00e3es","@id":"https:\/\/www.suno.com.br\/noticias\/#\/schema\/person\/053a750a709a263919a20f976caae91c"},"headline":"Cury define faixa indicativa de pre\u00e7o para IPO e pode levantar R$ 1,15 bi","datePublished":"2020-09-09T19:54:46+00:00","mainEntityOfPage":{"@id":"https:\/\/www.suno.com.br\/noticias\/cury-define-faixa-preco-ipo-levantar-r1bi\/"},"wordCount":440,"publisher":{"@id":"https:\/\/www.suno.com.br\/noticias\/#organization"},"image":{"@id":"https:\/\/www.suno.com.br\/noticias\/cury-define-faixa-preco-ipo-levantar-r1bi\/#primaryimage"},"thumbnailUrl":"https:\/\/files.sunoresearch.com.br\/n\/uploads\/2020\/09\/3d8409bc-construtora-jpg.webp","keywords":["constru\u00e7\u00e3o civil","Cury Construtora (CURY3)","IPO (Oferta Inicial de A\u00e7\u00f5es)"],"articleSection":["Neg\u00f3cios"],"inLanguage":"pt-BR"},{"@type":"WebPage","@id":"https:\/\/www.suno.com.br\/noticias\/cury-define-faixa-preco-ipo-levantar-r1bi\/","url":"https:\/\/www.suno.com.br\/noticias\/cury-define-faixa-preco-ipo-levantar-r1bi\/","name":"Cury define faixa indicativa de pre\u00e7o para IPO e pode levantar R$ 1,15 bi","isPartOf":{"@id":"https:\/\/www.suno.com.br\/noticias\/#website"},"primaryImageOfPage":{"@id":"https:\/\/www.suno.com.br\/noticias\/cury-define-faixa-preco-ipo-levantar-r1bi\/#primaryimage"},"image":{"@id":"https:\/\/www.suno.com.br\/noticias\/cury-define-faixa-preco-ipo-levantar-r1bi\/#primaryimage"},"thumbnailUrl":"https:\/\/files.sunoresearch.com.br\/n\/uploads\/2020\/09\/3d8409bc-construtora-jpg.webp","datePublished":"2020-09-09T19:54:46+00:00","description":"A Cury definiu a faixa indicativa de pre\u00e7os para sua oferta p\u00fablica inicial de a\u00e7\u00f5es entre R$ 11,00 e R$ 14,30. Clique para saber mais","breadcrumb":{"@id":"https:\/\/www.suno.com.br\/noticias\/cury-define-faixa-preco-ipo-levantar-r1bi\/#breadcrumb"},"inLanguage":"pt-BR","potentialAction":[{"@type":"ReadAction","target":["https:\/\/www.suno.com.br\/noticias\/cury-define-faixa-preco-ipo-levantar-r1bi\/"]}]},{"@type":"ImageObject","inLanguage":"pt-BR","@id":"https:\/\/www.suno.com.br\/noticias\/cury-define-faixa-preco-ipo-levantar-r1bi\/#primaryimage","url":"https:\/\/files.sunoresearch.com.br\/n\/uploads\/2020\/09\/3d8409bc-construtora-jpg.webp","contentUrl":"https:\/\/files.sunoresearch.com.br\/n\/uploads\/2020\/09\/3d8409bc-construtora-jpg.webp","width":510,"height":340,"caption":"\"A confian\u00e7a do setor da constru\u00e7\u00e3o retornou \u00e0 zona de pessimismo moderado em que se encontrava antes da pandemia\", apontou FGV"},{"@type":"BreadcrumbList","@id":"https:\/\/www.suno.com.br\/noticias\/cury-define-faixa-preco-ipo-levantar-r1bi\/#breadcrumb","itemListElement":[{"@type":"ListItem","position":1,"name":"Not\u00edcias","item":"https:\/\/www.suno.com.br\/noticias\/"},{"@type":"ListItem","position":2,"name":"Neg\u00f3cios","item":"https:\/\/www.suno.com.br\/noticias\/negocios\/"},{"@type":"ListItem","position":3,"name":"Cury define faixa indicativa de pre\u00e7o para IPO e pode levantar R$ 1,15 bi"}]},{"@type":"WebSite","@id":"https:\/\/www.suno.com.br\/noticias\/#website","url":"https:\/\/www.suno.com.br\/noticias\/","name":"Suno Not\u00edcias","description":"Seu portal de informa\u00e7\u00e3o sobre o mundo dos investimentos","publisher":{"@id":"https:\/\/www.suno.com.br\/noticias\/#organization"},"potentialAction":[{"@type":"SearchAction","target":{"@type":"EntryPoint","urlTemplate":"https:\/\/www.suno.com.br\/noticias\/?s={search_term_string}"},"query-input":{"@type":"PropertyValueSpecification","valueRequired":true,"valueName":"search_term_string"}}],"inLanguage":"pt-BR"},{"@type":"Organization","@id":"https:\/\/www.suno.com.br\/noticias\/#organization","name":"Suno Not\u00edcias","url":"https:\/\/www.suno.com.br\/noticias\/","logo":{"@type":"ImageObject","inLanguage":"pt-BR","@id":"https:\/\/www.suno.com.br\/noticias\/#\/schema\/logo\/image\/","url":"https:\/\/files.sunoresearch.com.br\/n\/uploads\/2021\/09\/suno-logo.png","contentUrl":"https:\/\/files.sunoresearch.com.br\/n\/uploads\/2021\/09\/suno-logo.png","width":180,"height":180,"caption":"Suno Not\u00edcias"},"image":{"@id":"https:\/\/www.suno.com.br\/noticias\/#\/schema\/logo\/image\/"},"sameAs":["https:\/\/facebook.com\/sunoresearch","https:\/\/x.com\/sunoresearch","https:\/\/www.instagram.com\/suno","https:\/\/www.linkedin.com\/company\/suno-research\/","https:\/\/www.youtube.com\/c\/sunoresearch"]},{"@type":"Person","@id":"https:\/\/www.suno.com.br\/noticias\/#\/schema\/person\/053a750a709a263919a20f976caae91c","name":"Arthur Guimar\u00e3es","image":{"@type":"ImageObject","inLanguage":"pt-BR","@id":"https:\/\/www.suno.com.br\/noticias\/#\/schema\/person\/image\/","url":"https:\/\/secure.gravatar.com\/avatar\/1affd86a11209ae09eb6dd3bcad3e96c?s=96&r=g","contentUrl":"https:\/\/secure.gravatar.com\/avatar\/1affd86a11209ae09eb6dd3bcad3e96c?s=96&r=g","caption":"Arthur Guimar\u00e3es"},"description":"Arthur Guimar\u00e3es escreve sobre pol\u00edtica, economia e neg\u00f3cios para o portal de not\u00edcias da Suno Research. Atualmente, \u00e9 estudante de jornalismo pela Faculdade C\u00e1sper L\u00edbero.","url":"https:\/\/www.suno.com.br\/noticias\/author\/arthur-guimaraes\/"}]}},"default_loop_html":"<div class=\"cardsPage__listCard__boxs\"><div class=\"cardsPage__listCard__boxs__img\"><a href=\"https:\/\/www.suno.com.br\/noticias\/cury-define-faixa-preco-ipo-levantar-r1bi\/\"><img class=\"mask\" src=\"https:\/\/www.suno.com.br\/noticias\/wp-content\/themes\/suno\/resources\/images\/spotlight\/spotlight1img\/bg-mask.png\" alt=\"Image Mask\"\/><img src=\"https:\/\/files.sunoresearch.com.br\/n\/uploads\/2020\/09\/3d8409bc-construtora-400x200.webp\" alt=\"Cury define faixa indicativa de pre\u00e7o para IPO e pode levantar R$ 1,15 bi\"\/><\/a><span class=\"spotlightCategory\"><a href=\"https:\/\/www.suno.com.br\/noticias\/negocios\/\">Neg\u00f3cios<\/a><\/span><\/div><div class=\"cardsPage__listCard__boxs__content\"><a href=\"https:\/\/www.suno.com.br\/noticias\/cury-define-faixa-preco-ipo-levantar-r1bi\/\"><h2 class=\"content__title\">Cury define faixa indicativa de pre\u00e7o para IPO e pode levantar R$ 1,15 bi<\/h2><\/a><div class=\"newsContent__article__meta\"><div class=\"newsContent__article__meta__authorBox\"><a href=\"https:\/\/www.suno.com.br\/noticias\/author\/arthur-guimaraes\/\" class=\"authorBox__avatar noMobi\"><img src=\"https:\/\/files.sunoresearch.com.br\/n\/uploads\/2020\/02\/dfb40897-eu-150x150.webp\" alt=\"Arthur Guimar\u00e3es\"><\/a><div class=\"authorBox__name\"><span>por\n\t\t\t<a href=\"https:\/\/www.suno.com.br\/noticias\/author\/arthur-guimaraes\/\"><span itemprop=\"author\">Arthur Guimar\u00e3es<\/span><\/a><\/span><time datetime=\"2020-09-09T16:54:46-03:00\" itemprop=\"datePublished\">09\/09\/2020 16:54<\/time><\/div><\/div><\/div><\/div><\/div>","single_layout":"posts","amp_enabled":true,"_links":{"self":[{"href":"https:\/\/www.suno.com.br\/noticias\/wp-json\/wp\/v2\/posts\/83507"}],"collection":[{"href":"https:\/\/www.suno.com.br\/noticias\/wp-json\/wp\/v2\/posts"}],"about":[{"href":"https:\/\/www.suno.com.br\/noticias\/wp-json\/wp\/v2\/types\/post"}],"author":[{"embeddable":true,"href":"https:\/\/www.suno.com.br\/noticias\/wp-json\/wp\/v2\/users\/35"}],"replies":[{"embeddable":true,"href":"https:\/\/www.suno.com.br\/noticias\/wp-json\/wp\/v2\/comments?post=83507"}],"version-history":[{"count":0,"href":"https:\/\/www.suno.com.br\/noticias\/wp-json\/wp\/v2\/posts\/83507\/revisions"}],"wp:featuredmedia":[{"embeddable":true,"href":"https:\/\/www.suno.com.br\/noticias\/wp-json\/wp\/v2\/media\/82816"}],"wp:attachment":[{"href":"https:\/\/www.suno.com.br\/noticias\/wp-json\/wp\/v2\/media?parent=83507"}],"wp:term":[{"taxonomy":"category","embeddable":true,"href":"https:\/\/www.suno.com.br\/noticias\/wp-json\/wp\/v2\/categories?post=83507"},{"taxonomy":"post_tag","embeddable":true,"href":"https:\/\/www.suno.com.br\/noticias\/wp-json\/wp\/v2\/tags?post=83507"},{"taxonomy":"suno_strategy","embeddable":true,"href":"https:\/\/www.suno.com.br\/noticias\/wp-json\/wp\/v2\/suno_strategy?post=83507"}],"curies":[{"name":"wp","href":"https:\/\/api.w.org\/{rel}","templated":true}]}}