{"id":83492,"date":"2020-09-09T16:29:15","date_gmt":"2020-09-09T19:29:15","guid":{"rendered":"https:\/\/www.suno.com.br\/noticias\/?p=83492"},"modified":"2020-09-09T16:29:15","modified_gmt":"2020-09-09T19:29:15","slug":"senacon-notifica-supermercados-pelo-aumento-precos-alimentos","status":"publish","type":"post","link":"https:\/\/www.suno.com.br\/noticias\/senacon-notifica-supermercados-pelo-aumento-precos-alimentos\/","title":{"rendered":"Senacon notifica supermercados pelo aumento nos pre\u00e7os dos alimentos"},"content":{"rendered":"<p>A Secretaria Nacional do Consumidor (Senacon) notificou as principais <strong>redes de supermercados<\/strong> devido ao aumento dos <a href=\"https:\/\/www.suno.com.br\/artigos\/preco-valor\/\">pre\u00e7os<\/a> de alimentos que comp\u00f5em a cesta b\u00e1sica. O an\u00fancio foi feito nesta quarta-feira (9) ap\u00f3s o presidente Jair Bolsonaro ter anunciado que iria &#8220;ter uma conversa&#8221; com as associa\u00e7\u00f5es na semana anterior.<\/p>\t<div class=\"wrapper-featured-image\">\n\t\t<figure class=\"spotlightImg\">\n\n\t\t\t<picture>\n\t\t\t\t<source media=\"(max-width: 768px)\" srcset=\"https:\/\/files.sunoresearch.com.br\/n\/uploads\/2020\/09\/e0fa6ffe-supermercado-800x450-1-400x200.webp\">\n\t\t\t\t<img loading=\"lazy\" decoding=\"async\" class=\"newsContent__article__imgCapa lazyloadDisabled \" src=\"https:\/\/files.sunoresearch.com.br\/n\/uploads\/2020\/09\/e0fa6ffe-supermercado-800x450-1-jpg.webp\" width=\"800\" height=\"450\" alt=\"Senacon notifica supermercados pelo aumento nos pre\u00e7os dos alimentos\" fetchpriority=high \/>\n\t\t\t<\/picture>\n\n\t\t\t<figcaption class=\"wp-caption-text wp-caption-text--show\">A Senacon notificou as redes de supermercados devido ao aumento dos pre\u00e7os de alimentos da cesta b\u00e1sica.<\/figcaption>\n\t\t<\/figure>\n\t<\/div>\n\n\n<div class=\"hubspot-form-wrapper\">\n\t<div id=\"single-form-target\"><\/div>\n<\/div>\n\n<p>As redes de supermercados e empresas ligadas \u00e0 produ\u00e7\u00e3o e distribui\u00e7\u00e3o de alimentos ter\u00e3o cinco dias para listar quais produtos da cesta b\u00e1sica sofreram maior varia\u00e7\u00e3o de pre\u00e7os durante o m\u00eas de agosto e os tr\u00eas itens que tiveram o maior reajuste.<\/p>\n<p>Outro questionamento feito pela Senacon imp\u00f5e que sejam listados os tr\u00eas principais fornecedores dos produtos e\u00a0 seus pre\u00e7os m\u00e9dios praticados no \u00faltimo semestre. Todas os valores divulgados devem ser comprovados atrav\u00e9s de notas fiscais.<\/p>\n<p><a href=\"https:\/\/lp.suno.com.br\/suno-one\/\">Suno One: acesse gratuitamente eBooks, Minicursos, Artigos e Video Aulas sobre investimentos com um \u00fanico cadastro. Clique para saber mais!<\/a><\/p>\n<p>A Secretaria Nacional do Consumidor tamb\u00e9m convidou os minist\u00e9rios da Economia e da Agricultura com o intuito de discutir medidas que possam colaborar com o controle do \u201caumento exponencial nos pre\u00e7os de alimentos que comp\u00f5em a base alimentar dos brasileiros\u201d.<\/p>\n<p>Segundo Juliana Domingues, titular da Senacon \u201cN\u00e3o podemos falar em pre\u00e7os abusivos sem antes avaliar toda cadeia de produ\u00e7\u00e3o e as oscila\u00e7\u00f5es decorrentes da pandemia\u201d, justificando a realiza\u00e7\u00e3o da notifica\u00e7\u00e3o para fins de identifica\u00e7\u00e3o das causas de aumento dos pre\u00e7os dos alimentos.<\/p>\n<p>O Minist\u00e9rio da Economia deve estudar alternativas que permitam um aumento da competitividade e das ofertas aos consumidores, \u201cprivilegiando valores como a livre iniciativa e incentivo \u00e0 concorr\u00eancia\u201d, segundo a solicita\u00e7\u00e3o feita pela secretaria.<\/p>\n<p>As associa\u00e7\u00f5es de supermercados que foram notificadas s\u00e3o:<\/p>\n<ul>\n<li>Associa\u00e7\u00e3o Brasileira dos Supermercados (Abras)<\/li>\n<li>Urbano Agroindustrial<\/li>\n<li>Cooperativa Agroindustrial<\/li>\n<li>Cooperja<\/li>\n<li>Grupo Nelson Wendt<\/li>\n<li>Grupo Ceolin<\/li>\n<li>Caal<\/li>\n<li>Guacira alimentos<\/li>\n<li>Brejeiro<\/li>\n<li>S\u00e3o Jo\u00e3o Alimentos<\/li>\n<li>Cooperja \u2013 Cooperativa Agroaceleradora e Cooperativa Juriti<\/li>\n<\/ul>\n<p><a href=\"https:\/\/www.suno.com.br\/noticias\/bolsonaro-deve-conversar-associacao-supermercados-sobre-precos\/\">Saiba Mais: Bolsonaro vai conversar com associa\u00e7\u00e3o de supermercados sobre pre\u00e7os<\/a><\/p>\n<p>Dentre os distribuidores de alimentos que tamb\u00e9m receberam a notifica\u00e7\u00e3o est\u00e3o:<\/p>\n<ul>\n<li>Grupo Big<\/li>\n<li>Carrefour<\/li>\n<li>GPA (P\u00e3o de A\u00e7\u00facar)<\/li>\n<li>Cencosud<\/li>\n<li>Sonda Supermercados<\/li>\n<li>SDB Com\u00e9rcio de Alimentos<\/li>\n<li>Mart Minas Distribui\u00e7\u00e3o<\/li>\n<li>Companhia Zaffari<\/li>\n<li>DMA Distribuidora<\/li>\n<li>Savegnago Supermercados<\/li>\n<\/ul>\n<p>Caso os aumentos dos pre\u00e7os sejam considerados abusivos, a Senacon poder\u00e1 multar as redes de <strong>supermercados<\/strong> em mais de R$ 10 milh\u00f5es.<\/p>\n\t<p>\n\t\t<a href=\"https:\/\/lp.suno.com.br\/planilha-de-controle-de-investimentos\/\" target=\"_blank\" data-element=\"shortcode-suno-banner\" title=\"Banner SUNO, clique e saiba mais\">\n\t\t\t<picture>\n\t\t\t\t<source media=\"(max-width: 500px)\" srcset=\"https:\/\/files.sunoresearch.com.br\/n\/uploads\/2023\/03\/400x300-Controle-de-Investimentos.png\">\n\t\t\t\t<img class=\"newsContent__article__imgCapa newsContent__article__imgCapa--banner\"\n\t\t\t\t\tsrc=\"https:\/\/files.sunoresearch.com.br\/n\/uploads\/2023\/03\/1420x240-Controle-de-Investimentos.png\"\n\t\t\t\t\tdata-promo-id=\"75934\"\t\t\t\t\t\t\t\t\t\twidth='1420' height='240'\t\t\t\t\talt=\"https:\/\/files.sunoresearch.com.br\/n\/uploads\/2023\/03\/1420x240-Controle-de-Investimentos.png\"\n\t\t\t\t>\n\t\t\t<\/picture>\n\t\t<\/a>\n\t<\/p>\n\n\n","protected":false},"excerpt":{"rendered":"<p>A Secretaria Nacional do Consumidor (Senacon) notificou as principais redes de supermercados devido ao aumento dos pre\u00e7os de alimentos que comp\u00f5em a cesta b\u00e1sica. O an\u00fancio foi feito nesta quarta-feira (9) ap\u00f3s o presidente Jair Bolsonaro ter anunciado que iria &#8220;ter uma conversa&#8221; com as associa\u00e7\u00f5es na semana anterior. A Senacon notificou as redes de [&hellip;]<\/p>\n","protected":false},"author":56,"featured_media":83511,"comment_status":"closed","ping_status":"closed","sticky":false,"template":"","format":"standard","meta":[],"categories":[64],"tags":[26203],"suno_strategy":[],"class_list":["post-83492","post","type-post","status-publish","format-standard","has-post-thumbnail","hentry","category-negocios","tag-ministerio-da-justica"],"yoast_head":"<!-- This site is optimized with the Yoast SEO plugin v24.4 - https:\/\/yoast.com\/wordpress\/plugins\/seo\/ -->\n<title>Senacon notifica supermercados pelo aumento nos pre\u00e7os dos alimentos<\/title>\n<meta name=\"description\" content=\"A Senacon notificou as redes de supermercados devido ao aumento dos pre\u00e7os de alimentos da cesta b\u00e1sica. Clique aqui para saber mais.\" \/>\n<meta name=\"robots\" content=\"index, follow, max-snippet:-1, max-image-preview:large, max-video-preview:-1\" \/>\n<link rel=\"canonical\" href=\"https:\/\/www.suno.com.br\/noticias\/senacon-notifica-supermercados-pelo-aumento-precos-alimentos\/\" \/>\n<meta property=\"og:locale\" content=\"pt_BR\" \/>\n<meta property=\"og:type\" content=\"article\" \/>\n<meta property=\"og:title\" content=\"Senacon notifica supermercados pelo aumento nos pre\u00e7os dos alimentos\" \/>\n<meta property=\"og:description\" content=\"A Senacon notificou as redes de supermercados devido ao aumento dos pre\u00e7os de alimentos da cesta b\u00e1sica. Clique aqui para saber mais.\" \/>\n<meta property=\"og:url\" content=\"https:\/\/www.suno.com.br\/noticias\/senacon-notifica-supermercados-pelo-aumento-precos-alimentos\/\" \/>\n<meta property=\"og:site_name\" content=\"Suno Not\u00edcias\" \/>\n<meta property=\"article:publisher\" content=\"https:\/\/facebook.com\/sunoresearch\" \/>\n<meta property=\"og:image\" content=\"https:\/\/files.sunoresearch.com.br\/n\/uploads\/2020\/09\/e0fa6ffe-supermercado-800x450-1.jpg\" \/>\n\t<meta property=\"og:image:width\" content=\"800\" \/>\n\t<meta property=\"og:image:height\" content=\"450\" \/>\n\t<meta property=\"og:image:type\" content=\"image\/jpeg\" \/>\n<meta name=\"author\" content=\"Rafaela La Regina\" \/>\n<meta name=\"twitter:card\" content=\"summary_large_image\" \/>\n<meta name=\"twitter:creator\" content=\"@sunoresearch\" \/>\n<meta name=\"twitter:site\" content=\"@sunoresearch\" \/>\n<meta name=\"twitter:label1\" content=\"Escrito por\" \/>\n\t<meta name=\"twitter:data1\" content=\"Rafaela La Regina\" \/>\n\t<meta name=\"twitter:label2\" content=\"Est. tempo de leitura\" \/>\n\t<meta name=\"twitter:data2\" content=\"2 minutos\" \/>\n<script type=\"application\/ld+json\" class=\"yoast-schema-graph\">{\"@context\":\"https:\/\/schema.org\",\"@graph\":[{\"@type\":\"NewsArticle\",\"@id\":\"https:\/\/www.suno.com.br\/noticias\/senacon-notifica-supermercados-pelo-aumento-precos-alimentos\/#article\",\"isPartOf\":{\"@id\":\"https:\/\/www.suno.com.br\/noticias\/senacon-notifica-supermercados-pelo-aumento-precos-alimentos\/\"},\"author\":{\"name\":\"Rafaela La Regina\",\"@id\":\"https:\/\/www.suno.com.br\/noticias\/#\/schema\/person\/e672ca8cea627fe715fa29bca7da95e0\"},\"headline\":\"Senacon notifica supermercados pelo aumento nos pre\u00e7os dos alimentos\",\"datePublished\":\"2020-09-09T19:29:15+00:00\",\"mainEntityOfPage\":{\"@id\":\"https:\/\/www.suno.com.br\/noticias\/senacon-notifica-supermercados-pelo-aumento-precos-alimentos\/\"},\"wordCount\":436,\"publisher\":{\"@id\":\"https:\/\/www.suno.com.br\/noticias\/#organization\"},\"image\":{\"@id\":\"https:\/\/www.suno.com.br\/noticias\/senacon-notifica-supermercados-pelo-aumento-precos-alimentos\/#primaryimage\"},\"thumbnailUrl\":\"https:\/\/files.sunoresearch.com.br\/n\/uploads\/2020\/09\/e0fa6ffe-supermercado-800x450-1-jpg.webp\",\"keywords\":[\"Minist\u00e9rio da Justi\u00e7a\"],\"articleSection\":[\"Neg\u00f3cios\"],\"inLanguage\":\"pt-BR\"},{\"@type\":\"WebPage\",\"@id\":\"https:\/\/www.suno.com.br\/noticias\/senacon-notifica-supermercados-pelo-aumento-precos-alimentos\/\",\"url\":\"https:\/\/www.suno.com.br\/noticias\/senacon-notifica-supermercados-pelo-aumento-precos-alimentos\/\",\"name\":\"Senacon notifica supermercados pelo aumento nos pre\u00e7os dos alimentos\",\"isPartOf\":{\"@id\":\"https:\/\/www.suno.com.br\/noticias\/#website\"},\"primaryImageOfPage\":{\"@id\":\"https:\/\/www.suno.com.br\/noticias\/senacon-notifica-supermercados-pelo-aumento-precos-alimentos\/#primaryimage\"},\"image\":{\"@id\":\"https:\/\/www.suno.com.br\/noticias\/senacon-notifica-supermercados-pelo-aumento-precos-alimentos\/#primaryimage\"},\"thumbnailUrl\":\"https:\/\/files.sunoresearch.com.br\/n\/uploads\/2020\/09\/e0fa6ffe-supermercado-800x450-1-jpg.webp\",\"datePublished\":\"2020-09-09T19:29:15+00:00\",\"description\":\"A Senacon notificou as redes de supermercados devido ao aumento dos pre\u00e7os de alimentos da cesta b\u00e1sica. Clique aqui para saber mais.\",\"breadcrumb\":{\"@id\":\"https:\/\/www.suno.com.br\/noticias\/senacon-notifica-supermercados-pelo-aumento-precos-alimentos\/#breadcrumb\"},\"inLanguage\":\"pt-BR\",\"potentialAction\":[{\"@type\":\"ReadAction\",\"target\":[\"https:\/\/www.suno.com.br\/noticias\/senacon-notifica-supermercados-pelo-aumento-precos-alimentos\/\"]}]},{\"@type\":\"ImageObject\",\"inLanguage\":\"pt-BR\",\"@id\":\"https:\/\/www.suno.com.br\/noticias\/senacon-notifica-supermercados-pelo-aumento-precos-alimentos\/#primaryimage\",\"url\":\"https:\/\/files.sunoresearch.com.br\/n\/uploads\/2020\/09\/e0fa6ffe-supermercado-800x450-1-jpg.webp\",\"contentUrl\":\"https:\/\/files.sunoresearch.com.br\/n\/uploads\/2020\/09\/e0fa6ffe-supermercado-800x450-1-jpg.webp\",\"width\":800,\"height\":450,\"caption\":\"A Senacon notificou as redes de supermercados devido ao aumento dos pre\u00e7os de alimentos da cesta b\u00e1sica.\"},{\"@type\":\"BreadcrumbList\",\"@id\":\"https:\/\/www.suno.com.br\/noticias\/senacon-notifica-supermercados-pelo-aumento-precos-alimentos\/#breadcrumb\",\"itemListElement\":[{\"@type\":\"ListItem\",\"position\":1,\"name\":\"Not\u00edcias\",\"item\":\"https:\/\/www.suno.com.br\/noticias\/\"},{\"@type\":\"ListItem\",\"position\":2,\"name\":\"Neg\u00f3cios\",\"item\":\"https:\/\/www.suno.com.br\/noticias\/negocios\/\"},{\"@type\":\"ListItem\",\"position\":3,\"name\":\"Senacon notifica supermercados pelo aumento nos pre\u00e7os dos alimentos\"}]},{\"@type\":\"WebSite\",\"@id\":\"https:\/\/www.suno.com.br\/noticias\/#website\",\"url\":\"https:\/\/www.suno.com.br\/noticias\/\",\"name\":\"Suno Not\u00edcias\",\"description\":\"Seu portal de informa\u00e7\u00e3o sobre o mundo dos investimentos\",\"publisher\":{\"@id\":\"https:\/\/www.suno.com.br\/noticias\/#organization\"},\"potentialAction\":[{\"@type\":\"SearchAction\",\"target\":{\"@type\":\"EntryPoint\",\"urlTemplate\":\"https:\/\/www.suno.com.br\/noticias\/?s={search_term_string}\"},\"query-input\":{\"@type\":\"PropertyValueSpecification\",\"valueRequired\":true,\"valueName\":\"search_term_string\"}}],\"inLanguage\":\"pt-BR\"},{\"@type\":\"Organization\",\"@id\":\"https:\/\/www.suno.com.br\/noticias\/#organization\",\"name\":\"Suno Not\u00edcias\",\"url\":\"https:\/\/www.suno.com.br\/noticias\/\",\"logo\":{\"@type\":\"ImageObject\",\"inLanguage\":\"pt-BR\",\"@id\":\"https:\/\/www.suno.com.br\/noticias\/#\/schema\/logo\/image\/\",\"url\":\"https:\/\/files.sunoresearch.com.br\/n\/uploads\/2021\/09\/suno-logo.png\",\"contentUrl\":\"https:\/\/files.sunoresearch.com.br\/n\/uploads\/2021\/09\/suno-logo.png\",\"width\":180,\"height\":180,\"caption\":\"Suno Not\u00edcias\"},\"image\":{\"@id\":\"https:\/\/www.suno.com.br\/noticias\/#\/schema\/logo\/image\/\"},\"sameAs\":[\"https:\/\/facebook.com\/sunoresearch\",\"https:\/\/x.com\/sunoresearch\",\"https:\/\/www.instagram.com\/suno\",\"https:\/\/www.linkedin.com\/company\/suno-research\/\",\"https:\/\/www.youtube.com\/c\/sunoresearch\"]},{\"@type\":\"Person\",\"@id\":\"https:\/\/www.suno.com.br\/noticias\/#\/schema\/person\/e672ca8cea627fe715fa29bca7da95e0\",\"name\":\"Rafaela La Regina\",\"image\":{\"@type\":\"ImageObject\",\"inLanguage\":\"pt-BR\",\"@id\":\"https:\/\/www.suno.com.br\/noticias\/#\/schema\/person\/image\/\",\"url\":\"https:\/\/secure.gravatar.com\/avatar\/d2c75a52d243deb93d0465fdcb21bd37?s=96&r=g\",\"contentUrl\":\"https:\/\/secure.gravatar.com\/avatar\/d2c75a52d243deb93d0465fdcb21bd37?s=96&r=g\",\"caption\":\"Rafaela La Regina\"},\"description\":\"Estagi\u00e1ria no Suno Not\u00edcias. Escreve sobre economia, pol\u00edtica e neg\u00f3cios. Estuda Rela\u00e7\u00f5es Internacionais no IBMEC-SP.\",\"url\":\"https:\/\/www.suno.com.br\/noticias\/author\/rafaela-la-regina\/\"}]}<\/script>\n<!-- \/ Yoast SEO plugin. -->","yoast_head_json":{"title":"Senacon notifica supermercados pelo aumento nos pre\u00e7os dos alimentos","description":"A Senacon notificou as redes de supermercados devido ao aumento dos pre\u00e7os de alimentos da cesta b\u00e1sica. Clique aqui para saber mais.","robots":{"index":"index","follow":"follow","max-snippet":"max-snippet:-1","max-image-preview":"max-image-preview:large","max-video-preview":"max-video-preview:-1"},"canonical":"https:\/\/www.suno.com.br\/noticias\/senacon-notifica-supermercados-pelo-aumento-precos-alimentos\/","og_locale":"pt_BR","og_type":"article","og_title":"Senacon notifica supermercados pelo aumento nos pre\u00e7os dos alimentos","og_description":"A Senacon notificou as redes de supermercados devido ao aumento dos pre\u00e7os de alimentos da cesta b\u00e1sica. Clique aqui para saber mais.","og_url":"https:\/\/www.suno.com.br\/noticias\/senacon-notifica-supermercados-pelo-aumento-precos-alimentos\/","og_site_name":"Suno Not\u00edcias","article_publisher":"https:\/\/facebook.com\/sunoresearch","og_image":[{"width":800,"height":450,"url":"https:\/\/files.sunoresearch.com.br\/n\/uploads\/2020\/09\/e0fa6ffe-supermercado-800x450-1.jpg","type":"image\/jpeg"}],"author":"Rafaela La Regina","twitter_card":"summary_large_image","twitter_creator":"@sunoresearch","twitter_site":"@sunoresearch","twitter_misc":{"Escrito por":"Rafaela La Regina","Est. tempo de leitura":"2 minutos"},"schema":{"@context":"https:\/\/schema.org","@graph":[{"@type":"NewsArticle","@id":"https:\/\/www.suno.com.br\/noticias\/senacon-notifica-supermercados-pelo-aumento-precos-alimentos\/#article","isPartOf":{"@id":"https:\/\/www.suno.com.br\/noticias\/senacon-notifica-supermercados-pelo-aumento-precos-alimentos\/"},"author":{"name":"Rafaela La Regina","@id":"https:\/\/www.suno.com.br\/noticias\/#\/schema\/person\/e672ca8cea627fe715fa29bca7da95e0"},"headline":"Senacon notifica supermercados pelo aumento nos pre\u00e7os dos alimentos","datePublished":"2020-09-09T19:29:15+00:00","mainEntityOfPage":{"@id":"https:\/\/www.suno.com.br\/noticias\/senacon-notifica-supermercados-pelo-aumento-precos-alimentos\/"},"wordCount":436,"publisher":{"@id":"https:\/\/www.suno.com.br\/noticias\/#organization"},"image":{"@id":"https:\/\/www.suno.com.br\/noticias\/senacon-notifica-supermercados-pelo-aumento-precos-alimentos\/#primaryimage"},"thumbnailUrl":"https:\/\/files.sunoresearch.com.br\/n\/uploads\/2020\/09\/e0fa6ffe-supermercado-800x450-1-jpg.webp","keywords":["Minist\u00e9rio da Justi\u00e7a"],"articleSection":["Neg\u00f3cios"],"inLanguage":"pt-BR"},{"@type":"WebPage","@id":"https:\/\/www.suno.com.br\/noticias\/senacon-notifica-supermercados-pelo-aumento-precos-alimentos\/","url":"https:\/\/www.suno.com.br\/noticias\/senacon-notifica-supermercados-pelo-aumento-precos-alimentos\/","name":"Senacon notifica supermercados pelo aumento nos pre\u00e7os dos alimentos","isPartOf":{"@id":"https:\/\/www.suno.com.br\/noticias\/#website"},"primaryImageOfPage":{"@id":"https:\/\/www.suno.com.br\/noticias\/senacon-notifica-supermercados-pelo-aumento-precos-alimentos\/#primaryimage"},"image":{"@id":"https:\/\/www.suno.com.br\/noticias\/senacon-notifica-supermercados-pelo-aumento-precos-alimentos\/#primaryimage"},"thumbnailUrl":"https:\/\/files.sunoresearch.com.br\/n\/uploads\/2020\/09\/e0fa6ffe-supermercado-800x450-1-jpg.webp","datePublished":"2020-09-09T19:29:15+00:00","description":"A Senacon notificou as redes de supermercados devido ao aumento dos pre\u00e7os de alimentos da cesta b\u00e1sica. Clique aqui para saber mais.","breadcrumb":{"@id":"https:\/\/www.suno.com.br\/noticias\/senacon-notifica-supermercados-pelo-aumento-precos-alimentos\/#breadcrumb"},"inLanguage":"pt-BR","potentialAction":[{"@type":"ReadAction","target":["https:\/\/www.suno.com.br\/noticias\/senacon-notifica-supermercados-pelo-aumento-precos-alimentos\/"]}]},{"@type":"ImageObject","inLanguage":"pt-BR","@id":"https:\/\/www.suno.com.br\/noticias\/senacon-notifica-supermercados-pelo-aumento-precos-alimentos\/#primaryimage","url":"https:\/\/files.sunoresearch.com.br\/n\/uploads\/2020\/09\/e0fa6ffe-supermercado-800x450-1-jpg.webp","contentUrl":"https:\/\/files.sunoresearch.com.br\/n\/uploads\/2020\/09\/e0fa6ffe-supermercado-800x450-1-jpg.webp","width":800,"height":450,"caption":"A Senacon notificou as redes de supermercados devido ao aumento dos pre\u00e7os de alimentos da cesta b\u00e1sica."},{"@type":"BreadcrumbList","@id":"https:\/\/www.suno.com.br\/noticias\/senacon-notifica-supermercados-pelo-aumento-precos-alimentos\/#breadcrumb","itemListElement":[{"@type":"ListItem","position":1,"name":"Not\u00edcias","item":"https:\/\/www.suno.com.br\/noticias\/"},{"@type":"ListItem","position":2,"name":"Neg\u00f3cios","item":"https:\/\/www.suno.com.br\/noticias\/negocios\/"},{"@type":"ListItem","position":3,"name":"Senacon notifica supermercados pelo aumento nos pre\u00e7os dos alimentos"}]},{"@type":"WebSite","@id":"https:\/\/www.suno.com.br\/noticias\/#website","url":"https:\/\/www.suno.com.br\/noticias\/","name":"Suno Not\u00edcias","description":"Seu portal de informa\u00e7\u00e3o sobre o mundo dos investimentos","publisher":{"@id":"https:\/\/www.suno.com.br\/noticias\/#organization"},"potentialAction":[{"@type":"SearchAction","target":{"@type":"EntryPoint","urlTemplate":"https:\/\/www.suno.com.br\/noticias\/?s={search_term_string}"},"query-input":{"@type":"PropertyValueSpecification","valueRequired":true,"valueName":"search_term_string"}}],"inLanguage":"pt-BR"},{"@type":"Organization","@id":"https:\/\/www.suno.com.br\/noticias\/#organization","name":"Suno Not\u00edcias","url":"https:\/\/www.suno.com.br\/noticias\/","logo":{"@type":"ImageObject","inLanguage":"pt-BR","@id":"https:\/\/www.suno.com.br\/noticias\/#\/schema\/logo\/image\/","url":"https:\/\/files.sunoresearch.com.br\/n\/uploads\/2021\/09\/suno-logo.png","contentUrl":"https:\/\/files.sunoresearch.com.br\/n\/uploads\/2021\/09\/suno-logo.png","width":180,"height":180,"caption":"Suno Not\u00edcias"},"image":{"@id":"https:\/\/www.suno.com.br\/noticias\/#\/schema\/logo\/image\/"},"sameAs":["https:\/\/facebook.com\/sunoresearch","https:\/\/x.com\/sunoresearch","https:\/\/www.instagram.com\/suno","https:\/\/www.linkedin.com\/company\/suno-research\/","https:\/\/www.youtube.com\/c\/sunoresearch"]},{"@type":"Person","@id":"https:\/\/www.suno.com.br\/noticias\/#\/schema\/person\/e672ca8cea627fe715fa29bca7da95e0","name":"Rafaela La Regina","image":{"@type":"ImageObject","inLanguage":"pt-BR","@id":"https:\/\/www.suno.com.br\/noticias\/#\/schema\/person\/image\/","url":"https:\/\/secure.gravatar.com\/avatar\/d2c75a52d243deb93d0465fdcb21bd37?s=96&r=g","contentUrl":"https:\/\/secure.gravatar.com\/avatar\/d2c75a52d243deb93d0465fdcb21bd37?s=96&r=g","caption":"Rafaela La Regina"},"description":"Estagi\u00e1ria no Suno Not\u00edcias. Escreve sobre economia, pol\u00edtica e neg\u00f3cios. Estuda Rela\u00e7\u00f5es Internacionais no IBMEC-SP.","url":"https:\/\/www.suno.com.br\/noticias\/author\/rafaela-la-regina\/"}]}},"default_loop_html":"<div class=\"cardsPage__listCard__boxs\"><div class=\"cardsPage__listCard__boxs__img\"><a href=\"https:\/\/www.suno.com.br\/noticias\/senacon-notifica-supermercados-pelo-aumento-precos-alimentos\/\"><img class=\"mask\" src=\"https:\/\/www.suno.com.br\/noticias\/wp-content\/themes\/suno\/resources\/images\/spotlight\/spotlight1img\/bg-mask.png\" alt=\"Image Mask\"\/><img src=\"https:\/\/files.sunoresearch.com.br\/n\/uploads\/2020\/09\/e0fa6ffe-supermercado-800x450-1-400x200.webp\" alt=\"Senacon notifica supermercados pelo aumento nos pre\u00e7os dos alimentos\"\/><\/a><span class=\"spotlightCategory\"><a href=\"https:\/\/www.suno.com.br\/noticias\/negocios\/\">Neg\u00f3cios<\/a><\/span><\/div><div class=\"cardsPage__listCard__boxs__content\"><a href=\"https:\/\/www.suno.com.br\/noticias\/senacon-notifica-supermercados-pelo-aumento-precos-alimentos\/\"><h2 class=\"content__title\">Senacon notifica supermercados pelo aumento nos pre\u00e7os dos alimentos<\/h2><\/a><div class=\"newsContent__article__meta\"><div class=\"newsContent__article__meta__authorBox\"><a href=\"https:\/\/www.suno.com.br\/noticias\/author\/rafaela-la-regina\/\" class=\"authorBox__avatar noMobi\"><img src=\"https:\/\/secure.gravatar.com\/avatar\/d2c75a52d243deb93d0465fdcb21bd37?s=96&#038;r=g\" alt=\"Rafaela La Regina\"><\/a><div class=\"authorBox__name\"><span>por\n\t\t\t<a href=\"https:\/\/www.suno.com.br\/noticias\/author\/rafaela-la-regina\/\"><span itemprop=\"author\">Rafaela La Regina<\/span><\/a><\/span><time datetime=\"2020-09-09T16:29:15-03:00\" itemprop=\"datePublished\">09\/09\/2020 16:29<\/time><\/div><\/div><\/div><\/div><\/div>","single_layout":"posts","amp_enabled":true,"_links":{"self":[{"href":"https:\/\/www.suno.com.br\/noticias\/wp-json\/wp\/v2\/posts\/83492"}],"collection":[{"href":"https:\/\/www.suno.com.br\/noticias\/wp-json\/wp\/v2\/posts"}],"about":[{"href":"https:\/\/www.suno.com.br\/noticias\/wp-json\/wp\/v2\/types\/post"}],"author":[{"embeddable":true,"href":"https:\/\/www.suno.com.br\/noticias\/wp-json\/wp\/v2\/users\/56"}],"replies":[{"embeddable":true,"href":"https:\/\/www.suno.com.br\/noticias\/wp-json\/wp\/v2\/comments?post=83492"}],"version-history":[{"count":0,"href":"https:\/\/www.suno.com.br\/noticias\/wp-json\/wp\/v2\/posts\/83492\/revisions"}],"wp:featuredmedia":[{"embeddable":true,"href":"https:\/\/www.suno.com.br\/noticias\/wp-json\/wp\/v2\/media\/83511"}],"wp:attachment":[{"href":"https:\/\/www.suno.com.br\/noticias\/wp-json\/wp\/v2\/media?parent=83492"}],"wp:term":[{"taxonomy":"category","embeddable":true,"href":"https:\/\/www.suno.com.br\/noticias\/wp-json\/wp\/v2\/categories?post=83492"},{"taxonomy":"post_tag","embeddable":true,"href":"https:\/\/www.suno.com.br\/noticias\/wp-json\/wp\/v2\/tags?post=83492"},{"taxonomy":"suno_strategy","embeddable":true,"href":"https:\/\/www.suno.com.br\/noticias\/wp-json\/wp\/v2\/suno_strategy?post=83492"}],"curies":[{"name":"wp","href":"https:\/\/api.w.org\/{rel}","templated":true}]}}