{"id":83442,"date":"2020-09-09T13:14:02","date_gmt":"2020-09-09T16:14:02","guid":{"rendered":"https:\/\/www.suno.com.br\/noticias\/?p=83442"},"modified":"2020-09-09T13:14:02","modified_gmt":"2020-09-09T16:14:02","slug":"astrazeneca-retomar-testes-vacina-proxima-semana","status":"publish","type":"post","link":"https:\/\/www.suno.com.br\/noticias\/astrazeneca-retomar-testes-vacina-proxima-semana\/","title":{"rendered":"AstraZeneca pode retomar testes de vacina na pr\u00f3xima semana, diz jornal"},"content":{"rendered":"<p>Os testes da <strong>vacina<\/strong> contra <a href=\"https:\/\/www.suno.com.br\/noticias\/?s=coronavirus\">novo coronav\u00edrus (Covid-19)<\/a>, que foram suspensos pela farmac\u00eautica AstraZeneca (<a href=\"https:\/\/www.suno.com.br\/artigos\/nyse\/\">NYSE<\/a>: AZN) e pela Universidade de Oxford na \u00faltima ter\u00e7a-feira (8), podem ser retomados na pr\u00f3xima semana. Segundo informa\u00e7\u00f5es do jornal brit\u00e2nico &#8220;Financial Times&#8221;, o grupo envolvido nos ensaios cl\u00ednicos est\u00e1 acelerando a revis\u00e3o sobre o que pode ter causado a rea\u00e7\u00e3o adversa em um dos testes.<\/p>\t<div class=\"wrapper-featured-image\">\n\t\t<figure class=\"spotlightImg\">\n\n\t\t\t<picture>\n\t\t\t\t<source media=\"(max-width: 768px)\" srcset=\"https:\/\/files.sunoresearch.com.br\/n\/uploads\/2020\/08\/b1f185e0-astrazeneca-1140x815-1-400x200.webp\">\n\t\t\t\t<img loading=\"lazy\" decoding=\"async\" class=\"newsContent__article__imgCapa lazyloadDisabled \" src=\"https:\/\/files.sunoresearch.com.br\/n\/uploads\/2020\/08\/b1f185e0-astrazeneca-1140x815-1-800x450.webp\" width=\"800\" height=\"450\" alt=\"AstraZeneca pode retomar testes de vacina na pr\u00f3xima semana, diz jornal\" fetchpriority=high \/>\n\t\t\t<\/picture>\n\n\t\t\t<figcaption class=\"wp-caption-text wp-caption-text--show\">Os testes da vacina contra o coronav\u00edrus, que foram suspensos pela farmac\u00eautica AstraZeneca, podem ser retomados na pr\u00f3xima semana. <\/figcaption>\n\t\t<\/figure>\n\t<\/div>\n\n\n<div class=\"hubspot-form-wrapper\">\n\t<div id=\"single-form-target\"><\/div>\n<\/div>\n\n<p>A <strong>AstraZeneca<\/strong> teria suspendido voluntariamente os testes da vacina ap\u00f3s um dos volunt\u00e1rios da \u00faltima fase do programa ter adoecido com uma rara doen\u00e7a inflamat\u00f3ria chamada<strong> mielite transversa<\/strong>. De acordo com o jornal, o presidente-executivo da farmac\u00eautica descreveu a suspens\u00e3o dos testes como uma &#8220;pausa tempor\u00e1ria&#8221; enquanto as investiga\u00e7\u00f5es correm.<\/p>\n<p>Em comunicado, a <strong>farmac\u00eautica<\/strong> descreveu a pausa como \u201ca\u00e7\u00e3o de rotina que deve acontecer sempre que houver uma doen\u00e7a potencialmente inexplicada em um dos ensaios\u201d. \u201cEm grandes ensaios, as doen\u00e7as acontecem por acaso, mas devem ser revistas de forma independente para verificar isso cuidadosamente&#8221;, completou a AstraZeneca.<\/p>\n<p><a href=\"https:\/\/lp.suno.com.br\/suno-one\/\">Suno One: acesse gratuitamente eBooks, Minicursos, Artigos e Video Aulas sobre investimentos com um \u00fanico cadastro. Clique para saber mais!<\/a><\/p>\n<p>A empresa salienta que \u00e9 comum que testes de vacinas sejam interrompidos. Inclusive, os trabalhos da parceria AstraZeneca-Oxford j\u00e1 haviam sido interrompidos anteriormente, e a empresa &#8220;espera mais pausas antes de terminar&#8221;, segundo o &#8220;Financial Times&#8221;.<\/p>\n<p>A companhia, junto \u00e0 universidade inglesa, caminhava para ser a primeira empresa a regitrar uma vacina oficial que combata a doen\u00e7a &#8212; desconsiderando <a href=\"https:\/\/www.suno.com.br\/noticias\/russia-registra-primeira-vacina-coronavirus\/\">a vacina que j\u00e1 est\u00e1 sendo produzida pelo governo da R\u00fassia<\/a>. Segundo o jornal, a Casa Branca, que tem uma acordo firmado com a AstraZeneca para a produ\u00e7\u00e3o do medicamento, teria acelerado a produ\u00e7\u00e3o da vacina, com o intuito de iniciar a aplica\u00e7\u00e3o na popula\u00e7\u00e3o antes das elei\u00e7\u00f5es presidenciais de novembro, quando o presidente estadunidense <a href=\"https:\/\/www.suno.com.br\/tudo-sobre\/donald-trump\/\">Donald Trump<\/a> tentar\u00e1 se reeleger.<\/p>\n<h2>Politiza\u00e7\u00e3o da vacina<\/h2>\n<p>Por mais que a vacina da AstraZeneca possa vir a ser aprovada, preocupa\u00e7\u00f5es com os efeitos colaterais podem impedir as pessoas de serem vacinadas &#8212; embora o sinal dos efeitos colaterais potencialmente negativos estavam chamando aten\u00e7\u00e3o dos envolvidos.<\/p>\n<p>Especialistas pr\u00f3ximos do processo da constru\u00e7\u00e3o da vacina que combata a pandemia tamb\u00e9m disseram ao jornal que est\u00e3o preocupados com a poss\u00edvel politiza\u00e7\u00e3o da aprova\u00e7\u00e3o da vacina. <strong>Joe Biden<\/strong>, candidato \u00e0 presid\u00eancia dos Estados Unidos do Partido Democrata, e Kamala Harris, sua candidata a vice-presidente, pediram ao governo de Trump que garanta que &#8220;a pol\u00edtica n\u00e3o ter\u00e1 nenhum papel na aprova\u00e7\u00e3o e distribui\u00e7\u00e3o de uma vacina segura e eficaz de Covid-19&#8221; .<\/p>\n\t<div data-element=\"shortcode-read-more\" class=\"knowMore\">\n\t\t\t\t<span class=\"knowMore__title\">Veja tamb\u00e9m<\/span>\n\t\t\t\t<a class=\"knowMore__link\" href=\"https:\/\/www.suno.com.br\/noticias\/trump-quer-vacina-antes-eleicoes\/\">\n\t\t\tTrump quer anunciar vacina antes das elei\u00e7\u00f5es, diz jornal\t\t<\/a>\n\t<\/div>\n\n\n<p>A jun\u00e7\u00e3o de AstraZeneca e <strong>Oxford<\/strong> na corrida pela vacina, criada em abril deste ano, <a href=\"https:\/\/www.suno.com.br\/noticias\/coronavirus-eua-investirao-densenvolvimento-vacina\/\">recebeu o aporte em financiamento de mais de US$ 1 bilh\u00e3o<\/a> da Autoridade de Pesquisa e Desenvolvimento Biom\u00e9dico Avan\u00e7ado dos Estados Unidos, garantindo mais de 300 milh\u00f5es de doses ao governo estadunidense.<\/p>\n<p>Embora exista o temor sobre a politiza\u00e7\u00e3o da <strong>vacina<\/strong>, sobretudo em um momento sens\u00edvel \u00e0 pol\u00edtica norte-americana, farmac\u00eauticas junto \u00e0 Food and Drug Administration (FDA), \u00f3rg\u00e3o regulador dos Estados Unidos, insistem que a aprova\u00e7\u00e3o de um medicamento somente ser\u00e1 dado com base em evid\u00eancias cient\u00edficas s\u00f3lidas.<\/p>\n\t<p>\n\t\t<a href=\"https:\/\/lp.suno.com.br\/planilha-de-controle-de-investimentos\/\" target=\"_blank\" data-element=\"shortcode-suno-banner\" title=\"Banner SUNO, clique e saiba mais\">\n\t\t\t<picture>\n\t\t\t\t<source media=\"(max-width: 500px)\" srcset=\"https:\/\/files.sunoresearch.com.br\/n\/uploads\/2023\/03\/400x300-Controle-de-Investimentos.png\">\n\t\t\t\t<img class=\"newsContent__article__imgCapa newsContent__article__imgCapa--banner\"\n\t\t\t\t\tsrc=\"https:\/\/files.sunoresearch.com.br\/n\/uploads\/2023\/03\/1420x240-Controle-de-Investimentos.png\"\n\t\t\t\t\tdata-promo-id=\"75934\"\t\t\t\t\t\t\t\t\t\twidth='1420' height='240'\t\t\t\t\talt=\"https:\/\/files.sunoresearch.com.br\/n\/uploads\/2023\/03\/1420x240-Controle-de-Investimentos.png\"\n\t\t\t\t>\n\t\t\t<\/picture>\n\t\t<\/a>\n\t<\/p>\n\n\n","protected":false},"excerpt":{"rendered":"<p>Os testes da vacina contra novo coronav\u00edrus (Covid-19), que foram suspensos pela farmac\u00eautica AstraZeneca (NYSE: AZN) e pela Universidade de Oxford na \u00faltima ter\u00e7a-feira (8), podem ser retomados na pr\u00f3xima semana. Segundo informa\u00e7\u00f5es do jornal brit\u00e2nico &#8220;Financial Times&#8221;, o grupo envolvido nos ensaios cl\u00ednicos est\u00e1 acelerando a revis\u00e3o sobre o que pode ter causado a [&hellip;]<\/p>\n","protected":false},"author":24,"featured_media":76756,"comment_status":"closed","ping_status":"closed","sticky":false,"template":"","format":"standard","meta":[],"categories":[63],"tags":[51185,2487,104495,25002],"suno_strategy":[],"class_list":["post-83442","post","type-post","status-publish","format-standard","has-post-thumbnail","hentry","category-internacional","tag-astrazeneca","tag-coronavirus","tag-universidade-de-oxford","tag-vacina"],"yoast_head":"<!-- This site is optimized with the Yoast SEO plugin v24.4 - https:\/\/yoast.com\/wordpress\/plugins\/seo\/ -->\n<title>AstraZeneca pode retomar testes de vacina na pr\u00f3xima semana, diz jornal<\/title>\n<meta name=\"description\" content=\"Os testes da vacina contra coronav\u00edrus, que foram suspensos pela farmac\u00eautica AstraZeneca, podem ser retomados na pr\u00f3xima semana. Saiba mais.\" \/>\n<meta name=\"robots\" content=\"index, follow, max-snippet:-1, max-image-preview:large, max-video-preview:-1\" \/>\n<link rel=\"canonical\" href=\"https:\/\/www.suno.com.br\/noticias\/astrazeneca-retomar-testes-vacina-proxima-semana\/\" \/>\n<meta property=\"og:locale\" content=\"pt_BR\" \/>\n<meta property=\"og:type\" content=\"article\" \/>\n<meta property=\"og:title\" content=\"AstraZeneca pode retomar testes de vacina na pr\u00f3xima semana, diz jornal\" \/>\n<meta property=\"og:description\" content=\"Os testes da vacina contra coronav\u00edrus, que foram suspensos pela farmac\u00eautica AstraZeneca, podem ser retomados na pr\u00f3xima semana. Saiba mais.\" \/>\n<meta property=\"og:url\" content=\"https:\/\/www.suno.com.br\/noticias\/astrazeneca-retomar-testes-vacina-proxima-semana\/\" \/>\n<meta property=\"og:site_name\" content=\"Suno Not\u00edcias\" \/>\n<meta property=\"article:publisher\" content=\"https:\/\/facebook.com\/sunoresearch\" \/>\n<meta property=\"og:image\" content=\"https:\/\/files.sunoresearch.com.br\/n\/uploads\/2020\/08\/b1f185e0-astrazeneca-1140x815-1.jpg\" \/>\n\t<meta property=\"og:image:width\" content=\"1140\" \/>\n\t<meta property=\"og:image:height\" content=\"815\" \/>\n\t<meta property=\"og:image:type\" content=\"image\/jpeg\" \/>\n<meta name=\"author\" content=\"Jader Lazarini\" \/>\n<meta name=\"twitter:card\" content=\"summary_large_image\" \/>\n<meta name=\"twitter:creator\" content=\"@sunoresearch\" \/>\n<meta name=\"twitter:site\" content=\"@sunoresearch\" \/>\n<meta name=\"twitter:label1\" content=\"Escrito por\" \/>\n\t<meta name=\"twitter:data1\" content=\"Jader Lazarini\" \/>\n\t<meta name=\"twitter:label2\" content=\"Est. tempo de leitura\" \/>\n\t<meta name=\"twitter:data2\" content=\"3 minutos\" \/>\n<script type=\"application\/ld+json\" class=\"yoast-schema-graph\">{\"@context\":\"https:\/\/schema.org\",\"@graph\":[{\"@type\":\"NewsArticle\",\"@id\":\"https:\/\/www.suno.com.br\/noticias\/astrazeneca-retomar-testes-vacina-proxima-semana\/#article\",\"isPartOf\":{\"@id\":\"https:\/\/www.suno.com.br\/noticias\/astrazeneca-retomar-testes-vacina-proxima-semana\/\"},\"author\":{\"name\":\"Jader Lazarini\",\"@id\":\"https:\/\/www.suno.com.br\/noticias\/#\/schema\/person\/918d79de1f0281f01599b93f9ea6e23f\"},\"headline\":\"AstraZeneca pode retomar testes de vacina na pr\u00f3xima semana, diz jornal\",\"datePublished\":\"2020-09-09T16:14:02+00:00\",\"mainEntityOfPage\":{\"@id\":\"https:\/\/www.suno.com.br\/noticias\/astrazeneca-retomar-testes-vacina-proxima-semana\/\"},\"wordCount\":587,\"publisher\":{\"@id\":\"https:\/\/www.suno.com.br\/noticias\/#organization\"},\"image\":{\"@id\":\"https:\/\/www.suno.com.br\/noticias\/astrazeneca-retomar-testes-vacina-proxima-semana\/#primaryimage\"},\"thumbnailUrl\":\"https:\/\/files.sunoresearch.com.br\/n\/uploads\/2020\/08\/b1f185e0-astrazeneca-1140x815-1-jpg.webp\",\"keywords\":[\"AstraZeneca\",\"coronav\u00edrus\",\"Universidade de Oxford\",\"vacina\"],\"articleSection\":[\"Internacional\"],\"inLanguage\":\"pt-BR\"},{\"@type\":\"WebPage\",\"@id\":\"https:\/\/www.suno.com.br\/noticias\/astrazeneca-retomar-testes-vacina-proxima-semana\/\",\"url\":\"https:\/\/www.suno.com.br\/noticias\/astrazeneca-retomar-testes-vacina-proxima-semana\/\",\"name\":\"AstraZeneca pode retomar testes de vacina na pr\u00f3xima semana, diz jornal\",\"isPartOf\":{\"@id\":\"https:\/\/www.suno.com.br\/noticias\/#website\"},\"primaryImageOfPage\":{\"@id\":\"https:\/\/www.suno.com.br\/noticias\/astrazeneca-retomar-testes-vacina-proxima-semana\/#primaryimage\"},\"image\":{\"@id\":\"https:\/\/www.suno.com.br\/noticias\/astrazeneca-retomar-testes-vacina-proxima-semana\/#primaryimage\"},\"thumbnailUrl\":\"https:\/\/files.sunoresearch.com.br\/n\/uploads\/2020\/08\/b1f185e0-astrazeneca-1140x815-1-jpg.webp\",\"datePublished\":\"2020-09-09T16:14:02+00:00\",\"description\":\"Os testes da vacina contra coronav\u00edrus, que foram suspensos pela farmac\u00eautica AstraZeneca, podem ser retomados na pr\u00f3xima semana. Saiba mais.\",\"breadcrumb\":{\"@id\":\"https:\/\/www.suno.com.br\/noticias\/astrazeneca-retomar-testes-vacina-proxima-semana\/#breadcrumb\"},\"inLanguage\":\"pt-BR\",\"potentialAction\":[{\"@type\":\"ReadAction\",\"target\":[\"https:\/\/www.suno.com.br\/noticias\/astrazeneca-retomar-testes-vacina-proxima-semana\/\"]}]},{\"@type\":\"ImageObject\",\"inLanguage\":\"pt-BR\",\"@id\":\"https:\/\/www.suno.com.br\/noticias\/astrazeneca-retomar-testes-vacina-proxima-semana\/#primaryimage\",\"url\":\"https:\/\/files.sunoresearch.com.br\/n\/uploads\/2020\/08\/b1f185e0-astrazeneca-1140x815-1-jpg.webp\",\"contentUrl\":\"https:\/\/files.sunoresearch.com.br\/n\/uploads\/2020\/08\/b1f185e0-astrazeneca-1140x815-1-jpg.webp\",\"width\":1140,\"height\":815,\"caption\":\"Os testes da vacina contra o coronav\u00edrus, que foram suspensos pela farmac\u00eautica AstraZeneca, podem ser retomados na pr\u00f3xima semana.\"},{\"@type\":\"BreadcrumbList\",\"@id\":\"https:\/\/www.suno.com.br\/noticias\/astrazeneca-retomar-testes-vacina-proxima-semana\/#breadcrumb\",\"itemListElement\":[{\"@type\":\"ListItem\",\"position\":1,\"name\":\"Not\u00edcias\",\"item\":\"https:\/\/www.suno.com.br\/noticias\/\"},{\"@type\":\"ListItem\",\"position\":2,\"name\":\"Internacional\",\"item\":\"https:\/\/www.suno.com.br\/noticias\/internacional\/\"},{\"@type\":\"ListItem\",\"position\":3,\"name\":\"AstraZeneca pode retomar testes de vacina na pr\u00f3xima semana, diz jornal\"}]},{\"@type\":\"WebSite\",\"@id\":\"https:\/\/www.suno.com.br\/noticias\/#website\",\"url\":\"https:\/\/www.suno.com.br\/noticias\/\",\"name\":\"Suno Not\u00edcias\",\"description\":\"Seu portal de informa\u00e7\u00e3o sobre o mundo dos investimentos\",\"publisher\":{\"@id\":\"https:\/\/www.suno.com.br\/noticias\/#organization\"},\"potentialAction\":[{\"@type\":\"SearchAction\",\"target\":{\"@type\":\"EntryPoint\",\"urlTemplate\":\"https:\/\/www.suno.com.br\/noticias\/?s={search_term_string}\"},\"query-input\":{\"@type\":\"PropertyValueSpecification\",\"valueRequired\":true,\"valueName\":\"search_term_string\"}}],\"inLanguage\":\"pt-BR\"},{\"@type\":\"Organization\",\"@id\":\"https:\/\/www.suno.com.br\/noticias\/#organization\",\"name\":\"Suno Not\u00edcias\",\"url\":\"https:\/\/www.suno.com.br\/noticias\/\",\"logo\":{\"@type\":\"ImageObject\",\"inLanguage\":\"pt-BR\",\"@id\":\"https:\/\/www.suno.com.br\/noticias\/#\/schema\/logo\/image\/\",\"url\":\"https:\/\/files.sunoresearch.com.br\/n\/uploads\/2021\/09\/suno-logo.png\",\"contentUrl\":\"https:\/\/files.sunoresearch.com.br\/n\/uploads\/2021\/09\/suno-logo.png\",\"width\":180,\"height\":180,\"caption\":\"Suno Not\u00edcias\"},\"image\":{\"@id\":\"https:\/\/www.suno.com.br\/noticias\/#\/schema\/logo\/image\/\"},\"sameAs\":[\"https:\/\/facebook.com\/sunoresearch\",\"https:\/\/x.com\/sunoresearch\",\"https:\/\/www.instagram.com\/suno\",\"https:\/\/www.linkedin.com\/company\/suno-research\/\",\"https:\/\/www.youtube.com\/c\/sunoresearch\"]},{\"@type\":\"Person\",\"@id\":\"https:\/\/www.suno.com.br\/noticias\/#\/schema\/person\/918d79de1f0281f01599b93f9ea6e23f\",\"name\":\"Jader Lazarini\",\"image\":{\"@type\":\"ImageObject\",\"inLanguage\":\"pt-BR\",\"@id\":\"https:\/\/www.suno.com.br\/noticias\/#\/schema\/person\/image\/\",\"url\":\"https:\/\/secure.gravatar.com\/avatar\/3c1ad8caa51589841baeb923fcddea97?s=96&r=g\",\"contentUrl\":\"https:\/\/secure.gravatar.com\/avatar\/3c1ad8caa51589841baeb923fcddea97?s=96&r=g\",\"caption\":\"Jader Lazarini\"},\"description\":\"Jader Lazarini escreve sobre investimentos, finan\u00e7as, economia e neg\u00f3cios. \u00c9 bacharel em Rela\u00e7\u00f5es Internacionais e analista CNPI (2619).\",\"url\":\"https:\/\/www.suno.com.br\/noticias\/author\/jader-lazarini\/\"}]}<\/script>\n<!-- \/ Yoast SEO plugin. -->","yoast_head_json":{"title":"AstraZeneca pode retomar testes de vacina na pr\u00f3xima semana, diz jornal","description":"Os testes da vacina contra coronav\u00edrus, que foram suspensos pela farmac\u00eautica AstraZeneca, podem ser retomados na pr\u00f3xima semana. Saiba mais.","robots":{"index":"index","follow":"follow","max-snippet":"max-snippet:-1","max-image-preview":"max-image-preview:large","max-video-preview":"max-video-preview:-1"},"canonical":"https:\/\/www.suno.com.br\/noticias\/astrazeneca-retomar-testes-vacina-proxima-semana\/","og_locale":"pt_BR","og_type":"article","og_title":"AstraZeneca pode retomar testes de vacina na pr\u00f3xima semana, diz jornal","og_description":"Os testes da vacina contra coronav\u00edrus, que foram suspensos pela farmac\u00eautica AstraZeneca, podem ser retomados na pr\u00f3xima semana. Saiba mais.","og_url":"https:\/\/www.suno.com.br\/noticias\/astrazeneca-retomar-testes-vacina-proxima-semana\/","og_site_name":"Suno Not\u00edcias","article_publisher":"https:\/\/facebook.com\/sunoresearch","og_image":[{"width":1140,"height":815,"url":"https:\/\/files.sunoresearch.com.br\/n\/uploads\/2020\/08\/b1f185e0-astrazeneca-1140x815-1.jpg","type":"image\/jpeg"}],"author":"Jader Lazarini","twitter_card":"summary_large_image","twitter_creator":"@sunoresearch","twitter_site":"@sunoresearch","twitter_misc":{"Escrito por":"Jader Lazarini","Est. tempo de leitura":"3 minutos"},"schema":{"@context":"https:\/\/schema.org","@graph":[{"@type":"NewsArticle","@id":"https:\/\/www.suno.com.br\/noticias\/astrazeneca-retomar-testes-vacina-proxima-semana\/#article","isPartOf":{"@id":"https:\/\/www.suno.com.br\/noticias\/astrazeneca-retomar-testes-vacina-proxima-semana\/"},"author":{"name":"Jader Lazarini","@id":"https:\/\/www.suno.com.br\/noticias\/#\/schema\/person\/918d79de1f0281f01599b93f9ea6e23f"},"headline":"AstraZeneca pode retomar testes de vacina na pr\u00f3xima semana, diz jornal","datePublished":"2020-09-09T16:14:02+00:00","mainEntityOfPage":{"@id":"https:\/\/www.suno.com.br\/noticias\/astrazeneca-retomar-testes-vacina-proxima-semana\/"},"wordCount":587,"publisher":{"@id":"https:\/\/www.suno.com.br\/noticias\/#organization"},"image":{"@id":"https:\/\/www.suno.com.br\/noticias\/astrazeneca-retomar-testes-vacina-proxima-semana\/#primaryimage"},"thumbnailUrl":"https:\/\/files.sunoresearch.com.br\/n\/uploads\/2020\/08\/b1f185e0-astrazeneca-1140x815-1-jpg.webp","keywords":["AstraZeneca","coronav\u00edrus","Universidade de Oxford","vacina"],"articleSection":["Internacional"],"inLanguage":"pt-BR"},{"@type":"WebPage","@id":"https:\/\/www.suno.com.br\/noticias\/astrazeneca-retomar-testes-vacina-proxima-semana\/","url":"https:\/\/www.suno.com.br\/noticias\/astrazeneca-retomar-testes-vacina-proxima-semana\/","name":"AstraZeneca pode retomar testes de vacina na pr\u00f3xima semana, diz jornal","isPartOf":{"@id":"https:\/\/www.suno.com.br\/noticias\/#website"},"primaryImageOfPage":{"@id":"https:\/\/www.suno.com.br\/noticias\/astrazeneca-retomar-testes-vacina-proxima-semana\/#primaryimage"},"image":{"@id":"https:\/\/www.suno.com.br\/noticias\/astrazeneca-retomar-testes-vacina-proxima-semana\/#primaryimage"},"thumbnailUrl":"https:\/\/files.sunoresearch.com.br\/n\/uploads\/2020\/08\/b1f185e0-astrazeneca-1140x815-1-jpg.webp","datePublished":"2020-09-09T16:14:02+00:00","description":"Os testes da vacina contra coronav\u00edrus, que foram suspensos pela farmac\u00eautica AstraZeneca, podem ser retomados na pr\u00f3xima semana. Saiba mais.","breadcrumb":{"@id":"https:\/\/www.suno.com.br\/noticias\/astrazeneca-retomar-testes-vacina-proxima-semana\/#breadcrumb"},"inLanguage":"pt-BR","potentialAction":[{"@type":"ReadAction","target":["https:\/\/www.suno.com.br\/noticias\/astrazeneca-retomar-testes-vacina-proxima-semana\/"]}]},{"@type":"ImageObject","inLanguage":"pt-BR","@id":"https:\/\/www.suno.com.br\/noticias\/astrazeneca-retomar-testes-vacina-proxima-semana\/#primaryimage","url":"https:\/\/files.sunoresearch.com.br\/n\/uploads\/2020\/08\/b1f185e0-astrazeneca-1140x815-1-jpg.webp","contentUrl":"https:\/\/files.sunoresearch.com.br\/n\/uploads\/2020\/08\/b1f185e0-astrazeneca-1140x815-1-jpg.webp","width":1140,"height":815,"caption":"Os testes da vacina contra o coronav\u00edrus, que foram suspensos pela farmac\u00eautica AstraZeneca, podem ser retomados na pr\u00f3xima semana."},{"@type":"BreadcrumbList","@id":"https:\/\/www.suno.com.br\/noticias\/astrazeneca-retomar-testes-vacina-proxima-semana\/#breadcrumb","itemListElement":[{"@type":"ListItem","position":1,"name":"Not\u00edcias","item":"https:\/\/www.suno.com.br\/noticias\/"},{"@type":"ListItem","position":2,"name":"Internacional","item":"https:\/\/www.suno.com.br\/noticias\/internacional\/"},{"@type":"ListItem","position":3,"name":"AstraZeneca pode retomar testes de vacina na pr\u00f3xima semana, diz jornal"}]},{"@type":"WebSite","@id":"https:\/\/www.suno.com.br\/noticias\/#website","url":"https:\/\/www.suno.com.br\/noticias\/","name":"Suno Not\u00edcias","description":"Seu portal de informa\u00e7\u00e3o sobre o mundo dos investimentos","publisher":{"@id":"https:\/\/www.suno.com.br\/noticias\/#organization"},"potentialAction":[{"@type":"SearchAction","target":{"@type":"EntryPoint","urlTemplate":"https:\/\/www.suno.com.br\/noticias\/?s={search_term_string}"},"query-input":{"@type":"PropertyValueSpecification","valueRequired":true,"valueName":"search_term_string"}}],"inLanguage":"pt-BR"},{"@type":"Organization","@id":"https:\/\/www.suno.com.br\/noticias\/#organization","name":"Suno Not\u00edcias","url":"https:\/\/www.suno.com.br\/noticias\/","logo":{"@type":"ImageObject","inLanguage":"pt-BR","@id":"https:\/\/www.suno.com.br\/noticias\/#\/schema\/logo\/image\/","url":"https:\/\/files.sunoresearch.com.br\/n\/uploads\/2021\/09\/suno-logo.png","contentUrl":"https:\/\/files.sunoresearch.com.br\/n\/uploads\/2021\/09\/suno-logo.png","width":180,"height":180,"caption":"Suno Not\u00edcias"},"image":{"@id":"https:\/\/www.suno.com.br\/noticias\/#\/schema\/logo\/image\/"},"sameAs":["https:\/\/facebook.com\/sunoresearch","https:\/\/x.com\/sunoresearch","https:\/\/www.instagram.com\/suno","https:\/\/www.linkedin.com\/company\/suno-research\/","https:\/\/www.youtube.com\/c\/sunoresearch"]},{"@type":"Person","@id":"https:\/\/www.suno.com.br\/noticias\/#\/schema\/person\/918d79de1f0281f01599b93f9ea6e23f","name":"Jader Lazarini","image":{"@type":"ImageObject","inLanguage":"pt-BR","@id":"https:\/\/www.suno.com.br\/noticias\/#\/schema\/person\/image\/","url":"https:\/\/secure.gravatar.com\/avatar\/3c1ad8caa51589841baeb923fcddea97?s=96&r=g","contentUrl":"https:\/\/secure.gravatar.com\/avatar\/3c1ad8caa51589841baeb923fcddea97?s=96&r=g","caption":"Jader Lazarini"},"description":"Jader Lazarini escreve sobre investimentos, finan\u00e7as, economia e neg\u00f3cios. \u00c9 bacharel em Rela\u00e7\u00f5es Internacionais e analista CNPI (2619).","url":"https:\/\/www.suno.com.br\/noticias\/author\/jader-lazarini\/"}]}},"default_loop_html":"<div class=\"cardsPage__listCard__boxs\"><div class=\"cardsPage__listCard__boxs__img\"><a href=\"https:\/\/www.suno.com.br\/noticias\/astrazeneca-retomar-testes-vacina-proxima-semana\/\"><img class=\"mask\" src=\"https:\/\/www.suno.com.br\/noticias\/wp-content\/themes\/suno\/resources\/images\/spotlight\/spotlight1img\/bg-mask.png\" alt=\"Image Mask\"\/><img src=\"https:\/\/files.sunoresearch.com.br\/n\/uploads\/2020\/08\/b1f185e0-astrazeneca-1140x815-1-400x200.webp\" alt=\"AstraZeneca pode retomar testes de vacina na pr\u00f3xima semana, diz jornal\"\/><\/a><span class=\"spotlightCategory\"><a href=\"https:\/\/www.suno.com.br\/noticias\/internacional\/\">Internacional<\/a><\/span><\/div><div class=\"cardsPage__listCard__boxs__content\"><a href=\"https:\/\/www.suno.com.br\/noticias\/astrazeneca-retomar-testes-vacina-proxima-semana\/\"><h2 class=\"content__title\">AstraZeneca pode retomar testes de vacina na pr\u00f3xima semana, diz jornal<\/h2><\/a><div class=\"newsContent__article__meta\"><div class=\"newsContent__article__meta__authorBox\"><a href=\"https:\/\/www.suno.com.br\/noticias\/author\/jader-lazarini\/\" class=\"authorBox__avatar noMobi\"><img src=\"https:\/\/files.sunoresearch.com.br\/n\/uploads\/2021\/01\/178e6598-foto-perfil-2-150x150.jpg\" alt=\"Jader Lazarini\"><\/a><div class=\"authorBox__name\"><span>por\n\t\t\t<a href=\"https:\/\/www.suno.com.br\/noticias\/author\/jader-lazarini\/\"><span itemprop=\"author\">Jader Lazarini<\/span><\/a><\/span><time datetime=\"2020-09-09T13:14:02-03:00\" itemprop=\"datePublished\">09\/09\/2020 13:14<\/time><\/div><\/div><\/div><\/div><\/div>","single_layout":"posts","amp_enabled":true,"_links":{"self":[{"href":"https:\/\/www.suno.com.br\/noticias\/wp-json\/wp\/v2\/posts\/83442"}],"collection":[{"href":"https:\/\/www.suno.com.br\/noticias\/wp-json\/wp\/v2\/posts"}],"about":[{"href":"https:\/\/www.suno.com.br\/noticias\/wp-json\/wp\/v2\/types\/post"}],"author":[{"embeddable":true,"href":"https:\/\/www.suno.com.br\/noticias\/wp-json\/wp\/v2\/users\/24"}],"replies":[{"embeddable":true,"href":"https:\/\/www.suno.com.br\/noticias\/wp-json\/wp\/v2\/comments?post=83442"}],"version-history":[{"count":0,"href":"https:\/\/www.suno.com.br\/noticias\/wp-json\/wp\/v2\/posts\/83442\/revisions"}],"wp:featuredmedia":[{"embeddable":true,"href":"https:\/\/www.suno.com.br\/noticias\/wp-json\/wp\/v2\/media\/76756"}],"wp:attachment":[{"href":"https:\/\/www.suno.com.br\/noticias\/wp-json\/wp\/v2\/media?parent=83442"}],"wp:term":[{"taxonomy":"category","embeddable":true,"href":"https:\/\/www.suno.com.br\/noticias\/wp-json\/wp\/v2\/categories?post=83442"},{"taxonomy":"post_tag","embeddable":true,"href":"https:\/\/www.suno.com.br\/noticias\/wp-json\/wp\/v2\/tags?post=83442"},{"taxonomy":"suno_strategy","embeddable":true,"href":"https:\/\/www.suno.com.br\/noticias\/wp-json\/wp\/v2\/suno_strategy?post=83442"}],"curies":[{"name":"wp","href":"https:\/\/api.w.org\/{rel}","templated":true}]}}