{"id":83398,"date":"2020-09-09T11:50:10","date_gmt":"2020-09-09T14:50:10","guid":{"rendered":"https:\/\/www.suno.com.br\/noticias\/?p=83398"},"modified":"2020-09-09T11:50:10","modified_gmt":"2020-09-09T14:50:10","slug":"united-airlines-queda-maior-receita-3o-tri","status":"publish","type":"post","link":"https:\/\/www.suno.com.br\/noticias\/united-airlines-queda-maior-receita-3o-tri\/","title":{"rendered":"United Airlines prev\u00ea queda maior na receita do 3\u00ba tri; companhia cancelar\u00e1 mais voos"},"content":{"rendered":"<p>A <strong>United<\/strong> <strong>Airlines<\/strong> Holdings (<a href=\"https:\/\/www.suno.com.br\/artigos\/nasdaq\/\">NASDAQ<\/a>: UAL) informou nesta quarta-feira (9) que estima que haver\u00e1 uma queda maior em sua receita de passageiros no terceiro trimestre deste ano, de 85%, em rela\u00e7\u00e3o ao mesmo per\u00edodo do ano passado. A companhia a\u00e9rea tamb\u00e9m afirmou que cancelar\u00e1 mais voos at\u00e9 que haja uma recupera\u00e7\u00e3o no setor, com aumento da demanda. A companhia a\u00e9rea \u00e9 a terceira maior dos Estados Unidos.<\/p>\t<div class=\"wrapper-featured-image\">\n\t\t<figure class=\"spotlightImg\">\n\n\t\t\t<picture>\n\t\t\t\t<source media=\"(max-width: 768px)\" srcset=\"https:\/\/files.sunoresearch.com.br\/n\/uploads\/2020\/05\/dae6c6ba-united-airline-400x200.webp\">\n\t\t\t\t<img loading=\"lazy\" decoding=\"async\" class=\"newsContent__article__imgCapa lazyloadDisabled \" src=\"https:\/\/files.sunoresearch.com.br\/n\/uploads\/2020\/05\/dae6c6ba-united-airline-jpg.webp\" width=\"800\" height=\"450\" alt=\"United Airlines prev\u00ea queda maior na receita do 3\u00ba tri; companhia cancelar\u00e1 mais voos\" fetchpriority=high \/>\n\t\t\t<\/picture>\n\n\t\t\t<figcaption class=\"wp-caption-text wp-caption-text--show\">A United Airlines (NASDAQ: UAL) apontou que poder\u00e1 ter que fechar at\u00e9 16 mil vagas de trabalho sem um pacote de apoio. <\/figcaption>\n\t\t<\/figure>\n\t<\/div>\n\n\n<div class=\"hubspot-form-wrapper\">\n\t<div id=\"single-form-target\"><\/div>\n<\/div>\n\n<p>A estimativa anterior da United Airlines era de uma queda de 83% na compara\u00e7\u00e3o ano a ano. A empresa espera que a capacidade nas reservas para viagens do terceiro trimestre tenha uma queda de 70% na compara\u00e7\u00e3o com o ano anterior. A previs\u00e3o anterior era de uma queda de 65%. A companhia destacou, entretanto, que houve uma pequena melhora nas reservas para viagens de lazer nos <strong>Estados Unidos<\/strong> e alguns destinos na Am\u00e9rica Latina e Caribe, nos \u00faltimos dias.<\/p>\n<p><a href=\"https:\/\/lp.suno.com.br\/suno-one\/\">Suno One: o primeiro passo para alcan\u00e7ar a sua independ\u00eancia financeira. Acesse agora, \u00e9 gratuito!<\/a><\/p>\n<p>Aproximadamente 30% dos avi\u00f5es das companhias a\u00e9reas norte-americanas est\u00e3o parados devido \u00e0 pandemia de coronav\u00edrus (Covid-19), que levou os passageiros a cancelarem diversas viagens e solicitarem reembolso, ao inv\u00e9s de reservar outras viagens com os valores.<\/p>\n\t<div data-element=\"shortcode-read-more\" class=\"knowMore\">\n\t\t\t\t<span class=\"knowMore__title\">Veja Tamb\u00e9m<\/span>\n\t\t\t\t<a class=\"knowMore__link\" href=\"https:\/\/www.suno.com.br\/noticias\/united-airlines-registra-prejuizo-us-163-bilhoes-2t20\/\">\n\t\t\tUnited Airlines registra preju\u00edzo de US$ 1,63 bilh\u00f5es no 2T20\t\t<\/a>\n\t<\/div>\n\n\n<h2>United Airlines pode cortar mais de 16 mil empregos<\/h2>\n<p>A <strong>United Airlines<\/strong> Holdings informou, h\u00e1 uma semana, que avalia cortar o emprego de 16.370 funcion\u00e1rios. A ideia est\u00e1 em linha com o plano da empresa de reduzir pela metade sua for\u00e7a de trabalho dom\u00e9stica por causa da queda na demanda, em decorr\u00eancia da pandemia de <a href=\"https:\/\/www.suno.com.br\/noticias\/tags\/coronavirus\/\">coronav\u00edrus (Covid-19)<\/a>.<\/p>\n<p>Entre os funcion\u00e1rios que est\u00e3o recebendo o aviso de licen\u00e7a da United Airlines, est\u00e3o: 6.920 comiss\u00e1rios de bordo, 2.850 pilotos, 2.260 funcion\u00e1rios de opera\u00e7\u00f5es do aeroporto e 2.060 trabalhadores de manuten\u00e7\u00e3o. Colaboradores de outros setores elevam o total de licen\u00e7as para 16.370.<\/p>\n<p>Em julho, a a\u00e9rea norte-americana havia dito que os cortes poderiam chegar a 36 mil. De acordo com a <strong>United<\/strong> <strong>Airlines<\/strong>, os empregados que forem demitidos poder\u00e3o ser chamados de volta caso a demanda seja retomada.<\/p>\n\t<p>\n\t\t<a href=\"https:\/\/lp.suno.com.br\/planilha-de-controle-de-investimentos\/\" target=\"_blank\" data-element=\"shortcode-suno-banner\" title=\"Banner SUNO, clique e saiba mais\">\n\t\t\t<picture>\n\t\t\t\t<source media=\"(max-width: 500px)\" srcset=\"https:\/\/files.sunoresearch.com.br\/n\/uploads\/2023\/03\/400x300-Controle-de-Investimentos.png\">\n\t\t\t\t<img class=\"newsContent__article__imgCapa newsContent__article__imgCapa--banner\"\n\t\t\t\t\tsrc=\"https:\/\/files.sunoresearch.com.br\/n\/uploads\/2023\/03\/1420x240-Controle-de-Investimentos.png\"\n\t\t\t\t\tdata-promo-id=\"75934\"\t\t\t\t\t\t\t\t\t\twidth='1420' height='240'\t\t\t\t\talt=\"https:\/\/files.sunoresearch.com.br\/n\/uploads\/2023\/03\/1420x240-Controle-de-Investimentos.png\"\n\t\t\t\t>\n\t\t\t<\/picture>\n\t\t<\/a>\n\t<\/p>\n\n\n","protected":false},"excerpt":{"rendered":"<p>A United Airlines Holdings (NASDAQ: UAL) informou nesta quarta-feira (9) que estima que haver\u00e1 uma queda maior em sua receita de passageiros no terceiro trimestre deste ano, de 85%, em rela\u00e7\u00e3o ao mesmo per\u00edodo do ano passado. A companhia a\u00e9rea tamb\u00e9m afirmou que cancelar\u00e1 mais voos at\u00e9 que haja uma recupera\u00e7\u00e3o no setor, com aumento [&hellip;]<\/p>\n","protected":false},"author":19,"featured_media":65341,"comment_status":"closed","ping_status":"closed","sticky":false,"template":"","format":"standard","meta":[],"categories":[63],"tags":[2248],"suno_strategy":[],"class_list":["post-83398","post","type-post","status-publish","format-standard","has-post-thumbnail","hentry","category-internacional","tag-united-airlines-u1al34"],"yoast_head":"<!-- This site is optimized with the Yoast SEO plugin v24.4 - https:\/\/yoast.com\/wordpress\/plugins\/seo\/ -->\n<title>United Airlines prev\u00ea queda maior na receita do 3\u00ba tri<\/title>\n<meta name=\"description\" content=\"A United Airlines Holdings estima que haver\u00e1 uma queda maior em sua receita de passageiros no terceiro trimestre deste ano, de 85%. Saiba mais\" \/>\n<meta name=\"robots\" content=\"index, follow, max-snippet:-1, max-image-preview:large, max-video-preview:-1\" \/>\n<link rel=\"canonical\" href=\"https:\/\/www.suno.com.br\/noticias\/united-airlines-queda-maior-receita-3o-tri\/\" \/>\n<meta property=\"og:locale\" content=\"pt_BR\" \/>\n<meta property=\"og:type\" content=\"article\" \/>\n<meta property=\"og:title\" content=\"United Airlines prev\u00ea queda maior na receita do 3\u00ba tri\" \/>\n<meta property=\"og:description\" content=\"A United Airlines Holdings estima que haver\u00e1 uma queda maior em sua receita de passageiros no terceiro trimestre deste ano, de 85%. Saiba mais\" \/>\n<meta property=\"og:url\" content=\"https:\/\/www.suno.com.br\/noticias\/united-airlines-queda-maior-receita-3o-tri\/\" \/>\n<meta property=\"og:site_name\" content=\"Suno Not\u00edcias\" \/>\n<meta property=\"article:publisher\" content=\"https:\/\/facebook.com\/sunoresearch\" \/>\n<meta property=\"og:image\" content=\"https:\/\/files.sunoresearch.com.br\/n\/uploads\/2020\/05\/dae6c6ba-united-airline.jpg\" \/>\n\t<meta property=\"og:image:width\" content=\"622\" \/>\n\t<meta property=\"og:image:height\" content=\"345\" \/>\n\t<meta property=\"og:image:type\" content=\"image\/jpeg\" \/>\n<meta name=\"author\" content=\"Juliano Passaro\" \/>\n<meta name=\"twitter:card\" content=\"summary_large_image\" \/>\n<meta name=\"twitter:creator\" content=\"@sunoresearch\" \/>\n<meta name=\"twitter:site\" content=\"@sunoresearch\" \/>\n<meta name=\"twitter:label1\" content=\"Escrito por\" \/>\n\t<meta name=\"twitter:data1\" content=\"Juliano Passaro\" \/>\n\t<meta name=\"twitter:label2\" content=\"Est. tempo de leitura\" \/>\n\t<meta name=\"twitter:data2\" content=\"2 minutos\" \/>\n<script type=\"application\/ld+json\" class=\"yoast-schema-graph\">{\"@context\":\"https:\/\/schema.org\",\"@graph\":[{\"@type\":\"NewsArticle\",\"@id\":\"https:\/\/www.suno.com.br\/noticias\/united-airlines-queda-maior-receita-3o-tri\/#article\",\"isPartOf\":{\"@id\":\"https:\/\/www.suno.com.br\/noticias\/united-airlines-queda-maior-receita-3o-tri\/\"},\"author\":{\"name\":\"Juliano Passaro\",\"@id\":\"https:\/\/www.suno.com.br\/noticias\/#\/schema\/person\/1db762f78ffd8919a648a63e425953e3\"},\"headline\":\"United Airlines prev\u00ea queda maior na receita do 3\u00ba tri; companhia cancelar\u00e1 mais voos\",\"datePublished\":\"2020-09-09T14:50:10+00:00\",\"mainEntityOfPage\":{\"@id\":\"https:\/\/www.suno.com.br\/noticias\/united-airlines-queda-maior-receita-3o-tri\/\"},\"wordCount\":385,\"publisher\":{\"@id\":\"https:\/\/www.suno.com.br\/noticias\/#organization\"},\"image\":{\"@id\":\"https:\/\/www.suno.com.br\/noticias\/united-airlines-queda-maior-receita-3o-tri\/#primaryimage\"},\"thumbnailUrl\":\"https:\/\/files.sunoresearch.com.br\/n\/uploads\/2020\/05\/dae6c6ba-united-airline-jpg.webp\",\"keywords\":[\"United Airlines (U1AL34)\"],\"articleSection\":[\"Internacional\"],\"inLanguage\":\"pt-BR\"},{\"@type\":\"WebPage\",\"@id\":\"https:\/\/www.suno.com.br\/noticias\/united-airlines-queda-maior-receita-3o-tri\/\",\"url\":\"https:\/\/www.suno.com.br\/noticias\/united-airlines-queda-maior-receita-3o-tri\/\",\"name\":\"United Airlines prev\u00ea queda maior na receita do 3\u00ba tri\",\"isPartOf\":{\"@id\":\"https:\/\/www.suno.com.br\/noticias\/#website\"},\"primaryImageOfPage\":{\"@id\":\"https:\/\/www.suno.com.br\/noticias\/united-airlines-queda-maior-receita-3o-tri\/#primaryimage\"},\"image\":{\"@id\":\"https:\/\/www.suno.com.br\/noticias\/united-airlines-queda-maior-receita-3o-tri\/#primaryimage\"},\"thumbnailUrl\":\"https:\/\/files.sunoresearch.com.br\/n\/uploads\/2020\/05\/dae6c6ba-united-airline-jpg.webp\",\"datePublished\":\"2020-09-09T14:50:10+00:00\",\"description\":\"A United Airlines Holdings estima que haver\u00e1 uma queda maior em sua receita de passageiros no terceiro trimestre deste ano, de 85%. Saiba mais\",\"breadcrumb\":{\"@id\":\"https:\/\/www.suno.com.br\/noticias\/united-airlines-queda-maior-receita-3o-tri\/#breadcrumb\"},\"inLanguage\":\"pt-BR\",\"potentialAction\":[{\"@type\":\"ReadAction\",\"target\":[\"https:\/\/www.suno.com.br\/noticias\/united-airlines-queda-maior-receita-3o-tri\/\"]}]},{\"@type\":\"ImageObject\",\"inLanguage\":\"pt-BR\",\"@id\":\"https:\/\/www.suno.com.br\/noticias\/united-airlines-queda-maior-receita-3o-tri\/#primaryimage\",\"url\":\"https:\/\/files.sunoresearch.com.br\/n\/uploads\/2020\/05\/dae6c6ba-united-airline-jpg.webp\",\"contentUrl\":\"https:\/\/files.sunoresearch.com.br\/n\/uploads\/2020\/05\/dae6c6ba-united-airline-jpg.webp\",\"width\":622,\"height\":345,\"caption\":\"A United Airlines (NASDAQ: UAL) apontou que poder\u00e1 ter que fechar at\u00e9 16 mil vagas de trabalho sem um pacote de apoio.\"},{\"@type\":\"BreadcrumbList\",\"@id\":\"https:\/\/www.suno.com.br\/noticias\/united-airlines-queda-maior-receita-3o-tri\/#breadcrumb\",\"itemListElement\":[{\"@type\":\"ListItem\",\"position\":1,\"name\":\"Not\u00edcias\",\"item\":\"https:\/\/www.suno.com.br\/noticias\/\"},{\"@type\":\"ListItem\",\"position\":2,\"name\":\"Internacional\",\"item\":\"https:\/\/www.suno.com.br\/noticias\/internacional\/\"},{\"@type\":\"ListItem\",\"position\":3,\"name\":\"United Airlines prev\u00ea queda maior na receita do 3\u00ba tri; companhia cancelar\u00e1 mais voos\"}]},{\"@type\":\"WebSite\",\"@id\":\"https:\/\/www.suno.com.br\/noticias\/#website\",\"url\":\"https:\/\/www.suno.com.br\/noticias\/\",\"name\":\"Suno Not\u00edcias\",\"description\":\"Seu portal de informa\u00e7\u00e3o sobre o mundo dos investimentos\",\"publisher\":{\"@id\":\"https:\/\/www.suno.com.br\/noticias\/#organization\"},\"potentialAction\":[{\"@type\":\"SearchAction\",\"target\":{\"@type\":\"EntryPoint\",\"urlTemplate\":\"https:\/\/www.suno.com.br\/noticias\/?s={search_term_string}\"},\"query-input\":{\"@type\":\"PropertyValueSpecification\",\"valueRequired\":true,\"valueName\":\"search_term_string\"}}],\"inLanguage\":\"pt-BR\"},{\"@type\":\"Organization\",\"@id\":\"https:\/\/www.suno.com.br\/noticias\/#organization\",\"name\":\"Suno Not\u00edcias\",\"url\":\"https:\/\/www.suno.com.br\/noticias\/\",\"logo\":{\"@type\":\"ImageObject\",\"inLanguage\":\"pt-BR\",\"@id\":\"https:\/\/www.suno.com.br\/noticias\/#\/schema\/logo\/image\/\",\"url\":\"https:\/\/files.sunoresearch.com.br\/n\/uploads\/2021\/09\/suno-logo.png\",\"contentUrl\":\"https:\/\/files.sunoresearch.com.br\/n\/uploads\/2021\/09\/suno-logo.png\",\"width\":180,\"height\":180,\"caption\":\"Suno Not\u00edcias\"},\"image\":{\"@id\":\"https:\/\/www.suno.com.br\/noticias\/#\/schema\/logo\/image\/\"},\"sameAs\":[\"https:\/\/facebook.com\/sunoresearch\",\"https:\/\/x.com\/sunoresearch\",\"https:\/\/www.instagram.com\/suno\",\"https:\/\/www.linkedin.com\/company\/suno-research\/\",\"https:\/\/www.youtube.com\/c\/sunoresearch\"]},{\"@type\":\"Person\",\"@id\":\"https:\/\/www.suno.com.br\/noticias\/#\/schema\/person\/1db762f78ffd8919a648a63e425953e3\",\"name\":\"Juliano Passaro\",\"image\":{\"@type\":\"ImageObject\",\"inLanguage\":\"pt-BR\",\"@id\":\"https:\/\/www.suno.com.br\/noticias\/#\/schema\/person\/image\/\",\"url\":\"https:\/\/secure.gravatar.com\/avatar\/743d4df28eebf6dcc46b4ad03c319e92?s=96&r=g\",\"contentUrl\":\"https:\/\/secure.gravatar.com\/avatar\/743d4df28eebf6dcc46b4ad03c319e92?s=96&r=g\",\"caption\":\"Juliano Passaro\"},\"description\":\"Juliano Passaro escreve sobre pol\u00edtica, economia e neg\u00f3cios para o portal da Suno Research. Antes da Suno, trabalhou no Portal da Band. \u00c9 formado em jornalismo pela Universidade Presbiteriana Mackenzie.\",\"url\":\"https:\/\/www.suno.com.br\/noticias\/author\/juliano\/\"}]}<\/script>\n<!-- \/ Yoast SEO plugin. -->","yoast_head_json":{"title":"United Airlines prev\u00ea queda maior na receita do 3\u00ba tri","description":"A United Airlines Holdings estima que haver\u00e1 uma queda maior em sua receita de passageiros no terceiro trimestre deste ano, de 85%. Saiba mais","robots":{"index":"index","follow":"follow","max-snippet":"max-snippet:-1","max-image-preview":"max-image-preview:large","max-video-preview":"max-video-preview:-1"},"canonical":"https:\/\/www.suno.com.br\/noticias\/united-airlines-queda-maior-receita-3o-tri\/","og_locale":"pt_BR","og_type":"article","og_title":"United Airlines prev\u00ea queda maior na receita do 3\u00ba tri","og_description":"A United Airlines Holdings estima que haver\u00e1 uma queda maior em sua receita de passageiros no terceiro trimestre deste ano, de 85%. Saiba mais","og_url":"https:\/\/www.suno.com.br\/noticias\/united-airlines-queda-maior-receita-3o-tri\/","og_site_name":"Suno Not\u00edcias","article_publisher":"https:\/\/facebook.com\/sunoresearch","og_image":[{"width":622,"height":345,"url":"https:\/\/files.sunoresearch.com.br\/n\/uploads\/2020\/05\/dae6c6ba-united-airline.jpg","type":"image\/jpeg"}],"author":"Juliano Passaro","twitter_card":"summary_large_image","twitter_creator":"@sunoresearch","twitter_site":"@sunoresearch","twitter_misc":{"Escrito por":"Juliano Passaro","Est. tempo de leitura":"2 minutos"},"schema":{"@context":"https:\/\/schema.org","@graph":[{"@type":"NewsArticle","@id":"https:\/\/www.suno.com.br\/noticias\/united-airlines-queda-maior-receita-3o-tri\/#article","isPartOf":{"@id":"https:\/\/www.suno.com.br\/noticias\/united-airlines-queda-maior-receita-3o-tri\/"},"author":{"name":"Juliano Passaro","@id":"https:\/\/www.suno.com.br\/noticias\/#\/schema\/person\/1db762f78ffd8919a648a63e425953e3"},"headline":"United Airlines prev\u00ea queda maior na receita do 3\u00ba tri; companhia cancelar\u00e1 mais voos","datePublished":"2020-09-09T14:50:10+00:00","mainEntityOfPage":{"@id":"https:\/\/www.suno.com.br\/noticias\/united-airlines-queda-maior-receita-3o-tri\/"},"wordCount":385,"publisher":{"@id":"https:\/\/www.suno.com.br\/noticias\/#organization"},"image":{"@id":"https:\/\/www.suno.com.br\/noticias\/united-airlines-queda-maior-receita-3o-tri\/#primaryimage"},"thumbnailUrl":"https:\/\/files.sunoresearch.com.br\/n\/uploads\/2020\/05\/dae6c6ba-united-airline-jpg.webp","keywords":["United Airlines (U1AL34)"],"articleSection":["Internacional"],"inLanguage":"pt-BR"},{"@type":"WebPage","@id":"https:\/\/www.suno.com.br\/noticias\/united-airlines-queda-maior-receita-3o-tri\/","url":"https:\/\/www.suno.com.br\/noticias\/united-airlines-queda-maior-receita-3o-tri\/","name":"United Airlines prev\u00ea queda maior na receita do 3\u00ba tri","isPartOf":{"@id":"https:\/\/www.suno.com.br\/noticias\/#website"},"primaryImageOfPage":{"@id":"https:\/\/www.suno.com.br\/noticias\/united-airlines-queda-maior-receita-3o-tri\/#primaryimage"},"image":{"@id":"https:\/\/www.suno.com.br\/noticias\/united-airlines-queda-maior-receita-3o-tri\/#primaryimage"},"thumbnailUrl":"https:\/\/files.sunoresearch.com.br\/n\/uploads\/2020\/05\/dae6c6ba-united-airline-jpg.webp","datePublished":"2020-09-09T14:50:10+00:00","description":"A United Airlines Holdings estima que haver\u00e1 uma queda maior em sua receita de passageiros no terceiro trimestre deste ano, de 85%. Saiba mais","breadcrumb":{"@id":"https:\/\/www.suno.com.br\/noticias\/united-airlines-queda-maior-receita-3o-tri\/#breadcrumb"},"inLanguage":"pt-BR","potentialAction":[{"@type":"ReadAction","target":["https:\/\/www.suno.com.br\/noticias\/united-airlines-queda-maior-receita-3o-tri\/"]}]},{"@type":"ImageObject","inLanguage":"pt-BR","@id":"https:\/\/www.suno.com.br\/noticias\/united-airlines-queda-maior-receita-3o-tri\/#primaryimage","url":"https:\/\/files.sunoresearch.com.br\/n\/uploads\/2020\/05\/dae6c6ba-united-airline-jpg.webp","contentUrl":"https:\/\/files.sunoresearch.com.br\/n\/uploads\/2020\/05\/dae6c6ba-united-airline-jpg.webp","width":622,"height":345,"caption":"A United Airlines (NASDAQ: UAL) apontou que poder\u00e1 ter que fechar at\u00e9 16 mil vagas de trabalho sem um pacote de apoio."},{"@type":"BreadcrumbList","@id":"https:\/\/www.suno.com.br\/noticias\/united-airlines-queda-maior-receita-3o-tri\/#breadcrumb","itemListElement":[{"@type":"ListItem","position":1,"name":"Not\u00edcias","item":"https:\/\/www.suno.com.br\/noticias\/"},{"@type":"ListItem","position":2,"name":"Internacional","item":"https:\/\/www.suno.com.br\/noticias\/internacional\/"},{"@type":"ListItem","position":3,"name":"United Airlines prev\u00ea queda maior na receita do 3\u00ba tri; companhia cancelar\u00e1 mais voos"}]},{"@type":"WebSite","@id":"https:\/\/www.suno.com.br\/noticias\/#website","url":"https:\/\/www.suno.com.br\/noticias\/","name":"Suno Not\u00edcias","description":"Seu portal de informa\u00e7\u00e3o sobre o mundo dos investimentos","publisher":{"@id":"https:\/\/www.suno.com.br\/noticias\/#organization"},"potentialAction":[{"@type":"SearchAction","target":{"@type":"EntryPoint","urlTemplate":"https:\/\/www.suno.com.br\/noticias\/?s={search_term_string}"},"query-input":{"@type":"PropertyValueSpecification","valueRequired":true,"valueName":"search_term_string"}}],"inLanguage":"pt-BR"},{"@type":"Organization","@id":"https:\/\/www.suno.com.br\/noticias\/#organization","name":"Suno Not\u00edcias","url":"https:\/\/www.suno.com.br\/noticias\/","logo":{"@type":"ImageObject","inLanguage":"pt-BR","@id":"https:\/\/www.suno.com.br\/noticias\/#\/schema\/logo\/image\/","url":"https:\/\/files.sunoresearch.com.br\/n\/uploads\/2021\/09\/suno-logo.png","contentUrl":"https:\/\/files.sunoresearch.com.br\/n\/uploads\/2021\/09\/suno-logo.png","width":180,"height":180,"caption":"Suno Not\u00edcias"},"image":{"@id":"https:\/\/www.suno.com.br\/noticias\/#\/schema\/logo\/image\/"},"sameAs":["https:\/\/facebook.com\/sunoresearch","https:\/\/x.com\/sunoresearch","https:\/\/www.instagram.com\/suno","https:\/\/www.linkedin.com\/company\/suno-research\/","https:\/\/www.youtube.com\/c\/sunoresearch"]},{"@type":"Person","@id":"https:\/\/www.suno.com.br\/noticias\/#\/schema\/person\/1db762f78ffd8919a648a63e425953e3","name":"Juliano Passaro","image":{"@type":"ImageObject","inLanguage":"pt-BR","@id":"https:\/\/www.suno.com.br\/noticias\/#\/schema\/person\/image\/","url":"https:\/\/secure.gravatar.com\/avatar\/743d4df28eebf6dcc46b4ad03c319e92?s=96&r=g","contentUrl":"https:\/\/secure.gravatar.com\/avatar\/743d4df28eebf6dcc46b4ad03c319e92?s=96&r=g","caption":"Juliano Passaro"},"description":"Juliano Passaro escreve sobre pol\u00edtica, economia e neg\u00f3cios para o portal da Suno Research. Antes da Suno, trabalhou no Portal da Band. \u00c9 formado em jornalismo pela Universidade Presbiteriana Mackenzie.","url":"https:\/\/www.suno.com.br\/noticias\/author\/juliano\/"}]}},"default_loop_html":"<div class=\"cardsPage__listCard__boxs\"><div class=\"cardsPage__listCard__boxs__img\"><a href=\"https:\/\/www.suno.com.br\/noticias\/united-airlines-queda-maior-receita-3o-tri\/\"><img class=\"mask\" src=\"https:\/\/www.suno.com.br\/noticias\/wp-content\/themes\/suno\/resources\/images\/spotlight\/spotlight1img\/bg-mask.png\" alt=\"Image Mask\"\/><img src=\"https:\/\/files.sunoresearch.com.br\/n\/uploads\/2020\/05\/dae6c6ba-united-airline-400x200.webp\" alt=\"United Airlines prev\u00ea queda maior na receita do 3\u00ba tri; companhia cancelar\u00e1 mais voos\"\/><\/a><span class=\"spotlightCategory\"><a href=\"https:\/\/www.suno.com.br\/noticias\/internacional\/\">Internacional<\/a><\/span><\/div><div class=\"cardsPage__listCard__boxs__content\"><a href=\"https:\/\/www.suno.com.br\/noticias\/united-airlines-queda-maior-receita-3o-tri\/\"><h2 class=\"content__title\">United Airlines prev\u00ea queda maior na receita do 3\u00ba tri; companhia cancelar\u00e1 mais voos<\/h2><\/a><div class=\"newsContent__article__meta\"><div class=\"newsContent__article__meta__authorBox\"><a href=\"https:\/\/www.suno.com.br\/noticias\/author\/juliano\/\" class=\"authorBox__avatar noMobi\"><img src=\"https:\/\/files.sunoresearch.com.br\/n\/uploads\/2019\/06\/7cc3efea-whatsapp-image-2019-07-18-at-21.59.33-e1563499821209-150x150.webp\" alt=\"Juliano Passaro\"><\/a><div class=\"authorBox__name\"><span>por\n\t\t\t<a href=\"https:\/\/www.suno.com.br\/noticias\/author\/juliano\/\"><span itemprop=\"author\">Juliano Passaro<\/span><\/a><\/span><time datetime=\"2020-09-09T11:50:10-03:00\" itemprop=\"datePublished\">09\/09\/2020 11:50<\/time><\/div><\/div><\/div><\/div><\/div>","single_layout":"posts","amp_enabled":true,"_links":{"self":[{"href":"https:\/\/www.suno.com.br\/noticias\/wp-json\/wp\/v2\/posts\/83398"}],"collection":[{"href":"https:\/\/www.suno.com.br\/noticias\/wp-json\/wp\/v2\/posts"}],"about":[{"href":"https:\/\/www.suno.com.br\/noticias\/wp-json\/wp\/v2\/types\/post"}],"author":[{"embeddable":true,"href":"https:\/\/www.suno.com.br\/noticias\/wp-json\/wp\/v2\/users\/19"}],"replies":[{"embeddable":true,"href":"https:\/\/www.suno.com.br\/noticias\/wp-json\/wp\/v2\/comments?post=83398"}],"version-history":[{"count":0,"href":"https:\/\/www.suno.com.br\/noticias\/wp-json\/wp\/v2\/posts\/83398\/revisions"}],"wp:featuredmedia":[{"embeddable":true,"href":"https:\/\/www.suno.com.br\/noticias\/wp-json\/wp\/v2\/media\/65341"}],"wp:attachment":[{"href":"https:\/\/www.suno.com.br\/noticias\/wp-json\/wp\/v2\/media?parent=83398"}],"wp:term":[{"taxonomy":"category","embeddable":true,"href":"https:\/\/www.suno.com.br\/noticias\/wp-json\/wp\/v2\/categories?post=83398"},{"taxonomy":"post_tag","embeddable":true,"href":"https:\/\/www.suno.com.br\/noticias\/wp-json\/wp\/v2\/tags?post=83398"},{"taxonomy":"suno_strategy","embeddable":true,"href":"https:\/\/www.suno.com.br\/noticias\/wp-json\/wp\/v2\/suno_strategy?post=83398"}],"curies":[{"name":"wp","href":"https:\/\/api.w.org\/{rel}","templated":true}]}}