{"id":83330,"date":"2020-09-09T08:50:47","date_gmt":"2020-09-09T11:50:47","guid":{"rendered":"https:\/\/www.suno.com.br\/noticias\/?p=83330"},"modified":"2021-06-14T00:27:25","modified_gmt":"2021-06-14T03:27:25","slug":"agenda-do-dia-oi-sinqia-cemig-cosan-banco-pan-hermes-pardini","status":"publish","type":"post","link":"https:\/\/www.suno.com.br\/noticias\/agenda-do-dia-oi-sinqia-cemig-cosan-banco-pan-hermes-pardini\/","title":{"rendered":"Agenda do Dia: Oi; Sinqia; Cemig; Cosan; Banco Pan; Hermes Pardini"},"content":{"rendered":"<p>Os assuntos da <strong>Agenda<\/strong> <strong>do<\/strong> <strong>Dia<\/strong> desta quarta-feira (9) prometem agitar o mercado.<\/p>\t<div class=\"wrapper-featured-image\">\n\t\t<figure class=\"spotlightImg\">\n\n\t\t\t<picture>\n\t\t\t\t<source media=\"(max-width: 768px)\" srcset=\"https:\/\/files.sunoresearch.com.br\/n\/uploads\/2020\/09\/5ac21063-oi-400x200.webp\">\n\t\t\t\t<img loading=\"lazy\" decoding=\"async\" class=\"newsContent__article__imgCapa lazyloadDisabled \" src=\"https:\/\/files.sunoresearch.com.br\/n\/uploads\/2020\/09\/5ac21063-oi-jpg.webp\" width=\"800\" height=\"450\" alt=\"Agenda do Dia: Oi; Sinqia; Cemig; Cosan; Banco Pan; Hermes Pardini\" fetchpriority=high \/>\n\t\t\t<\/picture>\n\n\t\t\t<figcaption class=\"wp-caption-text wp-caption-text--show\">Leilao da Oi (OIBR3) atrai Piemonte, P\u00e1tria e Highline; disputa ocorre hoje<\/figcaption>\n\t\t<\/figure>\n\t<\/div>\n\n\n<div class=\"hubspot-form-wrapper\">\n\t<div id=\"single-form-target\"><\/div>\n<\/div>\n\n<p>A Agenda do Dia come\u00e7a com a not\u00edcia sobre a <strong>Oi,<\/strong> que informou que os credores aprovaram o aditamento ao plano de recupera\u00e7\u00e3o judicial da tele. Al\u00e9m disso, h\u00e1 tamb\u00e9m novas informa\u00e7\u00f5es sobre a <strong>Sinqia<\/strong><b>, <\/b>que divulgou novas informa\u00e7\u00f5es a respeito da aquisi\u00e7\u00e3o da totalidade do capital social da Ita\u00fa Administra\u00e7\u00e3o Previdenci\u00e1ria Ltda.<\/p>\n<p>Ademais, a Agenda do Dia tamb\u00e9m conta com informa\u00e7\u00f5es sobre a <b>Cemig<\/b>,<strong>\u00a0<\/strong>que anunciou que a <a href=\"https:\/\/www.suno.com.br\/artigos\/por-que-eu-acho-a-blackrock-interessante\/\">BlackRock<\/a>, uma das maiores gestoras de recursos do mundo, aumentou sua participa\u00e7\u00e3o acion\u00e1ria na empresa.<\/p>\n<p><a href=\"https:\/\/lp.suno.com.br\/suno-one\/\">Suno One: acesse gratuitamente eBooks, Minicursos, Artigos e Video Aulas sobre investimentos com um \u00fanico cadastro. Clique para saber mais!<\/a><\/p>\n<h2>Confira a Agenda do Dia do Suno Not\u00edcias:<\/h2>\n<h2>Oi<\/h2>\n<p>A <a href=\"https:\/\/www.suno.com.br\/acoes\/oibr3\/\"><strong>Oi S.A. (OIBR3)<\/strong><\/a> informou aos seus acionistas e ao mercado em geral que, na \u00faltima ter\u00e7a-feira (8), os credores da companhia e suas subsidi\u00e1rias: Oi M\u00f3vel S.A., Telemar Norte Leste S.A., Portugal Telecom International Finance BV e Oi Brasil Holdings Co\u00f6peratief U.A. (todas, em conjunto) aprovaram o aditamento ao Plano de Recupera\u00e7\u00e3o Judicial das Recuperandas, com ajustes negociados, na forma do artigo 45 da Lei n\u00ba 11.101\/2005. O aditamento ao PRJ ser\u00e1 submetido \u00e0 homologa\u00e7\u00e3o do Ju\u00edzo da 7\u00aa Vara Empresarial da Comarca da Capital do Estado do Rio de Janeiro, nos termos da lei, de acordo com a tele.<\/p>\n\t<div data-element=\"shortcode-read-more\" class=\"knowMore\">\n\t\t\t\t<span class=\"knowMore__title\">Saiba mais<\/span>\n\t\t\t\t<a class=\"knowMore__link\" href=\"https:\/\/www.suno.com.br\/noticias\/oi-oibr3-credores-aprovam-aditamento-plano-recuperacao-judicial\/\">\n\t\t\tOi (OIBR3): Credores aprovam aditamento ao plano de recupera\u00e7\u00e3o judicial\t\t<\/a>\n\t<\/div>\n\n\n<h2>Sinqia<\/h2>\n<p>A <a href=\"https:\/\/www.suno.com.br\/acoes\/sqia3\/\"><strong>Sinqia<\/strong> S.A. (SQIA3)<\/a> divulgou novas informa\u00e7\u00f5es a respeito da aquisi\u00e7\u00e3o, pela companhia, de 100% do capital social da <strong>Ita\u00fa Administra\u00e7\u00e3o Previdenci\u00e1ria Ltda<\/strong>., que inclui a totalidade das opera\u00e7\u00f5es da Ita\u00fa Solu\u00e7\u00f5es Previdenci\u00e1rias. A companhia do setor de tecnologia informou que, tendo sido conclu\u00eddo o laudo de avalia\u00e7\u00e3o requerido pelo Art. 256 da Lei 6.404\/76, convocou, para o dia 24 de setembro de 2020, uma assembleia geral extraordin\u00e1ria dos acionistas da companhia para aprovar a referida aquisi\u00e7\u00e3o. Isso porque a companhia julga o neg\u00f3cio como um investimento relevante.<\/p>\n<p>&#8220;No entanto, diferentemente da expectativa divulgada no Fato Relevante de 4 de agosto, verificou-se, quando da conclus\u00e3o do Laudo de Avalia\u00e7\u00e3o (colocado \u00e0 disposi\u00e7\u00e3o dos Srs. Acionistas tamb\u00e9m nesta data), que o pre\u00e7o a ser pago por quota da ISP n\u00e3o ultrapassa 1,5x o maior dos tr\u00eas valores de que trata o inciso II do Art. 256 da Lei 6.404\/76, n\u00e3o havendo, consequentemente, direito de retirada a ser assegurado ao acionista dissidente da delibera\u00e7\u00e3o&#8221;, destacou a Sinqia em comunicado.<\/p>\n<h2>Inter Construtora e Incorporadora<\/h2>\n<p>A <a href=\"https:\/\/www.suno.com.br\/acoes\/innt3\/\"><strong>Inter<\/strong> <strong>Construtora<\/strong> e Incorporadora S.A. (INNT3)<\/a> comunicou aos seus acionistas que, em reuni\u00e3o realizada na \u00faltima ter\u00e7a-feira (8), o <a href=\"https:\/\/www.suno.com.br\/artigos\/conselho-administracao\/\">Conselho de Administra\u00e7\u00e3o<\/a> da empresa aprovou a elei\u00e7\u00e3o do Sr. Matheus de \u00c1vila Ferreira Torga para os cargos de Diretor Financeiro e Diretor de Rela\u00e7\u00f5es com Investidores.<\/p>\n<h2>Cemig<\/h2>\n<p>A <a href=\"https:\/\/www.suno.com.br\/acoes\/cmig4\/\"><strong>Cemig<\/strong> (CMIG4)<\/a> informou, na noite da \u00faltima ter\u00e7a-feira (8), que a <a href=\"https:\/\/www.suno.com.br\/artigos\/por-que-eu-acho-a-blackrock-interessante\/\">BlackRock<\/a>, uma das maiores gestoras de recursos do mundo, aumentou sua participa\u00e7\u00e3o acion\u00e1ria na empresa, atingindo no dia 1\u00ba de setembro 94.888.261 a\u00e7\u00f5es preferenciais e 58.801.709 <a href=\"https:\/\/www.suno.com.br\/artigos\/adr\/\"><em>American Depositary Receipts<\/em> (ADRs)<\/a>, representativos de pap\u00e9is preferenciais. A gestora passou a deter cerca de 15,20% do total de a\u00e7\u00f5es preferenciais emitidas pela Cemig, e 2.320.928 instrumentos financeiros derivativos referenciados em a\u00e7\u00f5es preferenciais com liquida\u00e7\u00e3o financeira, representando aproximadamente 0,23% do total de a\u00e7\u00f5es preferenciais emitidas pela companhia.<\/p>\n<h2>Banco Pan<\/h2>\n<p>O<a href=\"https:\/\/www.suno.com.br\/acoes\/bpan4\/\"><strong> Banco Pan<\/strong> (BPAN4)<\/a> informou, na \u00faltima ter\u00e7a-feira (8), que o <a href=\"https:\/\/www.suno.com.br\/artigos\/fundo-soberano\/\">fundo soberano<\/a> de Cingapura GIC Private Limited (GIC) elevou sua participa\u00e7\u00e3o acion\u00e1ria na institui\u00e7\u00e3o, passando a deter 30.432.182 a\u00e7\u00f5es preferenciais do banco, o que equivale a uma participa\u00e7\u00e3o de 5,56% no Banco Pan.<\/p>\n<p>Com base no pre\u00e7o de fechamento da \u00faltima ter\u00e7a-feira, quando as a\u00e7\u00f5es do banco encerraram o preg\u00e3o negociadas a R$ 9,16, o <a href=\"https:\/\/www.suno.com.br\/artigos\/valor-de-mercado\/#:~:text=O%20Valor%20de%20Mercado%20%C3%A9,o%20patrim%C3%B4nio%20l%C3%ADquido%20da%20empresa.\"><strong>valor de mercado<\/strong><\/a> da empresa era de R$ 11,03 bilh\u00f5es. Assim, a participa\u00e7\u00e3o do Cingapura GIC Private Limited equivale a R$ 613,73 milh\u00f5es.<\/p>\n<h2>Cosan<\/h2>\n<p>A <strong>Agenda do Dia<\/strong> tamb\u00e9m traz a informa\u00e7\u00e3o sobre um IPO de uma subsidi\u00e1ria da Cosan. A <a href=\"https:\/\/www.suno.com.br\/acoes\/csan3\/\"><strong>Cosan<\/strong> S.A.(CSAN3)<\/a> informou aos seus acionistas e ao mercado em geral, na \u00faltima ter\u00e7a-feira (8), que foram divulgados nesta data o aviso ao mercado e o prospecto preliminar referentes \u00e0 oferta p\u00fablica de distribui\u00e7\u00e3o prim\u00e1ria de a\u00e7\u00f5es ordin\u00e1rias de emiss\u00e3o da <strong>Compass G\u00e1s e Energia S.A.<\/strong>, controlada da companhia. A abertura de capital ocorrer\u00e1 no Brasil, em mercado de balc\u00e3o n\u00e3o organizado, nos termos da Instru\u00e7\u00e3o da <a href=\"https:\/\/www.suno.com.br\/artigos\/cvm\/\">CVM<\/a> n\u00ba 400, de 29 de dezembro de 2003, sob a coordena\u00e7\u00e3o de institui\u00e7\u00f5es financeiras integrantes do sistema de distribui\u00e7\u00e3o de valores mobili\u00e1rios, incluindo esfor\u00e7os de coloca\u00e7\u00e3o das a\u00e7\u00f5es no exterior, segundo a Cosan.<\/p>\n<p>&#8220;O pre\u00e7o de venda das a\u00e7\u00f5es, conforme venha a ser acordado na data de precifica\u00e7\u00e3o da oferta, ser\u00e1 fixado ap\u00f3s a apura\u00e7\u00e3o do resultado do procedimento de coleta de inten\u00e7\u00f5es de investimento perante investidores institucionais, a ser realizado no Brasil e no exterior, em conformidade com o disposto no artigo 44 da Instru\u00e7\u00e3o CVM 400 (bookbuilding )&#8221;, informou a Cosan. A companhia tamb\u00e9m acrescentou que a oferta est\u00e1 sujeita \u00e0 concess\u00e3o de registro pela CVM e condi\u00e7\u00f5es de mercado.<\/p>\n<h2>Hermes Pardini<\/h2>\n<p>A <a href=\"https:\/\/www.suno.com.br\/acoes\/pard3\/\"><strong>Hermes<\/strong> <strong>Pardini<\/strong> (PARD3)<\/a> comunicou na \u00faltima ter\u00e7a-feira (8) que ir\u00e1 pagar R$ 17,7 milh\u00f5es em juros sobre o capital pr\u00f3prio (JCP), equivalente a R$ 0,1365886282 por a\u00e7\u00e3o. O pagamento do JCP acontecer\u00e1 no dia 30 de setembro.<\/p>\n<p>A <strong>Agenda<\/strong> <strong style=\"font-size: 1.21429rem;\">do<\/strong> <strong style=\"font-size: 1.21429rem;\">Dia<\/strong> do <a href=\"https:\/\/www.youtube.com\/channel\/UCWDeEIDAIi_oYKDiqwfGyRg\">Suno Not\u00edcias<\/a> mostra os principais acontecimentos que prometem movimentar o mercado durante o dia.<\/p>\n\t<p>\n\t\t<a href=\"https:\/\/lp.suno.com.br\/planilha-de-controle-de-investimentos\/\" target=\"_blank\" data-element=\"shortcode-suno-banner\" title=\"Banner SUNO, clique e saiba mais\">\n\t\t\t<picture>\n\t\t\t\t<source media=\"(max-width: 500px)\" srcset=\"https:\/\/files.sunoresearch.com.br\/n\/uploads\/2023\/03\/400x300-Controle-de-Investimentos.png\">\n\t\t\t\t<img class=\"newsContent__article__imgCapa newsContent__article__imgCapa--banner\"\n\t\t\t\t\tsrc=\"https:\/\/files.sunoresearch.com.br\/n\/uploads\/2023\/03\/1420x240-Controle-de-Investimentos.png\"\n\t\t\t\t\tdata-promo-id=\"75934\"\t\t\t\t\t\t\t\t\t\twidth='1420' height='240'\t\t\t\t\talt=\"https:\/\/files.sunoresearch.com.br\/n\/uploads\/2023\/03\/1420x240-Controle-de-Investimentos.png\"\n\t\t\t\t>\n\t\t\t<\/picture>\n\t\t<\/a>\n\t<\/p>\n\n\n","protected":false},"excerpt":{"rendered":"<p>Os assuntos da Agenda do Dia desta quarta-feira (9) prometem agitar o mercado. Leilao da Oi (OIBR3) atrai Piemonte, P\u00e1tria e Highline; disputa ocorre hoje A Agenda do Dia come\u00e7a com a not\u00edcia sobre a Oi, que informou que os credores aprovaram o aditamento ao plano de recupera\u00e7\u00e3o judicial da tele. Al\u00e9m disso, h\u00e1 tamb\u00e9m [&hellip;]<\/p>\n","protected":false},"author":19,"featured_media":83348,"comment_status":"closed","ping_status":"closed","sticky":false,"template":"","format":"standard","meta":[],"categories":[64],"tags":[1980,370,433,506,1954],"suno_strategy":[],"class_list":["post-83330","post","type-post","status-publish","format-standard","has-post-thumbnail","hentry","category-negocios","tag-agenda-do-dia","tag-banco-pan-bpan4","tag-cosan-csan3","tag-hermes-pardini-pard3","tag-sinqia-sqia3"],"yoast_head":"<!-- This site is optimized with the Yoast SEO plugin v24.4 - https:\/\/yoast.com\/wordpress\/plugins\/seo\/ -->\n<title>Agenda do Dia: Oi; Sinqia; Cemig; Cosan; Banco Pan; Hermes Pardini<\/title>\n<meta name=\"description\" content=\"Agenda do Dia: aditamento ao plano de recupera\u00e7\u00e3o judicial da Oi; aquisi\u00e7\u00e3o da Sinqia; Cemig; Cosan; Banco Pan; Hermes Pardini. Saiba mais.\" \/>\n<meta name=\"robots\" content=\"index, follow, max-snippet:-1, max-image-preview:large, max-video-preview:-1\" \/>\n<link rel=\"canonical\" href=\"https:\/\/www.suno.com.br\/noticias\/agenda-do-dia-oi-sinqia-cemig-cosan-banco-pan-hermes-pardini\/\" \/>\n<meta property=\"og:locale\" content=\"pt_BR\" \/>\n<meta property=\"og:type\" content=\"article\" \/>\n<meta property=\"og:title\" content=\"Agenda do Dia: Oi; Sinqia; Cemig; Cosan; Banco Pan; Hermes Pardini\" \/>\n<meta property=\"og:description\" content=\"Agenda do Dia: aditamento ao plano de recupera\u00e7\u00e3o judicial da Oi; aquisi\u00e7\u00e3o da Sinqia; Cemig; Cosan; Banco Pan; Hermes Pardini. Saiba mais.\" \/>\n<meta property=\"og:url\" content=\"https:\/\/www.suno.com.br\/noticias\/agenda-do-dia-oi-sinqia-cemig-cosan-banco-pan-hermes-pardini\/\" \/>\n<meta property=\"og:site_name\" content=\"Suno Not\u00edcias\" \/>\n<meta property=\"article:publisher\" content=\"https:\/\/facebook.com\/sunoresearch\" \/>\n<meta property=\"og:image\" content=\"https:\/\/files.sunoresearch.com.br\/n\/uploads\/2020\/09\/5ac21063-oi.jpg\" \/>\n\t<meta property=\"og:image:width\" content=\"679\" \/>\n\t<meta property=\"og:image:height\" content=\"452\" \/>\n\t<meta property=\"og:image:type\" content=\"image\/jpeg\" \/>\n<meta name=\"author\" content=\"Juliano Passaro\" \/>\n<meta name=\"twitter:card\" content=\"summary_large_image\" \/>\n<meta name=\"twitter:creator\" content=\"@sunoresearch\" \/>\n<meta name=\"twitter:site\" content=\"@sunoresearch\" \/>\n<meta name=\"twitter:label1\" content=\"Escrito por\" \/>\n\t<meta name=\"twitter:data1\" content=\"Juliano Passaro\" \/>\n\t<meta name=\"twitter:label2\" content=\"Est. tempo de leitura\" \/>\n\t<meta name=\"twitter:data2\" content=\"5 minutos\" \/>\n<script type=\"application\/ld+json\" class=\"yoast-schema-graph\">{\"@context\":\"https:\/\/schema.org\",\"@graph\":[{\"@type\":\"NewsArticle\",\"@id\":\"https:\/\/www.suno.com.br\/noticias\/agenda-do-dia-oi-sinqia-cemig-cosan-banco-pan-hermes-pardini\/#article\",\"isPartOf\":{\"@id\":\"https:\/\/www.suno.com.br\/noticias\/agenda-do-dia-oi-sinqia-cemig-cosan-banco-pan-hermes-pardini\/\"},\"author\":{\"name\":\"Juliano Passaro\",\"@id\":\"https:\/\/www.suno.com.br\/noticias\/#\/schema\/person\/1db762f78ffd8919a648a63e425953e3\"},\"headline\":\"Agenda do Dia: Oi; Sinqia; Cemig; Cosan; Banco Pan; Hermes Pardini\",\"datePublished\":\"2020-09-09T11:50:47+00:00\",\"dateModified\":\"2021-06-14T03:27:25+00:00\",\"mainEntityOfPage\":{\"@id\":\"https:\/\/www.suno.com.br\/noticias\/agenda-do-dia-oi-sinqia-cemig-cosan-banco-pan-hermes-pardini\/\"},\"wordCount\":987,\"publisher\":{\"@id\":\"https:\/\/www.suno.com.br\/noticias\/#organization\"},\"image\":{\"@id\":\"https:\/\/www.suno.com.br\/noticias\/agenda-do-dia-oi-sinqia-cemig-cosan-banco-pan-hermes-pardini\/#primaryimage\"},\"thumbnailUrl\":\"https:\/\/files.sunoresearch.com.br\/n\/uploads\/2020\/09\/5ac21063-oi-jpg.webp\",\"keywords\":[\"agenda do dia\",\"Banco Pan (BPAN4)\",\"Cosan (CSAN3)\",\"Hermes Pardini (PARD3)\",\"Sinqia (SQIA3)\"],\"articleSection\":[\"Neg\u00f3cios\"],\"inLanguage\":\"pt-BR\"},{\"@type\":\"WebPage\",\"@id\":\"https:\/\/www.suno.com.br\/noticias\/agenda-do-dia-oi-sinqia-cemig-cosan-banco-pan-hermes-pardini\/\",\"url\":\"https:\/\/www.suno.com.br\/noticias\/agenda-do-dia-oi-sinqia-cemig-cosan-banco-pan-hermes-pardini\/\",\"name\":\"Agenda do Dia: Oi; Sinqia; Cemig; Cosan; Banco Pan; Hermes Pardini\",\"isPartOf\":{\"@id\":\"https:\/\/www.suno.com.br\/noticias\/#website\"},\"primaryImageOfPage\":{\"@id\":\"https:\/\/www.suno.com.br\/noticias\/agenda-do-dia-oi-sinqia-cemig-cosan-banco-pan-hermes-pardini\/#primaryimage\"},\"image\":{\"@id\":\"https:\/\/www.suno.com.br\/noticias\/agenda-do-dia-oi-sinqia-cemig-cosan-banco-pan-hermes-pardini\/#primaryimage\"},\"thumbnailUrl\":\"https:\/\/files.sunoresearch.com.br\/n\/uploads\/2020\/09\/5ac21063-oi-jpg.webp\",\"datePublished\":\"2020-09-09T11:50:47+00:00\",\"dateModified\":\"2021-06-14T03:27:25+00:00\",\"description\":\"Agenda do Dia: aditamento ao plano de recupera\u00e7\u00e3o judicial da Oi; aquisi\u00e7\u00e3o da Sinqia; Cemig; Cosan; Banco Pan; Hermes Pardini. Saiba mais.\",\"breadcrumb\":{\"@id\":\"https:\/\/www.suno.com.br\/noticias\/agenda-do-dia-oi-sinqia-cemig-cosan-banco-pan-hermes-pardini\/#breadcrumb\"},\"inLanguage\":\"pt-BR\",\"potentialAction\":[{\"@type\":\"ReadAction\",\"target\":[\"https:\/\/www.suno.com.br\/noticias\/agenda-do-dia-oi-sinqia-cemig-cosan-banco-pan-hermes-pardini\/\"]}]},{\"@type\":\"ImageObject\",\"inLanguage\":\"pt-BR\",\"@id\":\"https:\/\/www.suno.com.br\/noticias\/agenda-do-dia-oi-sinqia-cemig-cosan-banco-pan-hermes-pardini\/#primaryimage\",\"url\":\"https:\/\/files.sunoresearch.com.br\/n\/uploads\/2020\/09\/5ac21063-oi-jpg.webp\",\"contentUrl\":\"https:\/\/files.sunoresearch.com.br\/n\/uploads\/2020\/09\/5ac21063-oi-jpg.webp\",\"width\":679,\"height\":452,\"caption\":\"Leilao da Oi (OIBR3) atrai Piemonte, P\u00e1tria e Highline; disputa ocorre hoje\"},{\"@type\":\"BreadcrumbList\",\"@id\":\"https:\/\/www.suno.com.br\/noticias\/agenda-do-dia-oi-sinqia-cemig-cosan-banco-pan-hermes-pardini\/#breadcrumb\",\"itemListElement\":[{\"@type\":\"ListItem\",\"position\":1,\"name\":\"Not\u00edcias\",\"item\":\"https:\/\/www.suno.com.br\/noticias\/\"},{\"@type\":\"ListItem\",\"position\":2,\"name\":\"Neg\u00f3cios\",\"item\":\"https:\/\/www.suno.com.br\/noticias\/negocios\/\"},{\"@type\":\"ListItem\",\"position\":3,\"name\":\"Agenda do Dia: Oi; Sinqia; Cemig; Cosan; Banco Pan; Hermes Pardini\"}]},{\"@type\":\"WebSite\",\"@id\":\"https:\/\/www.suno.com.br\/noticias\/#website\",\"url\":\"https:\/\/www.suno.com.br\/noticias\/\",\"name\":\"Suno Not\u00edcias\",\"description\":\"Seu portal de informa\u00e7\u00e3o sobre o mundo dos investimentos\",\"publisher\":{\"@id\":\"https:\/\/www.suno.com.br\/noticias\/#organization\"},\"potentialAction\":[{\"@type\":\"SearchAction\",\"target\":{\"@type\":\"EntryPoint\",\"urlTemplate\":\"https:\/\/www.suno.com.br\/noticias\/?s={search_term_string}\"},\"query-input\":{\"@type\":\"PropertyValueSpecification\",\"valueRequired\":true,\"valueName\":\"search_term_string\"}}],\"inLanguage\":\"pt-BR\"},{\"@type\":\"Organization\",\"@id\":\"https:\/\/www.suno.com.br\/noticias\/#organization\",\"name\":\"Suno Not\u00edcias\",\"url\":\"https:\/\/www.suno.com.br\/noticias\/\",\"logo\":{\"@type\":\"ImageObject\",\"inLanguage\":\"pt-BR\",\"@id\":\"https:\/\/www.suno.com.br\/noticias\/#\/schema\/logo\/image\/\",\"url\":\"https:\/\/files.sunoresearch.com.br\/n\/uploads\/2021\/09\/suno-logo.png\",\"contentUrl\":\"https:\/\/files.sunoresearch.com.br\/n\/uploads\/2021\/09\/suno-logo.png\",\"width\":180,\"height\":180,\"caption\":\"Suno Not\u00edcias\"},\"image\":{\"@id\":\"https:\/\/www.suno.com.br\/noticias\/#\/schema\/logo\/image\/\"},\"sameAs\":[\"https:\/\/facebook.com\/sunoresearch\",\"https:\/\/x.com\/sunoresearch\",\"https:\/\/www.instagram.com\/suno\",\"https:\/\/www.linkedin.com\/company\/suno-research\/\",\"https:\/\/www.youtube.com\/c\/sunoresearch\"]},{\"@type\":\"Person\",\"@id\":\"https:\/\/www.suno.com.br\/noticias\/#\/schema\/person\/1db762f78ffd8919a648a63e425953e3\",\"name\":\"Juliano Passaro\",\"image\":{\"@type\":\"ImageObject\",\"inLanguage\":\"pt-BR\",\"@id\":\"https:\/\/www.suno.com.br\/noticias\/#\/schema\/person\/image\/\",\"url\":\"https:\/\/secure.gravatar.com\/avatar\/743d4df28eebf6dcc46b4ad03c319e92?s=96&r=g\",\"contentUrl\":\"https:\/\/secure.gravatar.com\/avatar\/743d4df28eebf6dcc46b4ad03c319e92?s=96&r=g\",\"caption\":\"Juliano Passaro\"},\"description\":\"Juliano Passaro escreve sobre pol\u00edtica, economia e neg\u00f3cios para o portal da Suno Research. Antes da Suno, trabalhou no Portal da Band. \u00c9 formado em jornalismo pela Universidade Presbiteriana Mackenzie.\",\"url\":\"https:\/\/www.suno.com.br\/noticias\/author\/juliano\/\"}]}<\/script>\n<!-- \/ Yoast SEO plugin. -->","yoast_head_json":{"title":"Agenda do Dia: Oi; Sinqia; Cemig; Cosan; Banco Pan; Hermes Pardini","description":"Agenda do Dia: aditamento ao plano de recupera\u00e7\u00e3o judicial da Oi; aquisi\u00e7\u00e3o da Sinqia; Cemig; Cosan; Banco Pan; Hermes Pardini. Saiba mais.","robots":{"index":"index","follow":"follow","max-snippet":"max-snippet:-1","max-image-preview":"max-image-preview:large","max-video-preview":"max-video-preview:-1"},"canonical":"https:\/\/www.suno.com.br\/noticias\/agenda-do-dia-oi-sinqia-cemig-cosan-banco-pan-hermes-pardini\/","og_locale":"pt_BR","og_type":"article","og_title":"Agenda do Dia: Oi; Sinqia; Cemig; Cosan; Banco Pan; Hermes Pardini","og_description":"Agenda do Dia: aditamento ao plano de recupera\u00e7\u00e3o judicial da Oi; aquisi\u00e7\u00e3o da Sinqia; Cemig; Cosan; Banco Pan; Hermes Pardini. Saiba mais.","og_url":"https:\/\/www.suno.com.br\/noticias\/agenda-do-dia-oi-sinqia-cemig-cosan-banco-pan-hermes-pardini\/","og_site_name":"Suno Not\u00edcias","article_publisher":"https:\/\/facebook.com\/sunoresearch","og_image":[{"width":679,"height":452,"url":"https:\/\/files.sunoresearch.com.br\/n\/uploads\/2020\/09\/5ac21063-oi.jpg","type":"image\/jpeg"}],"author":"Juliano Passaro","twitter_card":"summary_large_image","twitter_creator":"@sunoresearch","twitter_site":"@sunoresearch","twitter_misc":{"Escrito por":"Juliano Passaro","Est. tempo de leitura":"5 minutos"},"schema":{"@context":"https:\/\/schema.org","@graph":[{"@type":"NewsArticle","@id":"https:\/\/www.suno.com.br\/noticias\/agenda-do-dia-oi-sinqia-cemig-cosan-banco-pan-hermes-pardini\/#article","isPartOf":{"@id":"https:\/\/www.suno.com.br\/noticias\/agenda-do-dia-oi-sinqia-cemig-cosan-banco-pan-hermes-pardini\/"},"author":{"name":"Juliano Passaro","@id":"https:\/\/www.suno.com.br\/noticias\/#\/schema\/person\/1db762f78ffd8919a648a63e425953e3"},"headline":"Agenda do Dia: Oi; Sinqia; Cemig; Cosan; Banco Pan; Hermes Pardini","datePublished":"2020-09-09T11:50:47+00:00","dateModified":"2021-06-14T03:27:25+00:00","mainEntityOfPage":{"@id":"https:\/\/www.suno.com.br\/noticias\/agenda-do-dia-oi-sinqia-cemig-cosan-banco-pan-hermes-pardini\/"},"wordCount":987,"publisher":{"@id":"https:\/\/www.suno.com.br\/noticias\/#organization"},"image":{"@id":"https:\/\/www.suno.com.br\/noticias\/agenda-do-dia-oi-sinqia-cemig-cosan-banco-pan-hermes-pardini\/#primaryimage"},"thumbnailUrl":"https:\/\/files.sunoresearch.com.br\/n\/uploads\/2020\/09\/5ac21063-oi-jpg.webp","keywords":["agenda do dia","Banco Pan (BPAN4)","Cosan (CSAN3)","Hermes Pardini (PARD3)","Sinqia (SQIA3)"],"articleSection":["Neg\u00f3cios"],"inLanguage":"pt-BR"},{"@type":"WebPage","@id":"https:\/\/www.suno.com.br\/noticias\/agenda-do-dia-oi-sinqia-cemig-cosan-banco-pan-hermes-pardini\/","url":"https:\/\/www.suno.com.br\/noticias\/agenda-do-dia-oi-sinqia-cemig-cosan-banco-pan-hermes-pardini\/","name":"Agenda do Dia: Oi; Sinqia; Cemig; Cosan; Banco Pan; Hermes Pardini","isPartOf":{"@id":"https:\/\/www.suno.com.br\/noticias\/#website"},"primaryImageOfPage":{"@id":"https:\/\/www.suno.com.br\/noticias\/agenda-do-dia-oi-sinqia-cemig-cosan-banco-pan-hermes-pardini\/#primaryimage"},"image":{"@id":"https:\/\/www.suno.com.br\/noticias\/agenda-do-dia-oi-sinqia-cemig-cosan-banco-pan-hermes-pardini\/#primaryimage"},"thumbnailUrl":"https:\/\/files.sunoresearch.com.br\/n\/uploads\/2020\/09\/5ac21063-oi-jpg.webp","datePublished":"2020-09-09T11:50:47+00:00","dateModified":"2021-06-14T03:27:25+00:00","description":"Agenda do Dia: aditamento ao plano de recupera\u00e7\u00e3o judicial da Oi; aquisi\u00e7\u00e3o da Sinqia; Cemig; Cosan; Banco Pan; Hermes Pardini. Saiba mais.","breadcrumb":{"@id":"https:\/\/www.suno.com.br\/noticias\/agenda-do-dia-oi-sinqia-cemig-cosan-banco-pan-hermes-pardini\/#breadcrumb"},"inLanguage":"pt-BR","potentialAction":[{"@type":"ReadAction","target":["https:\/\/www.suno.com.br\/noticias\/agenda-do-dia-oi-sinqia-cemig-cosan-banco-pan-hermes-pardini\/"]}]},{"@type":"ImageObject","inLanguage":"pt-BR","@id":"https:\/\/www.suno.com.br\/noticias\/agenda-do-dia-oi-sinqia-cemig-cosan-banco-pan-hermes-pardini\/#primaryimage","url":"https:\/\/files.sunoresearch.com.br\/n\/uploads\/2020\/09\/5ac21063-oi-jpg.webp","contentUrl":"https:\/\/files.sunoresearch.com.br\/n\/uploads\/2020\/09\/5ac21063-oi-jpg.webp","width":679,"height":452,"caption":"Leilao da Oi (OIBR3) atrai Piemonte, P\u00e1tria e Highline; disputa ocorre hoje"},{"@type":"BreadcrumbList","@id":"https:\/\/www.suno.com.br\/noticias\/agenda-do-dia-oi-sinqia-cemig-cosan-banco-pan-hermes-pardini\/#breadcrumb","itemListElement":[{"@type":"ListItem","position":1,"name":"Not\u00edcias","item":"https:\/\/www.suno.com.br\/noticias\/"},{"@type":"ListItem","position":2,"name":"Neg\u00f3cios","item":"https:\/\/www.suno.com.br\/noticias\/negocios\/"},{"@type":"ListItem","position":3,"name":"Agenda do Dia: Oi; Sinqia; Cemig; Cosan; Banco Pan; Hermes Pardini"}]},{"@type":"WebSite","@id":"https:\/\/www.suno.com.br\/noticias\/#website","url":"https:\/\/www.suno.com.br\/noticias\/","name":"Suno Not\u00edcias","description":"Seu portal de informa\u00e7\u00e3o sobre o mundo dos investimentos","publisher":{"@id":"https:\/\/www.suno.com.br\/noticias\/#organization"},"potentialAction":[{"@type":"SearchAction","target":{"@type":"EntryPoint","urlTemplate":"https:\/\/www.suno.com.br\/noticias\/?s={search_term_string}"},"query-input":{"@type":"PropertyValueSpecification","valueRequired":true,"valueName":"search_term_string"}}],"inLanguage":"pt-BR"},{"@type":"Organization","@id":"https:\/\/www.suno.com.br\/noticias\/#organization","name":"Suno Not\u00edcias","url":"https:\/\/www.suno.com.br\/noticias\/","logo":{"@type":"ImageObject","inLanguage":"pt-BR","@id":"https:\/\/www.suno.com.br\/noticias\/#\/schema\/logo\/image\/","url":"https:\/\/files.sunoresearch.com.br\/n\/uploads\/2021\/09\/suno-logo.png","contentUrl":"https:\/\/files.sunoresearch.com.br\/n\/uploads\/2021\/09\/suno-logo.png","width":180,"height":180,"caption":"Suno Not\u00edcias"},"image":{"@id":"https:\/\/www.suno.com.br\/noticias\/#\/schema\/logo\/image\/"},"sameAs":["https:\/\/facebook.com\/sunoresearch","https:\/\/x.com\/sunoresearch","https:\/\/www.instagram.com\/suno","https:\/\/www.linkedin.com\/company\/suno-research\/","https:\/\/www.youtube.com\/c\/sunoresearch"]},{"@type":"Person","@id":"https:\/\/www.suno.com.br\/noticias\/#\/schema\/person\/1db762f78ffd8919a648a63e425953e3","name":"Juliano Passaro","image":{"@type":"ImageObject","inLanguage":"pt-BR","@id":"https:\/\/www.suno.com.br\/noticias\/#\/schema\/person\/image\/","url":"https:\/\/secure.gravatar.com\/avatar\/743d4df28eebf6dcc46b4ad03c319e92?s=96&r=g","contentUrl":"https:\/\/secure.gravatar.com\/avatar\/743d4df28eebf6dcc46b4ad03c319e92?s=96&r=g","caption":"Juliano Passaro"},"description":"Juliano Passaro escreve sobre pol\u00edtica, economia e neg\u00f3cios para o portal da Suno Research. Antes da Suno, trabalhou no Portal da Band. \u00c9 formado em jornalismo pela Universidade Presbiteriana Mackenzie.","url":"https:\/\/www.suno.com.br\/noticias\/author\/juliano\/"}]}},"default_loop_html":"<div class=\"cardsPage__listCard__boxs\"><div class=\"cardsPage__listCard__boxs__img\"><a href=\"https:\/\/www.suno.com.br\/noticias\/agenda-do-dia-oi-sinqia-cemig-cosan-banco-pan-hermes-pardini\/\"><img class=\"mask\" src=\"https:\/\/www.suno.com.br\/noticias\/wp-content\/themes\/suno\/resources\/images\/spotlight\/spotlight1img\/bg-mask.png\" alt=\"Image Mask\"\/><img src=\"https:\/\/files.sunoresearch.com.br\/n\/uploads\/2020\/09\/5ac21063-oi-400x200.webp\" alt=\"Agenda do Dia: Oi; Sinqia; Cemig; Cosan; Banco Pan; Hermes Pardini\"\/><\/a><span class=\"spotlightCategory\"><a href=\"https:\/\/www.suno.com.br\/noticias\/negocios\/\">Neg\u00f3cios<\/a><\/span><\/div><div class=\"cardsPage__listCard__boxs__content\"><a href=\"https:\/\/www.suno.com.br\/noticias\/agenda-do-dia-oi-sinqia-cemig-cosan-banco-pan-hermes-pardini\/\"><h2 class=\"content__title\">Agenda do Dia: Oi; Sinqia; Cemig; Cosan; Banco Pan; Hermes Pardini<\/h2><\/a><div class=\"newsContent__article__meta\"><div class=\"newsContent__article__meta__authorBox\"><a href=\"https:\/\/www.suno.com.br\/noticias\/author\/juliano\/\" class=\"authorBox__avatar noMobi\"><img src=\"https:\/\/files.sunoresearch.com.br\/n\/uploads\/2019\/06\/7cc3efea-whatsapp-image-2019-07-18-at-21.59.33-e1563499821209-150x150.webp\" alt=\"Juliano Passaro\"><\/a><div class=\"authorBox__name\"><span>por\n\t\t\t<a href=\"https:\/\/www.suno.com.br\/noticias\/author\/juliano\/\"><span itemprop=\"author\">Juliano Passaro<\/span><\/a><\/span><time datetime=\"2020-09-09T08:50:47-03:00\" itemprop=\"datePublished\">09\/09\/2020 08:50<\/time><\/div><\/div><\/div><\/div><\/div>","single_layout":"posts","amp_enabled":true,"_links":{"self":[{"href":"https:\/\/www.suno.com.br\/noticias\/wp-json\/wp\/v2\/posts\/83330"}],"collection":[{"href":"https:\/\/www.suno.com.br\/noticias\/wp-json\/wp\/v2\/posts"}],"about":[{"href":"https:\/\/www.suno.com.br\/noticias\/wp-json\/wp\/v2\/types\/post"}],"author":[{"embeddable":true,"href":"https:\/\/www.suno.com.br\/noticias\/wp-json\/wp\/v2\/users\/19"}],"replies":[{"embeddable":true,"href":"https:\/\/www.suno.com.br\/noticias\/wp-json\/wp\/v2\/comments?post=83330"}],"version-history":[{"count":1,"href":"https:\/\/www.suno.com.br\/noticias\/wp-json\/wp\/v2\/posts\/83330\/revisions"}],"predecessor-version":[{"id":157524,"href":"https:\/\/www.suno.com.br\/noticias\/wp-json\/wp\/v2\/posts\/83330\/revisions\/157524"}],"wp:featuredmedia":[{"embeddable":true,"href":"https:\/\/www.suno.com.br\/noticias\/wp-json\/wp\/v2\/media\/83348"}],"wp:attachment":[{"href":"https:\/\/www.suno.com.br\/noticias\/wp-json\/wp\/v2\/media?parent=83330"}],"wp:term":[{"taxonomy":"category","embeddable":true,"href":"https:\/\/www.suno.com.br\/noticias\/wp-json\/wp\/v2\/categories?post=83330"},{"taxonomy":"post_tag","embeddable":true,"href":"https:\/\/www.suno.com.br\/noticias\/wp-json\/wp\/v2\/tags?post=83330"},{"taxonomy":"suno_strategy","embeddable":true,"href":"https:\/\/www.suno.com.br\/noticias\/wp-json\/wp\/v2\/suno_strategy?post=83330"}],"curies":[{"name":"wp","href":"https:\/\/api.w.org\/{rel}","templated":true}]}}