{"id":83313,"date":"2020-09-09T07:44:13","date_gmt":"2020-09-09T10:44:13","guid":{"rendered":"https:\/\/www.suno.com.br\/noticias\/?p=83313"},"modified":"2020-09-09T10:16:25","modified_gmt":"2020-09-09T13:16:25","slug":"oi-oibr3-credores-aprovam-aditamento-plano-recuperacao-judicial","status":"publish","type":"post","link":"https:\/\/www.suno.com.br\/noticias\/oi-oibr3-credores-aprovam-aditamento-plano-recuperacao-judicial\/","title":{"rendered":"Oi (OIBR3): Credores aprovam aditamento ao plano de recupera\u00e7\u00e3o judicial"},"content":{"rendered":"<p>A <a href=\"https:\/\/www.suno.com.br\/acoes\/oibr3\/\"><strong>Oi S.A. (OIBR3)<\/strong><\/a> informou aos seus acionistas e ao mercado em geral que, na \u00faltima ter\u00e7a-feira (8), os credores da companhia e suas subsidi\u00e1rias aprovaram o aditamento ao Plano de Recupera\u00e7\u00e3o Judicial com ajustes negociados entre as partes.<\/p>\t<div class=\"wrapper-featured-image\">\n\t\t<figure class=\"spotlightImg\">\n\n\t\t\t<picture>\n\t\t\t\t<source media=\"(max-width: 768px)\" srcset=\"https:\/\/files.sunoresearch.com.br\/n\/uploads\/2020\/09\/01a9c462-oi-400x200.webp\">\n\t\t\t\t<img loading=\"lazy\" decoding=\"async\" class=\"newsContent__article__imgCapa lazyloadDisabled \" src=\"https:\/\/files.sunoresearch.com.br\/n\/uploads\/2020\/09\/01a9c462-oi-800x450.webp\" width=\"800\" height=\"450\" alt=\"Oi (OIBR3): Credores aprovam aditamento ao plano de recupera\u00e7\u00e3o judicial\" fetchpriority=high \/>\n\t\t\t<\/picture>\n\n\t\t\t<figcaption class=\"wp-caption-text wp-caption-text--show\">Oi (OIBR3) contrata consultoria para avaliar conselho de administra\u00e7\u00e3o<\/figcaption>\n\t\t<\/figure>\n\t<\/div>\n\n\n<div class=\"hubspot-form-wrapper\">\n\t<div id=\"single-form-target\"><\/div>\n<\/div>\n\n<p>A proposta de reformula\u00e7\u00e3o do plano original prev\u00ea a venda de redes m\u00f3veis, torres, data centers e parte da rede de fibra \u00f3tica, levantando mais de R$ 22 bilh\u00f5es. O dinheiro ser\u00e1 utilizado para o pagamento antecipado de d\u00edvidas, com cortes dos valores na faixa de 50% a 55%, al\u00e9m de sustentar os investimentos futuros. Ap\u00f3s a aliena\u00e7\u00e3o dos ativos, a Oi espera reduzir o endividamento e concluir a recupera\u00e7\u00e3o judicial em maio de 2022.<\/p>\n<p>O aditamento ao PRJ ser\u00e1 submetido \u00e0 homologa\u00e7\u00e3o do Ju\u00edzo da 7\u00aa Vara Empresarial da Comarca da Capital do Estado do Rio de Janeiro, nos termos da lei, de acordo com a tele. A Oi conta com 25 mil credores, dos quais mais de 5 mil se cadastraram para participar do evento.<\/p>\n<p><a href=\"https:\/\/lp.suno.com.br\/suno-one\/\">No Suno One voc\u00ea aprende a fazer seu dinheiro trabalhar para voc\u00ea. Cadastre-se gratuitamente agora!<\/a><\/p>\n<p>A diretoria da Oi informou que acredita que o aditamento ao seu plano de recupera\u00e7\u00e3o judicial aprovado atende a todas as partes interessadas de forma equilibrada, al\u00e9m de garantir &#8220;a viabilidade operacional, maior flexibilidade e efici\u00eancia financeiras e a sustentabilidade das Recuperandas, com a execu\u00e7\u00e3o do Plano de Recupera\u00e7\u00e3o Judicial e do Plano Estrat\u00e9gico de Transforma\u00e7\u00e3o, o reposicionamento da Companhia e a cria\u00e7\u00e3o de valor para todos os seus stakeholders&#8221;.<\/p>\n<h2>Oi aceita proposta vinculante de cons\u00f3rcio de operadoras<\/h2>\n<p>A Oi comunicou, na noite da \u00faltima segunda-feira (7), que aceitou a proposta vinculante do cons\u00f3rcio formado por <a href=\"https:\/\/www.suno.com.br\/acoes\/vivt4\/\"><strong>Vivo<\/strong> (VIVT4)<\/a>, <a href=\"https:\/\/www.suno.com.br\/acoes\/timp3\/\"><strong>TIM<\/strong> (TIMP3)<\/a> e Claro para a venda de sua opera\u00e7\u00e3o m\u00f3vel.\u00a0Segundo o comunicado, o processo competitivo foi vencido pelas operadoras mediante \u00e0 oferta de R$ 16,5 bilh\u00f5es, dos quais R$ 756 milh\u00f5es referem-se a servi\u00e7os de transi\u00e7\u00e3o a serem prestados por at\u00e9 12 meses pela Oi \u00e0s concorrentes.<\/p>\n\t<div data-element=\"shortcode-read-more\" class=\"knowMore\">\n\t\t\t\t<span class=\"knowMore__title\">Veja tamb\u00e9m<\/span>\n\t\t\t\t<a class=\"knowMore__link\" href=\"https:\/\/www.suno.com.br\/noticias\/oi-oibr3-leilao-dois-turnos-assembleia-credores\/\">\n\t\t\tOi (OIBR3) prop\u00f5e leil\u00e3o em dois turnos em assembleia com credores\t\t<\/a>\n\t<\/div>\n\n\n<p>O acordo tamb\u00e9m foi acrescido do compromisso de celebra\u00e7\u00e3o de contratos de longo prazo de presta\u00e7\u00e3o de servi\u00e7os de capacidade de transmiss\u00e3o junto \u00e0 tele brasileira, na modalidade take or pay. O <a href=\"https:\/\/www.suno.com.br\/artigos\/valor-presente-liquido\/\">valor presente l\u00edquido (<strong>VPL<\/strong>)<\/a> da opera\u00e7\u00e3o, calculado para fins previstos no processo de <a href=\"https:\/\/www.suno.com.br\/artigos\/recuperacao-judicial\/\">recupera\u00e7\u00e3o judicial<\/a> da empresa, \u00e9 de R$ 819 milh\u00f5es.<\/p>\n<p>A <strong>Oi<\/strong> destacou que o cons\u00f3rcio das operadoras ser\u00e1 qualificado para participar do processo competitivo de aliena\u00e7\u00e3o da UPI Ativos M\u00f3veis, com sua proposta vinculante na condi\u00e7\u00e3o de <em>stalking horse<\/em>.<\/p>\n<p><em>Com informa\u00e7\u00f5es do Estad\u00e3o Conte\u00fado<\/em><\/p>\n\t<p>\n\t\t<a href=\"https:\/\/lp.suno.com.br\/planilha-de-controle-de-investimentos\/\" target=\"_blank\" data-element=\"shortcode-suno-banner\" title=\"Banner SUNO, clique e saiba mais\">\n\t\t\t<picture>\n\t\t\t\t<source media=\"(max-width: 500px)\" srcset=\"https:\/\/files.sunoresearch.com.br\/n\/uploads\/2023\/03\/400x300-Controle-de-Investimentos.png\">\n\t\t\t\t<img class=\"newsContent__article__imgCapa newsContent__article__imgCapa--banner\"\n\t\t\t\t\tsrc=\"https:\/\/files.sunoresearch.com.br\/n\/uploads\/2023\/03\/1420x240-Controle-de-Investimentos.png\"\n\t\t\t\t\tdata-promo-id=\"75934\"\t\t\t\t\t\t\t\t\t\twidth='1420' height='240'\t\t\t\t\talt=\"https:\/\/files.sunoresearch.com.br\/n\/uploads\/2023\/03\/1420x240-Controle-de-Investimentos.png\"\n\t\t\t\t>\n\t\t\t<\/picture>\n\t\t<\/a>\n\t<\/p>\n\n\n","protected":false},"excerpt":{"rendered":"<p>A Oi S.A. (OIBR3) informou aos seus acionistas e ao mercado em geral que, na \u00faltima ter\u00e7a-feira (8), os credores da companhia e suas subsidi\u00e1rias aprovaram o aditamento ao Plano de Recupera\u00e7\u00e3o Judicial com ajustes negociados entre as partes. Oi (OIBR3) contrata consultoria para avaliar conselho de administra\u00e7\u00e3o A proposta de reformula\u00e7\u00e3o do plano original [&hellip;]<\/p>\n","protected":false},"author":19,"featured_media":83176,"comment_status":"closed","ping_status":"closed","sticky":false,"template":"","format":"standard","meta":[],"categories":[64],"tags":[584],"suno_strategy":[],"class_list":["post-83313","post","type-post","status-publish","format-standard","has-post-thumbnail","hentry","category-negocios","tag-oi-oibr3-oibr4"],"yoast_head":"<!-- This site is optimized with the Yoast SEO plugin v24.4 - https:\/\/yoast.com\/wordpress\/plugins\/seo\/ -->\n<title>Oi (OIBR3): Credores aprovam mudan\u00e7a no plano de restrutura\u00e7\u00e3o<\/title>\n<meta name=\"description\" content=\"A Oi (OIBR3) informou que os credores aprovaram o aditamento ao Plano de Recupera\u00e7\u00e3o Judicial original. Saiba mais.\" \/>\n<meta name=\"robots\" content=\"index, follow, max-snippet:-1, max-image-preview:large, max-video-preview:-1\" \/>\n<link rel=\"canonical\" href=\"https:\/\/www.suno.com.br\/noticias\/oi-oibr3-credores-aprovam-aditamento-plano-recuperacao-judicial\/\" \/>\n<meta property=\"og:locale\" content=\"pt_BR\" \/>\n<meta property=\"og:type\" content=\"article\" \/>\n<meta property=\"og:title\" content=\"Oi (OIBR3): Credores aprovam mudan\u00e7a no plano de restrutura\u00e7\u00e3o\" \/>\n<meta property=\"og:description\" content=\"A Oi (OIBR3) informou que os credores aprovaram o aditamento ao Plano de Recupera\u00e7\u00e3o Judicial original. Saiba mais.\" \/>\n<meta property=\"og:url\" content=\"https:\/\/www.suno.com.br\/noticias\/oi-oibr3-credores-aprovam-aditamento-plano-recuperacao-judicial\/\" \/>\n<meta property=\"og:site_name\" content=\"Suno Not\u00edcias\" \/>\n<meta property=\"article:publisher\" content=\"https:\/\/facebook.com\/sunoresearch\" \/>\n<meta property=\"og:image\" content=\"https:\/\/files.sunoresearch.com.br\/n\/uploads\/2020\/09\/01a9c462-oi.jpg\" \/>\n\t<meta property=\"og:image:width\" content=\"992\" \/>\n\t<meta property=\"og:image:height\" content=\"680\" \/>\n\t<meta property=\"og:image:type\" content=\"image\/jpeg\" \/>\n<meta name=\"author\" content=\"Juliano Passaro\" \/>\n<meta name=\"twitter:card\" content=\"summary_large_image\" \/>\n<meta name=\"twitter:creator\" content=\"@sunoresearch\" \/>\n<meta name=\"twitter:site\" content=\"@sunoresearch\" \/>\n<meta name=\"twitter:label1\" content=\"Escrito por\" \/>\n\t<meta name=\"twitter:data1\" content=\"Juliano Passaro\" \/>\n\t<meta name=\"twitter:label2\" content=\"Est. tempo de leitura\" \/>\n\t<meta name=\"twitter:data2\" content=\"2 minutos\" \/>\n<script type=\"application\/ld+json\" class=\"yoast-schema-graph\">{\"@context\":\"https:\/\/schema.org\",\"@graph\":[{\"@type\":\"NewsArticle\",\"@id\":\"https:\/\/www.suno.com.br\/noticias\/oi-oibr3-credores-aprovam-aditamento-plano-recuperacao-judicial\/#article\",\"isPartOf\":{\"@id\":\"https:\/\/www.suno.com.br\/noticias\/oi-oibr3-credores-aprovam-aditamento-plano-recuperacao-judicial\/\"},\"author\":{\"name\":\"Juliano Passaro\",\"@id\":\"https:\/\/www.suno.com.br\/noticias\/#\/schema\/person\/1db762f78ffd8919a648a63e425953e3\"},\"headline\":\"Oi (OIBR3): Credores aprovam aditamento ao plano de recupera\u00e7\u00e3o judicial\",\"datePublished\":\"2020-09-09T10:44:13+00:00\",\"dateModified\":\"2020-09-09T13:16:25+00:00\",\"mainEntityOfPage\":{\"@id\":\"https:\/\/www.suno.com.br\/noticias\/oi-oibr3-credores-aprovam-aditamento-plano-recuperacao-judicial\/\"},\"wordCount\":481,\"publisher\":{\"@id\":\"https:\/\/www.suno.com.br\/noticias\/#organization\"},\"image\":{\"@id\":\"https:\/\/www.suno.com.br\/noticias\/oi-oibr3-credores-aprovam-aditamento-plano-recuperacao-judicial\/#primaryimage\"},\"thumbnailUrl\":\"https:\/\/files.sunoresearch.com.br\/n\/uploads\/2020\/09\/01a9c462-oi-jpg.webp\",\"keywords\":[\"Oi (OIBR3\/OIBR4)\"],\"articleSection\":[\"Neg\u00f3cios\"],\"inLanguage\":\"pt-BR\"},{\"@type\":\"WebPage\",\"@id\":\"https:\/\/www.suno.com.br\/noticias\/oi-oibr3-credores-aprovam-aditamento-plano-recuperacao-judicial\/\",\"url\":\"https:\/\/www.suno.com.br\/noticias\/oi-oibr3-credores-aprovam-aditamento-plano-recuperacao-judicial\/\",\"name\":\"Oi (OIBR3): Credores aprovam mudan\u00e7a no plano de restrutura\u00e7\u00e3o\",\"isPartOf\":{\"@id\":\"https:\/\/www.suno.com.br\/noticias\/#website\"},\"primaryImageOfPage\":{\"@id\":\"https:\/\/www.suno.com.br\/noticias\/oi-oibr3-credores-aprovam-aditamento-plano-recuperacao-judicial\/#primaryimage\"},\"image\":{\"@id\":\"https:\/\/www.suno.com.br\/noticias\/oi-oibr3-credores-aprovam-aditamento-plano-recuperacao-judicial\/#primaryimage\"},\"thumbnailUrl\":\"https:\/\/files.sunoresearch.com.br\/n\/uploads\/2020\/09\/01a9c462-oi-jpg.webp\",\"datePublished\":\"2020-09-09T10:44:13+00:00\",\"dateModified\":\"2020-09-09T13:16:25+00:00\",\"description\":\"A Oi (OIBR3) informou que os credores aprovaram o aditamento ao Plano de Recupera\u00e7\u00e3o Judicial original. Saiba mais.\",\"breadcrumb\":{\"@id\":\"https:\/\/www.suno.com.br\/noticias\/oi-oibr3-credores-aprovam-aditamento-plano-recuperacao-judicial\/#breadcrumb\"},\"inLanguage\":\"pt-BR\",\"potentialAction\":[{\"@type\":\"ReadAction\",\"target\":[\"https:\/\/www.suno.com.br\/noticias\/oi-oibr3-credores-aprovam-aditamento-plano-recuperacao-judicial\/\"]}]},{\"@type\":\"ImageObject\",\"inLanguage\":\"pt-BR\",\"@id\":\"https:\/\/www.suno.com.br\/noticias\/oi-oibr3-credores-aprovam-aditamento-plano-recuperacao-judicial\/#primaryimage\",\"url\":\"https:\/\/files.sunoresearch.com.br\/n\/uploads\/2020\/09\/01a9c462-oi-jpg.webp\",\"contentUrl\":\"https:\/\/files.sunoresearch.com.br\/n\/uploads\/2020\/09\/01a9c462-oi-jpg.webp\",\"width\":992,\"height\":680,\"caption\":\"Oi (OIBR3) contrata consultoria para avaliar conselho de administra\u00e7\u00e3o\"},{\"@type\":\"BreadcrumbList\",\"@id\":\"https:\/\/www.suno.com.br\/noticias\/oi-oibr3-credores-aprovam-aditamento-plano-recuperacao-judicial\/#breadcrumb\",\"itemListElement\":[{\"@type\":\"ListItem\",\"position\":1,\"name\":\"Not\u00edcias\",\"item\":\"https:\/\/www.suno.com.br\/noticias\/\"},{\"@type\":\"ListItem\",\"position\":2,\"name\":\"Neg\u00f3cios\",\"item\":\"https:\/\/www.suno.com.br\/noticias\/negocios\/\"},{\"@type\":\"ListItem\",\"position\":3,\"name\":\"Oi (OIBR3): Credores aprovam aditamento ao plano de recupera\u00e7\u00e3o judicial\"}]},{\"@type\":\"WebSite\",\"@id\":\"https:\/\/www.suno.com.br\/noticias\/#website\",\"url\":\"https:\/\/www.suno.com.br\/noticias\/\",\"name\":\"Suno Not\u00edcias\",\"description\":\"Seu portal de informa\u00e7\u00e3o sobre o mundo dos investimentos\",\"publisher\":{\"@id\":\"https:\/\/www.suno.com.br\/noticias\/#organization\"},\"potentialAction\":[{\"@type\":\"SearchAction\",\"target\":{\"@type\":\"EntryPoint\",\"urlTemplate\":\"https:\/\/www.suno.com.br\/noticias\/?s={search_term_string}\"},\"query-input\":{\"@type\":\"PropertyValueSpecification\",\"valueRequired\":true,\"valueName\":\"search_term_string\"}}],\"inLanguage\":\"pt-BR\"},{\"@type\":\"Organization\",\"@id\":\"https:\/\/www.suno.com.br\/noticias\/#organization\",\"name\":\"Suno Not\u00edcias\",\"url\":\"https:\/\/www.suno.com.br\/noticias\/\",\"logo\":{\"@type\":\"ImageObject\",\"inLanguage\":\"pt-BR\",\"@id\":\"https:\/\/www.suno.com.br\/noticias\/#\/schema\/logo\/image\/\",\"url\":\"https:\/\/files.sunoresearch.com.br\/n\/uploads\/2021\/09\/suno-logo.png\",\"contentUrl\":\"https:\/\/files.sunoresearch.com.br\/n\/uploads\/2021\/09\/suno-logo.png\",\"width\":180,\"height\":180,\"caption\":\"Suno Not\u00edcias\"},\"image\":{\"@id\":\"https:\/\/www.suno.com.br\/noticias\/#\/schema\/logo\/image\/\"},\"sameAs\":[\"https:\/\/facebook.com\/sunoresearch\",\"https:\/\/x.com\/sunoresearch\",\"https:\/\/www.instagram.com\/suno\",\"https:\/\/www.linkedin.com\/company\/suno-research\/\",\"https:\/\/www.youtube.com\/c\/sunoresearch\"]},{\"@type\":\"Person\",\"@id\":\"https:\/\/www.suno.com.br\/noticias\/#\/schema\/person\/1db762f78ffd8919a648a63e425953e3\",\"name\":\"Juliano Passaro\",\"image\":{\"@type\":\"ImageObject\",\"inLanguage\":\"pt-BR\",\"@id\":\"https:\/\/www.suno.com.br\/noticias\/#\/schema\/person\/image\/\",\"url\":\"https:\/\/secure.gravatar.com\/avatar\/743d4df28eebf6dcc46b4ad03c319e92?s=96&r=g\",\"contentUrl\":\"https:\/\/secure.gravatar.com\/avatar\/743d4df28eebf6dcc46b4ad03c319e92?s=96&r=g\",\"caption\":\"Juliano Passaro\"},\"description\":\"Juliano Passaro escreve sobre pol\u00edtica, economia e neg\u00f3cios para o portal da Suno Research. Antes da Suno, trabalhou no Portal da Band. \u00c9 formado em jornalismo pela Universidade Presbiteriana Mackenzie.\",\"url\":\"https:\/\/www.suno.com.br\/noticias\/author\/juliano\/\"}]}<\/script>\n<!-- \/ Yoast SEO plugin. -->","yoast_head_json":{"title":"Oi (OIBR3): Credores aprovam mudan\u00e7a no plano de restrutura\u00e7\u00e3o","description":"A Oi (OIBR3) informou que os credores aprovaram o aditamento ao Plano de Recupera\u00e7\u00e3o Judicial original. Saiba mais.","robots":{"index":"index","follow":"follow","max-snippet":"max-snippet:-1","max-image-preview":"max-image-preview:large","max-video-preview":"max-video-preview:-1"},"canonical":"https:\/\/www.suno.com.br\/noticias\/oi-oibr3-credores-aprovam-aditamento-plano-recuperacao-judicial\/","og_locale":"pt_BR","og_type":"article","og_title":"Oi (OIBR3): Credores aprovam mudan\u00e7a no plano de restrutura\u00e7\u00e3o","og_description":"A Oi (OIBR3) informou que os credores aprovaram o aditamento ao Plano de Recupera\u00e7\u00e3o Judicial original. Saiba mais.","og_url":"https:\/\/www.suno.com.br\/noticias\/oi-oibr3-credores-aprovam-aditamento-plano-recuperacao-judicial\/","og_site_name":"Suno Not\u00edcias","article_publisher":"https:\/\/facebook.com\/sunoresearch","og_image":[{"width":992,"height":680,"url":"https:\/\/files.sunoresearch.com.br\/n\/uploads\/2020\/09\/01a9c462-oi.jpg","type":"image\/jpeg"}],"author":"Juliano Passaro","twitter_card":"summary_large_image","twitter_creator":"@sunoresearch","twitter_site":"@sunoresearch","twitter_misc":{"Escrito por":"Juliano Passaro","Est. tempo de leitura":"2 minutos"},"schema":{"@context":"https:\/\/schema.org","@graph":[{"@type":"NewsArticle","@id":"https:\/\/www.suno.com.br\/noticias\/oi-oibr3-credores-aprovam-aditamento-plano-recuperacao-judicial\/#article","isPartOf":{"@id":"https:\/\/www.suno.com.br\/noticias\/oi-oibr3-credores-aprovam-aditamento-plano-recuperacao-judicial\/"},"author":{"name":"Juliano Passaro","@id":"https:\/\/www.suno.com.br\/noticias\/#\/schema\/person\/1db762f78ffd8919a648a63e425953e3"},"headline":"Oi (OIBR3): Credores aprovam aditamento ao plano de recupera\u00e7\u00e3o judicial","datePublished":"2020-09-09T10:44:13+00:00","dateModified":"2020-09-09T13:16:25+00:00","mainEntityOfPage":{"@id":"https:\/\/www.suno.com.br\/noticias\/oi-oibr3-credores-aprovam-aditamento-plano-recuperacao-judicial\/"},"wordCount":481,"publisher":{"@id":"https:\/\/www.suno.com.br\/noticias\/#organization"},"image":{"@id":"https:\/\/www.suno.com.br\/noticias\/oi-oibr3-credores-aprovam-aditamento-plano-recuperacao-judicial\/#primaryimage"},"thumbnailUrl":"https:\/\/files.sunoresearch.com.br\/n\/uploads\/2020\/09\/01a9c462-oi-jpg.webp","keywords":["Oi (OIBR3\/OIBR4)"],"articleSection":["Neg\u00f3cios"],"inLanguage":"pt-BR"},{"@type":"WebPage","@id":"https:\/\/www.suno.com.br\/noticias\/oi-oibr3-credores-aprovam-aditamento-plano-recuperacao-judicial\/","url":"https:\/\/www.suno.com.br\/noticias\/oi-oibr3-credores-aprovam-aditamento-plano-recuperacao-judicial\/","name":"Oi (OIBR3): Credores aprovam mudan\u00e7a no plano de restrutura\u00e7\u00e3o","isPartOf":{"@id":"https:\/\/www.suno.com.br\/noticias\/#website"},"primaryImageOfPage":{"@id":"https:\/\/www.suno.com.br\/noticias\/oi-oibr3-credores-aprovam-aditamento-plano-recuperacao-judicial\/#primaryimage"},"image":{"@id":"https:\/\/www.suno.com.br\/noticias\/oi-oibr3-credores-aprovam-aditamento-plano-recuperacao-judicial\/#primaryimage"},"thumbnailUrl":"https:\/\/files.sunoresearch.com.br\/n\/uploads\/2020\/09\/01a9c462-oi-jpg.webp","datePublished":"2020-09-09T10:44:13+00:00","dateModified":"2020-09-09T13:16:25+00:00","description":"A Oi (OIBR3) informou que os credores aprovaram o aditamento ao Plano de Recupera\u00e7\u00e3o Judicial original. Saiba mais.","breadcrumb":{"@id":"https:\/\/www.suno.com.br\/noticias\/oi-oibr3-credores-aprovam-aditamento-plano-recuperacao-judicial\/#breadcrumb"},"inLanguage":"pt-BR","potentialAction":[{"@type":"ReadAction","target":["https:\/\/www.suno.com.br\/noticias\/oi-oibr3-credores-aprovam-aditamento-plano-recuperacao-judicial\/"]}]},{"@type":"ImageObject","inLanguage":"pt-BR","@id":"https:\/\/www.suno.com.br\/noticias\/oi-oibr3-credores-aprovam-aditamento-plano-recuperacao-judicial\/#primaryimage","url":"https:\/\/files.sunoresearch.com.br\/n\/uploads\/2020\/09\/01a9c462-oi-jpg.webp","contentUrl":"https:\/\/files.sunoresearch.com.br\/n\/uploads\/2020\/09\/01a9c462-oi-jpg.webp","width":992,"height":680,"caption":"Oi (OIBR3) contrata consultoria para avaliar conselho de administra\u00e7\u00e3o"},{"@type":"BreadcrumbList","@id":"https:\/\/www.suno.com.br\/noticias\/oi-oibr3-credores-aprovam-aditamento-plano-recuperacao-judicial\/#breadcrumb","itemListElement":[{"@type":"ListItem","position":1,"name":"Not\u00edcias","item":"https:\/\/www.suno.com.br\/noticias\/"},{"@type":"ListItem","position":2,"name":"Neg\u00f3cios","item":"https:\/\/www.suno.com.br\/noticias\/negocios\/"},{"@type":"ListItem","position":3,"name":"Oi (OIBR3): Credores aprovam aditamento ao plano de recupera\u00e7\u00e3o judicial"}]},{"@type":"WebSite","@id":"https:\/\/www.suno.com.br\/noticias\/#website","url":"https:\/\/www.suno.com.br\/noticias\/","name":"Suno Not\u00edcias","description":"Seu portal de informa\u00e7\u00e3o sobre o mundo dos investimentos","publisher":{"@id":"https:\/\/www.suno.com.br\/noticias\/#organization"},"potentialAction":[{"@type":"SearchAction","target":{"@type":"EntryPoint","urlTemplate":"https:\/\/www.suno.com.br\/noticias\/?s={search_term_string}"},"query-input":{"@type":"PropertyValueSpecification","valueRequired":true,"valueName":"search_term_string"}}],"inLanguage":"pt-BR"},{"@type":"Organization","@id":"https:\/\/www.suno.com.br\/noticias\/#organization","name":"Suno Not\u00edcias","url":"https:\/\/www.suno.com.br\/noticias\/","logo":{"@type":"ImageObject","inLanguage":"pt-BR","@id":"https:\/\/www.suno.com.br\/noticias\/#\/schema\/logo\/image\/","url":"https:\/\/files.sunoresearch.com.br\/n\/uploads\/2021\/09\/suno-logo.png","contentUrl":"https:\/\/files.sunoresearch.com.br\/n\/uploads\/2021\/09\/suno-logo.png","width":180,"height":180,"caption":"Suno Not\u00edcias"},"image":{"@id":"https:\/\/www.suno.com.br\/noticias\/#\/schema\/logo\/image\/"},"sameAs":["https:\/\/facebook.com\/sunoresearch","https:\/\/x.com\/sunoresearch","https:\/\/www.instagram.com\/suno","https:\/\/www.linkedin.com\/company\/suno-research\/","https:\/\/www.youtube.com\/c\/sunoresearch"]},{"@type":"Person","@id":"https:\/\/www.suno.com.br\/noticias\/#\/schema\/person\/1db762f78ffd8919a648a63e425953e3","name":"Juliano Passaro","image":{"@type":"ImageObject","inLanguage":"pt-BR","@id":"https:\/\/www.suno.com.br\/noticias\/#\/schema\/person\/image\/","url":"https:\/\/secure.gravatar.com\/avatar\/743d4df28eebf6dcc46b4ad03c319e92?s=96&r=g","contentUrl":"https:\/\/secure.gravatar.com\/avatar\/743d4df28eebf6dcc46b4ad03c319e92?s=96&r=g","caption":"Juliano Passaro"},"description":"Juliano Passaro escreve sobre pol\u00edtica, economia e neg\u00f3cios para o portal da Suno Research. Antes da Suno, trabalhou no Portal da Band. \u00c9 formado em jornalismo pela Universidade Presbiteriana Mackenzie.","url":"https:\/\/www.suno.com.br\/noticias\/author\/juliano\/"}]}},"default_loop_html":"<div class=\"cardsPage__listCard__boxs\"><div class=\"cardsPage__listCard__boxs__img\"><a href=\"https:\/\/www.suno.com.br\/noticias\/oi-oibr3-credores-aprovam-aditamento-plano-recuperacao-judicial\/\"><img class=\"mask\" src=\"https:\/\/www.suno.com.br\/noticias\/wp-content\/themes\/suno\/resources\/images\/spotlight\/spotlight1img\/bg-mask.png\" alt=\"Image Mask\"\/><img src=\"https:\/\/files.sunoresearch.com.br\/n\/uploads\/2020\/09\/01a9c462-oi-400x200.webp\" alt=\"Oi (OIBR3): Credores aprovam aditamento ao plano de recupera\u00e7\u00e3o judicial\"\/><\/a><span class=\"spotlightCategory\"><a href=\"https:\/\/www.suno.com.br\/noticias\/negocios\/\">Neg\u00f3cios<\/a><\/span><\/div><div class=\"cardsPage__listCard__boxs__content\"><a href=\"https:\/\/www.suno.com.br\/noticias\/oi-oibr3-credores-aprovam-aditamento-plano-recuperacao-judicial\/\"><h2 class=\"content__title\">Oi (OIBR3): Credores aprovam aditamento ao plano de recupera\u00e7\u00e3o judicial<\/h2><\/a><div class=\"newsContent__article__meta\"><div class=\"newsContent__article__meta__authorBox\"><a href=\"https:\/\/www.suno.com.br\/noticias\/author\/juliano\/\" class=\"authorBox__avatar noMobi\"><img src=\"https:\/\/files.sunoresearch.com.br\/n\/uploads\/2019\/06\/7cc3efea-whatsapp-image-2019-07-18-at-21.59.33-e1563499821209-150x150.webp\" alt=\"Juliano Passaro\"><\/a><div class=\"authorBox__name\"><span>por\n\t\t\t<a href=\"https:\/\/www.suno.com.br\/noticias\/author\/juliano\/\"><span itemprop=\"author\">Juliano Passaro<\/span><\/a><\/span><time datetime=\"2020-09-09T07:44:13-03:00\" itemprop=\"datePublished\">09\/09\/2020 07:44<\/time><\/div><\/div><\/div><\/div><\/div>","single_layout":"posts","amp_enabled":true,"_links":{"self":[{"href":"https:\/\/www.suno.com.br\/noticias\/wp-json\/wp\/v2\/posts\/83313"}],"collection":[{"href":"https:\/\/www.suno.com.br\/noticias\/wp-json\/wp\/v2\/posts"}],"about":[{"href":"https:\/\/www.suno.com.br\/noticias\/wp-json\/wp\/v2\/types\/post"}],"author":[{"embeddable":true,"href":"https:\/\/www.suno.com.br\/noticias\/wp-json\/wp\/v2\/users\/19"}],"replies":[{"embeddable":true,"href":"https:\/\/www.suno.com.br\/noticias\/wp-json\/wp\/v2\/comments?post=83313"}],"version-history":[{"count":0,"href":"https:\/\/www.suno.com.br\/noticias\/wp-json\/wp\/v2\/posts\/83313\/revisions"}],"wp:featuredmedia":[{"embeddable":true,"href":"https:\/\/www.suno.com.br\/noticias\/wp-json\/wp\/v2\/media\/83176"}],"wp:attachment":[{"href":"https:\/\/www.suno.com.br\/noticias\/wp-json\/wp\/v2\/media?parent=83313"}],"wp:term":[{"taxonomy":"category","embeddable":true,"href":"https:\/\/www.suno.com.br\/noticias\/wp-json\/wp\/v2\/categories?post=83313"},{"taxonomy":"post_tag","embeddable":true,"href":"https:\/\/www.suno.com.br\/noticias\/wp-json\/wp\/v2\/tags?post=83313"},{"taxonomy":"suno_strategy","embeddable":true,"href":"https:\/\/www.suno.com.br\/noticias\/wp-json\/wp\/v2\/suno_strategy?post=83313"}],"curies":[{"name":"wp","href":"https:\/\/api.w.org\/{rel}","templated":true}]}}