{"id":83290,"date":"2020-09-08T20:48:54","date_gmt":"2020-09-08T23:48:54","guid":{"rendered":"https:\/\/www.suno.com.br\/noticias\/?p=83290"},"modified":"2020-09-08T21:05:24","modified_gmt":"2020-09-09T00:05:24","slug":"astrazeneca-oxford-interrompem-testes-vacina","status":"publish","type":"post","link":"https:\/\/www.suno.com.br\/noticias\/astrazeneca-oxford-interrompem-testes-vacina\/","title":{"rendered":"AstraZeneca e Oxford interrompem testes de vacina contra coronav\u00edrus"},"content":{"rendered":"<p>A farmac\u00eautica AstraZeneca informou que os estudos da fase 3 da <strong>vacina<\/strong> desenvolvida junto \u00e0 Universidade de Oxford contra a covid-19 foram interrompidos por conta de uma suspeita de rea\u00e7\u00e3o adversa s\u00e9ria em um participante dos testes conduzidos no Reino Unido. As informa\u00e7\u00f5es foram publicadas originalmente nesta ter\u00e7a-feira (8) pelo site de not\u00edcias de sa\u00fade \u201cStat News\u201d.<\/p>\t<div class=\"wrapper-featured-image\">\n\t\t<figure class=\"spotlightImg\">\n\n\t\t\t<picture>\n\t\t\t\t<source media=\"(max-width: 768px)\" srcset=\"https:\/\/files.sunoresearch.com.br\/n\/uploads\/2020\/09\/de9ec6f5-vaccine-400x200.webp\">\n\t\t\t\t<img loading=\"lazy\" decoding=\"async\" class=\"newsContent__article__imgCapa lazyloadDisabled \" src=\"https:\/\/files.sunoresearch.com.br\/n\/uploads\/2020\/09\/de9ec6f5-vaccine-jpeg.webp\" width=\"800\" height=\"450\" alt=\"AstraZeneca e Oxford interrompem testes de vacina contra coronav\u00edrus\" fetchpriority=high \/>\n\t\t\t<\/picture>\n\n\t\t\t<figcaption class=\"wp-caption-text wp-caption-text--show\">Os testes da vacina desenvolvida pela AstraZeneca e pela Universidade de Oxford foram interrompidos por suspeitas de rea\u00e7\u00f5es adversas<\/figcaption>\n\t\t<\/figure>\n\t<\/div>\n\n\n<div class=\"hubspot-form-wrapper\">\n\t<div id=\"single-form-target\"><\/div>\n<\/div>\n\n<p>De acordo com a publica\u00e7\u00e3o, um porta-voz da <strong>AstraZeneca<\/strong>, uma das empresas mais avan\u00e7adas na corrida pela vacina contra o novo coronav\u00edrus, afirmou em comunicado que o &#8220;processo de revis\u00e3o [da companhia] acionou uma pausa na vacina\u00e7\u00e3o para permitir a an\u00e1lise dos dados com seguran\u00e7a.<\/p>\n<p>Segundo o site, n\u00e3o estava claro quem suspendeu os testes, no entanto \u00e9 poss\u00edvel que a testagem tenha sido interrompida voluntariamente pela farmac\u00eautica e n\u00e3o por determina\u00e7\u00e3o de um \u00f3rg\u00e3o regulador. Ainda conforme a publica\u00e7\u00e3o, a natureza da rea\u00e7\u00e3o adversa e quando ocorreu tamb\u00e9m n\u00e3o foi revelado, mas a expectativa \u00e9 de que o participante se recupere, disseram pessoas familiarizadas com o assunto.<\/p>\n<p><a href=\"https:\/\/lp.suno.com.br\/suno-one\/\">Suno One: acesse gratuitamente eBooks, Minicursos, Artigos e Video Aulas sobre investimentos com um \u00fanico cadastro. Clique para saber mais!<\/a><\/p>\n<p>O porta-voz descreveu a paralisa\u00e7\u00e3o como \u201cuma a\u00e7\u00e3o de rotina que deve acontecer sempre que houver uma doen\u00e7a potencialmente inexplicada em um dos testes, enquanto ela \u00e9 investigada, garantindo a manuten\u00e7\u00e3o da integridade dos testes\u201d. A empresa est\u00e1 \u201ctrabalhando para agilizar a revis\u00e3o do evento \u00fanico para minimizar qualquer impacto potencial no cronograma do teste\u201d, acrescentou.<\/p>\n<h2>Interrup\u00e7\u00f5es n\u00e3o s\u00e3o incomuns em estudos de vacina<\/h2>\n<p>Suspens\u00f5es n\u00e3o necessariamente incomuns em processos de desenvolvimento de vacinas, entretanto n\u00e3o h\u00e1 previs\u00e3o para o quanto deve durar o per\u00edodo para a AstraZeneca.<\/p>\n<p>O processo de testagem de todas os imunizantes em desenvolvimento est\u00e3o sendo observados de perto em vista da press\u00e3o por novas formas de conter a pandemia. Atualmente, existem nove candidatas a vacina na fase 3 e os testes da AstraZeneca foram os primeiros a serem paralisados at\u00e9 o momento.<\/p>\n\t<div data-element=\"shortcode-read-more\" class=\"knowMore\">\n\t\t\t\t<span class=\"knowMore__title\">Veja tamb\u00e9m<\/span>\n\t\t\t\t<a class=\"knowMore__link\" href=\"https:\/\/www.suno.com.br\/noticias\/coronavirus-covid-19-vacina-testada-australia\/\">\n\t\t\tCoronav\u00edrus: vacina come\u00e7a a ser testada em humanos na Austr\u00e1lia\t\t<\/a>\n\t<\/div>\n\n\n<p>A companhia deu in\u00edcio a Fase 3 da <strong>vacina<\/strong> nos Estados Unidos em agosto, enquanto os testes da fase 2\/3 foram iniciados anteriormente no Reino Unido, Brasil e \u00c1frica do Sul.<\/p>\n\t<p>\n\t\t<a href=\"https:\/\/lp.suno.com.br\/planilha-de-controle-de-investimentos\/\" target=\"_blank\" data-element=\"shortcode-suno-banner\" title=\"Banner SUNO, clique e saiba mais\">\n\t\t\t<picture>\n\t\t\t\t<source media=\"(max-width: 500px)\" srcset=\"https:\/\/files.sunoresearch.com.br\/n\/uploads\/2023\/03\/400x300-Controle-de-Investimentos.png\">\n\t\t\t\t<img class=\"newsContent__article__imgCapa newsContent__article__imgCapa--banner\"\n\t\t\t\t\tsrc=\"https:\/\/files.sunoresearch.com.br\/n\/uploads\/2023\/03\/1420x240-Controle-de-Investimentos.png\"\n\t\t\t\t\tdata-promo-id=\"75934\"\t\t\t\t\t\t\t\t\t\twidth='1420' height='240'\t\t\t\t\talt=\"https:\/\/files.sunoresearch.com.br\/n\/uploads\/2023\/03\/1420x240-Controle-de-Investimentos.png\"\n\t\t\t\t>\n\t\t\t<\/picture>\n\t\t<\/a>\n\t<\/p>\n\n\n","protected":false},"excerpt":{"rendered":"<p>A farmac\u00eautica AstraZeneca informou que os estudos da fase 3 da vacina desenvolvida junto \u00e0 Universidade de Oxford contra a covid-19 foram interrompidos por conta de uma suspeita de rea\u00e7\u00e3o adversa s\u00e9ria em um participante dos testes conduzidos no Reino Unido. As informa\u00e7\u00f5es foram publicadas originalmente nesta ter\u00e7a-feira (8) pelo site de not\u00edcias de sa\u00fade [&hellip;]<\/p>\n","protected":false},"author":35,"featured_media":83295,"comment_status":"closed","ping_status":"closed","sticky":false,"template":"","format":"standard","meta":[],"categories":[63],"tags":[51185,2487,104495,25002],"suno_strategy":[],"class_list":["post-83290","post","type-post","status-publish","format-standard","has-post-thumbnail","hentry","category-internacional","tag-astrazeneca","tag-coronavirus","tag-universidade-de-oxford","tag-vacina"],"yoast_head":"<!-- This site is optimized with the Yoast SEO plugin v24.4 - https:\/\/yoast.com\/wordpress\/plugins\/seo\/ -->\n<title>AstraZeneca e Oxford interrompem testes de vacina contra coronav\u00edrus<\/title>\n<meta name=\"description\" content=\"Estudos da fase 3 da vacina desenvolvida pela AstraZeneca e pela Oxford contra a covid-19 foram interrompidos. Clique para saber mais\" \/>\n<meta name=\"robots\" content=\"index, follow, max-snippet:-1, max-image-preview:large, max-video-preview:-1\" \/>\n<link rel=\"canonical\" href=\"https:\/\/www.suno.com.br\/noticias\/astrazeneca-oxford-interrompem-testes-vacina\/\" \/>\n<meta property=\"og:locale\" content=\"pt_BR\" \/>\n<meta property=\"og:type\" content=\"article\" \/>\n<meta property=\"og:title\" content=\"AstraZeneca e Oxford interrompem testes de vacina contra coronav\u00edrus\" \/>\n<meta property=\"og:description\" content=\"Estudos da fase 3 da vacina desenvolvida pela AstraZeneca e pela Oxford contra a covid-19 foram interrompidos. Clique para saber mais\" \/>\n<meta property=\"og:url\" content=\"https:\/\/www.suno.com.br\/noticias\/astrazeneca-oxford-interrompem-testes-vacina\/\" \/>\n<meta property=\"og:site_name\" content=\"Suno Not\u00edcias\" \/>\n<meta property=\"article:publisher\" content=\"https:\/\/facebook.com\/sunoresearch\" \/>\n<meta property=\"og:image\" content=\"https:\/\/files.sunoresearch.com.br\/n\/uploads\/2020\/09\/de9ec6f5-vaccine.jpeg\" \/>\n\t<meta property=\"og:image:width\" content=\"768\" \/>\n\t<meta property=\"og:image:height\" content=\"403\" \/>\n\t<meta property=\"og:image:type\" content=\"image\/jpeg\" \/>\n<meta name=\"author\" content=\"Arthur Guimar\u00e3es\" \/>\n<meta name=\"twitter:card\" content=\"summary_large_image\" \/>\n<meta name=\"twitter:creator\" content=\"@sunoresearch\" \/>\n<meta name=\"twitter:site\" content=\"@sunoresearch\" \/>\n<meta name=\"twitter:label1\" content=\"Escrito por\" \/>\n\t<meta name=\"twitter:data1\" content=\"Arthur Guimar\u00e3es\" \/>\n\t<meta name=\"twitter:label2\" content=\"Est. tempo de leitura\" \/>\n\t<meta name=\"twitter:data2\" content=\"2 minutos\" \/>\n<script type=\"application\/ld+json\" class=\"yoast-schema-graph\">{\"@context\":\"https:\/\/schema.org\",\"@graph\":[{\"@type\":\"NewsArticle\",\"@id\":\"https:\/\/www.suno.com.br\/noticias\/astrazeneca-oxford-interrompem-testes-vacina\/#article\",\"isPartOf\":{\"@id\":\"https:\/\/www.suno.com.br\/noticias\/astrazeneca-oxford-interrompem-testes-vacina\/\"},\"author\":{\"name\":\"Arthur Guimar\u00e3es\",\"@id\":\"https:\/\/www.suno.com.br\/noticias\/#\/schema\/person\/053a750a709a263919a20f976caae91c\"},\"headline\":\"AstraZeneca e Oxford interrompem testes de vacina contra coronav\u00edrus\",\"datePublished\":\"2020-09-08T23:48:54+00:00\",\"dateModified\":\"2020-09-09T00:05:24+00:00\",\"mainEntityOfPage\":{\"@id\":\"https:\/\/www.suno.com.br\/noticias\/astrazeneca-oxford-interrompem-testes-vacina\/\"},\"wordCount\":418,\"publisher\":{\"@id\":\"https:\/\/www.suno.com.br\/noticias\/#organization\"},\"image\":{\"@id\":\"https:\/\/www.suno.com.br\/noticias\/astrazeneca-oxford-interrompem-testes-vacina\/#primaryimage\"},\"thumbnailUrl\":\"https:\/\/files.sunoresearch.com.br\/n\/uploads\/2020\/09\/de9ec6f5-vaccine-jpeg.webp\",\"keywords\":[\"AstraZeneca\",\"coronav\u00edrus\",\"Universidade de Oxford\",\"vacina\"],\"articleSection\":[\"Internacional\"],\"inLanguage\":\"pt-BR\"},{\"@type\":\"WebPage\",\"@id\":\"https:\/\/www.suno.com.br\/noticias\/astrazeneca-oxford-interrompem-testes-vacina\/\",\"url\":\"https:\/\/www.suno.com.br\/noticias\/astrazeneca-oxford-interrompem-testes-vacina\/\",\"name\":\"AstraZeneca e Oxford interrompem testes de vacina contra coronav\u00edrus\",\"isPartOf\":{\"@id\":\"https:\/\/www.suno.com.br\/noticias\/#website\"},\"primaryImageOfPage\":{\"@id\":\"https:\/\/www.suno.com.br\/noticias\/astrazeneca-oxford-interrompem-testes-vacina\/#primaryimage\"},\"image\":{\"@id\":\"https:\/\/www.suno.com.br\/noticias\/astrazeneca-oxford-interrompem-testes-vacina\/#primaryimage\"},\"thumbnailUrl\":\"https:\/\/files.sunoresearch.com.br\/n\/uploads\/2020\/09\/de9ec6f5-vaccine-jpeg.webp\",\"datePublished\":\"2020-09-08T23:48:54+00:00\",\"dateModified\":\"2020-09-09T00:05:24+00:00\",\"description\":\"Estudos da fase 3 da vacina desenvolvida pela AstraZeneca e pela Oxford contra a covid-19 foram interrompidos. Clique para saber mais\",\"breadcrumb\":{\"@id\":\"https:\/\/www.suno.com.br\/noticias\/astrazeneca-oxford-interrompem-testes-vacina\/#breadcrumb\"},\"inLanguage\":\"pt-BR\",\"potentialAction\":[{\"@type\":\"ReadAction\",\"target\":[\"https:\/\/www.suno.com.br\/noticias\/astrazeneca-oxford-interrompem-testes-vacina\/\"]}]},{\"@type\":\"ImageObject\",\"inLanguage\":\"pt-BR\",\"@id\":\"https:\/\/www.suno.com.br\/noticias\/astrazeneca-oxford-interrompem-testes-vacina\/#primaryimage\",\"url\":\"https:\/\/files.sunoresearch.com.br\/n\/uploads\/2020\/09\/de9ec6f5-vaccine-jpeg.webp\",\"contentUrl\":\"https:\/\/files.sunoresearch.com.br\/n\/uploads\/2020\/09\/de9ec6f5-vaccine-jpeg.webp\",\"width\":768,\"height\":403,\"caption\":\"Os testes da vacina desenvolvida pela AstraZeneca e pela Universidade de Oxford foram interrompidos por suspeitas de rea\u00e7\u00f5es adversas\"},{\"@type\":\"BreadcrumbList\",\"@id\":\"https:\/\/www.suno.com.br\/noticias\/astrazeneca-oxford-interrompem-testes-vacina\/#breadcrumb\",\"itemListElement\":[{\"@type\":\"ListItem\",\"position\":1,\"name\":\"Not\u00edcias\",\"item\":\"https:\/\/www.suno.com.br\/noticias\/\"},{\"@type\":\"ListItem\",\"position\":2,\"name\":\"Internacional\",\"item\":\"https:\/\/www.suno.com.br\/noticias\/internacional\/\"},{\"@type\":\"ListItem\",\"position\":3,\"name\":\"AstraZeneca e Oxford interrompem testes de vacina contra coronav\u00edrus\"}]},{\"@type\":\"WebSite\",\"@id\":\"https:\/\/www.suno.com.br\/noticias\/#website\",\"url\":\"https:\/\/www.suno.com.br\/noticias\/\",\"name\":\"Suno Not\u00edcias\",\"description\":\"Seu portal de informa\u00e7\u00e3o sobre o mundo dos investimentos\",\"publisher\":{\"@id\":\"https:\/\/www.suno.com.br\/noticias\/#organization\"},\"potentialAction\":[{\"@type\":\"SearchAction\",\"target\":{\"@type\":\"EntryPoint\",\"urlTemplate\":\"https:\/\/www.suno.com.br\/noticias\/?s={search_term_string}\"},\"query-input\":{\"@type\":\"PropertyValueSpecification\",\"valueRequired\":true,\"valueName\":\"search_term_string\"}}],\"inLanguage\":\"pt-BR\"},{\"@type\":\"Organization\",\"@id\":\"https:\/\/www.suno.com.br\/noticias\/#organization\",\"name\":\"Suno Not\u00edcias\",\"url\":\"https:\/\/www.suno.com.br\/noticias\/\",\"logo\":{\"@type\":\"ImageObject\",\"inLanguage\":\"pt-BR\",\"@id\":\"https:\/\/www.suno.com.br\/noticias\/#\/schema\/logo\/image\/\",\"url\":\"https:\/\/files.sunoresearch.com.br\/n\/uploads\/2021\/09\/suno-logo.png\",\"contentUrl\":\"https:\/\/files.sunoresearch.com.br\/n\/uploads\/2021\/09\/suno-logo.png\",\"width\":180,\"height\":180,\"caption\":\"Suno Not\u00edcias\"},\"image\":{\"@id\":\"https:\/\/www.suno.com.br\/noticias\/#\/schema\/logo\/image\/\"},\"sameAs\":[\"https:\/\/facebook.com\/sunoresearch\",\"https:\/\/x.com\/sunoresearch\",\"https:\/\/www.instagram.com\/suno\",\"https:\/\/www.linkedin.com\/company\/suno-research\/\",\"https:\/\/www.youtube.com\/c\/sunoresearch\"]},{\"@type\":\"Person\",\"@id\":\"https:\/\/www.suno.com.br\/noticias\/#\/schema\/person\/053a750a709a263919a20f976caae91c\",\"name\":\"Arthur Guimar\u00e3es\",\"image\":{\"@type\":\"ImageObject\",\"inLanguage\":\"pt-BR\",\"@id\":\"https:\/\/www.suno.com.br\/noticias\/#\/schema\/person\/image\/\",\"url\":\"https:\/\/secure.gravatar.com\/avatar\/1affd86a11209ae09eb6dd3bcad3e96c?s=96&r=g\",\"contentUrl\":\"https:\/\/secure.gravatar.com\/avatar\/1affd86a11209ae09eb6dd3bcad3e96c?s=96&r=g\",\"caption\":\"Arthur Guimar\u00e3es\"},\"description\":\"Arthur Guimar\u00e3es escreve sobre pol\u00edtica, economia e neg\u00f3cios para o portal de not\u00edcias da Suno Research. Atualmente, \u00e9 estudante de jornalismo pela Faculdade C\u00e1sper L\u00edbero.\",\"url\":\"https:\/\/www.suno.com.br\/noticias\/author\/arthur-guimaraes\/\"}]}<\/script>\n<!-- \/ Yoast SEO plugin. -->","yoast_head_json":{"title":"AstraZeneca e Oxford interrompem testes de vacina contra coronav\u00edrus","description":"Estudos da fase 3 da vacina desenvolvida pela AstraZeneca e pela Oxford contra a covid-19 foram interrompidos. Clique para saber mais","robots":{"index":"index","follow":"follow","max-snippet":"max-snippet:-1","max-image-preview":"max-image-preview:large","max-video-preview":"max-video-preview:-1"},"canonical":"https:\/\/www.suno.com.br\/noticias\/astrazeneca-oxford-interrompem-testes-vacina\/","og_locale":"pt_BR","og_type":"article","og_title":"AstraZeneca e Oxford interrompem testes de vacina contra coronav\u00edrus","og_description":"Estudos da fase 3 da vacina desenvolvida pela AstraZeneca e pela Oxford contra a covid-19 foram interrompidos. Clique para saber mais","og_url":"https:\/\/www.suno.com.br\/noticias\/astrazeneca-oxford-interrompem-testes-vacina\/","og_site_name":"Suno Not\u00edcias","article_publisher":"https:\/\/facebook.com\/sunoresearch","og_image":[{"width":768,"height":403,"url":"https:\/\/files.sunoresearch.com.br\/n\/uploads\/2020\/09\/de9ec6f5-vaccine.jpeg","type":"image\/jpeg"}],"author":"Arthur Guimar\u00e3es","twitter_card":"summary_large_image","twitter_creator":"@sunoresearch","twitter_site":"@sunoresearch","twitter_misc":{"Escrito por":"Arthur Guimar\u00e3es","Est. tempo de leitura":"2 minutos"},"schema":{"@context":"https:\/\/schema.org","@graph":[{"@type":"NewsArticle","@id":"https:\/\/www.suno.com.br\/noticias\/astrazeneca-oxford-interrompem-testes-vacina\/#article","isPartOf":{"@id":"https:\/\/www.suno.com.br\/noticias\/astrazeneca-oxford-interrompem-testes-vacina\/"},"author":{"name":"Arthur Guimar\u00e3es","@id":"https:\/\/www.suno.com.br\/noticias\/#\/schema\/person\/053a750a709a263919a20f976caae91c"},"headline":"AstraZeneca e Oxford interrompem testes de vacina contra coronav\u00edrus","datePublished":"2020-09-08T23:48:54+00:00","dateModified":"2020-09-09T00:05:24+00:00","mainEntityOfPage":{"@id":"https:\/\/www.suno.com.br\/noticias\/astrazeneca-oxford-interrompem-testes-vacina\/"},"wordCount":418,"publisher":{"@id":"https:\/\/www.suno.com.br\/noticias\/#organization"},"image":{"@id":"https:\/\/www.suno.com.br\/noticias\/astrazeneca-oxford-interrompem-testes-vacina\/#primaryimage"},"thumbnailUrl":"https:\/\/files.sunoresearch.com.br\/n\/uploads\/2020\/09\/de9ec6f5-vaccine-jpeg.webp","keywords":["AstraZeneca","coronav\u00edrus","Universidade de Oxford","vacina"],"articleSection":["Internacional"],"inLanguage":"pt-BR"},{"@type":"WebPage","@id":"https:\/\/www.suno.com.br\/noticias\/astrazeneca-oxford-interrompem-testes-vacina\/","url":"https:\/\/www.suno.com.br\/noticias\/astrazeneca-oxford-interrompem-testes-vacina\/","name":"AstraZeneca e Oxford interrompem testes de vacina contra coronav\u00edrus","isPartOf":{"@id":"https:\/\/www.suno.com.br\/noticias\/#website"},"primaryImageOfPage":{"@id":"https:\/\/www.suno.com.br\/noticias\/astrazeneca-oxford-interrompem-testes-vacina\/#primaryimage"},"image":{"@id":"https:\/\/www.suno.com.br\/noticias\/astrazeneca-oxford-interrompem-testes-vacina\/#primaryimage"},"thumbnailUrl":"https:\/\/files.sunoresearch.com.br\/n\/uploads\/2020\/09\/de9ec6f5-vaccine-jpeg.webp","datePublished":"2020-09-08T23:48:54+00:00","dateModified":"2020-09-09T00:05:24+00:00","description":"Estudos da fase 3 da vacina desenvolvida pela AstraZeneca e pela Oxford contra a covid-19 foram interrompidos. Clique para saber mais","breadcrumb":{"@id":"https:\/\/www.suno.com.br\/noticias\/astrazeneca-oxford-interrompem-testes-vacina\/#breadcrumb"},"inLanguage":"pt-BR","potentialAction":[{"@type":"ReadAction","target":["https:\/\/www.suno.com.br\/noticias\/astrazeneca-oxford-interrompem-testes-vacina\/"]}]},{"@type":"ImageObject","inLanguage":"pt-BR","@id":"https:\/\/www.suno.com.br\/noticias\/astrazeneca-oxford-interrompem-testes-vacina\/#primaryimage","url":"https:\/\/files.sunoresearch.com.br\/n\/uploads\/2020\/09\/de9ec6f5-vaccine-jpeg.webp","contentUrl":"https:\/\/files.sunoresearch.com.br\/n\/uploads\/2020\/09\/de9ec6f5-vaccine-jpeg.webp","width":768,"height":403,"caption":"Os testes da vacina desenvolvida pela AstraZeneca e pela Universidade de Oxford foram interrompidos por suspeitas de rea\u00e7\u00f5es adversas"},{"@type":"BreadcrumbList","@id":"https:\/\/www.suno.com.br\/noticias\/astrazeneca-oxford-interrompem-testes-vacina\/#breadcrumb","itemListElement":[{"@type":"ListItem","position":1,"name":"Not\u00edcias","item":"https:\/\/www.suno.com.br\/noticias\/"},{"@type":"ListItem","position":2,"name":"Internacional","item":"https:\/\/www.suno.com.br\/noticias\/internacional\/"},{"@type":"ListItem","position":3,"name":"AstraZeneca e Oxford interrompem testes de vacina contra coronav\u00edrus"}]},{"@type":"WebSite","@id":"https:\/\/www.suno.com.br\/noticias\/#website","url":"https:\/\/www.suno.com.br\/noticias\/","name":"Suno Not\u00edcias","description":"Seu portal de informa\u00e7\u00e3o sobre o mundo dos investimentos","publisher":{"@id":"https:\/\/www.suno.com.br\/noticias\/#organization"},"potentialAction":[{"@type":"SearchAction","target":{"@type":"EntryPoint","urlTemplate":"https:\/\/www.suno.com.br\/noticias\/?s={search_term_string}"},"query-input":{"@type":"PropertyValueSpecification","valueRequired":true,"valueName":"search_term_string"}}],"inLanguage":"pt-BR"},{"@type":"Organization","@id":"https:\/\/www.suno.com.br\/noticias\/#organization","name":"Suno Not\u00edcias","url":"https:\/\/www.suno.com.br\/noticias\/","logo":{"@type":"ImageObject","inLanguage":"pt-BR","@id":"https:\/\/www.suno.com.br\/noticias\/#\/schema\/logo\/image\/","url":"https:\/\/files.sunoresearch.com.br\/n\/uploads\/2021\/09\/suno-logo.png","contentUrl":"https:\/\/files.sunoresearch.com.br\/n\/uploads\/2021\/09\/suno-logo.png","width":180,"height":180,"caption":"Suno Not\u00edcias"},"image":{"@id":"https:\/\/www.suno.com.br\/noticias\/#\/schema\/logo\/image\/"},"sameAs":["https:\/\/facebook.com\/sunoresearch","https:\/\/x.com\/sunoresearch","https:\/\/www.instagram.com\/suno","https:\/\/www.linkedin.com\/company\/suno-research\/","https:\/\/www.youtube.com\/c\/sunoresearch"]},{"@type":"Person","@id":"https:\/\/www.suno.com.br\/noticias\/#\/schema\/person\/053a750a709a263919a20f976caae91c","name":"Arthur Guimar\u00e3es","image":{"@type":"ImageObject","inLanguage":"pt-BR","@id":"https:\/\/www.suno.com.br\/noticias\/#\/schema\/person\/image\/","url":"https:\/\/secure.gravatar.com\/avatar\/1affd86a11209ae09eb6dd3bcad3e96c?s=96&r=g","contentUrl":"https:\/\/secure.gravatar.com\/avatar\/1affd86a11209ae09eb6dd3bcad3e96c?s=96&r=g","caption":"Arthur Guimar\u00e3es"},"description":"Arthur Guimar\u00e3es escreve sobre pol\u00edtica, economia e neg\u00f3cios para o portal de not\u00edcias da Suno Research. Atualmente, \u00e9 estudante de jornalismo pela Faculdade C\u00e1sper L\u00edbero.","url":"https:\/\/www.suno.com.br\/noticias\/author\/arthur-guimaraes\/"}]}},"default_loop_html":"<div class=\"cardsPage__listCard__boxs\"><div class=\"cardsPage__listCard__boxs__img\"><a href=\"https:\/\/www.suno.com.br\/noticias\/astrazeneca-oxford-interrompem-testes-vacina\/\"><img class=\"mask\" src=\"https:\/\/www.suno.com.br\/noticias\/wp-content\/themes\/suno\/resources\/images\/spotlight\/spotlight1img\/bg-mask.png\" alt=\"Image Mask\"\/><img src=\"https:\/\/files.sunoresearch.com.br\/n\/uploads\/2020\/09\/de9ec6f5-vaccine-400x200.webp\" alt=\"AstraZeneca e Oxford interrompem testes de vacina contra coronav\u00edrus\"\/><\/a><span class=\"spotlightCategory\"><a href=\"https:\/\/www.suno.com.br\/noticias\/internacional\/\">Internacional<\/a><\/span><\/div><div class=\"cardsPage__listCard__boxs__content\"><a href=\"https:\/\/www.suno.com.br\/noticias\/astrazeneca-oxford-interrompem-testes-vacina\/\"><h2 class=\"content__title\">AstraZeneca e Oxford interrompem testes de vacina contra coronav\u00edrus<\/h2><\/a><div class=\"newsContent__article__meta\"><div class=\"newsContent__article__meta__authorBox\"><a href=\"https:\/\/www.suno.com.br\/noticias\/author\/arthur-guimaraes\/\" class=\"authorBox__avatar noMobi\"><img src=\"https:\/\/files.sunoresearch.com.br\/n\/uploads\/2020\/02\/dfb40897-eu-150x150.webp\" alt=\"Arthur Guimar\u00e3es\"><\/a><div class=\"authorBox__name\"><span>por\n\t\t\t<a href=\"https:\/\/www.suno.com.br\/noticias\/author\/arthur-guimaraes\/\"><span itemprop=\"author\">Arthur Guimar\u00e3es<\/span><\/a><\/span><time datetime=\"2020-09-08T20:48:54-03:00\" itemprop=\"datePublished\">08\/09\/2020 20:48<\/time><\/div><\/div><\/div><\/div><\/div>","single_layout":"posts","amp_enabled":true,"_links":{"self":[{"href":"https:\/\/www.suno.com.br\/noticias\/wp-json\/wp\/v2\/posts\/83290"}],"collection":[{"href":"https:\/\/www.suno.com.br\/noticias\/wp-json\/wp\/v2\/posts"}],"about":[{"href":"https:\/\/www.suno.com.br\/noticias\/wp-json\/wp\/v2\/types\/post"}],"author":[{"embeddable":true,"href":"https:\/\/www.suno.com.br\/noticias\/wp-json\/wp\/v2\/users\/35"}],"replies":[{"embeddable":true,"href":"https:\/\/www.suno.com.br\/noticias\/wp-json\/wp\/v2\/comments?post=83290"}],"version-history":[{"count":0,"href":"https:\/\/www.suno.com.br\/noticias\/wp-json\/wp\/v2\/posts\/83290\/revisions"}],"wp:featuredmedia":[{"embeddable":true,"href":"https:\/\/www.suno.com.br\/noticias\/wp-json\/wp\/v2\/media\/83295"}],"wp:attachment":[{"href":"https:\/\/www.suno.com.br\/noticias\/wp-json\/wp\/v2\/media?parent=83290"}],"wp:term":[{"taxonomy":"category","embeddable":true,"href":"https:\/\/www.suno.com.br\/noticias\/wp-json\/wp\/v2\/categories?post=83290"},{"taxonomy":"post_tag","embeddable":true,"href":"https:\/\/www.suno.com.br\/noticias\/wp-json\/wp\/v2\/tags?post=83290"},{"taxonomy":"suno_strategy","embeddable":true,"href":"https:\/\/www.suno.com.br\/noticias\/wp-json\/wp\/v2\/suno_strategy?post=83290"}],"curies":[{"name":"wp","href":"https:\/\/api.w.org\/{rel}","templated":true}]}}