{"id":83280,"date":"2020-09-08T20:34:03","date_gmt":"2020-09-08T23:34:03","guid":{"rendered":"https:\/\/www.suno.com.br\/noticias\/?p=83280"},"modified":"2020-09-08T20:34:03","modified_gmt":"2020-09-08T23:34:03","slug":"fundos-de-renda-fixa-captam-r-445-bi-em-agosto-declara-anbima","status":"publish","type":"post","link":"https:\/\/www.suno.com.br\/noticias\/fundos-de-renda-fixa-captam-r-445-bi-em-agosto-declara-anbima\/","title":{"rendered":"Fundos de renda fixa captam R$ 44,5 bi em agosto, declara Anbima"},"content":{"rendered":"<p><strong><a href=\"https:\/\/www.suno.com.br\/artigos\/fundos-de-renda-fixa\/\">Os fundos de renda fixa<\/a><\/strong> atra\u00edram R$ 44,5 bilh\u00f5es no m\u00eas de agosto desse ano, representando a melhor capta\u00e7\u00e3o l\u00edquida mensal de 2020. Os dados foram divulgados pela <a href=\"https:\/\/www.suno.com.br\/artigos\/anbima\/#:~:text=Anbima%20%C3%A9%20a%20sigla%20para,das%20Institui%C3%A7%C3%B5es%20do%20Mercado%20Financeiro%2C\">Associa\u00e7\u00e3o Brasileira das Entidades dos Mercados Financeiro e de Capitais (<strong>Anbima)<\/strong><\/a> nessa ter\u00e7a-feira (8).<\/p>\t<div class=\"wrapper-featured-image\">\n\t\t<figure class=\"spotlightImg\">\n\n\t\t\t<picture>\n\t\t\t\t<source media=\"(max-width: 768px)\" srcset=\"https:\/\/files.sunoresearch.com.br\/n\/uploads\/2020\/09\/1e88003e-ibovespa-400x200.webp\">\n\t\t\t\t<img loading=\"lazy\" decoding=\"async\" class=\"newsContent__article__imgCapa lazyloadDisabled \" src=\"https:\/\/files.sunoresearch.com.br\/n\/uploads\/2020\/09\/1e88003e-ibovespa-jpg.webp\" width=\"800\" height=\"450\" alt=\"Fundos de renda fixa captam R$ 44,5 bi em agosto, declara Anbima\" fetchpriority=high \/>\n\t\t\t<\/picture>\n\n\t\t\t<figcaption class=\"wp-caption-text wp-caption-text--show\">Os fundos de renda fixa atra\u00edram R$ 44,5 bilh\u00f5es em agosto desse ano, representando um retorno de capta\u00e7\u00f5es.<\/figcaption>\n\t\t<\/figure>\n\t<\/div>\n\n\n\n<p>Foram registradas sa\u00eddas l\u00edquidas da ordem de R$ 4 bilh\u00f5es durante esse ano. A renda fixa do tipo baixo soberano apresentou o melhor resultado mensal e anual, com entradas de R$ 25,4 bilh\u00f5es e R$ 140,5 bilh\u00f5es, respectivamente.<\/p>\n<p>\u201cOs movimentos de agosto s\u00f3 confirmam o previsto: os efeitos da crise est\u00e3o se atenuando e teremos uma retomada gradual e, o mais importante, consistente\u201d, declarou o vice-presidente da Anbima, <a href=\"https:\/\/www.suno.com.br\/tudo-sobre\/carlos-andre\/#:~:text=Desde%202017%2C%20Carlos%20ocupa%20a,%2C%20vice%2Dpresidente%20da%20ANBIMA.\">Carlos Andr\u00e9<\/a>.<\/p>\n<p>Ao passo que os <a href=\"https:\/\/www.suno.com.br\/artigos\/fundos-multimercados\/#:~:text=Os%20Fundos%20Multimercado%20s%C3%A3o%20um,%2C%20d%C3%B3lar%2C%20ouro%20e%20juros.\">multimercados<\/a> receberam R$ 17,1 bilh\u00f5es em agosto, representando a maior capta\u00e7\u00e3o l\u00edquida nesse ano.<\/p>\n<p>Os <a href=\"https:\/\/www.suno.com.br\/artigos\/fundo-de-acoes\/#:~:text=Os%20fundos%20de%20a%C3%A7%C3%B5es%20s%C3%A3o,de%20administra%C3%A7%C3%A3o%20e%20de%20performance.\">fundos de a\u00e7\u00f5es<\/a> tiveram entradas l\u00edquidas entre os meses de janeiro e agosto de R$ 146,6 bilh\u00f5es e de R$ 66,5 bilh\u00f5es em agosto. Os valores representaram um queda de 20,5% em compara\u00e7\u00e3o com o volume levantado no mesmo per\u00edodo do ano passado.<\/p>\n<p><a href=\"https:\/\/lp.suno.com.br\/suno-one\/\">Suno One: o primeiro passo para alcan\u00e7ar a sua independ\u00eancia financeira. Acesse agora, \u00e9 gratuito!<\/a><\/p>\n<p>O m\u00eas de agosto registrou uma maior rentabilidade em carteiras que investem no exterior, sendo elas:<\/p>\n<ul>\n<li>Classes de renda fixa: 2,5% de rentabilidade<\/li>\n<li>Multimercados: 2,1% de rentabilidade<\/li>\n<\/ul>\n<p>A queda do <a href=\"https:\/\/www.suno.com.br\/artigos\/ibovespa\/\">Ibovespa<\/a> no m\u00eas passado foi influenciada pelo desempenho negativo em quase todos os tipos de a\u00e7\u00f5es, enquanto a \u00fanica que sofreu valoriza\u00e7\u00e3o foi o fundo de investimento no exterior, com alta de 0,64%<\/p>\n<h2>B3 (B3SA3) passa a aceitar ETFs de renda fixa como margem de garantia<\/h2>\n<p>A <a href=\"https:\/\/www.suno.com.br\/acoes\/b3sa3\/\"><strong>B3<\/strong> (B3SA3)<\/a> passou a aceitar, a partir desta segunda-feira (29), <a href=\"https:\/\/www.suno.com.br\/artigos\/etf-fundos-de-indice\/\"><em>Exchange Traded-Funds<\/em> (ETFs)<\/a> de renda fixa como margem de garantia. A informa\u00e7\u00e3o foi relevada em comunicado \u00e0 imprensa.<\/p>\n<p>De acordo com a B3, a modalidade tem por objetivo fomentar o desenvolvimento do mercado de <strong>ETFs<\/strong> de <a href=\"https:\/\/www.suno.com.br\/artigos\/investimento-renda-fixa\/\">renda fixa<\/a>. Com isso, a aloca\u00e7\u00e3o de capital se tornaria mais eficiente e potencializaria a utiliza\u00e7\u00e3o do produto.<\/p>\n<p>\u201cA inclus\u00e3o do ETF de renda fixa como uma possibilidade de aceita\u00e7\u00e3o em garantia n\u00e3o s\u00f3 proporciona maior efici\u00eancia na aloca\u00e7\u00e3o de capital, como tamb\u00e9m aumenta as possibilidades de utiliza\u00e7\u00e3o do produto\u201d, disse Marcos Skistymas, superintendente de juros e moedas da companhia, na nota.<\/p>\n<p>Atualmente, o dep\u00f3sito de garantias j\u00e1 pode ser realizado em dinheiro (real ou d\u00f3lar), ou pela utiliza\u00e7\u00e3o de outros ativos, como a\u00e7\u00f5es ou t\u00edtulos p\u00fablicos, a depender da operadora de infraestrutura de mercado financeiro.<\/p>\n<p><a href=\"https:\/\/www.suno.com.br\/noticias\/b3-b3sa3-etfs-renda-fixa-garantia\/\">Saiba mais: B3 (B3SA3) passa a aceitar ETFs de renda fixa como margem de garantia<\/a><\/p>\n<p>De acordo com a B3, as normas para eligibilidade e o c\u00e1lculo do limite de aceita\u00e7\u00e3o em garantia podem ser encontradas no Manual de Administra\u00e7\u00e3o de Risco da C\u00e2mara de Compensa\u00e7\u00e3o de Liquida\u00e7\u00e3o da BM&amp;FBOVESPA (C\u00e2mara da B3).<\/p>\n<p>Os ETFs de <strong>renda fixa<\/strong> s\u00e3o fundos negociados em bolsa de valores que procurar refletir as varia\u00e7\u00f5es e rentabilidade de \u00edndices de renda fixa. O instrumento traz ao investidor <a href=\"https:\/\/www.suno.com.br\/artigos\/liquidez\/\">liquidez<\/a>, <a href=\"https:\/\/www.suno.com.br\/artigos\/diversificacao\/\">diversifica\u00e7\u00e3o<\/a> e transpar\u00eancia, uma vez que h\u00e1 a divulga\u00e7\u00e3o di\u00e1ria da composi\u00e7\u00e3o da carteira do \u00edndice e sua forma\u00e7\u00e3o de pre\u00e7o na bolsa.<\/p>\n<p>&nbsp;<\/p>\n\n","protected":false},"excerpt":{"rendered":"<p>Os fundos de renda fixa atra\u00edram R$ 44,5 bilh\u00f5es no m\u00eas de agosto desse ano, representando a melhor capta\u00e7\u00e3o l\u00edquida mensal de 2020. Os dados foram divulgados pela Associa\u00e7\u00e3o Brasileira das Entidades dos Mercados Financeiro e de Capitais (Anbima) nessa ter\u00e7a-feira (8). Os fundos de renda fixa atra\u00edram R$ 44,5 bilh\u00f5es em agosto desse ano, [&hellip;]<\/p>\n","protected":false},"author":56,"featured_media":83301,"comment_status":"closed","ping_status":"closed","sticky":false,"template":"","format":"standard","meta":[],"categories":[60],"tags":[1544,308],"suno_strategy":[],"class_list":["post-83280","post","type-post","status-publish","format-standard","has-post-thumbnail","hentry","category-mercado","tag-anbima","tag-renda-fixa"],"yoast_head":"<!-- This site is optimized with the Yoast SEO plugin v24.4 - https:\/\/yoast.com\/wordpress\/plugins\/seo\/ -->\n<title>Fundos de renda fixa captam R$ 44,5 bi em agosto, declara Anbima<\/title>\n<meta name=\"description\" content=\"Os fundos de renda fixa atra\u00edram R$ 44,5 bilh\u00f5es em agosto desse ano, representando um retorno de capta\u00e7\u00f5es. Clique aqui para saber mais.\" \/>\n<meta name=\"robots\" content=\"index, follow, max-snippet:-1, max-image-preview:large, max-video-preview:-1\" \/>\n<link rel=\"canonical\" href=\"https:\/\/www.suno.com.br\/noticias\/fundos-de-renda-fixa-captam-r-445-bi-em-agosto-declara-anbima\/\" \/>\n<meta property=\"og:locale\" content=\"pt_BR\" \/>\n<meta property=\"og:type\" content=\"article\" \/>\n<meta property=\"og:title\" content=\"Fundos de renda fixa captam R$ 44,5 bi em agosto, declara Anbima\" \/>\n<meta property=\"og:description\" content=\"Os fundos de renda fixa atra\u00edram R$ 44,5 bilh\u00f5es em agosto desse ano, representando um retorno de capta\u00e7\u00f5es. Clique aqui para saber mais.\" \/>\n<meta property=\"og:url\" content=\"https:\/\/www.suno.com.br\/noticias\/fundos-de-renda-fixa-captam-r-445-bi-em-agosto-declara-anbima\/\" \/>\n<meta property=\"og:site_name\" content=\"Suno Not\u00edcias\" \/>\n<meta property=\"article:publisher\" content=\"https:\/\/facebook.com\/sunoresearch\" \/>\n<meta property=\"og:image\" content=\"https:\/\/files.sunoresearch.com.br\/n\/uploads\/2020\/09\/1e88003e-ibovespa.jpg\" \/>\n\t<meta property=\"og:image:width\" content=\"1100\" \/>\n\t<meta property=\"og:image:height\" content=\"370\" \/>\n\t<meta property=\"og:image:type\" content=\"image\/jpeg\" \/>\n<meta name=\"author\" content=\"Rafaela La Regina\" \/>\n<meta name=\"twitter:card\" content=\"summary_large_image\" \/>\n<meta name=\"twitter:creator\" content=\"@sunoresearch\" \/>\n<meta name=\"twitter:site\" content=\"@sunoresearch\" \/>\n<meta name=\"twitter:label1\" content=\"Escrito por\" \/>\n\t<meta name=\"twitter:data1\" content=\"Rafaela La Regina\" \/>\n\t<meta name=\"twitter:label2\" content=\"Est. tempo de leitura\" \/>\n\t<meta name=\"twitter:data2\" content=\"3 minutos\" \/>\n<script type=\"application\/ld+json\" class=\"yoast-schema-graph\">{\"@context\":\"https:\/\/schema.org\",\"@graph\":[{\"@type\":\"NewsArticle\",\"@id\":\"https:\/\/www.suno.com.br\/noticias\/fundos-de-renda-fixa-captam-r-445-bi-em-agosto-declara-anbima\/#article\",\"isPartOf\":{\"@id\":\"https:\/\/www.suno.com.br\/noticias\/fundos-de-renda-fixa-captam-r-445-bi-em-agosto-declara-anbima\/\"},\"author\":{\"name\":\"Rafaela La Regina\",\"@id\":\"https:\/\/www.suno.com.br\/noticias\/#\/schema\/person\/e672ca8cea627fe715fa29bca7da95e0\"},\"headline\":\"Fundos de renda fixa captam R$ 44,5 bi em agosto, declara Anbima\",\"datePublished\":\"2020-09-08T23:34:03+00:00\",\"mainEntityOfPage\":{\"@id\":\"https:\/\/www.suno.com.br\/noticias\/fundos-de-renda-fixa-captam-r-445-bi-em-agosto-declara-anbima\/\"},\"wordCount\":583,\"publisher\":{\"@id\":\"https:\/\/www.suno.com.br\/noticias\/#organization\"},\"image\":{\"@id\":\"https:\/\/www.suno.com.br\/noticias\/fundos-de-renda-fixa-captam-r-445-bi-em-agosto-declara-anbima\/#primaryimage\"},\"thumbnailUrl\":\"https:\/\/files.sunoresearch.com.br\/n\/uploads\/2020\/09\/1e88003e-ibovespa-jpg.webp\",\"keywords\":[\"Anbima\",\"Renda Fixa\"],\"articleSection\":[\"Mercado\"],\"inLanguage\":\"pt-BR\"},{\"@type\":\"WebPage\",\"@id\":\"https:\/\/www.suno.com.br\/noticias\/fundos-de-renda-fixa-captam-r-445-bi-em-agosto-declara-anbima\/\",\"url\":\"https:\/\/www.suno.com.br\/noticias\/fundos-de-renda-fixa-captam-r-445-bi-em-agosto-declara-anbima\/\",\"name\":\"Fundos de renda fixa captam R$ 44,5 bi em agosto, declara Anbima\",\"isPartOf\":{\"@id\":\"https:\/\/www.suno.com.br\/noticias\/#website\"},\"primaryImageOfPage\":{\"@id\":\"https:\/\/www.suno.com.br\/noticias\/fundos-de-renda-fixa-captam-r-445-bi-em-agosto-declara-anbima\/#primaryimage\"},\"image\":{\"@id\":\"https:\/\/www.suno.com.br\/noticias\/fundos-de-renda-fixa-captam-r-445-bi-em-agosto-declara-anbima\/#primaryimage\"},\"thumbnailUrl\":\"https:\/\/files.sunoresearch.com.br\/n\/uploads\/2020\/09\/1e88003e-ibovespa-jpg.webp\",\"datePublished\":\"2020-09-08T23:34:03+00:00\",\"description\":\"Os fundos de renda fixa atra\u00edram R$ 44,5 bilh\u00f5es em agosto desse ano, representando um retorno de capta\u00e7\u00f5es. Clique aqui para saber mais.\",\"breadcrumb\":{\"@id\":\"https:\/\/www.suno.com.br\/noticias\/fundos-de-renda-fixa-captam-r-445-bi-em-agosto-declara-anbima\/#breadcrumb\"},\"inLanguage\":\"pt-BR\",\"potentialAction\":[{\"@type\":\"ReadAction\",\"target\":[\"https:\/\/www.suno.com.br\/noticias\/fundos-de-renda-fixa-captam-r-445-bi-em-agosto-declara-anbima\/\"]}]},{\"@type\":\"ImageObject\",\"inLanguage\":\"pt-BR\",\"@id\":\"https:\/\/www.suno.com.br\/noticias\/fundos-de-renda-fixa-captam-r-445-bi-em-agosto-declara-anbima\/#primaryimage\",\"url\":\"https:\/\/files.sunoresearch.com.br\/n\/uploads\/2020\/09\/1e88003e-ibovespa-jpg.webp\",\"contentUrl\":\"https:\/\/files.sunoresearch.com.br\/n\/uploads\/2020\/09\/1e88003e-ibovespa-jpg.webp\",\"width\":1100,\"height\":370,\"caption\":\"Os fundos de renda fixa atra\u00edram R$ 44,5 bilh\u00f5es em agosto desse ano, representando um retorno de capta\u00e7\u00f5es.\"},{\"@type\":\"BreadcrumbList\",\"@id\":\"https:\/\/www.suno.com.br\/noticias\/fundos-de-renda-fixa-captam-r-445-bi-em-agosto-declara-anbima\/#breadcrumb\",\"itemListElement\":[{\"@type\":\"ListItem\",\"position\":1,\"name\":\"Not\u00edcias\",\"item\":\"https:\/\/www.suno.com.br\/noticias\/\"},{\"@type\":\"ListItem\",\"position\":2,\"name\":\"Mercado\",\"item\":\"https:\/\/www.suno.com.br\/noticias\/mercado\/\"},{\"@type\":\"ListItem\",\"position\":3,\"name\":\"Fundos de renda fixa captam R$ 44,5 bi em agosto, declara Anbima\"}]},{\"@type\":\"WebSite\",\"@id\":\"https:\/\/www.suno.com.br\/noticias\/#website\",\"url\":\"https:\/\/www.suno.com.br\/noticias\/\",\"name\":\"Suno Not\u00edcias\",\"description\":\"Seu portal de informa\u00e7\u00e3o sobre o mundo dos investimentos\",\"publisher\":{\"@id\":\"https:\/\/www.suno.com.br\/noticias\/#organization\"},\"potentialAction\":[{\"@type\":\"SearchAction\",\"target\":{\"@type\":\"EntryPoint\",\"urlTemplate\":\"https:\/\/www.suno.com.br\/noticias\/?s={search_term_string}\"},\"query-input\":{\"@type\":\"PropertyValueSpecification\",\"valueRequired\":true,\"valueName\":\"search_term_string\"}}],\"inLanguage\":\"pt-BR\"},{\"@type\":\"Organization\",\"@id\":\"https:\/\/www.suno.com.br\/noticias\/#organization\",\"name\":\"Suno Not\u00edcias\",\"url\":\"https:\/\/www.suno.com.br\/noticias\/\",\"logo\":{\"@type\":\"ImageObject\",\"inLanguage\":\"pt-BR\",\"@id\":\"https:\/\/www.suno.com.br\/noticias\/#\/schema\/logo\/image\/\",\"url\":\"https:\/\/files.sunoresearch.com.br\/n\/uploads\/2021\/09\/suno-logo.png\",\"contentUrl\":\"https:\/\/files.sunoresearch.com.br\/n\/uploads\/2021\/09\/suno-logo.png\",\"width\":180,\"height\":180,\"caption\":\"Suno Not\u00edcias\"},\"image\":{\"@id\":\"https:\/\/www.suno.com.br\/noticias\/#\/schema\/logo\/image\/\"},\"sameAs\":[\"https:\/\/facebook.com\/sunoresearch\",\"https:\/\/x.com\/sunoresearch\",\"https:\/\/www.instagram.com\/suno\",\"https:\/\/www.linkedin.com\/company\/suno-research\/\",\"https:\/\/www.youtube.com\/c\/sunoresearch\"]},{\"@type\":\"Person\",\"@id\":\"https:\/\/www.suno.com.br\/noticias\/#\/schema\/person\/e672ca8cea627fe715fa29bca7da95e0\",\"name\":\"Rafaela La Regina\",\"image\":{\"@type\":\"ImageObject\",\"inLanguage\":\"pt-BR\",\"@id\":\"https:\/\/www.suno.com.br\/noticias\/#\/schema\/person\/image\/\",\"url\":\"https:\/\/secure.gravatar.com\/avatar\/d2c75a52d243deb93d0465fdcb21bd37?s=96&r=g\",\"contentUrl\":\"https:\/\/secure.gravatar.com\/avatar\/d2c75a52d243deb93d0465fdcb21bd37?s=96&r=g\",\"caption\":\"Rafaela La Regina\"},\"description\":\"Estagi\u00e1ria no Suno Not\u00edcias. Escreve sobre economia, pol\u00edtica e neg\u00f3cios. Estuda Rela\u00e7\u00f5es Internacionais no IBMEC-SP.\",\"url\":\"https:\/\/www.suno.com.br\/noticias\/author\/rafaela-la-regina\/\"}]}<\/script>\n<!-- \/ Yoast SEO plugin. -->","yoast_head_json":{"title":"Fundos de renda fixa captam R$ 44,5 bi em agosto, declara Anbima","description":"Os fundos de renda fixa atra\u00edram R$ 44,5 bilh\u00f5es em agosto desse ano, representando um retorno de capta\u00e7\u00f5es. Clique aqui para saber mais.","robots":{"index":"index","follow":"follow","max-snippet":"max-snippet:-1","max-image-preview":"max-image-preview:large","max-video-preview":"max-video-preview:-1"},"canonical":"https:\/\/www.suno.com.br\/noticias\/fundos-de-renda-fixa-captam-r-445-bi-em-agosto-declara-anbima\/","og_locale":"pt_BR","og_type":"article","og_title":"Fundos de renda fixa captam R$ 44,5 bi em agosto, declara Anbima","og_description":"Os fundos de renda fixa atra\u00edram R$ 44,5 bilh\u00f5es em agosto desse ano, representando um retorno de capta\u00e7\u00f5es. Clique aqui para saber mais.","og_url":"https:\/\/www.suno.com.br\/noticias\/fundos-de-renda-fixa-captam-r-445-bi-em-agosto-declara-anbima\/","og_site_name":"Suno Not\u00edcias","article_publisher":"https:\/\/facebook.com\/sunoresearch","og_image":[{"width":1100,"height":370,"url":"https:\/\/files.sunoresearch.com.br\/n\/uploads\/2020\/09\/1e88003e-ibovespa.jpg","type":"image\/jpeg"}],"author":"Rafaela La Regina","twitter_card":"summary_large_image","twitter_creator":"@sunoresearch","twitter_site":"@sunoresearch","twitter_misc":{"Escrito por":"Rafaela La Regina","Est. tempo de leitura":"3 minutos"},"schema":{"@context":"https:\/\/schema.org","@graph":[{"@type":"NewsArticle","@id":"https:\/\/www.suno.com.br\/noticias\/fundos-de-renda-fixa-captam-r-445-bi-em-agosto-declara-anbima\/#article","isPartOf":{"@id":"https:\/\/www.suno.com.br\/noticias\/fundos-de-renda-fixa-captam-r-445-bi-em-agosto-declara-anbima\/"},"author":{"name":"Rafaela La Regina","@id":"https:\/\/www.suno.com.br\/noticias\/#\/schema\/person\/e672ca8cea627fe715fa29bca7da95e0"},"headline":"Fundos de renda fixa captam R$ 44,5 bi em agosto, declara Anbima","datePublished":"2020-09-08T23:34:03+00:00","mainEntityOfPage":{"@id":"https:\/\/www.suno.com.br\/noticias\/fundos-de-renda-fixa-captam-r-445-bi-em-agosto-declara-anbima\/"},"wordCount":583,"publisher":{"@id":"https:\/\/www.suno.com.br\/noticias\/#organization"},"image":{"@id":"https:\/\/www.suno.com.br\/noticias\/fundos-de-renda-fixa-captam-r-445-bi-em-agosto-declara-anbima\/#primaryimage"},"thumbnailUrl":"https:\/\/files.sunoresearch.com.br\/n\/uploads\/2020\/09\/1e88003e-ibovespa-jpg.webp","keywords":["Anbima","Renda Fixa"],"articleSection":["Mercado"],"inLanguage":"pt-BR"},{"@type":"WebPage","@id":"https:\/\/www.suno.com.br\/noticias\/fundos-de-renda-fixa-captam-r-445-bi-em-agosto-declara-anbima\/","url":"https:\/\/www.suno.com.br\/noticias\/fundos-de-renda-fixa-captam-r-445-bi-em-agosto-declara-anbima\/","name":"Fundos de renda fixa captam R$ 44,5 bi em agosto, declara Anbima","isPartOf":{"@id":"https:\/\/www.suno.com.br\/noticias\/#website"},"primaryImageOfPage":{"@id":"https:\/\/www.suno.com.br\/noticias\/fundos-de-renda-fixa-captam-r-445-bi-em-agosto-declara-anbima\/#primaryimage"},"image":{"@id":"https:\/\/www.suno.com.br\/noticias\/fundos-de-renda-fixa-captam-r-445-bi-em-agosto-declara-anbima\/#primaryimage"},"thumbnailUrl":"https:\/\/files.sunoresearch.com.br\/n\/uploads\/2020\/09\/1e88003e-ibovespa-jpg.webp","datePublished":"2020-09-08T23:34:03+00:00","description":"Os fundos de renda fixa atra\u00edram R$ 44,5 bilh\u00f5es em agosto desse ano, representando um retorno de capta\u00e7\u00f5es. Clique aqui para saber mais.","breadcrumb":{"@id":"https:\/\/www.suno.com.br\/noticias\/fundos-de-renda-fixa-captam-r-445-bi-em-agosto-declara-anbima\/#breadcrumb"},"inLanguage":"pt-BR","potentialAction":[{"@type":"ReadAction","target":["https:\/\/www.suno.com.br\/noticias\/fundos-de-renda-fixa-captam-r-445-bi-em-agosto-declara-anbima\/"]}]},{"@type":"ImageObject","inLanguage":"pt-BR","@id":"https:\/\/www.suno.com.br\/noticias\/fundos-de-renda-fixa-captam-r-445-bi-em-agosto-declara-anbima\/#primaryimage","url":"https:\/\/files.sunoresearch.com.br\/n\/uploads\/2020\/09\/1e88003e-ibovespa-jpg.webp","contentUrl":"https:\/\/files.sunoresearch.com.br\/n\/uploads\/2020\/09\/1e88003e-ibovespa-jpg.webp","width":1100,"height":370,"caption":"Os fundos de renda fixa atra\u00edram R$ 44,5 bilh\u00f5es em agosto desse ano, representando um retorno de capta\u00e7\u00f5es."},{"@type":"BreadcrumbList","@id":"https:\/\/www.suno.com.br\/noticias\/fundos-de-renda-fixa-captam-r-445-bi-em-agosto-declara-anbima\/#breadcrumb","itemListElement":[{"@type":"ListItem","position":1,"name":"Not\u00edcias","item":"https:\/\/www.suno.com.br\/noticias\/"},{"@type":"ListItem","position":2,"name":"Mercado","item":"https:\/\/www.suno.com.br\/noticias\/mercado\/"},{"@type":"ListItem","position":3,"name":"Fundos de renda fixa captam R$ 44,5 bi em agosto, declara Anbima"}]},{"@type":"WebSite","@id":"https:\/\/www.suno.com.br\/noticias\/#website","url":"https:\/\/www.suno.com.br\/noticias\/","name":"Suno Not\u00edcias","description":"Seu portal de informa\u00e7\u00e3o sobre o mundo dos investimentos","publisher":{"@id":"https:\/\/www.suno.com.br\/noticias\/#organization"},"potentialAction":[{"@type":"SearchAction","target":{"@type":"EntryPoint","urlTemplate":"https:\/\/www.suno.com.br\/noticias\/?s={search_term_string}"},"query-input":{"@type":"PropertyValueSpecification","valueRequired":true,"valueName":"search_term_string"}}],"inLanguage":"pt-BR"},{"@type":"Organization","@id":"https:\/\/www.suno.com.br\/noticias\/#organization","name":"Suno Not\u00edcias","url":"https:\/\/www.suno.com.br\/noticias\/","logo":{"@type":"ImageObject","inLanguage":"pt-BR","@id":"https:\/\/www.suno.com.br\/noticias\/#\/schema\/logo\/image\/","url":"https:\/\/files.sunoresearch.com.br\/n\/uploads\/2021\/09\/suno-logo.png","contentUrl":"https:\/\/files.sunoresearch.com.br\/n\/uploads\/2021\/09\/suno-logo.png","width":180,"height":180,"caption":"Suno Not\u00edcias"},"image":{"@id":"https:\/\/www.suno.com.br\/noticias\/#\/schema\/logo\/image\/"},"sameAs":["https:\/\/facebook.com\/sunoresearch","https:\/\/x.com\/sunoresearch","https:\/\/www.instagram.com\/suno","https:\/\/www.linkedin.com\/company\/suno-research\/","https:\/\/www.youtube.com\/c\/sunoresearch"]},{"@type":"Person","@id":"https:\/\/www.suno.com.br\/noticias\/#\/schema\/person\/e672ca8cea627fe715fa29bca7da95e0","name":"Rafaela La Regina","image":{"@type":"ImageObject","inLanguage":"pt-BR","@id":"https:\/\/www.suno.com.br\/noticias\/#\/schema\/person\/image\/","url":"https:\/\/secure.gravatar.com\/avatar\/d2c75a52d243deb93d0465fdcb21bd37?s=96&r=g","contentUrl":"https:\/\/secure.gravatar.com\/avatar\/d2c75a52d243deb93d0465fdcb21bd37?s=96&r=g","caption":"Rafaela La Regina"},"description":"Estagi\u00e1ria no Suno Not\u00edcias. Escreve sobre economia, pol\u00edtica e neg\u00f3cios. Estuda Rela\u00e7\u00f5es Internacionais no IBMEC-SP.","url":"https:\/\/www.suno.com.br\/noticias\/author\/rafaela-la-regina\/"}]}},"default_loop_html":"<div class=\"cardsPage__listCard__boxs\"><div class=\"cardsPage__listCard__boxs__img\"><a href=\"https:\/\/www.suno.com.br\/noticias\/fundos-de-renda-fixa-captam-r-445-bi-em-agosto-declara-anbima\/\"><img class=\"mask\" src=\"https:\/\/www.suno.com.br\/noticias\/wp-content\/themes\/suno\/resources\/images\/spotlight\/spotlight1img\/bg-mask.png\" alt=\"Image Mask\"\/><img src=\"https:\/\/files.sunoresearch.com.br\/n\/uploads\/2020\/09\/1e88003e-ibovespa-400x200.webp\" alt=\"Fundos de renda fixa captam R$ 44,5 bi em agosto, declara Anbima\"\/><\/a><span class=\"spotlightCategory\"><a href=\"https:\/\/www.suno.com.br\/noticias\/mercado\/\">Mercado<\/a><\/span><\/div><div class=\"cardsPage__listCard__boxs__content\"><a href=\"https:\/\/www.suno.com.br\/noticias\/fundos-de-renda-fixa-captam-r-445-bi-em-agosto-declara-anbima\/\"><h2 class=\"content__title\">Fundos de renda fixa captam R$ 44,5 bi em agosto, declara Anbima<\/h2><\/a><div class=\"newsContent__article__meta\"><div class=\"newsContent__article__meta__authorBox\"><a href=\"https:\/\/www.suno.com.br\/noticias\/author\/rafaela-la-regina\/\" class=\"authorBox__avatar noMobi\"><img src=\"https:\/\/secure.gravatar.com\/avatar\/d2c75a52d243deb93d0465fdcb21bd37?s=96&#038;r=g\" alt=\"Rafaela La Regina\"><\/a><div class=\"authorBox__name\"><span>por\n\t\t\t<a href=\"https:\/\/www.suno.com.br\/noticias\/author\/rafaela-la-regina\/\"><span itemprop=\"author\">Rafaela La Regina<\/span><\/a><\/span><time datetime=\"2020-09-08T20:34:03-03:00\" itemprop=\"datePublished\">08\/09\/2020 20:34<\/time><\/div><\/div><\/div><\/div><\/div>","single_layout":"posts","amp_enabled":true,"_links":{"self":[{"href":"https:\/\/www.suno.com.br\/noticias\/wp-json\/wp\/v2\/posts\/83280"}],"collection":[{"href":"https:\/\/www.suno.com.br\/noticias\/wp-json\/wp\/v2\/posts"}],"about":[{"href":"https:\/\/www.suno.com.br\/noticias\/wp-json\/wp\/v2\/types\/post"}],"author":[{"embeddable":true,"href":"https:\/\/www.suno.com.br\/noticias\/wp-json\/wp\/v2\/users\/56"}],"replies":[{"embeddable":true,"href":"https:\/\/www.suno.com.br\/noticias\/wp-json\/wp\/v2\/comments?post=83280"}],"version-history":[{"count":0,"href":"https:\/\/www.suno.com.br\/noticias\/wp-json\/wp\/v2\/posts\/83280\/revisions"}],"wp:featuredmedia":[{"embeddable":true,"href":"https:\/\/www.suno.com.br\/noticias\/wp-json\/wp\/v2\/media\/83301"}],"wp:attachment":[{"href":"https:\/\/www.suno.com.br\/noticias\/wp-json\/wp\/v2\/media?parent=83280"}],"wp:term":[{"taxonomy":"category","embeddable":true,"href":"https:\/\/www.suno.com.br\/noticias\/wp-json\/wp\/v2\/categories?post=83280"},{"taxonomy":"post_tag","embeddable":true,"href":"https:\/\/www.suno.com.br\/noticias\/wp-json\/wp\/v2\/tags?post=83280"},{"taxonomy":"suno_strategy","embeddable":true,"href":"https:\/\/www.suno.com.br\/noticias\/wp-json\/wp\/v2\/suno_strategy?post=83280"}],"curies":[{"name":"wp","href":"https:\/\/api.w.org\/{rel}","templated":true}]}}