{"id":83229,"date":"2020-09-08T18:08:08","date_gmt":"2020-09-08T21:08:08","guid":{"rendered":"https:\/\/www.suno.com.br\/noticias\/?p=83229"},"modified":"2021-05-29T20:32:05","modified_gmt":"2021-05-29T23:32:05","slug":"ibovespa-fecha-em-queda-nessa-terca-feira-8","status":"publish","type":"post","link":"https:\/\/www.suno.com.br\/noticias\/ibovespa-fecha-em-queda-nessa-terca-feira-8\/","title":{"rendered":"Ibovespa fecha em queda de 1,18% a 100.050,430 pontos"},"content":{"rendered":"<p>O Ibovespa fechou o preg\u00e3o desta ter\u00e7a-feira (8) em queda de 1,17%, sendo cotado a 100.050,430 pontos.<\/p>\t<div class=\"wrapper-featured-image\">\n\t\t<figure class=\"spotlightImg\">\n\n\t\t\t<picture>\n\t\t\t\t<source media=\"(max-width: 768px)\" srcset=\"https:\/\/files.sunoresearch.com.br\/n\/uploads\/2020\/09\/bba17af9-bigstock-stock-market-graph-chart-with-312755842-1-1200x675-1-800x450-2-400x200.webp\">\n\t\t\t\t<img loading=\"lazy\" decoding=\"async\" class=\"newsContent__article__imgCapa lazyloadDisabled \" src=\"https:\/\/files.sunoresearch.com.br\/n\/uploads\/2020\/09\/bba17af9-bigstock-stock-market-graph-chart-with-312755842-1-1200x675-1-800x450-2-jpg.webp\" width=\"800\" height=\"450\" alt=\"Ibovespa fecha em queda de 1,18% a 100.050,430 pontos\" fetchpriority=high \/>\n\t\t\t<\/picture>\n\n\t\t\t<figcaption class=\"wp-caption-text wp-caption-text--show\">O Ibovespa encerrou as negocia\u00e7\u00f5es na \u00faltima segunda-feira com uma queda de 1,32%, a 96.990,719 pontos.<\/figcaption>\n\t\t<\/figure>\n\t<\/div>\n\n\n<div class=\"hubspot-form-wrapper\">\n\t<div id=\"single-form-target\"><\/div>\n<\/div>\n\n<p>As principais not\u00edcias que interferiram no <a href=\"https:\/\/www.suno.com.br\/artigos\/mercado-de-acoes\/\">mercado acion\u00e1rio<\/a> nessa ter\u00e7a-feira foram o an\u00fancio feito pela <a href=\"https:\/\/www.suno.com.br\/acoes\/petr3\/\"><strong>Petrobras<\/strong> (PETR3<\/a>; <a href=\"https:\/\/www.suno.com.br\/acoes\/petr4\/\">PETR4<\/a>) sobre a redu\u00e7\u00e3o dos pre\u00e7os m\u00e9dios do diesel e da gasolina, o encerramento do per\u00edodo de exclusividade de negocia\u00e7\u00f5es entre a <a href=\"https:\/\/www.suno.com.br\/acoes\/vale3\/\"><strong>Vale<\/strong> (VALE3)<\/a> e a mineradora australiana, New Century Resources Limited (NCZ), e tamb\u00e9m a declara\u00e7\u00e3o da <a href=\"https:\/\/www.suno.com.br\/acoes\/embr3\/\"><strong>Embraer<\/strong> (EMBR3)<\/a> sobre as ofertas de aquisi\u00e7\u00e3o da sua subsidi\u00e1ria, Embraer Netherlands Finance.<\/p>\n<h2><strong>Petrobras<\/strong> (PETR3; PETR4)<\/h2>\n<p>A <a href=\"https:\/\/www.suno.com.br\/noticias\/vale-investir-estatais-confira-opiniao-especialista\/\">estatal<\/a> petrol\u00edfera <strong>Petrobras<\/strong>\u00a0informou nessa ter\u00e7a-feira (8) que ir\u00e1 reduzir, a partir da pr\u00f3xima quarta-feira (9), os <a href=\"https:\/\/www.suno.com.br\/artigos\/preco-medio\/\">pre\u00e7os m\u00e9dios<\/a> do diesel e da gasolina em 5% nas suas refinarias. O pre\u00e7o do diesel mar\u00edtimo, por sua vez, ser\u00e1 reduzido em 5,2%.<\/p>\n<p><a href=\"https:\/\/lp.suno.com.br\/suno-one\/\">Suno One: acesse gratuitamente eBooks, Minicursos, Artigos e Video Aulas sobre investimentos com um \u00fanico cadastro. Clique para saber mais!<\/a><\/p>\n<p>Com a nova altera\u00e7\u00e3o da Petrobras, o litro do <strong>diesel<\/strong> dever\u00e1 passar para R$ 0,0922, enquanto o pre\u00e7o da gasolina dever\u00e1 ser reduzido para R$ 0,0884 o litro, segundo apontou a Associa\u00e7\u00e3o Brasileira dos Importadores de Combust\u00edveis (Abicom).<\/p>\n<p><a href=\"https:\/\/www.suno.com.br\/noticias\/petrobras-petr4-reduz-precos-diesel-gasolina-refinarias\/\">Saiba Mais: Petrobras (PETR4) reduz pre\u00e7os do diesel e gasolina em 5% nas refinarias\u00a0<\/a><\/p>\n<p>Ao passo que na \u00faltima quinta-feira (3) a companhia j\u00e1 havia reduzido em m\u00e9dia o pre\u00e7o dos dois combust\u00edveis. Na ocasi\u00e3o, a redu\u00e7\u00e3o m\u00e9dia do pre\u00e7o do diesel foi de 6%, enquanto o pre\u00e7o da gasolina caiu em 3% nas refinarias. Em rela\u00e7\u00e3o ao diesel mar\u00edtimo, a empresa anunciou que\u00a0 o resumo seria de 6,2%. Nesse sentido, essa \u00e9 a segunda redu\u00e7\u00e3o seguida em uma semana.<\/p>\n<h2>Vale (VALE3)<\/h2>\n<p>A <strong>Vale<\/strong> (VALE3) comunicou, na \u00faltima segunda-feira (7), que n\u00e3o chegou a um acordo com a New Century Resources Limited (NCZ), mineradora australiana, sobre a venda de sua participa\u00e7\u00e3o na Vale Nouvelle Caledonie S.A.S. (VNC), produtora de n\u00edquel, que \u00e9 de 95%. Com isso, o per\u00edodo de exclusividade de negocia\u00e7\u00e3o com a New Century Resources foi encerrado.<\/p>\n<p>De acordo com a mineradora, a companhia iniciar\u00e1 \u00e0s etapas que s\u00e3o necess\u00e1rias para colocar a VNC em &#8220;care and maintenance&#8221;, em prepara\u00e7\u00e3o para um poss\u00edvel fechamento da opera\u00e7\u00e3o, &#8220;caso nenhuma solu\u00e7\u00e3o sustent\u00e1vel seja encontrada nos pr\u00f3ximos meses&#8221;. A Vale afirmou tamb\u00e9m que permanece tentando evoluir em rela\u00e7\u00e3o a acordos com o Estado franc\u00eas, a Prov\u00edncia do Sul da Nova Caled\u00f4nia e a administra\u00e7\u00e3o da VNC para conseguir um resultado positivo para as opera\u00e7\u00f5es no futuro.<\/p>\n<p><a href=\"https:\/\/www.suno.com.br\/noticias\/vale-nao-chega-acordo-ncz-venda-vale-nova-caledonia\/\">Saiba Mais: Vale (VALE3) n\u00e3o chega a acordo com a NCZ para venda da Nova Caled\u00f4nia<\/a><\/p>\n<p>O <a href=\"https:\/\/www.suno.com.br\/artigos\/ceo\/\">CEO<\/a> da Vale, Eduardo Bartolomeo, disse que &#8220;todas as partes envolvidas nesta negocia\u00e7\u00e3o investiram esfor\u00e7os significativos na tentativa de chegar a uma solu\u00e7\u00e3o para o futuro sustent\u00e1vel da VNC&#8221;.<\/p>\n<h2>Embraer (EMBR3)<\/h2>\n<p>A <strong>Embraer<\/strong> (EMBR3) comunicou ao mercado, nesta ter\u00e7a-feira (8), que sua subsidi\u00e1ria Embraer Netherlands Finance iniciou as ofertas de aquisi\u00e7\u00e3o \u00e0 vista no valor de at\u00e9 US$ 250 milh\u00f5es (cerca de R$ 1,3 bilh\u00e3o) em <a href=\"https:\/\/www.suno.com.br\/artigos\/bonds\/\">notas (Bonds)<\/a> em circula\u00e7\u00e3o com vencimento em 2022 e 2023.<\/p>\n<p>Segundo o comunicado, a oferta de recompra consiste em bonds com remunera\u00e7\u00e3o de 5,150% ao ano e vencimento em 2022, emitidas pela Yabor\u00e3 Ind\u00fastria Aeron\u00e1utica e garantidas pela Embraer. Al\u00e9m de notas com remunera\u00e7\u00e3o de 5,696% ao ano e vencimento em 2023, emitidas pela Embraer Overseas Limited e garantidas pela Yabor\u00e3 e Embraer.<\/p>\n<p><a href=\"https:\/\/www.suno.com.br\/noticias\/embraer-embr3-anuncia-recompra-de-ate-us-250-milhoes-de-bonds\/\">Saiba Mais: Embraer (EMBR3) anuncia recompra de at\u00e9 US$ 250 milh\u00f5es de bonds<\/a><\/p>\n<p>&#8220;As ofertas expirar\u00e3o \u00e0s 23h59min, hor\u00e1rio da cidade de Nova York, Estados Unidos, do dia 5 de outubro de 2020, exceto se prorrogadas pela Embraer Finance&#8221;.<\/p>\n<h2>Maiores altas e baixas do Ibovespa<\/h2>\n<p>Altas:<\/p>\n<p>AZUL4 +6,79% \/ R$ 26,26<br \/>\nRENT3 +5,87% \/ R$ 53,73<br \/>\nIGTA3 +4,55% \/\u00a0 R$ 36,10<br \/>\nBRML3 +4,34% \/ R$ 9,86<br \/>\nMULT3 +4,04% \/ R$ 23,15<\/p>\n<p>Baixas:<\/p>\n<p>PRIO3 -6,08% \/ R$ 41,37<br \/>\nVVAR3 -3,97% \/ R$ 18,15<br \/>\nPETR3 -3,47% \/ R$ 22,52<br \/>\nIRBR3 -3,31% \/ R$ 6,72<br \/>\nPETR4 -2,88% \/ R$ 22,26<\/p>\n<h2>Bolsas no exterior<\/h2>\n<ul>\n<li>EUA (Nasdaq) -4,11%<\/li>\n<li>Reino Unido (<a href=\"https:\/\/www.suno.com.br\/artigos\/ftse-100\/\">FTSE 100<\/a>) -0,12%<\/li>\n<li>Jap\u00e3o (<a href=\"https:\/\/www.suno.com.br\/artigos\/nikkei-225\/\">Nikkei 225<\/a>) +0,80%<\/li>\n<li>Fran\u00e7a (<a href=\"https:\/\/www.suno.com.br\/artigos\/cac-40\/\">CAC 40<\/a>) -1,59%<\/li>\n<\/ul>\n<h2>\u00daltima cota\u00e7\u00e3o do Ibovespa<\/h2>\n<p>De forma distinta ao <strong>Ibovespa hoje<\/strong>, o \u00edndice acion\u00e1rio encerrou as negocia\u00e7\u00f5es na \u00faltima sexta-feira com uma alta de 0,52%, a 101.241,73 pontos.<\/p>\n\t<p>\n\t\t<a href=\"https:\/\/lp.suno.com.br\/planilha-de-controle-de-investimentos\/\" target=\"_blank\" data-element=\"shortcode-suno-banner\" title=\"Banner SUNO, clique e saiba mais\">\n\t\t\t<picture>\n\t\t\t\t<source media=\"(max-width: 500px)\" srcset=\"https:\/\/files.sunoresearch.com.br\/n\/uploads\/2023\/03\/400x300-Controle-de-Investimentos.png\">\n\t\t\t\t<img class=\"newsContent__article__imgCapa newsContent__article__imgCapa--banner\"\n\t\t\t\t\tsrc=\"https:\/\/files.sunoresearch.com.br\/n\/uploads\/2023\/03\/1420x240-Controle-de-Investimentos.png\"\n\t\t\t\t\tdata-promo-id=\"75934\"\t\t\t\t\t\t\t\t\t\twidth='1420' height='240'\t\t\t\t\talt=\"https:\/\/files.sunoresearch.com.br\/n\/uploads\/2023\/03\/1420x240-Controle-de-Investimentos.png\"\n\t\t\t\t>\n\t\t\t<\/picture>\n\t\t<\/a>\n\t<\/p>\n\n\n","protected":false},"excerpt":{"rendered":"<p>O Ibovespa fechou o preg\u00e3o desta ter\u00e7a-feira (8) em queda de 1,17%, sendo cotado a 100.050,430 pontos. O Ibovespa encerrou as negocia\u00e7\u00f5es na \u00faltima segunda-feira com uma queda de 1,32%, a 96.990,719 pontos. As principais not\u00edcias que interferiram no mercado acion\u00e1rio nessa ter\u00e7a-feira foram o an\u00fancio feito pela Petrobras (PETR3; PETR4) sobre a redu\u00e7\u00e3o dos [&hellip;]<\/p>\n","protected":false},"author":56,"featured_media":83244,"comment_status":"closed","ping_status":"closed","sticky":false,"template":"","format":"standard","meta":[],"categories":[60],"tags":[721,2426,595],"suno_strategy":[],"class_list":["post-83229","post","type-post","status-publish","format-standard","has-post-thumbnail","hentry","category-mercado","tag-ibovespa","tag-petr3","tag-petrobras-petr4"],"yoast_head":"<!-- This site is optimized with the Yoast SEO plugin v24.4 - https:\/\/yoast.com\/wordpress\/plugins\/seo\/ -->\n<title>Ibovespa fecha em queda de 1,18% a 100.050,430 pontos<\/title>\n<meta name=\"description\" content=\"O Ibovespa fechou o preg\u00e3o desta ter\u00e7a-feira (8) em queda de 1,18%, cotado a 100.050,430 pontos. Clique aqui para saber mais.\" \/>\n<meta name=\"robots\" content=\"index, follow, max-snippet:-1, max-image-preview:large, max-video-preview:-1\" \/>\n<link rel=\"canonical\" href=\"https:\/\/www.suno.com.br\/noticias\/ibovespa-fecha-em-queda-nessa-terca-feira-8\/\" \/>\n<meta property=\"og:locale\" content=\"pt_BR\" \/>\n<meta property=\"og:type\" content=\"article\" \/>\n<meta property=\"og:title\" content=\"Ibovespa fecha em queda de 1,18% a 100.050,430 pontos\" \/>\n<meta property=\"og:description\" content=\"O Ibovespa fechou o preg\u00e3o desta ter\u00e7a-feira (8) em queda de 1,18%, cotado a 100.050,430 pontos. Clique aqui para saber mais.\" \/>\n<meta property=\"og:url\" content=\"https:\/\/www.suno.com.br\/noticias\/ibovespa-fecha-em-queda-nessa-terca-feira-8\/\" \/>\n<meta property=\"og:site_name\" content=\"Suno Not\u00edcias\" \/>\n<meta property=\"article:publisher\" content=\"https:\/\/facebook.com\/sunoresearch\" \/>\n<meta property=\"og:image\" content=\"https:\/\/files.sunoresearch.com.br\/n\/uploads\/2020\/09\/bba17af9-bigstock-stock-market-graph-chart-with-312755842-1-1200x675-1-800x450-2.jpg\" \/>\n\t<meta property=\"og:image:width\" content=\"800\" \/>\n\t<meta property=\"og:image:height\" content=\"450\" \/>\n\t<meta property=\"og:image:type\" content=\"image\/jpeg\" \/>\n<meta name=\"author\" content=\"Rafaela La Regina\" \/>\n<meta name=\"twitter:card\" content=\"summary_large_image\" \/>\n<meta name=\"twitter:creator\" content=\"@sunoresearch\" \/>\n<meta name=\"twitter:site\" content=\"@sunoresearch\" \/>\n<meta name=\"twitter:label1\" content=\"Escrito por\" \/>\n\t<meta name=\"twitter:data1\" content=\"Rafaela La Regina\" \/>\n\t<meta name=\"twitter:label2\" content=\"Est. tempo de leitura\" \/>\n\t<meta name=\"twitter:data2\" content=\"4 minutos\" \/>\n<script type=\"application\/ld+json\" class=\"yoast-schema-graph\">{\"@context\":\"https:\/\/schema.org\",\"@graph\":[{\"@type\":\"NewsArticle\",\"@id\":\"https:\/\/www.suno.com.br\/noticias\/ibovespa-fecha-em-queda-nessa-terca-feira-8\/#article\",\"isPartOf\":{\"@id\":\"https:\/\/www.suno.com.br\/noticias\/ibovespa-fecha-em-queda-nessa-terca-feira-8\/\"},\"author\":{\"name\":\"Rafaela La Regina\",\"@id\":\"https:\/\/www.suno.com.br\/noticias\/#\/schema\/person\/e672ca8cea627fe715fa29bca7da95e0\"},\"headline\":\"Ibovespa fecha em queda de 1,18% a 100.050,430 pontos\",\"datePublished\":\"2020-09-08T21:08:08+00:00\",\"dateModified\":\"2021-05-29T23:32:05+00:00\",\"mainEntityOfPage\":{\"@id\":\"https:\/\/www.suno.com.br\/noticias\/ibovespa-fecha-em-queda-nessa-terca-feira-8\/\"},\"wordCount\":739,\"publisher\":{\"@id\":\"https:\/\/www.suno.com.br\/noticias\/#organization\"},\"image\":{\"@id\":\"https:\/\/www.suno.com.br\/noticias\/ibovespa-fecha-em-queda-nessa-terca-feira-8\/#primaryimage\"},\"thumbnailUrl\":\"https:\/\/files.sunoresearch.com.br\/n\/uploads\/2020\/09\/bba17af9-bigstock-stock-market-graph-chart-with-312755842-1-1200x675-1-800x450-2-jpg.webp\",\"keywords\":[\"Ibovespa\",\"PETR3\",\"Petrobras (PETR4)\"],\"articleSection\":[\"Mercado\"],\"inLanguage\":\"pt-BR\"},{\"@type\":\"WebPage\",\"@id\":\"https:\/\/www.suno.com.br\/noticias\/ibovespa-fecha-em-queda-nessa-terca-feira-8\/\",\"url\":\"https:\/\/www.suno.com.br\/noticias\/ibovespa-fecha-em-queda-nessa-terca-feira-8\/\",\"name\":\"Ibovespa fecha em queda de 1,18% a 100.050,430 pontos\",\"isPartOf\":{\"@id\":\"https:\/\/www.suno.com.br\/noticias\/#website\"},\"primaryImageOfPage\":{\"@id\":\"https:\/\/www.suno.com.br\/noticias\/ibovespa-fecha-em-queda-nessa-terca-feira-8\/#primaryimage\"},\"image\":{\"@id\":\"https:\/\/www.suno.com.br\/noticias\/ibovespa-fecha-em-queda-nessa-terca-feira-8\/#primaryimage\"},\"thumbnailUrl\":\"https:\/\/files.sunoresearch.com.br\/n\/uploads\/2020\/09\/bba17af9-bigstock-stock-market-graph-chart-with-312755842-1-1200x675-1-800x450-2-jpg.webp\",\"datePublished\":\"2020-09-08T21:08:08+00:00\",\"dateModified\":\"2021-05-29T23:32:05+00:00\",\"description\":\"O Ibovespa fechou o preg\u00e3o desta ter\u00e7a-feira (8) em queda de 1,18%, cotado a 100.050,430 pontos. Clique aqui para saber mais.\",\"breadcrumb\":{\"@id\":\"https:\/\/www.suno.com.br\/noticias\/ibovespa-fecha-em-queda-nessa-terca-feira-8\/#breadcrumb\"},\"inLanguage\":\"pt-BR\",\"potentialAction\":[{\"@type\":\"ReadAction\",\"target\":[\"https:\/\/www.suno.com.br\/noticias\/ibovespa-fecha-em-queda-nessa-terca-feira-8\/\"]}]},{\"@type\":\"ImageObject\",\"inLanguage\":\"pt-BR\",\"@id\":\"https:\/\/www.suno.com.br\/noticias\/ibovespa-fecha-em-queda-nessa-terca-feira-8\/#primaryimage\",\"url\":\"https:\/\/files.sunoresearch.com.br\/n\/uploads\/2020\/09\/bba17af9-bigstock-stock-market-graph-chart-with-312755842-1-1200x675-1-800x450-2-jpg.webp\",\"contentUrl\":\"https:\/\/files.sunoresearch.com.br\/n\/uploads\/2020\/09\/bba17af9-bigstock-stock-market-graph-chart-with-312755842-1-1200x675-1-800x450-2-jpg.webp\",\"width\":800,\"height\":450,\"caption\":\"O Ibovespa encerrou as negocia\u00e7\u00f5es na \u00faltima segunda-feira com uma queda de 1,32%, a 96.990,719 pontos.\"},{\"@type\":\"BreadcrumbList\",\"@id\":\"https:\/\/www.suno.com.br\/noticias\/ibovespa-fecha-em-queda-nessa-terca-feira-8\/#breadcrumb\",\"itemListElement\":[{\"@type\":\"ListItem\",\"position\":1,\"name\":\"Not\u00edcias\",\"item\":\"https:\/\/www.suno.com.br\/noticias\/\"},{\"@type\":\"ListItem\",\"position\":2,\"name\":\"Mercado\",\"item\":\"https:\/\/www.suno.com.br\/noticias\/mercado\/\"},{\"@type\":\"ListItem\",\"position\":3,\"name\":\"Ibovespa fecha em queda de 1,18% a 100.050,430 pontos\"}]},{\"@type\":\"WebSite\",\"@id\":\"https:\/\/www.suno.com.br\/noticias\/#website\",\"url\":\"https:\/\/www.suno.com.br\/noticias\/\",\"name\":\"Suno Not\u00edcias\",\"description\":\"Seu portal de informa\u00e7\u00e3o sobre o mundo dos investimentos\",\"publisher\":{\"@id\":\"https:\/\/www.suno.com.br\/noticias\/#organization\"},\"potentialAction\":[{\"@type\":\"SearchAction\",\"target\":{\"@type\":\"EntryPoint\",\"urlTemplate\":\"https:\/\/www.suno.com.br\/noticias\/?s={search_term_string}\"},\"query-input\":{\"@type\":\"PropertyValueSpecification\",\"valueRequired\":true,\"valueName\":\"search_term_string\"}}],\"inLanguage\":\"pt-BR\"},{\"@type\":\"Organization\",\"@id\":\"https:\/\/www.suno.com.br\/noticias\/#organization\",\"name\":\"Suno Not\u00edcias\",\"url\":\"https:\/\/www.suno.com.br\/noticias\/\",\"logo\":{\"@type\":\"ImageObject\",\"inLanguage\":\"pt-BR\",\"@id\":\"https:\/\/www.suno.com.br\/noticias\/#\/schema\/logo\/image\/\",\"url\":\"https:\/\/files.sunoresearch.com.br\/n\/uploads\/2021\/09\/suno-logo.png\",\"contentUrl\":\"https:\/\/files.sunoresearch.com.br\/n\/uploads\/2021\/09\/suno-logo.png\",\"width\":180,\"height\":180,\"caption\":\"Suno Not\u00edcias\"},\"image\":{\"@id\":\"https:\/\/www.suno.com.br\/noticias\/#\/schema\/logo\/image\/\"},\"sameAs\":[\"https:\/\/facebook.com\/sunoresearch\",\"https:\/\/x.com\/sunoresearch\",\"https:\/\/www.instagram.com\/suno\",\"https:\/\/www.linkedin.com\/company\/suno-research\/\",\"https:\/\/www.youtube.com\/c\/sunoresearch\"]},{\"@type\":\"Person\",\"@id\":\"https:\/\/www.suno.com.br\/noticias\/#\/schema\/person\/e672ca8cea627fe715fa29bca7da95e0\",\"name\":\"Rafaela La Regina\",\"image\":{\"@type\":\"ImageObject\",\"inLanguage\":\"pt-BR\",\"@id\":\"https:\/\/www.suno.com.br\/noticias\/#\/schema\/person\/image\/\",\"url\":\"https:\/\/secure.gravatar.com\/avatar\/d2c75a52d243deb93d0465fdcb21bd37?s=96&r=g\",\"contentUrl\":\"https:\/\/secure.gravatar.com\/avatar\/d2c75a52d243deb93d0465fdcb21bd37?s=96&r=g\",\"caption\":\"Rafaela La Regina\"},\"description\":\"Estagi\u00e1ria no Suno Not\u00edcias. Escreve sobre economia, pol\u00edtica e neg\u00f3cios. Estuda Rela\u00e7\u00f5es Internacionais no IBMEC-SP.\",\"url\":\"https:\/\/www.suno.com.br\/noticias\/author\/rafaela-la-regina\/\"}]}<\/script>\n<!-- \/ Yoast SEO plugin. -->","yoast_head_json":{"title":"Ibovespa fecha em queda de 1,18% a 100.050,430 pontos","description":"O Ibovespa fechou o preg\u00e3o desta ter\u00e7a-feira (8) em queda de 1,18%, cotado a 100.050,430 pontos. Clique aqui para saber mais.","robots":{"index":"index","follow":"follow","max-snippet":"max-snippet:-1","max-image-preview":"max-image-preview:large","max-video-preview":"max-video-preview:-1"},"canonical":"https:\/\/www.suno.com.br\/noticias\/ibovespa-fecha-em-queda-nessa-terca-feira-8\/","og_locale":"pt_BR","og_type":"article","og_title":"Ibovespa fecha em queda de 1,18% a 100.050,430 pontos","og_description":"O Ibovespa fechou o preg\u00e3o desta ter\u00e7a-feira (8) em queda de 1,18%, cotado a 100.050,430 pontos. Clique aqui para saber mais.","og_url":"https:\/\/www.suno.com.br\/noticias\/ibovespa-fecha-em-queda-nessa-terca-feira-8\/","og_site_name":"Suno Not\u00edcias","article_publisher":"https:\/\/facebook.com\/sunoresearch","og_image":[{"width":800,"height":450,"url":"https:\/\/files.sunoresearch.com.br\/n\/uploads\/2020\/09\/bba17af9-bigstock-stock-market-graph-chart-with-312755842-1-1200x675-1-800x450-2.jpg","type":"image\/jpeg"}],"author":"Rafaela La Regina","twitter_card":"summary_large_image","twitter_creator":"@sunoresearch","twitter_site":"@sunoresearch","twitter_misc":{"Escrito por":"Rafaela La Regina","Est. tempo de leitura":"4 minutos"},"schema":{"@context":"https:\/\/schema.org","@graph":[{"@type":"NewsArticle","@id":"https:\/\/www.suno.com.br\/noticias\/ibovespa-fecha-em-queda-nessa-terca-feira-8\/#article","isPartOf":{"@id":"https:\/\/www.suno.com.br\/noticias\/ibovespa-fecha-em-queda-nessa-terca-feira-8\/"},"author":{"name":"Rafaela La Regina","@id":"https:\/\/www.suno.com.br\/noticias\/#\/schema\/person\/e672ca8cea627fe715fa29bca7da95e0"},"headline":"Ibovespa fecha em queda de 1,18% a 100.050,430 pontos","datePublished":"2020-09-08T21:08:08+00:00","dateModified":"2021-05-29T23:32:05+00:00","mainEntityOfPage":{"@id":"https:\/\/www.suno.com.br\/noticias\/ibovespa-fecha-em-queda-nessa-terca-feira-8\/"},"wordCount":739,"publisher":{"@id":"https:\/\/www.suno.com.br\/noticias\/#organization"},"image":{"@id":"https:\/\/www.suno.com.br\/noticias\/ibovespa-fecha-em-queda-nessa-terca-feira-8\/#primaryimage"},"thumbnailUrl":"https:\/\/files.sunoresearch.com.br\/n\/uploads\/2020\/09\/bba17af9-bigstock-stock-market-graph-chart-with-312755842-1-1200x675-1-800x450-2-jpg.webp","keywords":["Ibovespa","PETR3","Petrobras (PETR4)"],"articleSection":["Mercado"],"inLanguage":"pt-BR"},{"@type":"WebPage","@id":"https:\/\/www.suno.com.br\/noticias\/ibovespa-fecha-em-queda-nessa-terca-feira-8\/","url":"https:\/\/www.suno.com.br\/noticias\/ibovespa-fecha-em-queda-nessa-terca-feira-8\/","name":"Ibovespa fecha em queda de 1,18% a 100.050,430 pontos","isPartOf":{"@id":"https:\/\/www.suno.com.br\/noticias\/#website"},"primaryImageOfPage":{"@id":"https:\/\/www.suno.com.br\/noticias\/ibovespa-fecha-em-queda-nessa-terca-feira-8\/#primaryimage"},"image":{"@id":"https:\/\/www.suno.com.br\/noticias\/ibovespa-fecha-em-queda-nessa-terca-feira-8\/#primaryimage"},"thumbnailUrl":"https:\/\/files.sunoresearch.com.br\/n\/uploads\/2020\/09\/bba17af9-bigstock-stock-market-graph-chart-with-312755842-1-1200x675-1-800x450-2-jpg.webp","datePublished":"2020-09-08T21:08:08+00:00","dateModified":"2021-05-29T23:32:05+00:00","description":"O Ibovespa fechou o preg\u00e3o desta ter\u00e7a-feira (8) em queda de 1,18%, cotado a 100.050,430 pontos. Clique aqui para saber mais.","breadcrumb":{"@id":"https:\/\/www.suno.com.br\/noticias\/ibovespa-fecha-em-queda-nessa-terca-feira-8\/#breadcrumb"},"inLanguage":"pt-BR","potentialAction":[{"@type":"ReadAction","target":["https:\/\/www.suno.com.br\/noticias\/ibovespa-fecha-em-queda-nessa-terca-feira-8\/"]}]},{"@type":"ImageObject","inLanguage":"pt-BR","@id":"https:\/\/www.suno.com.br\/noticias\/ibovespa-fecha-em-queda-nessa-terca-feira-8\/#primaryimage","url":"https:\/\/files.sunoresearch.com.br\/n\/uploads\/2020\/09\/bba17af9-bigstock-stock-market-graph-chart-with-312755842-1-1200x675-1-800x450-2-jpg.webp","contentUrl":"https:\/\/files.sunoresearch.com.br\/n\/uploads\/2020\/09\/bba17af9-bigstock-stock-market-graph-chart-with-312755842-1-1200x675-1-800x450-2-jpg.webp","width":800,"height":450,"caption":"O Ibovespa encerrou as negocia\u00e7\u00f5es na \u00faltima segunda-feira com uma queda de 1,32%, a 96.990,719 pontos."},{"@type":"BreadcrumbList","@id":"https:\/\/www.suno.com.br\/noticias\/ibovespa-fecha-em-queda-nessa-terca-feira-8\/#breadcrumb","itemListElement":[{"@type":"ListItem","position":1,"name":"Not\u00edcias","item":"https:\/\/www.suno.com.br\/noticias\/"},{"@type":"ListItem","position":2,"name":"Mercado","item":"https:\/\/www.suno.com.br\/noticias\/mercado\/"},{"@type":"ListItem","position":3,"name":"Ibovespa fecha em queda de 1,18% a 100.050,430 pontos"}]},{"@type":"WebSite","@id":"https:\/\/www.suno.com.br\/noticias\/#website","url":"https:\/\/www.suno.com.br\/noticias\/","name":"Suno Not\u00edcias","description":"Seu portal de informa\u00e7\u00e3o sobre o mundo dos investimentos","publisher":{"@id":"https:\/\/www.suno.com.br\/noticias\/#organization"},"potentialAction":[{"@type":"SearchAction","target":{"@type":"EntryPoint","urlTemplate":"https:\/\/www.suno.com.br\/noticias\/?s={search_term_string}"},"query-input":{"@type":"PropertyValueSpecification","valueRequired":true,"valueName":"search_term_string"}}],"inLanguage":"pt-BR"},{"@type":"Organization","@id":"https:\/\/www.suno.com.br\/noticias\/#organization","name":"Suno Not\u00edcias","url":"https:\/\/www.suno.com.br\/noticias\/","logo":{"@type":"ImageObject","inLanguage":"pt-BR","@id":"https:\/\/www.suno.com.br\/noticias\/#\/schema\/logo\/image\/","url":"https:\/\/files.sunoresearch.com.br\/n\/uploads\/2021\/09\/suno-logo.png","contentUrl":"https:\/\/files.sunoresearch.com.br\/n\/uploads\/2021\/09\/suno-logo.png","width":180,"height":180,"caption":"Suno Not\u00edcias"},"image":{"@id":"https:\/\/www.suno.com.br\/noticias\/#\/schema\/logo\/image\/"},"sameAs":["https:\/\/facebook.com\/sunoresearch","https:\/\/x.com\/sunoresearch","https:\/\/www.instagram.com\/suno","https:\/\/www.linkedin.com\/company\/suno-research\/","https:\/\/www.youtube.com\/c\/sunoresearch"]},{"@type":"Person","@id":"https:\/\/www.suno.com.br\/noticias\/#\/schema\/person\/e672ca8cea627fe715fa29bca7da95e0","name":"Rafaela La Regina","image":{"@type":"ImageObject","inLanguage":"pt-BR","@id":"https:\/\/www.suno.com.br\/noticias\/#\/schema\/person\/image\/","url":"https:\/\/secure.gravatar.com\/avatar\/d2c75a52d243deb93d0465fdcb21bd37?s=96&r=g","contentUrl":"https:\/\/secure.gravatar.com\/avatar\/d2c75a52d243deb93d0465fdcb21bd37?s=96&r=g","caption":"Rafaela La Regina"},"description":"Estagi\u00e1ria no Suno Not\u00edcias. Escreve sobre economia, pol\u00edtica e neg\u00f3cios. Estuda Rela\u00e7\u00f5es Internacionais no IBMEC-SP.","url":"https:\/\/www.suno.com.br\/noticias\/author\/rafaela-la-regina\/"}]}},"default_loop_html":"<div class=\"cardsPage__listCard__boxs\"><div class=\"cardsPage__listCard__boxs__img\"><a href=\"https:\/\/www.suno.com.br\/noticias\/ibovespa-fecha-em-queda-nessa-terca-feira-8\/\"><img class=\"mask\" src=\"https:\/\/www.suno.com.br\/noticias\/wp-content\/themes\/suno\/resources\/images\/spotlight\/spotlight1img\/bg-mask.png\" alt=\"Image Mask\"\/><img src=\"https:\/\/files.sunoresearch.com.br\/n\/uploads\/2020\/09\/bba17af9-bigstock-stock-market-graph-chart-with-312755842-1-1200x675-1-800x450-2-400x200.webp\" alt=\"Ibovespa fecha em queda de 1,18% a 100.050,430 pontos\"\/><\/a><span class=\"spotlightCategory\"><a href=\"https:\/\/www.suno.com.br\/noticias\/mercado\/\">Mercado<\/a><\/span><\/div><div class=\"cardsPage__listCard__boxs__content\"><a href=\"https:\/\/www.suno.com.br\/noticias\/ibovespa-fecha-em-queda-nessa-terca-feira-8\/\"><h2 class=\"content__title\">Ibovespa fecha em queda de 1,18% a 100.050,430 pontos<\/h2><\/a><div class=\"newsContent__article__meta\"><div class=\"newsContent__article__meta__authorBox\"><a href=\"https:\/\/www.suno.com.br\/noticias\/author\/rafaela-la-regina\/\" class=\"authorBox__avatar noMobi\"><img src=\"https:\/\/secure.gravatar.com\/avatar\/d2c75a52d243deb93d0465fdcb21bd37?s=96&#038;r=g\" alt=\"Rafaela La Regina\"><\/a><div class=\"authorBox__name\"><span>por\n\t\t\t<a href=\"https:\/\/www.suno.com.br\/noticias\/author\/rafaela-la-regina\/\"><span itemprop=\"author\">Rafaela La Regina<\/span><\/a><\/span><time datetime=\"2020-09-08T18:08:08-03:00\" itemprop=\"datePublished\">08\/09\/2020 18:08<\/time><\/div><\/div><\/div><\/div><\/div>","single_layout":"posts","amp_enabled":true,"_links":{"self":[{"href":"https:\/\/www.suno.com.br\/noticias\/wp-json\/wp\/v2\/posts\/83229"}],"collection":[{"href":"https:\/\/www.suno.com.br\/noticias\/wp-json\/wp\/v2\/posts"}],"about":[{"href":"https:\/\/www.suno.com.br\/noticias\/wp-json\/wp\/v2\/types\/post"}],"author":[{"embeddable":true,"href":"https:\/\/www.suno.com.br\/noticias\/wp-json\/wp\/v2\/users\/56"}],"replies":[{"embeddable":true,"href":"https:\/\/www.suno.com.br\/noticias\/wp-json\/wp\/v2\/comments?post=83229"}],"version-history":[{"count":1,"href":"https:\/\/www.suno.com.br\/noticias\/wp-json\/wp\/v2\/posts\/83229\/revisions"}],"predecessor-version":[{"id":152047,"href":"https:\/\/www.suno.com.br\/noticias\/wp-json\/wp\/v2\/posts\/83229\/revisions\/152047"}],"wp:featuredmedia":[{"embeddable":true,"href":"https:\/\/www.suno.com.br\/noticias\/wp-json\/wp\/v2\/media\/83244"}],"wp:attachment":[{"href":"https:\/\/www.suno.com.br\/noticias\/wp-json\/wp\/v2\/media?parent=83229"}],"wp:term":[{"taxonomy":"category","embeddable":true,"href":"https:\/\/www.suno.com.br\/noticias\/wp-json\/wp\/v2\/categories?post=83229"},{"taxonomy":"post_tag","embeddable":true,"href":"https:\/\/www.suno.com.br\/noticias\/wp-json\/wp\/v2\/tags?post=83229"},{"taxonomy":"suno_strategy","embeddable":true,"href":"https:\/\/www.suno.com.br\/noticias\/wp-json\/wp\/v2\/suno_strategy?post=83229"}],"curies":[{"name":"wp","href":"https:\/\/api.w.org\/{rel}","templated":true}]}}