{"id":83188,"date":"2020-09-08T15:56:32","date_gmt":"2020-09-08T18:56:32","guid":{"rendered":"https:\/\/www.suno.com.br\/noticias\/?p=83188"},"modified":"2020-09-08T17:50:48","modified_gmt":"2020-09-08T20:50:48","slug":"uber-promete-frota-totalmente-eletrica-europa-america-norte","status":"publish","type":"post","link":"https:\/\/www.suno.com.br\/noticias\/uber-promete-frota-totalmente-eletrica-europa-america-norte\/","title":{"rendered":"Uber promete frota 100 % el\u00e9trica em dois continentes at\u00e9 2030"},"content":{"rendered":"<p>A companhia de transporte por aplicativo <strong>Uber<\/strong> (<a href=\"https:\/\/www.suno.com.br\/artigos\/nyse\/\">Nyse<\/a>: UBER) se comprometeu nesta ter\u00e7a-feira (8) a tornar a sua frota na Am\u00e9rica do Norte e na Europa completamente el\u00e9trica at\u00e9 2030.<\/p>\t<div class=\"wrapper-featured-image\">\n\t\t<figure class=\"spotlightImg\">\n\n\t\t\t<picture>\n\t\t\t\t<source media=\"(max-width: 768px)\" srcset=\"https:\/\/files.sunoresearch.com.br\/n\/uploads\/2019\/06\/86da8ecb-uber-400x200.webp\">\n\t\t\t\t<img loading=\"lazy\" decoding=\"async\" class=\"newsContent__article__imgCapa lazyloadDisabled \" src=\"https:\/\/files.sunoresearch.com.br\/n\/uploads\/2019\/06\/86da8ecb-uber-jpg.webp\" width=\"800\" height=\"450\" alt=\"Uber promete frota 100 % el\u00e9trica em dois continentes at\u00e9 2030\" fetchpriority=high \/>\n\t\t\t<\/picture>\n\n\t\t\t<figcaption class=\"wp-caption-text wp-caption-text--show\">A Uber prometeu uma frota totalemente el\u00e9trica na Am\u00e9rica do Norte e na Europa at\u00e9 2030<\/figcaption>\n\t\t<\/figure>\n\t<\/div>\n\n\n<div class=\"hubspot-form-wrapper\">\n\t<div id=\"single-form-target\"><\/div>\n<\/div>\n\n<p>A promessa ocorre ap\u00f3s um novo relat\u00f3rio revelar que as opera\u00e7\u00f5es da Uber s\u00e3o mais prejudiciais ao meio ambiente do que a utiliza\u00e7\u00e3o de transporte privado. A empresa comunicou que estava &#8220;come\u00e7ando a competir&#8221; com ve\u00edculos pessoais em termos de efici\u00eancia de carbono<\/p>\n<p>A companhia, entretanto, destacou que as taxas de emiss\u00e3o de suas corridas ainda eram 41% superiores em compara\u00e7\u00e3o com um ve\u00edculo de ocupa\u00e7\u00e3o m\u00e9dia em vista do tempo despendido sem passageiros no carro, como no intervalo gasto para buscar um cliente.<\/p>\n<p><a href=\"https:\/\/lp.suno.com.br\/suno-one\/\">Suno One: acesse gratuitamente eBooks, Minicursos, Artigos e Video Aulas sobre investimentos com um \u00fanico cadastro. Clique para saber mais!<\/a><\/p>\n<p>Nesse sentido, a Uber informou que espera atingir o patamar de 50% das viagens realizadas com ve\u00edculos el\u00e9tricos, at\u00e9 2025, nas cidades de:<\/p>\n<ul>\n<li>Amsterd\u00e3;<\/li>\n<li>Berlim;<\/li>\n<li>Bruxelas;<\/li>\n<li>Lisboa;<\/li>\n<li>Madri;<\/li>\n<li>Paris.<\/li>\n<\/ul>\n<p>Para Londres, a meta \u00e9 ainda mais ambiciosa: alcan\u00e7ar 100% das viagens movidas a eletricidade at\u00e9 o mesmo ano, de 2025.<\/p>\n<p>O movimento acontece ap\u00f3s a divulga\u00e7\u00e3o do primeiro relat\u00f3rio de impacto ambiental produzido pela Uber, baseado em dados coletados de cada uma das corridas nos Estados Unidos e no Canad\u00e1 entre 2017 e 2019, abrangendo cerca de 4 bilh\u00f5es de viagens.<\/p>\n<p>Conforme o documento, as emiss\u00f5es por &#8220;passageiro por milha&#8221;, registram em geral um queda, ao passo que, na taxa m\u00e9dia de ocupa\u00e7\u00e3o de ve\u00edculos nos EUA, as emiss\u00f5es ainda superam as dos meios de transporte particulares. &#8220;\u00c9 um come\u00e7o, e n\u00f3s esperamos ser julgados por nossas a\u00e7\u00f5es&#8221;, afirmou o CEO da Uber, Dara Khosrowshahi, no relat\u00f3rio.<\/p>\n<p>&#8220;O sucesso definitivo de nosso neg\u00f3cios depender\u00e1 de nossa habilidade de realizar a transi\u00e7\u00e3o de nossa plataforma para energia limpa em parceria com motoristas, inovadores da ind\u00fastria e governos&#8221;, acresceu o executivo.<\/p>\n<h2>Press\u00f5es para Uber &#8216;eletrificar&#8217; frota aumentam<\/h2>\n<p>As press\u00f5es para a companhia elevar o percentual de corridas movidas a eletricidade v\u00eam aumentando devido ao crescimento dos congestionamentos e a tend\u00eancia das pessoas optarem por viagens compartilhadas em detrimento do transporte p\u00fablico.<\/p>\n<p>Apesar disso, as metas significam que os parceiros ser\u00e3o for\u00e7ados a comprar ve\u00edculos el\u00e9tricos para continuar operando pela plataforma. A empresa, nesse sentido, comunicou que iria desembolsar quase US$ 800 milh\u00f5es (ou R$ 4,29 bilh\u00f5es) em recursos para suporte, como a garantia de descontos junto a grandes montadoras.<\/p>\n\t<div data-element=\"shortcode-read-more\" class=\"knowMore\">\n\t\t\t\t<span class=\"knowMore__title\">Veja mais<\/span>\n\t\t\t\t<a class=\"knowMore__link\" href=\"https:\/\/www.suno.com.br\/noticias\/uber-r-50-mi-auxilio-financeiro-parceiros-reforca-seguranca-covid-19\/\">\n\t\t\tUber diz que investiu R$ 50 mi em aux\u00edlio financeiro aos parceiros durante pandemia\t\t<\/a>\n\t<\/div>\n\n\n<p>A <strong>Uber<\/strong> ainda informou que seria capaz de se tornar uma &#8220;plataforma totalmente livre de emiss\u00f5es&#8221;, em escala global, at\u00e9 o ano de 2040, com todas as corridas pelo aplicativo realizadas a partir de ve\u00edculos el\u00e9tricos, mobilidade compartilhada ou transporte p\u00fablico.<\/p>\n\t<p>\n\t\t<a href=\"https:\/\/lp.suno.com.br\/planilha-de-controle-de-investimentos\/\" target=\"_blank\" data-element=\"shortcode-suno-banner\" title=\"Banner SUNO, clique e saiba mais\">\n\t\t\t<picture>\n\t\t\t\t<source media=\"(max-width: 500px)\" srcset=\"https:\/\/files.sunoresearch.com.br\/n\/uploads\/2023\/03\/400x300-Controle-de-Investimentos.png\">\n\t\t\t\t<img class=\"newsContent__article__imgCapa newsContent__article__imgCapa--banner\"\n\t\t\t\t\tsrc=\"https:\/\/files.sunoresearch.com.br\/n\/uploads\/2023\/03\/1420x240-Controle-de-Investimentos.png\"\n\t\t\t\t\tdata-promo-id=\"75934\"\t\t\t\t\t\t\t\t\t\twidth='1420' height='240'\t\t\t\t\talt=\"https:\/\/files.sunoresearch.com.br\/n\/uploads\/2023\/03\/1420x240-Controle-de-Investimentos.png\"\n\t\t\t\t>\n\t\t\t<\/picture>\n\t\t<\/a>\n\t<\/p>\n\n\n","protected":false},"excerpt":{"rendered":"<p>A companhia de transporte por aplicativo Uber (Nyse: UBER) se comprometeu nesta ter\u00e7a-feira (8) a tornar a sua frota na Am\u00e9rica do Norte e na Europa completamente el\u00e9trica at\u00e9 2030. A Uber prometeu uma frota totalemente el\u00e9trica na Am\u00e9rica do Norte e na Europa at\u00e9 2030 A promessa ocorre ap\u00f3s um novo relat\u00f3rio revelar que [&hellip;]<\/p>\n","protected":false},"author":35,"featured_media":28233,"comment_status":"closed","ping_status":"closed","sticky":false,"template":"","format":"standard","meta":[],"categories":[64],"tags":[1376,710,954],"suno_strategy":[],"class_list":["post-83188","post","type-post","status-publish","format-standard","has-post-thumbnail","hentry","category-negocios","tag-carros-eletricos","tag-europa","tag-uber-u1be34"],"yoast_head":"<!-- This site is optimized with the Yoast SEO plugin v24.4 - https:\/\/yoast.com\/wordpress\/plugins\/seo\/ -->\n<title>Uber promete frota 100 % el\u00e9trica em dois continentes at\u00e9 2030<\/title>\n<meta name=\"description\" content=\"A Uber se comprometeu a tornar sua frota na Am\u00e9rica do Norte e na Europa completamente el\u00e9trica at\u00e9 2030. Clique para saber mais\" \/>\n<meta name=\"robots\" content=\"index, follow, max-snippet:-1, max-image-preview:large, max-video-preview:-1\" \/>\n<link rel=\"canonical\" href=\"https:\/\/www.suno.com.br\/noticias\/uber-promete-frota-totalmente-eletrica-europa-america-norte\/\" \/>\n<meta property=\"og:locale\" content=\"pt_BR\" \/>\n<meta property=\"og:type\" content=\"article\" \/>\n<meta property=\"og:title\" content=\"Uber promete frota 100 % el\u00e9trica em dois continentes at\u00e9 2030\" \/>\n<meta property=\"og:description\" content=\"A Uber se comprometeu a tornar sua frota na Am\u00e9rica do Norte e na Europa completamente el\u00e9trica at\u00e9 2030. Clique para saber mais\" \/>\n<meta property=\"og:url\" content=\"https:\/\/www.suno.com.br\/noticias\/uber-promete-frota-totalmente-eletrica-europa-america-norte\/\" \/>\n<meta property=\"og:site_name\" content=\"Suno Not\u00edcias\" \/>\n<meta property=\"article:publisher\" content=\"https:\/\/facebook.com\/sunoresearch\" \/>\n<meta property=\"og:image\" content=\"https:\/\/files.sunoresearch.com.br\/n\/uploads\/2019\/06\/86da8ecb-uber.jpg\" \/>\n\t<meta property=\"og:image:width\" content=\"748\" \/>\n\t<meta property=\"og:image:height\" content=\"410\" \/>\n\t<meta property=\"og:image:type\" content=\"image\/jpeg\" \/>\n<meta name=\"author\" content=\"Arthur Guimar\u00e3es\" \/>\n<meta name=\"twitter:card\" content=\"summary_large_image\" \/>\n<meta name=\"twitter:creator\" content=\"@sunoresearch\" \/>\n<meta name=\"twitter:site\" content=\"@sunoresearch\" \/>\n<meta name=\"twitter:label1\" content=\"Escrito por\" \/>\n\t<meta name=\"twitter:data1\" content=\"Arthur Guimar\u00e3es\" \/>\n\t<meta name=\"twitter:label2\" content=\"Est. tempo de leitura\" \/>\n\t<meta name=\"twitter:data2\" content=\"3 minutos\" \/>\n<script type=\"application\/ld+json\" class=\"yoast-schema-graph\">{\"@context\":\"https:\/\/schema.org\",\"@graph\":[{\"@type\":\"NewsArticle\",\"@id\":\"https:\/\/www.suno.com.br\/noticias\/uber-promete-frota-totalmente-eletrica-europa-america-norte\/#article\",\"isPartOf\":{\"@id\":\"https:\/\/www.suno.com.br\/noticias\/uber-promete-frota-totalmente-eletrica-europa-america-norte\/\"},\"author\":{\"name\":\"Arthur Guimar\u00e3es\",\"@id\":\"https:\/\/www.suno.com.br\/noticias\/#\/schema\/person\/053a750a709a263919a20f976caae91c\"},\"headline\":\"Uber promete frota 100 % el\u00e9trica em dois continentes at\u00e9 2030\",\"datePublished\":\"2020-09-08T18:56:32+00:00\",\"dateModified\":\"2020-09-08T20:50:48+00:00\",\"mainEntityOfPage\":{\"@id\":\"https:\/\/www.suno.com.br\/noticias\/uber-promete-frota-totalmente-eletrica-europa-america-norte\/\"},\"wordCount\":509,\"publisher\":{\"@id\":\"https:\/\/www.suno.com.br\/noticias\/#organization\"},\"image\":{\"@id\":\"https:\/\/www.suno.com.br\/noticias\/uber-promete-frota-totalmente-eletrica-europa-america-norte\/#primaryimage\"},\"thumbnailUrl\":\"https:\/\/files.sunoresearch.com.br\/n\/uploads\/2019\/06\/86da8ecb-uber-jpg.webp\",\"keywords\":[\"carros el\u00e9tricos\",\"Europa\",\"Uber (U1BE34)\"],\"articleSection\":[\"Neg\u00f3cios\"],\"inLanguage\":\"pt-BR\"},{\"@type\":\"WebPage\",\"@id\":\"https:\/\/www.suno.com.br\/noticias\/uber-promete-frota-totalmente-eletrica-europa-america-norte\/\",\"url\":\"https:\/\/www.suno.com.br\/noticias\/uber-promete-frota-totalmente-eletrica-europa-america-norte\/\",\"name\":\"Uber promete frota 100 % el\u00e9trica em dois continentes at\u00e9 2030\",\"isPartOf\":{\"@id\":\"https:\/\/www.suno.com.br\/noticias\/#website\"},\"primaryImageOfPage\":{\"@id\":\"https:\/\/www.suno.com.br\/noticias\/uber-promete-frota-totalmente-eletrica-europa-america-norte\/#primaryimage\"},\"image\":{\"@id\":\"https:\/\/www.suno.com.br\/noticias\/uber-promete-frota-totalmente-eletrica-europa-america-norte\/#primaryimage\"},\"thumbnailUrl\":\"https:\/\/files.sunoresearch.com.br\/n\/uploads\/2019\/06\/86da8ecb-uber-jpg.webp\",\"datePublished\":\"2020-09-08T18:56:32+00:00\",\"dateModified\":\"2020-09-08T20:50:48+00:00\",\"description\":\"A Uber se comprometeu a tornar sua frota na Am\u00e9rica do Norte e na Europa completamente el\u00e9trica at\u00e9 2030. Clique para saber mais\",\"breadcrumb\":{\"@id\":\"https:\/\/www.suno.com.br\/noticias\/uber-promete-frota-totalmente-eletrica-europa-america-norte\/#breadcrumb\"},\"inLanguage\":\"pt-BR\",\"potentialAction\":[{\"@type\":\"ReadAction\",\"target\":[\"https:\/\/www.suno.com.br\/noticias\/uber-promete-frota-totalmente-eletrica-europa-america-norte\/\"]}]},{\"@type\":\"ImageObject\",\"inLanguage\":\"pt-BR\",\"@id\":\"https:\/\/www.suno.com.br\/noticias\/uber-promete-frota-totalmente-eletrica-europa-america-norte\/#primaryimage\",\"url\":\"https:\/\/files.sunoresearch.com.br\/n\/uploads\/2019\/06\/86da8ecb-uber-jpg.webp\",\"contentUrl\":\"https:\/\/files.sunoresearch.com.br\/n\/uploads\/2019\/06\/86da8ecb-uber-jpg.webp\",\"width\":748,\"height\":410,\"caption\":\"A Uber prometeu uma frota totalemente el\u00e9trica na Am\u00e9rica do Norte e na Europa at\u00e9 2030\"},{\"@type\":\"BreadcrumbList\",\"@id\":\"https:\/\/www.suno.com.br\/noticias\/uber-promete-frota-totalmente-eletrica-europa-america-norte\/#breadcrumb\",\"itemListElement\":[{\"@type\":\"ListItem\",\"position\":1,\"name\":\"Not\u00edcias\",\"item\":\"https:\/\/www.suno.com.br\/noticias\/\"},{\"@type\":\"ListItem\",\"position\":2,\"name\":\"Neg\u00f3cios\",\"item\":\"https:\/\/www.suno.com.br\/noticias\/negocios\/\"},{\"@type\":\"ListItem\",\"position\":3,\"name\":\"Uber promete frota 100 % el\u00e9trica em dois continentes at\u00e9 2030\"}]},{\"@type\":\"WebSite\",\"@id\":\"https:\/\/www.suno.com.br\/noticias\/#website\",\"url\":\"https:\/\/www.suno.com.br\/noticias\/\",\"name\":\"Suno Not\u00edcias\",\"description\":\"Seu portal de informa\u00e7\u00e3o sobre o mundo dos investimentos\",\"publisher\":{\"@id\":\"https:\/\/www.suno.com.br\/noticias\/#organization\"},\"potentialAction\":[{\"@type\":\"SearchAction\",\"target\":{\"@type\":\"EntryPoint\",\"urlTemplate\":\"https:\/\/www.suno.com.br\/noticias\/?s={search_term_string}\"},\"query-input\":{\"@type\":\"PropertyValueSpecification\",\"valueRequired\":true,\"valueName\":\"search_term_string\"}}],\"inLanguage\":\"pt-BR\"},{\"@type\":\"Organization\",\"@id\":\"https:\/\/www.suno.com.br\/noticias\/#organization\",\"name\":\"Suno Not\u00edcias\",\"url\":\"https:\/\/www.suno.com.br\/noticias\/\",\"logo\":{\"@type\":\"ImageObject\",\"inLanguage\":\"pt-BR\",\"@id\":\"https:\/\/www.suno.com.br\/noticias\/#\/schema\/logo\/image\/\",\"url\":\"https:\/\/files.sunoresearch.com.br\/n\/uploads\/2021\/09\/suno-logo.png\",\"contentUrl\":\"https:\/\/files.sunoresearch.com.br\/n\/uploads\/2021\/09\/suno-logo.png\",\"width\":180,\"height\":180,\"caption\":\"Suno Not\u00edcias\"},\"image\":{\"@id\":\"https:\/\/www.suno.com.br\/noticias\/#\/schema\/logo\/image\/\"},\"sameAs\":[\"https:\/\/facebook.com\/sunoresearch\",\"https:\/\/x.com\/sunoresearch\",\"https:\/\/www.instagram.com\/suno\",\"https:\/\/www.linkedin.com\/company\/suno-research\/\",\"https:\/\/www.youtube.com\/c\/sunoresearch\"]},{\"@type\":\"Person\",\"@id\":\"https:\/\/www.suno.com.br\/noticias\/#\/schema\/person\/053a750a709a263919a20f976caae91c\",\"name\":\"Arthur Guimar\u00e3es\",\"image\":{\"@type\":\"ImageObject\",\"inLanguage\":\"pt-BR\",\"@id\":\"https:\/\/www.suno.com.br\/noticias\/#\/schema\/person\/image\/\",\"url\":\"https:\/\/secure.gravatar.com\/avatar\/1affd86a11209ae09eb6dd3bcad3e96c?s=96&r=g\",\"contentUrl\":\"https:\/\/secure.gravatar.com\/avatar\/1affd86a11209ae09eb6dd3bcad3e96c?s=96&r=g\",\"caption\":\"Arthur Guimar\u00e3es\"},\"description\":\"Arthur Guimar\u00e3es escreve sobre pol\u00edtica, economia e neg\u00f3cios para o portal de not\u00edcias da Suno Research. Atualmente, \u00e9 estudante de jornalismo pela Faculdade C\u00e1sper L\u00edbero.\",\"url\":\"https:\/\/www.suno.com.br\/noticias\/author\/arthur-guimaraes\/\"}]}<\/script>\n<!-- \/ Yoast SEO plugin. -->","yoast_head_json":{"title":"Uber promete frota 100 % el\u00e9trica em dois continentes at\u00e9 2030","description":"A Uber se comprometeu a tornar sua frota na Am\u00e9rica do Norte e na Europa completamente el\u00e9trica at\u00e9 2030. Clique para saber mais","robots":{"index":"index","follow":"follow","max-snippet":"max-snippet:-1","max-image-preview":"max-image-preview:large","max-video-preview":"max-video-preview:-1"},"canonical":"https:\/\/www.suno.com.br\/noticias\/uber-promete-frota-totalmente-eletrica-europa-america-norte\/","og_locale":"pt_BR","og_type":"article","og_title":"Uber promete frota 100 % el\u00e9trica em dois continentes at\u00e9 2030","og_description":"A Uber se comprometeu a tornar sua frota na Am\u00e9rica do Norte e na Europa completamente el\u00e9trica at\u00e9 2030. Clique para saber mais","og_url":"https:\/\/www.suno.com.br\/noticias\/uber-promete-frota-totalmente-eletrica-europa-america-norte\/","og_site_name":"Suno Not\u00edcias","article_publisher":"https:\/\/facebook.com\/sunoresearch","og_image":[{"width":748,"height":410,"url":"https:\/\/files.sunoresearch.com.br\/n\/uploads\/2019\/06\/86da8ecb-uber.jpg","type":"image\/jpeg"}],"author":"Arthur Guimar\u00e3es","twitter_card":"summary_large_image","twitter_creator":"@sunoresearch","twitter_site":"@sunoresearch","twitter_misc":{"Escrito por":"Arthur Guimar\u00e3es","Est. tempo de leitura":"3 minutos"},"schema":{"@context":"https:\/\/schema.org","@graph":[{"@type":"NewsArticle","@id":"https:\/\/www.suno.com.br\/noticias\/uber-promete-frota-totalmente-eletrica-europa-america-norte\/#article","isPartOf":{"@id":"https:\/\/www.suno.com.br\/noticias\/uber-promete-frota-totalmente-eletrica-europa-america-norte\/"},"author":{"name":"Arthur Guimar\u00e3es","@id":"https:\/\/www.suno.com.br\/noticias\/#\/schema\/person\/053a750a709a263919a20f976caae91c"},"headline":"Uber promete frota 100 % el\u00e9trica em dois continentes at\u00e9 2030","datePublished":"2020-09-08T18:56:32+00:00","dateModified":"2020-09-08T20:50:48+00:00","mainEntityOfPage":{"@id":"https:\/\/www.suno.com.br\/noticias\/uber-promete-frota-totalmente-eletrica-europa-america-norte\/"},"wordCount":509,"publisher":{"@id":"https:\/\/www.suno.com.br\/noticias\/#organization"},"image":{"@id":"https:\/\/www.suno.com.br\/noticias\/uber-promete-frota-totalmente-eletrica-europa-america-norte\/#primaryimage"},"thumbnailUrl":"https:\/\/files.sunoresearch.com.br\/n\/uploads\/2019\/06\/86da8ecb-uber-jpg.webp","keywords":["carros el\u00e9tricos","Europa","Uber (U1BE34)"],"articleSection":["Neg\u00f3cios"],"inLanguage":"pt-BR"},{"@type":"WebPage","@id":"https:\/\/www.suno.com.br\/noticias\/uber-promete-frota-totalmente-eletrica-europa-america-norte\/","url":"https:\/\/www.suno.com.br\/noticias\/uber-promete-frota-totalmente-eletrica-europa-america-norte\/","name":"Uber promete frota 100 % el\u00e9trica em dois continentes at\u00e9 2030","isPartOf":{"@id":"https:\/\/www.suno.com.br\/noticias\/#website"},"primaryImageOfPage":{"@id":"https:\/\/www.suno.com.br\/noticias\/uber-promete-frota-totalmente-eletrica-europa-america-norte\/#primaryimage"},"image":{"@id":"https:\/\/www.suno.com.br\/noticias\/uber-promete-frota-totalmente-eletrica-europa-america-norte\/#primaryimage"},"thumbnailUrl":"https:\/\/files.sunoresearch.com.br\/n\/uploads\/2019\/06\/86da8ecb-uber-jpg.webp","datePublished":"2020-09-08T18:56:32+00:00","dateModified":"2020-09-08T20:50:48+00:00","description":"A Uber se comprometeu a tornar sua frota na Am\u00e9rica do Norte e na Europa completamente el\u00e9trica at\u00e9 2030. Clique para saber mais","breadcrumb":{"@id":"https:\/\/www.suno.com.br\/noticias\/uber-promete-frota-totalmente-eletrica-europa-america-norte\/#breadcrumb"},"inLanguage":"pt-BR","potentialAction":[{"@type":"ReadAction","target":["https:\/\/www.suno.com.br\/noticias\/uber-promete-frota-totalmente-eletrica-europa-america-norte\/"]}]},{"@type":"ImageObject","inLanguage":"pt-BR","@id":"https:\/\/www.suno.com.br\/noticias\/uber-promete-frota-totalmente-eletrica-europa-america-norte\/#primaryimage","url":"https:\/\/files.sunoresearch.com.br\/n\/uploads\/2019\/06\/86da8ecb-uber-jpg.webp","contentUrl":"https:\/\/files.sunoresearch.com.br\/n\/uploads\/2019\/06\/86da8ecb-uber-jpg.webp","width":748,"height":410,"caption":"A Uber prometeu uma frota totalemente el\u00e9trica na Am\u00e9rica do Norte e na Europa at\u00e9 2030"},{"@type":"BreadcrumbList","@id":"https:\/\/www.suno.com.br\/noticias\/uber-promete-frota-totalmente-eletrica-europa-america-norte\/#breadcrumb","itemListElement":[{"@type":"ListItem","position":1,"name":"Not\u00edcias","item":"https:\/\/www.suno.com.br\/noticias\/"},{"@type":"ListItem","position":2,"name":"Neg\u00f3cios","item":"https:\/\/www.suno.com.br\/noticias\/negocios\/"},{"@type":"ListItem","position":3,"name":"Uber promete frota 100 % el\u00e9trica em dois continentes at\u00e9 2030"}]},{"@type":"WebSite","@id":"https:\/\/www.suno.com.br\/noticias\/#website","url":"https:\/\/www.suno.com.br\/noticias\/","name":"Suno Not\u00edcias","description":"Seu portal de informa\u00e7\u00e3o sobre o mundo dos investimentos","publisher":{"@id":"https:\/\/www.suno.com.br\/noticias\/#organization"},"potentialAction":[{"@type":"SearchAction","target":{"@type":"EntryPoint","urlTemplate":"https:\/\/www.suno.com.br\/noticias\/?s={search_term_string}"},"query-input":{"@type":"PropertyValueSpecification","valueRequired":true,"valueName":"search_term_string"}}],"inLanguage":"pt-BR"},{"@type":"Organization","@id":"https:\/\/www.suno.com.br\/noticias\/#organization","name":"Suno Not\u00edcias","url":"https:\/\/www.suno.com.br\/noticias\/","logo":{"@type":"ImageObject","inLanguage":"pt-BR","@id":"https:\/\/www.suno.com.br\/noticias\/#\/schema\/logo\/image\/","url":"https:\/\/files.sunoresearch.com.br\/n\/uploads\/2021\/09\/suno-logo.png","contentUrl":"https:\/\/files.sunoresearch.com.br\/n\/uploads\/2021\/09\/suno-logo.png","width":180,"height":180,"caption":"Suno Not\u00edcias"},"image":{"@id":"https:\/\/www.suno.com.br\/noticias\/#\/schema\/logo\/image\/"},"sameAs":["https:\/\/facebook.com\/sunoresearch","https:\/\/x.com\/sunoresearch","https:\/\/www.instagram.com\/suno","https:\/\/www.linkedin.com\/company\/suno-research\/","https:\/\/www.youtube.com\/c\/sunoresearch"]},{"@type":"Person","@id":"https:\/\/www.suno.com.br\/noticias\/#\/schema\/person\/053a750a709a263919a20f976caae91c","name":"Arthur Guimar\u00e3es","image":{"@type":"ImageObject","inLanguage":"pt-BR","@id":"https:\/\/www.suno.com.br\/noticias\/#\/schema\/person\/image\/","url":"https:\/\/secure.gravatar.com\/avatar\/1affd86a11209ae09eb6dd3bcad3e96c?s=96&r=g","contentUrl":"https:\/\/secure.gravatar.com\/avatar\/1affd86a11209ae09eb6dd3bcad3e96c?s=96&r=g","caption":"Arthur Guimar\u00e3es"},"description":"Arthur Guimar\u00e3es escreve sobre pol\u00edtica, economia e neg\u00f3cios para o portal de not\u00edcias da Suno Research. Atualmente, \u00e9 estudante de jornalismo pela Faculdade C\u00e1sper L\u00edbero.","url":"https:\/\/www.suno.com.br\/noticias\/author\/arthur-guimaraes\/"}]}},"default_loop_html":"<div class=\"cardsPage__listCard__boxs\"><div class=\"cardsPage__listCard__boxs__img\"><a href=\"https:\/\/www.suno.com.br\/noticias\/uber-promete-frota-totalmente-eletrica-europa-america-norte\/\"><img class=\"mask\" src=\"https:\/\/www.suno.com.br\/noticias\/wp-content\/themes\/suno\/resources\/images\/spotlight\/spotlight1img\/bg-mask.png\" alt=\"Image Mask\"\/><img src=\"https:\/\/files.sunoresearch.com.br\/n\/uploads\/2019\/06\/86da8ecb-uber-400x200.webp\" alt=\"Uber promete frota 100 % el\u00e9trica em dois continentes at\u00e9 2030\"\/><\/a><span class=\"spotlightCategory\"><a href=\"https:\/\/www.suno.com.br\/noticias\/negocios\/\">Neg\u00f3cios<\/a><\/span><\/div><div class=\"cardsPage__listCard__boxs__content\"><a href=\"https:\/\/www.suno.com.br\/noticias\/uber-promete-frota-totalmente-eletrica-europa-america-norte\/\"><h2 class=\"content__title\">Uber promete frota 100 % el\u00e9trica em dois continentes at\u00e9 2030<\/h2><\/a><div class=\"newsContent__article__meta\"><div class=\"newsContent__article__meta__authorBox\"><a href=\"https:\/\/www.suno.com.br\/noticias\/author\/arthur-guimaraes\/\" class=\"authorBox__avatar noMobi\"><img src=\"https:\/\/files.sunoresearch.com.br\/n\/uploads\/2020\/02\/dfb40897-eu-150x150.webp\" alt=\"Arthur Guimar\u00e3es\"><\/a><div class=\"authorBox__name\"><span>por\n\t\t\t<a href=\"https:\/\/www.suno.com.br\/noticias\/author\/arthur-guimaraes\/\"><span itemprop=\"author\">Arthur Guimar\u00e3es<\/span><\/a><\/span><time datetime=\"2020-09-08T15:56:32-03:00\" itemprop=\"datePublished\">08\/09\/2020 15:56<\/time><\/div><\/div><\/div><\/div><\/div>","single_layout":"posts","amp_enabled":true,"_links":{"self":[{"href":"https:\/\/www.suno.com.br\/noticias\/wp-json\/wp\/v2\/posts\/83188"}],"collection":[{"href":"https:\/\/www.suno.com.br\/noticias\/wp-json\/wp\/v2\/posts"}],"about":[{"href":"https:\/\/www.suno.com.br\/noticias\/wp-json\/wp\/v2\/types\/post"}],"author":[{"embeddable":true,"href":"https:\/\/www.suno.com.br\/noticias\/wp-json\/wp\/v2\/users\/35"}],"replies":[{"embeddable":true,"href":"https:\/\/www.suno.com.br\/noticias\/wp-json\/wp\/v2\/comments?post=83188"}],"version-history":[{"count":0,"href":"https:\/\/www.suno.com.br\/noticias\/wp-json\/wp\/v2\/posts\/83188\/revisions"}],"wp:featuredmedia":[{"embeddable":true,"href":"https:\/\/www.suno.com.br\/noticias\/wp-json\/wp\/v2\/media\/28233"}],"wp:attachment":[{"href":"https:\/\/www.suno.com.br\/noticias\/wp-json\/wp\/v2\/media?parent=83188"}],"wp:term":[{"taxonomy":"category","embeddable":true,"href":"https:\/\/www.suno.com.br\/noticias\/wp-json\/wp\/v2\/categories?post=83188"},{"taxonomy":"post_tag","embeddable":true,"href":"https:\/\/www.suno.com.br\/noticias\/wp-json\/wp\/v2\/tags?post=83188"},{"taxonomy":"suno_strategy","embeddable":true,"href":"https:\/\/www.suno.com.br\/noticias\/wp-json\/wp\/v2\/suno_strategy?post=83188"}],"curies":[{"name":"wp","href":"https:\/\/api.w.org\/{rel}","templated":true}]}}