{"id":83155,"date":"2020-09-08T13:37:22","date_gmt":"2020-09-08T16:37:22","guid":{"rendered":"https:\/\/www.suno.com.br\/noticias\/?p=83155"},"modified":"2020-09-08T13:37:22","modified_gmt":"2020-09-08T16:37:22","slug":"embraer-embr3-anuncia-recompra-de-ate-us-250-milhoes-de-bonds","status":"publish","type":"post","link":"https:\/\/www.suno.com.br\/noticias\/embraer-embr3-anuncia-recompra-de-ate-us-250-milhoes-de-bonds\/","title":{"rendered":"Embraer (EMBR3) anuncia recompra de at\u00e9 US$ 250 milh\u00f5es de bonds"},"content":{"rendered":"<p>A <a href=\"https:\/\/www.suno.com.br\/acoes\/embr3\/\"><strong>Embraer<\/strong> (EMBR3)<\/a> comunicou ao mercado, nesta ter\u00e7a-feira (8), que sua subsidi\u00e1ria Embraer Netherlands Finance iniciou as ofertas de aquisi\u00e7\u00e3o \u00e0 vista no valor de at\u00e9 US$ 250 milh\u00f5es (cerca de R$ 1,3 bilh\u00e3o) em <a href=\"https:\/\/www.suno.com.br\/artigos\/bonds\/\">notas (Bonds)<\/a> em circula\u00e7\u00e3o com vencimento em 2022 e 2023.<\/p>\t<div class=\"wrapper-featured-image\">\n\t\t<figure class=\"spotlightImg\">\n\n\t\t\t<picture>\n\t\t\t\t<source media=\"(max-width: 768px)\" srcset=\"https:\/\/files.sunoresearch.com.br\/n\/uploads\/2019\/10\/1dbe6a7d-embraer-400x200.webp\">\n\t\t\t\t<img loading=\"lazy\" decoding=\"async\" class=\"newsContent__article__imgCapa lazyloadDisabled \" src=\"https:\/\/files.sunoresearch.com.br\/n\/uploads\/2019\/10\/1dbe6a7d-embraer-800x450.webp\" width=\"800\" height=\"450\" alt=\"Embraer (EMBR3) anuncia recompra de at\u00e9 US$ 250 milh\u00f5es de bonds\" fetchpriority=high \/>\n\t\t\t<\/picture>\n\n\t\t\t<figcaption class=\"wp-caption-text wp-caption-text--show\">Embraer (EMBR3). Foto: Reprodu\u00e7\u00e3o.<\/figcaption>\n\t\t<\/figure>\n\t<\/div>\n\n\n<div class=\"hubspot-form-wrapper\">\n\t<div id=\"single-form-target\"><\/div>\n<\/div>\n\n<p>Segundo o comunicado, a oferta de recompra consiste em bonds com remunera\u00e7\u00e3o de 5,150% ao ano e vencimento em 2022, emitidas pela Yabor\u00e3 Ind\u00fastria Aeron\u00e1utica e garantidas pela Embraer. Al\u00e9m de notas com remunera\u00e7\u00e3o de 5,696% ao ano e vencimento em 2023, emitidas pela Embraer Overseas Limited e garantidas pela Yabor\u00e3 e Embraer.<\/p>\n<p>&#8220;As ofertas expirar\u00e3o \u00e0s 23h59min, hor\u00e1rio da cidade de Nova York, Estados Unidos, do dia 5 de outubro de 2020, exceto se prorrogadas pela Embraer Finance&#8221;.<\/p>\n<p><a href=\"https:\/\/lp.suno.com.br\/suno-one\/\">Suno One: acesse gratuitamente eBooks, Minicursos, Artigos e Video Aulas sobre investimentos com um \u00fanico cadastro. Clique para saber mais!<\/a><\/p>\n<figure id=\"attachment_83161\" aria-describedby=\"caption-attachment-83161\" style=\"width: 629px\" class=\"wp-caption aligncenter\"><img loading=\"lazy\" decoding=\"async\" class=\"wp-image-83161 size-full\" src=\"https:\/\/storage.googleapis.com\/wp-noticias\/2020\/09\/93a92a4b-embraer.png\" alt=\"Fonte: Embraer\" width=\"629\" height=\"276\" \/><figcaption id=\"caption-attachment-83161\" class=\"wp-caption-text\">Fonte: Embraer<\/figcaption><\/figure>\n<p>&#8220;As ofertas n\u00e3o est\u00e3o condicionadas \u00e0 aquisi\u00e7\u00e3o de um montante m\u00ednimo de uma s\u00e9rie das notas ou de outras s\u00e9ries. Contudo, as ofertas est\u00e3o sujeitas ao Valor M\u00e1ximo de Aquisi\u00e7\u00e3o. Em caso de cancelamento de qualquer oferta, os valores de aquisi\u00e7\u00e3o e os juros n\u00e3o ser\u00e3o pagos ou se tornar\u00e3o devidos aos Titulares das s\u00e9ries correspondentes das Notas&#8221;.<\/p>\n<h2>Embraer demitir\u00e1 2,5 mil colaboradores no Brasil<\/h2>\n<p>A Embraer\u00a0anunciou que demitir\u00e1 2,5 mil colaboradores no Brasil. De acordo com a companhia, do total, 1,6 mil desligamentos est\u00e3o ligados a ades\u00f5es ao Plano de Demiss\u00f5es Volunt\u00e1rias, que terminou na \u00faltima quarta-feira (2). Os outros 900 cortes foram feitos pela empresa para assegurar a sustentabilidade da companhia.<\/p>\n\t<div data-element=\"shortcode-read-more\" class=\"knowMore\">\n\t\t\t\t<span class=\"knowMore__title\">Veja Tamb\u00e9m <\/span>\n\t\t\t\t<a class=\"knowMore__link\" href=\"https:\/\/www.suno.com.br\/noticias\/embraer-embr3-cancela-encontro-sindicato-pede-mediacao-trt\/\">\n\t\t\tEmbraer (EMBR3) cancela encontro com sindicato e pede media\u00e7\u00e3o do TRT\t\t<\/a>\n\t<\/div>\n\n\n<p>Segundo a Embraer, a medida teve que ser tomada devido aos impactos causados pela pandemia de <a href=\"https:\/\/www.suno.com.br\/noticias\/tags\/coronavirus\/\">coronav\u00edrus (Covid-19),<\/a> al\u00e9m do cancelamento da parceria com a <strong>Boeing<\/strong>. A Embraer possu\u00eda uma for\u00e7a de trabalho de aproximadamente 16 mil funcion\u00e1rios no Pa\u00eds. Do total, 10 mil atuam na sede da companhia em S\u00e3o Jos\u00e9 dos Campos. A empresa n\u00e3o informou o n\u00famero de desligamentos por unidade.<\/p>\n<p>O terceiro PDV, encerrado na quarta, foi aberto durante a pandemia. A ideia da companhia era ajustar o quadro de funcion\u00e1rios de maneira que os impactos causados pela pandemia fossem diminu\u00eddos. Os desligamentos dos 1,6 mil colaboradores que aderiram ao PDV da <strong>Embraer<\/strong> foram efetivados na \u00faltima sexta-feira (4).<\/p>\n\t<p>\n\t\t<a href=\"https:\/\/lp.suno.com.br\/planilha-de-controle-de-investimentos\/\" target=\"_blank\" data-element=\"shortcode-suno-banner\" title=\"Banner SUNO, clique e saiba mais\">\n\t\t\t<picture>\n\t\t\t\t<source media=\"(max-width: 500px)\" srcset=\"https:\/\/files.sunoresearch.com.br\/n\/uploads\/2023\/03\/400x300-Controle-de-Investimentos.png\">\n\t\t\t\t<img class=\"newsContent__article__imgCapa newsContent__article__imgCapa--banner\"\n\t\t\t\t\tsrc=\"https:\/\/files.sunoresearch.com.br\/n\/uploads\/2023\/03\/1420x240-Controle-de-Investimentos.png\"\n\t\t\t\t\tdata-promo-id=\"75934\"\t\t\t\t\t\t\t\t\t\twidth='1420' height='240'\t\t\t\t\talt=\"https:\/\/files.sunoresearch.com.br\/n\/uploads\/2023\/03\/1420x240-Controle-de-Investimentos.png\"\n\t\t\t\t>\n\t\t\t<\/picture>\n\t\t<\/a>\n\t<\/p>\n\n\n","protected":false},"excerpt":{"rendered":"<p>A Embraer (EMBR3) comunicou ao mercado, nesta ter\u00e7a-feira (8), que sua subsidi\u00e1ria Embraer Netherlands Finance iniciou as ofertas de aquisi\u00e7\u00e3o \u00e0 vista no valor de at\u00e9 US$ 250 milh\u00f5es (cerca de R$ 1,3 bilh\u00e3o) em notas (Bonds) em circula\u00e7\u00e3o com vencimento em 2022 e 2023. Embraer (EMBR3). Foto: Reprodu\u00e7\u00e3o. Segundo o comunicado, a oferta de [&hellip;]<\/p>\n","protected":false},"author":15,"featured_media":40805,"comment_status":"closed","ping_status":"closed","sticky":false,"template":"","format":"standard","meta":[],"categories":[64],"tags":[460,13321],"suno_strategy":[],"class_list":["post-83155","post","type-post","status-publish","format-standard","has-post-thumbnail","hentry","category-negocios","tag-embraer-embr3","tag-notas-promissorias"],"yoast_head":"<!-- This site is optimized with the Yoast SEO plugin v24.4 - https:\/\/yoast.com\/wordpress\/plugins\/seo\/ -->\n<title>Embraer (EMBR3) anuncia recompra de at\u00e9 US$ 250 mi de bonds<\/title>\n<meta name=\"description\" content=\"A Embraer (EMBR3) comunicou ao mercado, nesta ter\u00e7a (8), que e iniciou as ofertas de aquisi\u00e7\u00e3o de bonds. Clique aqui e saiba mais\" \/>\n<meta name=\"robots\" content=\"index, follow, max-snippet:-1, max-image-preview:large, max-video-preview:-1\" \/>\n<link rel=\"canonical\" href=\"https:\/\/www.suno.com.br\/noticias\/embraer-embr3-anuncia-recompra-de-ate-us-250-milhoes-de-bonds\/\" \/>\n<meta property=\"og:locale\" content=\"pt_BR\" \/>\n<meta property=\"og:type\" content=\"article\" \/>\n<meta property=\"og:title\" content=\"Embraer (EMBR3) anuncia recompra de at\u00e9 US$ 250 mi de bonds\" \/>\n<meta property=\"og:description\" content=\"A Embraer (EMBR3) comunicou ao mercado, nesta ter\u00e7a (8), que e iniciou as ofertas de aquisi\u00e7\u00e3o de bonds. Clique aqui e saiba mais\" \/>\n<meta property=\"og:url\" content=\"https:\/\/www.suno.com.br\/noticias\/embraer-embr3-anuncia-recompra-de-ate-us-250-milhoes-de-bonds\/\" \/>\n<meta property=\"og:site_name\" content=\"Suno Not\u00edcias\" \/>\n<meta property=\"article:publisher\" content=\"https:\/\/facebook.com\/sunoresearch\" \/>\n<meta property=\"og:image\" content=\"https:\/\/files.sunoresearch.com.br\/n\/uploads\/2019\/10\/1dbe6a7d-embraer.jpg\" \/>\n\t<meta property=\"og:image:width\" content=\"960\" \/>\n\t<meta property=\"og:image:height\" content=\"640\" \/>\n\t<meta property=\"og:image:type\" content=\"image\/jpeg\" \/>\n<meta name=\"author\" content=\"Poliana Santos\" \/>\n<meta name=\"twitter:card\" content=\"summary_large_image\" \/>\n<meta name=\"twitter:creator\" content=\"@sunoresearch\" \/>\n<meta name=\"twitter:site\" content=\"@sunoresearch\" \/>\n<meta name=\"twitter:label1\" content=\"Escrito por\" \/>\n\t<meta name=\"twitter:data1\" content=\"Poliana Santos\" \/>\n\t<meta name=\"twitter:label2\" content=\"Est. tempo de leitura\" \/>\n\t<meta name=\"twitter:data2\" content=\"2 minutos\" \/>\n<script type=\"application\/ld+json\" class=\"yoast-schema-graph\">{\"@context\":\"https:\/\/schema.org\",\"@graph\":[{\"@type\":\"NewsArticle\",\"@id\":\"https:\/\/www.suno.com.br\/noticias\/embraer-embr3-anuncia-recompra-de-ate-us-250-milhoes-de-bonds\/#article\",\"isPartOf\":{\"@id\":\"https:\/\/www.suno.com.br\/noticias\/embraer-embr3-anuncia-recompra-de-ate-us-250-milhoes-de-bonds\/\"},\"author\":{\"name\":\"Poliana Santos\",\"@id\":\"https:\/\/www.suno.com.br\/noticias\/#\/schema\/person\/02ec1f752758247878a2bf4abee1aeda\"},\"headline\":\"Embraer (EMBR3) anuncia recompra de at\u00e9 US$ 250 milh\u00f5es de bonds\",\"datePublished\":\"2020-09-08T16:37:22+00:00\",\"mainEntityOfPage\":{\"@id\":\"https:\/\/www.suno.com.br\/noticias\/embraer-embr3-anuncia-recompra-de-ate-us-250-milhoes-de-bonds\/\"},\"wordCount\":436,\"publisher\":{\"@id\":\"https:\/\/www.suno.com.br\/noticias\/#organization\"},\"image\":{\"@id\":\"https:\/\/www.suno.com.br\/noticias\/embraer-embr3-anuncia-recompra-de-ate-us-250-milhoes-de-bonds\/#primaryimage\"},\"thumbnailUrl\":\"https:\/\/files.sunoresearch.com.br\/n\/uploads\/2019\/10\/1dbe6a7d-embraer-jpg.webp\",\"keywords\":[\"Embraer (EMBR3)\",\"notas promiss\u00f3rias\"],\"articleSection\":[\"Neg\u00f3cios\"],\"inLanguage\":\"pt-BR\"},{\"@type\":\"WebPage\",\"@id\":\"https:\/\/www.suno.com.br\/noticias\/embraer-embr3-anuncia-recompra-de-ate-us-250-milhoes-de-bonds\/\",\"url\":\"https:\/\/www.suno.com.br\/noticias\/embraer-embr3-anuncia-recompra-de-ate-us-250-milhoes-de-bonds\/\",\"name\":\"Embraer (EMBR3) anuncia recompra de at\u00e9 US$ 250 mi de bonds\",\"isPartOf\":{\"@id\":\"https:\/\/www.suno.com.br\/noticias\/#website\"},\"primaryImageOfPage\":{\"@id\":\"https:\/\/www.suno.com.br\/noticias\/embraer-embr3-anuncia-recompra-de-ate-us-250-milhoes-de-bonds\/#primaryimage\"},\"image\":{\"@id\":\"https:\/\/www.suno.com.br\/noticias\/embraer-embr3-anuncia-recompra-de-ate-us-250-milhoes-de-bonds\/#primaryimage\"},\"thumbnailUrl\":\"https:\/\/files.sunoresearch.com.br\/n\/uploads\/2019\/10\/1dbe6a7d-embraer-jpg.webp\",\"datePublished\":\"2020-09-08T16:37:22+00:00\",\"description\":\"A Embraer (EMBR3) comunicou ao mercado, nesta ter\u00e7a (8), que e iniciou as ofertas de aquisi\u00e7\u00e3o de bonds. Clique aqui e saiba mais\",\"breadcrumb\":{\"@id\":\"https:\/\/www.suno.com.br\/noticias\/embraer-embr3-anuncia-recompra-de-ate-us-250-milhoes-de-bonds\/#breadcrumb\"},\"inLanguage\":\"pt-BR\",\"potentialAction\":[{\"@type\":\"ReadAction\",\"target\":[\"https:\/\/www.suno.com.br\/noticias\/embraer-embr3-anuncia-recompra-de-ate-us-250-milhoes-de-bonds\/\"]}]},{\"@type\":\"ImageObject\",\"inLanguage\":\"pt-BR\",\"@id\":\"https:\/\/www.suno.com.br\/noticias\/embraer-embr3-anuncia-recompra-de-ate-us-250-milhoes-de-bonds\/#primaryimage\",\"url\":\"https:\/\/files.sunoresearch.com.br\/n\/uploads\/2019\/10\/1dbe6a7d-embraer-jpg.webp\",\"contentUrl\":\"https:\/\/files.sunoresearch.com.br\/n\/uploads\/2019\/10\/1dbe6a7d-embraer-jpg.webp\",\"width\":960,\"height\":640,\"caption\":\"Embraer (EMBR3). Foto: Reprodu\u00e7\u00e3o.\"},{\"@type\":\"BreadcrumbList\",\"@id\":\"https:\/\/www.suno.com.br\/noticias\/embraer-embr3-anuncia-recompra-de-ate-us-250-milhoes-de-bonds\/#breadcrumb\",\"itemListElement\":[{\"@type\":\"ListItem\",\"position\":1,\"name\":\"Not\u00edcias\",\"item\":\"https:\/\/www.suno.com.br\/noticias\/\"},{\"@type\":\"ListItem\",\"position\":2,\"name\":\"Neg\u00f3cios\",\"item\":\"https:\/\/www.suno.com.br\/noticias\/negocios\/\"},{\"@type\":\"ListItem\",\"position\":3,\"name\":\"Embraer (EMBR3) anuncia recompra de at\u00e9 US$ 250 milh\u00f5es de bonds\"}]},{\"@type\":\"WebSite\",\"@id\":\"https:\/\/www.suno.com.br\/noticias\/#website\",\"url\":\"https:\/\/www.suno.com.br\/noticias\/\",\"name\":\"Suno Not\u00edcias\",\"description\":\"Seu portal de informa\u00e7\u00e3o sobre o mundo dos investimentos\",\"publisher\":{\"@id\":\"https:\/\/www.suno.com.br\/noticias\/#organization\"},\"potentialAction\":[{\"@type\":\"SearchAction\",\"target\":{\"@type\":\"EntryPoint\",\"urlTemplate\":\"https:\/\/www.suno.com.br\/noticias\/?s={search_term_string}\"},\"query-input\":{\"@type\":\"PropertyValueSpecification\",\"valueRequired\":true,\"valueName\":\"search_term_string\"}}],\"inLanguage\":\"pt-BR\"},{\"@type\":\"Organization\",\"@id\":\"https:\/\/www.suno.com.br\/noticias\/#organization\",\"name\":\"Suno Not\u00edcias\",\"url\":\"https:\/\/www.suno.com.br\/noticias\/\",\"logo\":{\"@type\":\"ImageObject\",\"inLanguage\":\"pt-BR\",\"@id\":\"https:\/\/www.suno.com.br\/noticias\/#\/schema\/logo\/image\/\",\"url\":\"https:\/\/files.sunoresearch.com.br\/n\/uploads\/2021\/09\/suno-logo.png\",\"contentUrl\":\"https:\/\/files.sunoresearch.com.br\/n\/uploads\/2021\/09\/suno-logo.png\",\"width\":180,\"height\":180,\"caption\":\"Suno Not\u00edcias\"},\"image\":{\"@id\":\"https:\/\/www.suno.com.br\/noticias\/#\/schema\/logo\/image\/\"},\"sameAs\":[\"https:\/\/facebook.com\/sunoresearch\",\"https:\/\/x.com\/sunoresearch\",\"https:\/\/www.instagram.com\/suno\",\"https:\/\/www.linkedin.com\/company\/suno-research\/\",\"https:\/\/www.youtube.com\/c\/sunoresearch\"]},{\"@type\":\"Person\",\"@id\":\"https:\/\/www.suno.com.br\/noticias\/#\/schema\/person\/02ec1f752758247878a2bf4abee1aeda\",\"name\":\"Poliana Santos\",\"image\":{\"@type\":\"ImageObject\",\"inLanguage\":\"pt-BR\",\"@id\":\"https:\/\/www.suno.com.br\/noticias\/#\/schema\/person\/image\/\",\"url\":\"https:\/\/secure.gravatar.com\/avatar\/0645bd32f23d87b2130f2b2dff1d3f8d?s=96&r=g\",\"contentUrl\":\"https:\/\/secure.gravatar.com\/avatar\/0645bd32f23d87b2130f2b2dff1d3f8d?s=96&r=g\",\"caption\":\"Poliana Santos\"},\"description\":\"Rep\u00f3rter no Suno Not\u00edcias, com cobertura em mercado financeiro, economia, finan\u00e7as pessoais, renda fixa e varejo. Jornalista formada pela Faculdade C\u00e1sper L\u00edbero e possui passagem na R\u00e1dio Gazeta AM com a produ\u00e7\u00e3o de conte\u00fado sobre economia, pol\u00edtica, sa\u00fade, moda e m\u00fasica. Possui certificado de conclus\u00e3o do curso de An\u00e1lise de Balan\u00e7os pela Funda\u00e7\u00e3o Bradesco, Agenda Brasil pela FAAP, Educa\u00e7\u00e3o Pol\u00edtica por Alexandre Garcia e do Tesouro Direto e Mercado de A\u00e7\u00f5es pela B3.\",\"url\":\"https:\/\/www.suno.com.br\/noticias\/author\/poliana-santos\/\"}]}<\/script>\n<!-- \/ Yoast SEO plugin. -->","yoast_head_json":{"title":"Embraer (EMBR3) anuncia recompra de at\u00e9 US$ 250 mi de bonds","description":"A Embraer (EMBR3) comunicou ao mercado, nesta ter\u00e7a (8), que e iniciou as ofertas de aquisi\u00e7\u00e3o de bonds. Clique aqui e saiba mais","robots":{"index":"index","follow":"follow","max-snippet":"max-snippet:-1","max-image-preview":"max-image-preview:large","max-video-preview":"max-video-preview:-1"},"canonical":"https:\/\/www.suno.com.br\/noticias\/embraer-embr3-anuncia-recompra-de-ate-us-250-milhoes-de-bonds\/","og_locale":"pt_BR","og_type":"article","og_title":"Embraer (EMBR3) anuncia recompra de at\u00e9 US$ 250 mi de bonds","og_description":"A Embraer (EMBR3) comunicou ao mercado, nesta ter\u00e7a (8), que e iniciou as ofertas de aquisi\u00e7\u00e3o de bonds. Clique aqui e saiba mais","og_url":"https:\/\/www.suno.com.br\/noticias\/embraer-embr3-anuncia-recompra-de-ate-us-250-milhoes-de-bonds\/","og_site_name":"Suno Not\u00edcias","article_publisher":"https:\/\/facebook.com\/sunoresearch","og_image":[{"width":960,"height":640,"url":"https:\/\/files.sunoresearch.com.br\/n\/uploads\/2019\/10\/1dbe6a7d-embraer.jpg","type":"image\/jpeg"}],"author":"Poliana Santos","twitter_card":"summary_large_image","twitter_creator":"@sunoresearch","twitter_site":"@sunoresearch","twitter_misc":{"Escrito por":"Poliana Santos","Est. tempo de leitura":"2 minutos"},"schema":{"@context":"https:\/\/schema.org","@graph":[{"@type":"NewsArticle","@id":"https:\/\/www.suno.com.br\/noticias\/embraer-embr3-anuncia-recompra-de-ate-us-250-milhoes-de-bonds\/#article","isPartOf":{"@id":"https:\/\/www.suno.com.br\/noticias\/embraer-embr3-anuncia-recompra-de-ate-us-250-milhoes-de-bonds\/"},"author":{"name":"Poliana Santos","@id":"https:\/\/www.suno.com.br\/noticias\/#\/schema\/person\/02ec1f752758247878a2bf4abee1aeda"},"headline":"Embraer (EMBR3) anuncia recompra de at\u00e9 US$ 250 milh\u00f5es de bonds","datePublished":"2020-09-08T16:37:22+00:00","mainEntityOfPage":{"@id":"https:\/\/www.suno.com.br\/noticias\/embraer-embr3-anuncia-recompra-de-ate-us-250-milhoes-de-bonds\/"},"wordCount":436,"publisher":{"@id":"https:\/\/www.suno.com.br\/noticias\/#organization"},"image":{"@id":"https:\/\/www.suno.com.br\/noticias\/embraer-embr3-anuncia-recompra-de-ate-us-250-milhoes-de-bonds\/#primaryimage"},"thumbnailUrl":"https:\/\/files.sunoresearch.com.br\/n\/uploads\/2019\/10\/1dbe6a7d-embraer-jpg.webp","keywords":["Embraer (EMBR3)","notas promiss\u00f3rias"],"articleSection":["Neg\u00f3cios"],"inLanguage":"pt-BR"},{"@type":"WebPage","@id":"https:\/\/www.suno.com.br\/noticias\/embraer-embr3-anuncia-recompra-de-ate-us-250-milhoes-de-bonds\/","url":"https:\/\/www.suno.com.br\/noticias\/embraer-embr3-anuncia-recompra-de-ate-us-250-milhoes-de-bonds\/","name":"Embraer (EMBR3) anuncia recompra de at\u00e9 US$ 250 mi de bonds","isPartOf":{"@id":"https:\/\/www.suno.com.br\/noticias\/#website"},"primaryImageOfPage":{"@id":"https:\/\/www.suno.com.br\/noticias\/embraer-embr3-anuncia-recompra-de-ate-us-250-milhoes-de-bonds\/#primaryimage"},"image":{"@id":"https:\/\/www.suno.com.br\/noticias\/embraer-embr3-anuncia-recompra-de-ate-us-250-milhoes-de-bonds\/#primaryimage"},"thumbnailUrl":"https:\/\/files.sunoresearch.com.br\/n\/uploads\/2019\/10\/1dbe6a7d-embraer-jpg.webp","datePublished":"2020-09-08T16:37:22+00:00","description":"A Embraer (EMBR3) comunicou ao mercado, nesta ter\u00e7a (8), que e iniciou as ofertas de aquisi\u00e7\u00e3o de bonds. Clique aqui e saiba mais","breadcrumb":{"@id":"https:\/\/www.suno.com.br\/noticias\/embraer-embr3-anuncia-recompra-de-ate-us-250-milhoes-de-bonds\/#breadcrumb"},"inLanguage":"pt-BR","potentialAction":[{"@type":"ReadAction","target":["https:\/\/www.suno.com.br\/noticias\/embraer-embr3-anuncia-recompra-de-ate-us-250-milhoes-de-bonds\/"]}]},{"@type":"ImageObject","inLanguage":"pt-BR","@id":"https:\/\/www.suno.com.br\/noticias\/embraer-embr3-anuncia-recompra-de-ate-us-250-milhoes-de-bonds\/#primaryimage","url":"https:\/\/files.sunoresearch.com.br\/n\/uploads\/2019\/10\/1dbe6a7d-embraer-jpg.webp","contentUrl":"https:\/\/files.sunoresearch.com.br\/n\/uploads\/2019\/10\/1dbe6a7d-embraer-jpg.webp","width":960,"height":640,"caption":"Embraer (EMBR3). Foto: Reprodu\u00e7\u00e3o."},{"@type":"BreadcrumbList","@id":"https:\/\/www.suno.com.br\/noticias\/embraer-embr3-anuncia-recompra-de-ate-us-250-milhoes-de-bonds\/#breadcrumb","itemListElement":[{"@type":"ListItem","position":1,"name":"Not\u00edcias","item":"https:\/\/www.suno.com.br\/noticias\/"},{"@type":"ListItem","position":2,"name":"Neg\u00f3cios","item":"https:\/\/www.suno.com.br\/noticias\/negocios\/"},{"@type":"ListItem","position":3,"name":"Embraer (EMBR3) anuncia recompra de at\u00e9 US$ 250 milh\u00f5es de bonds"}]},{"@type":"WebSite","@id":"https:\/\/www.suno.com.br\/noticias\/#website","url":"https:\/\/www.suno.com.br\/noticias\/","name":"Suno Not\u00edcias","description":"Seu portal de informa\u00e7\u00e3o sobre o mundo dos investimentos","publisher":{"@id":"https:\/\/www.suno.com.br\/noticias\/#organization"},"potentialAction":[{"@type":"SearchAction","target":{"@type":"EntryPoint","urlTemplate":"https:\/\/www.suno.com.br\/noticias\/?s={search_term_string}"},"query-input":{"@type":"PropertyValueSpecification","valueRequired":true,"valueName":"search_term_string"}}],"inLanguage":"pt-BR"},{"@type":"Organization","@id":"https:\/\/www.suno.com.br\/noticias\/#organization","name":"Suno Not\u00edcias","url":"https:\/\/www.suno.com.br\/noticias\/","logo":{"@type":"ImageObject","inLanguage":"pt-BR","@id":"https:\/\/www.suno.com.br\/noticias\/#\/schema\/logo\/image\/","url":"https:\/\/files.sunoresearch.com.br\/n\/uploads\/2021\/09\/suno-logo.png","contentUrl":"https:\/\/files.sunoresearch.com.br\/n\/uploads\/2021\/09\/suno-logo.png","width":180,"height":180,"caption":"Suno Not\u00edcias"},"image":{"@id":"https:\/\/www.suno.com.br\/noticias\/#\/schema\/logo\/image\/"},"sameAs":["https:\/\/facebook.com\/sunoresearch","https:\/\/x.com\/sunoresearch","https:\/\/www.instagram.com\/suno","https:\/\/www.linkedin.com\/company\/suno-research\/","https:\/\/www.youtube.com\/c\/sunoresearch"]},{"@type":"Person","@id":"https:\/\/www.suno.com.br\/noticias\/#\/schema\/person\/02ec1f752758247878a2bf4abee1aeda","name":"Poliana Santos","image":{"@type":"ImageObject","inLanguage":"pt-BR","@id":"https:\/\/www.suno.com.br\/noticias\/#\/schema\/person\/image\/","url":"https:\/\/secure.gravatar.com\/avatar\/0645bd32f23d87b2130f2b2dff1d3f8d?s=96&r=g","contentUrl":"https:\/\/secure.gravatar.com\/avatar\/0645bd32f23d87b2130f2b2dff1d3f8d?s=96&r=g","caption":"Poliana Santos"},"description":"Rep\u00f3rter no Suno Not\u00edcias, com cobertura em mercado financeiro, economia, finan\u00e7as pessoais, renda fixa e varejo. Jornalista formada pela Faculdade C\u00e1sper L\u00edbero e possui passagem na R\u00e1dio Gazeta AM com a produ\u00e7\u00e3o de conte\u00fado sobre economia, pol\u00edtica, sa\u00fade, moda e m\u00fasica. Possui certificado de conclus\u00e3o do curso de An\u00e1lise de Balan\u00e7os pela Funda\u00e7\u00e3o Bradesco, Agenda Brasil pela FAAP, Educa\u00e7\u00e3o Pol\u00edtica por Alexandre Garcia e do Tesouro Direto e Mercado de A\u00e7\u00f5es pela B3.","url":"https:\/\/www.suno.com.br\/noticias\/author\/poliana-santos\/"}]}},"default_loop_html":"<div class=\"cardsPage__listCard__boxs\"><div class=\"cardsPage__listCard__boxs__img\"><a href=\"https:\/\/www.suno.com.br\/noticias\/embraer-embr3-anuncia-recompra-de-ate-us-250-milhoes-de-bonds\/\"><img class=\"mask\" src=\"https:\/\/www.suno.com.br\/noticias\/wp-content\/themes\/suno\/resources\/images\/spotlight\/spotlight1img\/bg-mask.png\" alt=\"Image Mask\"\/><img src=\"https:\/\/files.sunoresearch.com.br\/n\/uploads\/2019\/10\/1dbe6a7d-embraer-400x200.webp\" alt=\"Embraer (EMBR3) anuncia recompra de at\u00e9 US$ 250 milh\u00f5es de bonds\"\/><\/a><span class=\"spotlightCategory\"><a href=\"https:\/\/www.suno.com.br\/noticias\/negocios\/\">Neg\u00f3cios<\/a><\/span><\/div><div class=\"cardsPage__listCard__boxs__content\"><a href=\"https:\/\/www.suno.com.br\/noticias\/embraer-embr3-anuncia-recompra-de-ate-us-250-milhoes-de-bonds\/\"><h2 class=\"content__title\">Embraer (EMBR3) anuncia recompra de at\u00e9 US$ 250 milh\u00f5es de bonds<\/h2><\/a><div class=\"newsContent__article__meta\"><div class=\"newsContent__article__meta__authorBox\"><a href=\"https:\/\/www.suno.com.br\/noticias\/author\/poliana-santos\/\" class=\"authorBox__avatar noMobi\"><img src=\"https:\/\/files.sunoresearch.com.br\/n\/uploads\/2020\/08\/7ef34026-whatsapp-image-2020-08-03-at-12.37.57-150x150.webp\" alt=\"Poliana Santos\"><\/a><div class=\"authorBox__name\"><span>por\n\t\t\t<a href=\"https:\/\/www.suno.com.br\/noticias\/author\/poliana-santos\/\"><span itemprop=\"author\">Poliana Santos<\/span><\/a><\/span><time datetime=\"2020-09-08T13:37:22-03:00\" itemprop=\"datePublished\">08\/09\/2020 13:37<\/time><\/div><\/div><\/div><\/div><\/div>","single_layout":"posts","amp_enabled":true,"_links":{"self":[{"href":"https:\/\/www.suno.com.br\/noticias\/wp-json\/wp\/v2\/posts\/83155"}],"collection":[{"href":"https:\/\/www.suno.com.br\/noticias\/wp-json\/wp\/v2\/posts"}],"about":[{"href":"https:\/\/www.suno.com.br\/noticias\/wp-json\/wp\/v2\/types\/post"}],"author":[{"embeddable":true,"href":"https:\/\/www.suno.com.br\/noticias\/wp-json\/wp\/v2\/users\/15"}],"replies":[{"embeddable":true,"href":"https:\/\/www.suno.com.br\/noticias\/wp-json\/wp\/v2\/comments?post=83155"}],"version-history":[{"count":0,"href":"https:\/\/www.suno.com.br\/noticias\/wp-json\/wp\/v2\/posts\/83155\/revisions"}],"wp:featuredmedia":[{"embeddable":true,"href":"https:\/\/www.suno.com.br\/noticias\/wp-json\/wp\/v2\/media\/40805"}],"wp:attachment":[{"href":"https:\/\/www.suno.com.br\/noticias\/wp-json\/wp\/v2\/media?parent=83155"}],"wp:term":[{"taxonomy":"category","embeddable":true,"href":"https:\/\/www.suno.com.br\/noticias\/wp-json\/wp\/v2\/categories?post=83155"},{"taxonomy":"post_tag","embeddable":true,"href":"https:\/\/www.suno.com.br\/noticias\/wp-json\/wp\/v2\/tags?post=83155"},{"taxonomy":"suno_strategy","embeddable":true,"href":"https:\/\/www.suno.com.br\/noticias\/wp-json\/wp\/v2\/suno_strategy?post=83155"}],"curies":[{"name":"wp","href":"https:\/\/api.w.org\/{rel}","templated":true}]}}