{"id":82991,"date":"2020-09-08T06:54:16","date_gmt":"2020-09-08T09:54:16","guid":{"rendered":"https:\/\/www.suno.com.br\/noticias\/?p=82991"},"modified":"2020-09-08T06:54:16","modified_gmt":"2020-09-08T09:54:16","slug":"proposta-de-reformulacao-do-plano-judicial-da-oi-oibr3-deve-ser-votada-nesta-terca","status":"publish","type":"post","link":"https:\/\/www.suno.com.br\/noticias\/proposta-de-reformulacao-do-plano-judicial-da-oi-oibr3-deve-ser-votada-nesta-terca\/","title":{"rendered":"Proposta de reformula\u00e7\u00e3o do plano judicial da Oi (OIBR3) deve ser votada nesta ter\u00e7a"},"content":{"rendered":"<p>A proposta de reformula\u00e7\u00e3o do <a href=\"https:\/\/www.suno.com.br\/artigos\/recuperacao-judicial\/\">plano judicial<\/a> da <a href=\"https:\/\/www.suno.com.br\/acoes\/oibr3\/\"><strong>Oi<\/strong> (OIBR3)<\/a> deve ser votada nesta ter\u00e7a-feira (8) na assembleia geral de credores (AGC).<\/p>\t<div class=\"wrapper-featured-image\">\n\t\t<figure class=\"spotlightImg\">\n\n\t\t\t<picture>\n\t\t\t\t<source media=\"(max-width: 768px)\" srcset=\"https:\/\/files.sunoresearch.com.br\/n\/uploads\/2020\/08\/345598e4-oi-400x200.webp\">\n\t\t\t\t<img loading=\"lazy\" decoding=\"async\" class=\"newsContent__article__imgCapa lazyloadDisabled \" src=\"https:\/\/files.sunoresearch.com.br\/n\/uploads\/2020\/08\/345598e4-oi-jpg.webp\" width=\"800\" height=\"450\" alt=\"Proposta de reformula\u00e7\u00e3o do plano judicial da Oi (OIBR3) deve ser votada nesta ter\u00e7a\" fetchpriority=high \/>\n\t\t\t<\/picture>\n\n\t\t\t<figcaption class=\"wp-caption-text wp-caption-text--show\">Oi (OIBR3): Justi\u00e7a nega pedido liminar do Ita\u00fa (ITUB4) contra operadora<\/figcaption>\n\t\t<\/figure>\n\t<\/div>\n\n\n<div class=\"hubspot-form-wrapper\">\n\t<div id=\"single-form-target\"><\/div>\n<\/div>\n\n<p>Na \u00faltima segunda-feira (7), a operadora informou ao mercado que aceitou a oferta de R$ 16,5 bilh\u00f5es por sua unidade m\u00f3vel feita por um cons\u00f3rcio formado pela Claro, <a href=\"https:\/\/www.suno.com.br\/acoes\/timp3\/\">Tim (TIMP3)<\/a> e <a href=\"https:\/\/www.suno.com.br\/acoes\/vivt4\/\">Vivo (VIVT4)<\/a>. Na pr\u00e1tica, isso significa que um futuro leil\u00e3o judicial das opera\u00e7\u00f5es m\u00f3veis da Oi teria como base uma proposta de R$ 16,5 bilh\u00f5es.<\/p>\n<p>Em tese, a oferta do cons\u00f3rcio das operadoras deve facilitar a aprova\u00e7\u00e3o dos termos de aditamento ao plano de recupera\u00e7\u00e3o judicial da Oi. A operadora necessita do aval dos credores que ir\u00e3o se reunir nesta ter\u00e7a para se desfazer de ativos-chaves.<\/p>\n<p><a href=\"https:\/\/lp.suno.com.br\/suno-one\/\">Conhe\u00e7a o Suno One, a central gratuita de informa\u00e7\u00f5es da Suno para quem quer aprender a investir. Acesse clicando aqui.<\/a><\/p>\n<p>Esta assembleia ser\u00e1 a maior reuni\u00e3o do g\u00eanero realizada de modo virtual. At\u00e9 o momento, pouco mais de 5 mil credores j\u00e1 se cadastraram para participar da reuni\u00e3o online, segundo o escrit\u00f3rio Wald, Antunes, Vita, Longo e Blattner Advogados. Por\u00e9m, centenas e at\u00e9 milhares deles ter\u00e3o o mesmo representante, reduzindo a presen\u00e7a na plataforma para cerca de 350 pessoas.<\/p>\n<p>A proposta de mudan\u00e7a foi anunciada em junho e prev\u00ea a venda das redes m\u00f3veis, torres, data centers e parte da rede de fibra \u00f3ptica da Oi, na tentativa de levantar mais de R$ 22 bilh\u00f5es para pagar d\u00edvidas e viabilizar investimentos.<\/p>\n<p>A empresa dever\u00e1 ter pareceres favor\u00e1veis por parte da Ag\u00eancia Nacional de Telecomunica\u00e7\u00f5es (Anatel) e dos detentores de t\u00edtulos de d\u00edvidas, disseram fontes a par do assunto. Esse segundo grupo concentra mais da metade dos votos na assembleia, posi\u00e7\u00e3o suficiente para dar continuidade a mudan\u00e7a.<\/p>\n<p>Na vis\u00e3o dos acionistas, a aprova\u00e7\u00e3o da proposta para mudar o plano de recupera\u00e7\u00e3o deve gerar valoriza\u00e7\u00e3o das a\u00e7\u00f5es da empresa. O plano aprovado em 2017 possu\u00eda uma cl\u00e1usula que permitia o voto de todos os credores em eventuais assembleias futuras.<\/p>\n<p>Atualmente, os maiores acionistas da tele s\u00e3o os donos de t\u00edtulos Brookfield Asset Management (5,92%), Bratel (5,4%) e Solus (3,47%), ao passo que o restante dos pap\u00e9is da companhia est\u00e1 espalhado pelo mercado.<\/p>\n<h2>Oi enfrenta resist\u00eancia dos grandes bancos<\/h2>\n<p>A proposta, entretanto, enfrenta oposi\u00e7\u00e3o de grandes bancos, como <a href=\"https:\/\/www.suno.com.br\/acoes\/bbas3\/\">Banco do Brasil (BBAS3)<\/a>, <a href=\"https:\/\/www.suno.com.br\/acoes\/itub4\/\">Ita\u00fa Unibanco (ITUB4)<\/a>, <a href=\"https:\/\/www.suno.com.br\/acoes\/bbdc4\/\">Bradesco (BBDC4)<\/a>, <a href=\"https:\/\/www.suno.com.br\/acoes\/sanb11\/\">Santander Brasil (SANB11)<\/a> e Caixa Econ\u00f4mica Federal. At\u00e9 o \u00faltimos dias, parte dessas institui\u00e7\u00f5es financeiras ainda recorria para a Justi\u00e7a na tentativa de barrar a assembleia.<\/p>\n<p>Os bancos se queixam de que a nova mudan\u00e7a no plano amplia os descontos no pagamento das d\u00edvidas em rela\u00e7\u00e3o ao anterior e leva a um conflito de interesse ao permitir o voto dos bondholders, que tiveram d\u00edvidas convertidas em a\u00e7\u00f5es.<\/p>\n\t<div data-element=\"shortcode-read-more\" class=\"knowMore\">\n\t\t\t\t<span class=\"knowMore__title\">Saiba mais<\/span>\n\t\t\t\t<a class=\"knowMore__link\" href=\"https:\/\/www.suno.com.br\/noticias\/oi-oibr3-anatal-deve-votar-favor-recuperacao\/\">\n\t\t\tOi (OIBR3): Anatel deve votar a favor de plano de recupera\u00e7\u00e3o, diz jornal\t\t<\/a>\n\t<\/div>\n\n\n<p>O argumento, contudo, foi negado tanto pela 7\u00aa Vara Empresarial do Rio de Janeiro, na qual se desenrola o processo da <strong>Oi<\/strong>, quanto pela inst\u00e2ncia superior, a 8\u00aa C\u00e2mara Civil do Tribunal de Justi\u00e7a do Rio de Janeiro.<\/p>\n\t<p>\n\t\t<a href=\"https:\/\/lp.suno.com.br\/planilha-de-controle-de-investimentos\/\" target=\"_blank\" data-element=\"shortcode-suno-banner\" title=\"Banner SUNO, clique e saiba mais\">\n\t\t\t<picture>\n\t\t\t\t<source media=\"(max-width: 500px)\" srcset=\"https:\/\/files.sunoresearch.com.br\/n\/uploads\/2023\/03\/400x300-Controle-de-Investimentos.png\">\n\t\t\t\t<img class=\"newsContent__article__imgCapa newsContent__article__imgCapa--banner\"\n\t\t\t\t\tsrc=\"https:\/\/files.sunoresearch.com.br\/n\/uploads\/2023\/03\/1420x240-Controle-de-Investimentos.png\"\n\t\t\t\t\tdata-promo-id=\"75934\"\t\t\t\t\t\t\t\t\t\twidth='1420' height='240'\t\t\t\t\talt=\"https:\/\/files.sunoresearch.com.br\/n\/uploads\/2023\/03\/1420x240-Controle-de-Investimentos.png\"\n\t\t\t\t>\n\t\t\t<\/picture>\n\t\t<\/a>\n\t<\/p>\n\n\n","protected":false},"excerpt":{"rendered":"<p>A proposta de reformula\u00e7\u00e3o do plano judicial da Oi (OIBR3) deve ser votada nesta ter\u00e7a-feira (8) na assembleia geral de credores (AGC). Oi (OIBR3): Justi\u00e7a nega pedido liminar do Ita\u00fa (ITUB4) contra operadora Na \u00faltima segunda-feira (7), a operadora informou ao mercado que aceitou a oferta de R$ 16,5 bilh\u00f5es por sua unidade m\u00f3vel feita [&hellip;]<\/p>\n","protected":false},"author":15,"featured_media":77251,"comment_status":"closed","ping_status":"closed","sticky":false,"template":"","format":"standard","meta":[],"categories":[64],"tags":[584],"suno_strategy":[],"class_list":["post-82991","post","type-post","status-publish","format-standard","has-post-thumbnail","hentry","category-negocios","tag-oi-oibr3-oibr4"],"yoast_head":"<!-- This site is optimized with the Yoast SEO plugin v24.4 - https:\/\/yoast.com\/wordpress\/plugins\/seo\/ -->\n<title>OI (OIBR3): Reformula\u00e7\u00e3o do plano judicial deve ser votado nesta ter\u00e7a<\/title>\n<meta name=\"description\" content=\"A proposta de reformula\u00e7\u00e3o do plano judicial da Oi (OIBR3) deve ser votada nesta ter\u00e7a(8) na assembleia geral de credores (AGC). Clique aqui\" \/>\n<meta name=\"robots\" content=\"index, follow, max-snippet:-1, max-image-preview:large, max-video-preview:-1\" \/>\n<link rel=\"canonical\" href=\"https:\/\/www.suno.com.br\/noticias\/proposta-de-reformulacao-do-plano-judicial-da-oi-oibr3-deve-ser-votada-nesta-terca\/\" \/>\n<meta property=\"og:locale\" content=\"pt_BR\" \/>\n<meta property=\"og:type\" content=\"article\" \/>\n<meta property=\"og:title\" content=\"OI (OIBR3): Reformula\u00e7\u00e3o do plano judicial deve ser votado nesta ter\u00e7a\" \/>\n<meta property=\"og:description\" content=\"A proposta de reformula\u00e7\u00e3o do plano judicial da Oi (OIBR3) deve ser votada nesta ter\u00e7a(8) na assembleia geral de credores (AGC). Clique aqui\" \/>\n<meta property=\"og:url\" content=\"https:\/\/www.suno.com.br\/noticias\/proposta-de-reformulacao-do-plano-judicial-da-oi-oibr3-deve-ser-votada-nesta-terca\/\" \/>\n<meta property=\"og:site_name\" content=\"Suno Not\u00edcias\" \/>\n<meta property=\"article:publisher\" content=\"https:\/\/facebook.com\/sunoresearch\" \/>\n<meta property=\"og:image\" content=\"https:\/\/files.sunoresearch.com.br\/n\/uploads\/2020\/08\/345598e4-oi.jpg\" \/>\n\t<meta property=\"og:image:width\" content=\"696\" \/>\n\t<meta property=\"og:image:height\" content=\"464\" \/>\n\t<meta property=\"og:image:type\" content=\"image\/jpeg\" \/>\n<meta name=\"author\" content=\"Poliana Santos\" \/>\n<meta name=\"twitter:card\" content=\"summary_large_image\" \/>\n<meta name=\"twitter:creator\" content=\"@sunoresearch\" \/>\n<meta name=\"twitter:site\" content=\"@sunoresearch\" \/>\n<meta name=\"twitter:label1\" content=\"Escrito por\" \/>\n\t<meta name=\"twitter:data1\" content=\"Poliana Santos\" \/>\n\t<meta name=\"twitter:label2\" content=\"Est. tempo de leitura\" \/>\n\t<meta name=\"twitter:data2\" content=\"3 minutos\" \/>\n<script type=\"application\/ld+json\" class=\"yoast-schema-graph\">{\"@context\":\"https:\/\/schema.org\",\"@graph\":[{\"@type\":\"NewsArticle\",\"@id\":\"https:\/\/www.suno.com.br\/noticias\/proposta-de-reformulacao-do-plano-judicial-da-oi-oibr3-deve-ser-votada-nesta-terca\/#article\",\"isPartOf\":{\"@id\":\"https:\/\/www.suno.com.br\/noticias\/proposta-de-reformulacao-do-plano-judicial-da-oi-oibr3-deve-ser-votada-nesta-terca\/\"},\"author\":{\"name\":\"Poliana Santos\",\"@id\":\"https:\/\/www.suno.com.br\/noticias\/#\/schema\/person\/02ec1f752758247878a2bf4abee1aeda\"},\"headline\":\"Proposta de reformula\u00e7\u00e3o do plano judicial da Oi (OIBR3) deve ser votada nesta ter\u00e7a\",\"datePublished\":\"2020-09-08T09:54:16+00:00\",\"mainEntityOfPage\":{\"@id\":\"https:\/\/www.suno.com.br\/noticias\/proposta-de-reformulacao-do-plano-judicial-da-oi-oibr3-deve-ser-votada-nesta-terca\/\"},\"wordCount\":572,\"publisher\":{\"@id\":\"https:\/\/www.suno.com.br\/noticias\/#organization\"},\"image\":{\"@id\":\"https:\/\/www.suno.com.br\/noticias\/proposta-de-reformulacao-do-plano-judicial-da-oi-oibr3-deve-ser-votada-nesta-terca\/#primaryimage\"},\"thumbnailUrl\":\"https:\/\/files.sunoresearch.com.br\/n\/uploads\/2020\/08\/345598e4-oi-jpg.webp\",\"keywords\":[\"Oi (OIBR3\/OIBR4)\"],\"articleSection\":[\"Neg\u00f3cios\"],\"inLanguage\":\"pt-BR\"},{\"@type\":\"WebPage\",\"@id\":\"https:\/\/www.suno.com.br\/noticias\/proposta-de-reformulacao-do-plano-judicial-da-oi-oibr3-deve-ser-votada-nesta-terca\/\",\"url\":\"https:\/\/www.suno.com.br\/noticias\/proposta-de-reformulacao-do-plano-judicial-da-oi-oibr3-deve-ser-votada-nesta-terca\/\",\"name\":\"OI (OIBR3): Reformula\u00e7\u00e3o do plano judicial deve ser votado nesta ter\u00e7a\",\"isPartOf\":{\"@id\":\"https:\/\/www.suno.com.br\/noticias\/#website\"},\"primaryImageOfPage\":{\"@id\":\"https:\/\/www.suno.com.br\/noticias\/proposta-de-reformulacao-do-plano-judicial-da-oi-oibr3-deve-ser-votada-nesta-terca\/#primaryimage\"},\"image\":{\"@id\":\"https:\/\/www.suno.com.br\/noticias\/proposta-de-reformulacao-do-plano-judicial-da-oi-oibr3-deve-ser-votada-nesta-terca\/#primaryimage\"},\"thumbnailUrl\":\"https:\/\/files.sunoresearch.com.br\/n\/uploads\/2020\/08\/345598e4-oi-jpg.webp\",\"datePublished\":\"2020-09-08T09:54:16+00:00\",\"description\":\"A proposta de reformula\u00e7\u00e3o do plano judicial da Oi (OIBR3) deve ser votada nesta ter\u00e7a(8) na assembleia geral de credores (AGC). Clique aqui\",\"breadcrumb\":{\"@id\":\"https:\/\/www.suno.com.br\/noticias\/proposta-de-reformulacao-do-plano-judicial-da-oi-oibr3-deve-ser-votada-nesta-terca\/#breadcrumb\"},\"inLanguage\":\"pt-BR\",\"potentialAction\":[{\"@type\":\"ReadAction\",\"target\":[\"https:\/\/www.suno.com.br\/noticias\/proposta-de-reformulacao-do-plano-judicial-da-oi-oibr3-deve-ser-votada-nesta-terca\/\"]}]},{\"@type\":\"ImageObject\",\"inLanguage\":\"pt-BR\",\"@id\":\"https:\/\/www.suno.com.br\/noticias\/proposta-de-reformulacao-do-plano-judicial-da-oi-oibr3-deve-ser-votada-nesta-terca\/#primaryimage\",\"url\":\"https:\/\/files.sunoresearch.com.br\/n\/uploads\/2020\/08\/345598e4-oi-jpg.webp\",\"contentUrl\":\"https:\/\/files.sunoresearch.com.br\/n\/uploads\/2020\/08\/345598e4-oi-jpg.webp\",\"width\":696,\"height\":464,\"caption\":\"Oi (OIBR3): Justi\u00e7a nega pedido liminar do Ita\u00fa (ITUB4) contra operadora\"},{\"@type\":\"BreadcrumbList\",\"@id\":\"https:\/\/www.suno.com.br\/noticias\/proposta-de-reformulacao-do-plano-judicial-da-oi-oibr3-deve-ser-votada-nesta-terca\/#breadcrumb\",\"itemListElement\":[{\"@type\":\"ListItem\",\"position\":1,\"name\":\"Not\u00edcias\",\"item\":\"https:\/\/www.suno.com.br\/noticias\/\"},{\"@type\":\"ListItem\",\"position\":2,\"name\":\"Neg\u00f3cios\",\"item\":\"https:\/\/www.suno.com.br\/noticias\/negocios\/\"},{\"@type\":\"ListItem\",\"position\":3,\"name\":\"Proposta de reformula\u00e7\u00e3o do plano judicial da Oi (OIBR3) deve ser votada nesta ter\u00e7a\"}]},{\"@type\":\"WebSite\",\"@id\":\"https:\/\/www.suno.com.br\/noticias\/#website\",\"url\":\"https:\/\/www.suno.com.br\/noticias\/\",\"name\":\"Suno Not\u00edcias\",\"description\":\"Seu portal de informa\u00e7\u00e3o sobre o mundo dos investimentos\",\"publisher\":{\"@id\":\"https:\/\/www.suno.com.br\/noticias\/#organization\"},\"potentialAction\":[{\"@type\":\"SearchAction\",\"target\":{\"@type\":\"EntryPoint\",\"urlTemplate\":\"https:\/\/www.suno.com.br\/noticias\/?s={search_term_string}\"},\"query-input\":{\"@type\":\"PropertyValueSpecification\",\"valueRequired\":true,\"valueName\":\"search_term_string\"}}],\"inLanguage\":\"pt-BR\"},{\"@type\":\"Organization\",\"@id\":\"https:\/\/www.suno.com.br\/noticias\/#organization\",\"name\":\"Suno Not\u00edcias\",\"url\":\"https:\/\/www.suno.com.br\/noticias\/\",\"logo\":{\"@type\":\"ImageObject\",\"inLanguage\":\"pt-BR\",\"@id\":\"https:\/\/www.suno.com.br\/noticias\/#\/schema\/logo\/image\/\",\"url\":\"https:\/\/files.sunoresearch.com.br\/n\/uploads\/2021\/09\/suno-logo.png\",\"contentUrl\":\"https:\/\/files.sunoresearch.com.br\/n\/uploads\/2021\/09\/suno-logo.png\",\"width\":180,\"height\":180,\"caption\":\"Suno Not\u00edcias\"},\"image\":{\"@id\":\"https:\/\/www.suno.com.br\/noticias\/#\/schema\/logo\/image\/\"},\"sameAs\":[\"https:\/\/facebook.com\/sunoresearch\",\"https:\/\/x.com\/sunoresearch\",\"https:\/\/www.instagram.com\/suno\",\"https:\/\/www.linkedin.com\/company\/suno-research\/\",\"https:\/\/www.youtube.com\/c\/sunoresearch\"]},{\"@type\":\"Person\",\"@id\":\"https:\/\/www.suno.com.br\/noticias\/#\/schema\/person\/02ec1f752758247878a2bf4abee1aeda\",\"name\":\"Poliana Santos\",\"image\":{\"@type\":\"ImageObject\",\"inLanguage\":\"pt-BR\",\"@id\":\"https:\/\/www.suno.com.br\/noticias\/#\/schema\/person\/image\/\",\"url\":\"https:\/\/secure.gravatar.com\/avatar\/0645bd32f23d87b2130f2b2dff1d3f8d?s=96&r=g\",\"contentUrl\":\"https:\/\/secure.gravatar.com\/avatar\/0645bd32f23d87b2130f2b2dff1d3f8d?s=96&r=g\",\"caption\":\"Poliana Santos\"},\"description\":\"Rep\u00f3rter no Suno Not\u00edcias, com cobertura em mercado financeiro, economia, finan\u00e7as pessoais, renda fixa e varejo. Jornalista formada pela Faculdade C\u00e1sper L\u00edbero e possui passagem na R\u00e1dio Gazeta AM com a produ\u00e7\u00e3o de conte\u00fado sobre economia, pol\u00edtica, sa\u00fade, moda e m\u00fasica. Possui certificado de conclus\u00e3o do curso de An\u00e1lise de Balan\u00e7os pela Funda\u00e7\u00e3o Bradesco, Agenda Brasil pela FAAP, Educa\u00e7\u00e3o Pol\u00edtica por Alexandre Garcia e do Tesouro Direto e Mercado de A\u00e7\u00f5es pela B3.\",\"url\":\"https:\/\/www.suno.com.br\/noticias\/author\/poliana-santos\/\"}]}<\/script>\n<!-- \/ Yoast SEO plugin. -->","yoast_head_json":{"title":"OI (OIBR3): Reformula\u00e7\u00e3o do plano judicial deve ser votado nesta ter\u00e7a","description":"A proposta de reformula\u00e7\u00e3o do plano judicial da Oi (OIBR3) deve ser votada nesta ter\u00e7a(8) na assembleia geral de credores (AGC). Clique aqui","robots":{"index":"index","follow":"follow","max-snippet":"max-snippet:-1","max-image-preview":"max-image-preview:large","max-video-preview":"max-video-preview:-1"},"canonical":"https:\/\/www.suno.com.br\/noticias\/proposta-de-reformulacao-do-plano-judicial-da-oi-oibr3-deve-ser-votada-nesta-terca\/","og_locale":"pt_BR","og_type":"article","og_title":"OI (OIBR3): Reformula\u00e7\u00e3o do plano judicial deve ser votado nesta ter\u00e7a","og_description":"A proposta de reformula\u00e7\u00e3o do plano judicial da Oi (OIBR3) deve ser votada nesta ter\u00e7a(8) na assembleia geral de credores (AGC). Clique aqui","og_url":"https:\/\/www.suno.com.br\/noticias\/proposta-de-reformulacao-do-plano-judicial-da-oi-oibr3-deve-ser-votada-nesta-terca\/","og_site_name":"Suno Not\u00edcias","article_publisher":"https:\/\/facebook.com\/sunoresearch","og_image":[{"width":696,"height":464,"url":"https:\/\/files.sunoresearch.com.br\/n\/uploads\/2020\/08\/345598e4-oi.jpg","type":"image\/jpeg"}],"author":"Poliana Santos","twitter_card":"summary_large_image","twitter_creator":"@sunoresearch","twitter_site":"@sunoresearch","twitter_misc":{"Escrito por":"Poliana Santos","Est. tempo de leitura":"3 minutos"},"schema":{"@context":"https:\/\/schema.org","@graph":[{"@type":"NewsArticle","@id":"https:\/\/www.suno.com.br\/noticias\/proposta-de-reformulacao-do-plano-judicial-da-oi-oibr3-deve-ser-votada-nesta-terca\/#article","isPartOf":{"@id":"https:\/\/www.suno.com.br\/noticias\/proposta-de-reformulacao-do-plano-judicial-da-oi-oibr3-deve-ser-votada-nesta-terca\/"},"author":{"name":"Poliana Santos","@id":"https:\/\/www.suno.com.br\/noticias\/#\/schema\/person\/02ec1f752758247878a2bf4abee1aeda"},"headline":"Proposta de reformula\u00e7\u00e3o do plano judicial da Oi (OIBR3) deve ser votada nesta ter\u00e7a","datePublished":"2020-09-08T09:54:16+00:00","mainEntityOfPage":{"@id":"https:\/\/www.suno.com.br\/noticias\/proposta-de-reformulacao-do-plano-judicial-da-oi-oibr3-deve-ser-votada-nesta-terca\/"},"wordCount":572,"publisher":{"@id":"https:\/\/www.suno.com.br\/noticias\/#organization"},"image":{"@id":"https:\/\/www.suno.com.br\/noticias\/proposta-de-reformulacao-do-plano-judicial-da-oi-oibr3-deve-ser-votada-nesta-terca\/#primaryimage"},"thumbnailUrl":"https:\/\/files.sunoresearch.com.br\/n\/uploads\/2020\/08\/345598e4-oi-jpg.webp","keywords":["Oi (OIBR3\/OIBR4)"],"articleSection":["Neg\u00f3cios"],"inLanguage":"pt-BR"},{"@type":"WebPage","@id":"https:\/\/www.suno.com.br\/noticias\/proposta-de-reformulacao-do-plano-judicial-da-oi-oibr3-deve-ser-votada-nesta-terca\/","url":"https:\/\/www.suno.com.br\/noticias\/proposta-de-reformulacao-do-plano-judicial-da-oi-oibr3-deve-ser-votada-nesta-terca\/","name":"OI (OIBR3): Reformula\u00e7\u00e3o do plano judicial deve ser votado nesta ter\u00e7a","isPartOf":{"@id":"https:\/\/www.suno.com.br\/noticias\/#website"},"primaryImageOfPage":{"@id":"https:\/\/www.suno.com.br\/noticias\/proposta-de-reformulacao-do-plano-judicial-da-oi-oibr3-deve-ser-votada-nesta-terca\/#primaryimage"},"image":{"@id":"https:\/\/www.suno.com.br\/noticias\/proposta-de-reformulacao-do-plano-judicial-da-oi-oibr3-deve-ser-votada-nesta-terca\/#primaryimage"},"thumbnailUrl":"https:\/\/files.sunoresearch.com.br\/n\/uploads\/2020\/08\/345598e4-oi-jpg.webp","datePublished":"2020-09-08T09:54:16+00:00","description":"A proposta de reformula\u00e7\u00e3o do plano judicial da Oi (OIBR3) deve ser votada nesta ter\u00e7a(8) na assembleia geral de credores (AGC). Clique aqui","breadcrumb":{"@id":"https:\/\/www.suno.com.br\/noticias\/proposta-de-reformulacao-do-plano-judicial-da-oi-oibr3-deve-ser-votada-nesta-terca\/#breadcrumb"},"inLanguage":"pt-BR","potentialAction":[{"@type":"ReadAction","target":["https:\/\/www.suno.com.br\/noticias\/proposta-de-reformulacao-do-plano-judicial-da-oi-oibr3-deve-ser-votada-nesta-terca\/"]}]},{"@type":"ImageObject","inLanguage":"pt-BR","@id":"https:\/\/www.suno.com.br\/noticias\/proposta-de-reformulacao-do-plano-judicial-da-oi-oibr3-deve-ser-votada-nesta-terca\/#primaryimage","url":"https:\/\/files.sunoresearch.com.br\/n\/uploads\/2020\/08\/345598e4-oi-jpg.webp","contentUrl":"https:\/\/files.sunoresearch.com.br\/n\/uploads\/2020\/08\/345598e4-oi-jpg.webp","width":696,"height":464,"caption":"Oi (OIBR3): Justi\u00e7a nega pedido liminar do Ita\u00fa (ITUB4) contra operadora"},{"@type":"BreadcrumbList","@id":"https:\/\/www.suno.com.br\/noticias\/proposta-de-reformulacao-do-plano-judicial-da-oi-oibr3-deve-ser-votada-nesta-terca\/#breadcrumb","itemListElement":[{"@type":"ListItem","position":1,"name":"Not\u00edcias","item":"https:\/\/www.suno.com.br\/noticias\/"},{"@type":"ListItem","position":2,"name":"Neg\u00f3cios","item":"https:\/\/www.suno.com.br\/noticias\/negocios\/"},{"@type":"ListItem","position":3,"name":"Proposta de reformula\u00e7\u00e3o do plano judicial da Oi (OIBR3) deve ser votada nesta ter\u00e7a"}]},{"@type":"WebSite","@id":"https:\/\/www.suno.com.br\/noticias\/#website","url":"https:\/\/www.suno.com.br\/noticias\/","name":"Suno Not\u00edcias","description":"Seu portal de informa\u00e7\u00e3o sobre o mundo dos investimentos","publisher":{"@id":"https:\/\/www.suno.com.br\/noticias\/#organization"},"potentialAction":[{"@type":"SearchAction","target":{"@type":"EntryPoint","urlTemplate":"https:\/\/www.suno.com.br\/noticias\/?s={search_term_string}"},"query-input":{"@type":"PropertyValueSpecification","valueRequired":true,"valueName":"search_term_string"}}],"inLanguage":"pt-BR"},{"@type":"Organization","@id":"https:\/\/www.suno.com.br\/noticias\/#organization","name":"Suno Not\u00edcias","url":"https:\/\/www.suno.com.br\/noticias\/","logo":{"@type":"ImageObject","inLanguage":"pt-BR","@id":"https:\/\/www.suno.com.br\/noticias\/#\/schema\/logo\/image\/","url":"https:\/\/files.sunoresearch.com.br\/n\/uploads\/2021\/09\/suno-logo.png","contentUrl":"https:\/\/files.sunoresearch.com.br\/n\/uploads\/2021\/09\/suno-logo.png","width":180,"height":180,"caption":"Suno Not\u00edcias"},"image":{"@id":"https:\/\/www.suno.com.br\/noticias\/#\/schema\/logo\/image\/"},"sameAs":["https:\/\/facebook.com\/sunoresearch","https:\/\/x.com\/sunoresearch","https:\/\/www.instagram.com\/suno","https:\/\/www.linkedin.com\/company\/suno-research\/","https:\/\/www.youtube.com\/c\/sunoresearch"]},{"@type":"Person","@id":"https:\/\/www.suno.com.br\/noticias\/#\/schema\/person\/02ec1f752758247878a2bf4abee1aeda","name":"Poliana Santos","image":{"@type":"ImageObject","inLanguage":"pt-BR","@id":"https:\/\/www.suno.com.br\/noticias\/#\/schema\/person\/image\/","url":"https:\/\/secure.gravatar.com\/avatar\/0645bd32f23d87b2130f2b2dff1d3f8d?s=96&r=g","contentUrl":"https:\/\/secure.gravatar.com\/avatar\/0645bd32f23d87b2130f2b2dff1d3f8d?s=96&r=g","caption":"Poliana Santos"},"description":"Rep\u00f3rter no Suno Not\u00edcias, com cobertura em mercado financeiro, economia, finan\u00e7as pessoais, renda fixa e varejo. Jornalista formada pela Faculdade C\u00e1sper L\u00edbero e possui passagem na R\u00e1dio Gazeta AM com a produ\u00e7\u00e3o de conte\u00fado sobre economia, pol\u00edtica, sa\u00fade, moda e m\u00fasica. Possui certificado de conclus\u00e3o do curso de An\u00e1lise de Balan\u00e7os pela Funda\u00e7\u00e3o Bradesco, Agenda Brasil pela FAAP, Educa\u00e7\u00e3o Pol\u00edtica por Alexandre Garcia e do Tesouro Direto e Mercado de A\u00e7\u00f5es pela B3.","url":"https:\/\/www.suno.com.br\/noticias\/author\/poliana-santos\/"}]}},"default_loop_html":"<div class=\"cardsPage__listCard__boxs\"><div class=\"cardsPage__listCard__boxs__img\"><a href=\"https:\/\/www.suno.com.br\/noticias\/proposta-de-reformulacao-do-plano-judicial-da-oi-oibr3-deve-ser-votada-nesta-terca\/\"><img class=\"mask\" src=\"https:\/\/www.suno.com.br\/noticias\/wp-content\/themes\/suno\/resources\/images\/spotlight\/spotlight1img\/bg-mask.png\" alt=\"Image Mask\"\/><img src=\"https:\/\/files.sunoresearch.com.br\/n\/uploads\/2020\/08\/345598e4-oi-400x200.webp\" alt=\"Proposta de reformula\u00e7\u00e3o do plano judicial da Oi (OIBR3) deve ser votada nesta ter\u00e7a\"\/><\/a><span class=\"spotlightCategory\"><a href=\"https:\/\/www.suno.com.br\/noticias\/negocios\/\">Neg\u00f3cios<\/a><\/span><\/div><div class=\"cardsPage__listCard__boxs__content\"><a href=\"https:\/\/www.suno.com.br\/noticias\/proposta-de-reformulacao-do-plano-judicial-da-oi-oibr3-deve-ser-votada-nesta-terca\/\"><h2 class=\"content__title\">Proposta de reformula\u00e7\u00e3o do plano judicial da Oi (OIBR3) deve ser votada nesta ter\u00e7a<\/h2><\/a><div class=\"newsContent__article__meta\"><div class=\"newsContent__article__meta__authorBox\"><a href=\"https:\/\/www.suno.com.br\/noticias\/author\/poliana-santos\/\" class=\"authorBox__avatar noMobi\"><img src=\"https:\/\/files.sunoresearch.com.br\/n\/uploads\/2020\/08\/7ef34026-whatsapp-image-2020-08-03-at-12.37.57-150x150.webp\" alt=\"Poliana Santos\"><\/a><div class=\"authorBox__name\"><span>por\n\t\t\t<a href=\"https:\/\/www.suno.com.br\/noticias\/author\/poliana-santos\/\"><span itemprop=\"author\">Poliana Santos<\/span><\/a><\/span><time datetime=\"2020-09-08T06:54:16-03:00\" itemprop=\"datePublished\">08\/09\/2020 06:54<\/time><\/div><\/div><\/div><\/div><\/div>","single_layout":"posts","amp_enabled":true,"_links":{"self":[{"href":"https:\/\/www.suno.com.br\/noticias\/wp-json\/wp\/v2\/posts\/82991"}],"collection":[{"href":"https:\/\/www.suno.com.br\/noticias\/wp-json\/wp\/v2\/posts"}],"about":[{"href":"https:\/\/www.suno.com.br\/noticias\/wp-json\/wp\/v2\/types\/post"}],"author":[{"embeddable":true,"href":"https:\/\/www.suno.com.br\/noticias\/wp-json\/wp\/v2\/users\/15"}],"replies":[{"embeddable":true,"href":"https:\/\/www.suno.com.br\/noticias\/wp-json\/wp\/v2\/comments?post=82991"}],"version-history":[{"count":0,"href":"https:\/\/www.suno.com.br\/noticias\/wp-json\/wp\/v2\/posts\/82991\/revisions"}],"wp:featuredmedia":[{"embeddable":true,"href":"https:\/\/www.suno.com.br\/noticias\/wp-json\/wp\/v2\/media\/77251"}],"wp:attachment":[{"href":"https:\/\/www.suno.com.br\/noticias\/wp-json\/wp\/v2\/media?parent=82991"}],"wp:term":[{"taxonomy":"category","embeddable":true,"href":"https:\/\/www.suno.com.br\/noticias\/wp-json\/wp\/v2\/categories?post=82991"},{"taxonomy":"post_tag","embeddable":true,"href":"https:\/\/www.suno.com.br\/noticias\/wp-json\/wp\/v2\/tags?post=82991"},{"taxonomy":"suno_strategy","embeddable":true,"href":"https:\/\/www.suno.com.br\/noticias\/wp-json\/wp\/v2\/suno_strategy?post=82991"}],"curies":[{"name":"wp","href":"https:\/\/api.w.org\/{rel}","templated":true}]}}