{"id":8295,"date":"2018-12-10T18:24:55","date_gmt":"2018-12-10T20:24:55","guid":{"rendered":"https:\/\/www.suno.com.br\/noticias\/?p=8295"},"modified":"2021-02-17T20:08:39","modified_gmt":"2021-02-17T23:08:39","slug":"odebrecht-fecha-acordo-mp-peru","status":"publish","type":"post","link":"https:\/\/www.suno.com.br\/noticias\/odebrecht-fecha-acordo-mp-peru\/","title":{"rendered":"Odebrecht fecha acordo de leni\u00eancia com MP do Peru"},"content":{"rendered":"<p>A Odebrecht e o Minist\u00e9rio P\u00fablico do Peru selaram um acordo de leni\u00eancia no \u00faltimo domingo (09).<\/p>\t<div class=\"wrapper-featured-image\">\n\t\t<figure class=\"spotlightImg\">\n\n\t\t\t<picture>\n\t\t\t\t<source media=\"(max-width: 768px)\" srcset=\"https:\/\/files.sunoresearch.com.br\/n\/uploads\/2018\/12\/b7ab518a-odebrecht-4-400x200.webp\">\n\t\t\t\t<img loading=\"lazy\" decoding=\"async\" class=\"newsContent__article__imgCapa lazyloadDisabled newsContent__article__imgCapa--noCaption\" src=\"https:\/\/files.sunoresearch.com.br\/n\/uploads\/2018\/12\/b7ab518a-odebrecht-4-jpg.webp\" width=\"800\" height=\"450\" alt=\"Odebrecht fecha acordo de leni\u00eancia com MP do Peru\" fetchpriority=high \/>\n\t\t\t<\/picture>\n\n\t\t\t<figcaption class=\"wp-caption-text wp-caption-text--hide\">Credores da Odebrecht aporvam planos de recupera\u00e7\u00e3o de subsidi\u00e1rias<\/figcaption>\n\t\t<\/figure>\n\t<\/div>\n\n\n<p>O <a href=\"https:\/\/www.suno.com.br\/artigos\/acordo-de-leniencia\/\">acordo de leni\u00eancia<\/a> entre a <strong>Odebrecht<\/strong> e os ju\u00edzes peruanos prev\u00ea a coopera\u00e7\u00e3o em casos de supostos subornos ocorridos no passado. Casos que podem levar \u00e0 justi\u00e7a at\u00e9 quatro ex-presidentes peruanos.<\/p>\n<p><a href=\"https:\/\/www.suno.com.br\/noticias\/odebrecht-impedida-colombia\/\">Saiba mais: Odebrecht pode ser impedida de fazer neg\u00f3cios na Col\u00f4mbia por 20 anos\u00a0<\/a><\/p>\n<p>&#8220;O acordo, celebrado com o Minist\u00e9rio P\u00fablico e a Procuradoria P\u00fablica, \u00e9 o marco mais importante de um amplo e profundo processo de colabora\u00e7\u00e3o com as autoridades do <strong>Peru<\/strong>&#8220;, informou a <strong>Odebrecht<\/strong> em um comunicado, &#8220;A empresa reconheceu responsabilidades, pediu desculpas \u00e0 sociedade e se disp\u00f4s a reparar o Estado pelos danos civis sofridos&#8221;.<\/p>\n<p>No acordo, o Minist\u00e9rio P\u00fablico do Peru comprometeu-se a &#8220;n\u00e3o usar as informa\u00e7\u00f5es confessadas para iniciar a\u00e7\u00f5es contra a Odebrecht ou seus funcion\u00e1rios&#8221;.<\/p>\n<p>Odebrecht pagar\u00e1 US$ 182 milh\u00f5es como repara\u00e7\u00e3o civil ao Peru.\u00a0<span style=\"font-size: 19.4286px;\">A indeniza\u00e7\u00e3o foi baseada em quatro licita\u00e7\u00f5es que a Odeb<\/span>recht venceu no pa\u00eds andino, pagando propinas a autoridades locais.<\/p>\n<p>Os projetos envolvidos nos esc\u00e2ndalos s\u00e3o:<\/p>\n<ul>\n<li>uma linha de metr\u00f4 em Lima;<\/li>\n<li>trechos 2 e 3 da Rodovia Interoce\u00e2nica Sul, que liga o Peru ao Brasil;<\/li>\n<li>rodovia urbana entre Lima e Callao;<\/li>\n<li>uma rodovia em Cusco.<\/li>\n<\/ul>\n<p>A empreiteira pagar\u00e1 o valor em 15 parcelas anuais, nos mesmos moldes do acordo alcan\u00e7ado com autoridades dos Estados Unidos e do Brasil.<\/p>\n<p>Os ex mandat\u00e1rios peruanos envolvidos nesse caso s\u00e3o:<\/p>\n<ul>\n<li>Alejandro Toledo (2001-2006);<\/li>\n<li>Alan Garc\u00eda (2006-2011);<\/li>\n<li>Ollanta Humala (2011-2016);<\/li>\n<li>Pedro Pablo Kuczynski (2016-2018).<\/li>\n<\/ul>\n<p>Todos eles est\u00e3o sob investiga\u00e7\u00e3o do Minist\u00e9rio P\u00fablico por ter recebido propinas da Odebrecht. Entretanto, o \u00fanico formalmente acusado \u00e9 Toledo, suspeito de ter recebido US$ 20 milh\u00f5es da empreiteira.<\/p>\n<p>A Justi\u00e7a do Peru pediu aos Estados Unidos a extradi\u00e7\u00e3o de Toledo, que reside na Calif\u00f3rnia. Por outro lado, os casos de Garc\u00eda, Humala e Kuczynski est\u00e3o em fase de investiga\u00e7\u00e3o.<\/p>\n<p>O acordo assinado com a empreiteira permitir\u00e1 determinar se eles est\u00e3o envolvidos em opera\u00e7\u00f5es il\u00edcitas.<\/p>\n<p>Em 2016, a Odebrecht admitiu em um processo nos Estados Unidos, que pagou subornos no Peru por US$ 29 milh\u00f5es entre 2005 e 2014.<\/p>\n<p>Al\u00e9m do <strong>Peru<\/strong>, a empresa tamb\u00e9m firmou acordo de leni\u00eancia com autoridades de 6 pa\u00edses: Estados Unidos, Su\u00ed\u00e7a, Rep\u00fablica Dominicana, Panam\u00e1, Equador e Guatemala, e est\u00e1 em negocia\u00e7\u00f5es nos demais mercados em que atua.<\/p>\n<p>A <strong>Odebrecht<\/strong> Engenharia e Constru\u00e7\u00e3o tem 19 mil funcion\u00e1rios, de 27 diferentes nacionalidades, e trabalha em 18 obras no Brasil e no mundo.<\/p>\n","protected":false},"excerpt":{"rendered":"<p>A Odebrecht e o Minist\u00e9rio P\u00fablico do Peru selaram um acordo de leni\u00eancia no \u00faltimo domingo (09). Credores da Odebrecht aporvam planos de recupera\u00e7\u00e3o de subsidi\u00e1rias O acordo de leni\u00eancia entre a Odebrecht e os ju\u00edzes peruanos prev\u00ea a coopera\u00e7\u00e3o em casos de supostos subornos ocorridos no passado. Casos que podem levar \u00e0 justi\u00e7a at\u00e9 [&hellip;]<\/p>\n","protected":false},"author":9,"featured_media":8335,"comment_status":"closed","ping_status":"closed","sticky":false,"template":"","format":"standard","meta":[],"categories":[63],"tags":[783,1914],"suno_strategy":[],"class_list":["post-8295","post","type-post","status-publish","format-standard","has-post-thumbnail","hentry","category-internacional","tag-odebrecht","tag-operacao-lava-jato"],"yoast_head":"<!-- This site is optimized with the Yoast SEO plugin v24.4 - https:\/\/yoast.com\/wordpress\/plugins\/seo\/ -->\n<title>Odebrecht fecha acordo de leni\u00eancia com MP do Peru<\/title>\n<meta name=\"description\" content=\"O acordo entre a Odebrecht e os ju\u00edzes peruanos prev\u00ea a coopera\u00e7\u00e3o em casos de supostos subornos.\u00a0Clique aqui para saber mais.\" \/>\n<meta name=\"robots\" content=\"index, follow, max-snippet:-1, max-image-preview:large, max-video-preview:-1\" \/>\n<link rel=\"canonical\" href=\"https:\/\/www.suno.com.br\/noticias\/odebrecht-fecha-acordo-mp-peru\/\" \/>\n<meta property=\"og:locale\" content=\"pt_BR\" \/>\n<meta property=\"og:type\" content=\"article\" \/>\n<meta property=\"og:title\" content=\"Odebrecht fecha acordo de leni\u00eancia com MP do Peru\" \/>\n<meta property=\"og:description\" content=\"O acordo entre a Odebrecht e os ju\u00edzes peruanos prev\u00ea a coopera\u00e7\u00e3o em casos de supostos subornos.\u00a0Clique aqui para saber mais.\" \/>\n<meta property=\"og:url\" content=\"https:\/\/www.suno.com.br\/noticias\/odebrecht-fecha-acordo-mp-peru\/\" \/>\n<meta property=\"og:site_name\" content=\"Suno Not\u00edcias\" \/>\n<meta property=\"article:publisher\" content=\"https:\/\/facebook.com\/sunoresearch\" \/>\n<meta property=\"og:image\" content=\"https:\/\/files.sunoresearch.com.br\/n\/uploads\/2018\/12\/b7ab518a-odebrecht-4.jpg\" \/>\n\t<meta property=\"og:image:width\" content=\"666\" \/>\n\t<meta property=\"og:image:height\" content=\"375\" \/>\n\t<meta property=\"og:image:type\" content=\"image\/jpeg\" \/>\n<meta name=\"author\" content=\"Carlo Cauti\" \/>\n<meta name=\"twitter:card\" content=\"summary_large_image\" \/>\n<meta name=\"twitter:creator\" content=\"@sunoresearch\" \/>\n<meta name=\"twitter:site\" content=\"@sunoresearch\" \/>\n<meta name=\"twitter:label1\" content=\"Escrito por\" \/>\n\t<meta name=\"twitter:data1\" content=\"Carlo Cauti\" \/>\n\t<meta name=\"twitter:label2\" content=\"Est. tempo de leitura\" \/>\n\t<meta name=\"twitter:data2\" content=\"2 minutos\" \/>\n<script type=\"application\/ld+json\" class=\"yoast-schema-graph\">{\"@context\":\"https:\/\/schema.org\",\"@graph\":[{\"@type\":\"NewsArticle\",\"@id\":\"https:\/\/www.suno.com.br\/noticias\/odebrecht-fecha-acordo-mp-peru\/#article\",\"isPartOf\":{\"@id\":\"https:\/\/www.suno.com.br\/noticias\/odebrecht-fecha-acordo-mp-peru\/\"},\"author\":{\"name\":\"Carlo Cauti\",\"@id\":\"https:\/\/www.suno.com.br\/noticias\/#\/schema\/person\/e6e0f723cc177805027f4566c1d5e0c8\"},\"headline\":\"Odebrecht fecha acordo de leni\u00eancia com MP do Peru\",\"datePublished\":\"2018-12-10T20:24:55+00:00\",\"dateModified\":\"2021-02-17T23:08:39+00:00\",\"mainEntityOfPage\":{\"@id\":\"https:\/\/www.suno.com.br\/noticias\/odebrecht-fecha-acordo-mp-peru\/\"},\"wordCount\":453,\"publisher\":{\"@id\":\"https:\/\/www.suno.com.br\/noticias\/#organization\"},\"image\":{\"@id\":\"https:\/\/www.suno.com.br\/noticias\/odebrecht-fecha-acordo-mp-peru\/#primaryimage\"},\"thumbnailUrl\":\"https:\/\/files.sunoresearch.com.br\/n\/uploads\/2018\/12\/b7ab518a-odebrecht-4-jpg.webp\",\"keywords\":[\"Odebrecht\",\"Opera\u00e7\u00e3o Lava Jato\"],\"articleSection\":[\"Internacional\"],\"inLanguage\":\"pt-BR\"},{\"@type\":\"WebPage\",\"@id\":\"https:\/\/www.suno.com.br\/noticias\/odebrecht-fecha-acordo-mp-peru\/\",\"url\":\"https:\/\/www.suno.com.br\/noticias\/odebrecht-fecha-acordo-mp-peru\/\",\"name\":\"Odebrecht fecha acordo de leni\u00eancia com MP do Peru\",\"isPartOf\":{\"@id\":\"https:\/\/www.suno.com.br\/noticias\/#website\"},\"primaryImageOfPage\":{\"@id\":\"https:\/\/www.suno.com.br\/noticias\/odebrecht-fecha-acordo-mp-peru\/#primaryimage\"},\"image\":{\"@id\":\"https:\/\/www.suno.com.br\/noticias\/odebrecht-fecha-acordo-mp-peru\/#primaryimage\"},\"thumbnailUrl\":\"https:\/\/files.sunoresearch.com.br\/n\/uploads\/2018\/12\/b7ab518a-odebrecht-4-jpg.webp\",\"datePublished\":\"2018-12-10T20:24:55+00:00\",\"dateModified\":\"2021-02-17T23:08:39+00:00\",\"description\":\"O acordo entre a Odebrecht e os ju\u00edzes peruanos prev\u00ea a coopera\u00e7\u00e3o em casos de supostos subornos.\u00a0Clique aqui para saber mais.\",\"breadcrumb\":{\"@id\":\"https:\/\/www.suno.com.br\/noticias\/odebrecht-fecha-acordo-mp-peru\/#breadcrumb\"},\"inLanguage\":\"pt-BR\",\"potentialAction\":[{\"@type\":\"ReadAction\",\"target\":[\"https:\/\/www.suno.com.br\/noticias\/odebrecht-fecha-acordo-mp-peru\/\"]}]},{\"@type\":\"ImageObject\",\"inLanguage\":\"pt-BR\",\"@id\":\"https:\/\/www.suno.com.br\/noticias\/odebrecht-fecha-acordo-mp-peru\/#primaryimage\",\"url\":\"https:\/\/files.sunoresearch.com.br\/n\/uploads\/2018\/12\/b7ab518a-odebrecht-4-jpg.webp\",\"contentUrl\":\"https:\/\/files.sunoresearch.com.br\/n\/uploads\/2018\/12\/b7ab518a-odebrecht-4-jpg.webp\",\"width\":666,\"height\":375,\"caption\":\"Credores da Odebrecht aporvam planos de recupera\u00e7\u00e3o de subsidi\u00e1rias\"},{\"@type\":\"BreadcrumbList\",\"@id\":\"https:\/\/www.suno.com.br\/noticias\/odebrecht-fecha-acordo-mp-peru\/#breadcrumb\",\"itemListElement\":[{\"@type\":\"ListItem\",\"position\":1,\"name\":\"Not\u00edcias\",\"item\":\"https:\/\/www.suno.com.br\/noticias\/\"},{\"@type\":\"ListItem\",\"position\":2,\"name\":\"Internacional\",\"item\":\"https:\/\/www.suno.com.br\/noticias\/internacional\/\"},{\"@type\":\"ListItem\",\"position\":3,\"name\":\"Odebrecht fecha acordo de leni\u00eancia com MP do Peru\"}]},{\"@type\":\"WebSite\",\"@id\":\"https:\/\/www.suno.com.br\/noticias\/#website\",\"url\":\"https:\/\/www.suno.com.br\/noticias\/\",\"name\":\"Suno Not\u00edcias\",\"description\":\"Seu portal de informa\u00e7\u00e3o sobre o mundo dos investimentos\",\"publisher\":{\"@id\":\"https:\/\/www.suno.com.br\/noticias\/#organization\"},\"potentialAction\":[{\"@type\":\"SearchAction\",\"target\":{\"@type\":\"EntryPoint\",\"urlTemplate\":\"https:\/\/www.suno.com.br\/noticias\/?s={search_term_string}\"},\"query-input\":{\"@type\":\"PropertyValueSpecification\",\"valueRequired\":true,\"valueName\":\"search_term_string\"}}],\"inLanguage\":\"pt-BR\"},{\"@type\":\"Organization\",\"@id\":\"https:\/\/www.suno.com.br\/noticias\/#organization\",\"name\":\"Suno Not\u00edcias\",\"url\":\"https:\/\/www.suno.com.br\/noticias\/\",\"logo\":{\"@type\":\"ImageObject\",\"inLanguage\":\"pt-BR\",\"@id\":\"https:\/\/www.suno.com.br\/noticias\/#\/schema\/logo\/image\/\",\"url\":\"https:\/\/files.sunoresearch.com.br\/n\/uploads\/2021\/09\/suno-logo.png\",\"contentUrl\":\"https:\/\/files.sunoresearch.com.br\/n\/uploads\/2021\/09\/suno-logo.png\",\"width\":180,\"height\":180,\"caption\":\"Suno Not\u00edcias\"},\"image\":{\"@id\":\"https:\/\/www.suno.com.br\/noticias\/#\/schema\/logo\/image\/\"},\"sameAs\":[\"https:\/\/facebook.com\/sunoresearch\",\"https:\/\/x.com\/sunoresearch\",\"https:\/\/www.instagram.com\/suno\",\"https:\/\/www.linkedin.com\/company\/suno-research\/\",\"https:\/\/www.youtube.com\/c\/sunoresearch\"]},{\"@type\":\"Person\",\"@id\":\"https:\/\/www.suno.com.br\/noticias\/#\/schema\/person\/e6e0f723cc177805027f4566c1d5e0c8\",\"name\":\"Carlo Cauti\",\"image\":{\"@type\":\"ImageObject\",\"inLanguage\":\"pt-BR\",\"@id\":\"https:\/\/www.suno.com.br\/noticias\/#\/schema\/person\/image\/\",\"url\":\"https:\/\/secure.gravatar.com\/avatar\/3ada9e0bd164c23abd4792a9606d583c?s=96&r=g\",\"contentUrl\":\"https:\/\/secure.gravatar.com\/avatar\/3ada9e0bd164c23abd4792a9606d583c?s=96&r=g\",\"caption\":\"Carlo Cauti\"},\"description\":\"Editor multim\u00eddia do SUNO Not\u00edcias. Italiano, formado em Ci\u00eancias Pol\u00edticas pela universidade LUISS G. Carli de Roma e mestre cum laude em Rela\u00e7\u00f5es Internacionais, Jornalismo Internacional e de Guerra e em Economia Internacional. Concluiu tamb\u00e9m um MBA em Finan\u00e7as na B3. No Brasil, teve passagem por ve\u00edculos como Estad\u00e3o, Globo, Veja e EXAME. e nas ag\u00eancias de not\u00edcias italianas ANSA e NOVA.\",\"url\":\"https:\/\/www.suno.com.br\/noticias\/author\/carlo-cauti\/\"}]}<\/script>\n<!-- \/ Yoast SEO plugin. -->","yoast_head_json":{"title":"Odebrecht fecha acordo de leni\u00eancia com MP do Peru","description":"O acordo entre a Odebrecht e os ju\u00edzes peruanos prev\u00ea a coopera\u00e7\u00e3o em casos de supostos subornos.\u00a0Clique aqui para saber mais.","robots":{"index":"index","follow":"follow","max-snippet":"max-snippet:-1","max-image-preview":"max-image-preview:large","max-video-preview":"max-video-preview:-1"},"canonical":"https:\/\/www.suno.com.br\/noticias\/odebrecht-fecha-acordo-mp-peru\/","og_locale":"pt_BR","og_type":"article","og_title":"Odebrecht fecha acordo de leni\u00eancia com MP do Peru","og_description":"O acordo entre a Odebrecht e os ju\u00edzes peruanos prev\u00ea a coopera\u00e7\u00e3o em casos de supostos subornos.\u00a0Clique aqui para saber mais.","og_url":"https:\/\/www.suno.com.br\/noticias\/odebrecht-fecha-acordo-mp-peru\/","og_site_name":"Suno Not\u00edcias","article_publisher":"https:\/\/facebook.com\/sunoresearch","og_image":[{"width":666,"height":375,"url":"https:\/\/files.sunoresearch.com.br\/n\/uploads\/2018\/12\/b7ab518a-odebrecht-4.jpg","type":"image\/jpeg"}],"author":"Carlo Cauti","twitter_card":"summary_large_image","twitter_creator":"@sunoresearch","twitter_site":"@sunoresearch","twitter_misc":{"Escrito por":"Carlo Cauti","Est. tempo de leitura":"2 minutos"},"schema":{"@context":"https:\/\/schema.org","@graph":[{"@type":"NewsArticle","@id":"https:\/\/www.suno.com.br\/noticias\/odebrecht-fecha-acordo-mp-peru\/#article","isPartOf":{"@id":"https:\/\/www.suno.com.br\/noticias\/odebrecht-fecha-acordo-mp-peru\/"},"author":{"name":"Carlo Cauti","@id":"https:\/\/www.suno.com.br\/noticias\/#\/schema\/person\/e6e0f723cc177805027f4566c1d5e0c8"},"headline":"Odebrecht fecha acordo de leni\u00eancia com MP do Peru","datePublished":"2018-12-10T20:24:55+00:00","dateModified":"2021-02-17T23:08:39+00:00","mainEntityOfPage":{"@id":"https:\/\/www.suno.com.br\/noticias\/odebrecht-fecha-acordo-mp-peru\/"},"wordCount":453,"publisher":{"@id":"https:\/\/www.suno.com.br\/noticias\/#organization"},"image":{"@id":"https:\/\/www.suno.com.br\/noticias\/odebrecht-fecha-acordo-mp-peru\/#primaryimage"},"thumbnailUrl":"https:\/\/files.sunoresearch.com.br\/n\/uploads\/2018\/12\/b7ab518a-odebrecht-4-jpg.webp","keywords":["Odebrecht","Opera\u00e7\u00e3o Lava Jato"],"articleSection":["Internacional"],"inLanguage":"pt-BR"},{"@type":"WebPage","@id":"https:\/\/www.suno.com.br\/noticias\/odebrecht-fecha-acordo-mp-peru\/","url":"https:\/\/www.suno.com.br\/noticias\/odebrecht-fecha-acordo-mp-peru\/","name":"Odebrecht fecha acordo de leni\u00eancia com MP do Peru","isPartOf":{"@id":"https:\/\/www.suno.com.br\/noticias\/#website"},"primaryImageOfPage":{"@id":"https:\/\/www.suno.com.br\/noticias\/odebrecht-fecha-acordo-mp-peru\/#primaryimage"},"image":{"@id":"https:\/\/www.suno.com.br\/noticias\/odebrecht-fecha-acordo-mp-peru\/#primaryimage"},"thumbnailUrl":"https:\/\/files.sunoresearch.com.br\/n\/uploads\/2018\/12\/b7ab518a-odebrecht-4-jpg.webp","datePublished":"2018-12-10T20:24:55+00:00","dateModified":"2021-02-17T23:08:39+00:00","description":"O acordo entre a Odebrecht e os ju\u00edzes peruanos prev\u00ea a coopera\u00e7\u00e3o em casos de supostos subornos.\u00a0Clique aqui para saber mais.","breadcrumb":{"@id":"https:\/\/www.suno.com.br\/noticias\/odebrecht-fecha-acordo-mp-peru\/#breadcrumb"},"inLanguage":"pt-BR","potentialAction":[{"@type":"ReadAction","target":["https:\/\/www.suno.com.br\/noticias\/odebrecht-fecha-acordo-mp-peru\/"]}]},{"@type":"ImageObject","inLanguage":"pt-BR","@id":"https:\/\/www.suno.com.br\/noticias\/odebrecht-fecha-acordo-mp-peru\/#primaryimage","url":"https:\/\/files.sunoresearch.com.br\/n\/uploads\/2018\/12\/b7ab518a-odebrecht-4-jpg.webp","contentUrl":"https:\/\/files.sunoresearch.com.br\/n\/uploads\/2018\/12\/b7ab518a-odebrecht-4-jpg.webp","width":666,"height":375,"caption":"Credores da Odebrecht aporvam planos de recupera\u00e7\u00e3o de subsidi\u00e1rias"},{"@type":"BreadcrumbList","@id":"https:\/\/www.suno.com.br\/noticias\/odebrecht-fecha-acordo-mp-peru\/#breadcrumb","itemListElement":[{"@type":"ListItem","position":1,"name":"Not\u00edcias","item":"https:\/\/www.suno.com.br\/noticias\/"},{"@type":"ListItem","position":2,"name":"Internacional","item":"https:\/\/www.suno.com.br\/noticias\/internacional\/"},{"@type":"ListItem","position":3,"name":"Odebrecht fecha acordo de leni\u00eancia com MP do Peru"}]},{"@type":"WebSite","@id":"https:\/\/www.suno.com.br\/noticias\/#website","url":"https:\/\/www.suno.com.br\/noticias\/","name":"Suno Not\u00edcias","description":"Seu portal de informa\u00e7\u00e3o sobre o mundo dos investimentos","publisher":{"@id":"https:\/\/www.suno.com.br\/noticias\/#organization"},"potentialAction":[{"@type":"SearchAction","target":{"@type":"EntryPoint","urlTemplate":"https:\/\/www.suno.com.br\/noticias\/?s={search_term_string}"},"query-input":{"@type":"PropertyValueSpecification","valueRequired":true,"valueName":"search_term_string"}}],"inLanguage":"pt-BR"},{"@type":"Organization","@id":"https:\/\/www.suno.com.br\/noticias\/#organization","name":"Suno Not\u00edcias","url":"https:\/\/www.suno.com.br\/noticias\/","logo":{"@type":"ImageObject","inLanguage":"pt-BR","@id":"https:\/\/www.suno.com.br\/noticias\/#\/schema\/logo\/image\/","url":"https:\/\/files.sunoresearch.com.br\/n\/uploads\/2021\/09\/suno-logo.png","contentUrl":"https:\/\/files.sunoresearch.com.br\/n\/uploads\/2021\/09\/suno-logo.png","width":180,"height":180,"caption":"Suno Not\u00edcias"},"image":{"@id":"https:\/\/www.suno.com.br\/noticias\/#\/schema\/logo\/image\/"},"sameAs":["https:\/\/facebook.com\/sunoresearch","https:\/\/x.com\/sunoresearch","https:\/\/www.instagram.com\/suno","https:\/\/www.linkedin.com\/company\/suno-research\/","https:\/\/www.youtube.com\/c\/sunoresearch"]},{"@type":"Person","@id":"https:\/\/www.suno.com.br\/noticias\/#\/schema\/person\/e6e0f723cc177805027f4566c1d5e0c8","name":"Carlo Cauti","image":{"@type":"ImageObject","inLanguage":"pt-BR","@id":"https:\/\/www.suno.com.br\/noticias\/#\/schema\/person\/image\/","url":"https:\/\/secure.gravatar.com\/avatar\/3ada9e0bd164c23abd4792a9606d583c?s=96&r=g","contentUrl":"https:\/\/secure.gravatar.com\/avatar\/3ada9e0bd164c23abd4792a9606d583c?s=96&r=g","caption":"Carlo Cauti"},"description":"Editor multim\u00eddia do SUNO Not\u00edcias. Italiano, formado em Ci\u00eancias Pol\u00edticas pela universidade LUISS G. Carli de Roma e mestre cum laude em Rela\u00e7\u00f5es Internacionais, Jornalismo Internacional e de Guerra e em Economia Internacional. Concluiu tamb\u00e9m um MBA em Finan\u00e7as na B3. No Brasil, teve passagem por ve\u00edculos como Estad\u00e3o, Globo, Veja e EXAME. e nas ag\u00eancias de not\u00edcias italianas ANSA e NOVA.","url":"https:\/\/www.suno.com.br\/noticias\/author\/carlo-cauti\/"}]}},"default_loop_html":"<div class=\"cardsPage__listCard__boxs\"><div class=\"cardsPage__listCard__boxs__img\"><a href=\"https:\/\/www.suno.com.br\/noticias\/odebrecht-fecha-acordo-mp-peru\/\"><img class=\"mask\" src=\"https:\/\/www.suno.com.br\/noticias\/wp-content\/themes\/suno\/resources\/images\/spotlight\/spotlight1img\/bg-mask.png\" alt=\"Image Mask\"\/><img src=\"https:\/\/files.sunoresearch.com.br\/n\/uploads\/2018\/12\/b7ab518a-odebrecht-4-400x200.webp\" alt=\"Odebrecht fecha acordo de leni\u00eancia com MP do Peru\"\/><\/a><span class=\"spotlightCategory\"><a href=\"https:\/\/www.suno.com.br\/noticias\/internacional\/\">Internacional<\/a><\/span><\/div><div class=\"cardsPage__listCard__boxs__content\"><a href=\"https:\/\/www.suno.com.br\/noticias\/odebrecht-fecha-acordo-mp-peru\/\"><h2 class=\"content__title\">Odebrecht fecha acordo de leni\u00eancia com MP do Peru<\/h2><\/a><div class=\"newsContent__article__meta\"><div class=\"newsContent__article__meta__authorBox\"><a href=\"https:\/\/www.suno.com.br\/noticias\/author\/carlo-cauti\/\" class=\"authorBox__avatar noMobi\"><img src=\"https:\/\/files.sunoresearch.com.br\/n\/uploads\/2020\/08\/e3745f9a-perfil-carlo-cauti-150x150.webp\" alt=\"Carlo Cauti\"><\/a><div class=\"authorBox__name\"><span>por\n\t\t\t<a href=\"https:\/\/www.suno.com.br\/noticias\/author\/carlo-cauti\/\"><span itemprop=\"author\">Carlo Cauti<\/span><\/a><\/span><time datetime=\"2018-12-10T18:24:55-02:00\" itemprop=\"datePublished\">10\/12\/2018 18:24<\/time><\/div><\/div><\/div><\/div><\/div>","single_layout":"posts","amp_enabled":true,"_links":{"self":[{"href":"https:\/\/www.suno.com.br\/noticias\/wp-json\/wp\/v2\/posts\/8295"}],"collection":[{"href":"https:\/\/www.suno.com.br\/noticias\/wp-json\/wp\/v2\/posts"}],"about":[{"href":"https:\/\/www.suno.com.br\/noticias\/wp-json\/wp\/v2\/types\/post"}],"author":[{"embeddable":true,"href":"https:\/\/www.suno.com.br\/noticias\/wp-json\/wp\/v2\/users\/9"}],"replies":[{"embeddable":true,"href":"https:\/\/www.suno.com.br\/noticias\/wp-json\/wp\/v2\/comments?post=8295"}],"version-history":[{"count":0,"href":"https:\/\/www.suno.com.br\/noticias\/wp-json\/wp\/v2\/posts\/8295\/revisions"}],"wp:featuredmedia":[{"embeddable":true,"href":"https:\/\/www.suno.com.br\/noticias\/wp-json\/wp\/v2\/media\/8335"}],"wp:attachment":[{"href":"https:\/\/www.suno.com.br\/noticias\/wp-json\/wp\/v2\/media?parent=8295"}],"wp:term":[{"taxonomy":"category","embeddable":true,"href":"https:\/\/www.suno.com.br\/noticias\/wp-json\/wp\/v2\/categories?post=8295"},{"taxonomy":"post_tag","embeddable":true,"href":"https:\/\/www.suno.com.br\/noticias\/wp-json\/wp\/v2\/tags?post=8295"},{"taxonomy":"suno_strategy","embeddable":true,"href":"https:\/\/www.suno.com.br\/noticias\/wp-json\/wp\/v2\/suno_strategy?post=8295"}],"curies":[{"name":"wp","href":"https:\/\/api.w.org\/{rel}","templated":true}]}}