{"id":8289,"date":"2018-12-10T16:10:55","date_gmt":"2018-12-10T18:10:55","guid":{"rendered":"https:\/\/www.suno.com.br\/noticias\/?p=8289"},"modified":"2018-12-10T16:10:55","modified_gmt":"2018-12-10T18:10:55","slug":"tcu-revisa-contrato-cessao-onerosa","status":"publish","type":"post","link":"https:\/\/www.suno.com.br\/noticias\/tcu-revisa-contrato-cessao-onerosa\/","title":{"rendered":"TCU revisa contrato de cess\u00e3o onerosa do pr\u00e9-sal nesta quarta-feira"},"content":{"rendered":"<p>Tribunal de Contas da Uni\u00e3o (TCU) revisa contrato da cess\u00e3o onerosa entre governo e Petrobras.<\/p>\t<div class=\"wrapper-featured-image\">\n\t\t<figure class=\"spotlightImg\">\n\n\t\t\t<picture>\n\t\t\t\t<source media=\"(max-width: 768px)\" srcset=\"https:\/\/files.sunoresearch.com.br\/n\/uploads\/2018\/12\/abdc602b-cess\u00e3o-onerosa-400x200.webp\">\n\t\t\t\t<img loading=\"lazy\" decoding=\"async\" class=\"newsContent__article__imgCapa lazyloadDisabled newsContent__article__imgCapa--noCaption\" src=\"https:\/\/files.sunoresearch.com.br\/n\/uploads\/2018\/12\/abdc602b-cess\u00e3o-onerosa-800x450.webp\" width=\"800\" height=\"450\" alt=\"TCU revisa contrato de cess\u00e3o onerosa do pr\u00e9-sal nesta quarta-feira\" fetchpriority=high \/>\n\t\t\t<\/picture>\n\n\t\t\t<figcaption class=\"wp-caption-text wp-caption-text--hide\">Petrobras pretende adotar simulador digital em refinarias at\u00e9 2020<\/figcaption>\n\t\t<\/figure>\n\t<\/div>\n\n\n<p>A pauta da <strong>cess\u00e3o onerosa<\/strong> ser\u00e1 discutida em uma sess\u00e3o extraordin\u00e1ria na pr\u00f3xima quarta-feira (13). O que pode abrir caminho para um megaleil\u00e3o no ano que vem.<\/p>\n<p>A aprova\u00e7\u00e3o do TCU abriria caminho para a realiza\u00e7\u00e3o do leil\u00e3o, sem a necessidade de aprova\u00e7\u00e3o do Congresso.<\/p>\n<p>O projeto sobre o tema que tramita no Congresso, enfrenta dificuldade para avan\u00e7ar. Isso por conta da forma como seria feita a reparti\u00e7\u00e3o dos recursos arrecadados no leil\u00e3o entre os Estados e munic\u00edpios.<\/p>\n<p>Uma pr\u00e9via da divis\u00e3o do montante foi acordada entre o presidente do Senado, <strong>Eun\u00edcio Oliveira<\/strong> (MDB-CE) e a equipe econ\u00f4mica do futuro governo de <strong>Jair Bolsonaro<\/strong> (PSL), liderado por <strong>Paulo Guedes<\/strong>.<\/p>\n<p>Na \u00faltima semana, Eun\u00edcio Oliveira declarou que n\u00e3o ir\u00e1 colocar o projeto da cess\u00e3o onerosa em vota\u00e7\u00e3o, enquanto n\u00e3o houver um acordo com o governo federal em rela\u00e7\u00e3o a divis\u00e3o dos arrecadamentos entre munic\u00edpios e Estados.<\/p>\n<p>De acordo com o contrato original de 2010, a Petrobras pagou R$ 74,8 bilh\u00f5es para explorar at\u00e9 5 bilh\u00f5es de barris de \u00f3leo na \u00e1rea do pr\u00e9-sal. Entretanto, a regi\u00e3o tem muito mais do que este volume.<\/p>\n<p><a href=\"https:\/\/www.suno.com.br\/noticias\/petrobras-recompra-titulos\/\">Saiba mais: Petrobras anuncia oferta de recompra de t\u00edtulos de at\u00e9 US$ 1,5 bilh\u00e3o<\/a><\/p>\n<p>Conforme apontou o presidente da C\u00e2mara, o leil\u00e3o do excedente para outras petroleiras pode arrecadar at\u00e9 R$ 130 bilh\u00f5es.<\/p>\n<p>Desses recursos, uma parte est\u00e1 direcionada ao pagamento da renegocia\u00e7\u00e3o de contrato da <strong>cess\u00e3o onerosa<\/strong> com a <strong>Petrobras<\/strong>. N\u00e3o haveria leil\u00e3o se n\u00e3o fosse renegociado esse contrato.<\/p>\n","protected":false},"excerpt":{"rendered":"<p>Tribunal de Contas da Uni\u00e3o (TCU) revisa contrato da cess\u00e3o onerosa entre governo e Petrobras. Petrobras pretende adotar simulador digital em refinarias at\u00e9 2020 A pauta da cess\u00e3o onerosa ser\u00e1 discutida em uma sess\u00e3o extraordin\u00e1ria na pr\u00f3xima quarta-feira (13). O que pode abrir caminho para um megaleil\u00e3o no ano que vem. A aprova\u00e7\u00e3o do TCU [&hellip;]<\/p>\n","protected":false},"author":11,"featured_media":8304,"comment_status":"closed","ping_status":"closed","sticky":false,"template":"","format":"standard","meta":[],"categories":[64],"tags":[719,796,595,766],"suno_strategy":[],"class_list":["post-8289","post","type-post","status-publish","format-standard","has-post-thumbnail","hentry","category-negocios","tag-jair-bolsonaro","tag-paulo-guedes","tag-petrobras-petr4","tag-petroleo"],"yoast_head":"<!-- This site is optimized with the Yoast SEO plugin v24.4 - https:\/\/yoast.com\/wordpress\/plugins\/seo\/ -->\n<title>TCU revisa contrato de cess\u00e3o onerosa do pr\u00e9-sal nesta quarta-feira<\/title>\n<meta name=\"description\" content=\"A cess\u00e3o onerosa ser\u00e1 discutida em uma sess\u00e3o extraordin\u00e1ria na quarta-feira (13); Um megaleil\u00e3o pode acontecer ano que vem. Clique para saber mais.\" \/>\n<meta name=\"robots\" content=\"index, follow, max-snippet:-1, max-image-preview:large, max-video-preview:-1\" \/>\n<link rel=\"canonical\" href=\"https:\/\/www.suno.com.br\/noticias\/tcu-revisa-contrato-cessao-onerosa\/\" \/>\n<meta property=\"og:locale\" content=\"pt_BR\" \/>\n<meta property=\"og:type\" content=\"article\" \/>\n<meta property=\"og:title\" content=\"TCU revisa contrato de cess\u00e3o onerosa do pr\u00e9-sal nesta quarta-feira\" \/>\n<meta property=\"og:description\" content=\"A cess\u00e3o onerosa ser\u00e1 discutida em uma sess\u00e3o extraordin\u00e1ria na quarta-feira (13); Um megaleil\u00e3o pode acontecer ano que vem. Clique para saber mais.\" \/>\n<meta property=\"og:url\" content=\"https:\/\/www.suno.com.br\/noticias\/tcu-revisa-contrato-cessao-onerosa\/\" \/>\n<meta property=\"og:site_name\" content=\"Suno Not\u00edcias\" \/>\n<meta property=\"article:publisher\" content=\"https:\/\/facebook.com\/sunoresearch\" \/>\n<meta property=\"og:image\" content=\"https:\/\/files.sunoresearch.com.br\/n\/uploads\/2018\/12\/abdc602b-cess\u00e3o-onerosa.jpg\" \/>\n\t<meta property=\"og:image:width\" content=\"3506\" \/>\n\t<meta property=\"og:image:height\" content=\"2337\" \/>\n\t<meta property=\"og:image:type\" content=\"image\/jpeg\" \/>\n<meta name=\"author\" content=\"Renan Bandeira\" \/>\n<meta name=\"twitter:card\" content=\"summary_large_image\" \/>\n<meta name=\"twitter:creator\" content=\"@sunoresearch\" \/>\n<meta name=\"twitter:site\" content=\"@sunoresearch\" \/>\n<meta name=\"twitter:label1\" content=\"Escrito por\" \/>\n\t<meta name=\"twitter:data1\" content=\"Renan Bandeira\" \/>\n\t<meta name=\"twitter:label2\" content=\"Est. tempo de leitura\" \/>\n\t<meta name=\"twitter:data2\" content=\"1 minuto\" \/>\n<script type=\"application\/ld+json\" class=\"yoast-schema-graph\">{\"@context\":\"https:\/\/schema.org\",\"@graph\":[{\"@type\":\"NewsArticle\",\"@id\":\"https:\/\/www.suno.com.br\/noticias\/tcu-revisa-contrato-cessao-onerosa\/#article\",\"isPartOf\":{\"@id\":\"https:\/\/www.suno.com.br\/noticias\/tcu-revisa-contrato-cessao-onerosa\/\"},\"author\":{\"name\":\"Renan Bandeira\",\"@id\":\"https:\/\/www.suno.com.br\/noticias\/#\/schema\/person\/fc144a1c6108bd1dcd43784e88a3c138\"},\"headline\":\"TCU revisa contrato de cess\u00e3o onerosa do pr\u00e9-sal nesta quarta-feira\",\"datePublished\":\"2018-12-10T18:10:55+00:00\",\"mainEntityOfPage\":{\"@id\":\"https:\/\/www.suno.com.br\/noticias\/tcu-revisa-contrato-cessao-onerosa\/\"},\"wordCount\":304,\"publisher\":{\"@id\":\"https:\/\/www.suno.com.br\/noticias\/#organization\"},\"image\":{\"@id\":\"https:\/\/www.suno.com.br\/noticias\/tcu-revisa-contrato-cessao-onerosa\/#primaryimage\"},\"thumbnailUrl\":\"https:\/\/files.sunoresearch.com.br\/n\/uploads\/2018\/12\/abdc602b-cess\u00e3o-onerosa-scaled.webp\",\"keywords\":[\"Jair Bolsonaro\",\"Paulo Guedes\",\"Petrobras (PETR4)\",\"Petr\u00f3leo\"],\"articleSection\":[\"Neg\u00f3cios\"],\"inLanguage\":\"pt-BR\"},{\"@type\":\"WebPage\",\"@id\":\"https:\/\/www.suno.com.br\/noticias\/tcu-revisa-contrato-cessao-onerosa\/\",\"url\":\"https:\/\/www.suno.com.br\/noticias\/tcu-revisa-contrato-cessao-onerosa\/\",\"name\":\"TCU revisa contrato de cess\u00e3o onerosa do pr\u00e9-sal nesta quarta-feira\",\"isPartOf\":{\"@id\":\"https:\/\/www.suno.com.br\/noticias\/#website\"},\"primaryImageOfPage\":{\"@id\":\"https:\/\/www.suno.com.br\/noticias\/tcu-revisa-contrato-cessao-onerosa\/#primaryimage\"},\"image\":{\"@id\":\"https:\/\/www.suno.com.br\/noticias\/tcu-revisa-contrato-cessao-onerosa\/#primaryimage\"},\"thumbnailUrl\":\"https:\/\/files.sunoresearch.com.br\/n\/uploads\/2018\/12\/abdc602b-cess\u00e3o-onerosa-scaled.webp\",\"datePublished\":\"2018-12-10T18:10:55+00:00\",\"description\":\"A cess\u00e3o onerosa ser\u00e1 discutida em uma sess\u00e3o extraordin\u00e1ria na quarta-feira (13); Um megaleil\u00e3o pode acontecer ano que vem. Clique para saber mais.\",\"breadcrumb\":{\"@id\":\"https:\/\/www.suno.com.br\/noticias\/tcu-revisa-contrato-cessao-onerosa\/#breadcrumb\"},\"inLanguage\":\"pt-BR\",\"potentialAction\":[{\"@type\":\"ReadAction\",\"target\":[\"https:\/\/www.suno.com.br\/noticias\/tcu-revisa-contrato-cessao-onerosa\/\"]}]},{\"@type\":\"ImageObject\",\"inLanguage\":\"pt-BR\",\"@id\":\"https:\/\/www.suno.com.br\/noticias\/tcu-revisa-contrato-cessao-onerosa\/#primaryimage\",\"url\":\"https:\/\/files.sunoresearch.com.br\/n\/uploads\/2018\/12\/abdc602b-cess\u00e3o-onerosa-scaled.webp\",\"contentUrl\":\"https:\/\/files.sunoresearch.com.br\/n\/uploads\/2018\/12\/abdc602b-cess\u00e3o-onerosa-scaled.webp\",\"width\":2560,\"height\":1706,\"caption\":\"Petrobras pretende adotar simulador digital em refinarias at\u00e9 2020\"},{\"@type\":\"BreadcrumbList\",\"@id\":\"https:\/\/www.suno.com.br\/noticias\/tcu-revisa-contrato-cessao-onerosa\/#breadcrumb\",\"itemListElement\":[{\"@type\":\"ListItem\",\"position\":1,\"name\":\"Not\u00edcias\",\"item\":\"https:\/\/www.suno.com.br\/noticias\/\"},{\"@type\":\"ListItem\",\"position\":2,\"name\":\"Neg\u00f3cios\",\"item\":\"https:\/\/www.suno.com.br\/noticias\/negocios\/\"},{\"@type\":\"ListItem\",\"position\":3,\"name\":\"TCU revisa contrato de cess\u00e3o onerosa do pr\u00e9-sal nesta quarta-feira\"}]},{\"@type\":\"WebSite\",\"@id\":\"https:\/\/www.suno.com.br\/noticias\/#website\",\"url\":\"https:\/\/www.suno.com.br\/noticias\/\",\"name\":\"Suno Not\u00edcias\",\"description\":\"Seu portal de informa\u00e7\u00e3o sobre o mundo dos investimentos\",\"publisher\":{\"@id\":\"https:\/\/www.suno.com.br\/noticias\/#organization\"},\"potentialAction\":[{\"@type\":\"SearchAction\",\"target\":{\"@type\":\"EntryPoint\",\"urlTemplate\":\"https:\/\/www.suno.com.br\/noticias\/?s={search_term_string}\"},\"query-input\":{\"@type\":\"PropertyValueSpecification\",\"valueRequired\":true,\"valueName\":\"search_term_string\"}}],\"inLanguage\":\"pt-BR\"},{\"@type\":\"Organization\",\"@id\":\"https:\/\/www.suno.com.br\/noticias\/#organization\",\"name\":\"Suno Not\u00edcias\",\"url\":\"https:\/\/www.suno.com.br\/noticias\/\",\"logo\":{\"@type\":\"ImageObject\",\"inLanguage\":\"pt-BR\",\"@id\":\"https:\/\/www.suno.com.br\/noticias\/#\/schema\/logo\/image\/\",\"url\":\"https:\/\/files.sunoresearch.com.br\/n\/uploads\/2021\/09\/suno-logo.png\",\"contentUrl\":\"https:\/\/files.sunoresearch.com.br\/n\/uploads\/2021\/09\/suno-logo.png\",\"width\":180,\"height\":180,\"caption\":\"Suno Not\u00edcias\"},\"image\":{\"@id\":\"https:\/\/www.suno.com.br\/noticias\/#\/schema\/logo\/image\/\"},\"sameAs\":[\"https:\/\/facebook.com\/sunoresearch\",\"https:\/\/x.com\/sunoresearch\",\"https:\/\/www.instagram.com\/suno\",\"https:\/\/www.linkedin.com\/company\/suno-research\/\",\"https:\/\/www.youtube.com\/c\/sunoresearch\"]},{\"@type\":\"Person\",\"@id\":\"https:\/\/www.suno.com.br\/noticias\/#\/schema\/person\/fc144a1c6108bd1dcd43784e88a3c138\",\"name\":\"Renan Bandeira\",\"image\":{\"@type\":\"ImageObject\",\"inLanguage\":\"pt-BR\",\"@id\":\"https:\/\/www.suno.com.br\/noticias\/#\/schema\/person\/image\/\",\"url\":\"https:\/\/secure.gravatar.com\/avatar\/68359cdb608f14f11bbefcb78f3fc747?s=96&r=g\",\"contentUrl\":\"https:\/\/secure.gravatar.com\/avatar\/68359cdb608f14f11bbefcb78f3fc747?s=96&r=g\",\"caption\":\"Renan Bandeira\"},\"description\":\"Renan Bandeira escreve sobre pol\u00edtica e economia para o portal da Suno Research. Antes da Suno, trabalhou em uma rede de televis\u00e3o, onde fazia reportagens sobre os mesmos temas. Estuda na Universidade Metodista de S\u00e3o Paulo.\",\"url\":\"https:\/\/www.suno.com.br\/noticias\/author\/renan-bandeira\/\"}]}<\/script>\n<!-- \/ Yoast SEO plugin. -->","yoast_head_json":{"title":"TCU revisa contrato de cess\u00e3o onerosa do pr\u00e9-sal nesta quarta-feira","description":"A cess\u00e3o onerosa ser\u00e1 discutida em uma sess\u00e3o extraordin\u00e1ria na quarta-feira (13); Um megaleil\u00e3o pode acontecer ano que vem. Clique para saber mais.","robots":{"index":"index","follow":"follow","max-snippet":"max-snippet:-1","max-image-preview":"max-image-preview:large","max-video-preview":"max-video-preview:-1"},"canonical":"https:\/\/www.suno.com.br\/noticias\/tcu-revisa-contrato-cessao-onerosa\/","og_locale":"pt_BR","og_type":"article","og_title":"TCU revisa contrato de cess\u00e3o onerosa do pr\u00e9-sal nesta quarta-feira","og_description":"A cess\u00e3o onerosa ser\u00e1 discutida em uma sess\u00e3o extraordin\u00e1ria na quarta-feira (13); Um megaleil\u00e3o pode acontecer ano que vem. Clique para saber mais.","og_url":"https:\/\/www.suno.com.br\/noticias\/tcu-revisa-contrato-cessao-onerosa\/","og_site_name":"Suno Not\u00edcias","article_publisher":"https:\/\/facebook.com\/sunoresearch","og_image":[{"width":3506,"height":2337,"url":"https:\/\/files.sunoresearch.com.br\/n\/uploads\/2018\/12\/abdc602b-cess\u00e3o-onerosa.jpg","type":"image\/jpeg"}],"author":"Renan Bandeira","twitter_card":"summary_large_image","twitter_creator":"@sunoresearch","twitter_site":"@sunoresearch","twitter_misc":{"Escrito por":"Renan Bandeira","Est. tempo de leitura":"1 minuto"},"schema":{"@context":"https:\/\/schema.org","@graph":[{"@type":"NewsArticle","@id":"https:\/\/www.suno.com.br\/noticias\/tcu-revisa-contrato-cessao-onerosa\/#article","isPartOf":{"@id":"https:\/\/www.suno.com.br\/noticias\/tcu-revisa-contrato-cessao-onerosa\/"},"author":{"name":"Renan Bandeira","@id":"https:\/\/www.suno.com.br\/noticias\/#\/schema\/person\/fc144a1c6108bd1dcd43784e88a3c138"},"headline":"TCU revisa contrato de cess\u00e3o onerosa do pr\u00e9-sal nesta quarta-feira","datePublished":"2018-12-10T18:10:55+00:00","mainEntityOfPage":{"@id":"https:\/\/www.suno.com.br\/noticias\/tcu-revisa-contrato-cessao-onerosa\/"},"wordCount":304,"publisher":{"@id":"https:\/\/www.suno.com.br\/noticias\/#organization"},"image":{"@id":"https:\/\/www.suno.com.br\/noticias\/tcu-revisa-contrato-cessao-onerosa\/#primaryimage"},"thumbnailUrl":"https:\/\/files.sunoresearch.com.br\/n\/uploads\/2018\/12\/abdc602b-cess\u00e3o-onerosa-scaled.webp","keywords":["Jair Bolsonaro","Paulo Guedes","Petrobras (PETR4)","Petr\u00f3leo"],"articleSection":["Neg\u00f3cios"],"inLanguage":"pt-BR"},{"@type":"WebPage","@id":"https:\/\/www.suno.com.br\/noticias\/tcu-revisa-contrato-cessao-onerosa\/","url":"https:\/\/www.suno.com.br\/noticias\/tcu-revisa-contrato-cessao-onerosa\/","name":"TCU revisa contrato de cess\u00e3o onerosa do pr\u00e9-sal nesta quarta-feira","isPartOf":{"@id":"https:\/\/www.suno.com.br\/noticias\/#website"},"primaryImageOfPage":{"@id":"https:\/\/www.suno.com.br\/noticias\/tcu-revisa-contrato-cessao-onerosa\/#primaryimage"},"image":{"@id":"https:\/\/www.suno.com.br\/noticias\/tcu-revisa-contrato-cessao-onerosa\/#primaryimage"},"thumbnailUrl":"https:\/\/files.sunoresearch.com.br\/n\/uploads\/2018\/12\/abdc602b-cess\u00e3o-onerosa-scaled.webp","datePublished":"2018-12-10T18:10:55+00:00","description":"A cess\u00e3o onerosa ser\u00e1 discutida em uma sess\u00e3o extraordin\u00e1ria na quarta-feira (13); Um megaleil\u00e3o pode acontecer ano que vem. Clique para saber mais.","breadcrumb":{"@id":"https:\/\/www.suno.com.br\/noticias\/tcu-revisa-contrato-cessao-onerosa\/#breadcrumb"},"inLanguage":"pt-BR","potentialAction":[{"@type":"ReadAction","target":["https:\/\/www.suno.com.br\/noticias\/tcu-revisa-contrato-cessao-onerosa\/"]}]},{"@type":"ImageObject","inLanguage":"pt-BR","@id":"https:\/\/www.suno.com.br\/noticias\/tcu-revisa-contrato-cessao-onerosa\/#primaryimage","url":"https:\/\/files.sunoresearch.com.br\/n\/uploads\/2018\/12\/abdc602b-cess\u00e3o-onerosa-scaled.webp","contentUrl":"https:\/\/files.sunoresearch.com.br\/n\/uploads\/2018\/12\/abdc602b-cess\u00e3o-onerosa-scaled.webp","width":2560,"height":1706,"caption":"Petrobras pretende adotar simulador digital em refinarias at\u00e9 2020"},{"@type":"BreadcrumbList","@id":"https:\/\/www.suno.com.br\/noticias\/tcu-revisa-contrato-cessao-onerosa\/#breadcrumb","itemListElement":[{"@type":"ListItem","position":1,"name":"Not\u00edcias","item":"https:\/\/www.suno.com.br\/noticias\/"},{"@type":"ListItem","position":2,"name":"Neg\u00f3cios","item":"https:\/\/www.suno.com.br\/noticias\/negocios\/"},{"@type":"ListItem","position":3,"name":"TCU revisa contrato de cess\u00e3o onerosa do pr\u00e9-sal nesta quarta-feira"}]},{"@type":"WebSite","@id":"https:\/\/www.suno.com.br\/noticias\/#website","url":"https:\/\/www.suno.com.br\/noticias\/","name":"Suno Not\u00edcias","description":"Seu portal de informa\u00e7\u00e3o sobre o mundo dos investimentos","publisher":{"@id":"https:\/\/www.suno.com.br\/noticias\/#organization"},"potentialAction":[{"@type":"SearchAction","target":{"@type":"EntryPoint","urlTemplate":"https:\/\/www.suno.com.br\/noticias\/?s={search_term_string}"},"query-input":{"@type":"PropertyValueSpecification","valueRequired":true,"valueName":"search_term_string"}}],"inLanguage":"pt-BR"},{"@type":"Organization","@id":"https:\/\/www.suno.com.br\/noticias\/#organization","name":"Suno Not\u00edcias","url":"https:\/\/www.suno.com.br\/noticias\/","logo":{"@type":"ImageObject","inLanguage":"pt-BR","@id":"https:\/\/www.suno.com.br\/noticias\/#\/schema\/logo\/image\/","url":"https:\/\/files.sunoresearch.com.br\/n\/uploads\/2021\/09\/suno-logo.png","contentUrl":"https:\/\/files.sunoresearch.com.br\/n\/uploads\/2021\/09\/suno-logo.png","width":180,"height":180,"caption":"Suno Not\u00edcias"},"image":{"@id":"https:\/\/www.suno.com.br\/noticias\/#\/schema\/logo\/image\/"},"sameAs":["https:\/\/facebook.com\/sunoresearch","https:\/\/x.com\/sunoresearch","https:\/\/www.instagram.com\/suno","https:\/\/www.linkedin.com\/company\/suno-research\/","https:\/\/www.youtube.com\/c\/sunoresearch"]},{"@type":"Person","@id":"https:\/\/www.suno.com.br\/noticias\/#\/schema\/person\/fc144a1c6108bd1dcd43784e88a3c138","name":"Renan Bandeira","image":{"@type":"ImageObject","inLanguage":"pt-BR","@id":"https:\/\/www.suno.com.br\/noticias\/#\/schema\/person\/image\/","url":"https:\/\/secure.gravatar.com\/avatar\/68359cdb608f14f11bbefcb78f3fc747?s=96&r=g","contentUrl":"https:\/\/secure.gravatar.com\/avatar\/68359cdb608f14f11bbefcb78f3fc747?s=96&r=g","caption":"Renan Bandeira"},"description":"Renan Bandeira escreve sobre pol\u00edtica e economia para o portal da Suno Research. Antes da Suno, trabalhou em uma rede de televis\u00e3o, onde fazia reportagens sobre os mesmos temas. Estuda na Universidade Metodista de S\u00e3o Paulo.","url":"https:\/\/www.suno.com.br\/noticias\/author\/renan-bandeira\/"}]}},"default_loop_html":"<div class=\"cardsPage__listCard__boxs\"><div class=\"cardsPage__listCard__boxs__img\"><a href=\"https:\/\/www.suno.com.br\/noticias\/tcu-revisa-contrato-cessao-onerosa\/\"><img class=\"mask\" src=\"https:\/\/www.suno.com.br\/noticias\/wp-content\/themes\/suno\/resources\/images\/spotlight\/spotlight1img\/bg-mask.png\" alt=\"Image Mask\"\/><img src=\"https:\/\/files.sunoresearch.com.br\/n\/uploads\/2018\/12\/abdc602b-cess\u00e3o-onerosa-400x200.webp\" alt=\"TCU revisa contrato de cess\u00e3o onerosa do pr\u00e9-sal nesta quarta-feira\"\/><\/a><span class=\"spotlightCategory\"><a href=\"https:\/\/www.suno.com.br\/noticias\/negocios\/\">Neg\u00f3cios<\/a><\/span><\/div><div class=\"cardsPage__listCard__boxs__content\"><a href=\"https:\/\/www.suno.com.br\/noticias\/tcu-revisa-contrato-cessao-onerosa\/\"><h2 class=\"content__title\">TCU revisa contrato de cess\u00e3o onerosa do pr\u00e9-sal nesta quarta-feira<\/h2><\/a><div class=\"newsContent__article__meta\"><div class=\"newsContent__article__meta__authorBox\"><a href=\"https:\/\/www.suno.com.br\/noticias\/author\/renan-bandeira\/\" class=\"authorBox__avatar noMobi\"><img src=\"https:\/\/secure.gravatar.com\/avatar\/68359cdb608f14f11bbefcb78f3fc747?s=96&#038;r=g\" alt=\"Renan Bandeira\"><\/a><div class=\"authorBox__name\"><span>por\n\t\t\t<a href=\"https:\/\/www.suno.com.br\/noticias\/author\/renan-bandeira\/\"><span itemprop=\"author\">Renan Bandeira<\/span><\/a><\/span><time datetime=\"2018-12-10T16:10:55-02:00\" itemprop=\"datePublished\">10\/12\/2018 16:10<\/time><\/div><\/div><\/div><\/div><\/div>","single_layout":"posts","amp_enabled":true,"_links":{"self":[{"href":"https:\/\/www.suno.com.br\/noticias\/wp-json\/wp\/v2\/posts\/8289"}],"collection":[{"href":"https:\/\/www.suno.com.br\/noticias\/wp-json\/wp\/v2\/posts"}],"about":[{"href":"https:\/\/www.suno.com.br\/noticias\/wp-json\/wp\/v2\/types\/post"}],"author":[{"embeddable":true,"href":"https:\/\/www.suno.com.br\/noticias\/wp-json\/wp\/v2\/users\/11"}],"replies":[{"embeddable":true,"href":"https:\/\/www.suno.com.br\/noticias\/wp-json\/wp\/v2\/comments?post=8289"}],"version-history":[{"count":0,"href":"https:\/\/www.suno.com.br\/noticias\/wp-json\/wp\/v2\/posts\/8289\/revisions"}],"wp:featuredmedia":[{"embeddable":true,"href":"https:\/\/www.suno.com.br\/noticias\/wp-json\/wp\/v2\/media\/8304"}],"wp:attachment":[{"href":"https:\/\/www.suno.com.br\/noticias\/wp-json\/wp\/v2\/media?parent=8289"}],"wp:term":[{"taxonomy":"category","embeddable":true,"href":"https:\/\/www.suno.com.br\/noticias\/wp-json\/wp\/v2\/categories?post=8289"},{"taxonomy":"post_tag","embeddable":true,"href":"https:\/\/www.suno.com.br\/noticias\/wp-json\/wp\/v2\/tags?post=8289"},{"taxonomy":"suno_strategy","embeddable":true,"href":"https:\/\/www.suno.com.br\/noticias\/wp-json\/wp\/v2\/suno_strategy?post=8289"}],"curies":[{"name":"wp","href":"https:\/\/api.w.org\/{rel}","templated":true}]}}