{"id":82721,"date":"2020-09-04T16:57:35","date_gmt":"2020-09-04T19:57:35","guid":{"rendered":"https:\/\/www.suno.com.br\/noticias\/?p=82721"},"modified":"2020-09-04T16:57:35","modified_gmt":"2020-09-04T19:57:35","slug":"embraer-embr3-cancela-encontro-sindicato-pede-mediacao-trt","status":"publish","type":"post","link":"https:\/\/www.suno.com.br\/noticias\/embraer-embr3-cancela-encontro-sindicato-pede-mediacao-trt\/","title":{"rendered":"Embraer (EMBR3) cancela encontro com sindicato e pede media\u00e7\u00e3o do TRT"},"content":{"rendered":"<p>A <a href=\"https:\/\/www.suno.com.br\/acoes\/embr3\/\"><strong>Embraer<\/strong> (EMBR3)<\/a> cancelou nesta quarta-feira (4) uma reuni\u00e3o marcada junto ao Metal\u00fargicos de S\u00e3o Jos\u00e9 dos Campos (SP) e pediu a intermedia\u00e7\u00e3o do Tribunal Regional do Trabalho (TRT) para dar continuidade \u00e0s negocia\u00e7\u00f5es.<\/p>\t<div class=\"wrapper-featured-image\">\n\t\t<figure class=\"spotlightImg\">\n\n\t\t\t<picture>\n\t\t\t\t<source media=\"(max-width: 768px)\" srcset=\"https:\/\/files.sunoresearch.com.br\/n\/uploads\/2018\/12\/ec49485a-boeing-embraer2-400x200.webp\">\n\t\t\t\t<img loading=\"lazy\" decoding=\"async\" class=\"newsContent__article__imgCapa lazyloadDisabled \" src=\"https:\/\/files.sunoresearch.com.br\/n\/uploads\/2018\/12\/ec49485a-boeing-embraer2-jpg.webp\" width=\"800\" height=\"450\" alt=\"Embraer (EMBR3) cancela encontro com sindicato e pede media\u00e7\u00e3o do TRT\" fetchpriority=high \/>\n\t\t\t<\/picture>\n\n\t\t\t<figcaption class=\"wp-caption-text wp-caption-text--show\">A Embraer (EMBR3) comunicou que a decis\u00e3o foi tomada devido \u00e0 divulga\u00e7\u00e3o de \u201cinforma\u00e7\u00f5es falsas e manipuladas&quot; por parte do sindicato<\/figcaption>\n\t\t<\/figure>\n\t<\/div>\n\n\n<div class=\"hubspot-form-wrapper\">\n\t<div id=\"single-form-target\"><\/div>\n<\/div>\n\n<p>A Embraer informou que a medida foi tomada em vista de \u201cinforma\u00e7\u00f5es falsas e manipuladas divulgadas pelo Sindicato dos Metal\u00fargicos de S\u00e3o Jos\u00e9 dos Campos, relativas ao processo de reestrutura\u00e7\u00e3o pelo qual passa a empresa\u201d.<\/p>\n<p>O sindicato divulgou nota nesta quarta-feira alegando que a fabricante do setor aeroespacial paga \u201csupersal\u00e1rios\u201d a funcion\u00e1rios da empresa e informou que os trabalhadores fizeram uma proposta de teto de R$ 50 mil para a remunera\u00e7\u00e3o mensal na companhia. Os n\u00fameros apontados pela entidade, no entanto, diferem daqueles comunicados pela empresa nos documentos enviados \u00e0 <a href=\"https:\/\/www.suno.com.br\/artigos\/cvm\/\">Comiss\u00e3o de Valores Mobili\u00e1rios (CVM)<\/a>.<\/p>\n<p><a href=\"https:\/\/lp.suno.com.br\/suno-one\/\">Suno One: acesse gratuitamente eBooks, Minicursos, Artigos e Video Aulas sobre investimentos com um \u00fanico cadastro. Clique para saber mais!<\/a><\/p>\n<p>Em raz\u00e3o do cancelamento da reuni\u00e3o, a Justi\u00e7a do Trabalho marcou um novo encontro virtual para ter\u00e7a-feira. As negocia\u00e7\u00f5es ser\u00e3o mediadas pelo TRT da 15\u00aa Regi\u00e3o e dever\u00e3o dar continuidade \u00e0s conversas que j\u00e1 estavam em curso.<\/p>\n<h2>Embraer comunica demiss\u00e3o de 2,5 mil funcion\u00e1rios<\/h2>\n<p>A fabricante brasileira anunciou na \u00faltima quinta-feira (3) a demiss\u00e3o de 2,5 mil funcion\u00e1rios em sua unidade no Brasil. A Embraer informou que ser\u00e3o cortados 1,6 mil trabalhadores em ades\u00f5es ao programa de demiss\u00f5es volunt\u00e1rias (PDV), encerrado na \u00faltima quarta-feira (2), e mais outros 900 por dispensa para ajuste do quadro de empregados.<\/p>\n\t<div data-element=\"shortcode-read-more\" class=\"knowMore\">\n\t\t\t\t<span class=\"knowMore__title\">Saiba mais<\/span>\n\t\t\t\t<a class=\"knowMore__link\" href=\"https:\/\/www.suno.com.br\/noticias\/embraer-embr3-funcionarios-entram-greve\/\">\n\t\t\tEmbraer (EMBR3): ap\u00f3s an\u00fancio de demiss\u00f5es, funcion\u00e1rios entram em greve\t\t<\/a>\n\t<\/div>\n\n\n<p>A companhia alegou que a medida \u00e9 resultado dos impactos causados pela pandemia do novo coronav\u00edrus e pelo cancelamento da parceria com a Boeing.<\/p>\n<p>Em resposta, os funcion\u00e1rios da emprega aprovaram nesta sexta-feira em assembleia uma greve organizada pelo sindicato dos metal\u00fargicos e engenheiros de S\u00e3o Jos\u00e9 dos Campos (SP). Dessa forma, como a legisla\u00e7\u00e3o pro\u00edbe a demiss\u00e3o de grevistas, a <strong>Embraer<\/strong> n\u00e3o poder\u00e1 realizar os cortes.<\/p>\n\t<p>\n\t\t<a href=\"https:\/\/lp.suno.com.br\/planilha-de-controle-de-investimentos\/\" target=\"_blank\" data-element=\"shortcode-suno-banner\" title=\"Banner SUNO, clique e saiba mais\">\n\t\t\t<picture>\n\t\t\t\t<source media=\"(max-width: 500px)\" srcset=\"https:\/\/files.sunoresearch.com.br\/n\/uploads\/2023\/03\/400x300-Controle-de-Investimentos.png\">\n\t\t\t\t<img class=\"newsContent__article__imgCapa newsContent__article__imgCapa--banner\"\n\t\t\t\t\tsrc=\"https:\/\/files.sunoresearch.com.br\/n\/uploads\/2023\/03\/1420x240-Controle-de-Investimentos.png\"\n\t\t\t\t\tdata-promo-id=\"75934\"\t\t\t\t\t\t\t\t\t\twidth='1420' height='240'\t\t\t\t\talt=\"https:\/\/files.sunoresearch.com.br\/n\/uploads\/2023\/03\/1420x240-Controle-de-Investimentos.png\"\n\t\t\t\t>\n\t\t\t<\/picture>\n\t\t<\/a>\n\t<\/p>\n\n\n","protected":false},"excerpt":{"rendered":"<p>A Embraer (EMBR3) cancelou nesta quarta-feira (4) uma reuni\u00e3o marcada junto ao Metal\u00fargicos de S\u00e3o Jos\u00e9 dos Campos (SP) e pediu a intermedia\u00e7\u00e3o do Tribunal Regional do Trabalho (TRT) para dar continuidade \u00e0s negocia\u00e7\u00f5es. A Embraer (EMBR3) comunicou que a decis\u00e3o foi tomada devido \u00e0 divulga\u00e7\u00e3o de \u201cinforma\u00e7\u00f5es falsas e manipuladas&quot; por parte do sindicato [&hellip;]<\/p>\n","protected":false},"author":35,"featured_media":9126,"comment_status":"closed","ping_status":"closed","sticky":false,"template":"","format":"standard","meta":[],"categories":[64],"tags":[460,1211],"suno_strategy":[],"class_list":["post-82721","post","type-post","status-publish","format-standard","has-post-thumbnail","hentry","category-negocios","tag-embraer-embr3","tag-sindicatos"],"yoast_head":"<!-- This site is optimized with the Yoast SEO plugin v24.4 - https:\/\/yoast.com\/wordpress\/plugins\/seo\/ -->\n<title>Embraer (EMBR3) cancela encontro com sindicato e pede ajuda ao TRT<\/title>\n<meta name=\"description\" content=\"A Embraer (EMBR3) cancelou reuni\u00e3o com Metal\u00fargicos de S\u00e3o Jos\u00e9 dos Campos e pediu media\u00e7\u00e3o do TRT. Clique para saber mais\" \/>\n<meta name=\"robots\" content=\"index, follow, max-snippet:-1, max-image-preview:large, max-video-preview:-1\" \/>\n<link rel=\"canonical\" href=\"https:\/\/www.suno.com.br\/noticias\/embraer-embr3-cancela-encontro-sindicato-pede-mediacao-trt\/\" \/>\n<meta property=\"og:locale\" content=\"pt_BR\" \/>\n<meta property=\"og:type\" content=\"article\" \/>\n<meta property=\"og:title\" content=\"Embraer (EMBR3) cancela encontro com sindicato e pede ajuda ao TRT\" \/>\n<meta property=\"og:description\" content=\"A Embraer (EMBR3) cancelou reuni\u00e3o com Metal\u00fargicos de S\u00e3o Jos\u00e9 dos Campos e pediu media\u00e7\u00e3o do TRT. Clique para saber mais\" \/>\n<meta property=\"og:url\" content=\"https:\/\/www.suno.com.br\/noticias\/embraer-embr3-cancela-encontro-sindicato-pede-mediacao-trt\/\" \/>\n<meta property=\"og:site_name\" content=\"Suno Not\u00edcias\" \/>\n<meta property=\"article:publisher\" content=\"https:\/\/facebook.com\/sunoresearch\" \/>\n<meta property=\"og:image\" content=\"https:\/\/files.sunoresearch.com.br\/n\/uploads\/2018\/12\/ec49485a-boeing-embraer2.jpg\" \/>\n\t<meta property=\"og:image:width\" content=\"748\" \/>\n\t<meta property=\"og:image:height\" content=\"410\" \/>\n\t<meta property=\"og:image:type\" content=\"image\/jpeg\" \/>\n<meta name=\"author\" content=\"Arthur Guimar\u00e3es\" \/>\n<meta name=\"twitter:card\" content=\"summary_large_image\" \/>\n<meta name=\"twitter:creator\" content=\"@sunoresearch\" \/>\n<meta name=\"twitter:site\" content=\"@sunoresearch\" \/>\n<meta name=\"twitter:label1\" content=\"Escrito por\" \/>\n\t<meta name=\"twitter:data1\" content=\"Arthur Guimar\u00e3es\" \/>\n\t<meta name=\"twitter:label2\" content=\"Est. tempo de leitura\" \/>\n\t<meta name=\"twitter:data2\" content=\"2 minutos\" \/>\n<script type=\"application\/ld+json\" class=\"yoast-schema-graph\">{\"@context\":\"https:\/\/schema.org\",\"@graph\":[{\"@type\":\"NewsArticle\",\"@id\":\"https:\/\/www.suno.com.br\/noticias\/embraer-embr3-cancela-encontro-sindicato-pede-mediacao-trt\/#article\",\"isPartOf\":{\"@id\":\"https:\/\/www.suno.com.br\/noticias\/embraer-embr3-cancela-encontro-sindicato-pede-mediacao-trt\/\"},\"author\":{\"name\":\"Arthur Guimar\u00e3es\",\"@id\":\"https:\/\/www.suno.com.br\/noticias\/#\/schema\/person\/053a750a709a263919a20f976caae91c\"},\"headline\":\"Embraer (EMBR3) cancela encontro com sindicato e pede media\u00e7\u00e3o do TRT\",\"datePublished\":\"2020-09-04T19:57:35+00:00\",\"mainEntityOfPage\":{\"@id\":\"https:\/\/www.suno.com.br\/noticias\/embraer-embr3-cancela-encontro-sindicato-pede-mediacao-trt\/\"},\"wordCount\":376,\"publisher\":{\"@id\":\"https:\/\/www.suno.com.br\/noticias\/#organization\"},\"image\":{\"@id\":\"https:\/\/www.suno.com.br\/noticias\/embraer-embr3-cancela-encontro-sindicato-pede-mediacao-trt\/#primaryimage\"},\"thumbnailUrl\":\"https:\/\/files.sunoresearch.com.br\/n\/uploads\/2018\/12\/ec49485a-boeing-embraer2-jpg.webp\",\"keywords\":[\"Embraer (EMBR3)\",\"sindicatos\"],\"articleSection\":[\"Neg\u00f3cios\"],\"inLanguage\":\"pt-BR\"},{\"@type\":\"WebPage\",\"@id\":\"https:\/\/www.suno.com.br\/noticias\/embraer-embr3-cancela-encontro-sindicato-pede-mediacao-trt\/\",\"url\":\"https:\/\/www.suno.com.br\/noticias\/embraer-embr3-cancela-encontro-sindicato-pede-mediacao-trt\/\",\"name\":\"Embraer (EMBR3) cancela encontro com sindicato e pede ajuda ao TRT\",\"isPartOf\":{\"@id\":\"https:\/\/www.suno.com.br\/noticias\/#website\"},\"primaryImageOfPage\":{\"@id\":\"https:\/\/www.suno.com.br\/noticias\/embraer-embr3-cancela-encontro-sindicato-pede-mediacao-trt\/#primaryimage\"},\"image\":{\"@id\":\"https:\/\/www.suno.com.br\/noticias\/embraer-embr3-cancela-encontro-sindicato-pede-mediacao-trt\/#primaryimage\"},\"thumbnailUrl\":\"https:\/\/files.sunoresearch.com.br\/n\/uploads\/2018\/12\/ec49485a-boeing-embraer2-jpg.webp\",\"datePublished\":\"2020-09-04T19:57:35+00:00\",\"description\":\"A Embraer (EMBR3) cancelou reuni\u00e3o com Metal\u00fargicos de S\u00e3o Jos\u00e9 dos Campos e pediu media\u00e7\u00e3o do TRT. Clique para saber mais\",\"breadcrumb\":{\"@id\":\"https:\/\/www.suno.com.br\/noticias\/embraer-embr3-cancela-encontro-sindicato-pede-mediacao-trt\/#breadcrumb\"},\"inLanguage\":\"pt-BR\",\"potentialAction\":[{\"@type\":\"ReadAction\",\"target\":[\"https:\/\/www.suno.com.br\/noticias\/embraer-embr3-cancela-encontro-sindicato-pede-mediacao-trt\/\"]}]},{\"@type\":\"ImageObject\",\"inLanguage\":\"pt-BR\",\"@id\":\"https:\/\/www.suno.com.br\/noticias\/embraer-embr3-cancela-encontro-sindicato-pede-mediacao-trt\/#primaryimage\",\"url\":\"https:\/\/files.sunoresearch.com.br\/n\/uploads\/2018\/12\/ec49485a-boeing-embraer2-jpg.webp\",\"contentUrl\":\"https:\/\/files.sunoresearch.com.br\/n\/uploads\/2018\/12\/ec49485a-boeing-embraer2-jpg.webp\",\"width\":748,\"height\":410,\"caption\":\"A Embraer (EMBR3) comunicou que a decis\u00e3o foi tomada devido \u00e0 divulga\u00e7\u00e3o de \u201cinforma\u00e7\u00f5es falsas e manipuladas\\\" por parte do sindicato\"},{\"@type\":\"BreadcrumbList\",\"@id\":\"https:\/\/www.suno.com.br\/noticias\/embraer-embr3-cancela-encontro-sindicato-pede-mediacao-trt\/#breadcrumb\",\"itemListElement\":[{\"@type\":\"ListItem\",\"position\":1,\"name\":\"Not\u00edcias\",\"item\":\"https:\/\/www.suno.com.br\/noticias\/\"},{\"@type\":\"ListItem\",\"position\":2,\"name\":\"Neg\u00f3cios\",\"item\":\"https:\/\/www.suno.com.br\/noticias\/negocios\/\"},{\"@type\":\"ListItem\",\"position\":3,\"name\":\"Embraer (EMBR3) cancela encontro com sindicato e pede media\u00e7\u00e3o do TRT\"}]},{\"@type\":\"WebSite\",\"@id\":\"https:\/\/www.suno.com.br\/noticias\/#website\",\"url\":\"https:\/\/www.suno.com.br\/noticias\/\",\"name\":\"Suno Not\u00edcias\",\"description\":\"Seu portal de informa\u00e7\u00e3o sobre o mundo dos investimentos\",\"publisher\":{\"@id\":\"https:\/\/www.suno.com.br\/noticias\/#organization\"},\"potentialAction\":[{\"@type\":\"SearchAction\",\"target\":{\"@type\":\"EntryPoint\",\"urlTemplate\":\"https:\/\/www.suno.com.br\/noticias\/?s={search_term_string}\"},\"query-input\":{\"@type\":\"PropertyValueSpecification\",\"valueRequired\":true,\"valueName\":\"search_term_string\"}}],\"inLanguage\":\"pt-BR\"},{\"@type\":\"Organization\",\"@id\":\"https:\/\/www.suno.com.br\/noticias\/#organization\",\"name\":\"Suno Not\u00edcias\",\"url\":\"https:\/\/www.suno.com.br\/noticias\/\",\"logo\":{\"@type\":\"ImageObject\",\"inLanguage\":\"pt-BR\",\"@id\":\"https:\/\/www.suno.com.br\/noticias\/#\/schema\/logo\/image\/\",\"url\":\"https:\/\/files.sunoresearch.com.br\/n\/uploads\/2021\/09\/suno-logo.png\",\"contentUrl\":\"https:\/\/files.sunoresearch.com.br\/n\/uploads\/2021\/09\/suno-logo.png\",\"width\":180,\"height\":180,\"caption\":\"Suno Not\u00edcias\"},\"image\":{\"@id\":\"https:\/\/www.suno.com.br\/noticias\/#\/schema\/logo\/image\/\"},\"sameAs\":[\"https:\/\/facebook.com\/sunoresearch\",\"https:\/\/x.com\/sunoresearch\",\"https:\/\/www.instagram.com\/suno\",\"https:\/\/www.linkedin.com\/company\/suno-research\/\",\"https:\/\/www.youtube.com\/c\/sunoresearch\"]},{\"@type\":\"Person\",\"@id\":\"https:\/\/www.suno.com.br\/noticias\/#\/schema\/person\/053a750a709a263919a20f976caae91c\",\"name\":\"Arthur Guimar\u00e3es\",\"image\":{\"@type\":\"ImageObject\",\"inLanguage\":\"pt-BR\",\"@id\":\"https:\/\/www.suno.com.br\/noticias\/#\/schema\/person\/image\/\",\"url\":\"https:\/\/secure.gravatar.com\/avatar\/1affd86a11209ae09eb6dd3bcad3e96c?s=96&r=g\",\"contentUrl\":\"https:\/\/secure.gravatar.com\/avatar\/1affd86a11209ae09eb6dd3bcad3e96c?s=96&r=g\",\"caption\":\"Arthur Guimar\u00e3es\"},\"description\":\"Arthur Guimar\u00e3es escreve sobre pol\u00edtica, economia e neg\u00f3cios para o portal de not\u00edcias da Suno Research. Atualmente, \u00e9 estudante de jornalismo pela Faculdade C\u00e1sper L\u00edbero.\",\"url\":\"https:\/\/www.suno.com.br\/noticias\/author\/arthur-guimaraes\/\"}]}<\/script>\n<!-- \/ Yoast SEO plugin. -->","yoast_head_json":{"title":"Embraer (EMBR3) cancela encontro com sindicato e pede ajuda ao TRT","description":"A Embraer (EMBR3) cancelou reuni\u00e3o com Metal\u00fargicos de S\u00e3o Jos\u00e9 dos Campos e pediu media\u00e7\u00e3o do TRT. Clique para saber mais","robots":{"index":"index","follow":"follow","max-snippet":"max-snippet:-1","max-image-preview":"max-image-preview:large","max-video-preview":"max-video-preview:-1"},"canonical":"https:\/\/www.suno.com.br\/noticias\/embraer-embr3-cancela-encontro-sindicato-pede-mediacao-trt\/","og_locale":"pt_BR","og_type":"article","og_title":"Embraer (EMBR3) cancela encontro com sindicato e pede ajuda ao TRT","og_description":"A Embraer (EMBR3) cancelou reuni\u00e3o com Metal\u00fargicos de S\u00e3o Jos\u00e9 dos Campos e pediu media\u00e7\u00e3o do TRT. Clique para saber mais","og_url":"https:\/\/www.suno.com.br\/noticias\/embraer-embr3-cancela-encontro-sindicato-pede-mediacao-trt\/","og_site_name":"Suno Not\u00edcias","article_publisher":"https:\/\/facebook.com\/sunoresearch","og_image":[{"width":748,"height":410,"url":"https:\/\/files.sunoresearch.com.br\/n\/uploads\/2018\/12\/ec49485a-boeing-embraer2.jpg","type":"image\/jpeg"}],"author":"Arthur Guimar\u00e3es","twitter_card":"summary_large_image","twitter_creator":"@sunoresearch","twitter_site":"@sunoresearch","twitter_misc":{"Escrito por":"Arthur Guimar\u00e3es","Est. tempo de leitura":"2 minutos"},"schema":{"@context":"https:\/\/schema.org","@graph":[{"@type":"NewsArticle","@id":"https:\/\/www.suno.com.br\/noticias\/embraer-embr3-cancela-encontro-sindicato-pede-mediacao-trt\/#article","isPartOf":{"@id":"https:\/\/www.suno.com.br\/noticias\/embraer-embr3-cancela-encontro-sindicato-pede-mediacao-trt\/"},"author":{"name":"Arthur Guimar\u00e3es","@id":"https:\/\/www.suno.com.br\/noticias\/#\/schema\/person\/053a750a709a263919a20f976caae91c"},"headline":"Embraer (EMBR3) cancela encontro com sindicato e pede media\u00e7\u00e3o do TRT","datePublished":"2020-09-04T19:57:35+00:00","mainEntityOfPage":{"@id":"https:\/\/www.suno.com.br\/noticias\/embraer-embr3-cancela-encontro-sindicato-pede-mediacao-trt\/"},"wordCount":376,"publisher":{"@id":"https:\/\/www.suno.com.br\/noticias\/#organization"},"image":{"@id":"https:\/\/www.suno.com.br\/noticias\/embraer-embr3-cancela-encontro-sindicato-pede-mediacao-trt\/#primaryimage"},"thumbnailUrl":"https:\/\/files.sunoresearch.com.br\/n\/uploads\/2018\/12\/ec49485a-boeing-embraer2-jpg.webp","keywords":["Embraer (EMBR3)","sindicatos"],"articleSection":["Neg\u00f3cios"],"inLanguage":"pt-BR"},{"@type":"WebPage","@id":"https:\/\/www.suno.com.br\/noticias\/embraer-embr3-cancela-encontro-sindicato-pede-mediacao-trt\/","url":"https:\/\/www.suno.com.br\/noticias\/embraer-embr3-cancela-encontro-sindicato-pede-mediacao-trt\/","name":"Embraer (EMBR3) cancela encontro com sindicato e pede ajuda ao TRT","isPartOf":{"@id":"https:\/\/www.suno.com.br\/noticias\/#website"},"primaryImageOfPage":{"@id":"https:\/\/www.suno.com.br\/noticias\/embraer-embr3-cancela-encontro-sindicato-pede-mediacao-trt\/#primaryimage"},"image":{"@id":"https:\/\/www.suno.com.br\/noticias\/embraer-embr3-cancela-encontro-sindicato-pede-mediacao-trt\/#primaryimage"},"thumbnailUrl":"https:\/\/files.sunoresearch.com.br\/n\/uploads\/2018\/12\/ec49485a-boeing-embraer2-jpg.webp","datePublished":"2020-09-04T19:57:35+00:00","description":"A Embraer (EMBR3) cancelou reuni\u00e3o com Metal\u00fargicos de S\u00e3o Jos\u00e9 dos Campos e pediu media\u00e7\u00e3o do TRT. Clique para saber mais","breadcrumb":{"@id":"https:\/\/www.suno.com.br\/noticias\/embraer-embr3-cancela-encontro-sindicato-pede-mediacao-trt\/#breadcrumb"},"inLanguage":"pt-BR","potentialAction":[{"@type":"ReadAction","target":["https:\/\/www.suno.com.br\/noticias\/embraer-embr3-cancela-encontro-sindicato-pede-mediacao-trt\/"]}]},{"@type":"ImageObject","inLanguage":"pt-BR","@id":"https:\/\/www.suno.com.br\/noticias\/embraer-embr3-cancela-encontro-sindicato-pede-mediacao-trt\/#primaryimage","url":"https:\/\/files.sunoresearch.com.br\/n\/uploads\/2018\/12\/ec49485a-boeing-embraer2-jpg.webp","contentUrl":"https:\/\/files.sunoresearch.com.br\/n\/uploads\/2018\/12\/ec49485a-boeing-embraer2-jpg.webp","width":748,"height":410,"caption":"A Embraer (EMBR3) comunicou que a decis\u00e3o foi tomada devido \u00e0 divulga\u00e7\u00e3o de \u201cinforma\u00e7\u00f5es falsas e manipuladas\" por parte do sindicato"},{"@type":"BreadcrumbList","@id":"https:\/\/www.suno.com.br\/noticias\/embraer-embr3-cancela-encontro-sindicato-pede-mediacao-trt\/#breadcrumb","itemListElement":[{"@type":"ListItem","position":1,"name":"Not\u00edcias","item":"https:\/\/www.suno.com.br\/noticias\/"},{"@type":"ListItem","position":2,"name":"Neg\u00f3cios","item":"https:\/\/www.suno.com.br\/noticias\/negocios\/"},{"@type":"ListItem","position":3,"name":"Embraer (EMBR3) cancela encontro com sindicato e pede media\u00e7\u00e3o do TRT"}]},{"@type":"WebSite","@id":"https:\/\/www.suno.com.br\/noticias\/#website","url":"https:\/\/www.suno.com.br\/noticias\/","name":"Suno Not\u00edcias","description":"Seu portal de informa\u00e7\u00e3o sobre o mundo dos investimentos","publisher":{"@id":"https:\/\/www.suno.com.br\/noticias\/#organization"},"potentialAction":[{"@type":"SearchAction","target":{"@type":"EntryPoint","urlTemplate":"https:\/\/www.suno.com.br\/noticias\/?s={search_term_string}"},"query-input":{"@type":"PropertyValueSpecification","valueRequired":true,"valueName":"search_term_string"}}],"inLanguage":"pt-BR"},{"@type":"Organization","@id":"https:\/\/www.suno.com.br\/noticias\/#organization","name":"Suno Not\u00edcias","url":"https:\/\/www.suno.com.br\/noticias\/","logo":{"@type":"ImageObject","inLanguage":"pt-BR","@id":"https:\/\/www.suno.com.br\/noticias\/#\/schema\/logo\/image\/","url":"https:\/\/files.sunoresearch.com.br\/n\/uploads\/2021\/09\/suno-logo.png","contentUrl":"https:\/\/files.sunoresearch.com.br\/n\/uploads\/2021\/09\/suno-logo.png","width":180,"height":180,"caption":"Suno Not\u00edcias"},"image":{"@id":"https:\/\/www.suno.com.br\/noticias\/#\/schema\/logo\/image\/"},"sameAs":["https:\/\/facebook.com\/sunoresearch","https:\/\/x.com\/sunoresearch","https:\/\/www.instagram.com\/suno","https:\/\/www.linkedin.com\/company\/suno-research\/","https:\/\/www.youtube.com\/c\/sunoresearch"]},{"@type":"Person","@id":"https:\/\/www.suno.com.br\/noticias\/#\/schema\/person\/053a750a709a263919a20f976caae91c","name":"Arthur Guimar\u00e3es","image":{"@type":"ImageObject","inLanguage":"pt-BR","@id":"https:\/\/www.suno.com.br\/noticias\/#\/schema\/person\/image\/","url":"https:\/\/secure.gravatar.com\/avatar\/1affd86a11209ae09eb6dd3bcad3e96c?s=96&r=g","contentUrl":"https:\/\/secure.gravatar.com\/avatar\/1affd86a11209ae09eb6dd3bcad3e96c?s=96&r=g","caption":"Arthur Guimar\u00e3es"},"description":"Arthur Guimar\u00e3es escreve sobre pol\u00edtica, economia e neg\u00f3cios para o portal de not\u00edcias da Suno Research. Atualmente, \u00e9 estudante de jornalismo pela Faculdade C\u00e1sper L\u00edbero.","url":"https:\/\/www.suno.com.br\/noticias\/author\/arthur-guimaraes\/"}]}},"default_loop_html":"<div class=\"cardsPage__listCard__boxs\"><div class=\"cardsPage__listCard__boxs__img\"><a href=\"https:\/\/www.suno.com.br\/noticias\/embraer-embr3-cancela-encontro-sindicato-pede-mediacao-trt\/\"><img class=\"mask\" src=\"https:\/\/www.suno.com.br\/noticias\/wp-content\/themes\/suno\/resources\/images\/spotlight\/spotlight1img\/bg-mask.png\" alt=\"Image Mask\"\/><img src=\"https:\/\/files.sunoresearch.com.br\/n\/uploads\/2018\/12\/ec49485a-boeing-embraer2-400x200.webp\" alt=\"Embraer (EMBR3) cancela encontro com sindicato e pede media\u00e7\u00e3o do TRT\"\/><\/a><span class=\"spotlightCategory\"><a href=\"https:\/\/www.suno.com.br\/noticias\/negocios\/\">Neg\u00f3cios<\/a><\/span><\/div><div class=\"cardsPage__listCard__boxs__content\"><a href=\"https:\/\/www.suno.com.br\/noticias\/embraer-embr3-cancela-encontro-sindicato-pede-mediacao-trt\/\"><h2 class=\"content__title\">Embraer (EMBR3) cancela encontro com sindicato e pede media\u00e7\u00e3o do TRT<\/h2><\/a><div class=\"newsContent__article__meta\"><div class=\"newsContent__article__meta__authorBox\"><a href=\"https:\/\/www.suno.com.br\/noticias\/author\/arthur-guimaraes\/\" class=\"authorBox__avatar noMobi\"><img src=\"https:\/\/files.sunoresearch.com.br\/n\/uploads\/2020\/02\/dfb40897-eu-150x150.webp\" alt=\"Arthur Guimar\u00e3es\"><\/a><div class=\"authorBox__name\"><span>por\n\t\t\t<a href=\"https:\/\/www.suno.com.br\/noticias\/author\/arthur-guimaraes\/\"><span itemprop=\"author\">Arthur Guimar\u00e3es<\/span><\/a><\/span><time datetime=\"2020-09-04T16:57:35-03:00\" itemprop=\"datePublished\">04\/09\/2020 16:57<\/time><\/div><\/div><\/div><\/div><\/div>","single_layout":"posts","amp_enabled":true,"_links":{"self":[{"href":"https:\/\/www.suno.com.br\/noticias\/wp-json\/wp\/v2\/posts\/82721"}],"collection":[{"href":"https:\/\/www.suno.com.br\/noticias\/wp-json\/wp\/v2\/posts"}],"about":[{"href":"https:\/\/www.suno.com.br\/noticias\/wp-json\/wp\/v2\/types\/post"}],"author":[{"embeddable":true,"href":"https:\/\/www.suno.com.br\/noticias\/wp-json\/wp\/v2\/users\/35"}],"replies":[{"embeddable":true,"href":"https:\/\/www.suno.com.br\/noticias\/wp-json\/wp\/v2\/comments?post=82721"}],"version-history":[{"count":0,"href":"https:\/\/www.suno.com.br\/noticias\/wp-json\/wp\/v2\/posts\/82721\/revisions"}],"wp:featuredmedia":[{"embeddable":true,"href":"https:\/\/www.suno.com.br\/noticias\/wp-json\/wp\/v2\/media\/9126"}],"wp:attachment":[{"href":"https:\/\/www.suno.com.br\/noticias\/wp-json\/wp\/v2\/media?parent=82721"}],"wp:term":[{"taxonomy":"category","embeddable":true,"href":"https:\/\/www.suno.com.br\/noticias\/wp-json\/wp\/v2\/categories?post=82721"},{"taxonomy":"post_tag","embeddable":true,"href":"https:\/\/www.suno.com.br\/noticias\/wp-json\/wp\/v2\/tags?post=82721"},{"taxonomy":"suno_strategy","embeddable":true,"href":"https:\/\/www.suno.com.br\/noticias\/wp-json\/wp\/v2\/suno_strategy?post=82721"}],"curies":[{"name":"wp","href":"https:\/\/api.w.org\/{rel}","templated":true}]}}