{"id":82652,"date":"2020-09-04T13:36:41","date_gmt":"2020-09-04T16:36:41","guid":{"rendered":"https:\/\/www.suno.com.br\/noticias\/?p=82652"},"modified":"2020-09-04T13:36:41","modified_gmt":"2020-09-04T16:36:41","slug":"queda-do-nasdaq-seria-culpa-do-softbank","status":"publish","type":"post","link":"https:\/\/www.suno.com.br\/noticias\/queda-do-nasdaq-seria-culpa-do-softbank\/","title":{"rendered":"Queda do Nasdaq seria &#8220;culpa&#8221; do SoftBank"},"content":{"rendered":"<p>O movimento de forte baixa que o Nasdaq est\u00e1 enfrentando nos \u00faltimos dias poderia ter um respons\u00e1vel: o <a href=\"https:\/\/www.suno.com.br\/fundos-de-investimento\/\">mega-fundo de investimento<\/a> japon\u00eas <strong>SoftBank.<\/strong><\/p>\t<div class=\"wrapper-featured-image\">\n\t\t<figure class=\"spotlightImg\">\n\n\t\t\t<picture>\n\t\t\t\t<source media=\"(max-width: 768px)\" srcset=\"https:\/\/files.sunoresearch.com.br\/n\/uploads\/2020\/09\/501267ca-softbank-400x200.webp\">\n\t\t\t\t<img loading=\"lazy\" decoding=\"async\" class=\"newsContent__article__imgCapa lazyloadDisabled \" src=\"https:\/\/files.sunoresearch.com.br\/n\/uploads\/2020\/09\/501267ca-softbank-800x450.webp\" width=\"800\" height=\"450\" alt=\"Queda do Nasdaq seria &#8220;culpa&#8221; do SoftBank\" fetchpriority=high \/>\n\t\t\t<\/picture>\n\n\t\t\t<figcaption class=\"wp-caption-text wp-caption-text--show\">Softbank teve ru\u00eddos na sua troca de comando ap\u00f3s supostos pedidos de b\u00f4nus por Claure - Foto: Divulga\u00e7\u00e3o<\/figcaption>\n\t\t<\/figure>\n\t<\/div>\n\n\n<div class=\"hubspot-form-wrapper\">\n\t<div id=\"single-form-target\"><\/div>\n<\/div>\n\n<p>O SoftBank teria se transformado na &#8220;baleia <strong><a href=\"https:\/\/www.suno.com.br\/artigos\/nasdaq\/\">Nasdaq<\/a>&#8220;<\/strong> ap\u00f3s comprar bilh\u00f5es de d\u00f3lares em <a href=\"https:\/\/www.suno.com.br\/artigos\/derivativos\/\">derivativos de a\u00e7\u00f5es<\/a> de empresas de tecnologia dos EUA. Um movimento aparentemente sem explica\u00e7\u00e3o clara, mas que estimulou a alta febril das semanas passadas, antes da uma forte retra\u00e7\u00e3o iniciada na \u00faltima quinta-feira (3).<\/p>\n<p>Segundo fontes familiarizadas com o assunto, que falaram com os jornais &#8220;Financial Times&#8221; e &#8220;Wall Street Journal&#8221;, em agosto o conglomerado japon\u00eas comprou grandes quantidades de <a href=\"https:\/\/www.suno.com.br\/artigos\/opcoes-de-acoes\/\">op\u00e7\u00f5es de a\u00e7\u00f5es de tecnologia<\/a>, contribuindo para aumentar os volumes de negocia\u00e7\u00e3o no maior n\u00edvel dos \u00faltimos 10 anos. Uma aposta que um banqueiro chegou a descrever como \u201cperigosa\u201d.<\/p>\n<p><a href=\"https:\/\/lp.suno.com.br\/suno-one\/\">Suno One: acesse gratuitamente eBooks, Minicursos, Artigos e Video Aulas sobre investimentos com um \u00fanico cadastro. Clique para saber mais!<\/a><\/p>\n<p>Esse movimento agressivo no mercado de op\u00e7\u00f5es marca um novo cap\u00edtulo na hist\u00f3ria dos investimentos do SoftBank. Nos \u00faltimos anos, o grupo japon\u00eas fez grandes apostas em start-ups de tecnologia atrav\u00e9s do seu fundo <strong>Vision Fund,<\/strong> que tem uma pot\u00eancia de fogo de US$ 100 bilh\u00f5es (cerca de R$ 550 bilh\u00f5es).<\/p>\n<p>Ap\u00f3s as fortes quedas registradas nos mercados do mundo inteiro por causa dos efeitos da pandemia do novo coronav\u00edrus (covid-19) o SoftBank mudou seu jeito de investir, estabelecendo uma unidade de gest\u00e3o de ativos usando o capital aportado por seu fundador, Masayoshi Son.<\/p>\n<p>E, no m\u00eas passado, teria iniciado uma negocia\u00e7\u00e3o de derivativos vinculados a alguns desses novos investimentos, gerando enormes volumes de negocia\u00e7\u00f5es. Segundo o banco de investimento norte-americano Goldman Sachs, o valor nominal geral das call negociadas nos EUA foi em m\u00e9dia de US$ 335 bilh\u00f5es por dia nas \u00faltimas duas semanas. Isso \u00e9 mais do que o triplo da m\u00e9dia m\u00f3vel de 2017 a 2019. Um frenesi que nem o recente boom do com\u00e9rcio de varejo eletr\u00f4nico explicaria.<\/p>\n<h2>Movimento do SoftBank gera rally e incerteza<\/h2>\n<p>O aumento na compra de call teria provocado um verdadeiro rally das a\u00e7\u00f5es grandes empresa de tecnologia. Por exemplo, no final do m\u00eas passado as a\u00e7\u00f5es da Tesla subiram 26% em menos de uma semana, enquanto a Alphabet, controladora do Google, assim como a Amazon, subiram cerca de 9%.<\/p>\n\t<div data-element=\"shortcode-read-more\" class=\"knowMore\">\n\t\t\t\t<span class=\"knowMore__title\">Saiba Mais<\/span>\n\t\t\t\t<a class=\"knowMore__link\" href=\"https:\/\/www.suno.com.br\/noticias\/softbank-lucra-12-bilhoes-segundo-trimestre\/\">\n\t\t\tSoftBank lucra US$ 12 bilh\u00f5es no 2T20, impulsionado pela venda da Sprint\t\t<\/a>\n\t<\/div>\n\n\n<p>Esse boom das op\u00e7\u00f5es, entretanto, deixaria o mercado de a\u00e7\u00f5es dos EUA vulner\u00e1vel \u00e0 novas explos\u00f5es de volatilidade.<\/p>\n<p>E por isso que o mercado de a\u00e7\u00f5es dos EUA estaria subindo junto com o <strong><a href=\"https:\/\/www.suno.com.br\/artigos\/vix\/\">\u00edndice Vix<\/a><\/strong> &#8211; conhecido como o &#8220;\u00edndice do medo&#8221; de Wall Street &#8211; algo incomum. Al\u00e9m disso, isso significa que as a\u00e7\u00f5es est\u00e3o fr\u00e1geis e vulner\u00e1veis \u200b\u200bao tipo de rev\u00e9s repentino que eclodiu na quinta-feira.<\/p>\n<p>A forte queda do mercado registrada nas \u00faltimas horas teria sido dolorosa para a SoftBank. E uma queda ainda maior e mais duradoura do mercado de a\u00e7\u00f5es poderia ser ainda mais prejudicial para essa estrat\u00e9gia, levando para quedas ainda mais acentuadas.<\/p>\n<p>A compra de op\u00e7\u00f5es ocorreu junto com um investimento de US$ 10 bilh\u00f5es que a SoftBank realizou atrav\u00e9s do novo bra\u00e7o de gest\u00e3o de ativos.<\/p>\n\t<div data-element=\"shortcode-read-more\" class=\"knowMore\">\n\t\t\t\t<span class=\"knowMore__title\">Saiba Mais<\/span>\n\t\t\t\t<a class=\"knowMore__link\" href=\"https:\/\/www.suno.com.br\/noticias\/softbank-avalia-oferta-por-ativos-do-tiktok-na-india\/\">\n\t\t\tSoftbank avalia oferta por ativos do TikTok na \u00cdndia\t\t<\/a>\n\t<\/div>\n\n\n<p>De acordo com um documento enviado no m\u00eas passado \u00e0 <a href=\"https:\/\/www.suno.com.br\/artigos\/sec\/\"><strong>Securities and Exchange Commission (SEC)<\/strong><\/a>, a <a href=\"https:\/\/www.suno.com.br\/artigos\/cvm\/\"><strong>Comiss\u00e3o de Valores Mobili\u00e1rios (CVM)<\/strong><\/a> dos EUA o <strong>SoftBank<\/strong> comprou participa\u00e7\u00f5es de quase US$ 2 bilh\u00f5es na Amazon, Alphabet, Microsoft e Tesla. Investimentos parcialmente financiados por recursos obtidos atrav\u00e9s de seu programa de venda de ativos de US$ 41 bilh\u00f5es, iniciado durante a turbul\u00eancia nos mercados provocada pela Covid-19.<\/p>\n\t<p>\n\t\t<a href=\"https:\/\/lp.suno.com.br\/planilha-de-controle-de-investimentos\/\" target=\"_blank\" data-element=\"shortcode-suno-banner\" title=\"Banner SUNO, clique e saiba mais\">\n\t\t\t<picture>\n\t\t\t\t<source media=\"(max-width: 500px)\" srcset=\"https:\/\/files.sunoresearch.com.br\/n\/uploads\/2023\/03\/400x300-Controle-de-Investimentos.png\">\n\t\t\t\t<img class=\"newsContent__article__imgCapa newsContent__article__imgCapa--banner\"\n\t\t\t\t\tsrc=\"https:\/\/files.sunoresearch.com.br\/n\/uploads\/2023\/03\/1420x240-Controle-de-Investimentos.png\"\n\t\t\t\t\tdata-promo-id=\"75934\"\t\t\t\t\t\t\t\t\t\twidth='1420' height='240'\t\t\t\t\talt=\"https:\/\/files.sunoresearch.com.br\/n\/uploads\/2023\/03\/1420x240-Controle-de-Investimentos.png\"\n\t\t\t\t>\n\t\t\t<\/picture>\n\t\t<\/a>\n\t<\/p>\n\n\n","protected":false},"excerpt":{"rendered":"<p>O movimento de forte baixa que o Nasdaq est\u00e1 enfrentando nos \u00faltimos dias poderia ter um respons\u00e1vel: o mega-fundo de investimento japon\u00eas SoftBank. Softbank teve ru\u00eddos na sua troca de comando ap\u00f3s supostos pedidos de b\u00f4nus por Claure &#8211; Foto: Divulga\u00e7\u00e3o O SoftBank teria se transformado na &#8220;baleia Nasdaq&#8220; ap\u00f3s comprar bilh\u00f5es de d\u00f3lares em [&hellip;]<\/p>\n","protected":false},"author":9,"featured_media":82665,"comment_status":"closed","ping_status":"closed","sticky":false,"template":"","format":"standard","meta":[],"categories":[63],"tags":[964,39619,951],"suno_strategy":[],"class_list":["post-82652","post","type-post","status-publish","format-standard","has-post-thumbnail","hentry","category-internacional","tag-nasdaq","tag-opcoes","tag-softbank"],"yoast_head":"<!-- This site is optimized with the Yoast SEO plugin v24.4 - https:\/\/yoast.com\/wordpress\/plugins\/seo\/ -->\n<title>Queda do Nasdaq seria &quot;culpa&quot; do SoftBank, dizem fontes<\/title>\n<meta name=\"description\" content=\"O movimento de forte baixa que o Nasdaq est\u00e1 enfrentando poderia ter um &quot;culpado&quot;: o SoftBank. Clique aqui para saber mais.\" \/>\n<meta name=\"robots\" content=\"index, follow, max-snippet:-1, max-image-preview:large, max-video-preview:-1\" \/>\n<link rel=\"canonical\" href=\"https:\/\/www.suno.com.br\/noticias\/queda-do-nasdaq-seria-culpa-do-softbank\/\" \/>\n<meta property=\"og:locale\" content=\"pt_BR\" \/>\n<meta property=\"og:type\" content=\"article\" \/>\n<meta property=\"og:title\" content=\"Queda do Nasdaq seria &quot;culpa&quot; do SoftBank, dizem fontes\" \/>\n<meta property=\"og:description\" content=\"O movimento de forte baixa que o Nasdaq est\u00e1 enfrentando poderia ter um &quot;culpado&quot;: o SoftBank. Clique aqui para saber mais.\" \/>\n<meta property=\"og:url\" content=\"https:\/\/www.suno.com.br\/noticias\/queda-do-nasdaq-seria-culpa-do-softbank\/\" \/>\n<meta property=\"og:site_name\" content=\"Suno Not\u00edcias\" \/>\n<meta property=\"article:publisher\" content=\"https:\/\/facebook.com\/sunoresearch\" \/>\n<meta property=\"og:image\" content=\"https:\/\/files.sunoresearch.com.br\/n\/uploads\/2020\/09\/501267ca-softbank.jpg\" \/>\n\t<meta property=\"og:image:width\" content=\"1500\" \/>\n\t<meta property=\"og:image:height\" content=\"839\" \/>\n\t<meta property=\"og:image:type\" content=\"image\/jpeg\" \/>\n<meta name=\"author\" content=\"Carlo Cauti\" \/>\n<meta name=\"twitter:card\" content=\"summary_large_image\" \/>\n<meta name=\"twitter:creator\" content=\"@sunoresearch\" \/>\n<meta name=\"twitter:site\" content=\"@sunoresearch\" \/>\n<meta name=\"twitter:label1\" content=\"Escrito por\" \/>\n\t<meta name=\"twitter:data1\" content=\"Carlo Cauti\" \/>\n\t<meta name=\"twitter:label2\" content=\"Est. tempo de leitura\" \/>\n\t<meta name=\"twitter:data2\" content=\"3 minutos\" \/>\n<script type=\"application\/ld+json\" class=\"yoast-schema-graph\">{\"@context\":\"https:\/\/schema.org\",\"@graph\":[{\"@type\":\"NewsArticle\",\"@id\":\"https:\/\/www.suno.com.br\/noticias\/queda-do-nasdaq-seria-culpa-do-softbank\/#article\",\"isPartOf\":{\"@id\":\"https:\/\/www.suno.com.br\/noticias\/queda-do-nasdaq-seria-culpa-do-softbank\/\"},\"author\":{\"name\":\"Carlo Cauti\",\"@id\":\"https:\/\/www.suno.com.br\/noticias\/#\/schema\/person\/e6e0f723cc177805027f4566c1d5e0c8\"},\"headline\":\"Queda do Nasdaq seria &#8220;culpa&#8221; do SoftBank\",\"datePublished\":\"2020-09-04T16:36:41+00:00\",\"mainEntityOfPage\":{\"@id\":\"https:\/\/www.suno.com.br\/noticias\/queda-do-nasdaq-seria-culpa-do-softbank\/\"},\"wordCount\":657,\"publisher\":{\"@id\":\"https:\/\/www.suno.com.br\/noticias\/#organization\"},\"image\":{\"@id\":\"https:\/\/www.suno.com.br\/noticias\/queda-do-nasdaq-seria-culpa-do-softbank\/#primaryimage\"},\"thumbnailUrl\":\"https:\/\/files.sunoresearch.com.br\/n\/uploads\/2020\/09\/501267ca-softbank-jpg.webp\",\"keywords\":[\"Nasdaq\",\"op\u00e7\u00f5es\",\"SoftBank\"],\"articleSection\":[\"Internacional\"],\"inLanguage\":\"pt-BR\"},{\"@type\":\"WebPage\",\"@id\":\"https:\/\/www.suno.com.br\/noticias\/queda-do-nasdaq-seria-culpa-do-softbank\/\",\"url\":\"https:\/\/www.suno.com.br\/noticias\/queda-do-nasdaq-seria-culpa-do-softbank\/\",\"name\":\"Queda do Nasdaq seria \\\"culpa\\\" do SoftBank, dizem fontes\",\"isPartOf\":{\"@id\":\"https:\/\/www.suno.com.br\/noticias\/#website\"},\"primaryImageOfPage\":{\"@id\":\"https:\/\/www.suno.com.br\/noticias\/queda-do-nasdaq-seria-culpa-do-softbank\/#primaryimage\"},\"image\":{\"@id\":\"https:\/\/www.suno.com.br\/noticias\/queda-do-nasdaq-seria-culpa-do-softbank\/#primaryimage\"},\"thumbnailUrl\":\"https:\/\/files.sunoresearch.com.br\/n\/uploads\/2020\/09\/501267ca-softbank-jpg.webp\",\"datePublished\":\"2020-09-04T16:36:41+00:00\",\"description\":\"O movimento de forte baixa que o Nasdaq est\u00e1 enfrentando poderia ter um \\\"culpado\\\": o SoftBank. Clique aqui para saber mais.\",\"breadcrumb\":{\"@id\":\"https:\/\/www.suno.com.br\/noticias\/queda-do-nasdaq-seria-culpa-do-softbank\/#breadcrumb\"},\"inLanguage\":\"pt-BR\",\"potentialAction\":[{\"@type\":\"ReadAction\",\"target\":[\"https:\/\/www.suno.com.br\/noticias\/queda-do-nasdaq-seria-culpa-do-softbank\/\"]}]},{\"@type\":\"ImageObject\",\"inLanguage\":\"pt-BR\",\"@id\":\"https:\/\/www.suno.com.br\/noticias\/queda-do-nasdaq-seria-culpa-do-softbank\/#primaryimage\",\"url\":\"https:\/\/files.sunoresearch.com.br\/n\/uploads\/2020\/09\/501267ca-softbank-jpg.webp\",\"contentUrl\":\"https:\/\/files.sunoresearch.com.br\/n\/uploads\/2020\/09\/501267ca-softbank-jpg.webp\",\"width\":1500,\"height\":839,\"caption\":\"Softbank teve ru\u00eddos na sua troca de comando ap\u00f3s supostos pedidos de b\u00f4nus por Claure - Foto: Divulga\u00e7\u00e3o\"},{\"@type\":\"BreadcrumbList\",\"@id\":\"https:\/\/www.suno.com.br\/noticias\/queda-do-nasdaq-seria-culpa-do-softbank\/#breadcrumb\",\"itemListElement\":[{\"@type\":\"ListItem\",\"position\":1,\"name\":\"Not\u00edcias\",\"item\":\"https:\/\/www.suno.com.br\/noticias\/\"},{\"@type\":\"ListItem\",\"position\":2,\"name\":\"Internacional\",\"item\":\"https:\/\/www.suno.com.br\/noticias\/internacional\/\"},{\"@type\":\"ListItem\",\"position\":3,\"name\":\"Queda do Nasdaq seria &#8220;culpa&#8221; do SoftBank\"}]},{\"@type\":\"WebSite\",\"@id\":\"https:\/\/www.suno.com.br\/noticias\/#website\",\"url\":\"https:\/\/www.suno.com.br\/noticias\/\",\"name\":\"Suno Not\u00edcias\",\"description\":\"Seu portal de informa\u00e7\u00e3o sobre o mundo dos investimentos\",\"publisher\":{\"@id\":\"https:\/\/www.suno.com.br\/noticias\/#organization\"},\"potentialAction\":[{\"@type\":\"SearchAction\",\"target\":{\"@type\":\"EntryPoint\",\"urlTemplate\":\"https:\/\/www.suno.com.br\/noticias\/?s={search_term_string}\"},\"query-input\":{\"@type\":\"PropertyValueSpecification\",\"valueRequired\":true,\"valueName\":\"search_term_string\"}}],\"inLanguage\":\"pt-BR\"},{\"@type\":\"Organization\",\"@id\":\"https:\/\/www.suno.com.br\/noticias\/#organization\",\"name\":\"Suno Not\u00edcias\",\"url\":\"https:\/\/www.suno.com.br\/noticias\/\",\"logo\":{\"@type\":\"ImageObject\",\"inLanguage\":\"pt-BR\",\"@id\":\"https:\/\/www.suno.com.br\/noticias\/#\/schema\/logo\/image\/\",\"url\":\"https:\/\/files.sunoresearch.com.br\/n\/uploads\/2021\/09\/suno-logo.png\",\"contentUrl\":\"https:\/\/files.sunoresearch.com.br\/n\/uploads\/2021\/09\/suno-logo.png\",\"width\":180,\"height\":180,\"caption\":\"Suno Not\u00edcias\"},\"image\":{\"@id\":\"https:\/\/www.suno.com.br\/noticias\/#\/schema\/logo\/image\/\"},\"sameAs\":[\"https:\/\/facebook.com\/sunoresearch\",\"https:\/\/x.com\/sunoresearch\",\"https:\/\/www.instagram.com\/suno\",\"https:\/\/www.linkedin.com\/company\/suno-research\/\",\"https:\/\/www.youtube.com\/c\/sunoresearch\"]},{\"@type\":\"Person\",\"@id\":\"https:\/\/www.suno.com.br\/noticias\/#\/schema\/person\/e6e0f723cc177805027f4566c1d5e0c8\",\"name\":\"Carlo Cauti\",\"image\":{\"@type\":\"ImageObject\",\"inLanguage\":\"pt-BR\",\"@id\":\"https:\/\/www.suno.com.br\/noticias\/#\/schema\/person\/image\/\",\"url\":\"https:\/\/secure.gravatar.com\/avatar\/3ada9e0bd164c23abd4792a9606d583c?s=96&r=g\",\"contentUrl\":\"https:\/\/secure.gravatar.com\/avatar\/3ada9e0bd164c23abd4792a9606d583c?s=96&r=g\",\"caption\":\"Carlo Cauti\"},\"description\":\"Editor multim\u00eddia do SUNO Not\u00edcias. Italiano, formado em Ci\u00eancias Pol\u00edticas pela universidade LUISS G. Carli de Roma e mestre cum laude em Rela\u00e7\u00f5es Internacionais, Jornalismo Internacional e de Guerra e em Economia Internacional. Concluiu tamb\u00e9m um MBA em Finan\u00e7as na B3. No Brasil, teve passagem por ve\u00edculos como Estad\u00e3o, Globo, Veja e EXAME. e nas ag\u00eancias de not\u00edcias italianas ANSA e NOVA.\",\"url\":\"https:\/\/www.suno.com.br\/noticias\/author\/carlo-cauti\/\"}]}<\/script>\n<!-- \/ Yoast SEO plugin. -->","yoast_head_json":{"title":"Queda do Nasdaq seria \"culpa\" do SoftBank, dizem fontes","description":"O movimento de forte baixa que o Nasdaq est\u00e1 enfrentando poderia ter um \"culpado\": o SoftBank. Clique aqui para saber mais.","robots":{"index":"index","follow":"follow","max-snippet":"max-snippet:-1","max-image-preview":"max-image-preview:large","max-video-preview":"max-video-preview:-1"},"canonical":"https:\/\/www.suno.com.br\/noticias\/queda-do-nasdaq-seria-culpa-do-softbank\/","og_locale":"pt_BR","og_type":"article","og_title":"Queda do Nasdaq seria \"culpa\" do SoftBank, dizem fontes","og_description":"O movimento de forte baixa que o Nasdaq est\u00e1 enfrentando poderia ter um \"culpado\": o SoftBank. Clique aqui para saber mais.","og_url":"https:\/\/www.suno.com.br\/noticias\/queda-do-nasdaq-seria-culpa-do-softbank\/","og_site_name":"Suno Not\u00edcias","article_publisher":"https:\/\/facebook.com\/sunoresearch","og_image":[{"width":1500,"height":839,"url":"https:\/\/files.sunoresearch.com.br\/n\/uploads\/2020\/09\/501267ca-softbank.jpg","type":"image\/jpeg"}],"author":"Carlo Cauti","twitter_card":"summary_large_image","twitter_creator":"@sunoresearch","twitter_site":"@sunoresearch","twitter_misc":{"Escrito por":"Carlo Cauti","Est. tempo de leitura":"3 minutos"},"schema":{"@context":"https:\/\/schema.org","@graph":[{"@type":"NewsArticle","@id":"https:\/\/www.suno.com.br\/noticias\/queda-do-nasdaq-seria-culpa-do-softbank\/#article","isPartOf":{"@id":"https:\/\/www.suno.com.br\/noticias\/queda-do-nasdaq-seria-culpa-do-softbank\/"},"author":{"name":"Carlo Cauti","@id":"https:\/\/www.suno.com.br\/noticias\/#\/schema\/person\/e6e0f723cc177805027f4566c1d5e0c8"},"headline":"Queda do Nasdaq seria &#8220;culpa&#8221; do SoftBank","datePublished":"2020-09-04T16:36:41+00:00","mainEntityOfPage":{"@id":"https:\/\/www.suno.com.br\/noticias\/queda-do-nasdaq-seria-culpa-do-softbank\/"},"wordCount":657,"publisher":{"@id":"https:\/\/www.suno.com.br\/noticias\/#organization"},"image":{"@id":"https:\/\/www.suno.com.br\/noticias\/queda-do-nasdaq-seria-culpa-do-softbank\/#primaryimage"},"thumbnailUrl":"https:\/\/files.sunoresearch.com.br\/n\/uploads\/2020\/09\/501267ca-softbank-jpg.webp","keywords":["Nasdaq","op\u00e7\u00f5es","SoftBank"],"articleSection":["Internacional"],"inLanguage":"pt-BR"},{"@type":"WebPage","@id":"https:\/\/www.suno.com.br\/noticias\/queda-do-nasdaq-seria-culpa-do-softbank\/","url":"https:\/\/www.suno.com.br\/noticias\/queda-do-nasdaq-seria-culpa-do-softbank\/","name":"Queda do Nasdaq seria \"culpa\" do SoftBank, dizem fontes","isPartOf":{"@id":"https:\/\/www.suno.com.br\/noticias\/#website"},"primaryImageOfPage":{"@id":"https:\/\/www.suno.com.br\/noticias\/queda-do-nasdaq-seria-culpa-do-softbank\/#primaryimage"},"image":{"@id":"https:\/\/www.suno.com.br\/noticias\/queda-do-nasdaq-seria-culpa-do-softbank\/#primaryimage"},"thumbnailUrl":"https:\/\/files.sunoresearch.com.br\/n\/uploads\/2020\/09\/501267ca-softbank-jpg.webp","datePublished":"2020-09-04T16:36:41+00:00","description":"O movimento de forte baixa que o Nasdaq est\u00e1 enfrentando poderia ter um \"culpado\": o SoftBank. Clique aqui para saber mais.","breadcrumb":{"@id":"https:\/\/www.suno.com.br\/noticias\/queda-do-nasdaq-seria-culpa-do-softbank\/#breadcrumb"},"inLanguage":"pt-BR","potentialAction":[{"@type":"ReadAction","target":["https:\/\/www.suno.com.br\/noticias\/queda-do-nasdaq-seria-culpa-do-softbank\/"]}]},{"@type":"ImageObject","inLanguage":"pt-BR","@id":"https:\/\/www.suno.com.br\/noticias\/queda-do-nasdaq-seria-culpa-do-softbank\/#primaryimage","url":"https:\/\/files.sunoresearch.com.br\/n\/uploads\/2020\/09\/501267ca-softbank-jpg.webp","contentUrl":"https:\/\/files.sunoresearch.com.br\/n\/uploads\/2020\/09\/501267ca-softbank-jpg.webp","width":1500,"height":839,"caption":"Softbank teve ru\u00eddos na sua troca de comando ap\u00f3s supostos pedidos de b\u00f4nus por Claure - Foto: Divulga\u00e7\u00e3o"},{"@type":"BreadcrumbList","@id":"https:\/\/www.suno.com.br\/noticias\/queda-do-nasdaq-seria-culpa-do-softbank\/#breadcrumb","itemListElement":[{"@type":"ListItem","position":1,"name":"Not\u00edcias","item":"https:\/\/www.suno.com.br\/noticias\/"},{"@type":"ListItem","position":2,"name":"Internacional","item":"https:\/\/www.suno.com.br\/noticias\/internacional\/"},{"@type":"ListItem","position":3,"name":"Queda do Nasdaq seria &#8220;culpa&#8221; do SoftBank"}]},{"@type":"WebSite","@id":"https:\/\/www.suno.com.br\/noticias\/#website","url":"https:\/\/www.suno.com.br\/noticias\/","name":"Suno Not\u00edcias","description":"Seu portal de informa\u00e7\u00e3o sobre o mundo dos investimentos","publisher":{"@id":"https:\/\/www.suno.com.br\/noticias\/#organization"},"potentialAction":[{"@type":"SearchAction","target":{"@type":"EntryPoint","urlTemplate":"https:\/\/www.suno.com.br\/noticias\/?s={search_term_string}"},"query-input":{"@type":"PropertyValueSpecification","valueRequired":true,"valueName":"search_term_string"}}],"inLanguage":"pt-BR"},{"@type":"Organization","@id":"https:\/\/www.suno.com.br\/noticias\/#organization","name":"Suno Not\u00edcias","url":"https:\/\/www.suno.com.br\/noticias\/","logo":{"@type":"ImageObject","inLanguage":"pt-BR","@id":"https:\/\/www.suno.com.br\/noticias\/#\/schema\/logo\/image\/","url":"https:\/\/files.sunoresearch.com.br\/n\/uploads\/2021\/09\/suno-logo.png","contentUrl":"https:\/\/files.sunoresearch.com.br\/n\/uploads\/2021\/09\/suno-logo.png","width":180,"height":180,"caption":"Suno Not\u00edcias"},"image":{"@id":"https:\/\/www.suno.com.br\/noticias\/#\/schema\/logo\/image\/"},"sameAs":["https:\/\/facebook.com\/sunoresearch","https:\/\/x.com\/sunoresearch","https:\/\/www.instagram.com\/suno","https:\/\/www.linkedin.com\/company\/suno-research\/","https:\/\/www.youtube.com\/c\/sunoresearch"]},{"@type":"Person","@id":"https:\/\/www.suno.com.br\/noticias\/#\/schema\/person\/e6e0f723cc177805027f4566c1d5e0c8","name":"Carlo Cauti","image":{"@type":"ImageObject","inLanguage":"pt-BR","@id":"https:\/\/www.suno.com.br\/noticias\/#\/schema\/person\/image\/","url":"https:\/\/secure.gravatar.com\/avatar\/3ada9e0bd164c23abd4792a9606d583c?s=96&r=g","contentUrl":"https:\/\/secure.gravatar.com\/avatar\/3ada9e0bd164c23abd4792a9606d583c?s=96&r=g","caption":"Carlo Cauti"},"description":"Editor multim\u00eddia do SUNO Not\u00edcias. Italiano, formado em Ci\u00eancias Pol\u00edticas pela universidade LUISS G. Carli de Roma e mestre cum laude em Rela\u00e7\u00f5es Internacionais, Jornalismo Internacional e de Guerra e em Economia Internacional. Concluiu tamb\u00e9m um MBA em Finan\u00e7as na B3. No Brasil, teve passagem por ve\u00edculos como Estad\u00e3o, Globo, Veja e EXAME. e nas ag\u00eancias de not\u00edcias italianas ANSA e NOVA.","url":"https:\/\/www.suno.com.br\/noticias\/author\/carlo-cauti\/"}]}},"default_loop_html":"<div class=\"cardsPage__listCard__boxs\"><div class=\"cardsPage__listCard__boxs__img\"><a href=\"https:\/\/www.suno.com.br\/noticias\/queda-do-nasdaq-seria-culpa-do-softbank\/\"><img class=\"mask\" src=\"https:\/\/www.suno.com.br\/noticias\/wp-content\/themes\/suno\/resources\/images\/spotlight\/spotlight1img\/bg-mask.png\" alt=\"Image Mask\"\/><img src=\"https:\/\/files.sunoresearch.com.br\/n\/uploads\/2020\/09\/501267ca-softbank-400x200.webp\" alt=\"Queda do Nasdaq seria &#8220;culpa&#8221; do SoftBank\"\/><\/a><span class=\"spotlightCategory\"><a href=\"https:\/\/www.suno.com.br\/noticias\/internacional\/\">Internacional<\/a><\/span><\/div><div class=\"cardsPage__listCard__boxs__content\"><a href=\"https:\/\/www.suno.com.br\/noticias\/queda-do-nasdaq-seria-culpa-do-softbank\/\"><h2 class=\"content__title\">Queda do Nasdaq seria &#8220;culpa&#8221; do SoftBank<\/h2><\/a><div class=\"newsContent__article__meta\"><div class=\"newsContent__article__meta__authorBox\"><a href=\"https:\/\/www.suno.com.br\/noticias\/author\/carlo-cauti\/\" class=\"authorBox__avatar noMobi\"><img src=\"https:\/\/files.sunoresearch.com.br\/n\/uploads\/2020\/08\/e3745f9a-perfil-carlo-cauti-150x150.webp\" alt=\"Carlo Cauti\"><\/a><div class=\"authorBox__name\"><span>por\n\t\t\t<a href=\"https:\/\/www.suno.com.br\/noticias\/author\/carlo-cauti\/\"><span itemprop=\"author\">Carlo Cauti<\/span><\/a><\/span><time datetime=\"2020-09-04T13:36:41-03:00\" itemprop=\"datePublished\">04\/09\/2020 13:36<\/time><\/div><\/div><\/div><\/div><\/div>","single_layout":"posts","amp_enabled":true,"_links":{"self":[{"href":"https:\/\/www.suno.com.br\/noticias\/wp-json\/wp\/v2\/posts\/82652"}],"collection":[{"href":"https:\/\/www.suno.com.br\/noticias\/wp-json\/wp\/v2\/posts"}],"about":[{"href":"https:\/\/www.suno.com.br\/noticias\/wp-json\/wp\/v2\/types\/post"}],"author":[{"embeddable":true,"href":"https:\/\/www.suno.com.br\/noticias\/wp-json\/wp\/v2\/users\/9"}],"replies":[{"embeddable":true,"href":"https:\/\/www.suno.com.br\/noticias\/wp-json\/wp\/v2\/comments?post=82652"}],"version-history":[{"count":0,"href":"https:\/\/www.suno.com.br\/noticias\/wp-json\/wp\/v2\/posts\/82652\/revisions"}],"wp:featuredmedia":[{"embeddable":true,"href":"https:\/\/www.suno.com.br\/noticias\/wp-json\/wp\/v2\/media\/82665"}],"wp:attachment":[{"href":"https:\/\/www.suno.com.br\/noticias\/wp-json\/wp\/v2\/media?parent=82652"}],"wp:term":[{"taxonomy":"category","embeddable":true,"href":"https:\/\/www.suno.com.br\/noticias\/wp-json\/wp\/v2\/categories?post=82652"},{"taxonomy":"post_tag","embeddable":true,"href":"https:\/\/www.suno.com.br\/noticias\/wp-json\/wp\/v2\/tags?post=82652"},{"taxonomy":"suno_strategy","embeddable":true,"href":"https:\/\/www.suno.com.br\/noticias\/wp-json\/wp\/v2\/suno_strategy?post=82652"}],"curies":[{"name":"wp","href":"https:\/\/api.w.org\/{rel}","templated":true}]}}