{"id":82624,"date":"2020-09-04T13:07:50","date_gmt":"2020-09-04T16:07:50","guid":{"rendered":"https:\/\/www.suno.com.br\/noticias\/?p=82624"},"modified":"2020-09-04T13:07:50","modified_gmt":"2020-09-04T16:07:50","slug":"marfrig-mrfg3-acordo-investimentos-associacao-paraguaia","status":"publish","type":"post","link":"https:\/\/www.suno.com.br\/noticias\/marfrig-mrfg3-acordo-investimentos-associacao-paraguaia\/","title":{"rendered":"Marfrig firma acordo de investimentos com associa\u00e7\u00e3o paraguaia de exportadores de carne"},"content":{"rendered":"<p>A <a href=\"https:\/\/www.suno.com.br\/acoes\/mrfg3\/\"><strong>Marfrig<\/strong> <strong>Global<\/strong> <strong>Foods<\/strong> (MRFG3)<\/a> comunicou, nesta sexta-feira (4), que realizou um acordo n\u00e3o vinculante com a Associa\u00e7\u00e3o Paraguaia dos Produtores e Exportadores de Carne (APPEC). O objetivo do acordo, por parte da Marfrig, \u00e9 explorar poss\u00edveis oportunidades de investimento no pa\u00eds.<\/p>\t<div class=\"wrapper-featured-image\">\n\t\t<figure class=\"spotlightImg\">\n\n\t\t\t<picture>\n\t\t\t\t<source media=\"(max-width: 768px)\" srcset=\"https:\/\/files.sunoresearch.com.br\/n\/uploads\/2019\/12\/a5ac8a1b-marfrig-400x200.webp\">\n\t\t\t\t<img loading=\"lazy\" decoding=\"async\" class=\"newsContent__article__imgCapa lazyloadDisabled \" src=\"https:\/\/files.sunoresearch.com.br\/n\/uploads\/2019\/12\/a5ac8a1b-marfrig-800x450.webp\" width=\"800\" height=\"450\" alt=\"Marfrig firma acordo de investimentos com associa\u00e7\u00e3o paraguaia de exportadores de carne\" fetchpriority=high \/>\n\t\t\t<\/picture>\n\n\t\t\t<figcaption class=\"wp-caption-text wp-caption-text--show\">Marfrig (MRFG3): nos neg\u00f3cios do controlador, ESG em alta<\/figcaption>\n\t\t<\/figure>\n\t<\/div>\n\n\n<div class=\"hubspot-form-wrapper\">\n\t<div id=\"single-form-target\"><\/div>\n<\/div>\n\n<p>&#8220;A participa\u00e7\u00e3o da Marfrig na nova sociedade ser\u00e1 de 85%, com 15% do capital social pertencentes \u00e0 APPEC. Os investimentos da Marfrig poder\u00e3o atingir 100 milh\u00f5es de d\u00f3lares norte-americanos em at\u00e9 24 meses&#8221;, informou a companhia em comunicado ao mercado.<\/p>\n<p>A gigante do setor frigor\u00edfico tamb\u00e9m afirmou que dever\u00e1 contribuir com seu &#8220;know-how&#8221; em mat\u00e9ria de tecnologia, produ\u00e7\u00e3o, comercializa\u00e7\u00e3o e log\u00edstica. Por outro lado, a APPEC ter\u00e1 como objetivo garantir uma quantidade significativa de mat\u00e9ria-prima e seus conhecimentos aprofundados no mercado local para que seja otimizado o desenvolvimento do neg\u00f3cio de forma sustent\u00e1vel, &#8220;com alta qualidade e a pre\u00e7os competitivos&#8221;.<\/p>\n<p><a href=\"https:\/\/lp.suno.com.br\/suno-one\/\">Suno One: o primeiro passo para alcan\u00e7ar a sua independ\u00eancia financeira. Acesse agora, \u00e9 gratuito!<\/a><\/p>\n<p>A Marfrig destacou ainda que a opera\u00e7\u00e3o tem como intuito &#8220;replicar o modelo de sucesso que a Marfrig vem desenvolvendo na National Beef em que conta com os produtores locais como s\u00f3cios do empreendimento&#8221;.<\/p>\n<h2>Lucro da Marfrig no 2T20<\/h2>\n<p>A Marfrig divulgou, no dia 12 de agosto, os resultados do segundo trimestre de 2020. A gigante da produ\u00e7\u00e3o de prote\u00ednas animais registrou um <a href=\"https:\/\/www.suno.com.br\/artigos\/lucro-liquido\/\">lucro l\u00edquido<\/a> de R$ 1,59 bilh\u00e3o, crescimento de 1.743% em rela\u00e7\u00e3o ao mesmo per\u00edodo do ano passado, quando apresentou R$ 87 milh\u00f5es.<\/p>\n\t<div data-element=\"shortcode-read-more\" class=\"knowMore\">\n\t\t\t\t<span class=\"knowMore__title\">Saiba Mais<\/span>\n\t\t\t\t<a class=\"knowMore__link\" href=\"https:\/\/www.suno.com.br\/noticias\/marfrig-mrfg3-adm-aprovacao-cade-operar-joint-venture\/\">\n\t\t\tMarfrig (MRFG3) e ADM recebem aval do Cade para operar joint venture\t\t<\/a>\n\t<\/div>\n\n\n<p>A <a href=\"https:\/\/www.suno.com.br\/artigos\/o-que-receita-liquida\/\">receita l\u00edquida<\/a> da Marfrig cresceu 54% no per\u00edodo, passando de R$ 12,24 bilh\u00f5es, no segundo trimestre de 2019, para R$ 18,88 bilh\u00f5es no mesmo intervalo deste ano. Por sua vez, o lucro bruto foi de R$ 4,56 bilh\u00f5es de mar\u00e7o at\u00e9 junho, o que representa um crescimento de 200% em rela\u00e7\u00e3o ao mesmo per\u00edodo do ano passado, quando tinha sido de R$ 1,11 bilh\u00f5es.<\/p>\n<p>O <a href=\"https:\/\/www.suno.com.br\/artigos\/ebitda\/\">Ebitda (lucro antes de juros, impostos, deprecia\u00e7\u00e3o e amortiza\u00e7\u00e3o) ajustado<\/a> da <strong>Marfrig<\/strong> no per\u00edodo foi de R$ 4,06 bilh\u00f5es, alta de 266% em rela\u00e7\u00e3o aos R$ 1,11 bilh\u00f5es do mesmo per\u00edodo do ano passado.<\/p>\n\t<p>\n\t\t<a href=\"https:\/\/lp.suno.com.br\/planilha-de-controle-de-investimentos\/\" target=\"_blank\" data-element=\"shortcode-suno-banner\" title=\"Banner SUNO, clique e saiba mais\">\n\t\t\t<picture>\n\t\t\t\t<source media=\"(max-width: 500px)\" srcset=\"https:\/\/files.sunoresearch.com.br\/n\/uploads\/2023\/03\/400x300-Controle-de-Investimentos.png\">\n\t\t\t\t<img class=\"newsContent__article__imgCapa newsContent__article__imgCapa--banner\"\n\t\t\t\t\tsrc=\"https:\/\/files.sunoresearch.com.br\/n\/uploads\/2023\/03\/1420x240-Controle-de-Investimentos.png\"\n\t\t\t\t\tdata-promo-id=\"75934\"\t\t\t\t\t\t\t\t\t\twidth='1420' height='240'\t\t\t\t\talt=\"https:\/\/files.sunoresearch.com.br\/n\/uploads\/2023\/03\/1420x240-Controle-de-Investimentos.png\"\n\t\t\t\t>\n\t\t\t<\/picture>\n\t\t<\/a>\n\t<\/p>\n\n\n","protected":false},"excerpt":{"rendered":"<p>A Marfrig Global Foods (MRFG3) comunicou, nesta sexta-feira (4), que realizou um acordo n\u00e3o vinculante com a Associa\u00e7\u00e3o Paraguaia dos Produtores e Exportadores de Carne (APPEC). O objetivo do acordo, por parte da Marfrig, \u00e9 explorar poss\u00edveis oportunidades de investimento no pa\u00eds. Marfrig (MRFG3): nos neg\u00f3cios do controlador, ESG em alta &#8220;A participa\u00e7\u00e3o da Marfrig [&hellip;]<\/p>\n","protected":false},"author":19,"featured_media":46987,"comment_status":"closed","ping_status":"closed","sticky":false,"template":"","format":"standard","meta":[],"categories":[64],"tags":[552],"suno_strategy":[],"class_list":["post-82624","post","type-post","status-publish","format-standard","has-post-thumbnail","hentry","category-negocios","tag-marfrig-mrfg3"],"yoast_head":"<!-- This site is optimized with the Yoast SEO plugin v24.4 - https:\/\/yoast.com\/wordpress\/plugins\/seo\/ -->\n<title>Marfrig (MRFG3) firma acordo de investimentos com APPEC<\/title>\n<meta name=\"description\" content=\"A Marfrig (MRFG3) comunicou que realizou um acordo n\u00e3o vinculante com a Associa\u00e7\u00e3o Paraguaia dos Produtores e Exportadores de Carne (APPEC).\" \/>\n<meta name=\"robots\" content=\"index, follow, max-snippet:-1, max-image-preview:large, max-video-preview:-1\" \/>\n<link rel=\"canonical\" href=\"https:\/\/www.suno.com.br\/noticias\/marfrig-mrfg3-acordo-investimentos-associacao-paraguaia\/\" \/>\n<meta property=\"og:locale\" content=\"pt_BR\" \/>\n<meta property=\"og:type\" content=\"article\" \/>\n<meta property=\"og:title\" content=\"Marfrig (MRFG3) firma acordo de investimentos com APPEC\" \/>\n<meta property=\"og:description\" content=\"A Marfrig (MRFG3) comunicou que realizou um acordo n\u00e3o vinculante com a Associa\u00e7\u00e3o Paraguaia dos Produtores e Exportadores de Carne (APPEC).\" \/>\n<meta property=\"og:url\" content=\"https:\/\/www.suno.com.br\/noticias\/marfrig-mrfg3-acordo-investimentos-associacao-paraguaia\/\" \/>\n<meta property=\"og:site_name\" content=\"Suno Not\u00edcias\" \/>\n<meta property=\"article:publisher\" content=\"https:\/\/facebook.com\/sunoresearch\" \/>\n<meta property=\"og:image\" content=\"https:\/\/files.sunoresearch.com.br\/n\/uploads\/2019\/12\/a5ac8a1b-marfrig.jpg\" \/>\n\t<meta property=\"og:image:width\" content=\"848\" \/>\n\t<meta property=\"og:image:height\" content=\"477\" \/>\n\t<meta property=\"og:image:type\" content=\"image\/jpeg\" \/>\n<meta name=\"author\" content=\"Juliano Passaro\" \/>\n<meta name=\"twitter:card\" content=\"summary_large_image\" \/>\n<meta name=\"twitter:creator\" content=\"@sunoresearch\" \/>\n<meta name=\"twitter:site\" content=\"@sunoresearch\" \/>\n<meta name=\"twitter:label1\" content=\"Escrito por\" \/>\n\t<meta name=\"twitter:data1\" content=\"Juliano Passaro\" \/>\n\t<meta name=\"twitter:label2\" content=\"Est. tempo de leitura\" \/>\n\t<meta name=\"twitter:data2\" content=\"2 minutos\" \/>\n<script type=\"application\/ld+json\" class=\"yoast-schema-graph\">{\"@context\":\"https:\/\/schema.org\",\"@graph\":[{\"@type\":\"NewsArticle\",\"@id\":\"https:\/\/www.suno.com.br\/noticias\/marfrig-mrfg3-acordo-investimentos-associacao-paraguaia\/#article\",\"isPartOf\":{\"@id\":\"https:\/\/www.suno.com.br\/noticias\/marfrig-mrfg3-acordo-investimentos-associacao-paraguaia\/\"},\"author\":{\"name\":\"Juliano Passaro\",\"@id\":\"https:\/\/www.suno.com.br\/noticias\/#\/schema\/person\/1db762f78ffd8919a648a63e425953e3\"},\"headline\":\"Marfrig firma acordo de investimentos com associa\u00e7\u00e3o paraguaia de exportadores de carne\",\"datePublished\":\"2020-09-04T16:07:50+00:00\",\"mainEntityOfPage\":{\"@id\":\"https:\/\/www.suno.com.br\/noticias\/marfrig-mrfg3-acordo-investimentos-associacao-paraguaia\/\"},\"wordCount\":400,\"publisher\":{\"@id\":\"https:\/\/www.suno.com.br\/noticias\/#organization\"},\"image\":{\"@id\":\"https:\/\/www.suno.com.br\/noticias\/marfrig-mrfg3-acordo-investimentos-associacao-paraguaia\/#primaryimage\"},\"thumbnailUrl\":\"https:\/\/files.sunoresearch.com.br\/n\/uploads\/2019\/12\/a5ac8a1b-marfrig-jpg.webp\",\"keywords\":[\"Marfrig (MRFG3)\"],\"articleSection\":[\"Neg\u00f3cios\"],\"inLanguage\":\"pt-BR\"},{\"@type\":\"WebPage\",\"@id\":\"https:\/\/www.suno.com.br\/noticias\/marfrig-mrfg3-acordo-investimentos-associacao-paraguaia\/\",\"url\":\"https:\/\/www.suno.com.br\/noticias\/marfrig-mrfg3-acordo-investimentos-associacao-paraguaia\/\",\"name\":\"Marfrig (MRFG3) firma acordo de investimentos com APPEC\",\"isPartOf\":{\"@id\":\"https:\/\/www.suno.com.br\/noticias\/#website\"},\"primaryImageOfPage\":{\"@id\":\"https:\/\/www.suno.com.br\/noticias\/marfrig-mrfg3-acordo-investimentos-associacao-paraguaia\/#primaryimage\"},\"image\":{\"@id\":\"https:\/\/www.suno.com.br\/noticias\/marfrig-mrfg3-acordo-investimentos-associacao-paraguaia\/#primaryimage\"},\"thumbnailUrl\":\"https:\/\/files.sunoresearch.com.br\/n\/uploads\/2019\/12\/a5ac8a1b-marfrig-jpg.webp\",\"datePublished\":\"2020-09-04T16:07:50+00:00\",\"description\":\"A Marfrig (MRFG3) comunicou que realizou um acordo n\u00e3o vinculante com a Associa\u00e7\u00e3o Paraguaia dos Produtores e Exportadores de Carne (APPEC).\",\"breadcrumb\":{\"@id\":\"https:\/\/www.suno.com.br\/noticias\/marfrig-mrfg3-acordo-investimentos-associacao-paraguaia\/#breadcrumb\"},\"inLanguage\":\"pt-BR\",\"potentialAction\":[{\"@type\":\"ReadAction\",\"target\":[\"https:\/\/www.suno.com.br\/noticias\/marfrig-mrfg3-acordo-investimentos-associacao-paraguaia\/\"]}]},{\"@type\":\"ImageObject\",\"inLanguage\":\"pt-BR\",\"@id\":\"https:\/\/www.suno.com.br\/noticias\/marfrig-mrfg3-acordo-investimentos-associacao-paraguaia\/#primaryimage\",\"url\":\"https:\/\/files.sunoresearch.com.br\/n\/uploads\/2019\/12\/a5ac8a1b-marfrig-jpg.webp\",\"contentUrl\":\"https:\/\/files.sunoresearch.com.br\/n\/uploads\/2019\/12\/a5ac8a1b-marfrig-jpg.webp\",\"width\":848,\"height\":477,\"caption\":\"Marfrig (MRFG3): nos neg\u00f3cios do controlador, ESG em alta\"},{\"@type\":\"BreadcrumbList\",\"@id\":\"https:\/\/www.suno.com.br\/noticias\/marfrig-mrfg3-acordo-investimentos-associacao-paraguaia\/#breadcrumb\",\"itemListElement\":[{\"@type\":\"ListItem\",\"position\":1,\"name\":\"Not\u00edcias\",\"item\":\"https:\/\/www.suno.com.br\/noticias\/\"},{\"@type\":\"ListItem\",\"position\":2,\"name\":\"Neg\u00f3cios\",\"item\":\"https:\/\/www.suno.com.br\/noticias\/negocios\/\"},{\"@type\":\"ListItem\",\"position\":3,\"name\":\"Marfrig firma acordo de investimentos com associa\u00e7\u00e3o paraguaia de exportadores de carne\"}]},{\"@type\":\"WebSite\",\"@id\":\"https:\/\/www.suno.com.br\/noticias\/#website\",\"url\":\"https:\/\/www.suno.com.br\/noticias\/\",\"name\":\"Suno Not\u00edcias\",\"description\":\"Seu portal de informa\u00e7\u00e3o sobre o mundo dos investimentos\",\"publisher\":{\"@id\":\"https:\/\/www.suno.com.br\/noticias\/#organization\"},\"potentialAction\":[{\"@type\":\"SearchAction\",\"target\":{\"@type\":\"EntryPoint\",\"urlTemplate\":\"https:\/\/www.suno.com.br\/noticias\/?s={search_term_string}\"},\"query-input\":{\"@type\":\"PropertyValueSpecification\",\"valueRequired\":true,\"valueName\":\"search_term_string\"}}],\"inLanguage\":\"pt-BR\"},{\"@type\":\"Organization\",\"@id\":\"https:\/\/www.suno.com.br\/noticias\/#organization\",\"name\":\"Suno Not\u00edcias\",\"url\":\"https:\/\/www.suno.com.br\/noticias\/\",\"logo\":{\"@type\":\"ImageObject\",\"inLanguage\":\"pt-BR\",\"@id\":\"https:\/\/www.suno.com.br\/noticias\/#\/schema\/logo\/image\/\",\"url\":\"https:\/\/files.sunoresearch.com.br\/n\/uploads\/2021\/09\/suno-logo.png\",\"contentUrl\":\"https:\/\/files.sunoresearch.com.br\/n\/uploads\/2021\/09\/suno-logo.png\",\"width\":180,\"height\":180,\"caption\":\"Suno Not\u00edcias\"},\"image\":{\"@id\":\"https:\/\/www.suno.com.br\/noticias\/#\/schema\/logo\/image\/\"},\"sameAs\":[\"https:\/\/facebook.com\/sunoresearch\",\"https:\/\/x.com\/sunoresearch\",\"https:\/\/www.instagram.com\/suno\",\"https:\/\/www.linkedin.com\/company\/suno-research\/\",\"https:\/\/www.youtube.com\/c\/sunoresearch\"]},{\"@type\":\"Person\",\"@id\":\"https:\/\/www.suno.com.br\/noticias\/#\/schema\/person\/1db762f78ffd8919a648a63e425953e3\",\"name\":\"Juliano Passaro\",\"image\":{\"@type\":\"ImageObject\",\"inLanguage\":\"pt-BR\",\"@id\":\"https:\/\/www.suno.com.br\/noticias\/#\/schema\/person\/image\/\",\"url\":\"https:\/\/secure.gravatar.com\/avatar\/743d4df28eebf6dcc46b4ad03c319e92?s=96&r=g\",\"contentUrl\":\"https:\/\/secure.gravatar.com\/avatar\/743d4df28eebf6dcc46b4ad03c319e92?s=96&r=g\",\"caption\":\"Juliano Passaro\"},\"description\":\"Juliano Passaro escreve sobre pol\u00edtica, economia e neg\u00f3cios para o portal da Suno Research. Antes da Suno, trabalhou no Portal da Band. \u00c9 formado em jornalismo pela Universidade Presbiteriana Mackenzie.\",\"url\":\"https:\/\/www.suno.com.br\/noticias\/author\/juliano\/\"}]}<\/script>\n<!-- \/ Yoast SEO plugin. -->","yoast_head_json":{"title":"Marfrig (MRFG3) firma acordo de investimentos com APPEC","description":"A Marfrig (MRFG3) comunicou que realizou um acordo n\u00e3o vinculante com a Associa\u00e7\u00e3o Paraguaia dos Produtores e Exportadores de Carne (APPEC).","robots":{"index":"index","follow":"follow","max-snippet":"max-snippet:-1","max-image-preview":"max-image-preview:large","max-video-preview":"max-video-preview:-1"},"canonical":"https:\/\/www.suno.com.br\/noticias\/marfrig-mrfg3-acordo-investimentos-associacao-paraguaia\/","og_locale":"pt_BR","og_type":"article","og_title":"Marfrig (MRFG3) firma acordo de investimentos com APPEC","og_description":"A Marfrig (MRFG3) comunicou que realizou um acordo n\u00e3o vinculante com a Associa\u00e7\u00e3o Paraguaia dos Produtores e Exportadores de Carne (APPEC).","og_url":"https:\/\/www.suno.com.br\/noticias\/marfrig-mrfg3-acordo-investimentos-associacao-paraguaia\/","og_site_name":"Suno Not\u00edcias","article_publisher":"https:\/\/facebook.com\/sunoresearch","og_image":[{"width":848,"height":477,"url":"https:\/\/files.sunoresearch.com.br\/n\/uploads\/2019\/12\/a5ac8a1b-marfrig.jpg","type":"image\/jpeg"}],"author":"Juliano Passaro","twitter_card":"summary_large_image","twitter_creator":"@sunoresearch","twitter_site":"@sunoresearch","twitter_misc":{"Escrito por":"Juliano Passaro","Est. tempo de leitura":"2 minutos"},"schema":{"@context":"https:\/\/schema.org","@graph":[{"@type":"NewsArticle","@id":"https:\/\/www.suno.com.br\/noticias\/marfrig-mrfg3-acordo-investimentos-associacao-paraguaia\/#article","isPartOf":{"@id":"https:\/\/www.suno.com.br\/noticias\/marfrig-mrfg3-acordo-investimentos-associacao-paraguaia\/"},"author":{"name":"Juliano Passaro","@id":"https:\/\/www.suno.com.br\/noticias\/#\/schema\/person\/1db762f78ffd8919a648a63e425953e3"},"headline":"Marfrig firma acordo de investimentos com associa\u00e7\u00e3o paraguaia de exportadores de carne","datePublished":"2020-09-04T16:07:50+00:00","mainEntityOfPage":{"@id":"https:\/\/www.suno.com.br\/noticias\/marfrig-mrfg3-acordo-investimentos-associacao-paraguaia\/"},"wordCount":400,"publisher":{"@id":"https:\/\/www.suno.com.br\/noticias\/#organization"},"image":{"@id":"https:\/\/www.suno.com.br\/noticias\/marfrig-mrfg3-acordo-investimentos-associacao-paraguaia\/#primaryimage"},"thumbnailUrl":"https:\/\/files.sunoresearch.com.br\/n\/uploads\/2019\/12\/a5ac8a1b-marfrig-jpg.webp","keywords":["Marfrig (MRFG3)"],"articleSection":["Neg\u00f3cios"],"inLanguage":"pt-BR"},{"@type":"WebPage","@id":"https:\/\/www.suno.com.br\/noticias\/marfrig-mrfg3-acordo-investimentos-associacao-paraguaia\/","url":"https:\/\/www.suno.com.br\/noticias\/marfrig-mrfg3-acordo-investimentos-associacao-paraguaia\/","name":"Marfrig (MRFG3) firma acordo de investimentos com APPEC","isPartOf":{"@id":"https:\/\/www.suno.com.br\/noticias\/#website"},"primaryImageOfPage":{"@id":"https:\/\/www.suno.com.br\/noticias\/marfrig-mrfg3-acordo-investimentos-associacao-paraguaia\/#primaryimage"},"image":{"@id":"https:\/\/www.suno.com.br\/noticias\/marfrig-mrfg3-acordo-investimentos-associacao-paraguaia\/#primaryimage"},"thumbnailUrl":"https:\/\/files.sunoresearch.com.br\/n\/uploads\/2019\/12\/a5ac8a1b-marfrig-jpg.webp","datePublished":"2020-09-04T16:07:50+00:00","description":"A Marfrig (MRFG3) comunicou que realizou um acordo n\u00e3o vinculante com a Associa\u00e7\u00e3o Paraguaia dos Produtores e Exportadores de Carne (APPEC).","breadcrumb":{"@id":"https:\/\/www.suno.com.br\/noticias\/marfrig-mrfg3-acordo-investimentos-associacao-paraguaia\/#breadcrumb"},"inLanguage":"pt-BR","potentialAction":[{"@type":"ReadAction","target":["https:\/\/www.suno.com.br\/noticias\/marfrig-mrfg3-acordo-investimentos-associacao-paraguaia\/"]}]},{"@type":"ImageObject","inLanguage":"pt-BR","@id":"https:\/\/www.suno.com.br\/noticias\/marfrig-mrfg3-acordo-investimentos-associacao-paraguaia\/#primaryimage","url":"https:\/\/files.sunoresearch.com.br\/n\/uploads\/2019\/12\/a5ac8a1b-marfrig-jpg.webp","contentUrl":"https:\/\/files.sunoresearch.com.br\/n\/uploads\/2019\/12\/a5ac8a1b-marfrig-jpg.webp","width":848,"height":477,"caption":"Marfrig (MRFG3): nos neg\u00f3cios do controlador, ESG em alta"},{"@type":"BreadcrumbList","@id":"https:\/\/www.suno.com.br\/noticias\/marfrig-mrfg3-acordo-investimentos-associacao-paraguaia\/#breadcrumb","itemListElement":[{"@type":"ListItem","position":1,"name":"Not\u00edcias","item":"https:\/\/www.suno.com.br\/noticias\/"},{"@type":"ListItem","position":2,"name":"Neg\u00f3cios","item":"https:\/\/www.suno.com.br\/noticias\/negocios\/"},{"@type":"ListItem","position":3,"name":"Marfrig firma acordo de investimentos com associa\u00e7\u00e3o paraguaia de exportadores de carne"}]},{"@type":"WebSite","@id":"https:\/\/www.suno.com.br\/noticias\/#website","url":"https:\/\/www.suno.com.br\/noticias\/","name":"Suno Not\u00edcias","description":"Seu portal de informa\u00e7\u00e3o sobre o mundo dos investimentos","publisher":{"@id":"https:\/\/www.suno.com.br\/noticias\/#organization"},"potentialAction":[{"@type":"SearchAction","target":{"@type":"EntryPoint","urlTemplate":"https:\/\/www.suno.com.br\/noticias\/?s={search_term_string}"},"query-input":{"@type":"PropertyValueSpecification","valueRequired":true,"valueName":"search_term_string"}}],"inLanguage":"pt-BR"},{"@type":"Organization","@id":"https:\/\/www.suno.com.br\/noticias\/#organization","name":"Suno Not\u00edcias","url":"https:\/\/www.suno.com.br\/noticias\/","logo":{"@type":"ImageObject","inLanguage":"pt-BR","@id":"https:\/\/www.suno.com.br\/noticias\/#\/schema\/logo\/image\/","url":"https:\/\/files.sunoresearch.com.br\/n\/uploads\/2021\/09\/suno-logo.png","contentUrl":"https:\/\/files.sunoresearch.com.br\/n\/uploads\/2021\/09\/suno-logo.png","width":180,"height":180,"caption":"Suno Not\u00edcias"},"image":{"@id":"https:\/\/www.suno.com.br\/noticias\/#\/schema\/logo\/image\/"},"sameAs":["https:\/\/facebook.com\/sunoresearch","https:\/\/x.com\/sunoresearch","https:\/\/www.instagram.com\/suno","https:\/\/www.linkedin.com\/company\/suno-research\/","https:\/\/www.youtube.com\/c\/sunoresearch"]},{"@type":"Person","@id":"https:\/\/www.suno.com.br\/noticias\/#\/schema\/person\/1db762f78ffd8919a648a63e425953e3","name":"Juliano Passaro","image":{"@type":"ImageObject","inLanguage":"pt-BR","@id":"https:\/\/www.suno.com.br\/noticias\/#\/schema\/person\/image\/","url":"https:\/\/secure.gravatar.com\/avatar\/743d4df28eebf6dcc46b4ad03c319e92?s=96&r=g","contentUrl":"https:\/\/secure.gravatar.com\/avatar\/743d4df28eebf6dcc46b4ad03c319e92?s=96&r=g","caption":"Juliano Passaro"},"description":"Juliano Passaro escreve sobre pol\u00edtica, economia e neg\u00f3cios para o portal da Suno Research. Antes da Suno, trabalhou no Portal da Band. \u00c9 formado em jornalismo pela Universidade Presbiteriana Mackenzie.","url":"https:\/\/www.suno.com.br\/noticias\/author\/juliano\/"}]}},"default_loop_html":"<div class=\"cardsPage__listCard__boxs\"><div class=\"cardsPage__listCard__boxs__img\"><a href=\"https:\/\/www.suno.com.br\/noticias\/marfrig-mrfg3-acordo-investimentos-associacao-paraguaia\/\"><img class=\"mask\" src=\"https:\/\/www.suno.com.br\/noticias\/wp-content\/themes\/suno\/resources\/images\/spotlight\/spotlight1img\/bg-mask.png\" alt=\"Image Mask\"\/><img src=\"https:\/\/files.sunoresearch.com.br\/n\/uploads\/2019\/12\/a5ac8a1b-marfrig-400x200.webp\" alt=\"Marfrig firma acordo de investimentos com associa\u00e7\u00e3o paraguaia de exportadores de carne\"\/><\/a><span class=\"spotlightCategory\"><a href=\"https:\/\/www.suno.com.br\/noticias\/negocios\/\">Neg\u00f3cios<\/a><\/span><\/div><div class=\"cardsPage__listCard__boxs__content\"><a href=\"https:\/\/www.suno.com.br\/noticias\/marfrig-mrfg3-acordo-investimentos-associacao-paraguaia\/\"><h2 class=\"content__title\">Marfrig firma acordo de investimentos com associa\u00e7\u00e3o paraguaia de exportadores de carne<\/h2><\/a><div class=\"newsContent__article__meta\"><div class=\"newsContent__article__meta__authorBox\"><a href=\"https:\/\/www.suno.com.br\/noticias\/author\/juliano\/\" class=\"authorBox__avatar noMobi\"><img src=\"https:\/\/files.sunoresearch.com.br\/n\/uploads\/2019\/06\/7cc3efea-whatsapp-image-2019-07-18-at-21.59.33-e1563499821209-150x150.webp\" alt=\"Juliano Passaro\"><\/a><div class=\"authorBox__name\"><span>por\n\t\t\t<a href=\"https:\/\/www.suno.com.br\/noticias\/author\/juliano\/\"><span itemprop=\"author\">Juliano Passaro<\/span><\/a><\/span><time datetime=\"2020-09-04T13:07:50-03:00\" itemprop=\"datePublished\">04\/09\/2020 13:07<\/time><\/div><\/div><\/div><\/div><\/div>","single_layout":"posts","amp_enabled":true,"_links":{"self":[{"href":"https:\/\/www.suno.com.br\/noticias\/wp-json\/wp\/v2\/posts\/82624"}],"collection":[{"href":"https:\/\/www.suno.com.br\/noticias\/wp-json\/wp\/v2\/posts"}],"about":[{"href":"https:\/\/www.suno.com.br\/noticias\/wp-json\/wp\/v2\/types\/post"}],"author":[{"embeddable":true,"href":"https:\/\/www.suno.com.br\/noticias\/wp-json\/wp\/v2\/users\/19"}],"replies":[{"embeddable":true,"href":"https:\/\/www.suno.com.br\/noticias\/wp-json\/wp\/v2\/comments?post=82624"}],"version-history":[{"count":0,"href":"https:\/\/www.suno.com.br\/noticias\/wp-json\/wp\/v2\/posts\/82624\/revisions"}],"wp:featuredmedia":[{"embeddable":true,"href":"https:\/\/www.suno.com.br\/noticias\/wp-json\/wp\/v2\/media\/46987"}],"wp:attachment":[{"href":"https:\/\/www.suno.com.br\/noticias\/wp-json\/wp\/v2\/media?parent=82624"}],"wp:term":[{"taxonomy":"category","embeddable":true,"href":"https:\/\/www.suno.com.br\/noticias\/wp-json\/wp\/v2\/categories?post=82624"},{"taxonomy":"post_tag","embeddable":true,"href":"https:\/\/www.suno.com.br\/noticias\/wp-json\/wp\/v2\/tags?post=82624"},{"taxonomy":"suno_strategy","embeddable":true,"href":"https:\/\/www.suno.com.br\/noticias\/wp-json\/wp\/v2\/suno_strategy?post=82624"}],"curies":[{"name":"wp","href":"https:\/\/api.w.org\/{rel}","templated":true}]}}