{"id":8261,"date":"2018-12-10T10:52:16","date_gmt":"2018-12-10T12:52:16","guid":{"rendered":"https:\/\/www.suno.com.br\/noticias\/?p=8261"},"modified":"2018-12-10T11:03:20","modified_gmt":"2018-12-10T13:03:20","slug":"brexit-nao-sera-votado-parlamento-britanico","status":"publish","type":"post","link":"https:\/\/www.suno.com.br\/noticias\/brexit-nao-sera-votado-parlamento-britanico\/","title":{"rendered":"Brexit n\u00e3o ser\u00e1 votado no Parlamento brit\u00e2nico ap\u00f3s recuo do governo"},"content":{"rendered":"<p>O Parlamento do Reino Unido n\u00e3o votar\u00e1 o Brexit nesta ter\u00e7a-feira (11).\u00a0De acordo com fontes internas ao governo brit\u00e2nico, a primeira-ministra Theresa May decidiu recuar por medo de uma derrota.<\/p>\t<div class=\"wrapper-featured-image\">\n\t\t<figure class=\"spotlightImg\">\n\n\t\t\t<picture>\n\t\t\t\t<source media=\"(max-width: 768px)\" srcset=\"https:\/\/files.sunoresearch.com.br\/n\/uploads\/2018\/12\/6dade889-brexit-400x200.webp\">\n\t\t\t\t<img loading=\"lazy\" decoding=\"async\" class=\"newsContent__article__imgCapa lazyloadDisabled newsContent__article__imgCapa--noCaption\" src=\"https:\/\/files.sunoresearch.com.br\/n\/uploads\/2018\/12\/6dade889-brexit-jpg.webp\" width=\"800\" height=\"450\" alt=\"Brexit n\u00e3o ser\u00e1 votado no Parlamento brit\u00e2nico ap\u00f3s recuo do governo\" fetchpriority=high \/>\n\t\t\t<\/picture>\n\n\t\t\t<figcaption class=\"wp-caption-text wp-caption-text--hide\">Parlamento brit\u00e2nico votar\u00e1 plano B do Brexit no fim do m\u00eas. (divulga\u00e7\u00e3o)<\/figcaption>\n\t\t<\/figure>\n\t<\/div>\n\n\n<p>Por isso, o governo de Londres n\u00e3o enviar\u00e1 mais para o Parlamento o projeto de acordo sobre o <strong>Brexit. <\/strong>O Brexit \u00e9 a sa\u00edda do <strong>Reino Unido<\/strong> da Uni\u00e3o Europeia.<\/p>\n<p><a href=\"https:\/\/www.suno.com.br\/noticias\/brexit-pode-ser-revogado-reino-unido\/\">Saiba mais: Brexit pode ser revogado pelo Reino Unido, diz Corte Europeia de Justi\u00e7a\u00a0<\/a><\/p>\n<p>A decis\u00e3o de May seguiu as advert\u00eancias de Julian Smith, l\u00edder do partido Conservador na C\u00e2mara. Smith alertou que o acordo sobre o Brexit sofreria uma derrota esmagadora se ela insistisse em apresent\u00e1-lo no Parlamento. Segundo ele, dezenas de parlamentares conservadores votariam contra o texto.<\/p>\n<p>Esta manh\u00e3, o governo brit\u00e2nico informou formalmente que a vota\u00e7\u00e3o estava prevista &#8220;como planejado&#8221;.\u00a0 Entretanto, pouco depois a primeira-ministra disse a seu gabinete em teleconfer\u00eancia que o voto seria adiado.<\/p>\n<h2>Turbul\u00eancia nos mercados<\/h2>\n<p>Logo ap\u00f3s a divulga\u00e7\u00e3o da not\u00edcia, a libra caiu 0,7% em rela\u00e7\u00e3o ao euro, sendo negociada a \u20ac 1,1087 logo ap\u00f3s o meio-dia local. Esse \u00e9 a cota\u00e7\u00e3o mais baixa da libra desde setembro. A moeda tamb\u00e9m caiu 0,5% em rela\u00e7\u00e3o ao d\u00f3lar, cotada em US $ 1,2662. A menor cota\u00e7\u00e3o desde junho de 2017.<\/p>\n<p>A Bolsa de Londres opera em alta de 0,34%, mas chegou a registrar perdas durante a manh\u00e3. Uma situa\u00e7\u00e3o que sugere um aumento no nervosismo dos investidores sobre o crescimento econ\u00f4mico do Reino Unido no futuro. Isso por causa das maiores probabilidades de um Brexit sem acordo.<\/p>\n<p>May deveria falar \u00e0 C\u00e2mara dos Comuns \u00e0s 15:30 locais (as 13:30 no Brasil), explicando sua decis\u00e3o de anular a vota\u00e7\u00e3o. Al\u00e9m disso, a primeira-ministra dever\u00e1 informar como pretende encontrar uma maneira de superar o impasse pol\u00edtico nos pr\u00f3ximos dias.<\/p>\n<h2>May pede ajuda \u00e0 UE<\/h2>\n<p>A primeira-ministra do <strong>Reino Unido<\/strong> espera que esse atraso no voto garanta um acordo melhorado com Bruxelas. May viajar\u00e1 para uma c\u00fapula do Conselho Europeu na quinta-feira (13) para pedir a ajuda dos outros 27 pa\u00edses membros da UE.<\/p>\n<p>O principal ponto de disc\u00f3rdia para os parlamentares conservadores sobre o acordo do <strong>Brexit<\/strong> se tornou a quest\u00e3o da fronteira irlandesa.<\/p>\n","protected":false},"excerpt":{"rendered":"<p>O Parlamento do Reino Unido n\u00e3o votar\u00e1 o Brexit nesta ter\u00e7a-feira (11).\u00a0De acordo com fontes internas ao governo brit\u00e2nico, a primeira-ministra Theresa May decidiu recuar por medo de uma derrota. Parlamento brit\u00e2nico votar\u00e1 plano B do Brexit no fim do m\u00eas. (divulga\u00e7\u00e3o) Por isso, o governo de Londres n\u00e3o enviar\u00e1 mais para o Parlamento o [&hellip;]<\/p>\n","protected":false},"author":9,"featured_media":8264,"comment_status":"closed","ping_status":"closed","sticky":false,"template":"","format":"standard","meta":[],"categories":[63],"tags":[753,730,731],"suno_strategy":[],"class_list":["post-8261","post","type-post","status-publish","format-standard","has-post-thumbnail","hentry","category-internacional","tag-brexit","tag-reino-unido","tag-uniao-europeia"],"yoast_head":"<!-- This site is optimized with the Yoast SEO plugin v24.4 - https:\/\/yoast.com\/wordpress\/plugins\/seo\/ -->\n<title>Brexit n\u00e3o ser\u00e1 votada no Parlamento brit\u00e2nico ap\u00f3s recuo do governo<\/title>\n<meta name=\"description\" content=\"A primeira-ministra Theresa May decidiu recuar do voto sobre o Brexit no Parlamento por medo de uma derrota. Clique aqui para saber mais.\" \/>\n<meta name=\"robots\" content=\"index, follow, max-snippet:-1, max-image-preview:large, max-video-preview:-1\" \/>\n<link rel=\"canonical\" href=\"https:\/\/www.suno.com.br\/noticias\/brexit-nao-sera-votado-parlamento-britanico\/\" \/>\n<meta property=\"og:locale\" content=\"pt_BR\" \/>\n<meta property=\"og:type\" content=\"article\" \/>\n<meta property=\"og:title\" content=\"Brexit n\u00e3o ser\u00e1 votada no Parlamento brit\u00e2nico ap\u00f3s recuo do governo\" \/>\n<meta property=\"og:description\" content=\"A primeira-ministra Theresa May decidiu recuar do voto sobre o Brexit no Parlamento por medo de uma derrota. Clique aqui para saber mais.\" \/>\n<meta property=\"og:url\" content=\"https:\/\/www.suno.com.br\/noticias\/brexit-nao-sera-votado-parlamento-britanico\/\" \/>\n<meta property=\"og:site_name\" content=\"Suno Not\u00edcias\" \/>\n<meta property=\"article:publisher\" content=\"https:\/\/facebook.com\/sunoresearch\" \/>\n<meta property=\"og:image\" content=\"https:\/\/files.sunoresearch.com.br\/n\/uploads\/2018\/12\/6dade889-brexit.jpg\" \/>\n\t<meta property=\"og:image:width\" content=\"660\" \/>\n\t<meta property=\"og:image:height\" content=\"371\" \/>\n\t<meta property=\"og:image:type\" content=\"image\/jpeg\" \/>\n<meta name=\"author\" content=\"Carlo Cauti\" \/>\n<meta name=\"twitter:card\" content=\"summary_large_image\" \/>\n<meta name=\"twitter:creator\" content=\"@sunoresearch\" \/>\n<meta name=\"twitter:site\" content=\"@sunoresearch\" \/>\n<meta name=\"twitter:label1\" content=\"Escrito por\" \/>\n\t<meta name=\"twitter:data1\" content=\"Carlo Cauti\" \/>\n\t<meta name=\"twitter:label2\" content=\"Est. tempo de leitura\" \/>\n\t<meta name=\"twitter:data2\" content=\"2 minutos\" \/>\n<script type=\"application\/ld+json\" class=\"yoast-schema-graph\">{\"@context\":\"https:\/\/schema.org\",\"@graph\":[{\"@type\":\"NewsArticle\",\"@id\":\"https:\/\/www.suno.com.br\/noticias\/brexit-nao-sera-votado-parlamento-britanico\/#article\",\"isPartOf\":{\"@id\":\"https:\/\/www.suno.com.br\/noticias\/brexit-nao-sera-votado-parlamento-britanico\/\"},\"author\":{\"name\":\"Carlo Cauti\",\"@id\":\"https:\/\/www.suno.com.br\/noticias\/#\/schema\/person\/e6e0f723cc177805027f4566c1d5e0c8\"},\"headline\":\"Brexit n\u00e3o ser\u00e1 votado no Parlamento brit\u00e2nico ap\u00f3s recuo do governo\",\"datePublished\":\"2018-12-10T12:52:16+00:00\",\"dateModified\":\"2018-12-10T13:03:20+00:00\",\"mainEntityOfPage\":{\"@id\":\"https:\/\/www.suno.com.br\/noticias\/brexit-nao-sera-votado-parlamento-britanico\/\"},\"wordCount\":395,\"publisher\":{\"@id\":\"https:\/\/www.suno.com.br\/noticias\/#organization\"},\"image\":{\"@id\":\"https:\/\/www.suno.com.br\/noticias\/brexit-nao-sera-votado-parlamento-britanico\/#primaryimage\"},\"thumbnailUrl\":\"https:\/\/files.sunoresearch.com.br\/n\/uploads\/2018\/12\/6dade889-brexit-jpg.webp\",\"keywords\":[\"Brexit\",\"Reino Unido\",\"Uni\u00e3o Europeia\"],\"articleSection\":[\"Internacional\"],\"inLanguage\":\"pt-BR\"},{\"@type\":\"WebPage\",\"@id\":\"https:\/\/www.suno.com.br\/noticias\/brexit-nao-sera-votado-parlamento-britanico\/\",\"url\":\"https:\/\/www.suno.com.br\/noticias\/brexit-nao-sera-votado-parlamento-britanico\/\",\"name\":\"Brexit n\u00e3o ser\u00e1 votada no Parlamento brit\u00e2nico ap\u00f3s recuo do governo\",\"isPartOf\":{\"@id\":\"https:\/\/www.suno.com.br\/noticias\/#website\"},\"primaryImageOfPage\":{\"@id\":\"https:\/\/www.suno.com.br\/noticias\/brexit-nao-sera-votado-parlamento-britanico\/#primaryimage\"},\"image\":{\"@id\":\"https:\/\/www.suno.com.br\/noticias\/brexit-nao-sera-votado-parlamento-britanico\/#primaryimage\"},\"thumbnailUrl\":\"https:\/\/files.sunoresearch.com.br\/n\/uploads\/2018\/12\/6dade889-brexit-jpg.webp\",\"datePublished\":\"2018-12-10T12:52:16+00:00\",\"dateModified\":\"2018-12-10T13:03:20+00:00\",\"description\":\"A primeira-ministra Theresa May decidiu recuar do voto sobre o Brexit no Parlamento por medo de uma derrota. Clique aqui para saber mais.\",\"breadcrumb\":{\"@id\":\"https:\/\/www.suno.com.br\/noticias\/brexit-nao-sera-votado-parlamento-britanico\/#breadcrumb\"},\"inLanguage\":\"pt-BR\",\"potentialAction\":[{\"@type\":\"ReadAction\",\"target\":[\"https:\/\/www.suno.com.br\/noticias\/brexit-nao-sera-votado-parlamento-britanico\/\"]}]},{\"@type\":\"ImageObject\",\"inLanguage\":\"pt-BR\",\"@id\":\"https:\/\/www.suno.com.br\/noticias\/brexit-nao-sera-votado-parlamento-britanico\/#primaryimage\",\"url\":\"https:\/\/files.sunoresearch.com.br\/n\/uploads\/2018\/12\/6dade889-brexit-jpg.webp\",\"contentUrl\":\"https:\/\/files.sunoresearch.com.br\/n\/uploads\/2018\/12\/6dade889-brexit-jpg.webp\",\"width\":660,\"height\":371,\"caption\":\"Parlamento brit\u00e2nico votar\u00e1 plano B do Brexit no fim do m\u00eas. (divulga\u00e7\u00e3o)\"},{\"@type\":\"BreadcrumbList\",\"@id\":\"https:\/\/www.suno.com.br\/noticias\/brexit-nao-sera-votado-parlamento-britanico\/#breadcrumb\",\"itemListElement\":[{\"@type\":\"ListItem\",\"position\":1,\"name\":\"Not\u00edcias\",\"item\":\"https:\/\/www.suno.com.br\/noticias\/\"},{\"@type\":\"ListItem\",\"position\":2,\"name\":\"Internacional\",\"item\":\"https:\/\/www.suno.com.br\/noticias\/internacional\/\"},{\"@type\":\"ListItem\",\"position\":3,\"name\":\"Brexit n\u00e3o ser\u00e1 votado no Parlamento brit\u00e2nico ap\u00f3s recuo do governo\"}]},{\"@type\":\"WebSite\",\"@id\":\"https:\/\/www.suno.com.br\/noticias\/#website\",\"url\":\"https:\/\/www.suno.com.br\/noticias\/\",\"name\":\"Suno Not\u00edcias\",\"description\":\"Seu portal de informa\u00e7\u00e3o sobre o mundo dos investimentos\",\"publisher\":{\"@id\":\"https:\/\/www.suno.com.br\/noticias\/#organization\"},\"potentialAction\":[{\"@type\":\"SearchAction\",\"target\":{\"@type\":\"EntryPoint\",\"urlTemplate\":\"https:\/\/www.suno.com.br\/noticias\/?s={search_term_string}\"},\"query-input\":{\"@type\":\"PropertyValueSpecification\",\"valueRequired\":true,\"valueName\":\"search_term_string\"}}],\"inLanguage\":\"pt-BR\"},{\"@type\":\"Organization\",\"@id\":\"https:\/\/www.suno.com.br\/noticias\/#organization\",\"name\":\"Suno Not\u00edcias\",\"url\":\"https:\/\/www.suno.com.br\/noticias\/\",\"logo\":{\"@type\":\"ImageObject\",\"inLanguage\":\"pt-BR\",\"@id\":\"https:\/\/www.suno.com.br\/noticias\/#\/schema\/logo\/image\/\",\"url\":\"https:\/\/files.sunoresearch.com.br\/n\/uploads\/2021\/09\/suno-logo.png\",\"contentUrl\":\"https:\/\/files.sunoresearch.com.br\/n\/uploads\/2021\/09\/suno-logo.png\",\"width\":180,\"height\":180,\"caption\":\"Suno Not\u00edcias\"},\"image\":{\"@id\":\"https:\/\/www.suno.com.br\/noticias\/#\/schema\/logo\/image\/\"},\"sameAs\":[\"https:\/\/facebook.com\/sunoresearch\",\"https:\/\/x.com\/sunoresearch\",\"https:\/\/www.instagram.com\/suno\",\"https:\/\/www.linkedin.com\/company\/suno-research\/\",\"https:\/\/www.youtube.com\/c\/sunoresearch\"]},{\"@type\":\"Person\",\"@id\":\"https:\/\/www.suno.com.br\/noticias\/#\/schema\/person\/e6e0f723cc177805027f4566c1d5e0c8\",\"name\":\"Carlo Cauti\",\"image\":{\"@type\":\"ImageObject\",\"inLanguage\":\"pt-BR\",\"@id\":\"https:\/\/www.suno.com.br\/noticias\/#\/schema\/person\/image\/\",\"url\":\"https:\/\/secure.gravatar.com\/avatar\/3ada9e0bd164c23abd4792a9606d583c?s=96&r=g\",\"contentUrl\":\"https:\/\/secure.gravatar.com\/avatar\/3ada9e0bd164c23abd4792a9606d583c?s=96&r=g\",\"caption\":\"Carlo Cauti\"},\"description\":\"Editor multim\u00eddia do SUNO Not\u00edcias. Italiano, formado em Ci\u00eancias Pol\u00edticas pela universidade LUISS G. Carli de Roma e mestre cum laude em Rela\u00e7\u00f5es Internacionais, Jornalismo Internacional e de Guerra e em Economia Internacional. Concluiu tamb\u00e9m um MBA em Finan\u00e7as na B3. No Brasil, teve passagem por ve\u00edculos como Estad\u00e3o, Globo, Veja e EXAME. e nas ag\u00eancias de not\u00edcias italianas ANSA e NOVA.\",\"url\":\"https:\/\/www.suno.com.br\/noticias\/author\/carlo-cauti\/\"}]}<\/script>\n<!-- \/ Yoast SEO plugin. -->","yoast_head_json":{"title":"Brexit n\u00e3o ser\u00e1 votada no Parlamento brit\u00e2nico ap\u00f3s recuo do governo","description":"A primeira-ministra Theresa May decidiu recuar do voto sobre o Brexit no Parlamento por medo de uma derrota. Clique aqui para saber mais.","robots":{"index":"index","follow":"follow","max-snippet":"max-snippet:-1","max-image-preview":"max-image-preview:large","max-video-preview":"max-video-preview:-1"},"canonical":"https:\/\/www.suno.com.br\/noticias\/brexit-nao-sera-votado-parlamento-britanico\/","og_locale":"pt_BR","og_type":"article","og_title":"Brexit n\u00e3o ser\u00e1 votada no Parlamento brit\u00e2nico ap\u00f3s recuo do governo","og_description":"A primeira-ministra Theresa May decidiu recuar do voto sobre o Brexit no Parlamento por medo de uma derrota. Clique aqui para saber mais.","og_url":"https:\/\/www.suno.com.br\/noticias\/brexit-nao-sera-votado-parlamento-britanico\/","og_site_name":"Suno Not\u00edcias","article_publisher":"https:\/\/facebook.com\/sunoresearch","og_image":[{"width":660,"height":371,"url":"https:\/\/files.sunoresearch.com.br\/n\/uploads\/2018\/12\/6dade889-brexit.jpg","type":"image\/jpeg"}],"author":"Carlo Cauti","twitter_card":"summary_large_image","twitter_creator":"@sunoresearch","twitter_site":"@sunoresearch","twitter_misc":{"Escrito por":"Carlo Cauti","Est. tempo de leitura":"2 minutos"},"schema":{"@context":"https:\/\/schema.org","@graph":[{"@type":"NewsArticle","@id":"https:\/\/www.suno.com.br\/noticias\/brexit-nao-sera-votado-parlamento-britanico\/#article","isPartOf":{"@id":"https:\/\/www.suno.com.br\/noticias\/brexit-nao-sera-votado-parlamento-britanico\/"},"author":{"name":"Carlo Cauti","@id":"https:\/\/www.suno.com.br\/noticias\/#\/schema\/person\/e6e0f723cc177805027f4566c1d5e0c8"},"headline":"Brexit n\u00e3o ser\u00e1 votado no Parlamento brit\u00e2nico ap\u00f3s recuo do governo","datePublished":"2018-12-10T12:52:16+00:00","dateModified":"2018-12-10T13:03:20+00:00","mainEntityOfPage":{"@id":"https:\/\/www.suno.com.br\/noticias\/brexit-nao-sera-votado-parlamento-britanico\/"},"wordCount":395,"publisher":{"@id":"https:\/\/www.suno.com.br\/noticias\/#organization"},"image":{"@id":"https:\/\/www.suno.com.br\/noticias\/brexit-nao-sera-votado-parlamento-britanico\/#primaryimage"},"thumbnailUrl":"https:\/\/files.sunoresearch.com.br\/n\/uploads\/2018\/12\/6dade889-brexit-jpg.webp","keywords":["Brexit","Reino Unido","Uni\u00e3o Europeia"],"articleSection":["Internacional"],"inLanguage":"pt-BR"},{"@type":"WebPage","@id":"https:\/\/www.suno.com.br\/noticias\/brexit-nao-sera-votado-parlamento-britanico\/","url":"https:\/\/www.suno.com.br\/noticias\/brexit-nao-sera-votado-parlamento-britanico\/","name":"Brexit n\u00e3o ser\u00e1 votada no Parlamento brit\u00e2nico ap\u00f3s recuo do governo","isPartOf":{"@id":"https:\/\/www.suno.com.br\/noticias\/#website"},"primaryImageOfPage":{"@id":"https:\/\/www.suno.com.br\/noticias\/brexit-nao-sera-votado-parlamento-britanico\/#primaryimage"},"image":{"@id":"https:\/\/www.suno.com.br\/noticias\/brexit-nao-sera-votado-parlamento-britanico\/#primaryimage"},"thumbnailUrl":"https:\/\/files.sunoresearch.com.br\/n\/uploads\/2018\/12\/6dade889-brexit-jpg.webp","datePublished":"2018-12-10T12:52:16+00:00","dateModified":"2018-12-10T13:03:20+00:00","description":"A primeira-ministra Theresa May decidiu recuar do voto sobre o Brexit no Parlamento por medo de uma derrota. Clique aqui para saber mais.","breadcrumb":{"@id":"https:\/\/www.suno.com.br\/noticias\/brexit-nao-sera-votado-parlamento-britanico\/#breadcrumb"},"inLanguage":"pt-BR","potentialAction":[{"@type":"ReadAction","target":["https:\/\/www.suno.com.br\/noticias\/brexit-nao-sera-votado-parlamento-britanico\/"]}]},{"@type":"ImageObject","inLanguage":"pt-BR","@id":"https:\/\/www.suno.com.br\/noticias\/brexit-nao-sera-votado-parlamento-britanico\/#primaryimage","url":"https:\/\/files.sunoresearch.com.br\/n\/uploads\/2018\/12\/6dade889-brexit-jpg.webp","contentUrl":"https:\/\/files.sunoresearch.com.br\/n\/uploads\/2018\/12\/6dade889-brexit-jpg.webp","width":660,"height":371,"caption":"Parlamento brit\u00e2nico votar\u00e1 plano B do Brexit no fim do m\u00eas. (divulga\u00e7\u00e3o)"},{"@type":"BreadcrumbList","@id":"https:\/\/www.suno.com.br\/noticias\/brexit-nao-sera-votado-parlamento-britanico\/#breadcrumb","itemListElement":[{"@type":"ListItem","position":1,"name":"Not\u00edcias","item":"https:\/\/www.suno.com.br\/noticias\/"},{"@type":"ListItem","position":2,"name":"Internacional","item":"https:\/\/www.suno.com.br\/noticias\/internacional\/"},{"@type":"ListItem","position":3,"name":"Brexit n\u00e3o ser\u00e1 votado no Parlamento brit\u00e2nico ap\u00f3s recuo do governo"}]},{"@type":"WebSite","@id":"https:\/\/www.suno.com.br\/noticias\/#website","url":"https:\/\/www.suno.com.br\/noticias\/","name":"Suno Not\u00edcias","description":"Seu portal de informa\u00e7\u00e3o sobre o mundo dos investimentos","publisher":{"@id":"https:\/\/www.suno.com.br\/noticias\/#organization"},"potentialAction":[{"@type":"SearchAction","target":{"@type":"EntryPoint","urlTemplate":"https:\/\/www.suno.com.br\/noticias\/?s={search_term_string}"},"query-input":{"@type":"PropertyValueSpecification","valueRequired":true,"valueName":"search_term_string"}}],"inLanguage":"pt-BR"},{"@type":"Organization","@id":"https:\/\/www.suno.com.br\/noticias\/#organization","name":"Suno Not\u00edcias","url":"https:\/\/www.suno.com.br\/noticias\/","logo":{"@type":"ImageObject","inLanguage":"pt-BR","@id":"https:\/\/www.suno.com.br\/noticias\/#\/schema\/logo\/image\/","url":"https:\/\/files.sunoresearch.com.br\/n\/uploads\/2021\/09\/suno-logo.png","contentUrl":"https:\/\/files.sunoresearch.com.br\/n\/uploads\/2021\/09\/suno-logo.png","width":180,"height":180,"caption":"Suno Not\u00edcias"},"image":{"@id":"https:\/\/www.suno.com.br\/noticias\/#\/schema\/logo\/image\/"},"sameAs":["https:\/\/facebook.com\/sunoresearch","https:\/\/x.com\/sunoresearch","https:\/\/www.instagram.com\/suno","https:\/\/www.linkedin.com\/company\/suno-research\/","https:\/\/www.youtube.com\/c\/sunoresearch"]},{"@type":"Person","@id":"https:\/\/www.suno.com.br\/noticias\/#\/schema\/person\/e6e0f723cc177805027f4566c1d5e0c8","name":"Carlo Cauti","image":{"@type":"ImageObject","inLanguage":"pt-BR","@id":"https:\/\/www.suno.com.br\/noticias\/#\/schema\/person\/image\/","url":"https:\/\/secure.gravatar.com\/avatar\/3ada9e0bd164c23abd4792a9606d583c?s=96&r=g","contentUrl":"https:\/\/secure.gravatar.com\/avatar\/3ada9e0bd164c23abd4792a9606d583c?s=96&r=g","caption":"Carlo Cauti"},"description":"Editor multim\u00eddia do SUNO Not\u00edcias. Italiano, formado em Ci\u00eancias Pol\u00edticas pela universidade LUISS G. Carli de Roma e mestre cum laude em Rela\u00e7\u00f5es Internacionais, Jornalismo Internacional e de Guerra e em Economia Internacional. Concluiu tamb\u00e9m um MBA em Finan\u00e7as na B3. No Brasil, teve passagem por ve\u00edculos como Estad\u00e3o, Globo, Veja e EXAME. e nas ag\u00eancias de not\u00edcias italianas ANSA e NOVA.","url":"https:\/\/www.suno.com.br\/noticias\/author\/carlo-cauti\/"}]}},"default_loop_html":"<div class=\"cardsPage__listCard__boxs\"><div class=\"cardsPage__listCard__boxs__img\"><a href=\"https:\/\/www.suno.com.br\/noticias\/brexit-nao-sera-votado-parlamento-britanico\/\"><img class=\"mask\" src=\"https:\/\/www.suno.com.br\/noticias\/wp-content\/themes\/suno\/resources\/images\/spotlight\/spotlight1img\/bg-mask.png\" alt=\"Image Mask\"\/><img src=\"https:\/\/files.sunoresearch.com.br\/n\/uploads\/2018\/12\/6dade889-brexit-400x200.webp\" alt=\"Brexit n\u00e3o ser\u00e1 votado no Parlamento brit\u00e2nico ap\u00f3s recuo do governo\"\/><\/a><span class=\"spotlightCategory\"><a href=\"https:\/\/www.suno.com.br\/noticias\/internacional\/\">Internacional<\/a><\/span><\/div><div class=\"cardsPage__listCard__boxs__content\"><a href=\"https:\/\/www.suno.com.br\/noticias\/brexit-nao-sera-votado-parlamento-britanico\/\"><h2 class=\"content__title\">Brexit n\u00e3o ser\u00e1 votado no Parlamento brit\u00e2nico ap\u00f3s recuo do governo<\/h2><\/a><div class=\"newsContent__article__meta\"><div class=\"newsContent__article__meta__authorBox\"><a href=\"https:\/\/www.suno.com.br\/noticias\/author\/carlo-cauti\/\" class=\"authorBox__avatar noMobi\"><img src=\"https:\/\/files.sunoresearch.com.br\/n\/uploads\/2020\/08\/e3745f9a-perfil-carlo-cauti-150x150.webp\" alt=\"Carlo Cauti\"><\/a><div class=\"authorBox__name\"><span>por\n\t\t\t<a href=\"https:\/\/www.suno.com.br\/noticias\/author\/carlo-cauti\/\"><span itemprop=\"author\">Carlo Cauti<\/span><\/a><\/span><time datetime=\"2018-12-10T10:52:16-02:00\" itemprop=\"datePublished\">10\/12\/2018 10:52<\/time><\/div><\/div><\/div><\/div><\/div>","single_layout":"posts","amp_enabled":true,"_links":{"self":[{"href":"https:\/\/www.suno.com.br\/noticias\/wp-json\/wp\/v2\/posts\/8261"}],"collection":[{"href":"https:\/\/www.suno.com.br\/noticias\/wp-json\/wp\/v2\/posts"}],"about":[{"href":"https:\/\/www.suno.com.br\/noticias\/wp-json\/wp\/v2\/types\/post"}],"author":[{"embeddable":true,"href":"https:\/\/www.suno.com.br\/noticias\/wp-json\/wp\/v2\/users\/9"}],"replies":[{"embeddable":true,"href":"https:\/\/www.suno.com.br\/noticias\/wp-json\/wp\/v2\/comments?post=8261"}],"version-history":[{"count":0,"href":"https:\/\/www.suno.com.br\/noticias\/wp-json\/wp\/v2\/posts\/8261\/revisions"}],"wp:featuredmedia":[{"embeddable":true,"href":"https:\/\/www.suno.com.br\/noticias\/wp-json\/wp\/v2\/media\/8264"}],"wp:attachment":[{"href":"https:\/\/www.suno.com.br\/noticias\/wp-json\/wp\/v2\/media?parent=8261"}],"wp:term":[{"taxonomy":"category","embeddable":true,"href":"https:\/\/www.suno.com.br\/noticias\/wp-json\/wp\/v2\/categories?post=8261"},{"taxonomy":"post_tag","embeddable":true,"href":"https:\/\/www.suno.com.br\/noticias\/wp-json\/wp\/v2\/tags?post=8261"},{"taxonomy":"suno_strategy","embeddable":true,"href":"https:\/\/www.suno.com.br\/noticias\/wp-json\/wp\/v2\/suno_strategy?post=8261"}],"curies":[{"name":"wp","href":"https:\/\/api.w.org\/{rel}","templated":true}]}}