{"id":82530,"date":"2020-09-04T09:12:18","date_gmt":"2020-09-04T12:12:18","guid":{"rendered":"https:\/\/www.suno.com.br\/noticias\/?p=82530"},"modified":"2020-09-04T09:12:18","modified_gmt":"2020-09-04T12:12:18","slug":"coronavirus-oms-nao-espera-vacinacao-ampla","status":"publish","type":"post","link":"https:\/\/www.suno.com.br\/noticias\/coronavirus-oms-nao-espera-vacinacao-ampla\/","title":{"rendered":"Coronav\u00edrus: OMS n\u00e3o espera vacina\u00e7\u00e3o ampla at\u00e9 meados de 2021"},"content":{"rendered":"<p>Segundo Margaret Harris, porta-voz da Organiza\u00e7\u00e3o Mundial da Sa\u00fade (OMS), a institui\u00e7\u00e3o n\u00e3o espera uma vacina\u00e7\u00e3o ampla contra o <a href=\"https:\/\/www.suno.com.br\/noticias\/?s=coronav%C3%ADrus\">novo <strong>coronav\u00edrus<\/strong> (Covid-19)<\/a> at\u00e9 meados de 2021. A informa\u00e7\u00e3o foi revelada na manh\u00e3 desta sexta-feira (4).<\/p>\t<div class=\"wrapper-featured-image\">\n\t\t<figure class=\"spotlightImg\">\n\n\t\t\t<picture>\n\t\t\t\t<source media=\"(max-width: 768px)\" srcset=\"https:\/\/files.sunoresearch.com.br\/n\/uploads\/2020\/09\/df5edd16-vacina-contra-covid-19-novo-coronavirus-ilustracao-1-400x200.webp\">\n\t\t\t\t<img loading=\"lazy\" decoding=\"async\" class=\"newsContent__article__imgCapa lazyloadDisabled \" src=\"https:\/\/files.sunoresearch.com.br\/n\/uploads\/2020\/09\/df5edd16-vacina-contra-covid-19-novo-coronavirus-ilustracao-1-800x450.webp\" width=\"800\" height=\"450\" alt=\"Coronav\u00edrus: OMS n\u00e3o espera vacina\u00e7\u00e3o ampla at\u00e9 meados de 2021\" fetchpriority=high \/>\n\t\t\t<\/picture>\n\n\t\t\t<figcaption class=\"wp-caption-text wp-caption-text--show\">A farmac\u00eautica Novavax informou que os testes para sua vacina contra o coronav\u00edrus entraram na terceira e \u00faltima fase.<\/figcaption>\n\t\t<\/figure>\n\t<\/div>\n\n\n<div class=\"hubspot-form-wrapper\">\n\t<div id=\"single-form-target\"><\/div>\n<\/div>\n\n<p>A <strong>OMS<\/strong> salientou a import\u00e2ncia do processo de testagem e verifica\u00e7\u00e3o da efica\u00e7\u00e3o e seguran\u00e7a das vacinas que combatam o coronav\u00edrus. Segundo a organiza\u00e7\u00e3o, nenhuma das vacinas que est\u00e3o sendo desenvolvidas, e que est\u00e3o em testes avan\u00e7ados, demonstrou, at\u00e9 agora, &#8220;sinal claro&#8221; de efic\u00e1cia em um n\u00edvel m\u00ednimo buscado pela OMS, de 50%.<\/p>\n<p>\u201cRealmente n\u00e3o estamos esperando ver uma vacina\u00e7\u00e3o ampla at\u00e9 meados do ano que vem\u201d, afirmou Harris durante um briefing da <strong>Organiza\u00e7\u00e3o das Na\u00e7\u00f5es Unidas (ONU)<\/strong> em Genebra, na Su\u00ed\u00e7a. \u201cEsta Fase 3 (de testes cl\u00ednicos) tem que ser mais longa, porque precisamos ver qu\u00e3o realmente protetora a vacina \u00e9 e tamb\u00e9m precisamos ver qu\u00e3o segura ela \u00e9\u201d, disse a porta-voz. Ela, no entanto, n\u00e3o se referiu a qualquer vacina em desenvolvimento.<\/p>\n<p><a href=\"https:\/\/lp.suno.com.br\/suno-one\/\">Suno One: acesse gratuitamente eBooks, Minicursos, Artigos e Video Aulas sobre investimentos com um \u00fanico cadastro. Clique para saber mais!<\/a><\/p>\n<p>Segundo Harris, todos os dados dos testes precisam ser compartilhados e comparados. &#8220;Muitas pessoas foram vacinadas e o que n\u00e3o sabemos \u00e9 se a vacina funciona\u2026 neste momento n\u00e3o temos um sinal claro se tem ou n\u00e3o o n\u00edvel se <strong>efic\u00e1cia<\/strong> e seguran\u00e7a necess\u00e1rios.\u201d<\/p>\n<h2>A corrida pela vacina contra o coronav\u00edrus<\/h2>\n<p>Em agosto, <a href=\"https:\/\/www.suno.com.br\/noticias\/russia-registra-primeira-vacina-coronavirus\/\">a R\u00fassia foi criticada pela comunidade internacional<\/a> ap\u00f3s anunciar oficialmente a primeira <strong>vacina <\/strong>do mundo, mas sem terminar os protocolos exigidos pela OMS. O governo russo informou que j\u00e1 foi iniciada a produ\u00e7\u00e3o em massa e que ir\u00e3o vacinar milh\u00f5es de pessoas antes da finaliza\u00e7\u00e3o completa dos testes.<\/p>\n\t<div data-element=\"shortcode-read-more\" class=\"knowMore\">\n\t\t\t\t<span class=\"knowMore__title\">Saiba mais<\/span>\n\t\t\t\t<a class=\"knowMore__link\" href=\"https:\/\/www.suno.com.br\/noticias\/coronavirus-ue-vacina-oxford-disponivel-novembro\/\">\n\t\t\tCoronav\u00edrus: UE diz que vacina de Oxford pode estar dispon\u00edvel em novembro\t\t<\/a>\n\t<\/div>\n\n\n<p>Enquanto isso, autoridades de sa\u00fade p\u00fablica dos Estados Unidos e a farmac\u00eautica Pfizer informaram, na \u00faltima quinta-feira (3), que a vacina pode ser disponibilizada at\u00e9 o final de outubro, <a href=\"https:\/\/www.suno.com.br\/noticias\/vacina-eua-pode-ser-disponibilizada-outubro\/\">antes das elei\u00e7\u00f5es presidenciais norte-americanas<\/a>. A pandemia do <strong>coronav\u00edrus<\/strong> ser\u00e1 um fator importante entre os eleitores, fazendo com que o presidente Donald Trump seja reeleito, ou que o opositor Joe Biden assuma o poder.<\/p>\n\t<p>\n\t\t<a href=\"https:\/\/lp.suno.com.br\/planilha-de-controle-de-investimentos\/\" target=\"_blank\" data-element=\"shortcode-suno-banner\" title=\"Banner SUNO, clique e saiba mais\">\n\t\t\t<picture>\n\t\t\t\t<source media=\"(max-width: 500px)\" srcset=\"https:\/\/files.sunoresearch.com.br\/n\/uploads\/2023\/03\/400x300-Controle-de-Investimentos.png\">\n\t\t\t\t<img class=\"newsContent__article__imgCapa newsContent__article__imgCapa--banner\"\n\t\t\t\t\tsrc=\"https:\/\/files.sunoresearch.com.br\/n\/uploads\/2023\/03\/1420x240-Controle-de-Investimentos.png\"\n\t\t\t\t\tdata-promo-id=\"75934\"\t\t\t\t\t\t\t\t\t\twidth='1420' height='240'\t\t\t\t\talt=\"https:\/\/files.sunoresearch.com.br\/n\/uploads\/2023\/03\/1420x240-Controle-de-Investimentos.png\"\n\t\t\t\t>\n\t\t\t<\/picture>\n\t\t<\/a>\n\t<\/p>\n\n\n","protected":false},"excerpt":{"rendered":"<p>Segundo Margaret Harris, porta-voz da Organiza\u00e7\u00e3o Mundial da Sa\u00fade (OMS), a institui\u00e7\u00e3o n\u00e3o espera uma vacina\u00e7\u00e3o ampla contra o novo coronav\u00edrus (Covid-19) at\u00e9 meados de 2021. A informa\u00e7\u00e3o foi revelada na manh\u00e3 desta sexta-feira (4). A farmac\u00eautica Novavax informou que os testes para sua vacina contra o coronav\u00edrus entraram na terceira e \u00faltima fase. A [&hellip;]<\/p>\n","protected":false},"author":24,"featured_media":82531,"comment_status":"closed","ping_status":"closed","sticky":false,"template":"","format":"standard","meta":[],"categories":[63],"tags":[2487,2514,25002],"suno_strategy":[],"class_list":["post-82530","post","type-post","status-publish","format-standard","has-post-thumbnail","hentry","category-internacional","tag-coronavirus","tag-oms","tag-vacina"],"yoast_head":"<!-- This site is optimized with the Yoast SEO plugin v24.4 - https:\/\/yoast.com\/wordpress\/plugins\/seo\/ -->\n<title>Coronav\u00edrus: OMS n\u00e3o espera vacina\u00e7\u00e3o ampla at\u00e9 meados de 2021<\/title>\n<meta name=\"description\" content=\"Segundo Margaret Harris, porta-voz da OMS, a institui\u00e7\u00e3o n\u00e3o espera uma vacina\u00e7\u00e3o ampla contra o coronav\u00edrus at\u00e9 meados de 2021. Saiba mais.\" \/>\n<meta name=\"robots\" content=\"index, follow, max-snippet:-1, max-image-preview:large, max-video-preview:-1\" \/>\n<link rel=\"canonical\" href=\"https:\/\/www.suno.com.br\/noticias\/coronavirus-oms-nao-espera-vacinacao-ampla\/\" \/>\n<meta property=\"og:locale\" content=\"pt_BR\" \/>\n<meta property=\"og:type\" content=\"article\" \/>\n<meta property=\"og:title\" content=\"Coronav\u00edrus: OMS n\u00e3o espera vacina\u00e7\u00e3o ampla at\u00e9 meados de 2021\" \/>\n<meta property=\"og:description\" content=\"Segundo Margaret Harris, porta-voz da OMS, a institui\u00e7\u00e3o n\u00e3o espera uma vacina\u00e7\u00e3o ampla contra o coronav\u00edrus at\u00e9 meados de 2021. Saiba mais.\" \/>\n<meta property=\"og:url\" content=\"https:\/\/www.suno.com.br\/noticias\/coronavirus-oms-nao-espera-vacinacao-ampla\/\" \/>\n<meta property=\"og:site_name\" content=\"Suno Not\u00edcias\" \/>\n<meta property=\"article:publisher\" content=\"https:\/\/facebook.com\/sunoresearch\" \/>\n<meta property=\"og:image\" content=\"https:\/\/files.sunoresearch.com.br\/n\/uploads\/2020\/09\/df5edd16-vacina-contra-covid-19-novo-coronavirus-ilustracao-1.jpg\" \/>\n\t<meta property=\"og:image:width\" content=\"1200\" \/>\n\t<meta property=\"og:image:height\" content=\"800\" \/>\n\t<meta property=\"og:image:type\" content=\"image\/jpeg\" \/>\n<meta name=\"author\" content=\"Jader Lazarini\" \/>\n<meta name=\"twitter:card\" content=\"summary_large_image\" \/>\n<meta name=\"twitter:creator\" content=\"@sunoresearch\" \/>\n<meta name=\"twitter:site\" content=\"@sunoresearch\" \/>\n<meta name=\"twitter:label1\" content=\"Escrito por\" \/>\n\t<meta name=\"twitter:data1\" content=\"Jader Lazarini\" \/>\n\t<meta name=\"twitter:label2\" content=\"Est. tempo de leitura\" \/>\n\t<meta name=\"twitter:data2\" content=\"2 minutos\" \/>\n<script type=\"application\/ld+json\" class=\"yoast-schema-graph\">{\"@context\":\"https:\/\/schema.org\",\"@graph\":[{\"@type\":\"NewsArticle\",\"@id\":\"https:\/\/www.suno.com.br\/noticias\/coronavirus-oms-nao-espera-vacinacao-ampla\/#article\",\"isPartOf\":{\"@id\":\"https:\/\/www.suno.com.br\/noticias\/coronavirus-oms-nao-espera-vacinacao-ampla\/\"},\"author\":{\"name\":\"Jader Lazarini\",\"@id\":\"https:\/\/www.suno.com.br\/noticias\/#\/schema\/person\/918d79de1f0281f01599b93f9ea6e23f\"},\"headline\":\"Coronav\u00edrus: OMS n\u00e3o espera vacina\u00e7\u00e3o ampla at\u00e9 meados de 2021\",\"datePublished\":\"2020-09-04T12:12:18+00:00\",\"mainEntityOfPage\":{\"@id\":\"https:\/\/www.suno.com.br\/noticias\/coronavirus-oms-nao-espera-vacinacao-ampla\/\"},\"wordCount\":418,\"publisher\":{\"@id\":\"https:\/\/www.suno.com.br\/noticias\/#organization\"},\"image\":{\"@id\":\"https:\/\/www.suno.com.br\/noticias\/coronavirus-oms-nao-espera-vacinacao-ampla\/#primaryimage\"},\"thumbnailUrl\":\"https:\/\/files.sunoresearch.com.br\/n\/uploads\/2020\/09\/df5edd16-vacina-contra-covid-19-novo-coronavirus-ilustracao-1-jpg.webp\",\"keywords\":[\"coronav\u00edrus\",\"OMS\",\"vacina\"],\"articleSection\":[\"Internacional\"],\"inLanguage\":\"pt-BR\"},{\"@type\":\"WebPage\",\"@id\":\"https:\/\/www.suno.com.br\/noticias\/coronavirus-oms-nao-espera-vacinacao-ampla\/\",\"url\":\"https:\/\/www.suno.com.br\/noticias\/coronavirus-oms-nao-espera-vacinacao-ampla\/\",\"name\":\"Coronav\u00edrus: OMS n\u00e3o espera vacina\u00e7\u00e3o ampla at\u00e9 meados de 2021\",\"isPartOf\":{\"@id\":\"https:\/\/www.suno.com.br\/noticias\/#website\"},\"primaryImageOfPage\":{\"@id\":\"https:\/\/www.suno.com.br\/noticias\/coronavirus-oms-nao-espera-vacinacao-ampla\/#primaryimage\"},\"image\":{\"@id\":\"https:\/\/www.suno.com.br\/noticias\/coronavirus-oms-nao-espera-vacinacao-ampla\/#primaryimage\"},\"thumbnailUrl\":\"https:\/\/files.sunoresearch.com.br\/n\/uploads\/2020\/09\/df5edd16-vacina-contra-covid-19-novo-coronavirus-ilustracao-1-jpg.webp\",\"datePublished\":\"2020-09-04T12:12:18+00:00\",\"description\":\"Segundo Margaret Harris, porta-voz da OMS, a institui\u00e7\u00e3o n\u00e3o espera uma vacina\u00e7\u00e3o ampla contra o coronav\u00edrus at\u00e9 meados de 2021. Saiba mais.\",\"breadcrumb\":{\"@id\":\"https:\/\/www.suno.com.br\/noticias\/coronavirus-oms-nao-espera-vacinacao-ampla\/#breadcrumb\"},\"inLanguage\":\"pt-BR\",\"potentialAction\":[{\"@type\":\"ReadAction\",\"target\":[\"https:\/\/www.suno.com.br\/noticias\/coronavirus-oms-nao-espera-vacinacao-ampla\/\"]}]},{\"@type\":\"ImageObject\",\"inLanguage\":\"pt-BR\",\"@id\":\"https:\/\/www.suno.com.br\/noticias\/coronavirus-oms-nao-espera-vacinacao-ampla\/#primaryimage\",\"url\":\"https:\/\/files.sunoresearch.com.br\/n\/uploads\/2020\/09\/df5edd16-vacina-contra-covid-19-novo-coronavirus-ilustracao-1-jpg.webp\",\"contentUrl\":\"https:\/\/files.sunoresearch.com.br\/n\/uploads\/2020\/09\/df5edd16-vacina-contra-covid-19-novo-coronavirus-ilustracao-1-jpg.webp\",\"width\":1200,\"height\":800,\"caption\":\"A farmac\u00eautica Novavax informou que os testes para sua vacina contra o coronav\u00edrus entraram na terceira e \u00faltima fase.\"},{\"@type\":\"BreadcrumbList\",\"@id\":\"https:\/\/www.suno.com.br\/noticias\/coronavirus-oms-nao-espera-vacinacao-ampla\/#breadcrumb\",\"itemListElement\":[{\"@type\":\"ListItem\",\"position\":1,\"name\":\"Not\u00edcias\",\"item\":\"https:\/\/www.suno.com.br\/noticias\/\"},{\"@type\":\"ListItem\",\"position\":2,\"name\":\"Internacional\",\"item\":\"https:\/\/www.suno.com.br\/noticias\/internacional\/\"},{\"@type\":\"ListItem\",\"position\":3,\"name\":\"Coronav\u00edrus: OMS n\u00e3o espera vacina\u00e7\u00e3o ampla at\u00e9 meados de 2021\"}]},{\"@type\":\"WebSite\",\"@id\":\"https:\/\/www.suno.com.br\/noticias\/#website\",\"url\":\"https:\/\/www.suno.com.br\/noticias\/\",\"name\":\"Suno Not\u00edcias\",\"description\":\"Seu portal de informa\u00e7\u00e3o sobre o mundo dos investimentos\",\"publisher\":{\"@id\":\"https:\/\/www.suno.com.br\/noticias\/#organization\"},\"potentialAction\":[{\"@type\":\"SearchAction\",\"target\":{\"@type\":\"EntryPoint\",\"urlTemplate\":\"https:\/\/www.suno.com.br\/noticias\/?s={search_term_string}\"},\"query-input\":{\"@type\":\"PropertyValueSpecification\",\"valueRequired\":true,\"valueName\":\"search_term_string\"}}],\"inLanguage\":\"pt-BR\"},{\"@type\":\"Organization\",\"@id\":\"https:\/\/www.suno.com.br\/noticias\/#organization\",\"name\":\"Suno Not\u00edcias\",\"url\":\"https:\/\/www.suno.com.br\/noticias\/\",\"logo\":{\"@type\":\"ImageObject\",\"inLanguage\":\"pt-BR\",\"@id\":\"https:\/\/www.suno.com.br\/noticias\/#\/schema\/logo\/image\/\",\"url\":\"https:\/\/files.sunoresearch.com.br\/n\/uploads\/2021\/09\/suno-logo.png\",\"contentUrl\":\"https:\/\/files.sunoresearch.com.br\/n\/uploads\/2021\/09\/suno-logo.png\",\"width\":180,\"height\":180,\"caption\":\"Suno Not\u00edcias\"},\"image\":{\"@id\":\"https:\/\/www.suno.com.br\/noticias\/#\/schema\/logo\/image\/\"},\"sameAs\":[\"https:\/\/facebook.com\/sunoresearch\",\"https:\/\/x.com\/sunoresearch\",\"https:\/\/www.instagram.com\/suno\",\"https:\/\/www.linkedin.com\/company\/suno-research\/\",\"https:\/\/www.youtube.com\/c\/sunoresearch\"]},{\"@type\":\"Person\",\"@id\":\"https:\/\/www.suno.com.br\/noticias\/#\/schema\/person\/918d79de1f0281f01599b93f9ea6e23f\",\"name\":\"Jader Lazarini\",\"image\":{\"@type\":\"ImageObject\",\"inLanguage\":\"pt-BR\",\"@id\":\"https:\/\/www.suno.com.br\/noticias\/#\/schema\/person\/image\/\",\"url\":\"https:\/\/secure.gravatar.com\/avatar\/3c1ad8caa51589841baeb923fcddea97?s=96&r=g\",\"contentUrl\":\"https:\/\/secure.gravatar.com\/avatar\/3c1ad8caa51589841baeb923fcddea97?s=96&r=g\",\"caption\":\"Jader Lazarini\"},\"description\":\"Jader Lazarini escreve sobre investimentos, finan\u00e7as, economia e neg\u00f3cios. \u00c9 bacharel em Rela\u00e7\u00f5es Internacionais e analista CNPI (2619).\",\"url\":\"https:\/\/www.suno.com.br\/noticias\/author\/jader-lazarini\/\"}]}<\/script>\n<!-- \/ Yoast SEO plugin. -->","yoast_head_json":{"title":"Coronav\u00edrus: OMS n\u00e3o espera vacina\u00e7\u00e3o ampla at\u00e9 meados de 2021","description":"Segundo Margaret Harris, porta-voz da OMS, a institui\u00e7\u00e3o n\u00e3o espera uma vacina\u00e7\u00e3o ampla contra o coronav\u00edrus at\u00e9 meados de 2021. Saiba mais.","robots":{"index":"index","follow":"follow","max-snippet":"max-snippet:-1","max-image-preview":"max-image-preview:large","max-video-preview":"max-video-preview:-1"},"canonical":"https:\/\/www.suno.com.br\/noticias\/coronavirus-oms-nao-espera-vacinacao-ampla\/","og_locale":"pt_BR","og_type":"article","og_title":"Coronav\u00edrus: OMS n\u00e3o espera vacina\u00e7\u00e3o ampla at\u00e9 meados de 2021","og_description":"Segundo Margaret Harris, porta-voz da OMS, a institui\u00e7\u00e3o n\u00e3o espera uma vacina\u00e7\u00e3o ampla contra o coronav\u00edrus at\u00e9 meados de 2021. Saiba mais.","og_url":"https:\/\/www.suno.com.br\/noticias\/coronavirus-oms-nao-espera-vacinacao-ampla\/","og_site_name":"Suno Not\u00edcias","article_publisher":"https:\/\/facebook.com\/sunoresearch","og_image":[{"width":1200,"height":800,"url":"https:\/\/files.sunoresearch.com.br\/n\/uploads\/2020\/09\/df5edd16-vacina-contra-covid-19-novo-coronavirus-ilustracao-1.jpg","type":"image\/jpeg"}],"author":"Jader Lazarini","twitter_card":"summary_large_image","twitter_creator":"@sunoresearch","twitter_site":"@sunoresearch","twitter_misc":{"Escrito por":"Jader Lazarini","Est. tempo de leitura":"2 minutos"},"schema":{"@context":"https:\/\/schema.org","@graph":[{"@type":"NewsArticle","@id":"https:\/\/www.suno.com.br\/noticias\/coronavirus-oms-nao-espera-vacinacao-ampla\/#article","isPartOf":{"@id":"https:\/\/www.suno.com.br\/noticias\/coronavirus-oms-nao-espera-vacinacao-ampla\/"},"author":{"name":"Jader Lazarini","@id":"https:\/\/www.suno.com.br\/noticias\/#\/schema\/person\/918d79de1f0281f01599b93f9ea6e23f"},"headline":"Coronav\u00edrus: OMS n\u00e3o espera vacina\u00e7\u00e3o ampla at\u00e9 meados de 2021","datePublished":"2020-09-04T12:12:18+00:00","mainEntityOfPage":{"@id":"https:\/\/www.suno.com.br\/noticias\/coronavirus-oms-nao-espera-vacinacao-ampla\/"},"wordCount":418,"publisher":{"@id":"https:\/\/www.suno.com.br\/noticias\/#organization"},"image":{"@id":"https:\/\/www.suno.com.br\/noticias\/coronavirus-oms-nao-espera-vacinacao-ampla\/#primaryimage"},"thumbnailUrl":"https:\/\/files.sunoresearch.com.br\/n\/uploads\/2020\/09\/df5edd16-vacina-contra-covid-19-novo-coronavirus-ilustracao-1-jpg.webp","keywords":["coronav\u00edrus","OMS","vacina"],"articleSection":["Internacional"],"inLanguage":"pt-BR"},{"@type":"WebPage","@id":"https:\/\/www.suno.com.br\/noticias\/coronavirus-oms-nao-espera-vacinacao-ampla\/","url":"https:\/\/www.suno.com.br\/noticias\/coronavirus-oms-nao-espera-vacinacao-ampla\/","name":"Coronav\u00edrus: OMS n\u00e3o espera vacina\u00e7\u00e3o ampla at\u00e9 meados de 2021","isPartOf":{"@id":"https:\/\/www.suno.com.br\/noticias\/#website"},"primaryImageOfPage":{"@id":"https:\/\/www.suno.com.br\/noticias\/coronavirus-oms-nao-espera-vacinacao-ampla\/#primaryimage"},"image":{"@id":"https:\/\/www.suno.com.br\/noticias\/coronavirus-oms-nao-espera-vacinacao-ampla\/#primaryimage"},"thumbnailUrl":"https:\/\/files.sunoresearch.com.br\/n\/uploads\/2020\/09\/df5edd16-vacina-contra-covid-19-novo-coronavirus-ilustracao-1-jpg.webp","datePublished":"2020-09-04T12:12:18+00:00","description":"Segundo Margaret Harris, porta-voz da OMS, a institui\u00e7\u00e3o n\u00e3o espera uma vacina\u00e7\u00e3o ampla contra o coronav\u00edrus at\u00e9 meados de 2021. Saiba mais.","breadcrumb":{"@id":"https:\/\/www.suno.com.br\/noticias\/coronavirus-oms-nao-espera-vacinacao-ampla\/#breadcrumb"},"inLanguage":"pt-BR","potentialAction":[{"@type":"ReadAction","target":["https:\/\/www.suno.com.br\/noticias\/coronavirus-oms-nao-espera-vacinacao-ampla\/"]}]},{"@type":"ImageObject","inLanguage":"pt-BR","@id":"https:\/\/www.suno.com.br\/noticias\/coronavirus-oms-nao-espera-vacinacao-ampla\/#primaryimage","url":"https:\/\/files.sunoresearch.com.br\/n\/uploads\/2020\/09\/df5edd16-vacina-contra-covid-19-novo-coronavirus-ilustracao-1-jpg.webp","contentUrl":"https:\/\/files.sunoresearch.com.br\/n\/uploads\/2020\/09\/df5edd16-vacina-contra-covid-19-novo-coronavirus-ilustracao-1-jpg.webp","width":1200,"height":800,"caption":"A farmac\u00eautica Novavax informou que os testes para sua vacina contra o coronav\u00edrus entraram na terceira e \u00faltima fase."},{"@type":"BreadcrumbList","@id":"https:\/\/www.suno.com.br\/noticias\/coronavirus-oms-nao-espera-vacinacao-ampla\/#breadcrumb","itemListElement":[{"@type":"ListItem","position":1,"name":"Not\u00edcias","item":"https:\/\/www.suno.com.br\/noticias\/"},{"@type":"ListItem","position":2,"name":"Internacional","item":"https:\/\/www.suno.com.br\/noticias\/internacional\/"},{"@type":"ListItem","position":3,"name":"Coronav\u00edrus: OMS n\u00e3o espera vacina\u00e7\u00e3o ampla at\u00e9 meados de 2021"}]},{"@type":"WebSite","@id":"https:\/\/www.suno.com.br\/noticias\/#website","url":"https:\/\/www.suno.com.br\/noticias\/","name":"Suno Not\u00edcias","description":"Seu portal de informa\u00e7\u00e3o sobre o mundo dos investimentos","publisher":{"@id":"https:\/\/www.suno.com.br\/noticias\/#organization"},"potentialAction":[{"@type":"SearchAction","target":{"@type":"EntryPoint","urlTemplate":"https:\/\/www.suno.com.br\/noticias\/?s={search_term_string}"},"query-input":{"@type":"PropertyValueSpecification","valueRequired":true,"valueName":"search_term_string"}}],"inLanguage":"pt-BR"},{"@type":"Organization","@id":"https:\/\/www.suno.com.br\/noticias\/#organization","name":"Suno Not\u00edcias","url":"https:\/\/www.suno.com.br\/noticias\/","logo":{"@type":"ImageObject","inLanguage":"pt-BR","@id":"https:\/\/www.suno.com.br\/noticias\/#\/schema\/logo\/image\/","url":"https:\/\/files.sunoresearch.com.br\/n\/uploads\/2021\/09\/suno-logo.png","contentUrl":"https:\/\/files.sunoresearch.com.br\/n\/uploads\/2021\/09\/suno-logo.png","width":180,"height":180,"caption":"Suno Not\u00edcias"},"image":{"@id":"https:\/\/www.suno.com.br\/noticias\/#\/schema\/logo\/image\/"},"sameAs":["https:\/\/facebook.com\/sunoresearch","https:\/\/x.com\/sunoresearch","https:\/\/www.instagram.com\/suno","https:\/\/www.linkedin.com\/company\/suno-research\/","https:\/\/www.youtube.com\/c\/sunoresearch"]},{"@type":"Person","@id":"https:\/\/www.suno.com.br\/noticias\/#\/schema\/person\/918d79de1f0281f01599b93f9ea6e23f","name":"Jader Lazarini","image":{"@type":"ImageObject","inLanguage":"pt-BR","@id":"https:\/\/www.suno.com.br\/noticias\/#\/schema\/person\/image\/","url":"https:\/\/secure.gravatar.com\/avatar\/3c1ad8caa51589841baeb923fcddea97?s=96&r=g","contentUrl":"https:\/\/secure.gravatar.com\/avatar\/3c1ad8caa51589841baeb923fcddea97?s=96&r=g","caption":"Jader Lazarini"},"description":"Jader Lazarini escreve sobre investimentos, finan\u00e7as, economia e neg\u00f3cios. \u00c9 bacharel em Rela\u00e7\u00f5es Internacionais e analista CNPI (2619).","url":"https:\/\/www.suno.com.br\/noticias\/author\/jader-lazarini\/"}]}},"default_loop_html":"<div class=\"cardsPage__listCard__boxs\"><div class=\"cardsPage__listCard__boxs__img\"><a href=\"https:\/\/www.suno.com.br\/noticias\/coronavirus-oms-nao-espera-vacinacao-ampla\/\"><img class=\"mask\" src=\"https:\/\/www.suno.com.br\/noticias\/wp-content\/themes\/suno\/resources\/images\/spotlight\/spotlight1img\/bg-mask.png\" alt=\"Image Mask\"\/><img src=\"https:\/\/files.sunoresearch.com.br\/n\/uploads\/2020\/09\/df5edd16-vacina-contra-covid-19-novo-coronavirus-ilustracao-1-400x200.webp\" alt=\"Coronav\u00edrus: OMS n\u00e3o espera vacina\u00e7\u00e3o ampla at\u00e9 meados de 2021\"\/><\/a><span class=\"spotlightCategory\"><a href=\"https:\/\/www.suno.com.br\/noticias\/internacional\/\">Internacional<\/a><\/span><\/div><div class=\"cardsPage__listCard__boxs__content\"><a href=\"https:\/\/www.suno.com.br\/noticias\/coronavirus-oms-nao-espera-vacinacao-ampla\/\"><h2 class=\"content__title\">Coronav\u00edrus: OMS n\u00e3o espera vacina\u00e7\u00e3o ampla at\u00e9 meados de 2021<\/h2><\/a><div class=\"newsContent__article__meta\"><div class=\"newsContent__article__meta__authorBox\"><a href=\"https:\/\/www.suno.com.br\/noticias\/author\/jader-lazarini\/\" class=\"authorBox__avatar noMobi\"><img src=\"https:\/\/files.sunoresearch.com.br\/n\/uploads\/2021\/01\/178e6598-foto-perfil-2-150x150.jpg\" alt=\"Jader Lazarini\"><\/a><div class=\"authorBox__name\"><span>por\n\t\t\t<a href=\"https:\/\/www.suno.com.br\/noticias\/author\/jader-lazarini\/\"><span itemprop=\"author\">Jader Lazarini<\/span><\/a><\/span><time datetime=\"2020-09-04T09:12:18-03:00\" itemprop=\"datePublished\">04\/09\/2020 09:12<\/time><\/div><\/div><\/div><\/div><\/div>","single_layout":"posts","amp_enabled":true,"_links":{"self":[{"href":"https:\/\/www.suno.com.br\/noticias\/wp-json\/wp\/v2\/posts\/82530"}],"collection":[{"href":"https:\/\/www.suno.com.br\/noticias\/wp-json\/wp\/v2\/posts"}],"about":[{"href":"https:\/\/www.suno.com.br\/noticias\/wp-json\/wp\/v2\/types\/post"}],"author":[{"embeddable":true,"href":"https:\/\/www.suno.com.br\/noticias\/wp-json\/wp\/v2\/users\/24"}],"replies":[{"embeddable":true,"href":"https:\/\/www.suno.com.br\/noticias\/wp-json\/wp\/v2\/comments?post=82530"}],"version-history":[{"count":0,"href":"https:\/\/www.suno.com.br\/noticias\/wp-json\/wp\/v2\/posts\/82530\/revisions"}],"wp:featuredmedia":[{"embeddable":true,"href":"https:\/\/www.suno.com.br\/noticias\/wp-json\/wp\/v2\/media\/82531"}],"wp:attachment":[{"href":"https:\/\/www.suno.com.br\/noticias\/wp-json\/wp\/v2\/media?parent=82530"}],"wp:term":[{"taxonomy":"category","embeddable":true,"href":"https:\/\/www.suno.com.br\/noticias\/wp-json\/wp\/v2\/categories?post=82530"},{"taxonomy":"post_tag","embeddable":true,"href":"https:\/\/www.suno.com.br\/noticias\/wp-json\/wp\/v2\/tags?post=82530"},{"taxonomy":"suno_strategy","embeddable":true,"href":"https:\/\/www.suno.com.br\/noticias\/wp-json\/wp\/v2\/suno_strategy?post=82530"}],"curies":[{"name":"wp","href":"https:\/\/api.w.org\/{rel}","templated":true}]}}