{"id":82525,"date":"2020-09-04T08:58:14","date_gmt":"2020-09-04T11:58:14","guid":{"rendered":"https:\/\/www.suno.com.br\/noticias\/?p=82525"},"modified":"2021-06-14T00:27:28","modified_gmt":"2021-06-14T03:27:28","slug":"agenda-do-dia-embraer-br-malls-banco-inter-magazine-luiza040920","status":"publish","type":"post","link":"https:\/\/www.suno.com.br\/noticias\/agenda-do-dia-embraer-br-malls-banco-inter-magazine-luiza040920\/","title":{"rendered":"Agenda do Dia: Embraer; BR Malls; Banco Inter; Vale; Magazine Luiza"},"content":{"rendered":"<p>Os assuntos da <strong>Agenda<\/strong> <strong>do<\/strong> <strong>Dia<\/strong> desta sexta-feira (4) prometem agitar o mercado.<\/p>\t<div class=\"wrapper-featured-image\">\n\t\t<figure class=\"spotlightImg\">\n\n\t\t\t<picture>\n\t\t\t\t<source media=\"(max-width: 768px)\" srcset=\"https:\/\/files.sunoresearch.com.br\/n\/uploads\/2020\/09\/7c881e31-embraer-400x200.webp\">\n\t\t\t\t<img loading=\"lazy\" decoding=\"async\" class=\"newsContent__article__imgCapa lazyloadDisabled \" src=\"https:\/\/files.sunoresearch.com.br\/n\/uploads\/2020\/09\/7c881e31-embraer-800x450.webp\" width=\"800\" height=\"450\" alt=\"Agenda do Dia: Embraer; BR Malls; Banco Inter; Vale; Magazine Luiza\" fetchpriority=high \/>\n\t\t\t<\/picture>\n\n\t\t\t<figcaption class=\"wp-caption-text wp-caption-text--show\">Embraer (EMBR3) entrega 28 jatos no terceiro trimestre, queda de 36%<\/figcaption>\n\t\t<\/figure>\n\t<\/div>\n\n\n<div class=\"hubspot-form-wrapper\">\n\t<div id=\"single-form-target\"><\/div>\n<\/div>\n\n<p>A Agenda do Dia come\u00e7a com a not\u00edcia sobre a <strong>Embraer,<\/strong> que, ap\u00f3s informar sobre o desligamento de milhares de funcion\u00e1rios, viu seus colaboradores entrarem em greve. Al\u00e9m disso, h\u00e1 tamb\u00e9m novas informa\u00e7\u00f5es sobre a <strong>BR Malls<\/strong><b>, <\/b>que comunicou sobre o aumento de participa\u00e7\u00e3o do BlackRock na companhia.<\/p>\n<p>Ademais, a Agenda do Dia tamb\u00e9m conta com informa\u00e7\u00f5es sobre o <strong>Banco Inter, <\/strong>que estabeleceu o pre\u00e7o por unit em seu aumento de capital.<\/p>\n<p><a href=\"https:\/\/lp.suno.com.br\/suno-one\/\">Suno One: acesse gratuitamente eBooks, Minicursos, Artigos e Video Aulas sobre investimentos com um \u00fanico cadastro. Clique para saber mais!<\/a><\/p>\n<h2>Greve de funcion\u00e1rios da Embraer<\/h2>\n<p>Ap\u00f3s a <a href=\"https:\/\/www.suno.com.br\/acoes\/embr3\/\"><strong>Embraer<\/strong> (EMBR3)<\/a>\u00a0<a href=\"https:\/\/www.suno.com.br\/noticias\/embraer-embr3-demitira-25-mil-colaboradores-brasil\/\">anunciar a demiss\u00e3o de 900 colaboradores<\/a>, al\u00e9m dos 1,6 mil desligamentos ligados ao Plano de Demiss\u00f5es Volunt\u00e1rias, os funcion\u00e1rios da empresa decidiram entrar em greve. A decis\u00e3o foi tomada em assembleia realizada na \u00faltima quinta-feira (3).<\/p>\n\t<div data-element=\"shortcode-read-more\" class=\"knowMore\">\n\t\t\t\t<span class=\"knowMore__title\">Saiba mais<\/span>\n\t\t\t\t<a class=\"knowMore__link\" href=\"https:\/\/www.suno.com.br\/noticias\/embraer-embr3-funcionarios-entram-greve\/\">\n\t\t\tEmbraer (EMBR3): ap\u00f3s an\u00fancio de demiss\u00f5es, funcion\u00e1rios entram em greve\t\t<\/a>\n\t<\/div>\n\n\n<h2>Participa\u00e7\u00e3o da BlackRock na BR Malls<\/h2>\n<p>A<strong> BR Malls Participa\u00e7\u00f5es<\/strong> S.A. informou , na \u00faltima quinta-feira (3) que recebeu, na mesma data, da BlackRock Inc, um comunicado sobre as participa\u00e7\u00f5es societ\u00e1rias detidas pela gestora, que alcan\u00e7aram, em 31 de agosto de 2020, de forma agregada 27.280.645 a\u00e7\u00f5es ordin\u00e1rias, representando aproximadamente 3,12% do total de a\u00e7\u00f5es ordin\u00e1rias emitidas pela BR Malls e 342.745 instrumentos financeiros derivativos referenciados em a\u00e7\u00f5es ordin\u00e1rias com liquida\u00e7\u00e3o financeira, representando aproximadamente 0,03% do total de a\u00e7\u00f5es ordin\u00e1rias emitidas pela companhia.<\/p>\n<p>&#8220;O objetivo das participa\u00e7\u00f5es societ\u00e1rias acima mencionadas \u00e9 estritamente de investimento, n\u00e3o objetivando altera\u00e7\u00e3o do controle acion\u00e1rio ou da estrutura administrativa da companhia; e n\u00e3o foram celebrados, pela BlackRock, quaisquer contratos ou acordos que regulem o exerc\u00edcio de direito de voto ou a compra e venda de valores mobili\u00e1rios emitidos pela companhia&#8221;, informou a BR Malls em comunicado.<\/p>\n<h2>Aumento de capital do Banco Inter<\/h2>\n<p>O <a href=\"https:\/\/www.suno.com.br\/acoes\/bidi11\/\"><strong>Banco Inter<\/strong> (BIDI11)<\/a>\u00a0informou, nesta sexta-feira (4), que seu <a href=\"https:\/\/www.suno.com.br\/artigos\/conselho-administracao\/\">Conselho de Administra\u00e7\u00e3o<\/a> deliberou sobre o aumento de capital proposto pela companhia. O pre\u00e7o por <em>unit<\/em> foi estabelecido em R$ 62,49. Dessa forma, o <a href=\"https:\/\/www.suno.com.br\/artigos\/capital-social\/\">capital social<\/a> do Banco Inter passar\u00e1 de R$ 2,131 bilh\u00f5es para R$ 3,297 bilh\u00f5es. O montante de R$ 1,166 bilh\u00e3o ser\u00e1 acrescido por meio da emiss\u00e3o de 39,15 milh\u00f5es de a\u00e7\u00f5es preferenciais e 16,83 milh\u00f5es de pap\u00e9is ordin\u00e1rios. Vale ressaltar que a <a href=\"https:\/\/www.suno.com.br\/artigos\/o-que-sao-acoes-ordinarias-preferenciais-e-units\/\"><em>unit<\/em> <\/a>\u00e9 formada por duas a\u00e7\u00f5es preferenciais e uma a\u00e7\u00e3o ordin\u00e1ria.<\/p>\n<h2>Vale<\/h2>\n<p>A mineradora multinacional brasileira, <strong><a href=\"https:\/\/www.suno.com.br\/artigos\/tag\/vale3\/\">Vale (VALE3)<\/a><\/strong>, executou, na \u00faltima quinta-feira (3), a sua primeira venda de min\u00e9rio de ferro atrav\u00e9s da tecnologia de blockchain.<\/p>\n<p>\u201cEste \u00e9 um marco importante rumo \u00e0 digitaliza\u00e7\u00e3o do processo de vendas ao trazer inova\u00e7\u00e3o para as transa\u00e7\u00f5es que normalmente demandam um grande uso de papel e ao oferecer um n\u00edvel de servi\u00e7o mais elevado para os clientes, al\u00e9m de previsibilidade na cadeia de valor do a\u00e7o\u201d, afirmou a Vale em comunicado ao mercado.<\/p>\n<h2>Nova aquisi\u00e7\u00e3o da Magazine Luiza<\/h2>\n<p>O <a href=\"https:\/\/www.suno.com.br\/acoes\/mglu3\/\"><strong>Magazine<\/strong> <strong>Luiza<\/strong> (MGLU3)<\/a> informou na \u00faltima quinta-feira (3) que comprou a startup paranaense de entrega de alimentos &#8216;AiQFome&#8217;. A gigante varejista explicou que a nova aquisi\u00e7\u00e3o ser\u00e1 inclu\u00edda em seu aplicativo, com o objetivo de transform\u00e1-lo em um &#8216;superApp&#8217;. O valor da transa\u00e7\u00e3o n\u00e3o foi revelado pela companhia.<\/p>\n<p>O <a href=\"https:\/\/www.suno.com.br\/artigos\/cfo\/\">CFO<\/a> do Magazine Luiza, Roberto Bellissimo, afirmou, em entrevista \u00e0 &#8216;Exame&#8217;, que o app <strong>Magalu<\/strong> conta com mais de 30 milh\u00f5es de usu\u00e1rios ativos mensais, &#8220;e nessa estrat\u00e9gia temos investido em aumento de sortimento. Sabemos que o pedido de comida no delivery \u00e9 cada vez mais recorrente e a aquisi\u00e7\u00e3o do <strong>AiQFome<\/strong> refor\u00e7a a frequ\u00eancia de uso&#8221;.<\/p>\n<h2>Guararapes<\/h2>\n<p>A <a href=\"https:\/\/www.suno.com.br\/acoes\/guar3\/\"><strong>Guararapes<\/strong> (GUAR3)<\/a> comunicou na \u00faltima quinta-feira (3) que o seu <a href=\"https:\/\/www.suno.com.br\/artigos\/conselho-administracao\/\">conselho de administra\u00e7\u00e3o<\/a> decidiu substituir o atual diretor de rela\u00e7\u00f5es com os investidores Newton Rocha de Oliveira J\u00fanior, pelo T\u00falio Jos\u00e9 Pitol de Queiroz.<\/p>\n<p>&#8220;O conselho deseja sucesso ao novo diretor e agradece J\u00fanior pela valiosa contribui\u00e7\u00e3o presta todo o per\u00edodo em que fez parte do corpo executivo desta organiza\u00e7\u00e3o&#8221;, informou a Guararapes em seu comunicado.<\/p>\n<p>A <strong>Agenda<\/strong> <strong style=\"font-size: 1.21429rem;\">do<\/strong> <strong style=\"font-size: 1.21429rem;\">Dia<\/strong> do <a href=\"https:\/\/www.youtube.com\/channel\/UCWDeEIDAIi_oYKDiqwfGyRg\">Suno Not\u00edcias<\/a> mostra os principais acontecimentos que prometem movimentar o mercado durante o dia.<\/p>\n\t<p>\n\t\t<a href=\"https:\/\/lp.suno.com.br\/planilha-de-controle-de-investimentos\/\" target=\"_blank\" data-element=\"shortcode-suno-banner\" title=\"Banner SUNO, clique e saiba mais\">\n\t\t\t<picture>\n\t\t\t\t<source media=\"(max-width: 500px)\" srcset=\"https:\/\/files.sunoresearch.com.br\/n\/uploads\/2023\/03\/400x300-Controle-de-Investimentos.png\">\n\t\t\t\t<img class=\"newsContent__article__imgCapa newsContent__article__imgCapa--banner\"\n\t\t\t\t\tsrc=\"https:\/\/files.sunoresearch.com.br\/n\/uploads\/2023\/03\/1420x240-Controle-de-Investimentos.png\"\n\t\t\t\t\tdata-promo-id=\"75934\"\t\t\t\t\t\t\t\t\t\twidth='1420' height='240'\t\t\t\t\talt=\"https:\/\/files.sunoresearch.com.br\/n\/uploads\/2023\/03\/1420x240-Controle-de-Investimentos.png\"\n\t\t\t\t>\n\t\t\t<\/picture>\n\t\t<\/a>\n\t<\/p>\n\n\n","protected":false},"excerpt":{"rendered":"<p>Os assuntos da Agenda do Dia desta sexta-feira (4) prometem agitar o mercado. Embraer (EMBR3) entrega 28 jatos no terceiro trimestre, queda de 36% A Agenda do Dia come\u00e7a com a not\u00edcia sobre a Embraer, que, ap\u00f3s informar sobre o desligamento de milhares de funcion\u00e1rios, viu seus colaboradores entrarem em greve. Al\u00e9m disso, h\u00e1 tamb\u00e9m [&hellip;]<\/p>\n","protected":false},"author":19,"featured_media":82546,"comment_status":"closed","ping_status":"closed","sticky":false,"template":"","format":"standard","meta":[],"categories":[64],"tags":[1980,369,79856,460,548,676],"suno_strategy":[],"class_list":["post-82525","post","type-post","status-publish","format-standard","has-post-thumbnail","hentry","category-negocios","tag-agenda-do-dia","tag-banco-inter-bidi11-bidi4-bidi3","tag-br-malls-brml3","tag-embraer-embr3","tag-magazine-luiza-mglu3","tag-vale-vale3"],"yoast_head":"<!-- This site is optimized with the Yoast SEO plugin v24.4 - https:\/\/yoast.com\/wordpress\/plugins\/seo\/ -->\n<title>Agenda do Dia: Embraer; BR Malls; Banco Inter; Vale; Magazine Luiza<\/title>\n<meta name=\"description\" content=\"Agenda do Dia: Greve na Embraer; BR Malls e BlackRock; aumento de capital do Banco Inter; Vale; Magazine Luiza. Saiba mais.\" \/>\n<meta name=\"robots\" content=\"index, follow, max-snippet:-1, max-image-preview:large, max-video-preview:-1\" \/>\n<link rel=\"canonical\" href=\"https:\/\/www.suno.com.br\/noticias\/agenda-do-dia-embraer-br-malls-banco-inter-magazine-luiza040920\/\" \/>\n<meta property=\"og:locale\" content=\"pt_BR\" \/>\n<meta property=\"og:type\" content=\"article\" \/>\n<meta property=\"og:title\" content=\"Agenda do Dia: Embraer; BR Malls; Banco Inter; Vale; Magazine Luiza\" \/>\n<meta property=\"og:description\" content=\"Agenda do Dia: Greve na Embraer; BR Malls e BlackRock; aumento de capital do Banco Inter; Vale; Magazine Luiza. Saiba mais.\" \/>\n<meta property=\"og:url\" content=\"https:\/\/www.suno.com.br\/noticias\/agenda-do-dia-embraer-br-malls-banco-inter-magazine-luiza040920\/\" \/>\n<meta property=\"og:site_name\" content=\"Suno Not\u00edcias\" \/>\n<meta property=\"article:publisher\" content=\"https:\/\/facebook.com\/sunoresearch\" \/>\n<meta property=\"og:image\" content=\"https:\/\/files.sunoresearch.com.br\/n\/uploads\/2020\/09\/7c881e31-embraer.jpeg\" \/>\n\t<meta property=\"og:image:width\" content=\"800\" \/>\n\t<meta property=\"og:image:height\" content=\"533\" \/>\n\t<meta property=\"og:image:type\" content=\"image\/jpeg\" \/>\n<meta name=\"author\" content=\"Juliano Passaro\" \/>\n<meta name=\"twitter:card\" content=\"summary_large_image\" \/>\n<meta name=\"twitter:creator\" content=\"@sunoresearch\" \/>\n<meta name=\"twitter:site\" content=\"@sunoresearch\" \/>\n<meta name=\"twitter:label1\" content=\"Escrito por\" \/>\n\t<meta name=\"twitter:data1\" content=\"Juliano Passaro\" \/>\n\t<meta name=\"twitter:label2\" content=\"Est. tempo de leitura\" \/>\n\t<meta name=\"twitter:data2\" content=\"4 minutos\" \/>\n<script type=\"application\/ld+json\" class=\"yoast-schema-graph\">{\"@context\":\"https:\/\/schema.org\",\"@graph\":[{\"@type\":\"NewsArticle\",\"@id\":\"https:\/\/www.suno.com.br\/noticias\/agenda-do-dia-embraer-br-malls-banco-inter-magazine-luiza040920\/#article\",\"isPartOf\":{\"@id\":\"https:\/\/www.suno.com.br\/noticias\/agenda-do-dia-embraer-br-malls-banco-inter-magazine-luiza040920\/\"},\"author\":{\"name\":\"Juliano Passaro\",\"@id\":\"https:\/\/www.suno.com.br\/noticias\/#\/schema\/person\/1db762f78ffd8919a648a63e425953e3\"},\"headline\":\"Agenda do Dia: Embraer; BR Malls; Banco Inter; Vale; Magazine Luiza\",\"datePublished\":\"2020-09-04T11:58:14+00:00\",\"dateModified\":\"2021-06-14T03:27:28+00:00\",\"mainEntityOfPage\":{\"@id\":\"https:\/\/www.suno.com.br\/noticias\/agenda-do-dia-embraer-br-malls-banco-inter-magazine-luiza040920\/\"},\"wordCount\":753,\"publisher\":{\"@id\":\"https:\/\/www.suno.com.br\/noticias\/#organization\"},\"image\":{\"@id\":\"https:\/\/www.suno.com.br\/noticias\/agenda-do-dia-embraer-br-malls-banco-inter-magazine-luiza040920\/#primaryimage\"},\"thumbnailUrl\":\"https:\/\/files.sunoresearch.com.br\/n\/uploads\/2020\/09\/7c881e31-embraer-jpeg.webp\",\"keywords\":[\"agenda do dia\",\"Banco Inter (BIDI11\/BIDI4\/BIDI3)\",\"BRMalls (BRML3)\",\"Embraer (EMBR3)\",\"Magazine Luiza (MGLU3)\",\"Vale (VALE3)\"],\"articleSection\":[\"Neg\u00f3cios\"],\"inLanguage\":\"pt-BR\"},{\"@type\":\"WebPage\",\"@id\":\"https:\/\/www.suno.com.br\/noticias\/agenda-do-dia-embraer-br-malls-banco-inter-magazine-luiza040920\/\",\"url\":\"https:\/\/www.suno.com.br\/noticias\/agenda-do-dia-embraer-br-malls-banco-inter-magazine-luiza040920\/\",\"name\":\"Agenda do Dia: Embraer; BR Malls; Banco Inter; Vale; Magazine Luiza\",\"isPartOf\":{\"@id\":\"https:\/\/www.suno.com.br\/noticias\/#website\"},\"primaryImageOfPage\":{\"@id\":\"https:\/\/www.suno.com.br\/noticias\/agenda-do-dia-embraer-br-malls-banco-inter-magazine-luiza040920\/#primaryimage\"},\"image\":{\"@id\":\"https:\/\/www.suno.com.br\/noticias\/agenda-do-dia-embraer-br-malls-banco-inter-magazine-luiza040920\/#primaryimage\"},\"thumbnailUrl\":\"https:\/\/files.sunoresearch.com.br\/n\/uploads\/2020\/09\/7c881e31-embraer-jpeg.webp\",\"datePublished\":\"2020-09-04T11:58:14+00:00\",\"dateModified\":\"2021-06-14T03:27:28+00:00\",\"description\":\"Agenda do Dia: Greve na Embraer; BR Malls e BlackRock; aumento de capital do Banco Inter; Vale; Magazine Luiza. Saiba mais.\",\"breadcrumb\":{\"@id\":\"https:\/\/www.suno.com.br\/noticias\/agenda-do-dia-embraer-br-malls-banco-inter-magazine-luiza040920\/#breadcrumb\"},\"inLanguage\":\"pt-BR\",\"potentialAction\":[{\"@type\":\"ReadAction\",\"target\":[\"https:\/\/www.suno.com.br\/noticias\/agenda-do-dia-embraer-br-malls-banco-inter-magazine-luiza040920\/\"]}]},{\"@type\":\"ImageObject\",\"inLanguage\":\"pt-BR\",\"@id\":\"https:\/\/www.suno.com.br\/noticias\/agenda-do-dia-embraer-br-malls-banco-inter-magazine-luiza040920\/#primaryimage\",\"url\":\"https:\/\/files.sunoresearch.com.br\/n\/uploads\/2020\/09\/7c881e31-embraer-jpeg.webp\",\"contentUrl\":\"https:\/\/files.sunoresearch.com.br\/n\/uploads\/2020\/09\/7c881e31-embraer-jpeg.webp\",\"width\":800,\"height\":533,\"caption\":\"Embraer (EMBR3) entrega 28 jatos no terceiro trimestre, queda de 36%\"},{\"@type\":\"BreadcrumbList\",\"@id\":\"https:\/\/www.suno.com.br\/noticias\/agenda-do-dia-embraer-br-malls-banco-inter-magazine-luiza040920\/#breadcrumb\",\"itemListElement\":[{\"@type\":\"ListItem\",\"position\":1,\"name\":\"Not\u00edcias\",\"item\":\"https:\/\/www.suno.com.br\/noticias\/\"},{\"@type\":\"ListItem\",\"position\":2,\"name\":\"Neg\u00f3cios\",\"item\":\"https:\/\/www.suno.com.br\/noticias\/negocios\/\"},{\"@type\":\"ListItem\",\"position\":3,\"name\":\"Agenda do Dia: Embraer; BR Malls; Banco Inter; Vale; Magazine Luiza\"}]},{\"@type\":\"WebSite\",\"@id\":\"https:\/\/www.suno.com.br\/noticias\/#website\",\"url\":\"https:\/\/www.suno.com.br\/noticias\/\",\"name\":\"Suno Not\u00edcias\",\"description\":\"Seu portal de informa\u00e7\u00e3o sobre o mundo dos investimentos\",\"publisher\":{\"@id\":\"https:\/\/www.suno.com.br\/noticias\/#organization\"},\"potentialAction\":[{\"@type\":\"SearchAction\",\"target\":{\"@type\":\"EntryPoint\",\"urlTemplate\":\"https:\/\/www.suno.com.br\/noticias\/?s={search_term_string}\"},\"query-input\":{\"@type\":\"PropertyValueSpecification\",\"valueRequired\":true,\"valueName\":\"search_term_string\"}}],\"inLanguage\":\"pt-BR\"},{\"@type\":\"Organization\",\"@id\":\"https:\/\/www.suno.com.br\/noticias\/#organization\",\"name\":\"Suno Not\u00edcias\",\"url\":\"https:\/\/www.suno.com.br\/noticias\/\",\"logo\":{\"@type\":\"ImageObject\",\"inLanguage\":\"pt-BR\",\"@id\":\"https:\/\/www.suno.com.br\/noticias\/#\/schema\/logo\/image\/\",\"url\":\"https:\/\/files.sunoresearch.com.br\/n\/uploads\/2021\/09\/suno-logo.png\",\"contentUrl\":\"https:\/\/files.sunoresearch.com.br\/n\/uploads\/2021\/09\/suno-logo.png\",\"width\":180,\"height\":180,\"caption\":\"Suno Not\u00edcias\"},\"image\":{\"@id\":\"https:\/\/www.suno.com.br\/noticias\/#\/schema\/logo\/image\/\"},\"sameAs\":[\"https:\/\/facebook.com\/sunoresearch\",\"https:\/\/x.com\/sunoresearch\",\"https:\/\/www.instagram.com\/suno\",\"https:\/\/www.linkedin.com\/company\/suno-research\/\",\"https:\/\/www.youtube.com\/c\/sunoresearch\"]},{\"@type\":\"Person\",\"@id\":\"https:\/\/www.suno.com.br\/noticias\/#\/schema\/person\/1db762f78ffd8919a648a63e425953e3\",\"name\":\"Juliano Passaro\",\"image\":{\"@type\":\"ImageObject\",\"inLanguage\":\"pt-BR\",\"@id\":\"https:\/\/www.suno.com.br\/noticias\/#\/schema\/person\/image\/\",\"url\":\"https:\/\/secure.gravatar.com\/avatar\/743d4df28eebf6dcc46b4ad03c319e92?s=96&r=g\",\"contentUrl\":\"https:\/\/secure.gravatar.com\/avatar\/743d4df28eebf6dcc46b4ad03c319e92?s=96&r=g\",\"caption\":\"Juliano Passaro\"},\"description\":\"Juliano Passaro escreve sobre pol\u00edtica, economia e neg\u00f3cios para o portal da Suno Research. Antes da Suno, trabalhou no Portal da Band. \u00c9 formado em jornalismo pela Universidade Presbiteriana Mackenzie.\",\"url\":\"https:\/\/www.suno.com.br\/noticias\/author\/juliano\/\"}]}<\/script>\n<!-- \/ Yoast SEO plugin. -->","yoast_head_json":{"title":"Agenda do Dia: Embraer; BR Malls; Banco Inter; Vale; Magazine Luiza","description":"Agenda do Dia: Greve na Embraer; BR Malls e BlackRock; aumento de capital do Banco Inter; Vale; Magazine Luiza. Saiba mais.","robots":{"index":"index","follow":"follow","max-snippet":"max-snippet:-1","max-image-preview":"max-image-preview:large","max-video-preview":"max-video-preview:-1"},"canonical":"https:\/\/www.suno.com.br\/noticias\/agenda-do-dia-embraer-br-malls-banco-inter-magazine-luiza040920\/","og_locale":"pt_BR","og_type":"article","og_title":"Agenda do Dia: Embraer; BR Malls; Banco Inter; Vale; Magazine Luiza","og_description":"Agenda do Dia: Greve na Embraer; BR Malls e BlackRock; aumento de capital do Banco Inter; Vale; Magazine Luiza. Saiba mais.","og_url":"https:\/\/www.suno.com.br\/noticias\/agenda-do-dia-embraer-br-malls-banco-inter-magazine-luiza040920\/","og_site_name":"Suno Not\u00edcias","article_publisher":"https:\/\/facebook.com\/sunoresearch","og_image":[{"width":800,"height":533,"url":"https:\/\/files.sunoresearch.com.br\/n\/uploads\/2020\/09\/7c881e31-embraer.jpeg","type":"image\/jpeg"}],"author":"Juliano Passaro","twitter_card":"summary_large_image","twitter_creator":"@sunoresearch","twitter_site":"@sunoresearch","twitter_misc":{"Escrito por":"Juliano Passaro","Est. tempo de leitura":"4 minutos"},"schema":{"@context":"https:\/\/schema.org","@graph":[{"@type":"NewsArticle","@id":"https:\/\/www.suno.com.br\/noticias\/agenda-do-dia-embraer-br-malls-banco-inter-magazine-luiza040920\/#article","isPartOf":{"@id":"https:\/\/www.suno.com.br\/noticias\/agenda-do-dia-embraer-br-malls-banco-inter-magazine-luiza040920\/"},"author":{"name":"Juliano Passaro","@id":"https:\/\/www.suno.com.br\/noticias\/#\/schema\/person\/1db762f78ffd8919a648a63e425953e3"},"headline":"Agenda do Dia: Embraer; BR Malls; Banco Inter; Vale; Magazine Luiza","datePublished":"2020-09-04T11:58:14+00:00","dateModified":"2021-06-14T03:27:28+00:00","mainEntityOfPage":{"@id":"https:\/\/www.suno.com.br\/noticias\/agenda-do-dia-embraer-br-malls-banco-inter-magazine-luiza040920\/"},"wordCount":753,"publisher":{"@id":"https:\/\/www.suno.com.br\/noticias\/#organization"},"image":{"@id":"https:\/\/www.suno.com.br\/noticias\/agenda-do-dia-embraer-br-malls-banco-inter-magazine-luiza040920\/#primaryimage"},"thumbnailUrl":"https:\/\/files.sunoresearch.com.br\/n\/uploads\/2020\/09\/7c881e31-embraer-jpeg.webp","keywords":["agenda do dia","Banco Inter (BIDI11\/BIDI4\/BIDI3)","BRMalls (BRML3)","Embraer (EMBR3)","Magazine Luiza (MGLU3)","Vale (VALE3)"],"articleSection":["Neg\u00f3cios"],"inLanguage":"pt-BR"},{"@type":"WebPage","@id":"https:\/\/www.suno.com.br\/noticias\/agenda-do-dia-embraer-br-malls-banco-inter-magazine-luiza040920\/","url":"https:\/\/www.suno.com.br\/noticias\/agenda-do-dia-embraer-br-malls-banco-inter-magazine-luiza040920\/","name":"Agenda do Dia: Embraer; BR Malls; Banco Inter; Vale; Magazine Luiza","isPartOf":{"@id":"https:\/\/www.suno.com.br\/noticias\/#website"},"primaryImageOfPage":{"@id":"https:\/\/www.suno.com.br\/noticias\/agenda-do-dia-embraer-br-malls-banco-inter-magazine-luiza040920\/#primaryimage"},"image":{"@id":"https:\/\/www.suno.com.br\/noticias\/agenda-do-dia-embraer-br-malls-banco-inter-magazine-luiza040920\/#primaryimage"},"thumbnailUrl":"https:\/\/files.sunoresearch.com.br\/n\/uploads\/2020\/09\/7c881e31-embraer-jpeg.webp","datePublished":"2020-09-04T11:58:14+00:00","dateModified":"2021-06-14T03:27:28+00:00","description":"Agenda do Dia: Greve na Embraer; BR Malls e BlackRock; aumento de capital do Banco Inter; Vale; Magazine Luiza. Saiba mais.","breadcrumb":{"@id":"https:\/\/www.suno.com.br\/noticias\/agenda-do-dia-embraer-br-malls-banco-inter-magazine-luiza040920\/#breadcrumb"},"inLanguage":"pt-BR","potentialAction":[{"@type":"ReadAction","target":["https:\/\/www.suno.com.br\/noticias\/agenda-do-dia-embraer-br-malls-banco-inter-magazine-luiza040920\/"]}]},{"@type":"ImageObject","inLanguage":"pt-BR","@id":"https:\/\/www.suno.com.br\/noticias\/agenda-do-dia-embraer-br-malls-banco-inter-magazine-luiza040920\/#primaryimage","url":"https:\/\/files.sunoresearch.com.br\/n\/uploads\/2020\/09\/7c881e31-embraer-jpeg.webp","contentUrl":"https:\/\/files.sunoresearch.com.br\/n\/uploads\/2020\/09\/7c881e31-embraer-jpeg.webp","width":800,"height":533,"caption":"Embraer (EMBR3) entrega 28 jatos no terceiro trimestre, queda de 36%"},{"@type":"BreadcrumbList","@id":"https:\/\/www.suno.com.br\/noticias\/agenda-do-dia-embraer-br-malls-banco-inter-magazine-luiza040920\/#breadcrumb","itemListElement":[{"@type":"ListItem","position":1,"name":"Not\u00edcias","item":"https:\/\/www.suno.com.br\/noticias\/"},{"@type":"ListItem","position":2,"name":"Neg\u00f3cios","item":"https:\/\/www.suno.com.br\/noticias\/negocios\/"},{"@type":"ListItem","position":3,"name":"Agenda do Dia: Embraer; BR Malls; Banco Inter; Vale; Magazine Luiza"}]},{"@type":"WebSite","@id":"https:\/\/www.suno.com.br\/noticias\/#website","url":"https:\/\/www.suno.com.br\/noticias\/","name":"Suno Not\u00edcias","description":"Seu portal de informa\u00e7\u00e3o sobre o mundo dos investimentos","publisher":{"@id":"https:\/\/www.suno.com.br\/noticias\/#organization"},"potentialAction":[{"@type":"SearchAction","target":{"@type":"EntryPoint","urlTemplate":"https:\/\/www.suno.com.br\/noticias\/?s={search_term_string}"},"query-input":{"@type":"PropertyValueSpecification","valueRequired":true,"valueName":"search_term_string"}}],"inLanguage":"pt-BR"},{"@type":"Organization","@id":"https:\/\/www.suno.com.br\/noticias\/#organization","name":"Suno Not\u00edcias","url":"https:\/\/www.suno.com.br\/noticias\/","logo":{"@type":"ImageObject","inLanguage":"pt-BR","@id":"https:\/\/www.suno.com.br\/noticias\/#\/schema\/logo\/image\/","url":"https:\/\/files.sunoresearch.com.br\/n\/uploads\/2021\/09\/suno-logo.png","contentUrl":"https:\/\/files.sunoresearch.com.br\/n\/uploads\/2021\/09\/suno-logo.png","width":180,"height":180,"caption":"Suno Not\u00edcias"},"image":{"@id":"https:\/\/www.suno.com.br\/noticias\/#\/schema\/logo\/image\/"},"sameAs":["https:\/\/facebook.com\/sunoresearch","https:\/\/x.com\/sunoresearch","https:\/\/www.instagram.com\/suno","https:\/\/www.linkedin.com\/company\/suno-research\/","https:\/\/www.youtube.com\/c\/sunoresearch"]},{"@type":"Person","@id":"https:\/\/www.suno.com.br\/noticias\/#\/schema\/person\/1db762f78ffd8919a648a63e425953e3","name":"Juliano Passaro","image":{"@type":"ImageObject","inLanguage":"pt-BR","@id":"https:\/\/www.suno.com.br\/noticias\/#\/schema\/person\/image\/","url":"https:\/\/secure.gravatar.com\/avatar\/743d4df28eebf6dcc46b4ad03c319e92?s=96&r=g","contentUrl":"https:\/\/secure.gravatar.com\/avatar\/743d4df28eebf6dcc46b4ad03c319e92?s=96&r=g","caption":"Juliano Passaro"},"description":"Juliano Passaro escreve sobre pol\u00edtica, economia e neg\u00f3cios para o portal da Suno Research. Antes da Suno, trabalhou no Portal da Band. \u00c9 formado em jornalismo pela Universidade Presbiteriana Mackenzie.","url":"https:\/\/www.suno.com.br\/noticias\/author\/juliano\/"}]}},"default_loop_html":"<div class=\"cardsPage__listCard__boxs\"><div class=\"cardsPage__listCard__boxs__img\"><a href=\"https:\/\/www.suno.com.br\/noticias\/agenda-do-dia-embraer-br-malls-banco-inter-magazine-luiza040920\/\"><img class=\"mask\" src=\"https:\/\/www.suno.com.br\/noticias\/wp-content\/themes\/suno\/resources\/images\/spotlight\/spotlight1img\/bg-mask.png\" alt=\"Image Mask\"\/><img src=\"https:\/\/files.sunoresearch.com.br\/n\/uploads\/2020\/09\/7c881e31-embraer-400x200.webp\" alt=\"Agenda do Dia: Embraer; BR Malls; Banco Inter; Vale; Magazine Luiza\"\/><\/a><span class=\"spotlightCategory\"><a href=\"https:\/\/www.suno.com.br\/noticias\/negocios\/\">Neg\u00f3cios<\/a><\/span><\/div><div class=\"cardsPage__listCard__boxs__content\"><a href=\"https:\/\/www.suno.com.br\/noticias\/agenda-do-dia-embraer-br-malls-banco-inter-magazine-luiza040920\/\"><h2 class=\"content__title\">Agenda do Dia: Embraer; BR Malls; Banco Inter; Vale; Magazine Luiza<\/h2><\/a><div class=\"newsContent__article__meta\"><div class=\"newsContent__article__meta__authorBox\"><a href=\"https:\/\/www.suno.com.br\/noticias\/author\/juliano\/\" class=\"authorBox__avatar noMobi\"><img src=\"https:\/\/files.sunoresearch.com.br\/n\/uploads\/2019\/06\/7cc3efea-whatsapp-image-2019-07-18-at-21.59.33-e1563499821209-150x150.webp\" alt=\"Juliano Passaro\"><\/a><div class=\"authorBox__name\"><span>por\n\t\t\t<a href=\"https:\/\/www.suno.com.br\/noticias\/author\/juliano\/\"><span itemprop=\"author\">Juliano Passaro<\/span><\/a><\/span><time datetime=\"2020-09-04T08:58:14-03:00\" itemprop=\"datePublished\">04\/09\/2020 08:58<\/time><\/div><\/div><\/div><\/div><\/div>","single_layout":"posts","amp_enabled":true,"_links":{"self":[{"href":"https:\/\/www.suno.com.br\/noticias\/wp-json\/wp\/v2\/posts\/82525"}],"collection":[{"href":"https:\/\/www.suno.com.br\/noticias\/wp-json\/wp\/v2\/posts"}],"about":[{"href":"https:\/\/www.suno.com.br\/noticias\/wp-json\/wp\/v2\/types\/post"}],"author":[{"embeddable":true,"href":"https:\/\/www.suno.com.br\/noticias\/wp-json\/wp\/v2\/users\/19"}],"replies":[{"embeddable":true,"href":"https:\/\/www.suno.com.br\/noticias\/wp-json\/wp\/v2\/comments?post=82525"}],"version-history":[{"count":1,"href":"https:\/\/www.suno.com.br\/noticias\/wp-json\/wp\/v2\/posts\/82525\/revisions"}],"predecessor-version":[{"id":152415,"href":"https:\/\/www.suno.com.br\/noticias\/wp-json\/wp\/v2\/posts\/82525\/revisions\/152415"}],"wp:featuredmedia":[{"embeddable":true,"href":"https:\/\/www.suno.com.br\/noticias\/wp-json\/wp\/v2\/media\/82546"}],"wp:attachment":[{"href":"https:\/\/www.suno.com.br\/noticias\/wp-json\/wp\/v2\/media?parent=82525"}],"wp:term":[{"taxonomy":"category","embeddable":true,"href":"https:\/\/www.suno.com.br\/noticias\/wp-json\/wp\/v2\/categories?post=82525"},{"taxonomy":"post_tag","embeddable":true,"href":"https:\/\/www.suno.com.br\/noticias\/wp-json\/wp\/v2\/tags?post=82525"},{"taxonomy":"suno_strategy","embeddable":true,"href":"https:\/\/www.suno.com.br\/noticias\/wp-json\/wp\/v2\/suno_strategy?post=82525"}],"curies":[{"name":"wp","href":"https:\/\/api.w.org\/{rel}","templated":true}]}}