{"id":82510,"date":"2020-09-04T07:35:48","date_gmt":"2020-09-04T10:35:48","guid":{"rendered":"https:\/\/www.suno.com.br\/noticias\/?p=82510"},"modified":"2020-09-04T07:35:48","modified_gmt":"2020-09-04T10:35:48","slug":"ipo-cury-pressionado-lavvi-queda-estreia-bolsa","status":"publish","type":"post","link":"https:\/\/www.suno.com.br\/noticias\/ipo-cury-pressionado-lavvi-queda-estreia-bolsa\/","title":{"rendered":"IPO da Cury \u00e9 pressionado ap\u00f3s queda da Lavvi (LAVV3) em estreia na bolsa"},"content":{"rendered":"<p>Ap\u00f3s a estreia da subsidi\u00e1ria da <a href=\"https:\/\/www.suno.com.br\/acoes\/cyre3\/\">Cyrela Brazil Realty (CYRE3)<\/a>, Lavvi (LAVV3), n\u00e3o agradar muito por causa dos pap\u00e9is da empresa terem fechado o preg\u00e3o com 5% de queda, os investidores passaram a analisar mais minuciosamente a oferta de a\u00e7\u00f5es inicial da <strong>Cury<\/strong>, outra empresa do grupo que ir\u00e1 realizar a abertura de capital na <a href=\"https:\/\/www.suno.com.br\/artigos\/b3\/\">bolsa de valores de S\u00e3o Paulo (B3)<\/a>.<\/p>\t<div class=\"wrapper-featured-image\">\n\t\t<figure class=\"spotlightImg\">\n\n\t\t\t<picture>\n\t\t\t\t<source media=\"(max-width: 768px)\" srcset=\"https:\/\/files.sunoresearch.com.br\/n\/uploads\/2019\/08\/73273caa-constru\u00e7\u00e3o-civil-400x200.webp\">\n\t\t\t\t<img loading=\"lazy\" decoding=\"async\" class=\"newsContent__article__imgCapa lazyloadDisabled \" src=\"https:\/\/files.sunoresearch.com.br\/n\/uploads\/2019\/08\/73273caa-constru\u00e7\u00e3o-civil-800x450.webp\" width=\"800\" height=\"450\" alt=\"IPO da Cury \u00e9 pressionado ap\u00f3s queda da Lavvi (LAVV3) em estreia na bolsa\" fetchpriority=high \/>\n\t\t\t<\/picture>\n\n\t\t\t<figcaption class=\"wp-caption-text wp-caption-text--show\">Cury (Foto: Reprodu\u00e7\u00e3o)<\/figcaption>\n\t\t<\/figure>\n\t<\/div>\n\n\n<div class=\"hubspot-form-wrapper\">\n\t<div id=\"single-form-target\"><\/div>\n<\/div>\n\n<p>A <strong>Lavvi<\/strong> chegou a despencar 15% durante a sua estreia na bolsa, na \u00faltima quarta-feira (2).\u00a0Com isso, tr\u00eas gestoras de recursos renomadas no mercado, e que participaram da oferta da Lavvi, removeram a indica\u00e7\u00e3o de ancoragem para a oferta da Cury. Ou seja, n\u00e3o se comprometeram a comprar as a\u00e7\u00f5es da empresa logo na <a href=\"https:\/\/www.suno.com.br\/artigos\/ipo\/\">abertura de capital<\/a> da empresa. Mesmo assim, as gestoras permaneceram com suas ordens de compra. Isso pode demonstrar uma certa desconfian\u00e7a em rela\u00e7\u00e3o a empresa que est\u00e1 no processo de realiza\u00e7\u00e3o da oferta. As informa\u00e7\u00f5es s\u00e3o do jornal &#8220;O Estado de S. Paulo&#8221;.<\/p>\n<p>Atualmente, h\u00e1 cerca de 20 empresas do setor de constru\u00e7\u00e3o com pedidos para abertura de capital na bolsa. Com isso, os investidores est\u00e3o ficando cada vez mais seletivos aos investimentos nessas companhias. Recentemente, as incorporadoras Riva 9 e You Inc n\u00e3o conseguiram obter demanda para realizarem a abertura de capital e ficaram no meio do caminho.<\/p>\n<p><a href=\"https:\/\/lp.suno.com.br\/suno-one\/\">No Suno One voc\u00ea aprende a fazer seu dinheiro para trabalhar para voc\u00ea. Cadastre-se gratuitamente agora!<\/a><\/p>\n<p>Por outro lado, a <strong>Cury<\/strong>, por exemplo, \u00e9 considerada uma empresa s\u00f3lida no setor, j\u00e1 que est\u00e1 entre as quatro do mercado imobili\u00e1rio nacional no segmento de baixo renda. A companhia produz im\u00f3veis dentro do programa Minha Casa Minha Vida (que mudou para Casa Verde e Amarela recentemente). As companhias que s\u00e3o consideradas l\u00edderes deste segmento s\u00e3o: MRV, Tenda e Direcional. A Cury busca uma avalia\u00e7\u00e3o entre R$ 3 bilh\u00f5es e R$ 4 bilh\u00f5es na B3, de acordo com informa\u00e7\u00f5es do jornal.<\/p>\n\t<p>\n\t\t<a href=\"https:\/\/lp.suno.com.br\/planilha-de-controle-de-investimentos\/\" target=\"_blank\" data-element=\"shortcode-suno-banner\" title=\"Banner SUNO, clique e saiba mais\">\n\t\t\t<picture>\n\t\t\t\t<source media=\"(max-width: 500px)\" srcset=\"https:\/\/files.sunoresearch.com.br\/n\/uploads\/2023\/03\/400x300-Controle-de-Investimentos.png\">\n\t\t\t\t<img class=\"newsContent__article__imgCapa newsContent__article__imgCapa--banner\"\n\t\t\t\t\tsrc=\"https:\/\/files.sunoresearch.com.br\/n\/uploads\/2023\/03\/1420x240-Controle-de-Investimentos.png\"\n\t\t\t\t\tdata-promo-id=\"75934\"\t\t\t\t\t\t\t\t\t\twidth='1420' height='240'\t\t\t\t\talt=\"https:\/\/files.sunoresearch.com.br\/n\/uploads\/2023\/03\/1420x240-Controle-de-Investimentos.png\"\n\t\t\t\t>\n\t\t\t<\/picture>\n\t\t<\/a>\n\t<\/p>\n\n\n","protected":false},"excerpt":{"rendered":"<p>Ap\u00f3s a estreia da subsidi\u00e1ria da Cyrela Brazil Realty (CYRE3), Lavvi (LAVV3), n\u00e3o agradar muito por causa dos pap\u00e9is da empresa terem fechado o preg\u00e3o com 5% de queda, os investidores passaram a analisar mais minuciosamente a oferta de a\u00e7\u00f5es inicial da Cury, outra empresa do grupo que ir\u00e1 realizar a abertura de capital na [&hellip;]<\/p>\n","protected":false},"author":19,"featured_media":35791,"comment_status":"closed","ping_status":"closed","sticky":false,"template":"","format":"standard","meta":[],"categories":[64],"tags":[101431,319,68023],"suno_strategy":[],"class_list":["post-82510","post","type-post","status-publish","format-standard","has-post-thumbnail","hentry","category-negocios","tag-cury-construtora-cury3","tag-ipo-oferta-inicial-de-acoes","tag-lavvi-empreendimentos-lavv3"],"yoast_head":"<!-- This site is optimized with the Yoast SEO plugin v24.4 - https:\/\/yoast.com\/wordpress\/plugins\/seo\/ -->\n<title>IPO da Cury \u00e9 pressionado ap\u00f3s queda da Lavvi em estreia na bolsa<\/title>\n<meta name=\"description\" content=\"Os investidores passaram a analisar mais minuciosamente a oferta de a\u00e7\u00f5es inicial da Cury, ap\u00f3s a estreia da Lavvi na B3. Saiba mais.\" \/>\n<meta name=\"robots\" content=\"index, follow, max-snippet:-1, max-image-preview:large, max-video-preview:-1\" \/>\n<link rel=\"canonical\" href=\"https:\/\/www.suno.com.br\/noticias\/ipo-cury-pressionado-lavvi-queda-estreia-bolsa\/\" \/>\n<meta property=\"og:locale\" content=\"pt_BR\" \/>\n<meta property=\"og:type\" content=\"article\" \/>\n<meta property=\"og:title\" content=\"IPO da Cury \u00e9 pressionado ap\u00f3s queda da Lavvi em estreia na bolsa\" \/>\n<meta property=\"og:description\" content=\"Os investidores passaram a analisar mais minuciosamente a oferta de a\u00e7\u00f5es inicial da Cury, ap\u00f3s a estreia da Lavvi na B3. Saiba mais.\" \/>\n<meta property=\"og:url\" content=\"https:\/\/www.suno.com.br\/noticias\/ipo-cury-pressionado-lavvi-queda-estreia-bolsa\/\" \/>\n<meta property=\"og:site_name\" content=\"Suno Not\u00edcias\" \/>\n<meta property=\"article:publisher\" content=\"https:\/\/facebook.com\/sunoresearch\" \/>\n<meta property=\"og:image\" content=\"https:\/\/files.sunoresearch.com.br\/n\/uploads\/2019\/08\/73273caa-constru\u00e7\u00e3o-civil.jpg\" \/>\n\t<meta property=\"og:image:width\" content=\"1200\" \/>\n\t<meta property=\"og:image:height\" content=\"800\" \/>\n\t<meta property=\"og:image:type\" content=\"image\/jpeg\" \/>\n<meta name=\"author\" content=\"Juliano Passaro\" \/>\n<meta name=\"twitter:card\" content=\"summary_large_image\" \/>\n<meta name=\"twitter:creator\" content=\"@sunoresearch\" \/>\n<meta name=\"twitter:site\" content=\"@sunoresearch\" \/>\n<meta name=\"twitter:label1\" content=\"Escrito por\" \/>\n\t<meta name=\"twitter:data1\" content=\"Juliano Passaro\" \/>\n\t<meta name=\"twitter:label2\" content=\"Est. tempo de leitura\" \/>\n\t<meta name=\"twitter:data2\" content=\"2 minutos\" \/>\n<script type=\"application\/ld+json\" class=\"yoast-schema-graph\">{\"@context\":\"https:\/\/schema.org\",\"@graph\":[{\"@type\":\"NewsArticle\",\"@id\":\"https:\/\/www.suno.com.br\/noticias\/ipo-cury-pressionado-lavvi-queda-estreia-bolsa\/#article\",\"isPartOf\":{\"@id\":\"https:\/\/www.suno.com.br\/noticias\/ipo-cury-pressionado-lavvi-queda-estreia-bolsa\/\"},\"author\":{\"name\":\"Juliano Passaro\",\"@id\":\"https:\/\/www.suno.com.br\/noticias\/#\/schema\/person\/1db762f78ffd8919a648a63e425953e3\"},\"headline\":\"IPO da Cury \u00e9 pressionado ap\u00f3s queda da Lavvi (LAVV3) em estreia na bolsa\",\"datePublished\":\"2020-09-04T10:35:48+00:00\",\"mainEntityOfPage\":{\"@id\":\"https:\/\/www.suno.com.br\/noticias\/ipo-cury-pressionado-lavvi-queda-estreia-bolsa\/\"},\"wordCount\":365,\"publisher\":{\"@id\":\"https:\/\/www.suno.com.br\/noticias\/#organization\"},\"image\":{\"@id\":\"https:\/\/www.suno.com.br\/noticias\/ipo-cury-pressionado-lavvi-queda-estreia-bolsa\/#primaryimage\"},\"thumbnailUrl\":\"https:\/\/files.sunoresearch.com.br\/n\/uploads\/2019\/08\/73273caa-constru\u00e7\u00e3o-civil-jpg.webp\",\"keywords\":[\"Cury Construtora (CURY3)\",\"IPO (Oferta Inicial de A\u00e7\u00f5es)\",\"Lavvi Empreendimentos (LAVV3)\"],\"articleSection\":[\"Neg\u00f3cios\"],\"inLanguage\":\"pt-BR\"},{\"@type\":\"WebPage\",\"@id\":\"https:\/\/www.suno.com.br\/noticias\/ipo-cury-pressionado-lavvi-queda-estreia-bolsa\/\",\"url\":\"https:\/\/www.suno.com.br\/noticias\/ipo-cury-pressionado-lavvi-queda-estreia-bolsa\/\",\"name\":\"IPO da Cury \u00e9 pressionado ap\u00f3s queda da Lavvi em estreia na bolsa\",\"isPartOf\":{\"@id\":\"https:\/\/www.suno.com.br\/noticias\/#website\"},\"primaryImageOfPage\":{\"@id\":\"https:\/\/www.suno.com.br\/noticias\/ipo-cury-pressionado-lavvi-queda-estreia-bolsa\/#primaryimage\"},\"image\":{\"@id\":\"https:\/\/www.suno.com.br\/noticias\/ipo-cury-pressionado-lavvi-queda-estreia-bolsa\/#primaryimage\"},\"thumbnailUrl\":\"https:\/\/files.sunoresearch.com.br\/n\/uploads\/2019\/08\/73273caa-constru\u00e7\u00e3o-civil-jpg.webp\",\"datePublished\":\"2020-09-04T10:35:48+00:00\",\"description\":\"Os investidores passaram a analisar mais minuciosamente a oferta de a\u00e7\u00f5es inicial da Cury, ap\u00f3s a estreia da Lavvi na B3. Saiba mais.\",\"breadcrumb\":{\"@id\":\"https:\/\/www.suno.com.br\/noticias\/ipo-cury-pressionado-lavvi-queda-estreia-bolsa\/#breadcrumb\"},\"inLanguage\":\"pt-BR\",\"potentialAction\":[{\"@type\":\"ReadAction\",\"target\":[\"https:\/\/www.suno.com.br\/noticias\/ipo-cury-pressionado-lavvi-queda-estreia-bolsa\/\"]}]},{\"@type\":\"ImageObject\",\"inLanguage\":\"pt-BR\",\"@id\":\"https:\/\/www.suno.com.br\/noticias\/ipo-cury-pressionado-lavvi-queda-estreia-bolsa\/#primaryimage\",\"url\":\"https:\/\/files.sunoresearch.com.br\/n\/uploads\/2019\/08\/73273caa-constru\u00e7\u00e3o-civil-jpg.webp\",\"contentUrl\":\"https:\/\/files.sunoresearch.com.br\/n\/uploads\/2019\/08\/73273caa-constru\u00e7\u00e3o-civil-jpg.webp\",\"width\":1200,\"height\":800,\"caption\":\"Cury (Foto: Reprodu\u00e7\u00e3o)\"},{\"@type\":\"BreadcrumbList\",\"@id\":\"https:\/\/www.suno.com.br\/noticias\/ipo-cury-pressionado-lavvi-queda-estreia-bolsa\/#breadcrumb\",\"itemListElement\":[{\"@type\":\"ListItem\",\"position\":1,\"name\":\"Not\u00edcias\",\"item\":\"https:\/\/www.suno.com.br\/noticias\/\"},{\"@type\":\"ListItem\",\"position\":2,\"name\":\"Neg\u00f3cios\",\"item\":\"https:\/\/www.suno.com.br\/noticias\/negocios\/\"},{\"@type\":\"ListItem\",\"position\":3,\"name\":\"IPO da Cury \u00e9 pressionado ap\u00f3s queda da Lavvi (LAVV3) em estreia na bolsa\"}]},{\"@type\":\"WebSite\",\"@id\":\"https:\/\/www.suno.com.br\/noticias\/#website\",\"url\":\"https:\/\/www.suno.com.br\/noticias\/\",\"name\":\"Suno Not\u00edcias\",\"description\":\"Seu portal de informa\u00e7\u00e3o sobre o mundo dos investimentos\",\"publisher\":{\"@id\":\"https:\/\/www.suno.com.br\/noticias\/#organization\"},\"potentialAction\":[{\"@type\":\"SearchAction\",\"target\":{\"@type\":\"EntryPoint\",\"urlTemplate\":\"https:\/\/www.suno.com.br\/noticias\/?s={search_term_string}\"},\"query-input\":{\"@type\":\"PropertyValueSpecification\",\"valueRequired\":true,\"valueName\":\"search_term_string\"}}],\"inLanguage\":\"pt-BR\"},{\"@type\":\"Organization\",\"@id\":\"https:\/\/www.suno.com.br\/noticias\/#organization\",\"name\":\"Suno Not\u00edcias\",\"url\":\"https:\/\/www.suno.com.br\/noticias\/\",\"logo\":{\"@type\":\"ImageObject\",\"inLanguage\":\"pt-BR\",\"@id\":\"https:\/\/www.suno.com.br\/noticias\/#\/schema\/logo\/image\/\",\"url\":\"https:\/\/files.sunoresearch.com.br\/n\/uploads\/2021\/09\/suno-logo.png\",\"contentUrl\":\"https:\/\/files.sunoresearch.com.br\/n\/uploads\/2021\/09\/suno-logo.png\",\"width\":180,\"height\":180,\"caption\":\"Suno Not\u00edcias\"},\"image\":{\"@id\":\"https:\/\/www.suno.com.br\/noticias\/#\/schema\/logo\/image\/\"},\"sameAs\":[\"https:\/\/facebook.com\/sunoresearch\",\"https:\/\/x.com\/sunoresearch\",\"https:\/\/www.instagram.com\/suno\",\"https:\/\/www.linkedin.com\/company\/suno-research\/\",\"https:\/\/www.youtube.com\/c\/sunoresearch\"]},{\"@type\":\"Person\",\"@id\":\"https:\/\/www.suno.com.br\/noticias\/#\/schema\/person\/1db762f78ffd8919a648a63e425953e3\",\"name\":\"Juliano Passaro\",\"image\":{\"@type\":\"ImageObject\",\"inLanguage\":\"pt-BR\",\"@id\":\"https:\/\/www.suno.com.br\/noticias\/#\/schema\/person\/image\/\",\"url\":\"https:\/\/secure.gravatar.com\/avatar\/743d4df28eebf6dcc46b4ad03c319e92?s=96&r=g\",\"contentUrl\":\"https:\/\/secure.gravatar.com\/avatar\/743d4df28eebf6dcc46b4ad03c319e92?s=96&r=g\",\"caption\":\"Juliano Passaro\"},\"description\":\"Juliano Passaro escreve sobre pol\u00edtica, economia e neg\u00f3cios para o portal da Suno Research. Antes da Suno, trabalhou no Portal da Band. \u00c9 formado em jornalismo pela Universidade Presbiteriana Mackenzie.\",\"url\":\"https:\/\/www.suno.com.br\/noticias\/author\/juliano\/\"}]}<\/script>\n<!-- \/ Yoast SEO plugin. -->","yoast_head_json":{"title":"IPO da Cury \u00e9 pressionado ap\u00f3s queda da Lavvi em estreia na bolsa","description":"Os investidores passaram a analisar mais minuciosamente a oferta de a\u00e7\u00f5es inicial da Cury, ap\u00f3s a estreia da Lavvi na B3. Saiba mais.","robots":{"index":"index","follow":"follow","max-snippet":"max-snippet:-1","max-image-preview":"max-image-preview:large","max-video-preview":"max-video-preview:-1"},"canonical":"https:\/\/www.suno.com.br\/noticias\/ipo-cury-pressionado-lavvi-queda-estreia-bolsa\/","og_locale":"pt_BR","og_type":"article","og_title":"IPO da Cury \u00e9 pressionado ap\u00f3s queda da Lavvi em estreia na bolsa","og_description":"Os investidores passaram a analisar mais minuciosamente a oferta de a\u00e7\u00f5es inicial da Cury, ap\u00f3s a estreia da Lavvi na B3. Saiba mais.","og_url":"https:\/\/www.suno.com.br\/noticias\/ipo-cury-pressionado-lavvi-queda-estreia-bolsa\/","og_site_name":"Suno Not\u00edcias","article_publisher":"https:\/\/facebook.com\/sunoresearch","og_image":[{"width":1200,"height":800,"url":"https:\/\/files.sunoresearch.com.br\/n\/uploads\/2019\/08\/73273caa-constru\u00e7\u00e3o-civil.jpg","type":"image\/jpeg"}],"author":"Juliano Passaro","twitter_card":"summary_large_image","twitter_creator":"@sunoresearch","twitter_site":"@sunoresearch","twitter_misc":{"Escrito por":"Juliano Passaro","Est. tempo de leitura":"2 minutos"},"schema":{"@context":"https:\/\/schema.org","@graph":[{"@type":"NewsArticle","@id":"https:\/\/www.suno.com.br\/noticias\/ipo-cury-pressionado-lavvi-queda-estreia-bolsa\/#article","isPartOf":{"@id":"https:\/\/www.suno.com.br\/noticias\/ipo-cury-pressionado-lavvi-queda-estreia-bolsa\/"},"author":{"name":"Juliano Passaro","@id":"https:\/\/www.suno.com.br\/noticias\/#\/schema\/person\/1db762f78ffd8919a648a63e425953e3"},"headline":"IPO da Cury \u00e9 pressionado ap\u00f3s queda da Lavvi (LAVV3) em estreia na bolsa","datePublished":"2020-09-04T10:35:48+00:00","mainEntityOfPage":{"@id":"https:\/\/www.suno.com.br\/noticias\/ipo-cury-pressionado-lavvi-queda-estreia-bolsa\/"},"wordCount":365,"publisher":{"@id":"https:\/\/www.suno.com.br\/noticias\/#organization"},"image":{"@id":"https:\/\/www.suno.com.br\/noticias\/ipo-cury-pressionado-lavvi-queda-estreia-bolsa\/#primaryimage"},"thumbnailUrl":"https:\/\/files.sunoresearch.com.br\/n\/uploads\/2019\/08\/73273caa-constru\u00e7\u00e3o-civil-jpg.webp","keywords":["Cury Construtora (CURY3)","IPO (Oferta Inicial de A\u00e7\u00f5es)","Lavvi Empreendimentos (LAVV3)"],"articleSection":["Neg\u00f3cios"],"inLanguage":"pt-BR"},{"@type":"WebPage","@id":"https:\/\/www.suno.com.br\/noticias\/ipo-cury-pressionado-lavvi-queda-estreia-bolsa\/","url":"https:\/\/www.suno.com.br\/noticias\/ipo-cury-pressionado-lavvi-queda-estreia-bolsa\/","name":"IPO da Cury \u00e9 pressionado ap\u00f3s queda da Lavvi em estreia na bolsa","isPartOf":{"@id":"https:\/\/www.suno.com.br\/noticias\/#website"},"primaryImageOfPage":{"@id":"https:\/\/www.suno.com.br\/noticias\/ipo-cury-pressionado-lavvi-queda-estreia-bolsa\/#primaryimage"},"image":{"@id":"https:\/\/www.suno.com.br\/noticias\/ipo-cury-pressionado-lavvi-queda-estreia-bolsa\/#primaryimage"},"thumbnailUrl":"https:\/\/files.sunoresearch.com.br\/n\/uploads\/2019\/08\/73273caa-constru\u00e7\u00e3o-civil-jpg.webp","datePublished":"2020-09-04T10:35:48+00:00","description":"Os investidores passaram a analisar mais minuciosamente a oferta de a\u00e7\u00f5es inicial da Cury, ap\u00f3s a estreia da Lavvi na B3. Saiba mais.","breadcrumb":{"@id":"https:\/\/www.suno.com.br\/noticias\/ipo-cury-pressionado-lavvi-queda-estreia-bolsa\/#breadcrumb"},"inLanguage":"pt-BR","potentialAction":[{"@type":"ReadAction","target":["https:\/\/www.suno.com.br\/noticias\/ipo-cury-pressionado-lavvi-queda-estreia-bolsa\/"]}]},{"@type":"ImageObject","inLanguage":"pt-BR","@id":"https:\/\/www.suno.com.br\/noticias\/ipo-cury-pressionado-lavvi-queda-estreia-bolsa\/#primaryimage","url":"https:\/\/files.sunoresearch.com.br\/n\/uploads\/2019\/08\/73273caa-constru\u00e7\u00e3o-civil-jpg.webp","contentUrl":"https:\/\/files.sunoresearch.com.br\/n\/uploads\/2019\/08\/73273caa-constru\u00e7\u00e3o-civil-jpg.webp","width":1200,"height":800,"caption":"Cury (Foto: Reprodu\u00e7\u00e3o)"},{"@type":"BreadcrumbList","@id":"https:\/\/www.suno.com.br\/noticias\/ipo-cury-pressionado-lavvi-queda-estreia-bolsa\/#breadcrumb","itemListElement":[{"@type":"ListItem","position":1,"name":"Not\u00edcias","item":"https:\/\/www.suno.com.br\/noticias\/"},{"@type":"ListItem","position":2,"name":"Neg\u00f3cios","item":"https:\/\/www.suno.com.br\/noticias\/negocios\/"},{"@type":"ListItem","position":3,"name":"IPO da Cury \u00e9 pressionado ap\u00f3s queda da Lavvi (LAVV3) em estreia na bolsa"}]},{"@type":"WebSite","@id":"https:\/\/www.suno.com.br\/noticias\/#website","url":"https:\/\/www.suno.com.br\/noticias\/","name":"Suno Not\u00edcias","description":"Seu portal de informa\u00e7\u00e3o sobre o mundo dos investimentos","publisher":{"@id":"https:\/\/www.suno.com.br\/noticias\/#organization"},"potentialAction":[{"@type":"SearchAction","target":{"@type":"EntryPoint","urlTemplate":"https:\/\/www.suno.com.br\/noticias\/?s={search_term_string}"},"query-input":{"@type":"PropertyValueSpecification","valueRequired":true,"valueName":"search_term_string"}}],"inLanguage":"pt-BR"},{"@type":"Organization","@id":"https:\/\/www.suno.com.br\/noticias\/#organization","name":"Suno Not\u00edcias","url":"https:\/\/www.suno.com.br\/noticias\/","logo":{"@type":"ImageObject","inLanguage":"pt-BR","@id":"https:\/\/www.suno.com.br\/noticias\/#\/schema\/logo\/image\/","url":"https:\/\/files.sunoresearch.com.br\/n\/uploads\/2021\/09\/suno-logo.png","contentUrl":"https:\/\/files.sunoresearch.com.br\/n\/uploads\/2021\/09\/suno-logo.png","width":180,"height":180,"caption":"Suno Not\u00edcias"},"image":{"@id":"https:\/\/www.suno.com.br\/noticias\/#\/schema\/logo\/image\/"},"sameAs":["https:\/\/facebook.com\/sunoresearch","https:\/\/x.com\/sunoresearch","https:\/\/www.instagram.com\/suno","https:\/\/www.linkedin.com\/company\/suno-research\/","https:\/\/www.youtube.com\/c\/sunoresearch"]},{"@type":"Person","@id":"https:\/\/www.suno.com.br\/noticias\/#\/schema\/person\/1db762f78ffd8919a648a63e425953e3","name":"Juliano Passaro","image":{"@type":"ImageObject","inLanguage":"pt-BR","@id":"https:\/\/www.suno.com.br\/noticias\/#\/schema\/person\/image\/","url":"https:\/\/secure.gravatar.com\/avatar\/743d4df28eebf6dcc46b4ad03c319e92?s=96&r=g","contentUrl":"https:\/\/secure.gravatar.com\/avatar\/743d4df28eebf6dcc46b4ad03c319e92?s=96&r=g","caption":"Juliano Passaro"},"description":"Juliano Passaro escreve sobre pol\u00edtica, economia e neg\u00f3cios para o portal da Suno Research. Antes da Suno, trabalhou no Portal da Band. \u00c9 formado em jornalismo pela Universidade Presbiteriana Mackenzie.","url":"https:\/\/www.suno.com.br\/noticias\/author\/juliano\/"}]}},"default_loop_html":"<div class=\"cardsPage__listCard__boxs\"><div class=\"cardsPage__listCard__boxs__img\"><a href=\"https:\/\/www.suno.com.br\/noticias\/ipo-cury-pressionado-lavvi-queda-estreia-bolsa\/\"><img class=\"mask\" src=\"https:\/\/www.suno.com.br\/noticias\/wp-content\/themes\/suno\/resources\/images\/spotlight\/spotlight1img\/bg-mask.png\" alt=\"Image Mask\"\/><img src=\"https:\/\/files.sunoresearch.com.br\/n\/uploads\/2019\/08\/73273caa-constru\u00e7\u00e3o-civil-400x200.webp\" alt=\"IPO da Cury \u00e9 pressionado ap\u00f3s queda da Lavvi (LAVV3) em estreia na bolsa\"\/><\/a><span class=\"spotlightCategory\"><a href=\"https:\/\/www.suno.com.br\/noticias\/negocios\/\">Neg\u00f3cios<\/a><\/span><\/div><div class=\"cardsPage__listCard__boxs__content\"><a href=\"https:\/\/www.suno.com.br\/noticias\/ipo-cury-pressionado-lavvi-queda-estreia-bolsa\/\"><h2 class=\"content__title\">IPO da Cury \u00e9 pressionado ap\u00f3s queda da Lavvi (LAVV3) em estreia na bolsa<\/h2><\/a><div class=\"newsContent__article__meta\"><div class=\"newsContent__article__meta__authorBox\"><a href=\"https:\/\/www.suno.com.br\/noticias\/author\/juliano\/\" class=\"authorBox__avatar noMobi\"><img src=\"https:\/\/files.sunoresearch.com.br\/n\/uploads\/2019\/06\/7cc3efea-whatsapp-image-2019-07-18-at-21.59.33-e1563499821209-150x150.webp\" alt=\"Juliano Passaro\"><\/a><div class=\"authorBox__name\"><span>por\n\t\t\t<a href=\"https:\/\/www.suno.com.br\/noticias\/author\/juliano\/\"><span itemprop=\"author\">Juliano Passaro<\/span><\/a><\/span><time datetime=\"2020-09-04T07:35:48-03:00\" itemprop=\"datePublished\">04\/09\/2020 07:35<\/time><\/div><\/div><\/div><\/div><\/div>","single_layout":"posts","amp_enabled":true,"_links":{"self":[{"href":"https:\/\/www.suno.com.br\/noticias\/wp-json\/wp\/v2\/posts\/82510"}],"collection":[{"href":"https:\/\/www.suno.com.br\/noticias\/wp-json\/wp\/v2\/posts"}],"about":[{"href":"https:\/\/www.suno.com.br\/noticias\/wp-json\/wp\/v2\/types\/post"}],"author":[{"embeddable":true,"href":"https:\/\/www.suno.com.br\/noticias\/wp-json\/wp\/v2\/users\/19"}],"replies":[{"embeddable":true,"href":"https:\/\/www.suno.com.br\/noticias\/wp-json\/wp\/v2\/comments?post=82510"}],"version-history":[{"count":0,"href":"https:\/\/www.suno.com.br\/noticias\/wp-json\/wp\/v2\/posts\/82510\/revisions"}],"wp:featuredmedia":[{"embeddable":true,"href":"https:\/\/www.suno.com.br\/noticias\/wp-json\/wp\/v2\/media\/35791"}],"wp:attachment":[{"href":"https:\/\/www.suno.com.br\/noticias\/wp-json\/wp\/v2\/media?parent=82510"}],"wp:term":[{"taxonomy":"category","embeddable":true,"href":"https:\/\/www.suno.com.br\/noticias\/wp-json\/wp\/v2\/categories?post=82510"},{"taxonomy":"post_tag","embeddable":true,"href":"https:\/\/www.suno.com.br\/noticias\/wp-json\/wp\/v2\/tags?post=82510"},{"taxonomy":"suno_strategy","embeddable":true,"href":"https:\/\/www.suno.com.br\/noticias\/wp-json\/wp\/v2\/suno_strategy?post=82510"}],"curies":[{"name":"wp","href":"https:\/\/api.w.org\/{rel}","templated":true}]}}