{"id":82357,"date":"2020-09-03T13:52:04","date_gmt":"2020-09-03T16:52:04","guid":{"rendered":"https:\/\/www.suno.com.br\/noticias\/?p=82357"},"modified":"2020-09-03T13:52:04","modified_gmt":"2020-09-03T16:52:04","slug":"cnc-endividamento-familiar-agosto","status":"publish","type":"post","link":"https:\/\/www.suno.com.br\/noticias\/cnc-endividamento-familiar-agosto\/","title":{"rendered":"CNC: Endividamento familiar atinge 67,5% em agosto"},"content":{"rendered":"<p>Segundo a Confedera\u00e7\u00e3o Nacional do Com\u00e9rcio de Bens, Servi\u00e7os e Turismo (<strong>CNC<\/strong>), a fatia de fam\u00edlias endividadas subiu para 67,5% em agosto, frente a 67,4% em julho. Um ano antes, o indicador era de 64,8%. A informa\u00e7\u00e3o foi revelada nesta quinta-feira (3).<\/p>\t<div class=\"wrapper-featured-image\">\n\t\t<figure class=\"spotlightImg\">\n\n\t\t\t<picture>\n\t\t\t\t<source media=\"(max-width: 768px)\" srcset=\"https:\/\/files.sunoresearch.com.br\/n\/uploads\/2020\/09\/2b7ff000-endividamento-07-03-400x200.webp\">\n\t\t\t\t<img loading=\"lazy\" decoding=\"async\" class=\"newsContent__article__imgCapa lazyloadDisabled \" src=\"https:\/\/files.sunoresearch.com.br\/n\/uploads\/2020\/09\/2b7ff000-endividamento-07-03-800x450.webp\" width=\"800\" height=\"450\" alt=\"CNC: Endividamento familiar atinge 67,5% em agosto\" fetchpriority=high \/>\n\t\t\t<\/picture>\n\n\t\t\t<figcaption class=\"wp-caption-text wp-caption-text--show\">A Black Friday j\u00e1 est\u00e1 enraizada no nosso calend\u00e1rio. No entanto, \u00e9 preciso considerar o custo de oportunidade desse gasto.<\/figcaption>\n\t\t<\/figure>\n\t<\/div>\n\n\n<div class=\"hubspot-form-wrapper\">\n\t<div id=\"single-form-target\"><\/div>\n<\/div>\n\n<p>A <strong>Pesquisa de Endividamento e Inadimpl\u00eancia do Consumidor (Peic)<\/strong> mostrou que esse foi o segundo m\u00eas consecutivo que a propor\u00e7\u00e3o de fam\u00edlias endividadas bate o recorde da s\u00e9rie hist\u00f3rica, iniciada em 2010 pela CNC.<\/p>\n<p>Os \u00edndices de <a href=\"https:\/\/www.suno.com.br\/artigos\/inadimplencia\/\"><strong>inadimpl\u00eancia<\/strong> <\/a>da pesquisa tamb\u00e9m pioraram. Na transi\u00e7\u00e3o entre julho e agosto, a fatia de fam\u00edlias endividadas que declararam atraso em seus d\u00e9bitos subiu de 26,3% em julho para 26,7% em agosto. A mesma categoria pesquisada em agosto do ano passado registrou uma propor\u00e7\u00e3o de 24,3%.<\/p>\n<p><a href=\"https:\/\/lp.suno.com.br\/suno-one\/\">Suno One: acesse gratuitamente eBooks, Minicursos, Artigos e Video Aulas sobre investimentos com um \u00fanico cadastro. Clique para saber mais!<\/a><\/p>\n<p>A fatia de fam\u00edlias endividadas inadimplentes que declararam sem condi\u00e7\u00f5es de arcar com seus compromissos, por sua vez, passou para 12,1% em agosto, frente a 12% em julho. Em agosto de 2019 era 9,5%.<\/p>\n<h2>D\u00edvida em cart\u00e3o de cr\u00e9dito continua sendo a mais lembrada, diz CNC<\/h2>\n<p>Segundo a confedera\u00e7\u00e3o, a modalidade de d\u00edvida mais lembrada pelos entrevistados continuou sendo o <a href=\"https:\/\/www.suno.com.br\/artigos\/contrato-de-cartao-de-credito\/\"><strong>cart\u00e3o de cr\u00e9dito<\/strong><\/a>, mencionada por 77,8% das fam\u00edlias endividadas. As categorias que vieram em seguida s\u00e3o:<\/p>\n<ul>\n<li><strong>Carn\u00eas<\/strong> (17,3%);<\/li>\n<li><strong>Financiamento<\/strong> de carro (10,6%).<\/li>\n<\/ul>\n<p>No entanto, a CNC pontuou que a propor\u00e7\u00e3o de fam\u00edlias que se declararam muito endividadas caiu para 14,6% em agosto, frente 15,5% no m\u00eas anterior. Essa \u00e9 a primeira queda dessa natureza desde janeiro deste ano. Em agosto de 2019, por\u00e9m, era de 13,8%.<\/p>\n<p>Entre as fam\u00edlias de menor renda, o endividamento continua crescendo. Para as <strong>fam\u00edlias<\/strong> que recebem at\u00e9 10 sal\u00e1rios m\u00ednimos, o percentual alcan\u00e7ou novo recorde na s\u00e9rie em agosto (69,5% frente a 69% em julho, e 66,1%, em agosto do ano passado).\u00a0 De forma inversa, entre as fam\u00edlias com renda acima de 10 sal\u00e1rios m\u00ednimos, essa mesma fatia diminuiu para 57,8%, em agosto deste ano, em compara\u00e7\u00e3o a 59,1%, em julho. Em agosto do ano passado era de 59,2%.<\/p>\n<p>Segundo Jos\u00e9 Roberto Tadros, presidente da CNC, os resultados refletem um cen\u00e1rio em que as fam\u00edlias com maior renda t\u00eam elevado a <strong>poupan\u00e7a<\/strong> em detrimento do consumo, sobretudo de servi\u00e7os, enquanto a necessidade de cr\u00e9dito segue maior para as fam\u00edlias com menor renda.<\/p>\n\t<div data-element=\"shortcode-read-more\" class=\"knowMore\">\n\t\t\t\t<span class=\"knowMore__title\">Saiba mais<\/span>\n\t\t\t\t<a class=\"knowMore__link\" href=\"https:\/\/www.suno.com.br\/noticias\/vendas-no-varejo-caem-39-aponta-estudo-da-cnc\/\">\n\t\t\tVendas no varejo caem 39%, aponta estudo da CNC\t\t<\/a>\n\t<\/div>\n\n\n<p>\u201cOs benef\u00edcios emergenciais t\u00eam impactado positivamente o consumo, especialmente dos itens considerados essenciais, e auxiliado o pagamento de despesas, ainda que parcialmente, entre os brasileiros de menor renda\u201d, diz Tadros.<\/p>\n<p>\u201cAs transfer\u00eancias emergenciais, conjuntamente \u00e0s taxas de juros baixas e \u00e0 infla\u00e7\u00e3o controlada em n\u00edveis tamb\u00e9m historicamente menores, s\u00e3o fatores que favorecem o cr\u00e9dito e o poder de compra dos consumidores&#8221;, salientou o presidente do <strong>CNC<\/strong>.<\/p>\n\t<p>\n\t\t<a href=\"https:\/\/lp.suno.com.br\/planilha-de-controle-de-investimentos\/\" target=\"_blank\" data-element=\"shortcode-suno-banner\" title=\"Banner SUNO, clique e saiba mais\">\n\t\t\t<picture>\n\t\t\t\t<source media=\"(max-width: 500px)\" srcset=\"https:\/\/files.sunoresearch.com.br\/n\/uploads\/2023\/03\/400x300-Controle-de-Investimentos.png\">\n\t\t\t\t<img class=\"newsContent__article__imgCapa newsContent__article__imgCapa--banner\"\n\t\t\t\t\tsrc=\"https:\/\/files.sunoresearch.com.br\/n\/uploads\/2023\/03\/1420x240-Controle-de-Investimentos.png\"\n\t\t\t\t\tdata-promo-id=\"75934\"\t\t\t\t\t\t\t\t\t\twidth='1420' height='240'\t\t\t\t\talt=\"https:\/\/files.sunoresearch.com.br\/n\/uploads\/2023\/03\/1420x240-Controle-de-Investimentos.png\"\n\t\t\t\t>\n\t\t\t<\/picture>\n\t\t<\/a>\n\t<\/p>\n\n\n","protected":false},"excerpt":{"rendered":"<p>Segundo a Confedera\u00e7\u00e3o Nacional do Com\u00e9rcio de Bens, Servi\u00e7os e Turismo (CNC), a fatia de fam\u00edlias endividadas subiu para 67,5% em agosto, frente a 67,4% em julho. Um ano antes, o indicador era de 64,8%. A informa\u00e7\u00e3o foi revelada nesta quinta-feira (3). A Black Friday j\u00e1 est\u00e1 enraizada no nosso calend\u00e1rio. No entanto, \u00e9 preciso [&hellip;]<\/p>\n","protected":false},"author":24,"featured_media":82358,"comment_status":"closed","ping_status":"closed","sticky":false,"template":"","format":"standard","meta":[],"categories":[62],"tags":[1289,740,1858],"suno_strategy":[],"class_list":["post-82357","post","type-post","status-publish","format-standard","has-post-thumbnail","hentry","category-economia","tag-cnc","tag-economia","tag-endividamento"],"yoast_head":"<!-- This site is optimized with the Yoast SEO plugin v24.4 - https:\/\/yoast.com\/wordpress\/plugins\/seo\/ -->\n<title>CNC: Endividamento familiar atinge 67,5% em agosto<\/title>\n<meta name=\"description\" content=\"Segundo a CNC, a fatia de fam\u00edlias endividadas subiu para 67,5% em agosto, frente a 64,8% em julho. Clique aqui e saiba mais.\" \/>\n<meta name=\"robots\" content=\"index, follow, max-snippet:-1, max-image-preview:large, max-video-preview:-1\" \/>\n<link rel=\"canonical\" href=\"https:\/\/www.suno.com.br\/noticias\/cnc-endividamento-familiar-agosto\/\" \/>\n<meta property=\"og:locale\" content=\"pt_BR\" \/>\n<meta property=\"og:type\" content=\"article\" \/>\n<meta property=\"og:title\" content=\"CNC: Endividamento familiar atinge 67,5% em agosto\" \/>\n<meta property=\"og:description\" content=\"Segundo a CNC, a fatia de fam\u00edlias endividadas subiu para 67,5% em agosto, frente a 64,8% em julho. Clique aqui e saiba mais.\" \/>\n<meta property=\"og:url\" content=\"https:\/\/www.suno.com.br\/noticias\/cnc-endividamento-familiar-agosto\/\" \/>\n<meta property=\"og:site_name\" content=\"Suno Not\u00edcias\" \/>\n<meta property=\"article:publisher\" content=\"https:\/\/facebook.com\/sunoresearch\" \/>\n<meta property=\"og:image\" content=\"https:\/\/files.sunoresearch.com.br\/n\/uploads\/2020\/09\/2b7ff000-endividamento-07-03.jpg\" \/>\n\t<meta property=\"og:image:width\" content=\"1094\" \/>\n\t<meta property=\"og:image:height\" content=\"757\" \/>\n\t<meta property=\"og:image:type\" content=\"image\/jpeg\" \/>\n<meta name=\"author\" content=\"Jader Lazarini\" \/>\n<meta name=\"twitter:card\" content=\"summary_large_image\" \/>\n<meta name=\"twitter:creator\" content=\"@sunoresearch\" \/>\n<meta name=\"twitter:site\" content=\"@sunoresearch\" \/>\n<meta name=\"twitter:label1\" content=\"Escrito por\" \/>\n\t<meta name=\"twitter:data1\" content=\"Jader Lazarini\" \/>\n\t<meta name=\"twitter:label2\" content=\"Est. tempo de leitura\" \/>\n\t<meta name=\"twitter:data2\" content=\"3 minutos\" \/>\n<script type=\"application\/ld+json\" class=\"yoast-schema-graph\">{\"@context\":\"https:\/\/schema.org\",\"@graph\":[{\"@type\":\"NewsArticle\",\"@id\":\"https:\/\/www.suno.com.br\/noticias\/cnc-endividamento-familiar-agosto\/#article\",\"isPartOf\":{\"@id\":\"https:\/\/www.suno.com.br\/noticias\/cnc-endividamento-familiar-agosto\/\"},\"author\":{\"name\":\"Jader Lazarini\",\"@id\":\"https:\/\/www.suno.com.br\/noticias\/#\/schema\/person\/918d79de1f0281f01599b93f9ea6e23f\"},\"headline\":\"CNC: Endividamento familiar atinge 67,5% em agosto\",\"datePublished\":\"2020-09-03T16:52:04+00:00\",\"mainEntityOfPage\":{\"@id\":\"https:\/\/www.suno.com.br\/noticias\/cnc-endividamento-familiar-agosto\/\"},\"wordCount\":515,\"publisher\":{\"@id\":\"https:\/\/www.suno.com.br\/noticias\/#organization\"},\"image\":{\"@id\":\"https:\/\/www.suno.com.br\/noticias\/cnc-endividamento-familiar-agosto\/#primaryimage\"},\"thumbnailUrl\":\"https:\/\/files.sunoresearch.com.br\/n\/uploads\/2020\/09\/2b7ff000-endividamento-07-03-jpg.webp\",\"keywords\":[\"CNC\",\"Economia\",\"endividamento\"],\"articleSection\":[\"Economia\"],\"inLanguage\":\"pt-BR\"},{\"@type\":\"WebPage\",\"@id\":\"https:\/\/www.suno.com.br\/noticias\/cnc-endividamento-familiar-agosto\/\",\"url\":\"https:\/\/www.suno.com.br\/noticias\/cnc-endividamento-familiar-agosto\/\",\"name\":\"CNC: Endividamento familiar atinge 67,5% em agosto\",\"isPartOf\":{\"@id\":\"https:\/\/www.suno.com.br\/noticias\/#website\"},\"primaryImageOfPage\":{\"@id\":\"https:\/\/www.suno.com.br\/noticias\/cnc-endividamento-familiar-agosto\/#primaryimage\"},\"image\":{\"@id\":\"https:\/\/www.suno.com.br\/noticias\/cnc-endividamento-familiar-agosto\/#primaryimage\"},\"thumbnailUrl\":\"https:\/\/files.sunoresearch.com.br\/n\/uploads\/2020\/09\/2b7ff000-endividamento-07-03-jpg.webp\",\"datePublished\":\"2020-09-03T16:52:04+00:00\",\"description\":\"Segundo a CNC, a fatia de fam\u00edlias endividadas subiu para 67,5% em agosto, frente a 64,8% em julho. Clique aqui e saiba mais.\",\"breadcrumb\":{\"@id\":\"https:\/\/www.suno.com.br\/noticias\/cnc-endividamento-familiar-agosto\/#breadcrumb\"},\"inLanguage\":\"pt-BR\",\"potentialAction\":[{\"@type\":\"ReadAction\",\"target\":[\"https:\/\/www.suno.com.br\/noticias\/cnc-endividamento-familiar-agosto\/\"]}]},{\"@type\":\"ImageObject\",\"inLanguage\":\"pt-BR\",\"@id\":\"https:\/\/www.suno.com.br\/noticias\/cnc-endividamento-familiar-agosto\/#primaryimage\",\"url\":\"https:\/\/files.sunoresearch.com.br\/n\/uploads\/2020\/09\/2b7ff000-endividamento-07-03-jpg.webp\",\"contentUrl\":\"https:\/\/files.sunoresearch.com.br\/n\/uploads\/2020\/09\/2b7ff000-endividamento-07-03-jpg.webp\",\"width\":1094,\"height\":757,\"caption\":\"A Black Friday j\u00e1 est\u00e1 enraizada no nosso calend\u00e1rio. No entanto, \u00e9 preciso considerar o custo de oportunidade desse gasto.\"},{\"@type\":\"BreadcrumbList\",\"@id\":\"https:\/\/www.suno.com.br\/noticias\/cnc-endividamento-familiar-agosto\/#breadcrumb\",\"itemListElement\":[{\"@type\":\"ListItem\",\"position\":1,\"name\":\"Not\u00edcias\",\"item\":\"https:\/\/www.suno.com.br\/noticias\/\"},{\"@type\":\"ListItem\",\"position\":2,\"name\":\"Economia\",\"item\":\"https:\/\/www.suno.com.br\/noticias\/economia\/\"},{\"@type\":\"ListItem\",\"position\":3,\"name\":\"CNC: Endividamento familiar atinge 67,5% em agosto\"}]},{\"@type\":\"WebSite\",\"@id\":\"https:\/\/www.suno.com.br\/noticias\/#website\",\"url\":\"https:\/\/www.suno.com.br\/noticias\/\",\"name\":\"Suno Not\u00edcias\",\"description\":\"Seu portal de informa\u00e7\u00e3o sobre o mundo dos investimentos\",\"publisher\":{\"@id\":\"https:\/\/www.suno.com.br\/noticias\/#organization\"},\"potentialAction\":[{\"@type\":\"SearchAction\",\"target\":{\"@type\":\"EntryPoint\",\"urlTemplate\":\"https:\/\/www.suno.com.br\/noticias\/?s={search_term_string}\"},\"query-input\":{\"@type\":\"PropertyValueSpecification\",\"valueRequired\":true,\"valueName\":\"search_term_string\"}}],\"inLanguage\":\"pt-BR\"},{\"@type\":\"Organization\",\"@id\":\"https:\/\/www.suno.com.br\/noticias\/#organization\",\"name\":\"Suno Not\u00edcias\",\"url\":\"https:\/\/www.suno.com.br\/noticias\/\",\"logo\":{\"@type\":\"ImageObject\",\"inLanguage\":\"pt-BR\",\"@id\":\"https:\/\/www.suno.com.br\/noticias\/#\/schema\/logo\/image\/\",\"url\":\"https:\/\/files.sunoresearch.com.br\/n\/uploads\/2021\/09\/suno-logo.png\",\"contentUrl\":\"https:\/\/files.sunoresearch.com.br\/n\/uploads\/2021\/09\/suno-logo.png\",\"width\":180,\"height\":180,\"caption\":\"Suno Not\u00edcias\"},\"image\":{\"@id\":\"https:\/\/www.suno.com.br\/noticias\/#\/schema\/logo\/image\/\"},\"sameAs\":[\"https:\/\/facebook.com\/sunoresearch\",\"https:\/\/x.com\/sunoresearch\",\"https:\/\/www.instagram.com\/suno\",\"https:\/\/www.linkedin.com\/company\/suno-research\/\",\"https:\/\/www.youtube.com\/c\/sunoresearch\"]},{\"@type\":\"Person\",\"@id\":\"https:\/\/www.suno.com.br\/noticias\/#\/schema\/person\/918d79de1f0281f01599b93f9ea6e23f\",\"name\":\"Jader Lazarini\",\"image\":{\"@type\":\"ImageObject\",\"inLanguage\":\"pt-BR\",\"@id\":\"https:\/\/www.suno.com.br\/noticias\/#\/schema\/person\/image\/\",\"url\":\"https:\/\/secure.gravatar.com\/avatar\/3c1ad8caa51589841baeb923fcddea97?s=96&r=g\",\"contentUrl\":\"https:\/\/secure.gravatar.com\/avatar\/3c1ad8caa51589841baeb923fcddea97?s=96&r=g\",\"caption\":\"Jader Lazarini\"},\"description\":\"Jader Lazarini escreve sobre investimentos, finan\u00e7as, economia e neg\u00f3cios. \u00c9 bacharel em Rela\u00e7\u00f5es Internacionais e analista CNPI (2619).\",\"url\":\"https:\/\/www.suno.com.br\/noticias\/author\/jader-lazarini\/\"}]}<\/script>\n<!-- \/ Yoast SEO plugin. -->","yoast_head_json":{"title":"CNC: Endividamento familiar atinge 67,5% em agosto","description":"Segundo a CNC, a fatia de fam\u00edlias endividadas subiu para 67,5% em agosto, frente a 64,8% em julho. Clique aqui e saiba mais.","robots":{"index":"index","follow":"follow","max-snippet":"max-snippet:-1","max-image-preview":"max-image-preview:large","max-video-preview":"max-video-preview:-1"},"canonical":"https:\/\/www.suno.com.br\/noticias\/cnc-endividamento-familiar-agosto\/","og_locale":"pt_BR","og_type":"article","og_title":"CNC: Endividamento familiar atinge 67,5% em agosto","og_description":"Segundo a CNC, a fatia de fam\u00edlias endividadas subiu para 67,5% em agosto, frente a 64,8% em julho. Clique aqui e saiba mais.","og_url":"https:\/\/www.suno.com.br\/noticias\/cnc-endividamento-familiar-agosto\/","og_site_name":"Suno Not\u00edcias","article_publisher":"https:\/\/facebook.com\/sunoresearch","og_image":[{"width":1094,"height":757,"url":"https:\/\/files.sunoresearch.com.br\/n\/uploads\/2020\/09\/2b7ff000-endividamento-07-03.jpg","type":"image\/jpeg"}],"author":"Jader Lazarini","twitter_card":"summary_large_image","twitter_creator":"@sunoresearch","twitter_site":"@sunoresearch","twitter_misc":{"Escrito por":"Jader Lazarini","Est. tempo de leitura":"3 minutos"},"schema":{"@context":"https:\/\/schema.org","@graph":[{"@type":"NewsArticle","@id":"https:\/\/www.suno.com.br\/noticias\/cnc-endividamento-familiar-agosto\/#article","isPartOf":{"@id":"https:\/\/www.suno.com.br\/noticias\/cnc-endividamento-familiar-agosto\/"},"author":{"name":"Jader Lazarini","@id":"https:\/\/www.suno.com.br\/noticias\/#\/schema\/person\/918d79de1f0281f01599b93f9ea6e23f"},"headline":"CNC: Endividamento familiar atinge 67,5% em agosto","datePublished":"2020-09-03T16:52:04+00:00","mainEntityOfPage":{"@id":"https:\/\/www.suno.com.br\/noticias\/cnc-endividamento-familiar-agosto\/"},"wordCount":515,"publisher":{"@id":"https:\/\/www.suno.com.br\/noticias\/#organization"},"image":{"@id":"https:\/\/www.suno.com.br\/noticias\/cnc-endividamento-familiar-agosto\/#primaryimage"},"thumbnailUrl":"https:\/\/files.sunoresearch.com.br\/n\/uploads\/2020\/09\/2b7ff000-endividamento-07-03-jpg.webp","keywords":["CNC","Economia","endividamento"],"articleSection":["Economia"],"inLanguage":"pt-BR"},{"@type":"WebPage","@id":"https:\/\/www.suno.com.br\/noticias\/cnc-endividamento-familiar-agosto\/","url":"https:\/\/www.suno.com.br\/noticias\/cnc-endividamento-familiar-agosto\/","name":"CNC: Endividamento familiar atinge 67,5% em agosto","isPartOf":{"@id":"https:\/\/www.suno.com.br\/noticias\/#website"},"primaryImageOfPage":{"@id":"https:\/\/www.suno.com.br\/noticias\/cnc-endividamento-familiar-agosto\/#primaryimage"},"image":{"@id":"https:\/\/www.suno.com.br\/noticias\/cnc-endividamento-familiar-agosto\/#primaryimage"},"thumbnailUrl":"https:\/\/files.sunoresearch.com.br\/n\/uploads\/2020\/09\/2b7ff000-endividamento-07-03-jpg.webp","datePublished":"2020-09-03T16:52:04+00:00","description":"Segundo a CNC, a fatia de fam\u00edlias endividadas subiu para 67,5% em agosto, frente a 64,8% em julho. Clique aqui e saiba mais.","breadcrumb":{"@id":"https:\/\/www.suno.com.br\/noticias\/cnc-endividamento-familiar-agosto\/#breadcrumb"},"inLanguage":"pt-BR","potentialAction":[{"@type":"ReadAction","target":["https:\/\/www.suno.com.br\/noticias\/cnc-endividamento-familiar-agosto\/"]}]},{"@type":"ImageObject","inLanguage":"pt-BR","@id":"https:\/\/www.suno.com.br\/noticias\/cnc-endividamento-familiar-agosto\/#primaryimage","url":"https:\/\/files.sunoresearch.com.br\/n\/uploads\/2020\/09\/2b7ff000-endividamento-07-03-jpg.webp","contentUrl":"https:\/\/files.sunoresearch.com.br\/n\/uploads\/2020\/09\/2b7ff000-endividamento-07-03-jpg.webp","width":1094,"height":757,"caption":"A Black Friday j\u00e1 est\u00e1 enraizada no nosso calend\u00e1rio. No entanto, \u00e9 preciso considerar o custo de oportunidade desse gasto."},{"@type":"BreadcrumbList","@id":"https:\/\/www.suno.com.br\/noticias\/cnc-endividamento-familiar-agosto\/#breadcrumb","itemListElement":[{"@type":"ListItem","position":1,"name":"Not\u00edcias","item":"https:\/\/www.suno.com.br\/noticias\/"},{"@type":"ListItem","position":2,"name":"Economia","item":"https:\/\/www.suno.com.br\/noticias\/economia\/"},{"@type":"ListItem","position":3,"name":"CNC: Endividamento familiar atinge 67,5% em agosto"}]},{"@type":"WebSite","@id":"https:\/\/www.suno.com.br\/noticias\/#website","url":"https:\/\/www.suno.com.br\/noticias\/","name":"Suno Not\u00edcias","description":"Seu portal de informa\u00e7\u00e3o sobre o mundo dos investimentos","publisher":{"@id":"https:\/\/www.suno.com.br\/noticias\/#organization"},"potentialAction":[{"@type":"SearchAction","target":{"@type":"EntryPoint","urlTemplate":"https:\/\/www.suno.com.br\/noticias\/?s={search_term_string}"},"query-input":{"@type":"PropertyValueSpecification","valueRequired":true,"valueName":"search_term_string"}}],"inLanguage":"pt-BR"},{"@type":"Organization","@id":"https:\/\/www.suno.com.br\/noticias\/#organization","name":"Suno Not\u00edcias","url":"https:\/\/www.suno.com.br\/noticias\/","logo":{"@type":"ImageObject","inLanguage":"pt-BR","@id":"https:\/\/www.suno.com.br\/noticias\/#\/schema\/logo\/image\/","url":"https:\/\/files.sunoresearch.com.br\/n\/uploads\/2021\/09\/suno-logo.png","contentUrl":"https:\/\/files.sunoresearch.com.br\/n\/uploads\/2021\/09\/suno-logo.png","width":180,"height":180,"caption":"Suno Not\u00edcias"},"image":{"@id":"https:\/\/www.suno.com.br\/noticias\/#\/schema\/logo\/image\/"},"sameAs":["https:\/\/facebook.com\/sunoresearch","https:\/\/x.com\/sunoresearch","https:\/\/www.instagram.com\/suno","https:\/\/www.linkedin.com\/company\/suno-research\/","https:\/\/www.youtube.com\/c\/sunoresearch"]},{"@type":"Person","@id":"https:\/\/www.suno.com.br\/noticias\/#\/schema\/person\/918d79de1f0281f01599b93f9ea6e23f","name":"Jader Lazarini","image":{"@type":"ImageObject","inLanguage":"pt-BR","@id":"https:\/\/www.suno.com.br\/noticias\/#\/schema\/person\/image\/","url":"https:\/\/secure.gravatar.com\/avatar\/3c1ad8caa51589841baeb923fcddea97?s=96&r=g","contentUrl":"https:\/\/secure.gravatar.com\/avatar\/3c1ad8caa51589841baeb923fcddea97?s=96&r=g","caption":"Jader Lazarini"},"description":"Jader Lazarini escreve sobre investimentos, finan\u00e7as, economia e neg\u00f3cios. \u00c9 bacharel em Rela\u00e7\u00f5es Internacionais e analista CNPI (2619).","url":"https:\/\/www.suno.com.br\/noticias\/author\/jader-lazarini\/"}]}},"default_loop_html":"<div class=\"cardsPage__listCard__boxs\"><div class=\"cardsPage__listCard__boxs__img\"><a href=\"https:\/\/www.suno.com.br\/noticias\/cnc-endividamento-familiar-agosto\/\"><img class=\"mask\" src=\"https:\/\/www.suno.com.br\/noticias\/wp-content\/themes\/suno\/resources\/images\/spotlight\/spotlight1img\/bg-mask.png\" alt=\"Image Mask\"\/><img src=\"https:\/\/files.sunoresearch.com.br\/n\/uploads\/2020\/09\/2b7ff000-endividamento-07-03-400x200.webp\" alt=\"CNC: Endividamento familiar atinge 67,5% em agosto\"\/><\/a><span class=\"spotlightCategory\"><a href=\"https:\/\/www.suno.com.br\/noticias\/economia\/\">Economia<\/a><\/span><\/div><div class=\"cardsPage__listCard__boxs__content\"><a href=\"https:\/\/www.suno.com.br\/noticias\/cnc-endividamento-familiar-agosto\/\"><h2 class=\"content__title\">CNC: Endividamento familiar atinge 67,5% em agosto<\/h2><\/a><div class=\"newsContent__article__meta\"><div class=\"newsContent__article__meta__authorBox\"><a href=\"https:\/\/www.suno.com.br\/noticias\/author\/jader-lazarini\/\" class=\"authorBox__avatar noMobi\"><img src=\"https:\/\/files.sunoresearch.com.br\/n\/uploads\/2021\/01\/178e6598-foto-perfil-2-150x150.jpg\" alt=\"Jader Lazarini\"><\/a><div class=\"authorBox__name\"><span>por\n\t\t\t<a href=\"https:\/\/www.suno.com.br\/noticias\/author\/jader-lazarini\/\"><span itemprop=\"author\">Jader Lazarini<\/span><\/a><\/span><time datetime=\"2020-09-03T13:52:04-03:00\" itemprop=\"datePublished\">03\/09\/2020 13:52<\/time><\/div><\/div><\/div><\/div><\/div>","single_layout":"posts","amp_enabled":true,"_links":{"self":[{"href":"https:\/\/www.suno.com.br\/noticias\/wp-json\/wp\/v2\/posts\/82357"}],"collection":[{"href":"https:\/\/www.suno.com.br\/noticias\/wp-json\/wp\/v2\/posts"}],"about":[{"href":"https:\/\/www.suno.com.br\/noticias\/wp-json\/wp\/v2\/types\/post"}],"author":[{"embeddable":true,"href":"https:\/\/www.suno.com.br\/noticias\/wp-json\/wp\/v2\/users\/24"}],"replies":[{"embeddable":true,"href":"https:\/\/www.suno.com.br\/noticias\/wp-json\/wp\/v2\/comments?post=82357"}],"version-history":[{"count":0,"href":"https:\/\/www.suno.com.br\/noticias\/wp-json\/wp\/v2\/posts\/82357\/revisions"}],"wp:featuredmedia":[{"embeddable":true,"href":"https:\/\/www.suno.com.br\/noticias\/wp-json\/wp\/v2\/media\/82358"}],"wp:attachment":[{"href":"https:\/\/www.suno.com.br\/noticias\/wp-json\/wp\/v2\/media?parent=82357"}],"wp:term":[{"taxonomy":"category","embeddable":true,"href":"https:\/\/www.suno.com.br\/noticias\/wp-json\/wp\/v2\/categories?post=82357"},{"taxonomy":"post_tag","embeddable":true,"href":"https:\/\/www.suno.com.br\/noticias\/wp-json\/wp\/v2\/tags?post=82357"},{"taxonomy":"suno_strategy","embeddable":true,"href":"https:\/\/www.suno.com.br\/noticias\/wp-json\/wp\/v2\/suno_strategy?post=82357"}],"curies":[{"name":"wp","href":"https:\/\/api.w.org\/{rel}","templated":true}]}}