{"id":82330,"date":"2020-09-03T12:22:54","date_gmt":"2020-09-03T15:22:54","guid":{"rendered":"https:\/\/www.suno.com.br\/noticias\/?p=82330"},"modified":"2021-05-30T19:13:27","modified_gmt":"2021-05-30T22:13:27","slug":"ibovespa-reforma-administrativa-vale-vale3-dividendos-03092020","status":"publish","type":"post","link":"https:\/\/www.suno.com.br\/noticias\/ibovespa-reforma-administrativa-vale-vale3-dividendos-03092020\/","title":{"rendered":"Ibovespa intensifica baixa; Vale cai 3% ap\u00f3s suspens\u00e3o de dividendos"},"content":{"rendered":"<p>O <strong>Ibovespa<\/strong> estendeu a queda na manh\u00e3 desta quinta-feira (3). Por volta das 12h20, o maior \u00edndice acion\u00e1rio da <a href=\"https:\/\/www.suno.com.br\/artigos\/b3\/\">Bolsa de Valores de S\u00e3o Paulo (B3)<\/a> apresentava um recuo de 1,03%, caindo para 100.857,38 pontos. O \u00edndice \u00e9 puxado pra baixo pelo ativo de maior composi\u00e7\u00e3o no <em>benckmark<\/em>, a <a href=\"https:\/\/www.suno.com.br\/acoes\/vale3\/\">Vale (VALE3)<\/a>.<\/p>\t<div class=\"wrapper-featured-image\">\n\t\t<figure class=\"spotlightImg\">\n\n\t\t\t<picture>\n\t\t\t\t<source media=\"(max-width: 768px)\" srcset=\"https:\/\/files.sunoresearch.com.br\/n\/uploads\/2020\/06\/8b3c2ea1-ibovespa-400x200.webp\">\n\t\t\t\t<img loading=\"lazy\" decoding=\"async\" class=\"newsContent__article__imgCapa lazyloadDisabled \" src=\"https:\/\/files.sunoresearch.com.br\/n\/uploads\/2020\/06\/8b3c2ea1-ibovespa-800x450.webp\" width=\"800\" height=\"450\" alt=\"Ibovespa intensifica baixa; Vale cai 3% ap\u00f3s suspens\u00e3o de dividendos\" fetchpriority=high \/>\n\t\t\t<\/picture>\n\n\t\t\t<figcaption class=\"wp-caption-text wp-caption-text--show\">O Ibovespa fechou em queda<\/figcaption>\n\t\t<\/figure>\n\t<\/div>\n\n\n<div class=\"hubspot-form-wrapper\">\n\t<div id=\"single-form-target\"><\/div>\n<\/div>\n\n<p>O <strong>Ibovespa hoje<\/strong> \u00e9 influenciado pela queda de 3,28% da mineradora. A <strong>Vale<\/strong>, que de forma isolada corresponde a 10,91% do \u00edndice, v\u00ea suas a\u00e7\u00f5es ca\u00edrem para R$ 59,51, menor valor em mais de um m\u00eas. Nesta manh\u00e3, o Minist\u00e9rio P\u00fablico Federal (MPF) em Minas Gerais pediu \u00e0 Justi\u00e7a a suspens\u00e3o da distribui\u00e7\u00e3o de <a href=\"https:\/\/www.suno.com.br\/dividendos\/\">dividendos<\/a> da empresa. A companhia voltaria a remunerar seus investidores neste m\u00eas <a href=\"https:\/\/www.suno.com.br\/noticias\/vale-vale3-retoma-pagamento-dividendos\/\">ap\u00f3s dois anos sem a distribui\u00e7\u00e3o dos proventos<\/a>.<\/p>\n<p>Al\u00e9m disso, o MPF pediu o afastamento dos executivos respons\u00e1veis pela pol\u00edtica de seguran\u00e7a da empresa. Os procuradores p\u00fablicos consideram que a Vale precisa mudar sua cultura de preven\u00e7\u00e3o a acidentes para que novos desastres, com o ocorrido em Brumadinho, em 2019, e Mariana, em 2015, n\u00e3o voltem a acontecer.<\/p>\n<p><a href=\"https:\/\/lp.suno.com.br\/suno-one\/\">No Suno One voc\u00ea aprende a fazer seu dinheiro trabalhar para voc\u00ea. Cadastre-se gratuitamente agora!<\/a><\/p>\n<p>A <a href=\"https:\/\/www.suno.com.br\/acoes\/btow3\/\"><strong>B2W<\/strong> (BTOW3)<\/a>, por sua vez, lidera as quedas nesta quinta-feira. Recentemente, a empresa informou que levantou R$ 3,1 bilh\u00f5es no processo de aumento de capital com a subscri\u00e7\u00e3o de a\u00e7\u00f5es ordin\u00e1rias de sua emiss\u00e3o. A <a href=\"https:\/\/www.suno.com.br\/acoes\/tots3\/\"><strong>Totvs<\/strong> (TOTS3)<\/a> tamb\u00e9m \u00e9 um dos destaques negativos, com uma baixa de 4,02%, a R$ 28,65. <a href=\"https:\/\/www.suno.com.br\/noticias\/linx-linx3-totvs-oferece-pagar-multa-de-r-100-mi-apos-stone-subir-oferta\/\">A empresa ofereceu pagar a multa de R$ 100 milh\u00f5es<\/a> para a <a href=\"https:\/\/www.suno.com.br\/acoes\/linx3\/\">Linx (LINX3)<\/a> em meio \u00e0 oferta de combina\u00e7\u00e3o de neg\u00f3cios entre as empresas.<\/p>\n<p>A queda do \u00edndice s\u00f3 n\u00e3o \u00e9 maior porque algumas das maiores composi\u00e7\u00f5es do \u00edndice operam em forte alta. O <a href=\"https:\/\/www.suno.com.br\/acoes\/bbdc4\/\"><strong>Bradesco<\/strong> (BBDC4)<\/a> sobe 4,5%, <a href=\"https:\/\/www.suno.com.br\/acoes\/sanb11\/\"><strong>Santander<\/strong> (SANB11)<\/a> avan\u00e7a 4,18%, <a href=\"https:\/\/www.suno.com.br\/acoes\/itub4\/\"><strong>Ita\u00fa<\/strong> (ITUB4)<\/a> sobe 3,71%, e a <a href=\"https:\/\/www.suno.com.br\/acoes\/itsa4\/\"><strong>Ita\u00fasa<\/strong> (ITSA4)<\/a> avan\u00e7a 2,92%.<\/p>\n\t<div data-element=\"shortcode-read-more\" class=\"knowMore\">\n\t\t\t\t<span class=\"knowMore__title\">Veja Tamb\u00e9m<\/span>\n\t\t\t\t<a class=\"knowMore__link\" href=\"https:\/\/www.suno.com.br\/noticias\/vacina-eua-pode-ser-disponibilizada-outubro\/\">\n\t\t\tVacina nos EUA pode ser disponibilizada em outubro, diz \u00f3rg\u00e3o p\u00fablico\t\t<\/a>\n\t<\/div>\n\n\n<p>O notici\u00e1rio pol\u00edtico segue de olho no envio da reforma administrativa do governo para o Congresso. O texto enviado altera apenas as regras para os futuros servidores do poder Executivo. N\u00e3o implicando, portanto, nos atuais servidores dos demais poderes. Profissionais do Judici\u00e1rio e do Legislativo ter\u00e3o que elaborar textos pr\u00f3prios se quiserem alterar suas regras, <a href=\"https:\/\/www.suno.com.br\/noticias\/reforma-administrativa-proposta-maia-atinge-legislativo\/\">como prop\u00f4s o presidente da C\u00e2mara dos Deputados, Rodrigo Maia<\/a>.<\/p>\n<h3>A\u00e7\u00f5es mais negociadas do dia<\/h3>\n<p>Confira quais a\u00e7\u00f5es s\u00e3o as mais negociadas em termos de volume financeiro no<strong> Ibovespa agora<\/strong>, por volta das 12h25:<\/p>\n<ul>\n<li><a href=\"https:\/\/www.suno.com.br\/acoes\/bbdc4\/\">Bradesco (BBDC4)<\/a>: R$ 70,43 milh\u00f5es<\/li>\n<li><a href=\"https:\/\/www.suno.com.br\/acoes\/itub4\/\">Ita\u00fa (ITUB4)<\/a>: R$ 47,81 milh\u00f5es<\/li>\n<li><a href=\"https:\/\/www.suno.com.br\/acoes\/vvar3\/\">Via Varejo (VVAR3)<\/a>: R$ 47,8 milh\u00f5es<\/li>\n<li><a href=\"https:\/\/www.suno.com.br\/acoes\/petr4\/\">Petrobras (PETR4)<\/a>: R$ 46,32 milh\u00f5es<\/li>\n<li><a href=\"https:\/\/www.suno.com.br\/acoes\/cogn3\/\">Cogna (COGN3)<\/a>: R$ 35,33 milh\u00f5es<\/li>\n<\/ul>\n<h2>\u00daltima cota\u00e7\u00e3o do Ibovespa<\/h2>\n<p>Da mesma forma que o <strong>Ibovespa hoje<\/strong>, o \u00edndice acion\u00e1rio encerrou as negocia\u00e7\u00f5es na \u00faltima quarta-feira com uma queda de 0,25%, a 101.911,13 pontos.<\/p>\n\t<p>\n\t\t<a href=\"https:\/\/lp.suno.com.br\/planilha-de-controle-de-investimentos\/\" target=\"_blank\" data-element=\"shortcode-suno-banner\" title=\"Banner SUNO, clique e saiba mais\">\n\t\t\t<picture>\n\t\t\t\t<source media=\"(max-width: 500px)\" srcset=\"https:\/\/files.sunoresearch.com.br\/n\/uploads\/2023\/03\/400x300-Controle-de-Investimentos.png\">\n\t\t\t\t<img class=\"newsContent__article__imgCapa newsContent__article__imgCapa--banner\"\n\t\t\t\t\tsrc=\"https:\/\/files.sunoresearch.com.br\/n\/uploads\/2023\/03\/1420x240-Controle-de-Investimentos.png\"\n\t\t\t\t\tdata-promo-id=\"75934\"\t\t\t\t\t\t\t\t\t\twidth='1420' height='240'\t\t\t\t\talt=\"https:\/\/files.sunoresearch.com.br\/n\/uploads\/2023\/03\/1420x240-Controle-de-Investimentos.png\"\n\t\t\t\t>\n\t\t\t<\/picture>\n\t\t<\/a>\n\t<\/p>\n\n\n","protected":false},"excerpt":{"rendered":"<p>O Ibovespa estendeu a queda na manh\u00e3 desta quinta-feira (3). Por volta das 12h20, o maior \u00edndice acion\u00e1rio da Bolsa de Valores de S\u00e3o Paulo (B3) apresentava um recuo de 1,03%, caindo para 100.857,38 pontos. O \u00edndice \u00e9 puxado pra baixo pelo ativo de maior composi\u00e7\u00e3o no benckmark, a Vale (VALE3). O Ibovespa fechou em [&hellip;]<\/p>\n","protected":false},"author":24,"featured_media":70486,"comment_status":"closed","ping_status":"closed","sticky":false,"template":"","format":"standard","meta":[],"categories":[60],"tags":[392,721,1410,676],"suno_strategy":[],"class_list":["post-82330","post","type-post","status-publish","format-standard","has-post-thumbnail","hentry","category-mercado","tag-bradesco-bbdc3-bbdc4","tag-ibovespa","tag-reforma-administrativa","tag-vale-vale3"],"yoast_head":"<!-- This site is optimized with the Yoast SEO plugin v24.4 - https:\/\/yoast.com\/wordpress\/plugins\/seo\/ -->\n<title>Ibovespa intensifica baixa; Vale cai 3% ap\u00f3s suspens\u00e3o de dividendos<\/title>\n<meta name=\"description\" content=\"O Ibovespa estendeu a queda nesta quinta-feira (3). Por volta das 12h15, o \u00edndice acion\u00e1rio ca\u00eda 1,03%. Clique e saiba mais.\" \/>\n<meta name=\"robots\" content=\"index, follow, max-snippet:-1, max-image-preview:large, max-video-preview:-1\" \/>\n<link rel=\"canonical\" href=\"https:\/\/www.suno.com.br\/noticias\/ibovespa-reforma-administrativa-vale-vale3-dividendos-03092020\/\" \/>\n<meta property=\"og:locale\" content=\"pt_BR\" \/>\n<meta property=\"og:type\" content=\"article\" \/>\n<meta property=\"og:title\" content=\"Ibovespa intensifica baixa; Vale cai 3% ap\u00f3s suspens\u00e3o de dividendos\" \/>\n<meta property=\"og:description\" content=\"O Ibovespa estendeu a queda nesta quinta-feira (3). Por volta das 12h15, o \u00edndice acion\u00e1rio ca\u00eda 1,03%. Clique e saiba mais.\" \/>\n<meta property=\"og:url\" content=\"https:\/\/www.suno.com.br\/noticias\/ibovespa-reforma-administrativa-vale-vale3-dividendos-03092020\/\" \/>\n<meta property=\"og:site_name\" content=\"Suno Not\u00edcias\" \/>\n<meta property=\"article:publisher\" content=\"https:\/\/facebook.com\/sunoresearch\" \/>\n<meta property=\"og:image\" content=\"https:\/\/files.sunoresearch.com.br\/n\/uploads\/2020\/06\/8b3c2ea1-ibovespa.jpg\" \/>\n\t<meta property=\"og:image:width\" content=\"1500\" \/>\n\t<meta property=\"og:image:height\" content=\"1000\" \/>\n\t<meta property=\"og:image:type\" content=\"image\/jpeg\" \/>\n<meta name=\"author\" content=\"Jader Lazarini\" \/>\n<meta name=\"twitter:card\" content=\"summary_large_image\" \/>\n<meta name=\"twitter:creator\" content=\"@sunoresearch\" \/>\n<meta name=\"twitter:site\" content=\"@sunoresearch\" \/>\n<meta name=\"twitter:label1\" content=\"Escrito por\" \/>\n\t<meta name=\"twitter:data1\" content=\"Jader Lazarini\" \/>\n\t<meta name=\"twitter:label2\" content=\"Est. tempo de leitura\" \/>\n\t<meta name=\"twitter:data2\" content=\"2 minutos\" \/>\n<script type=\"application\/ld+json\" class=\"yoast-schema-graph\">{\"@context\":\"https:\/\/schema.org\",\"@graph\":[{\"@type\":\"NewsArticle\",\"@id\":\"https:\/\/www.suno.com.br\/noticias\/ibovespa-reforma-administrativa-vale-vale3-dividendos-03092020\/#article\",\"isPartOf\":{\"@id\":\"https:\/\/www.suno.com.br\/noticias\/ibovespa-reforma-administrativa-vale-vale3-dividendos-03092020\/\"},\"author\":{\"name\":\"Jader Lazarini\",\"@id\":\"https:\/\/www.suno.com.br\/noticias\/#\/schema\/person\/918d79de1f0281f01599b93f9ea6e23f\"},\"headline\":\"Ibovespa intensifica baixa; Vale cai 3% ap\u00f3s suspens\u00e3o de dividendos\",\"datePublished\":\"2020-09-03T15:22:54+00:00\",\"dateModified\":\"2021-05-30T22:13:27+00:00\",\"mainEntityOfPage\":{\"@id\":\"https:\/\/www.suno.com.br\/noticias\/ibovespa-reforma-administrativa-vale-vale3-dividendos-03092020\/\"},\"wordCount\":509,\"publisher\":{\"@id\":\"https:\/\/www.suno.com.br\/noticias\/#organization\"},\"image\":{\"@id\":\"https:\/\/www.suno.com.br\/noticias\/ibovespa-reforma-administrativa-vale-vale3-dividendos-03092020\/#primaryimage\"},\"thumbnailUrl\":\"https:\/\/files.sunoresearch.com.br\/n\/uploads\/2020\/06\/8b3c2ea1-ibovespa-jpg.webp\",\"keywords\":[\"Bradesco (BBDC3\/BBDC4)\",\"Ibovespa\",\"reforma administrativa\",\"Vale (VALE3)\"],\"articleSection\":[\"Mercado\"],\"inLanguage\":\"pt-BR\"},{\"@type\":\"WebPage\",\"@id\":\"https:\/\/www.suno.com.br\/noticias\/ibovespa-reforma-administrativa-vale-vale3-dividendos-03092020\/\",\"url\":\"https:\/\/www.suno.com.br\/noticias\/ibovespa-reforma-administrativa-vale-vale3-dividendos-03092020\/\",\"name\":\"Ibovespa intensifica baixa; Vale cai 3% ap\u00f3s suspens\u00e3o de dividendos\",\"isPartOf\":{\"@id\":\"https:\/\/www.suno.com.br\/noticias\/#website\"},\"primaryImageOfPage\":{\"@id\":\"https:\/\/www.suno.com.br\/noticias\/ibovespa-reforma-administrativa-vale-vale3-dividendos-03092020\/#primaryimage\"},\"image\":{\"@id\":\"https:\/\/www.suno.com.br\/noticias\/ibovespa-reforma-administrativa-vale-vale3-dividendos-03092020\/#primaryimage\"},\"thumbnailUrl\":\"https:\/\/files.sunoresearch.com.br\/n\/uploads\/2020\/06\/8b3c2ea1-ibovespa-jpg.webp\",\"datePublished\":\"2020-09-03T15:22:54+00:00\",\"dateModified\":\"2021-05-30T22:13:27+00:00\",\"description\":\"O Ibovespa estendeu a queda nesta quinta-feira (3). Por volta das 12h15, o \u00edndice acion\u00e1rio ca\u00eda 1,03%. Clique e saiba mais.\",\"breadcrumb\":{\"@id\":\"https:\/\/www.suno.com.br\/noticias\/ibovespa-reforma-administrativa-vale-vale3-dividendos-03092020\/#breadcrumb\"},\"inLanguage\":\"pt-BR\",\"potentialAction\":[{\"@type\":\"ReadAction\",\"target\":[\"https:\/\/www.suno.com.br\/noticias\/ibovespa-reforma-administrativa-vale-vale3-dividendos-03092020\/\"]}]},{\"@type\":\"ImageObject\",\"inLanguage\":\"pt-BR\",\"@id\":\"https:\/\/www.suno.com.br\/noticias\/ibovespa-reforma-administrativa-vale-vale3-dividendos-03092020\/#primaryimage\",\"url\":\"https:\/\/files.sunoresearch.com.br\/n\/uploads\/2020\/06\/8b3c2ea1-ibovespa-jpg.webp\",\"contentUrl\":\"https:\/\/files.sunoresearch.com.br\/n\/uploads\/2020\/06\/8b3c2ea1-ibovespa-jpg.webp\",\"width\":1500,\"height\":1000,\"caption\":\"O Ibovespa fechou em queda\"},{\"@type\":\"BreadcrumbList\",\"@id\":\"https:\/\/www.suno.com.br\/noticias\/ibovespa-reforma-administrativa-vale-vale3-dividendos-03092020\/#breadcrumb\",\"itemListElement\":[{\"@type\":\"ListItem\",\"position\":1,\"name\":\"Not\u00edcias\",\"item\":\"https:\/\/www.suno.com.br\/noticias\/\"},{\"@type\":\"ListItem\",\"position\":2,\"name\":\"Mercado\",\"item\":\"https:\/\/www.suno.com.br\/noticias\/mercado\/\"},{\"@type\":\"ListItem\",\"position\":3,\"name\":\"Ibovespa intensifica baixa; Vale cai 3% ap\u00f3s suspens\u00e3o de dividendos\"}]},{\"@type\":\"WebSite\",\"@id\":\"https:\/\/www.suno.com.br\/noticias\/#website\",\"url\":\"https:\/\/www.suno.com.br\/noticias\/\",\"name\":\"Suno Not\u00edcias\",\"description\":\"Seu portal de informa\u00e7\u00e3o sobre o mundo dos investimentos\",\"publisher\":{\"@id\":\"https:\/\/www.suno.com.br\/noticias\/#organization\"},\"potentialAction\":[{\"@type\":\"SearchAction\",\"target\":{\"@type\":\"EntryPoint\",\"urlTemplate\":\"https:\/\/www.suno.com.br\/noticias\/?s={search_term_string}\"},\"query-input\":{\"@type\":\"PropertyValueSpecification\",\"valueRequired\":true,\"valueName\":\"search_term_string\"}}],\"inLanguage\":\"pt-BR\"},{\"@type\":\"Organization\",\"@id\":\"https:\/\/www.suno.com.br\/noticias\/#organization\",\"name\":\"Suno Not\u00edcias\",\"url\":\"https:\/\/www.suno.com.br\/noticias\/\",\"logo\":{\"@type\":\"ImageObject\",\"inLanguage\":\"pt-BR\",\"@id\":\"https:\/\/www.suno.com.br\/noticias\/#\/schema\/logo\/image\/\",\"url\":\"https:\/\/files.sunoresearch.com.br\/n\/uploads\/2021\/09\/suno-logo.png\",\"contentUrl\":\"https:\/\/files.sunoresearch.com.br\/n\/uploads\/2021\/09\/suno-logo.png\",\"width\":180,\"height\":180,\"caption\":\"Suno Not\u00edcias\"},\"image\":{\"@id\":\"https:\/\/www.suno.com.br\/noticias\/#\/schema\/logo\/image\/\"},\"sameAs\":[\"https:\/\/facebook.com\/sunoresearch\",\"https:\/\/x.com\/sunoresearch\",\"https:\/\/www.instagram.com\/suno\",\"https:\/\/www.linkedin.com\/company\/suno-research\/\",\"https:\/\/www.youtube.com\/c\/sunoresearch\"]},{\"@type\":\"Person\",\"@id\":\"https:\/\/www.suno.com.br\/noticias\/#\/schema\/person\/918d79de1f0281f01599b93f9ea6e23f\",\"name\":\"Jader Lazarini\",\"image\":{\"@type\":\"ImageObject\",\"inLanguage\":\"pt-BR\",\"@id\":\"https:\/\/www.suno.com.br\/noticias\/#\/schema\/person\/image\/\",\"url\":\"https:\/\/secure.gravatar.com\/avatar\/3c1ad8caa51589841baeb923fcddea97?s=96&r=g\",\"contentUrl\":\"https:\/\/secure.gravatar.com\/avatar\/3c1ad8caa51589841baeb923fcddea97?s=96&r=g\",\"caption\":\"Jader Lazarini\"},\"description\":\"Jader Lazarini escreve sobre investimentos, finan\u00e7as, economia e neg\u00f3cios. \u00c9 bacharel em Rela\u00e7\u00f5es Internacionais e analista CNPI (2619).\",\"url\":\"https:\/\/www.suno.com.br\/noticias\/author\/jader-lazarini\/\"}]}<\/script>\n<!-- \/ Yoast SEO plugin. -->","yoast_head_json":{"title":"Ibovespa intensifica baixa; Vale cai 3% ap\u00f3s suspens\u00e3o de dividendos","description":"O Ibovespa estendeu a queda nesta quinta-feira (3). Por volta das 12h15, o \u00edndice acion\u00e1rio ca\u00eda 1,03%. Clique e saiba mais.","robots":{"index":"index","follow":"follow","max-snippet":"max-snippet:-1","max-image-preview":"max-image-preview:large","max-video-preview":"max-video-preview:-1"},"canonical":"https:\/\/www.suno.com.br\/noticias\/ibovespa-reforma-administrativa-vale-vale3-dividendos-03092020\/","og_locale":"pt_BR","og_type":"article","og_title":"Ibovespa intensifica baixa; Vale cai 3% ap\u00f3s suspens\u00e3o de dividendos","og_description":"O Ibovespa estendeu a queda nesta quinta-feira (3). Por volta das 12h15, o \u00edndice acion\u00e1rio ca\u00eda 1,03%. Clique e saiba mais.","og_url":"https:\/\/www.suno.com.br\/noticias\/ibovespa-reforma-administrativa-vale-vale3-dividendos-03092020\/","og_site_name":"Suno Not\u00edcias","article_publisher":"https:\/\/facebook.com\/sunoresearch","og_image":[{"width":1500,"height":1000,"url":"https:\/\/files.sunoresearch.com.br\/n\/uploads\/2020\/06\/8b3c2ea1-ibovespa.jpg","type":"image\/jpeg"}],"author":"Jader Lazarini","twitter_card":"summary_large_image","twitter_creator":"@sunoresearch","twitter_site":"@sunoresearch","twitter_misc":{"Escrito por":"Jader Lazarini","Est. tempo de leitura":"2 minutos"},"schema":{"@context":"https:\/\/schema.org","@graph":[{"@type":"NewsArticle","@id":"https:\/\/www.suno.com.br\/noticias\/ibovespa-reforma-administrativa-vale-vale3-dividendos-03092020\/#article","isPartOf":{"@id":"https:\/\/www.suno.com.br\/noticias\/ibovespa-reforma-administrativa-vale-vale3-dividendos-03092020\/"},"author":{"name":"Jader Lazarini","@id":"https:\/\/www.suno.com.br\/noticias\/#\/schema\/person\/918d79de1f0281f01599b93f9ea6e23f"},"headline":"Ibovespa intensifica baixa; Vale cai 3% ap\u00f3s suspens\u00e3o de dividendos","datePublished":"2020-09-03T15:22:54+00:00","dateModified":"2021-05-30T22:13:27+00:00","mainEntityOfPage":{"@id":"https:\/\/www.suno.com.br\/noticias\/ibovespa-reforma-administrativa-vale-vale3-dividendos-03092020\/"},"wordCount":509,"publisher":{"@id":"https:\/\/www.suno.com.br\/noticias\/#organization"},"image":{"@id":"https:\/\/www.suno.com.br\/noticias\/ibovespa-reforma-administrativa-vale-vale3-dividendos-03092020\/#primaryimage"},"thumbnailUrl":"https:\/\/files.sunoresearch.com.br\/n\/uploads\/2020\/06\/8b3c2ea1-ibovespa-jpg.webp","keywords":["Bradesco (BBDC3\/BBDC4)","Ibovespa","reforma administrativa","Vale (VALE3)"],"articleSection":["Mercado"],"inLanguage":"pt-BR"},{"@type":"WebPage","@id":"https:\/\/www.suno.com.br\/noticias\/ibovespa-reforma-administrativa-vale-vale3-dividendos-03092020\/","url":"https:\/\/www.suno.com.br\/noticias\/ibovespa-reforma-administrativa-vale-vale3-dividendos-03092020\/","name":"Ibovespa intensifica baixa; Vale cai 3% ap\u00f3s suspens\u00e3o de dividendos","isPartOf":{"@id":"https:\/\/www.suno.com.br\/noticias\/#website"},"primaryImageOfPage":{"@id":"https:\/\/www.suno.com.br\/noticias\/ibovespa-reforma-administrativa-vale-vale3-dividendos-03092020\/#primaryimage"},"image":{"@id":"https:\/\/www.suno.com.br\/noticias\/ibovespa-reforma-administrativa-vale-vale3-dividendos-03092020\/#primaryimage"},"thumbnailUrl":"https:\/\/files.sunoresearch.com.br\/n\/uploads\/2020\/06\/8b3c2ea1-ibovespa-jpg.webp","datePublished":"2020-09-03T15:22:54+00:00","dateModified":"2021-05-30T22:13:27+00:00","description":"O Ibovespa estendeu a queda nesta quinta-feira (3). Por volta das 12h15, o \u00edndice acion\u00e1rio ca\u00eda 1,03%. Clique e saiba mais.","breadcrumb":{"@id":"https:\/\/www.suno.com.br\/noticias\/ibovespa-reforma-administrativa-vale-vale3-dividendos-03092020\/#breadcrumb"},"inLanguage":"pt-BR","potentialAction":[{"@type":"ReadAction","target":["https:\/\/www.suno.com.br\/noticias\/ibovespa-reforma-administrativa-vale-vale3-dividendos-03092020\/"]}]},{"@type":"ImageObject","inLanguage":"pt-BR","@id":"https:\/\/www.suno.com.br\/noticias\/ibovespa-reforma-administrativa-vale-vale3-dividendos-03092020\/#primaryimage","url":"https:\/\/files.sunoresearch.com.br\/n\/uploads\/2020\/06\/8b3c2ea1-ibovespa-jpg.webp","contentUrl":"https:\/\/files.sunoresearch.com.br\/n\/uploads\/2020\/06\/8b3c2ea1-ibovespa-jpg.webp","width":1500,"height":1000,"caption":"O Ibovespa fechou em queda"},{"@type":"BreadcrumbList","@id":"https:\/\/www.suno.com.br\/noticias\/ibovespa-reforma-administrativa-vale-vale3-dividendos-03092020\/#breadcrumb","itemListElement":[{"@type":"ListItem","position":1,"name":"Not\u00edcias","item":"https:\/\/www.suno.com.br\/noticias\/"},{"@type":"ListItem","position":2,"name":"Mercado","item":"https:\/\/www.suno.com.br\/noticias\/mercado\/"},{"@type":"ListItem","position":3,"name":"Ibovespa intensifica baixa; Vale cai 3% ap\u00f3s suspens\u00e3o de dividendos"}]},{"@type":"WebSite","@id":"https:\/\/www.suno.com.br\/noticias\/#website","url":"https:\/\/www.suno.com.br\/noticias\/","name":"Suno Not\u00edcias","description":"Seu portal de informa\u00e7\u00e3o sobre o mundo dos investimentos","publisher":{"@id":"https:\/\/www.suno.com.br\/noticias\/#organization"},"potentialAction":[{"@type":"SearchAction","target":{"@type":"EntryPoint","urlTemplate":"https:\/\/www.suno.com.br\/noticias\/?s={search_term_string}"},"query-input":{"@type":"PropertyValueSpecification","valueRequired":true,"valueName":"search_term_string"}}],"inLanguage":"pt-BR"},{"@type":"Organization","@id":"https:\/\/www.suno.com.br\/noticias\/#organization","name":"Suno Not\u00edcias","url":"https:\/\/www.suno.com.br\/noticias\/","logo":{"@type":"ImageObject","inLanguage":"pt-BR","@id":"https:\/\/www.suno.com.br\/noticias\/#\/schema\/logo\/image\/","url":"https:\/\/files.sunoresearch.com.br\/n\/uploads\/2021\/09\/suno-logo.png","contentUrl":"https:\/\/files.sunoresearch.com.br\/n\/uploads\/2021\/09\/suno-logo.png","width":180,"height":180,"caption":"Suno Not\u00edcias"},"image":{"@id":"https:\/\/www.suno.com.br\/noticias\/#\/schema\/logo\/image\/"},"sameAs":["https:\/\/facebook.com\/sunoresearch","https:\/\/x.com\/sunoresearch","https:\/\/www.instagram.com\/suno","https:\/\/www.linkedin.com\/company\/suno-research\/","https:\/\/www.youtube.com\/c\/sunoresearch"]},{"@type":"Person","@id":"https:\/\/www.suno.com.br\/noticias\/#\/schema\/person\/918d79de1f0281f01599b93f9ea6e23f","name":"Jader Lazarini","image":{"@type":"ImageObject","inLanguage":"pt-BR","@id":"https:\/\/www.suno.com.br\/noticias\/#\/schema\/person\/image\/","url":"https:\/\/secure.gravatar.com\/avatar\/3c1ad8caa51589841baeb923fcddea97?s=96&r=g","contentUrl":"https:\/\/secure.gravatar.com\/avatar\/3c1ad8caa51589841baeb923fcddea97?s=96&r=g","caption":"Jader Lazarini"},"description":"Jader Lazarini escreve sobre investimentos, finan\u00e7as, economia e neg\u00f3cios. \u00c9 bacharel em Rela\u00e7\u00f5es Internacionais e analista CNPI (2619).","url":"https:\/\/www.suno.com.br\/noticias\/author\/jader-lazarini\/"}]}},"default_loop_html":"<div class=\"cardsPage__listCard__boxs\"><div class=\"cardsPage__listCard__boxs__img\"><a href=\"https:\/\/www.suno.com.br\/noticias\/ibovespa-reforma-administrativa-vale-vale3-dividendos-03092020\/\"><img class=\"mask\" src=\"https:\/\/www.suno.com.br\/noticias\/wp-content\/themes\/suno\/resources\/images\/spotlight\/spotlight1img\/bg-mask.png\" alt=\"Image Mask\"\/><img src=\"https:\/\/files.sunoresearch.com.br\/n\/uploads\/2020\/06\/8b3c2ea1-ibovespa-400x200.webp\" alt=\"Ibovespa intensifica baixa; Vale cai 3% ap\u00f3s suspens\u00e3o de dividendos\"\/><\/a><span class=\"spotlightCategory\"><a href=\"https:\/\/www.suno.com.br\/noticias\/mercado\/\">Mercado<\/a><\/span><\/div><div class=\"cardsPage__listCard__boxs__content\"><a href=\"https:\/\/www.suno.com.br\/noticias\/ibovespa-reforma-administrativa-vale-vale3-dividendos-03092020\/\"><h2 class=\"content__title\">Ibovespa intensifica baixa; Vale cai 3% ap\u00f3s suspens\u00e3o de dividendos<\/h2><\/a><div class=\"newsContent__article__meta\"><div class=\"newsContent__article__meta__authorBox\"><a href=\"https:\/\/www.suno.com.br\/noticias\/author\/jader-lazarini\/\" class=\"authorBox__avatar noMobi\"><img src=\"https:\/\/files.sunoresearch.com.br\/n\/uploads\/2021\/01\/178e6598-foto-perfil-2-150x150.jpg\" alt=\"Jader Lazarini\"><\/a><div class=\"authorBox__name\"><span>por\n\t\t\t<a href=\"https:\/\/www.suno.com.br\/noticias\/author\/jader-lazarini\/\"><span itemprop=\"author\">Jader Lazarini<\/span><\/a><\/span><time datetime=\"2020-09-03T12:22:54-03:00\" itemprop=\"datePublished\">03\/09\/2020 12:22<\/time><\/div><\/div><\/div><\/div><\/div>","single_layout":"posts","amp_enabled":true,"_links":{"self":[{"href":"https:\/\/www.suno.com.br\/noticias\/wp-json\/wp\/v2\/posts\/82330"}],"collection":[{"href":"https:\/\/www.suno.com.br\/noticias\/wp-json\/wp\/v2\/posts"}],"about":[{"href":"https:\/\/www.suno.com.br\/noticias\/wp-json\/wp\/v2\/types\/post"}],"author":[{"embeddable":true,"href":"https:\/\/www.suno.com.br\/noticias\/wp-json\/wp\/v2\/users\/24"}],"replies":[{"embeddable":true,"href":"https:\/\/www.suno.com.br\/noticias\/wp-json\/wp\/v2\/comments?post=82330"}],"version-history":[{"count":1,"href":"https:\/\/www.suno.com.br\/noticias\/wp-json\/wp\/v2\/posts\/82330\/revisions"}],"predecessor-version":[{"id":152544,"href":"https:\/\/www.suno.com.br\/noticias\/wp-json\/wp\/v2\/posts\/82330\/revisions\/152544"}],"wp:featuredmedia":[{"embeddable":true,"href":"https:\/\/www.suno.com.br\/noticias\/wp-json\/wp\/v2\/media\/70486"}],"wp:attachment":[{"href":"https:\/\/www.suno.com.br\/noticias\/wp-json\/wp\/v2\/media?parent=82330"}],"wp:term":[{"taxonomy":"category","embeddable":true,"href":"https:\/\/www.suno.com.br\/noticias\/wp-json\/wp\/v2\/categories?post=82330"},{"taxonomy":"post_tag","embeddable":true,"href":"https:\/\/www.suno.com.br\/noticias\/wp-json\/wp\/v2\/tags?post=82330"},{"taxonomy":"suno_strategy","embeddable":true,"href":"https:\/\/www.suno.com.br\/noticias\/wp-json\/wp\/v2\/suno_strategy?post=82330"}],"curies":[{"name":"wp","href":"https:\/\/api.w.org\/{rel}","templated":true}]}}