{"id":82289,"date":"2020-09-03T10:51:58","date_gmt":"2020-09-03T13:51:58","guid":{"rendered":"https:\/\/www.suno.com.br\/noticias\/?p=82289"},"modified":"2020-09-03T11:19:23","modified_gmt":"2020-09-03T14:19:23","slug":"facebook-deve-proibir-novos-anuncios-de-campanhas-politicas-nos-eua","status":"publish","type":"post","link":"https:\/\/www.suno.com.br\/noticias\/facebook-deve-proibir-novos-anuncios-de-campanhas-politicas-nos-eua\/","title":{"rendered":"Facebook deve proibir novos an\u00fancios de campanhas pol\u00edticas nos EUA"},"content":{"rendered":"<p>O <strong>Facebook<\/strong> vai proibir os novos an\u00fancios de campanhas pol\u00edticas na semana antes da elei\u00e7\u00e3o presidencial nos Estados Unidos.\u00a0 <a href=\"https:\/\/www.suno.com.br\/tudo-sobre\/mark-zuckerberg\/\">O fundador da rede social, Mark Zuckerberg<\/a>, avaliou que &#8220;essa elei\u00e7\u00e3o n\u00e3o ser\u00e1 corriqueira&#8221;.<\/p>\t<div class=\"wrapper-featured-image\">\n\t\t<figure class=\"spotlightImg\">\n\n\t\t\t<picture>\n\t\t\t\t<source media=\"(max-width: 768px)\" srcset=\"https:\/\/files.sunoresearch.com.br\/n\/uploads\/2020\/08\/34d418bd-mark-zuckerberg-400x200.webp\">\n\t\t\t\t<img loading=\"lazy\" decoding=\"async\" class=\"newsContent__article__imgCapa lazyloadDisabled \" src=\"https:\/\/files.sunoresearch.com.br\/n\/uploads\/2020\/08\/34d418bd-mark-zuckerberg-800x450.webp\" width=\"800\" height=\"450\" alt=\"Facebook deve proibir novos an\u00fancios de campanhas pol\u00edticas nos EUA\" fetchpriority=high \/>\n\t\t\t<\/picture>\n\n\t\t\t<figcaption class=\"wp-caption-text wp-caption-text--show\">Ap\u00f3s o Google, antitruste dos EUA estaria prestes a processar o Facebook<\/figcaption>\n\t\t<\/figure>\n\t<\/div>\n\n\n<div class=\"hubspot-form-wrapper\">\n\t<div id=\"single-form-target\"><\/div>\n<\/div>\n\n<p>&#8220;Estou preocupado que, com a nossa na\u00e7\u00e3o t\u00e3o divida e os resultados das elei\u00e7\u00f5es levando dias ou at\u00e9 semanas para serem finalizados, pode haver um risco maior de agita\u00e7\u00e3o em todo o pa\u00eds. Nossa democracia \u00e9 forte o suficiente para resistir a este desafio e entregar uma elei\u00e7\u00e3o livre e justa&#8221;, escreveu o fundador do Facebook em seu comunicado nesta quinta-feira (3).<\/p>\n<p>Zuckerberg anunciou diversas medidas para conter a desinforma\u00e7\u00e3o no per\u00edodo eleitoral. De acordo com o fundador, ser\u00e1 adicionado um r\u00f3tulo a quaisquer alega\u00e7\u00f5es falsas ou prematuras de vit\u00f3ria por parte de candidatos, o que direcionar\u00e1 os usu\u00e1rios a contagens de votos e resultados atuais. A ag\u00eancia de not\u00edcias Reuters vai se unir a rede social para fornecer essas informa\u00e7\u00f5es.<\/p>\n<p><a href=\"https:\/\/lp.suno.com.br\/suno-one\/\">Suno One: o primeiro passo para alcan\u00e7ar a sua independ\u00eancia financeira. Acesse agora, \u00e9 gratuito!<\/a><\/p>\n<p>O Facebook vai limitar o volume de mensagens que poder\u00e3o ser enviadas por meio do Messenger. Al\u00e9m de implementar a retirada de informa\u00e7\u00f5es incorretas sobre o voto, com efeito imediato. A rede social vai buscar proteger os funcion\u00e1rios eleitorais de amea\u00e7as de viol\u00eancia durante o processo de contagem de votos. Um atalho com informa\u00e7\u00f5es sobre a vota\u00e7\u00e3o aparecer\u00e1, em breve, no topo das p\u00e1ginas dos usu\u00e1rios do Facebook e do Instagram e vai permanecer at\u00e9 o fim da elei\u00e7\u00e3o.<\/p>\n<p>O papel da empresa na elei\u00e7\u00e3o de 2016 foi examinado de perto ap\u00f3s diversas acusa\u00e7\u00f5es. Os democratas acusaram o Facebook de violar as pol\u00edticas p\u00fablicas, j\u00e1 os republicanos acusaram Zuckerberg de preconceito liberal.<\/p>\n<p>No comunicado, o fundador disse que o Facebook n\u00e3o favorece nenhum dos lados e que ele e sua esposa doariam US$ 300 milh\u00f5es (cerca de R$ 1,5 bilh\u00e3o) para refor\u00e7a o financiamento da infraestrutura eleitoral.<\/p>\n<div id=\"fb-root\"><\/div>\n<p><script async=\"1\" defer=\"1\" crossorigin=\"anonymous\" src=\"https:\/\/connect.facebook.net\/en_US\/sdk.js#xfbml=1&amp;version=v8.0\" nonce=\"MlVB5wzH\"><\/script><\/p>\n<div class=\"fb-post\" data-href=\"https:\/\/www.facebook.com\/zuck\/posts\/10112270823363411\" data-width=\"750\">\n<blockquote cite=\"https:\/\/www.facebook.com\/zuck\/posts\/10112270823363411\" class=\"fb-xfbml-parse-ignore\">\n<p>The US elections are just two months away, and with Covid-19 affecting communities across the country, I&#039;m concerned&#8230;<\/p>\n<p>Posted by <a href=\"https:\/\/www.facebook.com\/zuck\">Mark Zuckerberg<\/a> on&nbsp;<a href=\"https:\/\/www.facebook.com\/zuck\/posts\/10112270823363411\">Thursday, September 3, 2020<\/a><\/p><\/blockquote>\n<\/div>\n<p>O comunicado do <strong>Facebook<\/strong> acontece em meio a um ataque sustentado pelo presidente dos EUA e candidato \u00e0 reelei\u00e7\u00e3o, <a href=\"https:\/\/www.suno.com.br\/tudo-sobre\/donald-trump\/\">Donald Trump<\/a>, sobre a credibilidade da elei\u00e7\u00e3o. O mandat\u00e1rio alegou, sem evid\u00eancias, que provavelmente ser\u00e1 &#8220;manipulado&#8221; por fraude eleitoral generalizada ou pela supress\u00e3o de votos republicanos.<\/p>\n\t<p>\n\t\t<a href=\"https:\/\/lp.suno.com.br\/planilha-de-controle-de-investimentos\/\" target=\"_blank\" data-element=\"shortcode-suno-banner\" title=\"Banner SUNO, clique e saiba mais\">\n\t\t\t<picture>\n\t\t\t\t<source media=\"(max-width: 500px)\" srcset=\"https:\/\/files.sunoresearch.com.br\/n\/uploads\/2023\/03\/400x300-Controle-de-Investimentos.png\">\n\t\t\t\t<img class=\"newsContent__article__imgCapa newsContent__article__imgCapa--banner\"\n\t\t\t\t\tsrc=\"https:\/\/files.sunoresearch.com.br\/n\/uploads\/2023\/03\/1420x240-Controle-de-Investimentos.png\"\n\t\t\t\t\tdata-promo-id=\"75934\"\t\t\t\t\t\t\t\t\t\twidth='1420' height='240'\t\t\t\t\talt=\"https:\/\/files.sunoresearch.com.br\/n\/uploads\/2023\/03\/1420x240-Controle-de-Investimentos.png\"\n\t\t\t\t>\n\t\t\t<\/picture>\n\t\t<\/a>\n\t<\/p>\n\n\n","protected":false},"excerpt":{"rendered":"<p>O Facebook vai proibir os novos an\u00fancios de campanhas pol\u00edticas na semana antes da elei\u00e7\u00e3o presidencial nos Estados Unidos.\u00a0 O fundador da rede social, Mark Zuckerberg, avaliou que &#8220;essa elei\u00e7\u00e3o n\u00e3o ser\u00e1 corriqueira&#8221;. Ap\u00f3s o Google, antitruste dos EUA estaria prestes a processar o Facebook &#8220;Estou preocupado que, com a nossa na\u00e7\u00e3o t\u00e3o divida e [&hellip;]<\/p>\n","protected":false},"author":15,"featured_media":79799,"comment_status":"closed","ping_status":"closed","sticky":false,"template":"","format":"standard","meta":[],"categories":[63],"tags":[724,733,1239],"suno_strategy":[],"class_list":["post-82289","post","type-post","status-publish","format-standard","has-post-thumbnail","hentry","category-internacional","tag-donald-trump","tag-facebook-fbok34","tag-mark-zuckerberg"],"yoast_head":"<!-- This site is optimized with the Yoast SEO plugin v24.4 - https:\/\/yoast.com\/wordpress\/plugins\/seo\/ -->\n<title>Facebook deve proibir novos an\u00fancios de campanhas pol\u00edticas nos EUA<\/title>\n<meta name=\"description\" content=\"O Facebook vai proibir os novos an\u00fancios de campanhas pol\u00edticas na semana antes da elei\u00e7\u00e3o presidencial nos EUA. Clique aqui e saiba mais\" \/>\n<meta name=\"robots\" content=\"index, follow, max-snippet:-1, max-image-preview:large, max-video-preview:-1\" \/>\n<link rel=\"canonical\" href=\"https:\/\/www.suno.com.br\/noticias\/facebook-deve-proibir-novos-anuncios-de-campanhas-politicas-nos-eua\/\" \/>\n<meta property=\"og:locale\" content=\"pt_BR\" \/>\n<meta property=\"og:type\" content=\"article\" \/>\n<meta property=\"og:title\" content=\"Facebook deve proibir novos an\u00fancios de campanhas pol\u00edticas nos EUA\" \/>\n<meta property=\"og:description\" content=\"O Facebook vai proibir os novos an\u00fancios de campanhas pol\u00edticas na semana antes da elei\u00e7\u00e3o presidencial nos EUA. Clique aqui e saiba mais\" \/>\n<meta property=\"og:url\" content=\"https:\/\/www.suno.com.br\/noticias\/facebook-deve-proibir-novos-anuncios-de-campanhas-politicas-nos-eua\/\" \/>\n<meta property=\"og:site_name\" content=\"Suno Not\u00edcias\" \/>\n<meta property=\"article:publisher\" content=\"https:\/\/facebook.com\/sunoresearch\" \/>\n<meta property=\"og:image\" content=\"https:\/\/files.sunoresearch.com.br\/n\/uploads\/2020\/08\/34d418bd-mark-zuckerberg.jpg\" \/>\n\t<meta property=\"og:image:width\" content=\"1280\" \/>\n\t<meta property=\"og:image:height\" content=\"720\" \/>\n\t<meta property=\"og:image:type\" content=\"image\/jpeg\" \/>\n<meta name=\"author\" content=\"Poliana Santos\" \/>\n<meta name=\"twitter:card\" content=\"summary_large_image\" \/>\n<meta name=\"twitter:creator\" content=\"@sunoresearch\" \/>\n<meta name=\"twitter:site\" content=\"@sunoresearch\" \/>\n<meta name=\"twitter:label1\" content=\"Escrito por\" \/>\n\t<meta name=\"twitter:data1\" content=\"Poliana Santos\" \/>\n\t<meta name=\"twitter:label2\" content=\"Est. tempo de leitura\" \/>\n\t<meta name=\"twitter:data2\" content=\"2 minutos\" \/>\n<script type=\"application\/ld+json\" class=\"yoast-schema-graph\">{\"@context\":\"https:\/\/schema.org\",\"@graph\":[{\"@type\":\"NewsArticle\",\"@id\":\"https:\/\/www.suno.com.br\/noticias\/facebook-deve-proibir-novos-anuncios-de-campanhas-politicas-nos-eua\/#article\",\"isPartOf\":{\"@id\":\"https:\/\/www.suno.com.br\/noticias\/facebook-deve-proibir-novos-anuncios-de-campanhas-politicas-nos-eua\/\"},\"author\":{\"name\":\"Poliana Santos\",\"@id\":\"https:\/\/www.suno.com.br\/noticias\/#\/schema\/person\/02ec1f752758247878a2bf4abee1aeda\"},\"headline\":\"Facebook deve proibir novos an\u00fancios de campanhas pol\u00edticas nos EUA\",\"datePublished\":\"2020-09-03T13:51:58+00:00\",\"dateModified\":\"2020-09-03T14:19:23+00:00\",\"mainEntityOfPage\":{\"@id\":\"https:\/\/www.suno.com.br\/noticias\/facebook-deve-proibir-novos-anuncios-de-campanhas-politicas-nos-eua\/\"},\"wordCount\":435,\"publisher\":{\"@id\":\"https:\/\/www.suno.com.br\/noticias\/#organization\"},\"image\":{\"@id\":\"https:\/\/www.suno.com.br\/noticias\/facebook-deve-proibir-novos-anuncios-de-campanhas-politicas-nos-eua\/#primaryimage\"},\"thumbnailUrl\":\"https:\/\/files.sunoresearch.com.br\/n\/uploads\/2020\/08\/34d418bd-mark-zuckerberg-jpg.webp\",\"keywords\":[\"Donald Trump\",\"Facebook (FBOK34)\",\"Mark Zuckerberg\"],\"articleSection\":[\"Internacional\"],\"inLanguage\":\"pt-BR\"},{\"@type\":\"WebPage\",\"@id\":\"https:\/\/www.suno.com.br\/noticias\/facebook-deve-proibir-novos-anuncios-de-campanhas-politicas-nos-eua\/\",\"url\":\"https:\/\/www.suno.com.br\/noticias\/facebook-deve-proibir-novos-anuncios-de-campanhas-politicas-nos-eua\/\",\"name\":\"Facebook deve proibir novos an\u00fancios de campanhas pol\u00edticas nos EUA\",\"isPartOf\":{\"@id\":\"https:\/\/www.suno.com.br\/noticias\/#website\"},\"primaryImageOfPage\":{\"@id\":\"https:\/\/www.suno.com.br\/noticias\/facebook-deve-proibir-novos-anuncios-de-campanhas-politicas-nos-eua\/#primaryimage\"},\"image\":{\"@id\":\"https:\/\/www.suno.com.br\/noticias\/facebook-deve-proibir-novos-anuncios-de-campanhas-politicas-nos-eua\/#primaryimage\"},\"thumbnailUrl\":\"https:\/\/files.sunoresearch.com.br\/n\/uploads\/2020\/08\/34d418bd-mark-zuckerberg-jpg.webp\",\"datePublished\":\"2020-09-03T13:51:58+00:00\",\"dateModified\":\"2020-09-03T14:19:23+00:00\",\"description\":\"O Facebook vai proibir os novos an\u00fancios de campanhas pol\u00edticas na semana antes da elei\u00e7\u00e3o presidencial nos EUA. Clique aqui e saiba mais\",\"breadcrumb\":{\"@id\":\"https:\/\/www.suno.com.br\/noticias\/facebook-deve-proibir-novos-anuncios-de-campanhas-politicas-nos-eua\/#breadcrumb\"},\"inLanguage\":\"pt-BR\",\"potentialAction\":[{\"@type\":\"ReadAction\",\"target\":[\"https:\/\/www.suno.com.br\/noticias\/facebook-deve-proibir-novos-anuncios-de-campanhas-politicas-nos-eua\/\"]}]},{\"@type\":\"ImageObject\",\"inLanguage\":\"pt-BR\",\"@id\":\"https:\/\/www.suno.com.br\/noticias\/facebook-deve-proibir-novos-anuncios-de-campanhas-politicas-nos-eua\/#primaryimage\",\"url\":\"https:\/\/files.sunoresearch.com.br\/n\/uploads\/2020\/08\/34d418bd-mark-zuckerberg-jpg.webp\",\"contentUrl\":\"https:\/\/files.sunoresearch.com.br\/n\/uploads\/2020\/08\/34d418bd-mark-zuckerberg-jpg.webp\",\"width\":1280,\"height\":720,\"caption\":\"Ap\u00f3s o Google, antitruste dos EUA estaria prestes a processar o Facebook\"},{\"@type\":\"BreadcrumbList\",\"@id\":\"https:\/\/www.suno.com.br\/noticias\/facebook-deve-proibir-novos-anuncios-de-campanhas-politicas-nos-eua\/#breadcrumb\",\"itemListElement\":[{\"@type\":\"ListItem\",\"position\":1,\"name\":\"Not\u00edcias\",\"item\":\"https:\/\/www.suno.com.br\/noticias\/\"},{\"@type\":\"ListItem\",\"position\":2,\"name\":\"Internacional\",\"item\":\"https:\/\/www.suno.com.br\/noticias\/internacional\/\"},{\"@type\":\"ListItem\",\"position\":3,\"name\":\"Facebook deve proibir novos an\u00fancios de campanhas pol\u00edticas nos EUA\"}]},{\"@type\":\"WebSite\",\"@id\":\"https:\/\/www.suno.com.br\/noticias\/#website\",\"url\":\"https:\/\/www.suno.com.br\/noticias\/\",\"name\":\"Suno Not\u00edcias\",\"description\":\"Seu portal de informa\u00e7\u00e3o sobre o mundo dos investimentos\",\"publisher\":{\"@id\":\"https:\/\/www.suno.com.br\/noticias\/#organization\"},\"potentialAction\":[{\"@type\":\"SearchAction\",\"target\":{\"@type\":\"EntryPoint\",\"urlTemplate\":\"https:\/\/www.suno.com.br\/noticias\/?s={search_term_string}\"},\"query-input\":{\"@type\":\"PropertyValueSpecification\",\"valueRequired\":true,\"valueName\":\"search_term_string\"}}],\"inLanguage\":\"pt-BR\"},{\"@type\":\"Organization\",\"@id\":\"https:\/\/www.suno.com.br\/noticias\/#organization\",\"name\":\"Suno Not\u00edcias\",\"url\":\"https:\/\/www.suno.com.br\/noticias\/\",\"logo\":{\"@type\":\"ImageObject\",\"inLanguage\":\"pt-BR\",\"@id\":\"https:\/\/www.suno.com.br\/noticias\/#\/schema\/logo\/image\/\",\"url\":\"https:\/\/files.sunoresearch.com.br\/n\/uploads\/2021\/09\/suno-logo.png\",\"contentUrl\":\"https:\/\/files.sunoresearch.com.br\/n\/uploads\/2021\/09\/suno-logo.png\",\"width\":180,\"height\":180,\"caption\":\"Suno Not\u00edcias\"},\"image\":{\"@id\":\"https:\/\/www.suno.com.br\/noticias\/#\/schema\/logo\/image\/\"},\"sameAs\":[\"https:\/\/facebook.com\/sunoresearch\",\"https:\/\/x.com\/sunoresearch\",\"https:\/\/www.instagram.com\/suno\",\"https:\/\/www.linkedin.com\/company\/suno-research\/\",\"https:\/\/www.youtube.com\/c\/sunoresearch\"]},{\"@type\":\"Person\",\"@id\":\"https:\/\/www.suno.com.br\/noticias\/#\/schema\/person\/02ec1f752758247878a2bf4abee1aeda\",\"name\":\"Poliana Santos\",\"image\":{\"@type\":\"ImageObject\",\"inLanguage\":\"pt-BR\",\"@id\":\"https:\/\/www.suno.com.br\/noticias\/#\/schema\/person\/image\/\",\"url\":\"https:\/\/secure.gravatar.com\/avatar\/0645bd32f23d87b2130f2b2dff1d3f8d?s=96&r=g\",\"contentUrl\":\"https:\/\/secure.gravatar.com\/avatar\/0645bd32f23d87b2130f2b2dff1d3f8d?s=96&r=g\",\"caption\":\"Poliana Santos\"},\"description\":\"Rep\u00f3rter no Suno Not\u00edcias, com cobertura em mercado financeiro, economia, finan\u00e7as pessoais, renda fixa e varejo. Jornalista formada pela Faculdade C\u00e1sper L\u00edbero e possui passagem na R\u00e1dio Gazeta AM com a produ\u00e7\u00e3o de conte\u00fado sobre economia, pol\u00edtica, sa\u00fade, moda e m\u00fasica. Possui certificado de conclus\u00e3o do curso de An\u00e1lise de Balan\u00e7os pela Funda\u00e7\u00e3o Bradesco, Agenda Brasil pela FAAP, Educa\u00e7\u00e3o Pol\u00edtica por Alexandre Garcia e do Tesouro Direto e Mercado de A\u00e7\u00f5es pela B3.\",\"url\":\"https:\/\/www.suno.com.br\/noticias\/author\/poliana-santos\/\"}]}<\/script>\n<!-- \/ Yoast SEO plugin. -->","yoast_head_json":{"title":"Facebook deve proibir novos an\u00fancios de campanhas pol\u00edticas nos EUA","description":"O Facebook vai proibir os novos an\u00fancios de campanhas pol\u00edticas na semana antes da elei\u00e7\u00e3o presidencial nos EUA. Clique aqui e saiba mais","robots":{"index":"index","follow":"follow","max-snippet":"max-snippet:-1","max-image-preview":"max-image-preview:large","max-video-preview":"max-video-preview:-1"},"canonical":"https:\/\/www.suno.com.br\/noticias\/facebook-deve-proibir-novos-anuncios-de-campanhas-politicas-nos-eua\/","og_locale":"pt_BR","og_type":"article","og_title":"Facebook deve proibir novos an\u00fancios de campanhas pol\u00edticas nos EUA","og_description":"O Facebook vai proibir os novos an\u00fancios de campanhas pol\u00edticas na semana antes da elei\u00e7\u00e3o presidencial nos EUA. Clique aqui e saiba mais","og_url":"https:\/\/www.suno.com.br\/noticias\/facebook-deve-proibir-novos-anuncios-de-campanhas-politicas-nos-eua\/","og_site_name":"Suno Not\u00edcias","article_publisher":"https:\/\/facebook.com\/sunoresearch","og_image":[{"width":1280,"height":720,"url":"https:\/\/files.sunoresearch.com.br\/n\/uploads\/2020\/08\/34d418bd-mark-zuckerberg.jpg","type":"image\/jpeg"}],"author":"Poliana Santos","twitter_card":"summary_large_image","twitter_creator":"@sunoresearch","twitter_site":"@sunoresearch","twitter_misc":{"Escrito por":"Poliana Santos","Est. tempo de leitura":"2 minutos"},"schema":{"@context":"https:\/\/schema.org","@graph":[{"@type":"NewsArticle","@id":"https:\/\/www.suno.com.br\/noticias\/facebook-deve-proibir-novos-anuncios-de-campanhas-politicas-nos-eua\/#article","isPartOf":{"@id":"https:\/\/www.suno.com.br\/noticias\/facebook-deve-proibir-novos-anuncios-de-campanhas-politicas-nos-eua\/"},"author":{"name":"Poliana Santos","@id":"https:\/\/www.suno.com.br\/noticias\/#\/schema\/person\/02ec1f752758247878a2bf4abee1aeda"},"headline":"Facebook deve proibir novos an\u00fancios de campanhas pol\u00edticas nos EUA","datePublished":"2020-09-03T13:51:58+00:00","dateModified":"2020-09-03T14:19:23+00:00","mainEntityOfPage":{"@id":"https:\/\/www.suno.com.br\/noticias\/facebook-deve-proibir-novos-anuncios-de-campanhas-politicas-nos-eua\/"},"wordCount":435,"publisher":{"@id":"https:\/\/www.suno.com.br\/noticias\/#organization"},"image":{"@id":"https:\/\/www.suno.com.br\/noticias\/facebook-deve-proibir-novos-anuncios-de-campanhas-politicas-nos-eua\/#primaryimage"},"thumbnailUrl":"https:\/\/files.sunoresearch.com.br\/n\/uploads\/2020\/08\/34d418bd-mark-zuckerberg-jpg.webp","keywords":["Donald Trump","Facebook (FBOK34)","Mark Zuckerberg"],"articleSection":["Internacional"],"inLanguage":"pt-BR"},{"@type":"WebPage","@id":"https:\/\/www.suno.com.br\/noticias\/facebook-deve-proibir-novos-anuncios-de-campanhas-politicas-nos-eua\/","url":"https:\/\/www.suno.com.br\/noticias\/facebook-deve-proibir-novos-anuncios-de-campanhas-politicas-nos-eua\/","name":"Facebook deve proibir novos an\u00fancios de campanhas pol\u00edticas nos EUA","isPartOf":{"@id":"https:\/\/www.suno.com.br\/noticias\/#website"},"primaryImageOfPage":{"@id":"https:\/\/www.suno.com.br\/noticias\/facebook-deve-proibir-novos-anuncios-de-campanhas-politicas-nos-eua\/#primaryimage"},"image":{"@id":"https:\/\/www.suno.com.br\/noticias\/facebook-deve-proibir-novos-anuncios-de-campanhas-politicas-nos-eua\/#primaryimage"},"thumbnailUrl":"https:\/\/files.sunoresearch.com.br\/n\/uploads\/2020\/08\/34d418bd-mark-zuckerberg-jpg.webp","datePublished":"2020-09-03T13:51:58+00:00","dateModified":"2020-09-03T14:19:23+00:00","description":"O Facebook vai proibir os novos an\u00fancios de campanhas pol\u00edticas na semana antes da elei\u00e7\u00e3o presidencial nos EUA. Clique aqui e saiba mais","breadcrumb":{"@id":"https:\/\/www.suno.com.br\/noticias\/facebook-deve-proibir-novos-anuncios-de-campanhas-politicas-nos-eua\/#breadcrumb"},"inLanguage":"pt-BR","potentialAction":[{"@type":"ReadAction","target":["https:\/\/www.suno.com.br\/noticias\/facebook-deve-proibir-novos-anuncios-de-campanhas-politicas-nos-eua\/"]}]},{"@type":"ImageObject","inLanguage":"pt-BR","@id":"https:\/\/www.suno.com.br\/noticias\/facebook-deve-proibir-novos-anuncios-de-campanhas-politicas-nos-eua\/#primaryimage","url":"https:\/\/files.sunoresearch.com.br\/n\/uploads\/2020\/08\/34d418bd-mark-zuckerberg-jpg.webp","contentUrl":"https:\/\/files.sunoresearch.com.br\/n\/uploads\/2020\/08\/34d418bd-mark-zuckerberg-jpg.webp","width":1280,"height":720,"caption":"Ap\u00f3s o Google, antitruste dos EUA estaria prestes a processar o Facebook"},{"@type":"BreadcrumbList","@id":"https:\/\/www.suno.com.br\/noticias\/facebook-deve-proibir-novos-anuncios-de-campanhas-politicas-nos-eua\/#breadcrumb","itemListElement":[{"@type":"ListItem","position":1,"name":"Not\u00edcias","item":"https:\/\/www.suno.com.br\/noticias\/"},{"@type":"ListItem","position":2,"name":"Internacional","item":"https:\/\/www.suno.com.br\/noticias\/internacional\/"},{"@type":"ListItem","position":3,"name":"Facebook deve proibir novos an\u00fancios de campanhas pol\u00edticas nos EUA"}]},{"@type":"WebSite","@id":"https:\/\/www.suno.com.br\/noticias\/#website","url":"https:\/\/www.suno.com.br\/noticias\/","name":"Suno Not\u00edcias","description":"Seu portal de informa\u00e7\u00e3o sobre o mundo dos investimentos","publisher":{"@id":"https:\/\/www.suno.com.br\/noticias\/#organization"},"potentialAction":[{"@type":"SearchAction","target":{"@type":"EntryPoint","urlTemplate":"https:\/\/www.suno.com.br\/noticias\/?s={search_term_string}"},"query-input":{"@type":"PropertyValueSpecification","valueRequired":true,"valueName":"search_term_string"}}],"inLanguage":"pt-BR"},{"@type":"Organization","@id":"https:\/\/www.suno.com.br\/noticias\/#organization","name":"Suno Not\u00edcias","url":"https:\/\/www.suno.com.br\/noticias\/","logo":{"@type":"ImageObject","inLanguage":"pt-BR","@id":"https:\/\/www.suno.com.br\/noticias\/#\/schema\/logo\/image\/","url":"https:\/\/files.sunoresearch.com.br\/n\/uploads\/2021\/09\/suno-logo.png","contentUrl":"https:\/\/files.sunoresearch.com.br\/n\/uploads\/2021\/09\/suno-logo.png","width":180,"height":180,"caption":"Suno Not\u00edcias"},"image":{"@id":"https:\/\/www.suno.com.br\/noticias\/#\/schema\/logo\/image\/"},"sameAs":["https:\/\/facebook.com\/sunoresearch","https:\/\/x.com\/sunoresearch","https:\/\/www.instagram.com\/suno","https:\/\/www.linkedin.com\/company\/suno-research\/","https:\/\/www.youtube.com\/c\/sunoresearch"]},{"@type":"Person","@id":"https:\/\/www.suno.com.br\/noticias\/#\/schema\/person\/02ec1f752758247878a2bf4abee1aeda","name":"Poliana Santos","image":{"@type":"ImageObject","inLanguage":"pt-BR","@id":"https:\/\/www.suno.com.br\/noticias\/#\/schema\/person\/image\/","url":"https:\/\/secure.gravatar.com\/avatar\/0645bd32f23d87b2130f2b2dff1d3f8d?s=96&r=g","contentUrl":"https:\/\/secure.gravatar.com\/avatar\/0645bd32f23d87b2130f2b2dff1d3f8d?s=96&r=g","caption":"Poliana Santos"},"description":"Rep\u00f3rter no Suno Not\u00edcias, com cobertura em mercado financeiro, economia, finan\u00e7as pessoais, renda fixa e varejo. Jornalista formada pela Faculdade C\u00e1sper L\u00edbero e possui passagem na R\u00e1dio Gazeta AM com a produ\u00e7\u00e3o de conte\u00fado sobre economia, pol\u00edtica, sa\u00fade, moda e m\u00fasica. Possui certificado de conclus\u00e3o do curso de An\u00e1lise de Balan\u00e7os pela Funda\u00e7\u00e3o Bradesco, Agenda Brasil pela FAAP, Educa\u00e7\u00e3o Pol\u00edtica por Alexandre Garcia e do Tesouro Direto e Mercado de A\u00e7\u00f5es pela B3.","url":"https:\/\/www.suno.com.br\/noticias\/author\/poliana-santos\/"}]}},"default_loop_html":"<div class=\"cardsPage__listCard__boxs\"><div class=\"cardsPage__listCard__boxs__img\"><a href=\"https:\/\/www.suno.com.br\/noticias\/facebook-deve-proibir-novos-anuncios-de-campanhas-politicas-nos-eua\/\"><img class=\"mask\" src=\"https:\/\/www.suno.com.br\/noticias\/wp-content\/themes\/suno\/resources\/images\/spotlight\/spotlight1img\/bg-mask.png\" alt=\"Image Mask\"\/><img src=\"https:\/\/files.sunoresearch.com.br\/n\/uploads\/2020\/08\/34d418bd-mark-zuckerberg-400x200.webp\" alt=\"Facebook deve proibir novos an\u00fancios de campanhas pol\u00edticas nos EUA\"\/><\/a><span class=\"spotlightCategory\"><a href=\"https:\/\/www.suno.com.br\/noticias\/internacional\/\">Internacional<\/a><\/span><\/div><div class=\"cardsPage__listCard__boxs__content\"><a href=\"https:\/\/www.suno.com.br\/noticias\/facebook-deve-proibir-novos-anuncios-de-campanhas-politicas-nos-eua\/\"><h2 class=\"content__title\">Facebook deve proibir novos an\u00fancios de campanhas pol\u00edticas nos EUA<\/h2><\/a><div class=\"newsContent__article__meta\"><div class=\"newsContent__article__meta__authorBox\"><a href=\"https:\/\/www.suno.com.br\/noticias\/author\/poliana-santos\/\" class=\"authorBox__avatar noMobi\"><img src=\"https:\/\/files.sunoresearch.com.br\/n\/uploads\/2020\/08\/7ef34026-whatsapp-image-2020-08-03-at-12.37.57-150x150.webp\" alt=\"Poliana Santos\"><\/a><div class=\"authorBox__name\"><span>por\n\t\t\t<a href=\"https:\/\/www.suno.com.br\/noticias\/author\/poliana-santos\/\"><span itemprop=\"author\">Poliana Santos<\/span><\/a><\/span><time datetime=\"2020-09-03T10:51:58-03:00\" itemprop=\"datePublished\">03\/09\/2020 10:51<\/time><\/div><\/div><\/div><\/div><\/div>","single_layout":"posts","amp_enabled":true,"_links":{"self":[{"href":"https:\/\/www.suno.com.br\/noticias\/wp-json\/wp\/v2\/posts\/82289"}],"collection":[{"href":"https:\/\/www.suno.com.br\/noticias\/wp-json\/wp\/v2\/posts"}],"about":[{"href":"https:\/\/www.suno.com.br\/noticias\/wp-json\/wp\/v2\/types\/post"}],"author":[{"embeddable":true,"href":"https:\/\/www.suno.com.br\/noticias\/wp-json\/wp\/v2\/users\/15"}],"replies":[{"embeddable":true,"href":"https:\/\/www.suno.com.br\/noticias\/wp-json\/wp\/v2\/comments?post=82289"}],"version-history":[{"count":0,"href":"https:\/\/www.suno.com.br\/noticias\/wp-json\/wp\/v2\/posts\/82289\/revisions"}],"wp:featuredmedia":[{"embeddable":true,"href":"https:\/\/www.suno.com.br\/noticias\/wp-json\/wp\/v2\/media\/79799"}],"wp:attachment":[{"href":"https:\/\/www.suno.com.br\/noticias\/wp-json\/wp\/v2\/media?parent=82289"}],"wp:term":[{"taxonomy":"category","embeddable":true,"href":"https:\/\/www.suno.com.br\/noticias\/wp-json\/wp\/v2\/categories?post=82289"},{"taxonomy":"post_tag","embeddable":true,"href":"https:\/\/www.suno.com.br\/noticias\/wp-json\/wp\/v2\/tags?post=82289"},{"taxonomy":"suno_strategy","embeddable":true,"href":"https:\/\/www.suno.com.br\/noticias\/wp-json\/wp\/v2\/suno_strategy?post=82289"}],"curies":[{"name":"wp","href":"https:\/\/api.w.org\/{rel}","templated":true}]}}