{"id":82248,"date":"2020-09-03T08:42:45","date_gmt":"2020-09-03T11:42:45","guid":{"rendered":"https:\/\/www.suno.com.br\/noticias\/?p=82248"},"modified":"2020-09-03T08:42:45","modified_gmt":"2020-09-03T11:42:45","slug":"reforma-administrativa-proposta-maia-atinge-legislativo","status":"publish","type":"post","link":"https:\/\/www.suno.com.br\/noticias\/reforma-administrativa-proposta-maia-atinge-legislativo\/","title":{"rendered":"Reforma administrativa proposta por Maia atinge estrutura do Legislativo"},"content":{"rendered":"<p>O presidente da C\u00e2mara dos Deputados, Rodrigo Maia, prop\u00f4s \u00e0 Casa uma <strong>reforma administrativa<\/strong> que atinja a estrutura do Legislativo, sobretudo os cargos que o comp\u00f5em. Diferentemente da proposta que ser\u00e1 enviada pelo governo nesta quinta-feira (3), a ideia de Maia \u00e9 reduzir os sal\u00e1rios iniciais dos concursados em at\u00e9 40%, diminuir estruturas de assessoramento e cortar o n\u00famero de comissionados dos partidos.<\/p>\t<div class=\"wrapper-featured-image\">\n\t\t<figure class=\"spotlightImg\">\n\n\t\t\t<picture>\n\t\t\t\t<source media=\"(max-width: 768px)\" srcset=\"https:\/\/files.sunoresearch.com.br\/n\/uploads\/2020\/09\/cfbcd355-e5cf46cdcd57326032f4868348313767-400x200.webp\">\n\t\t\t\t<img loading=\"lazy\" decoding=\"async\" class=\"newsContent__article__imgCapa lazyloadDisabled \" src=\"https:\/\/files.sunoresearch.com.br\/n\/uploads\/2020\/09\/cfbcd355-e5cf46cdcd57326032f4868348313767-800x450.webp\" width=\"800\" height=\"450\" alt=\"Reforma administrativa proposta por Maia atinge estrutura do Legislativo\" fetchpriority=high \/>\n\t\t\t<\/picture>\n\n\t\t\t<figcaption class=\"wp-caption-text wp-caption-text--show\">O presidente da C\u00e2mara, Rodrigo Maia, prop\u00f4s \u00e0 Casa uma reforma administrativa que atinja a estrutura do Legislativo.<\/figcaption>\n\t\t<\/figure>\n\t<\/div>\n\n\n<div class=\"hubspot-form-wrapper\">\n\t<div id=\"single-form-target\"><\/div>\n<\/div>\n\n<p>Segundo reportou o jornal &#8220;Valor Econ\u00f4mico&#8221;, Maia se baseia no texto elaborado no in\u00edcio deste ano pela consultoria Falconi, mas que aguardava a proposta de reforma administrativa ser enviada por parte do <strong>Executivo<\/strong>. Existe o temor de que, se somente o <strong>Legislativo<\/strong> mudar os sal\u00e1rios, a prefer\u00eancia dos profissionais ser\u00e1 voltada para os outros poderes. O governo, por sua vez, decidiu trabalhar temas mais gerais em sua proposta, como estabilidade dos servidores, n\u00e3o atacando a remunera\u00e7\u00e3o dos mesmos.<\/p>\n<p>A proposta de reforma apresentada \u00e0 C\u00e2mara corta de 28 para 8 tipos de cargos, expande de 10 para 25 as etapas para chegar ao topo remunerat\u00f3rio da<strong> carreira p\u00fablica<\/strong>, em fun\u00e7\u00e3o dos novos crit\u00e9iros de avalia\u00e7\u00e3o, al\u00e9m de mudar os sal\u00e1rios.<\/p>\n<p><a href=\"https:\/\/lp.suno.com.br\/suno-one\/\">Suno One: acesse gratuitamente eBooks, Minicursos, Artigos e Video Aulas sobre investimentos com um \u00fanico cadastro. Clique para saber mais!<\/a><\/p>\n<p>Segundo Maia, os consultores legislativos, que atualmente recebem R$ 32,8 mil assim que s\u00e3o contratados, receberiam R$ 21,9 mil. Os analistas, por sua vez, receber\u00e3o R$ 13,8 mil, de R$ 24,7 mil; os <strong>sal\u00e1rios<\/strong> dos t\u00e9cnicos sair\u00e3o de R$ 16,4 mil para R$ 9,2 mil. As novas regras seriam impostas somente para novos contratados.<\/p>\n<p>Al\u00e9m disso, no plano apresentado \u00e0 C\u00e2mara, ser\u00e3o extintos mil cargos &#8212; 633 que est\u00e3o vagos e 367 que podem se aposentar, mas ainda n\u00e3o o fizeram. A C\u00e2mara, que j\u00e1 teve 3,8 mil servidores efetivos, quer realizar o mesmo trabalho com 2,3 mil pessoas, quase 40% a menos.<\/p>\n<h2>Reforma administrativa pouco inteferir\u00e1 nos atuais servidores<\/h2>\n<p>Ainda segundo reportou o jornal, os atuais servidores n\u00e3o ser\u00e3o impactados pela reforma, a n\u00e3o ser pela nova avalia\u00e7\u00e3o de desempenho. Quem tiver o desempenho considerado baixo em suas atividades, ter\u00e1 acesso limitado a licen\u00e7a para cursos, mudan\u00e7a para outra \u00e1rea do Legislativo ou permiss\u00e3o para assumir cargos de chefia. Na proposta, as metas seriam estipuladas individualmente e publicadas num sistema p\u00fablico para elevar o n\u00edvel de exig\u00eancia.<\/p>\n<p>Por mais que com essa proposta o presidente da Casa d\u00ea ind\u00edcios de uma mudan\u00e7a mais intensa na estrutura do Legislativo, ainda n\u00e3o \u00e9 poss\u00edvel estimar o retorno financeiro, devido \u00e0s regras valerem somente para novos servidores.<\/p>\n<p>Segundo o diretor-geral da C\u00e2mara, Sergio Sampaio, o <strong>impacto econ\u00f4mico<\/strong> ser\u00e1 observado a longo prazo. Atualmente, a C\u00e2mara consome 82% do Or\u00e7amento de R$ 5,2 bilh\u00f5es com sal\u00e1rios, aposentadorias e pens\u00f5es.<\/p>\n\t<div data-element=\"shortcode-read-more\" class=\"knowMore\">\n\t\t\t\t<span class=\"knowMore__title\">Saiba mais<\/span>\n\t\t\t\t<a class=\"knowMore__link\" href=\"https:\/\/www.suno.com.br\/noticias\/reforma-administrativa-esta-pronto-desde-inicio-ano\/\">\n\t\t\tReforma administrativa est\u00e1 &quot;pronta desde o come\u00e7o do ano&quot;, diz Mour\u00e3o\t\t<\/a>\n\t<\/div>\n\n\n<p>No entanto, entre os deputados existe a resist\u00eancia de que parte das medidas propostas pode instigar um sentimento contr\u00e1rio \u00e0 popula\u00e7\u00e3o. Uma delas \u00e9 a venda de apartamentos funcionais dos deputados e o pagamento de aux\u00edlio moradia, o que ficaria mais barato. A redu\u00e7\u00e3o de 25 para 15 os assessores dos gabinetes tamb\u00e9m causou desconforto entre os deputados, sendo retirada da proposta.<\/p>\n<p>As mudan\u00e7as previstas na proposta da <strong>reforma administrativa<\/strong> precisam passar pelo plen\u00e1rio da C\u00e2mara. Na pr\u00f3xima semana, a Mesa Diretora, composta pelo presidente da Casa e outros seis deputados, votar\u00e1 o texto para torn\u00e1-lo oficial. Neste momento, ent\u00e3o, ser\u00e3o iniciadas as negocia\u00e7\u00f5es com os partidos; a ideia \u00e9 de votar a proposta em outubro.<\/p>\n\n","protected":false},"excerpt":{"rendered":"<p>O presidente da C\u00e2mara dos Deputados, Rodrigo Maia, prop\u00f4s \u00e0 Casa uma reforma administrativa que atinja a estrutura do Legislativo, sobretudo os cargos que o comp\u00f5em. Diferentemente da proposta que ser\u00e1 enviada pelo governo nesta quinta-feira (3), a ideia de Maia \u00e9 reduzir os sal\u00e1rios iniciais dos concursados em at\u00e9 40%, diminuir estruturas de assessoramento [&hellip;]<\/p>\n","protected":false},"author":24,"featured_media":82255,"comment_status":"closed","ping_status":"closed","sticky":false,"template":"","format":"standard","meta":[],"categories":[61],"tags":[938,1410,892],"suno_strategy":[],"class_list":["post-82248","post","type-post","status-publish","format-standard","has-post-thumbnail","hentry","category-politica","tag-camara-dos-deputados","tag-reforma-administrativa","tag-rodrigo-maia"],"yoast_head":"<!-- This site is optimized with the Yoast SEO plugin v24.4 - https:\/\/yoast.com\/wordpress\/plugins\/seo\/ -->\n<title>Reforma administrativa proposta por Maia atinge estrutura do Legislativo<\/title>\n<meta name=\"description\" content=\"O presidente da C\u00e2mara, Rodrigo Maia, prop\u00f4s \u00e0 Casa uma reforma administrativa que atinja a estrutura do Legislativo. Clique e saiba mais.\" \/>\n<meta name=\"robots\" content=\"index, follow, max-snippet:-1, max-image-preview:large, max-video-preview:-1\" \/>\n<link rel=\"canonical\" href=\"https:\/\/www.suno.com.br\/noticias\/reforma-administrativa-proposta-maia-atinge-legislativo\/\" \/>\n<meta property=\"og:locale\" content=\"pt_BR\" \/>\n<meta property=\"og:type\" content=\"article\" \/>\n<meta property=\"og:title\" content=\"Reforma administrativa proposta por Maia atinge estrutura do Legislativo\" \/>\n<meta property=\"og:description\" content=\"O presidente da C\u00e2mara, Rodrigo Maia, prop\u00f4s \u00e0 Casa uma reforma administrativa que atinja a estrutura do Legislativo. Clique e saiba mais.\" \/>\n<meta property=\"og:url\" content=\"https:\/\/www.suno.com.br\/noticias\/reforma-administrativa-proposta-maia-atinge-legislativo\/\" \/>\n<meta property=\"og:site_name\" content=\"Suno Not\u00edcias\" \/>\n<meta property=\"article:publisher\" content=\"https:\/\/facebook.com\/sunoresearch\" \/>\n<meta property=\"og:image\" content=\"https:\/\/files.sunoresearch.com.br\/n\/uploads\/2020\/09\/cfbcd355-e5cf46cdcd57326032f4868348313767.jpeg\" \/>\n\t<meta property=\"og:image:width\" content=\"1280\" \/>\n\t<meta property=\"og:image:height\" content=\"766\" \/>\n\t<meta property=\"og:image:type\" content=\"image\/jpeg\" \/>\n<meta name=\"author\" content=\"Jader Lazarini\" \/>\n<meta name=\"twitter:card\" content=\"summary_large_image\" \/>\n<meta name=\"twitter:creator\" content=\"@sunoresearch\" \/>\n<meta name=\"twitter:site\" content=\"@sunoresearch\" \/>\n<meta name=\"twitter:label1\" content=\"Escrito por\" \/>\n\t<meta name=\"twitter:data1\" content=\"Jader Lazarini\" \/>\n\t<meta name=\"twitter:label2\" content=\"Est. tempo de leitura\" \/>\n\t<meta name=\"twitter:data2\" content=\"3 minutos\" \/>\n<script type=\"application\/ld+json\" class=\"yoast-schema-graph\">{\"@context\":\"https:\/\/schema.org\",\"@graph\":[{\"@type\":\"NewsArticle\",\"@id\":\"https:\/\/www.suno.com.br\/noticias\/reforma-administrativa-proposta-maia-atinge-legislativo\/#article\",\"isPartOf\":{\"@id\":\"https:\/\/www.suno.com.br\/noticias\/reforma-administrativa-proposta-maia-atinge-legislativo\/\"},\"author\":{\"name\":\"Jader Lazarini\",\"@id\":\"https:\/\/www.suno.com.br\/noticias\/#\/schema\/person\/918d79de1f0281f01599b93f9ea6e23f\"},\"headline\":\"Reforma administrativa proposta por Maia atinge estrutura do Legislativo\",\"datePublished\":\"2020-09-03T11:42:45+00:00\",\"mainEntityOfPage\":{\"@id\":\"https:\/\/www.suno.com.br\/noticias\/reforma-administrativa-proposta-maia-atinge-legislativo\/\"},\"wordCount\":636,\"publisher\":{\"@id\":\"https:\/\/www.suno.com.br\/noticias\/#organization\"},\"image\":{\"@id\":\"https:\/\/www.suno.com.br\/noticias\/reforma-administrativa-proposta-maia-atinge-legislativo\/#primaryimage\"},\"thumbnailUrl\":\"https:\/\/files.sunoresearch.com.br\/n\/uploads\/2020\/09\/cfbcd355-e5cf46cdcd57326032f4868348313767-jpeg.webp\",\"keywords\":[\"C\u00e2mara dos Deputados\",\"reforma administrativa\",\"Rodrigo Maia\"],\"articleSection\":[\"Pol\u00edtica\"],\"inLanguage\":\"pt-BR\"},{\"@type\":\"WebPage\",\"@id\":\"https:\/\/www.suno.com.br\/noticias\/reforma-administrativa-proposta-maia-atinge-legislativo\/\",\"url\":\"https:\/\/www.suno.com.br\/noticias\/reforma-administrativa-proposta-maia-atinge-legislativo\/\",\"name\":\"Reforma administrativa proposta por Maia atinge estrutura do Legislativo\",\"isPartOf\":{\"@id\":\"https:\/\/www.suno.com.br\/noticias\/#website\"},\"primaryImageOfPage\":{\"@id\":\"https:\/\/www.suno.com.br\/noticias\/reforma-administrativa-proposta-maia-atinge-legislativo\/#primaryimage\"},\"image\":{\"@id\":\"https:\/\/www.suno.com.br\/noticias\/reforma-administrativa-proposta-maia-atinge-legislativo\/#primaryimage\"},\"thumbnailUrl\":\"https:\/\/files.sunoresearch.com.br\/n\/uploads\/2020\/09\/cfbcd355-e5cf46cdcd57326032f4868348313767-jpeg.webp\",\"datePublished\":\"2020-09-03T11:42:45+00:00\",\"description\":\"O presidente da C\u00e2mara, Rodrigo Maia, prop\u00f4s \u00e0 Casa uma reforma administrativa que atinja a estrutura do Legislativo. Clique e saiba mais.\",\"breadcrumb\":{\"@id\":\"https:\/\/www.suno.com.br\/noticias\/reforma-administrativa-proposta-maia-atinge-legislativo\/#breadcrumb\"},\"inLanguage\":\"pt-BR\",\"potentialAction\":[{\"@type\":\"ReadAction\",\"target\":[\"https:\/\/www.suno.com.br\/noticias\/reforma-administrativa-proposta-maia-atinge-legislativo\/\"]}]},{\"@type\":\"ImageObject\",\"inLanguage\":\"pt-BR\",\"@id\":\"https:\/\/www.suno.com.br\/noticias\/reforma-administrativa-proposta-maia-atinge-legislativo\/#primaryimage\",\"url\":\"https:\/\/files.sunoresearch.com.br\/n\/uploads\/2020\/09\/cfbcd355-e5cf46cdcd57326032f4868348313767-jpeg.webp\",\"contentUrl\":\"https:\/\/files.sunoresearch.com.br\/n\/uploads\/2020\/09\/cfbcd355-e5cf46cdcd57326032f4868348313767-jpeg.webp\",\"width\":1280,\"height\":766,\"caption\":\"O presidente da C\u00e2mara, Rodrigo Maia, prop\u00f4s \u00e0 Casa uma reforma administrativa que atinja a estrutura do Legislativo.\"},{\"@type\":\"BreadcrumbList\",\"@id\":\"https:\/\/www.suno.com.br\/noticias\/reforma-administrativa-proposta-maia-atinge-legislativo\/#breadcrumb\",\"itemListElement\":[{\"@type\":\"ListItem\",\"position\":1,\"name\":\"Not\u00edcias\",\"item\":\"https:\/\/www.suno.com.br\/noticias\/\"},{\"@type\":\"ListItem\",\"position\":2,\"name\":\"Pol\u00edtica\",\"item\":\"https:\/\/www.suno.com.br\/noticias\/politica\/\"},{\"@type\":\"ListItem\",\"position\":3,\"name\":\"Reforma administrativa proposta por Maia atinge estrutura do Legislativo\"}]},{\"@type\":\"WebSite\",\"@id\":\"https:\/\/www.suno.com.br\/noticias\/#website\",\"url\":\"https:\/\/www.suno.com.br\/noticias\/\",\"name\":\"Suno Not\u00edcias\",\"description\":\"Seu portal de informa\u00e7\u00e3o sobre o mundo dos investimentos\",\"publisher\":{\"@id\":\"https:\/\/www.suno.com.br\/noticias\/#organization\"},\"potentialAction\":[{\"@type\":\"SearchAction\",\"target\":{\"@type\":\"EntryPoint\",\"urlTemplate\":\"https:\/\/www.suno.com.br\/noticias\/?s={search_term_string}\"},\"query-input\":{\"@type\":\"PropertyValueSpecification\",\"valueRequired\":true,\"valueName\":\"search_term_string\"}}],\"inLanguage\":\"pt-BR\"},{\"@type\":\"Organization\",\"@id\":\"https:\/\/www.suno.com.br\/noticias\/#organization\",\"name\":\"Suno Not\u00edcias\",\"url\":\"https:\/\/www.suno.com.br\/noticias\/\",\"logo\":{\"@type\":\"ImageObject\",\"inLanguage\":\"pt-BR\",\"@id\":\"https:\/\/www.suno.com.br\/noticias\/#\/schema\/logo\/image\/\",\"url\":\"https:\/\/files.sunoresearch.com.br\/n\/uploads\/2021\/09\/suno-logo.png\",\"contentUrl\":\"https:\/\/files.sunoresearch.com.br\/n\/uploads\/2021\/09\/suno-logo.png\",\"width\":180,\"height\":180,\"caption\":\"Suno Not\u00edcias\"},\"image\":{\"@id\":\"https:\/\/www.suno.com.br\/noticias\/#\/schema\/logo\/image\/\"},\"sameAs\":[\"https:\/\/facebook.com\/sunoresearch\",\"https:\/\/x.com\/sunoresearch\",\"https:\/\/www.instagram.com\/suno\",\"https:\/\/www.linkedin.com\/company\/suno-research\/\",\"https:\/\/www.youtube.com\/c\/sunoresearch\"]},{\"@type\":\"Person\",\"@id\":\"https:\/\/www.suno.com.br\/noticias\/#\/schema\/person\/918d79de1f0281f01599b93f9ea6e23f\",\"name\":\"Jader Lazarini\",\"image\":{\"@type\":\"ImageObject\",\"inLanguage\":\"pt-BR\",\"@id\":\"https:\/\/www.suno.com.br\/noticias\/#\/schema\/person\/image\/\",\"url\":\"https:\/\/secure.gravatar.com\/avatar\/3c1ad8caa51589841baeb923fcddea97?s=96&r=g\",\"contentUrl\":\"https:\/\/secure.gravatar.com\/avatar\/3c1ad8caa51589841baeb923fcddea97?s=96&r=g\",\"caption\":\"Jader Lazarini\"},\"description\":\"Jader Lazarini escreve sobre investimentos, finan\u00e7as, economia e neg\u00f3cios. \u00c9 bacharel em Rela\u00e7\u00f5es Internacionais e analista CNPI (2619).\",\"url\":\"https:\/\/www.suno.com.br\/noticias\/author\/jader-lazarini\/\"}]}<\/script>\n<!-- \/ Yoast SEO plugin. -->","yoast_head_json":{"title":"Reforma administrativa proposta por Maia atinge estrutura do Legislativo","description":"O presidente da C\u00e2mara, Rodrigo Maia, prop\u00f4s \u00e0 Casa uma reforma administrativa que atinja a estrutura do Legislativo. Clique e saiba mais.","robots":{"index":"index","follow":"follow","max-snippet":"max-snippet:-1","max-image-preview":"max-image-preview:large","max-video-preview":"max-video-preview:-1"},"canonical":"https:\/\/www.suno.com.br\/noticias\/reforma-administrativa-proposta-maia-atinge-legislativo\/","og_locale":"pt_BR","og_type":"article","og_title":"Reforma administrativa proposta por Maia atinge estrutura do Legislativo","og_description":"O presidente da C\u00e2mara, Rodrigo Maia, prop\u00f4s \u00e0 Casa uma reforma administrativa que atinja a estrutura do Legislativo. Clique e saiba mais.","og_url":"https:\/\/www.suno.com.br\/noticias\/reforma-administrativa-proposta-maia-atinge-legislativo\/","og_site_name":"Suno Not\u00edcias","article_publisher":"https:\/\/facebook.com\/sunoresearch","og_image":[{"width":1280,"height":766,"url":"https:\/\/files.sunoresearch.com.br\/n\/uploads\/2020\/09\/cfbcd355-e5cf46cdcd57326032f4868348313767.jpeg","type":"image\/jpeg"}],"author":"Jader Lazarini","twitter_card":"summary_large_image","twitter_creator":"@sunoresearch","twitter_site":"@sunoresearch","twitter_misc":{"Escrito por":"Jader Lazarini","Est. tempo de leitura":"3 minutos"},"schema":{"@context":"https:\/\/schema.org","@graph":[{"@type":"NewsArticle","@id":"https:\/\/www.suno.com.br\/noticias\/reforma-administrativa-proposta-maia-atinge-legislativo\/#article","isPartOf":{"@id":"https:\/\/www.suno.com.br\/noticias\/reforma-administrativa-proposta-maia-atinge-legislativo\/"},"author":{"name":"Jader Lazarini","@id":"https:\/\/www.suno.com.br\/noticias\/#\/schema\/person\/918d79de1f0281f01599b93f9ea6e23f"},"headline":"Reforma administrativa proposta por Maia atinge estrutura do Legislativo","datePublished":"2020-09-03T11:42:45+00:00","mainEntityOfPage":{"@id":"https:\/\/www.suno.com.br\/noticias\/reforma-administrativa-proposta-maia-atinge-legislativo\/"},"wordCount":636,"publisher":{"@id":"https:\/\/www.suno.com.br\/noticias\/#organization"},"image":{"@id":"https:\/\/www.suno.com.br\/noticias\/reforma-administrativa-proposta-maia-atinge-legislativo\/#primaryimage"},"thumbnailUrl":"https:\/\/files.sunoresearch.com.br\/n\/uploads\/2020\/09\/cfbcd355-e5cf46cdcd57326032f4868348313767-jpeg.webp","keywords":["C\u00e2mara dos Deputados","reforma administrativa","Rodrigo Maia"],"articleSection":["Pol\u00edtica"],"inLanguage":"pt-BR"},{"@type":"WebPage","@id":"https:\/\/www.suno.com.br\/noticias\/reforma-administrativa-proposta-maia-atinge-legislativo\/","url":"https:\/\/www.suno.com.br\/noticias\/reforma-administrativa-proposta-maia-atinge-legislativo\/","name":"Reforma administrativa proposta por Maia atinge estrutura do Legislativo","isPartOf":{"@id":"https:\/\/www.suno.com.br\/noticias\/#website"},"primaryImageOfPage":{"@id":"https:\/\/www.suno.com.br\/noticias\/reforma-administrativa-proposta-maia-atinge-legislativo\/#primaryimage"},"image":{"@id":"https:\/\/www.suno.com.br\/noticias\/reforma-administrativa-proposta-maia-atinge-legislativo\/#primaryimage"},"thumbnailUrl":"https:\/\/files.sunoresearch.com.br\/n\/uploads\/2020\/09\/cfbcd355-e5cf46cdcd57326032f4868348313767-jpeg.webp","datePublished":"2020-09-03T11:42:45+00:00","description":"O presidente da C\u00e2mara, Rodrigo Maia, prop\u00f4s \u00e0 Casa uma reforma administrativa que atinja a estrutura do Legislativo. Clique e saiba mais.","breadcrumb":{"@id":"https:\/\/www.suno.com.br\/noticias\/reforma-administrativa-proposta-maia-atinge-legislativo\/#breadcrumb"},"inLanguage":"pt-BR","potentialAction":[{"@type":"ReadAction","target":["https:\/\/www.suno.com.br\/noticias\/reforma-administrativa-proposta-maia-atinge-legislativo\/"]}]},{"@type":"ImageObject","inLanguage":"pt-BR","@id":"https:\/\/www.suno.com.br\/noticias\/reforma-administrativa-proposta-maia-atinge-legislativo\/#primaryimage","url":"https:\/\/files.sunoresearch.com.br\/n\/uploads\/2020\/09\/cfbcd355-e5cf46cdcd57326032f4868348313767-jpeg.webp","contentUrl":"https:\/\/files.sunoresearch.com.br\/n\/uploads\/2020\/09\/cfbcd355-e5cf46cdcd57326032f4868348313767-jpeg.webp","width":1280,"height":766,"caption":"O presidente da C\u00e2mara, Rodrigo Maia, prop\u00f4s \u00e0 Casa uma reforma administrativa que atinja a estrutura do Legislativo."},{"@type":"BreadcrumbList","@id":"https:\/\/www.suno.com.br\/noticias\/reforma-administrativa-proposta-maia-atinge-legislativo\/#breadcrumb","itemListElement":[{"@type":"ListItem","position":1,"name":"Not\u00edcias","item":"https:\/\/www.suno.com.br\/noticias\/"},{"@type":"ListItem","position":2,"name":"Pol\u00edtica","item":"https:\/\/www.suno.com.br\/noticias\/politica\/"},{"@type":"ListItem","position":3,"name":"Reforma administrativa proposta por Maia atinge estrutura do Legislativo"}]},{"@type":"WebSite","@id":"https:\/\/www.suno.com.br\/noticias\/#website","url":"https:\/\/www.suno.com.br\/noticias\/","name":"Suno Not\u00edcias","description":"Seu portal de informa\u00e7\u00e3o sobre o mundo dos investimentos","publisher":{"@id":"https:\/\/www.suno.com.br\/noticias\/#organization"},"potentialAction":[{"@type":"SearchAction","target":{"@type":"EntryPoint","urlTemplate":"https:\/\/www.suno.com.br\/noticias\/?s={search_term_string}"},"query-input":{"@type":"PropertyValueSpecification","valueRequired":true,"valueName":"search_term_string"}}],"inLanguage":"pt-BR"},{"@type":"Organization","@id":"https:\/\/www.suno.com.br\/noticias\/#organization","name":"Suno Not\u00edcias","url":"https:\/\/www.suno.com.br\/noticias\/","logo":{"@type":"ImageObject","inLanguage":"pt-BR","@id":"https:\/\/www.suno.com.br\/noticias\/#\/schema\/logo\/image\/","url":"https:\/\/files.sunoresearch.com.br\/n\/uploads\/2021\/09\/suno-logo.png","contentUrl":"https:\/\/files.sunoresearch.com.br\/n\/uploads\/2021\/09\/suno-logo.png","width":180,"height":180,"caption":"Suno Not\u00edcias"},"image":{"@id":"https:\/\/www.suno.com.br\/noticias\/#\/schema\/logo\/image\/"},"sameAs":["https:\/\/facebook.com\/sunoresearch","https:\/\/x.com\/sunoresearch","https:\/\/www.instagram.com\/suno","https:\/\/www.linkedin.com\/company\/suno-research\/","https:\/\/www.youtube.com\/c\/sunoresearch"]},{"@type":"Person","@id":"https:\/\/www.suno.com.br\/noticias\/#\/schema\/person\/918d79de1f0281f01599b93f9ea6e23f","name":"Jader Lazarini","image":{"@type":"ImageObject","inLanguage":"pt-BR","@id":"https:\/\/www.suno.com.br\/noticias\/#\/schema\/person\/image\/","url":"https:\/\/secure.gravatar.com\/avatar\/3c1ad8caa51589841baeb923fcddea97?s=96&r=g","contentUrl":"https:\/\/secure.gravatar.com\/avatar\/3c1ad8caa51589841baeb923fcddea97?s=96&r=g","caption":"Jader Lazarini"},"description":"Jader Lazarini escreve sobre investimentos, finan\u00e7as, economia e neg\u00f3cios. \u00c9 bacharel em Rela\u00e7\u00f5es Internacionais e analista CNPI (2619).","url":"https:\/\/www.suno.com.br\/noticias\/author\/jader-lazarini\/"}]}},"default_loop_html":"<div class=\"cardsPage__listCard__boxs\"><div class=\"cardsPage__listCard__boxs__img\"><a href=\"https:\/\/www.suno.com.br\/noticias\/reforma-administrativa-proposta-maia-atinge-legislativo\/\"><img class=\"mask\" src=\"https:\/\/www.suno.com.br\/noticias\/wp-content\/themes\/suno\/resources\/images\/spotlight\/spotlight1img\/bg-mask.png\" alt=\"Image Mask\"\/><img src=\"https:\/\/files.sunoresearch.com.br\/n\/uploads\/2020\/09\/cfbcd355-e5cf46cdcd57326032f4868348313767-400x200.webp\" alt=\"Reforma administrativa proposta por Maia atinge estrutura do Legislativo\"\/><\/a><span class=\"spotlightCategory\"><a href=\"https:\/\/www.suno.com.br\/noticias\/politica\/\">Pol\u00edtica<\/a><\/span><\/div><div class=\"cardsPage__listCard__boxs__content\"><a href=\"https:\/\/www.suno.com.br\/noticias\/reforma-administrativa-proposta-maia-atinge-legislativo\/\"><h2 class=\"content__title\">Reforma administrativa proposta por Maia atinge estrutura do Legislativo<\/h2><\/a><div class=\"newsContent__article__meta\"><div class=\"newsContent__article__meta__authorBox\"><a href=\"https:\/\/www.suno.com.br\/noticias\/author\/jader-lazarini\/\" class=\"authorBox__avatar noMobi\"><img src=\"https:\/\/files.sunoresearch.com.br\/n\/uploads\/2021\/01\/178e6598-foto-perfil-2-150x150.jpg\" alt=\"Jader Lazarini\"><\/a><div class=\"authorBox__name\"><span>por\n\t\t\t<a href=\"https:\/\/www.suno.com.br\/noticias\/author\/jader-lazarini\/\"><span itemprop=\"author\">Jader Lazarini<\/span><\/a><\/span><time datetime=\"2020-09-03T08:42:45-03:00\" itemprop=\"datePublished\">03\/09\/2020 08:42<\/time><\/div><\/div><\/div><\/div><\/div>","single_layout":"posts","amp_enabled":true,"_links":{"self":[{"href":"https:\/\/www.suno.com.br\/noticias\/wp-json\/wp\/v2\/posts\/82248"}],"collection":[{"href":"https:\/\/www.suno.com.br\/noticias\/wp-json\/wp\/v2\/posts"}],"about":[{"href":"https:\/\/www.suno.com.br\/noticias\/wp-json\/wp\/v2\/types\/post"}],"author":[{"embeddable":true,"href":"https:\/\/www.suno.com.br\/noticias\/wp-json\/wp\/v2\/users\/24"}],"replies":[{"embeddable":true,"href":"https:\/\/www.suno.com.br\/noticias\/wp-json\/wp\/v2\/comments?post=82248"}],"version-history":[{"count":0,"href":"https:\/\/www.suno.com.br\/noticias\/wp-json\/wp\/v2\/posts\/82248\/revisions"}],"wp:featuredmedia":[{"embeddable":true,"href":"https:\/\/www.suno.com.br\/noticias\/wp-json\/wp\/v2\/media\/82255"}],"wp:attachment":[{"href":"https:\/\/www.suno.com.br\/noticias\/wp-json\/wp\/v2\/media?parent=82248"}],"wp:term":[{"taxonomy":"category","embeddable":true,"href":"https:\/\/www.suno.com.br\/noticias\/wp-json\/wp\/v2\/categories?post=82248"},{"taxonomy":"post_tag","embeddable":true,"href":"https:\/\/www.suno.com.br\/noticias\/wp-json\/wp\/v2\/tags?post=82248"},{"taxonomy":"suno_strategy","embeddable":true,"href":"https:\/\/www.suno.com.br\/noticias\/wp-json\/wp\/v2\/suno_strategy?post=82248"}],"curies":[{"name":"wp","href":"https:\/\/api.w.org\/{rel}","templated":true}]}}