{"id":82207,"date":"2020-09-02T21:00:38","date_gmt":"2020-09-03T00:00:38","guid":{"rendered":"https:\/\/www.suno.com.br\/noticias\/?p=82207"},"modified":"2020-09-02T21:00:49","modified_gmt":"2020-09-03T00:00:49","slug":"amazonia-mourao-queimadas","status":"publish","type":"post","link":"https:\/\/www.suno.com.br\/noticias\/amazonia-mourao-queimadas\/","title":{"rendered":"Amaz\u00f4nia: Mour\u00e3o destaca os perigos e preju\u00edzos das queimadas"},"content":{"rendered":"<p>O vice-presidente da Rep\u00fablica, <a href=\"https:\/\/www.suno.com.br\/noticias\/tags\/hamilton-mourao\/\">Hamilton Mour\u00e3o<\/a> manifestou sua preocupa\u00e7\u00e3o com inc\u00eandios na <strong>Amaz\u00f4nia<\/strong>, enquanto participava do programa &#8216;A Voz do Brasil&#8217; nessa quarta-feira (2).<\/p>\t<div class=\"wrapper-featured-image\">\n\t\t<figure class=\"spotlightImg\">\n\n\t\t\t<picture>\n\t\t\t\t<source media=\"(max-width: 768px)\" srcset=\"https:\/\/files.sunoresearch.com.br\/n\/uploads\/2019\/04\/65623cc6-mour\u00e3o-400x200.webp\">\n\t\t\t\t<img loading=\"lazy\" decoding=\"async\" class=\"newsContent__article__imgCapa lazyloadDisabled \" src=\"https:\/\/files.sunoresearch.com.br\/n\/uploads\/2019\/04\/65623cc6-mour\u00e3o-800x450.webp\" width=\"800\" height=\"450\" alt=\"Amaz\u00f4nia: Mour\u00e3o destaca os perigos e preju\u00edzos das queimadas\" fetchpriority=high \/>\n\t\t\t<\/picture>\n\n\t\t\t<figcaption class=\"wp-caption-text wp-caption-text--show\">O vice-presidente da Rep\u00fablica, Hamilton Mour\u00e3o manifestou sua preocupa\u00e7\u00e3o com inc\u00eandios na Amaz\u00f4nia nessa quarta.<\/figcaption>\n\t\t<\/figure>\n\t<\/div>\n\n\n<div class=\"hubspot-form-wrapper\">\n\t<div id=\"single-form-target\"><\/div>\n<\/div>\n\n<p>Ao comentar sobre a preserva\u00e7\u00e3o da Amaz\u00f4nia, <strong>Mour\u00e3o<\/strong> salientou que &#8220;diferente da queimada natural, o inc\u00eandio florestal \u00e9 fogo fora de controle que, al\u00e9m de destruir a vegeta\u00e7\u00e3o nativa, mata animais, causa problemas \u00e0 vida das pessoas e causa problemas respirat\u00f3rios e no momento que estamos enfrentando essa <a href=\"https:\/\/www.suno.com.br\/noticias\/tags\/coronavirus\/\">pandemia do <strong>coronav\u00edrus<\/strong><\/a>, pode ser agravada pela fuma\u00e7a oriundas das <strong>florestas<\/strong>&#8220;.<\/p>\n<p>Al\u00e9m disso o pol\u00edtico destacou a campanha &#8216;Diga Sim \u00e0 Vida e N\u00e3o \u00e0 Queimada&#8217;, quando comentou sobre os perigos e preju\u00edzos que s\u00e3o gerados pelas queimadas.<\/p>\n<p><a href=\"https:\/\/lp.suno.com.br\/suno-one\/\">Suno One: acesse gratuitamente eBooks, Minicursos, Artigos e Video Aulas sobre investimentos com um \u00fanico cadastro. Clique para saber mais!<\/a><\/p>\n<h2>Paulo Guedes pede ajuda internacional para preservar Amaz\u00f4nia<\/h2>\n<p>O ministro da Economia, <a href=\"https:\/\/www.suno.com.br\/tudo-sobre\/paulo-guedes\/\">Paulo <strong>Guedes<\/strong><\/a>, afirmou em meados de julho que o governo se compromete com a preserva\u00e7\u00e3o da Amaz\u00f4nia. O coment\u00e1rio veio \u00e0 tona ap\u00f3s investidores internacionais pressionarem o governo brasileiro para aumentar a preserva\u00e7\u00e3o da floresta.<\/p>\n<p>Ao participar da <a href=\"https:\/\/www.suno.com.br\/artigos\/ocde\/\"><strong>C\u00fapula Ministerial Virtual da OCDE<\/strong><\/a> sobre Inclus\u00e3o Social para a Am\u00e9rica Latina e o Caribe, Paulo Guedes real\u00e7ou a import\u00e2ncia da Amaz\u00f4nia. &#8220;Sabemos que temos que reduzir os efeitos sobre o meio ambiente. Queremos apoio e compreens\u00e3o para fazer isso melhor. O Brasil sabe da import\u00e2ncia do <strong>desenvolvimento sustent\u00e1vel<\/strong> n\u00e3o apenas do ponto de vista fiscal, como do ponto de vista ambiental&#8221;, indicou ele.<\/p>\n<p>O economista tamb\u00e9m utilizou o espa\u00e7o para reafirmar que o Brasil tem desenvolvido um papel fundamental na preserva\u00e7\u00e3o da floresta. &#8220;Sabemos que preservamos mais as nossas florestas e protegemos nossos povos ind\u00edgenas melhor que outros pa\u00edses, onde houve guerras de exterm\u00ednio. O Brasil alimenta o mundo preservando o seu meio ambiente&#8221;, apontou. Entretanto, Guedes pediu a compreens\u00e3o dos pa\u00edses, j\u00e1 que sozinho ser\u00e1 dif\u00edcil cumprir o objetivo de ajudar a floresta tropical.<\/p>\n\t<div data-element=\"shortcode-read-more\" class=\"knowMore\">\n\t\t\t\t<span class=\"knowMore__title\">Veja tamb\u00e9m<\/span>\n\t\t\t\t<a class=\"knowMore__link\" href=\"https:\/\/www.suno.com.br\/noticias\/amazonia-tereza-cristina-juros-baixos-sustentaveis\/\">\n\t\t\tAmaz\u00f4nia: Tereza Cristina defende juros baixos a produtores sustent\u00e1veis\t\t<\/a>\n\t<\/div>\n\n\n<p>&#8220;a <strong>Amaz\u00f4nia<\/strong> \u00e9 maior que a Europa, \u00e9 dif\u00edcil monitorar tudo. Em um pa\u00eds com car\u00eancia de educa\u00e7\u00e3o e saneamento, como policiar toda a selva Amaz\u00f4nica sem ajuda? Estamos abertos \u00e0 coopera\u00e7\u00e3o e ajuda para sa\u00edda da <a href=\"https:\/\/www.suno.com.br\/artigos\/crise-economica-oportunidade-ou-ameaca\/\">crise<\/a>&#8220;, destacou.<\/p>\n\t<p>\n\t\t<a href=\"https:\/\/lp.suno.com.br\/planilha-de-controle-de-investimentos\/\" target=\"_blank\" data-element=\"shortcode-suno-banner\" title=\"Banner SUNO, clique e saiba mais\">\n\t\t\t<picture>\n\t\t\t\t<source media=\"(max-width: 500px)\" srcset=\"https:\/\/files.sunoresearch.com.br\/n\/uploads\/2023\/03\/400x300-Controle-de-Investimentos.png\">\n\t\t\t\t<img class=\"newsContent__article__imgCapa newsContent__article__imgCapa--banner\"\n\t\t\t\t\tsrc=\"https:\/\/files.sunoresearch.com.br\/n\/uploads\/2023\/03\/1420x240-Controle-de-Investimentos.png\"\n\t\t\t\t\tdata-promo-id=\"75934\"\t\t\t\t\t\t\t\t\t\twidth='1420' height='240'\t\t\t\t\talt=\"https:\/\/files.sunoresearch.com.br\/n\/uploads\/2023\/03\/1420x240-Controle-de-Investimentos.png\"\n\t\t\t\t>\n\t\t\t<\/picture>\n\t\t<\/a>\n\t<\/p>\n\n\n","protected":false},"excerpt":{"rendered":"<p>O vice-presidente da Rep\u00fablica, Hamilton Mour\u00e3o manifestou sua preocupa\u00e7\u00e3o com inc\u00eandios na Amaz\u00f4nia, enquanto participava do programa &#8216;A Voz do Brasil&#8217; nessa quarta-feira (2). O vice-presidente da Rep\u00fablica, Hamilton Mour\u00e3o manifestou sua preocupa\u00e7\u00e3o com inc\u00eandios na Amaz\u00f4nia nessa quarta. Ao comentar sobre a preserva\u00e7\u00e3o da Amaz\u00f4nia, Mour\u00e3o salientou que &#8220;diferente da queimada natural, o inc\u00eandio [&hellip;]<\/p>\n","protected":false},"author":39,"featured_media":22770,"comment_status":"closed","ping_status":"closed","sticky":false,"template":"","format":"standard","meta":[],"categories":[62],"tags":[358,1019],"suno_strategy":[],"class_list":["post-82207","post","type-post","status-publish","format-standard","has-post-thumbnail","hentry","category-economia","tag-amazonia","tag-hamilton-mourao"],"yoast_head":"<!-- This site is optimized with the Yoast SEO plugin v24.4 - https:\/\/yoast.com\/wordpress\/plugins\/seo\/ -->\n<title>Amaz\u00f4nia: Mour\u00e3o destaca os perigos e preju\u00edzos das queimadas<\/title>\n<meta name=\"description\" content=\"O vice-presidente da Rep\u00fablica, Hamilton Mour\u00e3o manifestou sua preocupa\u00e7\u00e3o com inc\u00eandios na Amaz\u00f4nia nessa quarta. Clique aqui e saiba mais.\" \/>\n<meta name=\"robots\" content=\"index, follow, max-snippet:-1, max-image-preview:large, max-video-preview:-1\" \/>\n<link rel=\"canonical\" href=\"https:\/\/www.suno.com.br\/noticias\/amazonia-mourao-queimadas\/\" \/>\n<meta property=\"og:locale\" content=\"pt_BR\" \/>\n<meta property=\"og:type\" content=\"article\" \/>\n<meta property=\"og:title\" content=\"Amaz\u00f4nia: Mour\u00e3o destaca os perigos e preju\u00edzos das queimadas\" \/>\n<meta property=\"og:description\" content=\"O vice-presidente da Rep\u00fablica, Hamilton Mour\u00e3o manifestou sua preocupa\u00e7\u00e3o com inc\u00eandios na Amaz\u00f4nia nessa quarta. Clique aqui e saiba mais.\" \/>\n<meta property=\"og:url\" content=\"https:\/\/www.suno.com.br\/noticias\/amazonia-mourao-queimadas\/\" \/>\n<meta property=\"og:site_name\" content=\"Suno Not\u00edcias\" \/>\n<meta property=\"article:publisher\" content=\"https:\/\/facebook.com\/sunoresearch\" \/>\n<meta property=\"og:image\" content=\"https:\/\/files.sunoresearch.com.br\/n\/uploads\/2019\/04\/65623cc6-mour\u00e3o.jpg\" \/>\n\t<meta property=\"og:image:width\" content=\"1024\" \/>\n\t<meta property=\"og:image:height\" content=\"683\" \/>\n\t<meta property=\"og:image:type\" content=\"image\/jpeg\" \/>\n<meta name=\"author\" content=\"Laura Moutinho\" \/>\n<meta name=\"twitter:card\" content=\"summary_large_image\" \/>\n<meta name=\"twitter:creator\" content=\"@sunoresearch\" \/>\n<meta name=\"twitter:site\" content=\"@sunoresearch\" \/>\n<meta name=\"twitter:label1\" content=\"Escrito por\" \/>\n\t<meta name=\"twitter:data1\" content=\"Laura Moutinho\" \/>\n\t<meta name=\"twitter:label2\" content=\"Est. tempo de leitura\" \/>\n\t<meta name=\"twitter:data2\" content=\"2 minutos\" \/>\n<script type=\"application\/ld+json\" class=\"yoast-schema-graph\">{\"@context\":\"https:\/\/schema.org\",\"@graph\":[{\"@type\":\"NewsArticle\",\"@id\":\"https:\/\/www.suno.com.br\/noticias\/amazonia-mourao-queimadas\/#article\",\"isPartOf\":{\"@id\":\"https:\/\/www.suno.com.br\/noticias\/amazonia-mourao-queimadas\/\"},\"author\":{\"name\":\"Laura Moutinho\",\"@id\":\"https:\/\/www.suno.com.br\/noticias\/#\/schema\/person\/3df0d2808748b74496efe5dbeaef2c72\"},\"headline\":\"Amaz\u00f4nia: Mour\u00e3o destaca os perigos e preju\u00edzos das queimadas\",\"datePublished\":\"2020-09-03T00:00:38+00:00\",\"dateModified\":\"2020-09-03T00:00:49+00:00\",\"mainEntityOfPage\":{\"@id\":\"https:\/\/www.suno.com.br\/noticias\/amazonia-mourao-queimadas\/\"},\"wordCount\":434,\"publisher\":{\"@id\":\"https:\/\/www.suno.com.br\/noticias\/#organization\"},\"image\":{\"@id\":\"https:\/\/www.suno.com.br\/noticias\/amazonia-mourao-queimadas\/#primaryimage\"},\"thumbnailUrl\":\"https:\/\/files.sunoresearch.com.br\/n\/uploads\/2019\/04\/65623cc6-mour\u00e3o-jpg.webp\",\"keywords\":[\"Amazonia\",\"Hamilton Mour\u00e3o\"],\"articleSection\":[\"Economia\"],\"inLanguage\":\"pt-BR\"},{\"@type\":\"WebPage\",\"@id\":\"https:\/\/www.suno.com.br\/noticias\/amazonia-mourao-queimadas\/\",\"url\":\"https:\/\/www.suno.com.br\/noticias\/amazonia-mourao-queimadas\/\",\"name\":\"Amaz\u00f4nia: Mour\u00e3o destaca os perigos e preju\u00edzos das queimadas\",\"isPartOf\":{\"@id\":\"https:\/\/www.suno.com.br\/noticias\/#website\"},\"primaryImageOfPage\":{\"@id\":\"https:\/\/www.suno.com.br\/noticias\/amazonia-mourao-queimadas\/#primaryimage\"},\"image\":{\"@id\":\"https:\/\/www.suno.com.br\/noticias\/amazonia-mourao-queimadas\/#primaryimage\"},\"thumbnailUrl\":\"https:\/\/files.sunoresearch.com.br\/n\/uploads\/2019\/04\/65623cc6-mour\u00e3o-jpg.webp\",\"datePublished\":\"2020-09-03T00:00:38+00:00\",\"dateModified\":\"2020-09-03T00:00:49+00:00\",\"description\":\"O vice-presidente da Rep\u00fablica, Hamilton Mour\u00e3o manifestou sua preocupa\u00e7\u00e3o com inc\u00eandios na Amaz\u00f4nia nessa quarta. Clique aqui e saiba mais.\",\"breadcrumb\":{\"@id\":\"https:\/\/www.suno.com.br\/noticias\/amazonia-mourao-queimadas\/#breadcrumb\"},\"inLanguage\":\"pt-BR\",\"potentialAction\":[{\"@type\":\"ReadAction\",\"target\":[\"https:\/\/www.suno.com.br\/noticias\/amazonia-mourao-queimadas\/\"]}]},{\"@type\":\"ImageObject\",\"inLanguage\":\"pt-BR\",\"@id\":\"https:\/\/www.suno.com.br\/noticias\/amazonia-mourao-queimadas\/#primaryimage\",\"url\":\"https:\/\/files.sunoresearch.com.br\/n\/uploads\/2019\/04\/65623cc6-mour\u00e3o-jpg.webp\",\"contentUrl\":\"https:\/\/files.sunoresearch.com.br\/n\/uploads\/2019\/04\/65623cc6-mour\u00e3o-jpg.webp\",\"width\":1024,\"height\":683,\"caption\":\"O vice-presidente da Rep\u00fablica, Hamilton Mour\u00e3o manifestou sua preocupa\u00e7\u00e3o com inc\u00eandios na Amaz\u00f4nia nessa quarta.\"},{\"@type\":\"BreadcrumbList\",\"@id\":\"https:\/\/www.suno.com.br\/noticias\/amazonia-mourao-queimadas\/#breadcrumb\",\"itemListElement\":[{\"@type\":\"ListItem\",\"position\":1,\"name\":\"Not\u00edcias\",\"item\":\"https:\/\/www.suno.com.br\/noticias\/\"},{\"@type\":\"ListItem\",\"position\":2,\"name\":\"Economia\",\"item\":\"https:\/\/www.suno.com.br\/noticias\/economia\/\"},{\"@type\":\"ListItem\",\"position\":3,\"name\":\"Amaz\u00f4nia: Mour\u00e3o destaca os perigos e preju\u00edzos das queimadas\"}]},{\"@type\":\"WebSite\",\"@id\":\"https:\/\/www.suno.com.br\/noticias\/#website\",\"url\":\"https:\/\/www.suno.com.br\/noticias\/\",\"name\":\"Suno Not\u00edcias\",\"description\":\"Seu portal de informa\u00e7\u00e3o sobre o mundo dos investimentos\",\"publisher\":{\"@id\":\"https:\/\/www.suno.com.br\/noticias\/#organization\"},\"potentialAction\":[{\"@type\":\"SearchAction\",\"target\":{\"@type\":\"EntryPoint\",\"urlTemplate\":\"https:\/\/www.suno.com.br\/noticias\/?s={search_term_string}\"},\"query-input\":{\"@type\":\"PropertyValueSpecification\",\"valueRequired\":true,\"valueName\":\"search_term_string\"}}],\"inLanguage\":\"pt-BR\"},{\"@type\":\"Organization\",\"@id\":\"https:\/\/www.suno.com.br\/noticias\/#organization\",\"name\":\"Suno Not\u00edcias\",\"url\":\"https:\/\/www.suno.com.br\/noticias\/\",\"logo\":{\"@type\":\"ImageObject\",\"inLanguage\":\"pt-BR\",\"@id\":\"https:\/\/www.suno.com.br\/noticias\/#\/schema\/logo\/image\/\",\"url\":\"https:\/\/files.sunoresearch.com.br\/n\/uploads\/2021\/09\/suno-logo.png\",\"contentUrl\":\"https:\/\/files.sunoresearch.com.br\/n\/uploads\/2021\/09\/suno-logo.png\",\"width\":180,\"height\":180,\"caption\":\"Suno Not\u00edcias\"},\"image\":{\"@id\":\"https:\/\/www.suno.com.br\/noticias\/#\/schema\/logo\/image\/\"},\"sameAs\":[\"https:\/\/facebook.com\/sunoresearch\",\"https:\/\/x.com\/sunoresearch\",\"https:\/\/www.instagram.com\/suno\",\"https:\/\/www.linkedin.com\/company\/suno-research\/\",\"https:\/\/www.youtube.com\/c\/sunoresearch\"]},{\"@type\":\"Person\",\"@id\":\"https:\/\/www.suno.com.br\/noticias\/#\/schema\/person\/3df0d2808748b74496efe5dbeaef2c72\",\"name\":\"Laura Moutinho\",\"image\":{\"@type\":\"ImageObject\",\"inLanguage\":\"pt-BR\",\"@id\":\"https:\/\/www.suno.com.br\/noticias\/#\/schema\/person\/image\/\",\"url\":\"https:\/\/secure.gravatar.com\/avatar\/7571c7c8ca3a6fca5e41384ece5557ff?s=96&r=g\",\"contentUrl\":\"https:\/\/secure.gravatar.com\/avatar\/7571c7c8ca3a6fca5e41384ece5557ff?s=96&r=g\",\"caption\":\"Laura Moutinho\"},\"description\":\"Estagi\u00e1ria na Suno Not\u00edcias, escreve not\u00edcias que afetam o mercado financeiro. Estuda administra\u00e7\u00e3o na Universidade Presbiteriana Mackenzie.\",\"url\":\"https:\/\/www.suno.com.br\/noticias\/author\/laura-moutinho\/\"}]}<\/script>\n<!-- \/ Yoast SEO plugin. -->","yoast_head_json":{"title":"Amaz\u00f4nia: Mour\u00e3o destaca os perigos e preju\u00edzos das queimadas","description":"O vice-presidente da Rep\u00fablica, Hamilton Mour\u00e3o manifestou sua preocupa\u00e7\u00e3o com inc\u00eandios na Amaz\u00f4nia nessa quarta. Clique aqui e saiba mais.","robots":{"index":"index","follow":"follow","max-snippet":"max-snippet:-1","max-image-preview":"max-image-preview:large","max-video-preview":"max-video-preview:-1"},"canonical":"https:\/\/www.suno.com.br\/noticias\/amazonia-mourao-queimadas\/","og_locale":"pt_BR","og_type":"article","og_title":"Amaz\u00f4nia: Mour\u00e3o destaca os perigos e preju\u00edzos das queimadas","og_description":"O vice-presidente da Rep\u00fablica, Hamilton Mour\u00e3o manifestou sua preocupa\u00e7\u00e3o com inc\u00eandios na Amaz\u00f4nia nessa quarta. Clique aqui e saiba mais.","og_url":"https:\/\/www.suno.com.br\/noticias\/amazonia-mourao-queimadas\/","og_site_name":"Suno Not\u00edcias","article_publisher":"https:\/\/facebook.com\/sunoresearch","og_image":[{"width":1024,"height":683,"url":"https:\/\/files.sunoresearch.com.br\/n\/uploads\/2019\/04\/65623cc6-mour\u00e3o.jpg","type":"image\/jpeg"}],"author":"Laura Moutinho","twitter_card":"summary_large_image","twitter_creator":"@sunoresearch","twitter_site":"@sunoresearch","twitter_misc":{"Escrito por":"Laura Moutinho","Est. tempo de leitura":"2 minutos"},"schema":{"@context":"https:\/\/schema.org","@graph":[{"@type":"NewsArticle","@id":"https:\/\/www.suno.com.br\/noticias\/amazonia-mourao-queimadas\/#article","isPartOf":{"@id":"https:\/\/www.suno.com.br\/noticias\/amazonia-mourao-queimadas\/"},"author":{"name":"Laura Moutinho","@id":"https:\/\/www.suno.com.br\/noticias\/#\/schema\/person\/3df0d2808748b74496efe5dbeaef2c72"},"headline":"Amaz\u00f4nia: Mour\u00e3o destaca os perigos e preju\u00edzos das queimadas","datePublished":"2020-09-03T00:00:38+00:00","dateModified":"2020-09-03T00:00:49+00:00","mainEntityOfPage":{"@id":"https:\/\/www.suno.com.br\/noticias\/amazonia-mourao-queimadas\/"},"wordCount":434,"publisher":{"@id":"https:\/\/www.suno.com.br\/noticias\/#organization"},"image":{"@id":"https:\/\/www.suno.com.br\/noticias\/amazonia-mourao-queimadas\/#primaryimage"},"thumbnailUrl":"https:\/\/files.sunoresearch.com.br\/n\/uploads\/2019\/04\/65623cc6-mour\u00e3o-jpg.webp","keywords":["Amazonia","Hamilton Mour\u00e3o"],"articleSection":["Economia"],"inLanguage":"pt-BR"},{"@type":"WebPage","@id":"https:\/\/www.suno.com.br\/noticias\/amazonia-mourao-queimadas\/","url":"https:\/\/www.suno.com.br\/noticias\/amazonia-mourao-queimadas\/","name":"Amaz\u00f4nia: Mour\u00e3o destaca os perigos e preju\u00edzos das queimadas","isPartOf":{"@id":"https:\/\/www.suno.com.br\/noticias\/#website"},"primaryImageOfPage":{"@id":"https:\/\/www.suno.com.br\/noticias\/amazonia-mourao-queimadas\/#primaryimage"},"image":{"@id":"https:\/\/www.suno.com.br\/noticias\/amazonia-mourao-queimadas\/#primaryimage"},"thumbnailUrl":"https:\/\/files.sunoresearch.com.br\/n\/uploads\/2019\/04\/65623cc6-mour\u00e3o-jpg.webp","datePublished":"2020-09-03T00:00:38+00:00","dateModified":"2020-09-03T00:00:49+00:00","description":"O vice-presidente da Rep\u00fablica, Hamilton Mour\u00e3o manifestou sua preocupa\u00e7\u00e3o com inc\u00eandios na Amaz\u00f4nia nessa quarta. Clique aqui e saiba mais.","breadcrumb":{"@id":"https:\/\/www.suno.com.br\/noticias\/amazonia-mourao-queimadas\/#breadcrumb"},"inLanguage":"pt-BR","potentialAction":[{"@type":"ReadAction","target":["https:\/\/www.suno.com.br\/noticias\/amazonia-mourao-queimadas\/"]}]},{"@type":"ImageObject","inLanguage":"pt-BR","@id":"https:\/\/www.suno.com.br\/noticias\/amazonia-mourao-queimadas\/#primaryimage","url":"https:\/\/files.sunoresearch.com.br\/n\/uploads\/2019\/04\/65623cc6-mour\u00e3o-jpg.webp","contentUrl":"https:\/\/files.sunoresearch.com.br\/n\/uploads\/2019\/04\/65623cc6-mour\u00e3o-jpg.webp","width":1024,"height":683,"caption":"O vice-presidente da Rep\u00fablica, Hamilton Mour\u00e3o manifestou sua preocupa\u00e7\u00e3o com inc\u00eandios na Amaz\u00f4nia nessa quarta."},{"@type":"BreadcrumbList","@id":"https:\/\/www.suno.com.br\/noticias\/amazonia-mourao-queimadas\/#breadcrumb","itemListElement":[{"@type":"ListItem","position":1,"name":"Not\u00edcias","item":"https:\/\/www.suno.com.br\/noticias\/"},{"@type":"ListItem","position":2,"name":"Economia","item":"https:\/\/www.suno.com.br\/noticias\/economia\/"},{"@type":"ListItem","position":3,"name":"Amaz\u00f4nia: Mour\u00e3o destaca os perigos e preju\u00edzos das queimadas"}]},{"@type":"WebSite","@id":"https:\/\/www.suno.com.br\/noticias\/#website","url":"https:\/\/www.suno.com.br\/noticias\/","name":"Suno Not\u00edcias","description":"Seu portal de informa\u00e7\u00e3o sobre o mundo dos investimentos","publisher":{"@id":"https:\/\/www.suno.com.br\/noticias\/#organization"},"potentialAction":[{"@type":"SearchAction","target":{"@type":"EntryPoint","urlTemplate":"https:\/\/www.suno.com.br\/noticias\/?s={search_term_string}"},"query-input":{"@type":"PropertyValueSpecification","valueRequired":true,"valueName":"search_term_string"}}],"inLanguage":"pt-BR"},{"@type":"Organization","@id":"https:\/\/www.suno.com.br\/noticias\/#organization","name":"Suno Not\u00edcias","url":"https:\/\/www.suno.com.br\/noticias\/","logo":{"@type":"ImageObject","inLanguage":"pt-BR","@id":"https:\/\/www.suno.com.br\/noticias\/#\/schema\/logo\/image\/","url":"https:\/\/files.sunoresearch.com.br\/n\/uploads\/2021\/09\/suno-logo.png","contentUrl":"https:\/\/files.sunoresearch.com.br\/n\/uploads\/2021\/09\/suno-logo.png","width":180,"height":180,"caption":"Suno Not\u00edcias"},"image":{"@id":"https:\/\/www.suno.com.br\/noticias\/#\/schema\/logo\/image\/"},"sameAs":["https:\/\/facebook.com\/sunoresearch","https:\/\/x.com\/sunoresearch","https:\/\/www.instagram.com\/suno","https:\/\/www.linkedin.com\/company\/suno-research\/","https:\/\/www.youtube.com\/c\/sunoresearch"]},{"@type":"Person","@id":"https:\/\/www.suno.com.br\/noticias\/#\/schema\/person\/3df0d2808748b74496efe5dbeaef2c72","name":"Laura Moutinho","image":{"@type":"ImageObject","inLanguage":"pt-BR","@id":"https:\/\/www.suno.com.br\/noticias\/#\/schema\/person\/image\/","url":"https:\/\/secure.gravatar.com\/avatar\/7571c7c8ca3a6fca5e41384ece5557ff?s=96&r=g","contentUrl":"https:\/\/secure.gravatar.com\/avatar\/7571c7c8ca3a6fca5e41384ece5557ff?s=96&r=g","caption":"Laura Moutinho"},"description":"Estagi\u00e1ria na Suno Not\u00edcias, escreve not\u00edcias que afetam o mercado financeiro. Estuda administra\u00e7\u00e3o na Universidade Presbiteriana Mackenzie.","url":"https:\/\/www.suno.com.br\/noticias\/author\/laura-moutinho\/"}]}},"default_loop_html":"<div class=\"cardsPage__listCard__boxs\"><div class=\"cardsPage__listCard__boxs__img\"><a href=\"https:\/\/www.suno.com.br\/noticias\/amazonia-mourao-queimadas\/\"><img class=\"mask\" src=\"https:\/\/www.suno.com.br\/noticias\/wp-content\/themes\/suno\/resources\/images\/spotlight\/spotlight1img\/bg-mask.png\" alt=\"Image Mask\"\/><img src=\"https:\/\/files.sunoresearch.com.br\/n\/uploads\/2019\/04\/65623cc6-mour\u00e3o-400x200.webp\" alt=\"Amaz\u00f4nia: Mour\u00e3o destaca os perigos e preju\u00edzos das queimadas\"\/><\/a><span class=\"spotlightCategory\"><a href=\"https:\/\/www.suno.com.br\/noticias\/economia\/\">Economia<\/a><\/span><\/div><div class=\"cardsPage__listCard__boxs__content\"><a href=\"https:\/\/www.suno.com.br\/noticias\/amazonia-mourao-queimadas\/\"><h2 class=\"content__title\">Amaz\u00f4nia: Mour\u00e3o destaca os perigos e preju\u00edzos das queimadas<\/h2><\/a><div class=\"newsContent__article__meta\"><div class=\"newsContent__article__meta__authorBox\"><a href=\"https:\/\/www.suno.com.br\/noticias\/author\/laura-moutinho\/\" class=\"authorBox__avatar noMobi\"><img src=\"https:\/\/files.sunoresearch.com.br\/n\/uploads\/2020\/08\/531ff69d-whatsapp-image-2020-08-03-at-14.54.38-150x150.webp\" alt=\"Laura Moutinho\"><\/a><div class=\"authorBox__name\"><span>por\n\t\t\t<a href=\"https:\/\/www.suno.com.br\/noticias\/author\/laura-moutinho\/\"><span itemprop=\"author\">Laura Moutinho<\/span><\/a><\/span><time datetime=\"2020-09-02T21:00:38-03:00\" itemprop=\"datePublished\">02\/09\/2020 21:00<\/time><\/div><\/div><\/div><\/div><\/div>","single_layout":"posts","amp_enabled":true,"_links":{"self":[{"href":"https:\/\/www.suno.com.br\/noticias\/wp-json\/wp\/v2\/posts\/82207"}],"collection":[{"href":"https:\/\/www.suno.com.br\/noticias\/wp-json\/wp\/v2\/posts"}],"about":[{"href":"https:\/\/www.suno.com.br\/noticias\/wp-json\/wp\/v2\/types\/post"}],"author":[{"embeddable":true,"href":"https:\/\/www.suno.com.br\/noticias\/wp-json\/wp\/v2\/users\/39"}],"replies":[{"embeddable":true,"href":"https:\/\/www.suno.com.br\/noticias\/wp-json\/wp\/v2\/comments?post=82207"}],"version-history":[{"count":0,"href":"https:\/\/www.suno.com.br\/noticias\/wp-json\/wp\/v2\/posts\/82207\/revisions"}],"wp:featuredmedia":[{"embeddable":true,"href":"https:\/\/www.suno.com.br\/noticias\/wp-json\/wp\/v2\/media\/22770"}],"wp:attachment":[{"href":"https:\/\/www.suno.com.br\/noticias\/wp-json\/wp\/v2\/media?parent=82207"}],"wp:term":[{"taxonomy":"category","embeddable":true,"href":"https:\/\/www.suno.com.br\/noticias\/wp-json\/wp\/v2\/categories?post=82207"},{"taxonomy":"post_tag","embeddable":true,"href":"https:\/\/www.suno.com.br\/noticias\/wp-json\/wp\/v2\/tags?post=82207"},{"taxonomy":"suno_strategy","embeddable":true,"href":"https:\/\/www.suno.com.br\/noticias\/wp-json\/wp\/v2\/suno_strategy?post=82207"}],"curies":[{"name":"wp","href":"https:\/\/api.w.org\/{rel}","templated":true}]}}