{"id":82146,"date":"2020-09-02T17:39:42","date_gmt":"2020-09-02T20:39:42","guid":{"rendered":"https:\/\/www.suno.com.br\/noticias\/?p=82146"},"modified":"2021-05-29T20:41:04","modified_gmt":"2021-05-29T23:41:04","slug":"dolar-encerra-em-queda-de-049-cotado-em-r-53586-02092020","status":"publish","type":"post","link":"https:\/\/www.suno.com.br\/noticias\/dolar-encerra-em-queda-de-049-cotado-em-r-53586-02092020\/","title":{"rendered":"D\u00f3lar encerra em queda de 0,49%, cotado em R$ 5,3586"},"content":{"rendered":"<p>O <a href=\"https:\/\/www.suno.com.br\/artigos\/dolar\/\"><strong>d\u00f3lar<\/strong> <\/a>encerrou nessa quarta-feira (2) em queda de <span class=\"ng-binding\">0,49<\/span>%, negociado a R$ 5,3586 na venda.<\/p>\t<div class=\"wrapper-featured-image\">\n\t\t<figure class=\"spotlightImg\">\n\n\t\t\t<picture>\n\t\t\t\t<source media=\"(max-width: 768px)\" srcset=\"https:\/\/files.sunoresearch.com.br\/n\/uploads\/2020\/06\/d113226f-d\u00f3lar_1-400x200.webp\">\n\t\t\t\t<img loading=\"lazy\" decoding=\"async\" class=\"newsContent__article__imgCapa lazyloadDisabled \" src=\"https:\/\/files.sunoresearch.com.br\/n\/uploads\/2020\/06\/d113226f-d\u00f3lar_1-800x450.webp\" width=\"800\" height=\"450\" alt=\"D\u00f3lar encerra em queda de 0,49%, cotado em R$ 5,3586\" fetchpriority=high \/>\n\t\t\t<\/picture>\n\n\t\t\t<figcaption class=\"wp-caption-text wp-caption-text--show\">Na \u00faltima sess\u00e3o, ter\u00e7a-feira (1), o d\u00f3lar encerrou o primeiro dia do m\u00eas de setembro com queda de 1,75%, negociado a R$ 5,3845.<\/figcaption>\n\t\t<\/figure>\n\t<\/div>\n\n\n<div class=\"hubspot-form-wrapper\">\n\t<div id=\"single-form-target\"><\/div>\n<\/div>\n\n<p>O <strong>d\u00f3lar hoje\u00a0<\/strong>abriu em leve queda enquanto os investidores estavam de olho no desdobramento pol\u00edtico interno.<\/p>\n<p>J\u00e1 no decorrer do dia os investidores ficaram atentos a fala do presidente do Banco Central, Roberto Campos Neto, afirmando que a autarquia poder\u00e1 intervir \u201cpesadamente\u201d no <strong>c\u00e2mbio<\/strong>, caso julgue necess\u00e1rio.<\/p>\n<p><a href=\"https:\/\/lp.suno.com.br\/suno-one\/\">Suno One: o primeiro passo para alcan\u00e7ar a sua independ\u00eancia financeira. Acesse agora, \u00e9 gratuito!<\/a><\/p>\n<p>Al\u00e9m disso, confira as principais not\u00edcias que movimentaram o mercado nessa quarta-feira:<\/p>\n<ul>\n<li>C\u00e2mbio: Banco Central poder\u00e1 intervir pesadamente, afirma Campos Neto<\/li>\n<li><strong>BoE<\/strong>: Recupera\u00e7\u00e3o econ\u00f4mica lenta preocupa Banco Central da Inglaterra<\/li>\n<li><strong>United<\/strong> <strong>Airlines<\/strong> estuda cortar mais de 16 mil empregos<\/li>\n<li>\u00daltima <strong>cota\u00e7\u00e3o do d\u00f3lar<\/strong><\/li>\n<\/ul>\n<h2>BC poder\u00e1 intervir &#8216;pesadamente&#8217; no c\u00e2mbio<\/h2>\n<p>O presidente do <a href=\"https:\/\/www.suno.com.br\/artigos\/bacen\/\">Banco Central (BC)<\/a>, <a href=\"https:\/\/www.suno.com.br\/noticias\/roberto-campos-neto-presidente-bc\/\">Roberto Campos Neto<\/a>, afirmou que a autoridade monet\u00e1ria poder\u00e1 intervir \u201cpesadamente\u201d no <strong>c\u00e2mbio<\/strong>, caso julgue necess\u00e1rio. Por outro lado, segundo o executivo, o BC n\u00e3o trabalha com n\u00edvel de pre\u00e7o para o c\u00e2mbio. A fala foi dita nesta quarta-feira em um evento online realizado pela &#8220;Bloomberg&#8221;.<\/p>\n<p><strong>Campos<\/strong> <strong>Neto<\/strong> destacou que, em um certo momento, quando a moeda norte-americana estava chegando no patamar de R$ 6, o BC avaliou que o c\u00e2mbio estava descolado. A autoridade monet\u00e1ria estava pronta para realizar uma interven\u00e7\u00e3o mais acentuada e chegou a se preparar para isso, por\u00e9m o d\u00f3lar come\u00e7ou a se estabilizar novamente e voltou para um patamar pr\u00f3ximo aos R$ 5. O presidente do BC reiterou que, caso estes problemas de &#8220;disfuncionalidade&#8221;, identificados no passado, aconte\u00e7am novamente, a autoridade monet\u00e1ria poder\u00e1 agir \u201cpesadamente\u201d.<\/p>\n\t<div data-element=\"shortcode-read-more\" class=\"knowMore\">\n\t\t\t\t<span class=\"knowMore__title\">Veja tamb\u00e9m<\/span>\n\t\t\t\t<a class=\"knowMore__link\" href=\"https:\/\/www.suno.com.br\/noticias\/cambio-banco-central-intervir-pesadamente-campos-neto\/\">\n\t\t\tC\u00e2mbio: Banco Central poder\u00e1 intervir pesadamente, afirma Campos Neto\t\t<\/a>\n\t<\/div>\n\n\n<p>Em rela\u00e7\u00e3o a volatilidade cambial, Campos Neto repetiu uma fala que j\u00e1 foi dita outras vezes de que o BC n\u00e3o possui instrumento v\u00e1lido para lutar contra isto. Al\u00e9m disso, o presidente do BC afirmou que a autarquia continua estudando os fatores que est\u00e3o provocando a volatilidade do c\u00e2mbio, falando sobre a realiza\u00e7\u00e3o de mais contratos pequenos e o uso do real como hedge.<\/p>\n<h2>Banco Central da Inglaterra e recupera\u00e7\u00e3o econ\u00f4mica do Reino Unido<\/h2>\n<p>O presidente do <strong>Banco da Inglaterra (BoE)<\/strong>, Andrew Bailey, demonstrou preocupa\u00e7\u00e3o em rela\u00e7\u00e3o a recupera\u00e7\u00e3o econ\u00f4mica do Reino Unido, que vem sendo afetada devido \u00e0 pandemia causada pelo <a href=\"https:\/\/www.suno.com.br\/noticias\/?s=coronavirus\">novo coronav\u00edrus (Covid-19)<\/a>. A informa\u00e7\u00e3o foi divulgada nessa quarta-feira pelo banco durante uma audi\u00eancia junto ao Comit\u00ea do Tesouro brit\u00e2nico.<\/p>\n<p>O presidente do Banco da Inglaterra falou sobre os impactos do coronav\u00edrus para a economia brit\u00e2nica, ressaltando que existem certas d\u00favidas sobre como ser\u00e1 o comportamento da popula\u00e7\u00e3o ap\u00f3s o fim da pandemia.<\/p>\n\t<div data-element=\"shortcode-read-more\" class=\"knowMore\">\n\t\t\t\t<span class=\"knowMore__title\">Veja tamb\u00e9m<\/span>\n\t\t\t\t<a class=\"knowMore__link\" href=\"https:\/\/www.suno.com.br\/noticias\/recuperacao-economica-britanica-preocupa-banco-central-inglaterra\/\">\n\t\t\tRecupera\u00e7\u00e3o econ\u00f4mica lenta preocupa Banco Central da Inglaterra\t\t<\/a>\n\t<\/div>\n\n\n<p>Por sua vez, Gertjan Vlieghe, integrante do comit\u00ea de pol\u00edtica monet\u00e1ria do BoE, afirmou que a prioridade do Banco Central de Londres \u00e9 fazer com que a economia se recupere o mais r\u00e1pido poss\u00edvel.<\/p>\n<h2>United Airlines avalia cortar empregos<\/h2>\n<p>A <strong>United Airlines<\/strong> Holdings (<a href=\"https:\/\/www.suno.com.br\/artigos\/nasdaq\/\">NASDAQ<\/a>: UAL) informou, nesta quarta-feira, que avalia cortar o emprego de 16.370 funcion\u00e1rios. A ideia est\u00e1 em linha com o plano da empresa de reduzir pela metade sua for\u00e7a de trabalho dom\u00e9stica por causa da queda na demanda, em decorr\u00eancia da pandemia de <a href=\"https:\/\/www.suno.com.br\/noticias\/tags\/coronavirus\/\">coronav\u00edrus (Covid-19)<\/a>.<\/p>\n<p>Entre os funcion\u00e1rios que est\u00e3o recebendo o aviso de licen\u00e7a da United Airlines, est\u00e3o: 6.920 comiss\u00e1rios de bordo, 2.850 pilotos, 2.260 funcion\u00e1rios de opera\u00e7\u00f5es do aeroporto e 2.060 trabalhadores de manuten\u00e7\u00e3o. Colaboradores de outros setores elevam o total de licen\u00e7as para 16.370.<\/p>\n\t<div data-element=\"shortcode-read-more\" class=\"knowMore\">\n\t\t\t\t<span class=\"knowMore__title\">Veja tamb\u00e9m<\/span>\n\t\t\t\t<a class=\"knowMore__link\" href=\"https:\/\/www.suno.com.br\/noticias\/united-airlines-estuda-cortar-mais-16-mil-empregos\/\">\n\t\t\tUnited Airlines estuda cortar mais de 16 mil empregos\t\t<\/a>\n\t<\/div>\n\n\n<p>Em julho, a a\u00e9rea norte-americana havia dito que os cortes poderiam chegar a 36 mil. Segundo a United Airlines, os empregados que forem demitidos poder\u00e3o ser chamados de volta caso a demanda seja retomada. Nos \u00faltimos meses, milhares de colaboradores da United entraram nos planos de aposentadoria volunt\u00e1ria e de pacotes de licen\u00e7a prolongada.<\/p>\n<h2>\u00daltima cota\u00e7\u00e3o do d\u00f3lar<\/h2>\n<p>Na \u00faltima sess\u00e3o, ter\u00e7a-feira (1), o <strong>d\u00f3lar<\/strong> encerrou o primeiro dia do m\u00eas de setembro com queda de 1,75%, negociado a R$ 5,3845.<\/p>\n\t<p>\n\t\t<a href=\"https:\/\/lp.suno.com.br\/planilha-de-controle-de-investimentos\/\" target=\"_blank\" data-element=\"shortcode-suno-banner\" title=\"Banner SUNO, clique e saiba mais\">\n\t\t\t<picture>\n\t\t\t\t<source media=\"(max-width: 500px)\" srcset=\"https:\/\/files.sunoresearch.com.br\/n\/uploads\/2023\/03\/400x300-Controle-de-Investimentos.png\">\n\t\t\t\t<img class=\"newsContent__article__imgCapa newsContent__article__imgCapa--banner\"\n\t\t\t\t\tsrc=\"https:\/\/files.sunoresearch.com.br\/n\/uploads\/2023\/03\/1420x240-Controle-de-Investimentos.png\"\n\t\t\t\t\tdata-promo-id=\"75934\"\t\t\t\t\t\t\t\t\t\twidth='1420' height='240'\t\t\t\t\talt=\"https:\/\/files.sunoresearch.com.br\/n\/uploads\/2023\/03\/1420x240-Controle-de-Investimentos.png\"\n\t\t\t\t>\n\t\t\t<\/picture>\n\t\t<\/a>\n\t<\/p>\n\n\n","protected":false},"excerpt":{"rendered":"<p>O d\u00f3lar encerrou nessa quarta-feira (2) em queda de 0,49%, negociado a R$ 5,3586 na venda. Na \u00faltima sess\u00e3o, ter\u00e7a-feira (1), o d\u00f3lar encerrou o primeiro dia do m\u00eas de setembro com queda de 1,75%, negociado a R$ 5,3845. O d\u00f3lar hoje\u00a0abriu em leve queda enquanto os investidores estavam de olho no desdobramento pol\u00edtico interno. [&hellip;]<\/p>\n","protected":false},"author":39,"featured_media":68518,"comment_status":"closed","ping_status":"closed","sticky":false,"template":"","format":"standard","meta":[],"categories":[60],"tags":[1842,992,1853,326,2248],"suno_strategy":[],"class_list":["post-82146","post","type-post","status-publish","format-standard","has-post-thumbnail","hentry","category-mercado","tag-banco-central-bc","tag-banco-da-inglaterra","tag-cambio","tag-dolar","tag-united-airlines-u1al34"],"yoast_head":"<!-- This site is optimized with the Yoast SEO plugin v24.4 - https:\/\/yoast.com\/wordpress\/plugins\/seo\/ -->\n<title>D\u00f3lar encerra em queda de 0,49%, cotado em R$ 5,3586<\/title>\n<meta name=\"description\" content=\"O d\u00f3lar encerrou nessa quarta-feira (2) em queda de 0,49%, negociado a R$ 5,3586 na venda.\u00a0Clique aqui para saber mais.\" \/>\n<meta name=\"robots\" content=\"index, follow, max-snippet:-1, max-image-preview:large, max-video-preview:-1\" \/>\n<link rel=\"canonical\" href=\"https:\/\/www.suno.com.br\/noticias\/dolar-encerra-em-queda-de-049-cotado-em-r-53586-02092020\/\" \/>\n<meta property=\"og:locale\" content=\"pt_BR\" \/>\n<meta property=\"og:type\" content=\"article\" \/>\n<meta property=\"og:title\" content=\"D\u00f3lar encerra em queda de 0,49%, cotado em R$ 5,3586\" \/>\n<meta property=\"og:description\" content=\"O d\u00f3lar encerrou nessa quarta-feira (2) em queda de 0,49%, negociado a R$ 5,3586 na venda.\u00a0Clique aqui para saber mais.\" \/>\n<meta property=\"og:url\" content=\"https:\/\/www.suno.com.br\/noticias\/dolar-encerra-em-queda-de-049-cotado-em-r-53586-02092020\/\" \/>\n<meta property=\"og:site_name\" content=\"Suno Not\u00edcias\" \/>\n<meta property=\"article:publisher\" content=\"https:\/\/facebook.com\/sunoresearch\" \/>\n<meta property=\"og:image\" content=\"https:\/\/files.sunoresearch.com.br\/n\/uploads\/2020\/06\/d113226f-d\u00f3lar_1.jpg\" \/>\n\t<meta property=\"og:image:width\" content=\"960\" \/>\n\t<meta property=\"og:image:height\" content=\"640\" \/>\n\t<meta property=\"og:image:type\" content=\"image\/jpeg\" \/>\n<meta name=\"author\" content=\"Laura Moutinho\" \/>\n<meta name=\"twitter:card\" content=\"summary_large_image\" \/>\n<meta name=\"twitter:creator\" content=\"@sunoresearch\" \/>\n<meta name=\"twitter:site\" content=\"@sunoresearch\" \/>\n<meta name=\"twitter:label1\" content=\"Escrito por\" \/>\n\t<meta name=\"twitter:data1\" content=\"Laura Moutinho\" \/>\n\t<meta name=\"twitter:label2\" content=\"Est. tempo de leitura\" \/>\n\t<meta name=\"twitter:data2\" content=\"4 minutos\" \/>\n<script type=\"application\/ld+json\" class=\"yoast-schema-graph\">{\"@context\":\"https:\/\/schema.org\",\"@graph\":[{\"@type\":\"NewsArticle\",\"@id\":\"https:\/\/www.suno.com.br\/noticias\/dolar-encerra-em-queda-de-049-cotado-em-r-53586-02092020\/#article\",\"isPartOf\":{\"@id\":\"https:\/\/www.suno.com.br\/noticias\/dolar-encerra-em-queda-de-049-cotado-em-r-53586-02092020\/\"},\"author\":{\"name\":\"Laura Moutinho\",\"@id\":\"https:\/\/www.suno.com.br\/noticias\/#\/schema\/person\/3df0d2808748b74496efe5dbeaef2c72\"},\"headline\":\"D\u00f3lar encerra em queda de 0,49%, cotado em R$ 5,3586\",\"datePublished\":\"2020-09-02T20:39:42+00:00\",\"dateModified\":\"2021-05-29T23:41:04+00:00\",\"mainEntityOfPage\":{\"@id\":\"https:\/\/www.suno.com.br\/noticias\/dolar-encerra-em-queda-de-049-cotado-em-r-53586-02092020\/\"},\"wordCount\":741,\"publisher\":{\"@id\":\"https:\/\/www.suno.com.br\/noticias\/#organization\"},\"image\":{\"@id\":\"https:\/\/www.suno.com.br\/noticias\/dolar-encerra-em-queda-de-049-cotado-em-r-53586-02092020\/#primaryimage\"},\"thumbnailUrl\":\"https:\/\/files.sunoresearch.com.br\/n\/uploads\/2020\/06\/d113226f-d\u00f3lar_1-jpg.webp\",\"keywords\":[\"Banco Central (BC)\",\"Banco da Inglaterra\",\"c\u00e2mbio\",\"d\u00f3lar\",\"United Airlines (U1AL34)\"],\"articleSection\":[\"Mercado\"],\"inLanguage\":\"pt-BR\"},{\"@type\":\"WebPage\",\"@id\":\"https:\/\/www.suno.com.br\/noticias\/dolar-encerra-em-queda-de-049-cotado-em-r-53586-02092020\/\",\"url\":\"https:\/\/www.suno.com.br\/noticias\/dolar-encerra-em-queda-de-049-cotado-em-r-53586-02092020\/\",\"name\":\"D\u00f3lar encerra em queda de 0,49%, cotado em R$ 5,3586\",\"isPartOf\":{\"@id\":\"https:\/\/www.suno.com.br\/noticias\/#website\"},\"primaryImageOfPage\":{\"@id\":\"https:\/\/www.suno.com.br\/noticias\/dolar-encerra-em-queda-de-049-cotado-em-r-53586-02092020\/#primaryimage\"},\"image\":{\"@id\":\"https:\/\/www.suno.com.br\/noticias\/dolar-encerra-em-queda-de-049-cotado-em-r-53586-02092020\/#primaryimage\"},\"thumbnailUrl\":\"https:\/\/files.sunoresearch.com.br\/n\/uploads\/2020\/06\/d113226f-d\u00f3lar_1-jpg.webp\",\"datePublished\":\"2020-09-02T20:39:42+00:00\",\"dateModified\":\"2021-05-29T23:41:04+00:00\",\"description\":\"O d\u00f3lar encerrou nessa quarta-feira (2) em queda de 0,49%, negociado a R$ 5,3586 na venda.\u00a0Clique aqui para saber mais.\",\"breadcrumb\":{\"@id\":\"https:\/\/www.suno.com.br\/noticias\/dolar-encerra-em-queda-de-049-cotado-em-r-53586-02092020\/#breadcrumb\"},\"inLanguage\":\"pt-BR\",\"potentialAction\":[{\"@type\":\"ReadAction\",\"target\":[\"https:\/\/www.suno.com.br\/noticias\/dolar-encerra-em-queda-de-049-cotado-em-r-53586-02092020\/\"]}]},{\"@type\":\"ImageObject\",\"inLanguage\":\"pt-BR\",\"@id\":\"https:\/\/www.suno.com.br\/noticias\/dolar-encerra-em-queda-de-049-cotado-em-r-53586-02092020\/#primaryimage\",\"url\":\"https:\/\/files.sunoresearch.com.br\/n\/uploads\/2020\/06\/d113226f-d\u00f3lar_1-jpg.webp\",\"contentUrl\":\"https:\/\/files.sunoresearch.com.br\/n\/uploads\/2020\/06\/d113226f-d\u00f3lar_1-jpg.webp\",\"width\":960,\"height\":640,\"caption\":\"Na \u00faltima sess\u00e3o, ter\u00e7a-feira (1), o d\u00f3lar encerrou o primeiro dia do m\u00eas de setembro com queda de 1,75%, negociado a R$ 5,3845.\"},{\"@type\":\"BreadcrumbList\",\"@id\":\"https:\/\/www.suno.com.br\/noticias\/dolar-encerra-em-queda-de-049-cotado-em-r-53586-02092020\/#breadcrumb\",\"itemListElement\":[{\"@type\":\"ListItem\",\"position\":1,\"name\":\"Not\u00edcias\",\"item\":\"https:\/\/www.suno.com.br\/noticias\/\"},{\"@type\":\"ListItem\",\"position\":2,\"name\":\"Mercado\",\"item\":\"https:\/\/www.suno.com.br\/noticias\/mercado\/\"},{\"@type\":\"ListItem\",\"position\":3,\"name\":\"D\u00f3lar encerra em queda de 0,49%, cotado em R$ 5,3586\"}]},{\"@type\":\"WebSite\",\"@id\":\"https:\/\/www.suno.com.br\/noticias\/#website\",\"url\":\"https:\/\/www.suno.com.br\/noticias\/\",\"name\":\"Suno Not\u00edcias\",\"description\":\"Seu portal de informa\u00e7\u00e3o sobre o mundo dos investimentos\",\"publisher\":{\"@id\":\"https:\/\/www.suno.com.br\/noticias\/#organization\"},\"potentialAction\":[{\"@type\":\"SearchAction\",\"target\":{\"@type\":\"EntryPoint\",\"urlTemplate\":\"https:\/\/www.suno.com.br\/noticias\/?s={search_term_string}\"},\"query-input\":{\"@type\":\"PropertyValueSpecification\",\"valueRequired\":true,\"valueName\":\"search_term_string\"}}],\"inLanguage\":\"pt-BR\"},{\"@type\":\"Organization\",\"@id\":\"https:\/\/www.suno.com.br\/noticias\/#organization\",\"name\":\"Suno Not\u00edcias\",\"url\":\"https:\/\/www.suno.com.br\/noticias\/\",\"logo\":{\"@type\":\"ImageObject\",\"inLanguage\":\"pt-BR\",\"@id\":\"https:\/\/www.suno.com.br\/noticias\/#\/schema\/logo\/image\/\",\"url\":\"https:\/\/files.sunoresearch.com.br\/n\/uploads\/2021\/09\/suno-logo.png\",\"contentUrl\":\"https:\/\/files.sunoresearch.com.br\/n\/uploads\/2021\/09\/suno-logo.png\",\"width\":180,\"height\":180,\"caption\":\"Suno Not\u00edcias\"},\"image\":{\"@id\":\"https:\/\/www.suno.com.br\/noticias\/#\/schema\/logo\/image\/\"},\"sameAs\":[\"https:\/\/facebook.com\/sunoresearch\",\"https:\/\/x.com\/sunoresearch\",\"https:\/\/www.instagram.com\/suno\",\"https:\/\/www.linkedin.com\/company\/suno-research\/\",\"https:\/\/www.youtube.com\/c\/sunoresearch\"]},{\"@type\":\"Person\",\"@id\":\"https:\/\/www.suno.com.br\/noticias\/#\/schema\/person\/3df0d2808748b74496efe5dbeaef2c72\",\"name\":\"Laura Moutinho\",\"image\":{\"@type\":\"ImageObject\",\"inLanguage\":\"pt-BR\",\"@id\":\"https:\/\/www.suno.com.br\/noticias\/#\/schema\/person\/image\/\",\"url\":\"https:\/\/secure.gravatar.com\/avatar\/7571c7c8ca3a6fca5e41384ece5557ff?s=96&r=g\",\"contentUrl\":\"https:\/\/secure.gravatar.com\/avatar\/7571c7c8ca3a6fca5e41384ece5557ff?s=96&r=g\",\"caption\":\"Laura Moutinho\"},\"description\":\"Estagi\u00e1ria na Suno Not\u00edcias, escreve not\u00edcias que afetam o mercado financeiro. Estuda administra\u00e7\u00e3o na Universidade Presbiteriana Mackenzie.\",\"url\":\"https:\/\/www.suno.com.br\/noticias\/author\/laura-moutinho\/\"}]}<\/script>\n<!-- \/ Yoast SEO plugin. -->","yoast_head_json":{"title":"D\u00f3lar encerra em queda de 0,49%, cotado em R$ 5,3586","description":"O d\u00f3lar encerrou nessa quarta-feira (2) em queda de 0,49%, negociado a R$ 5,3586 na venda.\u00a0Clique aqui para saber mais.","robots":{"index":"index","follow":"follow","max-snippet":"max-snippet:-1","max-image-preview":"max-image-preview:large","max-video-preview":"max-video-preview:-1"},"canonical":"https:\/\/www.suno.com.br\/noticias\/dolar-encerra-em-queda-de-049-cotado-em-r-53586-02092020\/","og_locale":"pt_BR","og_type":"article","og_title":"D\u00f3lar encerra em queda de 0,49%, cotado em R$ 5,3586","og_description":"O d\u00f3lar encerrou nessa quarta-feira (2) em queda de 0,49%, negociado a R$ 5,3586 na venda.\u00a0Clique aqui para saber mais.","og_url":"https:\/\/www.suno.com.br\/noticias\/dolar-encerra-em-queda-de-049-cotado-em-r-53586-02092020\/","og_site_name":"Suno Not\u00edcias","article_publisher":"https:\/\/facebook.com\/sunoresearch","og_image":[{"width":960,"height":640,"url":"https:\/\/files.sunoresearch.com.br\/n\/uploads\/2020\/06\/d113226f-d\u00f3lar_1.jpg","type":"image\/jpeg"}],"author":"Laura Moutinho","twitter_card":"summary_large_image","twitter_creator":"@sunoresearch","twitter_site":"@sunoresearch","twitter_misc":{"Escrito por":"Laura Moutinho","Est. tempo de leitura":"4 minutos"},"schema":{"@context":"https:\/\/schema.org","@graph":[{"@type":"NewsArticle","@id":"https:\/\/www.suno.com.br\/noticias\/dolar-encerra-em-queda-de-049-cotado-em-r-53586-02092020\/#article","isPartOf":{"@id":"https:\/\/www.suno.com.br\/noticias\/dolar-encerra-em-queda-de-049-cotado-em-r-53586-02092020\/"},"author":{"name":"Laura Moutinho","@id":"https:\/\/www.suno.com.br\/noticias\/#\/schema\/person\/3df0d2808748b74496efe5dbeaef2c72"},"headline":"D\u00f3lar encerra em queda de 0,49%, cotado em R$ 5,3586","datePublished":"2020-09-02T20:39:42+00:00","dateModified":"2021-05-29T23:41:04+00:00","mainEntityOfPage":{"@id":"https:\/\/www.suno.com.br\/noticias\/dolar-encerra-em-queda-de-049-cotado-em-r-53586-02092020\/"},"wordCount":741,"publisher":{"@id":"https:\/\/www.suno.com.br\/noticias\/#organization"},"image":{"@id":"https:\/\/www.suno.com.br\/noticias\/dolar-encerra-em-queda-de-049-cotado-em-r-53586-02092020\/#primaryimage"},"thumbnailUrl":"https:\/\/files.sunoresearch.com.br\/n\/uploads\/2020\/06\/d113226f-d\u00f3lar_1-jpg.webp","keywords":["Banco Central (BC)","Banco da Inglaterra","c\u00e2mbio","d\u00f3lar","United Airlines (U1AL34)"],"articleSection":["Mercado"],"inLanguage":"pt-BR"},{"@type":"WebPage","@id":"https:\/\/www.suno.com.br\/noticias\/dolar-encerra-em-queda-de-049-cotado-em-r-53586-02092020\/","url":"https:\/\/www.suno.com.br\/noticias\/dolar-encerra-em-queda-de-049-cotado-em-r-53586-02092020\/","name":"D\u00f3lar encerra em queda de 0,49%, cotado em R$ 5,3586","isPartOf":{"@id":"https:\/\/www.suno.com.br\/noticias\/#website"},"primaryImageOfPage":{"@id":"https:\/\/www.suno.com.br\/noticias\/dolar-encerra-em-queda-de-049-cotado-em-r-53586-02092020\/#primaryimage"},"image":{"@id":"https:\/\/www.suno.com.br\/noticias\/dolar-encerra-em-queda-de-049-cotado-em-r-53586-02092020\/#primaryimage"},"thumbnailUrl":"https:\/\/files.sunoresearch.com.br\/n\/uploads\/2020\/06\/d113226f-d\u00f3lar_1-jpg.webp","datePublished":"2020-09-02T20:39:42+00:00","dateModified":"2021-05-29T23:41:04+00:00","description":"O d\u00f3lar encerrou nessa quarta-feira (2) em queda de 0,49%, negociado a R$ 5,3586 na venda.\u00a0Clique aqui para saber mais.","breadcrumb":{"@id":"https:\/\/www.suno.com.br\/noticias\/dolar-encerra-em-queda-de-049-cotado-em-r-53586-02092020\/#breadcrumb"},"inLanguage":"pt-BR","potentialAction":[{"@type":"ReadAction","target":["https:\/\/www.suno.com.br\/noticias\/dolar-encerra-em-queda-de-049-cotado-em-r-53586-02092020\/"]}]},{"@type":"ImageObject","inLanguage":"pt-BR","@id":"https:\/\/www.suno.com.br\/noticias\/dolar-encerra-em-queda-de-049-cotado-em-r-53586-02092020\/#primaryimage","url":"https:\/\/files.sunoresearch.com.br\/n\/uploads\/2020\/06\/d113226f-d\u00f3lar_1-jpg.webp","contentUrl":"https:\/\/files.sunoresearch.com.br\/n\/uploads\/2020\/06\/d113226f-d\u00f3lar_1-jpg.webp","width":960,"height":640,"caption":"Na \u00faltima sess\u00e3o, ter\u00e7a-feira (1), o d\u00f3lar encerrou o primeiro dia do m\u00eas de setembro com queda de 1,75%, negociado a R$ 5,3845."},{"@type":"BreadcrumbList","@id":"https:\/\/www.suno.com.br\/noticias\/dolar-encerra-em-queda-de-049-cotado-em-r-53586-02092020\/#breadcrumb","itemListElement":[{"@type":"ListItem","position":1,"name":"Not\u00edcias","item":"https:\/\/www.suno.com.br\/noticias\/"},{"@type":"ListItem","position":2,"name":"Mercado","item":"https:\/\/www.suno.com.br\/noticias\/mercado\/"},{"@type":"ListItem","position":3,"name":"D\u00f3lar encerra em queda de 0,49%, cotado em R$ 5,3586"}]},{"@type":"WebSite","@id":"https:\/\/www.suno.com.br\/noticias\/#website","url":"https:\/\/www.suno.com.br\/noticias\/","name":"Suno Not\u00edcias","description":"Seu portal de informa\u00e7\u00e3o sobre o mundo dos investimentos","publisher":{"@id":"https:\/\/www.suno.com.br\/noticias\/#organization"},"potentialAction":[{"@type":"SearchAction","target":{"@type":"EntryPoint","urlTemplate":"https:\/\/www.suno.com.br\/noticias\/?s={search_term_string}"},"query-input":{"@type":"PropertyValueSpecification","valueRequired":true,"valueName":"search_term_string"}}],"inLanguage":"pt-BR"},{"@type":"Organization","@id":"https:\/\/www.suno.com.br\/noticias\/#organization","name":"Suno Not\u00edcias","url":"https:\/\/www.suno.com.br\/noticias\/","logo":{"@type":"ImageObject","inLanguage":"pt-BR","@id":"https:\/\/www.suno.com.br\/noticias\/#\/schema\/logo\/image\/","url":"https:\/\/files.sunoresearch.com.br\/n\/uploads\/2021\/09\/suno-logo.png","contentUrl":"https:\/\/files.sunoresearch.com.br\/n\/uploads\/2021\/09\/suno-logo.png","width":180,"height":180,"caption":"Suno Not\u00edcias"},"image":{"@id":"https:\/\/www.suno.com.br\/noticias\/#\/schema\/logo\/image\/"},"sameAs":["https:\/\/facebook.com\/sunoresearch","https:\/\/x.com\/sunoresearch","https:\/\/www.instagram.com\/suno","https:\/\/www.linkedin.com\/company\/suno-research\/","https:\/\/www.youtube.com\/c\/sunoresearch"]},{"@type":"Person","@id":"https:\/\/www.suno.com.br\/noticias\/#\/schema\/person\/3df0d2808748b74496efe5dbeaef2c72","name":"Laura Moutinho","image":{"@type":"ImageObject","inLanguage":"pt-BR","@id":"https:\/\/www.suno.com.br\/noticias\/#\/schema\/person\/image\/","url":"https:\/\/secure.gravatar.com\/avatar\/7571c7c8ca3a6fca5e41384ece5557ff?s=96&r=g","contentUrl":"https:\/\/secure.gravatar.com\/avatar\/7571c7c8ca3a6fca5e41384ece5557ff?s=96&r=g","caption":"Laura Moutinho"},"description":"Estagi\u00e1ria na Suno Not\u00edcias, escreve not\u00edcias que afetam o mercado financeiro. Estuda administra\u00e7\u00e3o na Universidade Presbiteriana Mackenzie.","url":"https:\/\/www.suno.com.br\/noticias\/author\/laura-moutinho\/"}]}},"default_loop_html":"<div class=\"cardsPage__listCard__boxs\"><div class=\"cardsPage__listCard__boxs__img\"><a href=\"https:\/\/www.suno.com.br\/noticias\/dolar-encerra-em-queda-de-049-cotado-em-r-53586-02092020\/\"><img class=\"mask\" src=\"https:\/\/www.suno.com.br\/noticias\/wp-content\/themes\/suno\/resources\/images\/spotlight\/spotlight1img\/bg-mask.png\" alt=\"Image Mask\"\/><img src=\"https:\/\/files.sunoresearch.com.br\/n\/uploads\/2020\/06\/d113226f-d\u00f3lar_1-400x200.webp\" alt=\"D\u00f3lar encerra em queda de 0,49%, cotado em R$ 5,3586\"\/><\/a><span class=\"spotlightCategory\"><a href=\"https:\/\/www.suno.com.br\/noticias\/mercado\/\">Mercado<\/a><\/span><\/div><div class=\"cardsPage__listCard__boxs__content\"><a href=\"https:\/\/www.suno.com.br\/noticias\/dolar-encerra-em-queda-de-049-cotado-em-r-53586-02092020\/\"><h2 class=\"content__title\">D\u00f3lar encerra em queda de 0,49%, cotado em R$ 5,3586<\/h2><\/a><div class=\"newsContent__article__meta\"><div class=\"newsContent__article__meta__authorBox\"><a href=\"https:\/\/www.suno.com.br\/noticias\/author\/laura-moutinho\/\" class=\"authorBox__avatar noMobi\"><img src=\"https:\/\/files.sunoresearch.com.br\/n\/uploads\/2020\/08\/531ff69d-whatsapp-image-2020-08-03-at-14.54.38-150x150.webp\" alt=\"Laura Moutinho\"><\/a><div class=\"authorBox__name\"><span>por\n\t\t\t<a href=\"https:\/\/www.suno.com.br\/noticias\/author\/laura-moutinho\/\"><span itemprop=\"author\">Laura Moutinho<\/span><\/a><\/span><time datetime=\"2020-09-02T17:39:42-03:00\" itemprop=\"datePublished\">02\/09\/2020 17:39<\/time><\/div><\/div><\/div><\/div><\/div>","single_layout":"posts","amp_enabled":true,"_links":{"self":[{"href":"https:\/\/www.suno.com.br\/noticias\/wp-json\/wp\/v2\/posts\/82146"}],"collection":[{"href":"https:\/\/www.suno.com.br\/noticias\/wp-json\/wp\/v2\/posts"}],"about":[{"href":"https:\/\/www.suno.com.br\/noticias\/wp-json\/wp\/v2\/types\/post"}],"author":[{"embeddable":true,"href":"https:\/\/www.suno.com.br\/noticias\/wp-json\/wp\/v2\/users\/39"}],"replies":[{"embeddable":true,"href":"https:\/\/www.suno.com.br\/noticias\/wp-json\/wp\/v2\/comments?post=82146"}],"version-history":[{"count":1,"href":"https:\/\/www.suno.com.br\/noticias\/wp-json\/wp\/v2\/posts\/82146\/revisions"}],"predecessor-version":[{"id":152166,"href":"https:\/\/www.suno.com.br\/noticias\/wp-json\/wp\/v2\/posts\/82146\/revisions\/152166"}],"wp:featuredmedia":[{"embeddable":true,"href":"https:\/\/www.suno.com.br\/noticias\/wp-json\/wp\/v2\/media\/68518"}],"wp:attachment":[{"href":"https:\/\/www.suno.com.br\/noticias\/wp-json\/wp\/v2\/media?parent=82146"}],"wp:term":[{"taxonomy":"category","embeddable":true,"href":"https:\/\/www.suno.com.br\/noticias\/wp-json\/wp\/v2\/categories?post=82146"},{"taxonomy":"post_tag","embeddable":true,"href":"https:\/\/www.suno.com.br\/noticias\/wp-json\/wp\/v2\/tags?post=82146"},{"taxonomy":"suno_strategy","embeddable":true,"href":"https:\/\/www.suno.com.br\/noticias\/wp-json\/wp\/v2\/suno_strategy?post=82146"}],"curies":[{"name":"wp","href":"https:\/\/api.w.org\/{rel}","templated":true}]}}